{"id":2645,"date":"2018-08-26T15:02:11","date_gmt":"2018-08-26T18:02:11","guid":{"rendered":"https:\/\/sindicatodosbancarios.org.br\/?p=2645"},"modified":"2018-08-26T15:02:11","modified_gmt":"2018-08-26T18:02:11","slug":"informe-bancario-066-2018-proposta-da-cef-preve-plr-social-e-manutencao-do-saude-caixa-para-todos","status":"publish","type":"post","link":"https:\/\/sindicatodosbancarios.org.br\/site2022\/2018\/08\/26\/informe-bancario-066-2018-proposta-da-cef-preve-plr-social-e-manutencao-do-saude-caixa-para-todos\/","title":{"rendered":"INFORME BANC\u00c1RIO &#8211; 066 \/ 2018 -PROPOSTA DA CEF PREV\u00ca PLR SOCIAL E MANUTEN\u00c7\u00c3O DO SA\u00daDE CAIXA PARA TODOS"},"content":{"rendered":"<p>Em reuni\u00e3o com a Comiss\u00e3o Executiva Banc\u00e1ria Nacional de Negocia\u00e7\u00e3o \u2013 CEBNN\/CONTEC neste s\u00e1bado (25\/08\/18), a FENABAN apresenta nova contraproposta de reajuste de 5% e garantia de todos os direitos, inclusive aos hipersuficientes, (Aumento real de 1,18% sobre uma infla\u00e7\u00e3o do INPC projetada em 3,78%) para sal\u00e1rios e demais verbas, al\u00e9m da renova\u00e7\u00e3o da Conven\u00e7\u00e3o Coletiva de Trabalho (CCT) revisando, com garantia de manuten\u00e7\u00e3o de todos os direitos, v\u00e1lida para os Empregados de Bancos P\u00fablicos e Privados.<\/p>\n<p>Essa garantia \u00e9 fundamental diante da Lei Trabalhista que amea\u00e7a conquistas hist\u00f3ricas dos trabalhadores. A oferta \u00e9 para assinatura do acordo com validade de dois anos.<\/p>\n<p>CONFIRA ALGUNS PONTOS DA CONTRAPROPOSTA APRESENTADA NA NOITE DE S\u00c1BADO:<\/p>\n<p>\u2022PLR integral para banc\u00e1rias em licen\u00e7a-maternidade e afastados por doen\u00e7a ou acidente;<br \/>\n\u2022Garante o parcelamento do adiantamento de f\u00e9rias em tr\u00eas vezes, a pedido do empregado; \u2022Mant\u00e9m o sal\u00e1rio substituto; \u2022Cl\u00e1usula do vale-transporte volta a ser a conquista da categoria de 4% de desconto sobre o sal\u00e1rio base; \u2022Garantia da cl\u00e1usula do adicional de insalubridade e periculosidade; \u2022Manuten\u00e7\u00e3o do vale-cultura.<\/p>\n<p>Com essa proposta, reajustes e direitos est\u00e3o garantidos inclusive para os hipersuficientes (Banc\u00e1rios com sal\u00e1rios superiores a R$ 11.291,60).<\/p>\n<p>A proposta prev\u00ea, ainda, acordo com validade de 02 (Dois) anos, j\u00e1 garantida para 2019 a manuten\u00e7\u00e3o de todos os direitos, al\u00e9m da reposi\u00e7\u00e3o total da infla\u00e7\u00e3o (INPC) mais 1% de aumento real para sal\u00e1rios e demais verbas.<\/p>\n<p>TODOS OS DIREITOS EST\u00c3O GARANTIDOS APRESENTADA NESTA NOITE DE S\u00c1BADO:<\/p>\n<p>\u2022Volta a PLR integral para Banc\u00e1rias em Licen\u00e7a-maternidade e afastados por Doen\u00e7a ou Acidente;<br \/>\n\u2022Garante o parcelamento do adiantamento de F\u00e9rias em tr\u00eas vezes, a pedido do empregado;<br \/>\n\u2022Mant\u00e9m todos os Direito da CCT ao Hipersuficiente (quem ganha mais de R$ 11.291,60);<br \/>\n\u2022Mant\u00e9m o direito ao adiantamento emergencial para quem tem recurso ao INSS por 120 dias;<br \/>\n\u2022Realiza\u00e7\u00e3o do terceiro Censo da Diversidade, levantamento fundamental sobre o perfil da categoria para a promo\u00e7\u00e3o da igualdade de oportunidades;<br \/>\n\u2022Est\u00e1 mantida a proibi\u00e7\u00e3o da Divulga\u00e7\u00e3o de Ranking Individual, prevista na CCT, conquistada pela categoria como forma de reduzir a press\u00e3o por metas;<br \/>\n\u2022Banc\u00e1rio demitido n\u00e3o precisar\u00e1 mais requerer o pagamento da PLR proporcional se tiver conta corrente ativa no Banco; os demais ter\u00e3o prazo para solicitar o pagamento; \u2022Mant\u00e9mo sal\u00e1rio substituto;<br \/>\n\u2022Cl\u00e1usula do vale-transporte volta a ser a conquista da categoria de 4% de desconto sobre osal\u00e1rio base;<br \/>\n\u2022Os Banc\u00e1rios e Bancarias ter\u00e3o at\u00e9 30 dias para apresentar o recibo para reembolso doaux\u00edlio-creche; os Bancos queriam que esse prazo fosse menor, de 10 dias;<br \/>\n\u2022Volta a Cl\u00e1usula que previa adicional de insalubridade e periculosidade;<br \/>\n\u2022 Hor\u00e1rio de almo\u00e7o poder\u00e1 ser flexibilizado de 15 minutos para 30 minutos na jornada de seis horas (exceto para Teleatendimento e Telemarketing);<br \/>\n\u2022Mant\u00e9m o vale-cultura conforme queriam os trabalhadores, para que o direito esteja garantido caso o governo retome o programa.<br \/>\n<span style=\"font-size: 8pt;\">fonte:seebjgs<\/span><\/p>\n","protected":false},"excerpt":{"rendered":"<p>Em reuni\u00e3o com a Comiss\u00e3o Executiva Banc\u00e1ria Nacional de Negocia\u00e7\u00e3o \u2013 CEBNN\/CONTEC neste s\u00e1bado (25\/08\/18), a FENABAN apresenta [&hellip;]<\/p>\n","protected":false},"author":2,"featured_media":2455,"comment_status":"open","ping_status":"open","sticky":false,"template":"","format":"standard","meta":{"jetpack_post_was_ever_published":false,"jetpack_publicize_message":"","jetpack_is_tweetstorm":false,"jetpack_publicize_feature_enabled":true,"jetpack_social_post_already_shared":true,"jetpack_social_options":[]},"categories":[1],"tags":[],"jetpack_publicize_connections":[],"acf":[],"yoast_head":"<!-- This site is optimized with the Yoast SEO plugin v19.14 - https:\/\/yoast.com\/wordpress\/plugins\/seo\/ -->\n<title>INFORME BANC\u00c1RIO - 066 \/ 2018 -PROPOSTA DA CEF PREV\u00ca PLR SOCIAL E MANUTEN\u00c7\u00c3O DO SA\u00daDE CAIXA PARA TODOS - Sindicato dos Banc\u00e1rios de S\u00e3o Bento do Sul e Regi\u00e3o<\/title>\n<meta name=\"robots\" content=\"index, follow, max-snippet:-1, max-image-preview:large, max-video-preview:-1\" \/>\n<link rel=\"canonical\" href=\"https:\/\/sindicatodosbancarios.org.br\/site2022\/2018\/08\/26\/informe-bancario-066-2018-proposta-da-cef-preve-plr-social-e-manutencao-do-saude-caixa-para-todos\/\" \/>\n<meta property=\"og:locale\" content=\"pt_BR\" \/>\n<meta property=\"og:type\" content=\"article\" \/>\n<meta property=\"og:title\" content=\"INFORME BANC\u00c1RIO - 066 \/ 2018 -PROPOSTA DA CEF PREV\u00ca PLR SOCIAL E MANUTEN\u00c7\u00c3O DO SA\u00daDE CAIXA PARA TODOS - Sindicato dos Banc\u00e1rios de S\u00e3o Bento do Sul e Regi\u00e3o\" \/>\n<meta property=\"og:description\" content=\"Em reuni\u00e3o com a Comiss\u00e3o Executiva Banc\u00e1ria Nacional de Negocia\u00e7\u00e3o \u2013 CEBNN\/CONTEC neste s\u00e1bado (25\/08\/18), a FENABAN apresenta [&hellip;]\" \/>\n<meta property=\"og:url\" content=\"https:\/\/sindicatodosbancarios.org.br\/site2022\/2018\/08\/26\/informe-bancario-066-2018-proposta-da-cef-preve-plr-social-e-manutencao-do-saude-caixa-para-todos\/\" \/>\n<meta property=\"og:site_name\" content=\"Sindicato dos Banc\u00e1rios de S\u00e3o Bento do Sul e Regi\u00e3o\" \/>\n<meta property=\"article:author\" content=\"https:\/\/www.facebook.com\/seeb.sbs.9\" \/>\n<meta property=\"article:published_time\" content=\"2018-08-26T18:02:11+00:00\" \/>\n<meta property=\"og:image\" content=\"https:\/\/sindicatodosbancarios.org.br\/site2022\/wp-content\/uploads\/2018\/03\/acordo-preve-pagamento-da-plr-da-caixa-ate-o-dia-31_ff054e538eda7f1699c15d455ee2018.jpg\" \/>\n\t<meta property=\"og:image:width\" content=\"700\" \/>\n\t<meta property=\"og:image:height\" content=\"302\" \/>\n\t<meta property=\"og:image:type\" content=\"image\/jpeg\" \/>\n<meta name=\"author\" content=\"Sindicato dos Banc\u00e1rios S\u00e3o Bento do Sul e Regi\u00e3o\" \/>\n<meta name=\"twitter:card\" content=\"summary_large_image\" \/>\n<meta name=\"twitter:label1\" content=\"Escrito por\" \/>\n\t<meta name=\"twitter:data1\" content=\"Sindicato dos Banc\u00e1rios S\u00e3o Bento do Sul e Regi\u00e3o\" \/>\n\t<meta name=\"twitter:label2\" content=\"Est. tempo de leitura\" \/>\n\t<meta name=\"twitter:data2\" content=\"3 minutos\" \/>\n<script type=\"application\/ld+json\" class=\"yoast-schema-graph\">{\"@context\":\"https:\/\/schema.org\",\"@graph\":[{\"@type\":\"Article\",\"@id\":\"https:\/\/sindicatodosbancarios.org.br\/site2022\/2018\/08\/26\/informe-bancario-066-2018-proposta-da-cef-preve-plr-social-e-manutencao-do-saude-caixa-para-todos\/#article\",\"isPartOf\":{\"@id\":\"https:\/\/sindicatodosbancarios.org.br\/site2022\/2018\/08\/26\/informe-bancario-066-2018-proposta-da-cef-preve-plr-social-e-manutencao-do-saude-caixa-para-todos\/\"},\"author\":{\"name\":\"Sindicato dos Banc\u00e1rios S\u00e3o Bento do Sul e Regi\u00e3o\",\"@id\":\"https:\/\/sindicatodosbancarios.org.br\/site2022\/#\/schema\/person\/a7d92da77d1084df4d28b57962f1e1bd\"},\"headline\":\"INFORME BANC\u00c1RIO &#8211; 066 \/ 2018 -PROPOSTA DA CEF PREV\u00ca PLR SOCIAL E MANUTEN\u00c7\u00c3O DO SA\u00daDE CAIXA PARA TODOS\",\"datePublished\":\"2018-08-26T18:02:11+00:00\",\"dateModified\":\"2018-08-26T18:02:11+00:00\",\"mainEntityOfPage\":{\"@id\":\"https:\/\/sindicatodosbancarios.org.br\/site2022\/2018\/08\/26\/informe-bancario-066-2018-proposta-da-cef-preve-plr-social-e-manutencao-do-saude-caixa-para-todos\/\"},\"wordCount\":529,\"commentCount\":0,\"publisher\":{\"@id\":\"https:\/\/sindicatodosbancarios.org.br\/site2022\/#organization\"},\"articleSection\":[\"Geral\"],\"inLanguage\":\"pt-BR\",\"potentialAction\":[{\"@type\":\"CommentAction\",\"name\":\"Comment\",\"target\":[\"https:\/\/sindicatodosbancarios.org.br\/site2022\/2018\/08\/26\/informe-bancario-066-2018-proposta-da-cef-preve-plr-social-e-manutencao-do-saude-caixa-para-todos\/#respond\"]}]},{\"@type\":\"WebPage\",\"@id\":\"https:\/\/sindicatodosbancarios.org.br\/site2022\/2018\/08\/26\/informe-bancario-066-2018-proposta-da-cef-preve-plr-social-e-manutencao-do-saude-caixa-para-todos\/\",\"url\":\"https:\/\/sindicatodosbancarios.org.br\/site2022\/2018\/08\/26\/informe-bancario-066-2018-proposta-da-cef-preve-plr-social-e-manutencao-do-saude-caixa-para-todos\/\",\"name\":\"INFORME BANC\u00c1RIO - 066 \/ 2018 -PROPOSTA DA CEF PREV\u00ca PLR SOCIAL E MANUTEN\u00c7\u00c3O DO SA\u00daDE CAIXA PARA TODOS - Sindicato dos Banc\u00e1rios de S\u00e3o Bento do Sul e Regi\u00e3o\",\"isPartOf\":{\"@id\":\"https:\/\/sindicatodosbancarios.org.br\/site2022\/#website\"},\"datePublished\":\"2018-08-26T18:02:11+00:00\",\"dateModified\":\"2018-08-26T18:02:11+00:00\",\"breadcrumb\":{\"@id\":\"https:\/\/sindicatodosbancarios.org.br\/site2022\/2018\/08\/26\/informe-bancario-066-2018-proposta-da-cef-preve-plr-social-e-manutencao-do-saude-caixa-para-todos\/#breadcrumb\"},\"inLanguage\":\"pt-BR\",\"potentialAction\":[{\"@type\":\"ReadAction\",\"target\":[\"https:\/\/sindicatodosbancarios.org.br\/site2022\/2018\/08\/26\/informe-bancario-066-2018-proposta-da-cef-preve-plr-social-e-manutencao-do-saude-caixa-para-todos\/\"]}]},{\"@type\":\"BreadcrumbList\",\"@id\":\"https:\/\/sindicatodosbancarios.org.br\/site2022\/2018\/08\/26\/informe-bancario-066-2018-proposta-da-cef-preve-plr-social-e-manutencao-do-saude-caixa-para-todos\/#breadcrumb\",\"itemListElement\":[{\"@type\":\"ListItem\",\"position\":1,\"name\":\"In\u00edcio\",\"item\":\"https:\/\/sindicatodosbancarios.org.br\/site2022\/\"},{\"@type\":\"ListItem\",\"position\":2,\"name\":\"INFORME BANC\u00c1RIO &#8211; 066 \/ 2018 -PROPOSTA DA CEF PREV\u00ca PLR SOCIAL E MANUTEN\u00c7\u00c3O DO SA\u00daDE CAIXA PARA TODOS\"}]},{\"@type\":\"WebSite\",\"@id\":\"https:\/\/sindicatodosbancarios.org.br\/site2022\/#website\",\"url\":\"https:\/\/sindicatodosbancarios.org.br\/site2022\/\",\"name\":\"Sindicato dos Banc\u00e1rios de S\u00e3o Bento do Sul e Regi\u00e3o\",\"description\":\"Website institucional do Sindicato dos Banc\u00e1rios de S\u00e3o Bento do Sul e Regi\u00e3o\",\"publisher\":{\"@id\":\"https:\/\/sindicatodosbancarios.org.br\/site2022\/#organization\"},\"potentialAction\":[{\"@type\":\"SearchAction\",\"target\":{\"@type\":\"EntryPoint\",\"urlTemplate\":\"https:\/\/sindicatodosbancarios.org.br\/site2022\/?s={search_term_string}\"},\"query-input\":\"required name=search_term_string\"}],\"inLanguage\":\"pt-BR\"},{\"@type\":\"Organization\",\"@id\":\"https:\/\/sindicatodosbancarios.org.br\/site2022\/#organization\",\"name\":\"Sindicato dos Banc\u00e1rios de S\u00e3o Bento do Sul e Regi\u00e3o\",\"url\":\"https:\/\/sindicatodosbancarios.org.br\/site2022\/\",\"logo\":{\"@type\":\"ImageObject\",\"inLanguage\":\"pt-BR\",\"@id\":\"https:\/\/sindicatodosbancarios.org.br\/site2022\/#\/schema\/logo\/image\/\",\"url\":\"https:\/\/sindicatodosbancarios.org.br\/site2022\/wp-content\/uploads\/2017\/06\/cropped-logo-2.png\",\"contentUrl\":\"https:\/\/sindicatodosbancarios.org.br\/site2022\/wp-content\/uploads\/2017\/06\/cropped-logo-2.png\",\"width\":292,\"height\":292,\"caption\":\"Sindicato dos Banc\u00e1rios de S\u00e3o Bento do Sul e Regi\u00e3o\"},\"image\":{\"@id\":\"https:\/\/sindicatodosbancarios.org.br\/site2022\/#\/schema\/logo\/image\/\"}},{\"@type\":\"Person\",\"@id\":\"https:\/\/sindicatodosbancarios.org.br\/site2022\/#\/schema\/person\/a7d92da77d1084df4d28b57962f1e1bd\",\"name\":\"Sindicato dos Banc\u00e1rios S\u00e3o Bento do Sul e Regi\u00e3o\",\"image\":{\"@type\":\"ImageObject\",\"inLanguage\":\"pt-BR\",\"@id\":\"https:\/\/sindicatodosbancarios.org.br\/site2022\/#\/schema\/person\/image\/\",\"url\":\"https:\/\/secure.gravatar.com\/avatar\/f1d1a06f698f2345352e539387180d42?s=96&d=mm&r=g\",\"contentUrl\":\"https:\/\/secure.gravatar.com\/avatar\/f1d1a06f698f2345352e539387180d42?s=96&d=mm&r=g\",\"caption\":\"Sindicato dos Banc\u00e1rios S\u00e3o Bento do Sul e Regi\u00e3o\"},\"sameAs\":[\"http:\/\/sindicatodosbancarios.org.br\/site2022\/\",\"https:\/\/www.facebook.com\/seeb.sbs.9\"],\"url\":\"https:\/\/sindicatodosbancarios.org.br\/site2022\/author\/sindicatodosbancarios\/\"}]}<\/script>\n<!-- \/ Yoast SEO plugin. -->","yoast_head_json":{"title":"INFORME BANC\u00c1RIO - 066 \/ 2018 -PROPOSTA DA CEF PREV\u00ca PLR SOCIAL E MANUTEN\u00c7\u00c3O DO SA\u00daDE CAIXA PARA TODOS - Sindicato dos Banc\u00e1rios de S\u00e3o Bento do Sul e Regi\u00e3o","robots":{"index":"index","follow":"follow","max-snippet":"max-snippet:-1","max-image-preview":"max-image-preview:large","max-video-preview":"max-video-preview:-1"},"canonical":"https:\/\/sindicatodosbancarios.org.br\/site2022\/2018\/08\/26\/informe-bancario-066-2018-proposta-da-cef-preve-plr-social-e-manutencao-do-saude-caixa-para-todos\/","og_locale":"pt_BR","og_type":"article","og_title":"INFORME BANC\u00c1RIO - 066 \/ 2018 -PROPOSTA DA CEF PREV\u00ca PLR SOCIAL E MANUTEN\u00c7\u00c3O DO SA\u00daDE CAIXA PARA TODOS - Sindicato dos Banc\u00e1rios de S\u00e3o Bento do Sul e Regi\u00e3o","og_description":"Em reuni\u00e3o com a Comiss\u00e3o Executiva Banc\u00e1ria Nacional de Negocia\u00e7\u00e3o \u2013 CEBNN\/CONTEC neste s\u00e1bado (25\/08\/18), a FENABAN apresenta [&hellip;]","og_url":"https:\/\/sindicatodosbancarios.org.br\/site2022\/2018\/08\/26\/informe-bancario-066-2018-proposta-da-cef-preve-plr-social-e-manutencao-do-saude-caixa-para-todos\/","og_site_name":"Sindicato dos Banc\u00e1rios de S\u00e3o Bento do Sul e Regi\u00e3o","article_author":"https:\/\/www.facebook.com\/seeb.sbs.9","article_published_time":"2018-08-26T18:02:11+00:00","og_image":[{"width":700,"height":302,"url":"https:\/\/sindicatodosbancarios.org.br\/site2022\/wp-content\/uploads\/2018\/03\/acordo-preve-pagamento-da-plr-da-caixa-ate-o-dia-31_ff054e538eda7f1699c15d455ee2018.jpg","type":"image\/jpeg"}],"author":"Sindicato dos Banc\u00e1rios S\u00e3o Bento do Sul e Regi\u00e3o","twitter_card":"summary_large_image","twitter_misc":{"Escrito por":"Sindicato dos Banc\u00e1rios S\u00e3o Bento do Sul e Regi\u00e3o","Est. tempo de leitura":"3 minutos"},"schema":{"@context":"https:\/\/schema.org","@graph":[{"@type":"Article","@id":"https:\/\/sindicatodosbancarios.org.br\/site2022\/2018\/08\/26\/informe-bancario-066-2018-proposta-da-cef-preve-plr-social-e-manutencao-do-saude-caixa-para-todos\/#article","isPartOf":{"@id":"https:\/\/sindicatodosbancarios.org.br\/site2022\/2018\/08\/26\/informe-bancario-066-2018-proposta-da-cef-preve-plr-social-e-manutencao-do-saude-caixa-para-todos\/"},"author":{"name":"Sindicato dos Banc\u00e1rios S\u00e3o Bento do Sul e Regi\u00e3o","@id":"https:\/\/sindicatodosbancarios.org.br\/site2022\/#\/schema\/person\/a7d92da77d1084df4d28b57962f1e1bd"},"headline":"INFORME BANC\u00c1RIO &#8211; 066 \/ 2018 -PROPOSTA DA CEF PREV\u00ca PLR SOCIAL E MANUTEN\u00c7\u00c3O DO SA\u00daDE CAIXA PARA TODOS","datePublished":"2018-08-26T18:02:11+00:00","dateModified":"2018-08-26T18:02:11+00:00","mainEntityOfPage":{"@id":"https:\/\/sindicatodosbancarios.org.br\/site2022\/2018\/08\/26\/informe-bancario-066-2018-proposta-da-cef-preve-plr-social-e-manutencao-do-saude-caixa-para-todos\/"},"wordCount":529,"commentCount":0,"publisher":{"@id":"https:\/\/sindicatodosbancarios.org.br\/site2022\/#organization"},"articleSection":["Geral"],"inLanguage":"pt-BR","potentialAction":[{"@type":"CommentAction","name":"Comment","target":["https:\/\/sindicatodosbancarios.org.br\/site2022\/2018\/08\/26\/informe-bancario-066-2018-proposta-da-cef-preve-plr-social-e-manutencao-do-saude-caixa-para-todos\/#respond"]}]},{"@type":"WebPage","@id":"https:\/\/sindicatodosbancarios.org.br\/site2022\/2018\/08\/26\/informe-bancario-066-2018-proposta-da-cef-preve-plr-social-e-manutencao-do-saude-caixa-para-todos\/","url":"https:\/\/sindicatodosbancarios.org.br\/site2022\/2018\/08\/26\/informe-bancario-066-2018-proposta-da-cef-preve-plr-social-e-manutencao-do-saude-caixa-para-todos\/","name":"INFORME BANC\u00c1RIO - 066 \/ 2018 -PROPOSTA DA CEF PREV\u00ca PLR SOCIAL E MANUTEN\u00c7\u00c3O DO SA\u00daDE CAIXA PARA TODOS - Sindicato dos Banc\u00e1rios de S\u00e3o Bento do Sul e Regi\u00e3o","isPartOf":{"@id":"https:\/\/sindicatodosbancarios.org.br\/site2022\/#website"},"datePublished":"2018-08-26T18:02:11+00:00","dateModified":"2018-08-26T18:02:11+00:00","breadcrumb":{"@id":"https:\/\/sindicatodosbancarios.org.br\/site2022\/2018\/08\/26\/informe-bancario-066-2018-proposta-da-cef-preve-plr-social-e-manutencao-do-saude-caixa-para-todos\/#breadcrumb"},"inLanguage":"pt-BR","potentialAction":[{"@type":"ReadAction","target":["https:\/\/sindicatodosbancarios.org.br\/site2022\/2018\/08\/26\/informe-bancario-066-2018-proposta-da-cef-preve-plr-social-e-manutencao-do-saude-caixa-para-todos\/"]}]},{"@type":"BreadcrumbList","@id":"https:\/\/sindicatodosbancarios.org.br\/site2022\/2018\/08\/26\/informe-bancario-066-2018-proposta-da-cef-preve-plr-social-e-manutencao-do-saude-caixa-para-todos\/#breadcrumb","itemListElement":[{"@type":"ListItem","position":1,"name":"In\u00edcio","item":"https:\/\/sindicatodosbancarios.org.br\/site2022\/"},{"@type":"ListItem","position":2,"name":"INFORME BANC\u00c1RIO &#8211; 066 \/ 2018 -PROPOSTA DA CEF PREV\u00ca PLR SOCIAL E MANUTEN\u00c7\u00c3O DO SA\u00daDE CAIXA PARA TODOS"}]},{"@type":"WebSite","@id":"https:\/\/sindicatodosbancarios.org.br\/site2022\/#website","url":"https:\/\/sindicatodosbancarios.org.br\/site2022\/","name":"Sindicato dos Banc\u00e1rios de S\u00e3o Bento do Sul e Regi\u00e3o","description":"Website institucional do Sindicato dos Banc\u00e1rios de S\u00e3o Bento do Sul e Regi\u00e3o","publisher":{"@id":"https:\/\/sindicatodosbancarios.org.br\/site2022\/#organization"},"potentialAction":[{"@type":"SearchAction","target":{"@type":"EntryPoint","urlTemplate":"https:\/\/sindicatodosbancarios.org.br\/site2022\/?s={search_term_string}"},"query-input":"required name=search_term_string"}],"inLanguage":"pt-BR"},{"@type":"Organization","@id":"https:\/\/sindicatodosbancarios.org.br\/site2022\/#organization","name":"Sindicato dos Banc\u00e1rios de S\u00e3o Bento do Sul e Regi\u00e3o","url":"https:\/\/sindicatodosbancarios.org.br\/site2022\/","logo":{"@type":"ImageObject","inLanguage":"pt-BR","@id":"https:\/\/sindicatodosbancarios.org.br\/site2022\/#\/schema\/logo\/image\/","url":"https:\/\/sindicatodosbancarios.org.br\/site2022\/wp-content\/uploads\/2017\/06\/cropped-logo-2.png","contentUrl":"https:\/\/sindicatodosbancarios.org.br\/site2022\/wp-content\/uploads\/2017\/06\/cropped-logo-2.png","width":292,"height":292,"caption":"Sindicato dos Banc\u00e1rios de S\u00e3o Bento do Sul e Regi\u00e3o"},"image":{"@id":"https:\/\/sindicatodosbancarios.org.br\/site2022\/#\/schema\/logo\/image\/"}},{"@type":"Person","@id":"https:\/\/sindicatodosbancarios.org.br\/site2022\/#\/schema\/person\/a7d92da77d1084df4d28b57962f1e1bd","name":"Sindicato dos Banc\u00e1rios S\u00e3o Bento do Sul e Regi\u00e3o","image":{"@type":"ImageObject","inLanguage":"pt-BR","@id":"https:\/\/sindicatodosbancarios.org.br\/site2022\/#\/schema\/person\/image\/","url":"https:\/\/secure.gravatar.com\/avatar\/f1d1a06f698f2345352e539387180d42?s=96&d=mm&r=g","contentUrl":"https:\/\/secure.gravatar.com\/avatar\/f1d1a06f698f2345352e539387180d42?s=96&d=mm&r=g","caption":"Sindicato dos Banc\u00e1rios S\u00e3o Bento do Sul e Regi\u00e3o"},"sameAs":["http:\/\/sindicatodosbancarios.org.br\/site2022\/","https:\/\/www.facebook.com\/seeb.sbs.9"],"url":"https:\/\/sindicatodosbancarios.org.br\/site2022\/author\/sindicatodosbancarios\/"}]}},"jetpack_featured_media_url":"https:\/\/sindicatodosbancarios.org.br\/site2022\/wp-content\/uploads\/2018\/03\/acordo-preve-pagamento-da-plr-da-caixa-ate-o-dia-31_ff054e538eda7f1699c15d455ee2018.jpg","jetpack_sharing_enabled":true,"jetpack_shortlink":"https:\/\/wp.me\/p8RSbI-GF","jetpack-related-posts":[{"id":4377,"url":"https:\/\/sindicatodosbancarios.org.br\/site2022\/2020\/08\/29\/informe-bancario-320-2020-proposta-avanca-reajuste-de-15-com-abono-de-r-2-mil\/","url_meta":{"origin":2645,"position":0},"title":"INFORME BANC\u00c1RIO \u2013 320\/2020 PROPOSTA AVAN\u00c7A: REAJUSTE DE 1,5% COM ABONO DE R$ 2 MIL","date":"29 de agosto de 2020","format":false,"excerpt":"FENABAN garante tamb\u00e9m, para 2021, reposi\u00e7\u00e3o da infla\u00e7\u00e3o mais aumento real de 0,5% para sal\u00e1rios e demais verbas; al\u00e9m da manuten\u00e7\u00e3o de todas as Cl\u00e1usula da CCT por Dois (02) anos e da PLR nos moldes atuais, com reposi\u00e7\u00e3o da infla\u00e7\u00e3o nos valores fixos e tetos. Os Bancos, que em\u2026","rel":"","context":"Em &quot;Banco do Brasil&quot;","img":{"alt_text":"","src":"https:\/\/i0.wp.com\/spbancarios.com.br\/sites\/default\/files\/images\/tabela%20salarios.jpeg?resize=350%2C200&ssl=1","width":350,"height":200},"classes":[]},{"id":4419,"url":"https:\/\/sindicatodosbancarios.org.br\/site2022\/2020\/09\/02\/informe-bancario-323-2020-bancarios-do-itau-recebem-pcr-no-mesmo-dia-da-plr\/","url_meta":{"origin":2645,"position":1},"title":"INFORME BANC\u00c1RIO \u2013 323\/2020 BANC\u00c1RIOS DO ITA\u00da RECEBEM PCR NO MESMO DIA DA PLR","date":"2 de setembro de 2020","format":false,"excerpt":"O Movimento Sindical Banc\u00e1rio vai procurar o Banco Ita\u00fa Unibanco SA para negociar o PCR de 2021 e de 2022.\u00a0Os Banc\u00e1rios do Banco Ita\u00fa Unibanco SA receber\u00e3o o pagamento do Programa Complementar de Resultados (PCR) no mesmo dia que for paga a Participa\u00e7\u00e3o nos Lucros e Resultados (PLR). O valor\u2026","rel":"","context":"Em &quot;Geral&quot;","img":{"alt_text":"","src":"https:\/\/i0.wp.com\/sindicatodosbancarios.org.br\/site2022\/wp-content\/uploads\/2020\/07\/itaushutter_77004.jpg?resize=350%2C200&ssl=1","width":350,"height":200},"classes":[]},{"id":5620,"url":"https:\/\/sindicatodosbancarios.org.br\/site2022\/2021\/08\/19\/informe-bancario-194-2021-sindicato-dos-bancarios-garante-manutencao-de-beneficios-aumento-real-e-plr\/","url_meta":{"origin":2645,"position":2},"title":"INFORME BANC\u00c1RIO \u2013 194\/2021 SINDICATO DOS BANC\u00c1RIOS GARANTE MANUTEN\u00c7\u00c3O DE BENEF\u00cdCIOS, AUMENTO REAL E PLR","date":"19 de agosto de 2021","format":false,"excerpt":"RESSALTADO QUE OS BANQUEIROS QUERIAM REDUZIR BENEF\u00cdCIOS, USANDO A JUSTIFICATIVA DA PANDEMIA DE COVID-19. Na Campanha Nacional 2020, a categoria banc\u00e1ria garantiu a manuten\u00e7\u00e3o de todos os direitos da Conven\u00e7\u00e3o Coletiva de Trabalho (CCT) e dos acordos espec\u00edficos com os bancos p\u00fablicos. Com isso, est\u00e1 assegurado o pagamento da Participa\u00e7\u00e3o\u2026","rel":"","context":"Em &quot;Geral&quot;","img":{"alt_text":"","src":"https:\/\/i0.wp.com\/sindicatodosbancarios.org.br\/site2022\/wp-content\/uploads\/2021\/08\/DESTQUE_shutterstock_1035216352-768x512.jpg?resize=350%2C200&ssl=1","width":350,"height":200},"classes":[]},{"id":4375,"url":"https:\/\/sindicatodosbancarios.org.br\/site2022\/2020\/08\/29\/informe-bancario-319-2020-resultado-reuniao-bb-28-08-20-bb-recua-na-retirada-de-direitos\/","url_meta":{"origin":2645,"position":3},"title":"INFORME BANC\u00c1RIO \u2013 319\/2020 RESULTADO REUNI\u00c3O BB 28\/08\/20 \u2013 BB RECUA NA RETIRADA DE DIREITOS","date":"29 de agosto de 2020","format":false,"excerpt":"Press\u00e3o do Movimento Sindical Banc\u00e1rio e Mobiliza\u00e7\u00e3o dos Banc\u00e1rios fez Dire\u00e7\u00e3o do BB voltar atr\u00e1s na redu\u00e7\u00e3o do valor da PLR e na mudan\u00e7a dos ciclos avaliat\u00f3rios para descomissionamento na GDP; Comando Nacional dos Banc\u00e1rios indica aprova\u00e7\u00e3o da proposta. Com a participa\u00e7\u00e3o de representantes das Federa\u00e7\u00f5es filiadas, ocasi\u00e3o em que\u2026","rel":"","context":"Em &quot;Banco do Brasil&quot;","img":{"alt_text":"","src":"https:\/\/i0.wp.com\/sindicatodosbancarios.org.br\/site2022\/wp-content\/uploads\/2020\/08\/concurso-pu\u0301blico-bb-cursodememorizac\u0327a\u0303o-2.jpg?resize=350%2C200&ssl=1","width":350,"height":200},"classes":[]},{"id":4369,"url":"https:\/\/sindicatodosbancarios.org.br\/site2022\/2020\/08\/28\/informe-bancario-318-2020-resultado-reuniao-cef-de-27-08-20-campanha-salarial-dos-bancarios-2020\/","url_meta":{"origin":2645,"position":4},"title":"INFORME BANC\u00c1RIO \u2013 318\/2020 RESULTADO REUNI\u00c3O CEF DE 27\/08\/20 &#8211; CAMPANHA SALARIAL DOS BANC\u00c1RIOS 2020","date":"28 de agosto de 2020","format":false,"excerpt":"Banco garantiu propor\u00e7\u00e3o 70\/30 no modelo de custeio do Sa\u00fade Caixa at\u00e9 outubro de 2021 e inclus\u00e3o de novos contratados, mas individualiza mensalidade e teto de coparticipa\u00e7\u00e3o, al\u00e9m de n\u00e3o apresentar proposta de PLR Social e demais cl\u00e1usulas sociais;\u00a0Nova negocia\u00e7\u00e3o acontece nesta sexta 28, \u00e0s 10h. Os empregados da Caixa\u2026","rel":"","context":"Em &quot;Caixa Econ\u00f4mica Federal&quot;","img":{"alt_text":"","src":"https:\/\/i0.wp.com\/sindicatodosbancarios.org.br\/site2022\/wp-content\/uploads\/2020\/06\/69k7312phlkcv3tvs4wgnt66p.jpg?resize=350%2C200&ssl=1","width":350,"height":200},"classes":[]},{"id":4333,"url":"https:\/\/sindicatodosbancarios.org.br\/site2022\/2020\/08\/24\/informe-bancario-312-2020-campanha-salarial-dos-bancarios-2020-10a-reuniao-realizada-neste-sabado-22-8\/","url_meta":{"origin":2645,"position":5},"title":"INFORME BANC\u00c1RIO \u2013 312\/2020 CAMPANHA SALARIAL DOS BANC\u00c1RIOS 2020 \u2013 10\u00aa Reuni\u00e3o realizada neste s\u00e1bado (22\/8)","date":"24 de agosto de 2020","format":false,"excerpt":"A\u00a0Comiss\u00e3o\u00a0Nacional\u00a0de Negocia\u00e7\u00e3o da\u00a0CONTEC\u00a0realizou\u00a0\u2013 via remota\/virtual \u2013,\u00a0voltou a se reunir\u00a0com\u00a0a\u00a0Comiss\u00e3o de Negocia\u00e7\u00e3o da\u00a0FENABAN,\u00a0a\u00a0partir das 15\u00a0horas\u00a0deste s\u00e1bado,\u00a0para\u00a0debater\u00a0as reivindica\u00e7\u00f5es dos\u00a0banc\u00e1rios\u00a0para a presente data-base,\u00a0insistindo na\u00a0manuten\u00e7\u00e3o dos\u00a0direitos\u00a0convencionados\u00a0e\u00a0acr\u00e9scimo de\u00a0outros benef\u00edcios \u00e0\u00a0Conven\u00e7\u00e3o\u00a0Coletiva de\u00a0Trabalho, com objetivo de\u00a0melhorar a\u00a0qualidade de vida\u00a0dos\u00a0banc\u00e1rios\u00a0e\u00a0o\u00a0bom\u00a0atendimento da sociedade. A reuni\u00e3o teve in\u00edcio com a\u00a0cobran\u00e7a\u00a0pela Comiss\u00e3o Executiva\u00a0Banc\u00e1ria\u00a0Nacional de Negocia\u00e7\u00e3o (CEBNN\/CONTEC)\u00a0de resposta da\u00a0Comiss\u00e3o de Negocia\u00e7\u00e3o da\u2026","rel":"","context":"Em &quot;Banco do Brasil&quot;","img":{"alt_text":"","src":"https:\/\/i0.wp.com\/sindicatodosbancarios.org.br\/site2022\/wp-content\/uploads\/2020\/08\/WhatsApp-Image-2020-08-20-at-20.32.35.jpeg?resize=350%2C200&ssl=1","width":350,"height":200},"classes":[]}],"_links":{"self":[{"href":"https:\/\/sindicatodosbancarios.org.br\/site2022\/wp-json\/wp\/v2\/posts\/2645"}],"collection":[{"href":"https:\/\/sindicatodosbancarios.org.br\/site2022\/wp-json\/wp\/v2\/posts"}],"about":[{"href":"https:\/\/sindicatodosbancarios.org.br\/site2022\/wp-json\/wp\/v2\/types\/post"}],"author":[{"embeddable":true,"href":"https:\/\/sindicatodosbancarios.org.br\/site2022\/wp-json\/wp\/v2\/users\/2"}],"replies":[{"embeddable":true,"href":"https:\/\/sindicatodosbancarios.org.br\/site2022\/wp-json\/wp\/v2\/comments?post=2645"}],"version-history":[{"count":1,"href":"https:\/\/sindicatodosbancarios.org.br\/site2022\/wp-json\/wp\/v2\/posts\/2645\/revisions"}],"predecessor-version":[{"id":2646,"href":"https:\/\/sindicatodosbancarios.org.br\/site2022\/wp-json\/wp\/v2\/posts\/2645\/revisions\/2646"}],"wp:featuredmedia":[{"embeddable":true,"href":"https:\/\/sindicatodosbancarios.org.br\/site2022\/wp-json\/wp\/v2\/media\/2455"}],"wp:attachment":[{"href":"https:\/\/sindicatodosbancarios.org.br\/site2022\/wp-json\/wp\/v2\/media?parent=2645"}],"wp:term":[{"taxonomy":"category","embeddable":true,"href":"https:\/\/sindicatodosbancarios.org.br\/site2022\/wp-json\/wp\/v2\/categories?post=2645"},{"taxonomy":"post_tag","embeddable":true,"href":"https:\/\/sindicatodosbancarios.org.br\/site2022\/wp-json\/wp\/v2\/tags?post=2645"}],"curies":[{"name":"wp","href":"https:\/\/api.w.org\/{rel}","templated":true}]}}