{"id":2653,"date":"2018-09-04T14:15:51","date_gmt":"2018-09-04T17:15:51","guid":{"rendered":"https:\/\/sindicatodosbancarios.org.br\/?p=2653"},"modified":"2018-09-04T14:15:51","modified_gmt":"2018-09-04T17:15:51","slug":"informe-bancario-069-2018-contec-feebs-e-sindicatos-assinam-cct-fenaban","status":"publish","type":"post","link":"https:\/\/sindicatodosbancarios.org.br\/site2022\/2018\/09\/04\/informe-bancario-069-2018-contec-feebs-e-sindicatos-assinam-cct-fenaban\/","title":{"rendered":"INFORME BANC\u00c1RIO &#8211; 069 \/ 2018 &#8211; CONTEC, FEEBS E SINDICATOS ASSINAM CCT FENABAN"},"content":{"rendered":"<p>Trabalhadores de Bancos Privados e P\u00fablicos receber\u00e3o quase R$ 10 bi, conquista da unidade da categoria, que v\u00e3o aquecer \u00e1 economia do Pa\u00eds.<br \/>\n<span style=\"font-size: 8pt;\">Os Sindicatos representantes de Banc\u00e1rios de Institui\u00e7\u00f5es P\u00fablicas e Privadas assinaram no dia (31\/08\/18), com a Federa\u00e7\u00e3o Nacional dos Bancos (FENABAN), a Conven\u00e7\u00e3o Coletivo de Trabalho (CCT) 2018\/2020 e os Acordos Aditivos do Banco Do Brasil e da Caixa Econ\u00f4mica Federal, v\u00e1lidos pelo mesmo per\u00edodo. Reposi\u00e7\u00e3o total da infla\u00e7\u00e3o e aumento real garantido, assim como todos os direitos previstos pela Conven\u00e7\u00e3o Coletiva de Trabalho para os pr\u00f3ximos 02 (Dois) anos. <\/span><br \/>\n<span style=\"font-size: 8pt;\">O Presidente do Sindicato enfatiza a import\u00e2ncia das Entidades Sindicais perante a Classe Banc\u00e1ria e menciona, \u201cparabenizamos os Dirigentes Sindicais que nos representaram na Mesa de Negocia\u00e7\u00e3o CEBNN\/CONTEC. <\/span><br \/>\n<span style=\"font-size: 8pt;\">Esse processo foi constru\u00eddo com todos eles, desde as Assembleias e nos Encontros de Dirigentes Sindicais Banc\u00e1rios Interestadual e Nacional, para prepara\u00e7\u00e3o das Minutas de Reivindica\u00e7\u00f5es dos Banc\u00e1rios de Bancos P\u00fablicos e Privados, com muita maturidade e sabedoria, todos buscando representar o que era vontade dos Banc\u00e1rios. E isso foi feito! <\/span><br \/>\n<span style=\"font-size: 8pt;\">A Reforma Trabalhista tornou a conjuntura mais dif\u00edcil e impactou na nossa negocia\u00e7\u00e3o, mas n\u00e3o no nosso patrim\u00f4nio constru\u00eddo por tantos anos, a nossa CCT, da qual temos tanto orgulho e zelo. \u201cmantivemos nossa unidade, que tamb\u00e9m \u00e9 um patrim\u00f4nio constru\u00eddo. Constru\u00edmos um acordo com aumento real que era o que os Banc\u00e1rios queriam. Por isso aprovaram em Assembleias lotadas por todo o Brasil. Renovar mais um acordo com todos os direitos e aumento real por 02 (dois) anos \u00e9 muito importante diante desta Reforma Trabalhista que tira direitos dos Trabalhadores.\u201d <\/span><br \/>\n<span style=\"font-size: 8pt;\">Na proposta global os Banc\u00e1rios aprovaram por Unanimidade tamb\u00e9m o Desconto da Contribui\u00e7\u00e3o Negocial em AGE (Assembleia Geral Extraordin\u00e1ria), que ser\u00e1 paga por todos os Banc\u00e1rios, fixada em Acordo Coletiva de Trabalho, para custeio das Entidades Sindicais Profissionais, em decorr\u00eancia das Negocia\u00e7\u00f5es Coletivas Trabalhistas de Data-base entre 2018\/2020. <\/span><br \/>\n<span style=\"font-size: 8pt;\">Este recurso pago pelos Banc\u00e1rios \u00e9 para o financiamento da luta em defesa dos direitos dos trabalhadores, inclusive para pagar despesas de Campanha Salarial, onde continuaremos enviando representantes para as Mesas Permanentes dos Bancos P\u00fablicos para tratar de assuntos espec\u00edficos e para os COEs (Comiss\u00e3o De Organiza\u00e7\u00e3o Dos Empregados) de Bancos Privados, para tratar tamb\u00e9m de assuntos espec\u00edficos de cada Banco, (Bradesco, Ita\u00fa e Santander). Com a Contribui\u00e7\u00e3o Negocial o Sindicato declara se abster cobrar a Contribui\u00e7\u00e3o Sindical nos exerc\u00edcios de 2019 e 2020. <\/span><br \/>\n<span style=\"font-size: 8pt;\">Nosso acordo geral com a FENABAN e os Espec\u00edficos do BB e da Caixa Econ\u00f4mica Federal s\u00e3o exemplos de resist\u00eancia contra a Reforma Trabalhista, conseguimos manter todos os direitos previstos na nossa Conven\u00e7\u00e3o Coletiva, que os Bancos propuseram retirar ao longo das Mesas de Negocia\u00e7\u00e3o e mantivemos esses direitos garantidos por 02 (dois) anos, o que \u00e9 fundamental diante do cen\u00e1rio de incertezas no Pa\u00eds. <\/span><br \/>\n<span style=\"font-size: 8pt;\">Al\u00e9m disso, garantimos a validade da CCT para mais de 90 mil Banc\u00e1rios que seriam considerados Hipersuficientes. <\/span><br \/>\n<span style=\"font-size: 8pt;\">\u201cPrecisamos tamb\u00e9m ficar atentos diante da decis\u00e3o do STF, que decidiu em favor da Terceiriza\u00e7\u00e3o, para isso temos que estar organizados para que esta decis\u00e3o n\u00e3o prejudique a nossa categoria.\u201d <\/span><br \/>\n<span style=\"font-size: 8pt;\">OS GANHOS DOS BANC\u00c1RIOS NA CAMPANHA 2018: Dos quase 500 mil trabalhadores de Bancos P\u00fablicos e Privados em todo o Brasil \u2013 os ganhos ter\u00e3o forte impacto na economia do Pa\u00eds, somente o reajuste de 5% nos sal\u00e1rios da categoria representa acr\u00e9scimo anual de cerca de R$ 2,5 bilh\u00f5es na economia. O mesmo vale para os vales alimenta\u00e7\u00e3o e refei\u00e7\u00e3o: um impacto adicional de R$ 384 milh\u00f5es em um ano. Em \u00e2mbito nacional a PLR conquistada injetar\u00e1 por volta de R$ 7,036 bilh\u00f5es no mercado, nos pr\u00f3ximos 12 meses. J\u00e1 com a antecipa\u00e7\u00e3o do pagamento, em 20 de setembro de 2018, ser\u00e1 de cerca de R$ 3,190 bilh\u00f5es. <\/span><br \/>\n<span style=\"font-size: 8pt;\">Somados os reajustes nos sal\u00e1rios, vales e a PLR total levar\u00e3o para a economia nacional cerca de R$ 9,922 bilh\u00f5es. S\u00e3o quase R$ 10 bilh\u00f5es que saem dos cofres dos Bancos para os bolsos dos trabalhadores e v\u00e3o aquecer o consumo e ajudar a economia girar. <\/span><br \/>\n<span style=\"font-size: 8pt;\">Essa \u00e9 mais uma mostra da import\u00e2ncia dos trabalhadores terem sal\u00e1rios melhores e mais direitos para a economia nacional: empregos e sal\u00e1rios produzem um mercado interno forte, robusto, capaz de enfrentar as incertezas da crise. Esse \u00e9 o Pa\u00eds que queremos e vamos continuar lutando para construir, com mais empregos, inclus\u00e3o e justi\u00e7a social, igualdade de oportunidades para todos. <\/span><br \/>\n<span style=\"font-size: 8pt;\">ACORDOS ESPEC\u00cdFICOS DOS BANCOS P\u00daBLICOS: Na sequ\u00eancia da assinatura com a FENABAN, os Banc\u00e1rios tamb\u00e9m assinaram os acordos espec\u00edficos dos Bancos P\u00fablicos. \u201cOs Banc\u00e1rios de Bancos P\u00fablicos ser\u00e3o os \u00fanicos Funcion\u00e1rios P\u00fablicos a terem aumento real, sendo muito importante que o acordo manteve todas as cl\u00e1usulas e n\u00e3o tirou direitos dos Banc\u00e1rios do Banco do Brasil.\u201d <\/span><br \/>\n<span style=\"font-size: 8pt;\">Na Caixa Econ\u00f4mica Federal \u00e1 hist\u00f3ria de luta e conquista dos empregados prevaleceu na defesa da Caixa 100% P\u00fablica. \u201cNa manuten\u00e7\u00e3o do Sa\u00fade Caixa e da PLR Social, no fim do Descomissionamento de Gestantes e a manuten\u00e7\u00e3o dos direitos dos Banc\u00e1rios, a luta continuar\u00e1 por melhores condi\u00e7\u00f5es de trabalho e contra a Privatiza\u00e7\u00e3o dos Bancos P\u00fablicos\u201d.<\/span><\/p>\n","protected":false},"excerpt":{"rendered":"<p>Trabalhadores de Bancos Privados e P\u00fablicos receber\u00e3o quase R$ 10 bi, conquista da unidade da categoria, que v\u00e3o [&hellip;]<\/p>\n","protected":false},"author":2,"featured_media":2473,"comment_status":"open","ping_status":"open","sticky":false,"template":"","format":"standard","meta":{"jetpack_post_was_ever_published":false,"jetpack_publicize_message":"","jetpack_is_tweetstorm":false,"jetpack_publicize_feature_enabled":true,"jetpack_social_post_already_shared":true,"jetpack_social_options":[]},"categories":[1],"tags":[],"jetpack_publicize_connections":[],"acf":[],"yoast_head":"<!-- This site is optimized with the Yoast SEO plugin v19.14 - https:\/\/yoast.com\/wordpress\/plugins\/seo\/ -->\n<title>INFORME BANC\u00c1RIO - 069 \/ 2018 - CONTEC, FEEBS E SINDICATOS ASSINAM CCT FENABAN - Sindicato dos Banc\u00e1rios de S\u00e3o Bento do Sul e Regi\u00e3o<\/title>\n<meta name=\"robots\" content=\"index, follow, max-snippet:-1, max-image-preview:large, max-video-preview:-1\" \/>\n<link rel=\"canonical\" href=\"https:\/\/sindicatodosbancarios.org.br\/site2022\/2018\/09\/04\/informe-bancario-069-2018-contec-feebs-e-sindicatos-assinam-cct-fenaban\/\" \/>\n<meta property=\"og:locale\" content=\"pt_BR\" \/>\n<meta property=\"og:type\" content=\"article\" \/>\n<meta property=\"og:title\" content=\"INFORME BANC\u00c1RIO - 069 \/ 2018 - CONTEC, FEEBS E SINDICATOS ASSINAM CCT FENABAN - Sindicato dos Banc\u00e1rios de S\u00e3o Bento do Sul e Regi\u00e3o\" \/>\n<meta property=\"og:description\" content=\"Trabalhadores de Bancos Privados e P\u00fablicos receber\u00e3o quase R$ 10 bi, conquista da unidade da categoria, que v\u00e3o [&hellip;]\" \/>\n<meta property=\"og:url\" content=\"https:\/\/sindicatodosbancarios.org.br\/site2022\/2018\/09\/04\/informe-bancario-069-2018-contec-feebs-e-sindicatos-assinam-cct-fenaban\/\" \/>\n<meta property=\"og:site_name\" content=\"Sindicato dos Banc\u00e1rios de S\u00e3o Bento do Sul e Regi\u00e3o\" \/>\n<meta property=\"article:author\" content=\"https:\/\/www.facebook.com\/seeb.sbs.9\" \/>\n<meta property=\"article:published_time\" content=\"2018-09-04T17:15:51+00:00\" \/>\n<meta property=\"og:image\" content=\"https:\/\/sindicatodosbancarios.org.br\/site2022\/wp-content\/uploads\/2018\/04\/24-2018.png\" \/>\n\t<meta property=\"og:image:width\" content=\"259\" \/>\n\t<meta property=\"og:image:height\" content=\"194\" \/>\n\t<meta property=\"og:image:type\" content=\"image\/png\" \/>\n<meta name=\"author\" content=\"Sindicato dos Banc\u00e1rios S\u00e3o Bento do Sul e Regi\u00e3o\" \/>\n<meta name=\"twitter:card\" content=\"summary_large_image\" \/>\n<meta name=\"twitter:label1\" content=\"Escrito por\" \/>\n\t<meta name=\"twitter:data1\" content=\"Sindicato dos Banc\u00e1rios S\u00e3o Bento do Sul e Regi\u00e3o\" \/>\n\t<meta name=\"twitter:label2\" content=\"Est. tempo de leitura\" \/>\n\t<meta name=\"twitter:data2\" content=\"5 minutos\" \/>\n<script type=\"application\/ld+json\" class=\"yoast-schema-graph\">{\"@context\":\"https:\/\/schema.org\",\"@graph\":[{\"@type\":\"Article\",\"@id\":\"https:\/\/sindicatodosbancarios.org.br\/site2022\/2018\/09\/04\/informe-bancario-069-2018-contec-feebs-e-sindicatos-assinam-cct-fenaban\/#article\",\"isPartOf\":{\"@id\":\"https:\/\/sindicatodosbancarios.org.br\/site2022\/2018\/09\/04\/informe-bancario-069-2018-contec-feebs-e-sindicatos-assinam-cct-fenaban\/\"},\"author\":{\"name\":\"Sindicato dos Banc\u00e1rios S\u00e3o Bento do Sul e Regi\u00e3o\",\"@id\":\"https:\/\/sindicatodosbancarios.org.br\/site2022\/#\/schema\/person\/a7d92da77d1084df4d28b57962f1e1bd\"},\"headline\":\"INFORME BANC\u00c1RIO &#8211; 069 \/ 2018 &#8211; CONTEC, FEEBS E SINDICATOS ASSINAM CCT FENABAN\",\"datePublished\":\"2018-09-04T17:15:51+00:00\",\"dateModified\":\"2018-09-04T17:15:51+00:00\",\"mainEntityOfPage\":{\"@id\":\"https:\/\/sindicatodosbancarios.org.br\/site2022\/2018\/09\/04\/informe-bancario-069-2018-contec-feebs-e-sindicatos-assinam-cct-fenaban\/\"},\"wordCount\":932,\"commentCount\":0,\"publisher\":{\"@id\":\"https:\/\/sindicatodosbancarios.org.br\/site2022\/#organization\"},\"articleSection\":[\"Geral\"],\"inLanguage\":\"pt-BR\",\"potentialAction\":[{\"@type\":\"CommentAction\",\"name\":\"Comment\",\"target\":[\"https:\/\/sindicatodosbancarios.org.br\/site2022\/2018\/09\/04\/informe-bancario-069-2018-contec-feebs-e-sindicatos-assinam-cct-fenaban\/#respond\"]}]},{\"@type\":\"WebPage\",\"@id\":\"https:\/\/sindicatodosbancarios.org.br\/site2022\/2018\/09\/04\/informe-bancario-069-2018-contec-feebs-e-sindicatos-assinam-cct-fenaban\/\",\"url\":\"https:\/\/sindicatodosbancarios.org.br\/site2022\/2018\/09\/04\/informe-bancario-069-2018-contec-feebs-e-sindicatos-assinam-cct-fenaban\/\",\"name\":\"INFORME BANC\u00c1RIO - 069 \/ 2018 - CONTEC, FEEBS E SINDICATOS ASSINAM CCT FENABAN - Sindicato dos Banc\u00e1rios de S\u00e3o Bento do Sul e Regi\u00e3o\",\"isPartOf\":{\"@id\":\"https:\/\/sindicatodosbancarios.org.br\/site2022\/#website\"},\"datePublished\":\"2018-09-04T17:15:51+00:00\",\"dateModified\":\"2018-09-04T17:15:51+00:00\",\"breadcrumb\":{\"@id\":\"https:\/\/sindicatodosbancarios.org.br\/site2022\/2018\/09\/04\/informe-bancario-069-2018-contec-feebs-e-sindicatos-assinam-cct-fenaban\/#breadcrumb\"},\"inLanguage\":\"pt-BR\",\"potentialAction\":[{\"@type\":\"ReadAction\",\"target\":[\"https:\/\/sindicatodosbancarios.org.br\/site2022\/2018\/09\/04\/informe-bancario-069-2018-contec-feebs-e-sindicatos-assinam-cct-fenaban\/\"]}]},{\"@type\":\"BreadcrumbList\",\"@id\":\"https:\/\/sindicatodosbancarios.org.br\/site2022\/2018\/09\/04\/informe-bancario-069-2018-contec-feebs-e-sindicatos-assinam-cct-fenaban\/#breadcrumb\",\"itemListElement\":[{\"@type\":\"ListItem\",\"position\":1,\"name\":\"In\u00edcio\",\"item\":\"https:\/\/sindicatodosbancarios.org.br\/site2022\/\"},{\"@type\":\"ListItem\",\"position\":2,\"name\":\"INFORME BANC\u00c1RIO &#8211; 069 \/ 2018 &#8211; CONTEC, FEEBS E SINDICATOS ASSINAM CCT FENABAN\"}]},{\"@type\":\"WebSite\",\"@id\":\"https:\/\/sindicatodosbancarios.org.br\/site2022\/#website\",\"url\":\"https:\/\/sindicatodosbancarios.org.br\/site2022\/\",\"name\":\"Sindicato dos Banc\u00e1rios de S\u00e3o Bento do Sul e Regi\u00e3o\",\"description\":\"Website institucional do Sindicato dos Banc\u00e1rios de S\u00e3o Bento do Sul e Regi\u00e3o\",\"publisher\":{\"@id\":\"https:\/\/sindicatodosbancarios.org.br\/site2022\/#organization\"},\"potentialAction\":[{\"@type\":\"SearchAction\",\"target\":{\"@type\":\"EntryPoint\",\"urlTemplate\":\"https:\/\/sindicatodosbancarios.org.br\/site2022\/?s={search_term_string}\"},\"query-input\":\"required name=search_term_string\"}],\"inLanguage\":\"pt-BR\"},{\"@type\":\"Organization\",\"@id\":\"https:\/\/sindicatodosbancarios.org.br\/site2022\/#organization\",\"name\":\"Sindicato dos Banc\u00e1rios de S\u00e3o Bento do Sul e Regi\u00e3o\",\"url\":\"https:\/\/sindicatodosbancarios.org.br\/site2022\/\",\"logo\":{\"@type\":\"ImageObject\",\"inLanguage\":\"pt-BR\",\"@id\":\"https:\/\/sindicatodosbancarios.org.br\/site2022\/#\/schema\/logo\/image\/\",\"url\":\"https:\/\/sindicatodosbancarios.org.br\/site2022\/wp-content\/uploads\/2017\/06\/cropped-logo-2.png\",\"contentUrl\":\"https:\/\/sindicatodosbancarios.org.br\/site2022\/wp-content\/uploads\/2017\/06\/cropped-logo-2.png\",\"width\":292,\"height\":292,\"caption\":\"Sindicato dos Banc\u00e1rios de S\u00e3o Bento do Sul e Regi\u00e3o\"},\"image\":{\"@id\":\"https:\/\/sindicatodosbancarios.org.br\/site2022\/#\/schema\/logo\/image\/\"}},{\"@type\":\"Person\",\"@id\":\"https:\/\/sindicatodosbancarios.org.br\/site2022\/#\/schema\/person\/a7d92da77d1084df4d28b57962f1e1bd\",\"name\":\"Sindicato dos Banc\u00e1rios S\u00e3o Bento do Sul e Regi\u00e3o\",\"image\":{\"@type\":\"ImageObject\",\"inLanguage\":\"pt-BR\",\"@id\":\"https:\/\/sindicatodosbancarios.org.br\/site2022\/#\/schema\/person\/image\/\",\"url\":\"https:\/\/secure.gravatar.com\/avatar\/f1d1a06f698f2345352e539387180d42?s=96&d=mm&r=g\",\"contentUrl\":\"https:\/\/secure.gravatar.com\/avatar\/f1d1a06f698f2345352e539387180d42?s=96&d=mm&r=g\",\"caption\":\"Sindicato dos Banc\u00e1rios S\u00e3o Bento do Sul e Regi\u00e3o\"},\"sameAs\":[\"http:\/\/sindicatodosbancarios.org.br\/site2022\/\",\"https:\/\/www.facebook.com\/seeb.sbs.9\"],\"url\":\"https:\/\/sindicatodosbancarios.org.br\/site2022\/author\/sindicatodosbancarios\/\"}]}<\/script>\n<!-- \/ Yoast SEO plugin. -->","yoast_head_json":{"title":"INFORME BANC\u00c1RIO - 069 \/ 2018 - CONTEC, FEEBS E SINDICATOS ASSINAM CCT FENABAN - Sindicato dos Banc\u00e1rios de S\u00e3o Bento do Sul e Regi\u00e3o","robots":{"index":"index","follow":"follow","max-snippet":"max-snippet:-1","max-image-preview":"max-image-preview:large","max-video-preview":"max-video-preview:-1"},"canonical":"https:\/\/sindicatodosbancarios.org.br\/site2022\/2018\/09\/04\/informe-bancario-069-2018-contec-feebs-e-sindicatos-assinam-cct-fenaban\/","og_locale":"pt_BR","og_type":"article","og_title":"INFORME BANC\u00c1RIO - 069 \/ 2018 - CONTEC, FEEBS E SINDICATOS ASSINAM CCT FENABAN - Sindicato dos Banc\u00e1rios de S\u00e3o Bento do Sul e Regi\u00e3o","og_description":"Trabalhadores de Bancos Privados e P\u00fablicos receber\u00e3o quase R$ 10 bi, conquista da unidade da categoria, que v\u00e3o [&hellip;]","og_url":"https:\/\/sindicatodosbancarios.org.br\/site2022\/2018\/09\/04\/informe-bancario-069-2018-contec-feebs-e-sindicatos-assinam-cct-fenaban\/","og_site_name":"Sindicato dos Banc\u00e1rios de S\u00e3o Bento do Sul e Regi\u00e3o","article_author":"https:\/\/www.facebook.com\/seeb.sbs.9","article_published_time":"2018-09-04T17:15:51+00:00","og_image":[{"width":259,"height":194,"url":"https:\/\/sindicatodosbancarios.org.br\/site2022\/wp-content\/uploads\/2018\/04\/24-2018.png","type":"image\/png"}],"author":"Sindicato dos Banc\u00e1rios S\u00e3o Bento do Sul e Regi\u00e3o","twitter_card":"summary_large_image","twitter_misc":{"Escrito por":"Sindicato dos Banc\u00e1rios S\u00e3o Bento do Sul e Regi\u00e3o","Est. tempo de leitura":"5 minutos"},"schema":{"@context":"https:\/\/schema.org","@graph":[{"@type":"Article","@id":"https:\/\/sindicatodosbancarios.org.br\/site2022\/2018\/09\/04\/informe-bancario-069-2018-contec-feebs-e-sindicatos-assinam-cct-fenaban\/#article","isPartOf":{"@id":"https:\/\/sindicatodosbancarios.org.br\/site2022\/2018\/09\/04\/informe-bancario-069-2018-contec-feebs-e-sindicatos-assinam-cct-fenaban\/"},"author":{"name":"Sindicato dos Banc\u00e1rios S\u00e3o Bento do Sul e Regi\u00e3o","@id":"https:\/\/sindicatodosbancarios.org.br\/site2022\/#\/schema\/person\/a7d92da77d1084df4d28b57962f1e1bd"},"headline":"INFORME BANC\u00c1RIO &#8211; 069 \/ 2018 &#8211; CONTEC, FEEBS E SINDICATOS ASSINAM CCT FENABAN","datePublished":"2018-09-04T17:15:51+00:00","dateModified":"2018-09-04T17:15:51+00:00","mainEntityOfPage":{"@id":"https:\/\/sindicatodosbancarios.org.br\/site2022\/2018\/09\/04\/informe-bancario-069-2018-contec-feebs-e-sindicatos-assinam-cct-fenaban\/"},"wordCount":932,"commentCount":0,"publisher":{"@id":"https:\/\/sindicatodosbancarios.org.br\/site2022\/#organization"},"articleSection":["Geral"],"inLanguage":"pt-BR","potentialAction":[{"@type":"CommentAction","name":"Comment","target":["https:\/\/sindicatodosbancarios.org.br\/site2022\/2018\/09\/04\/informe-bancario-069-2018-contec-feebs-e-sindicatos-assinam-cct-fenaban\/#respond"]}]},{"@type":"WebPage","@id":"https:\/\/sindicatodosbancarios.org.br\/site2022\/2018\/09\/04\/informe-bancario-069-2018-contec-feebs-e-sindicatos-assinam-cct-fenaban\/","url":"https:\/\/sindicatodosbancarios.org.br\/site2022\/2018\/09\/04\/informe-bancario-069-2018-contec-feebs-e-sindicatos-assinam-cct-fenaban\/","name":"INFORME BANC\u00c1RIO - 069 \/ 2018 - CONTEC, FEEBS E SINDICATOS ASSINAM CCT FENABAN - Sindicato dos Banc\u00e1rios de S\u00e3o Bento do Sul e Regi\u00e3o","isPartOf":{"@id":"https:\/\/sindicatodosbancarios.org.br\/site2022\/#website"},"datePublished":"2018-09-04T17:15:51+00:00","dateModified":"2018-09-04T17:15:51+00:00","breadcrumb":{"@id":"https:\/\/sindicatodosbancarios.org.br\/site2022\/2018\/09\/04\/informe-bancario-069-2018-contec-feebs-e-sindicatos-assinam-cct-fenaban\/#breadcrumb"},"inLanguage":"pt-BR","potentialAction":[{"@type":"ReadAction","target":["https:\/\/sindicatodosbancarios.org.br\/site2022\/2018\/09\/04\/informe-bancario-069-2018-contec-feebs-e-sindicatos-assinam-cct-fenaban\/"]}]},{"@type":"BreadcrumbList","@id":"https:\/\/sindicatodosbancarios.org.br\/site2022\/2018\/09\/04\/informe-bancario-069-2018-contec-feebs-e-sindicatos-assinam-cct-fenaban\/#breadcrumb","itemListElement":[{"@type":"ListItem","position":1,"name":"In\u00edcio","item":"https:\/\/sindicatodosbancarios.org.br\/site2022\/"},{"@type":"ListItem","position":2,"name":"INFORME BANC\u00c1RIO &#8211; 069 \/ 2018 &#8211; CONTEC, FEEBS E SINDICATOS ASSINAM CCT FENABAN"}]},{"@type":"WebSite","@id":"https:\/\/sindicatodosbancarios.org.br\/site2022\/#website","url":"https:\/\/sindicatodosbancarios.org.br\/site2022\/","name":"Sindicato dos Banc\u00e1rios de S\u00e3o Bento do Sul e Regi\u00e3o","description":"Website institucional do Sindicato dos Banc\u00e1rios de S\u00e3o Bento do Sul e Regi\u00e3o","publisher":{"@id":"https:\/\/sindicatodosbancarios.org.br\/site2022\/#organization"},"potentialAction":[{"@type":"SearchAction","target":{"@type":"EntryPoint","urlTemplate":"https:\/\/sindicatodosbancarios.org.br\/site2022\/?s={search_term_string}"},"query-input":"required name=search_term_string"}],"inLanguage":"pt-BR"},{"@type":"Organization","@id":"https:\/\/sindicatodosbancarios.org.br\/site2022\/#organization","name":"Sindicato dos Banc\u00e1rios de S\u00e3o Bento do Sul e Regi\u00e3o","url":"https:\/\/sindicatodosbancarios.org.br\/site2022\/","logo":{"@type":"ImageObject","inLanguage":"pt-BR","@id":"https:\/\/sindicatodosbancarios.org.br\/site2022\/#\/schema\/logo\/image\/","url":"https:\/\/sindicatodosbancarios.org.br\/site2022\/wp-content\/uploads\/2017\/06\/cropped-logo-2.png","contentUrl":"https:\/\/sindicatodosbancarios.org.br\/site2022\/wp-content\/uploads\/2017\/06\/cropped-logo-2.png","width":292,"height":292,"caption":"Sindicato dos Banc\u00e1rios de S\u00e3o Bento do Sul e Regi\u00e3o"},"image":{"@id":"https:\/\/sindicatodosbancarios.org.br\/site2022\/#\/schema\/logo\/image\/"}},{"@type":"Person","@id":"https:\/\/sindicatodosbancarios.org.br\/site2022\/#\/schema\/person\/a7d92da77d1084df4d28b57962f1e1bd","name":"Sindicato dos Banc\u00e1rios S\u00e3o Bento do Sul e Regi\u00e3o","image":{"@type":"ImageObject","inLanguage":"pt-BR","@id":"https:\/\/sindicatodosbancarios.org.br\/site2022\/#\/schema\/person\/image\/","url":"https:\/\/secure.gravatar.com\/avatar\/f1d1a06f698f2345352e539387180d42?s=96&d=mm&r=g","contentUrl":"https:\/\/secure.gravatar.com\/avatar\/f1d1a06f698f2345352e539387180d42?s=96&d=mm&r=g","caption":"Sindicato dos Banc\u00e1rios S\u00e3o Bento do Sul e Regi\u00e3o"},"sameAs":["http:\/\/sindicatodosbancarios.org.br\/site2022\/","https:\/\/www.facebook.com\/seeb.sbs.9"],"url":"https:\/\/sindicatodosbancarios.org.br\/site2022\/author\/sindicatodosbancarios\/"}]}},"jetpack_featured_media_url":"https:\/\/sindicatodosbancarios.org.br\/site2022\/wp-content\/uploads\/2018\/04\/24-2018.png","jetpack_sharing_enabled":true,"jetpack_shortlink":"https:\/\/wp.me\/p8RSbI-GN","jetpack-related-posts":[{"id":4326,"url":"https:\/\/sindicatodosbancarios.org.br\/site2022\/2020\/08\/21\/informe-bancario-310-2020-campanha-salarial-2020-fenaban\/","url_meta":{"origin":2653,"position":0},"title":"INFORME BANC\u00c1RIO \u2013 310\/2020 Campanha salarial 2020 \u2013 FENABAN","date":"21 de agosto de 2020","format":false,"excerpt":"A partir das 17h40 desta quinta-feira (20\/8), a Comiss\u00e3o Executiva Banc\u00e1ria Nacional de Negocia\u00e7\u00e3o da CONTEC realizou \u2013 via remota\/virtual \u2013, a oitava reuni\u00e3o com a Comiss\u00e3o de Negocia\u00e7\u00e3o da FENABAN, para dar continuidade aos debates das reivindica\u00e7\u00f5es dos banc\u00e1rios para a presente data-base, com vistas \u00e0 manuten\u00e7\u00e3o dos direitos\u2026","rel":"","context":"Em &quot;Banco do Brasil&quot;","img":{"alt_text":"","src":"https:\/\/i0.wp.com\/sindicatodosbancarios.org.br\/site2022\/wp-content\/uploads\/2020\/08\/BEDD0270-C889-4668-91EC-9BA7152B423F-2.jpeg?resize=350%2C200&ssl=1","width":350,"height":200},"classes":[]},{"id":4227,"url":"https:\/\/sindicatodosbancarios.org.br\/site2022\/2020\/08\/07\/informe-bancario-282-2020-terceira-reuniao-entre-a-comissao-de-negociacao-da-contec-e-a-comissao-de-negociacao-da-fenaban\/","url_meta":{"origin":2653,"position":1},"title":"INFORME BANC\u00c1RIO \u2013 282\/2020  Terceira reuni\u00e3o entre a Comiss\u00e3o de Negocia\u00e7\u00e3o da CONTEC e a Comiss\u00e3o de Negocia\u00e7\u00e3o da FENABAN","date":"7 de agosto de 2020","format":false,"excerpt":"Realizada\u00a0nesta\u00a0quinta-feira (06), a\u00a0partir das 12h,\u00a0via remota\/virtual, a\u00a0terceira\u00a0reuni\u00e3o entre a Comiss\u00e3o de Negocia\u00e7\u00e3o da\u00a0CONTEC\u00a0e a\u00a0Comiss\u00e3o de Negocia\u00e7\u00e3o da\u00a0FENABAN,\u00a0para debate\u00a0das reivindica\u00e7\u00f5es dos\u00a0banc\u00e1rios,\u00a0visando a\u00a0manuten\u00e7\u00e3o da\u00a0CCT\u00a0vigente e agrega\u00e7\u00e3o de\u00a0outros\u00a0benef\u00edcios,\u00a0objetivando\u00a0assegurar a qualidade de vida e\u00a0o bom atendimento da sociedade. Na\u00a0reuni\u00e3o\u00a0foram\u00a0debatidas\u00a0as quest\u00f5es\u00a0referentes \u00e0s Comiss\u00f5es Tem\u00e1ticas, com destaque para a preocupa\u00e7\u00e3o da manuten\u00e7\u00e3o dos planos de sa\u00fade\u2026","rel":"","context":"Em &quot;Banco do Brasil&quot;","img":{"alt_text":"","src":"https:\/\/i0.wp.com\/sindicatodosbancarios.org.br\/site2022\/wp-content\/uploads\/2020\/08\/camp-salarial-3.jpg?resize=350%2C200&ssl=1","width":350,"height":200},"classes":[]},{"id":4348,"url":"https:\/\/sindicatodosbancarios.org.br\/site2022\/2020\/08\/27\/informe-bancario-317-2020-campanha-salarial-dos-bancarios-2020-12a-reuniao-da-fenaban\/","url_meta":{"origin":2653,"position":2},"title":"INFORME BANC\u00c1RIO \u2013 317\/2020 CAMPANHA SALARIAL DOS BANC\u00c1RIOS 2020 \u2013 12\u00aa Reuni\u00e3o da Fenaban","date":"27 de agosto de 2020","format":false,"excerpt":"A\u00a0Comiss\u00e3o Executiva Banc\u00e1ria Nacional\u00a0de Negocia\u00e7\u00e3o \u2013 CEBNN\/CONTEC\u00a0voltou a se reunir,\u00a0a\u00a0partir\u00a0das 14h30,\u00a0desta\u00a0quarta-feira\u00a0(26\/08)\u00a0\u2013\u00a0via remota\/virtual \u2013,\u00a0com\u00a0a\u00a0Comiss\u00e3o de Negocia\u00e7\u00e3o da\u00a0FENABAN,\u00a0para\u00a0dar continuidade aos debates das\u00a0reivindica\u00e7\u00f5es dos\u00a0banc\u00e1rios\u00a0para a presente data-base,\u00a0reiterando o pedido de\u00a0manuten\u00e7\u00e3o dos\u00a0direitos\u00a0garantidos pela\u00a0Conven\u00e7\u00e3o\u00a0Coletiva de\u00a0Trabalho\u00a0vigente e buscando acrescer outros\u00a0benef\u00edcios, para\u00a0melhorar a\u00a0qualidade de vida\u00a0dos\u00a0banc\u00e1rios\u00a0e\u00a0o\u00a0atendimento da sociedade. Ap\u00f3s exaustivo debate pelas partes, a reuni\u00e3o de hoje terminou\u2026","rel":"","context":"Em &quot;Banco do Brasil&quot;","img":{"alt_text":"","src":"https:\/\/i0.wp.com\/sindicatodosbancarios.org.br\/site2022\/wp-content\/uploads\/2020\/08\/04f6a3cb0c372e08c33568a3fe46733d-2.jpeg?resize=350%2C200&ssl=1","width":350,"height":200},"classes":[]},{"id":6371,"url":"https:\/\/sindicatodosbancarios.org.br\/site2022\/2022\/05\/11\/informe-bancario-66-2022-encontro-nacional-de-dirigentes-sindicais-unifica-pauta-de-reivindicacoes-dos-bancarios\/","url_meta":{"origin":2653,"position":3},"title":"INFORME BANC\u00c1RIO \u2013 66\/2022 Encontro nacional de dirigentes sindicais unifica pauta de reivindica\u00e7\u00f5es dos banc\u00e1rios","date":"11 de maio de 2022","format":false,"excerpt":"O XLIX Encontro Nacional de Dirigentes Sindicais de Banc\u00e1rios e Securit\u00e1rios reuniu, nesta ter\u00e7a-feira (10), mais de 450 participantes de todos os estados do pa\u00eds. Em evento de participa\u00e7\u00e3o mista \u2013 virtual e presencial, os dirigentes debateram assuntos diversos que contemplaram desde cl\u00e1usulas econ\u00f4micas como assuntos voltados \u00e0 sa\u00fade do\u2026","rel":"","context":"Em &quot;Geral&quot;","img":{"alt_text":"","src":"https:\/\/i0.wp.com\/sindicatodosbancarios.org.br\/site2022\/wp-content\/uploads\/2022\/05\/C0230EA5-E05B-45CA-BBE8-5936293FCAA4-1170x780.jpeg?resize=350%2C200&ssl=1","width":350,"height":200},"classes":[]},{"id":4219,"url":"https:\/\/sindicatodosbancarios.org.br\/site2022\/2020\/08\/05\/informe-bancario-280-2020-resultado-reuniao-fenaban-de-04-08-2020-campanha-salarial-dos-bancarios-2020\/","url_meta":{"origin":2653,"position":4},"title":"INFORME BANC\u00c1RIO \u2013 280\/2020 RESULTADO REUNI\u00c3O FENABAN DE 04\/08\/2020 &#8211; CAMPANHA SALARIAL DOS BANC\u00c1RIOS 2020","date":"5 de agosto de 2020","format":false,"excerpt":"Foi realizada na tarde desta ter\u00e7a-feira (04), a partir das 14h, via remota\/virtual, a segunda reuni\u00e3o entre a Comiss\u00e3o de Negocia\u00e7\u00e3o da CONTEC e a FENABAN, a fim de debater as Reivindica\u00e7\u00f5es dos Banc\u00e1rios 2020, para manter a Conven\u00e7\u00e3o Coletiva de Trabalho vigente e agregar outros benef\u00edcios relativos aos direitos\u2026","rel":"","context":"Em &quot;Banco do Brasil&quot;","img":{"alt_text":"","src":"https:\/\/i0.wp.com\/sindicatodosbancarios.org.br\/site2022\/wp-content\/uploads\/2020\/08\/050820143012-REUNI\u00c3O-FENABAN-04_08_20-SEEB-JGS-E-REGI\u00c3O-SC..png?resize=350%2C200&ssl=1","width":350,"height":200},"classes":[]},{"id":5099,"url":"https:\/\/sindicatodosbancarios.org.br\/site2022\/2021\/02\/03\/informe-bancario-41-2021-reuniao-com-a-fenaban-sobre-covid-19\/","url_meta":{"origin":2653,"position":5},"title":"INFORME BANC\u00c1RIO \u2013 41\/2021 Reuni\u00e3o com a Fenaban sobre COVID 19","date":"3 de fevereiro de 2021","format":false,"excerpt":"Na tarde desta ter\u00e7a-feira (02\/02),\u00a0a mesa de negocia\u00e7\u00e3o da CONTEC se reuniu, por videoconfer\u00eancia, com a mesa da FENABAN, para debater sobre medidas\u00a0para enfrentamento da segunda onda da pandemia do COVID. O negociador da FENABAN, Dr. Adauto Duarte, come\u00e7ou a reuni\u00e3o enaltecendo os trabalhos que v\u00eam sendo desenvolvidos pelos dirigentes\u2026","rel":"","context":"Em &quot;Geral&quot;","img":{"alt_text":"","src":"https:\/\/i0.wp.com\/sindicatodosbancarios.org.br\/site2022\/wp-content\/uploads\/2021\/02\/contecfenaban.jpg?resize=350%2C200&ssl=1","width":350,"height":200},"classes":[]}],"_links":{"self":[{"href":"https:\/\/sindicatodosbancarios.org.br\/site2022\/wp-json\/wp\/v2\/posts\/2653"}],"collection":[{"href":"https:\/\/sindicatodosbancarios.org.br\/site2022\/wp-json\/wp\/v2\/posts"}],"about":[{"href":"https:\/\/sindicatodosbancarios.org.br\/site2022\/wp-json\/wp\/v2\/types\/post"}],"author":[{"embeddable":true,"href":"https:\/\/sindicatodosbancarios.org.br\/site2022\/wp-json\/wp\/v2\/users\/2"}],"replies":[{"embeddable":true,"href":"https:\/\/sindicatodosbancarios.org.br\/site2022\/wp-json\/wp\/v2\/comments?post=2653"}],"version-history":[{"count":1,"href":"https:\/\/sindicatodosbancarios.org.br\/site2022\/wp-json\/wp\/v2\/posts\/2653\/revisions"}],"predecessor-version":[{"id":2654,"href":"https:\/\/sindicatodosbancarios.org.br\/site2022\/wp-json\/wp\/v2\/posts\/2653\/revisions\/2654"}],"wp:featuredmedia":[{"embeddable":true,"href":"https:\/\/sindicatodosbancarios.org.br\/site2022\/wp-json\/wp\/v2\/media\/2473"}],"wp:attachment":[{"href":"https:\/\/sindicatodosbancarios.org.br\/site2022\/wp-json\/wp\/v2\/media?parent=2653"}],"wp:term":[{"taxonomy":"category","embeddable":true,"href":"https:\/\/sindicatodosbancarios.org.br\/site2022\/wp-json\/wp\/v2\/categories?post=2653"},{"taxonomy":"post_tag","embeddable":true,"href":"https:\/\/sindicatodosbancarios.org.br\/site2022\/wp-json\/wp\/v2\/tags?post=2653"}],"curies":[{"name":"wp","href":"https:\/\/api.w.org\/{rel}","templated":true}]}}