{"id":2655,"date":"2018-09-04T14:20:57","date_gmt":"2018-09-04T17:20:57","guid":{"rendered":"https:\/\/sindicatodosbancarios.org.br\/?p=2655"},"modified":"2018-09-04T14:20:57","modified_gmt":"2018-09-04T17:20:57","slug":"informe-bancario-070-2018-bancarios-do-santander-conquistam-renovacao-do-act","status":"publish","type":"post","link":"https:\/\/sindicatodosbancarios.org.br\/site2022\/2018\/09\/04\/informe-bancario-070-2018-bancarios-do-santander-conquistam-renovacao-do-act\/","title":{"rendered":"INFORME BANC\u00c1RIO &#8211; 070 \/ 2018 &#8211; BANC\u00c1RIOS DO SANTANDER CONQUISTAM RENOVA\u00c7\u00c3O DO ACT"},"content":{"rendered":"<p>O ACORDO GARANTIU AINDA MELHORIAS EM ALGUMAS CL\u00c1USULAS, COMO A DE AFASTAMENTO E ALTA DA PREVID\u00caNCIA SOCIAL.<\/p>\n<p><span style=\"font-size: 8pt;\">Os Banc\u00e1rios do Santander conquistaram a renova\u00e7\u00e3o do Acordo Coletivo de Trabalho (ACT) aditivo \u00e0 Conven\u00e7\u00e3o\u00a0<\/span><span style=\"font-size: 8pt;\">Coletiva de Trabalho (CCT) 2018\/2020, nesta sexta-feira (31\/08\/18), em S\u00e3o Paulo &#8211; SP. A reuni\u00e3o entre a Comiss\u00e3o de Organiza\u00e7\u00e3o dos Empregados (COE) do Santander e representantes do Banco garantiu a manuten\u00e7\u00e3o do ACT passado, bem como a melhora de algumas cl\u00e1usulas.<\/span><br \/>\n<span style=\"font-size: 8pt;\">Vale destacar a cl\u00e1usula chamada de Afastamento e Alta da Previd\u00eancia Social, que trata do adiantamento\u00a0<\/span><span style=\"font-size: 8pt;\">emergencial ao trabalhador que recebe avalia\u00e7\u00e3o como inapto ao trabalho pelo m\u00e9dico do Banco, enquanto aguarda\u00a0<\/span><span style=\"font-size: 8pt;\">a realiza\u00e7\u00e3o de nova per\u00edcia no INSS. Se o INSS n\u00e3o conceder o benef\u00edcio, o trabalhador n\u00e3o sofrer\u00e1 o desconto deste adiantamento.<\/span><br \/>\n<span style=\"font-size: 8pt;\">O ACT ainda mant\u00e9m cl\u00e1usulas importantes como as que tratam das Bolsas Aux\u00edlio Estudo para a primeira gradua\u00e7\u00e3o e primeira p\u00f3s-gradua\u00e7\u00e3o, licen\u00e7a n\u00e3o remunerada de 30 dias para acompanhamento de casos de sa\u00fade, Licen\u00e7a ado\u00e7\u00e3o entre outras.<\/span><br \/>\n<span style=\"font-size: 8pt;\">Foram mantidos tamb\u00e9m o Comit\u00ea de Rela\u00e7\u00f5es Trabalhistas (CRT) e o F\u00f3rum de Sa\u00fade, reuni\u00f5es permanentes com\u00a0<\/span><span style=\"font-size: 8pt;\">o Banco para discutir os problemas da categoria. Foi compromissado inclusive que a primeira reuni\u00e3o do F\u00f3rum de\u00a0<\/span><span style=\"font-size: 8pt;\">Sa\u00fade ser\u00e1 ainda em setembro.<\/span><br \/>\n<span style=\"font-size: 8pt;\">\u201cNesta conjuntura de extrema dificuldade, com ataques aos direitos dos trabalhadores, consideramos uma conquista a renova\u00e7\u00e3o do acordo, que foi fruto da organiza\u00e7\u00e3o e unidade dos Sindicatos e Trabalhadores do Santander.\u201d<\/span><br \/>\n<span style=\"font-size: 8pt;\">PPRS: Foi discutido tamb\u00e9m o acordo de Programa de Participa\u00e7\u00e3o nos Resultados Santander (PPRS) que garantiu,\u00a0<\/span><span style=\"font-size: 8pt;\">a t\u00edtulo de remunera\u00e7\u00e3o vari\u00e1vel, o valor m\u00ednimo de R$ 2.550,00 a todos os trabalhadores indistintamente a ser pago junto com a segunda parcela da PLR. O aumento para esse valor foi tamb\u00e9m uma grande conquista da categoria, poisinicialmente o Banco queria apenas aplicar o reajuste oferecido pela FENABAN.<\/span><br \/>\n<span style=\"font-size: 8pt;\">CABESP E BANESPREV: Foram renovados os Termos de Compromisso CABESP e BANESPREV, assinados desde\u00a0<\/span><span style=\"font-size: 8pt;\">quando o Santander comprou o BANESPA, mas cujo o tempo de validade inicialmente era de apenas 60 meses para\u00a0<\/span><span style=\"font-size: 8pt;\">o BANESPREV e 18 meses para a CABESP.<\/span><\/p>\n<p><span style=\"font-size: 8pt;\">FONTE: SEEB JGS E REGI\u00c3O SC<\/span><\/p>\n","protected":false},"excerpt":{"rendered":"<p>O ACORDO GARANTIU AINDA MELHORIAS EM ALGUMAS CL\u00c1USULAS, COMO A DE AFASTAMENTO E ALTA DA PREVID\u00caNCIA SOCIAL. Os [&hellip;]<\/p>\n","protected":false},"author":2,"featured_media":2408,"comment_status":"open","ping_status":"open","sticky":false,"template":"","format":"standard","meta":{"jetpack_post_was_ever_published":false,"jetpack_publicize_message":"","jetpack_is_tweetstorm":false,"jetpack_publicize_feature_enabled":true,"jetpack_social_post_already_shared":true,"jetpack_social_options":[]},"categories":[1],"tags":[],"jetpack_publicize_connections":[],"acf":[],"yoast_head":"<!-- This site is optimized with the Yoast SEO plugin v19.14 - https:\/\/yoast.com\/wordpress\/plugins\/seo\/ -->\n<title>INFORME BANC\u00c1RIO - 070 \/ 2018 - BANC\u00c1RIOS DO SANTANDER CONQUISTAM RENOVA\u00c7\u00c3O DO ACT - Sindicato dos Banc\u00e1rios de S\u00e3o Bento do Sul e Regi\u00e3o<\/title>\n<meta name=\"robots\" content=\"index, follow, max-snippet:-1, max-image-preview:large, max-video-preview:-1\" \/>\n<link rel=\"canonical\" href=\"https:\/\/sindicatodosbancarios.org.br\/site2022\/2018\/09\/04\/informe-bancario-070-2018-bancarios-do-santander-conquistam-renovacao-do-act\/\" \/>\n<meta property=\"og:locale\" content=\"pt_BR\" \/>\n<meta property=\"og:type\" content=\"article\" \/>\n<meta property=\"og:title\" content=\"INFORME BANC\u00c1RIO - 070 \/ 2018 - BANC\u00c1RIOS DO SANTANDER CONQUISTAM RENOVA\u00c7\u00c3O DO ACT - Sindicato dos Banc\u00e1rios de S\u00e3o Bento do Sul e Regi\u00e3o\" \/>\n<meta property=\"og:description\" content=\"O ACORDO GARANTIU AINDA MELHORIAS EM ALGUMAS CL\u00c1USULAS, COMO A DE AFASTAMENTO E ALTA DA PREVID\u00caNCIA SOCIAL. Os [&hellip;]\" \/>\n<meta property=\"og:url\" content=\"https:\/\/sindicatodosbancarios.org.br\/site2022\/2018\/09\/04\/informe-bancario-070-2018-bancarios-do-santander-conquistam-renovacao-do-act\/\" \/>\n<meta property=\"og:site_name\" content=\"Sindicato dos Banc\u00e1rios de S\u00e3o Bento do Sul e Regi\u00e3o\" \/>\n<meta property=\"article:author\" content=\"https:\/\/www.facebook.com\/seeb.sbs.9\" \/>\n<meta property=\"article:published_time\" content=\"2018-09-04T17:20:57+00:00\" \/>\n<meta property=\"og:image\" content=\"https:\/\/sindicatodosbancarios.org.br\/site2022\/wp-content\/uploads\/2018\/01\/22035_2_EL.jpg\" \/>\n\t<meta property=\"og:image:width\" content=\"770\" \/>\n\t<meta property=\"og:image:height\" content=\"400\" \/>\n\t<meta property=\"og:image:type\" content=\"image\/jpeg\" \/>\n<meta name=\"author\" content=\"Sindicato dos Banc\u00e1rios S\u00e3o Bento do Sul e Regi\u00e3o\" \/>\n<meta name=\"twitter:card\" content=\"summary_large_image\" \/>\n<meta name=\"twitter:label1\" content=\"Escrito por\" \/>\n\t<meta name=\"twitter:data1\" content=\"Sindicato dos Banc\u00e1rios S\u00e3o Bento do Sul e Regi\u00e3o\" \/>\n\t<meta name=\"twitter:label2\" content=\"Est. tempo de leitura\" \/>\n\t<meta name=\"twitter:data2\" content=\"2 minutos\" \/>\n<script type=\"application\/ld+json\" class=\"yoast-schema-graph\">{\"@context\":\"https:\/\/schema.org\",\"@graph\":[{\"@type\":\"Article\",\"@id\":\"https:\/\/sindicatodosbancarios.org.br\/site2022\/2018\/09\/04\/informe-bancario-070-2018-bancarios-do-santander-conquistam-renovacao-do-act\/#article\",\"isPartOf\":{\"@id\":\"https:\/\/sindicatodosbancarios.org.br\/site2022\/2018\/09\/04\/informe-bancario-070-2018-bancarios-do-santander-conquistam-renovacao-do-act\/\"},\"author\":{\"name\":\"Sindicato dos Banc\u00e1rios S\u00e3o Bento do Sul e Regi\u00e3o\",\"@id\":\"https:\/\/sindicatodosbancarios.org.br\/site2022\/#\/schema\/person\/a7d92da77d1084df4d28b57962f1e1bd\"},\"headline\":\"INFORME BANC\u00c1RIO &#8211; 070 \/ 2018 &#8211; BANC\u00c1RIOS DO SANTANDER CONQUISTAM RENOVA\u00c7\u00c3O DO ACT\",\"datePublished\":\"2018-09-04T17:20:57+00:00\",\"dateModified\":\"2018-09-04T17:20:57+00:00\",\"mainEntityOfPage\":{\"@id\":\"https:\/\/sindicatodosbancarios.org.br\/site2022\/2018\/09\/04\/informe-bancario-070-2018-bancarios-do-santander-conquistam-renovacao-do-act\/\"},\"wordCount\":405,\"commentCount\":0,\"publisher\":{\"@id\":\"https:\/\/sindicatodosbancarios.org.br\/site2022\/#organization\"},\"articleSection\":[\"Geral\"],\"inLanguage\":\"pt-BR\",\"potentialAction\":[{\"@type\":\"CommentAction\",\"name\":\"Comment\",\"target\":[\"https:\/\/sindicatodosbancarios.org.br\/site2022\/2018\/09\/04\/informe-bancario-070-2018-bancarios-do-santander-conquistam-renovacao-do-act\/#respond\"]}]},{\"@type\":\"WebPage\",\"@id\":\"https:\/\/sindicatodosbancarios.org.br\/site2022\/2018\/09\/04\/informe-bancario-070-2018-bancarios-do-santander-conquistam-renovacao-do-act\/\",\"url\":\"https:\/\/sindicatodosbancarios.org.br\/site2022\/2018\/09\/04\/informe-bancario-070-2018-bancarios-do-santander-conquistam-renovacao-do-act\/\",\"name\":\"INFORME BANC\u00c1RIO - 070 \/ 2018 - BANC\u00c1RIOS DO SANTANDER CONQUISTAM RENOVA\u00c7\u00c3O DO ACT - Sindicato dos Banc\u00e1rios de S\u00e3o Bento do Sul e Regi\u00e3o\",\"isPartOf\":{\"@id\":\"https:\/\/sindicatodosbancarios.org.br\/site2022\/#website\"},\"datePublished\":\"2018-09-04T17:20:57+00:00\",\"dateModified\":\"2018-09-04T17:20:57+00:00\",\"breadcrumb\":{\"@id\":\"https:\/\/sindicatodosbancarios.org.br\/site2022\/2018\/09\/04\/informe-bancario-070-2018-bancarios-do-santander-conquistam-renovacao-do-act\/#breadcrumb\"},\"inLanguage\":\"pt-BR\",\"potentialAction\":[{\"@type\":\"ReadAction\",\"target\":[\"https:\/\/sindicatodosbancarios.org.br\/site2022\/2018\/09\/04\/informe-bancario-070-2018-bancarios-do-santander-conquistam-renovacao-do-act\/\"]}]},{\"@type\":\"BreadcrumbList\",\"@id\":\"https:\/\/sindicatodosbancarios.org.br\/site2022\/2018\/09\/04\/informe-bancario-070-2018-bancarios-do-santander-conquistam-renovacao-do-act\/#breadcrumb\",\"itemListElement\":[{\"@type\":\"ListItem\",\"position\":1,\"name\":\"In\u00edcio\",\"item\":\"https:\/\/sindicatodosbancarios.org.br\/site2022\/\"},{\"@type\":\"ListItem\",\"position\":2,\"name\":\"INFORME BANC\u00c1RIO &#8211; 070 \/ 2018 &#8211; BANC\u00c1RIOS DO SANTANDER CONQUISTAM RENOVA\u00c7\u00c3O DO ACT\"}]},{\"@type\":\"WebSite\",\"@id\":\"https:\/\/sindicatodosbancarios.org.br\/site2022\/#website\",\"url\":\"https:\/\/sindicatodosbancarios.org.br\/site2022\/\",\"name\":\"Sindicato dos Banc\u00e1rios de S\u00e3o Bento do Sul e Regi\u00e3o\",\"description\":\"Website institucional do Sindicato dos Banc\u00e1rios de S\u00e3o Bento do Sul e Regi\u00e3o\",\"publisher\":{\"@id\":\"https:\/\/sindicatodosbancarios.org.br\/site2022\/#organization\"},\"potentialAction\":[{\"@type\":\"SearchAction\",\"target\":{\"@type\":\"EntryPoint\",\"urlTemplate\":\"https:\/\/sindicatodosbancarios.org.br\/site2022\/?s={search_term_string}\"},\"query-input\":\"required name=search_term_string\"}],\"inLanguage\":\"pt-BR\"},{\"@type\":\"Organization\",\"@id\":\"https:\/\/sindicatodosbancarios.org.br\/site2022\/#organization\",\"name\":\"Sindicato dos Banc\u00e1rios de S\u00e3o Bento do Sul e Regi\u00e3o\",\"url\":\"https:\/\/sindicatodosbancarios.org.br\/site2022\/\",\"logo\":{\"@type\":\"ImageObject\",\"inLanguage\":\"pt-BR\",\"@id\":\"https:\/\/sindicatodosbancarios.org.br\/site2022\/#\/schema\/logo\/image\/\",\"url\":\"https:\/\/sindicatodosbancarios.org.br\/site2022\/wp-content\/uploads\/2017\/06\/cropped-logo-2.png\",\"contentUrl\":\"https:\/\/sindicatodosbancarios.org.br\/site2022\/wp-content\/uploads\/2017\/06\/cropped-logo-2.png\",\"width\":292,\"height\":292,\"caption\":\"Sindicato dos Banc\u00e1rios de S\u00e3o Bento do Sul e Regi\u00e3o\"},\"image\":{\"@id\":\"https:\/\/sindicatodosbancarios.org.br\/site2022\/#\/schema\/logo\/image\/\"}},{\"@type\":\"Person\",\"@id\":\"https:\/\/sindicatodosbancarios.org.br\/site2022\/#\/schema\/person\/a7d92da77d1084df4d28b57962f1e1bd\",\"name\":\"Sindicato dos Banc\u00e1rios S\u00e3o Bento do Sul e Regi\u00e3o\",\"image\":{\"@type\":\"ImageObject\",\"inLanguage\":\"pt-BR\",\"@id\":\"https:\/\/sindicatodosbancarios.org.br\/site2022\/#\/schema\/person\/image\/\",\"url\":\"https:\/\/secure.gravatar.com\/avatar\/f1d1a06f698f2345352e539387180d42?s=96&d=mm&r=g\",\"contentUrl\":\"https:\/\/secure.gravatar.com\/avatar\/f1d1a06f698f2345352e539387180d42?s=96&d=mm&r=g\",\"caption\":\"Sindicato dos Banc\u00e1rios S\u00e3o Bento do Sul e Regi\u00e3o\"},\"sameAs\":[\"http:\/\/sindicatodosbancarios.org.br\/site2022\/\",\"https:\/\/www.facebook.com\/seeb.sbs.9\"],\"url\":\"https:\/\/sindicatodosbancarios.org.br\/site2022\/author\/sindicatodosbancarios\/\"}]}<\/script>\n<!-- \/ Yoast SEO plugin. -->","yoast_head_json":{"title":"INFORME BANC\u00c1RIO - 070 \/ 2018 - BANC\u00c1RIOS DO SANTANDER CONQUISTAM RENOVA\u00c7\u00c3O DO ACT - Sindicato dos Banc\u00e1rios de S\u00e3o Bento do Sul e Regi\u00e3o","robots":{"index":"index","follow":"follow","max-snippet":"max-snippet:-1","max-image-preview":"max-image-preview:large","max-video-preview":"max-video-preview:-1"},"canonical":"https:\/\/sindicatodosbancarios.org.br\/site2022\/2018\/09\/04\/informe-bancario-070-2018-bancarios-do-santander-conquistam-renovacao-do-act\/","og_locale":"pt_BR","og_type":"article","og_title":"INFORME BANC\u00c1RIO - 070 \/ 2018 - BANC\u00c1RIOS DO SANTANDER CONQUISTAM RENOVA\u00c7\u00c3O DO ACT - Sindicato dos Banc\u00e1rios de S\u00e3o Bento do Sul e Regi\u00e3o","og_description":"O ACORDO GARANTIU AINDA MELHORIAS EM ALGUMAS CL\u00c1USULAS, COMO A DE AFASTAMENTO E ALTA DA PREVID\u00caNCIA SOCIAL. Os [&hellip;]","og_url":"https:\/\/sindicatodosbancarios.org.br\/site2022\/2018\/09\/04\/informe-bancario-070-2018-bancarios-do-santander-conquistam-renovacao-do-act\/","og_site_name":"Sindicato dos Banc\u00e1rios de S\u00e3o Bento do Sul e Regi\u00e3o","article_author":"https:\/\/www.facebook.com\/seeb.sbs.9","article_published_time":"2018-09-04T17:20:57+00:00","og_image":[{"width":770,"height":400,"url":"https:\/\/sindicatodosbancarios.org.br\/site2022\/wp-content\/uploads\/2018\/01\/22035_2_EL.jpg","type":"image\/jpeg"}],"author":"Sindicato dos Banc\u00e1rios S\u00e3o Bento do Sul e Regi\u00e3o","twitter_card":"summary_large_image","twitter_misc":{"Escrito por":"Sindicato dos Banc\u00e1rios S\u00e3o Bento do Sul e Regi\u00e3o","Est. tempo de leitura":"2 minutos"},"schema":{"@context":"https:\/\/schema.org","@graph":[{"@type":"Article","@id":"https:\/\/sindicatodosbancarios.org.br\/site2022\/2018\/09\/04\/informe-bancario-070-2018-bancarios-do-santander-conquistam-renovacao-do-act\/#article","isPartOf":{"@id":"https:\/\/sindicatodosbancarios.org.br\/site2022\/2018\/09\/04\/informe-bancario-070-2018-bancarios-do-santander-conquistam-renovacao-do-act\/"},"author":{"name":"Sindicato dos Banc\u00e1rios S\u00e3o Bento do Sul e Regi\u00e3o","@id":"https:\/\/sindicatodosbancarios.org.br\/site2022\/#\/schema\/person\/a7d92da77d1084df4d28b57962f1e1bd"},"headline":"INFORME BANC\u00c1RIO &#8211; 070 \/ 2018 &#8211; BANC\u00c1RIOS DO SANTANDER CONQUISTAM RENOVA\u00c7\u00c3O DO ACT","datePublished":"2018-09-04T17:20:57+00:00","dateModified":"2018-09-04T17:20:57+00:00","mainEntityOfPage":{"@id":"https:\/\/sindicatodosbancarios.org.br\/site2022\/2018\/09\/04\/informe-bancario-070-2018-bancarios-do-santander-conquistam-renovacao-do-act\/"},"wordCount":405,"commentCount":0,"publisher":{"@id":"https:\/\/sindicatodosbancarios.org.br\/site2022\/#organization"},"articleSection":["Geral"],"inLanguage":"pt-BR","potentialAction":[{"@type":"CommentAction","name":"Comment","target":["https:\/\/sindicatodosbancarios.org.br\/site2022\/2018\/09\/04\/informe-bancario-070-2018-bancarios-do-santander-conquistam-renovacao-do-act\/#respond"]}]},{"@type":"WebPage","@id":"https:\/\/sindicatodosbancarios.org.br\/site2022\/2018\/09\/04\/informe-bancario-070-2018-bancarios-do-santander-conquistam-renovacao-do-act\/","url":"https:\/\/sindicatodosbancarios.org.br\/site2022\/2018\/09\/04\/informe-bancario-070-2018-bancarios-do-santander-conquistam-renovacao-do-act\/","name":"INFORME BANC\u00c1RIO - 070 \/ 2018 - BANC\u00c1RIOS DO SANTANDER CONQUISTAM RENOVA\u00c7\u00c3O DO ACT - Sindicato dos Banc\u00e1rios de S\u00e3o Bento do Sul e Regi\u00e3o","isPartOf":{"@id":"https:\/\/sindicatodosbancarios.org.br\/site2022\/#website"},"datePublished":"2018-09-04T17:20:57+00:00","dateModified":"2018-09-04T17:20:57+00:00","breadcrumb":{"@id":"https:\/\/sindicatodosbancarios.org.br\/site2022\/2018\/09\/04\/informe-bancario-070-2018-bancarios-do-santander-conquistam-renovacao-do-act\/#breadcrumb"},"inLanguage":"pt-BR","potentialAction":[{"@type":"ReadAction","target":["https:\/\/sindicatodosbancarios.org.br\/site2022\/2018\/09\/04\/informe-bancario-070-2018-bancarios-do-santander-conquistam-renovacao-do-act\/"]}]},{"@type":"BreadcrumbList","@id":"https:\/\/sindicatodosbancarios.org.br\/site2022\/2018\/09\/04\/informe-bancario-070-2018-bancarios-do-santander-conquistam-renovacao-do-act\/#breadcrumb","itemListElement":[{"@type":"ListItem","position":1,"name":"In\u00edcio","item":"https:\/\/sindicatodosbancarios.org.br\/site2022\/"},{"@type":"ListItem","position":2,"name":"INFORME BANC\u00c1RIO &#8211; 070 \/ 2018 &#8211; BANC\u00c1RIOS DO SANTANDER CONQUISTAM RENOVA\u00c7\u00c3O DO ACT"}]},{"@type":"WebSite","@id":"https:\/\/sindicatodosbancarios.org.br\/site2022\/#website","url":"https:\/\/sindicatodosbancarios.org.br\/site2022\/","name":"Sindicato dos Banc\u00e1rios de S\u00e3o Bento do Sul e Regi\u00e3o","description":"Website institucional do Sindicato dos Banc\u00e1rios de S\u00e3o Bento do Sul e Regi\u00e3o","publisher":{"@id":"https:\/\/sindicatodosbancarios.org.br\/site2022\/#organization"},"potentialAction":[{"@type":"SearchAction","target":{"@type":"EntryPoint","urlTemplate":"https:\/\/sindicatodosbancarios.org.br\/site2022\/?s={search_term_string}"},"query-input":"required name=search_term_string"}],"inLanguage":"pt-BR"},{"@type":"Organization","@id":"https:\/\/sindicatodosbancarios.org.br\/site2022\/#organization","name":"Sindicato dos Banc\u00e1rios de S\u00e3o Bento do Sul e Regi\u00e3o","url":"https:\/\/sindicatodosbancarios.org.br\/site2022\/","logo":{"@type":"ImageObject","inLanguage":"pt-BR","@id":"https:\/\/sindicatodosbancarios.org.br\/site2022\/#\/schema\/logo\/image\/","url":"https:\/\/sindicatodosbancarios.org.br\/site2022\/wp-content\/uploads\/2017\/06\/cropped-logo-2.png","contentUrl":"https:\/\/sindicatodosbancarios.org.br\/site2022\/wp-content\/uploads\/2017\/06\/cropped-logo-2.png","width":292,"height":292,"caption":"Sindicato dos Banc\u00e1rios de S\u00e3o Bento do Sul e Regi\u00e3o"},"image":{"@id":"https:\/\/sindicatodosbancarios.org.br\/site2022\/#\/schema\/logo\/image\/"}},{"@type":"Person","@id":"https:\/\/sindicatodosbancarios.org.br\/site2022\/#\/schema\/person\/a7d92da77d1084df4d28b57962f1e1bd","name":"Sindicato dos Banc\u00e1rios S\u00e3o Bento do Sul e Regi\u00e3o","image":{"@type":"ImageObject","inLanguage":"pt-BR","@id":"https:\/\/sindicatodosbancarios.org.br\/site2022\/#\/schema\/person\/image\/","url":"https:\/\/secure.gravatar.com\/avatar\/f1d1a06f698f2345352e539387180d42?s=96&d=mm&r=g","contentUrl":"https:\/\/secure.gravatar.com\/avatar\/f1d1a06f698f2345352e539387180d42?s=96&d=mm&r=g","caption":"Sindicato dos Banc\u00e1rios S\u00e3o Bento do Sul e Regi\u00e3o"},"sameAs":["http:\/\/sindicatodosbancarios.org.br\/site2022\/","https:\/\/www.facebook.com\/seeb.sbs.9"],"url":"https:\/\/sindicatodosbancarios.org.br\/site2022\/author\/sindicatodosbancarios\/"}]}},"jetpack_featured_media_url":"https:\/\/sindicatodosbancarios.org.br\/site2022\/wp-content\/uploads\/2018\/01\/22035_2_EL.jpg","jetpack_sharing_enabled":true,"jetpack_shortlink":"https:\/\/wp.me\/p8RSbI-GP","jetpack-related-posts":[{"id":4311,"url":"https:\/\/sindicatodosbancarios.org.br\/site2022\/2020\/08\/20\/informe-bancario-306-2020-novas-regras-do-auxilio-doenca-entenda-o-que-mudou-apos-a-reforma-da-previdencia\/","url_meta":{"origin":2655,"position":0},"title":"INFORME BANC\u00c1RIO \u2013 306\/2020 Novas regras do aux\u00edlio-doen\u00e7a: Entenda o que mudou ap\u00f3s a Reforma da Previd\u00eancia","date":"20 de agosto de 2020","format":false,"excerpt":"Regras para ter direito ao aux\u00edlio-doen\u00e7a e aposentadoria por invalidez ficaram mais duras ap\u00f3s a reforma. Entenda como \u00e9 feito o c\u00e1lculo em cada modalidade. Muitos segurados do\u00a0Instituto Nacional do Seguro Social (INSS) ainda t\u00eam d\u00favidas sobre as novas regras da\u00a0aposentadoria, que entraram em vigor ap\u00f3s a Reforma da Previd\u00eancia\u2026","rel":"","context":"Em &quot;Geral&quot;","img":{"alt_text":"","src":"https:\/\/i0.wp.com\/sindicatodosbancarios.org.br\/site2022\/wp-content\/uploads\/2020\/08\/pedido-auxilio-doenca.jpg?resize=350%2C200&ssl=1","width":350,"height":200},"classes":[]},{"id":5218,"url":"https:\/\/sindicatodosbancarios.org.br\/site2022\/2021\/03\/01\/informe-bancarios-72-2021-sou-trabalhador-autonomo-tenho-direito-a-aposentadoria-especial\/","url_meta":{"origin":2655,"position":1},"title":"INFORME BANC\u00c1RIOS \u2013 72\/2021 Sou trabalhador aut\u00f4nomo, tenho direito \u00e0 aposentadoria especial?","date":"1 de mar\u00e7o de 2021","format":false,"excerpt":"Modalidade previdenci\u00e1ria do INSS garante menos tempo de contribui\u00e7\u00e3o e maior benef\u00edcio para aqueles que exercem atividades insalubres ou de risco. Trabalhadores aut\u00f4nomos\u00a0que exercem atividades insalubres, perigosas e penosas podem adquirir benef\u00edcios maiores ou com menor tempo de exig\u00eancia em rela\u00e7\u00e3o ao seu cumprimento junto ao Instituto Nacional do Seguro\u2026","rel":"","context":"Em &quot;Geral&quot;","img":{"alt_text":"","src":"https:\/\/i0.wp.com\/sindicatodosbancarios.org.br\/site2022\/wp-content\/uploads\/2021\/03\/multi-tasking-2840792_1920.jpg?resize=350%2C200&ssl=1","width":350,"height":200},"classes":[]},{"id":4462,"url":"https:\/\/sindicatodosbancarios.org.br\/site2022\/2020\/09\/10\/informe-bancario-336-2020-inss-trabalhador-demitido-tem-direito-a-beneficio-por-ate-tres-anos\/","url_meta":{"origin":2655,"position":2},"title":"INFORME BANC\u00c1RIO \u2013 336\/2020 INSS: Trabalhador demitido tem direito a benef\u00edcio por at\u00e9 tr\u00eas anos","date":"10 de setembro de 2020","format":false,"excerpt":"Acesso ao alongamento na qualidade de segurado depende da quantidade de contribui\u00e7\u00f5es realizadas antes da demiss\u00e3o. A\u00a0pandemia\u00a0de Covid-19 agravou ainda mais o setor das contrata\u00e7\u00f5es este ano. Para ter uma ideia do impacto, atualmente, h\u00e1 quase 13 milh\u00f5es de brasileiros desempregados. Com a retomada t\u00edmida das atividades econ\u00f4micas, a conta\u2026","rel":"","context":"Em &quot;Geral&quot;","img":{"alt_text":"","src":"https:\/\/i0.wp.com\/sindicatodosbancarios.org.br\/site2022\/wp-content\/uploads\/2020\/06\/caged.jpg?resize=350%2C200&ssl=1","width":350,"height":200},"classes":[]},{"id":5103,"url":"https:\/\/sindicatodosbancarios.org.br\/site2022\/2021\/02\/03\/informe-bancario-42-2021-santander-2a-parcela-da-plr-confirmada-saiba-quanto-vem-e-tire-duvidas\/","url_meta":{"origin":2655,"position":3},"title":"INFORME BANC\u00c1RIO \u2013 42\/2021 SANTANDER: 2\u00aa PARCELA DA PLR CONFIRMADA. SAIBA QUANTO VEM E TIRE D\u00daVIDAS","date":"3 de fevereiro de 2021","format":false,"excerpt":"Prazo previsto na CCT para pagamento \u00e9 primeiro de Mar\u00e7o 2021, mas Banco costuma realizar o cr\u00e9dito junto com os sal\u00e1rios, que ser\u00e3o pagos no dia 26\/02\/2021. Tamb\u00e9m ser\u00e3o creditados o PPRS e a vari\u00e1vel (PPE), para quem for eleg\u00edvel Com a divulga\u00e7\u00e3o do balan\u00e7o do quarto trimestre, o pagamento\u2026","rel":"","context":"Em &quot;Geral&quot;","img":{"alt_text":"","src":"https:\/\/i0.wp.com\/sindicatodosbancarios.org.br\/site2022\/wp-content\/uploads\/2021\/02\/tim.jpg?resize=350%2C200&ssl=1","width":350,"height":200},"classes":[]},{"id":4488,"url":"https:\/\/sindicatodosbancarios.org.br\/site2022\/2020\/09\/14\/informe-bancario-346-2020-conheca-nova-aposentadoria-por-invalidez-e-novo-auxilio-doenca-do-inss\/","url_meta":{"origin":2655,"position":4},"title":"INFORME BANC\u00c1RIO \u2013 346\/2020 Conhe\u00e7a nova aposentadoria por invalidez e novo aux\u00edlio-doen\u00e7a do INSS","date":"14 de setembro de 2020","format":false,"excerpt":"Aposentadoria por invalidez e aux\u00edlio-doen\u00e7a do INSS passaram por algumas mudan\u00e7as, desde a reforma da previd\u00eancia. Confira! Com a\u00a0Reforma da Previd\u00eancia, v\u00e1rias modifica\u00e7\u00f5es foram realizadas. Isso inclui a aposentadoria por invalidez, que deu espa\u00e7o para a aposentadoria por incapacidade permanente, e o aux\u00edlio-doen\u00e7a, adora denominado como\u00a0aux\u00edlio por incapacidade tempor\u00e1ria. Desde\u2026","rel":"","context":"Em &quot;Geral&quot;","img":{"alt_text":"","src":"","width":0,"height":0},"classes":[]},{"id":5350,"url":"https:\/\/sindicatodosbancarios.org.br\/site2022\/2021\/04\/27\/informe-bancarios-111-2021-bancarios-devem-denunciar-ao-seu-sindicato-caso-o-banco-descumpra-qualquer-uma-das-medidas\/","url_meta":{"origin":2655,"position":5},"title":"INFORME BANC\u00c1RIOS \u2013 111\/2021 BANC\u00c1RIOS DEVEM DENUNCIAR AO SEU SINDICATO CASO O BANCO DESCUMPRA QUALQUER UMA DAS MEDIDAS","date":"27 de abril de 2021","format":false,"excerpt":"O Banco Santander, atendendo \u00e0s Reivindica\u00e7\u00f5es do Movimento Sindical Banc\u00e1rio e \u00e0s novas recomenda\u00e7\u00f5es da Organiza\u00e7\u00e3o Mundial da Sa\u00fade (OMS), anunciou novas medidas para preven\u00e7\u00e3o e controle da covid-19, incluindo novas regras de testagem sorol\u00f3gica. De agora em diante os testes para constatantes (pessoas que tiveram contato com algu\u00e9m contaminado)\u2026","rel":"","context":"Em &quot;Geral&quot;","img":{"alt_text":"","src":"https:\/\/i0.wp.com\/sindicatodosbancarios.org.br\/site2022\/wp-content\/uploads\/2021\/02\/vagas-santander-agencia-do-banco-1562078449638_v2_900x506.jpg?resize=350%2C200&ssl=1","width":350,"height":200},"classes":[]}],"_links":{"self":[{"href":"https:\/\/sindicatodosbancarios.org.br\/site2022\/wp-json\/wp\/v2\/posts\/2655"}],"collection":[{"href":"https:\/\/sindicatodosbancarios.org.br\/site2022\/wp-json\/wp\/v2\/posts"}],"about":[{"href":"https:\/\/sindicatodosbancarios.org.br\/site2022\/wp-json\/wp\/v2\/types\/post"}],"author":[{"embeddable":true,"href":"https:\/\/sindicatodosbancarios.org.br\/site2022\/wp-json\/wp\/v2\/users\/2"}],"replies":[{"embeddable":true,"href":"https:\/\/sindicatodosbancarios.org.br\/site2022\/wp-json\/wp\/v2\/comments?post=2655"}],"version-history":[{"count":1,"href":"https:\/\/sindicatodosbancarios.org.br\/site2022\/wp-json\/wp\/v2\/posts\/2655\/revisions"}],"predecessor-version":[{"id":2656,"href":"https:\/\/sindicatodosbancarios.org.br\/site2022\/wp-json\/wp\/v2\/posts\/2655\/revisions\/2656"}],"wp:featuredmedia":[{"embeddable":true,"href":"https:\/\/sindicatodosbancarios.org.br\/site2022\/wp-json\/wp\/v2\/media\/2408"}],"wp:attachment":[{"href":"https:\/\/sindicatodosbancarios.org.br\/site2022\/wp-json\/wp\/v2\/media?parent=2655"}],"wp:term":[{"taxonomy":"category","embeddable":true,"href":"https:\/\/sindicatodosbancarios.org.br\/site2022\/wp-json\/wp\/v2\/categories?post=2655"},{"taxonomy":"post_tag","embeddable":true,"href":"https:\/\/sindicatodosbancarios.org.br\/site2022\/wp-json\/wp\/v2\/tags?post=2655"}],"curies":[{"name":"wp","href":"https:\/\/api.w.org\/{rel}","templated":true}]}}