{"id":2657,"date":"2018-09-05T15:37:33","date_gmt":"2018-09-05T18:37:33","guid":{"rendered":"https:\/\/sindicatodosbancarios.org.br\/?p=2657"},"modified":"2018-09-05T15:39:29","modified_gmt":"2018-09-05T18:39:29","slug":"informe-bancario-071-2018-caixa-antecipa-e-paga-plr-nesta-quinta-feira-06-09-2018","status":"publish","type":"post","link":"https:\/\/sindicatodosbancarios.org.br\/site2022\/2018\/09\/05\/informe-bancario-071-2018-caixa-antecipa-e-paga-plr-nesta-quinta-feira-06-09-2018\/","title":{"rendered":"INFORME BANC\u00c1RIO &#8211; 071 \/ 2018 &#8211; CAIXA ANTECIPA E PAGA PLR NESTA QUINTA FEIRA (06\/09\/2018)"},"content":{"rendered":"<p>A Diretoria da Caixa Econ\u00f4mica Federal anunciou nesta quarta-feira (05\/09\/18) que vai antecipar o pagamento da PLR. O cr\u00e9dito ser\u00e1 feito na conta dos empregados na noite de quinta-feira (06\/09\/18). O valor estar\u00e1 dispon\u00edvel na manh\u00e3 do feriado de 07\/09\/18.<br \/>\nEssa \u00e9 a primeira parcela da PLR e equivale a 50% do valor total. O restante ser\u00e1 pago at\u00e9 31 de mar\u00e7o de 2019. A PLR na Caixa \u00e9 composta pela regra FENABAN e a PLR Social. Em Mesa de Negocia\u00e7\u00e3o as Entidades Sindicais conseguiram \u00e1 manuten\u00e7\u00e3o do modelo de PLR por mais 02 (Dois) anos \u00e9 uma seguran\u00e7a para os Funcion\u00e1rios da CEF. Conforme estabelecido na negocia\u00e7\u00e3o dos acordos deste ano, tamb\u00e9m foi aprovada nas Assembleias a Contribui\u00e7\u00e3o Negocial de 1,5% no cr\u00e9dito da primeira e segunda parcela da PLR, com valor m\u00ednimo de R$50,00 e teto de R$210,00.<\/p>\n","protected":false},"excerpt":{"rendered":"<p>A Diretoria da Caixa Econ\u00f4mica Federal anunciou nesta quarta-feira (05\/09\/18) que vai antecipar o pagamento da PLR. O [&hellip;]<\/p>\n","protected":false},"author":2,"featured_media":2455,"comment_status":"open","ping_status":"open","sticky":false,"template":"","format":"standard","meta":{"jetpack_post_was_ever_published":false,"jetpack_publicize_message":"","jetpack_is_tweetstorm":false,"jetpack_publicize_feature_enabled":true,"jetpack_social_post_already_shared":true,"jetpack_social_options":[]},"categories":[1],"tags":[],"jetpack_publicize_connections":[],"acf":[],"yoast_head":"<!-- This site is optimized with the Yoast SEO plugin v19.14 - https:\/\/yoast.com\/wordpress\/plugins\/seo\/ -->\n<title>INFORME BANC\u00c1RIO - 071 \/ 2018 - CAIXA ANTECIPA E PAGA PLR NESTA QUINTA FEIRA (06\/09\/2018) - Sindicato dos Banc\u00e1rios de S\u00e3o Bento do Sul e Regi\u00e3o<\/title>\n<meta name=\"robots\" content=\"index, follow, max-snippet:-1, max-image-preview:large, max-video-preview:-1\" \/>\n<link rel=\"canonical\" href=\"https:\/\/sindicatodosbancarios.org.br\/site2022\/2018\/09\/05\/informe-bancario-071-2018-caixa-antecipa-e-paga-plr-nesta-quinta-feira-06-09-2018\/\" \/>\n<meta property=\"og:locale\" content=\"pt_BR\" \/>\n<meta property=\"og:type\" content=\"article\" \/>\n<meta property=\"og:title\" content=\"INFORME BANC\u00c1RIO - 071 \/ 2018 - CAIXA ANTECIPA E PAGA PLR NESTA QUINTA FEIRA (06\/09\/2018) - Sindicato dos Banc\u00e1rios de S\u00e3o Bento do Sul e Regi\u00e3o\" \/>\n<meta property=\"og:description\" content=\"A Diretoria da Caixa Econ\u00f4mica Federal anunciou nesta quarta-feira (05\/09\/18) que vai antecipar o pagamento da PLR. O [&hellip;]\" \/>\n<meta property=\"og:url\" content=\"https:\/\/sindicatodosbancarios.org.br\/site2022\/2018\/09\/05\/informe-bancario-071-2018-caixa-antecipa-e-paga-plr-nesta-quinta-feira-06-09-2018\/\" \/>\n<meta property=\"og:site_name\" content=\"Sindicato dos Banc\u00e1rios de S\u00e3o Bento do Sul e Regi\u00e3o\" \/>\n<meta property=\"article:author\" content=\"https:\/\/www.facebook.com\/seeb.sbs.9\" \/>\n<meta property=\"article:published_time\" content=\"2018-09-05T18:37:33+00:00\" \/>\n<meta property=\"article:modified_time\" content=\"2018-09-05T18:39:29+00:00\" \/>\n<meta property=\"og:image\" content=\"https:\/\/sindicatodosbancarios.org.br\/site2022\/wp-content\/uploads\/2018\/03\/acordo-preve-pagamento-da-plr-da-caixa-ate-o-dia-31_ff054e538eda7f1699c15d455ee2018.jpg\" \/>\n\t<meta property=\"og:image:width\" content=\"700\" \/>\n\t<meta property=\"og:image:height\" content=\"302\" \/>\n\t<meta property=\"og:image:type\" content=\"image\/jpeg\" \/>\n<meta name=\"author\" content=\"Sindicato dos Banc\u00e1rios S\u00e3o Bento do Sul e Regi\u00e3o\" \/>\n<meta name=\"twitter:card\" content=\"summary_large_image\" \/>\n<meta name=\"twitter:label1\" content=\"Escrito por\" \/>\n\t<meta name=\"twitter:data1\" content=\"Sindicato dos Banc\u00e1rios S\u00e3o Bento do Sul e Regi\u00e3o\" \/>\n\t<meta name=\"twitter:label2\" content=\"Est. tempo de leitura\" \/>\n\t<meta name=\"twitter:data2\" content=\"1 minuto\" \/>\n<script type=\"application\/ld+json\" class=\"yoast-schema-graph\">{\"@context\":\"https:\/\/schema.org\",\"@graph\":[{\"@type\":\"Article\",\"@id\":\"https:\/\/sindicatodosbancarios.org.br\/site2022\/2018\/09\/05\/informe-bancario-071-2018-caixa-antecipa-e-paga-plr-nesta-quinta-feira-06-09-2018\/#article\",\"isPartOf\":{\"@id\":\"https:\/\/sindicatodosbancarios.org.br\/site2022\/2018\/09\/05\/informe-bancario-071-2018-caixa-antecipa-e-paga-plr-nesta-quinta-feira-06-09-2018\/\"},\"author\":{\"name\":\"Sindicato dos Banc\u00e1rios S\u00e3o Bento do Sul e Regi\u00e3o\",\"@id\":\"https:\/\/sindicatodosbancarios.org.br\/site2022\/#\/schema\/person\/a7d92da77d1084df4d28b57962f1e1bd\"},\"headline\":\"INFORME BANC\u00c1RIO &#8211; 071 \/ 2018 &#8211; CAIXA ANTECIPA E PAGA PLR NESTA QUINTA FEIRA (06\/09\/2018)\",\"datePublished\":\"2018-09-05T18:37:33+00:00\",\"dateModified\":\"2018-09-05T18:39:29+00:00\",\"mainEntityOfPage\":{\"@id\":\"https:\/\/sindicatodosbancarios.org.br\/site2022\/2018\/09\/05\/informe-bancario-071-2018-caixa-antecipa-e-paga-plr-nesta-quinta-feira-06-09-2018\/\"},\"wordCount\":154,\"commentCount\":0,\"publisher\":{\"@id\":\"https:\/\/sindicatodosbancarios.org.br\/site2022\/#organization\"},\"articleSection\":[\"Geral\"],\"inLanguage\":\"pt-BR\",\"potentialAction\":[{\"@type\":\"CommentAction\",\"name\":\"Comment\",\"target\":[\"https:\/\/sindicatodosbancarios.org.br\/site2022\/2018\/09\/05\/informe-bancario-071-2018-caixa-antecipa-e-paga-plr-nesta-quinta-feira-06-09-2018\/#respond\"]}]},{\"@type\":\"WebPage\",\"@id\":\"https:\/\/sindicatodosbancarios.org.br\/site2022\/2018\/09\/05\/informe-bancario-071-2018-caixa-antecipa-e-paga-plr-nesta-quinta-feira-06-09-2018\/\",\"url\":\"https:\/\/sindicatodosbancarios.org.br\/site2022\/2018\/09\/05\/informe-bancario-071-2018-caixa-antecipa-e-paga-plr-nesta-quinta-feira-06-09-2018\/\",\"name\":\"INFORME BANC\u00c1RIO - 071 \/ 2018 - CAIXA ANTECIPA E PAGA PLR NESTA QUINTA FEIRA (06\/09\/2018) - Sindicato dos Banc\u00e1rios de S\u00e3o Bento do Sul e Regi\u00e3o\",\"isPartOf\":{\"@id\":\"https:\/\/sindicatodosbancarios.org.br\/site2022\/#website\"},\"datePublished\":\"2018-09-05T18:37:33+00:00\",\"dateModified\":\"2018-09-05T18:39:29+00:00\",\"breadcrumb\":{\"@id\":\"https:\/\/sindicatodosbancarios.org.br\/site2022\/2018\/09\/05\/informe-bancario-071-2018-caixa-antecipa-e-paga-plr-nesta-quinta-feira-06-09-2018\/#breadcrumb\"},\"inLanguage\":\"pt-BR\",\"potentialAction\":[{\"@type\":\"ReadAction\",\"target\":[\"https:\/\/sindicatodosbancarios.org.br\/site2022\/2018\/09\/05\/informe-bancario-071-2018-caixa-antecipa-e-paga-plr-nesta-quinta-feira-06-09-2018\/\"]}]},{\"@type\":\"BreadcrumbList\",\"@id\":\"https:\/\/sindicatodosbancarios.org.br\/site2022\/2018\/09\/05\/informe-bancario-071-2018-caixa-antecipa-e-paga-plr-nesta-quinta-feira-06-09-2018\/#breadcrumb\",\"itemListElement\":[{\"@type\":\"ListItem\",\"position\":1,\"name\":\"In\u00edcio\",\"item\":\"https:\/\/sindicatodosbancarios.org.br\/site2022\/\"},{\"@type\":\"ListItem\",\"position\":2,\"name\":\"INFORME BANC\u00c1RIO &#8211; 071 \/ 2018 &#8211; CAIXA ANTECIPA E PAGA PLR NESTA QUINTA FEIRA (06\/09\/2018)\"}]},{\"@type\":\"WebSite\",\"@id\":\"https:\/\/sindicatodosbancarios.org.br\/site2022\/#website\",\"url\":\"https:\/\/sindicatodosbancarios.org.br\/site2022\/\",\"name\":\"Sindicato dos Banc\u00e1rios de S\u00e3o Bento do Sul e Regi\u00e3o\",\"description\":\"Website institucional do Sindicato dos Banc\u00e1rios de S\u00e3o Bento do Sul e Regi\u00e3o\",\"publisher\":{\"@id\":\"https:\/\/sindicatodosbancarios.org.br\/site2022\/#organization\"},\"potentialAction\":[{\"@type\":\"SearchAction\",\"target\":{\"@type\":\"EntryPoint\",\"urlTemplate\":\"https:\/\/sindicatodosbancarios.org.br\/site2022\/?s={search_term_string}\"},\"query-input\":\"required name=search_term_string\"}],\"inLanguage\":\"pt-BR\"},{\"@type\":\"Organization\",\"@id\":\"https:\/\/sindicatodosbancarios.org.br\/site2022\/#organization\",\"name\":\"Sindicato dos Banc\u00e1rios de S\u00e3o Bento do Sul e Regi\u00e3o\",\"url\":\"https:\/\/sindicatodosbancarios.org.br\/site2022\/\",\"logo\":{\"@type\":\"ImageObject\",\"inLanguage\":\"pt-BR\",\"@id\":\"https:\/\/sindicatodosbancarios.org.br\/site2022\/#\/schema\/logo\/image\/\",\"url\":\"https:\/\/sindicatodosbancarios.org.br\/site2022\/wp-content\/uploads\/2017\/06\/cropped-logo-2.png\",\"contentUrl\":\"https:\/\/sindicatodosbancarios.org.br\/site2022\/wp-content\/uploads\/2017\/06\/cropped-logo-2.png\",\"width\":292,\"height\":292,\"caption\":\"Sindicato dos Banc\u00e1rios de S\u00e3o Bento do Sul e Regi\u00e3o\"},\"image\":{\"@id\":\"https:\/\/sindicatodosbancarios.org.br\/site2022\/#\/schema\/logo\/image\/\"}},{\"@type\":\"Person\",\"@id\":\"https:\/\/sindicatodosbancarios.org.br\/site2022\/#\/schema\/person\/a7d92da77d1084df4d28b57962f1e1bd\",\"name\":\"Sindicato dos Banc\u00e1rios S\u00e3o Bento do Sul e Regi\u00e3o\",\"image\":{\"@type\":\"ImageObject\",\"inLanguage\":\"pt-BR\",\"@id\":\"https:\/\/sindicatodosbancarios.org.br\/site2022\/#\/schema\/person\/image\/\",\"url\":\"https:\/\/secure.gravatar.com\/avatar\/f1d1a06f698f2345352e539387180d42?s=96&d=mm&r=g\",\"contentUrl\":\"https:\/\/secure.gravatar.com\/avatar\/f1d1a06f698f2345352e539387180d42?s=96&d=mm&r=g\",\"caption\":\"Sindicato dos Banc\u00e1rios S\u00e3o Bento do Sul e Regi\u00e3o\"},\"sameAs\":[\"http:\/\/sindicatodosbancarios.org.br\/site2022\/\",\"https:\/\/www.facebook.com\/seeb.sbs.9\"],\"url\":\"https:\/\/sindicatodosbancarios.org.br\/site2022\/author\/sindicatodosbancarios\/\"}]}<\/script>\n<!-- \/ Yoast SEO plugin. -->","yoast_head_json":{"title":"INFORME BANC\u00c1RIO - 071 \/ 2018 - CAIXA ANTECIPA E PAGA PLR NESTA QUINTA FEIRA (06\/09\/2018) - Sindicato dos Banc\u00e1rios de S\u00e3o Bento do Sul e Regi\u00e3o","robots":{"index":"index","follow":"follow","max-snippet":"max-snippet:-1","max-image-preview":"max-image-preview:large","max-video-preview":"max-video-preview:-1"},"canonical":"https:\/\/sindicatodosbancarios.org.br\/site2022\/2018\/09\/05\/informe-bancario-071-2018-caixa-antecipa-e-paga-plr-nesta-quinta-feira-06-09-2018\/","og_locale":"pt_BR","og_type":"article","og_title":"INFORME BANC\u00c1RIO - 071 \/ 2018 - CAIXA ANTECIPA E PAGA PLR NESTA QUINTA FEIRA (06\/09\/2018) - Sindicato dos Banc\u00e1rios de S\u00e3o Bento do Sul e Regi\u00e3o","og_description":"A Diretoria da Caixa Econ\u00f4mica Federal anunciou nesta quarta-feira (05\/09\/18) que vai antecipar o pagamento da PLR. O [&hellip;]","og_url":"https:\/\/sindicatodosbancarios.org.br\/site2022\/2018\/09\/05\/informe-bancario-071-2018-caixa-antecipa-e-paga-plr-nesta-quinta-feira-06-09-2018\/","og_site_name":"Sindicato dos Banc\u00e1rios de S\u00e3o Bento do Sul e Regi\u00e3o","article_author":"https:\/\/www.facebook.com\/seeb.sbs.9","article_published_time":"2018-09-05T18:37:33+00:00","article_modified_time":"2018-09-05T18:39:29+00:00","og_image":[{"width":700,"height":302,"url":"https:\/\/sindicatodosbancarios.org.br\/site2022\/wp-content\/uploads\/2018\/03\/acordo-preve-pagamento-da-plr-da-caixa-ate-o-dia-31_ff054e538eda7f1699c15d455ee2018.jpg","type":"image\/jpeg"}],"author":"Sindicato dos Banc\u00e1rios S\u00e3o Bento do Sul e Regi\u00e3o","twitter_card":"summary_large_image","twitter_misc":{"Escrito por":"Sindicato dos Banc\u00e1rios S\u00e3o Bento do Sul e Regi\u00e3o","Est. tempo de leitura":"1 minuto"},"schema":{"@context":"https:\/\/schema.org","@graph":[{"@type":"Article","@id":"https:\/\/sindicatodosbancarios.org.br\/site2022\/2018\/09\/05\/informe-bancario-071-2018-caixa-antecipa-e-paga-plr-nesta-quinta-feira-06-09-2018\/#article","isPartOf":{"@id":"https:\/\/sindicatodosbancarios.org.br\/site2022\/2018\/09\/05\/informe-bancario-071-2018-caixa-antecipa-e-paga-plr-nesta-quinta-feira-06-09-2018\/"},"author":{"name":"Sindicato dos Banc\u00e1rios S\u00e3o Bento do Sul e Regi\u00e3o","@id":"https:\/\/sindicatodosbancarios.org.br\/site2022\/#\/schema\/person\/a7d92da77d1084df4d28b57962f1e1bd"},"headline":"INFORME BANC\u00c1RIO &#8211; 071 \/ 2018 &#8211; CAIXA ANTECIPA E PAGA PLR NESTA QUINTA FEIRA (06\/09\/2018)","datePublished":"2018-09-05T18:37:33+00:00","dateModified":"2018-09-05T18:39:29+00:00","mainEntityOfPage":{"@id":"https:\/\/sindicatodosbancarios.org.br\/site2022\/2018\/09\/05\/informe-bancario-071-2018-caixa-antecipa-e-paga-plr-nesta-quinta-feira-06-09-2018\/"},"wordCount":154,"commentCount":0,"publisher":{"@id":"https:\/\/sindicatodosbancarios.org.br\/site2022\/#organization"},"articleSection":["Geral"],"inLanguage":"pt-BR","potentialAction":[{"@type":"CommentAction","name":"Comment","target":["https:\/\/sindicatodosbancarios.org.br\/site2022\/2018\/09\/05\/informe-bancario-071-2018-caixa-antecipa-e-paga-plr-nesta-quinta-feira-06-09-2018\/#respond"]}]},{"@type":"WebPage","@id":"https:\/\/sindicatodosbancarios.org.br\/site2022\/2018\/09\/05\/informe-bancario-071-2018-caixa-antecipa-e-paga-plr-nesta-quinta-feira-06-09-2018\/","url":"https:\/\/sindicatodosbancarios.org.br\/site2022\/2018\/09\/05\/informe-bancario-071-2018-caixa-antecipa-e-paga-plr-nesta-quinta-feira-06-09-2018\/","name":"INFORME BANC\u00c1RIO - 071 \/ 2018 - CAIXA ANTECIPA E PAGA PLR NESTA QUINTA FEIRA (06\/09\/2018) - Sindicato dos Banc\u00e1rios de S\u00e3o Bento do Sul e Regi\u00e3o","isPartOf":{"@id":"https:\/\/sindicatodosbancarios.org.br\/site2022\/#website"},"datePublished":"2018-09-05T18:37:33+00:00","dateModified":"2018-09-05T18:39:29+00:00","breadcrumb":{"@id":"https:\/\/sindicatodosbancarios.org.br\/site2022\/2018\/09\/05\/informe-bancario-071-2018-caixa-antecipa-e-paga-plr-nesta-quinta-feira-06-09-2018\/#breadcrumb"},"inLanguage":"pt-BR","potentialAction":[{"@type":"ReadAction","target":["https:\/\/sindicatodosbancarios.org.br\/site2022\/2018\/09\/05\/informe-bancario-071-2018-caixa-antecipa-e-paga-plr-nesta-quinta-feira-06-09-2018\/"]}]},{"@type":"BreadcrumbList","@id":"https:\/\/sindicatodosbancarios.org.br\/site2022\/2018\/09\/05\/informe-bancario-071-2018-caixa-antecipa-e-paga-plr-nesta-quinta-feira-06-09-2018\/#breadcrumb","itemListElement":[{"@type":"ListItem","position":1,"name":"In\u00edcio","item":"https:\/\/sindicatodosbancarios.org.br\/site2022\/"},{"@type":"ListItem","position":2,"name":"INFORME BANC\u00c1RIO &#8211; 071 \/ 2018 &#8211; CAIXA ANTECIPA E PAGA PLR NESTA QUINTA FEIRA (06\/09\/2018)"}]},{"@type":"WebSite","@id":"https:\/\/sindicatodosbancarios.org.br\/site2022\/#website","url":"https:\/\/sindicatodosbancarios.org.br\/site2022\/","name":"Sindicato dos Banc\u00e1rios de S\u00e3o Bento do Sul e Regi\u00e3o","description":"Website institucional do Sindicato dos Banc\u00e1rios de S\u00e3o Bento do Sul e Regi\u00e3o","publisher":{"@id":"https:\/\/sindicatodosbancarios.org.br\/site2022\/#organization"},"potentialAction":[{"@type":"SearchAction","target":{"@type":"EntryPoint","urlTemplate":"https:\/\/sindicatodosbancarios.org.br\/site2022\/?s={search_term_string}"},"query-input":"required name=search_term_string"}],"inLanguage":"pt-BR"},{"@type":"Organization","@id":"https:\/\/sindicatodosbancarios.org.br\/site2022\/#organization","name":"Sindicato dos Banc\u00e1rios de S\u00e3o Bento do Sul e Regi\u00e3o","url":"https:\/\/sindicatodosbancarios.org.br\/site2022\/","logo":{"@type":"ImageObject","inLanguage":"pt-BR","@id":"https:\/\/sindicatodosbancarios.org.br\/site2022\/#\/schema\/logo\/image\/","url":"https:\/\/sindicatodosbancarios.org.br\/site2022\/wp-content\/uploads\/2017\/06\/cropped-logo-2.png","contentUrl":"https:\/\/sindicatodosbancarios.org.br\/site2022\/wp-content\/uploads\/2017\/06\/cropped-logo-2.png","width":292,"height":292,"caption":"Sindicato dos Banc\u00e1rios de S\u00e3o Bento do Sul e Regi\u00e3o"},"image":{"@id":"https:\/\/sindicatodosbancarios.org.br\/site2022\/#\/schema\/logo\/image\/"}},{"@type":"Person","@id":"https:\/\/sindicatodosbancarios.org.br\/site2022\/#\/schema\/person\/a7d92da77d1084df4d28b57962f1e1bd","name":"Sindicato dos Banc\u00e1rios S\u00e3o Bento do Sul e Regi\u00e3o","image":{"@type":"ImageObject","inLanguage":"pt-BR","@id":"https:\/\/sindicatodosbancarios.org.br\/site2022\/#\/schema\/person\/image\/","url":"https:\/\/secure.gravatar.com\/avatar\/f1d1a06f698f2345352e539387180d42?s=96&d=mm&r=g","contentUrl":"https:\/\/secure.gravatar.com\/avatar\/f1d1a06f698f2345352e539387180d42?s=96&d=mm&r=g","caption":"Sindicato dos Banc\u00e1rios S\u00e3o Bento do Sul e Regi\u00e3o"},"sameAs":["http:\/\/sindicatodosbancarios.org.br\/site2022\/","https:\/\/www.facebook.com\/seeb.sbs.9"],"url":"https:\/\/sindicatodosbancarios.org.br\/site2022\/author\/sindicatodosbancarios\/"}]}},"jetpack_featured_media_url":"https:\/\/sindicatodosbancarios.org.br\/site2022\/wp-content\/uploads\/2018\/03\/acordo-preve-pagamento-da-plr-da-caixa-ate-o-dia-31_ff054e538eda7f1699c15d455ee2018.jpg","jetpack_sharing_enabled":true,"jetpack_shortlink":"https:\/\/wp.me\/p8RSbI-GR","jetpack-related-posts":[{"id":4494,"url":"https:\/\/sindicatodosbancarios.org.br\/site2022\/2020\/09\/14\/informe-bancario-347-2020-entenda-as-mudancas-na-plr-da-caixa\/","url_meta":{"origin":2657,"position":0},"title":"INFORME BANC\u00c1RIO \u2013 347\/2020 ENTENDA AS MUDAN\u00c7AS NA PLR DA CAIXA","date":"14 de setembro de 2020","format":false,"excerpt":"Com a informa\u00e7\u00e3o de que a Caixa Econ\u00f4mica Federal atendeu a reivindica\u00e7\u00e3o e ir\u00e1 antecipar o pagamento da Participa\u00e7\u00e3o nos Lucros ou Resultados (PLR) e do Abono \u00danico na nesta segunda-feira (14), os empregados da Caixa precisam entender as mudan\u00e7as nas regras da PLR. At\u00e9 o \u00faltimo acordo, fechado em\u2026","rel":"","context":"Em &quot;Caixa Econ\u00f4mica Federal&quot;","img":{"alt_text":"","src":"https:\/\/i0.wp.com\/sindicatodosbancarios.org.br\/site2022\/wp-content\/uploads\/2020\/09\/140920153836-CAIXA.jpg?resize=350%2C200&ssl=1","width":350,"height":200},"classes":[]},{"id":5284,"url":"https:\/\/sindicatodosbancarios.org.br\/site2022\/2021\/03\/31\/informe-bancarios-92-2021-movimento-sindical-bancario-e-empregados-cobram-direcao-da-caixa-correcao-no-pagamento-da-plr-conforme-o-act\/","url_meta":{"origin":2657,"position":1},"title":"INFORME BANC\u00c1RIOS \u2013 92\/2021 MOVIMENTO SINDICAL BANC\u00c1RIO E EMPREGADOS COBRAM DIRE\u00c7\u00c3O DA CAIXA CORRE\u00c7\u00c3O NO PAGAMENTO DA PLR CONFORME O ACT","date":"31 de mar\u00e7o de 2021","format":false,"excerpt":"Segundo levantamento do DIEESE, o pagamento foi feito utilizando o valor de 3% do lucro l\u00edquido e n\u00e3o 4%. A Confedera\u00e7\u00e3o Nacional dos Trabalhadores do Ramo Financeiro (CONTRAF-CUT), assessorada pela Comiss\u00e3o Executiva dos Empregados da Caixa (CEE\/Caixa), enviou um Of\u00edcio, na sexta-feira (26), \u00e0 Dire\u00e7\u00e3o do Banco cobrando esclarecimentos quanto\u2026","rel":"","context":"Em &quot;Caixa Econ\u00f4mica Federal&quot;","img":{"alt_text":"","src":"https:\/\/i0.wp.com\/sindicatodosbancarios.org.br\/site2022\/wp-content\/uploads\/2021\/03\/Caixa-Econ\u00f4mica-Federal-740x494.png?resize=350%2C200&ssl=1","width":350,"height":200},"classes":[]},{"id":5657,"url":"https:\/\/sindicatodosbancarios.org.br\/site2022\/2021\/09\/01\/informe-bancario-205-2021-contec-solicita-antecipacao-do-pagamento-da-plr-aos-bancos\/","url_meta":{"origin":2657,"position":2},"title":"INFORME BANC\u00c1RIO \u2013 205\/2021 CONTEC solicita antecipa\u00e7\u00e3o do pagamento da PLR aos bancos","date":"1 de setembro de 2021","format":false,"excerpt":"O presidente da Confedera\u00e7\u00e3o Nacional dos Trabalhadores nas Empresas de Cr\u00e9dito (CONTEC), Louren\u00e7o Prado enviou of\u00edcio ao presidente da CAIXA, Pedro Guimar\u00e3es, solicitando a antecipa\u00e7\u00e3o do cr\u00e9dito da Participa\u00e7\u00e3o nos Lucros ou Resultados (PLR) aos empregados do banco. A diretoria da CONTEC tamb\u00e9m oficiou outros bancos solicitando a antecipa\u00e7\u00e3o do\u2026","rel":"","context":"Em &quot;Banco do Brasil&quot;","img":{"alt_text":"","src":"https:\/\/i0.wp.com\/sindicatodosbancarios.org.br\/site2022\/wp-content\/uploads\/2021\/09\/banc18.jpeg?resize=350%2C200&ssl=1","width":350,"height":200},"classes":[]},{"id":5937,"url":"https:\/\/sindicatodosbancarios.org.br\/site2022\/2022\/02\/25\/informe-bancario-26-2022-caixa-economica-federal-paga-plr-nesta-sexta-feira-25\/","url_meta":{"origin":2657,"position":3},"title":"INFORME BANC\u00c1RIO \u2013 26\/2022 Caixa Econ\u00f4mica Federal paga PLR nesta sexta-feira (25)","date":"25 de fevereiro de 2022","format":false,"excerpt":"A Caixa Econ\u00f4mica Federal vai pagar nesta\u00a0\u00a0sexta-feira (25) aos seus empregados o valor referente a PLR.\u00a0\u00a0O cr\u00e9dito ser\u00e1 feito nesta noite de quinta (24), conforme informes internos. Fonte Contec, 24\/02\/2022","rel":"","context":"Em &quot;Caixa Econ\u00f4mica Federal&quot;","img":{"alt_text":"","src":"https:\/\/i0.wp.com\/sindicatodosbancarios.org.br\/site2022\/wp-content\/uploads\/2022\/02\/caixa.png?resize=350%2C200&ssl=1","width":350,"height":200},"classes":[]},{"id":5701,"url":"https:\/\/sindicatodosbancarios.org.br\/site2022\/2021\/09\/10\/informe-bancario-219-2021-caixa-paga-plr-ainda-nesta-sexta-feira-10-09-21\/","url_meta":{"origin":2657,"position":4},"title":"INFORME BANC\u00c1RIO \u2013 219\/2021 CAIXA PAGA PLR AINDA NESTA SEXTA-FEIRA 10\/09\/21","date":"10 de setembro de 2021","format":false,"excerpt":"A Caixa Econ\u00f4mica Federal atendeu o pedido do Movimento Sindical e paga PLR em 10\/09\/21. Atendendo ao pedido do Movimento Sindical Banc\u00e1rio, Confedera\u00e7\u00f5es, Federa\u00e7\u00f5es e Sindicatos da Categoria Banc\u00e1ria, a Caixa Econ\u00f4mica Federal informou nesta sexta-feira (10) que efetuar\u00e1 o pagamento da primeira parcela da Participa\u00e7\u00e3o nos Lucros e\/ou Resultados\u2026","rel":"","context":"Em &quot;Caixa Econ\u00f4mica Federal&quot;","img":{"alt_text":"","src":"https:\/\/i0.wp.com\/sindicatodosbancarios.org.br\/site2022\/wp-content\/uploads\/2020\/09\/brasilia-df-brasil-caixa-economica-federal-foto-marcelo-camargoagencia-brasil-1600822484947_v2_900x506.jpg?resize=350%2C200&ssl=1","width":350,"height":200},"classes":[]},{"id":5731,"url":"https:\/\/sindicatodosbancarios.org.br\/site2022\/2021\/10\/07\/informe-bancario-229-2021-caixa-presta-explicacoes-cobradas-pela-contec-sobre-antecipacao-da-plr\/","url_meta":{"origin":2657,"position":5},"title":"INFORME BANC\u00c1RIO \u2013 229\/2021 CAIXA PRESTA EXPLICA\u00c7\u00d5ES COBRADAS PELA CONTEC SOBRE ANTECIPA\u00c7\u00c3O DA PLR","date":"7 de outubro de 2021","format":false,"excerpt":"A Comiss\u00e3o Nacional dos Empregados da CAIXA\/CONTEC esteve reunida no dia 23\/09\/2021 com a Dire\u00e7\u00e3o da Caixa para tratar sobre a antecipa\u00e7\u00e3o da PLR prevista no ACT 2020\/2021 CONTEC, sob a Coordena\u00e7\u00e3o de Carlos Roberto Rodrigues, Vice-presidente do SEEB MARING\u00c1 E REGI\u00c3O PR, representando neste ato a CONTEC e Federa\u00e7\u00e3o\u2026","rel":"","context":"Em &quot;Geral&quot;","img":{"alt_text":"","src":"https:\/\/i0.wp.com\/sindicatodosbancarios.org.br\/site2022\/wp-content\/uploads\/2021\/10\/051021234511-CAIXA_PLR.png?resize=350%2C200&ssl=1","width":350,"height":200},"classes":[]}],"_links":{"self":[{"href":"https:\/\/sindicatodosbancarios.org.br\/site2022\/wp-json\/wp\/v2\/posts\/2657"}],"collection":[{"href":"https:\/\/sindicatodosbancarios.org.br\/site2022\/wp-json\/wp\/v2\/posts"}],"about":[{"href":"https:\/\/sindicatodosbancarios.org.br\/site2022\/wp-json\/wp\/v2\/types\/post"}],"author":[{"embeddable":true,"href":"https:\/\/sindicatodosbancarios.org.br\/site2022\/wp-json\/wp\/v2\/users\/2"}],"replies":[{"embeddable":true,"href":"https:\/\/sindicatodosbancarios.org.br\/site2022\/wp-json\/wp\/v2\/comments?post=2657"}],"version-history":[{"count":1,"href":"https:\/\/sindicatodosbancarios.org.br\/site2022\/wp-json\/wp\/v2\/posts\/2657\/revisions"}],"predecessor-version":[{"id":2658,"href":"https:\/\/sindicatodosbancarios.org.br\/site2022\/wp-json\/wp\/v2\/posts\/2657\/revisions\/2658"}],"wp:featuredmedia":[{"embeddable":true,"href":"https:\/\/sindicatodosbancarios.org.br\/site2022\/wp-json\/wp\/v2\/media\/2455"}],"wp:attachment":[{"href":"https:\/\/sindicatodosbancarios.org.br\/site2022\/wp-json\/wp\/v2\/media?parent=2657"}],"wp:term":[{"taxonomy":"category","embeddable":true,"href":"https:\/\/sindicatodosbancarios.org.br\/site2022\/wp-json\/wp\/v2\/categories?post=2657"},{"taxonomy":"post_tag","embeddable":true,"href":"https:\/\/sindicatodosbancarios.org.br\/site2022\/wp-json\/wp\/v2\/tags?post=2657"}],"curies":[{"name":"wp","href":"https:\/\/api.w.org\/{rel}","templated":true}]}}