{"id":2661,"date":"2018-09-05T19:10:52","date_gmt":"2018-09-05T22:10:52","guid":{"rendered":"https:\/\/sindicatodosbancarios.org.br\/?p=2661"},"modified":"2018-09-05T19:10:52","modified_gmt":"2018-09-05T22:10:52","slug":"informe-bancario-073-2018-campanha-salarial-2018-2020","status":"publish","type":"post","link":"https:\/\/sindicatodosbancarios.org.br\/site2022\/2018\/09\/05\/informe-bancario-073-2018-campanha-salarial-2018-2020\/","title":{"rendered":"INFORME BANC\u00c1RIO &#8211; 073 \/ 2018 &#8211; CAMPANHA SALARIAL &#8211; 2018 \/ 2020"},"content":{"rendered":"<p>PROPOSTA FENABAN:<br \/>\nSal\u00e1rios, aux\u00edlios e PLR com reajuste de 5% a partir de 1\u00ba de Setembro \/2018 (aumento real de 1,22%).<br \/>\nEm 01\/09\/2019 est\u00e1 garantida a reposi\u00e7\u00e3o do INPC mais 1% de ganho real.<\/p>\n<p>Pisos Ingresso:<br \/>\nPortaria, Cont\u00ednuos e Serventes: R$ 1.465,38.<br \/>\nEscrit\u00f3rio: R$ 2.100,22<br \/>\nCaixa e Tesoureiro: R$ 2.100,22<\/p>\n<p>Pisos ap\u00f3s 90 dias:<br \/>\nPortaria: R$ 1.605,19<br \/>\nEscrit\u00f3rio: R$ 2.302,52<br \/>\nCaixa e Tesoureiro: R$ 3.110,40<\/p>\n<p>Aux\u00edlio-Refei\u00e7\u00e3o 35,18 x 22: R$ 773,96<br \/>\nAux\u00edlio-Alimenta\u00e7\u00e3o: R$ 609,88<br \/>\nAux\u00edlio creche\/bab\u00e1 (filhos de at\u00e9 71 meses): R$ 468,42<br \/>\nRequalifica\u00e7\u00e3o Profissional: R$ 1.572,66<\/p>\n<p>ANTECIPA\u00c7\u00c3O DA PLR:<br \/>\nSer\u00e1 creditada at\u00e9 o dia 20 de setembro de 2018.<br \/>\nREGRA B\u00c1SICA 60% da regra b\u00e1sica, ou seja, 54% do sal\u00e1rio + R$ 1.413,46.<br \/>\nREGRA ADICIONAL: Distribui\u00e7\u00e3o linear de 2,2% do lucro l\u00edquido semestral dos bancos, com teto de R$ 2.355,76.<br \/>\nPLR: REGRA: 90% do sal\u00e1rio + valor fixo de R$ 2.355,76.<br \/>\nCaso o montante n\u00e3o atinja 5% do lucro l\u00edquido dos bancos o valor ser\u00e1 elevado at\u00e9 o limite individual de 2,2 sal\u00e1rios.<\/p>\n<p>REMUNERA\u00c7\u00c3O VARI\u00c1VEL:<br \/>\nPLR-Regra B\u00e1sica valor fixo de R$ 2.355,76<br \/>\nPLR-Parcela Adicional de R$ 4.711,52<br \/>\nPARCELA ADICIONAL<br \/>\nDistribui\u00e7\u00e3o linear de 2,2% do lucro l\u00edquido anual dos bancos, com teto de R$ 4.711,52.<\/p>\n<p>BANC\u00c1RIOS DO BRASIL FECHAM ACORDO HIST\u00d3RICO SEM GREVE E COM GANHO REAL POR 2 ANOS.<\/p>\n<p>A lei 13467 \u2013 Reforma Trabalhista acabou com a ultratividade, quer dizer que a partir de 31 de agosto de 2018, nenhum direito estaria garantido, para mant\u00ea-los somente com a negocia\u00e7\u00e3o coletiva, que \u00e9 o princ\u00edpio do Negociado sobre o Legislado.<\/p>\n<p>No in\u00edcio das negocia\u00e7\u00f5es os Bancos vieram para acabar a negocia\u00e7\u00e3o nacional unificada da categoria banc\u00e1ria, com muita argumenta\u00e7\u00e3o conseguimos demover os representantes dos bancos desta posi\u00e7\u00e3o.<\/p>\n<p>O setor banc\u00e1rio estava com a FACA e o QUEIJO na m\u00e3o para impor um retrocesso \u00e0 categoria banc\u00e1ria.<\/p>\n<p>H\u00e1 muitos anos defendemos o fechamento da Campanha Salarial construindo um Acordo na Mesa de negocia\u00e7\u00e3o, sem o desgaste que uma greve causa para todas as partes envolvidas.<\/p>\n<p>Nos \u00faltimos anos, ap\u00f3s a apresenta\u00e7\u00e3o da proposta patronal, os Sindicatos realizavam as assembleias da categoria, que rejeitavam a oferta, e por sua vez, a FENABAN encerrava as negocia\u00e7\u00f5es e o \u00fanico caminho que restava era a greve que chegou a durar at\u00e9 31 dias em 2016.<\/p>\n<p>No acordo de 2016 a infla\u00e7\u00e3o era de 9,62% fechamos um acordo com 8% de reajuste, mais um abono de R$ 4.000,00. Ficou para 2017 a garantia do INPC + ganho real de 1%, mesmo com 31 dias de greve perdemos 0,62%.<\/p>\n<p>No in\u00edcio das negocia\u00e7\u00f5es (2018) as aspira\u00e7\u00f5es da categoria banc\u00e1ria eram a manuten\u00e7\u00e3o da Conven\u00e7\u00e3o Coletiva de Trabalho (CCT), do ACT BB e ACT Caixa, com todos os direitos assegurados, depois da Reforma Trabalhista, mais a reposi\u00e7\u00e3o da infla\u00e7\u00e3o e Ganho Real.<\/p>\n<p>Este ano a Comiss\u00e3o Executiva Banc\u00e1ria Nacional de Negocia\u00e7\u00e3o\/CONTEC fechou um acordo na Mesa de Negocia\u00e7\u00e3o, com validade de 2 anos, e a garantia dos tr\u00eas pontos destacados pela categoria como eixos principais para a assinatura de Acordo.<\/p>\n<p>Neste ano tamb\u00e9m ocorreu \u00e0 troca do negociador da FENABAN, saiu o Dr. Magnus Apost\u00f3lico Ribas e entrou o Dr. Adauto de Oliveira Duarte, que assumiu a fun\u00e7\u00e3o de Diretor de Pol\u00edticas de Rela\u00e7\u00f5es Trabalhistas e Sindicais da FENABAN, mudando assim aquela rotina anteriormente praticada.<\/p>\n<p>Este Preambulo abaixo consta da Proposta da CCT \u2013 FENABAN:<br \/>\n\u201cEsta minuta, somente ser\u00e1 v\u00e1lida se a negocia\u00e7\u00e3o coletiva for conclu\u00edda em mesa de negocia\u00e7\u00e3o direta, at\u00e9 25\/08\/2018 e com Assinatura de Conven\u00e7\u00e3o Coletiva de Trabalho, at\u00e9 31\/08\/2018, com acordo entre as partes com rela\u00e7\u00e3o ao todo, n\u00e3o sendo v\u00e1lida em parte. Trata-se de minuta de instrumento coletivo aut\u00f4nomo, cujo conjunto \u00e9 formado por normas que est\u00e3o interligados como resultantes de processo de negocia\u00e7\u00e3o coletiva, com previs\u00e3o de in\u00fameras vantagens e contrapartidas.\u201d<\/p>\n<p>Resumo da Negocia\u00e7\u00e3o e Proposta Global Patronal:<br \/>\nManuten\u00e7\u00e3o de todos os direitos da CCT Fenaban, do ACT Banco do Brasil e do ACT da Caixa, inclusive sobre PLR.<br \/>\nAcordo por 2 anos, como por exemplo Vales Refei\u00e7\u00e3o e Alimenta\u00e7\u00e3o, Vales Cesta e 13\u00ba Vale Cesta Alimenta\u00e7\u00e3o, dentre outros benef\u00edcios da CCT.<\/p>\n<p>REAJUSTE:<br \/>\nTodos as verbas salariais ser\u00e3o corrigidas em 5% que se refere ao INPC + ganho real de 1,22% em 01\/09\/2018. Em 01\/09\/2019 est\u00e1 garantida a reposi\u00e7\u00e3o do INPC mais 1% de ganho real.<br \/>\nCria\u00e7\u00e3o da mesa permanente de negocia\u00e7\u00e3o, para tratar de temas que gerarem alguma interpreta\u00e7\u00e3o divergente. Solicitaram que antes do Sindicato ingressar com a\u00e7\u00e3o na Justi\u00e7a, que deem a oportunidade para resolver as diverg\u00eancias sem a judicializa\u00e7\u00e3o.<\/p>\n<p>Clausulas novas:<\/p>\n<p>INTERVALO PARA REFEI\u00c7\u00c3O:<br \/>\nAmplia\u00e7\u00e3o do intervalo de 15, para 30 minutos para refei\u00e7\u00e3o aos empregados de 6 horas, todos os Bancos.<br \/>\nNa Caixa, amplia\u00e7\u00e3o do intervalo de 15, para 30 minutos para refei\u00e7\u00e3o aos empregados de 6 horas.<br \/>\nNo BB, al\u00e9m das 6 horas \u00e9 opcional a redu\u00e7\u00e3o para os empregados de (oito) horas.<br \/>\nNos Bancos Privados e na CEF, os representantes dos empregadores n\u00e3o aceitaram aplicar a redu\u00e7\u00e3o do hor\u00e1rio de refei\u00e7\u00e3o para os empregados de 8 (oito) horas.<\/p>\n<p>DEVOLU\u00c7\u00c3O DO ADIANTAMENTO DE F\u00c9RIAS PARCELADO:<br \/>\nNos Bancos Privados, o direito de adiantamento de f\u00e9rias com devolu\u00e7\u00e3o em at\u00e9 3 vezes com parcelas iguais e sem juros a partir de 04\/2019.<\/p>\n<p>ADIANTAMENTO EMERGENCIAL DE SAL\u00c1RIOS NOS PER\u00cdODOS TRANSIT\u00d3RIOS ESPECIAIS DE AFASTAMENTO POR DOEN\u00c7A:<br \/>\nNos afastamentos por doen\u00e7a ser\u00e1 garantido o adiantamento por at\u00e9 120 dias, enquanto n\u00e3o concedido o benef\u00edcio, com sua restitui\u00e7\u00e3o at\u00e9 5 dias \u00fateis ap\u00f3s o recebimento do benef\u00edcio.<\/p>\n<p>ESPEC\u00cdFICAS DA CAIXA:<br \/>\nNa caixa o grande empecilho era o Sa\u00fade Caixa que tinha forte press\u00e3o da CGEPAR, para impor diversas limita\u00e7\u00f5es de uso aos empregados, al\u00e9m da PLR Social de 4% distribu\u00edda linearmente a todos os empregados, que a Caixa amea\u00e7ava n\u00e3o renovar, mas com a press\u00e3o dos negociadores, ela acabou cedendo.<\/p>\n<p>ESPEC\u00cdFICAS DO BANCO DO BRASIL:<\/p>\n<p>A cl\u00e1usula Dispensa de Fun\u00e7\u00e3o ou de Comiss\u00e3o em Extin\u00e7\u00e3o decorrente de Avalia\u00e7\u00e3o Funcional, que prev\u00ea 3 ciclos de avalia\u00e7\u00f5es consecutivos. O BB queria diminuir para 2, mas no final conseguimos manter o mesmo crit\u00e9rio.<\/p>\n<p>No Banco do Brasil, a cl\u00e1usula que trata do ADICIONAL DE FUN\u00c7\u00c3O DE CONFIAN\u00c7A &#8211; AFC e DE FUN\u00c7\u00c3O DE GRATIFICADA AFG, que previa que o BB iria efetuar ajustes nos percentuais do AFC e AFG, a partir de 01\/09\/2016 (18,75%), em 01\/09\/2019 (25%), em 01\/09\/2022 (31,25%), e em 01\/08\/2025 (37,50%).<\/p>\n<p>O Banco do Brasil n\u00e3o queria renovar esta cl\u00e1usula que previa direitos futuros.<br \/>\nNas negocia\u00e7\u00f5es ap\u00f3s grande debate, o BB prop\u00f4s fazer uma m\u00e9dia aritm\u00e9tica ponderada de todos os \u00edndices futuros e realizar o pagamento em 01\/09\/2019, com um reajuste de 28,125%, Cl\u00e1usula 56\u00aa desta Proposta.<\/p>\n<p>CONTRIBUI\u00c7\u00c3O NEGOCIAL: Fenaban, CEF e BB:<\/p>\n<p>Faz parte da proposta global apresentada pela FENABAN no dia 25 de agosto, e \u00e9 uma contribui\u00e7\u00e3o para fortalecimento da Entidade Sindical, logo ap\u00f3s a reforma trabalhista que veio para aniquilar o direito dos trabalhadores bem como a sua representatividade atrav\u00e9s dos Sindicatos Profissionais.<\/p>\n<p>Ser\u00e1 descontada sem direito de oposi\u00e7\u00e3o, sendo 1,5% sobre o sal\u00e1rio de setembro corrigido, com um valor m\u00ednimo de R$ 50,00 e m\u00e1ximo de R$ 250,00, mais 1,5% sobre a primeira parcela da PLR, com um valor m\u00ednimo de R$ 50,00 e m\u00e1ximo R$ 210,00, e mais 1,5% sobre a segunda parcela da PLR, com um valor m\u00ednimo de R$ 50,00 e m\u00e1ximo de R$ 210,00.<\/p>\n<p>Em Assembleia Geral Extraordin\u00e1ria realizada no dia 30 de agosto, no Sindicato dos Banc\u00e1rios de S\u00e3o Bento do Sul e Regi\u00e3o, a proposta foi aceita por unanimidade por todos os segmentos, e o pagamento do sal\u00e1rio corrigido ocorrer\u00e1 no pr\u00f3prio m\u00eas de setembro.<br \/>\nEm 20 de setembro de 2018 ser\u00e1 paga a antecipa\u00e7\u00e3o da PLR para todos os banc\u00e1rios.<\/p>\n<p>A Conven\u00e7\u00e3o Coletiva de Trabalho &#8211; CCT \u2013 2018\/2020, foi assinada no dia 31 de agosto de 2018 em S\u00e3o Paulo, pela Contec que representou as Federa\u00e7\u00f5es e Sindicatos que aprovaram.<\/p>\n<p>Texto produzido com a colabora\u00e7\u00e3o de &#8211; Julcemar Jorge Patricio, Representante da FEEB-SC na Mesa de Negocia\u00e7\u00e3o\/Contec.<\/p>\n","protected":false},"excerpt":{"rendered":"<p>PROPOSTA FENABAN: Sal\u00e1rios, aux\u00edlios e PLR com reajuste de 5% a partir de 1\u00ba de Setembro \/2018 (aumento [&hellip;]<\/p>\n","protected":false},"author":2,"featured_media":2473,"comment_status":"open","ping_status":"open","sticky":false,"template":"","format":"standard","meta":{"jetpack_post_was_ever_published":false,"jetpack_publicize_message":"","jetpack_is_tweetstorm":false,"jetpack_publicize_feature_enabled":true,"jetpack_social_post_already_shared":true,"jetpack_social_options":[]},"categories":[1],"tags":[],"jetpack_publicize_connections":[],"acf":[],"yoast_head":"<!-- This site is optimized with the Yoast SEO plugin v19.14 - https:\/\/yoast.com\/wordpress\/plugins\/seo\/ -->\n<title>INFORME BANC\u00c1RIO - 073 \/ 2018 - CAMPANHA SALARIAL - 2018 \/ 2020 - Sindicato dos Banc\u00e1rios de S\u00e3o Bento do Sul e Regi\u00e3o<\/title>\n<meta name=\"robots\" content=\"index, follow, max-snippet:-1, max-image-preview:large, max-video-preview:-1\" \/>\n<link rel=\"canonical\" href=\"https:\/\/sindicatodosbancarios.org.br\/site2022\/2018\/09\/05\/informe-bancario-073-2018-campanha-salarial-2018-2020\/\" \/>\n<meta property=\"og:locale\" content=\"pt_BR\" \/>\n<meta property=\"og:type\" content=\"article\" \/>\n<meta property=\"og:title\" content=\"INFORME BANC\u00c1RIO - 073 \/ 2018 - CAMPANHA SALARIAL - 2018 \/ 2020 - Sindicato dos Banc\u00e1rios de S\u00e3o Bento do Sul e Regi\u00e3o\" \/>\n<meta property=\"og:description\" content=\"PROPOSTA FENABAN: Sal\u00e1rios, aux\u00edlios e PLR com reajuste de 5% a partir de 1\u00ba de Setembro \/2018 (aumento [&hellip;]\" \/>\n<meta property=\"og:url\" content=\"https:\/\/sindicatodosbancarios.org.br\/site2022\/2018\/09\/05\/informe-bancario-073-2018-campanha-salarial-2018-2020\/\" \/>\n<meta property=\"og:site_name\" content=\"Sindicato dos Banc\u00e1rios de S\u00e3o Bento do Sul e Regi\u00e3o\" \/>\n<meta property=\"article:author\" content=\"https:\/\/www.facebook.com\/seeb.sbs.9\" \/>\n<meta property=\"article:published_time\" content=\"2018-09-05T22:10:52+00:00\" \/>\n<meta property=\"og:image\" content=\"https:\/\/sindicatodosbancarios.org.br\/site2022\/wp-content\/uploads\/2018\/04\/24-2018.png\" \/>\n\t<meta property=\"og:image:width\" content=\"259\" \/>\n\t<meta property=\"og:image:height\" content=\"194\" \/>\n\t<meta property=\"og:image:type\" content=\"image\/png\" \/>\n<meta name=\"author\" content=\"Sindicato dos Banc\u00e1rios S\u00e3o Bento do Sul e Regi\u00e3o\" \/>\n<meta name=\"twitter:card\" content=\"summary_large_image\" \/>\n<meta name=\"twitter:label1\" content=\"Escrito por\" \/>\n\t<meta name=\"twitter:data1\" content=\"Sindicato dos Banc\u00e1rios S\u00e3o Bento do Sul e Regi\u00e3o\" \/>\n\t<meta name=\"twitter:label2\" content=\"Est. tempo de leitura\" \/>\n\t<meta name=\"twitter:data2\" content=\"7 minutos\" \/>\n<script type=\"application\/ld+json\" class=\"yoast-schema-graph\">{\"@context\":\"https:\/\/schema.org\",\"@graph\":[{\"@type\":\"Article\",\"@id\":\"https:\/\/sindicatodosbancarios.org.br\/site2022\/2018\/09\/05\/informe-bancario-073-2018-campanha-salarial-2018-2020\/#article\",\"isPartOf\":{\"@id\":\"https:\/\/sindicatodosbancarios.org.br\/site2022\/2018\/09\/05\/informe-bancario-073-2018-campanha-salarial-2018-2020\/\"},\"author\":{\"name\":\"Sindicato dos Banc\u00e1rios S\u00e3o Bento do Sul e Regi\u00e3o\",\"@id\":\"https:\/\/sindicatodosbancarios.org.br\/site2022\/#\/schema\/person\/a7d92da77d1084df4d28b57962f1e1bd\"},\"headline\":\"INFORME BANC\u00c1RIO &#8211; 073 \/ 2018 &#8211; CAMPANHA SALARIAL &#8211; 2018 \/ 2020\",\"datePublished\":\"2018-09-05T22:10:52+00:00\",\"dateModified\":\"2018-09-05T22:10:52+00:00\",\"mainEntityOfPage\":{\"@id\":\"https:\/\/sindicatodosbancarios.org.br\/site2022\/2018\/09\/05\/informe-bancario-073-2018-campanha-salarial-2018-2020\/\"},\"wordCount\":1378,\"commentCount\":0,\"publisher\":{\"@id\":\"https:\/\/sindicatodosbancarios.org.br\/site2022\/#organization\"},\"articleSection\":[\"Geral\"],\"inLanguage\":\"pt-BR\",\"potentialAction\":[{\"@type\":\"CommentAction\",\"name\":\"Comment\",\"target\":[\"https:\/\/sindicatodosbancarios.org.br\/site2022\/2018\/09\/05\/informe-bancario-073-2018-campanha-salarial-2018-2020\/#respond\"]}]},{\"@type\":\"WebPage\",\"@id\":\"https:\/\/sindicatodosbancarios.org.br\/site2022\/2018\/09\/05\/informe-bancario-073-2018-campanha-salarial-2018-2020\/\",\"url\":\"https:\/\/sindicatodosbancarios.org.br\/site2022\/2018\/09\/05\/informe-bancario-073-2018-campanha-salarial-2018-2020\/\",\"name\":\"INFORME BANC\u00c1RIO - 073 \/ 2018 - CAMPANHA SALARIAL - 2018 \/ 2020 - Sindicato dos Banc\u00e1rios de S\u00e3o Bento do Sul e Regi\u00e3o\",\"isPartOf\":{\"@id\":\"https:\/\/sindicatodosbancarios.org.br\/site2022\/#website\"},\"datePublished\":\"2018-09-05T22:10:52+00:00\",\"dateModified\":\"2018-09-05T22:10:52+00:00\",\"breadcrumb\":{\"@id\":\"https:\/\/sindicatodosbancarios.org.br\/site2022\/2018\/09\/05\/informe-bancario-073-2018-campanha-salarial-2018-2020\/#breadcrumb\"},\"inLanguage\":\"pt-BR\",\"potentialAction\":[{\"@type\":\"ReadAction\",\"target\":[\"https:\/\/sindicatodosbancarios.org.br\/site2022\/2018\/09\/05\/informe-bancario-073-2018-campanha-salarial-2018-2020\/\"]}]},{\"@type\":\"BreadcrumbList\",\"@id\":\"https:\/\/sindicatodosbancarios.org.br\/site2022\/2018\/09\/05\/informe-bancario-073-2018-campanha-salarial-2018-2020\/#breadcrumb\",\"itemListElement\":[{\"@type\":\"ListItem\",\"position\":1,\"name\":\"In\u00edcio\",\"item\":\"https:\/\/sindicatodosbancarios.org.br\/site2022\/\"},{\"@type\":\"ListItem\",\"position\":2,\"name\":\"INFORME BANC\u00c1RIO &#8211; 073 \/ 2018 &#8211; CAMPANHA SALARIAL &#8211; 2018 \/ 2020\"}]},{\"@type\":\"WebSite\",\"@id\":\"https:\/\/sindicatodosbancarios.org.br\/site2022\/#website\",\"url\":\"https:\/\/sindicatodosbancarios.org.br\/site2022\/\",\"name\":\"Sindicato dos Banc\u00e1rios de S\u00e3o Bento do Sul e Regi\u00e3o\",\"description\":\"Website institucional do Sindicato dos Banc\u00e1rios de S\u00e3o Bento do Sul e Regi\u00e3o\",\"publisher\":{\"@id\":\"https:\/\/sindicatodosbancarios.org.br\/site2022\/#organization\"},\"potentialAction\":[{\"@type\":\"SearchAction\",\"target\":{\"@type\":\"EntryPoint\",\"urlTemplate\":\"https:\/\/sindicatodosbancarios.org.br\/site2022\/?s={search_term_string}\"},\"query-input\":\"required name=search_term_string\"}],\"inLanguage\":\"pt-BR\"},{\"@type\":\"Organization\",\"@id\":\"https:\/\/sindicatodosbancarios.org.br\/site2022\/#organization\",\"name\":\"Sindicato dos Banc\u00e1rios de S\u00e3o Bento do Sul e Regi\u00e3o\",\"url\":\"https:\/\/sindicatodosbancarios.org.br\/site2022\/\",\"logo\":{\"@type\":\"ImageObject\",\"inLanguage\":\"pt-BR\",\"@id\":\"https:\/\/sindicatodosbancarios.org.br\/site2022\/#\/schema\/logo\/image\/\",\"url\":\"https:\/\/sindicatodosbancarios.org.br\/site2022\/wp-content\/uploads\/2017\/06\/cropped-logo-2.png\",\"contentUrl\":\"https:\/\/sindicatodosbancarios.org.br\/site2022\/wp-content\/uploads\/2017\/06\/cropped-logo-2.png\",\"width\":292,\"height\":292,\"caption\":\"Sindicato dos Banc\u00e1rios de S\u00e3o Bento do Sul e Regi\u00e3o\"},\"image\":{\"@id\":\"https:\/\/sindicatodosbancarios.org.br\/site2022\/#\/schema\/logo\/image\/\"}},{\"@type\":\"Person\",\"@id\":\"https:\/\/sindicatodosbancarios.org.br\/site2022\/#\/schema\/person\/a7d92da77d1084df4d28b57962f1e1bd\",\"name\":\"Sindicato dos Banc\u00e1rios S\u00e3o Bento do Sul e Regi\u00e3o\",\"image\":{\"@type\":\"ImageObject\",\"inLanguage\":\"pt-BR\",\"@id\":\"https:\/\/sindicatodosbancarios.org.br\/site2022\/#\/schema\/person\/image\/\",\"url\":\"https:\/\/secure.gravatar.com\/avatar\/f1d1a06f698f2345352e539387180d42?s=96&d=mm&r=g\",\"contentUrl\":\"https:\/\/secure.gravatar.com\/avatar\/f1d1a06f698f2345352e539387180d42?s=96&d=mm&r=g\",\"caption\":\"Sindicato dos Banc\u00e1rios S\u00e3o Bento do Sul e Regi\u00e3o\"},\"sameAs\":[\"http:\/\/sindicatodosbancarios.org.br\/site2022\/\",\"https:\/\/www.facebook.com\/seeb.sbs.9\"],\"url\":\"https:\/\/sindicatodosbancarios.org.br\/site2022\/author\/sindicatodosbancarios\/\"}]}<\/script>\n<!-- \/ Yoast SEO plugin. -->","yoast_head_json":{"title":"INFORME BANC\u00c1RIO - 073 \/ 2018 - CAMPANHA SALARIAL - 2018 \/ 2020 - Sindicato dos Banc\u00e1rios de S\u00e3o Bento do Sul e Regi\u00e3o","robots":{"index":"index","follow":"follow","max-snippet":"max-snippet:-1","max-image-preview":"max-image-preview:large","max-video-preview":"max-video-preview:-1"},"canonical":"https:\/\/sindicatodosbancarios.org.br\/site2022\/2018\/09\/05\/informe-bancario-073-2018-campanha-salarial-2018-2020\/","og_locale":"pt_BR","og_type":"article","og_title":"INFORME BANC\u00c1RIO - 073 \/ 2018 - CAMPANHA SALARIAL - 2018 \/ 2020 - Sindicato dos Banc\u00e1rios de S\u00e3o Bento do Sul e Regi\u00e3o","og_description":"PROPOSTA FENABAN: Sal\u00e1rios, aux\u00edlios e PLR com reajuste de 5% a partir de 1\u00ba de Setembro \/2018 (aumento [&hellip;]","og_url":"https:\/\/sindicatodosbancarios.org.br\/site2022\/2018\/09\/05\/informe-bancario-073-2018-campanha-salarial-2018-2020\/","og_site_name":"Sindicato dos Banc\u00e1rios de S\u00e3o Bento do Sul e Regi\u00e3o","article_author":"https:\/\/www.facebook.com\/seeb.sbs.9","article_published_time":"2018-09-05T22:10:52+00:00","og_image":[{"width":259,"height":194,"url":"https:\/\/sindicatodosbancarios.org.br\/site2022\/wp-content\/uploads\/2018\/04\/24-2018.png","type":"image\/png"}],"author":"Sindicato dos Banc\u00e1rios S\u00e3o Bento do Sul e Regi\u00e3o","twitter_card":"summary_large_image","twitter_misc":{"Escrito por":"Sindicato dos Banc\u00e1rios S\u00e3o Bento do Sul e Regi\u00e3o","Est. tempo de leitura":"7 minutos"},"schema":{"@context":"https:\/\/schema.org","@graph":[{"@type":"Article","@id":"https:\/\/sindicatodosbancarios.org.br\/site2022\/2018\/09\/05\/informe-bancario-073-2018-campanha-salarial-2018-2020\/#article","isPartOf":{"@id":"https:\/\/sindicatodosbancarios.org.br\/site2022\/2018\/09\/05\/informe-bancario-073-2018-campanha-salarial-2018-2020\/"},"author":{"name":"Sindicato dos Banc\u00e1rios S\u00e3o Bento do Sul e Regi\u00e3o","@id":"https:\/\/sindicatodosbancarios.org.br\/site2022\/#\/schema\/person\/a7d92da77d1084df4d28b57962f1e1bd"},"headline":"INFORME BANC\u00c1RIO &#8211; 073 \/ 2018 &#8211; CAMPANHA SALARIAL &#8211; 2018 \/ 2020","datePublished":"2018-09-05T22:10:52+00:00","dateModified":"2018-09-05T22:10:52+00:00","mainEntityOfPage":{"@id":"https:\/\/sindicatodosbancarios.org.br\/site2022\/2018\/09\/05\/informe-bancario-073-2018-campanha-salarial-2018-2020\/"},"wordCount":1378,"commentCount":0,"publisher":{"@id":"https:\/\/sindicatodosbancarios.org.br\/site2022\/#organization"},"articleSection":["Geral"],"inLanguage":"pt-BR","potentialAction":[{"@type":"CommentAction","name":"Comment","target":["https:\/\/sindicatodosbancarios.org.br\/site2022\/2018\/09\/05\/informe-bancario-073-2018-campanha-salarial-2018-2020\/#respond"]}]},{"@type":"WebPage","@id":"https:\/\/sindicatodosbancarios.org.br\/site2022\/2018\/09\/05\/informe-bancario-073-2018-campanha-salarial-2018-2020\/","url":"https:\/\/sindicatodosbancarios.org.br\/site2022\/2018\/09\/05\/informe-bancario-073-2018-campanha-salarial-2018-2020\/","name":"INFORME BANC\u00c1RIO - 073 \/ 2018 - CAMPANHA SALARIAL - 2018 \/ 2020 - Sindicato dos Banc\u00e1rios de S\u00e3o Bento do Sul e Regi\u00e3o","isPartOf":{"@id":"https:\/\/sindicatodosbancarios.org.br\/site2022\/#website"},"datePublished":"2018-09-05T22:10:52+00:00","dateModified":"2018-09-05T22:10:52+00:00","breadcrumb":{"@id":"https:\/\/sindicatodosbancarios.org.br\/site2022\/2018\/09\/05\/informe-bancario-073-2018-campanha-salarial-2018-2020\/#breadcrumb"},"inLanguage":"pt-BR","potentialAction":[{"@type":"ReadAction","target":["https:\/\/sindicatodosbancarios.org.br\/site2022\/2018\/09\/05\/informe-bancario-073-2018-campanha-salarial-2018-2020\/"]}]},{"@type":"BreadcrumbList","@id":"https:\/\/sindicatodosbancarios.org.br\/site2022\/2018\/09\/05\/informe-bancario-073-2018-campanha-salarial-2018-2020\/#breadcrumb","itemListElement":[{"@type":"ListItem","position":1,"name":"In\u00edcio","item":"https:\/\/sindicatodosbancarios.org.br\/site2022\/"},{"@type":"ListItem","position":2,"name":"INFORME BANC\u00c1RIO &#8211; 073 \/ 2018 &#8211; CAMPANHA SALARIAL &#8211; 2018 \/ 2020"}]},{"@type":"WebSite","@id":"https:\/\/sindicatodosbancarios.org.br\/site2022\/#website","url":"https:\/\/sindicatodosbancarios.org.br\/site2022\/","name":"Sindicato dos Banc\u00e1rios de S\u00e3o Bento do Sul e Regi\u00e3o","description":"Website institucional do Sindicato dos Banc\u00e1rios de S\u00e3o Bento do Sul e Regi\u00e3o","publisher":{"@id":"https:\/\/sindicatodosbancarios.org.br\/site2022\/#organization"},"potentialAction":[{"@type":"SearchAction","target":{"@type":"EntryPoint","urlTemplate":"https:\/\/sindicatodosbancarios.org.br\/site2022\/?s={search_term_string}"},"query-input":"required name=search_term_string"}],"inLanguage":"pt-BR"},{"@type":"Organization","@id":"https:\/\/sindicatodosbancarios.org.br\/site2022\/#organization","name":"Sindicato dos Banc\u00e1rios de S\u00e3o Bento do Sul e Regi\u00e3o","url":"https:\/\/sindicatodosbancarios.org.br\/site2022\/","logo":{"@type":"ImageObject","inLanguage":"pt-BR","@id":"https:\/\/sindicatodosbancarios.org.br\/site2022\/#\/schema\/logo\/image\/","url":"https:\/\/sindicatodosbancarios.org.br\/site2022\/wp-content\/uploads\/2017\/06\/cropped-logo-2.png","contentUrl":"https:\/\/sindicatodosbancarios.org.br\/site2022\/wp-content\/uploads\/2017\/06\/cropped-logo-2.png","width":292,"height":292,"caption":"Sindicato dos Banc\u00e1rios de S\u00e3o Bento do Sul e Regi\u00e3o"},"image":{"@id":"https:\/\/sindicatodosbancarios.org.br\/site2022\/#\/schema\/logo\/image\/"}},{"@type":"Person","@id":"https:\/\/sindicatodosbancarios.org.br\/site2022\/#\/schema\/person\/a7d92da77d1084df4d28b57962f1e1bd","name":"Sindicato dos Banc\u00e1rios S\u00e3o Bento do Sul e Regi\u00e3o","image":{"@type":"ImageObject","inLanguage":"pt-BR","@id":"https:\/\/sindicatodosbancarios.org.br\/site2022\/#\/schema\/person\/image\/","url":"https:\/\/secure.gravatar.com\/avatar\/f1d1a06f698f2345352e539387180d42?s=96&d=mm&r=g","contentUrl":"https:\/\/secure.gravatar.com\/avatar\/f1d1a06f698f2345352e539387180d42?s=96&d=mm&r=g","caption":"Sindicato dos Banc\u00e1rios S\u00e3o Bento do Sul e Regi\u00e3o"},"sameAs":["http:\/\/sindicatodosbancarios.org.br\/site2022\/","https:\/\/www.facebook.com\/seeb.sbs.9"],"url":"https:\/\/sindicatodosbancarios.org.br\/site2022\/author\/sindicatodosbancarios\/"}]}},"jetpack_featured_media_url":"https:\/\/sindicatodosbancarios.org.br\/site2022\/wp-content\/uploads\/2018\/04\/24-2018.png","jetpack_sharing_enabled":true,"jetpack_shortlink":"https:\/\/wp.me\/p8RSbI-GV","jetpack-related-posts":[{"id":4379,"url":"https:\/\/sindicatodosbancarios.org.br\/site2022\/2020\/08\/29\/informe-bancario-321-2020-proposta-da-caixa-economica-federal\/","url_meta":{"origin":2661,"position":0},"title":"INFORME BANC\u00c1RIO \u2013 321\/2020 Proposta da CAIXA ECON\u00d4MICA FEDERAL","date":"29 de agosto de 2020","format":false,"excerpt":"Nesta sexta-feira (28\/8) , em mais uma rodada de negocia\u00e7\u00e3o, a Caixa Econ\u00f4mica Federal apresentou sua proposta para a atual Campanha Salarial 2020\/2022. Permaneceram \u00a0negociando nas mesas representantes das \u00a0FEEB\u00a0 AL\/PE\/RN, FEEB GO\/TO, FEEB MG, FEEB PR, FEEB SP\/MS, SEEB GO, ADVOCEF, ANEAC, AUDICAIXA e FENAG , coordenada pela diretora\u2026","rel":"","context":"Em &quot;Caixa Econ\u00f4mica Federal&quot;","img":{"alt_text":"","src":"https:\/\/i0.wp.com\/sindicatodosbancarios.org.br\/site2022\/wp-content\/uploads\/2020\/06\/69k7312phlkcv3tvs4wgnt66p.jpg?resize=350%2C200&ssl=1","width":350,"height":200},"classes":[]},{"id":4377,"url":"https:\/\/sindicatodosbancarios.org.br\/site2022\/2020\/08\/29\/informe-bancario-320-2020-proposta-avanca-reajuste-de-15-com-abono-de-r-2-mil\/","url_meta":{"origin":2661,"position":1},"title":"INFORME BANC\u00c1RIO \u2013 320\/2020 PROPOSTA AVAN\u00c7A: REAJUSTE DE 1,5% COM ABONO DE R$ 2 MIL","date":"29 de agosto de 2020","format":false,"excerpt":"FENABAN garante tamb\u00e9m, para 2021, reposi\u00e7\u00e3o da infla\u00e7\u00e3o mais aumento real de 0,5% para sal\u00e1rios e demais verbas; al\u00e9m da manuten\u00e7\u00e3o de todas as Cl\u00e1usula da CCT por Dois (02) anos e da PLR nos moldes atuais, com reposi\u00e7\u00e3o da infla\u00e7\u00e3o nos valores fixos e tetos. Os Bancos, que em\u2026","rel":"","context":"Em &quot;Banco do Brasil&quot;","img":{"alt_text":"","src":"https:\/\/i0.wp.com\/spbancarios.com.br\/sites\/default\/files\/images\/tabela%20salarios.jpeg?resize=350%2C200&ssl=1","width":350,"height":200},"classes":[]},{"id":4497,"url":"https:\/\/sindicatodosbancarios.org.br\/site2022\/2020\/09\/14\/informe-bancario-348-2020-banco-bradesco-sa-pagara-plr-na-quinta-17-09-20\/","url_meta":{"origin":2661,"position":2},"title":"INFORME BANC\u00c1RIO \u2013 348\/2020 BANCO BRADESCO SA, PAGAR\u00c1 PLR NA QUINTA 17\/09\/20","date":"14 de setembro de 2020","format":false,"excerpt":"Atendendo as reivindica\u00e7\u00f5es do Movimento Sindical Banc\u00e1rio, o Banco Bradesco SA, pagar\u00e1 a PLR no dia 17\/09\/20. Banco tamb\u00e9m informou que far\u00e1 o cr\u00e9dito da 13\u00aa cesta alimenta\u00e7\u00e3o no dia 28\/09\/20, mesma data em que ser\u00e3o pagos os vales alimenta\u00e7\u00e3o e refei\u00e7\u00e3o. Abono de R$ 2 mil, conquistado na Campanha\u2026","rel":"","context":"Em &quot;Bradesco\/HSBC&quot;","img":{"alt_text":"","src":"https:\/\/i0.wp.com\/sindicatodosbancarios.org.br\/site2022\/wp-content\/uploads\/2020\/07\/bradesco-anuncia-uma-modernizacao-de-sua-marca-1541452912545_v2_1920x1357.jpg?resize=350%2C200&ssl=1","width":350,"height":200},"classes":[]},{"id":4345,"url":"https:\/\/sindicatodosbancarios.org.br\/site2022\/2020\/08\/26\/informe-bancario-316-2020-campanha-salarial-dos-bancarios-2020-11a-reuniao-fenaban\/","url_meta":{"origin":2661,"position":3},"title":"INFORME BANC\u00c1RIO \u2013 316\/2020 CAMPANHA SALARIAL DOS BANC\u00c1RIOS 2020 \u2013 11\u00aa Reuni\u00e3o Fenaban","date":"26 de agosto de 2020","format":false,"excerpt":"A\u00a0partir\u00a0das 15\u00a0h, desta\u00a0ter\u00e7a-feira\u00a0(25\/08)\u00a0\u2013\u00a0via remota\/virtual \u2013,\u00a0a\u00a0Comiss\u00e3o Executiva Banc\u00e1ria Nacional\u00a0de Negocia\u00e7\u00e3o (CEBNN\/CONTEC) voltou a se reunir\u00a0com\u00a0a\u00a0Comiss\u00e3o de Negocia\u00e7\u00e3o da\u00a0FENABAN para\u00a0debater\u00a0as reivindica\u00e7\u00f5es dos\u00a0banc\u00e1rios\u00a0para a presente data-base,\u00a0insistindo na\u00a0manuten\u00e7\u00e3o dos\u00a0direitos\u00a0convencionados\u00a0e\u00a0acr\u00e9scimo de\u00a0outros benef\u00edcios \u00e0\u00a0Conven\u00e7\u00e3o\u00a0Coletiva de\u00a0Trabalho, com objetivo de\u00a0melhorar a\u00a0qualidade de vida\u00a0dos\u00a0banc\u00e1rios\u00a0e\u00a0o\u00a0bom\u00a0atendimento da sociedade. A reuni\u00e3o teve in\u00edcio com a\u00a0apresenta\u00e7\u00e3o, pela\u00a0Fenaban, de\u00a0reajuste zero\u00a0(que implica em perdas irrecuper\u00e1veis);\u00a0com\u00a0abonos\u2026","rel":"","context":"Em &quot;Banco do Brasil&quot;","img":{"alt_text":"","src":"https:\/\/i0.wp.com\/sindicatodosbancarios.org.br\/site2022\/wp-content\/uploads\/2020\/08\/04f6a3cb0c372e08c33568a3fe46733d-1.jpeg?resize=350%2C200&ssl=1","width":350,"height":200},"classes":[]},{"id":4333,"url":"https:\/\/sindicatodosbancarios.org.br\/site2022\/2020\/08\/24\/informe-bancario-312-2020-campanha-salarial-dos-bancarios-2020-10a-reuniao-realizada-neste-sabado-22-8\/","url_meta":{"origin":2661,"position":4},"title":"INFORME BANC\u00c1RIO \u2013 312\/2020 CAMPANHA SALARIAL DOS BANC\u00c1RIOS 2020 \u2013 10\u00aa Reuni\u00e3o realizada neste s\u00e1bado (22\/8)","date":"24 de agosto de 2020","format":false,"excerpt":"A\u00a0Comiss\u00e3o\u00a0Nacional\u00a0de Negocia\u00e7\u00e3o da\u00a0CONTEC\u00a0realizou\u00a0\u2013 via remota\/virtual \u2013,\u00a0voltou a se reunir\u00a0com\u00a0a\u00a0Comiss\u00e3o de Negocia\u00e7\u00e3o da\u00a0FENABAN,\u00a0a\u00a0partir das 15\u00a0horas\u00a0deste s\u00e1bado,\u00a0para\u00a0debater\u00a0as reivindica\u00e7\u00f5es dos\u00a0banc\u00e1rios\u00a0para a presente data-base,\u00a0insistindo na\u00a0manuten\u00e7\u00e3o dos\u00a0direitos\u00a0convencionados\u00a0e\u00a0acr\u00e9scimo de\u00a0outros benef\u00edcios \u00e0\u00a0Conven\u00e7\u00e3o\u00a0Coletiva de\u00a0Trabalho, com objetivo de\u00a0melhorar a\u00a0qualidade de vida\u00a0dos\u00a0banc\u00e1rios\u00a0e\u00a0o\u00a0bom\u00a0atendimento da sociedade. A reuni\u00e3o teve in\u00edcio com a\u00a0cobran\u00e7a\u00a0pela Comiss\u00e3o Executiva\u00a0Banc\u00e1ria\u00a0Nacional de Negocia\u00e7\u00e3o (CEBNN\/CONTEC)\u00a0de resposta da\u00a0Comiss\u00e3o de Negocia\u00e7\u00e3o da\u2026","rel":"","context":"Em &quot;Banco do Brasil&quot;","img":{"alt_text":"","src":"https:\/\/i0.wp.com\/sindicatodosbancarios.org.br\/site2022\/wp-content\/uploads\/2020\/08\/WhatsApp-Image-2020-08-20-at-20.32.35.jpeg?resize=350%2C200&ssl=1","width":350,"height":200},"classes":[]},{"id":5194,"url":"https:\/\/sindicatodosbancarios.org.br\/site2022\/2021\/02\/19\/informe-bancarios-65-2021-itau-paga-plr-no-dia-1o-de-marco\/","url_meta":{"origin":2661,"position":5},"title":"INFORME BANC\u00c1RIOS \u2013 65\/2021 Ita\u00fa paga PLR no dia 1\u00ba de mar\u00e7o","date":"19 de fevereiro de 2021","format":false,"excerpt":"O Banco Ita\u00fa\/Unibanco informou que vai creditar o pagamento da segunda parcela da Participa\u00e7\u00e3o nos Lucros e Resultados (PLR) \u00a0no dia 1\u00ba de mar\u00e7o. O pagamento ser\u00e1 baseado na regra de 5% sobre o lucro, que corresponde a regra b\u00e1sica de 90% do sal\u00e1rio de dezembro de 2020 somados ao\u2026","rel":"","context":"Em &quot;Geral&quot;","img":{"alt_text":"","src":"https:\/\/i0.wp.com\/sindicatodosbancarios.org.br\/site2022\/wp-content\/uploads\/2020\/07\/itaushutter_77004.jpg?resize=350%2C200&ssl=1","width":350,"height":200},"classes":[]}],"_links":{"self":[{"href":"https:\/\/sindicatodosbancarios.org.br\/site2022\/wp-json\/wp\/v2\/posts\/2661"}],"collection":[{"href":"https:\/\/sindicatodosbancarios.org.br\/site2022\/wp-json\/wp\/v2\/posts"}],"about":[{"href":"https:\/\/sindicatodosbancarios.org.br\/site2022\/wp-json\/wp\/v2\/types\/post"}],"author":[{"embeddable":true,"href":"https:\/\/sindicatodosbancarios.org.br\/site2022\/wp-json\/wp\/v2\/users\/2"}],"replies":[{"embeddable":true,"href":"https:\/\/sindicatodosbancarios.org.br\/site2022\/wp-json\/wp\/v2\/comments?post=2661"}],"version-history":[{"count":1,"href":"https:\/\/sindicatodosbancarios.org.br\/site2022\/wp-json\/wp\/v2\/posts\/2661\/revisions"}],"predecessor-version":[{"id":2662,"href":"https:\/\/sindicatodosbancarios.org.br\/site2022\/wp-json\/wp\/v2\/posts\/2661\/revisions\/2662"}],"wp:featuredmedia":[{"embeddable":true,"href":"https:\/\/sindicatodosbancarios.org.br\/site2022\/wp-json\/wp\/v2\/media\/2473"}],"wp:attachment":[{"href":"https:\/\/sindicatodosbancarios.org.br\/site2022\/wp-json\/wp\/v2\/media?parent=2661"}],"wp:term":[{"taxonomy":"category","embeddable":true,"href":"https:\/\/sindicatodosbancarios.org.br\/site2022\/wp-json\/wp\/v2\/categories?post=2661"},{"taxonomy":"post_tag","embeddable":true,"href":"https:\/\/sindicatodosbancarios.org.br\/site2022\/wp-json\/wp\/v2\/tags?post=2661"}],"curies":[{"name":"wp","href":"https:\/\/api.w.org\/{rel}","templated":true}]}}