{"id":2768,"date":"2018-09-13T09:47:24","date_gmt":"2018-09-13T12:47:24","guid":{"rendered":"https:\/\/sindicatodosbancarios.org.br\/?p=2768"},"modified":"2018-09-13T09:47:59","modified_gmt":"2018-09-13T12:47:59","slug":"informe-bancario-074-2018-funcef-nao-tem-problema-de-liquidez-diz-diretor","status":"publish","type":"post","link":"https:\/\/sindicatodosbancarios.org.br\/site2022\/2018\/09\/13\/informe-bancario-074-2018-funcef-nao-tem-problema-de-liquidez-diz-diretor\/","title":{"rendered":"INFORME BANC\u00c1RIO &#8211; 074 \/ 2018 &#8211; FUNCEF N\u00c3O TEM PROBLEMA DE LIQUIDEZ, DIZ DIRETOR"},"content":{"rendered":"<p><span style=\"font-size: 8pt;\">A Funcef n\u00e3o tem problema de solv\u00eancia ou de liquidez e, assim, n\u00e3o enfrenta nenhuma press\u00e3o para vender ativos, caso da Invepar ou Vale, afirmou, a jornalistas, o diretor do fundo de pens\u00e3o dos funcion\u00e1rios da Caixa Econ\u00f4mica.o diretor do fundo de pens\u00e3o dos funcion\u00e1rios da Caixa Econ\u00f4mica Federal, Paulo Werneck. No caso da Invepar, h\u00e1 um trabalho de recupera\u00e7\u00e3o da companhia e, segundo ele, o ativo vai bem e h\u00e1, no momento, gest\u00e3o do caixa da empresa<\/span><\/p>\n<p><span style=\"font-size: 8pt;\">M\u00eas passado, tanto a Funcef quanto a Previ rejeitaram a oferta feita pelo fundo soberano Mubadala pela Invepar. Segundo Werneck, a proposta econ\u00f4mica oferecida foi &#8220;aqu\u00e9m&#8221;, por exemplo, da que j\u00e1 tinha sido feita, no passado, pela\u00a0gestora canadense Brookfield.<\/span><\/p>\n<p><span style=\"font-size: 8pt;\">A Funcef, segundo o executivo, tem 25% de exposi\u00e7\u00e3o na Invepar, considerando equity e d\u00edvida, sendo esse seu limite por emissor. A funda\u00e7\u00e3o aumentou sua participa\u00e7\u00e3o na Invepar ao subscrever uma emiss\u00e3o de deb\u00eantures. A Invepar\u00a0analisa neste momento a emiss\u00e3o de d\u00edvida externa.<\/span><\/p>\n<p><span style=\"font-size: 8pt;\">&#8220;Existe pre\u00e7o para sair (de um investimento) e pre\u00e7o para entrar&#8221;, disse, destacando que o fundo conversar\u00e1 com outros interessados no ativo. Al\u00e9m de Mubadala e Brookfield, a CCR tamb\u00e9m havia demonstrado interesse, no passado, na aquisi\u00e7\u00e3o.<\/span><\/p>\n<p><span style=\"font-size: 8pt;\">Em rela\u00e7\u00e3o ao investimento da Funcef em Vale, Werneck disse que a funda\u00e7\u00e3o &#8220;analisa com calma&#8221;, mas destacou que hoje n\u00e3o existe impedimento de venda, se for essa a decis\u00e3o no futuro. Assim como a Previ e Petros, a participa\u00e7\u00e3o da\u00a0Funcef est\u00e1 sob o guarda-chuva da Litel.<\/span><\/p>\n<p><span style=\"font-size: 8pt;\">fonte: uol economia &#8211; 10\/09\/2018.<\/span><\/p>\n","protected":false},"excerpt":{"rendered":"<p>A Funcef n\u00e3o tem problema de solv\u00eancia ou de liquidez e, assim, n\u00e3o enfrenta nenhuma press\u00e3o para vender [&hellip;]<\/p>\n","protected":false},"author":2,"featured_media":2455,"comment_status":"open","ping_status":"open","sticky":false,"template":"","format":"standard","meta":{"jetpack_post_was_ever_published":false,"jetpack_publicize_message":"","jetpack_is_tweetstorm":false,"jetpack_publicize_feature_enabled":true,"jetpack_social_post_already_shared":true,"jetpack_social_options":[]},"categories":[1],"tags":[],"jetpack_publicize_connections":[],"acf":[],"yoast_head":"<!-- This site is optimized with the Yoast SEO plugin v19.14 - https:\/\/yoast.com\/wordpress\/plugins\/seo\/ -->\n<title>INFORME BANC\u00c1RIO - 074 \/ 2018 - FUNCEF N\u00c3O TEM PROBLEMA DE LIQUIDEZ, DIZ DIRETOR - Sindicato dos Banc\u00e1rios de S\u00e3o Bento do Sul e Regi\u00e3o<\/title>\n<meta name=\"robots\" content=\"index, follow, max-snippet:-1, max-image-preview:large, max-video-preview:-1\" \/>\n<link rel=\"canonical\" href=\"https:\/\/sindicatodosbancarios.org.br\/site2022\/2018\/09\/13\/informe-bancario-074-2018-funcef-nao-tem-problema-de-liquidez-diz-diretor\/\" \/>\n<meta property=\"og:locale\" content=\"pt_BR\" \/>\n<meta property=\"og:type\" content=\"article\" \/>\n<meta property=\"og:title\" content=\"INFORME BANC\u00c1RIO - 074 \/ 2018 - FUNCEF N\u00c3O TEM PROBLEMA DE LIQUIDEZ, DIZ DIRETOR - Sindicato dos Banc\u00e1rios de S\u00e3o Bento do Sul e Regi\u00e3o\" \/>\n<meta property=\"og:description\" content=\"A Funcef n\u00e3o tem problema de solv\u00eancia ou de liquidez e, assim, n\u00e3o enfrenta nenhuma press\u00e3o para vender [&hellip;]\" \/>\n<meta property=\"og:url\" content=\"https:\/\/sindicatodosbancarios.org.br\/site2022\/2018\/09\/13\/informe-bancario-074-2018-funcef-nao-tem-problema-de-liquidez-diz-diretor\/\" \/>\n<meta property=\"og:site_name\" content=\"Sindicato dos Banc\u00e1rios de S\u00e3o Bento do Sul e Regi\u00e3o\" \/>\n<meta property=\"article:author\" content=\"https:\/\/www.facebook.com\/seeb.sbs.9\" \/>\n<meta property=\"article:published_time\" content=\"2018-09-13T12:47:24+00:00\" \/>\n<meta property=\"article:modified_time\" content=\"2018-09-13T12:47:59+00:00\" \/>\n<meta property=\"og:image\" content=\"https:\/\/sindicatodosbancarios.org.br\/site2022\/wp-content\/uploads\/2018\/03\/acordo-preve-pagamento-da-plr-da-caixa-ate-o-dia-31_ff054e538eda7f1699c15d455ee2018.jpg\" \/>\n\t<meta property=\"og:image:width\" content=\"700\" \/>\n\t<meta property=\"og:image:height\" content=\"302\" \/>\n\t<meta property=\"og:image:type\" content=\"image\/jpeg\" \/>\n<meta name=\"author\" content=\"Sindicato dos Banc\u00e1rios S\u00e3o Bento do Sul e Regi\u00e3o\" \/>\n<meta name=\"twitter:card\" content=\"summary_large_image\" \/>\n<meta name=\"twitter:label1\" content=\"Escrito por\" \/>\n\t<meta name=\"twitter:data1\" content=\"Sindicato dos Banc\u00e1rios S\u00e3o Bento do Sul e Regi\u00e3o\" \/>\n\t<meta name=\"twitter:label2\" content=\"Est. tempo de leitura\" \/>\n\t<meta name=\"twitter:data2\" content=\"1 minuto\" \/>\n<script type=\"application\/ld+json\" class=\"yoast-schema-graph\">{\"@context\":\"https:\/\/schema.org\",\"@graph\":[{\"@type\":\"Article\",\"@id\":\"https:\/\/sindicatodosbancarios.org.br\/site2022\/2018\/09\/13\/informe-bancario-074-2018-funcef-nao-tem-problema-de-liquidez-diz-diretor\/#article\",\"isPartOf\":{\"@id\":\"https:\/\/sindicatodosbancarios.org.br\/site2022\/2018\/09\/13\/informe-bancario-074-2018-funcef-nao-tem-problema-de-liquidez-diz-diretor\/\"},\"author\":{\"name\":\"Sindicato dos Banc\u00e1rios S\u00e3o Bento do Sul e Regi\u00e3o\",\"@id\":\"https:\/\/sindicatodosbancarios.org.br\/site2022\/#\/schema\/person\/a7d92da77d1084df4d28b57962f1e1bd\"},\"headline\":\"INFORME BANC\u00c1RIO &#8211; 074 \/ 2018 &#8211; FUNCEF N\u00c3O TEM PROBLEMA DE LIQUIDEZ, DIZ DIRETOR\",\"datePublished\":\"2018-09-13T12:47:24+00:00\",\"dateModified\":\"2018-09-13T12:47:59+00:00\",\"mainEntityOfPage\":{\"@id\":\"https:\/\/sindicatodosbancarios.org.br\/site2022\/2018\/09\/13\/informe-bancario-074-2018-funcef-nao-tem-problema-de-liquidez-diz-diretor\/\"},\"wordCount\":298,\"commentCount\":0,\"publisher\":{\"@id\":\"https:\/\/sindicatodosbancarios.org.br\/site2022\/#organization\"},\"articleSection\":[\"Geral\"],\"inLanguage\":\"pt-BR\",\"potentialAction\":[{\"@type\":\"CommentAction\",\"name\":\"Comment\",\"target\":[\"https:\/\/sindicatodosbancarios.org.br\/site2022\/2018\/09\/13\/informe-bancario-074-2018-funcef-nao-tem-problema-de-liquidez-diz-diretor\/#respond\"]}]},{\"@type\":\"WebPage\",\"@id\":\"https:\/\/sindicatodosbancarios.org.br\/site2022\/2018\/09\/13\/informe-bancario-074-2018-funcef-nao-tem-problema-de-liquidez-diz-diretor\/\",\"url\":\"https:\/\/sindicatodosbancarios.org.br\/site2022\/2018\/09\/13\/informe-bancario-074-2018-funcef-nao-tem-problema-de-liquidez-diz-diretor\/\",\"name\":\"INFORME BANC\u00c1RIO - 074 \/ 2018 - FUNCEF N\u00c3O TEM PROBLEMA DE LIQUIDEZ, DIZ DIRETOR - Sindicato dos Banc\u00e1rios de S\u00e3o Bento do Sul e Regi\u00e3o\",\"isPartOf\":{\"@id\":\"https:\/\/sindicatodosbancarios.org.br\/site2022\/#website\"},\"datePublished\":\"2018-09-13T12:47:24+00:00\",\"dateModified\":\"2018-09-13T12:47:59+00:00\",\"breadcrumb\":{\"@id\":\"https:\/\/sindicatodosbancarios.org.br\/site2022\/2018\/09\/13\/informe-bancario-074-2018-funcef-nao-tem-problema-de-liquidez-diz-diretor\/#breadcrumb\"},\"inLanguage\":\"pt-BR\",\"potentialAction\":[{\"@type\":\"ReadAction\",\"target\":[\"https:\/\/sindicatodosbancarios.org.br\/site2022\/2018\/09\/13\/informe-bancario-074-2018-funcef-nao-tem-problema-de-liquidez-diz-diretor\/\"]}]},{\"@type\":\"BreadcrumbList\",\"@id\":\"https:\/\/sindicatodosbancarios.org.br\/site2022\/2018\/09\/13\/informe-bancario-074-2018-funcef-nao-tem-problema-de-liquidez-diz-diretor\/#breadcrumb\",\"itemListElement\":[{\"@type\":\"ListItem\",\"position\":1,\"name\":\"In\u00edcio\",\"item\":\"https:\/\/sindicatodosbancarios.org.br\/site2022\/\"},{\"@type\":\"ListItem\",\"position\":2,\"name\":\"INFORME BANC\u00c1RIO &#8211; 074 \/ 2018 &#8211; FUNCEF N\u00c3O TEM PROBLEMA DE LIQUIDEZ, DIZ DIRETOR\"}]},{\"@type\":\"WebSite\",\"@id\":\"https:\/\/sindicatodosbancarios.org.br\/site2022\/#website\",\"url\":\"https:\/\/sindicatodosbancarios.org.br\/site2022\/\",\"name\":\"Sindicato dos Banc\u00e1rios de S\u00e3o Bento do Sul e Regi\u00e3o\",\"description\":\"Website institucional do Sindicato dos Banc\u00e1rios de S\u00e3o Bento do Sul e Regi\u00e3o\",\"publisher\":{\"@id\":\"https:\/\/sindicatodosbancarios.org.br\/site2022\/#organization\"},\"potentialAction\":[{\"@type\":\"SearchAction\",\"target\":{\"@type\":\"EntryPoint\",\"urlTemplate\":\"https:\/\/sindicatodosbancarios.org.br\/site2022\/?s={search_term_string}\"},\"query-input\":\"required name=search_term_string\"}],\"inLanguage\":\"pt-BR\"},{\"@type\":\"Organization\",\"@id\":\"https:\/\/sindicatodosbancarios.org.br\/site2022\/#organization\",\"name\":\"Sindicato dos Banc\u00e1rios de S\u00e3o Bento do Sul e Regi\u00e3o\",\"url\":\"https:\/\/sindicatodosbancarios.org.br\/site2022\/\",\"logo\":{\"@type\":\"ImageObject\",\"inLanguage\":\"pt-BR\",\"@id\":\"https:\/\/sindicatodosbancarios.org.br\/site2022\/#\/schema\/logo\/image\/\",\"url\":\"https:\/\/sindicatodosbancarios.org.br\/site2022\/wp-content\/uploads\/2017\/06\/cropped-logo-2.png\",\"contentUrl\":\"https:\/\/sindicatodosbancarios.org.br\/site2022\/wp-content\/uploads\/2017\/06\/cropped-logo-2.png\",\"width\":292,\"height\":292,\"caption\":\"Sindicato dos Banc\u00e1rios de S\u00e3o Bento do Sul e Regi\u00e3o\"},\"image\":{\"@id\":\"https:\/\/sindicatodosbancarios.org.br\/site2022\/#\/schema\/logo\/image\/\"}},{\"@type\":\"Person\",\"@id\":\"https:\/\/sindicatodosbancarios.org.br\/site2022\/#\/schema\/person\/a7d92da77d1084df4d28b57962f1e1bd\",\"name\":\"Sindicato dos Banc\u00e1rios S\u00e3o Bento do Sul e Regi\u00e3o\",\"image\":{\"@type\":\"ImageObject\",\"inLanguage\":\"pt-BR\",\"@id\":\"https:\/\/sindicatodosbancarios.org.br\/site2022\/#\/schema\/person\/image\/\",\"url\":\"https:\/\/secure.gravatar.com\/avatar\/f1d1a06f698f2345352e539387180d42?s=96&d=mm&r=g\",\"contentUrl\":\"https:\/\/secure.gravatar.com\/avatar\/f1d1a06f698f2345352e539387180d42?s=96&d=mm&r=g\",\"caption\":\"Sindicato dos Banc\u00e1rios S\u00e3o Bento do Sul e Regi\u00e3o\"},\"sameAs\":[\"http:\/\/sindicatodosbancarios.org.br\/site2022\/\",\"https:\/\/www.facebook.com\/seeb.sbs.9\"],\"url\":\"https:\/\/sindicatodosbancarios.org.br\/site2022\/author\/sindicatodosbancarios\/\"}]}<\/script>\n<!-- \/ Yoast SEO plugin. -->","yoast_head_json":{"title":"INFORME BANC\u00c1RIO - 074 \/ 2018 - FUNCEF N\u00c3O TEM PROBLEMA DE LIQUIDEZ, DIZ DIRETOR - Sindicato dos Banc\u00e1rios de S\u00e3o Bento do Sul e Regi\u00e3o","robots":{"index":"index","follow":"follow","max-snippet":"max-snippet:-1","max-image-preview":"max-image-preview:large","max-video-preview":"max-video-preview:-1"},"canonical":"https:\/\/sindicatodosbancarios.org.br\/site2022\/2018\/09\/13\/informe-bancario-074-2018-funcef-nao-tem-problema-de-liquidez-diz-diretor\/","og_locale":"pt_BR","og_type":"article","og_title":"INFORME BANC\u00c1RIO - 074 \/ 2018 - FUNCEF N\u00c3O TEM PROBLEMA DE LIQUIDEZ, DIZ DIRETOR - Sindicato dos Banc\u00e1rios de S\u00e3o Bento do Sul e Regi\u00e3o","og_description":"A Funcef n\u00e3o tem problema de solv\u00eancia ou de liquidez e, assim, n\u00e3o enfrenta nenhuma press\u00e3o para vender [&hellip;]","og_url":"https:\/\/sindicatodosbancarios.org.br\/site2022\/2018\/09\/13\/informe-bancario-074-2018-funcef-nao-tem-problema-de-liquidez-diz-diretor\/","og_site_name":"Sindicato dos Banc\u00e1rios de S\u00e3o Bento do Sul e Regi\u00e3o","article_author":"https:\/\/www.facebook.com\/seeb.sbs.9","article_published_time":"2018-09-13T12:47:24+00:00","article_modified_time":"2018-09-13T12:47:59+00:00","og_image":[{"width":700,"height":302,"url":"https:\/\/sindicatodosbancarios.org.br\/site2022\/wp-content\/uploads\/2018\/03\/acordo-preve-pagamento-da-plr-da-caixa-ate-o-dia-31_ff054e538eda7f1699c15d455ee2018.jpg","type":"image\/jpeg"}],"author":"Sindicato dos Banc\u00e1rios S\u00e3o Bento do Sul e Regi\u00e3o","twitter_card":"summary_large_image","twitter_misc":{"Escrito por":"Sindicato dos Banc\u00e1rios S\u00e3o Bento do Sul e Regi\u00e3o","Est. tempo de leitura":"1 minuto"},"schema":{"@context":"https:\/\/schema.org","@graph":[{"@type":"Article","@id":"https:\/\/sindicatodosbancarios.org.br\/site2022\/2018\/09\/13\/informe-bancario-074-2018-funcef-nao-tem-problema-de-liquidez-diz-diretor\/#article","isPartOf":{"@id":"https:\/\/sindicatodosbancarios.org.br\/site2022\/2018\/09\/13\/informe-bancario-074-2018-funcef-nao-tem-problema-de-liquidez-diz-diretor\/"},"author":{"name":"Sindicato dos Banc\u00e1rios S\u00e3o Bento do Sul e Regi\u00e3o","@id":"https:\/\/sindicatodosbancarios.org.br\/site2022\/#\/schema\/person\/a7d92da77d1084df4d28b57962f1e1bd"},"headline":"INFORME BANC\u00c1RIO &#8211; 074 \/ 2018 &#8211; FUNCEF N\u00c3O TEM PROBLEMA DE LIQUIDEZ, DIZ DIRETOR","datePublished":"2018-09-13T12:47:24+00:00","dateModified":"2018-09-13T12:47:59+00:00","mainEntityOfPage":{"@id":"https:\/\/sindicatodosbancarios.org.br\/site2022\/2018\/09\/13\/informe-bancario-074-2018-funcef-nao-tem-problema-de-liquidez-diz-diretor\/"},"wordCount":298,"commentCount":0,"publisher":{"@id":"https:\/\/sindicatodosbancarios.org.br\/site2022\/#organization"},"articleSection":["Geral"],"inLanguage":"pt-BR","potentialAction":[{"@type":"CommentAction","name":"Comment","target":["https:\/\/sindicatodosbancarios.org.br\/site2022\/2018\/09\/13\/informe-bancario-074-2018-funcef-nao-tem-problema-de-liquidez-diz-diretor\/#respond"]}]},{"@type":"WebPage","@id":"https:\/\/sindicatodosbancarios.org.br\/site2022\/2018\/09\/13\/informe-bancario-074-2018-funcef-nao-tem-problema-de-liquidez-diz-diretor\/","url":"https:\/\/sindicatodosbancarios.org.br\/site2022\/2018\/09\/13\/informe-bancario-074-2018-funcef-nao-tem-problema-de-liquidez-diz-diretor\/","name":"INFORME BANC\u00c1RIO - 074 \/ 2018 - FUNCEF N\u00c3O TEM PROBLEMA DE LIQUIDEZ, DIZ DIRETOR - Sindicato dos Banc\u00e1rios de S\u00e3o Bento do Sul e Regi\u00e3o","isPartOf":{"@id":"https:\/\/sindicatodosbancarios.org.br\/site2022\/#website"},"datePublished":"2018-09-13T12:47:24+00:00","dateModified":"2018-09-13T12:47:59+00:00","breadcrumb":{"@id":"https:\/\/sindicatodosbancarios.org.br\/site2022\/2018\/09\/13\/informe-bancario-074-2018-funcef-nao-tem-problema-de-liquidez-diz-diretor\/#breadcrumb"},"inLanguage":"pt-BR","potentialAction":[{"@type":"ReadAction","target":["https:\/\/sindicatodosbancarios.org.br\/site2022\/2018\/09\/13\/informe-bancario-074-2018-funcef-nao-tem-problema-de-liquidez-diz-diretor\/"]}]},{"@type":"BreadcrumbList","@id":"https:\/\/sindicatodosbancarios.org.br\/site2022\/2018\/09\/13\/informe-bancario-074-2018-funcef-nao-tem-problema-de-liquidez-diz-diretor\/#breadcrumb","itemListElement":[{"@type":"ListItem","position":1,"name":"In\u00edcio","item":"https:\/\/sindicatodosbancarios.org.br\/site2022\/"},{"@type":"ListItem","position":2,"name":"INFORME BANC\u00c1RIO &#8211; 074 \/ 2018 &#8211; FUNCEF N\u00c3O TEM PROBLEMA DE LIQUIDEZ, DIZ DIRETOR"}]},{"@type":"WebSite","@id":"https:\/\/sindicatodosbancarios.org.br\/site2022\/#website","url":"https:\/\/sindicatodosbancarios.org.br\/site2022\/","name":"Sindicato dos Banc\u00e1rios de S\u00e3o Bento do Sul e Regi\u00e3o","description":"Website institucional do Sindicato dos Banc\u00e1rios de S\u00e3o Bento do Sul e Regi\u00e3o","publisher":{"@id":"https:\/\/sindicatodosbancarios.org.br\/site2022\/#organization"},"potentialAction":[{"@type":"SearchAction","target":{"@type":"EntryPoint","urlTemplate":"https:\/\/sindicatodosbancarios.org.br\/site2022\/?s={search_term_string}"},"query-input":"required name=search_term_string"}],"inLanguage":"pt-BR"},{"@type":"Organization","@id":"https:\/\/sindicatodosbancarios.org.br\/site2022\/#organization","name":"Sindicato dos Banc\u00e1rios de S\u00e3o Bento do Sul e Regi\u00e3o","url":"https:\/\/sindicatodosbancarios.org.br\/site2022\/","logo":{"@type":"ImageObject","inLanguage":"pt-BR","@id":"https:\/\/sindicatodosbancarios.org.br\/site2022\/#\/schema\/logo\/image\/","url":"https:\/\/sindicatodosbancarios.org.br\/site2022\/wp-content\/uploads\/2017\/06\/cropped-logo-2.png","contentUrl":"https:\/\/sindicatodosbancarios.org.br\/site2022\/wp-content\/uploads\/2017\/06\/cropped-logo-2.png","width":292,"height":292,"caption":"Sindicato dos Banc\u00e1rios de S\u00e3o Bento do Sul e Regi\u00e3o"},"image":{"@id":"https:\/\/sindicatodosbancarios.org.br\/site2022\/#\/schema\/logo\/image\/"}},{"@type":"Person","@id":"https:\/\/sindicatodosbancarios.org.br\/site2022\/#\/schema\/person\/a7d92da77d1084df4d28b57962f1e1bd","name":"Sindicato dos Banc\u00e1rios S\u00e3o Bento do Sul e Regi\u00e3o","image":{"@type":"ImageObject","inLanguage":"pt-BR","@id":"https:\/\/sindicatodosbancarios.org.br\/site2022\/#\/schema\/person\/image\/","url":"https:\/\/secure.gravatar.com\/avatar\/f1d1a06f698f2345352e539387180d42?s=96&d=mm&r=g","contentUrl":"https:\/\/secure.gravatar.com\/avatar\/f1d1a06f698f2345352e539387180d42?s=96&d=mm&r=g","caption":"Sindicato dos Banc\u00e1rios S\u00e3o Bento do Sul e Regi\u00e3o"},"sameAs":["http:\/\/sindicatodosbancarios.org.br\/site2022\/","https:\/\/www.facebook.com\/seeb.sbs.9"],"url":"https:\/\/sindicatodosbancarios.org.br\/site2022\/author\/sindicatodosbancarios\/"}]}},"jetpack_featured_media_url":"https:\/\/sindicatodosbancarios.org.br\/site2022\/wp-content\/uploads\/2018\/03\/acordo-preve-pagamento-da-plr-da-caixa-ate-o-dia-31_ff054e538eda7f1699c15d455ee2018.jpg","jetpack_sharing_enabled":true,"jetpack_shortlink":"https:\/\/wp.me\/p8RSbI-IE","jetpack-related-posts":[{"id":5654,"url":"https:\/\/sindicatodosbancarios.org.br\/site2022\/2021\/09\/01\/informe-bancario-204-2021-inss-5-direitos-que-os-aposentados-tem-mas-nao-sabem\/","url_meta":{"origin":2768,"position":0},"title":"INFORME BANC\u00c1RIO \u2013 204\/2021 INSS: 5 Direitos Que Os Aposentados t\u00eam, Mas N\u00e3o Sabem","date":"1 de setembro de 2021","format":false,"excerpt":"Chegar a aposentadoria \u00e9 um feito marcante na vida de todo trabalhador, at\u00e9 porque, a aposentadoria \u00e9 sin\u00f4nimo de uma vida de trabalho, onde agora o segurado busca pela tranquilidade depois de muitos anos corridos. No entanto, al\u00e9m de garantir a aposentadoria, o segurado que chega a se aposentar pelo\u2026","rel":"","context":"Em &quot;Geral&quot;","img":{"alt_text":"","src":"https:\/\/i0.wp.com\/sindicatodosbancarios.org.br\/site2022\/wp-content\/uploads\/2021\/09\/idoso-aposentadoria.jpg?resize=350%2C200&ssl=1","width":350,"height":200},"classes":[]},{"id":4908,"url":"https:\/\/sindicatodosbancarios.org.br\/site2022\/2020\/12\/18\/informe-bancario-467-2020-bancos-fecham-agencias-no-brasil-no-maior-ritmo-em-tres-anos\/","url_meta":{"origin":2768,"position":1},"title":"INFORME BANC\u00c1RIO \u2013 467\/2020 Bancos fecham ag\u00eancias no Brasil no maior ritmo em tr\u00eas anos","date":"18 de dezembro de 2020","format":false,"excerpt":"Os\u00a0bancos\u00a0brasileiros est\u00e3o fechando ag\u00eancias no ritmo mais r\u00e1pido em tr\u00eas anos, com as medidas de restri\u00e7\u00e3o por causa da\u00a0Covid-19\u00a0for\u00e7ando os clientes a usarem mais servi\u00e7os pela internet ou telefone e a competi\u00e7\u00e3o com as fintechs se intensificando. Os executivos do setor dizem que mais est\u00e1 por vir. \u201cA gente j\u00e1\u2026","rel":"","context":"Em &quot;Banco do Brasil&quot;","img":{"alt_text":"","src":"https:\/\/i0.wp.com\/sindicatodosbancarios.org.br\/site2022\/wp-content\/uploads\/2020\/12\/investimento-em-bancos.jpg?resize=350%2C200&ssl=1","width":350,"height":200},"classes":[]},{"id":5320,"url":"https:\/\/sindicatodosbancarios.org.br\/site2022\/2021\/04\/20\/informe-bancarios-102-2021-caixa-explicacao-sobre-plr-social-nao-procede\/","url_meta":{"origin":2768,"position":2},"title":"INFORME BANC\u00c1RIOS \u2013 102\/2021 CAIXA: \u201cEXPLICA\u00c7\u00c3O\u201d SOBRE PLR SOCIAL N\u00c3O PROCEDE","date":"20 de abril de 2021","format":false,"excerpt":"Ap\u00f3s 25 dias de cobran\u00e7as por parte dos Sindicatos e demais Entidades Representativas dos Empregados da Caixa, a Dire\u00e7\u00e3o do Banco P\u00fablico tentou, sem sucesso, justificar o pagamento menor da PLR Social aos Trabalhadores. No of\u00edcio encaminhado para a CONTRAF e para a CEE\/CAIXA, a Dire\u00e7\u00e3o do Banco insiste em\u2026","rel":"","context":"Em &quot;Caixa Econ\u00f4mica Federal&quot;","img":{"alt_text":"","src":"https:\/\/i0.wp.com\/sindicatodosbancarios.org.br\/site2022\/wp-content\/uploads\/2021\/04\/200421123840-CAIXA.jpg?resize=350%2C200&ssl=1","width":350,"height":200},"classes":[]},{"id":5440,"url":"https:\/\/sindicatodosbancarios.org.br\/site2022\/2021\/06\/04\/informe-bancario-139-2021-pensao-por-morte-do-inss-conheca-as-regras\/","url_meta":{"origin":2768,"position":3},"title":"INFORME BANC\u00c1RIO \u2013 139\/2021 Pens\u00e3o por morte do INSS: conhe\u00e7a as regras","date":"4 de junho de 2021","format":false,"excerpt":"Mesmo em um momento de dor, \u00e9 importante lembrar dos direitos assegurados a quem \u00e9 dependente da pessoa falecida. O\u00a0falecimento\u00a0de uma pessoa amada \u00e9 sempre um momento de muita dor e tristeza. Por isso, \u00e9 importante evitar a ansiedade e respirar fundo para conseguir resolver quest\u00f5es pr\u00e1ticas, como manter o\u00a0sustento\u00a0da\u2026","rel":"","context":"Em &quot;Geral&quot;","img":{"alt_text":"","src":"https:\/\/i0.wp.com\/sindicatodosbancarios.org.br\/site2022\/wp-content\/uploads\/2021\/06\/20210525121403704123a.jpg?resize=350%2C200&ssl=1","width":350,"height":200},"classes":[]},{"id":4955,"url":"https:\/\/sindicatodosbancarios.org.br\/site2022\/2021\/01\/05\/informe-bancario-483-2020-governo-muda-idade-para-pagamento-da-pensao-por-morte-do-inss-e-de-servidores\/","url_meta":{"origin":2768,"position":4},"title":"INFORME BANC\u00c1RIO \u2013 05\/2021 Governo muda idade para pagamento da pens\u00e3o por morte do INSS e de servidores","date":"5 de janeiro de 2021","format":false,"excerpt":"A idade m\u00ednima para que a vi\u00fava ou vi\u00favo passam receber a pens\u00e3o por morte de forma vital\u00edcia sobe de 44 anos para 45 anos O Minist\u00e9rio da Economia\u00a0alterou a idade\u00a0para a\u00a0dura\u00e7\u00e3o do pagamento da pens\u00e3o por morte\u00a0aos dependentes de segurados do Instituto Nacional do Seguro Social (INSS) e dos\u2026","rel":"","context":"Em &quot;Geral&quot;","img":{"alt_text":"","src":"https:\/\/i0.wp.com\/sindicatodosbancarios.org.br\/site2022\/wp-content\/uploads\/2021\/01\/previdencia-1200x630.jpg?resize=350%2C200&ssl=1","width":350,"height":200},"classes":[]},{"id":4369,"url":"https:\/\/sindicatodosbancarios.org.br\/site2022\/2020\/08\/28\/informe-bancario-318-2020-resultado-reuniao-cef-de-27-08-20-campanha-salarial-dos-bancarios-2020\/","url_meta":{"origin":2768,"position":5},"title":"INFORME BANC\u00c1RIO \u2013 318\/2020 RESULTADO REUNI\u00c3O CEF DE 27\/08\/20 &#8211; CAMPANHA SALARIAL DOS BANC\u00c1RIOS 2020","date":"28 de agosto de 2020","format":false,"excerpt":"Banco garantiu propor\u00e7\u00e3o 70\/30 no modelo de custeio do Sa\u00fade Caixa at\u00e9 outubro de 2021 e inclus\u00e3o de novos contratados, mas individualiza mensalidade e teto de coparticipa\u00e7\u00e3o, al\u00e9m de n\u00e3o apresentar proposta de PLR Social e demais cl\u00e1usulas sociais;\u00a0Nova negocia\u00e7\u00e3o acontece nesta sexta 28, \u00e0s 10h. Os empregados da Caixa\u2026","rel":"","context":"Em &quot;Caixa Econ\u00f4mica Federal&quot;","img":{"alt_text":"","src":"https:\/\/i0.wp.com\/sindicatodosbancarios.org.br\/site2022\/wp-content\/uploads\/2020\/06\/69k7312phlkcv3tvs4wgnt66p.jpg?resize=350%2C200&ssl=1","width":350,"height":200},"classes":[]}],"_links":{"self":[{"href":"https:\/\/sindicatodosbancarios.org.br\/site2022\/wp-json\/wp\/v2\/posts\/2768"}],"collection":[{"href":"https:\/\/sindicatodosbancarios.org.br\/site2022\/wp-json\/wp\/v2\/posts"}],"about":[{"href":"https:\/\/sindicatodosbancarios.org.br\/site2022\/wp-json\/wp\/v2\/types\/post"}],"author":[{"embeddable":true,"href":"https:\/\/sindicatodosbancarios.org.br\/site2022\/wp-json\/wp\/v2\/users\/2"}],"replies":[{"embeddable":true,"href":"https:\/\/sindicatodosbancarios.org.br\/site2022\/wp-json\/wp\/v2\/comments?post=2768"}],"version-history":[{"count":1,"href":"https:\/\/sindicatodosbancarios.org.br\/site2022\/wp-json\/wp\/v2\/posts\/2768\/revisions"}],"predecessor-version":[{"id":2769,"href":"https:\/\/sindicatodosbancarios.org.br\/site2022\/wp-json\/wp\/v2\/posts\/2768\/revisions\/2769"}],"wp:featuredmedia":[{"embeddable":true,"href":"https:\/\/sindicatodosbancarios.org.br\/site2022\/wp-json\/wp\/v2\/media\/2455"}],"wp:attachment":[{"href":"https:\/\/sindicatodosbancarios.org.br\/site2022\/wp-json\/wp\/v2\/media?parent=2768"}],"wp:term":[{"taxonomy":"category","embeddable":true,"href":"https:\/\/sindicatodosbancarios.org.br\/site2022\/wp-json\/wp\/v2\/categories?post=2768"},{"taxonomy":"post_tag","embeddable":true,"href":"https:\/\/sindicatodosbancarios.org.br\/site2022\/wp-json\/wp\/v2\/tags?post=2768"}],"curies":[{"name":"wp","href":"https:\/\/api.w.org\/{rel}","templated":true}]}}