{"id":2774,"date":"2018-10-18T14:03:19","date_gmt":"2018-10-18T17:03:19","guid":{"rendered":"https:\/\/sindicatodosbancarios.org.br\/?p=2774"},"modified":"2018-11-29T10:12:27","modified_gmt":"2018-11-29T12:12:27","slug":"sindicato-realiza-no-dia-25-11-2018-feijoada-dos-bancarios-na-arbanc","status":"publish","type":"post","link":"https:\/\/sindicatodosbancarios.org.br\/site2022\/2018\/10\/18\/sindicato-realiza-no-dia-25-11-2018-feijoada-dos-bancarios-na-arbanc\/","title":{"rendered":"SINDICATO REALIZA NO DIA 25\/11\/2018 &#8211; FEIJOADA DOS BANC\u00c1RIOS NA ARBANC"},"content":{"rendered":"<p>O Sindicato dos Banc\u00e1rios organizar\u00e1 mais um evento para a categoria banc\u00e1ria na ARBANC, no dia 25\/11\/2018 (domingo), com in\u00edcio \u00e0s 10h30 a Feijoada dos Banc\u00e1rios.<\/p>\n<p>Os ingressos e cart\u00f5es est\u00e3o dispon\u00edveis nas ag\u00eancias banc\u00e1rias de S\u00e3o Bento do Sul, Rio Negrinho e Campo Alegre, basta falar com o representante do Sindicato ou entrar em contato com o Sindicato pelo fone: 99918-2894 (Roberto), 99623-9052 (Ad\u00e3o) ou 3633-5203 (Sindicato).<\/p>\n<p>Para<strong> banc\u00e1rios associados<\/strong> ao Sindicato e na ARBANC e seus dependentes o custo ser\u00e1 de R$ 20,00 cada cart\u00e3o e ter\u00e1 direito, ainda, a 2 (duas) cervejas e 2 (dois) refrigerantes ou \u00e1gua mineral. O banc\u00e1rio <strong>n\u00e3o associado<\/strong> o custo ser\u00e1 de R$ 30,00 com direito a mesma quantidade de bebidas.<\/p>\n<p>No local haver\u00e1 a venda de bebidas: cerveja (350 ml) R$ 3,00 cada ou 4 por R$ 10,00; \u00e1gua mineral (500 ml) e\/ou copo refrigerante R$ 2,00.<\/p>\n<p>Participe!!<\/p>\n<p>Maiores informa\u00e7\u00f5es entre em contato com o Sindicato.<\/p>\n<p>&nbsp;<\/p>\n","protected":false},"excerpt":{"rendered":"<p>O Sindicato dos Banc\u00e1rios organizar\u00e1 mais um evento para a categoria banc\u00e1ria na ARBANC, no dia 25\/11\/2018 (domingo), [&hellip;]<\/p>\n","protected":false},"author":2,"featured_media":2775,"comment_status":"open","ping_status":"open","sticky":false,"template":"","format":"standard","meta":{"jetpack_post_was_ever_published":false,"jetpack_publicize_message":"","jetpack_is_tweetstorm":false,"jetpack_publicize_feature_enabled":true,"jetpack_social_post_already_shared":true,"jetpack_social_options":[]},"categories":[1],"tags":[],"jetpack_publicize_connections":[],"acf":[],"yoast_head":"<!-- This site is optimized with the Yoast SEO plugin v19.14 - https:\/\/yoast.com\/wordpress\/plugins\/seo\/ -->\n<title>SINDICATO REALIZA NO DIA 25\/11\/2018 - FEIJOADA DOS BANC\u00c1RIOS NA ARBANC - Sindicato dos Banc\u00e1rios de S\u00e3o Bento do Sul e Regi\u00e3o<\/title>\n<meta name=\"robots\" content=\"index, follow, max-snippet:-1, max-image-preview:large, max-video-preview:-1\" \/>\n<link rel=\"canonical\" href=\"https:\/\/sindicatodosbancarios.org.br\/site2022\/2018\/10\/18\/sindicato-realiza-no-dia-25-11-2018-feijoada-dos-bancarios-na-arbanc\/\" \/>\n<meta property=\"og:locale\" content=\"pt_BR\" \/>\n<meta property=\"og:type\" content=\"article\" \/>\n<meta property=\"og:title\" content=\"SINDICATO REALIZA NO DIA 25\/11\/2018 - FEIJOADA DOS BANC\u00c1RIOS NA ARBANC - Sindicato dos Banc\u00e1rios de S\u00e3o Bento do Sul e Regi\u00e3o\" \/>\n<meta property=\"og:description\" content=\"O Sindicato dos Banc\u00e1rios organizar\u00e1 mais um evento para a categoria banc\u00e1ria na ARBANC, no dia 25\/11\/2018 (domingo), [&hellip;]\" \/>\n<meta property=\"og:url\" content=\"https:\/\/sindicatodosbancarios.org.br\/site2022\/2018\/10\/18\/sindicato-realiza-no-dia-25-11-2018-feijoada-dos-bancarios-na-arbanc\/\" \/>\n<meta property=\"og:site_name\" content=\"Sindicato dos Banc\u00e1rios de S\u00e3o Bento do Sul e Regi\u00e3o\" \/>\n<meta property=\"article:author\" content=\"https:\/\/www.facebook.com\/seeb.sbs.9\" \/>\n<meta property=\"article:published_time\" content=\"2018-10-18T17:03:19+00:00\" \/>\n<meta property=\"article:modified_time\" content=\"2018-11-29T12:12:27+00:00\" \/>\n<meta property=\"og:image\" content=\"https:\/\/sindicatodosbancarios.org.br\/site2022\/wp-content\/uploads\/2018\/10\/FEIJOADA-BANCARIOS-JPG.jpg\" \/>\n\t<meta property=\"og:image:width\" content=\"1874\" \/>\n\t<meta property=\"og:image:height\" content=\"2372\" \/>\n\t<meta property=\"og:image:type\" content=\"image\/jpeg\" \/>\n<meta name=\"author\" content=\"Sindicato dos Banc\u00e1rios S\u00e3o Bento do Sul e Regi\u00e3o\" \/>\n<meta name=\"twitter:card\" content=\"summary_large_image\" \/>\n<meta name=\"twitter:label1\" content=\"Escrito por\" \/>\n\t<meta name=\"twitter:data1\" content=\"Sindicato dos Banc\u00e1rios S\u00e3o Bento do Sul e Regi\u00e3o\" \/>\n\t<meta name=\"twitter:label2\" content=\"Est. tempo de leitura\" \/>\n\t<meta name=\"twitter:data2\" content=\"1 minuto\" \/>\n<script type=\"application\/ld+json\" class=\"yoast-schema-graph\">{\"@context\":\"https:\/\/schema.org\",\"@graph\":[{\"@type\":\"Article\",\"@id\":\"https:\/\/sindicatodosbancarios.org.br\/site2022\/2018\/10\/18\/sindicato-realiza-no-dia-25-11-2018-feijoada-dos-bancarios-na-arbanc\/#article\",\"isPartOf\":{\"@id\":\"https:\/\/sindicatodosbancarios.org.br\/site2022\/2018\/10\/18\/sindicato-realiza-no-dia-25-11-2018-feijoada-dos-bancarios-na-arbanc\/\"},\"author\":{\"name\":\"Sindicato dos Banc\u00e1rios S\u00e3o Bento do Sul e Regi\u00e3o\",\"@id\":\"https:\/\/sindicatodosbancarios.org.br\/site2022\/#\/schema\/person\/a7d92da77d1084df4d28b57962f1e1bd\"},\"headline\":\"SINDICATO REALIZA NO DIA 25\/11\/2018 &#8211; FEIJOADA DOS BANC\u00c1RIOS NA ARBANC\",\"datePublished\":\"2018-10-18T17:03:19+00:00\",\"dateModified\":\"2018-11-29T12:12:27+00:00\",\"mainEntityOfPage\":{\"@id\":\"https:\/\/sindicatodosbancarios.org.br\/site2022\/2018\/10\/18\/sindicato-realiza-no-dia-25-11-2018-feijoada-dos-bancarios-na-arbanc\/\"},\"wordCount\":173,\"commentCount\":0,\"publisher\":{\"@id\":\"https:\/\/sindicatodosbancarios.org.br\/site2022\/#organization\"},\"articleSection\":[\"Geral\"],\"inLanguage\":\"pt-BR\",\"potentialAction\":[{\"@type\":\"CommentAction\",\"name\":\"Comment\",\"target\":[\"https:\/\/sindicatodosbancarios.org.br\/site2022\/2018\/10\/18\/sindicato-realiza-no-dia-25-11-2018-feijoada-dos-bancarios-na-arbanc\/#respond\"]}]},{\"@type\":\"WebPage\",\"@id\":\"https:\/\/sindicatodosbancarios.org.br\/site2022\/2018\/10\/18\/sindicato-realiza-no-dia-25-11-2018-feijoada-dos-bancarios-na-arbanc\/\",\"url\":\"https:\/\/sindicatodosbancarios.org.br\/site2022\/2018\/10\/18\/sindicato-realiza-no-dia-25-11-2018-feijoada-dos-bancarios-na-arbanc\/\",\"name\":\"SINDICATO REALIZA NO DIA 25\/11\/2018 - FEIJOADA DOS BANC\u00c1RIOS NA ARBANC - Sindicato dos Banc\u00e1rios de S\u00e3o Bento do Sul e Regi\u00e3o\",\"isPartOf\":{\"@id\":\"https:\/\/sindicatodosbancarios.org.br\/site2022\/#website\"},\"datePublished\":\"2018-10-18T17:03:19+00:00\",\"dateModified\":\"2018-11-29T12:12:27+00:00\",\"breadcrumb\":{\"@id\":\"https:\/\/sindicatodosbancarios.org.br\/site2022\/2018\/10\/18\/sindicato-realiza-no-dia-25-11-2018-feijoada-dos-bancarios-na-arbanc\/#breadcrumb\"},\"inLanguage\":\"pt-BR\",\"potentialAction\":[{\"@type\":\"ReadAction\",\"target\":[\"https:\/\/sindicatodosbancarios.org.br\/site2022\/2018\/10\/18\/sindicato-realiza-no-dia-25-11-2018-feijoada-dos-bancarios-na-arbanc\/\"]}]},{\"@type\":\"BreadcrumbList\",\"@id\":\"https:\/\/sindicatodosbancarios.org.br\/site2022\/2018\/10\/18\/sindicato-realiza-no-dia-25-11-2018-feijoada-dos-bancarios-na-arbanc\/#breadcrumb\",\"itemListElement\":[{\"@type\":\"ListItem\",\"position\":1,\"name\":\"In\u00edcio\",\"item\":\"https:\/\/sindicatodosbancarios.org.br\/site2022\/\"},{\"@type\":\"ListItem\",\"position\":2,\"name\":\"SINDICATO REALIZA NO DIA 25\/11\/2018 &#8211; FEIJOADA DOS BANC\u00c1RIOS NA ARBANC\"}]},{\"@type\":\"WebSite\",\"@id\":\"https:\/\/sindicatodosbancarios.org.br\/site2022\/#website\",\"url\":\"https:\/\/sindicatodosbancarios.org.br\/site2022\/\",\"name\":\"Sindicato dos Banc\u00e1rios de S\u00e3o Bento do Sul e Regi\u00e3o\",\"description\":\"Website institucional do Sindicato dos Banc\u00e1rios de S\u00e3o Bento do Sul e Regi\u00e3o\",\"publisher\":{\"@id\":\"https:\/\/sindicatodosbancarios.org.br\/site2022\/#organization\"},\"potentialAction\":[{\"@type\":\"SearchAction\",\"target\":{\"@type\":\"EntryPoint\",\"urlTemplate\":\"https:\/\/sindicatodosbancarios.org.br\/site2022\/?s={search_term_string}\"},\"query-input\":\"required name=search_term_string\"}],\"inLanguage\":\"pt-BR\"},{\"@type\":\"Organization\",\"@id\":\"https:\/\/sindicatodosbancarios.org.br\/site2022\/#organization\",\"name\":\"Sindicato dos Banc\u00e1rios de S\u00e3o Bento do Sul e Regi\u00e3o\",\"url\":\"https:\/\/sindicatodosbancarios.org.br\/site2022\/\",\"logo\":{\"@type\":\"ImageObject\",\"inLanguage\":\"pt-BR\",\"@id\":\"https:\/\/sindicatodosbancarios.org.br\/site2022\/#\/schema\/logo\/image\/\",\"url\":\"https:\/\/sindicatodosbancarios.org.br\/site2022\/wp-content\/uploads\/2017\/06\/cropped-logo-2.png\",\"contentUrl\":\"https:\/\/sindicatodosbancarios.org.br\/site2022\/wp-content\/uploads\/2017\/06\/cropped-logo-2.png\",\"width\":292,\"height\":292,\"caption\":\"Sindicato dos Banc\u00e1rios de S\u00e3o Bento do Sul e Regi\u00e3o\"},\"image\":{\"@id\":\"https:\/\/sindicatodosbancarios.org.br\/site2022\/#\/schema\/logo\/image\/\"}},{\"@type\":\"Person\",\"@id\":\"https:\/\/sindicatodosbancarios.org.br\/site2022\/#\/schema\/person\/a7d92da77d1084df4d28b57962f1e1bd\",\"name\":\"Sindicato dos Banc\u00e1rios S\u00e3o Bento do Sul e Regi\u00e3o\",\"image\":{\"@type\":\"ImageObject\",\"inLanguage\":\"pt-BR\",\"@id\":\"https:\/\/sindicatodosbancarios.org.br\/site2022\/#\/schema\/person\/image\/\",\"url\":\"https:\/\/secure.gravatar.com\/avatar\/f1d1a06f698f2345352e539387180d42?s=96&d=mm&r=g\",\"contentUrl\":\"https:\/\/secure.gravatar.com\/avatar\/f1d1a06f698f2345352e539387180d42?s=96&d=mm&r=g\",\"caption\":\"Sindicato dos Banc\u00e1rios S\u00e3o Bento do Sul e Regi\u00e3o\"},\"sameAs\":[\"http:\/\/sindicatodosbancarios.org.br\/site2022\/\",\"https:\/\/www.facebook.com\/seeb.sbs.9\"],\"url\":\"https:\/\/sindicatodosbancarios.org.br\/site2022\/author\/sindicatodosbancarios\/\"}]}<\/script>\n<!-- \/ Yoast SEO plugin. -->","yoast_head_json":{"title":"SINDICATO REALIZA NO DIA 25\/11\/2018 - FEIJOADA DOS BANC\u00c1RIOS NA ARBANC - Sindicato dos Banc\u00e1rios de S\u00e3o Bento do Sul e Regi\u00e3o","robots":{"index":"index","follow":"follow","max-snippet":"max-snippet:-1","max-image-preview":"max-image-preview:large","max-video-preview":"max-video-preview:-1"},"canonical":"https:\/\/sindicatodosbancarios.org.br\/site2022\/2018\/10\/18\/sindicato-realiza-no-dia-25-11-2018-feijoada-dos-bancarios-na-arbanc\/","og_locale":"pt_BR","og_type":"article","og_title":"SINDICATO REALIZA NO DIA 25\/11\/2018 - FEIJOADA DOS BANC\u00c1RIOS NA ARBANC - Sindicato dos Banc\u00e1rios de S\u00e3o Bento do Sul e Regi\u00e3o","og_description":"O Sindicato dos Banc\u00e1rios organizar\u00e1 mais um evento para a categoria banc\u00e1ria na ARBANC, no dia 25\/11\/2018 (domingo), [&hellip;]","og_url":"https:\/\/sindicatodosbancarios.org.br\/site2022\/2018\/10\/18\/sindicato-realiza-no-dia-25-11-2018-feijoada-dos-bancarios-na-arbanc\/","og_site_name":"Sindicato dos Banc\u00e1rios de S\u00e3o Bento do Sul e Regi\u00e3o","article_author":"https:\/\/www.facebook.com\/seeb.sbs.9","article_published_time":"2018-10-18T17:03:19+00:00","article_modified_time":"2018-11-29T12:12:27+00:00","og_image":[{"width":1874,"height":2372,"url":"https:\/\/sindicatodosbancarios.org.br\/site2022\/wp-content\/uploads\/2018\/10\/FEIJOADA-BANCARIOS-JPG.jpg","type":"image\/jpeg"}],"author":"Sindicato dos Banc\u00e1rios S\u00e3o Bento do Sul e Regi\u00e3o","twitter_card":"summary_large_image","twitter_misc":{"Escrito por":"Sindicato dos Banc\u00e1rios S\u00e3o Bento do Sul e Regi\u00e3o","Est. tempo de leitura":"1 minuto"},"schema":{"@context":"https:\/\/schema.org","@graph":[{"@type":"Article","@id":"https:\/\/sindicatodosbancarios.org.br\/site2022\/2018\/10\/18\/sindicato-realiza-no-dia-25-11-2018-feijoada-dos-bancarios-na-arbanc\/#article","isPartOf":{"@id":"https:\/\/sindicatodosbancarios.org.br\/site2022\/2018\/10\/18\/sindicato-realiza-no-dia-25-11-2018-feijoada-dos-bancarios-na-arbanc\/"},"author":{"name":"Sindicato dos Banc\u00e1rios S\u00e3o Bento do Sul e Regi\u00e3o","@id":"https:\/\/sindicatodosbancarios.org.br\/site2022\/#\/schema\/person\/a7d92da77d1084df4d28b57962f1e1bd"},"headline":"SINDICATO REALIZA NO DIA 25\/11\/2018 &#8211; FEIJOADA DOS BANC\u00c1RIOS NA ARBANC","datePublished":"2018-10-18T17:03:19+00:00","dateModified":"2018-11-29T12:12:27+00:00","mainEntityOfPage":{"@id":"https:\/\/sindicatodosbancarios.org.br\/site2022\/2018\/10\/18\/sindicato-realiza-no-dia-25-11-2018-feijoada-dos-bancarios-na-arbanc\/"},"wordCount":173,"commentCount":0,"publisher":{"@id":"https:\/\/sindicatodosbancarios.org.br\/site2022\/#organization"},"articleSection":["Geral"],"inLanguage":"pt-BR","potentialAction":[{"@type":"CommentAction","name":"Comment","target":["https:\/\/sindicatodosbancarios.org.br\/site2022\/2018\/10\/18\/sindicato-realiza-no-dia-25-11-2018-feijoada-dos-bancarios-na-arbanc\/#respond"]}]},{"@type":"WebPage","@id":"https:\/\/sindicatodosbancarios.org.br\/site2022\/2018\/10\/18\/sindicato-realiza-no-dia-25-11-2018-feijoada-dos-bancarios-na-arbanc\/","url":"https:\/\/sindicatodosbancarios.org.br\/site2022\/2018\/10\/18\/sindicato-realiza-no-dia-25-11-2018-feijoada-dos-bancarios-na-arbanc\/","name":"SINDICATO REALIZA NO DIA 25\/11\/2018 - FEIJOADA DOS BANC\u00c1RIOS NA ARBANC - Sindicato dos Banc\u00e1rios de S\u00e3o Bento do Sul e Regi\u00e3o","isPartOf":{"@id":"https:\/\/sindicatodosbancarios.org.br\/site2022\/#website"},"datePublished":"2018-10-18T17:03:19+00:00","dateModified":"2018-11-29T12:12:27+00:00","breadcrumb":{"@id":"https:\/\/sindicatodosbancarios.org.br\/site2022\/2018\/10\/18\/sindicato-realiza-no-dia-25-11-2018-feijoada-dos-bancarios-na-arbanc\/#breadcrumb"},"inLanguage":"pt-BR","potentialAction":[{"@type":"ReadAction","target":["https:\/\/sindicatodosbancarios.org.br\/site2022\/2018\/10\/18\/sindicato-realiza-no-dia-25-11-2018-feijoada-dos-bancarios-na-arbanc\/"]}]},{"@type":"BreadcrumbList","@id":"https:\/\/sindicatodosbancarios.org.br\/site2022\/2018\/10\/18\/sindicato-realiza-no-dia-25-11-2018-feijoada-dos-bancarios-na-arbanc\/#breadcrumb","itemListElement":[{"@type":"ListItem","position":1,"name":"In\u00edcio","item":"https:\/\/sindicatodosbancarios.org.br\/site2022\/"},{"@type":"ListItem","position":2,"name":"SINDICATO REALIZA NO DIA 25\/11\/2018 &#8211; FEIJOADA DOS BANC\u00c1RIOS NA ARBANC"}]},{"@type":"WebSite","@id":"https:\/\/sindicatodosbancarios.org.br\/site2022\/#website","url":"https:\/\/sindicatodosbancarios.org.br\/site2022\/","name":"Sindicato dos Banc\u00e1rios de S\u00e3o Bento do Sul e Regi\u00e3o","description":"Website institucional do Sindicato dos Banc\u00e1rios de S\u00e3o Bento do Sul e Regi\u00e3o","publisher":{"@id":"https:\/\/sindicatodosbancarios.org.br\/site2022\/#organization"},"potentialAction":[{"@type":"SearchAction","target":{"@type":"EntryPoint","urlTemplate":"https:\/\/sindicatodosbancarios.org.br\/site2022\/?s={search_term_string}"},"query-input":"required name=search_term_string"}],"inLanguage":"pt-BR"},{"@type":"Organization","@id":"https:\/\/sindicatodosbancarios.org.br\/site2022\/#organization","name":"Sindicato dos Banc\u00e1rios de S\u00e3o Bento do Sul e Regi\u00e3o","url":"https:\/\/sindicatodosbancarios.org.br\/site2022\/","logo":{"@type":"ImageObject","inLanguage":"pt-BR","@id":"https:\/\/sindicatodosbancarios.org.br\/site2022\/#\/schema\/logo\/image\/","url":"https:\/\/sindicatodosbancarios.org.br\/site2022\/wp-content\/uploads\/2017\/06\/cropped-logo-2.png","contentUrl":"https:\/\/sindicatodosbancarios.org.br\/site2022\/wp-content\/uploads\/2017\/06\/cropped-logo-2.png","width":292,"height":292,"caption":"Sindicato dos Banc\u00e1rios de S\u00e3o Bento do Sul e Regi\u00e3o"},"image":{"@id":"https:\/\/sindicatodosbancarios.org.br\/site2022\/#\/schema\/logo\/image\/"}},{"@type":"Person","@id":"https:\/\/sindicatodosbancarios.org.br\/site2022\/#\/schema\/person\/a7d92da77d1084df4d28b57962f1e1bd","name":"Sindicato dos Banc\u00e1rios S\u00e3o Bento do Sul e Regi\u00e3o","image":{"@type":"ImageObject","inLanguage":"pt-BR","@id":"https:\/\/sindicatodosbancarios.org.br\/site2022\/#\/schema\/person\/image\/","url":"https:\/\/secure.gravatar.com\/avatar\/f1d1a06f698f2345352e539387180d42?s=96&d=mm&r=g","contentUrl":"https:\/\/secure.gravatar.com\/avatar\/f1d1a06f698f2345352e539387180d42?s=96&d=mm&r=g","caption":"Sindicato dos Banc\u00e1rios S\u00e3o Bento do Sul e Regi\u00e3o"},"sameAs":["http:\/\/sindicatodosbancarios.org.br\/site2022\/","https:\/\/www.facebook.com\/seeb.sbs.9"],"url":"https:\/\/sindicatodosbancarios.org.br\/site2022\/author\/sindicatodosbancarios\/"}]}},"jetpack_featured_media_url":"https:\/\/sindicatodosbancarios.org.br\/site2022\/wp-content\/uploads\/2018\/10\/FEIJOADA-BANCARIOS-JPG.jpg","jetpack_sharing_enabled":true,"jetpack_shortlink":"https:\/\/wp.me\/p8RSbI-IK","jetpack-related-posts":[{"id":4877,"url":"https:\/\/sindicatodosbancarios.org.br\/site2022\/2020\/12\/15\/informe-bancario-460-2020-em-assembleia-bancarios-do-itau-aprovam-acordo-de-teletrabalho\/","url_meta":{"origin":2774,"position":0},"title":"INFORME BANC\u00c1RIO \u2013 460\/2020 EM ASSEMBLEIA, BANC\u00c1RIOS DO ITA\u00da APROVAM ACORDO DE TELETRABALHO","date":"15 de dezembro de 2020","format":false,"excerpt":"Trabalhadores do Banco Ita\u00fa Unibanco SA, conquistaram acordo que garante ajuda de custo, fornecimento pela empresa de equipamentos e cadeira adequada, manuten\u00e7\u00e3o do VR e VA nos termos da CCT, controle de jornada, entre outros pontos. Em Assembleia Virtual encerrada \u00e0s 20h desta sexta-feira dia 04, os Banc\u00e1rios do Ita\u00fa\u2026","rel":"","context":"Em &quot;Ita\u00fa&quot;","img":{"alt_text":"","src":"https:\/\/i0.wp.com\/sindicatodosbancarios.org.br\/site2022\/wp-content\/uploads\/2020\/12\/141220141318-ITA\u00da.jpeg?resize=350%2C200&ssl=1","width":350,"height":200},"classes":[]},{"id":4419,"url":"https:\/\/sindicatodosbancarios.org.br\/site2022\/2020\/09\/02\/informe-bancario-323-2020-bancarios-do-itau-recebem-pcr-no-mesmo-dia-da-plr\/","url_meta":{"origin":2774,"position":1},"title":"INFORME BANC\u00c1RIO \u2013 323\/2020 BANC\u00c1RIOS DO ITA\u00da RECEBEM PCR NO MESMO DIA DA PLR","date":"2 de setembro de 2020","format":false,"excerpt":"O Movimento Sindical Banc\u00e1rio vai procurar o Banco Ita\u00fa Unibanco SA para negociar o PCR de 2021 e de 2022.\u00a0Os Banc\u00e1rios do Banco Ita\u00fa Unibanco SA receber\u00e3o o pagamento do Programa Complementar de Resultados (PCR) no mesmo dia que for paga a Participa\u00e7\u00e3o nos Lucros e Resultados (PLR). O valor\u2026","rel":"","context":"Em &quot;Geral&quot;","img":{"alt_text":"","src":"https:\/\/i0.wp.com\/sindicatodosbancarios.org.br\/site2022\/wp-content\/uploads\/2020\/07\/itaushutter_77004.jpg?resize=350%2C200&ssl=1","width":350,"height":200},"classes":[]},{"id":5194,"url":"https:\/\/sindicatodosbancarios.org.br\/site2022\/2021\/02\/19\/informe-bancarios-65-2021-itau-paga-plr-no-dia-1o-de-marco\/","url_meta":{"origin":2774,"position":2},"title":"INFORME BANC\u00c1RIOS \u2013 65\/2021 Ita\u00fa paga PLR no dia 1\u00ba de mar\u00e7o","date":"19 de fevereiro de 2021","format":false,"excerpt":"O Banco Ita\u00fa\/Unibanco informou que vai creditar o pagamento da segunda parcela da Participa\u00e7\u00e3o nos Lucros e Resultados (PLR) \u00a0no dia 1\u00ba de mar\u00e7o. O pagamento ser\u00e1 baseado na regra de 5% sobre o lucro, que corresponde a regra b\u00e1sica de 90% do sal\u00e1rio de dezembro de 2020 somados ao\u2026","rel":"","context":"Em &quot;Geral&quot;","img":{"alt_text":"","src":"https:\/\/i0.wp.com\/sindicatodosbancarios.org.br\/site2022\/wp-content\/uploads\/2020\/07\/itaushutter_77004.jpg?resize=350%2C200&ssl=1","width":350,"height":200},"classes":[]},{"id":4199,"url":"https:\/\/sindicatodosbancarios.org.br\/site2022\/2020\/08\/03\/informe-bancario-273-2020-bancarios-do-banco-do-brasil-defendem-mesa-unica-de-negociacao-com-a-fenaban\/","url_meta":{"origin":2774,"position":3},"title":"INFORME BANC\u00c1RIO \u2013 273\/2020 Banc\u00e1rios do Banco do Brasil defendem mesa \u00fanica de negocia\u00e7\u00e3o com a Fenaban","date":"3 de agosto de 2020","format":false,"excerpt":"Representantes dos trabalhadores reivindicam que a dire\u00e7\u00e3o do banco integre as negocia\u00e7\u00f5es junto com a federa\u00e7\u00e3o dos bancos; segundo o Dieese, 69% das empresas p\u00fablicas que fizeram greve no ano passado acabaram suas campanhas salariais no Tribunal Superior do Trabalho. Os banc\u00e1rios do\u00a0Banco do Brasil\u00a0defendem\u00a0a participa\u00e7\u00e3o do Banco do Brasil\u2026","rel":"","context":"Em &quot;Banco do Brasil&quot;","img":{"alt_text":"","src":"https:\/\/i0.wp.com\/sindicatodosbancarios.org.br\/site2022\/wp-content\/uploads\/2020\/08\/bancarios_do_banco_do_brasil_mesa_unica_negociacao_fenaban_campanha_nacional_2020.jpg?resize=350%2C200&ssl=1","width":350,"height":200},"classes":[]},{"id":4289,"url":"https:\/\/sindicatodosbancarios.org.br\/site2022\/2020\/08\/18\/informe-bancario-299-2020-resultado-reuniao-bb-de-17-08-20-campanha-salarial-dos-bancarios-2020\/","url_meta":{"origin":2774,"position":4},"title":"INFORME BANC\u00c1RIO \u2013 299\/2020 RESULTADO REUNI\u00c3O BB DE 17\/08\/20 &#8211; CAMPANHA SALARIAL DOS BANC\u00c1RIOS 2020","date":"18 de agosto de 2020","format":false,"excerpt":"A Dire\u00e7\u00e3o do Banco do Brasil prop\u00f4s a retirada de uma s\u00e9rie de direitos atualmente clausulados no Acordo Coletivo de Trabalho (Acordo Espec\u00edfico) dos Funcion\u00e1rios da Empresa P\u00fablica, durante a quarta rodada de negocia\u00e7\u00e3o entre o Movimento Sindical e os e Representantes do Banco. O tema da rodada de negocia\u00e7\u00e3o,\u2026","rel":"","context":"Em &quot;Banco do Brasil&quot;","img":{"alt_text":"","src":"https:\/\/i0.wp.com\/sindicatodosbancarios.org.br\/site2022\/wp-content\/uploads\/2020\/08\/concurso-pu\u0301blico-bb-cursodememorizac\u0327a\u0303o-2.jpg?resize=350%2C200&ssl=1","width":350,"height":200},"classes":[]},{"id":5240,"url":"https:\/\/sindicatodosbancarios.org.br\/site2022\/2021\/03\/08\/informe-bancarios-79-2021-aposentados-com-mais-65-anos-tem-direito-a-isencao-dupla-no-imposto-de-renda-entenda\/","url_meta":{"origin":2774,"position":5},"title":"INFORME BANC\u00c1RIOS \u2013 79\/2021 Aposentados com mais 65 anos t\u00eam direito \u00e0 isen\u00e7\u00e3o dupla no Imposto de Renda; Entenda","date":"8 de mar\u00e7o de 2021","format":false,"excerpt":"O que sobrar ap\u00f3s o abatimento do b\u00f4nus entra como rendimento tribut\u00e1vel como\u00a0alugu\u00e9is e trabalho aut\u00f4nomo. Os aposentados e pensionistas\u00a0com mais de 65 anos do Instituto Nacional do Seguro Social (INSS) e de entidades privadas t\u00eam um limite maior de isen\u00e7\u00e3o de\u00a0Imposto de Renda\u00a0descontado sobre o benef\u00edcio que recebem. Isso\u2026","rel":"","context":"Em &quot;Geral&quot;","img":{"alt_text":"","src":"https:\/\/i0.wp.com\/sindicatodosbancarios.org.br\/site2022\/wp-content\/uploads\/2021\/02\/ecv8by7wzopiiudr6exo2c0gh.jpg?resize=350%2C200&ssl=1","width":350,"height":200},"classes":[]}],"_links":{"self":[{"href":"https:\/\/sindicatodosbancarios.org.br\/site2022\/wp-json\/wp\/v2\/posts\/2774"}],"collection":[{"href":"https:\/\/sindicatodosbancarios.org.br\/site2022\/wp-json\/wp\/v2\/posts"}],"about":[{"href":"https:\/\/sindicatodosbancarios.org.br\/site2022\/wp-json\/wp\/v2\/types\/post"}],"author":[{"embeddable":true,"href":"https:\/\/sindicatodosbancarios.org.br\/site2022\/wp-json\/wp\/v2\/users\/2"}],"replies":[{"embeddable":true,"href":"https:\/\/sindicatodosbancarios.org.br\/site2022\/wp-json\/wp\/v2\/comments?post=2774"}],"version-history":[{"count":1,"href":"https:\/\/sindicatodosbancarios.org.br\/site2022\/wp-json\/wp\/v2\/posts\/2774\/revisions"}],"predecessor-version":[{"id":2776,"href":"https:\/\/sindicatodosbancarios.org.br\/site2022\/wp-json\/wp\/v2\/posts\/2774\/revisions\/2776"}],"wp:featuredmedia":[{"embeddable":true,"href":"https:\/\/sindicatodosbancarios.org.br\/site2022\/wp-json\/wp\/v2\/media\/2775"}],"wp:attachment":[{"href":"https:\/\/sindicatodosbancarios.org.br\/site2022\/wp-json\/wp\/v2\/media?parent=2774"}],"wp:term":[{"taxonomy":"category","embeddable":true,"href":"https:\/\/sindicatodosbancarios.org.br\/site2022\/wp-json\/wp\/v2\/categories?post=2774"},{"taxonomy":"post_tag","embeddable":true,"href":"https:\/\/sindicatodosbancarios.org.br\/site2022\/wp-json\/wp\/v2\/tags?post=2774"}],"curies":[{"name":"wp","href":"https:\/\/api.w.org\/{rel}","templated":true}]}}