{"id":2925,"date":"2019-02-26T09:47:57","date_gmt":"2019-02-26T12:47:57","guid":{"rendered":"https:\/\/sindicatodosbancarios.org.br\/?p=2925"},"modified":"2019-02-26T09:47:57","modified_gmt":"2019-02-26T12:47:57","slug":"informe-bancario-006-2019-integra-da-proposta-de-reforma-da-previdencia-do-governo-bolsonaro","status":"publish","type":"post","link":"https:\/\/sindicatodosbancarios.org.br\/site2022\/2019\/02\/26\/informe-bancario-006-2019-integra-da-proposta-de-reforma-da-previdencia-do-governo-bolsonaro\/","title":{"rendered":"INFORME BANC\u00c1RIO &#8211; 006 \/ 2019 &#8211; \u00cdNTEGRA DA PROPOSTA DE REFORMA DA PREVID\u00caNCIA DO GOVERNO BOLSONARO"},"content":{"rendered":"<p>IDADE M\u00cdNIMA: A proposta cria uma idade m\u00ednima de aposentadoria. Ao final do tempo de transi\u00e7\u00e3o, deixa de haver a possibilidade de aposentadoria por tempo de contribui\u00e7\u00e3o.<br \/>\nPara mulheres, a idade m\u00ednima de aposentadoria ser\u00e1 de 62 anos, e para homens, de 65. Benefici\u00e1rios ter\u00e3o que contribuir por um m\u00ednimo de 20 anos.<br \/>\nREGRA DE TRANSI\u00c7\u00c3O \u2013 REGIME GERAL: Segundo o texto, haver\u00e1 3 regras de transi\u00e7\u00e3o para a aposentadoria por tempo de contribui\u00e7\u00e3o para o setor privado (INSS) \u2013 o trabalhador poder\u00e1 optar pela forma mais vantajosa. Uma outra regra de transi\u00e7\u00e3o ser\u00e1 implementada para o RPPS (servidores p\u00fablicos).<br \/>\nTRANSI\u00c7\u00c3O 1 \u2013 TEMPO DE CONTRIBUI\u00c7\u00c3O + IDADE: A regra \u00e9 semelhante \u00e0 formula atual para pedir a aposentadoria integral, a f\u00f3rmula 86\/96. O trabalhador dever\u00e1 alcan\u00e7ar uma pontua\u00e7\u00e3o que resulta da soma de sua idade mais o tempo de contribui\u00e7\u00e3o.<br \/>\nPara homens, hoje esta pontua\u00e7\u00e3o \u00e9 de 96 pontos e, para mulheres, de 86 pontos, respeitando um m\u00ednimo de 35 anos de contribui\u00e7\u00e3o para eles, e 30 anos para elas. A transi\u00e7\u00e3o prev\u00ea um aumento de 1 ponto a cada ano. Para homens, ela deve alcan\u00e7ar 105 pontos em 2028. Para mulheres, deve chegar a 100 pontos em 2033.<br \/>\nTRANSI\u00c7\u00c3O 2 \u2013 TEMPO DE CONTRIBUI\u00c7\u00c3O + IDADE M\u00cdNIMA: A idade m\u00ednima para se aposentar chegar\u00e1 a 65 anos para homens, e 62 anos para mulheres, ap\u00f3s um per\u00edodo de transi\u00e7\u00e3o. Ele vai durar 8 anos para eles e 12 anos para ela, come\u00e7ando em 61 anos (homens) e 56 anos (mulheres).<br \/>\nTRANSI\u00c7\u00c3O 3 \u2013 TEMPO DE CONTRIBUI\u00c7\u00c3O: Poder\u00e1 pedir a aposentadoria por esta regra quem estiver a 2 anos de completar o tempo m\u00ednimo de contribui\u00e7\u00e3o, de 35 anos para homens e 30 anos para mulheres. O valor do benef\u00edcio ser\u00e1 reduzido pelo fator previdenci\u00e1rio, um c\u00e1lculo que leva em conta a expectativa de sobrevida do segurado medida pelo IBGE, que vem aumentando ano a ano. Quanto maior esta expectativa, maior a redu\u00e7\u00e3o do benef\u00edcio.<br \/>\nHaver\u00e1 um ped\u00e1gio de 50% sobre o tempo que falta para se aposentar. Assim, se faltam 2 anos para pedir o benef\u00edcio, o trabalhador dever\u00e1 contribuir por mais um ano.<br \/>\nMUDAN\u00c7A NO C\u00c1LCULO DO BENEF\u00cdCIO (RGPS): O c\u00e1lculo do benef\u00edcio leva em conta apenas o tempo de contribui\u00e7\u00e3o. O trabalhador ter\u00e1 direito a 100% do benef\u00edcio com 40 anos de contribui\u00e7\u00e3o.<br \/>\nCom 20 anos de contribui\u00e7\u00e3o (o m\u00ednimo para os trabalhadores privados do regime geral), o benef\u00edcio ser\u00e1 de 60%, subindo 2 pontos percentuais para cada ano a mais de contribui\u00e7\u00e3o.<br \/>\nQuem se aposentar pelas regras de transi\u00e7\u00e3o ter\u00e1 o teto de 100%. Quem se aposentar j\u00e1 pela regra permanente n\u00e3o ter\u00e1 esse teto, podendo receber mais de 100%, se contribuir por mais de 40 anos. O valor do benef\u00edcio, no entanto, n\u00e3o poder\u00e1 ser superior ao teto (atualmente em R$ 5.839,45), nem inferior a um sal\u00e1rio m\u00ednimo.<br \/>\nREGRA DE TRANSI\u00c7\u00c3O \u2013 REGIME PR\u00d3PRIO (SERVIDORES): Para os servidores p\u00fablicos, a transi\u00e7\u00e3o entra em uma pontua\u00e7\u00e3o que soma o tempo de contribui\u00e7\u00e3o mais uma idade m\u00ednima, come\u00e7ando em 86 pontos para as mulheres e 96 pontos para os homens.<br \/>\nA transi\u00e7\u00e3o prev\u00ea um aumento de 1 ponto a cada ano, tendo dura\u00e7\u00e3o de 14 anos para as mulheres e de 9 anos para os homens. O per\u00edodo de transi\u00e7\u00e3o termina quando a pontua\u00e7\u00e3o alcan\u00e7ar 100 pontos para as mulheres, em 2033, e a 105 pontos para os homens, em 2028, permanecendo neste patamar.<br \/>\nO tempo m\u00ednimo de contribui\u00e7\u00e3o dos servidores ser\u00e1 de 35 anos para os homens e de 30 anos para as mulheres. A idade m\u00ednima come\u00e7a em 61 anos para os homens. J\u00e1 para as mulheres, come\u00e7a em 56 anos.<br \/>\nAo fim da transi\u00e7\u00e3o, a idade m\u00ednima tamb\u00e9m alcan\u00e7ar\u00e1 62 anos para mulheres e 65 para os homens.<br \/>\nAPOSENTADORIA RURAL: Para os trabalhadores rurais, a idade m\u00ednima de aposentadoria proposta \u00e9 de 60 anos, para homens e mulheres. A contribui\u00e7\u00e3o m\u00ednima ser\u00e1 de 20 anos.<br \/>\nSERVIDORES P\u00daBLICOS: Servidores p\u00fablicos ter\u00e3o idade m\u00ednima de aposentadoria igualada \u00e0 dos trabalhadores do setor privado: 62 para mulheres e 65 para homens. O tempo de contribui\u00e7\u00e3o m\u00ednimo, no entanto, ser\u00e1 de 25 anos, sendo necess\u00e1rio 10 anos no servi\u00e7o p\u00fablico, e 5 no cargo. O valor do benef\u00edcio ser\u00e1 calculado da mesma forma do regime geral.<br \/>\nPara servidores que ingressaram at\u00e9 31 de dezembro de 2003, a integralidade da aposentadoria ser\u00e1 mantida para quem se aposentar aos 65 anos (homens) ou 62 (mulheres). No caso de professores, a idade ser\u00e1 de 60 anos. Para quem ingressou ap\u00f3s 2003, o crit\u00e9rio para o c\u00e1lculo do benef\u00edcio \u00e9 igual ao do INSS.<br \/>\nPROFESSORES: Professores poder\u00e3o se aposentar a partir dos 60 anos, mas com tempo m\u00ednimo de contribui\u00e7\u00e3o de 30 anos. Para os professores no Regime Pr\u00f3prio (servidores), ser\u00e1 preciso ainda 10 anos no servi\u00e7o p\u00fablico, e 5 no<br \/>\ncargo.<br \/>\nAPOSENTADORIA DE DEPUTADOS FEDERAIS E SENADORES: Proposta prev\u00ea 65 anos de idade m\u00ednima para homens e 62 anos para mulheres, e 30% de ped\u00e1gio do tempo de contribui\u00e7\u00e3o faltante. Novos eleitos estar\u00e3o automaticamente no regime geral, com extin\u00e7\u00e3o do regime atual.<br \/>\nHoje, a idade m\u00ednima \u00e9 de 60 anos de idade m\u00ednima para homens e mulheres, com 35 de anos de contribui\u00e7\u00e3o. Benef\u00edcio \u00e9 de 1\/35 do sal\u00e1rio para cada ano de parlamentar.<br \/>\nAPOSENTADORIA DE POLICIAIS CIVIS, FEDERAIS E AGENTES PENITENCI\u00c1RIOS E SOCIOEDUCATIVOS: Os que ingressarem ter\u00e3o seus benef\u00edcios calculados pelo mesmo crit\u00e9rio do RGPS. Os que tiverem ingressado antes disso receber\u00e3o a remunera\u00e7\u00e3o do \u00faltimo cargo.<br \/>\nPara policiais, a idade m\u00ednima para aposentadoria ficar\u00e1 em 55 anos, com tempo m\u00ednimo de contribui\u00e7\u00e3o de 30 anos para homens e 25 para mulheres, e tempo de exerc\u00edcio de 20 anos para eles e 15 para elas. Para agentes, os crit\u00e9rios ser\u00e3o os mesmos, excetuando o tempo de exerc\u00edcio, de 20 anos para ambos os sexos.<br \/>\nFOR\u00c7AS ARMADAS, POLICIAIS E BOMBEIROS MILITARES: Policiais e bombeiros militares ter\u00e3o as mesmas regras das For\u00e7as Armadas \u2013 que n\u00e3o est\u00e3o contempladas na proposta atual. Segundo o ecret\u00e1rio de Previd\u00eancia, um texto sobre os militares ser\u00e1 entregue em 30 dias.<br \/>\nCRIA\u00c7\u00c3O DO SISTEMA DE CAPITALIZA\u00c7\u00c3O: Ser\u00e1 um sistema alternativo ao j\u00e1 existente, mas apenas os novos trabalhadores poder\u00e3o aderir. As reservas ser\u00e3o geridas por entidades de previd\u00eancia p\u00fablica e privada. Segundo o governo, no entanto, essa proposta n\u00e3o ser\u00e1 encaminhada neste momento ao Congresso.<br \/>\nMUDAN\u00c7A NA AL\u00cdQUOTA DE CONTRIBUI\u00c7\u00c3O: A proposta da nova Previd\u00eancia prev\u00ea uma mudan\u00e7a na al\u00edquota paga pelo trabalhador. Os trabalhadores que recebem um sal\u00e1rio maior v\u00e3o contribuir com mais. J\u00e1 os recebem menos v\u00e3o ter uma contribui\u00e7\u00e3o menor, de acordo com a proposta. Haver\u00e1 tamb\u00e9m\u00a0a uni\u00e3o das al\u00edquotas do regime geral \u2013 dos trabalhadores da iniciativa privada \u2013 e do regime pr\u00f3prio \u2013 aqueles dos servidores p\u00fablicos.APOSENTADORIA POR INCAPACIDADE PERMANENTE: O benef\u00edcio, que hoje \u00e9 chamado de aposentadoria por invalidez e \u00e9 de 100% da m\u00e9dia dos sal\u00e1rios de contribui\u00e7\u00e3o para todos, passa a ser de 60% mais 2% por ano de contribui\u00e7\u00e3o que exceder 20 anos. Em caso de invalidez decorrente de acidente\u00a0 de trabalho, doen\u00e7as profissionais ou do trabalho, o c\u00e1lculo do benef\u00edcio n\u00e3o muda.<br \/>\nPENS\u00c3O POR MORTE: Pela proposta, o valor da pens\u00e3o por morte ficar\u00e1 menor. Tanto para trabalhadores do setor privado quanto para o servi\u00e7o p\u00fablico, o benef\u00edcio ser\u00e1 de 60% do valor mais 10% por dependente adicional. Assim, se o benefici\u00e1rio tiver apenas 1 dependente, receber\u00e1 os 60%, se tiver 2 dependentes, receber\u00e1 70%, at\u00e9 o limite de 100% para cinco ou mais dependentes. Hoje, a pens\u00e3o por morte \u00e9 de 100% para segurados do INSS, respeitando o teto de R$ 5.839,45. Para os servidores p\u00fablicos, al\u00e9m deste percentual, o segurado recebe 70% da parcela que superar o teto. Em caso de morte por acidente de trabalho, doen\u00e7as profissionais e de trabalho, a taxa de reposi\u00e7\u00e3o do benef\u00edcio ser\u00e1 de 100%, segundo a proposta.<br \/>\nQuem j\u00e1 recebe pens\u00e3o por morte n\u00e3o ter\u00e1 o valor de seu benef\u00edcio alterado. Os dependentes de servidores que ingressaram antes da cria\u00e7\u00e3o da previd\u00eancia complementar ter\u00e3o o benef\u00edcio calculado quem obedecer ao limite do teto do INSS, que hoje \u00e9 de R$ 5.839,45 em 2019.<br \/>\nBenef\u00edcio de Presta\u00e7\u00e3o Continuada (BPC): Os idosos ter\u00e3o de aguardar at\u00e9 os 70 anos para receber o benef\u00edcio, que garante um sal\u00e1rio m\u00ednimo mensal a pessoas com defici\u00eancia e idosos em situa\u00e7\u00e3o de pobreza. Atualmente, o valor de um sal\u00e1rio m\u00ednimo \u00e9 pago a partir dos 65 anos. Para os deficientes, a regra n\u00e3o se alterou.<br \/>\nMas o governo prop\u00f5e, tamb\u00e9m, o pagamento de um valor menor, de R$ 400, a partir dos 60 anos de idade. Pela proposta, permanece a exig\u00eancia de que os benefici\u00e1rios tenham renda mensal per capita inferior a 1\/4 do sal\u00e1rio m\u00ednimo, e determina tamb\u00e9m que tenham patrim\u00f4nio inferior a R$ 98 mil (Faixa 1 do Minha Casa Minha Vida).<br \/>\nLIMITE DE ACUMULA\u00c7\u00c3O DE BENEF\u00cdCIOS: Hoje, n\u00e3o h\u00e1 limite para acumula\u00e7\u00e3o de diferentes benef\u00edcios. A proposta prev\u00ea que o benefici\u00e1rio passar\u00e1 a receber 100% do benef\u00edcio de maior valor, somado a um percentual da soma dos demais.<br \/>\nEsse percentual ser\u00e1 de 80% para benef\u00edcios at\u00e9 1 sal\u00e1rio m\u00ednimo; 60% para entre 1 e 2 sal\u00e1rios; 40% entre 2 e 3; 20% entre 3 e 4; e zero para benef\u00edcios acima de 4 sal\u00e1rios m\u00ednimos. Ficar\u00e3o fora da nova regra as acumula\u00e7\u00f5es de aposentadorias previstas em lei: m\u00e9dicos, professores, aposentadorias do regime pr\u00f3prio ou das For\u00e7as Armadas com regime geral.<br \/>\nMULTA DE 40% DO FGTS: A proposta do governo tamb\u00e9m prev\u00ea que o empregador n\u00e3o ser\u00e1 mais obrigado a pagar a multa de 40% sobre o saldo do FGTS quando o empregado j\u00e1 estiver aposentado pelaPrevid\u00eancia Social. As empresas tamb\u00e9m n\u00e3o ter\u00e3o mais que recolher FGTS dos empregados j\u00e1 aposentados.<br \/>\n<span style=\"font-size: 8pt;\">FONTE: CONTEC<\/span><\/p>\n","protected":false},"excerpt":{"rendered":"<p>IDADE M\u00cdNIMA: A proposta cria uma idade m\u00ednima de aposentadoria. Ao final do tempo de transi\u00e7\u00e3o, deixa de [&hellip;]<\/p>\n","protected":false},"author":2,"featured_media":1650,"comment_status":"open","ping_status":"open","sticky":false,"template":"","format":"standard","meta":{"jetpack_post_was_ever_published":false,"jetpack_publicize_message":"","jetpack_is_tweetstorm":false,"jetpack_publicize_feature_enabled":true,"jetpack_social_post_already_shared":true,"jetpack_social_options":[]},"categories":[1],"tags":[],"jetpack_publicize_connections":[],"acf":[],"yoast_head":"<!-- This site is optimized with the Yoast SEO plugin v19.14 - https:\/\/yoast.com\/wordpress\/plugins\/seo\/ -->\n<title>INFORME BANC\u00c1RIO - 006 \/ 2019 - \u00cdNTEGRA DA PROPOSTA DE REFORMA DA PREVID\u00caNCIA DO GOVERNO BOLSONARO - Sindicato dos Banc\u00e1rios de S\u00e3o Bento do Sul e Regi\u00e3o<\/title>\n<meta name=\"robots\" content=\"index, follow, max-snippet:-1, max-image-preview:large, max-video-preview:-1\" \/>\n<link rel=\"canonical\" href=\"https:\/\/sindicatodosbancarios.org.br\/site2022\/2019\/02\/26\/informe-bancario-006-2019-integra-da-proposta-de-reforma-da-previdencia-do-governo-bolsonaro\/\" \/>\n<meta property=\"og:locale\" content=\"pt_BR\" \/>\n<meta property=\"og:type\" content=\"article\" \/>\n<meta property=\"og:title\" content=\"INFORME BANC\u00c1RIO - 006 \/ 2019 - \u00cdNTEGRA DA PROPOSTA DE REFORMA DA PREVID\u00caNCIA DO GOVERNO BOLSONARO - Sindicato dos Banc\u00e1rios de S\u00e3o Bento do Sul e Regi\u00e3o\" \/>\n<meta property=\"og:description\" content=\"IDADE M\u00cdNIMA: A proposta cria uma idade m\u00ednima de aposentadoria. Ao final do tempo de transi\u00e7\u00e3o, deixa de [&hellip;]\" \/>\n<meta property=\"og:url\" content=\"https:\/\/sindicatodosbancarios.org.br\/site2022\/2019\/02\/26\/informe-bancario-006-2019-integra-da-proposta-de-reforma-da-previdencia-do-governo-bolsonaro\/\" \/>\n<meta property=\"og:site_name\" content=\"Sindicato dos Banc\u00e1rios de S\u00e3o Bento do Sul e Regi\u00e3o\" \/>\n<meta property=\"article:author\" content=\"https:\/\/www.facebook.com\/seeb.sbs.9\" \/>\n<meta property=\"article:published_time\" content=\"2019-02-26T12:47:57+00:00\" \/>\n<meta property=\"og:image\" content=\"https:\/\/sindicatodosbancarios.org.br\/site2022\/wp-content\/uploads\/2017\/08\/45.jpg\" \/>\n\t<meta property=\"og:image:width\" content=\"1280\" \/>\n\t<meta property=\"og:image:height\" content=\"859\" \/>\n\t<meta property=\"og:image:type\" content=\"image\/jpeg\" \/>\n<meta name=\"author\" content=\"Sindicato dos Banc\u00e1rios S\u00e3o Bento do Sul e Regi\u00e3o\" \/>\n<meta name=\"twitter:card\" content=\"summary_large_image\" \/>\n<meta name=\"twitter:label1\" content=\"Escrito por\" \/>\n\t<meta name=\"twitter:data1\" content=\"Sindicato dos Banc\u00e1rios S\u00e3o Bento do Sul e Regi\u00e3o\" \/>\n\t<meta name=\"twitter:label2\" content=\"Est. tempo de leitura\" \/>\n\t<meta name=\"twitter:data2\" content=\"8 minutos\" \/>\n<script type=\"application\/ld+json\" class=\"yoast-schema-graph\">{\"@context\":\"https:\/\/schema.org\",\"@graph\":[{\"@type\":\"Article\",\"@id\":\"https:\/\/sindicatodosbancarios.org.br\/site2022\/2019\/02\/26\/informe-bancario-006-2019-integra-da-proposta-de-reforma-da-previdencia-do-governo-bolsonaro\/#article\",\"isPartOf\":{\"@id\":\"https:\/\/sindicatodosbancarios.org.br\/site2022\/2019\/02\/26\/informe-bancario-006-2019-integra-da-proposta-de-reforma-da-previdencia-do-governo-bolsonaro\/\"},\"author\":{\"name\":\"Sindicato dos Banc\u00e1rios S\u00e3o Bento do Sul e Regi\u00e3o\",\"@id\":\"https:\/\/sindicatodosbancarios.org.br\/site2022\/#\/schema\/person\/a7d92da77d1084df4d28b57962f1e1bd\"},\"headline\":\"INFORME BANC\u00c1RIO &#8211; 006 \/ 2019 &#8211; \u00cdNTEGRA DA PROPOSTA DE REFORMA DA PREVID\u00caNCIA DO GOVERNO BOLSONARO\",\"datePublished\":\"2019-02-26T12:47:57+00:00\",\"dateModified\":\"2019-02-26T12:47:57+00:00\",\"mainEntityOfPage\":{\"@id\":\"https:\/\/sindicatodosbancarios.org.br\/site2022\/2019\/02\/26\/informe-bancario-006-2019-integra-da-proposta-de-reforma-da-previdencia-do-governo-bolsonaro\/\"},\"wordCount\":1714,\"commentCount\":0,\"publisher\":{\"@id\":\"https:\/\/sindicatodosbancarios.org.br\/site2022\/#organization\"},\"articleSection\":[\"Geral\"],\"inLanguage\":\"pt-BR\",\"potentialAction\":[{\"@type\":\"CommentAction\",\"name\":\"Comment\",\"target\":[\"https:\/\/sindicatodosbancarios.org.br\/site2022\/2019\/02\/26\/informe-bancario-006-2019-integra-da-proposta-de-reforma-da-previdencia-do-governo-bolsonaro\/#respond\"]}]},{\"@type\":\"WebPage\",\"@id\":\"https:\/\/sindicatodosbancarios.org.br\/site2022\/2019\/02\/26\/informe-bancario-006-2019-integra-da-proposta-de-reforma-da-previdencia-do-governo-bolsonaro\/\",\"url\":\"https:\/\/sindicatodosbancarios.org.br\/site2022\/2019\/02\/26\/informe-bancario-006-2019-integra-da-proposta-de-reforma-da-previdencia-do-governo-bolsonaro\/\",\"name\":\"INFORME BANC\u00c1RIO - 006 \/ 2019 - \u00cdNTEGRA DA PROPOSTA DE REFORMA DA PREVID\u00caNCIA DO GOVERNO BOLSONARO - Sindicato dos Banc\u00e1rios de S\u00e3o Bento do Sul e Regi\u00e3o\",\"isPartOf\":{\"@id\":\"https:\/\/sindicatodosbancarios.org.br\/site2022\/#website\"},\"datePublished\":\"2019-02-26T12:47:57+00:00\",\"dateModified\":\"2019-02-26T12:47:57+00:00\",\"breadcrumb\":{\"@id\":\"https:\/\/sindicatodosbancarios.org.br\/site2022\/2019\/02\/26\/informe-bancario-006-2019-integra-da-proposta-de-reforma-da-previdencia-do-governo-bolsonaro\/#breadcrumb\"},\"inLanguage\":\"pt-BR\",\"potentialAction\":[{\"@type\":\"ReadAction\",\"target\":[\"https:\/\/sindicatodosbancarios.org.br\/site2022\/2019\/02\/26\/informe-bancario-006-2019-integra-da-proposta-de-reforma-da-previdencia-do-governo-bolsonaro\/\"]}]},{\"@type\":\"BreadcrumbList\",\"@id\":\"https:\/\/sindicatodosbancarios.org.br\/site2022\/2019\/02\/26\/informe-bancario-006-2019-integra-da-proposta-de-reforma-da-previdencia-do-governo-bolsonaro\/#breadcrumb\",\"itemListElement\":[{\"@type\":\"ListItem\",\"position\":1,\"name\":\"In\u00edcio\",\"item\":\"https:\/\/sindicatodosbancarios.org.br\/site2022\/\"},{\"@type\":\"ListItem\",\"position\":2,\"name\":\"INFORME BANC\u00c1RIO &#8211; 006 \/ 2019 &#8211; \u00cdNTEGRA DA PROPOSTA DE REFORMA DA PREVID\u00caNCIA DO GOVERNO BOLSONARO\"}]},{\"@type\":\"WebSite\",\"@id\":\"https:\/\/sindicatodosbancarios.org.br\/site2022\/#website\",\"url\":\"https:\/\/sindicatodosbancarios.org.br\/site2022\/\",\"name\":\"Sindicato dos Banc\u00e1rios de S\u00e3o Bento do Sul e Regi\u00e3o\",\"description\":\"Website institucional do Sindicato dos Banc\u00e1rios de S\u00e3o Bento do Sul e Regi\u00e3o\",\"publisher\":{\"@id\":\"https:\/\/sindicatodosbancarios.org.br\/site2022\/#organization\"},\"potentialAction\":[{\"@type\":\"SearchAction\",\"target\":{\"@type\":\"EntryPoint\",\"urlTemplate\":\"https:\/\/sindicatodosbancarios.org.br\/site2022\/?s={search_term_string}\"},\"query-input\":\"required name=search_term_string\"}],\"inLanguage\":\"pt-BR\"},{\"@type\":\"Organization\",\"@id\":\"https:\/\/sindicatodosbancarios.org.br\/site2022\/#organization\",\"name\":\"Sindicato dos Banc\u00e1rios de S\u00e3o Bento do Sul e Regi\u00e3o\",\"url\":\"https:\/\/sindicatodosbancarios.org.br\/site2022\/\",\"logo\":{\"@type\":\"ImageObject\",\"inLanguage\":\"pt-BR\",\"@id\":\"https:\/\/sindicatodosbancarios.org.br\/site2022\/#\/schema\/logo\/image\/\",\"url\":\"https:\/\/sindicatodosbancarios.org.br\/site2022\/wp-content\/uploads\/2017\/06\/cropped-logo-2.png\",\"contentUrl\":\"https:\/\/sindicatodosbancarios.org.br\/site2022\/wp-content\/uploads\/2017\/06\/cropped-logo-2.png\",\"width\":292,\"height\":292,\"caption\":\"Sindicato dos Banc\u00e1rios de S\u00e3o Bento do Sul e Regi\u00e3o\"},\"image\":{\"@id\":\"https:\/\/sindicatodosbancarios.org.br\/site2022\/#\/schema\/logo\/image\/\"}},{\"@type\":\"Person\",\"@id\":\"https:\/\/sindicatodosbancarios.org.br\/site2022\/#\/schema\/person\/a7d92da77d1084df4d28b57962f1e1bd\",\"name\":\"Sindicato dos Banc\u00e1rios S\u00e3o Bento do Sul e Regi\u00e3o\",\"image\":{\"@type\":\"ImageObject\",\"inLanguage\":\"pt-BR\",\"@id\":\"https:\/\/sindicatodosbancarios.org.br\/site2022\/#\/schema\/person\/image\/\",\"url\":\"https:\/\/secure.gravatar.com\/avatar\/f1d1a06f698f2345352e539387180d42?s=96&d=mm&r=g\",\"contentUrl\":\"https:\/\/secure.gravatar.com\/avatar\/f1d1a06f698f2345352e539387180d42?s=96&d=mm&r=g\",\"caption\":\"Sindicato dos Banc\u00e1rios S\u00e3o Bento do Sul e Regi\u00e3o\"},\"sameAs\":[\"http:\/\/sindicatodosbancarios.org.br\/site2022\/\",\"https:\/\/www.facebook.com\/seeb.sbs.9\"],\"url\":\"https:\/\/sindicatodosbancarios.org.br\/site2022\/author\/sindicatodosbancarios\/\"}]}<\/script>\n<!-- \/ Yoast SEO plugin. -->","yoast_head_json":{"title":"INFORME BANC\u00c1RIO - 006 \/ 2019 - \u00cdNTEGRA DA PROPOSTA DE REFORMA DA PREVID\u00caNCIA DO GOVERNO BOLSONARO - Sindicato dos Banc\u00e1rios de S\u00e3o Bento do Sul e Regi\u00e3o","robots":{"index":"index","follow":"follow","max-snippet":"max-snippet:-1","max-image-preview":"max-image-preview:large","max-video-preview":"max-video-preview:-1"},"canonical":"https:\/\/sindicatodosbancarios.org.br\/site2022\/2019\/02\/26\/informe-bancario-006-2019-integra-da-proposta-de-reforma-da-previdencia-do-governo-bolsonaro\/","og_locale":"pt_BR","og_type":"article","og_title":"INFORME BANC\u00c1RIO - 006 \/ 2019 - \u00cdNTEGRA DA PROPOSTA DE REFORMA DA PREVID\u00caNCIA DO GOVERNO BOLSONARO - Sindicato dos Banc\u00e1rios de S\u00e3o Bento do Sul e Regi\u00e3o","og_description":"IDADE M\u00cdNIMA: A proposta cria uma idade m\u00ednima de aposentadoria. Ao final do tempo de transi\u00e7\u00e3o, deixa de [&hellip;]","og_url":"https:\/\/sindicatodosbancarios.org.br\/site2022\/2019\/02\/26\/informe-bancario-006-2019-integra-da-proposta-de-reforma-da-previdencia-do-governo-bolsonaro\/","og_site_name":"Sindicato dos Banc\u00e1rios de S\u00e3o Bento do Sul e Regi\u00e3o","article_author":"https:\/\/www.facebook.com\/seeb.sbs.9","article_published_time":"2019-02-26T12:47:57+00:00","og_image":[{"width":1280,"height":859,"url":"https:\/\/sindicatodosbancarios.org.br\/site2022\/wp-content\/uploads\/2017\/08\/45.jpg","type":"image\/jpeg"}],"author":"Sindicato dos Banc\u00e1rios S\u00e3o Bento do Sul e Regi\u00e3o","twitter_card":"summary_large_image","twitter_misc":{"Escrito por":"Sindicato dos Banc\u00e1rios S\u00e3o Bento do Sul e Regi\u00e3o","Est. tempo de leitura":"8 minutos"},"schema":{"@context":"https:\/\/schema.org","@graph":[{"@type":"Article","@id":"https:\/\/sindicatodosbancarios.org.br\/site2022\/2019\/02\/26\/informe-bancario-006-2019-integra-da-proposta-de-reforma-da-previdencia-do-governo-bolsonaro\/#article","isPartOf":{"@id":"https:\/\/sindicatodosbancarios.org.br\/site2022\/2019\/02\/26\/informe-bancario-006-2019-integra-da-proposta-de-reforma-da-previdencia-do-governo-bolsonaro\/"},"author":{"name":"Sindicato dos Banc\u00e1rios S\u00e3o Bento do Sul e Regi\u00e3o","@id":"https:\/\/sindicatodosbancarios.org.br\/site2022\/#\/schema\/person\/a7d92da77d1084df4d28b57962f1e1bd"},"headline":"INFORME BANC\u00c1RIO &#8211; 006 \/ 2019 &#8211; \u00cdNTEGRA DA PROPOSTA DE REFORMA DA PREVID\u00caNCIA DO GOVERNO BOLSONARO","datePublished":"2019-02-26T12:47:57+00:00","dateModified":"2019-02-26T12:47:57+00:00","mainEntityOfPage":{"@id":"https:\/\/sindicatodosbancarios.org.br\/site2022\/2019\/02\/26\/informe-bancario-006-2019-integra-da-proposta-de-reforma-da-previdencia-do-governo-bolsonaro\/"},"wordCount":1714,"commentCount":0,"publisher":{"@id":"https:\/\/sindicatodosbancarios.org.br\/site2022\/#organization"},"articleSection":["Geral"],"inLanguage":"pt-BR","potentialAction":[{"@type":"CommentAction","name":"Comment","target":["https:\/\/sindicatodosbancarios.org.br\/site2022\/2019\/02\/26\/informe-bancario-006-2019-integra-da-proposta-de-reforma-da-previdencia-do-governo-bolsonaro\/#respond"]}]},{"@type":"WebPage","@id":"https:\/\/sindicatodosbancarios.org.br\/site2022\/2019\/02\/26\/informe-bancario-006-2019-integra-da-proposta-de-reforma-da-previdencia-do-governo-bolsonaro\/","url":"https:\/\/sindicatodosbancarios.org.br\/site2022\/2019\/02\/26\/informe-bancario-006-2019-integra-da-proposta-de-reforma-da-previdencia-do-governo-bolsonaro\/","name":"INFORME BANC\u00c1RIO - 006 \/ 2019 - \u00cdNTEGRA DA PROPOSTA DE REFORMA DA PREVID\u00caNCIA DO GOVERNO BOLSONARO - Sindicato dos Banc\u00e1rios de S\u00e3o Bento do Sul e Regi\u00e3o","isPartOf":{"@id":"https:\/\/sindicatodosbancarios.org.br\/site2022\/#website"},"datePublished":"2019-02-26T12:47:57+00:00","dateModified":"2019-02-26T12:47:57+00:00","breadcrumb":{"@id":"https:\/\/sindicatodosbancarios.org.br\/site2022\/2019\/02\/26\/informe-bancario-006-2019-integra-da-proposta-de-reforma-da-previdencia-do-governo-bolsonaro\/#breadcrumb"},"inLanguage":"pt-BR","potentialAction":[{"@type":"ReadAction","target":["https:\/\/sindicatodosbancarios.org.br\/site2022\/2019\/02\/26\/informe-bancario-006-2019-integra-da-proposta-de-reforma-da-previdencia-do-governo-bolsonaro\/"]}]},{"@type":"BreadcrumbList","@id":"https:\/\/sindicatodosbancarios.org.br\/site2022\/2019\/02\/26\/informe-bancario-006-2019-integra-da-proposta-de-reforma-da-previdencia-do-governo-bolsonaro\/#breadcrumb","itemListElement":[{"@type":"ListItem","position":1,"name":"In\u00edcio","item":"https:\/\/sindicatodosbancarios.org.br\/site2022\/"},{"@type":"ListItem","position":2,"name":"INFORME BANC\u00c1RIO &#8211; 006 \/ 2019 &#8211; \u00cdNTEGRA DA PROPOSTA DE REFORMA DA PREVID\u00caNCIA DO GOVERNO BOLSONARO"}]},{"@type":"WebSite","@id":"https:\/\/sindicatodosbancarios.org.br\/site2022\/#website","url":"https:\/\/sindicatodosbancarios.org.br\/site2022\/","name":"Sindicato dos Banc\u00e1rios de S\u00e3o Bento do Sul e Regi\u00e3o","description":"Website institucional do Sindicato dos Banc\u00e1rios de S\u00e3o Bento do Sul e Regi\u00e3o","publisher":{"@id":"https:\/\/sindicatodosbancarios.org.br\/site2022\/#organization"},"potentialAction":[{"@type":"SearchAction","target":{"@type":"EntryPoint","urlTemplate":"https:\/\/sindicatodosbancarios.org.br\/site2022\/?s={search_term_string}"},"query-input":"required name=search_term_string"}],"inLanguage":"pt-BR"},{"@type":"Organization","@id":"https:\/\/sindicatodosbancarios.org.br\/site2022\/#organization","name":"Sindicato dos Banc\u00e1rios de S\u00e3o Bento do Sul e Regi\u00e3o","url":"https:\/\/sindicatodosbancarios.org.br\/site2022\/","logo":{"@type":"ImageObject","inLanguage":"pt-BR","@id":"https:\/\/sindicatodosbancarios.org.br\/site2022\/#\/schema\/logo\/image\/","url":"https:\/\/sindicatodosbancarios.org.br\/site2022\/wp-content\/uploads\/2017\/06\/cropped-logo-2.png","contentUrl":"https:\/\/sindicatodosbancarios.org.br\/site2022\/wp-content\/uploads\/2017\/06\/cropped-logo-2.png","width":292,"height":292,"caption":"Sindicato dos Banc\u00e1rios de S\u00e3o Bento do Sul e Regi\u00e3o"},"image":{"@id":"https:\/\/sindicatodosbancarios.org.br\/site2022\/#\/schema\/logo\/image\/"}},{"@type":"Person","@id":"https:\/\/sindicatodosbancarios.org.br\/site2022\/#\/schema\/person\/a7d92da77d1084df4d28b57962f1e1bd","name":"Sindicato dos Banc\u00e1rios S\u00e3o Bento do Sul e Regi\u00e3o","image":{"@type":"ImageObject","inLanguage":"pt-BR","@id":"https:\/\/sindicatodosbancarios.org.br\/site2022\/#\/schema\/person\/image\/","url":"https:\/\/secure.gravatar.com\/avatar\/f1d1a06f698f2345352e539387180d42?s=96&d=mm&r=g","contentUrl":"https:\/\/secure.gravatar.com\/avatar\/f1d1a06f698f2345352e539387180d42?s=96&d=mm&r=g","caption":"Sindicato dos Banc\u00e1rios S\u00e3o Bento do Sul e Regi\u00e3o"},"sameAs":["http:\/\/sindicatodosbancarios.org.br\/site2022\/","https:\/\/www.facebook.com\/seeb.sbs.9"],"url":"https:\/\/sindicatodosbancarios.org.br\/site2022\/author\/sindicatodosbancarios\/"}]}},"jetpack_featured_media_url":"https:\/\/sindicatodosbancarios.org.br\/site2022\/wp-content\/uploads\/2017\/08\/45.jpg","jetpack_sharing_enabled":true,"jetpack_shortlink":"https:\/\/wp.me\/p8RSbI-Lb","jetpack-related-posts":[{"id":4757,"url":"https:\/\/sindicatodosbancarios.org.br\/site2022\/2020\/11\/09\/informe-bancario-428-2020-inss-confirmada-nova-idade-minima-de-aposentadoria-em-2020\/","url_meta":{"origin":2925,"position":0},"title":"INFORME BANC\u00c1RIO \u2013 428\/2020 INSS: Confirmada nova idade m\u00ednima de aposentadoria em 2020","date":"9 de novembro de 2020","format":false,"excerpt":"Cidad\u00e3o que estava prestes a se tornar um segurado consegue se aposentar sem cumprir o novo requisito, desde que se enquadre em uma das regras de transi\u00e7\u00e3o. Assim que passou a vigorar em novembro de 2019, a Reforma da Previd\u00eancia estabeleceu novas regras no tempo de contribui\u00e7\u00e3o, al\u00e9m de uma\u2026","rel":"","context":"Em &quot;Geral&quot;","img":{"alt_text":"","src":"https:\/\/i0.wp.com\/sindicatodosbancarios.org.br\/site2022\/wp-content\/uploads\/2020\/11\/carteira-de-trabalho-desemprego-960x540-e1565355192788-727x375.jpg?resize=350%2C200&ssl=1","width":350,"height":200},"classes":[]},{"id":5140,"url":"https:\/\/sindicatodosbancarios.org.br\/site2022\/2021\/02\/08\/informe-bancarios-51-2021-atencao-trabalhadora-conheca-as-mudancas-na-aposentadoria-das-mulheres\/","url_meta":{"origin":2925,"position":1},"title":"INFORME BANC\u00c1RIOS \u2013 51\/2021 Aten\u00e7\u00e3o, trabalhadora: Conhe\u00e7a as mudan\u00e7as na aposentadoria das mulheres","date":"8 de fevereiro de 2021","format":false,"excerpt":"Saiba o que mudou para as mulheres com a reforma da previd\u00eancia e descubra os crit\u00e9rios e exig\u00eancias para se aposentar em 2021 As regras para\u00a0aposentadoria\u00a0no Brasil passaram por mudan\u00e7as e muitas das altera\u00e7\u00f5es dizem respeito \u00e0s trabalhadoras do pa\u00eds. Se voc\u00ea \u00e9 mulher e quer entender o que mudou\u2026","rel":"","context":"Em &quot;Geral&quot;","img":{"alt_text":"","src":"https:\/\/i0.wp.com\/sindicatodosbancarios.org.br\/site2022\/wp-content\/uploads\/2021\/01\/previdencia-1200x630.jpg?resize=350%2C200&ssl=1","width":350,"height":200},"classes":[]},{"id":4958,"url":"https:\/\/sindicatodosbancarios.org.br\/site2022\/2021\/01\/05\/informe-bancario-484-2020-vai-dar-entrada-na-aposentadoria-em-2021-veja-as-principais-mudancas-para-solicitar-o-beneficio\/","url_meta":{"origin":2925,"position":2},"title":"INFORME BANC\u00c1RIO \u2013 06\/2021 Vai dar entrada na aposentadoria em 2021? Veja as principais mudan\u00e7as para solicitar o benef\u00edcio","date":"5 de janeiro de 2021","format":false,"excerpt":"Mudan\u00e7as incidem em regras de transi\u00e7\u00e3o, possibilitando com que contribuintes do INSS se aposentem antes da idade m\u00ednima prevista na reforma da Previd\u00eancia. Em novembro de 2020, a\u00a0Reforma da Previd\u00eancia\u00a0soprou as velinhas comemorando um ano em vigor. Com ela, v\u00e1rias mudan\u00e7as foram implantadas para dar entrada na\u00a0aposentadoria\u00a0no Instituto Nacional do\u2026","rel":"","context":"Em &quot;Geral&quot;","img":{"alt_text":"","src":"https:\/\/i0.wp.com\/sindicatodosbancarios.org.br\/site2022\/wp-content\/uploads\/2021\/01\/inss-1200x900.jpg?resize=350%2C200&ssl=1","width":350,"height":200},"classes":[]},{"id":4458,"url":"https:\/\/sindicatodosbancarios.org.br\/site2022\/2020\/09\/10\/informe-bancario-334-2020-inss-tem-nova-idade-minima-de-aposentadoria-em-2020-veja-como-fica\/","url_meta":{"origin":2925,"position":3},"title":"INFORME BANC\u00c1RIO \u2013 334\/2020 INSS tem nova idade m\u00ednima de aposentadoria em 2020; Veja como fica","date":"10 de setembro de 2020","format":false,"excerpt":"Saiba qual a idade m\u00ednima para se tornar um segurado do INSS em 2020 de acordo com cada regra de transi\u00e7\u00e3o. A\u00a0reforma da Previd\u00eancia\u00a0ainda gera muitas d\u00favidas relacionadas \u00e0 aposentadoria, sobretudo para quem est\u00e1 prestes a se tornar um segurado do Instituto Nacional do Seguro Social (INSS).\u00a0 Aprovada em novembro\u2026","rel":"","context":"Em &quot;Geral&quot;","img":{"alt_text":"","src":"https:\/\/i0.wp.com\/sindicatodosbancarios.org.br\/site2022\/wp-content\/uploads\/2020\/06\/n_42647_16228b5e1674c79bce66f686777a9b59.1.jpg?resize=350%2C200&ssl=1","width":350,"height":200},"classes":[]},{"id":4944,"url":"https:\/\/sindicatodosbancarios.org.br\/site2022\/2021\/01\/04\/informe-bancario-479-2020-confirmada-idade-minima-para-aposentadoria-ate-o-fim-de-2020-conforme-novas-regras-confira\/","url_meta":{"origin":2925,"position":4},"title":"INFORME BANC\u00c1RIO \u2013 01\/2021 Confirmada idade m\u00ednima para aposentadoria at\u00e9 o fim de 2020 conforme novas regras. Confira!","date":"4 de janeiro de 2021","format":false,"excerpt":"Reforma da Previd\u00eancia determinou tr\u00eas transi\u00e7\u00f5es, sendo que em cada uma delas, o INSS ir\u00e1 exigir mais seis meses de contribui\u00e7\u00e3o. Confira as regras para 2020. Segurados do Instituto Nacional do Seguro Social (INSS) que desejam se aposentar em breve devem ficar atentos \u00e0s novas regras de transi\u00e7\u00e3o para solicitar\u2026","rel":"","context":"Em &quot;Geral&quot;","img":{"alt_text":"","src":"https:\/\/i0.wp.com\/sindicatodosbancarios.org.br\/site2022\/wp-content\/uploads\/2021\/01\/carteira-de-trabalho-desemprego-960x540-e1565355192788-727x375.jpg?resize=350%2C200&ssl=1","width":350,"height":200},"classes":[]},{"id":5055,"url":"https:\/\/sindicatodosbancarios.org.br\/site2022\/2021\/01\/25\/informe-bancario-28-2021-inss-o-que-muda-nas-regras-para-pedir-aposentadoria-e-pensao-em-2021\/","url_meta":{"origin":2925,"position":5},"title":"INFORME BANC\u00c1RIO \u2013 28\/2021 INSS: o que muda nas regras para pedir aposentadoria e pens\u00e3o em 2021","date":"25 de janeiro de 2021","format":false,"excerpt":"Principais mudan\u00e7as s\u00e3o nas regras de transi\u00e7\u00e3o, que permitem que os segurados que contribuem ao INSS se aposentem antes da idade m\u00ednima estabelecida pela reforma da Previd\u00eancia, e tamb\u00e9m nas idades para recebimento da pens\u00e3o por morte. A\u00a0reforma da previd\u00eancia completou um ano em novembro de 2019\u00a0e trouxe uma\u00a0s\u00e9rie de\u2026","rel":"","context":"Em &quot;Geral&quot;","img":{"alt_text":"","src":"https:\/\/i0.wp.com\/sindicatodosbancarios.org.br\/site2022\/wp-content\/uploads\/2020\/07\/n_43545_76e76568f7ca25d14fb010f4379aafa5.jpg?resize=350%2C200&ssl=1","width":350,"height":200},"classes":[]}],"_links":{"self":[{"href":"https:\/\/sindicatodosbancarios.org.br\/site2022\/wp-json\/wp\/v2\/posts\/2925"}],"collection":[{"href":"https:\/\/sindicatodosbancarios.org.br\/site2022\/wp-json\/wp\/v2\/posts"}],"about":[{"href":"https:\/\/sindicatodosbancarios.org.br\/site2022\/wp-json\/wp\/v2\/types\/post"}],"author":[{"embeddable":true,"href":"https:\/\/sindicatodosbancarios.org.br\/site2022\/wp-json\/wp\/v2\/users\/2"}],"replies":[{"embeddable":true,"href":"https:\/\/sindicatodosbancarios.org.br\/site2022\/wp-json\/wp\/v2\/comments?post=2925"}],"version-history":[{"count":1,"href":"https:\/\/sindicatodosbancarios.org.br\/site2022\/wp-json\/wp\/v2\/posts\/2925\/revisions"}],"predecessor-version":[{"id":2926,"href":"https:\/\/sindicatodosbancarios.org.br\/site2022\/wp-json\/wp\/v2\/posts\/2925\/revisions\/2926"}],"wp:featuredmedia":[{"embeddable":true,"href":"https:\/\/sindicatodosbancarios.org.br\/site2022\/wp-json\/wp\/v2\/media\/1650"}],"wp:attachment":[{"href":"https:\/\/sindicatodosbancarios.org.br\/site2022\/wp-json\/wp\/v2\/media?parent=2925"}],"wp:term":[{"taxonomy":"category","embeddable":true,"href":"https:\/\/sindicatodosbancarios.org.br\/site2022\/wp-json\/wp\/v2\/categories?post=2925"},{"taxonomy":"post_tag","embeddable":true,"href":"https:\/\/sindicatodosbancarios.org.br\/site2022\/wp-json\/wp\/v2\/tags?post=2925"}],"curies":[{"name":"wp","href":"https:\/\/api.w.org\/{rel}","templated":true}]}}