{"id":3001,"date":"2019-04-23T16:25:49","date_gmt":"2019-04-23T19:25:49","guid":{"rendered":"https:\/\/sindicatodosbancarios.org.br\/?p=3001"},"modified":"2019-04-23T16:25:49","modified_gmt":"2019-04-23T19:25:49","slug":"informe-bancario-025-2019-governo-vai-reduzir-quantidade-de-estatais-financeiras-em-4-anos-diz-secretario","status":"publish","type":"post","link":"https:\/\/sindicatodosbancarios.org.br\/site2022\/2019\/04\/23\/informe-bancario-025-2019-governo-vai-reduzir-quantidade-de-estatais-financeiras-em-4-anos-diz-secretario\/","title":{"rendered":"INFORME BANC\u00c1RIO &#8211; 025 \/ 2019 &#8211; GOVERNO VAI REDUZIR QUANTIDADE DE ESTATAIS FINANCEIRAS EM 4 ANOS, DIZ SECRET\u00c1RIO"},"content":{"rendered":"<div>O secret\u00e1rio especial da Secretaria Especial de Desestatiza\u00e7\u00e3o e Desinvestimento do Minist\u00e9rio da Economia, Salim Mattar, criticou nesta ter\u00e7a-feira a quantidade de estatais financeiras e disse que em quatro anos o governo &#8220;vai dar um jeito nisso&#8221;<\/div>\n<div>&#8220;Vai haver muita discuss\u00e3o no governo na hora certa. Mas este governo n\u00e3o deseja competir com bancos. O governo n\u00e3o tem que emprestar dinheiro&#8221;, disse Salim, acrescentando que tem respaldo do presidente Jair Bolsonaro na agenda de desestatiza\u00e7\u00f5es.<\/div>\n<div>\n<div>Salim lembrou que um total de R$ 12,1 bilh\u00f5es foi arrecadado neste ano entre vendas de ativos, concess\u00f5es na \u00e1rea de infraestrutura e desinvestimentos. A meta citada pelo secret\u00e1rio para este ano \u00e9 de R$ 20 bilh\u00f5es. &#8220;Espero que (eu) possa superar minha meta&#8221;, afirmou.<\/div>\n<div>\n<div>O secret\u00e1rio disse que os presidentes da Caixa, Pedro Guimar\u00e3es, e da Petrobras, Roberto Castello Branco, s\u00e3o seus &#8220;dois maiores aliados&#8221; na agenda de desestatiza\u00e7\u00f5es. &#8220;Vamos reduzir substancialmente o n\u00famero de empresas subsidi\u00e1rias da Petrobras&#8221;, afirmou, citando o exemplo de Pasadena, refinaria localizada nos Estados Unidos e que est\u00e1 sendo vendida \u00e0 Chevron.<\/div>\n<div>\n<div>Segundo ele, o governo est\u00e1 convicto de que a reforma da Previd\u00eancia ser\u00e1 aprovada pelo Congresso e gerar\u00e1 economia de &#8220;no m\u00ednimo&#8221; 1 trilh\u00e3o de reais em dez anos.<\/div>\n<div>\n<div>&#8220;Acreditamos que a sensatez estar\u00e1 com o Congresso na hora da vota\u00e7\u00e3o e que a reforma n\u00e3o ser\u00e1 desidratada&#8221;, afirmou o secret\u00e1rio em evento promovido pelo Ita\u00fa Unibanco em S\u00e3o Paulo. (Por Jos\u00e9 de Castro).<\/div>\n<div><span style=\"font-size: 8pt;\">fonte:uol \/ 23\/04\/2019.<\/span><\/div>\n<\/div>\n<\/div>\n<\/div>\n<\/div>\n","protected":false},"excerpt":{"rendered":"<p>O secret\u00e1rio especial da Secretaria Especial de Desestatiza\u00e7\u00e3o e Desinvestimento do Minist\u00e9rio da Economia, Salim Mattar, criticou nesta [&hellip;]<\/p>\n","protected":false},"author":2,"featured_media":2366,"comment_status":"open","ping_status":"open","sticky":false,"template":"","format":"standard","meta":{"jetpack_post_was_ever_published":false,"jetpack_publicize_message":"","jetpack_is_tweetstorm":false,"jetpack_publicize_feature_enabled":true,"jetpack_social_post_already_shared":true,"jetpack_social_options":[]},"categories":[1],"tags":[],"jetpack_publicize_connections":[],"acf":[],"yoast_head":"<!-- This site is optimized with the Yoast SEO plugin v19.14 - https:\/\/yoast.com\/wordpress\/plugins\/seo\/ -->\n<title>INFORME BANC\u00c1RIO - 025 \/ 2019 - GOVERNO VAI REDUZIR QUANTIDADE DE ESTATAIS FINANCEIRAS EM 4 ANOS, DIZ SECRET\u00c1RIO - Sindicato dos Banc\u00e1rios de S\u00e3o Bento do Sul e Regi\u00e3o<\/title>\n<meta name=\"robots\" content=\"index, follow, max-snippet:-1, max-image-preview:large, max-video-preview:-1\" \/>\n<link rel=\"canonical\" href=\"https:\/\/sindicatodosbancarios.org.br\/site2022\/2019\/04\/23\/informe-bancario-025-2019-governo-vai-reduzir-quantidade-de-estatais-financeiras-em-4-anos-diz-secretario\/\" \/>\n<meta property=\"og:locale\" content=\"pt_BR\" \/>\n<meta property=\"og:type\" content=\"article\" \/>\n<meta property=\"og:title\" content=\"INFORME BANC\u00c1RIO - 025 \/ 2019 - GOVERNO VAI REDUZIR QUANTIDADE DE ESTATAIS FINANCEIRAS EM 4 ANOS, DIZ SECRET\u00c1RIO - Sindicato dos Banc\u00e1rios de S\u00e3o Bento do Sul e Regi\u00e3o\" \/>\n<meta property=\"og:description\" content=\"O secret\u00e1rio especial da Secretaria Especial de Desestatiza\u00e7\u00e3o e Desinvestimento do Minist\u00e9rio da Economia, Salim Mattar, criticou nesta [&hellip;]\" \/>\n<meta property=\"og:url\" content=\"https:\/\/sindicatodosbancarios.org.br\/site2022\/2019\/04\/23\/informe-bancario-025-2019-governo-vai-reduzir-quantidade-de-estatais-financeiras-em-4-anos-diz-secretario\/\" \/>\n<meta property=\"og:site_name\" content=\"Sindicato dos Banc\u00e1rios de S\u00e3o Bento do Sul e Regi\u00e3o\" \/>\n<meta property=\"article:author\" content=\"https:\/\/www.facebook.com\/seeb.sbs.9\" \/>\n<meta property=\"article:published_time\" content=\"2019-04-23T19:25:49+00:00\" \/>\n<meta property=\"og:image\" content=\"https:\/\/sindicatodosbancarios.org.br\/site2022\/wp-content\/uploads\/2018\/01\/CAIXA.jpg\" \/>\n\t<meta property=\"og:image:width\" content=\"700\" \/>\n\t<meta property=\"og:image:height\" content=\"301\" \/>\n\t<meta property=\"og:image:type\" content=\"image\/jpeg\" \/>\n<meta name=\"author\" content=\"Sindicato dos Banc\u00e1rios S\u00e3o Bento do Sul e Regi\u00e3o\" \/>\n<meta name=\"twitter:card\" content=\"summary_large_image\" \/>\n<meta name=\"twitter:label1\" content=\"Escrito por\" \/>\n\t<meta name=\"twitter:data1\" content=\"Sindicato dos Banc\u00e1rios S\u00e3o Bento do Sul e Regi\u00e3o\" \/>\n\t<meta name=\"twitter:label2\" content=\"Est. tempo de leitura\" \/>\n\t<meta name=\"twitter:data2\" content=\"1 minuto\" \/>\n<script type=\"application\/ld+json\" class=\"yoast-schema-graph\">{\"@context\":\"https:\/\/schema.org\",\"@graph\":[{\"@type\":\"Article\",\"@id\":\"https:\/\/sindicatodosbancarios.org.br\/site2022\/2019\/04\/23\/informe-bancario-025-2019-governo-vai-reduzir-quantidade-de-estatais-financeiras-em-4-anos-diz-secretario\/#article\",\"isPartOf\":{\"@id\":\"https:\/\/sindicatodosbancarios.org.br\/site2022\/2019\/04\/23\/informe-bancario-025-2019-governo-vai-reduzir-quantidade-de-estatais-financeiras-em-4-anos-diz-secretario\/\"},\"author\":{\"name\":\"Sindicato dos Banc\u00e1rios S\u00e3o Bento do Sul e Regi\u00e3o\",\"@id\":\"https:\/\/sindicatodosbancarios.org.br\/site2022\/#\/schema\/person\/a7d92da77d1084df4d28b57962f1e1bd\"},\"headline\":\"INFORME BANC\u00c1RIO &#8211; 025 \/ 2019 &#8211; GOVERNO VAI REDUZIR QUANTIDADE DE ESTATAIS FINANCEIRAS EM 4 ANOS, DIZ SECRET\u00c1RIO\",\"datePublished\":\"2019-04-23T19:25:49+00:00\",\"dateModified\":\"2019-04-23T19:25:49+00:00\",\"mainEntityOfPage\":{\"@id\":\"https:\/\/sindicatodosbancarios.org.br\/site2022\/2019\/04\/23\/informe-bancario-025-2019-governo-vai-reduzir-quantidade-de-estatais-financeiras-em-4-anos-diz-secretario\/\"},\"wordCount\":276,\"commentCount\":0,\"publisher\":{\"@id\":\"https:\/\/sindicatodosbancarios.org.br\/site2022\/#organization\"},\"articleSection\":[\"Geral\"],\"inLanguage\":\"pt-BR\",\"potentialAction\":[{\"@type\":\"CommentAction\",\"name\":\"Comment\",\"target\":[\"https:\/\/sindicatodosbancarios.org.br\/site2022\/2019\/04\/23\/informe-bancario-025-2019-governo-vai-reduzir-quantidade-de-estatais-financeiras-em-4-anos-diz-secretario\/#respond\"]}]},{\"@type\":\"WebPage\",\"@id\":\"https:\/\/sindicatodosbancarios.org.br\/site2022\/2019\/04\/23\/informe-bancario-025-2019-governo-vai-reduzir-quantidade-de-estatais-financeiras-em-4-anos-diz-secretario\/\",\"url\":\"https:\/\/sindicatodosbancarios.org.br\/site2022\/2019\/04\/23\/informe-bancario-025-2019-governo-vai-reduzir-quantidade-de-estatais-financeiras-em-4-anos-diz-secretario\/\",\"name\":\"INFORME BANC\u00c1RIO - 025 \/ 2019 - GOVERNO VAI REDUZIR QUANTIDADE DE ESTATAIS FINANCEIRAS EM 4 ANOS, DIZ SECRET\u00c1RIO - Sindicato dos Banc\u00e1rios de S\u00e3o Bento do Sul e Regi\u00e3o\",\"isPartOf\":{\"@id\":\"https:\/\/sindicatodosbancarios.org.br\/site2022\/#website\"},\"datePublished\":\"2019-04-23T19:25:49+00:00\",\"dateModified\":\"2019-04-23T19:25:49+00:00\",\"breadcrumb\":{\"@id\":\"https:\/\/sindicatodosbancarios.org.br\/site2022\/2019\/04\/23\/informe-bancario-025-2019-governo-vai-reduzir-quantidade-de-estatais-financeiras-em-4-anos-diz-secretario\/#breadcrumb\"},\"inLanguage\":\"pt-BR\",\"potentialAction\":[{\"@type\":\"ReadAction\",\"target\":[\"https:\/\/sindicatodosbancarios.org.br\/site2022\/2019\/04\/23\/informe-bancario-025-2019-governo-vai-reduzir-quantidade-de-estatais-financeiras-em-4-anos-diz-secretario\/\"]}]},{\"@type\":\"BreadcrumbList\",\"@id\":\"https:\/\/sindicatodosbancarios.org.br\/site2022\/2019\/04\/23\/informe-bancario-025-2019-governo-vai-reduzir-quantidade-de-estatais-financeiras-em-4-anos-diz-secretario\/#breadcrumb\",\"itemListElement\":[{\"@type\":\"ListItem\",\"position\":1,\"name\":\"In\u00edcio\",\"item\":\"https:\/\/sindicatodosbancarios.org.br\/site2022\/\"},{\"@type\":\"ListItem\",\"position\":2,\"name\":\"INFORME BANC\u00c1RIO &#8211; 025 \/ 2019 &#8211; GOVERNO VAI REDUZIR QUANTIDADE DE ESTATAIS FINANCEIRAS EM 4 ANOS, DIZ SECRET\u00c1RIO\"}]},{\"@type\":\"WebSite\",\"@id\":\"https:\/\/sindicatodosbancarios.org.br\/site2022\/#website\",\"url\":\"https:\/\/sindicatodosbancarios.org.br\/site2022\/\",\"name\":\"Sindicato dos Banc\u00e1rios de S\u00e3o Bento do Sul e Regi\u00e3o\",\"description\":\"Website institucional do Sindicato dos Banc\u00e1rios de S\u00e3o Bento do Sul e Regi\u00e3o\",\"publisher\":{\"@id\":\"https:\/\/sindicatodosbancarios.org.br\/site2022\/#organization\"},\"potentialAction\":[{\"@type\":\"SearchAction\",\"target\":{\"@type\":\"EntryPoint\",\"urlTemplate\":\"https:\/\/sindicatodosbancarios.org.br\/site2022\/?s={search_term_string}\"},\"query-input\":\"required name=search_term_string\"}],\"inLanguage\":\"pt-BR\"},{\"@type\":\"Organization\",\"@id\":\"https:\/\/sindicatodosbancarios.org.br\/site2022\/#organization\",\"name\":\"Sindicato dos Banc\u00e1rios de S\u00e3o Bento do Sul e Regi\u00e3o\",\"url\":\"https:\/\/sindicatodosbancarios.org.br\/site2022\/\",\"logo\":{\"@type\":\"ImageObject\",\"inLanguage\":\"pt-BR\",\"@id\":\"https:\/\/sindicatodosbancarios.org.br\/site2022\/#\/schema\/logo\/image\/\",\"url\":\"https:\/\/sindicatodosbancarios.org.br\/site2022\/wp-content\/uploads\/2017\/06\/cropped-logo-2.png\",\"contentUrl\":\"https:\/\/sindicatodosbancarios.org.br\/site2022\/wp-content\/uploads\/2017\/06\/cropped-logo-2.png\",\"width\":292,\"height\":292,\"caption\":\"Sindicato dos Banc\u00e1rios de S\u00e3o Bento do Sul e Regi\u00e3o\"},\"image\":{\"@id\":\"https:\/\/sindicatodosbancarios.org.br\/site2022\/#\/schema\/logo\/image\/\"}},{\"@type\":\"Person\",\"@id\":\"https:\/\/sindicatodosbancarios.org.br\/site2022\/#\/schema\/person\/a7d92da77d1084df4d28b57962f1e1bd\",\"name\":\"Sindicato dos Banc\u00e1rios S\u00e3o Bento do Sul e Regi\u00e3o\",\"image\":{\"@type\":\"ImageObject\",\"inLanguage\":\"pt-BR\",\"@id\":\"https:\/\/sindicatodosbancarios.org.br\/site2022\/#\/schema\/person\/image\/\",\"url\":\"https:\/\/secure.gravatar.com\/avatar\/f1d1a06f698f2345352e539387180d42?s=96&d=mm&r=g\",\"contentUrl\":\"https:\/\/secure.gravatar.com\/avatar\/f1d1a06f698f2345352e539387180d42?s=96&d=mm&r=g\",\"caption\":\"Sindicato dos Banc\u00e1rios S\u00e3o Bento do Sul e Regi\u00e3o\"},\"sameAs\":[\"http:\/\/sindicatodosbancarios.org.br\/site2022\/\",\"https:\/\/www.facebook.com\/seeb.sbs.9\"],\"url\":\"https:\/\/sindicatodosbancarios.org.br\/site2022\/author\/sindicatodosbancarios\/\"}]}<\/script>\n<!-- \/ Yoast SEO plugin. -->","yoast_head_json":{"title":"INFORME BANC\u00c1RIO - 025 \/ 2019 - GOVERNO VAI REDUZIR QUANTIDADE DE ESTATAIS FINANCEIRAS EM 4 ANOS, DIZ SECRET\u00c1RIO - Sindicato dos Banc\u00e1rios de S\u00e3o Bento do Sul e Regi\u00e3o","robots":{"index":"index","follow":"follow","max-snippet":"max-snippet:-1","max-image-preview":"max-image-preview:large","max-video-preview":"max-video-preview:-1"},"canonical":"https:\/\/sindicatodosbancarios.org.br\/site2022\/2019\/04\/23\/informe-bancario-025-2019-governo-vai-reduzir-quantidade-de-estatais-financeiras-em-4-anos-diz-secretario\/","og_locale":"pt_BR","og_type":"article","og_title":"INFORME BANC\u00c1RIO - 025 \/ 2019 - GOVERNO VAI REDUZIR QUANTIDADE DE ESTATAIS FINANCEIRAS EM 4 ANOS, DIZ SECRET\u00c1RIO - Sindicato dos Banc\u00e1rios de S\u00e3o Bento do Sul e Regi\u00e3o","og_description":"O secret\u00e1rio especial da Secretaria Especial de Desestatiza\u00e7\u00e3o e Desinvestimento do Minist\u00e9rio da Economia, Salim Mattar, criticou nesta [&hellip;]","og_url":"https:\/\/sindicatodosbancarios.org.br\/site2022\/2019\/04\/23\/informe-bancario-025-2019-governo-vai-reduzir-quantidade-de-estatais-financeiras-em-4-anos-diz-secretario\/","og_site_name":"Sindicato dos Banc\u00e1rios de S\u00e3o Bento do Sul e Regi\u00e3o","article_author":"https:\/\/www.facebook.com\/seeb.sbs.9","article_published_time":"2019-04-23T19:25:49+00:00","og_image":[{"width":700,"height":301,"url":"https:\/\/sindicatodosbancarios.org.br\/site2022\/wp-content\/uploads\/2018\/01\/CAIXA.jpg","type":"image\/jpeg"}],"author":"Sindicato dos Banc\u00e1rios S\u00e3o Bento do Sul e Regi\u00e3o","twitter_card":"summary_large_image","twitter_misc":{"Escrito por":"Sindicato dos Banc\u00e1rios S\u00e3o Bento do Sul e Regi\u00e3o","Est. tempo de leitura":"1 minuto"},"schema":{"@context":"https:\/\/schema.org","@graph":[{"@type":"Article","@id":"https:\/\/sindicatodosbancarios.org.br\/site2022\/2019\/04\/23\/informe-bancario-025-2019-governo-vai-reduzir-quantidade-de-estatais-financeiras-em-4-anos-diz-secretario\/#article","isPartOf":{"@id":"https:\/\/sindicatodosbancarios.org.br\/site2022\/2019\/04\/23\/informe-bancario-025-2019-governo-vai-reduzir-quantidade-de-estatais-financeiras-em-4-anos-diz-secretario\/"},"author":{"name":"Sindicato dos Banc\u00e1rios S\u00e3o Bento do Sul e Regi\u00e3o","@id":"https:\/\/sindicatodosbancarios.org.br\/site2022\/#\/schema\/person\/a7d92da77d1084df4d28b57962f1e1bd"},"headline":"INFORME BANC\u00c1RIO &#8211; 025 \/ 2019 &#8211; GOVERNO VAI REDUZIR QUANTIDADE DE ESTATAIS FINANCEIRAS EM 4 ANOS, DIZ SECRET\u00c1RIO","datePublished":"2019-04-23T19:25:49+00:00","dateModified":"2019-04-23T19:25:49+00:00","mainEntityOfPage":{"@id":"https:\/\/sindicatodosbancarios.org.br\/site2022\/2019\/04\/23\/informe-bancario-025-2019-governo-vai-reduzir-quantidade-de-estatais-financeiras-em-4-anos-diz-secretario\/"},"wordCount":276,"commentCount":0,"publisher":{"@id":"https:\/\/sindicatodosbancarios.org.br\/site2022\/#organization"},"articleSection":["Geral"],"inLanguage":"pt-BR","potentialAction":[{"@type":"CommentAction","name":"Comment","target":["https:\/\/sindicatodosbancarios.org.br\/site2022\/2019\/04\/23\/informe-bancario-025-2019-governo-vai-reduzir-quantidade-de-estatais-financeiras-em-4-anos-diz-secretario\/#respond"]}]},{"@type":"WebPage","@id":"https:\/\/sindicatodosbancarios.org.br\/site2022\/2019\/04\/23\/informe-bancario-025-2019-governo-vai-reduzir-quantidade-de-estatais-financeiras-em-4-anos-diz-secretario\/","url":"https:\/\/sindicatodosbancarios.org.br\/site2022\/2019\/04\/23\/informe-bancario-025-2019-governo-vai-reduzir-quantidade-de-estatais-financeiras-em-4-anos-diz-secretario\/","name":"INFORME BANC\u00c1RIO - 025 \/ 2019 - GOVERNO VAI REDUZIR QUANTIDADE DE ESTATAIS FINANCEIRAS EM 4 ANOS, DIZ SECRET\u00c1RIO - Sindicato dos Banc\u00e1rios de S\u00e3o Bento do Sul e Regi\u00e3o","isPartOf":{"@id":"https:\/\/sindicatodosbancarios.org.br\/site2022\/#website"},"datePublished":"2019-04-23T19:25:49+00:00","dateModified":"2019-04-23T19:25:49+00:00","breadcrumb":{"@id":"https:\/\/sindicatodosbancarios.org.br\/site2022\/2019\/04\/23\/informe-bancario-025-2019-governo-vai-reduzir-quantidade-de-estatais-financeiras-em-4-anos-diz-secretario\/#breadcrumb"},"inLanguage":"pt-BR","potentialAction":[{"@type":"ReadAction","target":["https:\/\/sindicatodosbancarios.org.br\/site2022\/2019\/04\/23\/informe-bancario-025-2019-governo-vai-reduzir-quantidade-de-estatais-financeiras-em-4-anos-diz-secretario\/"]}]},{"@type":"BreadcrumbList","@id":"https:\/\/sindicatodosbancarios.org.br\/site2022\/2019\/04\/23\/informe-bancario-025-2019-governo-vai-reduzir-quantidade-de-estatais-financeiras-em-4-anos-diz-secretario\/#breadcrumb","itemListElement":[{"@type":"ListItem","position":1,"name":"In\u00edcio","item":"https:\/\/sindicatodosbancarios.org.br\/site2022\/"},{"@type":"ListItem","position":2,"name":"INFORME BANC\u00c1RIO &#8211; 025 \/ 2019 &#8211; GOVERNO VAI REDUZIR QUANTIDADE DE ESTATAIS FINANCEIRAS EM 4 ANOS, DIZ SECRET\u00c1RIO"}]},{"@type":"WebSite","@id":"https:\/\/sindicatodosbancarios.org.br\/site2022\/#website","url":"https:\/\/sindicatodosbancarios.org.br\/site2022\/","name":"Sindicato dos Banc\u00e1rios de S\u00e3o Bento do Sul e Regi\u00e3o","description":"Website institucional do Sindicato dos Banc\u00e1rios de S\u00e3o Bento do Sul e Regi\u00e3o","publisher":{"@id":"https:\/\/sindicatodosbancarios.org.br\/site2022\/#organization"},"potentialAction":[{"@type":"SearchAction","target":{"@type":"EntryPoint","urlTemplate":"https:\/\/sindicatodosbancarios.org.br\/site2022\/?s={search_term_string}"},"query-input":"required name=search_term_string"}],"inLanguage":"pt-BR"},{"@type":"Organization","@id":"https:\/\/sindicatodosbancarios.org.br\/site2022\/#organization","name":"Sindicato dos Banc\u00e1rios de S\u00e3o Bento do Sul e Regi\u00e3o","url":"https:\/\/sindicatodosbancarios.org.br\/site2022\/","logo":{"@type":"ImageObject","inLanguage":"pt-BR","@id":"https:\/\/sindicatodosbancarios.org.br\/site2022\/#\/schema\/logo\/image\/","url":"https:\/\/sindicatodosbancarios.org.br\/site2022\/wp-content\/uploads\/2017\/06\/cropped-logo-2.png","contentUrl":"https:\/\/sindicatodosbancarios.org.br\/site2022\/wp-content\/uploads\/2017\/06\/cropped-logo-2.png","width":292,"height":292,"caption":"Sindicato dos Banc\u00e1rios de S\u00e3o Bento do Sul e Regi\u00e3o"},"image":{"@id":"https:\/\/sindicatodosbancarios.org.br\/site2022\/#\/schema\/logo\/image\/"}},{"@type":"Person","@id":"https:\/\/sindicatodosbancarios.org.br\/site2022\/#\/schema\/person\/a7d92da77d1084df4d28b57962f1e1bd","name":"Sindicato dos Banc\u00e1rios S\u00e3o Bento do Sul e Regi\u00e3o","image":{"@type":"ImageObject","inLanguage":"pt-BR","@id":"https:\/\/sindicatodosbancarios.org.br\/site2022\/#\/schema\/person\/image\/","url":"https:\/\/secure.gravatar.com\/avatar\/f1d1a06f698f2345352e539387180d42?s=96&d=mm&r=g","contentUrl":"https:\/\/secure.gravatar.com\/avatar\/f1d1a06f698f2345352e539387180d42?s=96&d=mm&r=g","caption":"Sindicato dos Banc\u00e1rios S\u00e3o Bento do Sul e Regi\u00e3o"},"sameAs":["http:\/\/sindicatodosbancarios.org.br\/site2022\/","https:\/\/www.facebook.com\/seeb.sbs.9"],"url":"https:\/\/sindicatodosbancarios.org.br\/site2022\/author\/sindicatodosbancarios\/"}]}},"jetpack_featured_media_url":"https:\/\/sindicatodosbancarios.org.br\/site2022\/wp-content\/uploads\/2018\/01\/CAIXA.jpg","jetpack_sharing_enabled":true,"jetpack_shortlink":"https:\/\/wp.me\/p8RSbI-Mp","jetpack-related-posts":[{"id":4232,"url":"https:\/\/sindicatodosbancarios.org.br\/site2022\/2020\/08\/07\/informe-bancario-283-2020-em-nota-correios-dizem-que-nao-pretendem-suprimir-direitos-dos-empregados\/","url_meta":{"origin":3001,"position":0},"title":"INFORME BANC\u00c1RIO \u2013 283\/2020 Em nota, Correios dizem que n\u00e3o pretendem suprimir direitos dos empregados","date":"7 de agosto de 2020","format":false,"excerpt":"Funcion\u00e1rios dos Correios afirmam que devem entrar em greve no pr\u00f3ximo dia 18, alegando que tiveram 70 direitos revogados, como 30% do adicional de risco, vale-alimenta\u00e7\u00e3o e aux\u00edlio-creche. De acordo com a Federa\u00e7\u00e3o Nacional dos Trabalhadores em Empresas de Correios e Tel\u00e9grafos e Similares (Fentect), a categoria entrou em estado\u2026","rel":"","context":"Em &quot;Geral&quot;","img":{"alt_text":"","src":"https:\/\/i0.wp.com\/sindicatodosbancarios.org.br\/site2022\/wp-content\/uploads\/2020\/08\/funcionario-dos-correios-em-foto-de-arquivo-1594405556536_v2_900x506.jpg?resize=350%2C200&ssl=1","width":350,"height":200},"classes":[]},{"id":5551,"url":"https:\/\/sindicatodosbancarios.org.br\/site2022\/2021\/07\/19\/informe-bancario-172-2021-reforma-do-ir-quem-ganha-de-r-33-mil-a-r-69-mil-pagara-mais-diz-ex-secretario\/","url_meta":{"origin":3001,"position":1},"title":"INFORME BANC\u00c1RIO \u2013 172\/2021 Reforma do IR: quem ganha de R$ 3,3 mil a R$ 6,9 mil pagar\u00e1 mais, diz ex-secret\u00e1rio","date":"19 de julho de 2021","format":false,"excerpt":"O relat\u00f3rio preliminar manteve o limite de R$ 40 mil de rendimentos anuais para a declara\u00e7\u00e3o simplificada A proposta de reforma no Imposto de Renda\u00a0vai tirar R$ 10,7 bilh\u00f5es da Classe C, pelos c\u00e1lculos do tributarista e ex-secret\u00e1rio da Receita Federal, Everardo Maciel, apenas com a mudan\u00e7a no limite para\u2026","rel":"","context":"Em &quot;Geral&quot;","img":{"alt_text":"","src":"https:\/\/i0.wp.com\/sindicatodosbancarios.org.br\/site2022\/wp-content\/uploads\/2021\/07\/1_pri_1607_0701_cor_20cm_largura-6761161.jpg?resize=350%2C200&ssl=1","width":350,"height":200},"classes":[]},{"id":5209,"url":"https:\/\/sindicatodosbancarios.org.br\/site2022\/2021\/03\/01\/informe-bancarios-69-2021-ampliar-isencao-no-ir-custaria-r-74-bilhoes\/","url_meta":{"origin":3001,"position":2},"title":"INFORME BANC\u00c1RIOS \u2013 69\/2021 Ampliar isen\u00e7\u00e3o no IR custaria R$ 74 bilh\u00f5es","date":"1 de mar\u00e7o de 2021","format":false,"excerpt":"Promessa de campanha renovada em janeiro pelo presidente Jair Bolsonaro, a amplia\u00e7\u00e3o do contingente de isentos do Imposto de Renda Pessoa F\u00edsica (IRPF) pode custar quase de R$ 74 bilh\u00f5es aos cofres p\u00fablicos. No m\u00eas passado, o presidente disse que tentaria passar a renda livre do pagamento do imposto para\u2026","rel":"","context":"Em &quot;Geral&quot;","img":{"alt_text":"","src":"https:\/\/i0.wp.com\/sindicatodosbancarios.org.br\/site2022\/wp-content\/uploads\/2021\/03\/imposto-de-renda-201declaracao-irpf-1603452899780_v2_900x506.jpg?resize=350%2C200&ssl=1","width":350,"height":200},"classes":[]},{"id":4981,"url":"https:\/\/sindicatodosbancarios.org.br\/site2022\/2021\/01\/07\/informe-bancario-488-2021-bolsa-familia-sera-o-novo-auxilio-emergencial-em-2021-programa-pode-ganhar-bonus-e-valores-extras\/","url_meta":{"origin":3001,"position":3},"title":"INFORME BANC\u00c1RIO \u2013 10\/2021 Bolsa Fam\u00edlia ser\u00e1 o novo aux\u00edlio emergencial em 2021? Programa pode ganhar b\u00f4nus e valores extras","date":"7 de janeiro de 2021","format":false,"excerpt":"Turbinada no programa social do governo federal e retorno aos pagamentos s\u00e3o apostas para ajudar fam\u00edlias em vulnerabilidade social a se manterem neste ano. O presidente Jair Bolsonaro (sem partido) declarou que \u201cprorrogar o aux\u00edlio emergencial \u00e9 o caminho certo para o insucesso\u201d. Sendo assim, s\u00e3o quase nulas as chances\u2026","rel":"","context":"Em &quot;Geral&quot;","img":{"alt_text":"","src":"https:\/\/i0.wp.com\/sindicatodosbancarios.org.br\/site2022\/wp-content\/uploads\/2020\/11\/GettyImages-1170902492-1.jpg?resize=350%2C200&ssl=1","width":350,"height":200},"classes":[]},{"id":5323,"url":"https:\/\/sindicatodosbancarios.org.br\/site2022\/2021\/04\/20\/informe-bancarios-103-2021-governo-propoe-salario-minimo-de-r-1-147-para-2022-sem-aumento-acima-da-inflacao\/","url_meta":{"origin":3001,"position":4},"title":"INFORME BANC\u00c1RIOS \u2013 103\/2021 Governo prop\u00f5e sal\u00e1rio m\u00ednimo de R$ 1.147 para 2022, sem aumento acima da infla\u00e7\u00e3o","date":"20 de abril de 2021","format":false,"excerpt":"Valor consta no projeto da Lei de Diretrizes Or\u00e7ament\u00e1rias divulgado nesta quinta pelo Minist\u00e9rio da Economia. Se aprovado, aumento em rela\u00e7\u00e3o ao m\u00ednimo atual ser\u00e1 de R$ 47. O governo federal prop\u00f4s um\u00a0sal\u00e1rio m\u00ednimo de R$ 1.147 para 2022, segundo o projeto de Lei de Diretrizes Or\u00e7ament\u00e1rias (PLDO) do ano\u2026","rel":"","context":"Em &quot;Geral&quot;","img":{"alt_text":"","src":"https:\/\/i0.wp.com\/sindicatodosbancarios.org.br\/site2022\/wp-content\/uploads\/2021\/04\/13576085165f5f4bf83d334.jpg?resize=350%2C200&ssl=1","width":350,"height":200},"classes":[]},{"id":4586,"url":"https:\/\/sindicatodosbancarios.org.br\/site2022\/2020\/10\/02\/informe-bancario-375-2020-proposta-de-usar-precatorio-preocupou-aposentados-dinheiro-que-faz-falta\/","url_meta":{"origin":3001,"position":5},"title":"INFORME BANC\u00c1RIO \u2013 375\/2020 Proposta de usar precat\u00f3rio preocupou aposentados: &#8220;dinheiro que faz falta&#8221;","date":"2 de outubro de 2020","format":false,"excerpt":"A proposta do governo federal de usar dinheiro de precat\u00f3rios para financiar o Renda Cidad\u00e3, programa social que vai substituir o Bolsa Fam\u00edlia, deixou quem aguarda o pagamento em p\u00e2nico. Hoje, ap\u00f3s a repercuss\u00e3o negativa do an\u00fancio, o governo voltou atr\u00e1s. Precat\u00f3rios s\u00e3o d\u00edvidas da Uni\u00e3o reconhecidas ap\u00f3s decis\u00e3o definitiva\u2026","rel":"","context":"Em &quot;Geral&quot;","img":{"alt_text":"","src":"https:\/\/i0.wp.com\/sindicatodosbancarios.org.br\/site2022\/wp-content\/uploads\/2020\/10\/precatorios.jpeg?resize=350%2C200&ssl=1","width":350,"height":200},"classes":[]}],"_links":{"self":[{"href":"https:\/\/sindicatodosbancarios.org.br\/site2022\/wp-json\/wp\/v2\/posts\/3001"}],"collection":[{"href":"https:\/\/sindicatodosbancarios.org.br\/site2022\/wp-json\/wp\/v2\/posts"}],"about":[{"href":"https:\/\/sindicatodosbancarios.org.br\/site2022\/wp-json\/wp\/v2\/types\/post"}],"author":[{"embeddable":true,"href":"https:\/\/sindicatodosbancarios.org.br\/site2022\/wp-json\/wp\/v2\/users\/2"}],"replies":[{"embeddable":true,"href":"https:\/\/sindicatodosbancarios.org.br\/site2022\/wp-json\/wp\/v2\/comments?post=3001"}],"version-history":[{"count":1,"href":"https:\/\/sindicatodosbancarios.org.br\/site2022\/wp-json\/wp\/v2\/posts\/3001\/revisions"}],"predecessor-version":[{"id":3002,"href":"https:\/\/sindicatodosbancarios.org.br\/site2022\/wp-json\/wp\/v2\/posts\/3001\/revisions\/3002"}],"wp:featuredmedia":[{"embeddable":true,"href":"https:\/\/sindicatodosbancarios.org.br\/site2022\/wp-json\/wp\/v2\/media\/2366"}],"wp:attachment":[{"href":"https:\/\/sindicatodosbancarios.org.br\/site2022\/wp-json\/wp\/v2\/media?parent=3001"}],"wp:term":[{"taxonomy":"category","embeddable":true,"href":"https:\/\/sindicatodosbancarios.org.br\/site2022\/wp-json\/wp\/v2\/categories?post=3001"},{"taxonomy":"post_tag","embeddable":true,"href":"https:\/\/sindicatodosbancarios.org.br\/site2022\/wp-json\/wp\/v2\/tags?post=3001"}],"curies":[{"name":"wp","href":"https:\/\/api.w.org\/{rel}","templated":true}]}}