{"id":3010,"date":"2019-06-17T14:43:50","date_gmt":"2019-06-17T17:43:50","guid":{"rendered":"https:\/\/sindicatodosbancarios.org.br\/?p=3010"},"modified":"2019-06-17T14:43:50","modified_gmt":"2019-06-17T17:43:50","slug":"informe-bancario-027-2019-as-principais-mudancas-feitas-pelo-relator-na-reforma-da-previdencia","status":"publish","type":"post","link":"https:\/\/sindicatodosbancarios.org.br\/site2022\/2019\/06\/17\/informe-bancario-027-2019-as-principais-mudancas-feitas-pelo-relator-na-reforma-da-previdencia\/","title":{"rendered":"INFORME BANC\u00c1RIO &#8211; 027 \/ 2019 &#8211; AS PRINCIPAIS MUDAN\u00c7AS FEITAS PELO RELATOR NA REFORMA DA PREVID\u00caNCIA"},"content":{"rendered":"<p>REFORMA DA PREVID\u00caNCIA<\/p>\n<p>O relator da reforma da Previd\u00eancia na comiss\u00e3o especial da C\u00e2mara dos Deputados, Samuel Moreira (PSDB-SP), apresentou seu parecer, com diversas mudan\u00e7as em rela\u00e7\u00e3o \u00e0 proposta original, enviada pelo governo Jair Bolsonaro.<\/p>\n<p>As mudan\u00e7as mais importantes:<\/p>\n<p><em><strong>Pontos retirados da reforma:<\/strong><\/em> O relator decidiu retirar do texto alguns itens: Validade da reforma para estados e munic\u00edpios Ado\u00e7\u00e3o do sistema de capitaliza\u00e7\u00e3o Mudan\u00e7as no BPC (Benef\u00edcio de Presta\u00e7\u00e3o Continuada) Mudan\u00e7as na aposentadoria rural Desconstitucionaliza\u00e7\u00e3o (retirada de regras previdenci\u00e1rias da Constitui\u00e7\u00e3o).<\/p>\n<p><em><strong>Tempo m\u00ednimo de contribui\u00e7\u00e3o das mulheres:<\/strong><\/em> O parecer de Moreira reduziu o tempo m\u00ednimo de contribui\u00e7\u00e3o para as mulheres se aposentarem. A proposta do governo era de 20 anos para homens e mulheres, mas o relator prop\u00f4s 15 anos para mulheres.<\/p>\n<p><em><strong>Idade m\u00ednima para professoras:<\/strong><\/em>\u00a0Pela proposta do governo, as professoras se aposentariam com a mesma idade que os professores, aos 60 anos. O relat\u00f3rio reduziu para 57 anos a idade no caso das mulheres.<\/p>\n<p><em><strong>Aumento de imposto para Bancos:<\/strong><\/em>\u00a0O relator prop\u00f4s aumentar a al\u00edquota da CSLL (Contribui\u00e7\u00e3o Social sobre o Lucro L\u00edquido) de 15% para 20% para bancos e institui\u00e7\u00f5es financeiras. Segundo ele, a medida trar\u00e1 uma arrecada\u00e7\u00e3o extra de R$ 5 bilh\u00f5es neste\u00a0neste ano e tem potencial de arrecadar R$ 50 bilh\u00f5es nos pr\u00f3ximos dez anos.<\/p>\n<p><em><strong>Abono salarial do PIS\/Pasep:<\/strong><\/em>\u00a0Pela regra atual, quem ganha at\u00e9 dois sal\u00e1rios m\u00ednimos, em m\u00e9dia, por m\u00eas tem direito ao abono salarial do PIS\/Pasep (h\u00e1 tamb\u00e9m outros crit\u00e9rios). O governo defendia reduzir o limite para um sal\u00e1rio m\u00ednimo (hoje em R$ 998). O relator sugeriu no texto uma renda mensal de at\u00e9 R$ 1.364,43.<\/p>\n<p><em><strong>Reajuste da aposentadoria pela infla\u00e7\u00e3o:\u00a0<\/strong><\/em> A proposta de Bolsonaro eliminava o reajuste das aposentadorias pela infla\u00e7\u00e3o, como acontece atualmente. Pela PEC (Proposta de Emenda \u00e0 Constitui\u00e7\u00e3o) do governo, o c\u00e1lculo dos reajustes seria definido posteriormente por meio de uma lei complementar. O relator decidiu manter a regra como \u00e9 hoje, com o reajuste dos benef\u00edcios pela infla\u00e7\u00e3o, para que eles n\u00e3o percam valor real.<\/p>\n<p><em><strong>Vale-refei\u00e7\u00e3o n\u00e3o poder\u00e1 ser tributado:<\/strong><\/em> O relat\u00f3rio excluiu da reforma o artigo que poderia permitir que benef\u00edcios como vale-refei\u00e7\u00e3o e vale-transporte passassem a integrar a base de c\u00e1lculo da contribui\u00e7\u00e3o para o INSS (Instituto Nacional do Seguro Social) A vers\u00e3o da reforma enviada pelo governo previa que a tributa\u00e7\u00e3o seria sobre a folha de sal\u00e1rios e demais rendimentos &#8220;de qualquer natureza&#8221;, o que dava margem a essa interpreta\u00e7\u00e3o.<\/p>\n<p><em><strong>Transi\u00e7\u00e3o para servidores:<\/strong><\/em> O relat\u00f3rio cria uma op\u00e7\u00e3o de transi\u00e7\u00e3o para os servidores que ingressaram no servi\u00e7o p\u00fablico at\u00e9 2003. Na pr\u00e1tica, a regra permitir\u00e1 que eles tenham direito mais cedo a aposentadorias mais altas.Na proposta de Bolsonaro, para ter direito \u00e0 integralidade (sal\u00e1rio do \u00faltimo cargo ocupado) e \u00e0 paridade (reajuste igual ao dos servidores na ativa), esses servidores teriam que ter 65 anos (homens) ou 62 anos (mulheres). Na regra criada pelo relator, eles ganhar\u00e3o esses direitos aos 60 anos (homem) e aos 57 anos (mulher), desde que atendam os seguintes crit\u00e9rios:<\/p>\n<p>*20 anos de servi\u00e7o p\u00fablico e cinco no cargo em que se aposentar;<\/p>\n<p>*Contribuir por 35 anos (homens) ou 30 anos (mulheres);<\/p>\n<p>*Ped\u00e1gio de 100% sobre o tempo de contribui\u00e7\u00e3o restante quando a reforma entrar em vigor. Por exemplo, se faltar um ano para uma servidora completar o tempo de contribui\u00e7\u00e3o (30 anos), ela ter\u00e1 que contribuir pelo dobro do tempo (dois anos).<\/p>\n<p><em><strong>Aposentadoria compuls\u00f3ria de ju\u00edzes:<\/strong><\/em> O parecer acaba com a possibilidade de punir ju\u00edzes e procuradores com aposentadoria compuls\u00f3ria. A proposta do governo n\u00e3o versava sobre a quest\u00e3o. Hoje, a Constitui\u00e7\u00e3o define que o magistrado poder\u00e1 ser aposentado por vota\u00e7\u00e3o do CNJ (Conselho Nacional de Justi\u00e7a), em caso de interesse p\u00fablico. Pela lei, a aposentadoria seria uma pena disciplinar. O relat\u00f3rio retira essa possibilidade.<\/p>\n<p><em><strong>Pens\u00e3o por morte<\/strong><\/em>: A proposta do governo previa uma nova f\u00f3rmula de c\u00e1lculo no caso das pens\u00f5es por morte, permitindo, inclusive, um benef\u00edcio abaixo do sal\u00e1rio m\u00ednimo. A f\u00f3rmula prev\u00ea o pagamento de 60% do benef\u00edcio mais 10% por dependente adicional. O relator acatou um pedido da primeira-dama, Michelle Bolsonaro, e definiu que o benef\u00edcio ser\u00e1 de 100% se o dependente for inv\u00e1lido ou tiver grave defici\u00eancia intelectual ou mental. Outra mudan\u00e7a feita pelo relator \u00e9 que a pens\u00e3o n\u00e3o poder\u00e1 ser menor que um sal\u00e1rio m\u00ednimo se ela for a \u00fanica fonte de renda do dependente.<\/p>\n<p><span style=\"font-size: 8pt;\">fonte:UOL &#8211; 13\/06\/2019<\/span><\/p>\n","protected":false},"excerpt":{"rendered":"<p>REFORMA DA PREVID\u00caNCIA O relator da reforma da Previd\u00eancia na comiss\u00e3o especial da C\u00e2mara dos Deputados, Samuel Moreira [&hellip;]<\/p>\n","protected":false},"author":2,"featured_media":1650,"comment_status":"open","ping_status":"open","sticky":false,"template":"","format":"standard","meta":{"jetpack_post_was_ever_published":false,"jetpack_publicize_message":"","jetpack_is_tweetstorm":false,"jetpack_publicize_feature_enabled":true,"jetpack_social_post_already_shared":true,"jetpack_social_options":[]},"categories":[1],"tags":[],"jetpack_publicize_connections":[],"acf":[],"yoast_head":"<!-- This site is optimized with the Yoast SEO plugin v19.14 - https:\/\/yoast.com\/wordpress\/plugins\/seo\/ -->\n<title>INFORME BANC\u00c1RIO - 027 \/ 2019 - AS PRINCIPAIS MUDAN\u00c7AS FEITAS PELO RELATOR NA REFORMA DA PREVID\u00caNCIA - Sindicato dos Banc\u00e1rios de S\u00e3o Bento do Sul e Regi\u00e3o<\/title>\n<meta name=\"robots\" content=\"index, follow, max-snippet:-1, max-image-preview:large, max-video-preview:-1\" \/>\n<link rel=\"canonical\" href=\"https:\/\/sindicatodosbancarios.org.br\/site2022\/2019\/06\/17\/informe-bancario-027-2019-as-principais-mudancas-feitas-pelo-relator-na-reforma-da-previdencia\/\" \/>\n<meta property=\"og:locale\" content=\"pt_BR\" \/>\n<meta property=\"og:type\" content=\"article\" \/>\n<meta property=\"og:title\" content=\"INFORME BANC\u00c1RIO - 027 \/ 2019 - AS PRINCIPAIS MUDAN\u00c7AS FEITAS PELO RELATOR NA REFORMA DA PREVID\u00caNCIA - Sindicato dos Banc\u00e1rios de S\u00e3o Bento do Sul e Regi\u00e3o\" \/>\n<meta property=\"og:description\" content=\"REFORMA DA PREVID\u00caNCIA O relator da reforma da Previd\u00eancia na comiss\u00e3o especial da C\u00e2mara dos Deputados, Samuel Moreira [&hellip;]\" \/>\n<meta property=\"og:url\" content=\"https:\/\/sindicatodosbancarios.org.br\/site2022\/2019\/06\/17\/informe-bancario-027-2019-as-principais-mudancas-feitas-pelo-relator-na-reforma-da-previdencia\/\" \/>\n<meta property=\"og:site_name\" content=\"Sindicato dos Banc\u00e1rios de S\u00e3o Bento do Sul e Regi\u00e3o\" \/>\n<meta property=\"article:author\" content=\"https:\/\/www.facebook.com\/seeb.sbs.9\" \/>\n<meta property=\"article:published_time\" content=\"2019-06-17T17:43:50+00:00\" \/>\n<meta property=\"og:image\" content=\"https:\/\/sindicatodosbancarios.org.br\/site2022\/wp-content\/uploads\/2017\/08\/45.jpg\" \/>\n\t<meta property=\"og:image:width\" content=\"1280\" \/>\n\t<meta property=\"og:image:height\" content=\"859\" \/>\n\t<meta property=\"og:image:type\" content=\"image\/jpeg\" \/>\n<meta name=\"author\" content=\"Sindicato dos Banc\u00e1rios S\u00e3o Bento do Sul e Regi\u00e3o\" \/>\n<meta name=\"twitter:card\" content=\"summary_large_image\" \/>\n<meta name=\"twitter:label1\" content=\"Escrito por\" \/>\n\t<meta name=\"twitter:data1\" content=\"Sindicato dos Banc\u00e1rios S\u00e3o Bento do Sul e Regi\u00e3o\" \/>\n\t<meta name=\"twitter:label2\" content=\"Est. tempo de leitura\" \/>\n\t<meta name=\"twitter:data2\" content=\"4 minutos\" \/>\n<script type=\"application\/ld+json\" class=\"yoast-schema-graph\">{\"@context\":\"https:\/\/schema.org\",\"@graph\":[{\"@type\":\"Article\",\"@id\":\"https:\/\/sindicatodosbancarios.org.br\/site2022\/2019\/06\/17\/informe-bancario-027-2019-as-principais-mudancas-feitas-pelo-relator-na-reforma-da-previdencia\/#article\",\"isPartOf\":{\"@id\":\"https:\/\/sindicatodosbancarios.org.br\/site2022\/2019\/06\/17\/informe-bancario-027-2019-as-principais-mudancas-feitas-pelo-relator-na-reforma-da-previdencia\/\"},\"author\":{\"name\":\"Sindicato dos Banc\u00e1rios S\u00e3o Bento do Sul e Regi\u00e3o\",\"@id\":\"https:\/\/sindicatodosbancarios.org.br\/site2022\/#\/schema\/person\/a7d92da77d1084df4d28b57962f1e1bd\"},\"headline\":\"INFORME BANC\u00c1RIO &#8211; 027 \/ 2019 &#8211; AS PRINCIPAIS MUDAN\u00c7AS FEITAS PELO RELATOR NA REFORMA DA PREVID\u00caNCIA\",\"datePublished\":\"2019-06-17T17:43:50+00:00\",\"dateModified\":\"2019-06-17T17:43:50+00:00\",\"mainEntityOfPage\":{\"@id\":\"https:\/\/sindicatodosbancarios.org.br\/site2022\/2019\/06\/17\/informe-bancario-027-2019-as-principais-mudancas-feitas-pelo-relator-na-reforma-da-previdencia\/\"},\"wordCount\":810,\"commentCount\":0,\"publisher\":{\"@id\":\"https:\/\/sindicatodosbancarios.org.br\/site2022\/#organization\"},\"articleSection\":[\"Geral\"],\"inLanguage\":\"pt-BR\",\"potentialAction\":[{\"@type\":\"CommentAction\",\"name\":\"Comment\",\"target\":[\"https:\/\/sindicatodosbancarios.org.br\/site2022\/2019\/06\/17\/informe-bancario-027-2019-as-principais-mudancas-feitas-pelo-relator-na-reforma-da-previdencia\/#respond\"]}]},{\"@type\":\"WebPage\",\"@id\":\"https:\/\/sindicatodosbancarios.org.br\/site2022\/2019\/06\/17\/informe-bancario-027-2019-as-principais-mudancas-feitas-pelo-relator-na-reforma-da-previdencia\/\",\"url\":\"https:\/\/sindicatodosbancarios.org.br\/site2022\/2019\/06\/17\/informe-bancario-027-2019-as-principais-mudancas-feitas-pelo-relator-na-reforma-da-previdencia\/\",\"name\":\"INFORME BANC\u00c1RIO - 027 \/ 2019 - AS PRINCIPAIS MUDAN\u00c7AS FEITAS PELO RELATOR NA REFORMA DA PREVID\u00caNCIA - Sindicato dos Banc\u00e1rios de S\u00e3o Bento do Sul e Regi\u00e3o\",\"isPartOf\":{\"@id\":\"https:\/\/sindicatodosbancarios.org.br\/site2022\/#website\"},\"datePublished\":\"2019-06-17T17:43:50+00:00\",\"dateModified\":\"2019-06-17T17:43:50+00:00\",\"breadcrumb\":{\"@id\":\"https:\/\/sindicatodosbancarios.org.br\/site2022\/2019\/06\/17\/informe-bancario-027-2019-as-principais-mudancas-feitas-pelo-relator-na-reforma-da-previdencia\/#breadcrumb\"},\"inLanguage\":\"pt-BR\",\"potentialAction\":[{\"@type\":\"ReadAction\",\"target\":[\"https:\/\/sindicatodosbancarios.org.br\/site2022\/2019\/06\/17\/informe-bancario-027-2019-as-principais-mudancas-feitas-pelo-relator-na-reforma-da-previdencia\/\"]}]},{\"@type\":\"BreadcrumbList\",\"@id\":\"https:\/\/sindicatodosbancarios.org.br\/site2022\/2019\/06\/17\/informe-bancario-027-2019-as-principais-mudancas-feitas-pelo-relator-na-reforma-da-previdencia\/#breadcrumb\",\"itemListElement\":[{\"@type\":\"ListItem\",\"position\":1,\"name\":\"In\u00edcio\",\"item\":\"https:\/\/sindicatodosbancarios.org.br\/site2022\/\"},{\"@type\":\"ListItem\",\"position\":2,\"name\":\"INFORME BANC\u00c1RIO &#8211; 027 \/ 2019 &#8211; AS PRINCIPAIS MUDAN\u00c7AS FEITAS PELO RELATOR NA REFORMA DA PREVID\u00caNCIA\"}]},{\"@type\":\"WebSite\",\"@id\":\"https:\/\/sindicatodosbancarios.org.br\/site2022\/#website\",\"url\":\"https:\/\/sindicatodosbancarios.org.br\/site2022\/\",\"name\":\"Sindicato dos Banc\u00e1rios de S\u00e3o Bento do Sul e Regi\u00e3o\",\"description\":\"Website institucional do Sindicato dos Banc\u00e1rios de S\u00e3o Bento do Sul e Regi\u00e3o\",\"publisher\":{\"@id\":\"https:\/\/sindicatodosbancarios.org.br\/site2022\/#organization\"},\"potentialAction\":[{\"@type\":\"SearchAction\",\"target\":{\"@type\":\"EntryPoint\",\"urlTemplate\":\"https:\/\/sindicatodosbancarios.org.br\/site2022\/?s={search_term_string}\"},\"query-input\":\"required name=search_term_string\"}],\"inLanguage\":\"pt-BR\"},{\"@type\":\"Organization\",\"@id\":\"https:\/\/sindicatodosbancarios.org.br\/site2022\/#organization\",\"name\":\"Sindicato dos Banc\u00e1rios de S\u00e3o Bento do Sul e Regi\u00e3o\",\"url\":\"https:\/\/sindicatodosbancarios.org.br\/site2022\/\",\"logo\":{\"@type\":\"ImageObject\",\"inLanguage\":\"pt-BR\",\"@id\":\"https:\/\/sindicatodosbancarios.org.br\/site2022\/#\/schema\/logo\/image\/\",\"url\":\"https:\/\/sindicatodosbancarios.org.br\/site2022\/wp-content\/uploads\/2017\/06\/cropped-logo-2.png\",\"contentUrl\":\"https:\/\/sindicatodosbancarios.org.br\/site2022\/wp-content\/uploads\/2017\/06\/cropped-logo-2.png\",\"width\":292,\"height\":292,\"caption\":\"Sindicato dos Banc\u00e1rios de S\u00e3o Bento do Sul e Regi\u00e3o\"},\"image\":{\"@id\":\"https:\/\/sindicatodosbancarios.org.br\/site2022\/#\/schema\/logo\/image\/\"}},{\"@type\":\"Person\",\"@id\":\"https:\/\/sindicatodosbancarios.org.br\/site2022\/#\/schema\/person\/a7d92da77d1084df4d28b57962f1e1bd\",\"name\":\"Sindicato dos Banc\u00e1rios S\u00e3o Bento do Sul e Regi\u00e3o\",\"image\":{\"@type\":\"ImageObject\",\"inLanguage\":\"pt-BR\",\"@id\":\"https:\/\/sindicatodosbancarios.org.br\/site2022\/#\/schema\/person\/image\/\",\"url\":\"https:\/\/secure.gravatar.com\/avatar\/f1d1a06f698f2345352e539387180d42?s=96&d=mm&r=g\",\"contentUrl\":\"https:\/\/secure.gravatar.com\/avatar\/f1d1a06f698f2345352e539387180d42?s=96&d=mm&r=g\",\"caption\":\"Sindicato dos Banc\u00e1rios S\u00e3o Bento do Sul e Regi\u00e3o\"},\"sameAs\":[\"http:\/\/sindicatodosbancarios.org.br\/site2022\/\",\"https:\/\/www.facebook.com\/seeb.sbs.9\"],\"url\":\"https:\/\/sindicatodosbancarios.org.br\/site2022\/author\/sindicatodosbancarios\/\"}]}<\/script>\n<!-- \/ Yoast SEO plugin. -->","yoast_head_json":{"title":"INFORME BANC\u00c1RIO - 027 \/ 2019 - AS PRINCIPAIS MUDAN\u00c7AS FEITAS PELO RELATOR NA REFORMA DA PREVID\u00caNCIA - Sindicato dos Banc\u00e1rios de S\u00e3o Bento do Sul e Regi\u00e3o","robots":{"index":"index","follow":"follow","max-snippet":"max-snippet:-1","max-image-preview":"max-image-preview:large","max-video-preview":"max-video-preview:-1"},"canonical":"https:\/\/sindicatodosbancarios.org.br\/site2022\/2019\/06\/17\/informe-bancario-027-2019-as-principais-mudancas-feitas-pelo-relator-na-reforma-da-previdencia\/","og_locale":"pt_BR","og_type":"article","og_title":"INFORME BANC\u00c1RIO - 027 \/ 2019 - AS PRINCIPAIS MUDAN\u00c7AS FEITAS PELO RELATOR NA REFORMA DA PREVID\u00caNCIA - Sindicato dos Banc\u00e1rios de S\u00e3o Bento do Sul e Regi\u00e3o","og_description":"REFORMA DA PREVID\u00caNCIA O relator da reforma da Previd\u00eancia na comiss\u00e3o especial da C\u00e2mara dos Deputados, Samuel Moreira [&hellip;]","og_url":"https:\/\/sindicatodosbancarios.org.br\/site2022\/2019\/06\/17\/informe-bancario-027-2019-as-principais-mudancas-feitas-pelo-relator-na-reforma-da-previdencia\/","og_site_name":"Sindicato dos Banc\u00e1rios de S\u00e3o Bento do Sul e Regi\u00e3o","article_author":"https:\/\/www.facebook.com\/seeb.sbs.9","article_published_time":"2019-06-17T17:43:50+00:00","og_image":[{"width":1280,"height":859,"url":"https:\/\/sindicatodosbancarios.org.br\/site2022\/wp-content\/uploads\/2017\/08\/45.jpg","type":"image\/jpeg"}],"author":"Sindicato dos Banc\u00e1rios S\u00e3o Bento do Sul e Regi\u00e3o","twitter_card":"summary_large_image","twitter_misc":{"Escrito por":"Sindicato dos Banc\u00e1rios S\u00e3o Bento do Sul e Regi\u00e3o","Est. tempo de leitura":"4 minutos"},"schema":{"@context":"https:\/\/schema.org","@graph":[{"@type":"Article","@id":"https:\/\/sindicatodosbancarios.org.br\/site2022\/2019\/06\/17\/informe-bancario-027-2019-as-principais-mudancas-feitas-pelo-relator-na-reforma-da-previdencia\/#article","isPartOf":{"@id":"https:\/\/sindicatodosbancarios.org.br\/site2022\/2019\/06\/17\/informe-bancario-027-2019-as-principais-mudancas-feitas-pelo-relator-na-reforma-da-previdencia\/"},"author":{"name":"Sindicato dos Banc\u00e1rios S\u00e3o Bento do Sul e Regi\u00e3o","@id":"https:\/\/sindicatodosbancarios.org.br\/site2022\/#\/schema\/person\/a7d92da77d1084df4d28b57962f1e1bd"},"headline":"INFORME BANC\u00c1RIO &#8211; 027 \/ 2019 &#8211; AS PRINCIPAIS MUDAN\u00c7AS FEITAS PELO RELATOR NA REFORMA DA PREVID\u00caNCIA","datePublished":"2019-06-17T17:43:50+00:00","dateModified":"2019-06-17T17:43:50+00:00","mainEntityOfPage":{"@id":"https:\/\/sindicatodosbancarios.org.br\/site2022\/2019\/06\/17\/informe-bancario-027-2019-as-principais-mudancas-feitas-pelo-relator-na-reforma-da-previdencia\/"},"wordCount":810,"commentCount":0,"publisher":{"@id":"https:\/\/sindicatodosbancarios.org.br\/site2022\/#organization"},"articleSection":["Geral"],"inLanguage":"pt-BR","potentialAction":[{"@type":"CommentAction","name":"Comment","target":["https:\/\/sindicatodosbancarios.org.br\/site2022\/2019\/06\/17\/informe-bancario-027-2019-as-principais-mudancas-feitas-pelo-relator-na-reforma-da-previdencia\/#respond"]}]},{"@type":"WebPage","@id":"https:\/\/sindicatodosbancarios.org.br\/site2022\/2019\/06\/17\/informe-bancario-027-2019-as-principais-mudancas-feitas-pelo-relator-na-reforma-da-previdencia\/","url":"https:\/\/sindicatodosbancarios.org.br\/site2022\/2019\/06\/17\/informe-bancario-027-2019-as-principais-mudancas-feitas-pelo-relator-na-reforma-da-previdencia\/","name":"INFORME BANC\u00c1RIO - 027 \/ 2019 - AS PRINCIPAIS MUDAN\u00c7AS FEITAS PELO RELATOR NA REFORMA DA PREVID\u00caNCIA - Sindicato dos Banc\u00e1rios de S\u00e3o Bento do Sul e Regi\u00e3o","isPartOf":{"@id":"https:\/\/sindicatodosbancarios.org.br\/site2022\/#website"},"datePublished":"2019-06-17T17:43:50+00:00","dateModified":"2019-06-17T17:43:50+00:00","breadcrumb":{"@id":"https:\/\/sindicatodosbancarios.org.br\/site2022\/2019\/06\/17\/informe-bancario-027-2019-as-principais-mudancas-feitas-pelo-relator-na-reforma-da-previdencia\/#breadcrumb"},"inLanguage":"pt-BR","potentialAction":[{"@type":"ReadAction","target":["https:\/\/sindicatodosbancarios.org.br\/site2022\/2019\/06\/17\/informe-bancario-027-2019-as-principais-mudancas-feitas-pelo-relator-na-reforma-da-previdencia\/"]}]},{"@type":"BreadcrumbList","@id":"https:\/\/sindicatodosbancarios.org.br\/site2022\/2019\/06\/17\/informe-bancario-027-2019-as-principais-mudancas-feitas-pelo-relator-na-reforma-da-previdencia\/#breadcrumb","itemListElement":[{"@type":"ListItem","position":1,"name":"In\u00edcio","item":"https:\/\/sindicatodosbancarios.org.br\/site2022\/"},{"@type":"ListItem","position":2,"name":"INFORME BANC\u00c1RIO &#8211; 027 \/ 2019 &#8211; AS PRINCIPAIS MUDAN\u00c7AS FEITAS PELO RELATOR NA REFORMA DA PREVID\u00caNCIA"}]},{"@type":"WebSite","@id":"https:\/\/sindicatodosbancarios.org.br\/site2022\/#website","url":"https:\/\/sindicatodosbancarios.org.br\/site2022\/","name":"Sindicato dos Banc\u00e1rios de S\u00e3o Bento do Sul e Regi\u00e3o","description":"Website institucional do Sindicato dos Banc\u00e1rios de S\u00e3o Bento do Sul e Regi\u00e3o","publisher":{"@id":"https:\/\/sindicatodosbancarios.org.br\/site2022\/#organization"},"potentialAction":[{"@type":"SearchAction","target":{"@type":"EntryPoint","urlTemplate":"https:\/\/sindicatodosbancarios.org.br\/site2022\/?s={search_term_string}"},"query-input":"required name=search_term_string"}],"inLanguage":"pt-BR"},{"@type":"Organization","@id":"https:\/\/sindicatodosbancarios.org.br\/site2022\/#organization","name":"Sindicato dos Banc\u00e1rios de S\u00e3o Bento do Sul e Regi\u00e3o","url":"https:\/\/sindicatodosbancarios.org.br\/site2022\/","logo":{"@type":"ImageObject","inLanguage":"pt-BR","@id":"https:\/\/sindicatodosbancarios.org.br\/site2022\/#\/schema\/logo\/image\/","url":"https:\/\/sindicatodosbancarios.org.br\/site2022\/wp-content\/uploads\/2017\/06\/cropped-logo-2.png","contentUrl":"https:\/\/sindicatodosbancarios.org.br\/site2022\/wp-content\/uploads\/2017\/06\/cropped-logo-2.png","width":292,"height":292,"caption":"Sindicato dos Banc\u00e1rios de S\u00e3o Bento do Sul e Regi\u00e3o"},"image":{"@id":"https:\/\/sindicatodosbancarios.org.br\/site2022\/#\/schema\/logo\/image\/"}},{"@type":"Person","@id":"https:\/\/sindicatodosbancarios.org.br\/site2022\/#\/schema\/person\/a7d92da77d1084df4d28b57962f1e1bd","name":"Sindicato dos Banc\u00e1rios S\u00e3o Bento do Sul e Regi\u00e3o","image":{"@type":"ImageObject","inLanguage":"pt-BR","@id":"https:\/\/sindicatodosbancarios.org.br\/site2022\/#\/schema\/person\/image\/","url":"https:\/\/secure.gravatar.com\/avatar\/f1d1a06f698f2345352e539387180d42?s=96&d=mm&r=g","contentUrl":"https:\/\/secure.gravatar.com\/avatar\/f1d1a06f698f2345352e539387180d42?s=96&d=mm&r=g","caption":"Sindicato dos Banc\u00e1rios S\u00e3o Bento do Sul e Regi\u00e3o"},"sameAs":["http:\/\/sindicatodosbancarios.org.br\/site2022\/","https:\/\/www.facebook.com\/seeb.sbs.9"],"url":"https:\/\/sindicatodosbancarios.org.br\/site2022\/author\/sindicatodosbancarios\/"}]}},"jetpack_featured_media_url":"https:\/\/sindicatodosbancarios.org.br\/site2022\/wp-content\/uploads\/2017\/08\/45.jpg","jetpack_sharing_enabled":true,"jetpack_shortlink":"https:\/\/wp.me\/p8RSbI-My","jetpack-related-posts":[{"id":4958,"url":"https:\/\/sindicatodosbancarios.org.br\/site2022\/2021\/01\/05\/informe-bancario-484-2020-vai-dar-entrada-na-aposentadoria-em-2021-veja-as-principais-mudancas-para-solicitar-o-beneficio\/","url_meta":{"origin":3010,"position":0},"title":"INFORME BANC\u00c1RIO \u2013 06\/2021 Vai dar entrada na aposentadoria em 2021? Veja as principais mudan\u00e7as para solicitar o benef\u00edcio","date":"5 de janeiro de 2021","format":false,"excerpt":"Mudan\u00e7as incidem em regras de transi\u00e7\u00e3o, possibilitando com que contribuintes do INSS se aposentem antes da idade m\u00ednima prevista na reforma da Previd\u00eancia. Em novembro de 2020, a\u00a0Reforma da Previd\u00eancia\u00a0soprou as velinhas comemorando um ano em vigor. Com ela, v\u00e1rias mudan\u00e7as foram implantadas para dar entrada na\u00a0aposentadoria\u00a0no Instituto Nacional do\u2026","rel":"","context":"Em &quot;Geral&quot;","img":{"alt_text":"","src":"https:\/\/i0.wp.com\/sindicatodosbancarios.org.br\/site2022\/wp-content\/uploads\/2021\/01\/inss-1200x900.jpg?resize=350%2C200&ssl=1","width":350,"height":200},"classes":[]},{"id":5055,"url":"https:\/\/sindicatodosbancarios.org.br\/site2022\/2021\/01\/25\/informe-bancario-28-2021-inss-o-que-muda-nas-regras-para-pedir-aposentadoria-e-pensao-em-2021\/","url_meta":{"origin":3010,"position":1},"title":"INFORME BANC\u00c1RIO \u2013 28\/2021 INSS: o que muda nas regras para pedir aposentadoria e pens\u00e3o em 2021","date":"25 de janeiro de 2021","format":false,"excerpt":"Principais mudan\u00e7as s\u00e3o nas regras de transi\u00e7\u00e3o, que permitem que os segurados que contribuem ao INSS se aposentem antes da idade m\u00ednima estabelecida pela reforma da Previd\u00eancia, e tamb\u00e9m nas idades para recebimento da pens\u00e3o por morte. A\u00a0reforma da previd\u00eancia completou um ano em novembro de 2019\u00a0e trouxe uma\u00a0s\u00e9rie de\u2026","rel":"","context":"Em &quot;Geral&quot;","img":{"alt_text":"","src":"https:\/\/i0.wp.com\/sindicatodosbancarios.org.br\/site2022\/wp-content\/uploads\/2020\/07\/n_43545_76e76568f7ca25d14fb010f4379aafa5.jpg?resize=350%2C200&ssl=1","width":350,"height":200},"classes":[]},{"id":5140,"url":"https:\/\/sindicatodosbancarios.org.br\/site2022\/2021\/02\/08\/informe-bancarios-51-2021-atencao-trabalhadora-conheca-as-mudancas-na-aposentadoria-das-mulheres\/","url_meta":{"origin":3010,"position":2},"title":"INFORME BANC\u00c1RIOS \u2013 51\/2021 Aten\u00e7\u00e3o, trabalhadora: Conhe\u00e7a as mudan\u00e7as na aposentadoria das mulheres","date":"8 de fevereiro de 2021","format":false,"excerpt":"Saiba o que mudou para as mulheres com a reforma da previd\u00eancia e descubra os crit\u00e9rios e exig\u00eancias para se aposentar em 2021 As regras para\u00a0aposentadoria\u00a0no Brasil passaram por mudan\u00e7as e muitas das altera\u00e7\u00f5es dizem respeito \u00e0s trabalhadoras do pa\u00eds. Se voc\u00ea \u00e9 mulher e quer entender o que mudou\u2026","rel":"","context":"Em &quot;Geral&quot;","img":{"alt_text":"","src":"https:\/\/i0.wp.com\/sindicatodosbancarios.org.br\/site2022\/wp-content\/uploads\/2021\/01\/previdencia-1200x630.jpg?resize=350%2C200&ssl=1","width":350,"height":200},"classes":[]},{"id":4458,"url":"https:\/\/sindicatodosbancarios.org.br\/site2022\/2020\/09\/10\/informe-bancario-334-2020-inss-tem-nova-idade-minima-de-aposentadoria-em-2020-veja-como-fica\/","url_meta":{"origin":3010,"position":3},"title":"INFORME BANC\u00c1RIO \u2013 334\/2020 INSS tem nova idade m\u00ednima de aposentadoria em 2020; Veja como fica","date":"10 de setembro de 2020","format":false,"excerpt":"Saiba qual a idade m\u00ednima para se tornar um segurado do INSS em 2020 de acordo com cada regra de transi\u00e7\u00e3o. A\u00a0reforma da Previd\u00eancia\u00a0ainda gera muitas d\u00favidas relacionadas \u00e0 aposentadoria, sobretudo para quem est\u00e1 prestes a se tornar um segurado do Instituto Nacional do Seguro Social (INSS).\u00a0 Aprovada em novembro\u2026","rel":"","context":"Em &quot;Geral&quot;","img":{"alt_text":"","src":"https:\/\/i0.wp.com\/sindicatodosbancarios.org.br\/site2022\/wp-content\/uploads\/2020\/06\/n_42647_16228b5e1674c79bce66f686777a9b59.1.jpg?resize=350%2C200&ssl=1","width":350,"height":200},"classes":[]},{"id":5263,"url":"https:\/\/sindicatodosbancarios.org.br\/site2022\/2021\/03\/22\/informe-bancarios-86-2021-inss-trabalhador-nao-pode-mais-se-aposentar-por-tempo-de-contribuicao\/","url_meta":{"origin":3010,"position":4},"title":"INFORME BANC\u00c1RIOS \u2013 86\/2021 INSS: Trabalhador n\u00e3o pode mais se aposentar por tempo de contribui\u00e7\u00e3o","date":"22 de mar\u00e7o de 2021","format":false,"excerpt":"O INSS tem novas regras para o trabalhador se aposentar, como tamb\u00e9m um per\u00edodo de transi\u00e7\u00e3o e novas f\u00f3rmulas de c\u00e1lculo e de contribui\u00e7\u00e3o. As novas regras come\u00e7aram a valer depois da publica\u00e7\u00e3o da PEC 06\/2019 atual Emenda Constitucional 103. Aposentadoria por tempo de contribui\u00e7\u00e3o \u00c9 um benef\u00edcio previdenci\u00e1rio por\u2026","rel":"","context":"Em &quot;Geral&quot;","img":{"alt_text":"","src":"https:\/\/i0.wp.com\/sindicatodosbancarios.org.br\/site2022\/wp-content\/uploads\/2021\/03\/corte-de-trabalhador-para-medir-tubo-cpvc-no-canteiro-de-obras_73110-9797.jpg?resize=350%2C200&ssl=1","width":350,"height":200},"classes":[]},{"id":4825,"url":"https:\/\/sindicatodosbancarios.org.br\/site2022\/2020\/12\/02\/informe-bancario-446-2020-aposentadoria-mei-saiba-como-funciona-o-beneficio-para-empreendedores\/","url_meta":{"origin":3010,"position":5},"title":"INFORME BANC\u00c1RIO \u2013 446\/2020 Aposentadoria MEI: Saiba como funciona o benef\u00edcio para empreendedores","date":"2 de dezembro de 2020","format":false,"excerpt":"As novas regras estabelecidas pela Reforma da Previd\u00eancia completaram um ano e, desde ent\u00e3o, os trabalhadores tiveram que se adaptar aos diferentes crit\u00e9rios para alcan\u00e7ar a t\u00e3o esperada aposentadoria. Essas mudan\u00e7as v\u00e3o desde altera\u00e7\u00f5es na idade m\u00ednima e no tempo de contribui\u00e7\u00e3o, at\u00e9 a soma de pontos e ped\u00e1gios que\u2026","rel":"","context":"Em &quot;Geral&quot;","img":{"alt_text":"","src":"https:\/\/i0.wp.com\/sindicatodosbancarios.org.br\/site2022\/wp-content\/uploads\/2020\/12\/idoso.jpg?resize=350%2C200&ssl=1","width":350,"height":200},"classes":[]}],"_links":{"self":[{"href":"https:\/\/sindicatodosbancarios.org.br\/site2022\/wp-json\/wp\/v2\/posts\/3010"}],"collection":[{"href":"https:\/\/sindicatodosbancarios.org.br\/site2022\/wp-json\/wp\/v2\/posts"}],"about":[{"href":"https:\/\/sindicatodosbancarios.org.br\/site2022\/wp-json\/wp\/v2\/types\/post"}],"author":[{"embeddable":true,"href":"https:\/\/sindicatodosbancarios.org.br\/site2022\/wp-json\/wp\/v2\/users\/2"}],"replies":[{"embeddable":true,"href":"https:\/\/sindicatodosbancarios.org.br\/site2022\/wp-json\/wp\/v2\/comments?post=3010"}],"version-history":[{"count":1,"href":"https:\/\/sindicatodosbancarios.org.br\/site2022\/wp-json\/wp\/v2\/posts\/3010\/revisions"}],"predecessor-version":[{"id":3011,"href":"https:\/\/sindicatodosbancarios.org.br\/site2022\/wp-json\/wp\/v2\/posts\/3010\/revisions\/3011"}],"wp:featuredmedia":[{"embeddable":true,"href":"https:\/\/sindicatodosbancarios.org.br\/site2022\/wp-json\/wp\/v2\/media\/1650"}],"wp:attachment":[{"href":"https:\/\/sindicatodosbancarios.org.br\/site2022\/wp-json\/wp\/v2\/media?parent=3010"}],"wp:term":[{"taxonomy":"category","embeddable":true,"href":"https:\/\/sindicatodosbancarios.org.br\/site2022\/wp-json\/wp\/v2\/categories?post=3010"},{"taxonomy":"post_tag","embeddable":true,"href":"https:\/\/sindicatodosbancarios.org.br\/site2022\/wp-json\/wp\/v2\/tags?post=3010"}],"curies":[{"name":"wp","href":"https:\/\/api.w.org\/{rel}","templated":true}]}}