{"id":3013,"date":"2019-06-24T09:55:36","date_gmt":"2019-06-24T12:55:36","guid":{"rendered":"https:\/\/sindicatodosbancarios.org.br\/?p=3013"},"modified":"2019-06-24T09:55:36","modified_gmt":"2019-06-24T12:55:36","slug":"informe-bancario-028-2019-com-crise-renda-do-trabalhador-chegou-a-cair-ate-16-em-cinco-anos","status":"publish","type":"post","link":"https:\/\/sindicatodosbancarios.org.br\/site2022\/2019\/06\/24\/informe-bancario-028-2019-com-crise-renda-do-trabalhador-chegou-a-cair-ate-16-em-cinco-anos\/","title":{"rendered":"INFORME BANC\u00c1RIO &#8211; 028 \/ 2019 &#8211; COM CRISE, RENDA DO TRABALHADOR CHEGOU A CAIR AT\u00c9 16% EM CINCO ANOS"},"content":{"rendered":"<p>Os anos de crise, al\u00e9m de terem destru\u00eddo empregos e levado ao aumento da informalidade, tamb\u00e9m corroeram o rendimento dos trabalhadores da maioria dos segmentos. A depender da \u00e1rea de atua\u00e7\u00e3o, a perda real (j\u00e1 considerada a infla\u00e7\u00e3o) superou os 16% nos \u00faltimos cinco anos. De nove setores da iniciativa privada analisados pelo Instituto Brasileiro de Geografia e Estat\u00edstica (IBGE), cinco tiveram quedas significativas na renda que o trabalhador recebe habitualmente por m\u00eas.<\/p>\n<p>Entre o primeiro trimestre de 2014, antes da recess\u00e3o, e os tr\u00eas primeiros meses deste ano, os trabalhadores de alojamento e alimenta\u00e7\u00e3o (de hot\u00e9is, pousadas, restaurantes ou vendedores de alimentos), da constru\u00e7\u00e3o e do transporte foram os que tiveram as maiores perdas reais de rendimento, de 7,2% a 16,3%, segundo dados da Pesquisa Nacional por Amostra de Domic\u00edlios (Pnad) &#8211; Cont\u00ednua, do IBGE, selecionados para o jornal O Estado de S. Paulo pela consultoria LCA.<\/p>\n<p>Entre os trabalhadores da iniciativa privada, apenas os da agricultura tiveram aumento real expressivo do rendimento habitual, de 5,2% durante esse mesmo per\u00edodo. No grupo que inclui quem trabalha no setor p\u00fablico, houve um aumento real ainda maior, de 7,5%.<\/p>\n<p>A queda na renda das fam\u00edlias e o aumento da informalidade &#8211; sobretudo em atividades ligadas aos servi\u00e7os, como o transporte com aplicativos e a venda de alimentos &#8211; e o afundamento do setor de constru\u00e7\u00e3o civil ajudam a explicar o menor rendimento que esses trabalhadores t\u00eam recebido, avalia o economista Cosmo Donato, da LCA.<\/p>\n<p>Por um lado, as fam\u00edlias t\u00eam menos condi\u00e7\u00e3o de gastar com alimenta\u00e7\u00e3o fora de casa, transporte e lazer hoje do que gastavam em 2014, diz Donato. &#8220;Por outro lado, desempregados da ind\u00fastria e do com\u00e9rcio recorreram ao transporte e \u00e0 alimenta\u00e7\u00e3o para sobreviver, vendendo comida na rua ou se tornando motoristas de aplicativos, por exemplo. A informalidade puxou o rendimento para baixo.&#8221;<\/p>\n<p>O motorista particular e taxista Wallinson de Melo, de 34 anos, \u00e9 um dos trabalhadores que sentiram o impacto do aumento da informalidade em seu segmento. &#8220;At\u00e9 2014, a gente conseguia tirar facilmente at\u00e9 R$ 12 mil por m\u00eas. Foi quando realizei o sonho de comprar uma casa para a minha m\u00e3e, na Para\u00edba.\u00a0Hoje, com sorte, ganho R$ 6 mil. Com o desemprego, as pessoas trocaram o t\u00e1xi pelo \u00f4nibus e a concorr\u00eancia aumentou, muito engenheiro virou Uber. Aquele tempo n\u00e3o volta.&#8221;<\/p>\n<p><strong>O movimento cascata <\/strong><\/p>\n<p>Muitos que perderam o emprego ca\u00edram na informalidade ou conseguiram novas vagas com remunera\u00e7\u00e3o mais baixa; quem se manteve empregado, n\u00e3o conseguiu ser promovido, avalia o economista da Universidade de Bras\u00edlia (UnB) Jos\u00e9 Lu\u00eds Oreiro. &#8220;O gar\u00e7om de um restaurante com menos dinheiro no bolso gasta menos no mercadinho. O dono do mercadinho deixa de ir no restaurante. A queda no rendimento habitual gera um efeito negativo, em cascata, na economia.&#8221;<\/p>\n<p>&#8220;A crise ainda se reflete na renda dos trabalhadores. O empres\u00e1rio que tinha planos de expandir, desistiu. Muitos hot\u00e9is passaram a desativar momentaneamente alguns andares, em per\u00edodos de movimento mais fraco&#8221;, acrescenta Darly Abreu, diretor do Sinthoresp (sindicato que re\u00fane, entre outros, trabalhadores de hot\u00e9is, restaurantes, lanchonetes e bares).<\/p>\n<p>Ele lembra que, al\u00e9m da renda habitual, quem trabalha em restaurantes ganha menos gorjetas do que antes da crise. As informa\u00e7\u00f5es s\u00e3o do jornal O Estado de S. Paulo.<\/p>\n<p><span style=\"font-size: 8pt;\">fonte: Est\u00e3o conte\u00fado \/ Douglas Gravas \/ S\u00e3o Paulo &#8211; 23\/06\/2019 &#8211; UOL<\/span><\/p>\n","protected":false},"excerpt":{"rendered":"<p>Os anos de crise, al\u00e9m de terem destru\u00eddo empregos e levado ao aumento da informalidade, tamb\u00e9m corroeram o [&hellip;]<\/p>\n","protected":false},"author":2,"featured_media":1932,"comment_status":"open","ping_status":"open","sticky":false,"template":"","format":"standard","meta":{"jetpack_post_was_ever_published":false,"jetpack_publicize_message":"","jetpack_is_tweetstorm":false,"jetpack_publicize_feature_enabled":true,"jetpack_social_post_already_shared":true,"jetpack_social_options":[]},"categories":[1],"tags":[],"jetpack_publicize_connections":[],"acf":[],"yoast_head":"<!-- This site is optimized with the Yoast SEO plugin v19.14 - https:\/\/yoast.com\/wordpress\/plugins\/seo\/ -->\n<title>INFORME BANC\u00c1RIO - 028 \/ 2019 - COM CRISE, RENDA DO TRABALHADOR CHEGOU A CAIR AT\u00c9 16% EM CINCO ANOS - Sindicato dos Banc\u00e1rios de S\u00e3o Bento do Sul e Regi\u00e3o<\/title>\n<meta name=\"robots\" content=\"index, follow, max-snippet:-1, max-image-preview:large, max-video-preview:-1\" \/>\n<link rel=\"canonical\" href=\"https:\/\/sindicatodosbancarios.org.br\/site2022\/2019\/06\/24\/informe-bancario-028-2019-com-crise-renda-do-trabalhador-chegou-a-cair-ate-16-em-cinco-anos\/\" \/>\n<meta property=\"og:locale\" content=\"pt_BR\" \/>\n<meta property=\"og:type\" content=\"article\" \/>\n<meta property=\"og:title\" content=\"INFORME BANC\u00c1RIO - 028 \/ 2019 - COM CRISE, RENDA DO TRABALHADOR CHEGOU A CAIR AT\u00c9 16% EM CINCO ANOS - Sindicato dos Banc\u00e1rios de S\u00e3o Bento do Sul e Regi\u00e3o\" \/>\n<meta property=\"og:description\" content=\"Os anos de crise, al\u00e9m de terem destru\u00eddo empregos e levado ao aumento da informalidade, tamb\u00e9m corroeram o [&hellip;]\" \/>\n<meta property=\"og:url\" content=\"https:\/\/sindicatodosbancarios.org.br\/site2022\/2019\/06\/24\/informe-bancario-028-2019-com-crise-renda-do-trabalhador-chegou-a-cair-ate-16-em-cinco-anos\/\" \/>\n<meta property=\"og:site_name\" content=\"Sindicato dos Banc\u00e1rios de S\u00e3o Bento do Sul e Regi\u00e3o\" \/>\n<meta property=\"article:author\" content=\"https:\/\/www.facebook.com\/seeb.sbs.9\" \/>\n<meta property=\"article:published_time\" content=\"2019-06-24T12:55:36+00:00\" \/>\n<meta property=\"og:image\" content=\"https:\/\/sindicatodosbancarios.org.br\/site2022\/wp-content\/uploads\/2017\/11\/198.jpg\" \/>\n\t<meta property=\"og:image:width\" content=\"615\" \/>\n\t<meta property=\"og:image:height\" content=\"300\" \/>\n\t<meta property=\"og:image:type\" content=\"image\/jpeg\" \/>\n<meta name=\"author\" content=\"Sindicato dos Banc\u00e1rios S\u00e3o Bento do Sul e Regi\u00e3o\" \/>\n<meta name=\"twitter:card\" content=\"summary_large_image\" \/>\n<meta name=\"twitter:label1\" content=\"Escrito por\" \/>\n\t<meta name=\"twitter:data1\" content=\"Sindicato dos Banc\u00e1rios S\u00e3o Bento do Sul e Regi\u00e3o\" \/>\n\t<meta name=\"twitter:label2\" content=\"Est. tempo de leitura\" \/>\n\t<meta name=\"twitter:data2\" content=\"3 minutos\" \/>\n<script type=\"application\/ld+json\" class=\"yoast-schema-graph\">{\"@context\":\"https:\/\/schema.org\",\"@graph\":[{\"@type\":\"Article\",\"@id\":\"https:\/\/sindicatodosbancarios.org.br\/site2022\/2019\/06\/24\/informe-bancario-028-2019-com-crise-renda-do-trabalhador-chegou-a-cair-ate-16-em-cinco-anos\/#article\",\"isPartOf\":{\"@id\":\"https:\/\/sindicatodosbancarios.org.br\/site2022\/2019\/06\/24\/informe-bancario-028-2019-com-crise-renda-do-trabalhador-chegou-a-cair-ate-16-em-cinco-anos\/\"},\"author\":{\"name\":\"Sindicato dos Banc\u00e1rios S\u00e3o Bento do Sul e Regi\u00e3o\",\"@id\":\"https:\/\/sindicatodosbancarios.org.br\/site2022\/#\/schema\/person\/a7d92da77d1084df4d28b57962f1e1bd\"},\"headline\":\"INFORME BANC\u00c1RIO &#8211; 028 \/ 2019 &#8211; COM CRISE, RENDA DO TRABALHADOR CHEGOU A CAIR AT\u00c9 16% EM CINCO ANOS\",\"datePublished\":\"2019-06-24T12:55:36+00:00\",\"dateModified\":\"2019-06-24T12:55:36+00:00\",\"mainEntityOfPage\":{\"@id\":\"https:\/\/sindicatodosbancarios.org.br\/site2022\/2019\/06\/24\/informe-bancario-028-2019-com-crise-renda-do-trabalhador-chegou-a-cair-ate-16-em-cinco-anos\/\"},\"wordCount\":604,\"commentCount\":0,\"publisher\":{\"@id\":\"https:\/\/sindicatodosbancarios.org.br\/site2022\/#organization\"},\"articleSection\":[\"Geral\"],\"inLanguage\":\"pt-BR\",\"potentialAction\":[{\"@type\":\"CommentAction\",\"name\":\"Comment\",\"target\":[\"https:\/\/sindicatodosbancarios.org.br\/site2022\/2019\/06\/24\/informe-bancario-028-2019-com-crise-renda-do-trabalhador-chegou-a-cair-ate-16-em-cinco-anos\/#respond\"]}]},{\"@type\":\"WebPage\",\"@id\":\"https:\/\/sindicatodosbancarios.org.br\/site2022\/2019\/06\/24\/informe-bancario-028-2019-com-crise-renda-do-trabalhador-chegou-a-cair-ate-16-em-cinco-anos\/\",\"url\":\"https:\/\/sindicatodosbancarios.org.br\/site2022\/2019\/06\/24\/informe-bancario-028-2019-com-crise-renda-do-trabalhador-chegou-a-cair-ate-16-em-cinco-anos\/\",\"name\":\"INFORME BANC\u00c1RIO - 028 \/ 2019 - COM CRISE, RENDA DO TRABALHADOR CHEGOU A CAIR AT\u00c9 16% EM CINCO ANOS - Sindicato dos Banc\u00e1rios de S\u00e3o Bento do Sul e Regi\u00e3o\",\"isPartOf\":{\"@id\":\"https:\/\/sindicatodosbancarios.org.br\/site2022\/#website\"},\"datePublished\":\"2019-06-24T12:55:36+00:00\",\"dateModified\":\"2019-06-24T12:55:36+00:00\",\"breadcrumb\":{\"@id\":\"https:\/\/sindicatodosbancarios.org.br\/site2022\/2019\/06\/24\/informe-bancario-028-2019-com-crise-renda-do-trabalhador-chegou-a-cair-ate-16-em-cinco-anos\/#breadcrumb\"},\"inLanguage\":\"pt-BR\",\"potentialAction\":[{\"@type\":\"ReadAction\",\"target\":[\"https:\/\/sindicatodosbancarios.org.br\/site2022\/2019\/06\/24\/informe-bancario-028-2019-com-crise-renda-do-trabalhador-chegou-a-cair-ate-16-em-cinco-anos\/\"]}]},{\"@type\":\"BreadcrumbList\",\"@id\":\"https:\/\/sindicatodosbancarios.org.br\/site2022\/2019\/06\/24\/informe-bancario-028-2019-com-crise-renda-do-trabalhador-chegou-a-cair-ate-16-em-cinco-anos\/#breadcrumb\",\"itemListElement\":[{\"@type\":\"ListItem\",\"position\":1,\"name\":\"In\u00edcio\",\"item\":\"https:\/\/sindicatodosbancarios.org.br\/site2022\/\"},{\"@type\":\"ListItem\",\"position\":2,\"name\":\"INFORME BANC\u00c1RIO &#8211; 028 \/ 2019 &#8211; COM CRISE, RENDA DO TRABALHADOR CHEGOU A CAIR AT\u00c9 16% EM CINCO ANOS\"}]},{\"@type\":\"WebSite\",\"@id\":\"https:\/\/sindicatodosbancarios.org.br\/site2022\/#website\",\"url\":\"https:\/\/sindicatodosbancarios.org.br\/site2022\/\",\"name\":\"Sindicato dos Banc\u00e1rios de S\u00e3o Bento do Sul e Regi\u00e3o\",\"description\":\"Website institucional do Sindicato dos Banc\u00e1rios de S\u00e3o Bento do Sul e Regi\u00e3o\",\"publisher\":{\"@id\":\"https:\/\/sindicatodosbancarios.org.br\/site2022\/#organization\"},\"potentialAction\":[{\"@type\":\"SearchAction\",\"target\":{\"@type\":\"EntryPoint\",\"urlTemplate\":\"https:\/\/sindicatodosbancarios.org.br\/site2022\/?s={search_term_string}\"},\"query-input\":\"required name=search_term_string\"}],\"inLanguage\":\"pt-BR\"},{\"@type\":\"Organization\",\"@id\":\"https:\/\/sindicatodosbancarios.org.br\/site2022\/#organization\",\"name\":\"Sindicato dos Banc\u00e1rios de S\u00e3o Bento do Sul e Regi\u00e3o\",\"url\":\"https:\/\/sindicatodosbancarios.org.br\/site2022\/\",\"logo\":{\"@type\":\"ImageObject\",\"inLanguage\":\"pt-BR\",\"@id\":\"https:\/\/sindicatodosbancarios.org.br\/site2022\/#\/schema\/logo\/image\/\",\"url\":\"https:\/\/sindicatodosbancarios.org.br\/site2022\/wp-content\/uploads\/2017\/06\/cropped-logo-2.png\",\"contentUrl\":\"https:\/\/sindicatodosbancarios.org.br\/site2022\/wp-content\/uploads\/2017\/06\/cropped-logo-2.png\",\"width\":292,\"height\":292,\"caption\":\"Sindicato dos Banc\u00e1rios de S\u00e3o Bento do Sul e Regi\u00e3o\"},\"image\":{\"@id\":\"https:\/\/sindicatodosbancarios.org.br\/site2022\/#\/schema\/logo\/image\/\"}},{\"@type\":\"Person\",\"@id\":\"https:\/\/sindicatodosbancarios.org.br\/site2022\/#\/schema\/person\/a7d92da77d1084df4d28b57962f1e1bd\",\"name\":\"Sindicato dos Banc\u00e1rios S\u00e3o Bento do Sul e Regi\u00e3o\",\"image\":{\"@type\":\"ImageObject\",\"inLanguage\":\"pt-BR\",\"@id\":\"https:\/\/sindicatodosbancarios.org.br\/site2022\/#\/schema\/person\/image\/\",\"url\":\"https:\/\/secure.gravatar.com\/avatar\/f1d1a06f698f2345352e539387180d42?s=96&d=mm&r=g\",\"contentUrl\":\"https:\/\/secure.gravatar.com\/avatar\/f1d1a06f698f2345352e539387180d42?s=96&d=mm&r=g\",\"caption\":\"Sindicato dos Banc\u00e1rios S\u00e3o Bento do Sul e Regi\u00e3o\"},\"sameAs\":[\"http:\/\/sindicatodosbancarios.org.br\/site2022\/\",\"https:\/\/www.facebook.com\/seeb.sbs.9\"],\"url\":\"https:\/\/sindicatodosbancarios.org.br\/site2022\/author\/sindicatodosbancarios\/\"}]}<\/script>\n<!-- \/ Yoast SEO plugin. -->","yoast_head_json":{"title":"INFORME BANC\u00c1RIO - 028 \/ 2019 - COM CRISE, RENDA DO TRABALHADOR CHEGOU A CAIR AT\u00c9 16% EM CINCO ANOS - Sindicato dos Banc\u00e1rios de S\u00e3o Bento do Sul e Regi\u00e3o","robots":{"index":"index","follow":"follow","max-snippet":"max-snippet:-1","max-image-preview":"max-image-preview:large","max-video-preview":"max-video-preview:-1"},"canonical":"https:\/\/sindicatodosbancarios.org.br\/site2022\/2019\/06\/24\/informe-bancario-028-2019-com-crise-renda-do-trabalhador-chegou-a-cair-ate-16-em-cinco-anos\/","og_locale":"pt_BR","og_type":"article","og_title":"INFORME BANC\u00c1RIO - 028 \/ 2019 - COM CRISE, RENDA DO TRABALHADOR CHEGOU A CAIR AT\u00c9 16% EM CINCO ANOS - Sindicato dos Banc\u00e1rios de S\u00e3o Bento do Sul e Regi\u00e3o","og_description":"Os anos de crise, al\u00e9m de terem destru\u00eddo empregos e levado ao aumento da informalidade, tamb\u00e9m corroeram o [&hellip;]","og_url":"https:\/\/sindicatodosbancarios.org.br\/site2022\/2019\/06\/24\/informe-bancario-028-2019-com-crise-renda-do-trabalhador-chegou-a-cair-ate-16-em-cinco-anos\/","og_site_name":"Sindicato dos Banc\u00e1rios de S\u00e3o Bento do Sul e Regi\u00e3o","article_author":"https:\/\/www.facebook.com\/seeb.sbs.9","article_published_time":"2019-06-24T12:55:36+00:00","og_image":[{"width":615,"height":300,"url":"https:\/\/sindicatodosbancarios.org.br\/site2022\/wp-content\/uploads\/2017\/11\/198.jpg","type":"image\/jpeg"}],"author":"Sindicato dos Banc\u00e1rios S\u00e3o Bento do Sul e Regi\u00e3o","twitter_card":"summary_large_image","twitter_misc":{"Escrito por":"Sindicato dos Banc\u00e1rios S\u00e3o Bento do Sul e Regi\u00e3o","Est. tempo de leitura":"3 minutos"},"schema":{"@context":"https:\/\/schema.org","@graph":[{"@type":"Article","@id":"https:\/\/sindicatodosbancarios.org.br\/site2022\/2019\/06\/24\/informe-bancario-028-2019-com-crise-renda-do-trabalhador-chegou-a-cair-ate-16-em-cinco-anos\/#article","isPartOf":{"@id":"https:\/\/sindicatodosbancarios.org.br\/site2022\/2019\/06\/24\/informe-bancario-028-2019-com-crise-renda-do-trabalhador-chegou-a-cair-ate-16-em-cinco-anos\/"},"author":{"name":"Sindicato dos Banc\u00e1rios S\u00e3o Bento do Sul e Regi\u00e3o","@id":"https:\/\/sindicatodosbancarios.org.br\/site2022\/#\/schema\/person\/a7d92da77d1084df4d28b57962f1e1bd"},"headline":"INFORME BANC\u00c1RIO &#8211; 028 \/ 2019 &#8211; COM CRISE, RENDA DO TRABALHADOR CHEGOU A CAIR AT\u00c9 16% EM CINCO ANOS","datePublished":"2019-06-24T12:55:36+00:00","dateModified":"2019-06-24T12:55:36+00:00","mainEntityOfPage":{"@id":"https:\/\/sindicatodosbancarios.org.br\/site2022\/2019\/06\/24\/informe-bancario-028-2019-com-crise-renda-do-trabalhador-chegou-a-cair-ate-16-em-cinco-anos\/"},"wordCount":604,"commentCount":0,"publisher":{"@id":"https:\/\/sindicatodosbancarios.org.br\/site2022\/#organization"},"articleSection":["Geral"],"inLanguage":"pt-BR","potentialAction":[{"@type":"CommentAction","name":"Comment","target":["https:\/\/sindicatodosbancarios.org.br\/site2022\/2019\/06\/24\/informe-bancario-028-2019-com-crise-renda-do-trabalhador-chegou-a-cair-ate-16-em-cinco-anos\/#respond"]}]},{"@type":"WebPage","@id":"https:\/\/sindicatodosbancarios.org.br\/site2022\/2019\/06\/24\/informe-bancario-028-2019-com-crise-renda-do-trabalhador-chegou-a-cair-ate-16-em-cinco-anos\/","url":"https:\/\/sindicatodosbancarios.org.br\/site2022\/2019\/06\/24\/informe-bancario-028-2019-com-crise-renda-do-trabalhador-chegou-a-cair-ate-16-em-cinco-anos\/","name":"INFORME BANC\u00c1RIO - 028 \/ 2019 - COM CRISE, RENDA DO TRABALHADOR CHEGOU A CAIR AT\u00c9 16% EM CINCO ANOS - Sindicato dos Banc\u00e1rios de S\u00e3o Bento do Sul e Regi\u00e3o","isPartOf":{"@id":"https:\/\/sindicatodosbancarios.org.br\/site2022\/#website"},"datePublished":"2019-06-24T12:55:36+00:00","dateModified":"2019-06-24T12:55:36+00:00","breadcrumb":{"@id":"https:\/\/sindicatodosbancarios.org.br\/site2022\/2019\/06\/24\/informe-bancario-028-2019-com-crise-renda-do-trabalhador-chegou-a-cair-ate-16-em-cinco-anos\/#breadcrumb"},"inLanguage":"pt-BR","potentialAction":[{"@type":"ReadAction","target":["https:\/\/sindicatodosbancarios.org.br\/site2022\/2019\/06\/24\/informe-bancario-028-2019-com-crise-renda-do-trabalhador-chegou-a-cair-ate-16-em-cinco-anos\/"]}]},{"@type":"BreadcrumbList","@id":"https:\/\/sindicatodosbancarios.org.br\/site2022\/2019\/06\/24\/informe-bancario-028-2019-com-crise-renda-do-trabalhador-chegou-a-cair-ate-16-em-cinco-anos\/#breadcrumb","itemListElement":[{"@type":"ListItem","position":1,"name":"In\u00edcio","item":"https:\/\/sindicatodosbancarios.org.br\/site2022\/"},{"@type":"ListItem","position":2,"name":"INFORME BANC\u00c1RIO &#8211; 028 \/ 2019 &#8211; COM CRISE, RENDA DO TRABALHADOR CHEGOU A CAIR AT\u00c9 16% EM CINCO ANOS"}]},{"@type":"WebSite","@id":"https:\/\/sindicatodosbancarios.org.br\/site2022\/#website","url":"https:\/\/sindicatodosbancarios.org.br\/site2022\/","name":"Sindicato dos Banc\u00e1rios de S\u00e3o Bento do Sul e Regi\u00e3o","description":"Website institucional do Sindicato dos Banc\u00e1rios de S\u00e3o Bento do Sul e Regi\u00e3o","publisher":{"@id":"https:\/\/sindicatodosbancarios.org.br\/site2022\/#organization"},"potentialAction":[{"@type":"SearchAction","target":{"@type":"EntryPoint","urlTemplate":"https:\/\/sindicatodosbancarios.org.br\/site2022\/?s={search_term_string}"},"query-input":"required name=search_term_string"}],"inLanguage":"pt-BR"},{"@type":"Organization","@id":"https:\/\/sindicatodosbancarios.org.br\/site2022\/#organization","name":"Sindicato dos Banc\u00e1rios de S\u00e3o Bento do Sul e Regi\u00e3o","url":"https:\/\/sindicatodosbancarios.org.br\/site2022\/","logo":{"@type":"ImageObject","inLanguage":"pt-BR","@id":"https:\/\/sindicatodosbancarios.org.br\/site2022\/#\/schema\/logo\/image\/","url":"https:\/\/sindicatodosbancarios.org.br\/site2022\/wp-content\/uploads\/2017\/06\/cropped-logo-2.png","contentUrl":"https:\/\/sindicatodosbancarios.org.br\/site2022\/wp-content\/uploads\/2017\/06\/cropped-logo-2.png","width":292,"height":292,"caption":"Sindicato dos Banc\u00e1rios de S\u00e3o Bento do Sul e Regi\u00e3o"},"image":{"@id":"https:\/\/sindicatodosbancarios.org.br\/site2022\/#\/schema\/logo\/image\/"}},{"@type":"Person","@id":"https:\/\/sindicatodosbancarios.org.br\/site2022\/#\/schema\/person\/a7d92da77d1084df4d28b57962f1e1bd","name":"Sindicato dos Banc\u00e1rios S\u00e3o Bento do Sul e Regi\u00e3o","image":{"@type":"ImageObject","inLanguage":"pt-BR","@id":"https:\/\/sindicatodosbancarios.org.br\/site2022\/#\/schema\/person\/image\/","url":"https:\/\/secure.gravatar.com\/avatar\/f1d1a06f698f2345352e539387180d42?s=96&d=mm&r=g","contentUrl":"https:\/\/secure.gravatar.com\/avatar\/f1d1a06f698f2345352e539387180d42?s=96&d=mm&r=g","caption":"Sindicato dos Banc\u00e1rios S\u00e3o Bento do Sul e Regi\u00e3o"},"sameAs":["http:\/\/sindicatodosbancarios.org.br\/site2022\/","https:\/\/www.facebook.com\/seeb.sbs.9"],"url":"https:\/\/sindicatodosbancarios.org.br\/site2022\/author\/sindicatodosbancarios\/"}]}},"jetpack_featured_media_url":"https:\/\/sindicatodosbancarios.org.br\/site2022\/wp-content\/uploads\/2017\/11\/198.jpg","jetpack_sharing_enabled":true,"jetpack_shortlink":"https:\/\/wp.me\/p8RSbI-MB","jetpack-related-posts":[{"id":6293,"url":"https:\/\/sindicatodosbancarios.org.br\/site2022\/2022\/04\/19\/informe-bancario-47-2022-precos-bem-mais-altos-que-inflacao-deixarao-brasileiro-mais-pobre-por-anos\/","url_meta":{"origin":3013,"position":0},"title":"INFORME BANC\u00c1RIO \u2013 47\/2022 Pre\u00e7os bem mais altos que infla\u00e7\u00e3o deixar\u00e3o brasileiro mais pobre por anos","date":"19 de abril de 2022","format":false,"excerpt":"O brasileiro est\u00e1 saindo do per\u00edodo de dois anos de pandemia mais pobre, atingido pela infla\u00e7\u00e3o mais forte em duas d\u00e9cadas e pelos juros mais elevados desde 2017. A cesta b\u00e1sica hoje custa quase 50% mais que em 2020. Bens de consumo dur\u00e1veis subiram tanto que hoje o carro usado\u2026","rel":"","context":"Em &quot;Geral&quot;","img":{"alt_text":"","src":"https:\/\/i0.wp.com\/sindicatodosbancarios.org.br\/site2022\/wp-content\/uploads\/2022\/04\/b51rn3rcj5ku438g3n9y5owy8.jpg?resize=350%2C200&ssl=1","width":350,"height":200},"classes":[]},{"id":5352,"url":"https:\/\/sindicatodosbancarios.org.br\/site2022\/2021\/04\/29\/informe-bancarios-112-2021-trabalhadores-podem-receber-uma-bolada-com-a-correcao-do-fgts\/","url_meta":{"origin":3013,"position":1},"title":"INFORME BANC\u00c1RIOS \u2013 112\/2021 Trabalhadores podem receber uma bolada com a corre\u00e7\u00e3o do FGTS","date":"29 de abril de 2021","format":false,"excerpt":"O Fundo de Garantia do Tempo de Servi\u00e7o (FGTS) \u00e9 uma conta aberta em nome do trabalhador vinculada ao contrato de trabalho em que as empresas precisam depositar todos os meses 8% do sal\u00e1rio do colaborador nessa conta do fundo com o objetivo de proteger o trabalhador que venha a\u2026","rel":"","context":"Em &quot;Geral&quot;","img":{"alt_text":"","src":"https:\/\/i0.wp.com\/sindicatodosbancarios.org.br\/site2022\/wp-content\/uploads\/2021\/04\/DINHEIRO-2-1024x613.jpg?resize=350%2C200&ssl=1","width":350,"height":200},"classes":[]},{"id":4811,"url":"https:\/\/sindicatodosbancarios.org.br\/site2022\/2020\/11\/23\/informe-bancario-441-2020-13o-salario-governo-define-pagamento-para-quem-teve-jornada-reduzida-ou-contrato-suspenso\/","url_meta":{"origin":3013,"position":2},"title":"INFORME BANC\u00c1RIO \u2013 441\/2020 13\u00ba sal\u00e1rio: Governo define pagamento para quem teve jornada reduzida ou contrato suspenso","date":"23 de novembro de 2020","format":false,"excerpt":"Regra deve ser observada principalmente nos casos em que os trabalhadores estiverem trabalhando em jornada reduzida no m\u00eas de dezembro. Nesta \u00faltima ter\u00e7a-feira, 17, a Secretaria Especial de Previd\u00eancia e Trabalho afirmou que o valor do\u00a013\u00ba sal\u00e1rio\u00a0e das f\u00e9rias de trabalhadores que tiveram jornadas e sal\u00e1rios parcialmente reduzidos ter\u00e3o parcelas\u2026","rel":"","context":"Em &quot;Geral&quot;","img":{"alt_text":"","src":"https:\/\/i0.wp.com\/sindicatodosbancarios.org.br\/site2022\/wp-content\/uploads\/2020\/11\/clt-carteira-de-trabalho-coronavirus-emprego-1593194855519_v2_900x506.jpg?resize=350%2C200&ssl=1","width":350,"height":200},"classes":[]},{"id":5396,"url":"https:\/\/sindicatodosbancarios.org.br\/site2022\/2021\/05\/10\/informe-bancarios-124-2021-centrais-sindicais-pedem-audiencia-com-luiz-fux-para-tratar-da-correcao-monetaria-do-fgts\/","url_meta":{"origin":3013,"position":3},"title":"INFORME BANC\u00c1RIOS \u2013 124\/2021 Centrais sindicais pedem audi\u00eancia com Luiz Fux para tratar da corre\u00e7\u00e3o monet\u00e1ria do FGTS","date":"10 de maio de 2021","format":false,"excerpt":"As centrais sindicais se pronunciaram nesta sexta, 7, a respeito da retirada da ADI 5090 da pauta do STF. A vota\u00e7\u00e3o estava marcada para o pr\u00f3ximo dia 13, mas foi suspensa. A ADI 5090 que revisar\u00e1 a Taxa Referencial (TR) para corre\u00e7\u00e3o monet\u00e1ria do Fundo de Garantia do Tempo de\u2026","rel":"","context":"Em &quot;Geral&quot;","img":{"alt_text":"","src":"https:\/\/i0.wp.com\/sindicatodosbancarios.org.br\/site2022\/wp-content\/uploads\/2019\/12\/FGTS.jpg?resize=350%2C200&ssl=1","width":350,"height":200},"classes":[]},{"id":6268,"url":"https:\/\/sindicatodosbancarios.org.br\/site2022\/2022\/04\/08\/informe-bancario-40-2022-em-3-anos-quintuplica-indice-de-categorias-com-salario-comido-por-inflacao\/","url_meta":{"origin":3013,"position":4},"title":"INFORME BANC\u00c1RIO \u2013 40\/2022 Em 3 anos, quintuplica \u00edndice de categorias com sal\u00e1rio comido por infla\u00e7\u00e3o","date":"8 de abril de 2022","format":false,"excerpt":"Com a economia fraca, trabalhadores da iniciativa privada enfrentam dificuldades para reajustar sal\u00e1rios acima da infla\u00e7\u00e3o. Houve uma piora acentuada em tr\u00eas anos: em 2018, apenas 9% das categorias n\u00e3o haviam conseguido aumento al\u00e9m da infla\u00e7\u00e3o. Em 2021, o \u00edndice cresceu mais de cinco vezes, para 47%, segundo dados do\u2026","rel":"","context":"Em &quot;Geral&quot;","img":{"alt_text":"","src":"https:\/\/i0.wp.com\/sindicatodosbancarios.org.br\/site2022\/wp-content\/uploads\/2022\/04\/renda-fixa-taxa-selic-juros-inflacao-ipca-e1647373262265.jpg?resize=350%2C200&ssl=1","width":350,"height":200},"classes":[]},{"id":5240,"url":"https:\/\/sindicatodosbancarios.org.br\/site2022\/2021\/03\/08\/informe-bancarios-79-2021-aposentados-com-mais-65-anos-tem-direito-a-isencao-dupla-no-imposto-de-renda-entenda\/","url_meta":{"origin":3013,"position":5},"title":"INFORME BANC\u00c1RIOS \u2013 79\/2021 Aposentados com mais 65 anos t\u00eam direito \u00e0 isen\u00e7\u00e3o dupla no Imposto de Renda; Entenda","date":"8 de mar\u00e7o de 2021","format":false,"excerpt":"O que sobrar ap\u00f3s o abatimento do b\u00f4nus entra como rendimento tribut\u00e1vel como\u00a0alugu\u00e9is e trabalho aut\u00f4nomo. Os aposentados e pensionistas\u00a0com mais de 65 anos do Instituto Nacional do Seguro Social (INSS) e de entidades privadas t\u00eam um limite maior de isen\u00e7\u00e3o de\u00a0Imposto de Renda\u00a0descontado sobre o benef\u00edcio que recebem. Isso\u2026","rel":"","context":"Em &quot;Geral&quot;","img":{"alt_text":"","src":"https:\/\/i0.wp.com\/sindicatodosbancarios.org.br\/site2022\/wp-content\/uploads\/2021\/02\/ecv8by7wzopiiudr6exo2c0gh.jpg?resize=350%2C200&ssl=1","width":350,"height":200},"classes":[]}],"_links":{"self":[{"href":"https:\/\/sindicatodosbancarios.org.br\/site2022\/wp-json\/wp\/v2\/posts\/3013"}],"collection":[{"href":"https:\/\/sindicatodosbancarios.org.br\/site2022\/wp-json\/wp\/v2\/posts"}],"about":[{"href":"https:\/\/sindicatodosbancarios.org.br\/site2022\/wp-json\/wp\/v2\/types\/post"}],"author":[{"embeddable":true,"href":"https:\/\/sindicatodosbancarios.org.br\/site2022\/wp-json\/wp\/v2\/users\/2"}],"replies":[{"embeddable":true,"href":"https:\/\/sindicatodosbancarios.org.br\/site2022\/wp-json\/wp\/v2\/comments?post=3013"}],"version-history":[{"count":1,"href":"https:\/\/sindicatodosbancarios.org.br\/site2022\/wp-json\/wp\/v2\/posts\/3013\/revisions"}],"predecessor-version":[{"id":3014,"href":"https:\/\/sindicatodosbancarios.org.br\/site2022\/wp-json\/wp\/v2\/posts\/3013\/revisions\/3014"}],"wp:featuredmedia":[{"embeddable":true,"href":"https:\/\/sindicatodosbancarios.org.br\/site2022\/wp-json\/wp\/v2\/media\/1932"}],"wp:attachment":[{"href":"https:\/\/sindicatodosbancarios.org.br\/site2022\/wp-json\/wp\/v2\/media?parent=3013"}],"wp:term":[{"taxonomy":"category","embeddable":true,"href":"https:\/\/sindicatodosbancarios.org.br\/site2022\/wp-json\/wp\/v2\/categories?post=3013"},{"taxonomy":"post_tag","embeddable":true,"href":"https:\/\/sindicatodosbancarios.org.br\/site2022\/wp-json\/wp\/v2\/tags?post=3013"}],"curies":[{"name":"wp","href":"https:\/\/api.w.org\/{rel}","templated":true}]}}