{"id":3015,"date":"2019-06-24T10:21:11","date_gmt":"2019-06-24T13:21:11","guid":{"rendered":"https:\/\/sindicatodosbancarios.org.br\/?p=3015"},"modified":"2019-06-24T10:21:11","modified_gmt":"2019-06-24T13:21:11","slug":"informe-bancario-029-2019-mulher-deve-contribuir-5-anos-a-menos-para-se-aposentar","status":"publish","type":"post","link":"https:\/\/sindicatodosbancarios.org.br\/site2022\/2019\/06\/24\/informe-bancario-029-2019-mulher-deve-contribuir-5-anos-a-menos-para-se-aposentar\/","title":{"rendered":"INFORME BANC\u00c1RIO &#8211; 029 \/ 2019 &#8211; MULHER DEVE CONTRIBUIR 5 ANOS A MENOS PARA SE APOSENTAR"},"content":{"rendered":"<p>REFORMA DA PREVID\u00caNCIA<\/p>\n<p>O texto do relator da reforma da Previd\u00eancia, Samuel Moreira (PSDB-SP), diminuiu em cinco anos o tempo de contribui\u00e7\u00e3o para que as mulheres consigam se aposentar, em compara\u00e7\u00e3o com a proposta original, enviada pelo governo ao Congresso em fevereiro.<\/p>\n<p>Pela proposta do relator, elas precisar\u00e3o de 15 anos de contribui\u00e7\u00e3o, e n\u00e3o 20. Essa redu\u00e7\u00e3o faz sentido? Veja a opini\u00e3o de especialistas.<\/p>\n<p><strong>O que pode mudar? <\/strong><\/p>\n<p>Atualmente, a maioria das mulheres pode se aposentar de duas formas: se contribuir por 30 anos, sem idade m\u00ednima, ou se completar 60 anos de idade, mas precisando contribuir por 15 anos.<\/p>\n<p>Homens precisam ter 35 anos de contribui\u00e7\u00e3o, sem idade m\u00ednima, ou 65 anos de idade e os mesmos 15 anos de contribui\u00e7\u00e3o das mulheres.<\/p>\n<p>Com a reforma, as mulheres precisar\u00e3o de 62 anos de idade e os homens, 65 anos, al\u00e9m de um tempo m\u00ednimo de contribui\u00e7\u00e3o.<\/p>\n<p>O governo queria estabelecer o m\u00ednimo de 20 anos, para ambos os sexos. O relator, por\u00e9m, diminuiu esse tempo para 15 anos para as mulheres. No caso dos homens, continuam 20 anos.<\/p>\n<p>M<strong>ais dificuldade para alcan\u00e7ar o m\u00ednimo <\/strong><\/p>\n<p>Para justificar a mudan\u00e7a em rela\u00e7\u00e3o ao projeto do governo, o relator afirmou em seu parecer que atualmente as mulheres se aposentam, em m\u00e9dia, com 18 anos de contribui\u00e7\u00e3o, enquanto os homens, com 21 anos.<\/p>\n<p>&#8220;N\u00e3o vislumbramos como impor \u00e0s mulheres um tempo de contribui\u00e7\u00e3o que exceda o tempo m\u00e9dio que conseguem somar&#8221;, afirma o deputado em seu texto.<\/p>\n<p>Grande parte das mulheres n\u00e3o trabalha com carteira assinada por muito tempo, n\u00e3o conseguindo contribuir pelo tempo necess\u00e1rio. Al\u00e9m das desigualdades do mercado de trabalho, muitas acabam deixando o emprego ou fazendo bicos para cuidar dos filhos e da casa.<\/p>\n<p>&#8220;\u00c9 not\u00f3rio que o afastamento do mercado de trabalho para cuidado dos filhos ou de algum familiar em situa\u00e7\u00e3o de depend\u00eancia ou com defici\u00eancia prejudica as mulheres e, portanto, justifica-se este tratamento diferenciado em rela\u00e7\u00e3o ao tempo de contribui\u00e7\u00e3o total que precisa atingir.&#8221; Samuel Moreira<\/p>\n<p><strong>44% n\u00e3o se aposentariam, diz pesquisadora <\/strong><\/p>\n<p>Joana Mostafa, pesquisadora do Ipea (Instituto de Pesquisa Econ\u00f4mica Aplicada), \u00e9 contr\u00e1ria ao m\u00ednimo de 20 anos para as mulheres. Ela chamou esse limite de perigoso, ao participar de audi\u00eancia p\u00fablica sobre o tema na C\u00e2mara no final de maio, antes da apresenta\u00e7\u00e3o do texto do relator.<\/p>\n<p>Com base em dados de 2014, ela afirmou que 44% das mulheres que se aposentaram naquele ano n\u00e3o alcan\u00e7aram os 20 anos. Assim, n\u00e3o teriam conseguido se aposentar se as regras fossem mais r\u00edgidas. No caso dos homens, esse percentual cai para 18,5%.<\/p>\n<p>Joana disse que as mais prejudicadas acabam sendo as mais pobres, que t\u00eam menos tempo de estudo e, consequentemente, conseguem trabalhos mais prec\u00e1rios, com sal\u00e1rios menores e muitas vezes sem carteira assinada, n\u00e3o contando para o tempo de aposentadoria.<\/p>\n<p><strong>N\u00e3o s\u00e3o prejudicadas s\u00f3 as mulheres pobres <\/strong><\/p>\n<p>Denise Lobato Gentil, professora do Instituto de Economia da UFRJ (Universidade Federal do Rio de Janeiro), afirmou, por\u00e9m, que n\u00e3o s\u00e3o apenas as mulheres mais pobres que enfrentariam dificuldade para se aposentar, por causa da alta taxa de desemprego entre as mais escolarizadas.<\/p>\n<p>&#8220;N\u00e3o s\u00e3o s\u00f3 as mulheres pobres as prejudicadas por essa PEC [Proposta de Emenda \u00e0 Constitui\u00e7\u00e3o]. As da classe m\u00e9dia tamb\u00e9m. As mulheres com maior escolaridade s\u00e3o aquelas que mais enfrentam taxas de desemprego elevadas&#8221;, disse.<\/p>\n<p>Citando dados do IBGE sobre desemprego no primeiro trimestre deste ano, ela afirmou que mais de 60% das mulheres desempregadas t\u00eam pelo menos o ensino m\u00e9dio completo.<\/p>\n<p>&#8220;Essas mulheres n\u00e3o conseguir\u00e3o contribuir regularmente. N\u00e3o conseguir\u00e3o contribuir at\u00e9 acessar os 20 anos de tempo de contribui\u00e7\u00e3o. <strong>Denise Lobato Gentil<\/strong><\/p>\n<p><strong>Aposentadoria mais cedo \u00e9 &#8220;privil\u00e9gio&#8221;, diz especialista<\/strong><\/p>\n<p>Na audi\u00eancia p\u00fablica sobre o tema, Solange Paiva Vieira, presidente da Susep (Superintend\u00eancia de Seguros Privados), disse que n\u00e3o v\u00ea necessidade de que a mulher se aposente mais cedo.<\/p>\n<p>Ela considera essa possibilidade um &#8220;privil\u00e9gio&#8221;. Entre outros motivos, porque mulheres vivem mais do que os homens. Ela considera &#8220;ineg\u00e1vel a discrimina\u00e7\u00e3o de mulheres no mercado de trabalho&#8221;, mas disse que essas desigualdades, como sal\u00e1rios mais baixos, n\u00e3o devem ser compensadas por regras mais brandas de aposentadoria, e sim com condi\u00e7\u00f5es de trabalho equivalentes.<\/p>\n<p>&#8220;N\u00f3s queremos ser beneficiadas na Previd\u00eancia ou n\u00f3s queremos lutar por direitos iguais no mercado de trabalho? Para mim, as duas coisas s\u00e3o bem diferentes. <strong>Solange Paiva Vieira<\/strong><\/p>\n<p>Essa tamb\u00e9m \u00e9 a vis\u00e3o de Z\u00e9lia Luiza Pierdon\u00e1, professora da Faculdade de Direito da Universidade Mackenzie. Vamos promover igualdade com outros instrumentos; n\u00e3o com um instrumento t\u00e3o caro quanto a Previd\u00eancia Social.\u00a0<strong> Z\u00e9lia Luiza Pierdon\u00e1<\/strong><\/p>\n<p><strong>Dupla jornada <\/strong><\/p>\n<p>A presidente da Susep tamb\u00e9m considera que o fato de que as mulheres s\u00e3o muito mais respons\u00e1veis pelos trabalhos dom\u00e9sticos do que os homens, a chamada dupla jornada, n\u00e3o \u00e9 justificativa para a aposentadoria mais cedo.<\/p>\n<p>&#8220;\u00c0s vezes me parece um pouco que os homens defendem uma idade mais jovem de aposentadoria para as mulheres, porque temos uma estrutura patriarcal nas nossas fam\u00edlias, e os homens n\u00e3o ajudam em casa&#8221;, afirmou.<\/p>\n<p>&#8220;O fato de n\u00f3s termos uma jornada maior, para mim, n\u00e3o \u00e9 motivo para a Previd\u00eancia me aposentar mais cedo, mesmo porque eu quero ficar no mercado de trabalho, mas \u00e9 motivo para mudarmos a nossa estrutura familiar em casa&#8221;, disse Vieira.<\/p>\n<p>Joana Mostafa afirmou que, apesar de atualmente as mulheres poderem se aposentar cinco anos antes como forma de compensar, inclusive, a dupla jornada, na pr\u00e1tica isso n\u00e3o acontece.<\/p>\n<p>&#8220;Os homens se aposentam [em m\u00e9dia] com 59,2 anos e as mulheres, com 58,3. N\u00e3o temos nem um ano de diferen\u00e7a de vantagem, ou seja, nunca nos foi efetivamente dado o reconhecimento do trabalho dom\u00e9stico n\u00e3o remunerado, ainda que, em tese, tenha sido dado.\u00a0 <strong>Joana Mostafa<\/strong><\/p>\n<p><strong>Rombo da Previd\u00eancia <\/strong><\/p>\n<p>Solange Vieira tamb\u00e9m defende que a Previd\u00eancia &#8220;est\u00e1 chegando a um n\u00edvel de gastos insustent\u00e1vel&#8221;, colocando em risco a capacidade de financiamento de outros benef\u00edcios sociais que permitem que as mulheres trabalhem e contribuam para sua aposentadoria, por isso a necessidade da reforma.<\/p>\n<p>&#8220;Precisamos, sim, de um Estado forte, de um Estado com recursos financeiros, que possa dar creche para os nossos filhos, que possa ter escolas em tempo integral e que possa permitir que a gente v\u00e1 trabalhar com tranquilidade&#8221;, afirmou.<\/p>\n<p>Sem essa estrutura do governo, as mulheres n\u00e3o conseguir\u00e3o se aposentar, seja com 20 anos ou 15 anos de contribui\u00e7\u00e3o, afirmou Solange.<\/p>\n<p>&#8220;Se as mulheres come\u00e7arem a ter que se ausentar do mercado de trabalho, principalmente as mulheres pobres, porque n\u00e3o h\u00e1 escolas e creches para deixarem os seus filhos, n\u00e3o ser\u00e1 o tempo de contribui\u00e7\u00e3o de 15 anos que vai fazer com que elas tenham aposentadoria. <strong>Solange Paiva Vieira<\/strong><\/p>\n<p>fonte: Ricardo Marchesan &#8211; Do UOL, em S\u00e3o Paulo &#8211; 21\/06\/2019<\/p>\n","protected":false},"excerpt":{"rendered":"<p>REFORMA DA PREVID\u00caNCIA O texto do relator da reforma da Previd\u00eancia, Samuel Moreira (PSDB-SP), diminuiu em cinco anos [&hellip;]<\/p>\n","protected":false},"author":2,"featured_media":1650,"comment_status":"open","ping_status":"open","sticky":false,"template":"","format":"standard","meta":{"jetpack_post_was_ever_published":false,"jetpack_publicize_message":"","jetpack_is_tweetstorm":false,"jetpack_publicize_feature_enabled":true,"jetpack_social_post_already_shared":true,"jetpack_social_options":[]},"categories":[1],"tags":[],"jetpack_publicize_connections":[],"acf":[],"yoast_head":"<!-- This site is optimized with the Yoast SEO plugin v19.14 - https:\/\/yoast.com\/wordpress\/plugins\/seo\/ -->\n<title>INFORME BANC\u00c1RIO - 029 \/ 2019 - MULHER DEVE CONTRIBUIR 5 ANOS A MENOS PARA SE APOSENTAR - Sindicato dos Banc\u00e1rios de S\u00e3o Bento do Sul e Regi\u00e3o<\/title>\n<meta name=\"robots\" content=\"index, follow, max-snippet:-1, max-image-preview:large, max-video-preview:-1\" \/>\n<link rel=\"canonical\" href=\"https:\/\/sindicatodosbancarios.org.br\/site2022\/2019\/06\/24\/informe-bancario-029-2019-mulher-deve-contribuir-5-anos-a-menos-para-se-aposentar\/\" \/>\n<meta property=\"og:locale\" content=\"pt_BR\" \/>\n<meta property=\"og:type\" content=\"article\" \/>\n<meta property=\"og:title\" content=\"INFORME BANC\u00c1RIO - 029 \/ 2019 - MULHER DEVE CONTRIBUIR 5 ANOS A MENOS PARA SE APOSENTAR - Sindicato dos Banc\u00e1rios de S\u00e3o Bento do Sul e Regi\u00e3o\" \/>\n<meta property=\"og:description\" content=\"REFORMA DA PREVID\u00caNCIA O texto do relator da reforma da Previd\u00eancia, Samuel Moreira (PSDB-SP), diminuiu em cinco anos [&hellip;]\" \/>\n<meta property=\"og:url\" content=\"https:\/\/sindicatodosbancarios.org.br\/site2022\/2019\/06\/24\/informe-bancario-029-2019-mulher-deve-contribuir-5-anos-a-menos-para-se-aposentar\/\" \/>\n<meta property=\"og:site_name\" content=\"Sindicato dos Banc\u00e1rios de S\u00e3o Bento do Sul e Regi\u00e3o\" \/>\n<meta property=\"article:author\" content=\"https:\/\/www.facebook.com\/seeb.sbs.9\" \/>\n<meta property=\"article:published_time\" content=\"2019-06-24T13:21:11+00:00\" \/>\n<meta property=\"og:image\" content=\"https:\/\/sindicatodosbancarios.org.br\/site2022\/wp-content\/uploads\/2017\/08\/45.jpg\" \/>\n\t<meta property=\"og:image:width\" content=\"1280\" \/>\n\t<meta property=\"og:image:height\" content=\"859\" \/>\n\t<meta property=\"og:image:type\" content=\"image\/jpeg\" \/>\n<meta name=\"author\" content=\"Sindicato dos Banc\u00e1rios S\u00e3o Bento do Sul e Regi\u00e3o\" \/>\n<meta name=\"twitter:card\" content=\"summary_large_image\" \/>\n<meta name=\"twitter:label1\" content=\"Escrito por\" \/>\n\t<meta name=\"twitter:data1\" content=\"Sindicato dos Banc\u00e1rios S\u00e3o Bento do Sul e Regi\u00e3o\" \/>\n\t<meta name=\"twitter:label2\" content=\"Est. tempo de leitura\" \/>\n\t<meta name=\"twitter:data2\" content=\"6 minutos\" \/>\n<script type=\"application\/ld+json\" class=\"yoast-schema-graph\">{\"@context\":\"https:\/\/schema.org\",\"@graph\":[{\"@type\":\"Article\",\"@id\":\"https:\/\/sindicatodosbancarios.org.br\/site2022\/2019\/06\/24\/informe-bancario-029-2019-mulher-deve-contribuir-5-anos-a-menos-para-se-aposentar\/#article\",\"isPartOf\":{\"@id\":\"https:\/\/sindicatodosbancarios.org.br\/site2022\/2019\/06\/24\/informe-bancario-029-2019-mulher-deve-contribuir-5-anos-a-menos-para-se-aposentar\/\"},\"author\":{\"name\":\"Sindicato dos Banc\u00e1rios S\u00e3o Bento do Sul e Regi\u00e3o\",\"@id\":\"https:\/\/sindicatodosbancarios.org.br\/site2022\/#\/schema\/person\/a7d92da77d1084df4d28b57962f1e1bd\"},\"headline\":\"INFORME BANC\u00c1RIO &#8211; 029 \/ 2019 &#8211; MULHER DEVE CONTRIBUIR 5 ANOS A MENOS PARA SE APOSENTAR\",\"datePublished\":\"2019-06-24T13:21:11+00:00\",\"dateModified\":\"2019-06-24T13:21:11+00:00\",\"mainEntityOfPage\":{\"@id\":\"https:\/\/sindicatodosbancarios.org.br\/site2022\/2019\/06\/24\/informe-bancario-029-2019-mulher-deve-contribuir-5-anos-a-menos-para-se-aposentar\/\"},\"wordCount\":1210,\"commentCount\":0,\"publisher\":{\"@id\":\"https:\/\/sindicatodosbancarios.org.br\/site2022\/#organization\"},\"articleSection\":[\"Geral\"],\"inLanguage\":\"pt-BR\",\"potentialAction\":[{\"@type\":\"CommentAction\",\"name\":\"Comment\",\"target\":[\"https:\/\/sindicatodosbancarios.org.br\/site2022\/2019\/06\/24\/informe-bancario-029-2019-mulher-deve-contribuir-5-anos-a-menos-para-se-aposentar\/#respond\"]}]},{\"@type\":\"WebPage\",\"@id\":\"https:\/\/sindicatodosbancarios.org.br\/site2022\/2019\/06\/24\/informe-bancario-029-2019-mulher-deve-contribuir-5-anos-a-menos-para-se-aposentar\/\",\"url\":\"https:\/\/sindicatodosbancarios.org.br\/site2022\/2019\/06\/24\/informe-bancario-029-2019-mulher-deve-contribuir-5-anos-a-menos-para-se-aposentar\/\",\"name\":\"INFORME BANC\u00c1RIO - 029 \/ 2019 - MULHER DEVE CONTRIBUIR 5 ANOS A MENOS PARA SE APOSENTAR - Sindicato dos Banc\u00e1rios de S\u00e3o Bento do Sul e Regi\u00e3o\",\"isPartOf\":{\"@id\":\"https:\/\/sindicatodosbancarios.org.br\/site2022\/#website\"},\"datePublished\":\"2019-06-24T13:21:11+00:00\",\"dateModified\":\"2019-06-24T13:21:11+00:00\",\"breadcrumb\":{\"@id\":\"https:\/\/sindicatodosbancarios.org.br\/site2022\/2019\/06\/24\/informe-bancario-029-2019-mulher-deve-contribuir-5-anos-a-menos-para-se-aposentar\/#breadcrumb\"},\"inLanguage\":\"pt-BR\",\"potentialAction\":[{\"@type\":\"ReadAction\",\"target\":[\"https:\/\/sindicatodosbancarios.org.br\/site2022\/2019\/06\/24\/informe-bancario-029-2019-mulher-deve-contribuir-5-anos-a-menos-para-se-aposentar\/\"]}]},{\"@type\":\"BreadcrumbList\",\"@id\":\"https:\/\/sindicatodosbancarios.org.br\/site2022\/2019\/06\/24\/informe-bancario-029-2019-mulher-deve-contribuir-5-anos-a-menos-para-se-aposentar\/#breadcrumb\",\"itemListElement\":[{\"@type\":\"ListItem\",\"position\":1,\"name\":\"In\u00edcio\",\"item\":\"https:\/\/sindicatodosbancarios.org.br\/site2022\/\"},{\"@type\":\"ListItem\",\"position\":2,\"name\":\"INFORME BANC\u00c1RIO &#8211; 029 \/ 2019 &#8211; MULHER DEVE CONTRIBUIR 5 ANOS A MENOS PARA SE APOSENTAR\"}]},{\"@type\":\"WebSite\",\"@id\":\"https:\/\/sindicatodosbancarios.org.br\/site2022\/#website\",\"url\":\"https:\/\/sindicatodosbancarios.org.br\/site2022\/\",\"name\":\"Sindicato dos Banc\u00e1rios de S\u00e3o Bento do Sul e Regi\u00e3o\",\"description\":\"Website institucional do Sindicato dos Banc\u00e1rios de S\u00e3o Bento do Sul e Regi\u00e3o\",\"publisher\":{\"@id\":\"https:\/\/sindicatodosbancarios.org.br\/site2022\/#organization\"},\"potentialAction\":[{\"@type\":\"SearchAction\",\"target\":{\"@type\":\"EntryPoint\",\"urlTemplate\":\"https:\/\/sindicatodosbancarios.org.br\/site2022\/?s={search_term_string}\"},\"query-input\":\"required name=search_term_string\"}],\"inLanguage\":\"pt-BR\"},{\"@type\":\"Organization\",\"@id\":\"https:\/\/sindicatodosbancarios.org.br\/site2022\/#organization\",\"name\":\"Sindicato dos Banc\u00e1rios de S\u00e3o Bento do Sul e Regi\u00e3o\",\"url\":\"https:\/\/sindicatodosbancarios.org.br\/site2022\/\",\"logo\":{\"@type\":\"ImageObject\",\"inLanguage\":\"pt-BR\",\"@id\":\"https:\/\/sindicatodosbancarios.org.br\/site2022\/#\/schema\/logo\/image\/\",\"url\":\"https:\/\/sindicatodosbancarios.org.br\/site2022\/wp-content\/uploads\/2017\/06\/cropped-logo-2.png\",\"contentUrl\":\"https:\/\/sindicatodosbancarios.org.br\/site2022\/wp-content\/uploads\/2017\/06\/cropped-logo-2.png\",\"width\":292,\"height\":292,\"caption\":\"Sindicato dos Banc\u00e1rios de S\u00e3o Bento do Sul e Regi\u00e3o\"},\"image\":{\"@id\":\"https:\/\/sindicatodosbancarios.org.br\/site2022\/#\/schema\/logo\/image\/\"}},{\"@type\":\"Person\",\"@id\":\"https:\/\/sindicatodosbancarios.org.br\/site2022\/#\/schema\/person\/a7d92da77d1084df4d28b57962f1e1bd\",\"name\":\"Sindicato dos Banc\u00e1rios S\u00e3o Bento do Sul e Regi\u00e3o\",\"image\":{\"@type\":\"ImageObject\",\"inLanguage\":\"pt-BR\",\"@id\":\"https:\/\/sindicatodosbancarios.org.br\/site2022\/#\/schema\/person\/image\/\",\"url\":\"https:\/\/secure.gravatar.com\/avatar\/f1d1a06f698f2345352e539387180d42?s=96&d=mm&r=g\",\"contentUrl\":\"https:\/\/secure.gravatar.com\/avatar\/f1d1a06f698f2345352e539387180d42?s=96&d=mm&r=g\",\"caption\":\"Sindicato dos Banc\u00e1rios S\u00e3o Bento do Sul e Regi\u00e3o\"},\"sameAs\":[\"http:\/\/sindicatodosbancarios.org.br\/site2022\/\",\"https:\/\/www.facebook.com\/seeb.sbs.9\"],\"url\":\"https:\/\/sindicatodosbancarios.org.br\/site2022\/author\/sindicatodosbancarios\/\"}]}<\/script>\n<!-- \/ Yoast SEO plugin. -->","yoast_head_json":{"title":"INFORME BANC\u00c1RIO - 029 \/ 2019 - MULHER DEVE CONTRIBUIR 5 ANOS A MENOS PARA SE APOSENTAR - Sindicato dos Banc\u00e1rios de S\u00e3o Bento do Sul e Regi\u00e3o","robots":{"index":"index","follow":"follow","max-snippet":"max-snippet:-1","max-image-preview":"max-image-preview:large","max-video-preview":"max-video-preview:-1"},"canonical":"https:\/\/sindicatodosbancarios.org.br\/site2022\/2019\/06\/24\/informe-bancario-029-2019-mulher-deve-contribuir-5-anos-a-menos-para-se-aposentar\/","og_locale":"pt_BR","og_type":"article","og_title":"INFORME BANC\u00c1RIO - 029 \/ 2019 - MULHER DEVE CONTRIBUIR 5 ANOS A MENOS PARA SE APOSENTAR - Sindicato dos Banc\u00e1rios de S\u00e3o Bento do Sul e Regi\u00e3o","og_description":"REFORMA DA PREVID\u00caNCIA O texto do relator da reforma da Previd\u00eancia, Samuel Moreira (PSDB-SP), diminuiu em cinco anos [&hellip;]","og_url":"https:\/\/sindicatodosbancarios.org.br\/site2022\/2019\/06\/24\/informe-bancario-029-2019-mulher-deve-contribuir-5-anos-a-menos-para-se-aposentar\/","og_site_name":"Sindicato dos Banc\u00e1rios de S\u00e3o Bento do Sul e Regi\u00e3o","article_author":"https:\/\/www.facebook.com\/seeb.sbs.9","article_published_time":"2019-06-24T13:21:11+00:00","og_image":[{"width":1280,"height":859,"url":"https:\/\/sindicatodosbancarios.org.br\/site2022\/wp-content\/uploads\/2017\/08\/45.jpg","type":"image\/jpeg"}],"author":"Sindicato dos Banc\u00e1rios S\u00e3o Bento do Sul e Regi\u00e3o","twitter_card":"summary_large_image","twitter_misc":{"Escrito por":"Sindicato dos Banc\u00e1rios S\u00e3o Bento do Sul e Regi\u00e3o","Est. tempo de leitura":"6 minutos"},"schema":{"@context":"https:\/\/schema.org","@graph":[{"@type":"Article","@id":"https:\/\/sindicatodosbancarios.org.br\/site2022\/2019\/06\/24\/informe-bancario-029-2019-mulher-deve-contribuir-5-anos-a-menos-para-se-aposentar\/#article","isPartOf":{"@id":"https:\/\/sindicatodosbancarios.org.br\/site2022\/2019\/06\/24\/informe-bancario-029-2019-mulher-deve-contribuir-5-anos-a-menos-para-se-aposentar\/"},"author":{"name":"Sindicato dos Banc\u00e1rios S\u00e3o Bento do Sul e Regi\u00e3o","@id":"https:\/\/sindicatodosbancarios.org.br\/site2022\/#\/schema\/person\/a7d92da77d1084df4d28b57962f1e1bd"},"headline":"INFORME BANC\u00c1RIO &#8211; 029 \/ 2019 &#8211; MULHER DEVE CONTRIBUIR 5 ANOS A MENOS PARA SE APOSENTAR","datePublished":"2019-06-24T13:21:11+00:00","dateModified":"2019-06-24T13:21:11+00:00","mainEntityOfPage":{"@id":"https:\/\/sindicatodosbancarios.org.br\/site2022\/2019\/06\/24\/informe-bancario-029-2019-mulher-deve-contribuir-5-anos-a-menos-para-se-aposentar\/"},"wordCount":1210,"commentCount":0,"publisher":{"@id":"https:\/\/sindicatodosbancarios.org.br\/site2022\/#organization"},"articleSection":["Geral"],"inLanguage":"pt-BR","potentialAction":[{"@type":"CommentAction","name":"Comment","target":["https:\/\/sindicatodosbancarios.org.br\/site2022\/2019\/06\/24\/informe-bancario-029-2019-mulher-deve-contribuir-5-anos-a-menos-para-se-aposentar\/#respond"]}]},{"@type":"WebPage","@id":"https:\/\/sindicatodosbancarios.org.br\/site2022\/2019\/06\/24\/informe-bancario-029-2019-mulher-deve-contribuir-5-anos-a-menos-para-se-aposentar\/","url":"https:\/\/sindicatodosbancarios.org.br\/site2022\/2019\/06\/24\/informe-bancario-029-2019-mulher-deve-contribuir-5-anos-a-menos-para-se-aposentar\/","name":"INFORME BANC\u00c1RIO - 029 \/ 2019 - MULHER DEVE CONTRIBUIR 5 ANOS A MENOS PARA SE APOSENTAR - Sindicato dos Banc\u00e1rios de S\u00e3o Bento do Sul e Regi\u00e3o","isPartOf":{"@id":"https:\/\/sindicatodosbancarios.org.br\/site2022\/#website"},"datePublished":"2019-06-24T13:21:11+00:00","dateModified":"2019-06-24T13:21:11+00:00","breadcrumb":{"@id":"https:\/\/sindicatodosbancarios.org.br\/site2022\/2019\/06\/24\/informe-bancario-029-2019-mulher-deve-contribuir-5-anos-a-menos-para-se-aposentar\/#breadcrumb"},"inLanguage":"pt-BR","potentialAction":[{"@type":"ReadAction","target":["https:\/\/sindicatodosbancarios.org.br\/site2022\/2019\/06\/24\/informe-bancario-029-2019-mulher-deve-contribuir-5-anos-a-menos-para-se-aposentar\/"]}]},{"@type":"BreadcrumbList","@id":"https:\/\/sindicatodosbancarios.org.br\/site2022\/2019\/06\/24\/informe-bancario-029-2019-mulher-deve-contribuir-5-anos-a-menos-para-se-aposentar\/#breadcrumb","itemListElement":[{"@type":"ListItem","position":1,"name":"In\u00edcio","item":"https:\/\/sindicatodosbancarios.org.br\/site2022\/"},{"@type":"ListItem","position":2,"name":"INFORME BANC\u00c1RIO &#8211; 029 \/ 2019 &#8211; MULHER DEVE CONTRIBUIR 5 ANOS A MENOS PARA SE APOSENTAR"}]},{"@type":"WebSite","@id":"https:\/\/sindicatodosbancarios.org.br\/site2022\/#website","url":"https:\/\/sindicatodosbancarios.org.br\/site2022\/","name":"Sindicato dos Banc\u00e1rios de S\u00e3o Bento do Sul e Regi\u00e3o","description":"Website institucional do Sindicato dos Banc\u00e1rios de S\u00e3o Bento do Sul e Regi\u00e3o","publisher":{"@id":"https:\/\/sindicatodosbancarios.org.br\/site2022\/#organization"},"potentialAction":[{"@type":"SearchAction","target":{"@type":"EntryPoint","urlTemplate":"https:\/\/sindicatodosbancarios.org.br\/site2022\/?s={search_term_string}"},"query-input":"required name=search_term_string"}],"inLanguage":"pt-BR"},{"@type":"Organization","@id":"https:\/\/sindicatodosbancarios.org.br\/site2022\/#organization","name":"Sindicato dos Banc\u00e1rios de S\u00e3o Bento do Sul e Regi\u00e3o","url":"https:\/\/sindicatodosbancarios.org.br\/site2022\/","logo":{"@type":"ImageObject","inLanguage":"pt-BR","@id":"https:\/\/sindicatodosbancarios.org.br\/site2022\/#\/schema\/logo\/image\/","url":"https:\/\/sindicatodosbancarios.org.br\/site2022\/wp-content\/uploads\/2017\/06\/cropped-logo-2.png","contentUrl":"https:\/\/sindicatodosbancarios.org.br\/site2022\/wp-content\/uploads\/2017\/06\/cropped-logo-2.png","width":292,"height":292,"caption":"Sindicato dos Banc\u00e1rios de S\u00e3o Bento do Sul e Regi\u00e3o"},"image":{"@id":"https:\/\/sindicatodosbancarios.org.br\/site2022\/#\/schema\/logo\/image\/"}},{"@type":"Person","@id":"https:\/\/sindicatodosbancarios.org.br\/site2022\/#\/schema\/person\/a7d92da77d1084df4d28b57962f1e1bd","name":"Sindicato dos Banc\u00e1rios S\u00e3o Bento do Sul e Regi\u00e3o","image":{"@type":"ImageObject","inLanguage":"pt-BR","@id":"https:\/\/sindicatodosbancarios.org.br\/site2022\/#\/schema\/person\/image\/","url":"https:\/\/secure.gravatar.com\/avatar\/f1d1a06f698f2345352e539387180d42?s=96&d=mm&r=g","contentUrl":"https:\/\/secure.gravatar.com\/avatar\/f1d1a06f698f2345352e539387180d42?s=96&d=mm&r=g","caption":"Sindicato dos Banc\u00e1rios S\u00e3o Bento do Sul e Regi\u00e3o"},"sameAs":["http:\/\/sindicatodosbancarios.org.br\/site2022\/","https:\/\/www.facebook.com\/seeb.sbs.9"],"url":"https:\/\/sindicatodosbancarios.org.br\/site2022\/author\/sindicatodosbancarios\/"}]}},"jetpack_featured_media_url":"https:\/\/sindicatodosbancarios.org.br\/site2022\/wp-content\/uploads\/2017\/08\/45.jpg","jetpack_sharing_enabled":true,"jetpack_shortlink":"https:\/\/wp.me\/p8RSbI-MD","jetpack-related-posts":[{"id":5478,"url":"https:\/\/sindicatodosbancarios.org.br\/site2022\/2021\/06\/18\/informe-bancario-150-2021-as-novas-regras-para-se-aposentar-pela-idade-minima\/","url_meta":{"origin":3015,"position":0},"title":"INFORME BANC\u00c1RIO \u2013 150\/2021 As novas regras para se aposentar pela idade m\u00ednima","date":"18 de junho de 2021","format":false,"excerpt":"As novas regras para se aposentar mudaram depois da Reforma da Previd\u00eancia, que entrou em vigor em novembro de 2019. A Reforma vem confundindo muita gente no que diz respeito as regras de aposentadoria por idade m\u00ednima e por pontos. O que mudou com a Reforma? A mudan\u00e7a aconteceu na\u2026","rel":"","context":"Em &quot;Geral&quot;","img":{"alt_text":"","src":"https:\/\/i0.wp.com\/sindicatodosbancarios.org.br\/site2022\/wp-content\/uploads\/2021\/01\/inss-1200x900.jpg?resize=350%2C200&ssl=1","width":350,"height":200},"classes":[]},{"id":4458,"url":"https:\/\/sindicatodosbancarios.org.br\/site2022\/2020\/09\/10\/informe-bancario-334-2020-inss-tem-nova-idade-minima-de-aposentadoria-em-2020-veja-como-fica\/","url_meta":{"origin":3015,"position":1},"title":"INFORME BANC\u00c1RIO \u2013 334\/2020 INSS tem nova idade m\u00ednima de aposentadoria em 2020; Veja como fica","date":"10 de setembro de 2020","format":false,"excerpt":"Saiba qual a idade m\u00ednima para se tornar um segurado do INSS em 2020 de acordo com cada regra de transi\u00e7\u00e3o. A\u00a0reforma da Previd\u00eancia\u00a0ainda gera muitas d\u00favidas relacionadas \u00e0 aposentadoria, sobretudo para quem est\u00e1 prestes a se tornar um segurado do Instituto Nacional do Seguro Social (INSS).\u00a0 Aprovada em novembro\u2026","rel":"","context":"Em &quot;Geral&quot;","img":{"alt_text":"","src":"https:\/\/i0.wp.com\/sindicatodosbancarios.org.br\/site2022\/wp-content\/uploads\/2020\/06\/n_42647_16228b5e1674c79bce66f686777a9b59.1.jpg?resize=350%2C200&ssl=1","width":350,"height":200},"classes":[]},{"id":5140,"url":"https:\/\/sindicatodosbancarios.org.br\/site2022\/2021\/02\/08\/informe-bancarios-51-2021-atencao-trabalhadora-conheca-as-mudancas-na-aposentadoria-das-mulheres\/","url_meta":{"origin":3015,"position":2},"title":"INFORME BANC\u00c1RIOS \u2013 51\/2021 Aten\u00e7\u00e3o, trabalhadora: Conhe\u00e7a as mudan\u00e7as na aposentadoria das mulheres","date":"8 de fevereiro de 2021","format":false,"excerpt":"Saiba o que mudou para as mulheres com a reforma da previd\u00eancia e descubra os crit\u00e9rios e exig\u00eancias para se aposentar em 2021 As regras para\u00a0aposentadoria\u00a0no Brasil passaram por mudan\u00e7as e muitas das altera\u00e7\u00f5es dizem respeito \u00e0s trabalhadoras do pa\u00eds. Se voc\u00ea \u00e9 mulher e quer entender o que mudou\u2026","rel":"","context":"Em &quot;Geral&quot;","img":{"alt_text":"","src":"https:\/\/i0.wp.com\/sindicatodosbancarios.org.br\/site2022\/wp-content\/uploads\/2021\/01\/previdencia-1200x630.jpg?resize=350%2C200&ssl=1","width":350,"height":200},"classes":[]},{"id":4517,"url":"https:\/\/sindicatodosbancarios.org.br\/site2022\/2020\/09\/18\/informe-bancario-356-2020-idade-minima-de-aposentadoria-do-inss-para-2020-e-confirmada-confira\/","url_meta":{"origin":3015,"position":3},"title":"INFORME BANC\u00c1RIO \u2013 356\/2020 Idade m\u00ednima de aposentadoria do INSS para 2020 \u00e9 confirmada; Confira!","date":"18 de setembro de 2020","format":false,"excerpt":"No geral, transi\u00e7\u00f5es requerem mais seis meses de contribui\u00e7\u00e3o para quem est\u00e1 pr\u00f3ximo de se aposentar. As novas regras de transi\u00e7\u00e3o da aposentadoria pelo\u00a0Instituto Nacional do Seguro Social (INSS) entraram em vigor no dia 1\u00ba de janeiro deste ano. Desde ent\u00e3o, os c\u00e1lculos envolvendo as concess\u00f5es seguem crit\u00e9rios mais r\u00edgidos\u2026","rel":"","context":"Em &quot;Geral&quot;","img":{"alt_text":"","src":"https:\/\/i0.wp.com\/sindicatodosbancarios.org.br\/site2022\/wp-content\/uploads\/2020\/06\/img201405271557565747683MED.jpg?resize=350%2C200&ssl=1","width":350,"height":200},"classes":[]},{"id":4757,"url":"https:\/\/sindicatodosbancarios.org.br\/site2022\/2020\/11\/09\/informe-bancario-428-2020-inss-confirmada-nova-idade-minima-de-aposentadoria-em-2020\/","url_meta":{"origin":3015,"position":4},"title":"INFORME BANC\u00c1RIO \u2013 428\/2020 INSS: Confirmada nova idade m\u00ednima de aposentadoria em 2020","date":"9 de novembro de 2020","format":false,"excerpt":"Cidad\u00e3o que estava prestes a se tornar um segurado consegue se aposentar sem cumprir o novo requisito, desde que se enquadre em uma das regras de transi\u00e7\u00e3o. Assim que passou a vigorar em novembro de 2019, a Reforma da Previd\u00eancia estabeleceu novas regras no tempo de contribui\u00e7\u00e3o, al\u00e9m de uma\u2026","rel":"","context":"Em &quot;Geral&quot;","img":{"alt_text":"","src":"https:\/\/i0.wp.com\/sindicatodosbancarios.org.br\/site2022\/wp-content\/uploads\/2020\/11\/carteira-de-trabalho-desemprego-960x540-e1565355192788-727x375.jpg?resize=350%2C200&ssl=1","width":350,"height":200},"classes":[]},{"id":5263,"url":"https:\/\/sindicatodosbancarios.org.br\/site2022\/2021\/03\/22\/informe-bancarios-86-2021-inss-trabalhador-nao-pode-mais-se-aposentar-por-tempo-de-contribuicao\/","url_meta":{"origin":3015,"position":5},"title":"INFORME BANC\u00c1RIOS \u2013 86\/2021 INSS: Trabalhador n\u00e3o pode mais se aposentar por tempo de contribui\u00e7\u00e3o","date":"22 de mar\u00e7o de 2021","format":false,"excerpt":"O INSS tem novas regras para o trabalhador se aposentar, como tamb\u00e9m um per\u00edodo de transi\u00e7\u00e3o e novas f\u00f3rmulas de c\u00e1lculo e de contribui\u00e7\u00e3o. As novas regras come\u00e7aram a valer depois da publica\u00e7\u00e3o da PEC 06\/2019 atual Emenda Constitucional 103. Aposentadoria por tempo de contribui\u00e7\u00e3o \u00c9 um benef\u00edcio previdenci\u00e1rio por\u2026","rel":"","context":"Em &quot;Geral&quot;","img":{"alt_text":"","src":"https:\/\/i0.wp.com\/sindicatodosbancarios.org.br\/site2022\/wp-content\/uploads\/2021\/03\/corte-de-trabalhador-para-medir-tubo-cpvc-no-canteiro-de-obras_73110-9797.jpg?resize=350%2C200&ssl=1","width":350,"height":200},"classes":[]}],"_links":{"self":[{"href":"https:\/\/sindicatodosbancarios.org.br\/site2022\/wp-json\/wp\/v2\/posts\/3015"}],"collection":[{"href":"https:\/\/sindicatodosbancarios.org.br\/site2022\/wp-json\/wp\/v2\/posts"}],"about":[{"href":"https:\/\/sindicatodosbancarios.org.br\/site2022\/wp-json\/wp\/v2\/types\/post"}],"author":[{"embeddable":true,"href":"https:\/\/sindicatodosbancarios.org.br\/site2022\/wp-json\/wp\/v2\/users\/2"}],"replies":[{"embeddable":true,"href":"https:\/\/sindicatodosbancarios.org.br\/site2022\/wp-json\/wp\/v2\/comments?post=3015"}],"version-history":[{"count":1,"href":"https:\/\/sindicatodosbancarios.org.br\/site2022\/wp-json\/wp\/v2\/posts\/3015\/revisions"}],"predecessor-version":[{"id":3016,"href":"https:\/\/sindicatodosbancarios.org.br\/site2022\/wp-json\/wp\/v2\/posts\/3015\/revisions\/3016"}],"wp:featuredmedia":[{"embeddable":true,"href":"https:\/\/sindicatodosbancarios.org.br\/site2022\/wp-json\/wp\/v2\/media\/1650"}],"wp:attachment":[{"href":"https:\/\/sindicatodosbancarios.org.br\/site2022\/wp-json\/wp\/v2\/media?parent=3015"}],"wp:term":[{"taxonomy":"category","embeddable":true,"href":"https:\/\/sindicatodosbancarios.org.br\/site2022\/wp-json\/wp\/v2\/categories?post=3015"},{"taxonomy":"post_tag","embeddable":true,"href":"https:\/\/sindicatodosbancarios.org.br\/site2022\/wp-json\/wp\/v2\/tags?post=3015"}],"curies":[{"name":"wp","href":"https:\/\/api.w.org\/{rel}","templated":true}]}}