{"id":3019,"date":"2019-06-24T10:43:01","date_gmt":"2019-06-24T13:43:01","guid":{"rendered":"https:\/\/sindicatodosbancarios.org.br\/?p=3019"},"modified":"2019-06-24T10:43:01","modified_gmt":"2019-06-24T13:43:01","slug":"informe-bancario-031-2019-oit-aprova-convencao-historica-contra-violencia-e-assedio-no-trabalho","status":"publish","type":"post","link":"https:\/\/sindicatodosbancarios.org.br\/site2022\/2019\/06\/24\/informe-bancario-031-2019-oit-aprova-convencao-historica-contra-violencia-e-assedio-no-trabalho\/","title":{"rendered":"INFORME BANC\u00c1RIO &#8211; 031 \/ 2019 &#8211; OIT APROVA CONVEN\u00c7\u00c3O HIST\u00d3RICA CONTRA VIOL\u00caNCIA E ASS\u00c9DIO NO TRABALHO"},"content":{"rendered":"<p>Genebra, 21 jun (EFE).- Governos, patronais e sindicatos chegaram a um acordo hist\u00f3rico nesta sexta-feira (21) ao adotar a primeira Conven\u00e7\u00e3o para a Elimina\u00e7\u00e3o da Viol\u00eancia e do Ass\u00e9dio no Mundo do Trabalho na sess\u00e3o de encerramento da confer\u00eancia anual da Organiza\u00e7\u00e3o Internacional do Trabalho (OIT).<\/p>\n<p>Este novo instrumento jur\u00eddico internacional cobre todas as categorias de trabalhadores, independentemente de seu status contratual, inclusive pessoas em forma\u00e7\u00e3o &#8211;como aprendizes e estagi\u00e1rios&#8211;, assim como aqueles cujos contratos de trabalho terminaram, volunt\u00e1rios e pessoas que procuram emprego.<\/p>\n<p>Na outra ponta, compreende a todos os que tenham a autoridade, cumprem os deveres e as responsabilidades de um empregador.<\/p>\n<p>&#8220;Este \u00e9 um dia hist\u00f3rico. No seu centen\u00e1rio, a OIT n\u00e3o podia trazer um melhor presente que uma conven\u00e7\u00e3o que aborda um dos problemas mais perniciosos do trabalho e que n\u00e3o deixa ningu\u00e9m de fora&#8221;, disse a canadense Marie Clarke Walker, que representou os trabalhadores no comit\u00ea que redigiu o texto.<\/p>\n<p>Ao expor o resultado desses trabalhos diante do plen\u00e1rio da OIT, Walker declarou que a conven\u00e7\u00e3o estabelece &#8220;padr\u00f5es m\u00ednimos que d\u00e3o a milh\u00f5es de trabalhadores a esperan\u00e7a de que trabalhar sem serem v\u00edtimas de viol\u00eancia \u00e9 poss\u00edvel&#8221;.<\/p>\n<p><strong>Negocia\u00e7\u00e3o para escrever norma levou 4 anos <\/strong><\/p>\n<p>Uma das maiores dificuldades encontradas durante os quatro anos de negocia\u00e7\u00e3o desta conven\u00e7\u00e3o foi definir o \u00e2mbito geogr\u00e1fico e as formas de ass\u00e9dio, com os sindicatos propondo um enfoque mais amplo que os empregadores, que temiam assumir responsabilidades que estariam al\u00e9m da sua capacidade de a\u00e7\u00e3o.<\/p>\n<p>Finalmente foi decidido que a conven\u00e7\u00e3o se aplica tanto no local de trabalho, como em ambientes relacionados ou derivados deste, incluindo os espa\u00e7os onde os empregados recebem sua remunera\u00e7\u00e3o, onde fazem intervalo e comem, assim como em banheiros e vesti\u00e1rios.<\/p>\n<p>Al\u00e9m disso, est\u00e3o compreendidas viagens, capacita\u00e7\u00f5es, eventos sociais relacionados ao trabalho, locais de hospedagem disponibilizados pelo empregador e o trajeto de ida e volta ao trabalho.<\/p>\n<p>A conven\u00e7\u00e3o reconhece tamb\u00e9m que a viol\u00eancia e o ass\u00e9dio podem ocorrer atrav\u00e9s de comunica\u00e7\u00f5es vinculadas ao trabalho, incluindo as de car\u00e1ter virtual.<\/p>\n<p>A negociadora das patronais, a australiana Alana Matheson, reconheceu diante dos delegados que a viol\u00eancia e o ass\u00e9dio s\u00e3o &#8220;uma epidemia que deve terminar&#8221; e considerou que esta conven\u00e7\u00e3o &#8220;pode mudar significativamente esta realidade&#8221;.<\/p>\n<p>A conven\u00e7\u00e3o, que entrar\u00e1 em vigor 12 meses depois que dois Estados a tenham ratificado, est\u00e1 complementada por uma &#8220;recomenda\u00e7\u00e3o&#8221;, um texto que detalha ainda mais o alcance, mas que n\u00e3o tem o peso jur\u00eddico da primeira porque n\u00e3o ser\u00e1 de cumprimento obrigat\u00f3rio.<\/p>\n<p><span style=\"font-size: 8pt;\">fonte: UOL \/ E F E &#8211; 21\/06\/2019<\/span><\/p>\n","protected":false},"excerpt":{"rendered":"<p>Genebra, 21 jun (EFE).- Governos, patronais e sindicatos chegaram a um acordo hist\u00f3rico nesta sexta-feira (21) ao adotar [&hellip;]<\/p>\n","protected":false},"author":2,"featured_media":3020,"comment_status":"open","ping_status":"open","sticky":false,"template":"","format":"standard","meta":{"jetpack_post_was_ever_published":false,"jetpack_publicize_message":"","jetpack_is_tweetstorm":false,"jetpack_publicize_feature_enabled":true,"jetpack_social_post_already_shared":true,"jetpack_social_options":[]},"categories":[1],"tags":[],"jetpack_publicize_connections":[],"acf":[],"yoast_head":"<!-- This site is optimized with the Yoast SEO plugin v19.14 - https:\/\/yoast.com\/wordpress\/plugins\/seo\/ -->\n<title>INFORME BANC\u00c1RIO - 031 \/ 2019 - OIT APROVA CONVEN\u00c7\u00c3O HIST\u00d3RICA CONTRA VIOL\u00caNCIA E ASS\u00c9DIO NO TRABALHO - Sindicato dos Banc\u00e1rios de S\u00e3o Bento do Sul e Regi\u00e3o<\/title>\n<meta name=\"robots\" content=\"index, follow, max-snippet:-1, max-image-preview:large, max-video-preview:-1\" \/>\n<link rel=\"canonical\" href=\"https:\/\/sindicatodosbancarios.org.br\/site2022\/2019\/06\/24\/informe-bancario-031-2019-oit-aprova-convencao-historica-contra-violencia-e-assedio-no-trabalho\/\" \/>\n<meta property=\"og:locale\" content=\"pt_BR\" \/>\n<meta property=\"og:type\" content=\"article\" \/>\n<meta property=\"og:title\" content=\"INFORME BANC\u00c1RIO - 031 \/ 2019 - OIT APROVA CONVEN\u00c7\u00c3O HIST\u00d3RICA CONTRA VIOL\u00caNCIA E ASS\u00c9DIO NO TRABALHO - Sindicato dos Banc\u00e1rios de S\u00e3o Bento do Sul e Regi\u00e3o\" \/>\n<meta property=\"og:description\" content=\"Genebra, 21 jun (EFE).- Governos, patronais e sindicatos chegaram a um acordo hist\u00f3rico nesta sexta-feira (21) ao adotar [&hellip;]\" \/>\n<meta property=\"og:url\" content=\"https:\/\/sindicatodosbancarios.org.br\/site2022\/2019\/06\/24\/informe-bancario-031-2019-oit-aprova-convencao-historica-contra-violencia-e-assedio-no-trabalho\/\" \/>\n<meta property=\"og:site_name\" content=\"Sindicato dos Banc\u00e1rios de S\u00e3o Bento do Sul e Regi\u00e3o\" \/>\n<meta property=\"article:author\" content=\"https:\/\/www.facebook.com\/seeb.sbs.9\" \/>\n<meta property=\"article:published_time\" content=\"2019-06-24T13:43:01+00:00\" \/>\n<meta property=\"og:image\" content=\"https:\/\/sindicatodosbancarios.org.br\/site2022\/wp-content\/uploads\/2019\/06\/download.jpg\" \/>\n\t<meta property=\"og:image:width\" content=\"262\" \/>\n\t<meta property=\"og:image:height\" content=\"193\" \/>\n\t<meta property=\"og:image:type\" content=\"image\/jpeg\" \/>\n<meta name=\"author\" content=\"Sindicato dos Banc\u00e1rios S\u00e3o Bento do Sul e Regi\u00e3o\" \/>\n<meta name=\"twitter:card\" content=\"summary_large_image\" \/>\n<meta name=\"twitter:label1\" content=\"Escrito por\" \/>\n\t<meta name=\"twitter:data1\" content=\"Sindicato dos Banc\u00e1rios S\u00e3o Bento do Sul e Regi\u00e3o\" \/>\n\t<meta name=\"twitter:label2\" content=\"Est. tempo de leitura\" \/>\n\t<meta name=\"twitter:data2\" content=\"2 minutos\" \/>\n<script type=\"application\/ld+json\" class=\"yoast-schema-graph\">{\"@context\":\"https:\/\/schema.org\",\"@graph\":[{\"@type\":\"Article\",\"@id\":\"https:\/\/sindicatodosbancarios.org.br\/site2022\/2019\/06\/24\/informe-bancario-031-2019-oit-aprova-convencao-historica-contra-violencia-e-assedio-no-trabalho\/#article\",\"isPartOf\":{\"@id\":\"https:\/\/sindicatodosbancarios.org.br\/site2022\/2019\/06\/24\/informe-bancario-031-2019-oit-aprova-convencao-historica-contra-violencia-e-assedio-no-trabalho\/\"},\"author\":{\"name\":\"Sindicato dos Banc\u00e1rios S\u00e3o Bento do Sul e Regi\u00e3o\",\"@id\":\"https:\/\/sindicatodosbancarios.org.br\/site2022\/#\/schema\/person\/a7d92da77d1084df4d28b57962f1e1bd\"},\"headline\":\"INFORME BANC\u00c1RIO &#8211; 031 \/ 2019 &#8211; OIT APROVA CONVEN\u00c7\u00c3O HIST\u00d3RICA CONTRA VIOL\u00caNCIA E ASS\u00c9DIO NO TRABALHO\",\"datePublished\":\"2019-06-24T13:43:01+00:00\",\"dateModified\":\"2019-06-24T13:43:01+00:00\",\"mainEntityOfPage\":{\"@id\":\"https:\/\/sindicatodosbancarios.org.br\/site2022\/2019\/06\/24\/informe-bancario-031-2019-oit-aprova-convencao-historica-contra-violencia-e-assedio-no-trabalho\/\"},\"wordCount\":490,\"commentCount\":0,\"publisher\":{\"@id\":\"https:\/\/sindicatodosbancarios.org.br\/site2022\/#organization\"},\"articleSection\":[\"Geral\"],\"inLanguage\":\"pt-BR\",\"potentialAction\":[{\"@type\":\"CommentAction\",\"name\":\"Comment\",\"target\":[\"https:\/\/sindicatodosbancarios.org.br\/site2022\/2019\/06\/24\/informe-bancario-031-2019-oit-aprova-convencao-historica-contra-violencia-e-assedio-no-trabalho\/#respond\"]}]},{\"@type\":\"WebPage\",\"@id\":\"https:\/\/sindicatodosbancarios.org.br\/site2022\/2019\/06\/24\/informe-bancario-031-2019-oit-aprova-convencao-historica-contra-violencia-e-assedio-no-trabalho\/\",\"url\":\"https:\/\/sindicatodosbancarios.org.br\/site2022\/2019\/06\/24\/informe-bancario-031-2019-oit-aprova-convencao-historica-contra-violencia-e-assedio-no-trabalho\/\",\"name\":\"INFORME BANC\u00c1RIO - 031 \/ 2019 - OIT APROVA CONVEN\u00c7\u00c3O HIST\u00d3RICA CONTRA VIOL\u00caNCIA E ASS\u00c9DIO NO TRABALHO - Sindicato dos Banc\u00e1rios de S\u00e3o Bento do Sul e Regi\u00e3o\",\"isPartOf\":{\"@id\":\"https:\/\/sindicatodosbancarios.org.br\/site2022\/#website\"},\"datePublished\":\"2019-06-24T13:43:01+00:00\",\"dateModified\":\"2019-06-24T13:43:01+00:00\",\"breadcrumb\":{\"@id\":\"https:\/\/sindicatodosbancarios.org.br\/site2022\/2019\/06\/24\/informe-bancario-031-2019-oit-aprova-convencao-historica-contra-violencia-e-assedio-no-trabalho\/#breadcrumb\"},\"inLanguage\":\"pt-BR\",\"potentialAction\":[{\"@type\":\"ReadAction\",\"target\":[\"https:\/\/sindicatodosbancarios.org.br\/site2022\/2019\/06\/24\/informe-bancario-031-2019-oit-aprova-convencao-historica-contra-violencia-e-assedio-no-trabalho\/\"]}]},{\"@type\":\"BreadcrumbList\",\"@id\":\"https:\/\/sindicatodosbancarios.org.br\/site2022\/2019\/06\/24\/informe-bancario-031-2019-oit-aprova-convencao-historica-contra-violencia-e-assedio-no-trabalho\/#breadcrumb\",\"itemListElement\":[{\"@type\":\"ListItem\",\"position\":1,\"name\":\"In\u00edcio\",\"item\":\"https:\/\/sindicatodosbancarios.org.br\/site2022\/\"},{\"@type\":\"ListItem\",\"position\":2,\"name\":\"INFORME BANC\u00c1RIO &#8211; 031 \/ 2019 &#8211; OIT APROVA CONVEN\u00c7\u00c3O HIST\u00d3RICA CONTRA VIOL\u00caNCIA E ASS\u00c9DIO NO TRABALHO\"}]},{\"@type\":\"WebSite\",\"@id\":\"https:\/\/sindicatodosbancarios.org.br\/site2022\/#website\",\"url\":\"https:\/\/sindicatodosbancarios.org.br\/site2022\/\",\"name\":\"Sindicato dos Banc\u00e1rios de S\u00e3o Bento do Sul e Regi\u00e3o\",\"description\":\"Website institucional do Sindicato dos Banc\u00e1rios de S\u00e3o Bento do Sul e Regi\u00e3o\",\"publisher\":{\"@id\":\"https:\/\/sindicatodosbancarios.org.br\/site2022\/#organization\"},\"potentialAction\":[{\"@type\":\"SearchAction\",\"target\":{\"@type\":\"EntryPoint\",\"urlTemplate\":\"https:\/\/sindicatodosbancarios.org.br\/site2022\/?s={search_term_string}\"},\"query-input\":\"required name=search_term_string\"}],\"inLanguage\":\"pt-BR\"},{\"@type\":\"Organization\",\"@id\":\"https:\/\/sindicatodosbancarios.org.br\/site2022\/#organization\",\"name\":\"Sindicato dos Banc\u00e1rios de S\u00e3o Bento do Sul e Regi\u00e3o\",\"url\":\"https:\/\/sindicatodosbancarios.org.br\/site2022\/\",\"logo\":{\"@type\":\"ImageObject\",\"inLanguage\":\"pt-BR\",\"@id\":\"https:\/\/sindicatodosbancarios.org.br\/site2022\/#\/schema\/logo\/image\/\",\"url\":\"https:\/\/sindicatodosbancarios.org.br\/site2022\/wp-content\/uploads\/2017\/06\/cropped-logo-2.png\",\"contentUrl\":\"https:\/\/sindicatodosbancarios.org.br\/site2022\/wp-content\/uploads\/2017\/06\/cropped-logo-2.png\",\"width\":292,\"height\":292,\"caption\":\"Sindicato dos Banc\u00e1rios de S\u00e3o Bento do Sul e Regi\u00e3o\"},\"image\":{\"@id\":\"https:\/\/sindicatodosbancarios.org.br\/site2022\/#\/schema\/logo\/image\/\"}},{\"@type\":\"Person\",\"@id\":\"https:\/\/sindicatodosbancarios.org.br\/site2022\/#\/schema\/person\/a7d92da77d1084df4d28b57962f1e1bd\",\"name\":\"Sindicato dos Banc\u00e1rios S\u00e3o Bento do Sul e Regi\u00e3o\",\"image\":{\"@type\":\"ImageObject\",\"inLanguage\":\"pt-BR\",\"@id\":\"https:\/\/sindicatodosbancarios.org.br\/site2022\/#\/schema\/person\/image\/\",\"url\":\"https:\/\/secure.gravatar.com\/avatar\/f1d1a06f698f2345352e539387180d42?s=96&d=mm&r=g\",\"contentUrl\":\"https:\/\/secure.gravatar.com\/avatar\/f1d1a06f698f2345352e539387180d42?s=96&d=mm&r=g\",\"caption\":\"Sindicato dos Banc\u00e1rios S\u00e3o Bento do Sul e Regi\u00e3o\"},\"sameAs\":[\"http:\/\/sindicatodosbancarios.org.br\/site2022\/\",\"https:\/\/www.facebook.com\/seeb.sbs.9\"],\"url\":\"https:\/\/sindicatodosbancarios.org.br\/site2022\/author\/sindicatodosbancarios\/\"}]}<\/script>\n<!-- \/ Yoast SEO plugin. -->","yoast_head_json":{"title":"INFORME BANC\u00c1RIO - 031 \/ 2019 - OIT APROVA CONVEN\u00c7\u00c3O HIST\u00d3RICA CONTRA VIOL\u00caNCIA E ASS\u00c9DIO NO TRABALHO - Sindicato dos Banc\u00e1rios de S\u00e3o Bento do Sul e Regi\u00e3o","robots":{"index":"index","follow":"follow","max-snippet":"max-snippet:-1","max-image-preview":"max-image-preview:large","max-video-preview":"max-video-preview:-1"},"canonical":"https:\/\/sindicatodosbancarios.org.br\/site2022\/2019\/06\/24\/informe-bancario-031-2019-oit-aprova-convencao-historica-contra-violencia-e-assedio-no-trabalho\/","og_locale":"pt_BR","og_type":"article","og_title":"INFORME BANC\u00c1RIO - 031 \/ 2019 - OIT APROVA CONVEN\u00c7\u00c3O HIST\u00d3RICA CONTRA VIOL\u00caNCIA E ASS\u00c9DIO NO TRABALHO - Sindicato dos Banc\u00e1rios de S\u00e3o Bento do Sul e Regi\u00e3o","og_description":"Genebra, 21 jun (EFE).- Governos, patronais e sindicatos chegaram a um acordo hist\u00f3rico nesta sexta-feira (21) ao adotar [&hellip;]","og_url":"https:\/\/sindicatodosbancarios.org.br\/site2022\/2019\/06\/24\/informe-bancario-031-2019-oit-aprova-convencao-historica-contra-violencia-e-assedio-no-trabalho\/","og_site_name":"Sindicato dos Banc\u00e1rios de S\u00e3o Bento do Sul e Regi\u00e3o","article_author":"https:\/\/www.facebook.com\/seeb.sbs.9","article_published_time":"2019-06-24T13:43:01+00:00","og_image":[{"width":"262","height":"193","url":"https:\/\/sindicatodosbancarios.org.br\/site2022\/wp-content\/uploads\/2019\/06\/download.jpg","type":"image\/jpeg"}],"author":"Sindicato dos Banc\u00e1rios S\u00e3o Bento do Sul e Regi\u00e3o","twitter_card":"summary_large_image","twitter_misc":{"Escrito por":"Sindicato dos Banc\u00e1rios S\u00e3o Bento do Sul e Regi\u00e3o","Est. tempo de leitura":"2 minutos"},"schema":{"@context":"https:\/\/schema.org","@graph":[{"@type":"Article","@id":"https:\/\/sindicatodosbancarios.org.br\/site2022\/2019\/06\/24\/informe-bancario-031-2019-oit-aprova-convencao-historica-contra-violencia-e-assedio-no-trabalho\/#article","isPartOf":{"@id":"https:\/\/sindicatodosbancarios.org.br\/site2022\/2019\/06\/24\/informe-bancario-031-2019-oit-aprova-convencao-historica-contra-violencia-e-assedio-no-trabalho\/"},"author":{"name":"Sindicato dos Banc\u00e1rios S\u00e3o Bento do Sul e Regi\u00e3o","@id":"https:\/\/sindicatodosbancarios.org.br\/site2022\/#\/schema\/person\/a7d92da77d1084df4d28b57962f1e1bd"},"headline":"INFORME BANC\u00c1RIO &#8211; 031 \/ 2019 &#8211; OIT APROVA CONVEN\u00c7\u00c3O HIST\u00d3RICA CONTRA VIOL\u00caNCIA E ASS\u00c9DIO NO TRABALHO","datePublished":"2019-06-24T13:43:01+00:00","dateModified":"2019-06-24T13:43:01+00:00","mainEntityOfPage":{"@id":"https:\/\/sindicatodosbancarios.org.br\/site2022\/2019\/06\/24\/informe-bancario-031-2019-oit-aprova-convencao-historica-contra-violencia-e-assedio-no-trabalho\/"},"wordCount":490,"commentCount":0,"publisher":{"@id":"https:\/\/sindicatodosbancarios.org.br\/site2022\/#organization"},"articleSection":["Geral"],"inLanguage":"pt-BR","potentialAction":[{"@type":"CommentAction","name":"Comment","target":["https:\/\/sindicatodosbancarios.org.br\/site2022\/2019\/06\/24\/informe-bancario-031-2019-oit-aprova-convencao-historica-contra-violencia-e-assedio-no-trabalho\/#respond"]}]},{"@type":"WebPage","@id":"https:\/\/sindicatodosbancarios.org.br\/site2022\/2019\/06\/24\/informe-bancario-031-2019-oit-aprova-convencao-historica-contra-violencia-e-assedio-no-trabalho\/","url":"https:\/\/sindicatodosbancarios.org.br\/site2022\/2019\/06\/24\/informe-bancario-031-2019-oit-aprova-convencao-historica-contra-violencia-e-assedio-no-trabalho\/","name":"INFORME BANC\u00c1RIO - 031 \/ 2019 - OIT APROVA CONVEN\u00c7\u00c3O HIST\u00d3RICA CONTRA VIOL\u00caNCIA E ASS\u00c9DIO NO TRABALHO - Sindicato dos Banc\u00e1rios de S\u00e3o Bento do Sul e Regi\u00e3o","isPartOf":{"@id":"https:\/\/sindicatodosbancarios.org.br\/site2022\/#website"},"datePublished":"2019-06-24T13:43:01+00:00","dateModified":"2019-06-24T13:43:01+00:00","breadcrumb":{"@id":"https:\/\/sindicatodosbancarios.org.br\/site2022\/2019\/06\/24\/informe-bancario-031-2019-oit-aprova-convencao-historica-contra-violencia-e-assedio-no-trabalho\/#breadcrumb"},"inLanguage":"pt-BR","potentialAction":[{"@type":"ReadAction","target":["https:\/\/sindicatodosbancarios.org.br\/site2022\/2019\/06\/24\/informe-bancario-031-2019-oit-aprova-convencao-historica-contra-violencia-e-assedio-no-trabalho\/"]}]},{"@type":"BreadcrumbList","@id":"https:\/\/sindicatodosbancarios.org.br\/site2022\/2019\/06\/24\/informe-bancario-031-2019-oit-aprova-convencao-historica-contra-violencia-e-assedio-no-trabalho\/#breadcrumb","itemListElement":[{"@type":"ListItem","position":1,"name":"In\u00edcio","item":"https:\/\/sindicatodosbancarios.org.br\/site2022\/"},{"@type":"ListItem","position":2,"name":"INFORME BANC\u00c1RIO &#8211; 031 \/ 2019 &#8211; OIT APROVA CONVEN\u00c7\u00c3O HIST\u00d3RICA CONTRA VIOL\u00caNCIA E ASS\u00c9DIO NO TRABALHO"}]},{"@type":"WebSite","@id":"https:\/\/sindicatodosbancarios.org.br\/site2022\/#website","url":"https:\/\/sindicatodosbancarios.org.br\/site2022\/","name":"Sindicato dos Banc\u00e1rios de S\u00e3o Bento do Sul e Regi\u00e3o","description":"Website institucional do Sindicato dos Banc\u00e1rios de S\u00e3o Bento do Sul e Regi\u00e3o","publisher":{"@id":"https:\/\/sindicatodosbancarios.org.br\/site2022\/#organization"},"potentialAction":[{"@type":"SearchAction","target":{"@type":"EntryPoint","urlTemplate":"https:\/\/sindicatodosbancarios.org.br\/site2022\/?s={search_term_string}"},"query-input":"required name=search_term_string"}],"inLanguage":"pt-BR"},{"@type":"Organization","@id":"https:\/\/sindicatodosbancarios.org.br\/site2022\/#organization","name":"Sindicato dos Banc\u00e1rios de S\u00e3o Bento do Sul e Regi\u00e3o","url":"https:\/\/sindicatodosbancarios.org.br\/site2022\/","logo":{"@type":"ImageObject","inLanguage":"pt-BR","@id":"https:\/\/sindicatodosbancarios.org.br\/site2022\/#\/schema\/logo\/image\/","url":"https:\/\/sindicatodosbancarios.org.br\/site2022\/wp-content\/uploads\/2017\/06\/cropped-logo-2.png","contentUrl":"https:\/\/sindicatodosbancarios.org.br\/site2022\/wp-content\/uploads\/2017\/06\/cropped-logo-2.png","width":292,"height":292,"caption":"Sindicato dos Banc\u00e1rios de S\u00e3o Bento do Sul e Regi\u00e3o"},"image":{"@id":"https:\/\/sindicatodosbancarios.org.br\/site2022\/#\/schema\/logo\/image\/"}},{"@type":"Person","@id":"https:\/\/sindicatodosbancarios.org.br\/site2022\/#\/schema\/person\/a7d92da77d1084df4d28b57962f1e1bd","name":"Sindicato dos Banc\u00e1rios S\u00e3o Bento do Sul e Regi\u00e3o","image":{"@type":"ImageObject","inLanguage":"pt-BR","@id":"https:\/\/sindicatodosbancarios.org.br\/site2022\/#\/schema\/person\/image\/","url":"https:\/\/secure.gravatar.com\/avatar\/f1d1a06f698f2345352e539387180d42?s=96&d=mm&r=g","contentUrl":"https:\/\/secure.gravatar.com\/avatar\/f1d1a06f698f2345352e539387180d42?s=96&d=mm&r=g","caption":"Sindicato dos Banc\u00e1rios S\u00e3o Bento do Sul e Regi\u00e3o"},"sameAs":["http:\/\/sindicatodosbancarios.org.br\/site2022\/","https:\/\/www.facebook.com\/seeb.sbs.9"],"url":"https:\/\/sindicatodosbancarios.org.br\/site2022\/author\/sindicatodosbancarios\/"}]}},"jetpack_featured_media_url":"https:\/\/sindicatodosbancarios.org.br\/site2022\/wp-content\/uploads\/2019\/06\/download.jpg","jetpack_sharing_enabled":true,"jetpack_shortlink":"https:\/\/wp.me\/p8RSbI-MH","jetpack-related-posts":[{"id":4784,"url":"https:\/\/sindicatodosbancarios.org.br\/site2022\/2020\/11\/16\/informe-bancario-436-2020-a-era-dos-trabalhadores-imunizados-e-nao-imunizados\/","url_meta":{"origin":3019,"position":0},"title":"INFORME BANC\u00c1RIO \u2013 436\/2020 A era dos trabalhadores imunizados e n\u00e3o imunizados","date":"16 de novembro de 2020","format":false,"excerpt":"Dentre todas as revolu\u00e7\u00f5es que j\u00e1 impactam as formas de trabalho contempor\u00e2neas, a atual pandemia da COVID-19 que assola o in\u00edcio do s\u00e9culo XXI motiva n\u00e3o apenas serenidade e comprometimento social, como tamb\u00e9m reflex\u00f5es acerca do Direito do Trabalho. Dentre todas as revolu\u00e7\u00f5es que j\u00e1 impactam as formas de trabalho\u2026","rel":"","context":"Em &quot;Geral&quot;","img":{"alt_text":"","src":"https:\/\/i0.wp.com\/sindicatodosbancarios.org.br\/site2022\/wp-content\/uploads\/2020\/11\/Justificando-Ventura-Pedroza-Carteira-de-trabalho-coronavirus.png?resize=350%2C200&ssl=1","width":350,"height":200},"classes":[]},{"id":5221,"url":"https:\/\/sindicatodosbancarios.org.br\/site2022\/2021\/03\/02\/informe-bancarios-73-2021-esta-nas-maos-do-stf-decidir-como-sera-a-demissao-em-massa-de-trabalhadores\/","url_meta":{"origin":3019,"position":1},"title":"INFORME BANC\u00c1RIOS \u2013 73\/2021 Est\u00e1 nas m\u00e3os do STF decidir como ser\u00e1 a demiss\u00e3o em massa de trabalhadores","date":"2 de mar\u00e7o de 2021","format":false,"excerpt":"No dia 19 de fevereiro teve in\u00edcio novo cap\u00edtulo da discuss\u00e3o sobre a necessidade ou n\u00e3o de empresas negociarem com os sindicatos antes de fazerem demiss\u00f5es em massa de trabalhadores. Analisando o emblem\u00e1tico caso da Embraer (Recurso Extraordin\u00e1rio 999435), o ministro Marco Aur\u00e9lio do STF proferiu voto pela validade das\u2026","rel":"","context":"Em &quot;Geral&quot;","img":{"alt_text":"","src":"https:\/\/i0.wp.com\/sindicatodosbancarios.org.br\/site2022\/wp-content\/uploads\/2021\/03\/fachada-do-stf-1485783534703_615x300.jpg?resize=350%2C200&ssl=1","width":350,"height":200},"classes":[]},{"id":5490,"url":"https:\/\/sindicatodosbancarios.org.br\/site2022\/2021\/06\/21\/informe-bancario-154-2021-papa-francisco-pede-reforma-economica-urgente-e-defende-sindicalismo\/","url_meta":{"origin":3019,"position":2},"title":"INFORME BANC\u00c1RIO \u2013 154\/2021 Papa Francisco pede reforma econ\u00f4mica urgente e defende sindicalismo","date":"21 de junho de 2021","format":false,"excerpt":"O Papa Francisco enviou mensagem aos participantes da 109\u00aa Confer\u00eancia Internacional do Trabalho que se realiza, em Genebra. Por meio de um v\u00eddeo de 27 minutos, o pont\u00edfice defendeu a filia\u00e7\u00e3o sindical como forma de luta no combate aos desrespeitos aos direitos do trabalhador. Ele ainda refor\u00e7ou ser \u201cinaceit\u00e1vel\u201d a\u2026","rel":"","context":"Em &quot;Geral&quot;","img":{"alt_text":"","src":"https:\/\/i0.wp.com\/sindicatodosbancarios.org.br\/site2022\/wp-content\/uploads\/2021\/06\/cq5dam.thumbnail.cropped.1000.563.jpeg?resize=350%2C200&ssl=1","width":350,"height":200},"classes":[]},{"id":5651,"url":"https:\/\/sindicatodosbancarios.org.br\/site2022\/2021\/09\/01\/informe-bancario-203-2021-a-reforma-trabalhista-e-os-limites-da-vedacao-legal-a-ultra-atividade-das-normas-coletivas-do-trabalho\/","url_meta":{"origin":3019,"position":3},"title":"INFORME BANC\u00c1RIO \u2013 203\/2021 A reforma trabalhista e os limites da veda\u00e7\u00e3o legal \u00e0 ultra-atividade das normas coletivas do trabalho","date":"1 de setembro de 2021","format":false,"excerpt":"1 INTRODU\u00c7\u00c3O O presente artigo inicia-se abordando sobre os elementos constitutivos dentro do contexto hist\u00f3rico do Direito do Trabalho e nele, a hist\u00f3ria dos sindicatos, bem como as fun\u00e7\u00f5es gerais deste. Como meio principal de estudo, ter-se-\u00e1 a veda\u00e7\u00e3o ao princ\u00edpio da ultra-atividade das normas, em rela\u00e7\u00e3o ao ACT (Acordo\u2026","rel":"","context":"Em &quot;Geral&quot;","img":{"alt_text":"","src":"https:\/\/i0.wp.com\/sindicatodosbancarios.org.br\/site2022\/wp-content\/uploads\/2021\/09\/reforma-trabalhista.jpg?resize=350%2C200&ssl=1","width":350,"height":200},"classes":[]},{"id":5530,"url":"https:\/\/sindicatodosbancarios.org.br\/site2022\/2021\/07\/12\/informe-bancario-166-2021-folga-assiduidade-cct-2020-2022-um-direito-do-bancario-nao-esqueca-de-solicitar\/","url_meta":{"origin":3019,"position":4},"title":"INFORME BANC\u00c1RIO \u2013 166\/2021 FOLGA ASSIDUIDADE \u2013 CCT 2020 \/ 2022 \u2013\u00a0 \u00a0UM DIREITO DO BANC\u00c1RIO \u2013  N\u00c3O ESQUE\u00c7A DE SOLICITAR!!","date":"12 de julho de 2021","format":false,"excerpt":"A Conven\u00e7\u00e3o Coletiva de Trabalho 2020 \/ 2022, assinada entre os Bancos e o Sindicato, em seu Cl\u00e1usula 24, letras e \u00a7\u00a7, garantiu ao banc\u00e1rio (a) o direito a 01 (um) dia de folga por ano de forma remunerada. Para usufruir desse direito o (a) banc\u00e1rio (a), basta ao banc\u00e1rio\u2026","rel":"","context":"Em &quot;Geral&quot;","img":{"alt_text":"","src":"https:\/\/i0.wp.com\/sindicatodosbancarios.org.br\/site2022\/wp-content\/uploads\/2020\/07\/cropped-logo-2.png?resize=350%2C200&ssl=1","width":350,"height":200},"classes":[]},{"id":5103,"url":"https:\/\/sindicatodosbancarios.org.br\/site2022\/2021\/02\/03\/informe-bancario-42-2021-santander-2a-parcela-da-plr-confirmada-saiba-quanto-vem-e-tire-duvidas\/","url_meta":{"origin":3019,"position":5},"title":"INFORME BANC\u00c1RIO \u2013 42\/2021 SANTANDER: 2\u00aa PARCELA DA PLR CONFIRMADA. SAIBA QUANTO VEM E TIRE D\u00daVIDAS","date":"3 de fevereiro de 2021","format":false,"excerpt":"Prazo previsto na CCT para pagamento \u00e9 primeiro de Mar\u00e7o 2021, mas Banco costuma realizar o cr\u00e9dito junto com os sal\u00e1rios, que ser\u00e3o pagos no dia 26\/02\/2021. Tamb\u00e9m ser\u00e3o creditados o PPRS e a vari\u00e1vel (PPE), para quem for eleg\u00edvel Com a divulga\u00e7\u00e3o do balan\u00e7o do quarto trimestre, o pagamento\u2026","rel":"","context":"Em &quot;Geral&quot;","img":{"alt_text":"","src":"https:\/\/i0.wp.com\/sindicatodosbancarios.org.br\/site2022\/wp-content\/uploads\/2021\/02\/tim.jpg?resize=350%2C200&ssl=1","width":350,"height":200},"classes":[]}],"_links":{"self":[{"href":"https:\/\/sindicatodosbancarios.org.br\/site2022\/wp-json\/wp\/v2\/posts\/3019"}],"collection":[{"href":"https:\/\/sindicatodosbancarios.org.br\/site2022\/wp-json\/wp\/v2\/posts"}],"about":[{"href":"https:\/\/sindicatodosbancarios.org.br\/site2022\/wp-json\/wp\/v2\/types\/post"}],"author":[{"embeddable":true,"href":"https:\/\/sindicatodosbancarios.org.br\/site2022\/wp-json\/wp\/v2\/users\/2"}],"replies":[{"embeddable":true,"href":"https:\/\/sindicatodosbancarios.org.br\/site2022\/wp-json\/wp\/v2\/comments?post=3019"}],"version-history":[{"count":1,"href":"https:\/\/sindicatodosbancarios.org.br\/site2022\/wp-json\/wp\/v2\/posts\/3019\/revisions"}],"predecessor-version":[{"id":3021,"href":"https:\/\/sindicatodosbancarios.org.br\/site2022\/wp-json\/wp\/v2\/posts\/3019\/revisions\/3021"}],"wp:featuredmedia":[{"embeddable":true,"href":"https:\/\/sindicatodosbancarios.org.br\/site2022\/wp-json\/wp\/v2\/media\/3020"}],"wp:attachment":[{"href":"https:\/\/sindicatodosbancarios.org.br\/site2022\/wp-json\/wp\/v2\/media?parent=3019"}],"wp:term":[{"taxonomy":"category","embeddable":true,"href":"https:\/\/sindicatodosbancarios.org.br\/site2022\/wp-json\/wp\/v2\/categories?post=3019"},{"taxonomy":"post_tag","embeddable":true,"href":"https:\/\/sindicatodosbancarios.org.br\/site2022\/wp-json\/wp\/v2\/tags?post=3019"}],"curies":[{"name":"wp","href":"https:\/\/api.w.org\/{rel}","templated":true}]}}