{"id":3024,"date":"2019-07-12T13:49:25","date_gmt":"2019-07-12T16:49:25","guid":{"rendered":"https:\/\/sindicatodosbancarios.org.br\/?p=3024"},"modified":"2019-07-12T13:49:25","modified_gmt":"2019-07-12T16:49:25","slug":"informe-bancario-032-2019-mp-881-permite-trabalho-bancario-aos-finais-de-semana","status":"publish","type":"post","link":"https:\/\/sindicatodosbancarios.org.br\/site2022\/2019\/07\/12\/informe-bancario-032-2019-mp-881-permite-trabalho-bancario-aos-finais-de-semana\/","title":{"rendered":"INFORME BANC\u00c1RIO &#8211; 032 \/ 2019 &#8211; MP 881 PERMITE TRABALHO BANC\u00c1RIO AOS FINAIS DE SEMANA"},"content":{"rendered":"<h6><strong><em>Relator Jer\u00f4nimo Goergen (ao centro) criou \u201cregime de contrata\u00e7\u00e3o anticrise\u201d que desrespeita CLT e acordos coletivos Foto: Roque de S\u00e1\/Ag\u00eancia Senado<\/em><\/strong><\/h6>\n<p>Comiss\u00e3o Mista do Congresso aprova relat\u00f3rio do deputado Jer\u00f4nimo Goergen que autoriza jornadas aos s\u00e1bados e feriados, inclusive da categoria banc\u00e1ria.<\/p>\n<p>Mais uma amea\u00e7a \u00e0 jornada de trabalho da categoria banc\u00e1ria tramita no Congresso Nacional. Ao relatar a Medida Provis\u00f3ria 881, da liberdade econ\u00f4mica, o deputado federal do Partido Progressista, Jer\u00f4nimo Goergen (RS), incluiu artigo que autoriza o trabalho aos domingos e feriados, sem necessidade de permiss\u00e3o pr\u00e9via do poder p\u00fablico.<\/p>\n<p>O relat\u00f3rio tamb\u00e9m revoga a lei 4.178\/62, que veda a abertura de bancos e outros estabelecimentos de cr\u00e9dito aos finais de semana. Portanto, amea\u00e7a a jornada de trabalho dos banc\u00e1rios, que garante folga aos s\u00e1bados.<\/p>\n<p>A MP 881\/2019 tramita em car\u00e1ter de urg\u00eancia e foi aprovada nesta quinta-feira 11 na Comiss\u00e3o Mista, formada por deputados e senadores. Agora ela ser\u00e1 analisada pelo plen\u00e1rio da C\u00e2mara e, se aprovada, ser\u00e1 votada pelo plen\u00e1rio do Senado.<\/p>\n<p>A medida provis\u00f3ria perde a validade no dia 10 de setembro, caso n\u00e3o seja votada pelas duas Casas do Congresso at\u00e9 essa data.<\/p>\n<p><strong>Pressione os parlamentares contra a medida<\/strong><br \/>\nO movimento sindical banc\u00e1rio \u00e9 terminantemente contr\u00e1rio ao trabalho banc\u00e1rio aos s\u00e1bados, e convoca a categoria a se manifestar contra a medida em enquete\u00a0<a href=\"https:\/\/www12.senado.leg.br\/ecidadania\/visualizacaomateria?id=136531\" target=\"_blank\" rel=\"noopener noreferrer\"><strong>no site do Congresso Nacional<\/strong><\/a>. At\u00e9 as 18h desta quinta-feira 11, os votos contra a medida eram maioria: 3.809 haviam votado em \u201cN\u00e3o apoio\u201d, contra 1.402 votos de apoio.<\/p>\n<p>O movimento sindical tamb\u00e9m orienta que banc\u00e1rias e banc\u00e1rios enviem e-mails aos deputados federais (<a href=\"https:\/\/www2.camara.leg.br\/deputados\/pesquisa\/fale-com-o-deputado\" target=\"_blank\" rel=\"noopener noreferrer\"><strong>veja os e-mails aqui<\/strong><\/a>) e aos senadores (<a href=\"https:\/\/www25.senado.leg.br\/web\/senadores\" target=\"_blank\" rel=\"noopener noreferrer\"><strong>contatos aqui<\/strong><\/a>).<\/p>\n<p><strong>Entenda<\/strong><br \/>\nA MP 881 de autoria do governo federal institui a Declara\u00e7\u00e3o de Direitos de Liberdade Econ\u00f4mica, estabelece garantias de livre mercado, an\u00e1lise de impacto regulat\u00f3rio, e d\u00e1 outras provid\u00eancias. Originalmente, a MP n\u00e3o previa altera\u00e7\u00f5es nas leis que amea\u00e7assem a jornada de trabalho dos banc\u00e1rios. Foi o relat\u00f3rio de Jer\u00f4nimo Goergen que fez isso, ao revogar a lei 4.178\/62, que veda a abertura dos estabelecimentos de cr\u00e9dito aos finais de semana.<\/p>\n<p>Trata-se de uma nova reforma trabalhista que ir\u00e1 extinguir direitos e n\u00e3o resultar\u00e1 na cria\u00e7\u00e3o de empregos.<\/p>\n<p><span style=\"font-size: 8pt;\">Fonte: FEEB-PR\/SEEB-SP<\/span><\/p>\n<p><span style=\"font-size: 8pt;\"><strong>Diretoria Executiva da CONTEC<\/strong><\/span><\/p>\n","protected":false},"excerpt":{"rendered":"<p>Relator Jer\u00f4nimo Goergen (ao centro) criou \u201cregime de contrata\u00e7\u00e3o anticrise\u201d que desrespeita CLT e acordos coletivos Foto: Roque [&hellip;]<\/p>\n","protected":false},"author":2,"featured_media":1728,"comment_status":"open","ping_status":"open","sticky":false,"template":"","format":"standard","meta":{"jetpack_post_was_ever_published":false,"jetpack_publicize_message":"","jetpack_is_tweetstorm":false,"jetpack_publicize_feature_enabled":true,"jetpack_social_post_already_shared":true,"jetpack_social_options":[]},"categories":[1],"tags":[],"jetpack_publicize_connections":[],"acf":[],"yoast_head":"<!-- This site is optimized with the Yoast SEO plugin v19.14 - https:\/\/yoast.com\/wordpress\/plugins\/seo\/ -->\n<title>INFORME BANC\u00c1RIO - 032 \/ 2019 - MP 881 PERMITE TRABALHO BANC\u00c1RIO AOS FINAIS DE SEMANA - Sindicato dos Banc\u00e1rios de S\u00e3o Bento do Sul e Regi\u00e3o<\/title>\n<meta name=\"robots\" content=\"index, follow, max-snippet:-1, max-image-preview:large, max-video-preview:-1\" \/>\n<link rel=\"canonical\" href=\"https:\/\/sindicatodosbancarios.org.br\/site2022\/2019\/07\/12\/informe-bancario-032-2019-mp-881-permite-trabalho-bancario-aos-finais-de-semana\/\" \/>\n<meta property=\"og:locale\" content=\"pt_BR\" \/>\n<meta property=\"og:type\" content=\"article\" \/>\n<meta property=\"og:title\" content=\"INFORME BANC\u00c1RIO - 032 \/ 2019 - MP 881 PERMITE TRABALHO BANC\u00c1RIO AOS FINAIS DE SEMANA - Sindicato dos Banc\u00e1rios de S\u00e3o Bento do Sul e Regi\u00e3o\" \/>\n<meta property=\"og:description\" content=\"Relator Jer\u00f4nimo Goergen (ao centro) criou \u201cregime de contrata\u00e7\u00e3o anticrise\u201d que desrespeita CLT e acordos coletivos Foto: Roque [&hellip;]\" \/>\n<meta property=\"og:url\" content=\"https:\/\/sindicatodosbancarios.org.br\/site2022\/2019\/07\/12\/informe-bancario-032-2019-mp-881-permite-trabalho-bancario-aos-finais-de-semana\/\" \/>\n<meta property=\"og:site_name\" content=\"Sindicato dos Banc\u00e1rios de S\u00e3o Bento do Sul e Regi\u00e3o\" \/>\n<meta property=\"article:author\" content=\"https:\/\/www.facebook.com\/seeb.sbs.9\" \/>\n<meta property=\"article:published_time\" content=\"2019-07-12T16:49:25+00:00\" \/>\n<meta property=\"og:image\" content=\"https:\/\/sindicatodosbancarios.org.br\/site2022\/wp-content\/uploads\/2017\/09\/673241-970x600-1-320x220.jpeg\" \/>\n\t<meta property=\"og:image:width\" content=\"320\" \/>\n\t<meta property=\"og:image:height\" content=\"220\" \/>\n\t<meta property=\"og:image:type\" content=\"image\/jpeg\" \/>\n<meta name=\"author\" content=\"Sindicato dos Banc\u00e1rios S\u00e3o Bento do Sul e Regi\u00e3o\" \/>\n<meta name=\"twitter:card\" content=\"summary_large_image\" \/>\n<meta name=\"twitter:label1\" content=\"Escrito por\" \/>\n\t<meta name=\"twitter:data1\" content=\"Sindicato dos Banc\u00e1rios S\u00e3o Bento do Sul e Regi\u00e3o\" \/>\n\t<meta name=\"twitter:label2\" content=\"Est. tempo de leitura\" \/>\n\t<meta name=\"twitter:data2\" content=\"2 minutos\" \/>\n<script type=\"application\/ld+json\" class=\"yoast-schema-graph\">{\"@context\":\"https:\/\/schema.org\",\"@graph\":[{\"@type\":\"Article\",\"@id\":\"https:\/\/sindicatodosbancarios.org.br\/site2022\/2019\/07\/12\/informe-bancario-032-2019-mp-881-permite-trabalho-bancario-aos-finais-de-semana\/#article\",\"isPartOf\":{\"@id\":\"https:\/\/sindicatodosbancarios.org.br\/site2022\/2019\/07\/12\/informe-bancario-032-2019-mp-881-permite-trabalho-bancario-aos-finais-de-semana\/\"},\"author\":{\"name\":\"Sindicato dos Banc\u00e1rios S\u00e3o Bento do Sul e Regi\u00e3o\",\"@id\":\"https:\/\/sindicatodosbancarios.org.br\/site2022\/#\/schema\/person\/a7d92da77d1084df4d28b57962f1e1bd\"},\"headline\":\"INFORME BANC\u00c1RIO &#8211; 032 \/ 2019 &#8211; MP 881 PERMITE TRABALHO BANC\u00c1RIO AOS FINAIS DE SEMANA\",\"datePublished\":\"2019-07-12T16:49:25+00:00\",\"dateModified\":\"2019-07-12T16:49:25+00:00\",\"mainEntityOfPage\":{\"@id\":\"https:\/\/sindicatodosbancarios.org.br\/site2022\/2019\/07\/12\/informe-bancario-032-2019-mp-881-permite-trabalho-bancario-aos-finais-de-semana\/\"},\"wordCount\":422,\"commentCount\":0,\"publisher\":{\"@id\":\"https:\/\/sindicatodosbancarios.org.br\/site2022\/#organization\"},\"articleSection\":[\"Geral\"],\"inLanguage\":\"pt-BR\",\"potentialAction\":[{\"@type\":\"CommentAction\",\"name\":\"Comment\",\"target\":[\"https:\/\/sindicatodosbancarios.org.br\/site2022\/2019\/07\/12\/informe-bancario-032-2019-mp-881-permite-trabalho-bancario-aos-finais-de-semana\/#respond\"]}]},{\"@type\":\"WebPage\",\"@id\":\"https:\/\/sindicatodosbancarios.org.br\/site2022\/2019\/07\/12\/informe-bancario-032-2019-mp-881-permite-trabalho-bancario-aos-finais-de-semana\/\",\"url\":\"https:\/\/sindicatodosbancarios.org.br\/site2022\/2019\/07\/12\/informe-bancario-032-2019-mp-881-permite-trabalho-bancario-aos-finais-de-semana\/\",\"name\":\"INFORME BANC\u00c1RIO - 032 \/ 2019 - MP 881 PERMITE TRABALHO BANC\u00c1RIO AOS FINAIS DE SEMANA - Sindicato dos Banc\u00e1rios de S\u00e3o Bento do Sul e Regi\u00e3o\",\"isPartOf\":{\"@id\":\"https:\/\/sindicatodosbancarios.org.br\/site2022\/#website\"},\"datePublished\":\"2019-07-12T16:49:25+00:00\",\"dateModified\":\"2019-07-12T16:49:25+00:00\",\"breadcrumb\":{\"@id\":\"https:\/\/sindicatodosbancarios.org.br\/site2022\/2019\/07\/12\/informe-bancario-032-2019-mp-881-permite-trabalho-bancario-aos-finais-de-semana\/#breadcrumb\"},\"inLanguage\":\"pt-BR\",\"potentialAction\":[{\"@type\":\"ReadAction\",\"target\":[\"https:\/\/sindicatodosbancarios.org.br\/site2022\/2019\/07\/12\/informe-bancario-032-2019-mp-881-permite-trabalho-bancario-aos-finais-de-semana\/\"]}]},{\"@type\":\"BreadcrumbList\",\"@id\":\"https:\/\/sindicatodosbancarios.org.br\/site2022\/2019\/07\/12\/informe-bancario-032-2019-mp-881-permite-trabalho-bancario-aos-finais-de-semana\/#breadcrumb\",\"itemListElement\":[{\"@type\":\"ListItem\",\"position\":1,\"name\":\"In\u00edcio\",\"item\":\"https:\/\/sindicatodosbancarios.org.br\/site2022\/\"},{\"@type\":\"ListItem\",\"position\":2,\"name\":\"INFORME BANC\u00c1RIO &#8211; 032 \/ 2019 &#8211; MP 881 PERMITE TRABALHO BANC\u00c1RIO AOS FINAIS DE SEMANA\"}]},{\"@type\":\"WebSite\",\"@id\":\"https:\/\/sindicatodosbancarios.org.br\/site2022\/#website\",\"url\":\"https:\/\/sindicatodosbancarios.org.br\/site2022\/\",\"name\":\"Sindicato dos Banc\u00e1rios de S\u00e3o Bento do Sul e Regi\u00e3o\",\"description\":\"Website institucional do Sindicato dos Banc\u00e1rios de S\u00e3o Bento do Sul e Regi\u00e3o\",\"publisher\":{\"@id\":\"https:\/\/sindicatodosbancarios.org.br\/site2022\/#organization\"},\"potentialAction\":[{\"@type\":\"SearchAction\",\"target\":{\"@type\":\"EntryPoint\",\"urlTemplate\":\"https:\/\/sindicatodosbancarios.org.br\/site2022\/?s={search_term_string}\"},\"query-input\":\"required name=search_term_string\"}],\"inLanguage\":\"pt-BR\"},{\"@type\":\"Organization\",\"@id\":\"https:\/\/sindicatodosbancarios.org.br\/site2022\/#organization\",\"name\":\"Sindicato dos Banc\u00e1rios de S\u00e3o Bento do Sul e Regi\u00e3o\",\"url\":\"https:\/\/sindicatodosbancarios.org.br\/site2022\/\",\"logo\":{\"@type\":\"ImageObject\",\"inLanguage\":\"pt-BR\",\"@id\":\"https:\/\/sindicatodosbancarios.org.br\/site2022\/#\/schema\/logo\/image\/\",\"url\":\"https:\/\/sindicatodosbancarios.org.br\/site2022\/wp-content\/uploads\/2017\/06\/cropped-logo-2.png\",\"contentUrl\":\"https:\/\/sindicatodosbancarios.org.br\/site2022\/wp-content\/uploads\/2017\/06\/cropped-logo-2.png\",\"width\":292,\"height\":292,\"caption\":\"Sindicato dos Banc\u00e1rios de S\u00e3o Bento do Sul e Regi\u00e3o\"},\"image\":{\"@id\":\"https:\/\/sindicatodosbancarios.org.br\/site2022\/#\/schema\/logo\/image\/\"}},{\"@type\":\"Person\",\"@id\":\"https:\/\/sindicatodosbancarios.org.br\/site2022\/#\/schema\/person\/a7d92da77d1084df4d28b57962f1e1bd\",\"name\":\"Sindicato dos Banc\u00e1rios S\u00e3o Bento do Sul e Regi\u00e3o\",\"image\":{\"@type\":\"ImageObject\",\"inLanguage\":\"pt-BR\",\"@id\":\"https:\/\/sindicatodosbancarios.org.br\/site2022\/#\/schema\/person\/image\/\",\"url\":\"https:\/\/secure.gravatar.com\/avatar\/f1d1a06f698f2345352e539387180d42?s=96&d=mm&r=g\",\"contentUrl\":\"https:\/\/secure.gravatar.com\/avatar\/f1d1a06f698f2345352e539387180d42?s=96&d=mm&r=g\",\"caption\":\"Sindicato dos Banc\u00e1rios S\u00e3o Bento do Sul e Regi\u00e3o\"},\"sameAs\":[\"http:\/\/sindicatodosbancarios.org.br\/site2022\/\",\"https:\/\/www.facebook.com\/seeb.sbs.9\"],\"url\":\"https:\/\/sindicatodosbancarios.org.br\/site2022\/author\/sindicatodosbancarios\/\"}]}<\/script>\n<!-- \/ Yoast SEO plugin. -->","yoast_head_json":{"title":"INFORME BANC\u00c1RIO - 032 \/ 2019 - MP 881 PERMITE TRABALHO BANC\u00c1RIO AOS FINAIS DE SEMANA - Sindicato dos Banc\u00e1rios de S\u00e3o Bento do Sul e Regi\u00e3o","robots":{"index":"index","follow":"follow","max-snippet":"max-snippet:-1","max-image-preview":"max-image-preview:large","max-video-preview":"max-video-preview:-1"},"canonical":"https:\/\/sindicatodosbancarios.org.br\/site2022\/2019\/07\/12\/informe-bancario-032-2019-mp-881-permite-trabalho-bancario-aos-finais-de-semana\/","og_locale":"pt_BR","og_type":"article","og_title":"INFORME BANC\u00c1RIO - 032 \/ 2019 - MP 881 PERMITE TRABALHO BANC\u00c1RIO AOS FINAIS DE SEMANA - Sindicato dos Banc\u00e1rios de S\u00e3o Bento do Sul e Regi\u00e3o","og_description":"Relator Jer\u00f4nimo Goergen (ao centro) criou \u201cregime de contrata\u00e7\u00e3o anticrise\u201d que desrespeita CLT e acordos coletivos Foto: Roque [&hellip;]","og_url":"https:\/\/sindicatodosbancarios.org.br\/site2022\/2019\/07\/12\/informe-bancario-032-2019-mp-881-permite-trabalho-bancario-aos-finais-de-semana\/","og_site_name":"Sindicato dos Banc\u00e1rios de S\u00e3o Bento do Sul e Regi\u00e3o","article_author":"https:\/\/www.facebook.com\/seeb.sbs.9","article_published_time":"2019-07-12T16:49:25+00:00","og_image":[{"width":320,"height":220,"url":"https:\/\/sindicatodosbancarios.org.br\/site2022\/wp-content\/uploads\/2017\/09\/673241-970x600-1-320x220.jpeg","type":"image\/jpeg"}],"author":"Sindicato dos Banc\u00e1rios S\u00e3o Bento do Sul e Regi\u00e3o","twitter_card":"summary_large_image","twitter_misc":{"Escrito por":"Sindicato dos Banc\u00e1rios S\u00e3o Bento do Sul e Regi\u00e3o","Est. tempo de leitura":"2 minutos"},"schema":{"@context":"https:\/\/schema.org","@graph":[{"@type":"Article","@id":"https:\/\/sindicatodosbancarios.org.br\/site2022\/2019\/07\/12\/informe-bancario-032-2019-mp-881-permite-trabalho-bancario-aos-finais-de-semana\/#article","isPartOf":{"@id":"https:\/\/sindicatodosbancarios.org.br\/site2022\/2019\/07\/12\/informe-bancario-032-2019-mp-881-permite-trabalho-bancario-aos-finais-de-semana\/"},"author":{"name":"Sindicato dos Banc\u00e1rios S\u00e3o Bento do Sul e Regi\u00e3o","@id":"https:\/\/sindicatodosbancarios.org.br\/site2022\/#\/schema\/person\/a7d92da77d1084df4d28b57962f1e1bd"},"headline":"INFORME BANC\u00c1RIO &#8211; 032 \/ 2019 &#8211; MP 881 PERMITE TRABALHO BANC\u00c1RIO AOS FINAIS DE SEMANA","datePublished":"2019-07-12T16:49:25+00:00","dateModified":"2019-07-12T16:49:25+00:00","mainEntityOfPage":{"@id":"https:\/\/sindicatodosbancarios.org.br\/site2022\/2019\/07\/12\/informe-bancario-032-2019-mp-881-permite-trabalho-bancario-aos-finais-de-semana\/"},"wordCount":422,"commentCount":0,"publisher":{"@id":"https:\/\/sindicatodosbancarios.org.br\/site2022\/#organization"},"articleSection":["Geral"],"inLanguage":"pt-BR","potentialAction":[{"@type":"CommentAction","name":"Comment","target":["https:\/\/sindicatodosbancarios.org.br\/site2022\/2019\/07\/12\/informe-bancario-032-2019-mp-881-permite-trabalho-bancario-aos-finais-de-semana\/#respond"]}]},{"@type":"WebPage","@id":"https:\/\/sindicatodosbancarios.org.br\/site2022\/2019\/07\/12\/informe-bancario-032-2019-mp-881-permite-trabalho-bancario-aos-finais-de-semana\/","url":"https:\/\/sindicatodosbancarios.org.br\/site2022\/2019\/07\/12\/informe-bancario-032-2019-mp-881-permite-trabalho-bancario-aos-finais-de-semana\/","name":"INFORME BANC\u00c1RIO - 032 \/ 2019 - MP 881 PERMITE TRABALHO BANC\u00c1RIO AOS FINAIS DE SEMANA - Sindicato dos Banc\u00e1rios de S\u00e3o Bento do Sul e Regi\u00e3o","isPartOf":{"@id":"https:\/\/sindicatodosbancarios.org.br\/site2022\/#website"},"datePublished":"2019-07-12T16:49:25+00:00","dateModified":"2019-07-12T16:49:25+00:00","breadcrumb":{"@id":"https:\/\/sindicatodosbancarios.org.br\/site2022\/2019\/07\/12\/informe-bancario-032-2019-mp-881-permite-trabalho-bancario-aos-finais-de-semana\/#breadcrumb"},"inLanguage":"pt-BR","potentialAction":[{"@type":"ReadAction","target":["https:\/\/sindicatodosbancarios.org.br\/site2022\/2019\/07\/12\/informe-bancario-032-2019-mp-881-permite-trabalho-bancario-aos-finais-de-semana\/"]}]},{"@type":"BreadcrumbList","@id":"https:\/\/sindicatodosbancarios.org.br\/site2022\/2019\/07\/12\/informe-bancario-032-2019-mp-881-permite-trabalho-bancario-aos-finais-de-semana\/#breadcrumb","itemListElement":[{"@type":"ListItem","position":1,"name":"In\u00edcio","item":"https:\/\/sindicatodosbancarios.org.br\/site2022\/"},{"@type":"ListItem","position":2,"name":"INFORME BANC\u00c1RIO &#8211; 032 \/ 2019 &#8211; MP 881 PERMITE TRABALHO BANC\u00c1RIO AOS FINAIS DE SEMANA"}]},{"@type":"WebSite","@id":"https:\/\/sindicatodosbancarios.org.br\/site2022\/#website","url":"https:\/\/sindicatodosbancarios.org.br\/site2022\/","name":"Sindicato dos Banc\u00e1rios de S\u00e3o Bento do Sul e Regi\u00e3o","description":"Website institucional do Sindicato dos Banc\u00e1rios de S\u00e3o Bento do Sul e Regi\u00e3o","publisher":{"@id":"https:\/\/sindicatodosbancarios.org.br\/site2022\/#organization"},"potentialAction":[{"@type":"SearchAction","target":{"@type":"EntryPoint","urlTemplate":"https:\/\/sindicatodosbancarios.org.br\/site2022\/?s={search_term_string}"},"query-input":"required name=search_term_string"}],"inLanguage":"pt-BR"},{"@type":"Organization","@id":"https:\/\/sindicatodosbancarios.org.br\/site2022\/#organization","name":"Sindicato dos Banc\u00e1rios de S\u00e3o Bento do Sul e Regi\u00e3o","url":"https:\/\/sindicatodosbancarios.org.br\/site2022\/","logo":{"@type":"ImageObject","inLanguage":"pt-BR","@id":"https:\/\/sindicatodosbancarios.org.br\/site2022\/#\/schema\/logo\/image\/","url":"https:\/\/sindicatodosbancarios.org.br\/site2022\/wp-content\/uploads\/2017\/06\/cropped-logo-2.png","contentUrl":"https:\/\/sindicatodosbancarios.org.br\/site2022\/wp-content\/uploads\/2017\/06\/cropped-logo-2.png","width":292,"height":292,"caption":"Sindicato dos Banc\u00e1rios de S\u00e3o Bento do Sul e Regi\u00e3o"},"image":{"@id":"https:\/\/sindicatodosbancarios.org.br\/site2022\/#\/schema\/logo\/image\/"}},{"@type":"Person","@id":"https:\/\/sindicatodosbancarios.org.br\/site2022\/#\/schema\/person\/a7d92da77d1084df4d28b57962f1e1bd","name":"Sindicato dos Banc\u00e1rios S\u00e3o Bento do Sul e Regi\u00e3o","image":{"@type":"ImageObject","inLanguage":"pt-BR","@id":"https:\/\/sindicatodosbancarios.org.br\/site2022\/#\/schema\/person\/image\/","url":"https:\/\/secure.gravatar.com\/avatar\/f1d1a06f698f2345352e539387180d42?s=96&d=mm&r=g","contentUrl":"https:\/\/secure.gravatar.com\/avatar\/f1d1a06f698f2345352e539387180d42?s=96&d=mm&r=g","caption":"Sindicato dos Banc\u00e1rios S\u00e3o Bento do Sul e Regi\u00e3o"},"sameAs":["http:\/\/sindicatodosbancarios.org.br\/site2022\/","https:\/\/www.facebook.com\/seeb.sbs.9"],"url":"https:\/\/sindicatodosbancarios.org.br\/site2022\/author\/sindicatodosbancarios\/"}]}},"jetpack_featured_media_url":"https:\/\/sindicatodosbancarios.org.br\/site2022\/wp-content\/uploads\/2017\/09\/673241-970x600-1-320x220.jpeg","jetpack_sharing_enabled":true,"jetpack_shortlink":"https:\/\/wp.me\/p8RSbI-MM","jetpack-related-posts":[{"id":4428,"url":"https:\/\/sindicatodosbancarios.org.br\/site2022\/2020\/09\/03\/informe-bancario-326-2020-trabalho-aos-domingos-e-feriados-governo-mudou-folgas-de-13-setores-veja-quais\/","url_meta":{"origin":3024,"position":0},"title":"INFORME BANC\u00c1RIO \u2013 326\/2020 Trabalho aos domingos e feriados: governo mudou folgas de 13 setores; veja quais","date":"3 de setembro de 2020","format":false,"excerpt":"A publica\u00e7\u00e3o da portaria que mudou regras trabalhistas foi comemorada pela Fiesp em grupos de WhatsApp; saiba quais profiss\u00f5es sofrem mudan\u00e7a O governo federal publicou uma portaria nesta sexta-feira (28), colocando 13 trabalhos como\u00a0\u00a0atividades\u00a0que\u00a0podem funcionar aos domingos e feriados\u00a0no pa\u00eds. A lista, que antes tinha 79 profiss\u00f5es, agora passou a\u2026","rel":"","context":"Em &quot;Geral&quot;","img":{"alt_text":"","src":"https:\/\/i0.wp.com\/sindicatodosbancarios.org.br\/site2022\/wp-content\/uploads\/2020\/08\/carteira-de-trabalho-1579890725178_v2_900x506.jpg?resize=350%2C200&ssl=1","width":350,"height":200},"classes":[]},{"id":5630,"url":"https:\/\/sindicatodosbancarios.org.br\/site2022\/2021\/08\/20\/informe-bancario-197-2021-fenaban-promete-manter-jornada-prevista-na-cct\/","url_meta":{"origin":3024,"position":1},"title":"INFORME BANC\u00c1RIO \u2013 197\/2021 FENABAN PROMETE MANTER JORNADA PREVISTA NA CCT","date":"20 de agosto de 2021","format":false,"excerpt":"MP do Governo Bolsonaro passou na C\u00e2mara e vai para o Senado. A mobiliza\u00e7\u00e3o do Movimento Sindical vai continuar para deter a retirada de direitos sem precedentes. A C\u00e2mara dos Deputados aprovou, dia 12 de agosto, a Medida Provis\u00f3ria 1045\/2021, editada pelo Governo Federal em abril e que institui o\u2026","rel":"","context":"Em &quot;Geral&quot;","img":{"alt_text":"","src":"https:\/\/i0.wp.com\/sindicatodosbancarios.org.br\/site2022\/wp-content\/uploads\/2020\/06\/46735750392_c403dc52f0_b.jpg?resize=350%2C200&ssl=1","width":350,"height":200},"classes":[]},{"id":4281,"url":"https:\/\/sindicatodosbancarios.org.br\/site2022\/2020\/08\/17\/informe-bancario-297-2020-campanha-salarial-2020-fenaban\/","url_meta":{"origin":3024,"position":2},"title":"INFORME BANC\u00c1RIO \u2013 297\/2020 Campanha salarial 2020 \u2013 FENABAN","date":"17 de agosto de 2020","format":false,"excerpt":"A partir das 14h,\u00a0desta\u00a0sexta-feira(14), via\u00a0remota\/virtual, a Comiss\u00e3o Executiva Banc\u00e1ria Nacional de Negocia\u00e7\u00e3o \u2013 CEBNN\/CONTEC\u00a0realizou\u00a0a\u00a0s\u00e9tima\u00a0reuni\u00e3o\u00a0com\u00a0a\u00a0Comiss\u00e3o de Negocia\u00e7\u00e3o da\u00a0FENABAN,\u00a0para\u00a0dar continuidade aos\u00a0debates\u00a0das reivindica\u00e7\u00f5es dos\u00a0banc\u00e1rios. O objetivo da categoria \u00e9\u00a0a manuten\u00e7\u00e3o dos atuais\u00a0direitos\u00a0alem de\u00a0acrescentar outros benef\u00edcios \u00e0\u00a0Conven\u00e7\u00e3o\u00a0Coletiva de\u00a0Trabalho,\u00a0para melhorar a qualidade\u00a0de vida\u00a0dos\u00a0trabalhadores\u00a0e\u00a0o\u00a0adequado\u00a0atendimento da sociedade. Na\u00a0reuni\u00e3o\u00a0foram debatidos temas relacionados ao dimensionamento\u00a0do quadro de funcion\u00e1rios por\u2026","rel":"","context":"Em &quot;Banco do Brasil&quot;","img":{"alt_text":"","src":"https:\/\/i0.wp.com\/sindicatodosbancarios.org.br\/site2022\/wp-content\/uploads\/2020\/08\/BEDD0270-C889-4668-91EC-9BA7152B423F-1.jpeg?resize=350%2C200&ssl=1","width":350,"height":200},"classes":[]},{"id":5276,"url":"https:\/\/sindicatodosbancarios.org.br\/site2022\/2021\/03\/29\/informe-bancarios-91-2021-sindicato-conquistou-avancos-nos-feriados-confira-banco-a-banco\/","url_meta":{"origin":3024,"position":3},"title":"INFORME BANC\u00c1RIOS \u2013 91\/2021 Sindicato conquistou avan\u00e7os nos feriados. Confira banco a banco","date":"29 de mar\u00e7o de 2021","format":false,"excerpt":"Bancos funcionar\u00e3o nos feriados antecipados, mas Sindicato negociou com cada um medidas positivas para os trabalhadores, como redu\u00e7\u00e3o do n\u00famero de empregados no presencial e do funcionamento das ag\u00eancias, entre outras. Confira banco a banco Sindicato negocia com Ita\u00fa pontua\u00e7\u00e3o m\u00ednima no Gera na antecipa\u00e7\u00e3o dos feriados Ag\u00eancias e departamentos\u2026","rel":"","context":"Em &quot;Banco do Brasil&quot;","img":{"alt_text":"","src":"https:\/\/i0.wp.com\/sindicatodosbancarios.org.br\/site2022\/wp-content\/uploads\/2020\/12\/investimento-em-bancos.jpg?resize=350%2C200&ssl=1","width":350,"height":200},"classes":[]},{"id":5586,"url":"https:\/\/sindicatodosbancarios.org.br\/site2022\/2021\/08\/09\/informe-bancario-184-2021-comissao-do-senado-aprecia-projetos-que-alteram-regras-da-reforma-trabalhista\/","url_meta":{"origin":3024,"position":4},"title":"INFORME BANC\u00c1RIO \u2013 184\/2021 Comiss\u00e3o do Senado aprecia projetos que alteram regras da reforma trabalhista","date":"9 de agosto de 2021","format":false,"excerpt":"Na primeira reuni\u00e3o para vota\u00e7\u00e3o de projetos desde o in\u00edcio da pandemia, a Comiss\u00e3o de Direitos Humanos e Legisla\u00e7\u00e3o Participativa (CDH) se re\u00fane na segunda-feira (9), \u00e0s 14h, para analisar 50 itens, entre eles, propostas que buscam alterar pontos da reforma trabalhista aprovada em 2017 (Lei 13.467, de 2017). Um\u2026","rel":"","context":"Em &quot;Geral&quot;","img":{"alt_text":"","src":"https:\/\/i0.wp.com\/sindicatodosbancarios.org.br\/site2022\/wp-content\/uploads\/2021\/08\/paulo-paim.jpg?resize=350%2C200&ssl=1","width":350,"height":200},"classes":[]},{"id":5919,"url":"https:\/\/sindicatodosbancarios.org.br\/site2022\/2022\/02\/21\/informe-bancario-21-2022-proposta-autoriza-parcelamento-de-participacao-dos-trabalhadores-nos-lucros-da-empresa\/","url_meta":{"origin":3024,"position":5},"title":"INFORME BANC\u00c1RIO \u2013 21\/2022 Proposta autoriza parcelamento de participa\u00e7\u00e3o dos trabalhadores nos lucros da empresa","date":"21 de fevereiro de 2022","format":false,"excerpt":"O Projeto de Lei 3551\/21 revoga dois dispositivos da Lei 10.101\/00 para permitir o parcelamento da participa\u00e7\u00e3o dos trabalhadores nos lucros ou resultados das\u00a0empresas\u00a0(PLR). O texto tramita na\u00a0C\u00e2mara dos Deputados. A lei regula a distribui\u00e7\u00e3o da PLR entre os trabalhadores. Os dois dispositivos revogados (par\u00e1grafos 2\u00ba e 4\u00ba do art.\u2026","rel":"","context":"Em &quot;Banco do Brasil&quot;","img":{"alt_text":"","src":"https:\/\/i0.wp.com\/sindicatodosbancarios.org.br\/site2022\/wp-content\/uploads\/2022\/02\/carlos-bezerra.jpg?resize=350%2C200&ssl=1","width":350,"height":200},"classes":[]}],"_links":{"self":[{"href":"https:\/\/sindicatodosbancarios.org.br\/site2022\/wp-json\/wp\/v2\/posts\/3024"}],"collection":[{"href":"https:\/\/sindicatodosbancarios.org.br\/site2022\/wp-json\/wp\/v2\/posts"}],"about":[{"href":"https:\/\/sindicatodosbancarios.org.br\/site2022\/wp-json\/wp\/v2\/types\/post"}],"author":[{"embeddable":true,"href":"https:\/\/sindicatodosbancarios.org.br\/site2022\/wp-json\/wp\/v2\/users\/2"}],"replies":[{"embeddable":true,"href":"https:\/\/sindicatodosbancarios.org.br\/site2022\/wp-json\/wp\/v2\/comments?post=3024"}],"version-history":[{"count":1,"href":"https:\/\/sindicatodosbancarios.org.br\/site2022\/wp-json\/wp\/v2\/posts\/3024\/revisions"}],"predecessor-version":[{"id":3025,"href":"https:\/\/sindicatodosbancarios.org.br\/site2022\/wp-json\/wp\/v2\/posts\/3024\/revisions\/3025"}],"wp:featuredmedia":[{"embeddable":true,"href":"https:\/\/sindicatodosbancarios.org.br\/site2022\/wp-json\/wp\/v2\/media\/1728"}],"wp:attachment":[{"href":"https:\/\/sindicatodosbancarios.org.br\/site2022\/wp-json\/wp\/v2\/media?parent=3024"}],"wp:term":[{"taxonomy":"category","embeddable":true,"href":"https:\/\/sindicatodosbancarios.org.br\/site2022\/wp-json\/wp\/v2\/categories?post=3024"},{"taxonomy":"post_tag","embeddable":true,"href":"https:\/\/sindicatodosbancarios.org.br\/site2022\/wp-json\/wp\/v2\/tags?post=3024"}],"curies":[{"name":"wp","href":"https:\/\/api.w.org\/{rel}","templated":true}]}}