{"id":3033,"date":"2019-07-19T15:10:35","date_gmt":"2019-07-19T18:10:35","guid":{"rendered":"https:\/\/sindicatodosbancarios.org.br\/?p=3033"},"modified":"2019-07-19T15:10:35","modified_gmt":"2019-07-19T18:10:35","slug":"informe-bancario-034-2019-servidor-de-estatal-sera-demitido-ao-se-aposentar","status":"publish","type":"post","link":"https:\/\/sindicatodosbancarios.org.br\/site2022\/2019\/07\/19\/informe-bancario-034-2019-servidor-de-estatal-sera-demitido-ao-se-aposentar\/","title":{"rendered":"INFORME BANC\u00c1RIO &#8211; 034 \/ 2019 &#8211; SERVIDOR DE ESTATAL SER\u00c1 DEMITIDO AO SE APOSENTAR"},"content":{"rendered":"<p>O trabalhador de empresa estatal ter\u00e1 o seu v\u00ednculo empregat\u00edcio rompido automaticamente no momento em que<br \/>\nobtiver a aposentadoria por tempo de contribui\u00e7\u00e3o. Essa norma consta do texto da reforma da Previd\u00eancia Social<br \/>\naprovado em primeiro turno pela C\u00e2mara dos Deputados. Atualmente, o empregado se aposenta e continua na<br \/>\nempresa, como ocorre com os trabalhadores da iniciativa privada.<\/p>\n<p>A medida n\u00e3o atinge aqueles que j\u00e1 est\u00e3o aposentados e continuam trabalhando nas empresas, de acordo com o<br \/>\nartigo sexto da proposta aprovada pela C\u00e2mara. A mudan\u00e7a s\u00f3 atingir\u00e1 as pessoas que se aposentarem por tempo de<br \/>\ncontribui\u00e7\u00e3o ap\u00f3s a promulga\u00e7\u00e3o da reforma, que ainda precisa ser aprovada em segundo turno pelos Deputados e<br \/>\npelos Senadores, em dois turnos.<\/p>\n<p>Ao fim de 2018, o n\u00famero de empregados dessas empresas era de 494,9 mil, de acordo com o Boletim das Empresas<br \/>\nEstatais Federais, editado pela Secretaria de Coordena\u00e7\u00e3o e Governan\u00e7a das Empresas Estatais. Do total, 199,9 mil estavam nas estatais do setor financeiro. O Boletim n\u00e3o informa o n\u00famero de empregados aposentados e que continuam trabalhando nas estatais. Foi o relator da reforma da Previd\u00eancia, deputado Samuel Moreira (PSDB-SP), que elaborou a reda\u00e7\u00e3o da medida aprovada pela C\u00e2mara. A medida foi introduzida no artigo 37 de Constitui\u00e7\u00e3o, como par\u00e1grafo 14\u00ba.<\/p>\n<p>Na proposta de emenda constitucional (PEC) 06\/2019, encaminhada pelo governo Bolsonaro ao Congresso, a reda\u00e7\u00e3o era diferente.<\/p>\n<p>O governo prop\u00f4s alterar o par\u00e1grafo 10, do artigo 37, que veda a percep\u00e7\u00e3o simult\u00e2nea, por parte dos servidores estatut\u00e1rios, de proventos de aposentadoria com a remunera\u00e7\u00e3o de cargo, emprego ou fun\u00e7\u00e3o p\u00fablica, ressalvados os casos permitidos pelo texto constitucional.<\/p>\n<p>A proposta do governo estendia a proibi\u00e7\u00e3o aos servidores da administra\u00e7\u00e3o indireta, ou seja, de estatais, que s\u00e3o<br \/>\nregidos pela CLT e contribuem para o Regime Geral da Previd\u00eancia Social (RGPS). O deputado Samuel Moreira deixou o par\u00e1grafo 10 inalterado e criou o par\u00e1grafo 14, com a decis\u00e3o de romper o v\u00ednculo empregat\u00edcio no momento da concess\u00e3o da aposentadoria.<\/p>\n<p>Atualmente, o empregado da estatal se aposenta e continua trabalhando na empresa, como ocorre com os trabalhadores da iniciativa privada. A aposentadoria n\u00e3o implica rompimento do v\u00ednculo empregat\u00edcio. Se for demitido pela empresa, ele ter\u00e1 direito de receber a multa do FGTS.<\/p>\n<p>Por causa dos encargos trabalhistas, a empresa termina n\u00e3o demitindo o empregado. Em muitos casos, o empregado aposentado da estatal s\u00f3 sai da empresa nos programas de demiss\u00e3o volunt\u00e1rias, os chamados PDVs.<\/p>\n<p>O governo acredita que a situa\u00e7\u00e3o atual estimula as aposentadorias precoces, al\u00e9m de transformar a aposentadoria<br \/>\nem um complemento de renda. Por defini\u00e7\u00e3o, argumentam os t\u00e9cnicos ouvidos pelo Valor, a aposentadoria deve ser<br \/>\npaga para aqueles que n\u00e3o est\u00e3o mais no mercado de trabalho.<\/p>\n<p><span style=\"font-size: 8pt;\">FONTE: VALOR ECON\u00d4MICO<\/span><\/p>\n","protected":false},"excerpt":{"rendered":"<p>O trabalhador de empresa estatal ter\u00e1 o seu v\u00ednculo empregat\u00edcio rompido automaticamente no momento em que obtiver a [&hellip;]<\/p>\n","protected":false},"author":2,"featured_media":1650,"comment_status":"open","ping_status":"open","sticky":false,"template":"","format":"standard","meta":{"jetpack_post_was_ever_published":false,"jetpack_publicize_message":"","jetpack_is_tweetstorm":false,"jetpack_publicize_feature_enabled":true,"jetpack_social_post_already_shared":true,"jetpack_social_options":[]},"categories":[1],"tags":[],"jetpack_publicize_connections":[],"acf":[],"yoast_head":"<!-- This site is optimized with the Yoast SEO plugin v19.14 - https:\/\/yoast.com\/wordpress\/plugins\/seo\/ -->\n<title>INFORME BANC\u00c1RIO - 034 \/ 2019 - SERVIDOR DE ESTATAL SER\u00c1 DEMITIDO AO SE APOSENTAR - Sindicato dos Banc\u00e1rios de S\u00e3o Bento do Sul e Regi\u00e3o<\/title>\n<meta name=\"robots\" content=\"index, follow, max-snippet:-1, max-image-preview:large, max-video-preview:-1\" \/>\n<link rel=\"canonical\" href=\"https:\/\/sindicatodosbancarios.org.br\/site2022\/2019\/07\/19\/informe-bancario-034-2019-servidor-de-estatal-sera-demitido-ao-se-aposentar\/\" \/>\n<meta property=\"og:locale\" content=\"pt_BR\" \/>\n<meta property=\"og:type\" content=\"article\" \/>\n<meta property=\"og:title\" content=\"INFORME BANC\u00c1RIO - 034 \/ 2019 - SERVIDOR DE ESTATAL SER\u00c1 DEMITIDO AO SE APOSENTAR - Sindicato dos Banc\u00e1rios de S\u00e3o Bento do Sul e Regi\u00e3o\" \/>\n<meta property=\"og:description\" content=\"O trabalhador de empresa estatal ter\u00e1 o seu v\u00ednculo empregat\u00edcio rompido automaticamente no momento em que obtiver a [&hellip;]\" \/>\n<meta property=\"og:url\" content=\"https:\/\/sindicatodosbancarios.org.br\/site2022\/2019\/07\/19\/informe-bancario-034-2019-servidor-de-estatal-sera-demitido-ao-se-aposentar\/\" \/>\n<meta property=\"og:site_name\" content=\"Sindicato dos Banc\u00e1rios de S\u00e3o Bento do Sul e Regi\u00e3o\" \/>\n<meta property=\"article:author\" content=\"https:\/\/www.facebook.com\/seeb.sbs.9\" \/>\n<meta property=\"article:published_time\" content=\"2019-07-19T18:10:35+00:00\" \/>\n<meta property=\"og:image\" content=\"https:\/\/sindicatodosbancarios.org.br\/site2022\/wp-content\/uploads\/2017\/08\/45.jpg\" \/>\n\t<meta property=\"og:image:width\" content=\"1280\" \/>\n\t<meta property=\"og:image:height\" content=\"859\" \/>\n\t<meta property=\"og:image:type\" content=\"image\/jpeg\" \/>\n<meta name=\"author\" content=\"Sindicato dos Banc\u00e1rios S\u00e3o Bento do Sul e Regi\u00e3o\" \/>\n<meta name=\"twitter:card\" content=\"summary_large_image\" \/>\n<meta name=\"twitter:label1\" content=\"Escrito por\" \/>\n\t<meta name=\"twitter:data1\" content=\"Sindicato dos Banc\u00e1rios S\u00e3o Bento do Sul e Regi\u00e3o\" \/>\n\t<meta name=\"twitter:label2\" content=\"Est. tempo de leitura\" \/>\n\t<meta name=\"twitter:data2\" content=\"2 minutos\" \/>\n<script type=\"application\/ld+json\" class=\"yoast-schema-graph\">{\"@context\":\"https:\/\/schema.org\",\"@graph\":[{\"@type\":\"Article\",\"@id\":\"https:\/\/sindicatodosbancarios.org.br\/site2022\/2019\/07\/19\/informe-bancario-034-2019-servidor-de-estatal-sera-demitido-ao-se-aposentar\/#article\",\"isPartOf\":{\"@id\":\"https:\/\/sindicatodosbancarios.org.br\/site2022\/2019\/07\/19\/informe-bancario-034-2019-servidor-de-estatal-sera-demitido-ao-se-aposentar\/\"},\"author\":{\"name\":\"Sindicato dos Banc\u00e1rios S\u00e3o Bento do Sul e Regi\u00e3o\",\"@id\":\"https:\/\/sindicatodosbancarios.org.br\/site2022\/#\/schema\/person\/a7d92da77d1084df4d28b57962f1e1bd\"},\"headline\":\"INFORME BANC\u00c1RIO &#8211; 034 \/ 2019 &#8211; SERVIDOR DE ESTATAL SER\u00c1 DEMITIDO AO SE APOSENTAR\",\"datePublished\":\"2019-07-19T18:10:35+00:00\",\"dateModified\":\"2019-07-19T18:10:35+00:00\",\"mainEntityOfPage\":{\"@id\":\"https:\/\/sindicatodosbancarios.org.br\/site2022\/2019\/07\/19\/informe-bancario-034-2019-servidor-de-estatal-sera-demitido-ao-se-aposentar\/\"},\"wordCount\":501,\"commentCount\":0,\"publisher\":{\"@id\":\"https:\/\/sindicatodosbancarios.org.br\/site2022\/#organization\"},\"articleSection\":[\"Geral\"],\"inLanguage\":\"pt-BR\",\"potentialAction\":[{\"@type\":\"CommentAction\",\"name\":\"Comment\",\"target\":[\"https:\/\/sindicatodosbancarios.org.br\/site2022\/2019\/07\/19\/informe-bancario-034-2019-servidor-de-estatal-sera-demitido-ao-se-aposentar\/#respond\"]}]},{\"@type\":\"WebPage\",\"@id\":\"https:\/\/sindicatodosbancarios.org.br\/site2022\/2019\/07\/19\/informe-bancario-034-2019-servidor-de-estatal-sera-demitido-ao-se-aposentar\/\",\"url\":\"https:\/\/sindicatodosbancarios.org.br\/site2022\/2019\/07\/19\/informe-bancario-034-2019-servidor-de-estatal-sera-demitido-ao-se-aposentar\/\",\"name\":\"INFORME BANC\u00c1RIO - 034 \/ 2019 - SERVIDOR DE ESTATAL SER\u00c1 DEMITIDO AO SE APOSENTAR - Sindicato dos Banc\u00e1rios de S\u00e3o Bento do Sul e Regi\u00e3o\",\"isPartOf\":{\"@id\":\"https:\/\/sindicatodosbancarios.org.br\/site2022\/#website\"},\"datePublished\":\"2019-07-19T18:10:35+00:00\",\"dateModified\":\"2019-07-19T18:10:35+00:00\",\"breadcrumb\":{\"@id\":\"https:\/\/sindicatodosbancarios.org.br\/site2022\/2019\/07\/19\/informe-bancario-034-2019-servidor-de-estatal-sera-demitido-ao-se-aposentar\/#breadcrumb\"},\"inLanguage\":\"pt-BR\",\"potentialAction\":[{\"@type\":\"ReadAction\",\"target\":[\"https:\/\/sindicatodosbancarios.org.br\/site2022\/2019\/07\/19\/informe-bancario-034-2019-servidor-de-estatal-sera-demitido-ao-se-aposentar\/\"]}]},{\"@type\":\"BreadcrumbList\",\"@id\":\"https:\/\/sindicatodosbancarios.org.br\/site2022\/2019\/07\/19\/informe-bancario-034-2019-servidor-de-estatal-sera-demitido-ao-se-aposentar\/#breadcrumb\",\"itemListElement\":[{\"@type\":\"ListItem\",\"position\":1,\"name\":\"In\u00edcio\",\"item\":\"https:\/\/sindicatodosbancarios.org.br\/site2022\/\"},{\"@type\":\"ListItem\",\"position\":2,\"name\":\"INFORME BANC\u00c1RIO &#8211; 034 \/ 2019 &#8211; SERVIDOR DE ESTATAL SER\u00c1 DEMITIDO AO SE APOSENTAR\"}]},{\"@type\":\"WebSite\",\"@id\":\"https:\/\/sindicatodosbancarios.org.br\/site2022\/#website\",\"url\":\"https:\/\/sindicatodosbancarios.org.br\/site2022\/\",\"name\":\"Sindicato dos Banc\u00e1rios de S\u00e3o Bento do Sul e Regi\u00e3o\",\"description\":\"Website institucional do Sindicato dos Banc\u00e1rios de S\u00e3o Bento do Sul e Regi\u00e3o\",\"publisher\":{\"@id\":\"https:\/\/sindicatodosbancarios.org.br\/site2022\/#organization\"},\"potentialAction\":[{\"@type\":\"SearchAction\",\"target\":{\"@type\":\"EntryPoint\",\"urlTemplate\":\"https:\/\/sindicatodosbancarios.org.br\/site2022\/?s={search_term_string}\"},\"query-input\":\"required name=search_term_string\"}],\"inLanguage\":\"pt-BR\"},{\"@type\":\"Organization\",\"@id\":\"https:\/\/sindicatodosbancarios.org.br\/site2022\/#organization\",\"name\":\"Sindicato dos Banc\u00e1rios de S\u00e3o Bento do Sul e Regi\u00e3o\",\"url\":\"https:\/\/sindicatodosbancarios.org.br\/site2022\/\",\"logo\":{\"@type\":\"ImageObject\",\"inLanguage\":\"pt-BR\",\"@id\":\"https:\/\/sindicatodosbancarios.org.br\/site2022\/#\/schema\/logo\/image\/\",\"url\":\"https:\/\/sindicatodosbancarios.org.br\/site2022\/wp-content\/uploads\/2017\/06\/cropped-logo-2.png\",\"contentUrl\":\"https:\/\/sindicatodosbancarios.org.br\/site2022\/wp-content\/uploads\/2017\/06\/cropped-logo-2.png\",\"width\":292,\"height\":292,\"caption\":\"Sindicato dos Banc\u00e1rios de S\u00e3o Bento do Sul e Regi\u00e3o\"},\"image\":{\"@id\":\"https:\/\/sindicatodosbancarios.org.br\/site2022\/#\/schema\/logo\/image\/\"}},{\"@type\":\"Person\",\"@id\":\"https:\/\/sindicatodosbancarios.org.br\/site2022\/#\/schema\/person\/a7d92da77d1084df4d28b57962f1e1bd\",\"name\":\"Sindicato dos Banc\u00e1rios S\u00e3o Bento do Sul e Regi\u00e3o\",\"image\":{\"@type\":\"ImageObject\",\"inLanguage\":\"pt-BR\",\"@id\":\"https:\/\/sindicatodosbancarios.org.br\/site2022\/#\/schema\/person\/image\/\",\"url\":\"https:\/\/secure.gravatar.com\/avatar\/f1d1a06f698f2345352e539387180d42?s=96&d=mm&r=g\",\"contentUrl\":\"https:\/\/secure.gravatar.com\/avatar\/f1d1a06f698f2345352e539387180d42?s=96&d=mm&r=g\",\"caption\":\"Sindicato dos Banc\u00e1rios S\u00e3o Bento do Sul e Regi\u00e3o\"},\"sameAs\":[\"http:\/\/sindicatodosbancarios.org.br\/site2022\/\",\"https:\/\/www.facebook.com\/seeb.sbs.9\"],\"url\":\"https:\/\/sindicatodosbancarios.org.br\/site2022\/author\/sindicatodosbancarios\/\"}]}<\/script>\n<!-- \/ Yoast SEO plugin. -->","yoast_head_json":{"title":"INFORME BANC\u00c1RIO - 034 \/ 2019 - SERVIDOR DE ESTATAL SER\u00c1 DEMITIDO AO SE APOSENTAR - Sindicato dos Banc\u00e1rios de S\u00e3o Bento do Sul e Regi\u00e3o","robots":{"index":"index","follow":"follow","max-snippet":"max-snippet:-1","max-image-preview":"max-image-preview:large","max-video-preview":"max-video-preview:-1"},"canonical":"https:\/\/sindicatodosbancarios.org.br\/site2022\/2019\/07\/19\/informe-bancario-034-2019-servidor-de-estatal-sera-demitido-ao-se-aposentar\/","og_locale":"pt_BR","og_type":"article","og_title":"INFORME BANC\u00c1RIO - 034 \/ 2019 - SERVIDOR DE ESTATAL SER\u00c1 DEMITIDO AO SE APOSENTAR - Sindicato dos Banc\u00e1rios de S\u00e3o Bento do Sul e Regi\u00e3o","og_description":"O trabalhador de empresa estatal ter\u00e1 o seu v\u00ednculo empregat\u00edcio rompido automaticamente no momento em que obtiver a [&hellip;]","og_url":"https:\/\/sindicatodosbancarios.org.br\/site2022\/2019\/07\/19\/informe-bancario-034-2019-servidor-de-estatal-sera-demitido-ao-se-aposentar\/","og_site_name":"Sindicato dos Banc\u00e1rios de S\u00e3o Bento do Sul e Regi\u00e3o","article_author":"https:\/\/www.facebook.com\/seeb.sbs.9","article_published_time":"2019-07-19T18:10:35+00:00","og_image":[{"width":1280,"height":859,"url":"https:\/\/sindicatodosbancarios.org.br\/site2022\/wp-content\/uploads\/2017\/08\/45.jpg","type":"image\/jpeg"}],"author":"Sindicato dos Banc\u00e1rios S\u00e3o Bento do Sul e Regi\u00e3o","twitter_card":"summary_large_image","twitter_misc":{"Escrito por":"Sindicato dos Banc\u00e1rios S\u00e3o Bento do Sul e Regi\u00e3o","Est. tempo de leitura":"2 minutos"},"schema":{"@context":"https:\/\/schema.org","@graph":[{"@type":"Article","@id":"https:\/\/sindicatodosbancarios.org.br\/site2022\/2019\/07\/19\/informe-bancario-034-2019-servidor-de-estatal-sera-demitido-ao-se-aposentar\/#article","isPartOf":{"@id":"https:\/\/sindicatodosbancarios.org.br\/site2022\/2019\/07\/19\/informe-bancario-034-2019-servidor-de-estatal-sera-demitido-ao-se-aposentar\/"},"author":{"name":"Sindicato dos Banc\u00e1rios S\u00e3o Bento do Sul e Regi\u00e3o","@id":"https:\/\/sindicatodosbancarios.org.br\/site2022\/#\/schema\/person\/a7d92da77d1084df4d28b57962f1e1bd"},"headline":"INFORME BANC\u00c1RIO &#8211; 034 \/ 2019 &#8211; SERVIDOR DE ESTATAL SER\u00c1 DEMITIDO AO SE APOSENTAR","datePublished":"2019-07-19T18:10:35+00:00","dateModified":"2019-07-19T18:10:35+00:00","mainEntityOfPage":{"@id":"https:\/\/sindicatodosbancarios.org.br\/site2022\/2019\/07\/19\/informe-bancario-034-2019-servidor-de-estatal-sera-demitido-ao-se-aposentar\/"},"wordCount":501,"commentCount":0,"publisher":{"@id":"https:\/\/sindicatodosbancarios.org.br\/site2022\/#organization"},"articleSection":["Geral"],"inLanguage":"pt-BR","potentialAction":[{"@type":"CommentAction","name":"Comment","target":["https:\/\/sindicatodosbancarios.org.br\/site2022\/2019\/07\/19\/informe-bancario-034-2019-servidor-de-estatal-sera-demitido-ao-se-aposentar\/#respond"]}]},{"@type":"WebPage","@id":"https:\/\/sindicatodosbancarios.org.br\/site2022\/2019\/07\/19\/informe-bancario-034-2019-servidor-de-estatal-sera-demitido-ao-se-aposentar\/","url":"https:\/\/sindicatodosbancarios.org.br\/site2022\/2019\/07\/19\/informe-bancario-034-2019-servidor-de-estatal-sera-demitido-ao-se-aposentar\/","name":"INFORME BANC\u00c1RIO - 034 \/ 2019 - SERVIDOR DE ESTATAL SER\u00c1 DEMITIDO AO SE APOSENTAR - Sindicato dos Banc\u00e1rios de S\u00e3o Bento do Sul e Regi\u00e3o","isPartOf":{"@id":"https:\/\/sindicatodosbancarios.org.br\/site2022\/#website"},"datePublished":"2019-07-19T18:10:35+00:00","dateModified":"2019-07-19T18:10:35+00:00","breadcrumb":{"@id":"https:\/\/sindicatodosbancarios.org.br\/site2022\/2019\/07\/19\/informe-bancario-034-2019-servidor-de-estatal-sera-demitido-ao-se-aposentar\/#breadcrumb"},"inLanguage":"pt-BR","potentialAction":[{"@type":"ReadAction","target":["https:\/\/sindicatodosbancarios.org.br\/site2022\/2019\/07\/19\/informe-bancario-034-2019-servidor-de-estatal-sera-demitido-ao-se-aposentar\/"]}]},{"@type":"BreadcrumbList","@id":"https:\/\/sindicatodosbancarios.org.br\/site2022\/2019\/07\/19\/informe-bancario-034-2019-servidor-de-estatal-sera-demitido-ao-se-aposentar\/#breadcrumb","itemListElement":[{"@type":"ListItem","position":1,"name":"In\u00edcio","item":"https:\/\/sindicatodosbancarios.org.br\/site2022\/"},{"@type":"ListItem","position":2,"name":"INFORME BANC\u00c1RIO &#8211; 034 \/ 2019 &#8211; SERVIDOR DE ESTATAL SER\u00c1 DEMITIDO AO SE APOSENTAR"}]},{"@type":"WebSite","@id":"https:\/\/sindicatodosbancarios.org.br\/site2022\/#website","url":"https:\/\/sindicatodosbancarios.org.br\/site2022\/","name":"Sindicato dos Banc\u00e1rios de S\u00e3o Bento do Sul e Regi\u00e3o","description":"Website institucional do Sindicato dos Banc\u00e1rios de S\u00e3o Bento do Sul e Regi\u00e3o","publisher":{"@id":"https:\/\/sindicatodosbancarios.org.br\/site2022\/#organization"},"potentialAction":[{"@type":"SearchAction","target":{"@type":"EntryPoint","urlTemplate":"https:\/\/sindicatodosbancarios.org.br\/site2022\/?s={search_term_string}"},"query-input":"required name=search_term_string"}],"inLanguage":"pt-BR"},{"@type":"Organization","@id":"https:\/\/sindicatodosbancarios.org.br\/site2022\/#organization","name":"Sindicato dos Banc\u00e1rios de S\u00e3o Bento do Sul e Regi\u00e3o","url":"https:\/\/sindicatodosbancarios.org.br\/site2022\/","logo":{"@type":"ImageObject","inLanguage":"pt-BR","@id":"https:\/\/sindicatodosbancarios.org.br\/site2022\/#\/schema\/logo\/image\/","url":"https:\/\/sindicatodosbancarios.org.br\/site2022\/wp-content\/uploads\/2017\/06\/cropped-logo-2.png","contentUrl":"https:\/\/sindicatodosbancarios.org.br\/site2022\/wp-content\/uploads\/2017\/06\/cropped-logo-2.png","width":292,"height":292,"caption":"Sindicato dos Banc\u00e1rios de S\u00e3o Bento do Sul e Regi\u00e3o"},"image":{"@id":"https:\/\/sindicatodosbancarios.org.br\/site2022\/#\/schema\/logo\/image\/"}},{"@type":"Person","@id":"https:\/\/sindicatodosbancarios.org.br\/site2022\/#\/schema\/person\/a7d92da77d1084df4d28b57962f1e1bd","name":"Sindicato dos Banc\u00e1rios S\u00e3o Bento do Sul e Regi\u00e3o","image":{"@type":"ImageObject","inLanguage":"pt-BR","@id":"https:\/\/sindicatodosbancarios.org.br\/site2022\/#\/schema\/person\/image\/","url":"https:\/\/secure.gravatar.com\/avatar\/f1d1a06f698f2345352e539387180d42?s=96&d=mm&r=g","contentUrl":"https:\/\/secure.gravatar.com\/avatar\/f1d1a06f698f2345352e539387180d42?s=96&d=mm&r=g","caption":"Sindicato dos Banc\u00e1rios S\u00e3o Bento do Sul e Regi\u00e3o"},"sameAs":["http:\/\/sindicatodosbancarios.org.br\/site2022\/","https:\/\/www.facebook.com\/seeb.sbs.9"],"url":"https:\/\/sindicatodosbancarios.org.br\/site2022\/author\/sindicatodosbancarios\/"}]}},"jetpack_featured_media_url":"https:\/\/sindicatodosbancarios.org.br\/site2022\/wp-content\/uploads\/2017\/08\/45.jpg","jetpack_sharing_enabled":true,"jetpack_shortlink":"https:\/\/wp.me\/p8RSbI-MV","jetpack-related-posts":[{"id":5524,"url":"https:\/\/sindicatodosbancarios.org.br\/site2022\/2021\/07\/07\/informe-bancario-164-2021-correios-governo-decide-vender-toda-a-estatal-em-leilao-unico\/","url_meta":{"origin":3033,"position":0},"title":"INFORME BANC\u00c1RIO \u2013 164\/2021 Correios: governo decide vender toda a estatal em leil\u00e3o \u00fanico","date":"7 de julho de 2021","format":false,"excerpt":"Empresa ser\u00e1 vendida a um \u00fanico comprador em certame previsto para mar\u00e7o. Projeto precisa ser aprovado pelo Congresso e envolve mudan\u00e7as na regula\u00e7\u00e3o O governo j\u00e1 definiu o modelo de privatiza\u00e7\u00e3o dos\u00a0Correios. A proposta que o Minist\u00e9rio da Economia quer ver aprovada pela C\u00e2mara dos Deputados j\u00e1 na semana que\u2026","rel":"","context":"Em &quot;Geral&quot;","img":{"alt_text":"","src":"https:\/\/i0.wp.com\/sindicatodosbancarios.org.br\/site2022\/wp-content\/uploads\/2021\/07\/CORREIOS-6.jpg?resize=350%2C200&ssl=1","width":350,"height":200},"classes":[]},{"id":4458,"url":"https:\/\/sindicatodosbancarios.org.br\/site2022\/2020\/09\/10\/informe-bancario-334-2020-inss-tem-nova-idade-minima-de-aposentadoria-em-2020-veja-como-fica\/","url_meta":{"origin":3033,"position":1},"title":"INFORME BANC\u00c1RIO \u2013 334\/2020 INSS tem nova idade m\u00ednima de aposentadoria em 2020; Veja como fica","date":"10 de setembro de 2020","format":false,"excerpt":"Saiba qual a idade m\u00ednima para se tornar um segurado do INSS em 2020 de acordo com cada regra de transi\u00e7\u00e3o. A\u00a0reforma da Previd\u00eancia\u00a0ainda gera muitas d\u00favidas relacionadas \u00e0 aposentadoria, sobretudo para quem est\u00e1 prestes a se tornar um segurado do Instituto Nacional do Seguro Social (INSS).\u00a0 Aprovada em novembro\u2026","rel":"","context":"Em &quot;Geral&quot;","img":{"alt_text":"","src":"https:\/\/i0.wp.com\/sindicatodosbancarios.org.br\/site2022\/wp-content\/uploads\/2020\/06\/n_42647_16228b5e1674c79bce66f686777a9b59.1.jpg?resize=350%2C200&ssl=1","width":350,"height":200},"classes":[]},{"id":4425,"url":"https:\/\/sindicatodosbancarios.org.br\/site2022\/2020\/09\/03\/informe-bancario-325-2020-a-aposentadoria-por-tempo-de-contribuicao-acabou-apos-reforma\/","url_meta":{"origin":3033,"position":2},"title":"INFORME BANC\u00c1RIO \u2013 325\/2020 A Aposentadoria por tempo de contribui\u00e7\u00e3o acabou ap\u00f3s Reforma?","date":"3 de setembro de 2020","format":false,"excerpt":"1. As altera\u00e7\u00f5es na aposentadoria por tempo de contribui\u00e7\u00e3o Nas regras previdenci\u00e1rias anteriormente vigentes, as aposentadorias eram conhecidas por aposentadoria \u201cpor tempo de contribui\u00e7\u00e3o\u201d, \u201cpor idade (rural ou urbana)\u201d, \u201cespecial\u201d e \u201cpor invalidez\u201d. Neste texto vou tratar das principais mudan\u00e7as na aposentadoria \u201cpor tempo de contribui\u00e7\u00e3o\u201d, tamb\u00e9m muito conhecida como\u2026","rel":"","context":"Em &quot;Geral&quot;","img":{"alt_text":"","src":"https:\/\/i0.wp.com\/sindicatodosbancarios.org.br\/site2022\/wp-content\/uploads\/2020\/09\/idoso-1.jpg?resize=350%2C200&ssl=1","width":350,"height":200},"classes":[]},{"id":5581,"url":"https:\/\/sindicatodosbancarios.org.br\/site2022\/2021\/08\/06\/informe-bancario-182-2021-veja-quem-ainda-consegue-se-aposentar-sem-idade-minima\/","url_meta":{"origin":3033,"position":3},"title":"INFORME BANC\u00c1RIO \u2013 182\/2021 Veja quem ainda consegue se aposentar sem idade m\u00ednima","date":"6 de agosto de 2021","format":false,"excerpt":"Reforma passou a exigir limite de idade; confira casos em que n\u00e3o \u00e9 preciso cumprir essa exig\u00eancia no INSS A principal\u00a0altera\u00e7\u00e3o nas regras das aposentadorias trazida pela reforma da Previd\u00eancia foi a cria\u00e7\u00e3o da idade m\u00ednima para pedir o benef\u00edcio ao INSS (Instituto Nacional do Seguro Social). No entanto, h\u00e1\u2026","rel":"","context":"Em &quot;Geral&quot;","img":{"alt_text":"","src":"https:\/\/i0.wp.com\/sindicatodosbancarios.org.br\/site2022\/wp-content\/uploads\/2021\/02\/ecv8by7wzopiiudr6exo2c0gh.jpg?resize=350%2C200&ssl=1","width":350,"height":200},"classes":[]},{"id":5623,"url":"https:\/\/sindicatodosbancarios.org.br\/site2022\/2021\/08\/19\/informe-bancario-195-2021-camara-conclui-aprovacao-de-nova-reforma-trabalhista-texto-vai-ao-senado\/","url_meta":{"origin":3033,"position":4},"title":"INFORME BANC\u00c1RIO \u2013 195\/2021 C\u00e2mara conclui aprova\u00e7\u00e3o de nova reforma trabalhista; texto vai ao Senado","date":"19 de agosto de 2021","format":false,"excerpt":"A C\u00e2mara dos Deputados concluiu nesta quinta-feira (12) a vota\u00e7\u00e3o de uma nova reforma trabalhista, mudando uma s\u00e9rie de regras para os trabalhadores. O texto-base da proposta j\u00e1 havia sido aprovado na ter\u00e7a, e agora os deputados conclu\u00edram a vota\u00e7\u00e3o de destaques, que s\u00e3o mudan\u00e7as no texto. Todos eles foram\u2026","rel":"","context":"Em &quot;Geral&quot;","img":{"alt_text":"","src":"https:\/\/i0.wp.com\/sindicatodosbancarios.org.br\/site2022\/wp-content\/uploads\/2021\/08\/Nova-reforma-trabalhista-com-reducao-de-salarios-750x450.jpeg?resize=350%2C200&ssl=1","width":350,"height":200},"classes":[]},{"id":5571,"url":"https:\/\/sindicatodosbancarios.org.br\/site2022\/2021\/07\/29\/informe-bancario-179-2021-pressionado-sabino-recua-e-mantem-incentivos-ao-vale-alimentacao-na-reforma\/","url_meta":{"origin":3033,"position":5},"title":"INFORME BANC\u00c1RIO \u2013 179\/2021 Pressionado, Sabino recua e mant\u00e9m incentivos ao vale-alimenta\u00e7\u00e3o na reforma","date":"29 de julho de 2021","format":false,"excerpt":"Proposta da reforma tribut\u00e1ria retirava os incentivos fiscais das empresas que participam do Programa de Alimenta\u00e7\u00e3o do Trabalhador (PAT) \u2013 algo que foi visto com temor por associa\u00e7\u00f5es e sindicatos. Ap\u00f3s sofrer press\u00e3o de entidades trabalhistas e de deputados da oposi\u00e7\u00e3o, o\u00a0deputado Celso Sabino (PSDB-PA)\u00a0e o Minist\u00e9rio da Economia recuaram\u2026","rel":"","context":"Em &quot;Geral&quot;","img":{"alt_text":"","src":"https:\/\/i0.wp.com\/sindicatodosbancarios.org.br\/site2022\/wp-content\/uploads\/2021\/07\/1_celso_sabino-6759637.jpg?resize=350%2C200&ssl=1","width":350,"height":200},"classes":[]}],"_links":{"self":[{"href":"https:\/\/sindicatodosbancarios.org.br\/site2022\/wp-json\/wp\/v2\/posts\/3033"}],"collection":[{"href":"https:\/\/sindicatodosbancarios.org.br\/site2022\/wp-json\/wp\/v2\/posts"}],"about":[{"href":"https:\/\/sindicatodosbancarios.org.br\/site2022\/wp-json\/wp\/v2\/types\/post"}],"author":[{"embeddable":true,"href":"https:\/\/sindicatodosbancarios.org.br\/site2022\/wp-json\/wp\/v2\/users\/2"}],"replies":[{"embeddable":true,"href":"https:\/\/sindicatodosbancarios.org.br\/site2022\/wp-json\/wp\/v2\/comments?post=3033"}],"version-history":[{"count":1,"href":"https:\/\/sindicatodosbancarios.org.br\/site2022\/wp-json\/wp\/v2\/posts\/3033\/revisions"}],"predecessor-version":[{"id":3034,"href":"https:\/\/sindicatodosbancarios.org.br\/site2022\/wp-json\/wp\/v2\/posts\/3033\/revisions\/3034"}],"wp:featuredmedia":[{"embeddable":true,"href":"https:\/\/sindicatodosbancarios.org.br\/site2022\/wp-json\/wp\/v2\/media\/1650"}],"wp:attachment":[{"href":"https:\/\/sindicatodosbancarios.org.br\/site2022\/wp-json\/wp\/v2\/media?parent=3033"}],"wp:term":[{"taxonomy":"category","embeddable":true,"href":"https:\/\/sindicatodosbancarios.org.br\/site2022\/wp-json\/wp\/v2\/categories?post=3033"},{"taxonomy":"post_tag","embeddable":true,"href":"https:\/\/sindicatodosbancarios.org.br\/site2022\/wp-json\/wp\/v2\/tags?post=3033"}],"curies":[{"name":"wp","href":"https:\/\/api.w.org\/{rel}","templated":true}]}}