{"id":3035,"date":"2019-07-19T15:23:49","date_gmt":"2019-07-19T18:23:49","guid":{"rendered":"https:\/\/sindicatodosbancarios.org.br\/?p=3035"},"modified":"2019-07-19T15:24:33","modified_gmt":"2019-07-19T18:24:33","slug":"informe-bancario-035-2019-nova-regra-tira-abono-salarial-de-127-milhoes","status":"publish","type":"post","link":"https:\/\/sindicatodosbancarios.org.br\/site2022\/2019\/07\/19\/informe-bancario-035-2019-nova-regra-tira-abono-salarial-de-127-milhoes\/","title":{"rendered":"INFORME BANC\u00c1RIO &#8211; 035 \/ 2019 &#8211; NOVA REGRA TIRA ABONO SALARIAL DE 12,7 MILH\u00d5ES"},"content":{"rendered":"<p>A proposta de reforma da Previd\u00eancia aprovada em primeiro turno na C\u00e2mara dos Deputados pode cortar o acesso de 12,7 milh\u00f5es de trabalhadores ao abono salarial. A exclus\u00e3o atingir\u00e1 54% dos 23,7 milh\u00f5es dos atuais benefici\u00e1rios do programa, que assegura hoje o valor de um sal\u00e1rio m\u00ednimo anual aos trabalhadores que recebem, em m\u00e9dia, at\u00e9 dois sal\u00e1rios m\u00ednimos de remunera\u00e7\u00e3o mensal de empregadores que contribuem para o PIS\/Pasep. Com a proposta de reforma aprovada na semana passada, que ainda depende de vota\u00e7\u00e3o em segundo turno na C\u00e2mara e mais dois turnos no Senado, o abono ser\u00e1 concedido para quem ganha at\u00e9 R$1.364,43, valor calculado pelo crit\u00e9rio previsto na Constitui\u00e7\u00e3o que define a condi\u00e7\u00e3o de baixa renda.<\/p>\n<p>Com a proposta de reforma aprovada na semana passada, que ainda depende de vota\u00e7\u00e3o em segundo turno na C\u00e2mara e mais dois turnos no Senado, o abono ser\u00e1 concedido para quem ganha at\u00e9 R$1.364,43, valor calculado pelo crit\u00e9rio previsto na Constitui\u00e7\u00e3o que define a condi\u00e7\u00e3o de baixa renda.<\/p>\n<p>Os c\u00e1lculos foram feitos pelo economista do Daniel Ferrer, do Departamento Intersindical de Estat\u00edstica e Estudos Socioecon\u00f4micos (Dieese), a pedido da Federa\u00e7\u00e3o dos Trabalhadores da Ind\u00fastria Qu\u00edmica e Farmac\u00eautica do Estado de S\u00e3o Paulo.<\/p>\n<p>De acordo com o levantamento, em estados com sal\u00e1rios m\u00ednimos regionais pr\u00f3prios a exclus\u00e3o pode alcan\u00e7ar 72% dos atuais benefici\u00e1rios, como \u00e9 o caso de Santa Catarina. Em S\u00e3o Paulo, afetaria 70,1% dos trabalhadores que recebem o abono no estado &#8211;o equivalente a 4 milh\u00f5es de pessoas.<\/p>\n<p>Proposta original era mais dura<\/p>\n<p>A proposta inicial de reforma enviada pelo governo Jair Bolsonaro ao Congresso limitava o direito ao recebimento do abono salarial aos trabalhadores cuja remunera\u00e7\u00e3o mensal m\u00e9dia tivesse sido de at\u00e9 um sal\u00e1rio m\u00ednimo. Na pr\u00e1tica a proposta inviabilizava o recebimento do abono para 94% dos trabalhadores atualmente beneficiados, mas o relator da proposta, Samuel Moreira (PSDB-SP), subiu a linha de corte para R$ 1.364,43.<\/p>\n<p>Apesar dos destaques apresentados em plen\u00e1rio na tentativa de remover essas barreiras \u00e0 concess\u00e3o do benef\u00edcio, o texto foi aprovado na C\u00e2mara tal como proposto pelo relator, garantindo uma economia de R$ 76,4 bilh\u00f5es em dez anos para as despesas do governo.<\/p>\n<p>Para o relator, houve avan\u00e7os no texto na dire\u00e7\u00e3o de proteger os trabalhadores de mais baixa renda. &#8220;Procuramos melhorar a PEC que recebemos, procuramos promover avan\u00e7os. Tivemos resultado&#8221;, disse Moreira. O deputado, por\u00e9m, defendeu que o abono seja rediscutido pelo governo e os recursos economizados transferidos para programas que atendam \u00e0 popula\u00e7\u00e3o mais carente.<\/p>\n<p>&#8220;Essa \u00e9 uma das partes nefastas da reforma da Previd\u00eancia, que exclui milh\u00f5es de trabalhadores ao direito do abono e, consequentemente retirar\u00e1 o direito de 12,7 milh\u00f5es de trabalhadores&#8221;, disse S\u00e9rgio Leite, da For\u00e7a Sindical.<\/p>\n<p>Procurada, a Secretaria de Previd\u00eancia do Minist\u00e9rio da Economia avaliou que a economia decorrente da maior &#8220;focaliza\u00e7\u00e3o&#8221; da pol\u00edtica do abono pode ser destinada a pol\u00edticas que realmente estimulam o emprego formal.<\/p>\n<p>Objetivo \u00e9 reduzir desigualdade<\/p>\n<p>O benef\u00edcio do abono, cujo desenho atual tem origem na Constitui\u00e7\u00e3o Federal de 1988, visava \u00e0 complementa\u00e7\u00e3o de renda dos trabalhadores formais de baixa remunera\u00e7\u00e3o, com rendimento m\u00e9dio mensal de at\u00e9 dois sal\u00e1rios m\u00ednimos. O objetivo declarado da pol\u00edtica era o da redu\u00e7\u00e3o da pobreza e diminui\u00e7\u00e3o da desigualdade entre os trabalhadores de mais baixos sal\u00e1rios.<\/p>\n<p>O poder de compra do sal\u00e1rio m\u00ednimo na \u00e9poca de sua regulamenta\u00e7\u00e3o, em 1990, era substancialmente inferior ao do sal\u00e1rio m\u00ednimo vigente desde 2010. O sal\u00e1rio m\u00ednimo em dezembro de 2018 tinha poder de compra quase tr\u00eas vezes superior ao vigente em dezembro de 1990.<\/p>\n<p>A consequ\u00eancia direta disso, destaca a secretaria, \u00e9 que 51,7% dos trabalhadores formais recebiam at\u00e9 dois sal\u00e1rios m\u00ednimo em 2017 (\u00faltimo dado dispon\u00edvel), ante 27% em 1990. Por outro lado, os trabalhadores formais de rendimento realmente baixos no mercado de trabalho (at\u00e9 um sal\u00e1rio m\u00ednimo) sempre representam entre 5,5% e 6% dos trabalhadores formais, mesmo nos per\u00edodos de maior pujan\u00e7a econ\u00f4mica e baixo desemprego.<\/p>\n<p>Segundo a secretaria, os R$ 16,7 bilh\u00f5es gastos com o abono em 2017 foram concentrados naqueles que ganharam mais de um sal\u00e1rio m\u00ednimo por m\u00eas. Para o governo, o que a Nova Previd\u00eancia prop\u00f5e nada mais \u00e9 do que reafirmar os objetivos originais da pol\u00edtica do abono de redu\u00e7\u00e3o da pobreza e da desigualdade no mercado de trabalho, s\u00f3 que com mais foco e mais efici\u00eancia.<\/p>\n<p><span style=\"font-size: 8pt;\">fonte: Estad\u00e3o conte\u00fado \/ Adriana Fernandes \/ Bras\u00edlia \/ 19\/07\/2019 &#8211; 11h03<\/span><\/p>\n","protected":false},"excerpt":{"rendered":"<p>A proposta de reforma da Previd\u00eancia aprovada em primeiro turno na C\u00e2mara dos Deputados pode cortar o acesso [&hellip;]<\/p>\n","protected":false},"author":2,"featured_media":2420,"comment_status":"open","ping_status":"open","sticky":false,"template":"","format":"standard","meta":{"jetpack_post_was_ever_published":false,"jetpack_publicize_message":"","jetpack_is_tweetstorm":false,"jetpack_publicize_feature_enabled":true,"jetpack_social_post_already_shared":true,"jetpack_social_options":[]},"categories":[1],"tags":[],"jetpack_publicize_connections":[],"acf":[],"yoast_head":"<!-- This site is optimized with the Yoast SEO plugin v19.14 - https:\/\/yoast.com\/wordpress\/plugins\/seo\/ -->\n<title>INFORME BANC\u00c1RIO - 035 \/ 2019 - NOVA REGRA TIRA ABONO SALARIAL DE 12,7 MILH\u00d5ES - Sindicato dos Banc\u00e1rios de S\u00e3o Bento do Sul e Regi\u00e3o<\/title>\n<meta name=\"robots\" content=\"index, follow, max-snippet:-1, max-image-preview:large, max-video-preview:-1\" \/>\n<link rel=\"canonical\" href=\"https:\/\/sindicatodosbancarios.org.br\/site2022\/2019\/07\/19\/informe-bancario-035-2019-nova-regra-tira-abono-salarial-de-127-milhoes\/\" \/>\n<meta property=\"og:locale\" content=\"pt_BR\" \/>\n<meta property=\"og:type\" content=\"article\" \/>\n<meta property=\"og:title\" content=\"INFORME BANC\u00c1RIO - 035 \/ 2019 - NOVA REGRA TIRA ABONO SALARIAL DE 12,7 MILH\u00d5ES - Sindicato dos Banc\u00e1rios de S\u00e3o Bento do Sul e Regi\u00e3o\" \/>\n<meta property=\"og:description\" content=\"A proposta de reforma da Previd\u00eancia aprovada em primeiro turno na C\u00e2mara dos Deputados pode cortar o acesso [&hellip;]\" \/>\n<meta property=\"og:url\" content=\"https:\/\/sindicatodosbancarios.org.br\/site2022\/2019\/07\/19\/informe-bancario-035-2019-nova-regra-tira-abono-salarial-de-127-milhoes\/\" \/>\n<meta property=\"og:site_name\" content=\"Sindicato dos Banc\u00e1rios de S\u00e3o Bento do Sul e Regi\u00e3o\" \/>\n<meta property=\"article:author\" content=\"https:\/\/www.facebook.com\/seeb.sbs.9\" \/>\n<meta property=\"article:published_time\" content=\"2019-07-19T18:23:49+00:00\" \/>\n<meta property=\"article:modified_time\" content=\"2019-07-19T18:24:33+00:00\" \/>\n<meta property=\"og:image\" content=\"https:\/\/sindicatodosbancarios.org.br\/site2022\/wp-content\/uploads\/2018\/01\/d62771bc-493e-413a-ba59-56f174cf3814.jpeg\" \/>\n\t<meta property=\"og:image:width\" content=\"768\" \/>\n\t<meta property=\"og:image:height\" content=\"512\" \/>\n\t<meta property=\"og:image:type\" content=\"image\/jpeg\" \/>\n<meta name=\"author\" content=\"Sindicato dos Banc\u00e1rios S\u00e3o Bento do Sul e Regi\u00e3o\" \/>\n<meta name=\"twitter:card\" content=\"summary_large_image\" \/>\n<meta name=\"twitter:label1\" content=\"Escrito por\" \/>\n\t<meta name=\"twitter:data1\" content=\"Sindicato dos Banc\u00e1rios S\u00e3o Bento do Sul e Regi\u00e3o\" \/>\n\t<meta name=\"twitter:label2\" content=\"Est. tempo de leitura\" \/>\n\t<meta name=\"twitter:data2\" content=\"4 minutos\" \/>\n<script type=\"application\/ld+json\" class=\"yoast-schema-graph\">{\"@context\":\"https:\/\/schema.org\",\"@graph\":[{\"@type\":\"Article\",\"@id\":\"https:\/\/sindicatodosbancarios.org.br\/site2022\/2019\/07\/19\/informe-bancario-035-2019-nova-regra-tira-abono-salarial-de-127-milhoes\/#article\",\"isPartOf\":{\"@id\":\"https:\/\/sindicatodosbancarios.org.br\/site2022\/2019\/07\/19\/informe-bancario-035-2019-nova-regra-tira-abono-salarial-de-127-milhoes\/\"},\"author\":{\"name\":\"Sindicato dos Banc\u00e1rios S\u00e3o Bento do Sul e Regi\u00e3o\",\"@id\":\"https:\/\/sindicatodosbancarios.org.br\/site2022\/#\/schema\/person\/a7d92da77d1084df4d28b57962f1e1bd\"},\"headline\":\"INFORME BANC\u00c1RIO &#8211; 035 \/ 2019 &#8211; NOVA REGRA TIRA ABONO SALARIAL DE 12,7 MILH\u00d5ES\",\"datePublished\":\"2019-07-19T18:23:49+00:00\",\"dateModified\":\"2019-07-19T18:24:33+00:00\",\"mainEntityOfPage\":{\"@id\":\"https:\/\/sindicatodosbancarios.org.br\/site2022\/2019\/07\/19\/informe-bancario-035-2019-nova-regra-tira-abono-salarial-de-127-milhoes\/\"},\"wordCount\":806,\"commentCount\":0,\"publisher\":{\"@id\":\"https:\/\/sindicatodosbancarios.org.br\/site2022\/#organization\"},\"articleSection\":[\"Geral\"],\"inLanguage\":\"pt-BR\",\"potentialAction\":[{\"@type\":\"CommentAction\",\"name\":\"Comment\",\"target\":[\"https:\/\/sindicatodosbancarios.org.br\/site2022\/2019\/07\/19\/informe-bancario-035-2019-nova-regra-tira-abono-salarial-de-127-milhoes\/#respond\"]}]},{\"@type\":\"WebPage\",\"@id\":\"https:\/\/sindicatodosbancarios.org.br\/site2022\/2019\/07\/19\/informe-bancario-035-2019-nova-regra-tira-abono-salarial-de-127-milhoes\/\",\"url\":\"https:\/\/sindicatodosbancarios.org.br\/site2022\/2019\/07\/19\/informe-bancario-035-2019-nova-regra-tira-abono-salarial-de-127-milhoes\/\",\"name\":\"INFORME BANC\u00c1RIO - 035 \/ 2019 - NOVA REGRA TIRA ABONO SALARIAL DE 12,7 MILH\u00d5ES - Sindicato dos Banc\u00e1rios de S\u00e3o Bento do Sul e Regi\u00e3o\",\"isPartOf\":{\"@id\":\"https:\/\/sindicatodosbancarios.org.br\/site2022\/#website\"},\"datePublished\":\"2019-07-19T18:23:49+00:00\",\"dateModified\":\"2019-07-19T18:24:33+00:00\",\"breadcrumb\":{\"@id\":\"https:\/\/sindicatodosbancarios.org.br\/site2022\/2019\/07\/19\/informe-bancario-035-2019-nova-regra-tira-abono-salarial-de-127-milhoes\/#breadcrumb\"},\"inLanguage\":\"pt-BR\",\"potentialAction\":[{\"@type\":\"ReadAction\",\"target\":[\"https:\/\/sindicatodosbancarios.org.br\/site2022\/2019\/07\/19\/informe-bancario-035-2019-nova-regra-tira-abono-salarial-de-127-milhoes\/\"]}]},{\"@type\":\"BreadcrumbList\",\"@id\":\"https:\/\/sindicatodosbancarios.org.br\/site2022\/2019\/07\/19\/informe-bancario-035-2019-nova-regra-tira-abono-salarial-de-127-milhoes\/#breadcrumb\",\"itemListElement\":[{\"@type\":\"ListItem\",\"position\":1,\"name\":\"In\u00edcio\",\"item\":\"https:\/\/sindicatodosbancarios.org.br\/site2022\/\"},{\"@type\":\"ListItem\",\"position\":2,\"name\":\"INFORME BANC\u00c1RIO &#8211; 035 \/ 2019 &#8211; NOVA REGRA TIRA ABONO SALARIAL DE 12,7 MILH\u00d5ES\"}]},{\"@type\":\"WebSite\",\"@id\":\"https:\/\/sindicatodosbancarios.org.br\/site2022\/#website\",\"url\":\"https:\/\/sindicatodosbancarios.org.br\/site2022\/\",\"name\":\"Sindicato dos Banc\u00e1rios de S\u00e3o Bento do Sul e Regi\u00e3o\",\"description\":\"Website institucional do Sindicato dos Banc\u00e1rios de S\u00e3o Bento do Sul e Regi\u00e3o\",\"publisher\":{\"@id\":\"https:\/\/sindicatodosbancarios.org.br\/site2022\/#organization\"},\"potentialAction\":[{\"@type\":\"SearchAction\",\"target\":{\"@type\":\"EntryPoint\",\"urlTemplate\":\"https:\/\/sindicatodosbancarios.org.br\/site2022\/?s={search_term_string}\"},\"query-input\":\"required name=search_term_string\"}],\"inLanguage\":\"pt-BR\"},{\"@type\":\"Organization\",\"@id\":\"https:\/\/sindicatodosbancarios.org.br\/site2022\/#organization\",\"name\":\"Sindicato dos Banc\u00e1rios de S\u00e3o Bento do Sul e Regi\u00e3o\",\"url\":\"https:\/\/sindicatodosbancarios.org.br\/site2022\/\",\"logo\":{\"@type\":\"ImageObject\",\"inLanguage\":\"pt-BR\",\"@id\":\"https:\/\/sindicatodosbancarios.org.br\/site2022\/#\/schema\/logo\/image\/\",\"url\":\"https:\/\/sindicatodosbancarios.org.br\/site2022\/wp-content\/uploads\/2017\/06\/cropped-logo-2.png\",\"contentUrl\":\"https:\/\/sindicatodosbancarios.org.br\/site2022\/wp-content\/uploads\/2017\/06\/cropped-logo-2.png\",\"width\":292,\"height\":292,\"caption\":\"Sindicato dos Banc\u00e1rios de S\u00e3o Bento do Sul e Regi\u00e3o\"},\"image\":{\"@id\":\"https:\/\/sindicatodosbancarios.org.br\/site2022\/#\/schema\/logo\/image\/\"}},{\"@type\":\"Person\",\"@id\":\"https:\/\/sindicatodosbancarios.org.br\/site2022\/#\/schema\/person\/a7d92da77d1084df4d28b57962f1e1bd\",\"name\":\"Sindicato dos Banc\u00e1rios S\u00e3o Bento do Sul e Regi\u00e3o\",\"image\":{\"@type\":\"ImageObject\",\"inLanguage\":\"pt-BR\",\"@id\":\"https:\/\/sindicatodosbancarios.org.br\/site2022\/#\/schema\/person\/image\/\",\"url\":\"https:\/\/secure.gravatar.com\/avatar\/f1d1a06f698f2345352e539387180d42?s=96&d=mm&r=g\",\"contentUrl\":\"https:\/\/secure.gravatar.com\/avatar\/f1d1a06f698f2345352e539387180d42?s=96&d=mm&r=g\",\"caption\":\"Sindicato dos Banc\u00e1rios S\u00e3o Bento do Sul e Regi\u00e3o\"},\"sameAs\":[\"http:\/\/sindicatodosbancarios.org.br\/site2022\/\",\"https:\/\/www.facebook.com\/seeb.sbs.9\"],\"url\":\"https:\/\/sindicatodosbancarios.org.br\/site2022\/author\/sindicatodosbancarios\/\"}]}<\/script>\n<!-- \/ Yoast SEO plugin. -->","yoast_head_json":{"title":"INFORME BANC\u00c1RIO - 035 \/ 2019 - NOVA REGRA TIRA ABONO SALARIAL DE 12,7 MILH\u00d5ES - Sindicato dos Banc\u00e1rios de S\u00e3o Bento do Sul e Regi\u00e3o","robots":{"index":"index","follow":"follow","max-snippet":"max-snippet:-1","max-image-preview":"max-image-preview:large","max-video-preview":"max-video-preview:-1"},"canonical":"https:\/\/sindicatodosbancarios.org.br\/site2022\/2019\/07\/19\/informe-bancario-035-2019-nova-regra-tira-abono-salarial-de-127-milhoes\/","og_locale":"pt_BR","og_type":"article","og_title":"INFORME BANC\u00c1RIO - 035 \/ 2019 - NOVA REGRA TIRA ABONO SALARIAL DE 12,7 MILH\u00d5ES - Sindicato dos Banc\u00e1rios de S\u00e3o Bento do Sul e Regi\u00e3o","og_description":"A proposta de reforma da Previd\u00eancia aprovada em primeiro turno na C\u00e2mara dos Deputados pode cortar o acesso [&hellip;]","og_url":"https:\/\/sindicatodosbancarios.org.br\/site2022\/2019\/07\/19\/informe-bancario-035-2019-nova-regra-tira-abono-salarial-de-127-milhoes\/","og_site_name":"Sindicato dos Banc\u00e1rios de S\u00e3o Bento do Sul e Regi\u00e3o","article_author":"https:\/\/www.facebook.com\/seeb.sbs.9","article_published_time":"2019-07-19T18:23:49+00:00","article_modified_time":"2019-07-19T18:24:33+00:00","og_image":[{"width":768,"height":512,"url":"https:\/\/sindicatodosbancarios.org.br\/site2022\/wp-content\/uploads\/2018\/01\/d62771bc-493e-413a-ba59-56f174cf3814.jpeg","type":"image\/jpeg"}],"author":"Sindicato dos Banc\u00e1rios S\u00e3o Bento do Sul e Regi\u00e3o","twitter_card":"summary_large_image","twitter_misc":{"Escrito por":"Sindicato dos Banc\u00e1rios S\u00e3o Bento do Sul e Regi\u00e3o","Est. tempo de leitura":"4 minutos"},"schema":{"@context":"https:\/\/schema.org","@graph":[{"@type":"Article","@id":"https:\/\/sindicatodosbancarios.org.br\/site2022\/2019\/07\/19\/informe-bancario-035-2019-nova-regra-tira-abono-salarial-de-127-milhoes\/#article","isPartOf":{"@id":"https:\/\/sindicatodosbancarios.org.br\/site2022\/2019\/07\/19\/informe-bancario-035-2019-nova-regra-tira-abono-salarial-de-127-milhoes\/"},"author":{"name":"Sindicato dos Banc\u00e1rios S\u00e3o Bento do Sul e Regi\u00e3o","@id":"https:\/\/sindicatodosbancarios.org.br\/site2022\/#\/schema\/person\/a7d92da77d1084df4d28b57962f1e1bd"},"headline":"INFORME BANC\u00c1RIO &#8211; 035 \/ 2019 &#8211; NOVA REGRA TIRA ABONO SALARIAL DE 12,7 MILH\u00d5ES","datePublished":"2019-07-19T18:23:49+00:00","dateModified":"2019-07-19T18:24:33+00:00","mainEntityOfPage":{"@id":"https:\/\/sindicatodosbancarios.org.br\/site2022\/2019\/07\/19\/informe-bancario-035-2019-nova-regra-tira-abono-salarial-de-127-milhoes\/"},"wordCount":806,"commentCount":0,"publisher":{"@id":"https:\/\/sindicatodosbancarios.org.br\/site2022\/#organization"},"articleSection":["Geral"],"inLanguage":"pt-BR","potentialAction":[{"@type":"CommentAction","name":"Comment","target":["https:\/\/sindicatodosbancarios.org.br\/site2022\/2019\/07\/19\/informe-bancario-035-2019-nova-regra-tira-abono-salarial-de-127-milhoes\/#respond"]}]},{"@type":"WebPage","@id":"https:\/\/sindicatodosbancarios.org.br\/site2022\/2019\/07\/19\/informe-bancario-035-2019-nova-regra-tira-abono-salarial-de-127-milhoes\/","url":"https:\/\/sindicatodosbancarios.org.br\/site2022\/2019\/07\/19\/informe-bancario-035-2019-nova-regra-tira-abono-salarial-de-127-milhoes\/","name":"INFORME BANC\u00c1RIO - 035 \/ 2019 - NOVA REGRA TIRA ABONO SALARIAL DE 12,7 MILH\u00d5ES - Sindicato dos Banc\u00e1rios de S\u00e3o Bento do Sul e Regi\u00e3o","isPartOf":{"@id":"https:\/\/sindicatodosbancarios.org.br\/site2022\/#website"},"datePublished":"2019-07-19T18:23:49+00:00","dateModified":"2019-07-19T18:24:33+00:00","breadcrumb":{"@id":"https:\/\/sindicatodosbancarios.org.br\/site2022\/2019\/07\/19\/informe-bancario-035-2019-nova-regra-tira-abono-salarial-de-127-milhoes\/#breadcrumb"},"inLanguage":"pt-BR","potentialAction":[{"@type":"ReadAction","target":["https:\/\/sindicatodosbancarios.org.br\/site2022\/2019\/07\/19\/informe-bancario-035-2019-nova-regra-tira-abono-salarial-de-127-milhoes\/"]}]},{"@type":"BreadcrumbList","@id":"https:\/\/sindicatodosbancarios.org.br\/site2022\/2019\/07\/19\/informe-bancario-035-2019-nova-regra-tira-abono-salarial-de-127-milhoes\/#breadcrumb","itemListElement":[{"@type":"ListItem","position":1,"name":"In\u00edcio","item":"https:\/\/sindicatodosbancarios.org.br\/site2022\/"},{"@type":"ListItem","position":2,"name":"INFORME BANC\u00c1RIO &#8211; 035 \/ 2019 &#8211; NOVA REGRA TIRA ABONO SALARIAL DE 12,7 MILH\u00d5ES"}]},{"@type":"WebSite","@id":"https:\/\/sindicatodosbancarios.org.br\/site2022\/#website","url":"https:\/\/sindicatodosbancarios.org.br\/site2022\/","name":"Sindicato dos Banc\u00e1rios de S\u00e3o Bento do Sul e Regi\u00e3o","description":"Website institucional do Sindicato dos Banc\u00e1rios de S\u00e3o Bento do Sul e Regi\u00e3o","publisher":{"@id":"https:\/\/sindicatodosbancarios.org.br\/site2022\/#organization"},"potentialAction":[{"@type":"SearchAction","target":{"@type":"EntryPoint","urlTemplate":"https:\/\/sindicatodosbancarios.org.br\/site2022\/?s={search_term_string}"},"query-input":"required name=search_term_string"}],"inLanguage":"pt-BR"},{"@type":"Organization","@id":"https:\/\/sindicatodosbancarios.org.br\/site2022\/#organization","name":"Sindicato dos Banc\u00e1rios de S\u00e3o Bento do Sul e Regi\u00e3o","url":"https:\/\/sindicatodosbancarios.org.br\/site2022\/","logo":{"@type":"ImageObject","inLanguage":"pt-BR","@id":"https:\/\/sindicatodosbancarios.org.br\/site2022\/#\/schema\/logo\/image\/","url":"https:\/\/sindicatodosbancarios.org.br\/site2022\/wp-content\/uploads\/2017\/06\/cropped-logo-2.png","contentUrl":"https:\/\/sindicatodosbancarios.org.br\/site2022\/wp-content\/uploads\/2017\/06\/cropped-logo-2.png","width":292,"height":292,"caption":"Sindicato dos Banc\u00e1rios de S\u00e3o Bento do Sul e Regi\u00e3o"},"image":{"@id":"https:\/\/sindicatodosbancarios.org.br\/site2022\/#\/schema\/logo\/image\/"}},{"@type":"Person","@id":"https:\/\/sindicatodosbancarios.org.br\/site2022\/#\/schema\/person\/a7d92da77d1084df4d28b57962f1e1bd","name":"Sindicato dos Banc\u00e1rios S\u00e3o Bento do Sul e Regi\u00e3o","image":{"@type":"ImageObject","inLanguage":"pt-BR","@id":"https:\/\/sindicatodosbancarios.org.br\/site2022\/#\/schema\/person\/image\/","url":"https:\/\/secure.gravatar.com\/avatar\/f1d1a06f698f2345352e539387180d42?s=96&d=mm&r=g","contentUrl":"https:\/\/secure.gravatar.com\/avatar\/f1d1a06f698f2345352e539387180d42?s=96&d=mm&r=g","caption":"Sindicato dos Banc\u00e1rios S\u00e3o Bento do Sul e Regi\u00e3o"},"sameAs":["http:\/\/sindicatodosbancarios.org.br\/site2022\/","https:\/\/www.facebook.com\/seeb.sbs.9"],"url":"https:\/\/sindicatodosbancarios.org.br\/site2022\/author\/sindicatodosbancarios\/"}]}},"jetpack_featured_media_url":"https:\/\/sindicatodosbancarios.org.br\/site2022\/wp-content\/uploads\/2018\/01\/d62771bc-493e-413a-ba59-56f174cf3814.jpeg","jetpack_sharing_enabled":true,"jetpack_shortlink":"https:\/\/wp.me\/p8RSbI-MX","jetpack-related-posts":[{"id":4419,"url":"https:\/\/sindicatodosbancarios.org.br\/site2022\/2020\/09\/02\/informe-bancario-323-2020-bancarios-do-itau-recebem-pcr-no-mesmo-dia-da-plr\/","url_meta":{"origin":3035,"position":0},"title":"INFORME BANC\u00c1RIO \u2013 323\/2020 BANC\u00c1RIOS DO ITA\u00da RECEBEM PCR NO MESMO DIA DA PLR","date":"2 de setembro de 2020","format":false,"excerpt":"O Movimento Sindical Banc\u00e1rio vai procurar o Banco Ita\u00fa Unibanco SA para negociar o PCR de 2021 e de 2022.\u00a0Os Banc\u00e1rios do Banco Ita\u00fa Unibanco SA receber\u00e3o o pagamento do Programa Complementar de Resultados (PCR) no mesmo dia que for paga a Participa\u00e7\u00e3o nos Lucros e Resultados (PLR). O valor\u2026","rel":"","context":"Em &quot;Geral&quot;","img":{"alt_text":"","src":"https:\/\/i0.wp.com\/sindicatodosbancarios.org.br\/site2022\/wp-content\/uploads\/2020\/07\/itaushutter_77004.jpg?resize=350%2C200&ssl=1","width":350,"height":200},"classes":[]},{"id":4741,"url":"https:\/\/sindicatodosbancarios.org.br\/site2022\/2020\/11\/05\/informe-bancario-422-2020-governo-avalia-beneficio-a-demitidos\/","url_meta":{"origin":3035,"position":1},"title":"INFORME BANC\u00c1RIO \u2013 422\/2020 Governo avalia benef\u00edcio a demitidos","date":"5 de novembro de 2020","format":false,"excerpt":"O governo estuda propor um benef\u00edcio espec\u00edfico para contemplar trabalhadores que foram demitidos durante a pandemia da covid-19, mas ficaram sem acesso a seguro-desemprego ou ao aux\u00edlio emergencial, segundo apurou o Estad\u00e3o\/Broadcast. O assunto est\u00e1 sendo discutido como uma contraproposta \u00e0 demanda das centrais sindicais por uma prorroga\u00e7\u00e3o do seguro-desemprego\u2026","rel":"","context":"Em &quot;Geral&quot;","img":{"alt_text":"","src":"https:\/\/i0.wp.com\/sindicatodosbancarios.org.br\/site2022\/wp-content\/uploads\/2020\/11\/clt-carteira-de-trabalho-coronavirus-emprego-1593194855519_v2_900x506.jpg?resize=350%2C200&ssl=1","width":350,"height":200},"classes":[]},{"id":4646,"url":"https:\/\/sindicatodosbancarios.org.br\/site2022\/2020\/10\/15\/informe-bancario-391-2020-economiaqual-e-o-valor-do-decimo-quarto-salario-dos-aposentados\/","url_meta":{"origin":3035,"position":2},"title":"INFORME BANC\u00c1RIO \u2013 391\/2020 ECONOMIAQual \u00e9 o valor do d\u00e9cimo quarto sal\u00e1rio dos aposentados?","date":"15 de outubro de 2020","format":false,"excerpt":"Como parte das medidas emergenciais propostas pelo Governo Federal em meio ao estado de calamidade p\u00fablica instaurado pela pandemia do novo Corona v\u00edrus, foi proposto o pagamento de um d\u00e9cimo quarto sal\u00e1rio aos aposentados e pensionistas do INSS. A medida visa beneficiar essa parte da popula\u00e7\u00e3o, a qual consiste maioritariamente\u2026","rel":"","context":"Em &quot;Geral&quot;","img":{"alt_text":"","src":"https:\/\/i0.wp.com\/sindicatodosbancarios.org.br\/site2022\/wp-content\/uploads\/2020\/10\/valor-do-decimo-quarto-salario-inss-aposentados-e-pensionistas.png?resize=350%2C200&ssl=1","width":350,"height":200},"classes":[]},{"id":4377,"url":"https:\/\/sindicatodosbancarios.org.br\/site2022\/2020\/08\/29\/informe-bancario-320-2020-proposta-avanca-reajuste-de-15-com-abono-de-r-2-mil\/","url_meta":{"origin":3035,"position":3},"title":"INFORME BANC\u00c1RIO \u2013 320\/2020 PROPOSTA AVAN\u00c7A: REAJUSTE DE 1,5% COM ABONO DE R$ 2 MIL","date":"29 de agosto de 2020","format":false,"excerpt":"FENABAN garante tamb\u00e9m, para 2021, reposi\u00e7\u00e3o da infla\u00e7\u00e3o mais aumento real de 0,5% para sal\u00e1rios e demais verbas; al\u00e9m da manuten\u00e7\u00e3o de todas as Cl\u00e1usula da CCT por Dois (02) anos e da PLR nos moldes atuais, com reposi\u00e7\u00e3o da infla\u00e7\u00e3o nos valores fixos e tetos. Os Bancos, que em\u2026","rel":"","context":"Em &quot;Banco do Brasil&quot;","img":{"alt_text":"","src":"https:\/\/i0.wp.com\/spbancarios.com.br\/sites\/default\/files\/images\/tabela%20salarios.jpeg?resize=350%2C200&ssl=1","width":350,"height":200},"classes":[]},{"id":5623,"url":"https:\/\/sindicatodosbancarios.org.br\/site2022\/2021\/08\/19\/informe-bancario-195-2021-camara-conclui-aprovacao-de-nova-reforma-trabalhista-texto-vai-ao-senado\/","url_meta":{"origin":3035,"position":4},"title":"INFORME BANC\u00c1RIO \u2013 195\/2021 C\u00e2mara conclui aprova\u00e7\u00e3o de nova reforma trabalhista; texto vai ao Senado","date":"19 de agosto de 2021","format":false,"excerpt":"A C\u00e2mara dos Deputados concluiu nesta quinta-feira (12) a vota\u00e7\u00e3o de uma nova reforma trabalhista, mudando uma s\u00e9rie de regras para os trabalhadores. O texto-base da proposta j\u00e1 havia sido aprovado na ter\u00e7a, e agora os deputados conclu\u00edram a vota\u00e7\u00e3o de destaques, que s\u00e3o mudan\u00e7as no texto. Todos eles foram\u2026","rel":"","context":"Em &quot;Geral&quot;","img":{"alt_text":"","src":"https:\/\/i0.wp.com\/sindicatodosbancarios.org.br\/site2022\/wp-content\/uploads\/2021\/08\/Nova-reforma-trabalhista-com-reducao-de-salarios-750x450.jpeg?resize=350%2C200&ssl=1","width":350,"height":200},"classes":[]},{"id":5873,"url":"https:\/\/sindicatodosbancarios.org.br\/site2022\/2022\/01\/28\/informe-bancario-06-2022-por-que-espanha-quer-rever-reforma-trabalhista-o-mesmo-que-lula-disse-querer-fazer-no-brasil\/","url_meta":{"origin":3035,"position":5},"title":"INFORME BANC\u00c1RIO \u2013 06\/2022 Por que Espanha quer rever reforma trabalhista, o mesmo que Lula disse querer fazer no Brasil","date":"28 de janeiro de 2022","format":false,"excerpt":"Menos de cinco anos depois de ser aprovada no Congresso e implementada no Brasil, a reforma trabalhista do governo de Michel Temer (2016-2018) voltou a ser pauta na agenda pol\u00edtica brasileira, ap\u00f3s manifesta\u00e7\u00f5es do ex-presidente Luiz In\u00e1cio Lula da Silva (PT). Lula, que \u00e9 tido como pr\u00e9-candidato ao Planalto nas\u2026","rel":"","context":"Em &quot;Geral&quot;","img":{"alt_text":"","src":"https:\/\/i0.wp.com\/sindicatodosbancarios.org.br\/site2022\/wp-content\/uploads\/2022\/01\/lula-848x477.jpeg?resize=350%2C200&ssl=1","width":350,"height":200},"classes":[]}],"_links":{"self":[{"href":"https:\/\/sindicatodosbancarios.org.br\/site2022\/wp-json\/wp\/v2\/posts\/3035"}],"collection":[{"href":"https:\/\/sindicatodosbancarios.org.br\/site2022\/wp-json\/wp\/v2\/posts"}],"about":[{"href":"https:\/\/sindicatodosbancarios.org.br\/site2022\/wp-json\/wp\/v2\/types\/post"}],"author":[{"embeddable":true,"href":"https:\/\/sindicatodosbancarios.org.br\/site2022\/wp-json\/wp\/v2\/users\/2"}],"replies":[{"embeddable":true,"href":"https:\/\/sindicatodosbancarios.org.br\/site2022\/wp-json\/wp\/v2\/comments?post=3035"}],"version-history":[{"count":2,"href":"https:\/\/sindicatodosbancarios.org.br\/site2022\/wp-json\/wp\/v2\/posts\/3035\/revisions"}],"predecessor-version":[{"id":3037,"href":"https:\/\/sindicatodosbancarios.org.br\/site2022\/wp-json\/wp\/v2\/posts\/3035\/revisions\/3037"}],"wp:featuredmedia":[{"embeddable":true,"href":"https:\/\/sindicatodosbancarios.org.br\/site2022\/wp-json\/wp\/v2\/media\/2420"}],"wp:attachment":[{"href":"https:\/\/sindicatodosbancarios.org.br\/site2022\/wp-json\/wp\/v2\/media?parent=3035"}],"wp:term":[{"taxonomy":"category","embeddable":true,"href":"https:\/\/sindicatodosbancarios.org.br\/site2022\/wp-json\/wp\/v2\/categories?post=3035"},{"taxonomy":"post_tag","embeddable":true,"href":"https:\/\/sindicatodosbancarios.org.br\/site2022\/wp-json\/wp\/v2\/tags?post=3035"}],"curies":[{"name":"wp","href":"https:\/\/api.w.org\/{rel}","templated":true}]}}