{"id":3038,"date":"2019-07-22T16:35:22","date_gmt":"2019-07-22T19:35:22","guid":{"rendered":"https:\/\/sindicatodosbancarios.org.br\/?p=3038"},"modified":"2019-07-22T16:35:22","modified_gmt":"2019-07-22T19:35:22","slug":"informe-bancario-036-2019-bolsonaro-critica-multa-do-fgts-em-demissao-sem-justa-causa","status":"publish","type":"post","link":"https:\/\/sindicatodosbancarios.org.br\/site2022\/2019\/07\/22\/informe-bancario-036-2019-bolsonaro-critica-multa-do-fgts-em-demissao-sem-justa-causa\/","title":{"rendered":"INFORME BANC\u00c1RIO &#8211; 036 \/ 2019 &#8211; BOLSONARO CRITICA MULTA DO FGTS EM DEMISS\u00c3O SEM JUSTA CAUSA"},"content":{"rendered":"<p>O presidente Jair Bolsonaro criticou nesta sexta-feira, 19, a multa de 40% do FGTS paga pelos empregadores nas demiss\u00f5es sem justa causa. Ele n\u00e3o deixou claro se pretende extinguir a multa ou fazer altera\u00e7\u00f5es na regra. Mudan\u00e7as na destina\u00e7\u00e3o da multa poderiam fazer parte de um pacote de medidas estruturantes apresentado pela equipe econ\u00f4mica, que passam por avalia\u00e7\u00e3o do Planalto.<\/p>\n<p>&#8220;Essa multa de 40% foi quando o (Francisco) Dornelles era ministro do FHC (Fernando Henrique Cardoso). Ele aumentou a multa para evitar a demiss\u00e3o. O que aconteceu depois disso? O pessoal n\u00e3o emprega mais por causa da multa. Estamos em uma situa\u00e7\u00e3o. Eu, n\u00f3s temos que falar a verdade. \u00c9 quase imposs\u00edvel ser patr\u00e3o no Brasil&#8221;, disse o presidente.<\/p>\n<p>Questionado se a multa vai acabar, o presidente respondeu inicialmente que isso &#8220;est\u00e1 sendo estudado&#8221;, mas em seguida disse que &#8220;desconhece qualquer trabalho nesse sentido&#8221;. As falas de Bolsonaro foram orientadas pelo ministro da Casa Civil, Onyx Lorenzoni, que estava ao seu lado. O presidente falou com a imprensa ap\u00f3s participar de um evento seguido de almo\u00e7o da igreja evang\u00e9lica Sara Nossa Terra em Bras\u00edlia.<\/p>\n<p>&#8220;\u00c9 quase imposs\u00edvel ser patr\u00e3o no Brasil. Defender empregado d\u00e1 mais votos. Agora, a verdade \u00e9 o patr\u00e3o. Eu estou falando com o Paulo Guedes (ministro da Economia), eu pretendo lan\u00e7ar o programa Minha Primeira Empresa, para todo mundo que reclama do patr\u00e3o ter chance de ser patr\u00e3o um dia. Eu tenho dito, falei durante a campanha, um dia o trabalhador vai ter que decidir: menos direito com emprego ou todos os direitos sem emprego. \u00c9 uma realidade. Isso perde voto. Tem antipatia de pessoas populistas e comunistas. Muita gente bota na cabe\u00e7a do povo que eu estou errado, eu estou perseguindo o pobre. N\u00e3o, eu estou mostrando a verdade. At\u00e9 contratar uma pessoa para a sua casa est\u00e1 dif\u00edcil&#8221;, declarou \u00e0 imprensa.<\/p>\n<p>Bolsonaro lembrou ainda que votou contra a PEC da dom\u00e9stica. &#8220;Votei contra nos dois turnos. O que aconteceu de l\u00e1 para c\u00e1? A pessoa ou foi para a informalidade ou virou diarista. \u00c9 como um casamento. Se um come\u00e7ar a querer ter mais direitos sobre o outro, acaba o casamento. Patr\u00e3o e empregado \u00e9 quase que um casamento. \u00c9 a velha divis\u00e3o de classes. N\u00e3o \u00e9 s\u00f3 com o neg\u00f3cio homo, h\u00e9tero, branco e negro, rico e pobre. \u00c9 empregado e patr\u00e3o tamb\u00e9m. A esquerda prega isso o tempo todo para nos dividir e eles se perpetuarem no poder.&#8221;<\/p>\n<p><span style=\"font-size: 8pt;\">FONTE:\u00a0<img class=\"img-agency loaded\" src=\"https:\/\/conteudo.imguol.com.br\/c\/agencias\/ultnot\/estadao.png\" alt=\"\" data-src=\"https:\/\/conteudo.imguol.com.br\/c\/agencias\/ultnot\/estadao.png\" data-crazyload=\"loaded\" \/>\u00a0\/ Julia Lindner \/ Bras\u00edlia \/ 19\/07\/2019 15h3<\/span>2<\/p>\n","protected":false},"excerpt":{"rendered":"<p>O presidente Jair Bolsonaro criticou nesta sexta-feira, 19, a multa de 40% do FGTS paga pelos empregadores nas [&hellip;]<\/p>\n","protected":false},"author":2,"featured_media":1755,"comment_status":"open","ping_status":"open","sticky":false,"template":"","format":"standard","meta":{"jetpack_post_was_ever_published":false,"jetpack_publicize_message":"","jetpack_is_tweetstorm":false,"jetpack_publicize_feature_enabled":true,"jetpack_social_post_already_shared":true,"jetpack_social_options":[]},"categories":[1],"tags":[],"jetpack_publicize_connections":[],"acf":[],"yoast_head":"<!-- This site is optimized with the Yoast SEO plugin v19.14 - https:\/\/yoast.com\/wordpress\/plugins\/seo\/ -->\n<title>INFORME BANC\u00c1RIO - 036 \/ 2019 - BOLSONARO CRITICA MULTA DO FGTS EM DEMISS\u00c3O SEM JUSTA CAUSA - Sindicato dos Banc\u00e1rios de S\u00e3o Bento do Sul e Regi\u00e3o<\/title>\n<meta name=\"robots\" content=\"index, follow, max-snippet:-1, max-image-preview:large, max-video-preview:-1\" \/>\n<link rel=\"canonical\" href=\"https:\/\/sindicatodosbancarios.org.br\/site2022\/2019\/07\/22\/informe-bancario-036-2019-bolsonaro-critica-multa-do-fgts-em-demissao-sem-justa-causa\/\" \/>\n<meta property=\"og:locale\" content=\"pt_BR\" \/>\n<meta property=\"og:type\" content=\"article\" \/>\n<meta property=\"og:title\" content=\"INFORME BANC\u00c1RIO - 036 \/ 2019 - BOLSONARO CRITICA MULTA DO FGTS EM DEMISS\u00c3O SEM JUSTA CAUSA - Sindicato dos Banc\u00e1rios de S\u00e3o Bento do Sul e Regi\u00e3o\" \/>\n<meta property=\"og:description\" content=\"O presidente Jair Bolsonaro criticou nesta sexta-feira, 19, a multa de 40% do FGTS paga pelos empregadores nas [&hellip;]\" \/>\n<meta property=\"og:url\" content=\"https:\/\/sindicatodosbancarios.org.br\/site2022\/2019\/07\/22\/informe-bancario-036-2019-bolsonaro-critica-multa-do-fgts-em-demissao-sem-justa-causa\/\" \/>\n<meta property=\"og:site_name\" content=\"Sindicato dos Banc\u00e1rios de S\u00e3o Bento do Sul e Regi\u00e3o\" \/>\n<meta property=\"article:author\" content=\"https:\/\/www.facebook.com\/seeb.sbs.9\" \/>\n<meta property=\"article:published_time\" content=\"2019-07-22T19:35:22+00:00\" \/>\n<meta property=\"og:image\" content=\"https:\/\/sindicatodosbancarios.org.br\/site2022\/wp-content\/uploads\/2017\/09\/demiss\u00e3o.jpg\" \/>\n\t<meta property=\"og:image:width\" content=\"480\" \/>\n\t<meta property=\"og:image:height\" content=\"340\" \/>\n\t<meta property=\"og:image:type\" content=\"image\/jpeg\" \/>\n<meta name=\"author\" content=\"Sindicato dos Banc\u00e1rios S\u00e3o Bento do Sul e Regi\u00e3o\" \/>\n<meta name=\"twitter:card\" content=\"summary_large_image\" \/>\n<meta name=\"twitter:label1\" content=\"Escrito por\" \/>\n\t<meta name=\"twitter:data1\" content=\"Sindicato dos Banc\u00e1rios S\u00e3o Bento do Sul e Regi\u00e3o\" \/>\n\t<meta name=\"twitter:label2\" content=\"Est. tempo de leitura\" \/>\n\t<meta name=\"twitter:data2\" content=\"2 minutos\" \/>\n<script type=\"application\/ld+json\" class=\"yoast-schema-graph\">{\"@context\":\"https:\/\/schema.org\",\"@graph\":[{\"@type\":\"Article\",\"@id\":\"https:\/\/sindicatodosbancarios.org.br\/site2022\/2019\/07\/22\/informe-bancario-036-2019-bolsonaro-critica-multa-do-fgts-em-demissao-sem-justa-causa\/#article\",\"isPartOf\":{\"@id\":\"https:\/\/sindicatodosbancarios.org.br\/site2022\/2019\/07\/22\/informe-bancario-036-2019-bolsonaro-critica-multa-do-fgts-em-demissao-sem-justa-causa\/\"},\"author\":{\"name\":\"Sindicato dos Banc\u00e1rios S\u00e3o Bento do Sul e Regi\u00e3o\",\"@id\":\"https:\/\/sindicatodosbancarios.org.br\/site2022\/#\/schema\/person\/a7d92da77d1084df4d28b57962f1e1bd\"},\"headline\":\"INFORME BANC\u00c1RIO &#8211; 036 \/ 2019 &#8211; BOLSONARO CRITICA MULTA DO FGTS EM DEMISS\u00c3O SEM JUSTA CAUSA\",\"datePublished\":\"2019-07-22T19:35:22+00:00\",\"dateModified\":\"2019-07-22T19:35:22+00:00\",\"mainEntityOfPage\":{\"@id\":\"https:\/\/sindicatodosbancarios.org.br\/site2022\/2019\/07\/22\/informe-bancario-036-2019-bolsonaro-critica-multa-do-fgts-em-demissao-sem-justa-causa\/\"},\"wordCount\":450,\"commentCount\":0,\"publisher\":{\"@id\":\"https:\/\/sindicatodosbancarios.org.br\/site2022\/#organization\"},\"articleSection\":[\"Geral\"],\"inLanguage\":\"pt-BR\",\"potentialAction\":[{\"@type\":\"CommentAction\",\"name\":\"Comment\",\"target\":[\"https:\/\/sindicatodosbancarios.org.br\/site2022\/2019\/07\/22\/informe-bancario-036-2019-bolsonaro-critica-multa-do-fgts-em-demissao-sem-justa-causa\/#respond\"]}]},{\"@type\":\"WebPage\",\"@id\":\"https:\/\/sindicatodosbancarios.org.br\/site2022\/2019\/07\/22\/informe-bancario-036-2019-bolsonaro-critica-multa-do-fgts-em-demissao-sem-justa-causa\/\",\"url\":\"https:\/\/sindicatodosbancarios.org.br\/site2022\/2019\/07\/22\/informe-bancario-036-2019-bolsonaro-critica-multa-do-fgts-em-demissao-sem-justa-causa\/\",\"name\":\"INFORME BANC\u00c1RIO - 036 \/ 2019 - BOLSONARO CRITICA MULTA DO FGTS EM DEMISS\u00c3O SEM JUSTA CAUSA - Sindicato dos Banc\u00e1rios de S\u00e3o Bento do Sul e Regi\u00e3o\",\"isPartOf\":{\"@id\":\"https:\/\/sindicatodosbancarios.org.br\/site2022\/#website\"},\"datePublished\":\"2019-07-22T19:35:22+00:00\",\"dateModified\":\"2019-07-22T19:35:22+00:00\",\"breadcrumb\":{\"@id\":\"https:\/\/sindicatodosbancarios.org.br\/site2022\/2019\/07\/22\/informe-bancario-036-2019-bolsonaro-critica-multa-do-fgts-em-demissao-sem-justa-causa\/#breadcrumb\"},\"inLanguage\":\"pt-BR\",\"potentialAction\":[{\"@type\":\"ReadAction\",\"target\":[\"https:\/\/sindicatodosbancarios.org.br\/site2022\/2019\/07\/22\/informe-bancario-036-2019-bolsonaro-critica-multa-do-fgts-em-demissao-sem-justa-causa\/\"]}]},{\"@type\":\"BreadcrumbList\",\"@id\":\"https:\/\/sindicatodosbancarios.org.br\/site2022\/2019\/07\/22\/informe-bancario-036-2019-bolsonaro-critica-multa-do-fgts-em-demissao-sem-justa-causa\/#breadcrumb\",\"itemListElement\":[{\"@type\":\"ListItem\",\"position\":1,\"name\":\"In\u00edcio\",\"item\":\"https:\/\/sindicatodosbancarios.org.br\/site2022\/\"},{\"@type\":\"ListItem\",\"position\":2,\"name\":\"INFORME BANC\u00c1RIO &#8211; 036 \/ 2019 &#8211; BOLSONARO CRITICA MULTA DO FGTS EM DEMISS\u00c3O SEM JUSTA CAUSA\"}]},{\"@type\":\"WebSite\",\"@id\":\"https:\/\/sindicatodosbancarios.org.br\/site2022\/#website\",\"url\":\"https:\/\/sindicatodosbancarios.org.br\/site2022\/\",\"name\":\"Sindicato dos Banc\u00e1rios de S\u00e3o Bento do Sul e Regi\u00e3o\",\"description\":\"Website institucional do Sindicato dos Banc\u00e1rios de S\u00e3o Bento do Sul e Regi\u00e3o\",\"publisher\":{\"@id\":\"https:\/\/sindicatodosbancarios.org.br\/site2022\/#organization\"},\"potentialAction\":[{\"@type\":\"SearchAction\",\"target\":{\"@type\":\"EntryPoint\",\"urlTemplate\":\"https:\/\/sindicatodosbancarios.org.br\/site2022\/?s={search_term_string}\"},\"query-input\":\"required name=search_term_string\"}],\"inLanguage\":\"pt-BR\"},{\"@type\":\"Organization\",\"@id\":\"https:\/\/sindicatodosbancarios.org.br\/site2022\/#organization\",\"name\":\"Sindicato dos Banc\u00e1rios de S\u00e3o Bento do Sul e Regi\u00e3o\",\"url\":\"https:\/\/sindicatodosbancarios.org.br\/site2022\/\",\"logo\":{\"@type\":\"ImageObject\",\"inLanguage\":\"pt-BR\",\"@id\":\"https:\/\/sindicatodosbancarios.org.br\/site2022\/#\/schema\/logo\/image\/\",\"url\":\"https:\/\/sindicatodosbancarios.org.br\/site2022\/wp-content\/uploads\/2017\/06\/cropped-logo-2.png\",\"contentUrl\":\"https:\/\/sindicatodosbancarios.org.br\/site2022\/wp-content\/uploads\/2017\/06\/cropped-logo-2.png\",\"width\":292,\"height\":292,\"caption\":\"Sindicato dos Banc\u00e1rios de S\u00e3o Bento do Sul e Regi\u00e3o\"},\"image\":{\"@id\":\"https:\/\/sindicatodosbancarios.org.br\/site2022\/#\/schema\/logo\/image\/\"}},{\"@type\":\"Person\",\"@id\":\"https:\/\/sindicatodosbancarios.org.br\/site2022\/#\/schema\/person\/a7d92da77d1084df4d28b57962f1e1bd\",\"name\":\"Sindicato dos Banc\u00e1rios S\u00e3o Bento do Sul e Regi\u00e3o\",\"image\":{\"@type\":\"ImageObject\",\"inLanguage\":\"pt-BR\",\"@id\":\"https:\/\/sindicatodosbancarios.org.br\/site2022\/#\/schema\/person\/image\/\",\"url\":\"https:\/\/secure.gravatar.com\/avatar\/f1d1a06f698f2345352e539387180d42?s=96&d=mm&r=g\",\"contentUrl\":\"https:\/\/secure.gravatar.com\/avatar\/f1d1a06f698f2345352e539387180d42?s=96&d=mm&r=g\",\"caption\":\"Sindicato dos Banc\u00e1rios S\u00e3o Bento do Sul e Regi\u00e3o\"},\"sameAs\":[\"http:\/\/sindicatodosbancarios.org.br\/site2022\/\",\"https:\/\/www.facebook.com\/seeb.sbs.9\"],\"url\":\"https:\/\/sindicatodosbancarios.org.br\/site2022\/author\/sindicatodosbancarios\/\"}]}<\/script>\n<!-- \/ Yoast SEO plugin. -->","yoast_head_json":{"title":"INFORME BANC\u00c1RIO - 036 \/ 2019 - BOLSONARO CRITICA MULTA DO FGTS EM DEMISS\u00c3O SEM JUSTA CAUSA - Sindicato dos Banc\u00e1rios de S\u00e3o Bento do Sul e Regi\u00e3o","robots":{"index":"index","follow":"follow","max-snippet":"max-snippet:-1","max-image-preview":"max-image-preview:large","max-video-preview":"max-video-preview:-1"},"canonical":"https:\/\/sindicatodosbancarios.org.br\/site2022\/2019\/07\/22\/informe-bancario-036-2019-bolsonaro-critica-multa-do-fgts-em-demissao-sem-justa-causa\/","og_locale":"pt_BR","og_type":"article","og_title":"INFORME BANC\u00c1RIO - 036 \/ 2019 - BOLSONARO CRITICA MULTA DO FGTS EM DEMISS\u00c3O SEM JUSTA CAUSA - Sindicato dos Banc\u00e1rios de S\u00e3o Bento do Sul e Regi\u00e3o","og_description":"O presidente Jair Bolsonaro criticou nesta sexta-feira, 19, a multa de 40% do FGTS paga pelos empregadores nas [&hellip;]","og_url":"https:\/\/sindicatodosbancarios.org.br\/site2022\/2019\/07\/22\/informe-bancario-036-2019-bolsonaro-critica-multa-do-fgts-em-demissao-sem-justa-causa\/","og_site_name":"Sindicato dos Banc\u00e1rios de S\u00e3o Bento do Sul e Regi\u00e3o","article_author":"https:\/\/www.facebook.com\/seeb.sbs.9","article_published_time":"2019-07-22T19:35:22+00:00","og_image":[{"width":480,"height":340,"url":"https:\/\/sindicatodosbancarios.org.br\/site2022\/wp-content\/uploads\/2017\/09\/demiss\u00e3o.jpg","type":"image\/jpeg"}],"author":"Sindicato dos Banc\u00e1rios S\u00e3o Bento do Sul e Regi\u00e3o","twitter_card":"summary_large_image","twitter_misc":{"Escrito por":"Sindicato dos Banc\u00e1rios S\u00e3o Bento do Sul e Regi\u00e3o","Est. tempo de leitura":"2 minutos"},"schema":{"@context":"https:\/\/schema.org","@graph":[{"@type":"Article","@id":"https:\/\/sindicatodosbancarios.org.br\/site2022\/2019\/07\/22\/informe-bancario-036-2019-bolsonaro-critica-multa-do-fgts-em-demissao-sem-justa-causa\/#article","isPartOf":{"@id":"https:\/\/sindicatodosbancarios.org.br\/site2022\/2019\/07\/22\/informe-bancario-036-2019-bolsonaro-critica-multa-do-fgts-em-demissao-sem-justa-causa\/"},"author":{"name":"Sindicato dos Banc\u00e1rios S\u00e3o Bento do Sul e Regi\u00e3o","@id":"https:\/\/sindicatodosbancarios.org.br\/site2022\/#\/schema\/person\/a7d92da77d1084df4d28b57962f1e1bd"},"headline":"INFORME BANC\u00c1RIO &#8211; 036 \/ 2019 &#8211; BOLSONARO CRITICA MULTA DO FGTS EM DEMISS\u00c3O SEM JUSTA CAUSA","datePublished":"2019-07-22T19:35:22+00:00","dateModified":"2019-07-22T19:35:22+00:00","mainEntityOfPage":{"@id":"https:\/\/sindicatodosbancarios.org.br\/site2022\/2019\/07\/22\/informe-bancario-036-2019-bolsonaro-critica-multa-do-fgts-em-demissao-sem-justa-causa\/"},"wordCount":450,"commentCount":0,"publisher":{"@id":"https:\/\/sindicatodosbancarios.org.br\/site2022\/#organization"},"articleSection":["Geral"],"inLanguage":"pt-BR","potentialAction":[{"@type":"CommentAction","name":"Comment","target":["https:\/\/sindicatodosbancarios.org.br\/site2022\/2019\/07\/22\/informe-bancario-036-2019-bolsonaro-critica-multa-do-fgts-em-demissao-sem-justa-causa\/#respond"]}]},{"@type":"WebPage","@id":"https:\/\/sindicatodosbancarios.org.br\/site2022\/2019\/07\/22\/informe-bancario-036-2019-bolsonaro-critica-multa-do-fgts-em-demissao-sem-justa-causa\/","url":"https:\/\/sindicatodosbancarios.org.br\/site2022\/2019\/07\/22\/informe-bancario-036-2019-bolsonaro-critica-multa-do-fgts-em-demissao-sem-justa-causa\/","name":"INFORME BANC\u00c1RIO - 036 \/ 2019 - BOLSONARO CRITICA MULTA DO FGTS EM DEMISS\u00c3O SEM JUSTA CAUSA - Sindicato dos Banc\u00e1rios de S\u00e3o Bento do Sul e Regi\u00e3o","isPartOf":{"@id":"https:\/\/sindicatodosbancarios.org.br\/site2022\/#website"},"datePublished":"2019-07-22T19:35:22+00:00","dateModified":"2019-07-22T19:35:22+00:00","breadcrumb":{"@id":"https:\/\/sindicatodosbancarios.org.br\/site2022\/2019\/07\/22\/informe-bancario-036-2019-bolsonaro-critica-multa-do-fgts-em-demissao-sem-justa-causa\/#breadcrumb"},"inLanguage":"pt-BR","potentialAction":[{"@type":"ReadAction","target":["https:\/\/sindicatodosbancarios.org.br\/site2022\/2019\/07\/22\/informe-bancario-036-2019-bolsonaro-critica-multa-do-fgts-em-demissao-sem-justa-causa\/"]}]},{"@type":"BreadcrumbList","@id":"https:\/\/sindicatodosbancarios.org.br\/site2022\/2019\/07\/22\/informe-bancario-036-2019-bolsonaro-critica-multa-do-fgts-em-demissao-sem-justa-causa\/#breadcrumb","itemListElement":[{"@type":"ListItem","position":1,"name":"In\u00edcio","item":"https:\/\/sindicatodosbancarios.org.br\/site2022\/"},{"@type":"ListItem","position":2,"name":"INFORME BANC\u00c1RIO &#8211; 036 \/ 2019 &#8211; BOLSONARO CRITICA MULTA DO FGTS EM DEMISS\u00c3O SEM JUSTA CAUSA"}]},{"@type":"WebSite","@id":"https:\/\/sindicatodosbancarios.org.br\/site2022\/#website","url":"https:\/\/sindicatodosbancarios.org.br\/site2022\/","name":"Sindicato dos Banc\u00e1rios de S\u00e3o Bento do Sul e Regi\u00e3o","description":"Website institucional do Sindicato dos Banc\u00e1rios de S\u00e3o Bento do Sul e Regi\u00e3o","publisher":{"@id":"https:\/\/sindicatodosbancarios.org.br\/site2022\/#organization"},"potentialAction":[{"@type":"SearchAction","target":{"@type":"EntryPoint","urlTemplate":"https:\/\/sindicatodosbancarios.org.br\/site2022\/?s={search_term_string}"},"query-input":"required name=search_term_string"}],"inLanguage":"pt-BR"},{"@type":"Organization","@id":"https:\/\/sindicatodosbancarios.org.br\/site2022\/#organization","name":"Sindicato dos Banc\u00e1rios de S\u00e3o Bento do Sul e Regi\u00e3o","url":"https:\/\/sindicatodosbancarios.org.br\/site2022\/","logo":{"@type":"ImageObject","inLanguage":"pt-BR","@id":"https:\/\/sindicatodosbancarios.org.br\/site2022\/#\/schema\/logo\/image\/","url":"https:\/\/sindicatodosbancarios.org.br\/site2022\/wp-content\/uploads\/2017\/06\/cropped-logo-2.png","contentUrl":"https:\/\/sindicatodosbancarios.org.br\/site2022\/wp-content\/uploads\/2017\/06\/cropped-logo-2.png","width":292,"height":292,"caption":"Sindicato dos Banc\u00e1rios de S\u00e3o Bento do Sul e Regi\u00e3o"},"image":{"@id":"https:\/\/sindicatodosbancarios.org.br\/site2022\/#\/schema\/logo\/image\/"}},{"@type":"Person","@id":"https:\/\/sindicatodosbancarios.org.br\/site2022\/#\/schema\/person\/a7d92da77d1084df4d28b57962f1e1bd","name":"Sindicato dos Banc\u00e1rios S\u00e3o Bento do Sul e Regi\u00e3o","image":{"@type":"ImageObject","inLanguage":"pt-BR","@id":"https:\/\/sindicatodosbancarios.org.br\/site2022\/#\/schema\/person\/image\/","url":"https:\/\/secure.gravatar.com\/avatar\/f1d1a06f698f2345352e539387180d42?s=96&d=mm&r=g","contentUrl":"https:\/\/secure.gravatar.com\/avatar\/f1d1a06f698f2345352e539387180d42?s=96&d=mm&r=g","caption":"Sindicato dos Banc\u00e1rios S\u00e3o Bento do Sul e Regi\u00e3o"},"sameAs":["http:\/\/sindicatodosbancarios.org.br\/site2022\/","https:\/\/www.facebook.com\/seeb.sbs.9"],"url":"https:\/\/sindicatodosbancarios.org.br\/site2022\/author\/sindicatodosbancarios\/"}]}},"jetpack_featured_media_url":"https:\/\/sindicatodosbancarios.org.br\/site2022\/wp-content\/uploads\/2017\/09\/demiss\u00e3o.jpg","jetpack_sharing_enabled":true,"jetpack_shortlink":"https:\/\/wp.me\/p8RSbI-N0","jetpack-related-posts":[{"id":5157,"url":"https:\/\/sindicatodosbancarios.org.br\/site2022\/2021\/02\/11\/informe-bancarios-55-2021-trabalhador-que-recusar-vacina-pode-ser-demitido-por-justa-causa-diz-mpt\/","url_meta":{"origin":3038,"position":0},"title":"INFORME BANC\u00c1RIOS \u2013 55\/2021 Trabalhador que recusar vacina pode ser demitido por justa causa, diz MPT","date":"11 de fevereiro de 2021","format":false,"excerpt":"Os trabalhadores que se recusarem a tomar a vacina contra a covid-19 sem apresentar raz\u00f5es m\u00e9dicas documentadas poder\u00e3o ser demitidos por justa causa, de acordo com o Minist\u00e9rio P\u00fablico do Trabalho (MPT). A orienta\u00e7\u00e3o do \u00f3rg\u00e3o \u00e9 para que as empresas invistam em conscientiza\u00e7\u00e3o e negociem com seus funcion\u00e1rios, mas\u2026","rel":"","context":"Em &quot;Geral&quot;","img":{"alt_text":"","src":"https:\/\/i0.wp.com\/sindicatodosbancarios.org.br\/site2022\/wp-content\/uploads\/2021\/02\/unnamed.jpg?resize=350%2C200&ssl=1","width":350,"height":200},"classes":[]},{"id":5849,"url":"https:\/\/sindicatodosbancarios.org.br\/site2022\/2021\/12\/29\/informe-bancario-257-2021-jair-bolsonaro-critica-combate-ao-trabalho-escravo\/","url_meta":{"origin":3038,"position":1},"title":"INFORME BANC\u00c1RIO \u2013 257\/2021 Jair Bolsonaro critica combate ao trabalho escravo","date":"29 de dezembro de 2021","format":false,"excerpt":"Em evento com empres\u00e1rios, Jair Bolsonaro atacou atua\u00e7\u00e3o do MPT; presidente tamb\u00e9m fez coment\u00e1rio homof\u00f3bico. Jair Bolsonaro\u00a0criticou nesta ter\u00e7a-feira (7\/12) o combate ao\u00a0trabalho escravo\u00a0pelo Minist\u00e9rio P\u00fablico do Trabalho (MPT). Bolsonaro afirmou que as normas que buscam evitar acidentes de trabalho atrapalham a vida do empresariado. \u201cOlha as normas regulamentadoras, como\u2026","rel":"","context":"Em &quot;Geral&quot;","img":{"alt_text":"","src":"https:\/\/i0.wp.com\/sindicatodosbancarios.org.br\/site2022\/wp-content\/uploads\/2021\/12\/190103_jair_bolsonaro_brazil_s.jpg?resize=350%2C200&ssl=1","width":350,"height":200},"classes":[]},{"id":6250,"url":"https:\/\/sindicatodosbancarios.org.br\/site2022\/2022\/04\/06\/informe-bancario-35-2022-governo-publica-novas-regras-para-vale-alimentacao-e-vale-refeicao-veja\/","url_meta":{"origin":3038,"position":2},"title":"INFORME BANC\u00c1RIO \u2013 35\/2022 Governo publica novas regras para vale-alimenta\u00e7\u00e3o e vale-refei\u00e7\u00e3o; veja","date":"6 de abril de 2022","format":false,"excerpt":"O governo publicou na edi\u00e7\u00e3o desta segunda-feira (28) do Di\u00e1rio Oficial da Uni\u00e3o as novas regras para o vale-alimenta\u00e7\u00e3o e vale-refei\u00e7\u00e3o dos trabalhadores. A partir de agora, o benef\u00edcio poder\u00e1 ser usado apenas para a compra de refei\u00e7\u00f5es e alimentos \u2014o governo alega que antes ele era destinado a servi\u00e7os\u2026","rel":"","context":"Em &quot;Geral&quot;","img":{"alt_text":"","src":"https:\/\/i0.wp.com\/sindicatodosbancarios.org.br\/site2022\/wp-content\/uploads\/2022\/04\/original-1cf99c36e61cf20e4ec25821fc1eeb70.jpg?resize=350%2C200&ssl=1","width":350,"height":200},"classes":[]},{"id":5654,"url":"https:\/\/sindicatodosbancarios.org.br\/site2022\/2021\/09\/01\/informe-bancario-204-2021-inss-5-direitos-que-os-aposentados-tem-mas-nao-sabem\/","url_meta":{"origin":3038,"position":3},"title":"INFORME BANC\u00c1RIO \u2013 204\/2021 INSS: 5 Direitos Que Os Aposentados t\u00eam, Mas N\u00e3o Sabem","date":"1 de setembro de 2021","format":false,"excerpt":"Chegar a aposentadoria \u00e9 um feito marcante na vida de todo trabalhador, at\u00e9 porque, a aposentadoria \u00e9 sin\u00f4nimo de uma vida de trabalho, onde agora o segurado busca pela tranquilidade depois de muitos anos corridos. No entanto, al\u00e9m de garantir a aposentadoria, o segurado que chega a se aposentar pelo\u2026","rel":"","context":"Em &quot;Geral&quot;","img":{"alt_text":"","src":"https:\/\/i0.wp.com\/sindicatodosbancarios.org.br\/site2022\/wp-content\/uploads\/2021\/09\/idoso-aposentadoria.jpg?resize=350%2C200&ssl=1","width":350,"height":200},"classes":[]},{"id":4264,"url":"https:\/\/sindicatodosbancarios.org.br\/site2022\/2020\/08\/13\/informe-bancario-292-2020-fui-demitido-durante-a-pandemia-quais-sao-os-meus-direitos\/","url_meta":{"origin":3038,"position":4},"title":"INFORME BANC\u00c1RIO \u2013 292\/2020 Fui demitido durante a pandemia, quais s\u00e3o os meus direitos?","date":"13 de agosto de 2020","format":false,"excerpt":"Empregado dispensado durante a pandemia do coronav\u00edrus tem algum direito especial ou estabilidade? Quais s\u00e3o os direitos do empregado que trabalha com carteira assinada e \u00e9 demitido durante a\u00a0pandemia do coronav\u00edrus? A dispensa durante o estado de calamidade p\u00fablica, que est\u00e1 em vigor desde 6 de mar\u00e7o, n\u00e3o d\u00e1 nenhum\u2026","rel":"","context":"Em &quot;Geral&quot;","img":{"alt_text":"","src":"https:\/\/i0.wp.com\/sindicatodosbancarios.org.br\/site2022\/wp-content\/uploads\/2020\/07\/n_43545_76e76568f7ca25d14fb010f4379aafa5.jpg?resize=350%2C200&ssl=1","width":350,"height":200},"classes":[]},{"id":5418,"url":"https:\/\/sindicatodosbancarios.org.br\/site2022\/2021\/06\/01\/informe-bancario-130-2021-covid-empresa-nao-pode-obrigar-vacinacao-mas-pode-demitir-quem-se-recusar\/","url_meta":{"origin":3038,"position":5},"title":"INFORME BANC\u00c1RIO \u2013 130\/2021 Covid: empresa n\u00e3o pode obrigar vacina\u00e7\u00e3o, mas pode demitir quem se recusar","date":"1 de junho de 2021","format":false,"excerpt":"As empresas s\u00e3o obrigadas por lei a zelar pela sa\u00fade e seguran\u00e7a de seus empregados. Mas a determina\u00e7\u00e3o ganhou novo contorno com a pandemia: as companhias podem exigir dos funcion\u00e1rios que sejam vacinados contra a covid-19 ou at\u00e9 mesmo demitir quem se recusar a ser imunizado? H\u00e1 cerca de um\u2026","rel":"","context":"Em &quot;Geral&quot;","img":{"alt_text":"","src":"https:\/\/i0.wp.com\/sindicatodosbancarios.org.br\/site2022\/wp-content\/uploads\/2021\/04\/117704513_jabs.jpg?resize=350%2C200&ssl=1","width":350,"height":200},"classes":[]}],"_links":{"self":[{"href":"https:\/\/sindicatodosbancarios.org.br\/site2022\/wp-json\/wp\/v2\/posts\/3038"}],"collection":[{"href":"https:\/\/sindicatodosbancarios.org.br\/site2022\/wp-json\/wp\/v2\/posts"}],"about":[{"href":"https:\/\/sindicatodosbancarios.org.br\/site2022\/wp-json\/wp\/v2\/types\/post"}],"author":[{"embeddable":true,"href":"https:\/\/sindicatodosbancarios.org.br\/site2022\/wp-json\/wp\/v2\/users\/2"}],"replies":[{"embeddable":true,"href":"https:\/\/sindicatodosbancarios.org.br\/site2022\/wp-json\/wp\/v2\/comments?post=3038"}],"version-history":[{"count":1,"href":"https:\/\/sindicatodosbancarios.org.br\/site2022\/wp-json\/wp\/v2\/posts\/3038\/revisions"}],"predecessor-version":[{"id":3039,"href":"https:\/\/sindicatodosbancarios.org.br\/site2022\/wp-json\/wp\/v2\/posts\/3038\/revisions\/3039"}],"wp:featuredmedia":[{"embeddable":true,"href":"https:\/\/sindicatodosbancarios.org.br\/site2022\/wp-json\/wp\/v2\/media\/1755"}],"wp:attachment":[{"href":"https:\/\/sindicatodosbancarios.org.br\/site2022\/wp-json\/wp\/v2\/media?parent=3038"}],"wp:term":[{"taxonomy":"category","embeddable":true,"href":"https:\/\/sindicatodosbancarios.org.br\/site2022\/wp-json\/wp\/v2\/categories?post=3038"},{"taxonomy":"post_tag","embeddable":true,"href":"https:\/\/sindicatodosbancarios.org.br\/site2022\/wp-json\/wp\/v2\/tags?post=3038"}],"curies":[{"name":"wp","href":"https:\/\/api.w.org\/{rel}","templated":true}]}}