{"id":3047,"date":"2019-07-30T11:17:55","date_gmt":"2019-07-30T14:17:55","guid":{"rendered":"https:\/\/sindicatodosbancarios.org.br\/?p=3047"},"modified":"2019-07-30T11:17:55","modified_gmt":"2019-07-30T14:17:55","slug":"informe-bancario-040-2019-se-presidente-da-oab-quiser-saber-como-pai-desapareceu-eu-conto-diz-bolsonaro","status":"publish","type":"post","link":"https:\/\/sindicatodosbancarios.org.br\/site2022\/2019\/07\/30\/informe-bancario-040-2019-se-presidente-da-oab-quiser-saber-como-pai-desapareceu-eu-conto-diz-bolsonaro\/","title":{"rendered":"INFORME BANC\u00c1RIO &#8211; 040 \/ 2019 &#8211; SE PRESIDENTE DA OAB QUISER SABER COMO PAI DESAPARECEU EU CONTO, DIZ BOLSONARO"},"content":{"rendered":"<div>O presidente da Ordem dos Advogados do Brasil (OAB), Felipe Santa Cruz, ir\u00e1 ao Supremo Tribunal Federal (STF) para que o presidente Jair Bolsonaro esclare\u00e7a declara\u00e7\u00f5es dadas mais cedo nesta segunda-feira de que pode contar a Santa Cruz como seu pai desapareceu durante a ditadura militar na d\u00e9cada de 1970.<\/div>\n<div><\/div>\n<div>\n<div>&#8220;O presidente da OAB vai interpelar o presidente da Rep\u00fablica no STF para que o presidente esclare\u00e7a as informa\u00e7\u00f5es que diz ter sobre a morte de seu pai, reconhecido como desaparecido. As circunst\u00e2ncias do seu desaparecimento nunca foram esclarecidas pelo Estado&#8221;, afirmou a OAB em nota.<\/div>\n<\/div>\n<div>\n<div><\/div>\n<div>Mais cedo, na sa\u00edda do Pal\u00e1cio da Alvorada, Bolsonaro afirmou que o pai do presidente da OAB, Fernando Augusto de Santa Cruz, era membro do grupo A\u00e7\u00e3o Popular, classificado pelo presidente da Rep\u00fablica &#8220;sanguin\u00e1rio&#8221;, e que poderia contar a ele como o pai desapareceu.<\/div>\n<\/div>\n<div>\n<div><\/div>\n<div>Irritado com a OAB, que tem questionado a\u00e7\u00f5es propostas pelo governo, Bolsonaro reclamou que a entidade teria impedido a quebra do sigilo telef\u00f4nico do advogado de Ad\u00e9lio Bispo, que o atacou com uma faca durante a campanha eleitoral do ano passado. A OAB e a pr\u00f3pria Pol\u00edcia Federal negaram que tenha sido pedida uma liminar pela OAB para impedir o acesso.<\/div>\n<\/div>\n<div><\/div>\n<div>\n<div>&#8220;Por que a OAB impediu que a Pol\u00edcia Federal entrasse no telefone de uma dos car\u00edssimos advogados? Qual a inten\u00e7\u00e3o da OAB? Quem \u00e9 essa OAB? Um dia se o presidente da OAB quiser saber como \u00e9 que o pai dele desapareceu no per\u00edodo militar, conto para ele&#8221;, disse Bolsonaro.<\/div>\n<\/div>\n<div><\/div>\n<div>\n<div>&#8220;Ele n\u00e3o vai querer ouvir a verdade. Conto pra ele. N\u00e3o \u00e9 minha vers\u00e3o. \u00c9 que a minha viv\u00eancia me fez chegar nas conclus\u00f5es naquele momento. O pai dele integrou a A\u00e7\u00e3o Popular, o grupo mais sanguin\u00e1rio e violento da guerrilha l\u00e1 de Pernambuco, e veio desaparecer no Rio de Janeiro&#8221;, acrescentou.<\/div>\n<\/div>\n<div><\/div>\n<div>\n<div>Ap\u00f3s as declara\u00e7\u00f5es do presidente, Santa Cruz as rebateu no Twitter e disse que os coment\u00e1rios de Bolsonaro s\u00e3o &#8220;inqualific\u00e1veis&#8221; e que demonstram &#8220;mais uma vez tra\u00e7os de car\u00e1ter graves em um governante: a crueldade e a falta de empatia&#8221;.<\/div>\n<\/div>\n<div><\/div>\n<div>\n<div>&#8220;\u00c9 de se estranhar tal comportamento em um homem que se diz crist\u00e3o&#8221;, disse o presidente da OAB. &#8220;Lamentavelmente, temos um presidente que trata a perda de um pai como se fosse assunto corriqueiro &#8211;e debocha do assassinato de um jovem aos 26 anos.&#8221;<\/div>\n<\/div>\n<div><\/div>\n<div>\n<div>&#8220;A respeito da defesa das prerrogativas da advocacia brasileira, nossa principal miss\u00e3o, asseguro que permaneceremos irredut\u00edveis na garantia do sigilo da comunica\u00e7\u00e3o entre advogado e cliente. Garantia que \u00e9 do cidad\u00e3o, e n\u00e3o do advogado&#8221;, disse.<\/div>\n<\/div>\n<div><\/div>\n<div>\n<div>Mais um tarde, em uma transmiss\u00e3o ao vivo em uma rede social enquanto cortava o cabelo, Bolsonaro disse que, a informa\u00e7\u00e3o que teve \u00e0 \u00e9poca do desaparecimento do pai do presidente da OAB foi de que Fernando Santa Cruz foi assassinado por outros integrantes da A\u00e7\u00e3o Popular. Bolsonaro tinha 18 anos quando o pai do presidente da OAB desapareceu em fevereiro de 1974.<\/div>\n<\/div>\n<div><\/div>\n<div>\n<div>&#8220;De onde eu obtive essa informa\u00e7\u00e3o? Com quem eu conversava na \u00e9poca, ora bolas. Eu conversava com muita gente&#8221;, disse Bolsonaro.<\/div>\n<\/div>\n<div><\/div>\n<div>\n<div>&#8220;O pessoal da AP no Rio de Janeiro ficou estupefato. &#8216;Como pode vir esse cara vir do Recife aqui se encontrar com a gente aqui?&#8217; O contato n\u00e3o seria com ele, seria com a c\u00fapula da A\u00e7\u00e3o Popular no Recife. E eles resolveram sumir com o pai do Santa Cruz. Essa \u00e9 a informa\u00e7\u00e3o que eu tive na \u00e9poca.&#8221;<\/div>\n<\/div>\n<div><\/div>\n<div>\n<div>As declara\u00e7\u00f5es de Bolsonaro v\u00e3o contra as informa\u00e7\u00f5es da Comiss\u00e3o Nacional da Verdade, que afirma que Fernando Santa Cruz Oliveira foi visto pela \u00faltima vez em fevereiro de 1974, quando foi preso no Rio de Janeiro por agentes do DOI-Codi.<\/div>\n<\/div>\n<div><\/div>\n<div>\n<div>Em buscas por ele, a fam\u00edlia recebeu diversas negativas de que tivesse sido preso, mas em suas investiga\u00e7\u00f5es a Comiss\u00e3o encontrou um relat\u00f3rio do Minist\u00e9rio da Aeron\u00e1utica da d\u00e9cada de 1990 em que se informava ao Minist\u00e9rio da Justi\u00e7a que ele havia sido preso em 23 de fevereiro de 1974 e era considerado desaparecido desde ent\u00e3o. Ele tinha 26 anos.<\/div>\n<\/div>\n<div><\/div>\n<div>\n<div>O pai do presidente da OAB era de fato parte da A\u00e7\u00e3o Popular (AP), de acordo com a Comiss\u00e3o Nacional da Verdade, mas n\u00e3o h\u00e1 ind\u00edcios de que tenha agido em Pernambuco. Ele morava em S\u00e3o Paulo e passava alguns dias na casa dos pais, no Rio de Janeiro, quando houve a pris\u00e3o.<\/div>\n<\/div>\n<div><\/div>\n<div>\n<div>Apenas em 2014, com o relat\u00f3rio da Comiss\u00e3o da Verdade, Fernando Oliveira foi considerado oficialmente morto.<\/div>\n<\/div>\n<div><\/div>\n<div>\n<div>A Anistia Internacional criticou as declara\u00e7\u00f5es do presidente e cobrou que o pa\u00eds assuma suas responsabilidades com as fam\u00edlias das v\u00edtimas.<\/div>\n<\/div>\n<div><\/div>\n<div>\n<div>&#8220;\u00c9 terr\u00edvel que o filho de um desaparecido pelo Regime Militar tenha que ouvir do presidente do Brasil, que deveria ser o defensor m\u00e1ximo do respeito e da Justi\u00e7a no pa\u00eds, declara\u00e7\u00f5es t\u00e3o duras. O Brasil deve assumir sua responsabilidade, e adotar todas as medidas necess\u00e1rias para que casos como esses sejam levados \u00e0 Justi\u00e7a&#8221;, disse a diretora-executiva da Anistia Internacional, Jurema Werneck.<\/div>\n<\/div>\n<div><span style=\"font-size: 8pt;\">fonte:uol\/ Reuthers &#8211; 29\/07\/2019 &#8211;\u00a0 15h24<\/span><\/div>\n<div>\n<div><\/div>\n<\/div>\n","protected":false},"excerpt":{"rendered":"<p>O presidente da Ordem dos Advogados do Brasil (OAB), Felipe Santa Cruz, ir\u00e1 ao Supremo Tribunal Federal (STF) [&hellip;]<\/p>\n","protected":false},"author":2,"featured_media":1932,"comment_status":"open","ping_status":"open","sticky":false,"template":"","format":"standard","meta":{"jetpack_post_was_ever_published":false,"jetpack_publicize_message":"","jetpack_is_tweetstorm":false,"jetpack_publicize_feature_enabled":true,"jetpack_social_post_already_shared":true,"jetpack_social_options":[]},"categories":[1],"tags":[],"jetpack_publicize_connections":[],"acf":[],"yoast_head":"<!-- This site is optimized with the Yoast SEO plugin v19.14 - https:\/\/yoast.com\/wordpress\/plugins\/seo\/ -->\n<title>INFORME BANC\u00c1RIO - 040 \/ 2019 - SE PRESIDENTE DA OAB QUISER SABER COMO PAI DESAPARECEU EU CONTO, DIZ BOLSONARO - Sindicato dos Banc\u00e1rios de S\u00e3o Bento do Sul e Regi\u00e3o<\/title>\n<meta name=\"robots\" content=\"index, follow, max-snippet:-1, max-image-preview:large, max-video-preview:-1\" \/>\n<link rel=\"canonical\" href=\"https:\/\/sindicatodosbancarios.org.br\/site2022\/2019\/07\/30\/informe-bancario-040-2019-se-presidente-da-oab-quiser-saber-como-pai-desapareceu-eu-conto-diz-bolsonaro\/\" \/>\n<meta property=\"og:locale\" content=\"pt_BR\" \/>\n<meta property=\"og:type\" content=\"article\" \/>\n<meta property=\"og:title\" content=\"INFORME BANC\u00c1RIO - 040 \/ 2019 - SE PRESIDENTE DA OAB QUISER SABER COMO PAI DESAPARECEU EU CONTO, DIZ BOLSONARO - Sindicato dos Banc\u00e1rios de S\u00e3o Bento do Sul e Regi\u00e3o\" \/>\n<meta property=\"og:description\" content=\"O presidente da Ordem dos Advogados do Brasil (OAB), Felipe Santa Cruz, ir\u00e1 ao Supremo Tribunal Federal (STF) [&hellip;]\" \/>\n<meta property=\"og:url\" content=\"https:\/\/sindicatodosbancarios.org.br\/site2022\/2019\/07\/30\/informe-bancario-040-2019-se-presidente-da-oab-quiser-saber-como-pai-desapareceu-eu-conto-diz-bolsonaro\/\" \/>\n<meta property=\"og:site_name\" content=\"Sindicato dos Banc\u00e1rios de S\u00e3o Bento do Sul e Regi\u00e3o\" \/>\n<meta property=\"article:author\" content=\"https:\/\/www.facebook.com\/seeb.sbs.9\" \/>\n<meta property=\"article:published_time\" content=\"2019-07-30T14:17:55+00:00\" \/>\n<meta property=\"og:image\" content=\"https:\/\/sindicatodosbancarios.org.br\/site2022\/wp-content\/uploads\/2017\/11\/198.jpg\" \/>\n\t<meta property=\"og:image:width\" content=\"615\" \/>\n\t<meta property=\"og:image:height\" content=\"300\" \/>\n\t<meta property=\"og:image:type\" content=\"image\/jpeg\" \/>\n<meta name=\"author\" content=\"Sindicato dos Banc\u00e1rios S\u00e3o Bento do Sul e Regi\u00e3o\" \/>\n<meta name=\"twitter:card\" content=\"summary_large_image\" \/>\n<meta name=\"twitter:label1\" content=\"Escrito por\" \/>\n\t<meta name=\"twitter:data1\" content=\"Sindicato dos Banc\u00e1rios S\u00e3o Bento do Sul e Regi\u00e3o\" \/>\n\t<meta name=\"twitter:label2\" content=\"Est. tempo de leitura\" \/>\n\t<meta name=\"twitter:data2\" content=\"4 minutos\" \/>\n<script type=\"application\/ld+json\" class=\"yoast-schema-graph\">{\"@context\":\"https:\/\/schema.org\",\"@graph\":[{\"@type\":\"Article\",\"@id\":\"https:\/\/sindicatodosbancarios.org.br\/site2022\/2019\/07\/30\/informe-bancario-040-2019-se-presidente-da-oab-quiser-saber-como-pai-desapareceu-eu-conto-diz-bolsonaro\/#article\",\"isPartOf\":{\"@id\":\"https:\/\/sindicatodosbancarios.org.br\/site2022\/2019\/07\/30\/informe-bancario-040-2019-se-presidente-da-oab-quiser-saber-como-pai-desapareceu-eu-conto-diz-bolsonaro\/\"},\"author\":{\"name\":\"Sindicato dos Banc\u00e1rios S\u00e3o Bento do Sul e Regi\u00e3o\",\"@id\":\"https:\/\/sindicatodosbancarios.org.br\/site2022\/#\/schema\/person\/a7d92da77d1084df4d28b57962f1e1bd\"},\"headline\":\"INFORME BANC\u00c1RIO &#8211; 040 \/ 2019 &#8211; SE PRESIDENTE DA OAB QUISER SABER COMO PAI DESAPARECEU EU CONTO, DIZ BOLSONARO\",\"datePublished\":\"2019-07-30T14:17:55+00:00\",\"dateModified\":\"2019-07-30T14:17:55+00:00\",\"mainEntityOfPage\":{\"@id\":\"https:\/\/sindicatodosbancarios.org.br\/site2022\/2019\/07\/30\/informe-bancario-040-2019-se-presidente-da-oab-quiser-saber-como-pai-desapareceu-eu-conto-diz-bolsonaro\/\"},\"wordCount\":907,\"commentCount\":0,\"publisher\":{\"@id\":\"https:\/\/sindicatodosbancarios.org.br\/site2022\/#organization\"},\"articleSection\":[\"Geral\"],\"inLanguage\":\"pt-BR\",\"potentialAction\":[{\"@type\":\"CommentAction\",\"name\":\"Comment\",\"target\":[\"https:\/\/sindicatodosbancarios.org.br\/site2022\/2019\/07\/30\/informe-bancario-040-2019-se-presidente-da-oab-quiser-saber-como-pai-desapareceu-eu-conto-diz-bolsonaro\/#respond\"]}]},{\"@type\":\"WebPage\",\"@id\":\"https:\/\/sindicatodosbancarios.org.br\/site2022\/2019\/07\/30\/informe-bancario-040-2019-se-presidente-da-oab-quiser-saber-como-pai-desapareceu-eu-conto-diz-bolsonaro\/\",\"url\":\"https:\/\/sindicatodosbancarios.org.br\/site2022\/2019\/07\/30\/informe-bancario-040-2019-se-presidente-da-oab-quiser-saber-como-pai-desapareceu-eu-conto-diz-bolsonaro\/\",\"name\":\"INFORME BANC\u00c1RIO - 040 \/ 2019 - SE PRESIDENTE DA OAB QUISER SABER COMO PAI DESAPARECEU EU CONTO, DIZ BOLSONARO - Sindicato dos Banc\u00e1rios de S\u00e3o Bento do Sul e Regi\u00e3o\",\"isPartOf\":{\"@id\":\"https:\/\/sindicatodosbancarios.org.br\/site2022\/#website\"},\"datePublished\":\"2019-07-30T14:17:55+00:00\",\"dateModified\":\"2019-07-30T14:17:55+00:00\",\"breadcrumb\":{\"@id\":\"https:\/\/sindicatodosbancarios.org.br\/site2022\/2019\/07\/30\/informe-bancario-040-2019-se-presidente-da-oab-quiser-saber-como-pai-desapareceu-eu-conto-diz-bolsonaro\/#breadcrumb\"},\"inLanguage\":\"pt-BR\",\"potentialAction\":[{\"@type\":\"ReadAction\",\"target\":[\"https:\/\/sindicatodosbancarios.org.br\/site2022\/2019\/07\/30\/informe-bancario-040-2019-se-presidente-da-oab-quiser-saber-como-pai-desapareceu-eu-conto-diz-bolsonaro\/\"]}]},{\"@type\":\"BreadcrumbList\",\"@id\":\"https:\/\/sindicatodosbancarios.org.br\/site2022\/2019\/07\/30\/informe-bancario-040-2019-se-presidente-da-oab-quiser-saber-como-pai-desapareceu-eu-conto-diz-bolsonaro\/#breadcrumb\",\"itemListElement\":[{\"@type\":\"ListItem\",\"position\":1,\"name\":\"In\u00edcio\",\"item\":\"https:\/\/sindicatodosbancarios.org.br\/site2022\/\"},{\"@type\":\"ListItem\",\"position\":2,\"name\":\"INFORME BANC\u00c1RIO &#8211; 040 \/ 2019 &#8211; SE PRESIDENTE DA OAB QUISER SABER COMO PAI DESAPARECEU EU CONTO, DIZ BOLSONARO\"}]},{\"@type\":\"WebSite\",\"@id\":\"https:\/\/sindicatodosbancarios.org.br\/site2022\/#website\",\"url\":\"https:\/\/sindicatodosbancarios.org.br\/site2022\/\",\"name\":\"Sindicato dos Banc\u00e1rios de S\u00e3o Bento do Sul e Regi\u00e3o\",\"description\":\"Website institucional do Sindicato dos Banc\u00e1rios de S\u00e3o Bento do Sul e Regi\u00e3o\",\"publisher\":{\"@id\":\"https:\/\/sindicatodosbancarios.org.br\/site2022\/#organization\"},\"potentialAction\":[{\"@type\":\"SearchAction\",\"target\":{\"@type\":\"EntryPoint\",\"urlTemplate\":\"https:\/\/sindicatodosbancarios.org.br\/site2022\/?s={search_term_string}\"},\"query-input\":\"required name=search_term_string\"}],\"inLanguage\":\"pt-BR\"},{\"@type\":\"Organization\",\"@id\":\"https:\/\/sindicatodosbancarios.org.br\/site2022\/#organization\",\"name\":\"Sindicato dos Banc\u00e1rios de S\u00e3o Bento do Sul e Regi\u00e3o\",\"url\":\"https:\/\/sindicatodosbancarios.org.br\/site2022\/\",\"logo\":{\"@type\":\"ImageObject\",\"inLanguage\":\"pt-BR\",\"@id\":\"https:\/\/sindicatodosbancarios.org.br\/site2022\/#\/schema\/logo\/image\/\",\"url\":\"https:\/\/sindicatodosbancarios.org.br\/site2022\/wp-content\/uploads\/2017\/06\/cropped-logo-2.png\",\"contentUrl\":\"https:\/\/sindicatodosbancarios.org.br\/site2022\/wp-content\/uploads\/2017\/06\/cropped-logo-2.png\",\"width\":292,\"height\":292,\"caption\":\"Sindicato dos Banc\u00e1rios de S\u00e3o Bento do Sul e Regi\u00e3o\"},\"image\":{\"@id\":\"https:\/\/sindicatodosbancarios.org.br\/site2022\/#\/schema\/logo\/image\/\"}},{\"@type\":\"Person\",\"@id\":\"https:\/\/sindicatodosbancarios.org.br\/site2022\/#\/schema\/person\/a7d92da77d1084df4d28b57962f1e1bd\",\"name\":\"Sindicato dos Banc\u00e1rios S\u00e3o Bento do Sul e Regi\u00e3o\",\"image\":{\"@type\":\"ImageObject\",\"inLanguage\":\"pt-BR\",\"@id\":\"https:\/\/sindicatodosbancarios.org.br\/site2022\/#\/schema\/person\/image\/\",\"url\":\"https:\/\/secure.gravatar.com\/avatar\/f1d1a06f698f2345352e539387180d42?s=96&d=mm&r=g\",\"contentUrl\":\"https:\/\/secure.gravatar.com\/avatar\/f1d1a06f698f2345352e539387180d42?s=96&d=mm&r=g\",\"caption\":\"Sindicato dos Banc\u00e1rios S\u00e3o Bento do Sul e Regi\u00e3o\"},\"sameAs\":[\"http:\/\/sindicatodosbancarios.org.br\/site2022\/\",\"https:\/\/www.facebook.com\/seeb.sbs.9\"],\"url\":\"https:\/\/sindicatodosbancarios.org.br\/site2022\/author\/sindicatodosbancarios\/\"}]}<\/script>\n<!-- \/ Yoast SEO plugin. -->","yoast_head_json":{"title":"INFORME BANC\u00c1RIO - 040 \/ 2019 - SE PRESIDENTE DA OAB QUISER SABER COMO PAI DESAPARECEU EU CONTO, DIZ BOLSONARO - Sindicato dos Banc\u00e1rios de S\u00e3o Bento do Sul e Regi\u00e3o","robots":{"index":"index","follow":"follow","max-snippet":"max-snippet:-1","max-image-preview":"max-image-preview:large","max-video-preview":"max-video-preview:-1"},"canonical":"https:\/\/sindicatodosbancarios.org.br\/site2022\/2019\/07\/30\/informe-bancario-040-2019-se-presidente-da-oab-quiser-saber-como-pai-desapareceu-eu-conto-diz-bolsonaro\/","og_locale":"pt_BR","og_type":"article","og_title":"INFORME BANC\u00c1RIO - 040 \/ 2019 - SE PRESIDENTE DA OAB QUISER SABER COMO PAI DESAPARECEU EU CONTO, DIZ BOLSONARO - Sindicato dos Banc\u00e1rios de S\u00e3o Bento do Sul e Regi\u00e3o","og_description":"O presidente da Ordem dos Advogados do Brasil (OAB), Felipe Santa Cruz, ir\u00e1 ao Supremo Tribunal Federal (STF) [&hellip;]","og_url":"https:\/\/sindicatodosbancarios.org.br\/site2022\/2019\/07\/30\/informe-bancario-040-2019-se-presidente-da-oab-quiser-saber-como-pai-desapareceu-eu-conto-diz-bolsonaro\/","og_site_name":"Sindicato dos Banc\u00e1rios de S\u00e3o Bento do Sul e Regi\u00e3o","article_author":"https:\/\/www.facebook.com\/seeb.sbs.9","article_published_time":"2019-07-30T14:17:55+00:00","og_image":[{"width":615,"height":300,"url":"https:\/\/sindicatodosbancarios.org.br\/site2022\/wp-content\/uploads\/2017\/11\/198.jpg","type":"image\/jpeg"}],"author":"Sindicato dos Banc\u00e1rios S\u00e3o Bento do Sul e Regi\u00e3o","twitter_card":"summary_large_image","twitter_misc":{"Escrito por":"Sindicato dos Banc\u00e1rios S\u00e3o Bento do Sul e Regi\u00e3o","Est. tempo de leitura":"4 minutos"},"schema":{"@context":"https:\/\/schema.org","@graph":[{"@type":"Article","@id":"https:\/\/sindicatodosbancarios.org.br\/site2022\/2019\/07\/30\/informe-bancario-040-2019-se-presidente-da-oab-quiser-saber-como-pai-desapareceu-eu-conto-diz-bolsonaro\/#article","isPartOf":{"@id":"https:\/\/sindicatodosbancarios.org.br\/site2022\/2019\/07\/30\/informe-bancario-040-2019-se-presidente-da-oab-quiser-saber-como-pai-desapareceu-eu-conto-diz-bolsonaro\/"},"author":{"name":"Sindicato dos Banc\u00e1rios S\u00e3o Bento do Sul e Regi\u00e3o","@id":"https:\/\/sindicatodosbancarios.org.br\/site2022\/#\/schema\/person\/a7d92da77d1084df4d28b57962f1e1bd"},"headline":"INFORME BANC\u00c1RIO &#8211; 040 \/ 2019 &#8211; SE PRESIDENTE DA OAB QUISER SABER COMO PAI DESAPARECEU EU CONTO, DIZ BOLSONARO","datePublished":"2019-07-30T14:17:55+00:00","dateModified":"2019-07-30T14:17:55+00:00","mainEntityOfPage":{"@id":"https:\/\/sindicatodosbancarios.org.br\/site2022\/2019\/07\/30\/informe-bancario-040-2019-se-presidente-da-oab-quiser-saber-como-pai-desapareceu-eu-conto-diz-bolsonaro\/"},"wordCount":907,"commentCount":0,"publisher":{"@id":"https:\/\/sindicatodosbancarios.org.br\/site2022\/#organization"},"articleSection":["Geral"],"inLanguage":"pt-BR","potentialAction":[{"@type":"CommentAction","name":"Comment","target":["https:\/\/sindicatodosbancarios.org.br\/site2022\/2019\/07\/30\/informe-bancario-040-2019-se-presidente-da-oab-quiser-saber-como-pai-desapareceu-eu-conto-diz-bolsonaro\/#respond"]}]},{"@type":"WebPage","@id":"https:\/\/sindicatodosbancarios.org.br\/site2022\/2019\/07\/30\/informe-bancario-040-2019-se-presidente-da-oab-quiser-saber-como-pai-desapareceu-eu-conto-diz-bolsonaro\/","url":"https:\/\/sindicatodosbancarios.org.br\/site2022\/2019\/07\/30\/informe-bancario-040-2019-se-presidente-da-oab-quiser-saber-como-pai-desapareceu-eu-conto-diz-bolsonaro\/","name":"INFORME BANC\u00c1RIO - 040 \/ 2019 - SE PRESIDENTE DA OAB QUISER SABER COMO PAI DESAPARECEU EU CONTO, DIZ BOLSONARO - Sindicato dos Banc\u00e1rios de S\u00e3o Bento do Sul e Regi\u00e3o","isPartOf":{"@id":"https:\/\/sindicatodosbancarios.org.br\/site2022\/#website"},"datePublished":"2019-07-30T14:17:55+00:00","dateModified":"2019-07-30T14:17:55+00:00","breadcrumb":{"@id":"https:\/\/sindicatodosbancarios.org.br\/site2022\/2019\/07\/30\/informe-bancario-040-2019-se-presidente-da-oab-quiser-saber-como-pai-desapareceu-eu-conto-diz-bolsonaro\/#breadcrumb"},"inLanguage":"pt-BR","potentialAction":[{"@type":"ReadAction","target":["https:\/\/sindicatodosbancarios.org.br\/site2022\/2019\/07\/30\/informe-bancario-040-2019-se-presidente-da-oab-quiser-saber-como-pai-desapareceu-eu-conto-diz-bolsonaro\/"]}]},{"@type":"BreadcrumbList","@id":"https:\/\/sindicatodosbancarios.org.br\/site2022\/2019\/07\/30\/informe-bancario-040-2019-se-presidente-da-oab-quiser-saber-como-pai-desapareceu-eu-conto-diz-bolsonaro\/#breadcrumb","itemListElement":[{"@type":"ListItem","position":1,"name":"In\u00edcio","item":"https:\/\/sindicatodosbancarios.org.br\/site2022\/"},{"@type":"ListItem","position":2,"name":"INFORME BANC\u00c1RIO &#8211; 040 \/ 2019 &#8211; SE PRESIDENTE DA OAB QUISER SABER COMO PAI DESAPARECEU EU CONTO, DIZ BOLSONARO"}]},{"@type":"WebSite","@id":"https:\/\/sindicatodosbancarios.org.br\/site2022\/#website","url":"https:\/\/sindicatodosbancarios.org.br\/site2022\/","name":"Sindicato dos Banc\u00e1rios de S\u00e3o Bento do Sul e Regi\u00e3o","description":"Website institucional do Sindicato dos Banc\u00e1rios de S\u00e3o Bento do Sul e Regi\u00e3o","publisher":{"@id":"https:\/\/sindicatodosbancarios.org.br\/site2022\/#organization"},"potentialAction":[{"@type":"SearchAction","target":{"@type":"EntryPoint","urlTemplate":"https:\/\/sindicatodosbancarios.org.br\/site2022\/?s={search_term_string}"},"query-input":"required name=search_term_string"}],"inLanguage":"pt-BR"},{"@type":"Organization","@id":"https:\/\/sindicatodosbancarios.org.br\/site2022\/#organization","name":"Sindicato dos Banc\u00e1rios de S\u00e3o Bento do Sul e Regi\u00e3o","url":"https:\/\/sindicatodosbancarios.org.br\/site2022\/","logo":{"@type":"ImageObject","inLanguage":"pt-BR","@id":"https:\/\/sindicatodosbancarios.org.br\/site2022\/#\/schema\/logo\/image\/","url":"https:\/\/sindicatodosbancarios.org.br\/site2022\/wp-content\/uploads\/2017\/06\/cropped-logo-2.png","contentUrl":"https:\/\/sindicatodosbancarios.org.br\/site2022\/wp-content\/uploads\/2017\/06\/cropped-logo-2.png","width":292,"height":292,"caption":"Sindicato dos Banc\u00e1rios de S\u00e3o Bento do Sul e Regi\u00e3o"},"image":{"@id":"https:\/\/sindicatodosbancarios.org.br\/site2022\/#\/schema\/logo\/image\/"}},{"@type":"Person","@id":"https:\/\/sindicatodosbancarios.org.br\/site2022\/#\/schema\/person\/a7d92da77d1084df4d28b57962f1e1bd","name":"Sindicato dos Banc\u00e1rios S\u00e3o Bento do Sul e Regi\u00e3o","image":{"@type":"ImageObject","inLanguage":"pt-BR","@id":"https:\/\/sindicatodosbancarios.org.br\/site2022\/#\/schema\/person\/image\/","url":"https:\/\/secure.gravatar.com\/avatar\/f1d1a06f698f2345352e539387180d42?s=96&d=mm&r=g","contentUrl":"https:\/\/secure.gravatar.com\/avatar\/f1d1a06f698f2345352e539387180d42?s=96&d=mm&r=g","caption":"Sindicato dos Banc\u00e1rios S\u00e3o Bento do Sul e Regi\u00e3o"},"sameAs":["http:\/\/sindicatodosbancarios.org.br\/site2022\/","https:\/\/www.facebook.com\/seeb.sbs.9"],"url":"https:\/\/sindicatodosbancarios.org.br\/site2022\/author\/sindicatodosbancarios\/"}]}},"jetpack_featured_media_url":"https:\/\/sindicatodosbancarios.org.br\/site2022\/wp-content\/uploads\/2017\/11\/198.jpg","jetpack_sharing_enabled":true,"jetpack_shortlink":"https:\/\/wp.me\/p8RSbI-N9","jetpack-related-posts":[{"id":4510,"url":"https:\/\/sindicatodosbancarios.org.br\/site2022\/2020\/09\/16\/informe-bancario-353-2020-em-cerimonia-restrita-luiz-fux-toma-posse-nesta-quinta-feira-como-presidente-do-stf\/","url_meta":{"origin":3047,"position":0},"title":"INFORME BANC\u00c1RIO \u2013 353\/2020 Em cerim\u00f4nia restrita, Luiz Fux toma posse nesta quinta-feira como presidente do STF","date":"16 de setembro de 2020","format":false,"excerpt":"Nascido no Rio, Fux substituir\u00e1 Dias Toffoli na presid\u00eancia. Novo presidente do STF \u00e9 formado em direito pela UERJ, exerceu advocacia e foi promotor at\u00e9 ingressar na magistratura, em 1983. O ministro\u00a0Luiz Fux\u00a0tomar\u00e1 posse nesta quinta-feira (10) como\u00a0novo presidente\u00a0do\u00a0Supremo Tribunal Federal\u00a0(STF). A ministra Rosa Weber ser\u00e1 a vice. A cerim\u00f4nia\u2026","rel":"","context":"Em &quot;Geral&quot;","img":{"alt_text":"","src":"https:\/\/i0.wp.com\/sindicatodosbancarios.org.br\/site2022\/wp-content\/uploads\/2020\/09\/bancoimagemfotoaudiencia-ap-451300.jpg?resize=350%2C200&ssl=1","width":350,"height":200},"classes":[]},{"id":4639,"url":"https:\/\/sindicatodosbancarios.org.br\/site2022\/2020\/10\/13\/informe-bancario-388-2020-acabei-com-a-lava-jato-porque-nao-tem-mais-corrupcao-no-governo-diz-bolsonaro\/","url_meta":{"origin":3047,"position":1},"title":"INFORME BANC\u00c1RIO \u2013 388\/2020 Acabei com a Lava Jato porque n\u00e3o tem mais corrup\u00e7\u00e3o no governo, diz Bolsonaro","date":"13 de outubro de 2020","format":false,"excerpt":"\"Sei que n\u00e3o \u00e9 virtude, \u00e9 obriga\u00e7\u00e3o\", afirmou o presidente BRAS\u00cdLIA O presidente Jair Bolsonaro afirmou nesta quarta-feira que acabou com a Lava Jato porque, segundo ele, n\u00e3o h\u00e1 mais corrup\u00e7\u00e3o no governo, no momento em que se alia politicamente a investigados da opera\u00e7\u00e3o no Congresso e se aproximou de\u2026","rel":"","context":"Em &quot;Geral&quot;","img":{"alt_text":"","src":"https:\/\/i0.wp.com\/sindicatodosbancarios.org.br\/site2022\/wp-content\/uploads\/2020\/10\/49782687922_8d1aaf7e1a_k-1.jpg?resize=350%2C200&ssl=1","width":350,"height":200},"classes":[]},{"id":5596,"url":"https:\/\/sindicatodosbancarios.org.br\/site2022\/2021\/08\/10\/informe-bancario-187-2021-pacheco-diz-que-bolsonaro-nao-pode-agredir-stf-e-defende-manutencao-de-dialogo\/","url_meta":{"origin":3047,"position":2},"title":"INFORME BANC\u00c1RIO \u2013 187\/2021 Pacheco diz que Bolsonaro n\u00e3o pode agredir STF e defende manuten\u00e7\u00e3o de di\u00e1logo","date":"10 de agosto de 2021","format":false,"excerpt":"Pacheco tamb\u00e9m considerou graves as amea\u00e7as feitas nesta semana por Bolsonaro de que poderia jogar fora das quatro linhas da Constitui\u00e7\u00e3o O presidente do\u00a0Senado,\u00a0Rodrigo Pacheco (DEM-MG), afirmou nesta sexta-feira que nem o presidente\u00a0Jair Bolsonaro\u00a0nem qualquer cidad\u00e3o pode fazer ataques ao\u00a0Supremo Tribunal Federal (STF), ao mesmo tempo que defendeu a manuten\u00e7\u00e3o\u2026","rel":"","context":"Em &quot;Geral&quot;","img":{"alt_text":"","src":"https:\/\/i0.wp.com\/sindicatodosbancarios.org.br\/site2022\/wp-content\/uploads\/2021\/08\/bolsonaro-e-pacheco.jpg?resize=350%2C200&ssl=1","width":350,"height":200},"classes":[]},{"id":4991,"url":"https:\/\/sindicatodosbancarios.org.br\/site2022\/2021\/01\/11\/informe-bancario-492-2021-bolsonaro-diz-que-brasil-tera-situacao-pior-que-os-eua-se-nao-houver-voto-impresso-em-2022\/","url_meta":{"origin":3047,"position":3},"title":"INFORME BANC\u00c1RIO \u2013 14\/2021 Bolsonaro diz que Brasil ter\u00e1 situa\u00e7\u00e3o pior que os EUA se n\u00e3o houver voto impresso em 2022","date":"11 de janeiro de 2021","format":false,"excerpt":"O presidente Jair Bolsonaro disse nesta quinta-feria que o Brasil enfrentar\u00e1 um cen\u00e1rio pior que o vivido pelos Estados Unidos, onde na v\u00e9spera apoiadores do presidente Donald Trump invadiram o pr\u00e9dio do Congresso, caso o pa\u00eds n\u00e3o adote o voto impresso na elei\u00e7\u00e3o presidencial de 2022. Em conversa com apoiadores\u2026","rel":"","context":"Em &quot;Geral&quot;","img":{"alt_text":"","src":"https:\/\/i0.wp.com\/sindicatodosbancarios.org.br\/site2022\/wp-content\/uploads\/2020\/12\/o-presidente-jair-bolsonaro-cumprimenta-apoiadores-diante-da-bandeira-dos-estados-unidos-1589592245442_v2_1920x1280.jpg?resize=350%2C200&ssl=1","width":350,"height":200},"classes":[]},{"id":5093,"url":"https:\/\/sindicatodosbancarios.org.br\/site2022\/2021\/02\/03\/informe-bancario-39-2021-ao-lado-de-bolsonaro-fux-desmente-de-novo-que-stf-proibiu-governo-federal-de-agir-em-pandemia\/","url_meta":{"origin":3047,"position":4},"title":"INFORME BANC\u00c1RIO \u2013 39\/2021 Ao lado de Bolsonaro, Fux desmente de novo que STF proibiu governo federal de agir em pandemia","date":"3 de fevereiro de 2021","format":false,"excerpt":"Fux disse ainda que n\u00e3o se deve \"ouvir as vozes isoladas, pessoas que abusam da liberdade de express\u00e3o\" e que a ci\u00eancia ir\u00e1 vencer a Covid-19 BRAS\u00cdLIA \u2013 Ao lado do presidente Jair Bolsonaro, o presidente do Supremo Tribunal Federal (STF), Luiz Fux, aproveitou a abertura do ano do Judici\u00e1rio\u2026","rel":"","context":"Em &quot;Geral&quot;","img":{"alt_text":"","src":"https:\/\/i0.wp.com\/sindicatodosbancarios.org.br\/site2022\/wp-content\/uploads\/2021\/02\/luiz-fux.jpg?resize=350%2C200&ssl=1","width":350,"height":200},"classes":[]},{"id":4586,"url":"https:\/\/sindicatodosbancarios.org.br\/site2022\/2020\/10\/02\/informe-bancario-375-2020-proposta-de-usar-precatorio-preocupou-aposentados-dinheiro-que-faz-falta\/","url_meta":{"origin":3047,"position":5},"title":"INFORME BANC\u00c1RIO \u2013 375\/2020 Proposta de usar precat\u00f3rio preocupou aposentados: &#8220;dinheiro que faz falta&#8221;","date":"2 de outubro de 2020","format":false,"excerpt":"A proposta do governo federal de usar dinheiro de precat\u00f3rios para financiar o Renda Cidad\u00e3, programa social que vai substituir o Bolsa Fam\u00edlia, deixou quem aguarda o pagamento em p\u00e2nico. Hoje, ap\u00f3s a repercuss\u00e3o negativa do an\u00fancio, o governo voltou atr\u00e1s. Precat\u00f3rios s\u00e3o d\u00edvidas da Uni\u00e3o reconhecidas ap\u00f3s decis\u00e3o definitiva\u2026","rel":"","context":"Em &quot;Geral&quot;","img":{"alt_text":"","src":"https:\/\/i0.wp.com\/sindicatodosbancarios.org.br\/site2022\/wp-content\/uploads\/2020\/10\/precatorios.jpeg?resize=350%2C200&ssl=1","width":350,"height":200},"classes":[]}],"_links":{"self":[{"href":"https:\/\/sindicatodosbancarios.org.br\/site2022\/wp-json\/wp\/v2\/posts\/3047"}],"collection":[{"href":"https:\/\/sindicatodosbancarios.org.br\/site2022\/wp-json\/wp\/v2\/posts"}],"about":[{"href":"https:\/\/sindicatodosbancarios.org.br\/site2022\/wp-json\/wp\/v2\/types\/post"}],"author":[{"embeddable":true,"href":"https:\/\/sindicatodosbancarios.org.br\/site2022\/wp-json\/wp\/v2\/users\/2"}],"replies":[{"embeddable":true,"href":"https:\/\/sindicatodosbancarios.org.br\/site2022\/wp-json\/wp\/v2\/comments?post=3047"}],"version-history":[{"count":2,"href":"https:\/\/sindicatodosbancarios.org.br\/site2022\/wp-json\/wp\/v2\/posts\/3047\/revisions"}],"predecessor-version":[{"id":3049,"href":"https:\/\/sindicatodosbancarios.org.br\/site2022\/wp-json\/wp\/v2\/posts\/3047\/revisions\/3049"}],"wp:featuredmedia":[{"embeddable":true,"href":"https:\/\/sindicatodosbancarios.org.br\/site2022\/wp-json\/wp\/v2\/media\/1932"}],"wp:attachment":[{"href":"https:\/\/sindicatodosbancarios.org.br\/site2022\/wp-json\/wp\/v2\/media?parent=3047"}],"wp:term":[{"taxonomy":"category","embeddable":true,"href":"https:\/\/sindicatodosbancarios.org.br\/site2022\/wp-json\/wp\/v2\/categories?post=3047"},{"taxonomy":"post_tag","embeddable":true,"href":"https:\/\/sindicatodosbancarios.org.br\/site2022\/wp-json\/wp\/v2\/tags?post=3047"}],"curies":[{"name":"wp","href":"https:\/\/api.w.org\/{rel}","templated":true}]}}