{"id":3066,"date":"2019-08-23T10:48:31","date_gmt":"2019-08-23T13:48:31","guid":{"rendered":"https:\/\/sindicatodosbancarios.org.br\/?p=3066"},"modified":"2019-08-23T10:48:31","modified_gmt":"2019-08-23T13:48:31","slug":"informe-bancario-043-2019-trabalho-aos-sabados-clt-e-cct-resguardam-bancarios","status":"publish","type":"post","link":"https:\/\/sindicatodosbancarios.org.br\/site2022\/2019\/08\/23\/informe-bancario-043-2019-trabalho-aos-sabados-clt-e-cct-resguardam-bancarios\/","title":{"rendered":"INFORME BANC\u00c1RIO &#8211; 043 \/ 2019 &#8211; TRABALHO AOS S\u00c1BADOS: CLT E CCT RESGUARDAM BANC\u00c1RIOS"},"content":{"rendered":"<p>O Senado aprovou, na noite de quarta-feira 21\/08\/19, a MP 881, mas retirou do texto seu ponto mais pol\u00eamico: o que liberava o trabalho aos domingos e feriados, sem necessidade de respeitar acordos trabalhistas, e sem a necessidade de pagamento de horas extras em dobro, que poderia ser substitu\u00eddo por uma folga em qualquer outro dia da semana, determinada pelo empregador.<\/p>\n<p>Os senadores, entretanto, mantiveram os outros pontos do texto, inclusive a revoga\u00e7\u00e3o da lei 4.178\/62, que pro\u00edbe a abertura de Bancos e outros estabelecimentos de cr\u00e9dito aos s\u00e1bados e domingos. Esse ponto \u00e9 mais uma amea\u00e7a \u00e0 jornada da Categoria Banc\u00e1ria, determinada por lei (Artigos 224 e 225 da CLT) e pela Conven\u00e7\u00e3o Coletiva de Trabalho (CCT) da categoria, v\u00e1lida em todo o pa\u00eds.<\/p>\n<p>A advogada L\u00facia Porto Noronha, do Escrit\u00f3rio Crivelli Advogados Associados, refor\u00e7a que a Categoria \u2013 formada por cerca de 485 mil trabalhadores em todo o pa\u00eds \u2013 est\u00e1 resguardada pela Consolida\u00e7\u00e3o das Leis do Trabalho e pela CCT, assinada em 2018 e v\u00e1lida at\u00e9 31 de agosto de 2020. \u201cOs Bancos at\u00e9 poder\u00e3o abrir aos s\u00e1bados, mas os Banc\u00e1rios n\u00e3o s\u00e3o obrigados a trabalhar\u201d, diz.<\/p>\n<p><strong>GOVERNO E ALIADOS N\u00c3O DESISTIRAM DO TRABALHO AOS DOMINGOS<\/strong>: Com a retirada do trecho que acabava com as restri\u00e7\u00f5es para o trabalho aos domingos e feriados, continuam valendo as regras previstas atualmente na legisla\u00e7\u00e3o trabalhista: a folga semanal deve ser no domingo, \u201csalvo motivo de conveni\u00eancia p\u00fablica ou necessidade imperiosa de servi\u00e7o\u201d; e nesses casos, a empresa deve fazer uma \u201cescala de revezamento quinzenal, que favore\u00e7a o repouso dominical\u201d.<\/p>\n<p>Esse ponto foi inclu\u00eddo na MP 881 pela C\u00e2mara dos Deputados, e tinha apoio do governo, mas enfrentou resist\u00eancia no Senado. Diante disso, o Executivo preferiu recuar e aceitar sua retirada, j\u00e1 que se n\u00e3o fosse aprovada, a medida provis\u00f3ria perderia a validade no dia 27 de agosto. Como n\u00e3o houve mudan\u00e7a nem acr\u00e9scimo ao texto, apenas uma retirada, ele n\u00e3o precisa voltar para a C\u00e2mara, e seguir\u00e1, portanto, para aprova\u00e7\u00e3o do Presidente Jair Bolsonaro.<br \/>\nNo entanto, nem Governo Bolsonaro nem sua base aliada no Congresso desistiram da medida. No Twitter, o Presidente do Senado, Davi Alcolumbre (DEM-AP), disse que a permiss\u00e3o para trabalhos aos domingos e feriados ser\u00e1 discutida futuramente em um projeto de lei.<\/p>\n<p><span style=\"font-size: 8pt;\">FONTE: SEEB SP com edi\u00e7\u00e3o SEEB JGS E REGI\u00c3O SC<\/span><\/p>\n","protected":false},"excerpt":{"rendered":"<p>O Senado aprovou, na noite de quarta-feira 21\/08\/19, a MP 881, mas retirou do texto seu ponto mais [&hellip;]<\/p>\n","protected":false},"author":2,"featured_media":1873,"comment_status":"open","ping_status":"open","sticky":false,"template":"","format":"standard","meta":{"jetpack_post_was_ever_published":false,"jetpack_publicize_message":"","jetpack_is_tweetstorm":false,"jetpack_publicize_feature_enabled":true,"jetpack_social_post_already_shared":true,"jetpack_social_options":[]},"categories":[1],"tags":[],"jetpack_publicize_connections":[],"acf":[],"yoast_head":"<!-- This site is optimized with the Yoast SEO plugin v19.14 - https:\/\/yoast.com\/wordpress\/plugins\/seo\/ -->\n<title>INFORME BANC\u00c1RIO - 043 \/ 2019 - TRABALHO AOS S\u00c1BADOS: CLT E CCT RESGUARDAM BANC\u00c1RIOS - Sindicato dos Banc\u00e1rios de S\u00e3o Bento do Sul e Regi\u00e3o<\/title>\n<meta name=\"robots\" content=\"index, follow, max-snippet:-1, max-image-preview:large, max-video-preview:-1\" \/>\n<link rel=\"canonical\" href=\"https:\/\/sindicatodosbancarios.org.br\/site2022\/2019\/08\/23\/informe-bancario-043-2019-trabalho-aos-sabados-clt-e-cct-resguardam-bancarios\/\" \/>\n<meta property=\"og:locale\" content=\"pt_BR\" \/>\n<meta property=\"og:type\" content=\"article\" \/>\n<meta property=\"og:title\" content=\"INFORME BANC\u00c1RIO - 043 \/ 2019 - TRABALHO AOS S\u00c1BADOS: CLT E CCT RESGUARDAM BANC\u00c1RIOS - Sindicato dos Banc\u00e1rios de S\u00e3o Bento do Sul e Regi\u00e3o\" \/>\n<meta property=\"og:description\" content=\"O Senado aprovou, na noite de quarta-feira 21\/08\/19, a MP 881, mas retirou do texto seu ponto mais [&hellip;]\" \/>\n<meta property=\"og:url\" content=\"https:\/\/sindicatodosbancarios.org.br\/site2022\/2019\/08\/23\/informe-bancario-043-2019-trabalho-aos-sabados-clt-e-cct-resguardam-bancarios\/\" \/>\n<meta property=\"og:site_name\" content=\"Sindicato dos Banc\u00e1rios de S\u00e3o Bento do Sul e Regi\u00e3o\" \/>\n<meta property=\"article:author\" content=\"https:\/\/www.facebook.com\/seeb.sbs.9\" \/>\n<meta property=\"article:published_time\" content=\"2019-08-23T13:48:31+00:00\" \/>\n<meta property=\"og:image\" content=\"https:\/\/sindicatodosbancarios.org.br\/site2022\/wp-content\/uploads\/2017\/10\/193.jpg\" \/>\n\t<meta property=\"og:image:width\" content=\"1024\" \/>\n\t<meta property=\"og:image:height\" content=\"576\" \/>\n\t<meta property=\"og:image:type\" content=\"image\/jpeg\" \/>\n<meta name=\"author\" content=\"Sindicato dos Banc\u00e1rios S\u00e3o Bento do Sul e Regi\u00e3o\" \/>\n<meta name=\"twitter:card\" content=\"summary_large_image\" \/>\n<meta name=\"twitter:label1\" content=\"Escrito por\" \/>\n\t<meta name=\"twitter:data1\" content=\"Sindicato dos Banc\u00e1rios S\u00e3o Bento do Sul e Regi\u00e3o\" \/>\n\t<meta name=\"twitter:label2\" content=\"Est. tempo de leitura\" \/>\n\t<meta name=\"twitter:data2\" content=\"2 minutos\" \/>\n<script type=\"application\/ld+json\" class=\"yoast-schema-graph\">{\"@context\":\"https:\/\/schema.org\",\"@graph\":[{\"@type\":\"Article\",\"@id\":\"https:\/\/sindicatodosbancarios.org.br\/site2022\/2019\/08\/23\/informe-bancario-043-2019-trabalho-aos-sabados-clt-e-cct-resguardam-bancarios\/#article\",\"isPartOf\":{\"@id\":\"https:\/\/sindicatodosbancarios.org.br\/site2022\/2019\/08\/23\/informe-bancario-043-2019-trabalho-aos-sabados-clt-e-cct-resguardam-bancarios\/\"},\"author\":{\"name\":\"Sindicato dos Banc\u00e1rios S\u00e3o Bento do Sul e Regi\u00e3o\",\"@id\":\"https:\/\/sindicatodosbancarios.org.br\/site2022\/#\/schema\/person\/a7d92da77d1084df4d28b57962f1e1bd\"},\"headline\":\"INFORME BANC\u00c1RIO &#8211; 043 \/ 2019 &#8211; TRABALHO AOS S\u00c1BADOS: CLT E CCT RESGUARDAM BANC\u00c1RIOS\",\"datePublished\":\"2019-08-23T13:48:31+00:00\",\"dateModified\":\"2019-08-23T13:48:31+00:00\",\"mainEntityOfPage\":{\"@id\":\"https:\/\/sindicatodosbancarios.org.br\/site2022\/2019\/08\/23\/informe-bancario-043-2019-trabalho-aos-sabados-clt-e-cct-resguardam-bancarios\/\"},\"wordCount\":428,\"commentCount\":0,\"publisher\":{\"@id\":\"https:\/\/sindicatodosbancarios.org.br\/site2022\/#organization\"},\"articleSection\":[\"Geral\"],\"inLanguage\":\"pt-BR\",\"potentialAction\":[{\"@type\":\"CommentAction\",\"name\":\"Comment\",\"target\":[\"https:\/\/sindicatodosbancarios.org.br\/site2022\/2019\/08\/23\/informe-bancario-043-2019-trabalho-aos-sabados-clt-e-cct-resguardam-bancarios\/#respond\"]}]},{\"@type\":\"WebPage\",\"@id\":\"https:\/\/sindicatodosbancarios.org.br\/site2022\/2019\/08\/23\/informe-bancario-043-2019-trabalho-aos-sabados-clt-e-cct-resguardam-bancarios\/\",\"url\":\"https:\/\/sindicatodosbancarios.org.br\/site2022\/2019\/08\/23\/informe-bancario-043-2019-trabalho-aos-sabados-clt-e-cct-resguardam-bancarios\/\",\"name\":\"INFORME BANC\u00c1RIO - 043 \/ 2019 - TRABALHO AOS S\u00c1BADOS: CLT E CCT RESGUARDAM BANC\u00c1RIOS - Sindicato dos Banc\u00e1rios de S\u00e3o Bento do Sul e Regi\u00e3o\",\"isPartOf\":{\"@id\":\"https:\/\/sindicatodosbancarios.org.br\/site2022\/#website\"},\"datePublished\":\"2019-08-23T13:48:31+00:00\",\"dateModified\":\"2019-08-23T13:48:31+00:00\",\"breadcrumb\":{\"@id\":\"https:\/\/sindicatodosbancarios.org.br\/site2022\/2019\/08\/23\/informe-bancario-043-2019-trabalho-aos-sabados-clt-e-cct-resguardam-bancarios\/#breadcrumb\"},\"inLanguage\":\"pt-BR\",\"potentialAction\":[{\"@type\":\"ReadAction\",\"target\":[\"https:\/\/sindicatodosbancarios.org.br\/site2022\/2019\/08\/23\/informe-bancario-043-2019-trabalho-aos-sabados-clt-e-cct-resguardam-bancarios\/\"]}]},{\"@type\":\"BreadcrumbList\",\"@id\":\"https:\/\/sindicatodosbancarios.org.br\/site2022\/2019\/08\/23\/informe-bancario-043-2019-trabalho-aos-sabados-clt-e-cct-resguardam-bancarios\/#breadcrumb\",\"itemListElement\":[{\"@type\":\"ListItem\",\"position\":1,\"name\":\"In\u00edcio\",\"item\":\"https:\/\/sindicatodosbancarios.org.br\/site2022\/\"},{\"@type\":\"ListItem\",\"position\":2,\"name\":\"INFORME BANC\u00c1RIO &#8211; 043 \/ 2019 &#8211; TRABALHO AOS S\u00c1BADOS: CLT E CCT RESGUARDAM BANC\u00c1RIOS\"}]},{\"@type\":\"WebSite\",\"@id\":\"https:\/\/sindicatodosbancarios.org.br\/site2022\/#website\",\"url\":\"https:\/\/sindicatodosbancarios.org.br\/site2022\/\",\"name\":\"Sindicato dos Banc\u00e1rios de S\u00e3o Bento do Sul e Regi\u00e3o\",\"description\":\"Website institucional do Sindicato dos Banc\u00e1rios de S\u00e3o Bento do Sul e Regi\u00e3o\",\"publisher\":{\"@id\":\"https:\/\/sindicatodosbancarios.org.br\/site2022\/#organization\"},\"potentialAction\":[{\"@type\":\"SearchAction\",\"target\":{\"@type\":\"EntryPoint\",\"urlTemplate\":\"https:\/\/sindicatodosbancarios.org.br\/site2022\/?s={search_term_string}\"},\"query-input\":\"required name=search_term_string\"}],\"inLanguage\":\"pt-BR\"},{\"@type\":\"Organization\",\"@id\":\"https:\/\/sindicatodosbancarios.org.br\/site2022\/#organization\",\"name\":\"Sindicato dos Banc\u00e1rios de S\u00e3o Bento do Sul e Regi\u00e3o\",\"url\":\"https:\/\/sindicatodosbancarios.org.br\/site2022\/\",\"logo\":{\"@type\":\"ImageObject\",\"inLanguage\":\"pt-BR\",\"@id\":\"https:\/\/sindicatodosbancarios.org.br\/site2022\/#\/schema\/logo\/image\/\",\"url\":\"https:\/\/sindicatodosbancarios.org.br\/site2022\/wp-content\/uploads\/2017\/06\/cropped-logo-2.png\",\"contentUrl\":\"https:\/\/sindicatodosbancarios.org.br\/site2022\/wp-content\/uploads\/2017\/06\/cropped-logo-2.png\",\"width\":292,\"height\":292,\"caption\":\"Sindicato dos Banc\u00e1rios de S\u00e3o Bento do Sul e Regi\u00e3o\"},\"image\":{\"@id\":\"https:\/\/sindicatodosbancarios.org.br\/site2022\/#\/schema\/logo\/image\/\"}},{\"@type\":\"Person\",\"@id\":\"https:\/\/sindicatodosbancarios.org.br\/site2022\/#\/schema\/person\/a7d92da77d1084df4d28b57962f1e1bd\",\"name\":\"Sindicato dos Banc\u00e1rios S\u00e3o Bento do Sul e Regi\u00e3o\",\"image\":{\"@type\":\"ImageObject\",\"inLanguage\":\"pt-BR\",\"@id\":\"https:\/\/sindicatodosbancarios.org.br\/site2022\/#\/schema\/person\/image\/\",\"url\":\"https:\/\/secure.gravatar.com\/avatar\/f1d1a06f698f2345352e539387180d42?s=96&d=mm&r=g\",\"contentUrl\":\"https:\/\/secure.gravatar.com\/avatar\/f1d1a06f698f2345352e539387180d42?s=96&d=mm&r=g\",\"caption\":\"Sindicato dos Banc\u00e1rios S\u00e3o Bento do Sul e Regi\u00e3o\"},\"sameAs\":[\"http:\/\/sindicatodosbancarios.org.br\/site2022\/\",\"https:\/\/www.facebook.com\/seeb.sbs.9\"],\"url\":\"https:\/\/sindicatodosbancarios.org.br\/site2022\/author\/sindicatodosbancarios\/\"}]}<\/script>\n<!-- \/ Yoast SEO plugin. -->","yoast_head_json":{"title":"INFORME BANC\u00c1RIO - 043 \/ 2019 - TRABALHO AOS S\u00c1BADOS: CLT E CCT RESGUARDAM BANC\u00c1RIOS - Sindicato dos Banc\u00e1rios de S\u00e3o Bento do Sul e Regi\u00e3o","robots":{"index":"index","follow":"follow","max-snippet":"max-snippet:-1","max-image-preview":"max-image-preview:large","max-video-preview":"max-video-preview:-1"},"canonical":"https:\/\/sindicatodosbancarios.org.br\/site2022\/2019\/08\/23\/informe-bancario-043-2019-trabalho-aos-sabados-clt-e-cct-resguardam-bancarios\/","og_locale":"pt_BR","og_type":"article","og_title":"INFORME BANC\u00c1RIO - 043 \/ 2019 - TRABALHO AOS S\u00c1BADOS: CLT E CCT RESGUARDAM BANC\u00c1RIOS - Sindicato dos Banc\u00e1rios de S\u00e3o Bento do Sul e Regi\u00e3o","og_description":"O Senado aprovou, na noite de quarta-feira 21\/08\/19, a MP 881, mas retirou do texto seu ponto mais [&hellip;]","og_url":"https:\/\/sindicatodosbancarios.org.br\/site2022\/2019\/08\/23\/informe-bancario-043-2019-trabalho-aos-sabados-clt-e-cct-resguardam-bancarios\/","og_site_name":"Sindicato dos Banc\u00e1rios de S\u00e3o Bento do Sul e Regi\u00e3o","article_author":"https:\/\/www.facebook.com\/seeb.sbs.9","article_published_time":"2019-08-23T13:48:31+00:00","og_image":[{"width":1024,"height":576,"url":"https:\/\/sindicatodosbancarios.org.br\/site2022\/wp-content\/uploads\/2017\/10\/193.jpg","type":"image\/jpeg"}],"author":"Sindicato dos Banc\u00e1rios S\u00e3o Bento do Sul e Regi\u00e3o","twitter_card":"summary_large_image","twitter_misc":{"Escrito por":"Sindicato dos Banc\u00e1rios S\u00e3o Bento do Sul e Regi\u00e3o","Est. tempo de leitura":"2 minutos"},"schema":{"@context":"https:\/\/schema.org","@graph":[{"@type":"Article","@id":"https:\/\/sindicatodosbancarios.org.br\/site2022\/2019\/08\/23\/informe-bancario-043-2019-trabalho-aos-sabados-clt-e-cct-resguardam-bancarios\/#article","isPartOf":{"@id":"https:\/\/sindicatodosbancarios.org.br\/site2022\/2019\/08\/23\/informe-bancario-043-2019-trabalho-aos-sabados-clt-e-cct-resguardam-bancarios\/"},"author":{"name":"Sindicato dos Banc\u00e1rios S\u00e3o Bento do Sul e Regi\u00e3o","@id":"https:\/\/sindicatodosbancarios.org.br\/site2022\/#\/schema\/person\/a7d92da77d1084df4d28b57962f1e1bd"},"headline":"INFORME BANC\u00c1RIO &#8211; 043 \/ 2019 &#8211; TRABALHO AOS S\u00c1BADOS: CLT E CCT RESGUARDAM BANC\u00c1RIOS","datePublished":"2019-08-23T13:48:31+00:00","dateModified":"2019-08-23T13:48:31+00:00","mainEntityOfPage":{"@id":"https:\/\/sindicatodosbancarios.org.br\/site2022\/2019\/08\/23\/informe-bancario-043-2019-trabalho-aos-sabados-clt-e-cct-resguardam-bancarios\/"},"wordCount":428,"commentCount":0,"publisher":{"@id":"https:\/\/sindicatodosbancarios.org.br\/site2022\/#organization"},"articleSection":["Geral"],"inLanguage":"pt-BR","potentialAction":[{"@type":"CommentAction","name":"Comment","target":["https:\/\/sindicatodosbancarios.org.br\/site2022\/2019\/08\/23\/informe-bancario-043-2019-trabalho-aos-sabados-clt-e-cct-resguardam-bancarios\/#respond"]}]},{"@type":"WebPage","@id":"https:\/\/sindicatodosbancarios.org.br\/site2022\/2019\/08\/23\/informe-bancario-043-2019-trabalho-aos-sabados-clt-e-cct-resguardam-bancarios\/","url":"https:\/\/sindicatodosbancarios.org.br\/site2022\/2019\/08\/23\/informe-bancario-043-2019-trabalho-aos-sabados-clt-e-cct-resguardam-bancarios\/","name":"INFORME BANC\u00c1RIO - 043 \/ 2019 - TRABALHO AOS S\u00c1BADOS: CLT E CCT RESGUARDAM BANC\u00c1RIOS - Sindicato dos Banc\u00e1rios de S\u00e3o Bento do Sul e Regi\u00e3o","isPartOf":{"@id":"https:\/\/sindicatodosbancarios.org.br\/site2022\/#website"},"datePublished":"2019-08-23T13:48:31+00:00","dateModified":"2019-08-23T13:48:31+00:00","breadcrumb":{"@id":"https:\/\/sindicatodosbancarios.org.br\/site2022\/2019\/08\/23\/informe-bancario-043-2019-trabalho-aos-sabados-clt-e-cct-resguardam-bancarios\/#breadcrumb"},"inLanguage":"pt-BR","potentialAction":[{"@type":"ReadAction","target":["https:\/\/sindicatodosbancarios.org.br\/site2022\/2019\/08\/23\/informe-bancario-043-2019-trabalho-aos-sabados-clt-e-cct-resguardam-bancarios\/"]}]},{"@type":"BreadcrumbList","@id":"https:\/\/sindicatodosbancarios.org.br\/site2022\/2019\/08\/23\/informe-bancario-043-2019-trabalho-aos-sabados-clt-e-cct-resguardam-bancarios\/#breadcrumb","itemListElement":[{"@type":"ListItem","position":1,"name":"In\u00edcio","item":"https:\/\/sindicatodosbancarios.org.br\/site2022\/"},{"@type":"ListItem","position":2,"name":"INFORME BANC\u00c1RIO &#8211; 043 \/ 2019 &#8211; TRABALHO AOS S\u00c1BADOS: CLT E CCT RESGUARDAM BANC\u00c1RIOS"}]},{"@type":"WebSite","@id":"https:\/\/sindicatodosbancarios.org.br\/site2022\/#website","url":"https:\/\/sindicatodosbancarios.org.br\/site2022\/","name":"Sindicato dos Banc\u00e1rios de S\u00e3o Bento do Sul e Regi\u00e3o","description":"Website institucional do Sindicato dos Banc\u00e1rios de S\u00e3o Bento do Sul e Regi\u00e3o","publisher":{"@id":"https:\/\/sindicatodosbancarios.org.br\/site2022\/#organization"},"potentialAction":[{"@type":"SearchAction","target":{"@type":"EntryPoint","urlTemplate":"https:\/\/sindicatodosbancarios.org.br\/site2022\/?s={search_term_string}"},"query-input":"required name=search_term_string"}],"inLanguage":"pt-BR"},{"@type":"Organization","@id":"https:\/\/sindicatodosbancarios.org.br\/site2022\/#organization","name":"Sindicato dos Banc\u00e1rios de S\u00e3o Bento do Sul e Regi\u00e3o","url":"https:\/\/sindicatodosbancarios.org.br\/site2022\/","logo":{"@type":"ImageObject","inLanguage":"pt-BR","@id":"https:\/\/sindicatodosbancarios.org.br\/site2022\/#\/schema\/logo\/image\/","url":"https:\/\/sindicatodosbancarios.org.br\/site2022\/wp-content\/uploads\/2017\/06\/cropped-logo-2.png","contentUrl":"https:\/\/sindicatodosbancarios.org.br\/site2022\/wp-content\/uploads\/2017\/06\/cropped-logo-2.png","width":292,"height":292,"caption":"Sindicato dos Banc\u00e1rios de S\u00e3o Bento do Sul e Regi\u00e3o"},"image":{"@id":"https:\/\/sindicatodosbancarios.org.br\/site2022\/#\/schema\/logo\/image\/"}},{"@type":"Person","@id":"https:\/\/sindicatodosbancarios.org.br\/site2022\/#\/schema\/person\/a7d92da77d1084df4d28b57962f1e1bd","name":"Sindicato dos Banc\u00e1rios S\u00e3o Bento do Sul e Regi\u00e3o","image":{"@type":"ImageObject","inLanguage":"pt-BR","@id":"https:\/\/sindicatodosbancarios.org.br\/site2022\/#\/schema\/person\/image\/","url":"https:\/\/secure.gravatar.com\/avatar\/f1d1a06f698f2345352e539387180d42?s=96&d=mm&r=g","contentUrl":"https:\/\/secure.gravatar.com\/avatar\/f1d1a06f698f2345352e539387180d42?s=96&d=mm&r=g","caption":"Sindicato dos Banc\u00e1rios S\u00e3o Bento do Sul e Regi\u00e3o"},"sameAs":["http:\/\/sindicatodosbancarios.org.br\/site2022\/","https:\/\/www.facebook.com\/seeb.sbs.9"],"url":"https:\/\/sindicatodosbancarios.org.br\/site2022\/author\/sindicatodosbancarios\/"}]}},"jetpack_featured_media_url":"https:\/\/sindicatodosbancarios.org.br\/site2022\/wp-content\/uploads\/2017\/10\/193.jpg","jetpack_sharing_enabled":true,"jetpack_shortlink":"https:\/\/wp.me\/p8RSbI-Ns","jetpack-related-posts":[{"id":5651,"url":"https:\/\/sindicatodosbancarios.org.br\/site2022\/2021\/09\/01\/informe-bancario-203-2021-a-reforma-trabalhista-e-os-limites-da-vedacao-legal-a-ultra-atividade-das-normas-coletivas-do-trabalho\/","url_meta":{"origin":3066,"position":0},"title":"INFORME BANC\u00c1RIO \u2013 203\/2021 A reforma trabalhista e os limites da veda\u00e7\u00e3o legal \u00e0 ultra-atividade das normas coletivas do trabalho","date":"1 de setembro de 2021","format":false,"excerpt":"1 INTRODU\u00c7\u00c3O O presente artigo inicia-se abordando sobre os elementos constitutivos dentro do contexto hist\u00f3rico do Direito do Trabalho e nele, a hist\u00f3ria dos sindicatos, bem como as fun\u00e7\u00f5es gerais deste. Como meio principal de estudo, ter-se-\u00e1 a veda\u00e7\u00e3o ao princ\u00edpio da ultra-atividade das normas, em rela\u00e7\u00e3o ao ACT (Acordo\u2026","rel":"","context":"Em &quot;Geral&quot;","img":{"alt_text":"","src":"https:\/\/i0.wp.com\/sindicatodosbancarios.org.br\/site2022\/wp-content\/uploads\/2021\/09\/reforma-trabalhista.jpg?resize=350%2C200&ssl=1","width":350,"height":200},"classes":[]},{"id":4554,"url":"https:\/\/sindicatodosbancarios.org.br\/site2022\/2020\/09\/28\/informe-bancario-366-2020-gerentes-gerais-terao-10-dias-de-compensacao-pelos-sabados-trabalhados-para-o-pagamento-do-auxilio-emergencial\/","url_meta":{"origin":3066,"position":1},"title":"INFORME BANC\u00c1RIO \u2013 366\/2020 GERENTES GERAIS TER\u00c3O 10 DIAS DE COMPENSA\u00c7\u00c3O PELOS S\u00c1BADOS TRABALHADOS PARA O PAGAMENTO DO AUX\u00cdLIO EMERGENCIAL","date":"28 de setembro de 2020","format":false,"excerpt":"An\u00fancio \u00e9 resultado da reinvindica\u00e7\u00e3o da CEE\/Caixa na mesa de negocia\u00e7\u00e3o. Comiss\u00e3o cobrou a Caixa a compensa\u00e7\u00e3o ou remunera\u00e7\u00e3o para todos os empregados que trabalharam no s\u00e1bado e n\u00e3o bateram ponto. Os gerentes gerais de rede que trabalharam aos s\u00e1bados durante a abertura das ag\u00eancias para o pagamento do aux\u00edlio\u2026","rel":"","context":"Em &quot;Caixa Econ\u00f4mica Federal&quot;","img":{"alt_text":"","src":"https:\/\/i0.wp.com\/sindicatodosbancarios.org.br\/site2022\/wp-content\/uploads\/2020\/05\/25fin-100-caixa-c1-img01.jpg?resize=350%2C200&ssl=1","width":350,"height":200},"classes":[]},{"id":5630,"url":"https:\/\/sindicatodosbancarios.org.br\/site2022\/2021\/08\/20\/informe-bancario-197-2021-fenaban-promete-manter-jornada-prevista-na-cct\/","url_meta":{"origin":3066,"position":2},"title":"INFORME BANC\u00c1RIO \u2013 197\/2021 FENABAN PROMETE MANTER JORNADA PREVISTA NA CCT","date":"20 de agosto de 2021","format":false,"excerpt":"MP do Governo Bolsonaro passou na C\u00e2mara e vai para o Senado. A mobiliza\u00e7\u00e3o do Movimento Sindical vai continuar para deter a retirada de direitos sem precedentes. A C\u00e2mara dos Deputados aprovou, dia 12 de agosto, a Medida Provis\u00f3ria 1045\/2021, editada pelo Governo Federal em abril e que institui o\u2026","rel":"","context":"Em &quot;Geral&quot;","img":{"alt_text":"","src":"https:\/\/i0.wp.com\/sindicatodosbancarios.org.br\/site2022\/wp-content\/uploads\/2020\/06\/46735750392_c403dc52f0_b.jpg?resize=350%2C200&ssl=1","width":350,"height":200},"classes":[]},{"id":4844,"url":"https:\/\/sindicatodosbancarios.org.br\/site2022\/2020\/12\/07\/informe-bancario-452-2020-consulta-eletronica-para-que-os-funcionarios-do-banco-itau-unibanco-possam-avaliar-a-minuta-de-acordo-coletivo-especifico-de-teletrabalho\/","url_meta":{"origin":3066,"position":3},"title":"INFORME BANC\u00c1RIO \u2013 452\/2020 Consulta eletr\u00f4nica para que os funcion\u00e1rios do Banco Ita\u00fa\/Unibanco possam avaliar a minuta de Acordo Coletivo espec\u00edfico de Teletrabalho","date":"7 de dezembro de 2020","format":false,"excerpt":"SINDICATOS REALIZAM CONSULTAS VIRTUAIS SOBRE ACORDO DO TELETRABALHO NO ITA\u00da. Os Sindicatos da Base da Federa\u00e7\u00e3o dos Banc\u00e1rios de Santa Catarina , realizar\u00e3o consultas\u00a0\u00a0virtuais que acontecer\u00e1 entre \u00e0s 9h da\u00a0\u00a0pr\u00f3xima segunda \u2013 feira (07\/12\/20) e \u00e0s 18h da ter\u00e7a \u2013 feira (08\/12\/20), para que os Funcion\u00e1rios do Ita\u00fa se manifestem\u2026","rel":"","context":"Em &quot;Ita\u00fa&quot;","img":{"alt_text":"","src":"https:\/\/i0.wp.com\/sindicatodosbancarios.org.br\/site2022\/wp-content\/uploads\/2020\/09\/itau-741x486.jpg?resize=350%2C200&ssl=1","width":350,"height":200},"classes":[]},{"id":5623,"url":"https:\/\/sindicatodosbancarios.org.br\/site2022\/2021\/08\/19\/informe-bancario-195-2021-camara-conclui-aprovacao-de-nova-reforma-trabalhista-texto-vai-ao-senado\/","url_meta":{"origin":3066,"position":4},"title":"INFORME BANC\u00c1RIO \u2013 195\/2021 C\u00e2mara conclui aprova\u00e7\u00e3o de nova reforma trabalhista; texto vai ao Senado","date":"19 de agosto de 2021","format":false,"excerpt":"A C\u00e2mara dos Deputados concluiu nesta quinta-feira (12) a vota\u00e7\u00e3o de uma nova reforma trabalhista, mudando uma s\u00e9rie de regras para os trabalhadores. O texto-base da proposta j\u00e1 havia sido aprovado na ter\u00e7a, e agora os deputados conclu\u00edram a vota\u00e7\u00e3o de destaques, que s\u00e3o mudan\u00e7as no texto. Todos eles foram\u2026","rel":"","context":"Em &quot;Geral&quot;","img":{"alt_text":"","src":"https:\/\/i0.wp.com\/sindicatodosbancarios.org.br\/site2022\/wp-content\/uploads\/2021\/08\/Nova-reforma-trabalhista-com-reducao-de-salarios-750x450.jpeg?resize=350%2C200&ssl=1","width":350,"height":200},"classes":[]},{"id":4652,"url":"https:\/\/sindicatodosbancarios.org.br\/site2022\/2020\/10\/15\/informe-bancario-393-2020-motorista-de-caminhao-de-lixo-tem-direito-a-adicional-de-insalubridade-maximo\/","url_meta":{"origin":3066,"position":5},"title":"INFORME BANC\u00c1RIO \u2013 393\/2020 Motorista de caminh\u00e3o de lixo tem direito a adicional de insalubridade m\u00e1ximo","date":"15 de outubro de 2020","format":false,"excerpt":"O trabalho realizado em condi\u00e7\u00f5es insalubres, mesmo que em car\u00e1ter intermitente, n\u00e3o afasta, apenas por essa circunst\u00e2ncia, o direito ao recebimento de um adicional no sal\u00e1rio m\u00ednimo, conforme o Enunciado 47 da S\u00famula do Tribunal Superior do Trabalho. Foi com esse entendimento que os desembargadores da 3\u00aa C\u00e2mara do Tribunal\u2026","rel":"","context":"Em &quot;Geral&quot;","img":{"alt_text":"","src":"","width":0,"height":0},"classes":[]}],"_links":{"self":[{"href":"https:\/\/sindicatodosbancarios.org.br\/site2022\/wp-json\/wp\/v2\/posts\/3066"}],"collection":[{"href":"https:\/\/sindicatodosbancarios.org.br\/site2022\/wp-json\/wp\/v2\/posts"}],"about":[{"href":"https:\/\/sindicatodosbancarios.org.br\/site2022\/wp-json\/wp\/v2\/types\/post"}],"author":[{"embeddable":true,"href":"https:\/\/sindicatodosbancarios.org.br\/site2022\/wp-json\/wp\/v2\/users\/2"}],"replies":[{"embeddable":true,"href":"https:\/\/sindicatodosbancarios.org.br\/site2022\/wp-json\/wp\/v2\/comments?post=3066"}],"version-history":[{"count":1,"href":"https:\/\/sindicatodosbancarios.org.br\/site2022\/wp-json\/wp\/v2\/posts\/3066\/revisions"}],"predecessor-version":[{"id":3067,"href":"https:\/\/sindicatodosbancarios.org.br\/site2022\/wp-json\/wp\/v2\/posts\/3066\/revisions\/3067"}],"wp:featuredmedia":[{"embeddable":true,"href":"https:\/\/sindicatodosbancarios.org.br\/site2022\/wp-json\/wp\/v2\/media\/1873"}],"wp:attachment":[{"href":"https:\/\/sindicatodosbancarios.org.br\/site2022\/wp-json\/wp\/v2\/media?parent=3066"}],"wp:term":[{"taxonomy":"category","embeddable":true,"href":"https:\/\/sindicatodosbancarios.org.br\/site2022\/wp-json\/wp\/v2\/categories?post=3066"},{"taxonomy":"post_tag","embeddable":true,"href":"https:\/\/sindicatodosbancarios.org.br\/site2022\/wp-json\/wp\/v2\/tags?post=3066"}],"curies":[{"name":"wp","href":"https:\/\/api.w.org\/{rel}","templated":true}]}}