{"id":3068,"date":"2019-08-28T13:58:09","date_gmt":"2019-08-28T16:58:09","guid":{"rendered":"https:\/\/sindicatodosbancarios.org.br\/?p=3068"},"modified":"2019-08-28T13:58:09","modified_gmt":"2019-08-28T16:58:09","slug":"dia-nacional-dos-bancarios-28-08","status":"publish","type":"post","link":"https:\/\/sindicatodosbancarios.org.br\/site2022\/2019\/08\/28\/dia-nacional-dos-bancarios-28-08\/","title":{"rendered":"DIA NACIONAL DOS BANC\u00c1RIOS &#8211; 28\/08"},"content":{"rendered":"","protected":false},"excerpt":{"rendered":"","protected":false},"author":2,"featured_media":3069,"comment_status":"open","ping_status":"open","sticky":false,"template":"","format":"standard","meta":{"jetpack_post_was_ever_published":false,"jetpack_publicize_message":"","jetpack_is_tweetstorm":false,"jetpack_publicize_feature_enabled":true,"jetpack_social_post_already_shared":true,"jetpack_social_options":[]},"categories":[1],"tags":[],"jetpack_publicize_connections":[],"acf":[],"yoast_head":"<!-- This site is optimized with the Yoast SEO plugin v19.14 - https:\/\/yoast.com\/wordpress\/plugins\/seo\/ -->\n<title>DIA NACIONAL DOS BANC\u00c1RIOS - 28\/08 - Sindicato dos Banc\u00e1rios de S\u00e3o Bento do Sul e Regi\u00e3o<\/title>\n<meta name=\"robots\" content=\"index, follow, max-snippet:-1, max-image-preview:large, max-video-preview:-1\" \/>\n<link rel=\"canonical\" href=\"https:\/\/sindicatodosbancarios.org.br\/site2022\/2019\/08\/28\/dia-nacional-dos-bancarios-28-08\/\" \/>\n<meta property=\"og:locale\" content=\"pt_BR\" \/>\n<meta property=\"og:type\" content=\"article\" \/>\n<meta property=\"og:title\" content=\"DIA NACIONAL DOS BANC\u00c1RIOS - 28\/08 - Sindicato dos Banc\u00e1rios de S\u00e3o Bento do Sul e Regi\u00e3o\" \/>\n<meta property=\"og:url\" content=\"https:\/\/sindicatodosbancarios.org.br\/site2022\/2019\/08\/28\/dia-nacional-dos-bancarios-28-08\/\" \/>\n<meta property=\"og:site_name\" content=\"Sindicato dos Banc\u00e1rios de S\u00e3o Bento do Sul e Regi\u00e3o\" \/>\n<meta property=\"article:author\" content=\"https:\/\/www.facebook.com\/seeb.sbs.9\" \/>\n<meta property=\"article:published_time\" content=\"2019-08-28T16:58:09+00:00\" \/>\n<meta property=\"og:image\" content=\"https:\/\/sindicatodosbancarios.org.br\/site2022\/wp-content\/uploads\/2019\/08\/jpg.png\" \/>\n\t<meta property=\"og:image:width\" content=\"643\" \/>\n\t<meta property=\"og:image:height\" content=\"480\" \/>\n\t<meta property=\"og:image:type\" content=\"image\/png\" \/>\n<meta name=\"author\" content=\"Sindicato dos Banc\u00e1rios S\u00e3o Bento do Sul e Regi\u00e3o\" \/>\n<meta name=\"twitter:card\" content=\"summary_large_image\" \/>\n<meta name=\"twitter:label1\" content=\"Escrito por\" \/>\n\t<meta name=\"twitter:data1\" content=\"Sindicato dos Banc\u00e1rios S\u00e3o Bento do Sul e Regi\u00e3o\" \/>\n<script type=\"application\/ld+json\" class=\"yoast-schema-graph\">{\"@context\":\"https:\/\/schema.org\",\"@graph\":[{\"@type\":\"Article\",\"@id\":\"https:\/\/sindicatodosbancarios.org.br\/site2022\/2019\/08\/28\/dia-nacional-dos-bancarios-28-08\/#article\",\"isPartOf\":{\"@id\":\"https:\/\/sindicatodosbancarios.org.br\/site2022\/2019\/08\/28\/dia-nacional-dos-bancarios-28-08\/\"},\"author\":{\"name\":\"Sindicato dos Banc\u00e1rios S\u00e3o Bento do Sul e Regi\u00e3o\",\"@id\":\"https:\/\/sindicatodosbancarios.org.br\/site2022\/#\/schema\/person\/a7d92da77d1084df4d28b57962f1e1bd\"},\"headline\":\"DIA NACIONAL DOS BANC\u00c1RIOS &#8211; 28\/08\",\"datePublished\":\"2019-08-28T16:58:09+00:00\",\"dateModified\":\"2019-08-28T16:58:09+00:00\",\"mainEntityOfPage\":{\"@id\":\"https:\/\/sindicatodosbancarios.org.br\/site2022\/2019\/08\/28\/dia-nacional-dos-bancarios-28-08\/\"},\"wordCount\":6,\"commentCount\":0,\"publisher\":{\"@id\":\"https:\/\/sindicatodosbancarios.org.br\/site2022\/#organization\"},\"articleSection\":[\"Geral\"],\"inLanguage\":\"pt-BR\",\"potentialAction\":[{\"@type\":\"CommentAction\",\"name\":\"Comment\",\"target\":[\"https:\/\/sindicatodosbancarios.org.br\/site2022\/2019\/08\/28\/dia-nacional-dos-bancarios-28-08\/#respond\"]}]},{\"@type\":\"WebPage\",\"@id\":\"https:\/\/sindicatodosbancarios.org.br\/site2022\/2019\/08\/28\/dia-nacional-dos-bancarios-28-08\/\",\"url\":\"https:\/\/sindicatodosbancarios.org.br\/site2022\/2019\/08\/28\/dia-nacional-dos-bancarios-28-08\/\",\"name\":\"DIA NACIONAL DOS BANC\u00c1RIOS - 28\/08 - Sindicato dos Banc\u00e1rios de S\u00e3o Bento do Sul e Regi\u00e3o\",\"isPartOf\":{\"@id\":\"https:\/\/sindicatodosbancarios.org.br\/site2022\/#website\"},\"datePublished\":\"2019-08-28T16:58:09+00:00\",\"dateModified\":\"2019-08-28T16:58:09+00:00\",\"breadcrumb\":{\"@id\":\"https:\/\/sindicatodosbancarios.org.br\/site2022\/2019\/08\/28\/dia-nacional-dos-bancarios-28-08\/#breadcrumb\"},\"inLanguage\":\"pt-BR\",\"potentialAction\":[{\"@type\":\"ReadAction\",\"target\":[\"https:\/\/sindicatodosbancarios.org.br\/site2022\/2019\/08\/28\/dia-nacional-dos-bancarios-28-08\/\"]}]},{\"@type\":\"BreadcrumbList\",\"@id\":\"https:\/\/sindicatodosbancarios.org.br\/site2022\/2019\/08\/28\/dia-nacional-dos-bancarios-28-08\/#breadcrumb\",\"itemListElement\":[{\"@type\":\"ListItem\",\"position\":1,\"name\":\"In\u00edcio\",\"item\":\"https:\/\/sindicatodosbancarios.org.br\/site2022\/\"},{\"@type\":\"ListItem\",\"position\":2,\"name\":\"DIA NACIONAL DOS BANC\u00c1RIOS &#8211; 28\/08\"}]},{\"@type\":\"WebSite\",\"@id\":\"https:\/\/sindicatodosbancarios.org.br\/site2022\/#website\",\"url\":\"https:\/\/sindicatodosbancarios.org.br\/site2022\/\",\"name\":\"Sindicato dos Banc\u00e1rios de S\u00e3o Bento do Sul e Regi\u00e3o\",\"description\":\"Website institucional do Sindicato dos Banc\u00e1rios de S\u00e3o Bento do Sul e Regi\u00e3o\",\"publisher\":{\"@id\":\"https:\/\/sindicatodosbancarios.org.br\/site2022\/#organization\"},\"potentialAction\":[{\"@type\":\"SearchAction\",\"target\":{\"@type\":\"EntryPoint\",\"urlTemplate\":\"https:\/\/sindicatodosbancarios.org.br\/site2022\/?s={search_term_string}\"},\"query-input\":\"required name=search_term_string\"}],\"inLanguage\":\"pt-BR\"},{\"@type\":\"Organization\",\"@id\":\"https:\/\/sindicatodosbancarios.org.br\/site2022\/#organization\",\"name\":\"Sindicato dos Banc\u00e1rios de S\u00e3o Bento do Sul e Regi\u00e3o\",\"url\":\"https:\/\/sindicatodosbancarios.org.br\/site2022\/\",\"logo\":{\"@type\":\"ImageObject\",\"inLanguage\":\"pt-BR\",\"@id\":\"https:\/\/sindicatodosbancarios.org.br\/site2022\/#\/schema\/logo\/image\/\",\"url\":\"https:\/\/sindicatodosbancarios.org.br\/site2022\/wp-content\/uploads\/2017\/06\/cropped-logo-2.png\",\"contentUrl\":\"https:\/\/sindicatodosbancarios.org.br\/site2022\/wp-content\/uploads\/2017\/06\/cropped-logo-2.png\",\"width\":292,\"height\":292,\"caption\":\"Sindicato dos Banc\u00e1rios de S\u00e3o Bento do Sul e Regi\u00e3o\"},\"image\":{\"@id\":\"https:\/\/sindicatodosbancarios.org.br\/site2022\/#\/schema\/logo\/image\/\"}},{\"@type\":\"Person\",\"@id\":\"https:\/\/sindicatodosbancarios.org.br\/site2022\/#\/schema\/person\/a7d92da77d1084df4d28b57962f1e1bd\",\"name\":\"Sindicato dos Banc\u00e1rios S\u00e3o Bento do Sul e Regi\u00e3o\",\"image\":{\"@type\":\"ImageObject\",\"inLanguage\":\"pt-BR\",\"@id\":\"https:\/\/sindicatodosbancarios.org.br\/site2022\/#\/schema\/person\/image\/\",\"url\":\"https:\/\/secure.gravatar.com\/avatar\/f1d1a06f698f2345352e539387180d42?s=96&d=mm&r=g\",\"contentUrl\":\"https:\/\/secure.gravatar.com\/avatar\/f1d1a06f698f2345352e539387180d42?s=96&d=mm&r=g\",\"caption\":\"Sindicato dos Banc\u00e1rios S\u00e3o Bento do Sul e Regi\u00e3o\"},\"sameAs\":[\"http:\/\/sindicatodosbancarios.org.br\/site2022\/\",\"https:\/\/www.facebook.com\/seeb.sbs.9\"],\"url\":\"https:\/\/sindicatodosbancarios.org.br\/site2022\/author\/sindicatodosbancarios\/\"}]}<\/script>\n<!-- \/ Yoast SEO plugin. -->","yoast_head_json":{"title":"DIA NACIONAL DOS BANC\u00c1RIOS - 28\/08 - Sindicato dos Banc\u00e1rios de S\u00e3o Bento do Sul e Regi\u00e3o","robots":{"index":"index","follow":"follow","max-snippet":"max-snippet:-1","max-image-preview":"max-image-preview:large","max-video-preview":"max-video-preview:-1"},"canonical":"https:\/\/sindicatodosbancarios.org.br\/site2022\/2019\/08\/28\/dia-nacional-dos-bancarios-28-08\/","og_locale":"pt_BR","og_type":"article","og_title":"DIA NACIONAL DOS BANC\u00c1RIOS - 28\/08 - Sindicato dos Banc\u00e1rios de S\u00e3o Bento do Sul e Regi\u00e3o","og_url":"https:\/\/sindicatodosbancarios.org.br\/site2022\/2019\/08\/28\/dia-nacional-dos-bancarios-28-08\/","og_site_name":"Sindicato dos Banc\u00e1rios de S\u00e3o Bento do Sul e Regi\u00e3o","article_author":"https:\/\/www.facebook.com\/seeb.sbs.9","article_published_time":"2019-08-28T16:58:09+00:00","og_image":[{"width":643,"height":480,"url":"https:\/\/sindicatodosbancarios.org.br\/site2022\/wp-content\/uploads\/2019\/08\/jpg.png","type":"image\/png"}],"author":"Sindicato dos Banc\u00e1rios S\u00e3o Bento do Sul e Regi\u00e3o","twitter_card":"summary_large_image","twitter_misc":{"Escrito por":"Sindicato dos Banc\u00e1rios S\u00e3o Bento do Sul e Regi\u00e3o"},"schema":{"@context":"https:\/\/schema.org","@graph":[{"@type":"Article","@id":"https:\/\/sindicatodosbancarios.org.br\/site2022\/2019\/08\/28\/dia-nacional-dos-bancarios-28-08\/#article","isPartOf":{"@id":"https:\/\/sindicatodosbancarios.org.br\/site2022\/2019\/08\/28\/dia-nacional-dos-bancarios-28-08\/"},"author":{"name":"Sindicato dos Banc\u00e1rios S\u00e3o Bento do Sul e Regi\u00e3o","@id":"https:\/\/sindicatodosbancarios.org.br\/site2022\/#\/schema\/person\/a7d92da77d1084df4d28b57962f1e1bd"},"headline":"DIA NACIONAL DOS BANC\u00c1RIOS &#8211; 28\/08","datePublished":"2019-08-28T16:58:09+00:00","dateModified":"2019-08-28T16:58:09+00:00","mainEntityOfPage":{"@id":"https:\/\/sindicatodosbancarios.org.br\/site2022\/2019\/08\/28\/dia-nacional-dos-bancarios-28-08\/"},"wordCount":6,"commentCount":0,"publisher":{"@id":"https:\/\/sindicatodosbancarios.org.br\/site2022\/#organization"},"articleSection":["Geral"],"inLanguage":"pt-BR","potentialAction":[{"@type":"CommentAction","name":"Comment","target":["https:\/\/sindicatodosbancarios.org.br\/site2022\/2019\/08\/28\/dia-nacional-dos-bancarios-28-08\/#respond"]}]},{"@type":"WebPage","@id":"https:\/\/sindicatodosbancarios.org.br\/site2022\/2019\/08\/28\/dia-nacional-dos-bancarios-28-08\/","url":"https:\/\/sindicatodosbancarios.org.br\/site2022\/2019\/08\/28\/dia-nacional-dos-bancarios-28-08\/","name":"DIA NACIONAL DOS BANC\u00c1RIOS - 28\/08 - Sindicato dos Banc\u00e1rios de S\u00e3o Bento do Sul e Regi\u00e3o","isPartOf":{"@id":"https:\/\/sindicatodosbancarios.org.br\/site2022\/#website"},"datePublished":"2019-08-28T16:58:09+00:00","dateModified":"2019-08-28T16:58:09+00:00","breadcrumb":{"@id":"https:\/\/sindicatodosbancarios.org.br\/site2022\/2019\/08\/28\/dia-nacional-dos-bancarios-28-08\/#breadcrumb"},"inLanguage":"pt-BR","potentialAction":[{"@type":"ReadAction","target":["https:\/\/sindicatodosbancarios.org.br\/site2022\/2019\/08\/28\/dia-nacional-dos-bancarios-28-08\/"]}]},{"@type":"BreadcrumbList","@id":"https:\/\/sindicatodosbancarios.org.br\/site2022\/2019\/08\/28\/dia-nacional-dos-bancarios-28-08\/#breadcrumb","itemListElement":[{"@type":"ListItem","position":1,"name":"In\u00edcio","item":"https:\/\/sindicatodosbancarios.org.br\/site2022\/"},{"@type":"ListItem","position":2,"name":"DIA NACIONAL DOS BANC\u00c1RIOS &#8211; 28\/08"}]},{"@type":"WebSite","@id":"https:\/\/sindicatodosbancarios.org.br\/site2022\/#website","url":"https:\/\/sindicatodosbancarios.org.br\/site2022\/","name":"Sindicato dos Banc\u00e1rios de S\u00e3o Bento do Sul e Regi\u00e3o","description":"Website institucional do Sindicato dos Banc\u00e1rios de S\u00e3o Bento do Sul e Regi\u00e3o","publisher":{"@id":"https:\/\/sindicatodosbancarios.org.br\/site2022\/#organization"},"potentialAction":[{"@type":"SearchAction","target":{"@type":"EntryPoint","urlTemplate":"https:\/\/sindicatodosbancarios.org.br\/site2022\/?s={search_term_string}"},"query-input":"required name=search_term_string"}],"inLanguage":"pt-BR"},{"@type":"Organization","@id":"https:\/\/sindicatodosbancarios.org.br\/site2022\/#organization","name":"Sindicato dos Banc\u00e1rios de S\u00e3o Bento do Sul e Regi\u00e3o","url":"https:\/\/sindicatodosbancarios.org.br\/site2022\/","logo":{"@type":"ImageObject","inLanguage":"pt-BR","@id":"https:\/\/sindicatodosbancarios.org.br\/site2022\/#\/schema\/logo\/image\/","url":"https:\/\/sindicatodosbancarios.org.br\/site2022\/wp-content\/uploads\/2017\/06\/cropped-logo-2.png","contentUrl":"https:\/\/sindicatodosbancarios.org.br\/site2022\/wp-content\/uploads\/2017\/06\/cropped-logo-2.png","width":292,"height":292,"caption":"Sindicato dos Banc\u00e1rios de S\u00e3o Bento do Sul e Regi\u00e3o"},"image":{"@id":"https:\/\/sindicatodosbancarios.org.br\/site2022\/#\/schema\/logo\/image\/"}},{"@type":"Person","@id":"https:\/\/sindicatodosbancarios.org.br\/site2022\/#\/schema\/person\/a7d92da77d1084df4d28b57962f1e1bd","name":"Sindicato dos Banc\u00e1rios S\u00e3o Bento do Sul e Regi\u00e3o","image":{"@type":"ImageObject","inLanguage":"pt-BR","@id":"https:\/\/sindicatodosbancarios.org.br\/site2022\/#\/schema\/person\/image\/","url":"https:\/\/secure.gravatar.com\/avatar\/f1d1a06f698f2345352e539387180d42?s=96&d=mm&r=g","contentUrl":"https:\/\/secure.gravatar.com\/avatar\/f1d1a06f698f2345352e539387180d42?s=96&d=mm&r=g","caption":"Sindicato dos Banc\u00e1rios S\u00e3o Bento do Sul e Regi\u00e3o"},"sameAs":["http:\/\/sindicatodosbancarios.org.br\/site2022\/","https:\/\/www.facebook.com\/seeb.sbs.9"],"url":"https:\/\/sindicatodosbancarios.org.br\/site2022\/author\/sindicatodosbancarios\/"}]}},"jetpack_featured_media_url":"https:\/\/sindicatodosbancarios.org.br\/site2022\/wp-content\/uploads\/2019\/08\/jpg.png","jetpack_sharing_enabled":true,"jetpack_shortlink":"https:\/\/wp.me\/p8RSbI-Nu","jetpack-related-posts":[{"id":4352,"url":"https:\/\/sindicatodosbancarios.org.br\/site2022\/2020\/08\/27\/informe-bancario-318-2020-28-de-agosto-dia-dos-bancarios\/","url_meta":{"origin":3068,"position":0},"title":"INFORME BANC\u00c1RIO \u2013 318\/2020 28 de agosto dia dos Banc\u00e1rios","date":"27 de agosto de 2020","format":false,"excerpt":"Neste dia especial nos dirigimos a voc\u00ea, colega banc\u00e1rio (a), lembrando da import\u00e2ncia da nossa profiss\u00e3o e o papel relevante que desempenhamos na sociedade. Mesmo em tempos de pandemia, trabalha sabendo do risco que voc\u00ea e seus familiares est\u00e3o expostos, mais uma vez os banc\u00e1rios continuam unidos e comprometidos com\u2026","rel":"","context":"Em &quot;Banco do Brasil&quot;","img":{"alt_text":"","src":"https:\/\/i0.wp.com\/sindicatodosbancarios.org.br\/site2022\/wp-content\/uploads\/2020\/08\/WhatsApp-Image-2020-08-28-at-10.48.41-768x768.jpeg?resize=350%2C200&ssl=1","width":350,"height":200},"classes":[]},{"id":5132,"url":"https:\/\/sindicatodosbancarios.org.br\/site2022\/2021\/02\/08\/informe-bancarios-48-2021-contec-entrara-com-acoes-a-nivel-nacional-contra-o-fechamento-de-agencias-desgratificacao-de-caixas-e-transferencias-compulsorias\/","url_meta":{"origin":3068,"position":1},"title":"INFORME BANC\u00c1RIOS \u2013 48\/2021 CONTEC ENTRAR\u00c1 COM A\u00c7\u00d5ES A N\u00cdVEL NACIONAL CONTRA O FECHAMENTO DE AG\u00caNCIAS, DESGRATIFICA\u00c7\u00c3O DE CAIXAS E TRANSFER\u00caNCIAS COMPULS\u00d3RIAS","date":"8 de fevereiro de 2021","format":false,"excerpt":"Em Reuni\u00e3o do Conselho de Representantes da CONTEC, realizada no dia 05\/02\/21, \u00a0foi Aprovada a Execu\u00e7\u00e3o de A\u00e7\u00f5es em face contra o Banco Do Brasil S\/A, solicitando ao Judici\u00e1rio a determina\u00e7\u00e3o do N\u00c3O FECHAMENTO DE AG\u00caNCIAS, N\u00c3O TRANSFER\u00caNCIA DE FUNCION\u00c1RIOS COMPULSORIAMENTE e a N\u00c3O DESGRATIFICA\u00c7\u00c3O DOS CAIXAS EXECUTIVOS EFETIVOS, INDEPENDENTE\u2026","rel":"","context":"Em &quot;Banco do Brasil&quot;","img":{"alt_text":"","src":"https:\/\/i0.wp.com\/sindicatodosbancarios.org.br\/site2022\/wp-content\/uploads\/2021\/01\/110121145137-BB.png?resize=350%2C200&ssl=1","width":350,"height":200},"classes":[]},{"id":4497,"url":"https:\/\/sindicatodosbancarios.org.br\/site2022\/2020\/09\/14\/informe-bancario-348-2020-banco-bradesco-sa-pagara-plr-na-quinta-17-09-20\/","url_meta":{"origin":3068,"position":2},"title":"INFORME BANC\u00c1RIO \u2013 348\/2020 BANCO BRADESCO SA, PAGAR\u00c1 PLR NA QUINTA 17\/09\/20","date":"14 de setembro de 2020","format":false,"excerpt":"Atendendo as reivindica\u00e7\u00f5es do Movimento Sindical Banc\u00e1rio, o Banco Bradesco SA, pagar\u00e1 a PLR no dia 17\/09\/20. Banco tamb\u00e9m informou que far\u00e1 o cr\u00e9dito da 13\u00aa cesta alimenta\u00e7\u00e3o no dia 28\/09\/20, mesma data em que ser\u00e3o pagos os vales alimenta\u00e7\u00e3o e refei\u00e7\u00e3o. Abono de R$ 2 mil, conquistado na Campanha\u2026","rel":"","context":"Em &quot;Bradesco\/HSBC&quot;","img":{"alt_text":"","src":"https:\/\/i0.wp.com\/sindicatodosbancarios.org.br\/site2022\/wp-content\/uploads\/2020\/07\/bradesco-anuncia-uma-modernizacao-de-sua-marca-1541452912545_v2_1920x1357.jpg?resize=350%2C200&ssl=1","width":350,"height":200},"classes":[]},{"id":4319,"url":"https:\/\/sindicatodosbancarios.org.br\/site2022\/2020\/08\/20\/informe-bancario-308-2020-veja-a-reducao-da-plr-do-bradesco-com-a-proposta-da-fenaban\/","url_meta":{"origin":3068,"position":3},"title":"INFORME BANC\u00c1RIO \u2013 308\/2020 VEJA A REDU\u00c7\u00c3O DA PLR DO BRADESCO COM A PROPOSTA DA FENABAN","date":"20 de agosto de 2020","format":false,"excerpt":"Federa\u00e7\u00e3o dos Bancos apresentou proposta que pode encolher em at\u00e9 48% a PLR dos Banc\u00e1rios; veja quadro comparativo com os percentuais de redu\u00e7\u00e3o por faixas salariais Na sexta rodada da Campanha Nacional dos Banc\u00e1rios 2020, nesta ter\u00e7a-feira 18, a FENABAN (Federa\u00e7\u00e3o dos Bancos), apresentou uma proposta que pode reduzir em\u2026","rel":"","context":"Em &quot;Bradesco\/HSBC&quot;","img":{"alt_text":"","src":"https:\/\/i0.wp.com\/sindicatodosbancarios.org.br\/site2022\/wp-content\/uploads\/2020\/08\/200820134502-BRADESCO.jpg?resize=350%2C200&ssl=1","width":350,"height":200},"classes":[]},{"id":5453,"url":"https:\/\/sindicatodosbancarios.org.br\/site2022\/2021\/06\/09\/informe-bancario-143-2021-campanha-nacional-de-vacinacao-dos-bancarios\/","url_meta":{"origin":3068,"position":4},"title":"INFORME BANC\u00c1RIO \u2013 143\/2021 CAMPANHA NACIONAL DE VACINA\u00c7\u00c3O DOS BANC\u00c1RIOS","date":"9 de junho de 2021","format":false,"excerpt":"Prezados companheiros, boa\u00a0 tarde. CAMPANHA NACIONAL DE VACINA\u00c7\u00c3O DOS BANC\u00c1RIOS A\u00a0CONTEC, FEEB SC e SEEB de S\u00e3o Bento do Sul e Regi\u00e3o\u00a0continua na\u00a0necess\u00e1ria e urgente\u00a0CAMPANHA DE VACINA\u00c7\u00c3O DOS BANC\u00c1RIOS. Por isso, reiteramos o pedido para que as Federa\u00e7\u00f5es e Sindicatos de banc\u00e1rios busquem o necess\u00e1rio apoio dos\u00a0Prefeitos e Vereadores,\u00a0na prioridade\u2026","rel":"","context":"Em &quot;Geral&quot;","img":{"alt_text":"","src":"https:\/\/i0.wp.com\/sindicatodosbancarios.org.br\/site2022\/wp-content\/uploads\/2021\/06\/getty.jpg?resize=350%2C200&ssl=1","width":350,"height":200},"classes":[]},{"id":5647,"url":"https:\/\/sindicatodosbancarios.org.br\/site2022\/2021\/08\/28\/informe-bancario-202-2021-bancarios-vao-comemorar-seu-dia-28-de-agosto-com-todos-seus-direitos\/","url_meta":{"origin":3068,"position":5},"title":"INFORME BANC\u00c1RIO \u2013 202\/2021 BANC\u00c1RIOS V\u00c3O COMEMORAR SEU DIA 28 DE AGOSTO COM TODOS SEUS DIREITOS!","date":"28 de agosto de 2021","format":false,"excerpt":"Direitos foram preservados at\u00e9 2022 e aumento com 100% do INPC + 0,5% acima da infla\u00e7\u00e3o. Algumas categorias somente conseguiram o INPC e outras tiveram seus direitos retirados Mais um dia 28 de agosto em que a categoria banc\u00e1ria celebra seu dia com conquistas e vit\u00f3rias. A campanha salarial 2020\u2026","rel":"","context":"Em &quot;Geral&quot;","img":{"alt_text":"","src":"https:\/\/i0.wp.com\/sindicatodosbancarios.org.br\/site2022\/wp-content\/uploads\/2021\/08\/dia-bancario-2016-1-8539-980x500m0.jpg?resize=350%2C200&ssl=1","width":350,"height":200},"classes":[]}],"_links":{"self":[{"href":"https:\/\/sindicatodosbancarios.org.br\/site2022\/wp-json\/wp\/v2\/posts\/3068"}],"collection":[{"href":"https:\/\/sindicatodosbancarios.org.br\/site2022\/wp-json\/wp\/v2\/posts"}],"about":[{"href":"https:\/\/sindicatodosbancarios.org.br\/site2022\/wp-json\/wp\/v2\/types\/post"}],"author":[{"embeddable":true,"href":"https:\/\/sindicatodosbancarios.org.br\/site2022\/wp-json\/wp\/v2\/users\/2"}],"replies":[{"embeddable":true,"href":"https:\/\/sindicatodosbancarios.org.br\/site2022\/wp-json\/wp\/v2\/comments?post=3068"}],"version-history":[{"count":1,"href":"https:\/\/sindicatodosbancarios.org.br\/site2022\/wp-json\/wp\/v2\/posts\/3068\/revisions"}],"predecessor-version":[{"id":3070,"href":"https:\/\/sindicatodosbancarios.org.br\/site2022\/wp-json\/wp\/v2\/posts\/3068\/revisions\/3070"}],"wp:featuredmedia":[{"embeddable":true,"href":"https:\/\/sindicatodosbancarios.org.br\/site2022\/wp-json\/wp\/v2\/media\/3069"}],"wp:attachment":[{"href":"https:\/\/sindicatodosbancarios.org.br\/site2022\/wp-json\/wp\/v2\/media?parent=3068"}],"wp:term":[{"taxonomy":"category","embeddable":true,"href":"https:\/\/sindicatodosbancarios.org.br\/site2022\/wp-json\/wp\/v2\/categories?post=3068"},{"taxonomy":"post_tag","embeddable":true,"href":"https:\/\/sindicatodosbancarios.org.br\/site2022\/wp-json\/wp\/v2\/tags?post=3068"}],"curies":[{"name":"wp","href":"https:\/\/api.w.org\/{rel}","templated":true}]}}