{"id":3091,"date":"2019-09-13T14:18:15","date_gmt":"2019-09-13T17:18:15","guid":{"rendered":"https:\/\/sindicatodosbancarios.org.br\/?p=3091"},"modified":"2019-09-13T14:18:15","modified_gmt":"2019-09-13T17:18:15","slug":"festa-dos-bancarios-sera-no-dia-17-11-2019-na-arbanc","status":"publish","type":"post","link":"https:\/\/sindicatodosbancarios.org.br\/site2022\/2019\/09\/13\/festa-dos-bancarios-sera-no-dia-17-11-2019-na-arbanc\/","title":{"rendered":"FESTA DOS BANC\u00c1RIOS SER\u00c1 NO DIA 17\/11\/2019 NA ARBANC"},"content":{"rendered":"<p>O Sindicato dos Banc\u00e1rios de S\u00e3o Bento do Sul e Regi\u00e3o, promover\u00e1 no dia 17\/11 (domingo), com in\u00edcio \u00e0s 10h30, \u00e0 tradicional Festa dos Banc\u00e1rios, que ser\u00e1 realizada, na sede Recreativa dos Banc\u00e1rios (ARBANC).<\/p>\n<p>Evento aguardado o ano inteiro pela categoria banc\u00e1ria de S\u00e3o Bento do Sul, Rio Negrinho e Campo Alegre, que al\u00e9m da gastronomia, mais uma vez servida pelo tradicional e famoso Restaurante Gl\u00f3ria, de Joinville, um suculento churrasco e seus acompanhamentos, al\u00e9m de brinquedos para as crian\u00e7as, m\u00fasica, bem como a oportunidade de reunir colegas, amigos e familiares.<\/p>\n<p>\u00c0 participa\u00e7\u00e3o do evento ser\u00e1 aberta aos banc\u00e1rios (as) associados (as) ao Sindicato e da ARBANC, seus dependentes e terceiros.<\/p>\n<p><strong>BANC\u00c1RIO ASSOCIADO, S\u00d3CIO ARBANC E DEPENDENTES, o custo ser\u00e1<\/strong>:<\/p>\n<ul>\n<li><strong><em><u>Banc\u00e1rio associado (a) no Sindicato e na ARBANC \u2013 custo de R$ 20,00 e se comparecer no evento receber\u00e1 restitui\u00e7\u00e3o do valor, e, ainda, ter\u00e1 direito a 2 Chopp Patanegra;<\/u><\/em><\/strong><\/li>\n<li><strong><em><u>Dependentes \u2013 custo de R$ 20,00 (vinte reais) + 01 Refrigerante ou \u00e1gua mineral;<\/u><\/em><\/strong><\/li>\n<li>Terceiros \u2013 custo R$ 35,00.<\/li>\n<\/ul>\n<p>No local haver\u00e1 a venda de Chopp Patanegra a R$ 4,00 o copo de 300 ml \/ \u00e1gua mineral e refrigerante (copo 300 ml) a R$ 2,00 cada.<\/p>\n<p>Adquira seu cart\u00e3o e participe!! Entre em contato com o Sindicato pelo fone: 3633-5203 \/ 99918-2894 Roberto) \u2013 e-mail: <a href=\"mailto:bancariossbs@hotmail.com\">bancariossbs@hotmail.com<\/a><\/p>\n<p>&nbsp;<\/p>\n<p>&nbsp;<\/p>\n<p>&nbsp;<\/p>\n<p>&nbsp;<\/p>\n<p>&nbsp;<\/p>\n","protected":false},"excerpt":{"rendered":"<p>O Sindicato dos Banc\u00e1rios de S\u00e3o Bento do Sul e Regi\u00e3o, promover\u00e1 no dia 17\/11 (domingo), com in\u00edcio [&hellip;]<\/p>\n","protected":false},"author":2,"featured_media":3092,"comment_status":"open","ping_status":"open","sticky":false,"template":"","format":"standard","meta":{"jetpack_post_was_ever_published":false,"jetpack_publicize_message":"","jetpack_is_tweetstorm":false,"jetpack_publicize_feature_enabled":true,"jetpack_social_post_already_shared":true,"jetpack_social_options":[]},"categories":[1],"tags":[],"jetpack_publicize_connections":[],"acf":[],"yoast_head":"<!-- This site is optimized with the Yoast SEO plugin v19.14 - https:\/\/yoast.com\/wordpress\/plugins\/seo\/ -->\n<title>FESTA DOS BANC\u00c1RIOS SER\u00c1 NO DIA 17\/11\/2019 NA ARBANC - Sindicato dos Banc\u00e1rios de S\u00e3o Bento do Sul e Regi\u00e3o<\/title>\n<meta name=\"robots\" content=\"index, follow, max-snippet:-1, max-image-preview:large, max-video-preview:-1\" \/>\n<link rel=\"canonical\" href=\"https:\/\/sindicatodosbancarios.org.br\/site2022\/2019\/09\/13\/festa-dos-bancarios-sera-no-dia-17-11-2019-na-arbanc\/\" \/>\n<meta property=\"og:locale\" content=\"pt_BR\" \/>\n<meta property=\"og:type\" content=\"article\" \/>\n<meta property=\"og:title\" content=\"FESTA DOS BANC\u00c1RIOS SER\u00c1 NO DIA 17\/11\/2019 NA ARBANC - Sindicato dos Banc\u00e1rios de S\u00e3o Bento do Sul e Regi\u00e3o\" \/>\n<meta property=\"og:description\" content=\"O Sindicato dos Banc\u00e1rios de S\u00e3o Bento do Sul e Regi\u00e3o, promover\u00e1 no dia 17\/11 (domingo), com in\u00edcio [&hellip;]\" \/>\n<meta property=\"og:url\" content=\"https:\/\/sindicatodosbancarios.org.br\/site2022\/2019\/09\/13\/festa-dos-bancarios-sera-no-dia-17-11-2019-na-arbanc\/\" \/>\n<meta property=\"og:site_name\" content=\"Sindicato dos Banc\u00e1rios de S\u00e3o Bento do Sul e Regi\u00e3o\" \/>\n<meta property=\"article:author\" content=\"https:\/\/www.facebook.com\/seeb.sbs.9\" \/>\n<meta property=\"article:published_time\" content=\"2019-09-13T17:18:15+00:00\" \/>\n<meta property=\"og:image\" content=\"https:\/\/sindicatodosbancarios.org.br\/site2022\/wp-content\/uploads\/2019\/09\/FESTA-DOS-BANC\u00c1RIOS-17112019.jpg\" \/>\n\t<meta property=\"og:image:width\" content=\"877\" \/>\n\t<meta property=\"og:image:height\" content=\"1228\" \/>\n\t<meta property=\"og:image:type\" content=\"image\/jpeg\" \/>\n<meta name=\"author\" content=\"Sindicato dos Banc\u00e1rios S\u00e3o Bento do Sul e Regi\u00e3o\" \/>\n<meta name=\"twitter:card\" content=\"summary_large_image\" \/>\n<meta name=\"twitter:label1\" content=\"Escrito por\" \/>\n\t<meta name=\"twitter:data1\" content=\"Sindicato dos Banc\u00e1rios S\u00e3o Bento do Sul e Regi\u00e3o\" \/>\n\t<meta name=\"twitter:label2\" content=\"Est. tempo de leitura\" \/>\n\t<meta name=\"twitter:data2\" content=\"1 minuto\" \/>\n<script type=\"application\/ld+json\" class=\"yoast-schema-graph\">{\"@context\":\"https:\/\/schema.org\",\"@graph\":[{\"@type\":\"Article\",\"@id\":\"https:\/\/sindicatodosbancarios.org.br\/site2022\/2019\/09\/13\/festa-dos-bancarios-sera-no-dia-17-11-2019-na-arbanc\/#article\",\"isPartOf\":{\"@id\":\"https:\/\/sindicatodosbancarios.org.br\/site2022\/2019\/09\/13\/festa-dos-bancarios-sera-no-dia-17-11-2019-na-arbanc\/\"},\"author\":{\"name\":\"Sindicato dos Banc\u00e1rios S\u00e3o Bento do Sul e Regi\u00e3o\",\"@id\":\"https:\/\/sindicatodosbancarios.org.br\/site2022\/#\/schema\/person\/a7d92da77d1084df4d28b57962f1e1bd\"},\"headline\":\"FESTA DOS BANC\u00c1RIOS SER\u00c1 NO DIA 17\/11\/2019 NA ARBANC\",\"datePublished\":\"2019-09-13T17:18:15+00:00\",\"dateModified\":\"2019-09-13T17:18:15+00:00\",\"mainEntityOfPage\":{\"@id\":\"https:\/\/sindicatodosbancarios.org.br\/site2022\/2019\/09\/13\/festa-dos-bancarios-sera-no-dia-17-11-2019-na-arbanc\/\"},\"wordCount\":234,\"commentCount\":0,\"publisher\":{\"@id\":\"https:\/\/sindicatodosbancarios.org.br\/site2022\/#organization\"},\"articleSection\":[\"Geral\"],\"inLanguage\":\"pt-BR\",\"potentialAction\":[{\"@type\":\"CommentAction\",\"name\":\"Comment\",\"target\":[\"https:\/\/sindicatodosbancarios.org.br\/site2022\/2019\/09\/13\/festa-dos-bancarios-sera-no-dia-17-11-2019-na-arbanc\/#respond\"]}]},{\"@type\":\"WebPage\",\"@id\":\"https:\/\/sindicatodosbancarios.org.br\/site2022\/2019\/09\/13\/festa-dos-bancarios-sera-no-dia-17-11-2019-na-arbanc\/\",\"url\":\"https:\/\/sindicatodosbancarios.org.br\/site2022\/2019\/09\/13\/festa-dos-bancarios-sera-no-dia-17-11-2019-na-arbanc\/\",\"name\":\"FESTA DOS BANC\u00c1RIOS SER\u00c1 NO DIA 17\/11\/2019 NA ARBANC - Sindicato dos Banc\u00e1rios de S\u00e3o Bento do Sul e Regi\u00e3o\",\"isPartOf\":{\"@id\":\"https:\/\/sindicatodosbancarios.org.br\/site2022\/#website\"},\"datePublished\":\"2019-09-13T17:18:15+00:00\",\"dateModified\":\"2019-09-13T17:18:15+00:00\",\"breadcrumb\":{\"@id\":\"https:\/\/sindicatodosbancarios.org.br\/site2022\/2019\/09\/13\/festa-dos-bancarios-sera-no-dia-17-11-2019-na-arbanc\/#breadcrumb\"},\"inLanguage\":\"pt-BR\",\"potentialAction\":[{\"@type\":\"ReadAction\",\"target\":[\"https:\/\/sindicatodosbancarios.org.br\/site2022\/2019\/09\/13\/festa-dos-bancarios-sera-no-dia-17-11-2019-na-arbanc\/\"]}]},{\"@type\":\"BreadcrumbList\",\"@id\":\"https:\/\/sindicatodosbancarios.org.br\/site2022\/2019\/09\/13\/festa-dos-bancarios-sera-no-dia-17-11-2019-na-arbanc\/#breadcrumb\",\"itemListElement\":[{\"@type\":\"ListItem\",\"position\":1,\"name\":\"In\u00edcio\",\"item\":\"https:\/\/sindicatodosbancarios.org.br\/site2022\/\"},{\"@type\":\"ListItem\",\"position\":2,\"name\":\"FESTA DOS BANC\u00c1RIOS SER\u00c1 NO DIA 17\/11\/2019 NA ARBANC\"}]},{\"@type\":\"WebSite\",\"@id\":\"https:\/\/sindicatodosbancarios.org.br\/site2022\/#website\",\"url\":\"https:\/\/sindicatodosbancarios.org.br\/site2022\/\",\"name\":\"Sindicato dos Banc\u00e1rios de S\u00e3o Bento do Sul e Regi\u00e3o\",\"description\":\"Website institucional do Sindicato dos Banc\u00e1rios de S\u00e3o Bento do Sul e Regi\u00e3o\",\"publisher\":{\"@id\":\"https:\/\/sindicatodosbancarios.org.br\/site2022\/#organization\"},\"potentialAction\":[{\"@type\":\"SearchAction\",\"target\":{\"@type\":\"EntryPoint\",\"urlTemplate\":\"https:\/\/sindicatodosbancarios.org.br\/site2022\/?s={search_term_string}\"},\"query-input\":\"required name=search_term_string\"}],\"inLanguage\":\"pt-BR\"},{\"@type\":\"Organization\",\"@id\":\"https:\/\/sindicatodosbancarios.org.br\/site2022\/#organization\",\"name\":\"Sindicato dos Banc\u00e1rios de S\u00e3o Bento do Sul e Regi\u00e3o\",\"url\":\"https:\/\/sindicatodosbancarios.org.br\/site2022\/\",\"logo\":{\"@type\":\"ImageObject\",\"inLanguage\":\"pt-BR\",\"@id\":\"https:\/\/sindicatodosbancarios.org.br\/site2022\/#\/schema\/logo\/image\/\",\"url\":\"https:\/\/sindicatodosbancarios.org.br\/site2022\/wp-content\/uploads\/2017\/06\/cropped-logo-2.png\",\"contentUrl\":\"https:\/\/sindicatodosbancarios.org.br\/site2022\/wp-content\/uploads\/2017\/06\/cropped-logo-2.png\",\"width\":292,\"height\":292,\"caption\":\"Sindicato dos Banc\u00e1rios de S\u00e3o Bento do Sul e Regi\u00e3o\"},\"image\":{\"@id\":\"https:\/\/sindicatodosbancarios.org.br\/site2022\/#\/schema\/logo\/image\/\"}},{\"@type\":\"Person\",\"@id\":\"https:\/\/sindicatodosbancarios.org.br\/site2022\/#\/schema\/person\/a7d92da77d1084df4d28b57962f1e1bd\",\"name\":\"Sindicato dos Banc\u00e1rios S\u00e3o Bento do Sul e Regi\u00e3o\",\"image\":{\"@type\":\"ImageObject\",\"inLanguage\":\"pt-BR\",\"@id\":\"https:\/\/sindicatodosbancarios.org.br\/site2022\/#\/schema\/person\/image\/\",\"url\":\"https:\/\/secure.gravatar.com\/avatar\/f1d1a06f698f2345352e539387180d42?s=96&d=mm&r=g\",\"contentUrl\":\"https:\/\/secure.gravatar.com\/avatar\/f1d1a06f698f2345352e539387180d42?s=96&d=mm&r=g\",\"caption\":\"Sindicato dos Banc\u00e1rios S\u00e3o Bento do Sul e Regi\u00e3o\"},\"sameAs\":[\"http:\/\/sindicatodosbancarios.org.br\/site2022\/\",\"https:\/\/www.facebook.com\/seeb.sbs.9\"],\"url\":\"https:\/\/sindicatodosbancarios.org.br\/site2022\/author\/sindicatodosbancarios\/\"}]}<\/script>\n<!-- \/ Yoast SEO plugin. -->","yoast_head_json":{"title":"FESTA DOS BANC\u00c1RIOS SER\u00c1 NO DIA 17\/11\/2019 NA ARBANC - Sindicato dos Banc\u00e1rios de S\u00e3o Bento do Sul e Regi\u00e3o","robots":{"index":"index","follow":"follow","max-snippet":"max-snippet:-1","max-image-preview":"max-image-preview:large","max-video-preview":"max-video-preview:-1"},"canonical":"https:\/\/sindicatodosbancarios.org.br\/site2022\/2019\/09\/13\/festa-dos-bancarios-sera-no-dia-17-11-2019-na-arbanc\/","og_locale":"pt_BR","og_type":"article","og_title":"FESTA DOS BANC\u00c1RIOS SER\u00c1 NO DIA 17\/11\/2019 NA ARBANC - Sindicato dos Banc\u00e1rios de S\u00e3o Bento do Sul e Regi\u00e3o","og_description":"O Sindicato dos Banc\u00e1rios de S\u00e3o Bento do Sul e Regi\u00e3o, promover\u00e1 no dia 17\/11 (domingo), com in\u00edcio [&hellip;]","og_url":"https:\/\/sindicatodosbancarios.org.br\/site2022\/2019\/09\/13\/festa-dos-bancarios-sera-no-dia-17-11-2019-na-arbanc\/","og_site_name":"Sindicato dos Banc\u00e1rios de S\u00e3o Bento do Sul e Regi\u00e3o","article_author":"https:\/\/www.facebook.com\/seeb.sbs.9","article_published_time":"2019-09-13T17:18:15+00:00","og_image":[{"width":877,"height":1228,"url":"https:\/\/sindicatodosbancarios.org.br\/site2022\/wp-content\/uploads\/2019\/09\/FESTA-DOS-BANC\u00c1RIOS-17112019.jpg","type":"image\/jpeg"}],"author":"Sindicato dos Banc\u00e1rios S\u00e3o Bento do Sul e Regi\u00e3o","twitter_card":"summary_large_image","twitter_misc":{"Escrito por":"Sindicato dos Banc\u00e1rios S\u00e3o Bento do Sul e Regi\u00e3o","Est. tempo de leitura":"1 minuto"},"schema":{"@context":"https:\/\/schema.org","@graph":[{"@type":"Article","@id":"https:\/\/sindicatodosbancarios.org.br\/site2022\/2019\/09\/13\/festa-dos-bancarios-sera-no-dia-17-11-2019-na-arbanc\/#article","isPartOf":{"@id":"https:\/\/sindicatodosbancarios.org.br\/site2022\/2019\/09\/13\/festa-dos-bancarios-sera-no-dia-17-11-2019-na-arbanc\/"},"author":{"name":"Sindicato dos Banc\u00e1rios S\u00e3o Bento do Sul e Regi\u00e3o","@id":"https:\/\/sindicatodosbancarios.org.br\/site2022\/#\/schema\/person\/a7d92da77d1084df4d28b57962f1e1bd"},"headline":"FESTA DOS BANC\u00c1RIOS SER\u00c1 NO DIA 17\/11\/2019 NA ARBANC","datePublished":"2019-09-13T17:18:15+00:00","dateModified":"2019-09-13T17:18:15+00:00","mainEntityOfPage":{"@id":"https:\/\/sindicatodosbancarios.org.br\/site2022\/2019\/09\/13\/festa-dos-bancarios-sera-no-dia-17-11-2019-na-arbanc\/"},"wordCount":234,"commentCount":0,"publisher":{"@id":"https:\/\/sindicatodosbancarios.org.br\/site2022\/#organization"},"articleSection":["Geral"],"inLanguage":"pt-BR","potentialAction":[{"@type":"CommentAction","name":"Comment","target":["https:\/\/sindicatodosbancarios.org.br\/site2022\/2019\/09\/13\/festa-dos-bancarios-sera-no-dia-17-11-2019-na-arbanc\/#respond"]}]},{"@type":"WebPage","@id":"https:\/\/sindicatodosbancarios.org.br\/site2022\/2019\/09\/13\/festa-dos-bancarios-sera-no-dia-17-11-2019-na-arbanc\/","url":"https:\/\/sindicatodosbancarios.org.br\/site2022\/2019\/09\/13\/festa-dos-bancarios-sera-no-dia-17-11-2019-na-arbanc\/","name":"FESTA DOS BANC\u00c1RIOS SER\u00c1 NO DIA 17\/11\/2019 NA ARBANC - Sindicato dos Banc\u00e1rios de S\u00e3o Bento do Sul e Regi\u00e3o","isPartOf":{"@id":"https:\/\/sindicatodosbancarios.org.br\/site2022\/#website"},"datePublished":"2019-09-13T17:18:15+00:00","dateModified":"2019-09-13T17:18:15+00:00","breadcrumb":{"@id":"https:\/\/sindicatodosbancarios.org.br\/site2022\/2019\/09\/13\/festa-dos-bancarios-sera-no-dia-17-11-2019-na-arbanc\/#breadcrumb"},"inLanguage":"pt-BR","potentialAction":[{"@type":"ReadAction","target":["https:\/\/sindicatodosbancarios.org.br\/site2022\/2019\/09\/13\/festa-dos-bancarios-sera-no-dia-17-11-2019-na-arbanc\/"]}]},{"@type":"BreadcrumbList","@id":"https:\/\/sindicatodosbancarios.org.br\/site2022\/2019\/09\/13\/festa-dos-bancarios-sera-no-dia-17-11-2019-na-arbanc\/#breadcrumb","itemListElement":[{"@type":"ListItem","position":1,"name":"In\u00edcio","item":"https:\/\/sindicatodosbancarios.org.br\/site2022\/"},{"@type":"ListItem","position":2,"name":"FESTA DOS BANC\u00c1RIOS SER\u00c1 NO DIA 17\/11\/2019 NA ARBANC"}]},{"@type":"WebSite","@id":"https:\/\/sindicatodosbancarios.org.br\/site2022\/#website","url":"https:\/\/sindicatodosbancarios.org.br\/site2022\/","name":"Sindicato dos Banc\u00e1rios de S\u00e3o Bento do Sul e Regi\u00e3o","description":"Website institucional do Sindicato dos Banc\u00e1rios de S\u00e3o Bento do Sul e Regi\u00e3o","publisher":{"@id":"https:\/\/sindicatodosbancarios.org.br\/site2022\/#organization"},"potentialAction":[{"@type":"SearchAction","target":{"@type":"EntryPoint","urlTemplate":"https:\/\/sindicatodosbancarios.org.br\/site2022\/?s={search_term_string}"},"query-input":"required name=search_term_string"}],"inLanguage":"pt-BR"},{"@type":"Organization","@id":"https:\/\/sindicatodosbancarios.org.br\/site2022\/#organization","name":"Sindicato dos Banc\u00e1rios de S\u00e3o Bento do Sul e Regi\u00e3o","url":"https:\/\/sindicatodosbancarios.org.br\/site2022\/","logo":{"@type":"ImageObject","inLanguage":"pt-BR","@id":"https:\/\/sindicatodosbancarios.org.br\/site2022\/#\/schema\/logo\/image\/","url":"https:\/\/sindicatodosbancarios.org.br\/site2022\/wp-content\/uploads\/2017\/06\/cropped-logo-2.png","contentUrl":"https:\/\/sindicatodosbancarios.org.br\/site2022\/wp-content\/uploads\/2017\/06\/cropped-logo-2.png","width":292,"height":292,"caption":"Sindicato dos Banc\u00e1rios de S\u00e3o Bento do Sul e Regi\u00e3o"},"image":{"@id":"https:\/\/sindicatodosbancarios.org.br\/site2022\/#\/schema\/logo\/image\/"}},{"@type":"Person","@id":"https:\/\/sindicatodosbancarios.org.br\/site2022\/#\/schema\/person\/a7d92da77d1084df4d28b57962f1e1bd","name":"Sindicato dos Banc\u00e1rios S\u00e3o Bento do Sul e Regi\u00e3o","image":{"@type":"ImageObject","inLanguage":"pt-BR","@id":"https:\/\/sindicatodosbancarios.org.br\/site2022\/#\/schema\/person\/image\/","url":"https:\/\/secure.gravatar.com\/avatar\/f1d1a06f698f2345352e539387180d42?s=96&d=mm&r=g","contentUrl":"https:\/\/secure.gravatar.com\/avatar\/f1d1a06f698f2345352e539387180d42?s=96&d=mm&r=g","caption":"Sindicato dos Banc\u00e1rios S\u00e3o Bento do Sul e Regi\u00e3o"},"sameAs":["http:\/\/sindicatodosbancarios.org.br\/site2022\/","https:\/\/www.facebook.com\/seeb.sbs.9"],"url":"https:\/\/sindicatodosbancarios.org.br\/site2022\/author\/sindicatodosbancarios\/"}]}},"jetpack_featured_media_url":"https:\/\/sindicatodosbancarios.org.br\/site2022\/wp-content\/uploads\/2019\/09\/FESTA-DOS-BANC\u00c1RIOS-17112019.jpg","jetpack_sharing_enabled":true,"jetpack_shortlink":"https:\/\/wp.me\/p8RSbI-NR","jetpack-related-posts":[{"id":4817,"url":"https:\/\/sindicatodosbancarios.org.br\/site2022\/2020\/11\/30\/informe-bancario-443-2020-testagem-do-covid-sera-ampliada-para-dependentes\/","url_meta":{"origin":3091,"position":0},"title":"INFORME BANC\u00c1RIO \u2013 443\/2020 Testagem do Covid ser\u00e1 ampliada para dependentes","date":"30 de novembro de 2020","format":false,"excerpt":"O Banco Bradesco comunicou \u00e0 Contec que vai oferecer testes do Covid para todos os participantes do Sa\u00fade Bradesco. Ou seja, al\u00e9m dos funcion\u00e1rios poder\u00e3o realizar a testagem os dependentes. Para isto, a partir da pr\u00f3xima segunda-feira (3), o banco vai estabelecer um calend\u00e1rio para distribuir o formato, locais e\u2026","rel":"","context":"Em &quot;Bradesco\/HSBC&quot;","img":{"alt_text":"","src":"https:\/\/i0.wp.com\/sindicatodosbancarios.org.br\/site2022\/wp-content\/uploads\/2020\/11\/bradesco.jpg?resize=350%2C200&ssl=1","width":350,"height":200},"classes":[]},{"id":4877,"url":"https:\/\/sindicatodosbancarios.org.br\/site2022\/2020\/12\/15\/informe-bancario-460-2020-em-assembleia-bancarios-do-itau-aprovam-acordo-de-teletrabalho\/","url_meta":{"origin":3091,"position":1},"title":"INFORME BANC\u00c1RIO \u2013 460\/2020 EM ASSEMBLEIA, BANC\u00c1RIOS DO ITA\u00da APROVAM ACORDO DE TELETRABALHO","date":"15 de dezembro de 2020","format":false,"excerpt":"Trabalhadores do Banco Ita\u00fa Unibanco SA, conquistaram acordo que garante ajuda de custo, fornecimento pela empresa de equipamentos e cadeira adequada, manuten\u00e7\u00e3o do VR e VA nos termos da CCT, controle de jornada, entre outros pontos. Em Assembleia Virtual encerrada \u00e0s 20h desta sexta-feira dia 04, os Banc\u00e1rios do Ita\u00fa\u2026","rel":"","context":"Em &quot;Ita\u00fa&quot;","img":{"alt_text":"","src":"https:\/\/i0.wp.com\/sindicatodosbancarios.org.br\/site2022\/wp-content\/uploads\/2020\/12\/141220141318-ITA\u00da.jpeg?resize=350%2C200&ssl=1","width":350,"height":200},"classes":[]},{"id":4322,"url":"https:\/\/sindicatodosbancarios.org.br\/site2022\/2020\/08\/20\/informe-bancario-309-2020-saiba-quanto-a-plr-do-santander-sera-reduzida-com-a-proposta-da-fenaban\/","url_meta":{"origin":3091,"position":2},"title":"INFORME BANC\u00c1RIO \u2013 309\/2020 SAIBA QUANTO A PLR DO SANTANDER SER\u00c1 REDUZIDA COM A PROPOSTA DA FENABAN","date":"20 de agosto de 2020","format":false,"excerpt":"Federa\u00e7\u00e3o dos Bancos apresentou proposta que pode encolher em at\u00e9 31% a PLR dos Banc\u00e1rios do Santander; veja quadro comparativo com os percentuais de redu\u00e7\u00e3o por faixas salariais Veja no quadro abaixo os percentuais de redu\u00e7\u00e3o da PLR do Santander por faixas salariais que a proposta da FENABAN iria resultar.\u2026","rel":"","context":"Em &quot;Geral&quot;","img":{"alt_text":"","src":"https:\/\/i0.wp.com\/sindicatodosbancarios.org.br\/site2022\/wp-content\/uploads\/2020\/08\/200820135734-SANTANDER.jpg?resize=350%2C200&ssl=1","width":350,"height":200},"classes":[]},{"id":5641,"url":"https:\/\/sindicatodosbancarios.org.br\/site2022\/2021\/08\/24\/informe-bancario-200-2021-renovacao-convenio-entre-sindicato-e-patanegra-cervejaria\/","url_meta":{"origin":3091,"position":3},"title":"INFORME BANC\u00c1RIO \u2013 200\/2021 &#8211; RENOVA\u00c7\u00c3O CONV\u00caNIO ENTRE SINDICATO E PATANEGRA CERVEJARIA","date":"24 de agosto de 2021","format":false,"excerpt":"O Sindicato dos Banc\u00e1rios de S\u00e3o Bento do Sul e Regi\u00e3o e PataNegra Cervejaria renovam seu conv\u00eanio por mais 3 (tr\u00eas) anos, parceria que come\u00e7ou em maio de 2019. A conceituada Cervejaria PataNegra de S\u00e3o Bento do Sul, com endere\u00e7o na Rodovia Deputado Gen\u00e9sio Tureck (Acesso Oeste), n\u00ba 1355 \u2013\u2026","rel":"","context":"Em &quot;Geral&quot;","img":{"alt_text":"","src":"https:\/\/i0.wp.com\/sindicatodosbancarios.org.br\/site2022\/wp-content\/uploads\/2021\/08\/brewpub-anexo-a-cervejaria.jpg?resize=350%2C200&ssl=1","width":350,"height":200},"classes":[]},{"id":5350,"url":"https:\/\/sindicatodosbancarios.org.br\/site2022\/2021\/04\/27\/informe-bancarios-111-2021-bancarios-devem-denunciar-ao-seu-sindicato-caso-o-banco-descumpra-qualquer-uma-das-medidas\/","url_meta":{"origin":3091,"position":4},"title":"INFORME BANC\u00c1RIOS \u2013 111\/2021 BANC\u00c1RIOS DEVEM DENUNCIAR AO SEU SINDICATO CASO O BANCO DESCUMPRA QUALQUER UMA DAS MEDIDAS","date":"27 de abril de 2021","format":false,"excerpt":"O Banco Santander, atendendo \u00e0s Reivindica\u00e7\u00f5es do Movimento Sindical Banc\u00e1rio e \u00e0s novas recomenda\u00e7\u00f5es da Organiza\u00e7\u00e3o Mundial da Sa\u00fade (OMS), anunciou novas medidas para preven\u00e7\u00e3o e controle da covid-19, incluindo novas regras de testagem sorol\u00f3gica. De agora em diante os testes para constatantes (pessoas que tiveram contato com algu\u00e9m contaminado)\u2026","rel":"","context":"Em &quot;Geral&quot;","img":{"alt_text":"","src":"https:\/\/i0.wp.com\/sindicatodosbancarios.org.br\/site2022\/wp-content\/uploads\/2021\/02\/vagas-santander-agencia-do-banco-1562078449638_v2_900x506.jpg?resize=350%2C200&ssl=1","width":350,"height":200},"classes":[]},{"id":4419,"url":"https:\/\/sindicatodosbancarios.org.br\/site2022\/2020\/09\/02\/informe-bancario-323-2020-bancarios-do-itau-recebem-pcr-no-mesmo-dia-da-plr\/","url_meta":{"origin":3091,"position":5},"title":"INFORME BANC\u00c1RIO \u2013 323\/2020 BANC\u00c1RIOS DO ITA\u00da RECEBEM PCR NO MESMO DIA DA PLR","date":"2 de setembro de 2020","format":false,"excerpt":"O Movimento Sindical Banc\u00e1rio vai procurar o Banco Ita\u00fa Unibanco SA para negociar o PCR de 2021 e de 2022.\u00a0Os Banc\u00e1rios do Banco Ita\u00fa Unibanco SA receber\u00e3o o pagamento do Programa Complementar de Resultados (PCR) no mesmo dia que for paga a Participa\u00e7\u00e3o nos Lucros e Resultados (PLR). O valor\u2026","rel":"","context":"Em &quot;Geral&quot;","img":{"alt_text":"","src":"https:\/\/i0.wp.com\/sindicatodosbancarios.org.br\/site2022\/wp-content\/uploads\/2020\/07\/itaushutter_77004.jpg?resize=350%2C200&ssl=1","width":350,"height":200},"classes":[]}],"_links":{"self":[{"href":"https:\/\/sindicatodosbancarios.org.br\/site2022\/wp-json\/wp\/v2\/posts\/3091"}],"collection":[{"href":"https:\/\/sindicatodosbancarios.org.br\/site2022\/wp-json\/wp\/v2\/posts"}],"about":[{"href":"https:\/\/sindicatodosbancarios.org.br\/site2022\/wp-json\/wp\/v2\/types\/post"}],"author":[{"embeddable":true,"href":"https:\/\/sindicatodosbancarios.org.br\/site2022\/wp-json\/wp\/v2\/users\/2"}],"replies":[{"embeddable":true,"href":"https:\/\/sindicatodosbancarios.org.br\/site2022\/wp-json\/wp\/v2\/comments?post=3091"}],"version-history":[{"count":1,"href":"https:\/\/sindicatodosbancarios.org.br\/site2022\/wp-json\/wp\/v2\/posts\/3091\/revisions"}],"predecessor-version":[{"id":3093,"href":"https:\/\/sindicatodosbancarios.org.br\/site2022\/wp-json\/wp\/v2\/posts\/3091\/revisions\/3093"}],"wp:featuredmedia":[{"embeddable":true,"href":"https:\/\/sindicatodosbancarios.org.br\/site2022\/wp-json\/wp\/v2\/media\/3092"}],"wp:attachment":[{"href":"https:\/\/sindicatodosbancarios.org.br\/site2022\/wp-json\/wp\/v2\/media?parent=3091"}],"wp:term":[{"taxonomy":"category","embeddable":true,"href":"https:\/\/sindicatodosbancarios.org.br\/site2022\/wp-json\/wp\/v2\/categories?post=3091"},{"taxonomy":"post_tag","embeddable":true,"href":"https:\/\/sindicatodosbancarios.org.br\/site2022\/wp-json\/wp\/v2\/tags?post=3091"}],"curies":[{"name":"wp","href":"https:\/\/api.w.org\/{rel}","templated":true}]}}