{"id":3094,"date":"2019-09-17T09:06:04","date_gmt":"2019-09-17T12:06:04","guid":{"rendered":"https:\/\/sindicatodosbancarios.org.br\/?p=3094"},"modified":"2019-09-17T09:06:04","modified_gmt":"2019-09-17T12:06:04","slug":"informe-bancario-049-2019-governo-bolsonaro-quer-autorizacao-para-congelar-o-salario-minimo","status":"publish","type":"post","link":"https:\/\/sindicatodosbancarios.org.br\/site2022\/2019\/09\/17\/informe-bancario-049-2019-governo-bolsonaro-quer-autorizacao-para-congelar-o-salario-minimo\/","title":{"rendered":"INFORME BANC\u00c1RIO &#8211; 049 \/ 2019 &#8211; GOVERNO BOLSONARO QUER AUTORIZA\u00c7\u00c3O PARA CONGELAR O SAL\u00c1RIO M\u00cdNIMO"},"content":{"rendered":"<p>Guedes e cia. tentam economizar \u00e0s custas dos pobres<\/p>\n<p>A equipe de Paulo Guedes, ministro da Economia do governo Bolsonaro, quer tirar da Constitui\u00e7\u00e3o Federal a previs\u00e3o de reajuste do sal\u00e1rio m\u00ednimo corrigido pela infla\u00e7\u00e3o.<\/p>\n<p>O congelamento do sal\u00e1rio m\u00ednimo teria o objetivo de gerar uma economia de R$ 35 bilh\u00f5es a R$ 37 bilh\u00f5es, de acordo com o\u00a0<a class=\"external-link\" title=\"\" href=\"https:\/\/economia.estadao.com.br\/noticias\/geral,governo-quer-tirar-da-constituicao-reajuste-do-salario-minimo-pela-inflacao-economia-e-de-r-37-bi,70003012723\" target=\"_blank\" rel=\"noopener\">Broadcast Pol\u00edtico<\/a>\u00a0do Estad\u00e3o.<\/p>\n<p>A ideia do governo \u00e9 que, em momentos de &#8220;desequil\u00edbrio fiscal&#8221;, como o atual, seja poss\u00edvel congelar os aumentos nominais da remunera\u00e7\u00e3o por alguns anos.<\/p>\n<p>A ideia vem sendo costurada com os deputados Pedro Paulo (DEM-RJ) e Felipe Rigoni (PSB-ES), respectivamente autor e relator de uma proposta que regulamenta a regra de ouro e tenta limitar o crescimento dos gastos obrigat\u00f3rios.<\/p>\n<p>Hoje, a Constitui\u00e7\u00e3o prev\u00ea que \u00e9 direito do cidad\u00e3o ter acesso a um sal\u00e1rio m\u00ednimo &#8220;com reajustes peri\u00f3dicos que lhe preservem o poder aquisitivo&#8221;.<\/p>\n<p>A pol\u00edtica de aumentos reais (ou seja, acima da infla\u00e7\u00e3o) vinha sendo executada nos \u00faltimos anos, ap\u00f3s ser proposta pela presidenta Dilma Rousseff.<\/p>\n<p><span style=\"font-size: 8pt;\">fonte:https:\/\/conversaafiada.com.br\/economia &#8211; publicado em 16\/09\/2019<\/span><\/p>\n","protected":false},"excerpt":{"rendered":"<p>Guedes e cia. tentam economizar \u00e0s custas dos pobres A equipe de Paulo Guedes, ministro da Economia do [&hellip;]<\/p>\n","protected":false},"author":2,"featured_media":3095,"comment_status":"open","ping_status":"open","sticky":false,"template":"","format":"standard","meta":{"jetpack_post_was_ever_published":false,"jetpack_publicize_message":"","jetpack_is_tweetstorm":false,"jetpack_publicize_feature_enabled":true,"jetpack_social_post_already_shared":true,"jetpack_social_options":[]},"categories":[1],"tags":[],"jetpack_publicize_connections":[],"acf":[],"yoast_head":"<!-- This site is optimized with the Yoast SEO plugin v19.14 - https:\/\/yoast.com\/wordpress\/plugins\/seo\/ -->\n<title>INFORME BANC\u00c1RIO - 049 \/ 2019 - GOVERNO BOLSONARO QUER AUTORIZA\u00c7\u00c3O PARA CONGELAR O SAL\u00c1RIO M\u00cdNIMO - Sindicato dos Banc\u00e1rios de S\u00e3o Bento do Sul e Regi\u00e3o<\/title>\n<meta name=\"robots\" content=\"index, follow, max-snippet:-1, max-image-preview:large, max-video-preview:-1\" \/>\n<link rel=\"canonical\" href=\"https:\/\/sindicatodosbancarios.org.br\/site2022\/2019\/09\/17\/informe-bancario-049-2019-governo-bolsonaro-quer-autorizacao-para-congelar-o-salario-minimo\/\" \/>\n<meta property=\"og:locale\" content=\"pt_BR\" \/>\n<meta property=\"og:type\" content=\"article\" \/>\n<meta property=\"og:title\" content=\"INFORME BANC\u00c1RIO - 049 \/ 2019 - GOVERNO BOLSONARO QUER AUTORIZA\u00c7\u00c3O PARA CONGELAR O SAL\u00c1RIO M\u00cdNIMO - Sindicato dos Banc\u00e1rios de S\u00e3o Bento do Sul e Regi\u00e3o\" \/>\n<meta property=\"og:description\" content=\"Guedes e cia. tentam economizar \u00e0s custas dos pobres A equipe de Paulo Guedes, ministro da Economia do [&hellip;]\" \/>\n<meta property=\"og:url\" content=\"https:\/\/sindicatodosbancarios.org.br\/site2022\/2019\/09\/17\/informe-bancario-049-2019-governo-bolsonaro-quer-autorizacao-para-congelar-o-salario-minimo\/\" \/>\n<meta property=\"og:site_name\" content=\"Sindicato dos Banc\u00e1rios de S\u00e3o Bento do Sul e Regi\u00e3o\" \/>\n<meta property=\"article:author\" content=\"https:\/\/www.facebook.com\/seeb.sbs.9\" \/>\n<meta property=\"article:published_time\" content=\"2019-09-17T12:06:04+00:00\" \/>\n<meta property=\"og:image\" content=\"https:\/\/sindicatodosbancarios.org.br\/site2022\/wp-content\/uploads\/2019\/09\/download-1.jpg\" \/>\n\t<meta property=\"og:image:width\" content=\"277\" \/>\n\t<meta property=\"og:image:height\" content=\"182\" \/>\n\t<meta property=\"og:image:type\" content=\"image\/jpeg\" \/>\n<meta name=\"author\" content=\"Sindicato dos Banc\u00e1rios S\u00e3o Bento do Sul e Regi\u00e3o\" \/>\n<meta name=\"twitter:card\" content=\"summary_large_image\" \/>\n<meta name=\"twitter:label1\" content=\"Escrito por\" \/>\n\t<meta name=\"twitter:data1\" content=\"Sindicato dos Banc\u00e1rios S\u00e3o Bento do Sul e Regi\u00e3o\" \/>\n\t<meta name=\"twitter:label2\" content=\"Est. tempo de leitura\" \/>\n\t<meta name=\"twitter:data2\" content=\"1 minuto\" \/>\n<script type=\"application\/ld+json\" class=\"yoast-schema-graph\">{\"@context\":\"https:\/\/schema.org\",\"@graph\":[{\"@type\":\"Article\",\"@id\":\"https:\/\/sindicatodosbancarios.org.br\/site2022\/2019\/09\/17\/informe-bancario-049-2019-governo-bolsonaro-quer-autorizacao-para-congelar-o-salario-minimo\/#article\",\"isPartOf\":{\"@id\":\"https:\/\/sindicatodosbancarios.org.br\/site2022\/2019\/09\/17\/informe-bancario-049-2019-governo-bolsonaro-quer-autorizacao-para-congelar-o-salario-minimo\/\"},\"author\":{\"name\":\"Sindicato dos Banc\u00e1rios S\u00e3o Bento do Sul e Regi\u00e3o\",\"@id\":\"https:\/\/sindicatodosbancarios.org.br\/site2022\/#\/schema\/person\/a7d92da77d1084df4d28b57962f1e1bd\"},\"headline\":\"INFORME BANC\u00c1RIO &#8211; 049 \/ 2019 &#8211; GOVERNO BOLSONARO QUER AUTORIZA\u00c7\u00c3O PARA CONGELAR O SAL\u00c1RIO M\u00cdNIMO\",\"datePublished\":\"2019-09-17T12:06:04+00:00\",\"dateModified\":\"2019-09-17T12:06:04+00:00\",\"mainEntityOfPage\":{\"@id\":\"https:\/\/sindicatodosbancarios.org.br\/site2022\/2019\/09\/17\/informe-bancario-049-2019-governo-bolsonaro-quer-autorizacao-para-congelar-o-salario-minimo\/\"},\"wordCount\":216,\"commentCount\":0,\"publisher\":{\"@id\":\"https:\/\/sindicatodosbancarios.org.br\/site2022\/#organization\"},\"articleSection\":[\"Geral\"],\"inLanguage\":\"pt-BR\",\"potentialAction\":[{\"@type\":\"CommentAction\",\"name\":\"Comment\",\"target\":[\"https:\/\/sindicatodosbancarios.org.br\/site2022\/2019\/09\/17\/informe-bancario-049-2019-governo-bolsonaro-quer-autorizacao-para-congelar-o-salario-minimo\/#respond\"]}]},{\"@type\":\"WebPage\",\"@id\":\"https:\/\/sindicatodosbancarios.org.br\/site2022\/2019\/09\/17\/informe-bancario-049-2019-governo-bolsonaro-quer-autorizacao-para-congelar-o-salario-minimo\/\",\"url\":\"https:\/\/sindicatodosbancarios.org.br\/site2022\/2019\/09\/17\/informe-bancario-049-2019-governo-bolsonaro-quer-autorizacao-para-congelar-o-salario-minimo\/\",\"name\":\"INFORME BANC\u00c1RIO - 049 \/ 2019 - GOVERNO BOLSONARO QUER AUTORIZA\u00c7\u00c3O PARA CONGELAR O SAL\u00c1RIO M\u00cdNIMO - Sindicato dos Banc\u00e1rios de S\u00e3o Bento do Sul e Regi\u00e3o\",\"isPartOf\":{\"@id\":\"https:\/\/sindicatodosbancarios.org.br\/site2022\/#website\"},\"datePublished\":\"2019-09-17T12:06:04+00:00\",\"dateModified\":\"2019-09-17T12:06:04+00:00\",\"breadcrumb\":{\"@id\":\"https:\/\/sindicatodosbancarios.org.br\/site2022\/2019\/09\/17\/informe-bancario-049-2019-governo-bolsonaro-quer-autorizacao-para-congelar-o-salario-minimo\/#breadcrumb\"},\"inLanguage\":\"pt-BR\",\"potentialAction\":[{\"@type\":\"ReadAction\",\"target\":[\"https:\/\/sindicatodosbancarios.org.br\/site2022\/2019\/09\/17\/informe-bancario-049-2019-governo-bolsonaro-quer-autorizacao-para-congelar-o-salario-minimo\/\"]}]},{\"@type\":\"BreadcrumbList\",\"@id\":\"https:\/\/sindicatodosbancarios.org.br\/site2022\/2019\/09\/17\/informe-bancario-049-2019-governo-bolsonaro-quer-autorizacao-para-congelar-o-salario-minimo\/#breadcrumb\",\"itemListElement\":[{\"@type\":\"ListItem\",\"position\":1,\"name\":\"In\u00edcio\",\"item\":\"https:\/\/sindicatodosbancarios.org.br\/site2022\/\"},{\"@type\":\"ListItem\",\"position\":2,\"name\":\"INFORME BANC\u00c1RIO &#8211; 049 \/ 2019 &#8211; GOVERNO BOLSONARO QUER AUTORIZA\u00c7\u00c3O PARA CONGELAR O SAL\u00c1RIO M\u00cdNIMO\"}]},{\"@type\":\"WebSite\",\"@id\":\"https:\/\/sindicatodosbancarios.org.br\/site2022\/#website\",\"url\":\"https:\/\/sindicatodosbancarios.org.br\/site2022\/\",\"name\":\"Sindicato dos Banc\u00e1rios de S\u00e3o Bento do Sul e Regi\u00e3o\",\"description\":\"Website institucional do Sindicato dos Banc\u00e1rios de S\u00e3o Bento do Sul e Regi\u00e3o\",\"publisher\":{\"@id\":\"https:\/\/sindicatodosbancarios.org.br\/site2022\/#organization\"},\"potentialAction\":[{\"@type\":\"SearchAction\",\"target\":{\"@type\":\"EntryPoint\",\"urlTemplate\":\"https:\/\/sindicatodosbancarios.org.br\/site2022\/?s={search_term_string}\"},\"query-input\":\"required name=search_term_string\"}],\"inLanguage\":\"pt-BR\"},{\"@type\":\"Organization\",\"@id\":\"https:\/\/sindicatodosbancarios.org.br\/site2022\/#organization\",\"name\":\"Sindicato dos Banc\u00e1rios de S\u00e3o Bento do Sul e Regi\u00e3o\",\"url\":\"https:\/\/sindicatodosbancarios.org.br\/site2022\/\",\"logo\":{\"@type\":\"ImageObject\",\"inLanguage\":\"pt-BR\",\"@id\":\"https:\/\/sindicatodosbancarios.org.br\/site2022\/#\/schema\/logo\/image\/\",\"url\":\"https:\/\/sindicatodosbancarios.org.br\/site2022\/wp-content\/uploads\/2017\/06\/cropped-logo-2.png\",\"contentUrl\":\"https:\/\/sindicatodosbancarios.org.br\/site2022\/wp-content\/uploads\/2017\/06\/cropped-logo-2.png\",\"width\":292,\"height\":292,\"caption\":\"Sindicato dos Banc\u00e1rios de S\u00e3o Bento do Sul e Regi\u00e3o\"},\"image\":{\"@id\":\"https:\/\/sindicatodosbancarios.org.br\/site2022\/#\/schema\/logo\/image\/\"}},{\"@type\":\"Person\",\"@id\":\"https:\/\/sindicatodosbancarios.org.br\/site2022\/#\/schema\/person\/a7d92da77d1084df4d28b57962f1e1bd\",\"name\":\"Sindicato dos Banc\u00e1rios S\u00e3o Bento do Sul e Regi\u00e3o\",\"image\":{\"@type\":\"ImageObject\",\"inLanguage\":\"pt-BR\",\"@id\":\"https:\/\/sindicatodosbancarios.org.br\/site2022\/#\/schema\/person\/image\/\",\"url\":\"https:\/\/secure.gravatar.com\/avatar\/f1d1a06f698f2345352e539387180d42?s=96&d=mm&r=g\",\"contentUrl\":\"https:\/\/secure.gravatar.com\/avatar\/f1d1a06f698f2345352e539387180d42?s=96&d=mm&r=g\",\"caption\":\"Sindicato dos Banc\u00e1rios S\u00e3o Bento do Sul e Regi\u00e3o\"},\"sameAs\":[\"http:\/\/sindicatodosbancarios.org.br\/site2022\/\",\"https:\/\/www.facebook.com\/seeb.sbs.9\"],\"url\":\"https:\/\/sindicatodosbancarios.org.br\/site2022\/author\/sindicatodosbancarios\/\"}]}<\/script>\n<!-- \/ Yoast SEO plugin. -->","yoast_head_json":{"title":"INFORME BANC\u00c1RIO - 049 \/ 2019 - GOVERNO BOLSONARO QUER AUTORIZA\u00c7\u00c3O PARA CONGELAR O SAL\u00c1RIO M\u00cdNIMO - Sindicato dos Banc\u00e1rios de S\u00e3o Bento do Sul e Regi\u00e3o","robots":{"index":"index","follow":"follow","max-snippet":"max-snippet:-1","max-image-preview":"max-image-preview:large","max-video-preview":"max-video-preview:-1"},"canonical":"https:\/\/sindicatodosbancarios.org.br\/site2022\/2019\/09\/17\/informe-bancario-049-2019-governo-bolsonaro-quer-autorizacao-para-congelar-o-salario-minimo\/","og_locale":"pt_BR","og_type":"article","og_title":"INFORME BANC\u00c1RIO - 049 \/ 2019 - GOVERNO BOLSONARO QUER AUTORIZA\u00c7\u00c3O PARA CONGELAR O SAL\u00c1RIO M\u00cdNIMO - Sindicato dos Banc\u00e1rios de S\u00e3o Bento do Sul e Regi\u00e3o","og_description":"Guedes e cia. tentam economizar \u00e0s custas dos pobres A equipe de Paulo Guedes, ministro da Economia do [&hellip;]","og_url":"https:\/\/sindicatodosbancarios.org.br\/site2022\/2019\/09\/17\/informe-bancario-049-2019-governo-bolsonaro-quer-autorizacao-para-congelar-o-salario-minimo\/","og_site_name":"Sindicato dos Banc\u00e1rios de S\u00e3o Bento do Sul e Regi\u00e3o","article_author":"https:\/\/www.facebook.com\/seeb.sbs.9","article_published_time":"2019-09-17T12:06:04+00:00","og_image":[{"width":277,"height":182,"url":"https:\/\/sindicatodosbancarios.org.br\/site2022\/wp-content\/uploads\/2019\/09\/download-1.jpg","type":"image\/jpeg"}],"author":"Sindicato dos Banc\u00e1rios S\u00e3o Bento do Sul e Regi\u00e3o","twitter_card":"summary_large_image","twitter_misc":{"Escrito por":"Sindicato dos Banc\u00e1rios S\u00e3o Bento do Sul e Regi\u00e3o","Est. tempo de leitura":"1 minuto"},"schema":{"@context":"https:\/\/schema.org","@graph":[{"@type":"Article","@id":"https:\/\/sindicatodosbancarios.org.br\/site2022\/2019\/09\/17\/informe-bancario-049-2019-governo-bolsonaro-quer-autorizacao-para-congelar-o-salario-minimo\/#article","isPartOf":{"@id":"https:\/\/sindicatodosbancarios.org.br\/site2022\/2019\/09\/17\/informe-bancario-049-2019-governo-bolsonaro-quer-autorizacao-para-congelar-o-salario-minimo\/"},"author":{"name":"Sindicato dos Banc\u00e1rios S\u00e3o Bento do Sul e Regi\u00e3o","@id":"https:\/\/sindicatodosbancarios.org.br\/site2022\/#\/schema\/person\/a7d92da77d1084df4d28b57962f1e1bd"},"headline":"INFORME BANC\u00c1RIO &#8211; 049 \/ 2019 &#8211; GOVERNO BOLSONARO QUER AUTORIZA\u00c7\u00c3O PARA CONGELAR O SAL\u00c1RIO M\u00cdNIMO","datePublished":"2019-09-17T12:06:04+00:00","dateModified":"2019-09-17T12:06:04+00:00","mainEntityOfPage":{"@id":"https:\/\/sindicatodosbancarios.org.br\/site2022\/2019\/09\/17\/informe-bancario-049-2019-governo-bolsonaro-quer-autorizacao-para-congelar-o-salario-minimo\/"},"wordCount":216,"commentCount":0,"publisher":{"@id":"https:\/\/sindicatodosbancarios.org.br\/site2022\/#organization"},"articleSection":["Geral"],"inLanguage":"pt-BR","potentialAction":[{"@type":"CommentAction","name":"Comment","target":["https:\/\/sindicatodosbancarios.org.br\/site2022\/2019\/09\/17\/informe-bancario-049-2019-governo-bolsonaro-quer-autorizacao-para-congelar-o-salario-minimo\/#respond"]}]},{"@type":"WebPage","@id":"https:\/\/sindicatodosbancarios.org.br\/site2022\/2019\/09\/17\/informe-bancario-049-2019-governo-bolsonaro-quer-autorizacao-para-congelar-o-salario-minimo\/","url":"https:\/\/sindicatodosbancarios.org.br\/site2022\/2019\/09\/17\/informe-bancario-049-2019-governo-bolsonaro-quer-autorizacao-para-congelar-o-salario-minimo\/","name":"INFORME BANC\u00c1RIO - 049 \/ 2019 - GOVERNO BOLSONARO QUER AUTORIZA\u00c7\u00c3O PARA CONGELAR O SAL\u00c1RIO M\u00cdNIMO - Sindicato dos Banc\u00e1rios de S\u00e3o Bento do Sul e Regi\u00e3o","isPartOf":{"@id":"https:\/\/sindicatodosbancarios.org.br\/site2022\/#website"},"datePublished":"2019-09-17T12:06:04+00:00","dateModified":"2019-09-17T12:06:04+00:00","breadcrumb":{"@id":"https:\/\/sindicatodosbancarios.org.br\/site2022\/2019\/09\/17\/informe-bancario-049-2019-governo-bolsonaro-quer-autorizacao-para-congelar-o-salario-minimo\/#breadcrumb"},"inLanguage":"pt-BR","potentialAction":[{"@type":"ReadAction","target":["https:\/\/sindicatodosbancarios.org.br\/site2022\/2019\/09\/17\/informe-bancario-049-2019-governo-bolsonaro-quer-autorizacao-para-congelar-o-salario-minimo\/"]}]},{"@type":"BreadcrumbList","@id":"https:\/\/sindicatodosbancarios.org.br\/site2022\/2019\/09\/17\/informe-bancario-049-2019-governo-bolsonaro-quer-autorizacao-para-congelar-o-salario-minimo\/#breadcrumb","itemListElement":[{"@type":"ListItem","position":1,"name":"In\u00edcio","item":"https:\/\/sindicatodosbancarios.org.br\/site2022\/"},{"@type":"ListItem","position":2,"name":"INFORME BANC\u00c1RIO &#8211; 049 \/ 2019 &#8211; GOVERNO BOLSONARO QUER AUTORIZA\u00c7\u00c3O PARA CONGELAR O SAL\u00c1RIO M\u00cdNIMO"}]},{"@type":"WebSite","@id":"https:\/\/sindicatodosbancarios.org.br\/site2022\/#website","url":"https:\/\/sindicatodosbancarios.org.br\/site2022\/","name":"Sindicato dos Banc\u00e1rios de S\u00e3o Bento do Sul e Regi\u00e3o","description":"Website institucional do Sindicato dos Banc\u00e1rios de S\u00e3o Bento do Sul e Regi\u00e3o","publisher":{"@id":"https:\/\/sindicatodosbancarios.org.br\/site2022\/#organization"},"potentialAction":[{"@type":"SearchAction","target":{"@type":"EntryPoint","urlTemplate":"https:\/\/sindicatodosbancarios.org.br\/site2022\/?s={search_term_string}"},"query-input":"required name=search_term_string"}],"inLanguage":"pt-BR"},{"@type":"Organization","@id":"https:\/\/sindicatodosbancarios.org.br\/site2022\/#organization","name":"Sindicato dos Banc\u00e1rios de S\u00e3o Bento do Sul e Regi\u00e3o","url":"https:\/\/sindicatodosbancarios.org.br\/site2022\/","logo":{"@type":"ImageObject","inLanguage":"pt-BR","@id":"https:\/\/sindicatodosbancarios.org.br\/site2022\/#\/schema\/logo\/image\/","url":"https:\/\/sindicatodosbancarios.org.br\/site2022\/wp-content\/uploads\/2017\/06\/cropped-logo-2.png","contentUrl":"https:\/\/sindicatodosbancarios.org.br\/site2022\/wp-content\/uploads\/2017\/06\/cropped-logo-2.png","width":292,"height":292,"caption":"Sindicato dos Banc\u00e1rios de S\u00e3o Bento do Sul e Regi\u00e3o"},"image":{"@id":"https:\/\/sindicatodosbancarios.org.br\/site2022\/#\/schema\/logo\/image\/"}},{"@type":"Person","@id":"https:\/\/sindicatodosbancarios.org.br\/site2022\/#\/schema\/person\/a7d92da77d1084df4d28b57962f1e1bd","name":"Sindicato dos Banc\u00e1rios S\u00e3o Bento do Sul e Regi\u00e3o","image":{"@type":"ImageObject","inLanguage":"pt-BR","@id":"https:\/\/sindicatodosbancarios.org.br\/site2022\/#\/schema\/person\/image\/","url":"https:\/\/secure.gravatar.com\/avatar\/f1d1a06f698f2345352e539387180d42?s=96&d=mm&r=g","contentUrl":"https:\/\/secure.gravatar.com\/avatar\/f1d1a06f698f2345352e539387180d42?s=96&d=mm&r=g","caption":"Sindicato dos Banc\u00e1rios S\u00e3o Bento do Sul e Regi\u00e3o"},"sameAs":["http:\/\/sindicatodosbancarios.org.br\/site2022\/","https:\/\/www.facebook.com\/seeb.sbs.9"],"url":"https:\/\/sindicatodosbancarios.org.br\/site2022\/author\/sindicatodosbancarios\/"}]}},"jetpack_featured_media_url":"https:\/\/sindicatodosbancarios.org.br\/site2022\/wp-content\/uploads\/2019\/09\/download-1.jpg","jetpack_sharing_enabled":true,"jetpack_shortlink":"https:\/\/wp.me\/p8RSbI-NU","jetpack-related-posts":[{"id":4628,"url":"https:\/\/sindicatodosbancarios.org.br\/site2022\/2020\/10\/13\/informe-bancario-385-2020-governo-quer-extinguir-desconto-de-20-em-declaracao-simplificada-do-ir\/","url_meta":{"origin":3094,"position":0},"title":"INFORME BANC\u00c1RIO \u2013 385\/2020 Governo quer extinguir desconto de 20% em declara\u00e7\u00e3o simplificada do IR","date":"13 de outubro de 2020","format":false,"excerpt":"Com o objetivo de financiar o Renda Cidad\u00e3, o governo estuda extinguir o desconto de 20% concedido automaticamente a contribuintes que optam pela declara\u00e7\u00e3o simplificada do Imposto de Renda da pessoa f\u00edsica. A medida pode atingir mais de 17 milh\u00f5es de pessoas. Em substitui\u00e7\u00e3o, segundo fontes que participam da elabora\u00e7\u00e3o\u2026","rel":"","context":"Em &quot;Geral&quot;","img":{"alt_text":"","src":"https:\/\/i0.wp.com\/sindicatodosbancarios.org.br\/site2022\/wp-content\/uploads\/2020\/10\/c76e6b70-072c-11eb-ab6e-c7853fc44e3c.jpg?resize=350%2C200&ssl=1","width":350,"height":200},"classes":[]},{"id":4655,"url":"https:\/\/sindicatodosbancarios.org.br\/site2022\/2020\/10\/16\/informe-bancario-394-2020-para-criar-renda-cidada-governo-estuda-desindexar-aposentadorias-e-pensoes-superiores-a-1-minimo\/","url_meta":{"origin":3094,"position":1},"title":"INFORME BANC\u00c1RIO \u2013 394\/2020 Para criar Renda Cidad\u00e3, governo estuda desindexar aposentadorias e pens\u00f5es superiores a 1 m\u00ednimo","date":"16 de outubro de 2020","format":false,"excerpt":"O debate sobre o Renda Cidad\u00e3 (ou Renda Brasil), novo\u00a0programa social\u00a0que o governo Jair Bolsonaro quer criar em substitui\u00e7\u00e3o ao\u00a0Bolsa Fam\u00edlia, s\u00f3 deve ser retomado\u00a0ap\u00f3s as elei\u00e7\u00f5es municipais. As discuss\u00f5es sobre a\u00a0fonte de financiamento\u00a0do novo programa, no entanto, n\u00e3o param. T\u00e9cnicos do governo trabalham com diversos cen\u00e1rios, dos quais o\u2026","rel":"","context":"Em &quot;Geral&quot;","img":{"alt_text":"","src":"https:\/\/i0.wp.com\/sindicatodosbancarios.org.br\/site2022\/wp-content\/uploads\/2020\/02\/paulo-guedes-ministro-da-economia-1581106883786_v2_450x600.jpg?resize=350%2C200&ssl=1","width":350,"height":200},"classes":[]},{"id":4831,"url":"https:\/\/sindicatodosbancarios.org.br\/site2022\/2020\/12\/02\/informe-bancario-448-2020-salario-minimo-esta-baixo-mas-nao-tem-como-aumentar-diz-bolsonaro\/","url_meta":{"origin":3094,"position":2},"title":"INFORME BANC\u00c1RIO \u2013 448\/2020 Sal\u00e1rio m\u00ednimo est\u00e1 baixo, mas n\u00e3o tem como aumentar, diz Bolsonaro","date":"2 de dezembro de 2020","format":false,"excerpt":"O presidente Jair Bolsonaro (sem partido) admitiu hoje que o valor do sal\u00e1rio m\u00ednimo, atualmente em R$ 1.045, \u00e9 baixo, mas disse n\u00e3o ser poss\u00edvel aument\u00e1-lo, uma vez que o reajuste afetaria diretamente os gastos do governo com a Previd\u00eancia Social. Ele tamb\u00e9m fez elogios \u00e0 reforma trabalhista, aprovada durante\u2026","rel":"","context":"Em &quot;Geral&quot;","img":{"alt_text":"","src":"https:\/\/i0.wp.com\/sindicatodosbancarios.org.br\/site2022\/wp-content\/uploads\/2020\/12\/n_41743_e36b6238285a5331a3dee7634f8890d1.jpg?resize=350%2C200&ssl=1","width":350,"height":200},"classes":[]},{"id":5044,"url":"https:\/\/sindicatodosbancarios.org.br\/site2022\/2021\/01\/20\/informe-bancario-25-2021-salario-minimo-de-2021-definido-pelo-governo-bolsonaro-nao-repoe-inflacao-de-2020\/","url_meta":{"origin":3094,"position":3},"title":"INFORME BANC\u00c1RIO \u2013 25\/2021 Sal\u00e1rio m\u00ednimo de 2021 definido pelo governo Bolsonaro n\u00e3o rep\u00f5e infla\u00e7\u00e3o de 2020","date":"20 de janeiro de 2021","format":false,"excerpt":"O sal\u00e1rio m\u00ednimo de R$ 1.100 em 2021 n\u00e3o rep\u00f5e a infla\u00e7\u00e3o do ano passado. O INPC (\u00cdndice Nacional de Pre\u00e7os ao Consumidor), indicador que corrige o sal\u00e1rio m\u00ednimo, registrou alta de 5,45% em 2020, segundo dados divulgados hoje, acima do reajuste de 5,26% dado no sal\u00e1rio m\u00ednimo. Isso significa\u2026","rel":"","context":"Em &quot;Geral&quot;","img":{"alt_text":"","src":"https:\/\/i0.wp.com\/sindicatodosbancarios.org.br\/site2022\/wp-content\/uploads\/2021\/01\/salario-minimo.jpg?resize=350%2C200&ssl=1","width":350,"height":200},"classes":[]},{"id":5323,"url":"https:\/\/sindicatodosbancarios.org.br\/site2022\/2021\/04\/20\/informe-bancarios-103-2021-governo-propoe-salario-minimo-de-r-1-147-para-2022-sem-aumento-acima-da-inflacao\/","url_meta":{"origin":3094,"position":4},"title":"INFORME BANC\u00c1RIOS \u2013 103\/2021 Governo prop\u00f5e sal\u00e1rio m\u00ednimo de R$ 1.147 para 2022, sem aumento acima da infla\u00e7\u00e3o","date":"20 de abril de 2021","format":false,"excerpt":"Valor consta no projeto da Lei de Diretrizes Or\u00e7ament\u00e1rias divulgado nesta quinta pelo Minist\u00e9rio da Economia. Se aprovado, aumento em rela\u00e7\u00e3o ao m\u00ednimo atual ser\u00e1 de R$ 47. O governo federal prop\u00f4s um\u00a0sal\u00e1rio m\u00ednimo de R$ 1.147 para 2022, segundo o projeto de Lei de Diretrizes Or\u00e7ament\u00e1rias (PLDO) do ano\u2026","rel":"","context":"Em &quot;Geral&quot;","img":{"alt_text":"","src":"https:\/\/i0.wp.com\/sindicatodosbancarios.org.br\/site2022\/wp-content\/uploads\/2021\/04\/13576085165f5f4bf83d334.jpg?resize=350%2C200&ssl=1","width":350,"height":200},"classes":[]},{"id":5892,"url":"https:\/\/sindicatodosbancarios.org.br\/site2022\/2022\/02\/07\/informe-bancario-12-2022-servidores-fazem-paralisacao-em-brasilia-por-reajuste-salarial-de-ate-28\/","url_meta":{"origin":3094,"position":5},"title":"INFORME BANC\u00c1RIO \u2013 12\/2022 Servidores fazem paralisa\u00e7\u00e3o em Bras\u00edlia por reajuste salarial de at\u00e9 28%","date":"7 de fevereiro de 2022","format":false,"excerpt":"Cerca de 50 categorias de servidores p\u00fablicos federais realizaram atos nesta ter\u00e7a-feira (18), em Bras\u00edlia, para pedir reajuste de sal\u00e1rio de at\u00e9 28%. Pela manh\u00e3, cerca de 300 manifestantes se reuniram em frente ao Banco Central, segundo estimativas do pr\u00f3prio BC. \u00c0 tarde, haver\u00e1 outro ato em frente ao Minist\u00e9rio\u2026","rel":"","context":"Em &quot;Geral&quot;","img":{"alt_text":"","src":"https:\/\/i0.wp.com\/sindicatodosbancarios.org.br\/site2022\/wp-content\/uploads\/2022\/02\/195227.jpg?resize=350%2C200&ssl=1","width":350,"height":200},"classes":[]}],"_links":{"self":[{"href":"https:\/\/sindicatodosbancarios.org.br\/site2022\/wp-json\/wp\/v2\/posts\/3094"}],"collection":[{"href":"https:\/\/sindicatodosbancarios.org.br\/site2022\/wp-json\/wp\/v2\/posts"}],"about":[{"href":"https:\/\/sindicatodosbancarios.org.br\/site2022\/wp-json\/wp\/v2\/types\/post"}],"author":[{"embeddable":true,"href":"https:\/\/sindicatodosbancarios.org.br\/site2022\/wp-json\/wp\/v2\/users\/2"}],"replies":[{"embeddable":true,"href":"https:\/\/sindicatodosbancarios.org.br\/site2022\/wp-json\/wp\/v2\/comments?post=3094"}],"version-history":[{"count":1,"href":"https:\/\/sindicatodosbancarios.org.br\/site2022\/wp-json\/wp\/v2\/posts\/3094\/revisions"}],"predecessor-version":[{"id":3096,"href":"https:\/\/sindicatodosbancarios.org.br\/site2022\/wp-json\/wp\/v2\/posts\/3094\/revisions\/3096"}],"wp:featuredmedia":[{"embeddable":true,"href":"https:\/\/sindicatodosbancarios.org.br\/site2022\/wp-json\/wp\/v2\/media\/3095"}],"wp:attachment":[{"href":"https:\/\/sindicatodosbancarios.org.br\/site2022\/wp-json\/wp\/v2\/media?parent=3094"}],"wp:term":[{"taxonomy":"category","embeddable":true,"href":"https:\/\/sindicatodosbancarios.org.br\/site2022\/wp-json\/wp\/v2\/categories?post=3094"},{"taxonomy":"post_tag","embeddable":true,"href":"https:\/\/sindicatodosbancarios.org.br\/site2022\/wp-json\/wp\/v2\/tags?post=3094"}],"curies":[{"name":"wp","href":"https:\/\/api.w.org\/{rel}","templated":true}]}}