{"id":3099,"date":"2019-09-19T10:35:57","date_gmt":"2019-09-19T13:35:57","guid":{"rendered":"https:\/\/sindicatodosbancarios.org.br\/?p=3099"},"modified":"2019-09-19T10:35:57","modified_gmt":"2019-09-19T13:35:57","slug":"informe-bancario-050-2019-congelamento-do-salario-minimo-afeta-34-milhoes-de-segurados-do-inss-parte-ii","status":"publish","type":"post","link":"https:\/\/sindicatodosbancarios.org.br\/site2022\/2019\/09\/19\/informe-bancario-050-2019-congelamento-do-salario-minimo-afeta-34-milhoes-de-segurados-do-inss-parte-ii\/","title":{"rendered":"INFORME BANC\u00c1RIO &#8211; 050 \/ 2019 &#8211; CONGELAMENTO DO SAL\u00c1RIO M\u00cdNIMO AFETA 34 MILH\u00d5ES DE SEGURADOS DO INSS &#8211; PARTE II"},"content":{"rendered":"<h2 class=\"subtitulo\">Governo Bolsonaro estuda retirar reajuste do sal\u00e1rio m\u00ednimo da Constitui\u00e7\u00e3o e &#8216;economizar&#8217; R$ at\u00e9 37 bilh\u00f5es<\/h2>\n<p>O fim da corre\u00e7\u00e3o do sal\u00e1rio m\u00ednimo pela infla\u00e7\u00e3o em momentos de crise fiscal, proposta em estudo pelo governo Bolsonaro, afetar\u00e1 diretamente 34 milh\u00f5es de aposentados, pensionistas e segurados do INSS, que ter\u00e3o benef\u00edcios congelados. A ideia analisada pela equipe econ\u00f4mica \u00e9 retirar da Constitui\u00e7\u00e3o a previs\u00e3o de que o piso nacional seja reajustado pela infla\u00e7\u00e3o (o \u00edndice \u00e9 o INPC), justamente o indicador que aumenta o m\u00ednimo e corrige benef\u00edcios do instituto. Segundo c\u00e1lculos do governo, o congelamento renderia economia entre R$ 35 bilh\u00f5es e R$ 37 bilh\u00f5es.<\/p>\n<p>A proposta \u00e9 que, em momentos de grave desequil\u00edbrio fiscal, como o atual, seja poss\u00edvel congelar mesmo os aumentos nominais (ou seja, dar a varia\u00e7\u00e3o da infla\u00e7\u00e3o) da remunera\u00e7\u00e3o por alguns anos, at\u00e9 a recupera\u00e7\u00e3o da sa\u00fade financeira das contas p\u00fablicas. A medida \u00e9 criticada pelo presidente do Sindicato Nacional dos Aposentados e Pensionistas, Jo\u00e3o Batista Inocentini, e pela presidente do Instituto Brasileiro de Direito Previdenci\u00e1rio, Adriane Bramante.<\/p>\n<p>Inocentini lembra que a Carta Magna garante a corre\u00e7\u00e3o do m\u00ednimo pela infla\u00e7\u00e3o e que o assunto foi pautado durante a discuss\u00e3o da Reforma da Previd\u00eancia. &#8220;Tem que valer a Constitui\u00e7\u00e3o de 1988. N\u00e3o d\u00e1 para o governo agora querer mudar o que j\u00e1 foi discutido&#8221;, adverte.<\/p>\n<p>O sindicalista prometeu mobilizar parlamentares, al\u00e9m do deputado Paulinho da For\u00e7a (SD-SP), para pressionar o governo a adotar uma pol\u00edtica de valoriza\u00e7\u00e3o do m\u00ednimo, como existia antes do governo Bolsonaro. &#8220;A pol\u00edtica de valoriza\u00e7\u00e3o com ganho real \u00e9 fundamental&#8221;, assegura. &#8220;\u00c9 preciso haver recupera\u00e7\u00e3o do poder de compra, sen\u00e3o ser\u00e1 um achatamento nos vencimentos. Mais de 67,5% dos aposentados vivem com um sal\u00e1rio m\u00ednimo&#8221;, acrescenta Inocentini. &#8220;\u00c9 um absurdo que a conta seja sempre paga pelo aposentado&#8221;, finaliza.<\/p>\n<p>&#8220;A corre\u00e7\u00e3o dos benef\u00edcios j\u00e1 tem sido irris\u00f3ria, diminuindo aposentadorias a cada ano. Congelar a corre\u00e7\u00e3o \u00e9 piorar ainda mais a situa\u00e7\u00e3o dos aposentados&#8221;, alerta.<\/p>\n<div class=\"texto\"><strong>Aumento real<\/strong><\/div>\n<div><\/div>\n<div class=\"texto\">Hoje, a Constitui\u00e7\u00e3o prev\u00ea que \u00e9 direito social do cidad\u00e3o ter acesso a um sal\u00e1rio m\u00ednimo &#8220;com reajustes peri\u00f3dicos que lhe preservem o poder aquisitivo&#8221;. Assim, o governo se v\u00ea obrigado a, todos os anos, recompor ao menos a infla\u00e7\u00e3o. At\u00e9 o ano passado, a pol\u00edtica de reajuste fixava uma corre\u00e7\u00e3o pelo \u00cdndice de Pre\u00e7os ao Consumidor (INPC) do ano anterior mais o Produto Interno Bruto (PIB) de dois anos antes. Com o vencimento desse modelo, o governo se debru\u00e7a sobre uma mudan\u00e7a.<\/div>\n<div><\/div>\n<div>\n<div class=\"texto\">A pol\u00edtica de aumentos reais (acima da infla\u00e7\u00e3o) vinha sendo implementada nos \u00faltimos anos, ap\u00f3s ser proposta pela ent\u00e3o presidente Dilma Rousseff e aprovada pelo Congresso. Os reajustes pela infla\u00e7\u00e3o e varia\u00e7\u00e3o do PIB vigoraram de 2011 a 2019, mas nem sempre o sal\u00e1rio m\u00ednimo subiu acima da infla\u00e7\u00e3o.<\/div>\n<div><\/div>\n<div class=\"texto\">Em 2017 e 2018, por exemplo, foi concedido o reajuste somente com base na infla\u00e7\u00e3o porque o PIB dos anos anteriores (2015 e 2016) teve retra\u00e7\u00e3o. Por isso, para cumprir a f\u00f3rmula proposta, somente a infla\u00e7\u00e3o serviu de base para o aumento.<\/div>\n<div>\n<div><\/div>\n<div class=\"texto\"><strong>Para 2020<\/strong><\/div>\n<div><\/div>\n<div class=\"texto\">A proposta de or\u00e7amento para o ano de 2020 prev\u00ea aumento do sal\u00e1rio m\u00ednimo dos atuais R$ 998 para R$ 1.039 a partir de janeiro do ano que vem, levando em conta a varia\u00e7\u00e3o da infla\u00e7\u00e3o. H\u00e1 quem defenda, no entanto, n\u00e3o dar nem mesmo a infla\u00e7\u00e3o como reposi\u00e7\u00e3o salarial para abrir espa\u00e7o no Or\u00e7amento para despesas de custeio da m\u00e1quina p\u00fablica e investimentos.<\/div>\n<div><\/div>\n<div class=\"texto\">Segundo o Minist\u00e9rio da Economia, cada R$ 1 a mais de aumento no sal\u00e1rio m\u00ednimo gera um gasto adicional de R$ 302 milh\u00f5es ao governo. Isso porque uma s\u00e9rie de benef\u00edcios sociais, como o Benef\u00edcio de Presta\u00e7\u00e3o Continuada (BPC) e o abono salarial, \u00e9 indexada ao sal\u00e1rio m\u00ednimo e tem, por isso, um aumento proporcional.<\/div>\n<div><\/div>\n<div class=\"texto\"><strong>Maia cobra pol\u00edtica de valoriza\u00e7\u00e3o do m\u00ednimo<\/strong><\/div>\n<div>\n<div>\n<div><\/div>\n<div class=\"texto\">A falta de uma pol\u00edtica de valoriza\u00e7\u00e3o do m\u00ednimo \u00e9 criticada pelo presidente da C\u00e2mara, Rodrigo Maia (DEM-RJ). Segundo ele, o governo precisa decidir qual \u00e9 a pol\u00edtica de sal\u00e1rio m\u00ednimo que deseja promover e ao que vai ser atrelado para evitar as discuss\u00f5es sobre eventuais corre\u00e7\u00f5es.<\/div>\n<div><\/div>\n<div class=\"texto\">&#8220;Tem que ver o que v\u00e3o encaminhar. Problema \u00e9 que sal\u00e1rio m\u00ednimo tem algumas vincula\u00e7\u00f5es e qualquer aumento do sal\u00e1rio m\u00ednimo impacta outras despesas do governo. Precisa decidir qual \u00e9 a pol\u00edtica do sal\u00e1rio m\u00ednimo e ao que est\u00e1 atrelada, porque se n\u00e3o vai ter sempre essa discuss\u00e3o se cabe ou n\u00e3o essa corre\u00e7\u00e3o do sal\u00e1rio m\u00ednimo que pode impactar outras quest\u00f5es&#8221;, disse Maia.<\/div>\n<div><\/div>\n<div class=\"texto\">O presidente da C\u00e2mara tamb\u00e9m afirmou que a quest\u00e3o da desonera\u00e7\u00e3o da folha de pagamento n\u00e3o \u00e9 a \u00fanica sa\u00edda para a retomada do emprego. &#8220;O problema do emprego n\u00e3o est\u00e1 s\u00f3 relacionado ao custo, est\u00e1 relacionado \u00e0 possibilidade de recupera\u00e7\u00e3o da demanda, de a sociedade poder voltar a consumir. Claro que o custo da folha \u00e9 alto, mas s\u00f3 desonerar a folha n\u00e3o resolve&#8221;, disse.<\/div>\n<\/div>\n<div><\/div>\n<div><span style=\"font-size: 8pt;\">fonte: O Dia<\/span><\/div>\n<div><\/div>\n<div><span style=\"font-size: 8pt;\">Por MARTHA IMENES<\/span><\/p>\n<p class=\"content-publication-data__updated\"><span style=\"font-size: 8pt;\"><time datetime=\"2019-09-18T07:00:00.000Z\">Publicado \u00e0s 07h00 de 18\/09\/2019\u00a0<\/time><span class=\"content-publication-data__updated-relative\"><time datetime=\"2019-09-18T07:04:37.000Z\">&#8211; Atualizado \u00e0s 07h04 de 18\/09\/2019<\/time><\/span><\/span><\/p>\n<\/div>\n<div class=\"container__truvid\">\n<div>\n<div id=\"br_video_player_3f9798d236bc8af99144eed6793e016df97a5ab2\" class=\"trvd_video_player\">\n<div class=\"media-player\">\n<div class=\"trv-video\"><\/div>\n<div class=\"links-overlay\">\n<div class=\"links-button\">Leia mais<\/div>\n<\/div>\n<\/div>\n<\/div>\n<\/div>\n<\/div>\n<div class=\"faixa retangulo_medio_mobi_1 mrg-bottom\">\n<div id=\"retangulo_medio_mobi_1\" class=\"publicidade bg-pontilhado hide lazyloaded\" data-ad-slot=\"retangulo_medio_mobi_1\"><\/div>\n<\/div>\n<div class=\"content__taboola\">\n<div id=\"taboola-below-article-thumbnails\" class=\" trc_related_container trc_spotlight_widget tbl-feed-container tbl-feed-frame-NONE \" data-feed-container-num=\"1\" data-feed-main-container-id=\"taboola-below-article-thumbnails\" data-parent-placement-name=\"Below Article Thumbnails\" data-pub-lang=\"pt\">\n<div class=\" tbl-feed-header tbl-logo-right-position tbl-header-with-text\"><\/div>\n<\/div>\n<\/div>\n<\/div>\n<\/div>\n<\/div>\n","protected":false},"excerpt":{"rendered":"<p>Governo Bolsonaro estuda retirar reajuste do sal\u00e1rio m\u00ednimo da Constitui\u00e7\u00e3o e &#8216;economizar&#8217; R$ at\u00e9 37 bilh\u00f5es O fim [&hellip;]<\/p>\n","protected":false},"author":2,"featured_media":3095,"comment_status":"open","ping_status":"open","sticky":false,"template":"","format":"standard","meta":{"jetpack_post_was_ever_published":false,"jetpack_publicize_message":"","jetpack_is_tweetstorm":false,"jetpack_publicize_feature_enabled":true,"jetpack_social_post_already_shared":true,"jetpack_social_options":[]},"categories":[1],"tags":[],"jetpack_publicize_connections":[],"acf":[],"yoast_head":"<!-- This site is optimized with the Yoast SEO plugin v19.14 - https:\/\/yoast.com\/wordpress\/plugins\/seo\/ -->\n<title>INFORME BANC\u00c1RIO - 050 \/ 2019 - CONGELAMENTO DO SAL\u00c1RIO M\u00cdNIMO AFETA 34 MILH\u00d5ES DE SEGURADOS DO INSS - PARTE II - Sindicato dos Banc\u00e1rios de S\u00e3o Bento do Sul e Regi\u00e3o<\/title>\n<meta name=\"robots\" content=\"index, follow, max-snippet:-1, max-image-preview:large, max-video-preview:-1\" \/>\n<link rel=\"canonical\" href=\"https:\/\/sindicatodosbancarios.org.br\/site2022\/2019\/09\/19\/informe-bancario-050-2019-congelamento-do-salario-minimo-afeta-34-milhoes-de-segurados-do-inss-parte-ii\/\" \/>\n<meta property=\"og:locale\" content=\"pt_BR\" \/>\n<meta property=\"og:type\" content=\"article\" \/>\n<meta property=\"og:title\" content=\"INFORME BANC\u00c1RIO - 050 \/ 2019 - CONGELAMENTO DO SAL\u00c1RIO M\u00cdNIMO AFETA 34 MILH\u00d5ES DE SEGURADOS DO INSS - PARTE II - Sindicato dos Banc\u00e1rios de S\u00e3o Bento do Sul e Regi\u00e3o\" \/>\n<meta property=\"og:description\" content=\"Governo Bolsonaro estuda retirar reajuste do sal\u00e1rio m\u00ednimo da Constitui\u00e7\u00e3o e &#8216;economizar&#8217; R$ at\u00e9 37 bilh\u00f5es O fim [&hellip;]\" \/>\n<meta property=\"og:url\" content=\"https:\/\/sindicatodosbancarios.org.br\/site2022\/2019\/09\/19\/informe-bancario-050-2019-congelamento-do-salario-minimo-afeta-34-milhoes-de-segurados-do-inss-parte-ii\/\" \/>\n<meta property=\"og:site_name\" content=\"Sindicato dos Banc\u00e1rios de S\u00e3o Bento do Sul e Regi\u00e3o\" \/>\n<meta property=\"article:author\" content=\"https:\/\/www.facebook.com\/seeb.sbs.9\" \/>\n<meta property=\"article:published_time\" content=\"2019-09-19T13:35:57+00:00\" \/>\n<meta property=\"og:image\" content=\"https:\/\/sindicatodosbancarios.org.br\/site2022\/wp-content\/uploads\/2019\/09\/download-1.jpg\" \/>\n\t<meta property=\"og:image:width\" content=\"277\" \/>\n\t<meta property=\"og:image:height\" content=\"182\" \/>\n\t<meta property=\"og:image:type\" content=\"image\/jpeg\" \/>\n<meta name=\"author\" content=\"Sindicato dos Banc\u00e1rios S\u00e3o Bento do Sul e Regi\u00e3o\" \/>\n<meta name=\"twitter:card\" content=\"summary_large_image\" \/>\n<meta name=\"twitter:label1\" content=\"Escrito por\" \/>\n\t<meta name=\"twitter:data1\" content=\"Sindicato dos Banc\u00e1rios S\u00e3o Bento do Sul e Regi\u00e3o\" \/>\n\t<meta name=\"twitter:label2\" content=\"Est. tempo de leitura\" \/>\n\t<meta name=\"twitter:data2\" content=\"5 minutos\" \/>\n<script type=\"application\/ld+json\" class=\"yoast-schema-graph\">{\"@context\":\"https:\/\/schema.org\",\"@graph\":[{\"@type\":\"Article\",\"@id\":\"https:\/\/sindicatodosbancarios.org.br\/site2022\/2019\/09\/19\/informe-bancario-050-2019-congelamento-do-salario-minimo-afeta-34-milhoes-de-segurados-do-inss-parte-ii\/#article\",\"isPartOf\":{\"@id\":\"https:\/\/sindicatodosbancarios.org.br\/site2022\/2019\/09\/19\/informe-bancario-050-2019-congelamento-do-salario-minimo-afeta-34-milhoes-de-segurados-do-inss-parte-ii\/\"},\"author\":{\"name\":\"Sindicato dos Banc\u00e1rios S\u00e3o Bento do Sul e Regi\u00e3o\",\"@id\":\"https:\/\/sindicatodosbancarios.org.br\/site2022\/#\/schema\/person\/a7d92da77d1084df4d28b57962f1e1bd\"},\"headline\":\"INFORME BANC\u00c1RIO &#8211; 050 \/ 2019 &#8211; CONGELAMENTO DO SAL\u00c1RIO M\u00cdNIMO AFETA 34 MILH\u00d5ES DE SEGURADOS DO INSS &#8211; PARTE II\",\"datePublished\":\"2019-09-19T13:35:57+00:00\",\"dateModified\":\"2019-09-19T13:35:57+00:00\",\"mainEntityOfPage\":{\"@id\":\"https:\/\/sindicatodosbancarios.org.br\/site2022\/2019\/09\/19\/informe-bancario-050-2019-congelamento-do-salario-minimo-afeta-34-milhoes-de-segurados-do-inss-parte-ii\/\"},\"wordCount\":943,\"commentCount\":0,\"publisher\":{\"@id\":\"https:\/\/sindicatodosbancarios.org.br\/site2022\/#organization\"},\"articleSection\":[\"Geral\"],\"inLanguage\":\"pt-BR\",\"potentialAction\":[{\"@type\":\"CommentAction\",\"name\":\"Comment\",\"target\":[\"https:\/\/sindicatodosbancarios.org.br\/site2022\/2019\/09\/19\/informe-bancario-050-2019-congelamento-do-salario-minimo-afeta-34-milhoes-de-segurados-do-inss-parte-ii\/#respond\"]}]},{\"@type\":\"WebPage\",\"@id\":\"https:\/\/sindicatodosbancarios.org.br\/site2022\/2019\/09\/19\/informe-bancario-050-2019-congelamento-do-salario-minimo-afeta-34-milhoes-de-segurados-do-inss-parte-ii\/\",\"url\":\"https:\/\/sindicatodosbancarios.org.br\/site2022\/2019\/09\/19\/informe-bancario-050-2019-congelamento-do-salario-minimo-afeta-34-milhoes-de-segurados-do-inss-parte-ii\/\",\"name\":\"INFORME BANC\u00c1RIO - 050 \/ 2019 - CONGELAMENTO DO SAL\u00c1RIO M\u00cdNIMO AFETA 34 MILH\u00d5ES DE SEGURADOS DO INSS - PARTE II - Sindicato dos Banc\u00e1rios de S\u00e3o Bento do Sul e Regi\u00e3o\",\"isPartOf\":{\"@id\":\"https:\/\/sindicatodosbancarios.org.br\/site2022\/#website\"},\"datePublished\":\"2019-09-19T13:35:57+00:00\",\"dateModified\":\"2019-09-19T13:35:57+00:00\",\"breadcrumb\":{\"@id\":\"https:\/\/sindicatodosbancarios.org.br\/site2022\/2019\/09\/19\/informe-bancario-050-2019-congelamento-do-salario-minimo-afeta-34-milhoes-de-segurados-do-inss-parte-ii\/#breadcrumb\"},\"inLanguage\":\"pt-BR\",\"potentialAction\":[{\"@type\":\"ReadAction\",\"target\":[\"https:\/\/sindicatodosbancarios.org.br\/site2022\/2019\/09\/19\/informe-bancario-050-2019-congelamento-do-salario-minimo-afeta-34-milhoes-de-segurados-do-inss-parte-ii\/\"]}]},{\"@type\":\"BreadcrumbList\",\"@id\":\"https:\/\/sindicatodosbancarios.org.br\/site2022\/2019\/09\/19\/informe-bancario-050-2019-congelamento-do-salario-minimo-afeta-34-milhoes-de-segurados-do-inss-parte-ii\/#breadcrumb\",\"itemListElement\":[{\"@type\":\"ListItem\",\"position\":1,\"name\":\"In\u00edcio\",\"item\":\"https:\/\/sindicatodosbancarios.org.br\/site2022\/\"},{\"@type\":\"ListItem\",\"position\":2,\"name\":\"INFORME BANC\u00c1RIO &#8211; 050 \/ 2019 &#8211; CONGELAMENTO DO SAL\u00c1RIO M\u00cdNIMO AFETA 34 MILH\u00d5ES DE SEGURADOS DO INSS &#8211; PARTE II\"}]},{\"@type\":\"WebSite\",\"@id\":\"https:\/\/sindicatodosbancarios.org.br\/site2022\/#website\",\"url\":\"https:\/\/sindicatodosbancarios.org.br\/site2022\/\",\"name\":\"Sindicato dos Banc\u00e1rios de S\u00e3o Bento do Sul e Regi\u00e3o\",\"description\":\"Website institucional do Sindicato dos Banc\u00e1rios de S\u00e3o Bento do Sul e Regi\u00e3o\",\"publisher\":{\"@id\":\"https:\/\/sindicatodosbancarios.org.br\/site2022\/#organization\"},\"potentialAction\":[{\"@type\":\"SearchAction\",\"target\":{\"@type\":\"EntryPoint\",\"urlTemplate\":\"https:\/\/sindicatodosbancarios.org.br\/site2022\/?s={search_term_string}\"},\"query-input\":\"required name=search_term_string\"}],\"inLanguage\":\"pt-BR\"},{\"@type\":\"Organization\",\"@id\":\"https:\/\/sindicatodosbancarios.org.br\/site2022\/#organization\",\"name\":\"Sindicato dos Banc\u00e1rios de S\u00e3o Bento do Sul e Regi\u00e3o\",\"url\":\"https:\/\/sindicatodosbancarios.org.br\/site2022\/\",\"logo\":{\"@type\":\"ImageObject\",\"inLanguage\":\"pt-BR\",\"@id\":\"https:\/\/sindicatodosbancarios.org.br\/site2022\/#\/schema\/logo\/image\/\",\"url\":\"https:\/\/sindicatodosbancarios.org.br\/site2022\/wp-content\/uploads\/2017\/06\/cropped-logo-2.png\",\"contentUrl\":\"https:\/\/sindicatodosbancarios.org.br\/site2022\/wp-content\/uploads\/2017\/06\/cropped-logo-2.png\",\"width\":292,\"height\":292,\"caption\":\"Sindicato dos Banc\u00e1rios de S\u00e3o Bento do Sul e Regi\u00e3o\"},\"image\":{\"@id\":\"https:\/\/sindicatodosbancarios.org.br\/site2022\/#\/schema\/logo\/image\/\"}},{\"@type\":\"Person\",\"@id\":\"https:\/\/sindicatodosbancarios.org.br\/site2022\/#\/schema\/person\/a7d92da77d1084df4d28b57962f1e1bd\",\"name\":\"Sindicato dos Banc\u00e1rios S\u00e3o Bento do Sul e Regi\u00e3o\",\"image\":{\"@type\":\"ImageObject\",\"inLanguage\":\"pt-BR\",\"@id\":\"https:\/\/sindicatodosbancarios.org.br\/site2022\/#\/schema\/person\/image\/\",\"url\":\"https:\/\/secure.gravatar.com\/avatar\/f1d1a06f698f2345352e539387180d42?s=96&d=mm&r=g\",\"contentUrl\":\"https:\/\/secure.gravatar.com\/avatar\/f1d1a06f698f2345352e539387180d42?s=96&d=mm&r=g\",\"caption\":\"Sindicato dos Banc\u00e1rios S\u00e3o Bento do Sul e Regi\u00e3o\"},\"sameAs\":[\"http:\/\/sindicatodosbancarios.org.br\/site2022\/\",\"https:\/\/www.facebook.com\/seeb.sbs.9\"],\"url\":\"https:\/\/sindicatodosbancarios.org.br\/site2022\/author\/sindicatodosbancarios\/\"}]}<\/script>\n<!-- \/ Yoast SEO plugin. -->","yoast_head_json":{"title":"INFORME BANC\u00c1RIO - 050 \/ 2019 - CONGELAMENTO DO SAL\u00c1RIO M\u00cdNIMO AFETA 34 MILH\u00d5ES DE SEGURADOS DO INSS - PARTE II - Sindicato dos Banc\u00e1rios de S\u00e3o Bento do Sul e Regi\u00e3o","robots":{"index":"index","follow":"follow","max-snippet":"max-snippet:-1","max-image-preview":"max-image-preview:large","max-video-preview":"max-video-preview:-1"},"canonical":"https:\/\/sindicatodosbancarios.org.br\/site2022\/2019\/09\/19\/informe-bancario-050-2019-congelamento-do-salario-minimo-afeta-34-milhoes-de-segurados-do-inss-parte-ii\/","og_locale":"pt_BR","og_type":"article","og_title":"INFORME BANC\u00c1RIO - 050 \/ 2019 - CONGELAMENTO DO SAL\u00c1RIO M\u00cdNIMO AFETA 34 MILH\u00d5ES DE SEGURADOS DO INSS - PARTE II - Sindicato dos Banc\u00e1rios de S\u00e3o Bento do Sul e Regi\u00e3o","og_description":"Governo Bolsonaro estuda retirar reajuste do sal\u00e1rio m\u00ednimo da Constitui\u00e7\u00e3o e &#8216;economizar&#8217; R$ at\u00e9 37 bilh\u00f5es O fim [&hellip;]","og_url":"https:\/\/sindicatodosbancarios.org.br\/site2022\/2019\/09\/19\/informe-bancario-050-2019-congelamento-do-salario-minimo-afeta-34-milhoes-de-segurados-do-inss-parte-ii\/","og_site_name":"Sindicato dos Banc\u00e1rios de S\u00e3o Bento do Sul e Regi\u00e3o","article_author":"https:\/\/www.facebook.com\/seeb.sbs.9","article_published_time":"2019-09-19T13:35:57+00:00","og_image":[{"width":277,"height":182,"url":"https:\/\/sindicatodosbancarios.org.br\/site2022\/wp-content\/uploads\/2019\/09\/download-1.jpg","type":"image\/jpeg"}],"author":"Sindicato dos Banc\u00e1rios S\u00e3o Bento do Sul e Regi\u00e3o","twitter_card":"summary_large_image","twitter_misc":{"Escrito por":"Sindicato dos Banc\u00e1rios S\u00e3o Bento do Sul e Regi\u00e3o","Est. tempo de leitura":"5 minutos"},"schema":{"@context":"https:\/\/schema.org","@graph":[{"@type":"Article","@id":"https:\/\/sindicatodosbancarios.org.br\/site2022\/2019\/09\/19\/informe-bancario-050-2019-congelamento-do-salario-minimo-afeta-34-milhoes-de-segurados-do-inss-parte-ii\/#article","isPartOf":{"@id":"https:\/\/sindicatodosbancarios.org.br\/site2022\/2019\/09\/19\/informe-bancario-050-2019-congelamento-do-salario-minimo-afeta-34-milhoes-de-segurados-do-inss-parte-ii\/"},"author":{"name":"Sindicato dos Banc\u00e1rios S\u00e3o Bento do Sul e Regi\u00e3o","@id":"https:\/\/sindicatodosbancarios.org.br\/site2022\/#\/schema\/person\/a7d92da77d1084df4d28b57962f1e1bd"},"headline":"INFORME BANC\u00c1RIO &#8211; 050 \/ 2019 &#8211; CONGELAMENTO DO SAL\u00c1RIO M\u00cdNIMO AFETA 34 MILH\u00d5ES DE SEGURADOS DO INSS &#8211; PARTE II","datePublished":"2019-09-19T13:35:57+00:00","dateModified":"2019-09-19T13:35:57+00:00","mainEntityOfPage":{"@id":"https:\/\/sindicatodosbancarios.org.br\/site2022\/2019\/09\/19\/informe-bancario-050-2019-congelamento-do-salario-minimo-afeta-34-milhoes-de-segurados-do-inss-parte-ii\/"},"wordCount":943,"commentCount":0,"publisher":{"@id":"https:\/\/sindicatodosbancarios.org.br\/site2022\/#organization"},"articleSection":["Geral"],"inLanguage":"pt-BR","potentialAction":[{"@type":"CommentAction","name":"Comment","target":["https:\/\/sindicatodosbancarios.org.br\/site2022\/2019\/09\/19\/informe-bancario-050-2019-congelamento-do-salario-minimo-afeta-34-milhoes-de-segurados-do-inss-parte-ii\/#respond"]}]},{"@type":"WebPage","@id":"https:\/\/sindicatodosbancarios.org.br\/site2022\/2019\/09\/19\/informe-bancario-050-2019-congelamento-do-salario-minimo-afeta-34-milhoes-de-segurados-do-inss-parte-ii\/","url":"https:\/\/sindicatodosbancarios.org.br\/site2022\/2019\/09\/19\/informe-bancario-050-2019-congelamento-do-salario-minimo-afeta-34-milhoes-de-segurados-do-inss-parte-ii\/","name":"INFORME BANC\u00c1RIO - 050 \/ 2019 - CONGELAMENTO DO SAL\u00c1RIO M\u00cdNIMO AFETA 34 MILH\u00d5ES DE SEGURADOS DO INSS - PARTE II - Sindicato dos Banc\u00e1rios de S\u00e3o Bento do Sul e Regi\u00e3o","isPartOf":{"@id":"https:\/\/sindicatodosbancarios.org.br\/site2022\/#website"},"datePublished":"2019-09-19T13:35:57+00:00","dateModified":"2019-09-19T13:35:57+00:00","breadcrumb":{"@id":"https:\/\/sindicatodosbancarios.org.br\/site2022\/2019\/09\/19\/informe-bancario-050-2019-congelamento-do-salario-minimo-afeta-34-milhoes-de-segurados-do-inss-parte-ii\/#breadcrumb"},"inLanguage":"pt-BR","potentialAction":[{"@type":"ReadAction","target":["https:\/\/sindicatodosbancarios.org.br\/site2022\/2019\/09\/19\/informe-bancario-050-2019-congelamento-do-salario-minimo-afeta-34-milhoes-de-segurados-do-inss-parte-ii\/"]}]},{"@type":"BreadcrumbList","@id":"https:\/\/sindicatodosbancarios.org.br\/site2022\/2019\/09\/19\/informe-bancario-050-2019-congelamento-do-salario-minimo-afeta-34-milhoes-de-segurados-do-inss-parte-ii\/#breadcrumb","itemListElement":[{"@type":"ListItem","position":1,"name":"In\u00edcio","item":"https:\/\/sindicatodosbancarios.org.br\/site2022\/"},{"@type":"ListItem","position":2,"name":"INFORME BANC\u00c1RIO &#8211; 050 \/ 2019 &#8211; CONGELAMENTO DO SAL\u00c1RIO M\u00cdNIMO AFETA 34 MILH\u00d5ES DE SEGURADOS DO INSS &#8211; PARTE II"}]},{"@type":"WebSite","@id":"https:\/\/sindicatodosbancarios.org.br\/site2022\/#website","url":"https:\/\/sindicatodosbancarios.org.br\/site2022\/","name":"Sindicato dos Banc\u00e1rios de S\u00e3o Bento do Sul e Regi\u00e3o","description":"Website institucional do Sindicato dos Banc\u00e1rios de S\u00e3o Bento do Sul e Regi\u00e3o","publisher":{"@id":"https:\/\/sindicatodosbancarios.org.br\/site2022\/#organization"},"potentialAction":[{"@type":"SearchAction","target":{"@type":"EntryPoint","urlTemplate":"https:\/\/sindicatodosbancarios.org.br\/site2022\/?s={search_term_string}"},"query-input":"required name=search_term_string"}],"inLanguage":"pt-BR"},{"@type":"Organization","@id":"https:\/\/sindicatodosbancarios.org.br\/site2022\/#organization","name":"Sindicato dos Banc\u00e1rios de S\u00e3o Bento do Sul e Regi\u00e3o","url":"https:\/\/sindicatodosbancarios.org.br\/site2022\/","logo":{"@type":"ImageObject","inLanguage":"pt-BR","@id":"https:\/\/sindicatodosbancarios.org.br\/site2022\/#\/schema\/logo\/image\/","url":"https:\/\/sindicatodosbancarios.org.br\/site2022\/wp-content\/uploads\/2017\/06\/cropped-logo-2.png","contentUrl":"https:\/\/sindicatodosbancarios.org.br\/site2022\/wp-content\/uploads\/2017\/06\/cropped-logo-2.png","width":292,"height":292,"caption":"Sindicato dos Banc\u00e1rios de S\u00e3o Bento do Sul e Regi\u00e3o"},"image":{"@id":"https:\/\/sindicatodosbancarios.org.br\/site2022\/#\/schema\/logo\/image\/"}},{"@type":"Person","@id":"https:\/\/sindicatodosbancarios.org.br\/site2022\/#\/schema\/person\/a7d92da77d1084df4d28b57962f1e1bd","name":"Sindicato dos Banc\u00e1rios S\u00e3o Bento do Sul e Regi\u00e3o","image":{"@type":"ImageObject","inLanguage":"pt-BR","@id":"https:\/\/sindicatodosbancarios.org.br\/site2022\/#\/schema\/person\/image\/","url":"https:\/\/secure.gravatar.com\/avatar\/f1d1a06f698f2345352e539387180d42?s=96&d=mm&r=g","contentUrl":"https:\/\/secure.gravatar.com\/avatar\/f1d1a06f698f2345352e539387180d42?s=96&d=mm&r=g","caption":"Sindicato dos Banc\u00e1rios S\u00e3o Bento do Sul e Regi\u00e3o"},"sameAs":["http:\/\/sindicatodosbancarios.org.br\/site2022\/","https:\/\/www.facebook.com\/seeb.sbs.9"],"url":"https:\/\/sindicatodosbancarios.org.br\/site2022\/author\/sindicatodosbancarios\/"}]}},"jetpack_featured_media_url":"https:\/\/sindicatodosbancarios.org.br\/site2022\/wp-content\/uploads\/2019\/09\/download-1.jpg","jetpack_sharing_enabled":true,"jetpack_shortlink":"https:\/\/wp.me\/p8RSbI-NZ","jetpack-related-posts":[{"id":5323,"url":"https:\/\/sindicatodosbancarios.org.br\/site2022\/2021\/04\/20\/informe-bancarios-103-2021-governo-propoe-salario-minimo-de-r-1-147-para-2022-sem-aumento-acima-da-inflacao\/","url_meta":{"origin":3099,"position":0},"title":"INFORME BANC\u00c1RIOS \u2013 103\/2021 Governo prop\u00f5e sal\u00e1rio m\u00ednimo de R$ 1.147 para 2022, sem aumento acima da infla\u00e7\u00e3o","date":"20 de abril de 2021","format":false,"excerpt":"Valor consta no projeto da Lei de Diretrizes Or\u00e7ament\u00e1rias divulgado nesta quinta pelo Minist\u00e9rio da Economia. Se aprovado, aumento em rela\u00e7\u00e3o ao m\u00ednimo atual ser\u00e1 de R$ 47. O governo federal prop\u00f4s um\u00a0sal\u00e1rio m\u00ednimo de R$ 1.147 para 2022, segundo o projeto de Lei de Diretrizes Or\u00e7ament\u00e1rias (PLDO) do ano\u2026","rel":"","context":"Em &quot;Geral&quot;","img":{"alt_text":"","src":"https:\/\/i0.wp.com\/sindicatodosbancarios.org.br\/site2022\/wp-content\/uploads\/2021\/04\/13576085165f5f4bf83d334.jpg?resize=350%2C200&ssl=1","width":350,"height":200},"classes":[]},{"id":4671,"url":"https:\/\/sindicatodosbancarios.org.br\/site2022\/2020\/10\/22\/informe-bancario-399-2020-novo-salario-minimo-veja-como-fica-o-valor-da-aposentadoria-do-inss-em-2021\/","url_meta":{"origin":3099,"position":1},"title":"INFORME BANC\u00c1RIO \u2013 399\/2020 Novo sal\u00e1rio m\u00ednimo: Veja como fica o valor da aposentadoria do INSS em 2021","date":"22 de outubro de 2020","format":false,"excerpt":"Com a previs\u00e3o do aumento do piso nacional de R$ 1.045 para R$ 1.069,55, cerca de 35 milh\u00f5es de brasileiros ter\u00e3o reajuste de 2,35% em seus benef\u00edcios. O Governo Federal tem uma nova previs\u00e3o para o\u00a0sal\u00e1rio m\u00ednimo\u00a0em 2021, que deve passar dos atuais R$ 1.045 para R$ 1.069,55. Com o\u00a0reajuste\u2026","rel":"","context":"Em &quot;Geral&quot;","img":{"alt_text":"","src":"https:\/\/i0.wp.com\/sindicatodosbancarios.org.br\/site2022\/wp-content\/uploads\/2020\/07\/imagem_materia.jpg?resize=350%2C200&ssl=1","width":350,"height":200},"classes":[]},{"id":5044,"url":"https:\/\/sindicatodosbancarios.org.br\/site2022\/2021\/01\/20\/informe-bancario-25-2021-salario-minimo-de-2021-definido-pelo-governo-bolsonaro-nao-repoe-inflacao-de-2020\/","url_meta":{"origin":3099,"position":2},"title":"INFORME BANC\u00c1RIO \u2013 25\/2021 Sal\u00e1rio m\u00ednimo de 2021 definido pelo governo Bolsonaro n\u00e3o rep\u00f5e infla\u00e7\u00e3o de 2020","date":"20 de janeiro de 2021","format":false,"excerpt":"O sal\u00e1rio m\u00ednimo de R$ 1.100 em 2021 n\u00e3o rep\u00f5e a infla\u00e7\u00e3o do ano passado. O INPC (\u00cdndice Nacional de Pre\u00e7os ao Consumidor), indicador que corrige o sal\u00e1rio m\u00ednimo, registrou alta de 5,45% em 2020, segundo dados divulgados hoje, acima do reajuste de 5,26% dado no sal\u00e1rio m\u00ednimo. Isso significa\u2026","rel":"","context":"Em &quot;Geral&quot;","img":{"alt_text":"","src":"https:\/\/i0.wp.com\/sindicatodosbancarios.org.br\/site2022\/wp-content\/uploads\/2021\/01\/salario-minimo.jpg?resize=350%2C200&ssl=1","width":350,"height":200},"classes":[]},{"id":4880,"url":"https:\/\/sindicatodosbancarios.org.br\/site2022\/2020\/12\/16\/informe-bancario-461-2020-em-documento-ao-congresso-governo-preve-salario-minimo-em-r-1-088-em-2021\/","url_meta":{"origin":3099,"position":3},"title":"INFORME BANC\u00c1RIO \u2013 461\/2020 Em documento ao Congresso, governo prev\u00ea sal\u00e1rio m\u00ednimo em R$ 1.088 em 2021","date":"16 de dezembro de 2020","format":false,"excerpt":"O governo prev\u00ea que o sal\u00e1rio m\u00ednimo ficar\u00e1 em R$ 1.088 em 2021. A nova estimativa consta em of\u00edcio encaminhado ao Congresso Nacional para revisar as metas e proje\u00e7\u00f5es fiscais para o ano que vem. Em 15 de abril, quando encaminhou a proposta de Lei de Diretrizes Or\u00e7ament\u00e1rias (LDO), o\u2026","rel":"","context":"Em &quot;Geral&quot;","img":{"alt_text":"","src":"https:\/\/i0.wp.com\/sindicatodosbancarios.org.br\/site2022\/wp-content\/uploads\/2020\/12\/salario-minimo-nao-tera-aumento-depois-de-25-anos.jpg?resize=350%2C200&ssl=1","width":350,"height":200},"classes":[]},{"id":4460,"url":"https:\/\/sindicatodosbancarios.org.br\/site2022\/2020\/09\/10\/informe-bancario-335-2020-governo-revela-novo-salario-minimo-para-2021-veja-o-valor\/","url_meta":{"origin":3099,"position":4},"title":"INFORME BANC\u00c1RIO \u2013 335\/2020 Governo revela novo SAL\u00c1RIO m\u00ednimo para 2021; veja o valor","date":"10 de setembro de 2020","format":false,"excerpt":"O novo valor representa um aumento de R$22 em rela\u00e7\u00e3o ao sal\u00e1rio m\u00ednimo atual, de R$1.045. De acordo com o texto da proposta de\u00a0Or\u00e7amento de 2021, apresentado na \u00faltima segunda-feira, 31 de agosto, o sal\u00e1rio m\u00ednimo proposto pelo\u00a0Governo Federal\u00a0\u00e9 de\u00a0R$1.067\u00a0para 2021. O novo valor representa um aumento de\u00a0R$22\u00a0em rela\u00e7\u00e3o ao\u2026","rel":"","context":"Em &quot;Geral&quot;","img":{"alt_text":"","src":"https:\/\/i0.wp.com\/sindicatodosbancarios.org.br\/site2022\/wp-content\/uploads\/2020\/06\/mei-aposentadoria1.jpg?resize=350%2C200&ssl=1","width":350,"height":200},"classes":[]},{"id":4649,"url":"https:\/\/sindicatodosbancarios.org.br\/site2022\/2020\/10\/15\/informe-bancario-392-2020-bpc-aposentadoria-e-demais-beneficios-do-inss-saiba-quanto-voce-ira-receber-em-2021\/","url_meta":{"origin":3099,"position":5},"title":"INFORME BANC\u00c1RIO \u2013 392\/2020 BPC, aposentadoria e demais benef\u00edcios do INSS: Saiba quanto voc\u00ea ir\u00e1 receber em 2021","date":"15 de outubro de 2020","format":false,"excerpt":"A equipe econ\u00f4mica liderada pelo ministro Paulo Guedes j\u00e1 definiu o aumento dos benef\u00edcios previdenci\u00e1rios para o ano que vem. O valor do\u00a0sal\u00e1rio m\u00ednimo de 2021\u00a0j\u00e1 foi definido pelo Governo Federal e enviado ao Congresso para aprova\u00e7\u00e3o. Sem aumento real, o sal\u00e1rio m\u00ednimo que atualmente \u00e9 de R$ 1.045 passar\u00e1\u2026","rel":"","context":"Em &quot;Geral&quot;","img":{"alt_text":"","src":"https:\/\/i0.wp.com\/sindicatodosbancarios.org.br\/site2022\/wp-content\/uploads\/2020\/06\/mei-aposentadoria1.jpg?resize=350%2C200&ssl=1","width":350,"height":200},"classes":[]}],"_links":{"self":[{"href":"https:\/\/sindicatodosbancarios.org.br\/site2022\/wp-json\/wp\/v2\/posts\/3099"}],"collection":[{"href":"https:\/\/sindicatodosbancarios.org.br\/site2022\/wp-json\/wp\/v2\/posts"}],"about":[{"href":"https:\/\/sindicatodosbancarios.org.br\/site2022\/wp-json\/wp\/v2\/types\/post"}],"author":[{"embeddable":true,"href":"https:\/\/sindicatodosbancarios.org.br\/site2022\/wp-json\/wp\/v2\/users\/2"}],"replies":[{"embeddable":true,"href":"https:\/\/sindicatodosbancarios.org.br\/site2022\/wp-json\/wp\/v2\/comments?post=3099"}],"version-history":[{"count":1,"href":"https:\/\/sindicatodosbancarios.org.br\/site2022\/wp-json\/wp\/v2\/posts\/3099\/revisions"}],"predecessor-version":[{"id":3100,"href":"https:\/\/sindicatodosbancarios.org.br\/site2022\/wp-json\/wp\/v2\/posts\/3099\/revisions\/3100"}],"wp:featuredmedia":[{"embeddable":true,"href":"https:\/\/sindicatodosbancarios.org.br\/site2022\/wp-json\/wp\/v2\/media\/3095"}],"wp:attachment":[{"href":"https:\/\/sindicatodosbancarios.org.br\/site2022\/wp-json\/wp\/v2\/media?parent=3099"}],"wp:term":[{"taxonomy":"category","embeddable":true,"href":"https:\/\/sindicatodosbancarios.org.br\/site2022\/wp-json\/wp\/v2\/categories?post=3099"},{"taxonomy":"post_tag","embeddable":true,"href":"https:\/\/sindicatodosbancarios.org.br\/site2022\/wp-json\/wp\/v2\/tags?post=3099"}],"curies":[{"name":"wp","href":"https:\/\/api.w.org\/{rel}","templated":true}]}}