{"id":3105,"date":"2019-10-21T14:29:12","date_gmt":"2019-10-21T17:29:12","guid":{"rendered":"https:\/\/sindicatodosbancarios.org.br\/?p=3105"},"modified":"2019-10-21T14:29:12","modified_gmt":"2019-10-21T17:29:12","slug":"banco-do-brasil-e-campeao-de-futebol-suico-bancario-2019","status":"publish","type":"post","link":"https:\/\/sindicatodosbancarios.org.br\/site2022\/2019\/10\/21\/banco-do-brasil-e-campeao-de-futebol-suico-bancario-2019\/","title":{"rendered":"BANCO DO BRASIL \u00c9 CAMPE\u00c3O DE FUTEBOL SUI\u00c7O BANC\u00c1RIO &#8211; 2019"},"content":{"rendered":"<p>O Banco do Brasil sagrou-se campe\u00e3o do Torneio de Futebol Sui\u00e7o &#8211; 2019, realizado pelo Sindicato dos Banc\u00e1rios de S\u00e3o Bento do Sul e Regi\u00e3o.<\/p>\n<p>Na final a equipe do BB fez 2 x 0 na Equipe Santander \/ CEF, sagrando-se campe\u00e3o do Futebol Sui\u00e7o Banc\u00e1rio. Para chegar ao titulo o Banco do Brasil, ainda,\u00a0 derrotou nos p\u00eanaltis a equipe do Bradesco, ap\u00f3s o empate de 1 x 1 no tempo normal.<\/p>\n<p>Os Jogos Banc\u00e1rios tamb\u00e9m teve a disputa da modalidade de truco que teve o seguinte resultado: Dupla Campe\u00e3 (Michel \/ Tiago- Bradesco); vice: L\u00e9o \/ Jonas &#8211; Bradesco); 3\u00ba lugar &#8211; (Tadeu \/ Adriano &#8211; Banco do Brasil).<\/p>\n<p>Os jogos foram realizados na quadra de futebol da Associa\u00e7\u00e3o de Moradores e na ARBANC, no dia 05\/10\/2019. A arbitragem ficou a cargo da Globo Eventos.<\/p>\n<p>&nbsp;<\/p>\n","protected":false},"excerpt":{"rendered":"<p>O Banco do Brasil sagrou-se campe\u00e3o do Torneio de Futebol Sui\u00e7o &#8211; 2019, realizado pelo Sindicato dos Banc\u00e1rios [&hellip;]<\/p>\n","protected":false},"author":2,"featured_media":3106,"comment_status":"open","ping_status":"open","sticky":false,"template":"","format":"standard","meta":{"jetpack_post_was_ever_published":false,"jetpack_publicize_message":"","jetpack_is_tweetstorm":false,"jetpack_publicize_feature_enabled":true,"jetpack_social_post_already_shared":true,"jetpack_social_options":[]},"categories":[1],"tags":[],"jetpack_publicize_connections":[],"acf":[],"yoast_head":"<!-- This site is optimized with the Yoast SEO plugin v19.14 - https:\/\/yoast.com\/wordpress\/plugins\/seo\/ -->\n<title>BANCO DO BRASIL \u00c9 CAMPE\u00c3O DE FUTEBOL SUI\u00c7O BANC\u00c1RIO - 2019 - Sindicato dos Banc\u00e1rios de S\u00e3o Bento do Sul e Regi\u00e3o<\/title>\n<meta name=\"robots\" content=\"index, follow, max-snippet:-1, max-image-preview:large, max-video-preview:-1\" \/>\n<link rel=\"canonical\" href=\"https:\/\/sindicatodosbancarios.org.br\/site2022\/2019\/10\/21\/banco-do-brasil-e-campeao-de-futebol-suico-bancario-2019\/\" \/>\n<meta property=\"og:locale\" content=\"pt_BR\" \/>\n<meta property=\"og:type\" content=\"article\" \/>\n<meta property=\"og:title\" content=\"BANCO DO BRASIL \u00c9 CAMPE\u00c3O DE FUTEBOL SUI\u00c7O BANC\u00c1RIO - 2019 - Sindicato dos Banc\u00e1rios de S\u00e3o Bento do Sul e Regi\u00e3o\" \/>\n<meta property=\"og:description\" content=\"O Banco do Brasil sagrou-se campe\u00e3o do Torneio de Futebol Sui\u00e7o &#8211; 2019, realizado pelo Sindicato dos Banc\u00e1rios [&hellip;]\" \/>\n<meta property=\"og:url\" content=\"https:\/\/sindicatodosbancarios.org.br\/site2022\/2019\/10\/21\/banco-do-brasil-e-campeao-de-futebol-suico-bancario-2019\/\" \/>\n<meta property=\"og:site_name\" content=\"Sindicato dos Banc\u00e1rios de S\u00e3o Bento do Sul e Regi\u00e3o\" \/>\n<meta property=\"article:author\" content=\"https:\/\/www.facebook.com\/seeb.sbs.9\" \/>\n<meta property=\"article:published_time\" content=\"2019-10-21T17:29:12+00:00\" \/>\n<meta property=\"og:image\" content=\"https:\/\/sindicatodosbancarios.org.br\/site2022\/wp-content\/uploads\/2019\/10\/IMG-20191005-WA0004.jpg\" \/>\n\t<meta property=\"og:image:width\" content=\"1024\" \/>\n\t<meta property=\"og:image:height\" content=\"768\" \/>\n\t<meta property=\"og:image:type\" content=\"image\/jpeg\" \/>\n<meta name=\"author\" content=\"Sindicato dos Banc\u00e1rios S\u00e3o Bento do Sul e Regi\u00e3o\" \/>\n<meta name=\"twitter:card\" content=\"summary_large_image\" \/>\n<meta name=\"twitter:label1\" content=\"Escrito por\" \/>\n\t<meta name=\"twitter:data1\" content=\"Sindicato dos Banc\u00e1rios S\u00e3o Bento do Sul e Regi\u00e3o\" \/>\n\t<meta name=\"twitter:label2\" content=\"Est. tempo de leitura\" \/>\n\t<meta name=\"twitter:data2\" content=\"1 minuto\" \/>\n<script type=\"application\/ld+json\" class=\"yoast-schema-graph\">{\"@context\":\"https:\/\/schema.org\",\"@graph\":[{\"@type\":\"Article\",\"@id\":\"https:\/\/sindicatodosbancarios.org.br\/site2022\/2019\/10\/21\/banco-do-brasil-e-campeao-de-futebol-suico-bancario-2019\/#article\",\"isPartOf\":{\"@id\":\"https:\/\/sindicatodosbancarios.org.br\/site2022\/2019\/10\/21\/banco-do-brasil-e-campeao-de-futebol-suico-bancario-2019\/\"},\"author\":{\"name\":\"Sindicato dos Banc\u00e1rios S\u00e3o Bento do Sul e Regi\u00e3o\",\"@id\":\"https:\/\/sindicatodosbancarios.org.br\/site2022\/#\/schema\/person\/a7d92da77d1084df4d28b57962f1e1bd\"},\"headline\":\"BANCO DO BRASIL \u00c9 CAMPE\u00c3O DE FUTEBOL SUI\u00c7O BANC\u00c1RIO &#8211; 2019\",\"datePublished\":\"2019-10-21T17:29:12+00:00\",\"dateModified\":\"2019-10-21T17:29:12+00:00\",\"mainEntityOfPage\":{\"@id\":\"https:\/\/sindicatodosbancarios.org.br\/site2022\/2019\/10\/21\/banco-do-brasil-e-campeao-de-futebol-suico-bancario-2019\/\"},\"wordCount\":152,\"commentCount\":0,\"publisher\":{\"@id\":\"https:\/\/sindicatodosbancarios.org.br\/site2022\/#organization\"},\"articleSection\":[\"Geral\"],\"inLanguage\":\"pt-BR\",\"potentialAction\":[{\"@type\":\"CommentAction\",\"name\":\"Comment\",\"target\":[\"https:\/\/sindicatodosbancarios.org.br\/site2022\/2019\/10\/21\/banco-do-brasil-e-campeao-de-futebol-suico-bancario-2019\/#respond\"]}]},{\"@type\":\"WebPage\",\"@id\":\"https:\/\/sindicatodosbancarios.org.br\/site2022\/2019\/10\/21\/banco-do-brasil-e-campeao-de-futebol-suico-bancario-2019\/\",\"url\":\"https:\/\/sindicatodosbancarios.org.br\/site2022\/2019\/10\/21\/banco-do-brasil-e-campeao-de-futebol-suico-bancario-2019\/\",\"name\":\"BANCO DO BRASIL \u00c9 CAMPE\u00c3O DE FUTEBOL SUI\u00c7O BANC\u00c1RIO - 2019 - Sindicato dos Banc\u00e1rios de S\u00e3o Bento do Sul e Regi\u00e3o\",\"isPartOf\":{\"@id\":\"https:\/\/sindicatodosbancarios.org.br\/site2022\/#website\"},\"datePublished\":\"2019-10-21T17:29:12+00:00\",\"dateModified\":\"2019-10-21T17:29:12+00:00\",\"breadcrumb\":{\"@id\":\"https:\/\/sindicatodosbancarios.org.br\/site2022\/2019\/10\/21\/banco-do-brasil-e-campeao-de-futebol-suico-bancario-2019\/#breadcrumb\"},\"inLanguage\":\"pt-BR\",\"potentialAction\":[{\"@type\":\"ReadAction\",\"target\":[\"https:\/\/sindicatodosbancarios.org.br\/site2022\/2019\/10\/21\/banco-do-brasil-e-campeao-de-futebol-suico-bancario-2019\/\"]}]},{\"@type\":\"BreadcrumbList\",\"@id\":\"https:\/\/sindicatodosbancarios.org.br\/site2022\/2019\/10\/21\/banco-do-brasil-e-campeao-de-futebol-suico-bancario-2019\/#breadcrumb\",\"itemListElement\":[{\"@type\":\"ListItem\",\"position\":1,\"name\":\"In\u00edcio\",\"item\":\"https:\/\/sindicatodosbancarios.org.br\/site2022\/\"},{\"@type\":\"ListItem\",\"position\":2,\"name\":\"BANCO DO BRASIL \u00c9 CAMPE\u00c3O DE FUTEBOL SUI\u00c7O BANC\u00c1RIO &#8211; 2019\"}]},{\"@type\":\"WebSite\",\"@id\":\"https:\/\/sindicatodosbancarios.org.br\/site2022\/#website\",\"url\":\"https:\/\/sindicatodosbancarios.org.br\/site2022\/\",\"name\":\"Sindicato dos Banc\u00e1rios de S\u00e3o Bento do Sul e Regi\u00e3o\",\"description\":\"Website institucional do Sindicato dos Banc\u00e1rios de S\u00e3o Bento do Sul e Regi\u00e3o\",\"publisher\":{\"@id\":\"https:\/\/sindicatodosbancarios.org.br\/site2022\/#organization\"},\"potentialAction\":[{\"@type\":\"SearchAction\",\"target\":{\"@type\":\"EntryPoint\",\"urlTemplate\":\"https:\/\/sindicatodosbancarios.org.br\/site2022\/?s={search_term_string}\"},\"query-input\":\"required name=search_term_string\"}],\"inLanguage\":\"pt-BR\"},{\"@type\":\"Organization\",\"@id\":\"https:\/\/sindicatodosbancarios.org.br\/site2022\/#organization\",\"name\":\"Sindicato dos Banc\u00e1rios de S\u00e3o Bento do Sul e Regi\u00e3o\",\"url\":\"https:\/\/sindicatodosbancarios.org.br\/site2022\/\",\"logo\":{\"@type\":\"ImageObject\",\"inLanguage\":\"pt-BR\",\"@id\":\"https:\/\/sindicatodosbancarios.org.br\/site2022\/#\/schema\/logo\/image\/\",\"url\":\"https:\/\/sindicatodosbancarios.org.br\/site2022\/wp-content\/uploads\/2017\/06\/cropped-logo-2.png\",\"contentUrl\":\"https:\/\/sindicatodosbancarios.org.br\/site2022\/wp-content\/uploads\/2017\/06\/cropped-logo-2.png\",\"width\":292,\"height\":292,\"caption\":\"Sindicato dos Banc\u00e1rios de S\u00e3o Bento do Sul e Regi\u00e3o\"},\"image\":{\"@id\":\"https:\/\/sindicatodosbancarios.org.br\/site2022\/#\/schema\/logo\/image\/\"}},{\"@type\":\"Person\",\"@id\":\"https:\/\/sindicatodosbancarios.org.br\/site2022\/#\/schema\/person\/a7d92da77d1084df4d28b57962f1e1bd\",\"name\":\"Sindicato dos Banc\u00e1rios S\u00e3o Bento do Sul e Regi\u00e3o\",\"image\":{\"@type\":\"ImageObject\",\"inLanguage\":\"pt-BR\",\"@id\":\"https:\/\/sindicatodosbancarios.org.br\/site2022\/#\/schema\/person\/image\/\",\"url\":\"https:\/\/secure.gravatar.com\/avatar\/f1d1a06f698f2345352e539387180d42?s=96&d=mm&r=g\",\"contentUrl\":\"https:\/\/secure.gravatar.com\/avatar\/f1d1a06f698f2345352e539387180d42?s=96&d=mm&r=g\",\"caption\":\"Sindicato dos Banc\u00e1rios S\u00e3o Bento do Sul e Regi\u00e3o\"},\"sameAs\":[\"http:\/\/sindicatodosbancarios.org.br\/site2022\/\",\"https:\/\/www.facebook.com\/seeb.sbs.9\"],\"url\":\"https:\/\/sindicatodosbancarios.org.br\/site2022\/author\/sindicatodosbancarios\/\"}]}<\/script>\n<!-- \/ Yoast SEO plugin. -->","yoast_head_json":{"title":"BANCO DO BRASIL \u00c9 CAMPE\u00c3O DE FUTEBOL SUI\u00c7O BANC\u00c1RIO - 2019 - Sindicato dos Banc\u00e1rios de S\u00e3o Bento do Sul e Regi\u00e3o","robots":{"index":"index","follow":"follow","max-snippet":"max-snippet:-1","max-image-preview":"max-image-preview:large","max-video-preview":"max-video-preview:-1"},"canonical":"https:\/\/sindicatodosbancarios.org.br\/site2022\/2019\/10\/21\/banco-do-brasil-e-campeao-de-futebol-suico-bancario-2019\/","og_locale":"pt_BR","og_type":"article","og_title":"BANCO DO BRASIL \u00c9 CAMPE\u00c3O DE FUTEBOL SUI\u00c7O BANC\u00c1RIO - 2019 - Sindicato dos Banc\u00e1rios de S\u00e3o Bento do Sul e Regi\u00e3o","og_description":"O Banco do Brasil sagrou-se campe\u00e3o do Torneio de Futebol Sui\u00e7o &#8211; 2019, realizado pelo Sindicato dos Banc\u00e1rios [&hellip;]","og_url":"https:\/\/sindicatodosbancarios.org.br\/site2022\/2019\/10\/21\/banco-do-brasil-e-campeao-de-futebol-suico-bancario-2019\/","og_site_name":"Sindicato dos Banc\u00e1rios de S\u00e3o Bento do Sul e Regi\u00e3o","article_author":"https:\/\/www.facebook.com\/seeb.sbs.9","article_published_time":"2019-10-21T17:29:12+00:00","og_image":[{"width":1024,"height":768,"url":"https:\/\/sindicatodosbancarios.org.br\/site2022\/wp-content\/uploads\/2019\/10\/IMG-20191005-WA0004.jpg","type":"image\/jpeg"}],"author":"Sindicato dos Banc\u00e1rios S\u00e3o Bento do Sul e Regi\u00e3o","twitter_card":"summary_large_image","twitter_misc":{"Escrito por":"Sindicato dos Banc\u00e1rios S\u00e3o Bento do Sul e Regi\u00e3o","Est. tempo de leitura":"1 minuto"},"schema":{"@context":"https:\/\/schema.org","@graph":[{"@type":"Article","@id":"https:\/\/sindicatodosbancarios.org.br\/site2022\/2019\/10\/21\/banco-do-brasil-e-campeao-de-futebol-suico-bancario-2019\/#article","isPartOf":{"@id":"https:\/\/sindicatodosbancarios.org.br\/site2022\/2019\/10\/21\/banco-do-brasil-e-campeao-de-futebol-suico-bancario-2019\/"},"author":{"name":"Sindicato dos Banc\u00e1rios S\u00e3o Bento do Sul e Regi\u00e3o","@id":"https:\/\/sindicatodosbancarios.org.br\/site2022\/#\/schema\/person\/a7d92da77d1084df4d28b57962f1e1bd"},"headline":"BANCO DO BRASIL \u00c9 CAMPE\u00c3O DE FUTEBOL SUI\u00c7O BANC\u00c1RIO &#8211; 2019","datePublished":"2019-10-21T17:29:12+00:00","dateModified":"2019-10-21T17:29:12+00:00","mainEntityOfPage":{"@id":"https:\/\/sindicatodosbancarios.org.br\/site2022\/2019\/10\/21\/banco-do-brasil-e-campeao-de-futebol-suico-bancario-2019\/"},"wordCount":152,"commentCount":0,"publisher":{"@id":"https:\/\/sindicatodosbancarios.org.br\/site2022\/#organization"},"articleSection":["Geral"],"inLanguage":"pt-BR","potentialAction":[{"@type":"CommentAction","name":"Comment","target":["https:\/\/sindicatodosbancarios.org.br\/site2022\/2019\/10\/21\/banco-do-brasil-e-campeao-de-futebol-suico-bancario-2019\/#respond"]}]},{"@type":"WebPage","@id":"https:\/\/sindicatodosbancarios.org.br\/site2022\/2019\/10\/21\/banco-do-brasil-e-campeao-de-futebol-suico-bancario-2019\/","url":"https:\/\/sindicatodosbancarios.org.br\/site2022\/2019\/10\/21\/banco-do-brasil-e-campeao-de-futebol-suico-bancario-2019\/","name":"BANCO DO BRASIL \u00c9 CAMPE\u00c3O DE FUTEBOL SUI\u00c7O BANC\u00c1RIO - 2019 - Sindicato dos Banc\u00e1rios de S\u00e3o Bento do Sul e Regi\u00e3o","isPartOf":{"@id":"https:\/\/sindicatodosbancarios.org.br\/site2022\/#website"},"datePublished":"2019-10-21T17:29:12+00:00","dateModified":"2019-10-21T17:29:12+00:00","breadcrumb":{"@id":"https:\/\/sindicatodosbancarios.org.br\/site2022\/2019\/10\/21\/banco-do-brasil-e-campeao-de-futebol-suico-bancario-2019\/#breadcrumb"},"inLanguage":"pt-BR","potentialAction":[{"@type":"ReadAction","target":["https:\/\/sindicatodosbancarios.org.br\/site2022\/2019\/10\/21\/banco-do-brasil-e-campeao-de-futebol-suico-bancario-2019\/"]}]},{"@type":"BreadcrumbList","@id":"https:\/\/sindicatodosbancarios.org.br\/site2022\/2019\/10\/21\/banco-do-brasil-e-campeao-de-futebol-suico-bancario-2019\/#breadcrumb","itemListElement":[{"@type":"ListItem","position":1,"name":"In\u00edcio","item":"https:\/\/sindicatodosbancarios.org.br\/site2022\/"},{"@type":"ListItem","position":2,"name":"BANCO DO BRASIL \u00c9 CAMPE\u00c3O DE FUTEBOL SUI\u00c7O BANC\u00c1RIO &#8211; 2019"}]},{"@type":"WebSite","@id":"https:\/\/sindicatodosbancarios.org.br\/site2022\/#website","url":"https:\/\/sindicatodosbancarios.org.br\/site2022\/","name":"Sindicato dos Banc\u00e1rios de S\u00e3o Bento do Sul e Regi\u00e3o","description":"Website institucional do Sindicato dos Banc\u00e1rios de S\u00e3o Bento do Sul e Regi\u00e3o","publisher":{"@id":"https:\/\/sindicatodosbancarios.org.br\/site2022\/#organization"},"potentialAction":[{"@type":"SearchAction","target":{"@type":"EntryPoint","urlTemplate":"https:\/\/sindicatodosbancarios.org.br\/site2022\/?s={search_term_string}"},"query-input":"required name=search_term_string"}],"inLanguage":"pt-BR"},{"@type":"Organization","@id":"https:\/\/sindicatodosbancarios.org.br\/site2022\/#organization","name":"Sindicato dos Banc\u00e1rios de S\u00e3o Bento do Sul e Regi\u00e3o","url":"https:\/\/sindicatodosbancarios.org.br\/site2022\/","logo":{"@type":"ImageObject","inLanguage":"pt-BR","@id":"https:\/\/sindicatodosbancarios.org.br\/site2022\/#\/schema\/logo\/image\/","url":"https:\/\/sindicatodosbancarios.org.br\/site2022\/wp-content\/uploads\/2017\/06\/cropped-logo-2.png","contentUrl":"https:\/\/sindicatodosbancarios.org.br\/site2022\/wp-content\/uploads\/2017\/06\/cropped-logo-2.png","width":292,"height":292,"caption":"Sindicato dos Banc\u00e1rios de S\u00e3o Bento do Sul e Regi\u00e3o"},"image":{"@id":"https:\/\/sindicatodosbancarios.org.br\/site2022\/#\/schema\/logo\/image\/"}},{"@type":"Person","@id":"https:\/\/sindicatodosbancarios.org.br\/site2022\/#\/schema\/person\/a7d92da77d1084df4d28b57962f1e1bd","name":"Sindicato dos Banc\u00e1rios S\u00e3o Bento do Sul e Regi\u00e3o","image":{"@type":"ImageObject","inLanguage":"pt-BR","@id":"https:\/\/sindicatodosbancarios.org.br\/site2022\/#\/schema\/person\/image\/","url":"https:\/\/secure.gravatar.com\/avatar\/f1d1a06f698f2345352e539387180d42?s=96&d=mm&r=g","contentUrl":"https:\/\/secure.gravatar.com\/avatar\/f1d1a06f698f2345352e539387180d42?s=96&d=mm&r=g","caption":"Sindicato dos Banc\u00e1rios S\u00e3o Bento do Sul e Regi\u00e3o"},"sameAs":["http:\/\/sindicatodosbancarios.org.br\/site2022\/","https:\/\/www.facebook.com\/seeb.sbs.9"],"url":"https:\/\/sindicatodosbancarios.org.br\/site2022\/author\/sindicatodosbancarios\/"}]}},"jetpack_featured_media_url":"https:\/\/sindicatodosbancarios.org.br\/site2022\/wp-content\/uploads\/2019\/10\/IMG-20191005-WA0004.jpg","jetpack_sharing_enabled":true,"jetpack_shortlink":"https:\/\/wp.me\/p8RSbI-O5","jetpack-related-posts":[{"id":5971,"url":"https:\/\/sindicatodosbancarios.org.br\/site2022\/2022\/03\/29\/bancarios-homenageiam-adao-de-oliveira-inauguracao-quadras-esportivas-arbanc\/","url_meta":{"origin":3105,"position":0},"title":"BANC\u00c1RIOS HOMENAGEIAM AD\u00c3O DE OLIVEIRA &#8211; INAUGURA\u00c7\u00c3O QUADRAS ESPORTIVAS &#8211; ARBANC","date":"29 de mar\u00e7o de 2022","format":false,"excerpt":"No \u00faltimo dia 26 de mar\u00e7o, banc\u00e1rios da regi\u00e3o estiveram reunidos na sede da Associa\u00e7\u00e3o Recreativa dos Banc\u00e1rios \u201cJos\u00e9 Ilton Belli\u201d \u2013 ARBANC, localizada no Bairro Bras\u00edlia para uma confraterniza\u00e7\u00e3o e a inaugura\u00e7\u00e3o das quadras de futebol society e v\u00f4lei de areia. Na ocasi\u00e3o foi realizada a homenagem ao ex-banc\u00e1rio\u2026","rel":"","context":"Em &quot;Banco do Brasil&quot;","img":{"alt_text":"","src":"https:\/\/i0.wp.com\/sindicatodosbancarios.org.br\/site2022\/wp-content\/uploads\/2022\/03\/DSC_3974.jpg?resize=350%2C200&ssl=1","width":350,"height":200},"classes":[]},{"id":4213,"url":"https:\/\/sindicatodosbancarios.org.br\/site2022\/2020\/08\/05\/informe-bancario-278-2020-executivo-escolhido-para-presidencia-do-banco-do-brasil-andre-brandao-deve-acelerar-venda-de-ativos\/","url_meta":{"origin":3105,"position":1},"title":"INFORME BANC\u00c1RIO \u2013 278\/2020 Executivo escolhido para presid\u00eancia do Banco do Brasil, Andr\u00e9 Brand\u00e3o deve acelerar venda de ativos","date":"5 de agosto de 2020","format":false,"excerpt":"Essa \u00e9 uma das agendas priorit\u00e1rias para equipe econ\u00f4mica; gest\u00e3o atual teria deixado a desejar nesse quesito, al\u00e9m de ter sido prejudicada pela pandemia. Embora seja mais conhecido pelo trabalho em banco de investimento do que no segmento de varejo, o escolhido para presidir o Banco do Brasil, Andr\u00e9 Brand\u00e3o,\u2026","rel":"","context":"Em &quot;Banco do Brasil&quot;","img":{"alt_text":"","src":"https:\/\/i0.wp.com\/sindicatodosbancarios.org.br\/site2022\/wp-content\/uploads\/2020\/08\/banco-do-brasil-1.jpg?resize=350%2C200&ssl=1","width":350,"height":200},"classes":[]},{"id":4883,"url":"https:\/\/sindicatodosbancarios.org.br\/site2022\/2020\/12\/16\/informe-bancario-462-2020-bradesco-mantem-sede-vazia-e-testa-funcionarios\/","url_meta":{"origin":3105,"position":2},"title":"INFORME BANC\u00c1RIO \u2013 462\/2020 Bradesco mant\u00e9m sede vazia e testa funcion\u00e1rios","date":"16 de dezembro de 2020","format":false,"excerpt":"Com 215 mil metros quadrados e acostumada a receber um p\u00fablico di\u00e1rio de 13 mil pessoas, a Cidade de Deus \u00e9 frequentada hoje por, no m\u00e1ximo, 620 funcion\u00e1rios do Bradesco, que se revezam na ida \u00e0 sede do banco, em Osasco, por conta da pandemia. S\u00e3o menos de 5% do\u2026","rel":"","context":"Em &quot;Bradesco\/HSBC&quot;","img":{"alt_text":"","src":"https:\/\/i0.wp.com\/sindicatodosbancarios.org.br\/site2022\/wp-content\/uploads\/2020\/11\/resultados-bradesco-bbdc4.jpg?resize=350%2C200&ssl=1","width":350,"height":200},"classes":[]},{"id":4414,"url":"https:\/\/sindicatodosbancarios.org.br\/site2022\/2020\/09\/01\/informe-bancario-322-20-bancarios-de-sao-bento-do-sul-aprovam-propostas-da-fenaban-banco-do-brasil-e-caixa-economica-federal\/","url_meta":{"origin":3105,"position":3},"title":"INFORME BANC\u00c1RIO \u2013 322\/20 &#8211; BANC\u00c1RIOS DE S\u00c3O BENTO DO SUL APROVAM PROPOSTAS DA FENABAN, BANCO DO BRASIL E CAIXA ECON\u00d4MICA FEDERAL","date":"1 de setembro de 2020","format":false,"excerpt":"Em Assembleia Geral Extraordin\u00e1ria Permanente (virtual), realizada no dia 31\/08\/2020, que teve a manifesta\u00e7\u00e3o de 74,1% dos trabalhadores banc\u00e1rios de S\u00e3o Bento do Sul e Regi\u00e3o, lotados nos Bancos Privados (Bradesco, Ita\u00fa Unibanco e Santander), e Bancos P\u00fablicos\u00a0 (Banco do Brasil e da Caixa Econ\u00f4mica Federal), sendo aprovada por 70%,\u2026","rel":"","context":"Em &quot;Geral&quot;","img":{"alt_text":"","src":"https:\/\/i0.wp.com\/sindicatodosbancarios.org.br\/site2022\/wp-content\/uploads\/2020\/06\/14075221_1290736954292390_1513991368_o-1.jpg?resize=350%2C200&ssl=1","width":350,"height":200},"classes":[]},{"id":5715,"url":"https:\/\/sindicatodosbancarios.org.br\/site2022\/2021\/09\/24\/informe-bancario-224-2021-bradesco-anuncia-retorno-aos-escritorios-a-partir-de-4-de-outubro\/","url_meta":{"origin":3105,"position":4},"title":"INFORME BANC\u00c1RIO \u2013 224\/2021 Bradesco anuncia retorno aos escrit\u00f3rios a partir de 4 de outubro","date":"24 de setembro de 2021","format":false,"excerpt":"O\u00a0Bradesco\u00a0(BBDC4) anunciou nesta quinta-feira o retorno gradual ao trabalho presencial em 4 de outubro, uma vez que a pandemia da\u00a0Covid-19\u00a0vem perdendo for\u00e7a diante das campanhas de vacina\u00e7\u00e3o no pa\u00eds. \u201cO processo ser\u00e1 implementado de forma segura, gradativa e respeitando os protocolos de sa\u00fade e seguran\u00e7a, de acordo com o avan\u00e7o\u2026","rel":"","context":"Em &quot;Bradesco\/HSBC&quot;","img":{"alt_text":"","src":"https:\/\/i0.wp.com\/sindicatodosbancarios.org.br\/site2022\/wp-content\/uploads\/2021\/04\/bradesco.jpg?resize=350%2C200&ssl=1","width":350,"height":200},"classes":[]},{"id":4497,"url":"https:\/\/sindicatodosbancarios.org.br\/site2022\/2020\/09\/14\/informe-bancario-348-2020-banco-bradesco-sa-pagara-plr-na-quinta-17-09-20\/","url_meta":{"origin":3105,"position":5},"title":"INFORME BANC\u00c1RIO \u2013 348\/2020 BANCO BRADESCO SA, PAGAR\u00c1 PLR NA QUINTA 17\/09\/20","date":"14 de setembro de 2020","format":false,"excerpt":"Atendendo as reivindica\u00e7\u00f5es do Movimento Sindical Banc\u00e1rio, o Banco Bradesco SA, pagar\u00e1 a PLR no dia 17\/09\/20. Banco tamb\u00e9m informou que far\u00e1 o cr\u00e9dito da 13\u00aa cesta alimenta\u00e7\u00e3o no dia 28\/09\/20, mesma data em que ser\u00e3o pagos os vales alimenta\u00e7\u00e3o e refei\u00e7\u00e3o. Abono de R$ 2 mil, conquistado na Campanha\u2026","rel":"","context":"Em &quot;Bradesco\/HSBC&quot;","img":{"alt_text":"","src":"https:\/\/i0.wp.com\/sindicatodosbancarios.org.br\/site2022\/wp-content\/uploads\/2020\/07\/bradesco-anuncia-uma-modernizacao-de-sua-marca-1541452912545_v2_1920x1357.jpg?resize=350%2C200&ssl=1","width":350,"height":200},"classes":[]}],"_links":{"self":[{"href":"https:\/\/sindicatodosbancarios.org.br\/site2022\/wp-json\/wp\/v2\/posts\/3105"}],"collection":[{"href":"https:\/\/sindicatodosbancarios.org.br\/site2022\/wp-json\/wp\/v2\/posts"}],"about":[{"href":"https:\/\/sindicatodosbancarios.org.br\/site2022\/wp-json\/wp\/v2\/types\/post"}],"author":[{"embeddable":true,"href":"https:\/\/sindicatodosbancarios.org.br\/site2022\/wp-json\/wp\/v2\/users\/2"}],"replies":[{"embeddable":true,"href":"https:\/\/sindicatodosbancarios.org.br\/site2022\/wp-json\/wp\/v2\/comments?post=3105"}],"version-history":[{"count":1,"href":"https:\/\/sindicatodosbancarios.org.br\/site2022\/wp-json\/wp\/v2\/posts\/3105\/revisions"}],"predecessor-version":[{"id":3109,"href":"https:\/\/sindicatodosbancarios.org.br\/site2022\/wp-json\/wp\/v2\/posts\/3105\/revisions\/3109"}],"wp:featuredmedia":[{"embeddable":true,"href":"https:\/\/sindicatodosbancarios.org.br\/site2022\/wp-json\/wp\/v2\/media\/3106"}],"wp:attachment":[{"href":"https:\/\/sindicatodosbancarios.org.br\/site2022\/wp-json\/wp\/v2\/media?parent=3105"}],"wp:term":[{"taxonomy":"category","embeddable":true,"href":"https:\/\/sindicatodosbancarios.org.br\/site2022\/wp-json\/wp\/v2\/categories?post=3105"},{"taxonomy":"post_tag","embeddable":true,"href":"https:\/\/sindicatodosbancarios.org.br\/site2022\/wp-json\/wp\/v2\/tags?post=3105"}],"curies":[{"name":"wp","href":"https:\/\/api.w.org\/{rel}","templated":true}]}}