{"id":3110,"date":"2019-10-21T15:12:45","date_gmt":"2019-10-21T18:12:45","guid":{"rendered":"https:\/\/sindicatodosbancarios.org.br\/?p=3110"},"modified":"2019-10-21T15:12:45","modified_gmt":"2019-10-21T18:12:45","slug":"inicia-construcao-da-quadra-de-futebol-e-volei-na-arbanc","status":"publish","type":"post","link":"https:\/\/sindicatodosbancarios.org.br\/site2022\/2019\/10\/21\/inicia-construcao-da-quadra-de-futebol-e-volei-na-arbanc\/","title":{"rendered":"INICIA CONSTRU\u00c7\u00c3O DA QUADRA DE FUTEBOL E V\u00d4LEI NA ARBANC"},"content":{"rendered":"<p>Teve in\u00edcio no dia 16\/10\/2019 a constru\u00e7\u00e3o do campo de Futebol e Sui\u00e7o e da quadra de V\u00f4lei de areia na ARBANC.<\/p>\n<p style=\"text-align: justify;\">O Presidente do Sindicato, sr. Roberto Odenir Ortiz, e a Diretoria do Sindicato, ap\u00f3s a inaugura\u00e7\u00e3o da Recreativa Social dos Banc\u00e1rios (ARBANC) em 10\/12\/2017, em compromisso assumido com a categoria banc\u00e1ria de S\u00e3o Bento do Sul, Rio Negrinho e Campo Alegre, da constru\u00e7\u00e3o da Quadra Esportiva dos Banc\u00e1rios, composta, pelos campos de Futebol Su\u00ed\u00e7o e V\u00f4lei de Areia.<\/p>\n<p style=\"text-align: justify;\">O campo de Futebol tem a dimens\u00e3o de 15 a 30 e a quadra de v\u00f4lei de areia de 8 a 15. A terraplanagem j\u00e1 foi realizada e a estrutura se encontra em constru\u00e7\u00e3o.<\/p>\n<p style=\"text-align: justify;\">A inaugura\u00e7\u00e3o estava prevista para o dia da Festa dos Banc\u00e1rios (17\/11), entretanto, n\u00e3o ser\u00e1 poss\u00edvel cumprir com a data estipulada. Enfim, em breve os banc\u00e1rios da base sindical de S\u00e3o Bento do Sul ter\u00e3o mais essa alternativa em sua Recreativa Social.<\/p>\n<p style=\"text-align: justify;\">Nunca \u00e9 demais o agradecimento do Sindicato dos Banc\u00e1rios de S\u00e3o Bento do Sul e Regi\u00e3o aos banc\u00e1rios (as) associados (as) que apoiam a atual diretoria, que com sua participa\u00e7\u00e3o, possibilitam a Diretoria, condi\u00e7\u00e3o de\u00a0cumprir com seus objetivos e proporcione o merecido retorno, e saibam onde sua contribui\u00e7\u00e3o est\u00e1 investida.<\/p>\n<p style=\"text-align: justify;\">Ap\u00f3s cumprir com mais um compromisso assumido, o Presidente, sr. Roberto, planeja que o investimento na ARBANC, tenha prosseguimento dotando-a de obras\u00a0de amplia\u00e7\u00e3o (Restaurante), manuten\u00e7\u00e3o, ajardinamento, ilumina\u00e7\u00e3o para o conforto da categoria banc\u00e1ria e seus dependentes, <strong><i>AL\u00c9M DE SUA AUTONOMIA PLENA\u00a0NO FUTURO.<\/i><\/strong><\/p>\n<p style=\"text-align: justify;\">Todos os banc\u00e1rios (as) est\u00e3o convidados a conhecer \u00e0s depend\u00eancias da\u00a0ARBANC, bem como a constru\u00e7\u00e3o da quadra esportiva.<\/p>\n<p style=\"text-align: justify;\">Banc\u00e1rio, seja s\u00f3cio do Sindicato!!<\/p>\n","protected":false},"excerpt":{"rendered":"<p>Teve in\u00edcio no dia 16\/10\/2019 a constru\u00e7\u00e3o do campo de Futebol e Sui\u00e7o e da quadra de V\u00f4lei [&hellip;]<\/p>\n","protected":false},"author":2,"featured_media":3111,"comment_status":"open","ping_status":"open","sticky":false,"template":"","format":"standard","meta":{"jetpack_post_was_ever_published":false,"jetpack_publicize_message":"","jetpack_is_tweetstorm":false,"jetpack_publicize_feature_enabled":true,"jetpack_social_post_already_shared":true,"jetpack_social_options":[]},"categories":[1],"tags":[],"jetpack_publicize_connections":[],"acf":[],"yoast_head":"<!-- This site is optimized with the Yoast SEO plugin v19.14 - https:\/\/yoast.com\/wordpress\/plugins\/seo\/ -->\n<title>INICIA CONSTRU\u00c7\u00c3O DA QUADRA DE FUTEBOL E V\u00d4LEI NA ARBANC - Sindicato dos Banc\u00e1rios de S\u00e3o Bento do Sul e Regi\u00e3o<\/title>\n<meta name=\"robots\" content=\"index, follow, max-snippet:-1, max-image-preview:large, max-video-preview:-1\" \/>\n<link rel=\"canonical\" href=\"https:\/\/sindicatodosbancarios.org.br\/site2022\/2019\/10\/21\/inicia-construcao-da-quadra-de-futebol-e-volei-na-arbanc\/\" \/>\n<meta property=\"og:locale\" content=\"pt_BR\" \/>\n<meta property=\"og:type\" content=\"article\" \/>\n<meta property=\"og:title\" content=\"INICIA CONSTRU\u00c7\u00c3O DA QUADRA DE FUTEBOL E V\u00d4LEI NA ARBANC - Sindicato dos Banc\u00e1rios de S\u00e3o Bento do Sul e Regi\u00e3o\" \/>\n<meta property=\"og:description\" content=\"Teve in\u00edcio no dia 16\/10\/2019 a constru\u00e7\u00e3o do campo de Futebol e Sui\u00e7o e da quadra de V\u00f4lei [&hellip;]\" \/>\n<meta property=\"og:url\" content=\"https:\/\/sindicatodosbancarios.org.br\/site2022\/2019\/10\/21\/inicia-construcao-da-quadra-de-futebol-e-volei-na-arbanc\/\" \/>\n<meta property=\"og:site_name\" content=\"Sindicato dos Banc\u00e1rios de S\u00e3o Bento do Sul e Regi\u00e3o\" \/>\n<meta property=\"article:author\" content=\"https:\/\/www.facebook.com\/seeb.sbs.9\" \/>\n<meta property=\"article:published_time\" content=\"2019-10-21T18:12:45+00:00\" \/>\n<meta property=\"og:image\" content=\"https:\/\/sindicatodosbancarios.org.br\/site2022\/wp-content\/uploads\/2019\/10\/IMG-20191021-WA0030.jpg\" \/>\n\t<meta property=\"og:image:width\" content=\"1280\" \/>\n\t<meta property=\"og:image:height\" content=\"960\" \/>\n\t<meta property=\"og:image:type\" content=\"image\/jpeg\" \/>\n<meta name=\"author\" content=\"Sindicato dos Banc\u00e1rios S\u00e3o Bento do Sul e Regi\u00e3o\" \/>\n<meta name=\"twitter:card\" content=\"summary_large_image\" \/>\n<meta name=\"twitter:label1\" content=\"Escrito por\" \/>\n\t<meta name=\"twitter:data1\" content=\"Sindicato dos Banc\u00e1rios S\u00e3o Bento do Sul e Regi\u00e3o\" \/>\n\t<meta name=\"twitter:label2\" content=\"Est. tempo de leitura\" \/>\n\t<meta name=\"twitter:data2\" content=\"2 minutos\" \/>\n<script type=\"application\/ld+json\" class=\"yoast-schema-graph\">{\"@context\":\"https:\/\/schema.org\",\"@graph\":[{\"@type\":\"Article\",\"@id\":\"https:\/\/sindicatodosbancarios.org.br\/site2022\/2019\/10\/21\/inicia-construcao-da-quadra-de-futebol-e-volei-na-arbanc\/#article\",\"isPartOf\":{\"@id\":\"https:\/\/sindicatodosbancarios.org.br\/site2022\/2019\/10\/21\/inicia-construcao-da-quadra-de-futebol-e-volei-na-arbanc\/\"},\"author\":{\"name\":\"Sindicato dos Banc\u00e1rios S\u00e3o Bento do Sul e Regi\u00e3o\",\"@id\":\"https:\/\/sindicatodosbancarios.org.br\/site2022\/#\/schema\/person\/a7d92da77d1084df4d28b57962f1e1bd\"},\"headline\":\"INICIA CONSTRU\u00c7\u00c3O DA QUADRA DE FUTEBOL E V\u00d4LEI NA ARBANC\",\"datePublished\":\"2019-10-21T18:12:45+00:00\",\"dateModified\":\"2019-10-21T18:12:45+00:00\",\"mainEntityOfPage\":{\"@id\":\"https:\/\/sindicatodosbancarios.org.br\/site2022\/2019\/10\/21\/inicia-construcao-da-quadra-de-futebol-e-volei-na-arbanc\/\"},\"wordCount\":321,\"commentCount\":0,\"publisher\":{\"@id\":\"https:\/\/sindicatodosbancarios.org.br\/site2022\/#organization\"},\"articleSection\":[\"Geral\"],\"inLanguage\":\"pt-BR\",\"potentialAction\":[{\"@type\":\"CommentAction\",\"name\":\"Comment\",\"target\":[\"https:\/\/sindicatodosbancarios.org.br\/site2022\/2019\/10\/21\/inicia-construcao-da-quadra-de-futebol-e-volei-na-arbanc\/#respond\"]}]},{\"@type\":\"WebPage\",\"@id\":\"https:\/\/sindicatodosbancarios.org.br\/site2022\/2019\/10\/21\/inicia-construcao-da-quadra-de-futebol-e-volei-na-arbanc\/\",\"url\":\"https:\/\/sindicatodosbancarios.org.br\/site2022\/2019\/10\/21\/inicia-construcao-da-quadra-de-futebol-e-volei-na-arbanc\/\",\"name\":\"INICIA CONSTRU\u00c7\u00c3O DA QUADRA DE FUTEBOL E V\u00d4LEI NA ARBANC - Sindicato dos Banc\u00e1rios de S\u00e3o Bento do Sul e Regi\u00e3o\",\"isPartOf\":{\"@id\":\"https:\/\/sindicatodosbancarios.org.br\/site2022\/#website\"},\"datePublished\":\"2019-10-21T18:12:45+00:00\",\"dateModified\":\"2019-10-21T18:12:45+00:00\",\"breadcrumb\":{\"@id\":\"https:\/\/sindicatodosbancarios.org.br\/site2022\/2019\/10\/21\/inicia-construcao-da-quadra-de-futebol-e-volei-na-arbanc\/#breadcrumb\"},\"inLanguage\":\"pt-BR\",\"potentialAction\":[{\"@type\":\"ReadAction\",\"target\":[\"https:\/\/sindicatodosbancarios.org.br\/site2022\/2019\/10\/21\/inicia-construcao-da-quadra-de-futebol-e-volei-na-arbanc\/\"]}]},{\"@type\":\"BreadcrumbList\",\"@id\":\"https:\/\/sindicatodosbancarios.org.br\/site2022\/2019\/10\/21\/inicia-construcao-da-quadra-de-futebol-e-volei-na-arbanc\/#breadcrumb\",\"itemListElement\":[{\"@type\":\"ListItem\",\"position\":1,\"name\":\"In\u00edcio\",\"item\":\"https:\/\/sindicatodosbancarios.org.br\/site2022\/\"},{\"@type\":\"ListItem\",\"position\":2,\"name\":\"INICIA CONSTRU\u00c7\u00c3O DA QUADRA DE FUTEBOL E V\u00d4LEI NA ARBANC\"}]},{\"@type\":\"WebSite\",\"@id\":\"https:\/\/sindicatodosbancarios.org.br\/site2022\/#website\",\"url\":\"https:\/\/sindicatodosbancarios.org.br\/site2022\/\",\"name\":\"Sindicato dos Banc\u00e1rios de S\u00e3o Bento do Sul e Regi\u00e3o\",\"description\":\"Website institucional do Sindicato dos Banc\u00e1rios de S\u00e3o Bento do Sul e Regi\u00e3o\",\"publisher\":{\"@id\":\"https:\/\/sindicatodosbancarios.org.br\/site2022\/#organization\"},\"potentialAction\":[{\"@type\":\"SearchAction\",\"target\":{\"@type\":\"EntryPoint\",\"urlTemplate\":\"https:\/\/sindicatodosbancarios.org.br\/site2022\/?s={search_term_string}\"},\"query-input\":\"required name=search_term_string\"}],\"inLanguage\":\"pt-BR\"},{\"@type\":\"Organization\",\"@id\":\"https:\/\/sindicatodosbancarios.org.br\/site2022\/#organization\",\"name\":\"Sindicato dos Banc\u00e1rios de S\u00e3o Bento do Sul e Regi\u00e3o\",\"url\":\"https:\/\/sindicatodosbancarios.org.br\/site2022\/\",\"logo\":{\"@type\":\"ImageObject\",\"inLanguage\":\"pt-BR\",\"@id\":\"https:\/\/sindicatodosbancarios.org.br\/site2022\/#\/schema\/logo\/image\/\",\"url\":\"https:\/\/sindicatodosbancarios.org.br\/site2022\/wp-content\/uploads\/2017\/06\/cropped-logo-2.png\",\"contentUrl\":\"https:\/\/sindicatodosbancarios.org.br\/site2022\/wp-content\/uploads\/2017\/06\/cropped-logo-2.png\",\"width\":292,\"height\":292,\"caption\":\"Sindicato dos Banc\u00e1rios de S\u00e3o Bento do Sul e Regi\u00e3o\"},\"image\":{\"@id\":\"https:\/\/sindicatodosbancarios.org.br\/site2022\/#\/schema\/logo\/image\/\"}},{\"@type\":\"Person\",\"@id\":\"https:\/\/sindicatodosbancarios.org.br\/site2022\/#\/schema\/person\/a7d92da77d1084df4d28b57962f1e1bd\",\"name\":\"Sindicato dos Banc\u00e1rios S\u00e3o Bento do Sul e Regi\u00e3o\",\"image\":{\"@type\":\"ImageObject\",\"inLanguage\":\"pt-BR\",\"@id\":\"https:\/\/sindicatodosbancarios.org.br\/site2022\/#\/schema\/person\/image\/\",\"url\":\"https:\/\/secure.gravatar.com\/avatar\/f1d1a06f698f2345352e539387180d42?s=96&d=mm&r=g\",\"contentUrl\":\"https:\/\/secure.gravatar.com\/avatar\/f1d1a06f698f2345352e539387180d42?s=96&d=mm&r=g\",\"caption\":\"Sindicato dos Banc\u00e1rios S\u00e3o Bento do Sul e Regi\u00e3o\"},\"sameAs\":[\"http:\/\/sindicatodosbancarios.org.br\/site2022\/\",\"https:\/\/www.facebook.com\/seeb.sbs.9\"],\"url\":\"https:\/\/sindicatodosbancarios.org.br\/site2022\/author\/sindicatodosbancarios\/\"}]}<\/script>\n<!-- \/ Yoast SEO plugin. -->","yoast_head_json":{"title":"INICIA CONSTRU\u00c7\u00c3O DA QUADRA DE FUTEBOL E V\u00d4LEI NA ARBANC - Sindicato dos Banc\u00e1rios de S\u00e3o Bento do Sul e Regi\u00e3o","robots":{"index":"index","follow":"follow","max-snippet":"max-snippet:-1","max-image-preview":"max-image-preview:large","max-video-preview":"max-video-preview:-1"},"canonical":"https:\/\/sindicatodosbancarios.org.br\/site2022\/2019\/10\/21\/inicia-construcao-da-quadra-de-futebol-e-volei-na-arbanc\/","og_locale":"pt_BR","og_type":"article","og_title":"INICIA CONSTRU\u00c7\u00c3O DA QUADRA DE FUTEBOL E V\u00d4LEI NA ARBANC - Sindicato dos Banc\u00e1rios de S\u00e3o Bento do Sul e Regi\u00e3o","og_description":"Teve in\u00edcio no dia 16\/10\/2019 a constru\u00e7\u00e3o do campo de Futebol e Sui\u00e7o e da quadra de V\u00f4lei [&hellip;]","og_url":"https:\/\/sindicatodosbancarios.org.br\/site2022\/2019\/10\/21\/inicia-construcao-da-quadra-de-futebol-e-volei-na-arbanc\/","og_site_name":"Sindicato dos Banc\u00e1rios de S\u00e3o Bento do Sul e Regi\u00e3o","article_author":"https:\/\/www.facebook.com\/seeb.sbs.9","article_published_time":"2019-10-21T18:12:45+00:00","og_image":[{"width":1280,"height":960,"url":"https:\/\/sindicatodosbancarios.org.br\/site2022\/wp-content\/uploads\/2019\/10\/IMG-20191021-WA0030.jpg","type":"image\/jpeg"}],"author":"Sindicato dos Banc\u00e1rios S\u00e3o Bento do Sul e Regi\u00e3o","twitter_card":"summary_large_image","twitter_misc":{"Escrito por":"Sindicato dos Banc\u00e1rios S\u00e3o Bento do Sul e Regi\u00e3o","Est. tempo de leitura":"2 minutos"},"schema":{"@context":"https:\/\/schema.org","@graph":[{"@type":"Article","@id":"https:\/\/sindicatodosbancarios.org.br\/site2022\/2019\/10\/21\/inicia-construcao-da-quadra-de-futebol-e-volei-na-arbanc\/#article","isPartOf":{"@id":"https:\/\/sindicatodosbancarios.org.br\/site2022\/2019\/10\/21\/inicia-construcao-da-quadra-de-futebol-e-volei-na-arbanc\/"},"author":{"name":"Sindicato dos Banc\u00e1rios S\u00e3o Bento do Sul e Regi\u00e3o","@id":"https:\/\/sindicatodosbancarios.org.br\/site2022\/#\/schema\/person\/a7d92da77d1084df4d28b57962f1e1bd"},"headline":"INICIA CONSTRU\u00c7\u00c3O DA QUADRA DE FUTEBOL E V\u00d4LEI NA ARBANC","datePublished":"2019-10-21T18:12:45+00:00","dateModified":"2019-10-21T18:12:45+00:00","mainEntityOfPage":{"@id":"https:\/\/sindicatodosbancarios.org.br\/site2022\/2019\/10\/21\/inicia-construcao-da-quadra-de-futebol-e-volei-na-arbanc\/"},"wordCount":321,"commentCount":0,"publisher":{"@id":"https:\/\/sindicatodosbancarios.org.br\/site2022\/#organization"},"articleSection":["Geral"],"inLanguage":"pt-BR","potentialAction":[{"@type":"CommentAction","name":"Comment","target":["https:\/\/sindicatodosbancarios.org.br\/site2022\/2019\/10\/21\/inicia-construcao-da-quadra-de-futebol-e-volei-na-arbanc\/#respond"]}]},{"@type":"WebPage","@id":"https:\/\/sindicatodosbancarios.org.br\/site2022\/2019\/10\/21\/inicia-construcao-da-quadra-de-futebol-e-volei-na-arbanc\/","url":"https:\/\/sindicatodosbancarios.org.br\/site2022\/2019\/10\/21\/inicia-construcao-da-quadra-de-futebol-e-volei-na-arbanc\/","name":"INICIA CONSTRU\u00c7\u00c3O DA QUADRA DE FUTEBOL E V\u00d4LEI NA ARBANC - Sindicato dos Banc\u00e1rios de S\u00e3o Bento do Sul e Regi\u00e3o","isPartOf":{"@id":"https:\/\/sindicatodosbancarios.org.br\/site2022\/#website"},"datePublished":"2019-10-21T18:12:45+00:00","dateModified":"2019-10-21T18:12:45+00:00","breadcrumb":{"@id":"https:\/\/sindicatodosbancarios.org.br\/site2022\/2019\/10\/21\/inicia-construcao-da-quadra-de-futebol-e-volei-na-arbanc\/#breadcrumb"},"inLanguage":"pt-BR","potentialAction":[{"@type":"ReadAction","target":["https:\/\/sindicatodosbancarios.org.br\/site2022\/2019\/10\/21\/inicia-construcao-da-quadra-de-futebol-e-volei-na-arbanc\/"]}]},{"@type":"BreadcrumbList","@id":"https:\/\/sindicatodosbancarios.org.br\/site2022\/2019\/10\/21\/inicia-construcao-da-quadra-de-futebol-e-volei-na-arbanc\/#breadcrumb","itemListElement":[{"@type":"ListItem","position":1,"name":"In\u00edcio","item":"https:\/\/sindicatodosbancarios.org.br\/site2022\/"},{"@type":"ListItem","position":2,"name":"INICIA CONSTRU\u00c7\u00c3O DA QUADRA DE FUTEBOL E V\u00d4LEI NA ARBANC"}]},{"@type":"WebSite","@id":"https:\/\/sindicatodosbancarios.org.br\/site2022\/#website","url":"https:\/\/sindicatodosbancarios.org.br\/site2022\/","name":"Sindicato dos Banc\u00e1rios de S\u00e3o Bento do Sul e Regi\u00e3o","description":"Website institucional do Sindicato dos Banc\u00e1rios de S\u00e3o Bento do Sul e Regi\u00e3o","publisher":{"@id":"https:\/\/sindicatodosbancarios.org.br\/site2022\/#organization"},"potentialAction":[{"@type":"SearchAction","target":{"@type":"EntryPoint","urlTemplate":"https:\/\/sindicatodosbancarios.org.br\/site2022\/?s={search_term_string}"},"query-input":"required name=search_term_string"}],"inLanguage":"pt-BR"},{"@type":"Organization","@id":"https:\/\/sindicatodosbancarios.org.br\/site2022\/#organization","name":"Sindicato dos Banc\u00e1rios de S\u00e3o Bento do Sul e Regi\u00e3o","url":"https:\/\/sindicatodosbancarios.org.br\/site2022\/","logo":{"@type":"ImageObject","inLanguage":"pt-BR","@id":"https:\/\/sindicatodosbancarios.org.br\/site2022\/#\/schema\/logo\/image\/","url":"https:\/\/sindicatodosbancarios.org.br\/site2022\/wp-content\/uploads\/2017\/06\/cropped-logo-2.png","contentUrl":"https:\/\/sindicatodosbancarios.org.br\/site2022\/wp-content\/uploads\/2017\/06\/cropped-logo-2.png","width":292,"height":292,"caption":"Sindicato dos Banc\u00e1rios de S\u00e3o Bento do Sul e Regi\u00e3o"},"image":{"@id":"https:\/\/sindicatodosbancarios.org.br\/site2022\/#\/schema\/logo\/image\/"}},{"@type":"Person","@id":"https:\/\/sindicatodosbancarios.org.br\/site2022\/#\/schema\/person\/a7d92da77d1084df4d28b57962f1e1bd","name":"Sindicato dos Banc\u00e1rios S\u00e3o Bento do Sul e Regi\u00e3o","image":{"@type":"ImageObject","inLanguage":"pt-BR","@id":"https:\/\/sindicatodosbancarios.org.br\/site2022\/#\/schema\/person\/image\/","url":"https:\/\/secure.gravatar.com\/avatar\/f1d1a06f698f2345352e539387180d42?s=96&d=mm&r=g","contentUrl":"https:\/\/secure.gravatar.com\/avatar\/f1d1a06f698f2345352e539387180d42?s=96&d=mm&r=g","caption":"Sindicato dos Banc\u00e1rios S\u00e3o Bento do Sul e Regi\u00e3o"},"sameAs":["http:\/\/sindicatodosbancarios.org.br\/site2022\/","https:\/\/www.facebook.com\/seeb.sbs.9"],"url":"https:\/\/sindicatodosbancarios.org.br\/site2022\/author\/sindicatodosbancarios\/"}]}},"jetpack_featured_media_url":"https:\/\/sindicatodosbancarios.org.br\/site2022\/wp-content\/uploads\/2019\/10\/IMG-20191021-WA0030.jpg","jetpack_sharing_enabled":true,"jetpack_shortlink":"https:\/\/wp.me\/p8RSbI-Oa","jetpack-related-posts":[{"id":5971,"url":"https:\/\/sindicatodosbancarios.org.br\/site2022\/2022\/03\/29\/bancarios-homenageiam-adao-de-oliveira-inauguracao-quadras-esportivas-arbanc\/","url_meta":{"origin":3110,"position":0},"title":"BANC\u00c1RIOS HOMENAGEIAM AD\u00c3O DE OLIVEIRA &#8211; INAUGURA\u00c7\u00c3O QUADRAS ESPORTIVAS &#8211; ARBANC","date":"29 de mar\u00e7o de 2022","format":false,"excerpt":"No \u00faltimo dia 26 de mar\u00e7o, banc\u00e1rios da regi\u00e3o estiveram reunidos na sede da Associa\u00e7\u00e3o Recreativa dos Banc\u00e1rios \u201cJos\u00e9 Ilton Belli\u201d \u2013 ARBANC, localizada no Bairro Bras\u00edlia para uma confraterniza\u00e7\u00e3o e a inaugura\u00e7\u00e3o das quadras de futebol society e v\u00f4lei de areia. Na ocasi\u00e3o foi realizada a homenagem ao ex-banc\u00e1rio\u2026","rel":"","context":"Em &quot;Banco do Brasil&quot;","img":{"alt_text":"","src":"https:\/\/i0.wp.com\/sindicatodosbancarios.org.br\/site2022\/wp-content\/uploads\/2022\/03\/DSC_3974.jpg?resize=350%2C200&ssl=1","width":350,"height":200},"classes":[]},{"id":6366,"url":"https:\/\/sindicatodosbancarios.org.br\/site2022\/2022\/05\/10\/informe-bancario-65-2022-xlix-encontro-nacional-dos-dirigentes-bancarios-e-securitarios\/","url_meta":{"origin":3110,"position":1},"title":"INFORME BANC\u00c1RIO \u2013 65\/2022 &#8211; CAMPANHA SALARIAL &#8211; XLIX Encontro Nacional dos Dirigentes Banc\u00e1rios e Securit\u00e1rios","date":"10 de maio de 2022","format":false,"excerpt":"O evento vai acontecer de forma virtual hoje dia 10 de maio. O objetivo \u00e9 unir os resultados dos encontro regionais de banc\u00e1rios para a constru\u00e7\u00e3o de uma pauta unificada de reivindica\u00e7\u00f5es da categoria. Mais do que nunca \u00e9 tempo de uni\u00e3o, engajamento e de participa\u00e7\u00e3o de todos nesse processo\u2026","rel":"","context":"Em &quot;Geral&quot;","img":{"alt_text":"","src":"https:\/\/i0.wp.com\/sindicatodosbancarios.org.br\/site2022\/wp-content\/uploads\/2022\/05\/LOGO-CONTEC-LARANJA.png?resize=350%2C200&ssl=1","width":350,"height":200},"classes":[]},{"id":5380,"url":"https:\/\/sindicatodosbancarios.org.br\/site2022\/2021\/05\/07\/informe-bancarios-119-2021-lazari-mudanca-da-velocidade-da-vacinacao-e-a-peca-chave-para-a-economia\/","url_meta":{"origin":3110,"position":2},"title":"INFORME BANC\u00c1RIOS \u2013 119\/2021 Lazari: mudan\u00e7a da velocidade da vacina\u00e7\u00e3o \u00e9 a pe\u00e7a-chave para a economia","date":"7 de maio de 2021","format":false,"excerpt":"O presidente do Bradesco, Octavio de Lazari, afirmou que a mudan\u00e7a na velocidade da vacina\u00e7\u00e3o dos brasileiros \u00e9 a pe\u00e7a-chave para a para a constru\u00e7\u00e3o mais r\u00e1pida de um cen\u00e1rio positivo para a economia. Acelerar a imuniza\u00e7\u00e3o, em que pese o choque de oferta global, precisa ser uma meta do\u2026","rel":"","context":"Em &quot;Bradesco\/HSBC&quot;","img":{"alt_text":"","src":"https:\/\/i0.wp.com\/sindicatodosbancarios.org.br\/site2022\/wp-content\/uploads\/2021\/05\/octavio-de-lazari-bradesco-20180205-001.jpg?resize=350%2C200&ssl=1","width":350,"height":200},"classes":[]},{"id":5279,"url":"https:\/\/sindicatodosbancarios.org.br\/site2022\/2021\/03\/30\/edital-de-convocacao-age-assembleia-geral-extraordinaria-de-forma-virtual-de-votacao-e-mail-assuntos-especificos-banco-itau-unibanco-s-a-act-comissao-de-conciliacao-previa\/","url_meta":{"origin":3110,"position":3},"title":"EDITAL DE CONVOCA\u00c7\u00c3O (AGE) &#8211; ASSEMBLEIA GERAL EXTRAORDIN\u00c1RIA DE FORMA VIRTUAL DE VOTA\u00c7\u00c3O (E-MAIL) \u2013 ASSUNTOS ESPEC\u00cdFICOS &#8211; BANCO ITA\u00da UNIBANCO S\/A \u2013 ACT COMISS\u00c3O DE CONCILIA\u00c7\u00c3O PR\u00c9VIA.","date":"30 de mar\u00e7o de 2021","format":false,"excerpt":"O SINDICATO DOS EMPREGADOS EM ESTABELECIMENTOS BANC\u00c1RIOS DE S\u00c3O BENTO DO SUL E REGI\u00c3O, com endere\u00e7o na Rua Henrique Schwarz, 61 \u2013 sala 61 \u2013 5\u00ba andar \u2013 Edif\u00edcio L\u00e9o Frantz - Centro \u2013 S\u00e3o Bento do Sul \u2013 SC \u2013 CEP: 89.280-118 \u2013 CNPJ 18.666.862\/0001-13, Entidade Sindical devidamente registrada\u2026","rel":"","context":"Em &quot;Editais&quot;","img":{"alt_text":"","src":"https:\/\/i0.wp.com\/sindicatodosbancarios.org.br\/site2022\/wp-content\/uploads\/2020\/09\/itau-741x486.jpg?resize=350%2C200&ssl=1","width":350,"height":200},"classes":[]},{"id":4877,"url":"https:\/\/sindicatodosbancarios.org.br\/site2022\/2020\/12\/15\/informe-bancario-460-2020-em-assembleia-bancarios-do-itau-aprovam-acordo-de-teletrabalho\/","url_meta":{"origin":3110,"position":4},"title":"INFORME BANC\u00c1RIO \u2013 460\/2020 EM ASSEMBLEIA, BANC\u00c1RIOS DO ITA\u00da APROVAM ACORDO DE TELETRABALHO","date":"15 de dezembro de 2020","format":false,"excerpt":"Trabalhadores do Banco Ita\u00fa Unibanco SA, conquistaram acordo que garante ajuda de custo, fornecimento pela empresa de equipamentos e cadeira adequada, manuten\u00e7\u00e3o do VR e VA nos termos da CCT, controle de jornada, entre outros pontos. Em Assembleia Virtual encerrada \u00e0s 20h desta sexta-feira dia 04, os Banc\u00e1rios do Ita\u00fa\u2026","rel":"","context":"Em &quot;Ita\u00fa&quot;","img":{"alt_text":"","src":"https:\/\/i0.wp.com\/sindicatodosbancarios.org.br\/site2022\/wp-content\/uploads\/2020\/12\/141220141318-ITA\u00da.jpeg?resize=350%2C200&ssl=1","width":350,"height":200},"classes":[]},{"id":4819,"url":"https:\/\/sindicatodosbancarios.org.br\/site2022\/2020\/11\/30\/informe-bancario-444-2020-coe-itau-unibanco-debate-novo-act-para-teletrabalho\/","url_meta":{"origin":3110,"position":5},"title":"INFORME BANC\u00c1RIO \u2013 444\/2020 COE Ita\u00fa\/Unibanco debate novo ACT para Teletrabalho","date":"30 de novembro de 2020","format":false,"excerpt":"Nesta quinta-feira (26), aconteceu por videoconfer\u00eancia mais uma reuni\u00e3o da Comiss\u00e3o Espec\u00edfica dos Funcion\u00e1rios do Ita\u00fa\u2013Unibanco (COE). Na pauta, prosseguiram os debates para a constru\u00e7\u00e3o do Acordo Coletivo de Trabalho (ACT) espec\u00edfico para regulamentar o Teletrabalho, sistema alternativo eletr\u00f4nico de controle de jornada de trabalho e o termo de quita\u00e7\u00e3o\u2026","rel":"","context":"Em &quot;Geral&quot;","img":{"alt_text":"","src":"https:\/\/i0.wp.com\/sindicatodosbancarios.org.br\/site2022\/wp-content\/uploads\/2020\/09\/itau-741x486.jpg?resize=350%2C200&ssl=1","width":350,"height":200},"classes":[]}],"_links":{"self":[{"href":"https:\/\/sindicatodosbancarios.org.br\/site2022\/wp-json\/wp\/v2\/posts\/3110"}],"collection":[{"href":"https:\/\/sindicatodosbancarios.org.br\/site2022\/wp-json\/wp\/v2\/posts"}],"about":[{"href":"https:\/\/sindicatodosbancarios.org.br\/site2022\/wp-json\/wp\/v2\/types\/post"}],"author":[{"embeddable":true,"href":"https:\/\/sindicatodosbancarios.org.br\/site2022\/wp-json\/wp\/v2\/users\/2"}],"replies":[{"embeddable":true,"href":"https:\/\/sindicatodosbancarios.org.br\/site2022\/wp-json\/wp\/v2\/comments?post=3110"}],"version-history":[{"count":1,"href":"https:\/\/sindicatodosbancarios.org.br\/site2022\/wp-json\/wp\/v2\/posts\/3110\/revisions"}],"predecessor-version":[{"id":3112,"href":"https:\/\/sindicatodosbancarios.org.br\/site2022\/wp-json\/wp\/v2\/posts\/3110\/revisions\/3112"}],"wp:featuredmedia":[{"embeddable":true,"href":"https:\/\/sindicatodosbancarios.org.br\/site2022\/wp-json\/wp\/v2\/media\/3111"}],"wp:attachment":[{"href":"https:\/\/sindicatodosbancarios.org.br\/site2022\/wp-json\/wp\/v2\/media?parent=3110"}],"wp:term":[{"taxonomy":"category","embeddable":true,"href":"https:\/\/sindicatodosbancarios.org.br\/site2022\/wp-json\/wp\/v2\/categories?post=3110"},{"taxonomy":"post_tag","embeddable":true,"href":"https:\/\/sindicatodosbancarios.org.br\/site2022\/wp-json\/wp\/v2\/tags?post=3110"}],"curies":[{"name":"wp","href":"https:\/\/api.w.org\/{rel}","templated":true}]}}