{"id":3113,"date":"2019-10-23T15:04:59","date_gmt":"2019-10-23T18:04:59","guid":{"rendered":"https:\/\/sindicatodosbancarios.org.br\/?p=3113"},"modified":"2019-10-23T15:04:59","modified_gmt":"2019-10-23T18:04:59","slug":"informe-bancario-052-2019-perguntas-e-respostas-como-fica-a-minha-aposentadoria","status":"publish","type":"post","link":"https:\/\/sindicatodosbancarios.org.br\/site2022\/2019\/10\/23\/informe-bancario-052-2019-perguntas-e-respostas-como-fica-a-minha-aposentadoria\/","title":{"rendered":"INFORME BANC\u00c1RIO &#8211; 052 \/ 2019 &#8211; PERGUNTAS E RESPOSTAS: COMO FICA A MINHA APOSENTADORIA?"},"content":{"rendered":"<p>Ap\u00f3s anos de tentativas empreendidas por diferentes governos, o Congresso Nacional aprovou a cria\u00e7\u00e3o de uma idade m\u00ednima para aposentadoria no Brasil na noite da ter\u00e7a-feira, 22. A mudan\u00e7a retira o Pa\u00eds de um grupo restrito de na\u00e7\u00f5es que ainda permite a concess\u00e3o do benef\u00edcio considerando apenas o tempo de contribui\u00e7\u00e3o, caracter\u00edstica que, segundo a \u00e1rea econ\u00f4mica, privilegia trabalhadores de maior renda.<\/p>\n<p>A vota\u00e7\u00e3o do texto-base em segundo turno no Senado teve 60 votos a favor e 19 contra. A aprova\u00e7\u00e3o final da proposta ocorreu oito meses ap\u00f3s o envio formal do texto ao Parlamento.<\/p>\n<p>Confira abaixo uma s\u00e9rie de perguntas e respostas sobre o futuro da aposentadoria no Pa\u00eds.<\/p>\n<p><strong>Por que o governo e o Congresso mudaram as regras para a Previd\u00eancia?<\/strong><\/p>\n<p>Entre os princ\u00edpios da reforma, segundo o governo, est\u00e3o garantir a sustentabilidade do sistema previdenci\u00e1rio e torn\u00e1-lo mais justo e igualit\u00e1rio. Hoje, os trabalhadores mais pobres esperam em m\u00e9dia seis anos a mais para se aposentar em rela\u00e7\u00e3o aos que ganham mais, e s\u00f3 recebem o equivalente a metade do benef\u00edcio desses demais trabalhadores. A proje\u00e7\u00e3o \u00e9 que o buraco da Previd\u00eancia (de trabalhadores da iniciativa privada, servidores p\u00fablicos e militares) feche 2019 em R$ 292 bilh\u00f5es. Segundo estimativas oficiais, hoje, a rela\u00e7\u00e3o \u00e9 de um idoso para cada 10 pessoas. Em 2060, vai ser um idoso para quatro pessoas, o que torna o sistema previdenci\u00e1rio insustent\u00e1vel.<\/p>\n<p><strong>Quando come\u00e7am a valer as novas regras para aposentadoria no Brasil? <\/strong><\/p>\n<p>As novas regras come\u00e7am a valer assim que a reforma for promulgada pelo Congresso. Como \u00e9 uma mudan\u00e7a na Constitui\u00e7\u00e3o, o texto &#8211; ap\u00f3s aprovado por deputados e senadores &#8211; n\u00e3o \u00e9 sancionado pelo presidente, mas sim promulgado pelo Congresso Nacional. Segundo o presidente do Senado, Davi Alcolumbre (DEM-AP), a promulga\u00e7\u00e3o ser\u00e1 feita em dez dias, com a presen\u00e7a do presidente Bolsonaro. At\u00e9 a promulga\u00e7\u00e3o, as regras que valem s\u00e3o as atuais, mesmo o texto tendo sido j\u00e1 aprovado pela C\u00e2mara dos Deputados e pelo Senado Federal.<\/p>\n<p><strong>Como ficou a idade m\u00ednima para novos trabalhadores urbanos? <\/strong><\/p>\n<p>O texto aprovado institui idade m\u00ednima para aposentadoria de 62 anos para mulheres e 65 anos para homens. O tempo m\u00ednimo de contribui\u00e7\u00e3o foi estipulado em 20 anos para homens e 15 anos para mulheres. At\u00e9 agora, havia dois modelos de Previd\u00eancia. Por idade, se exigia 60 anos (mulheres) e 65 anos (homens), com ao menos 15 anos de contribui\u00e7\u00e3o. Por tempo de contribui\u00e7\u00e3o, em que se exigia 30 anos (mulheres) e 35 anos (homens), mas sem fixar idade m\u00ednima. Com a reforma, a aposentadoria por tempo de contribui\u00e7\u00e3o acaba.<\/p>\n<p><strong>E quem j\u00e1 est\u00e1 no mercado de trabalho? <\/strong><\/p>\n<p>A proposta prev\u00ea cinco regras de transi\u00e7\u00e3o para os trabalhadores da iniciativa privada que j\u00e1 est\u00e3o no mercado. Uma dessas regras vale tamb\u00e9m para servidores p\u00fablicos &#8211; al\u00e9m disso, essa categoria tem uma op\u00e7\u00e3o espec\u00edfica. Todas as modalidades v\u00e3o vigorar por at\u00e9 14 anos depois de a reforma entrar em vigor. Pelo texto, o segurado poder\u00e1 sempre optar pela forma mais vantajosa. Na pr\u00e1tica, quase todo mundo ter\u00e1 de trabalhar um pouco mais para se aposentar do que com as regras hoje em vigor.<\/p>\n<p><strong>Como ficou o c\u00e1lculo das aposentadorias? <\/strong><\/p>\n<p>O valor da aposentadoria ser\u00e1 calculado com base na m\u00e9dia de todo o hist\u00f3rico de contribui\u00e7\u00f5es do trabalhador (n\u00e3o descartando as 20% mais baixas, como \u00e9 feito atualmente). Ao atingir o tempo m\u00ednimo de contribui\u00e7\u00e3o (15 anos para mulheres e 20 anos para homens), os trabalhadores do regime do INSS ter\u00e3o direito a 60% do valor do benef\u00edcio integral, com o porcentual subindo 2 pontos para cada ano a mais de contribui\u00e7\u00e3o. As mulheres ter\u00e3o direito a 100% do benef\u00edcio quando somarem 35 anos de contribui\u00e7\u00e3o. J\u00e1 os homens s\u00f3 ter\u00e3o direito a 100% do benef\u00edcio quando tiverem 40 anos de contribui\u00e7\u00e3o.<\/p>\n<p><strong>Houve alguma mudan\u00e7a no valor do benef\u00edcio? <\/strong><\/p>\n<p>O valor da aposentadoria nunca ser\u00e1 superior ao teto do INSS, hoje em R$ 5.839,45, nem inferior ao sal\u00e1rio m\u00ednimo (hoje, em R$ 998). O texto tamb\u00e9m garante o reajuste dos benef\u00edcios pela infla\u00e7\u00e3o.<\/p>\n<p><strong>O que acontece a uma pessoa que j\u00e1 reunia as condi\u00e7\u00f5es para se aposentar, mas n\u00e3o fez o pedido antes de a reforma entrar em vigor? <\/strong><\/p>\n<p>O direito de se aposentar \u00e9 garantido com base na regra antiga. O c\u00e1lculo do benef\u00edcio, por\u00e9m, passa a seguir as novas regras, com base na m\u00e9dia das contribui\u00e7\u00f5es de toda a carreira.<\/p>\n<p><strong>Haver\u00e1 mudan\u00e7as nas al\u00edquotas pagas pelos trabalhadores? <\/strong><\/p>\n<p>Sim, a reforma traz mudan\u00e7a na al\u00edquota paga pelo trabalhador, hoje de 11%. Os trabalhadores que recebem sal\u00e1rio maior v\u00e3o contribuir com mais &#8211; at\u00e9 14% no INSS e 22% no servi\u00e7o p\u00fablico federal, nos casos em que o sal\u00e1rio supera o teto constitucional de R$ 39,2 mil mensais. J\u00e1 os que recebem menos v\u00e3o ter contribui\u00e7\u00e3o menor, que come\u00e7a em 7,5%. Haver\u00e1 tamb\u00e9m a uni\u00e3o das al\u00edquotas do regime geral (dos trabalhadores da iniciativa privada) e do regime pr\u00f3prio (o dos servidores p\u00fablicos).<\/p>\n<p><strong>A aposentadoria rural teve mudan\u00e7as? <\/strong><\/p>\n<p>N\u00e3o. Permanecem as mesmas exig\u00eancias de hoje: idade m\u00ednima de 55 anos para mulheres e 60 para homens, com no m\u00ednimo 15 anos de contribui\u00e7\u00e3o.<\/p>\n<p><strong>A capitaliza\u00e7\u00e3o saiu da proposta? <\/strong><\/p>\n<p>Sim. O regime de Previd\u00eancia de capitaliza\u00e7\u00e3o, em que as contribui\u00e7\u00f5es do trabalhador v\u00e3o para uma conta individual, que banca os benef\u00edcios no futuro, foi deixado de lado. O regime segue sendo solid\u00e1rio &#8211; as contribui\u00e7\u00f5es de hoje ajudam a bancar os benef\u00edcios j\u00e1 concedidos.<\/p>\n<p><strong>E houve alguma mudan\u00e7a no Benef\u00edcio de Presta\u00e7\u00e3o Continuada (BPC)? <\/strong><\/p>\n<p>N\u00e3o. Idosos com renda familiar per capita de at\u00e9 25% do sal\u00e1rio m\u00ednimo (hoje R$ 249,5) recebem um sal\u00e1rio m\u00ednimo (R$ 998) a partir dos 65 anos.<\/p>\n<p><strong>Quem ter\u00e1 direito ao abono salarial? <\/strong><\/p>\n<p>O abono salarial continuar\u00e1 sendo pago a trabalhadores que ganham at\u00e9 dois m\u00ednimos.<\/p>\n<p><strong>Os reajustes dos benef\u00edcios foram mantidos? <\/strong><\/p>\n<p>O texto aprovado no Congresso mant\u00e9m o reajuste dos benef\u00edcios para preservar o valor real (ou seja, compensar as perdas da infla\u00e7\u00e3o) na Constitui\u00e7\u00e3o.<\/p>\n<p><strong>Como fica a pens\u00e3o por morte? <\/strong><\/p>\n<p>Nenhuma pens\u00e3o ser\u00e1 inferior ao sal\u00e1rio m\u00ednimo (R$ 998). A partir da\u00ed, tanto para trabalhadores privados quanto do servi\u00e7o p\u00fablico, o benef\u00edcio passa a 60% do valor mais 10% por dependente adicional.<\/p>\n<p><strong>Ser\u00e1 poss\u00edvel acumular benef\u00edcios? <\/strong><\/p>\n<p>Hoje, n\u00e3o h\u00e1 limite para ac\u00famulo de benef\u00edcios. Com a reforma, o benefici\u00e1rio passar\u00e1 a receber 100% do benef\u00edcio de maior valor, somado a um porcentual dos demais. Esse porcentual ser\u00e1 de 100% at\u00e9 1 sal\u00e1rio m\u00ednimo; 60% para valores entre 1 e 2 sal\u00e1rios; 40% entre 2 e 3 sal\u00e1rios; 20% entre 3 e 4 sal\u00e1rios; e de 10% para os valores acima de 4 sal\u00e1rios m\u00ednimos. A regra vale para benef\u00edcios concedidos ap\u00f3s a promulga\u00e7\u00e3o da reforma.<\/p>\n<p><strong>Como ficam as regras para policiais militares e bombeiros? <\/strong><\/p>\n<p>Os PMs e bombeiros ficaram de fora. Eles foram inclu\u00eddos em outro projeto, que trata das regras para a inatividade das For\u00e7as Armadas.<\/p>\n<p><strong>E a Previd\u00eancia dos militares das For\u00e7as Armadas, como ficou? <\/strong><\/p>\n<p>A proposta dos militares foi enviada em mar\u00e7o, mas ainda precisa ser aprovada tanto por deputados como por senadores. Al\u00e9m da mudan\u00e7a nas exig\u00eancias para passar para a reserva, a reforma tamb\u00e9m reestrutura a carreira militar.<\/p>\n<p><strong>Os professores ter\u00e3o regras especiais? <\/strong><\/p>\n<p>Sim. Para o setor privado, hoje, n\u00e3o h\u00e1 idade m\u00ednima, mas se exige tempo de contribui\u00e7\u00e3o de 25 anos (mulheres) e 30 anos (homens). Pela reforma, a idade m\u00ednima passa a ser de 60 anos, com 30 anos de contribui\u00e7\u00e3o, para homens e mulheres. J\u00e1 para o setor p\u00fablico, hoje a idade m\u00ednima exigida \u00e9 de 50 anos (mulheres) e 55 anos (homens), com 25 anos (mulheres) e 30 anos (homens) de tempo m\u00ednimo de contribui\u00e7\u00e3o, sendo 10 anos como servidor p\u00fablico e 5 anos no cargo de professor. Com a reforma, a idade m\u00ednima passa a ser 60 anos (para homens e mulheres), com 30 anos de tempo de contribui\u00e7\u00e3o, sendo pelo menos 10 anos como servidor p\u00fablico e 5 anos no cargo de professor.<\/p>\n<p><strong>E na aposentadoria dos pol\u00edticos, o que mudou? <\/strong><\/p>\n<p>Hoje, os pol\u00edticos podem se aposentar com idade m\u00ednima de 60 anos (para homens e mulheres), com 35 de anos de contribui\u00e7\u00e3o. O valor do benef\u00edcio \u00e9 de 1\/35 do sal\u00e1rio para cada ano parlamentar. Com a reforma, a idade m\u00ednima exigida ser\u00e1 a mesma dos demais trabalhadores, de 65 anos para homens e 62 anos para mulheres, com 30% de ped\u00e1gio do tempo de contribui\u00e7\u00e3o faltante. Novos eleitos estar\u00e3o no regime do INSS, com extin\u00e7\u00e3o do regime atual.<\/p>\n<p><strong>Houve mudan\u00e7a na aposentadoria especial dos trabalhadores expostos a agentes nocivos? <\/strong><\/p>\n<p>A reforma prop\u00f5e permitir a aposentadoria especial para esses trabalhadores pela regra de pontos, considerando tamb\u00e9m o tempo de exposi\u00e7\u00e3o a esses agentes. Para os trabalhadores sob maior risco, a soma deve ser de 66 pontos, al\u00e9m de 15 anos de exposi\u00e7\u00e3o. Para os de risco m\u00e9dio, 76 pontos e 20 anos de exposi\u00e7\u00e3o. Para risco baixo, 86 pontos e 25 anos de exposi\u00e7\u00e3o a agentes nocivos.<\/p>\n<p><span style=\"font-size: 8pt;\"><img class=\"img-agency loaded\" src=\"https:\/\/conteudo.imguol.com.br\/c\/agencias\/ultnot\/estadao.png\" alt=\"\" data-src=\"https:\/\/conteudo.imguol.com.br\/c\/agencias\/ultnot\/estadao.png\" data-crazyload=\"loaded\" \/>\u00a0\/S\u00e3o Paulo \/ 23\/10\/2019 13h45.<\/span><\/p>\n","protected":false},"excerpt":{"rendered":"<p>Ap\u00f3s anos de tentativas empreendidas por diferentes governos, o Congresso Nacional aprovou a cria\u00e7\u00e3o de uma idade m\u00ednima [&hellip;]<\/p>\n","protected":false},"author":2,"featured_media":1650,"comment_status":"open","ping_status":"open","sticky":false,"template":"","format":"standard","meta":{"jetpack_post_was_ever_published":false,"jetpack_publicize_message":"","jetpack_is_tweetstorm":false,"jetpack_publicize_feature_enabled":true,"jetpack_social_post_already_shared":true,"jetpack_social_options":[]},"categories":[1],"tags":[],"jetpack_publicize_connections":[],"acf":[],"yoast_head":"<!-- This site is optimized with the Yoast SEO plugin v19.14 - https:\/\/yoast.com\/wordpress\/plugins\/seo\/ -->\n<title>INFORME BANC\u00c1RIO - 052 \/ 2019 - PERGUNTAS E RESPOSTAS: COMO FICA A MINHA APOSENTADORIA? - Sindicato dos Banc\u00e1rios de S\u00e3o Bento do Sul e Regi\u00e3o<\/title>\n<meta name=\"robots\" content=\"index, follow, max-snippet:-1, max-image-preview:large, max-video-preview:-1\" \/>\n<link rel=\"canonical\" href=\"https:\/\/sindicatodosbancarios.org.br\/site2022\/2019\/10\/23\/informe-bancario-052-2019-perguntas-e-respostas-como-fica-a-minha-aposentadoria\/\" \/>\n<meta property=\"og:locale\" content=\"pt_BR\" \/>\n<meta property=\"og:type\" content=\"article\" \/>\n<meta property=\"og:title\" content=\"INFORME BANC\u00c1RIO - 052 \/ 2019 - PERGUNTAS E RESPOSTAS: COMO FICA A MINHA APOSENTADORIA? - Sindicato dos Banc\u00e1rios de S\u00e3o Bento do Sul e Regi\u00e3o\" \/>\n<meta property=\"og:description\" content=\"Ap\u00f3s anos de tentativas empreendidas por diferentes governos, o Congresso Nacional aprovou a cria\u00e7\u00e3o de uma idade m\u00ednima [&hellip;]\" \/>\n<meta property=\"og:url\" content=\"https:\/\/sindicatodosbancarios.org.br\/site2022\/2019\/10\/23\/informe-bancario-052-2019-perguntas-e-respostas-como-fica-a-minha-aposentadoria\/\" \/>\n<meta property=\"og:site_name\" content=\"Sindicato dos Banc\u00e1rios de S\u00e3o Bento do Sul e Regi\u00e3o\" \/>\n<meta property=\"article:author\" content=\"https:\/\/www.facebook.com\/seeb.sbs.9\" \/>\n<meta property=\"article:published_time\" content=\"2019-10-23T18:04:59+00:00\" \/>\n<meta property=\"og:image\" content=\"https:\/\/sindicatodosbancarios.org.br\/site2022\/wp-content\/uploads\/2017\/08\/45.jpg\" \/>\n\t<meta property=\"og:image:width\" content=\"1280\" \/>\n\t<meta property=\"og:image:height\" content=\"859\" \/>\n\t<meta property=\"og:image:type\" content=\"image\/jpeg\" \/>\n<meta name=\"author\" content=\"Sindicato dos Banc\u00e1rios S\u00e3o Bento do Sul e Regi\u00e3o\" \/>\n<meta name=\"twitter:card\" content=\"summary_large_image\" \/>\n<meta name=\"twitter:label1\" content=\"Escrito por\" \/>\n\t<meta name=\"twitter:data1\" content=\"Sindicato dos Banc\u00e1rios S\u00e3o Bento do Sul e Regi\u00e3o\" \/>\n\t<meta name=\"twitter:label2\" content=\"Est. tempo de leitura\" \/>\n\t<meta name=\"twitter:data2\" content=\"8 minutos\" \/>\n<script type=\"application\/ld+json\" class=\"yoast-schema-graph\">{\"@context\":\"https:\/\/schema.org\",\"@graph\":[{\"@type\":\"Article\",\"@id\":\"https:\/\/sindicatodosbancarios.org.br\/site2022\/2019\/10\/23\/informe-bancario-052-2019-perguntas-e-respostas-como-fica-a-minha-aposentadoria\/#article\",\"isPartOf\":{\"@id\":\"https:\/\/sindicatodosbancarios.org.br\/site2022\/2019\/10\/23\/informe-bancario-052-2019-perguntas-e-respostas-como-fica-a-minha-aposentadoria\/\"},\"author\":{\"name\":\"Sindicato dos Banc\u00e1rios S\u00e3o Bento do Sul e Regi\u00e3o\",\"@id\":\"https:\/\/sindicatodosbancarios.org.br\/site2022\/#\/schema\/person\/a7d92da77d1084df4d28b57962f1e1bd\"},\"headline\":\"INFORME BANC\u00c1RIO &#8211; 052 \/ 2019 &#8211; PERGUNTAS E RESPOSTAS: COMO FICA A MINHA APOSENTADORIA?\",\"datePublished\":\"2019-10-23T18:04:59+00:00\",\"dateModified\":\"2019-10-23T18:04:59+00:00\",\"mainEntityOfPage\":{\"@id\":\"https:\/\/sindicatodosbancarios.org.br\/site2022\/2019\/10\/23\/informe-bancario-052-2019-perguntas-e-respostas-como-fica-a-minha-aposentadoria\/\"},\"wordCount\":1610,\"commentCount\":0,\"publisher\":{\"@id\":\"https:\/\/sindicatodosbancarios.org.br\/site2022\/#organization\"},\"articleSection\":[\"Geral\"],\"inLanguage\":\"pt-BR\",\"potentialAction\":[{\"@type\":\"CommentAction\",\"name\":\"Comment\",\"target\":[\"https:\/\/sindicatodosbancarios.org.br\/site2022\/2019\/10\/23\/informe-bancario-052-2019-perguntas-e-respostas-como-fica-a-minha-aposentadoria\/#respond\"]}]},{\"@type\":\"WebPage\",\"@id\":\"https:\/\/sindicatodosbancarios.org.br\/site2022\/2019\/10\/23\/informe-bancario-052-2019-perguntas-e-respostas-como-fica-a-minha-aposentadoria\/\",\"url\":\"https:\/\/sindicatodosbancarios.org.br\/site2022\/2019\/10\/23\/informe-bancario-052-2019-perguntas-e-respostas-como-fica-a-minha-aposentadoria\/\",\"name\":\"INFORME BANC\u00c1RIO - 052 \/ 2019 - PERGUNTAS E RESPOSTAS: COMO FICA A MINHA APOSENTADORIA? - Sindicato dos Banc\u00e1rios de S\u00e3o Bento do Sul e Regi\u00e3o\",\"isPartOf\":{\"@id\":\"https:\/\/sindicatodosbancarios.org.br\/site2022\/#website\"},\"datePublished\":\"2019-10-23T18:04:59+00:00\",\"dateModified\":\"2019-10-23T18:04:59+00:00\",\"breadcrumb\":{\"@id\":\"https:\/\/sindicatodosbancarios.org.br\/site2022\/2019\/10\/23\/informe-bancario-052-2019-perguntas-e-respostas-como-fica-a-minha-aposentadoria\/#breadcrumb\"},\"inLanguage\":\"pt-BR\",\"potentialAction\":[{\"@type\":\"ReadAction\",\"target\":[\"https:\/\/sindicatodosbancarios.org.br\/site2022\/2019\/10\/23\/informe-bancario-052-2019-perguntas-e-respostas-como-fica-a-minha-aposentadoria\/\"]}]},{\"@type\":\"BreadcrumbList\",\"@id\":\"https:\/\/sindicatodosbancarios.org.br\/site2022\/2019\/10\/23\/informe-bancario-052-2019-perguntas-e-respostas-como-fica-a-minha-aposentadoria\/#breadcrumb\",\"itemListElement\":[{\"@type\":\"ListItem\",\"position\":1,\"name\":\"In\u00edcio\",\"item\":\"https:\/\/sindicatodosbancarios.org.br\/site2022\/\"},{\"@type\":\"ListItem\",\"position\":2,\"name\":\"INFORME BANC\u00c1RIO &#8211; 052 \/ 2019 &#8211; PERGUNTAS E RESPOSTAS: COMO FICA A MINHA APOSENTADORIA?\"}]},{\"@type\":\"WebSite\",\"@id\":\"https:\/\/sindicatodosbancarios.org.br\/site2022\/#website\",\"url\":\"https:\/\/sindicatodosbancarios.org.br\/site2022\/\",\"name\":\"Sindicato dos Banc\u00e1rios de S\u00e3o Bento do Sul e Regi\u00e3o\",\"description\":\"Website institucional do Sindicato dos Banc\u00e1rios de S\u00e3o Bento do Sul e Regi\u00e3o\",\"publisher\":{\"@id\":\"https:\/\/sindicatodosbancarios.org.br\/site2022\/#organization\"},\"potentialAction\":[{\"@type\":\"SearchAction\",\"target\":{\"@type\":\"EntryPoint\",\"urlTemplate\":\"https:\/\/sindicatodosbancarios.org.br\/site2022\/?s={search_term_string}\"},\"query-input\":\"required name=search_term_string\"}],\"inLanguage\":\"pt-BR\"},{\"@type\":\"Organization\",\"@id\":\"https:\/\/sindicatodosbancarios.org.br\/site2022\/#organization\",\"name\":\"Sindicato dos Banc\u00e1rios de S\u00e3o Bento do Sul e Regi\u00e3o\",\"url\":\"https:\/\/sindicatodosbancarios.org.br\/site2022\/\",\"logo\":{\"@type\":\"ImageObject\",\"inLanguage\":\"pt-BR\",\"@id\":\"https:\/\/sindicatodosbancarios.org.br\/site2022\/#\/schema\/logo\/image\/\",\"url\":\"https:\/\/sindicatodosbancarios.org.br\/site2022\/wp-content\/uploads\/2017\/06\/cropped-logo-2.png\",\"contentUrl\":\"https:\/\/sindicatodosbancarios.org.br\/site2022\/wp-content\/uploads\/2017\/06\/cropped-logo-2.png\",\"width\":292,\"height\":292,\"caption\":\"Sindicato dos Banc\u00e1rios de S\u00e3o Bento do Sul e Regi\u00e3o\"},\"image\":{\"@id\":\"https:\/\/sindicatodosbancarios.org.br\/site2022\/#\/schema\/logo\/image\/\"}},{\"@type\":\"Person\",\"@id\":\"https:\/\/sindicatodosbancarios.org.br\/site2022\/#\/schema\/person\/a7d92da77d1084df4d28b57962f1e1bd\",\"name\":\"Sindicato dos Banc\u00e1rios S\u00e3o Bento do Sul e Regi\u00e3o\",\"image\":{\"@type\":\"ImageObject\",\"inLanguage\":\"pt-BR\",\"@id\":\"https:\/\/sindicatodosbancarios.org.br\/site2022\/#\/schema\/person\/image\/\",\"url\":\"https:\/\/secure.gravatar.com\/avatar\/f1d1a06f698f2345352e539387180d42?s=96&d=mm&r=g\",\"contentUrl\":\"https:\/\/secure.gravatar.com\/avatar\/f1d1a06f698f2345352e539387180d42?s=96&d=mm&r=g\",\"caption\":\"Sindicato dos Banc\u00e1rios S\u00e3o Bento do Sul e Regi\u00e3o\"},\"sameAs\":[\"http:\/\/sindicatodosbancarios.org.br\/site2022\/\",\"https:\/\/www.facebook.com\/seeb.sbs.9\"],\"url\":\"https:\/\/sindicatodosbancarios.org.br\/site2022\/author\/sindicatodosbancarios\/\"}]}<\/script>\n<!-- \/ Yoast SEO plugin. -->","yoast_head_json":{"title":"INFORME BANC\u00c1RIO - 052 \/ 2019 - PERGUNTAS E RESPOSTAS: COMO FICA A MINHA APOSENTADORIA? - Sindicato dos Banc\u00e1rios de S\u00e3o Bento do Sul e Regi\u00e3o","robots":{"index":"index","follow":"follow","max-snippet":"max-snippet:-1","max-image-preview":"max-image-preview:large","max-video-preview":"max-video-preview:-1"},"canonical":"https:\/\/sindicatodosbancarios.org.br\/site2022\/2019\/10\/23\/informe-bancario-052-2019-perguntas-e-respostas-como-fica-a-minha-aposentadoria\/","og_locale":"pt_BR","og_type":"article","og_title":"INFORME BANC\u00c1RIO - 052 \/ 2019 - PERGUNTAS E RESPOSTAS: COMO FICA A MINHA APOSENTADORIA? - Sindicato dos Banc\u00e1rios de S\u00e3o Bento do Sul e Regi\u00e3o","og_description":"Ap\u00f3s anos de tentativas empreendidas por diferentes governos, o Congresso Nacional aprovou a cria\u00e7\u00e3o de uma idade m\u00ednima [&hellip;]","og_url":"https:\/\/sindicatodosbancarios.org.br\/site2022\/2019\/10\/23\/informe-bancario-052-2019-perguntas-e-respostas-como-fica-a-minha-aposentadoria\/","og_site_name":"Sindicato dos Banc\u00e1rios de S\u00e3o Bento do Sul e Regi\u00e3o","article_author":"https:\/\/www.facebook.com\/seeb.sbs.9","article_published_time":"2019-10-23T18:04:59+00:00","og_image":[{"width":1280,"height":859,"url":"https:\/\/sindicatodosbancarios.org.br\/site2022\/wp-content\/uploads\/2017\/08\/45.jpg","type":"image\/jpeg"}],"author":"Sindicato dos Banc\u00e1rios S\u00e3o Bento do Sul e Regi\u00e3o","twitter_card":"summary_large_image","twitter_misc":{"Escrito por":"Sindicato dos Banc\u00e1rios S\u00e3o Bento do Sul e Regi\u00e3o","Est. tempo de leitura":"8 minutos"},"schema":{"@context":"https:\/\/schema.org","@graph":[{"@type":"Article","@id":"https:\/\/sindicatodosbancarios.org.br\/site2022\/2019\/10\/23\/informe-bancario-052-2019-perguntas-e-respostas-como-fica-a-minha-aposentadoria\/#article","isPartOf":{"@id":"https:\/\/sindicatodosbancarios.org.br\/site2022\/2019\/10\/23\/informe-bancario-052-2019-perguntas-e-respostas-como-fica-a-minha-aposentadoria\/"},"author":{"name":"Sindicato dos Banc\u00e1rios S\u00e3o Bento do Sul e Regi\u00e3o","@id":"https:\/\/sindicatodosbancarios.org.br\/site2022\/#\/schema\/person\/a7d92da77d1084df4d28b57962f1e1bd"},"headline":"INFORME BANC\u00c1RIO &#8211; 052 \/ 2019 &#8211; PERGUNTAS E RESPOSTAS: COMO FICA A MINHA APOSENTADORIA?","datePublished":"2019-10-23T18:04:59+00:00","dateModified":"2019-10-23T18:04:59+00:00","mainEntityOfPage":{"@id":"https:\/\/sindicatodosbancarios.org.br\/site2022\/2019\/10\/23\/informe-bancario-052-2019-perguntas-e-respostas-como-fica-a-minha-aposentadoria\/"},"wordCount":1610,"commentCount":0,"publisher":{"@id":"https:\/\/sindicatodosbancarios.org.br\/site2022\/#organization"},"articleSection":["Geral"],"inLanguage":"pt-BR","potentialAction":[{"@type":"CommentAction","name":"Comment","target":["https:\/\/sindicatodosbancarios.org.br\/site2022\/2019\/10\/23\/informe-bancario-052-2019-perguntas-e-respostas-como-fica-a-minha-aposentadoria\/#respond"]}]},{"@type":"WebPage","@id":"https:\/\/sindicatodosbancarios.org.br\/site2022\/2019\/10\/23\/informe-bancario-052-2019-perguntas-e-respostas-como-fica-a-minha-aposentadoria\/","url":"https:\/\/sindicatodosbancarios.org.br\/site2022\/2019\/10\/23\/informe-bancario-052-2019-perguntas-e-respostas-como-fica-a-minha-aposentadoria\/","name":"INFORME BANC\u00c1RIO - 052 \/ 2019 - PERGUNTAS E RESPOSTAS: COMO FICA A MINHA APOSENTADORIA? - Sindicato dos Banc\u00e1rios de S\u00e3o Bento do Sul e Regi\u00e3o","isPartOf":{"@id":"https:\/\/sindicatodosbancarios.org.br\/site2022\/#website"},"datePublished":"2019-10-23T18:04:59+00:00","dateModified":"2019-10-23T18:04:59+00:00","breadcrumb":{"@id":"https:\/\/sindicatodosbancarios.org.br\/site2022\/2019\/10\/23\/informe-bancario-052-2019-perguntas-e-respostas-como-fica-a-minha-aposentadoria\/#breadcrumb"},"inLanguage":"pt-BR","potentialAction":[{"@type":"ReadAction","target":["https:\/\/sindicatodosbancarios.org.br\/site2022\/2019\/10\/23\/informe-bancario-052-2019-perguntas-e-respostas-como-fica-a-minha-aposentadoria\/"]}]},{"@type":"BreadcrumbList","@id":"https:\/\/sindicatodosbancarios.org.br\/site2022\/2019\/10\/23\/informe-bancario-052-2019-perguntas-e-respostas-como-fica-a-minha-aposentadoria\/#breadcrumb","itemListElement":[{"@type":"ListItem","position":1,"name":"In\u00edcio","item":"https:\/\/sindicatodosbancarios.org.br\/site2022\/"},{"@type":"ListItem","position":2,"name":"INFORME BANC\u00c1RIO &#8211; 052 \/ 2019 &#8211; PERGUNTAS E RESPOSTAS: COMO FICA A MINHA APOSENTADORIA?"}]},{"@type":"WebSite","@id":"https:\/\/sindicatodosbancarios.org.br\/site2022\/#website","url":"https:\/\/sindicatodosbancarios.org.br\/site2022\/","name":"Sindicato dos Banc\u00e1rios de S\u00e3o Bento do Sul e Regi\u00e3o","description":"Website institucional do Sindicato dos Banc\u00e1rios de S\u00e3o Bento do Sul e Regi\u00e3o","publisher":{"@id":"https:\/\/sindicatodosbancarios.org.br\/site2022\/#organization"},"potentialAction":[{"@type":"SearchAction","target":{"@type":"EntryPoint","urlTemplate":"https:\/\/sindicatodosbancarios.org.br\/site2022\/?s={search_term_string}"},"query-input":"required name=search_term_string"}],"inLanguage":"pt-BR"},{"@type":"Organization","@id":"https:\/\/sindicatodosbancarios.org.br\/site2022\/#organization","name":"Sindicato dos Banc\u00e1rios de S\u00e3o Bento do Sul e Regi\u00e3o","url":"https:\/\/sindicatodosbancarios.org.br\/site2022\/","logo":{"@type":"ImageObject","inLanguage":"pt-BR","@id":"https:\/\/sindicatodosbancarios.org.br\/site2022\/#\/schema\/logo\/image\/","url":"https:\/\/sindicatodosbancarios.org.br\/site2022\/wp-content\/uploads\/2017\/06\/cropped-logo-2.png","contentUrl":"https:\/\/sindicatodosbancarios.org.br\/site2022\/wp-content\/uploads\/2017\/06\/cropped-logo-2.png","width":292,"height":292,"caption":"Sindicato dos Banc\u00e1rios de S\u00e3o Bento do Sul e Regi\u00e3o"},"image":{"@id":"https:\/\/sindicatodosbancarios.org.br\/site2022\/#\/schema\/logo\/image\/"}},{"@type":"Person","@id":"https:\/\/sindicatodosbancarios.org.br\/site2022\/#\/schema\/person\/a7d92da77d1084df4d28b57962f1e1bd","name":"Sindicato dos Banc\u00e1rios S\u00e3o Bento do Sul e Regi\u00e3o","image":{"@type":"ImageObject","inLanguage":"pt-BR","@id":"https:\/\/sindicatodosbancarios.org.br\/site2022\/#\/schema\/person\/image\/","url":"https:\/\/secure.gravatar.com\/avatar\/f1d1a06f698f2345352e539387180d42?s=96&d=mm&r=g","contentUrl":"https:\/\/secure.gravatar.com\/avatar\/f1d1a06f698f2345352e539387180d42?s=96&d=mm&r=g","caption":"Sindicato dos Banc\u00e1rios S\u00e3o Bento do Sul e Regi\u00e3o"},"sameAs":["http:\/\/sindicatodosbancarios.org.br\/site2022\/","https:\/\/www.facebook.com\/seeb.sbs.9"],"url":"https:\/\/sindicatodosbancarios.org.br\/site2022\/author\/sindicatodosbancarios\/"}]}},"jetpack_featured_media_url":"https:\/\/sindicatodosbancarios.org.br\/site2022\/wp-content\/uploads\/2017\/08\/45.jpg","jetpack_sharing_enabled":true,"jetpack_shortlink":"https:\/\/wp.me\/p8RSbI-Od","jetpack-related-posts":[{"id":4649,"url":"https:\/\/sindicatodosbancarios.org.br\/site2022\/2020\/10\/15\/informe-bancario-392-2020-bpc-aposentadoria-e-demais-beneficios-do-inss-saiba-quanto-voce-ira-receber-em-2021\/","url_meta":{"origin":3113,"position":0},"title":"INFORME BANC\u00c1RIO \u2013 392\/2020 BPC, aposentadoria e demais benef\u00edcios do INSS: Saiba quanto voc\u00ea ir\u00e1 receber em 2021","date":"15 de outubro de 2020","format":false,"excerpt":"A equipe econ\u00f4mica liderada pelo ministro Paulo Guedes j\u00e1 definiu o aumento dos benef\u00edcios previdenci\u00e1rios para o ano que vem. O valor do\u00a0sal\u00e1rio m\u00ednimo de 2021\u00a0j\u00e1 foi definido pelo Governo Federal e enviado ao Congresso para aprova\u00e7\u00e3o. Sem aumento real, o sal\u00e1rio m\u00ednimo que atualmente \u00e9 de R$ 1.045 passar\u00e1\u2026","rel":"","context":"Em &quot;Geral&quot;","img":{"alt_text":"","src":"https:\/\/i0.wp.com\/sindicatodosbancarios.org.br\/site2022\/wp-content\/uploads\/2020\/06\/mei-aposentadoria1.jpg?resize=350%2C200&ssl=1","width":350,"height":200},"classes":[]},{"id":5038,"url":"https:\/\/sindicatodosbancarios.org.br\/site2022\/2021\/01\/18\/informe-bancario-23-2021-previ-orienta-funcionarios-do-bb-sobre-aposentadoria-apos-anuncio-de-reestruturacao\/","url_meta":{"origin":3113,"position":1},"title":"INFORME BANC\u00c1RIO \u2013 23\/2021 Previ orienta funcion\u00e1rios do BB sobre aposentadoria ap\u00f3s an\u00fancio de reestrutura\u00e7\u00e3o","date":"18 de janeiro de 2021","format":false,"excerpt":"A partir do an\u00fancio da nova reestrutura\u00e7\u00e3o no Banco do Brasil, a Previ publicou em seu portal os esclarecimentos sobre solicita\u00e7\u00e3o de benef\u00edcios de aposentadoria e perman\u00eancia no plano para os associados que optarem pelo desligamento. A Caixa de Previd\u00eancia dos Funcion\u00e1rios do BB orienta a consulta aos regulamentos do\u2026","rel":"","context":"Em &quot;Banco do Brasil&quot;","img":{"alt_text":"","src":"https:\/\/i0.wp.com\/sindicatodosbancarios.org.br\/site2022\/wp-content\/uploads\/2021\/01\/banco-do-brasil-700x350.jpg?resize=350%2C200&ssl=1","width":350,"height":200},"classes":[]},{"id":5029,"url":"https:\/\/sindicatodosbancarios.org.br\/site2022\/2021\/01\/14\/informe-bancario-20-2021-paq-pde-orientacoes-sobre-a-previ\/","url_meta":{"origin":3113,"position":2},"title":"INFORME BANC\u00c1RIO \u2013 20\/2021 PAQ\/PDE: orienta\u00e7\u00f5es sobre a Previ","date":"14 de janeiro de 2021","format":false,"excerpt":"Com o lan\u00e7amento pelo Banco do Brasil dos Planos de Adequa\u00e7\u00e3o de Quadros (PAQ) e de Desligamento Extraordin\u00e1rio (PDE), a Previ traz diversos esclarecimentos a seus associados sobre a solicita\u00e7\u00e3o de seus benef\u00edcios de aposentadoria e sobre a perman\u00eancia no plano de benef\u00edcios para quem optar pelo desligamento consensual. Tamb\u00e9m\u2026","rel":"","context":"Em &quot;Banco do Brasil&quot;","img":{"alt_text":"","src":"https:\/\/i0.wp.com\/sindicatodosbancarios.org.br\/site2022\/wp-content\/uploads\/2020\/07\/concurso-pu\u0301blico-bb-cursodememorizac\u0327a\u0303o-2.jpg?resize=350%2C200&ssl=1","width":350,"height":200},"classes":[]},{"id":4479,"url":"https:\/\/sindicatodosbancarios.org.br\/site2022\/2020\/09\/11\/informe-bancario-342-2020-reforma-cria-duas-classes-de-servidor-sem-estabilidade\/","url_meta":{"origin":3113,"position":3},"title":"INFORME BANC\u00c1RIO \u2013 342\/2020 Reforma cria duas classes de servidor sem estabilidade","date":"11 de setembro de 2020","format":false,"excerpt":"A reforma administrativa que o governo promete entregar hoje ao Congresso prev\u00ea duas categorias de futuros servidores que poder\u00e3o ser demitidos. Eles n\u00e3o ter\u00e3o estabilidade, que vai ficar restrita \u00e0s carreiras de Estado. Al\u00e9m de blindar servidores atuais do Executivo, o texto tamb\u00e9m n\u00e3o vai mexer nas regras para contrata\u00e7\u00e3o,\u2026","rel":"","context":"Em &quot;Geral&quot;","img":{"alt_text":"","src":"https:\/\/i0.wp.com\/sindicatodosbancarios.org.br\/site2022\/wp-content\/uploads\/2020\/06\/equipe-do-ministro-paulo-guedes-economia-anunciou-que-vai-passar-a-cobrar-contribuicao-previdenciaria-do-seguro-desemprego-1573590732966_v2_976x549.jpg?resize=350%2C200&ssl=1","width":350,"height":200},"classes":[]},{"id":5665,"url":"https:\/\/sindicatodosbancarios.org.br\/site2022\/2021\/09\/02\/informe-bancario-207-2021-concessao-de-aposentadoria-por-invalidez-desaba-apos-reforma-da-previdencia\/","url_meta":{"origin":3113,"position":4},"title":"INFORME BANC\u00c1RIO \u2013 207\/2021 Concess\u00e3o de aposentadoria por invalidez desaba ap\u00f3s reforma da Previd\u00eancia","date":"2 de setembro de 2021","format":false,"excerpt":"Com a mudan\u00e7a, em vigor desde o fim de 2019, governo dificultou que algumas doen\u00e7as sejam consideradas v\u00e1lidas para a concess\u00e3o. A aposentadoria por incapacidade permanente, tamb\u00e9m conhecida como\u00a0aposentadoria por invalidez, \u00e9 uma modalidade garantida a segurados do Instituto Nacional do Seguro Social (INSS) que estejam incapacitados de forma definitiva\u2026","rel":"","context":"Em &quot;Geral&quot;","img":{"alt_text":"","src":"https:\/\/i0.wp.com\/sindicatodosbancarios.org.br\/site2022\/wp-content\/uploads\/2021\/09\/mudancas-aposentadoria.jpg?resize=350%2C200&ssl=1","width":350,"height":200},"classes":[]},{"id":5384,"url":"https:\/\/sindicatodosbancarios.org.br\/site2022\/2021\/05\/07\/informe-bancarios-120-2021-governo-antecipa-13o-para-aposentados-e-pensionistas-do-inss-veja-as-datas\/","url_meta":{"origin":3113,"position":5},"title":"INFORME BANC\u00c1RIOS \u2013 120\/2021 Governo antecipa 13\u00ba para aposentados e pensionistas do INSS; veja as datas","date":"7 de maio de 2021","format":false,"excerpt":"O presidente Jair Bolsonaro (sem partido) assinou ontem um decreto que antecipa em tr\u00eas meses o pagamento do abono anual (13\u00ba sal\u00e1rio) para segurados e dependentes da Previd\u00eancia Social que recebem aposentadoria, pens\u00e3o por morte, aux\u00edlio-doen\u00e7a, aux\u00edlio-acidente ou aux\u00edlio-reclus\u00e3o. A medida foi publicada no DOU (Di\u00e1rio Oficial da Uni\u00e3o) de\u2026","rel":"","context":"Em &quot;Geral&quot;","img":{"alt_text":"","src":"https:\/\/i0.wp.com\/sindicatodosbancarios.org.br\/site2022\/wp-content\/uploads\/2020\/11\/Salario.jpg?resize=350%2C200&ssl=1","width":350,"height":200},"classes":[]}],"_links":{"self":[{"href":"https:\/\/sindicatodosbancarios.org.br\/site2022\/wp-json\/wp\/v2\/posts\/3113"}],"collection":[{"href":"https:\/\/sindicatodosbancarios.org.br\/site2022\/wp-json\/wp\/v2\/posts"}],"about":[{"href":"https:\/\/sindicatodosbancarios.org.br\/site2022\/wp-json\/wp\/v2\/types\/post"}],"author":[{"embeddable":true,"href":"https:\/\/sindicatodosbancarios.org.br\/site2022\/wp-json\/wp\/v2\/users\/2"}],"replies":[{"embeddable":true,"href":"https:\/\/sindicatodosbancarios.org.br\/site2022\/wp-json\/wp\/v2\/comments?post=3113"}],"version-history":[{"count":1,"href":"https:\/\/sindicatodosbancarios.org.br\/site2022\/wp-json\/wp\/v2\/posts\/3113\/revisions"}],"predecessor-version":[{"id":3114,"href":"https:\/\/sindicatodosbancarios.org.br\/site2022\/wp-json\/wp\/v2\/posts\/3113\/revisions\/3114"}],"wp:featuredmedia":[{"embeddable":true,"href":"https:\/\/sindicatodosbancarios.org.br\/site2022\/wp-json\/wp\/v2\/media\/1650"}],"wp:attachment":[{"href":"https:\/\/sindicatodosbancarios.org.br\/site2022\/wp-json\/wp\/v2\/media?parent=3113"}],"wp:term":[{"taxonomy":"category","embeddable":true,"href":"https:\/\/sindicatodosbancarios.org.br\/site2022\/wp-json\/wp\/v2\/categories?post=3113"},{"taxonomy":"post_tag","embeddable":true,"href":"https:\/\/sindicatodosbancarios.org.br\/site2022\/wp-json\/wp\/v2\/tags?post=3113"}],"curies":[{"name":"wp","href":"https:\/\/api.w.org\/{rel}","templated":true}]}}