{"id":3121,"date":"2019-10-28T14:44:51","date_gmt":"2019-10-28T17:44:51","guid":{"rendered":"https:\/\/sindicatodosbancarios.org.br\/?p=3121"},"modified":"2019-10-28T15:14:47","modified_gmt":"2019-10-28T18:14:47","slug":"informe-bancario-056-2019-banqueiros-comemoram-fim-da-saga-da-previdencia-e-ja-querem-mais","status":"publish","type":"post","link":"https:\/\/sindicatodosbancarios.org.br\/site2022\/2019\/10\/28\/informe-bancario-056-2019-banqueiros-comemoram-fim-da-saga-da-previdencia-e-ja-querem-mais\/","title":{"rendered":"INFORME BANC\u00c1RIO &#8211; 056 \/ 2019 &#8211; BANQUEIROS COMEMORAM FIM DA SAGA DA PREVID\u00caNCIA E J\u00c1 QUEREM MAIS"},"content":{"rendered":"<div class=\" author has-image\" data-src=\"mouseover\">Executivos dos maiores bancos do Brasil foram un\u00e2nimes em aplaudir a aprova\u00e7\u00e3o da t\u00e3o esperada reforma da Previd\u00eancia &#8212; e j\u00e1 deixaram claro qual eles acham que deve ser a pr\u00f3xima prioridade do governo.<\/div>\n<div class=\"text\">\n<p>Com o principal item de sua lista de desejos para a economia cumprido ap\u00f3s anos de discuss\u00f5es, banqueiros de institui\u00e7\u00f5es como Ita\u00fa Unibanco e BTG Pactual agora se empenham na defesa da reforma administrativa, que visa reduzir os custos do funcionalismo p\u00fablico brasileiro, com mudan\u00e7as nas pol\u00edticas de remunera\u00e7\u00e3o, m\u00e9tricas de produtividade e demiss\u00e3o, entre outras.<\/p>\n<\/div>\n<p>&#8220;A reforma da Previd\u00eancia, agora aprovada, juntamente com a reforma administrativa, que ser\u00e1 discutida no pr\u00f3ximo ano, marcam as etapas finais da estabiliza\u00e7\u00e3o financeira que come\u00e7ou em 1994&#8221;, disse Roberto Sallouti, presidente do BTG. &#8220;O pa\u00eds poder\u00e1 se concentrar na agenda de produtividade, melhorando o PIB per capita e a vida dos brasileiros.&#8221;<\/p>\n<p>A reforma aprovada pelo Senado estabelece uma idade m\u00ednima para a aposentadoria e restringe o acesso a alguns benef\u00edcios sociais, mudan\u00e7as consideradas necess\u00e1rias para reverter a deteriora\u00e7\u00e3o das contas p\u00fablicas. A vota\u00e7\u00e3o de quarta-feira passada encerrou um tumultuado processo de oito meses marcado por intensas negocia\u00e7\u00f5es, reveses e in\u00fameras concess\u00f5es para garantir a aprova\u00e7\u00e3o da PEC da Previd\u00eancia, que pode gerar economias de quase US$ 200 bilh\u00f5es na pr\u00f3xima d\u00e9cada.<\/p>\n<p>O pr\u00f3ximo item da lista de prioridades dos banqueiros promete ser outra batalha dif\u00edcil. O governo gastou cerca de R$ 725 bilh\u00f5es com o funcionalismo p\u00fablico em 2017, de acordo com relat\u00f3rio do Banco Mundial. Os sal\u00e1rios s\u00e3o geralmente 96% mais altos do que os de um cargo equivalente no setor privado, mostram os dados.<\/p>\n<p>&#8220;\u00c9 fundamental que o governo e o Congresso continuem a avan\u00e7ar em outras frentes, como as reformas administrativa e tribut\u00e1ria, al\u00e9m de medidas que destravem a economia e aumentem a competi\u00e7\u00e3o nos setores mais importantes da atividade&#8221;, afirmou Sergio Rial, presidente do Banco Santander no Brasil.<\/p>\n<p>A continuidade de reformas \u00e9 vista pelos banqueiros como essencial para fazer a economia crescer mais rapidamente. Candido Bracher, presidente-executivo do Ita\u00fa Unibanco, disse que a reforma da Previd\u00eancia &#8220;era uma etapa necess\u00e1ria, ainda que insuficiente, para que o Brasil eleve seu potencial de crescimento&#8221;.<\/p>\n<p>A economia brasileira deve crescer apenas 1% pelo terceiro ano consecutivo em 2019 e 2% em 2020, segundo estimativas compiladas pela Bloomberg.<\/p>\n<p>O ministro da Economia, Paulo Guedes, tem uma agenda ambiciosa para reduzir o tamanho do Estado &#8211; bem em linha com as necessidades do pa\u00eds destacadas por executivos do setor financeiro. Em entrevista esta semana, Guedes disse que priorizaria o ajuste do or\u00e7amento do setor p\u00fablico assim que o governo obtivesse a aprova\u00e7\u00e3o da reforma da Previd\u00eancia. A &#8220;agenda de transforma\u00e7\u00e3o do Estado&#8221; inclui o estabelecimento de um chamado Conselho Fiscal da Rep\u00fablica, reformas administrativas e tribut\u00e1ria &#8211; embora o projeto desta \u00faltima deva ser enviado posteriormente.<\/p>\n<p>Embora a maioria dos banqueiros tenha destacado a necessidade de outras medidas, alguns j\u00e1 veem na aprova\u00e7\u00e3o da reforma da Previd\u00eancia um catalisador do otimismo. Guilherme Benchimol, presidente da XP Investimentos, a maior corretora de varejo do pa\u00eds, classificou a reforma como o &#8220;primeiro passo fundamental para demonstrarmos o n\u00edvel de comprometimento do governo e dos congressistas do Brasil com as contas p\u00fablicas&#8221;, acrescentando que o pa\u00eds est\u00e1 entrando em &#8220;um longo e s\u00f3lido ciclo de crescimento da economia&#8221;.<\/p>\n<p>Num governo muitas vezes envolvido em pol\u00eamicas &#8211; desde disputas pol\u00edticas \u00e0s quest\u00f5es ambientais -, a aprova\u00e7\u00e3o da reforma da Previd\u00eancia permite uma &#8220;narrativa construtiva em rela\u00e7\u00e3o \u00e0 uma agenda positiva do Brasil&#8221;, afirmou Octavio de Lazari, presidente do Bradesco, segundo maior banco do pa\u00eds em valor de mercado.<\/p>\n<p>&#8220;O crescimento da confiabilidade do Brasil perante o mercado internacional ter\u00e1 efeito not\u00e1vel na atra\u00e7\u00e3o de mais fluxo de investimentos para aplica\u00e7\u00f5es diretas e na Bolsa&#8221;, disse.<\/p>\n<div class=\"text\">\n<p><span style=\"font-size: 8pt;\">\u00a0Blomberg\/ Felipe Marques \/ 28\/10\/2019 12h08 \/\u00a0uol<\/span><\/p>\n<\/div>\n","protected":false},"excerpt":{"rendered":"<p>Executivos dos maiores bancos do Brasil foram un\u00e2nimes em aplaudir a aprova\u00e7\u00e3o da t\u00e3o esperada reforma da Previd\u00eancia [&hellip;]<\/p>\n","protected":false},"author":2,"featured_media":3125,"comment_status":"open","ping_status":"open","sticky":false,"template":"","format":"standard","meta":{"jetpack_post_was_ever_published":false,"jetpack_publicize_message":"","jetpack_is_tweetstorm":false,"jetpack_publicize_feature_enabled":true,"jetpack_social_post_already_shared":true,"jetpack_social_options":[]},"categories":[1],"tags":[],"jetpack_publicize_connections":[],"acf":[],"yoast_head":"<!-- This site is optimized with the Yoast SEO plugin v19.14 - https:\/\/yoast.com\/wordpress\/plugins\/seo\/ -->\n<title>INFORME BANC\u00c1RIO - 056 \/ 2019 - BANQUEIROS COMEMORAM FIM DA SAGA DA PREVID\u00caNCIA E J\u00c1 QUEREM MAIS - Sindicato dos Banc\u00e1rios de S\u00e3o Bento do Sul e Regi\u00e3o<\/title>\n<meta name=\"robots\" content=\"index, follow, max-snippet:-1, max-image-preview:large, max-video-preview:-1\" \/>\n<link rel=\"canonical\" href=\"https:\/\/sindicatodosbancarios.org.br\/site2022\/2019\/10\/28\/informe-bancario-056-2019-banqueiros-comemoram-fim-da-saga-da-previdencia-e-ja-querem-mais\/\" \/>\n<meta property=\"og:locale\" content=\"pt_BR\" \/>\n<meta property=\"og:type\" content=\"article\" \/>\n<meta property=\"og:title\" content=\"INFORME BANC\u00c1RIO - 056 \/ 2019 - BANQUEIROS COMEMORAM FIM DA SAGA DA PREVID\u00caNCIA E J\u00c1 QUEREM MAIS - Sindicato dos Banc\u00e1rios de S\u00e3o Bento do Sul e Regi\u00e3o\" \/>\n<meta property=\"og:description\" content=\"Executivos dos maiores bancos do Brasil foram un\u00e2nimes em aplaudir a aprova\u00e7\u00e3o da t\u00e3o esperada reforma da Previd\u00eancia [&hellip;]\" \/>\n<meta property=\"og:url\" content=\"https:\/\/sindicatodosbancarios.org.br\/site2022\/2019\/10\/28\/informe-bancario-056-2019-banqueiros-comemoram-fim-da-saga-da-previdencia-e-ja-querem-mais\/\" \/>\n<meta property=\"og:site_name\" content=\"Sindicato dos Banc\u00e1rios de S\u00e3o Bento do Sul e Regi\u00e3o\" \/>\n<meta property=\"article:author\" content=\"https:\/\/www.facebook.com\/seeb.sbs.9\" \/>\n<meta property=\"article:published_time\" content=\"2019-10-28T17:44:51+00:00\" \/>\n<meta property=\"article:modified_time\" content=\"2019-10-28T18:14:47+00:00\" \/>\n<meta property=\"og:image\" content=\"https:\/\/sindicatodosbancarios.org.br\/site2022\/wp-content\/uploads\/2019\/10\/download-2.jpg\" \/>\n\t<meta property=\"og:image:width\" content=\"312\" \/>\n\t<meta property=\"og:image:height\" content=\"162\" \/>\n\t<meta property=\"og:image:type\" content=\"image\/jpeg\" \/>\n<meta name=\"author\" content=\"Sindicato dos Banc\u00e1rios S\u00e3o Bento do Sul e Regi\u00e3o\" \/>\n<meta name=\"twitter:card\" content=\"summary_large_image\" \/>\n<meta name=\"twitter:label1\" content=\"Escrito por\" \/>\n\t<meta name=\"twitter:data1\" content=\"Sindicato dos Banc\u00e1rios S\u00e3o Bento do Sul e Regi\u00e3o\" \/>\n\t<meta name=\"twitter:label2\" content=\"Est. tempo de leitura\" \/>\n\t<meta name=\"twitter:data2\" content=\"3 minutos\" \/>\n<script type=\"application\/ld+json\" class=\"yoast-schema-graph\">{\"@context\":\"https:\/\/schema.org\",\"@graph\":[{\"@type\":\"Article\",\"@id\":\"https:\/\/sindicatodosbancarios.org.br\/site2022\/2019\/10\/28\/informe-bancario-056-2019-banqueiros-comemoram-fim-da-saga-da-previdencia-e-ja-querem-mais\/#article\",\"isPartOf\":{\"@id\":\"https:\/\/sindicatodosbancarios.org.br\/site2022\/2019\/10\/28\/informe-bancario-056-2019-banqueiros-comemoram-fim-da-saga-da-previdencia-e-ja-querem-mais\/\"},\"author\":{\"name\":\"Sindicato dos Banc\u00e1rios S\u00e3o Bento do Sul e Regi\u00e3o\",\"@id\":\"https:\/\/sindicatodosbancarios.org.br\/site2022\/#\/schema\/person\/a7d92da77d1084df4d28b57962f1e1bd\"},\"headline\":\"INFORME BANC\u00c1RIO &#8211; 056 \/ 2019 &#8211; BANQUEIROS COMEMORAM FIM DA SAGA DA PREVID\u00caNCIA E J\u00c1 QUEREM MAIS\",\"datePublished\":\"2019-10-28T17:44:51+00:00\",\"dateModified\":\"2019-10-28T18:14:47+00:00\",\"mainEntityOfPage\":{\"@id\":\"https:\/\/sindicatodosbancarios.org.br\/site2022\/2019\/10\/28\/informe-bancario-056-2019-banqueiros-comemoram-fim-da-saga-da-previdencia-e-ja-querem-mais\/\"},\"wordCount\":705,\"commentCount\":0,\"publisher\":{\"@id\":\"https:\/\/sindicatodosbancarios.org.br\/site2022\/#organization\"},\"articleSection\":[\"Geral\"],\"inLanguage\":\"pt-BR\",\"potentialAction\":[{\"@type\":\"CommentAction\",\"name\":\"Comment\",\"target\":[\"https:\/\/sindicatodosbancarios.org.br\/site2022\/2019\/10\/28\/informe-bancario-056-2019-banqueiros-comemoram-fim-da-saga-da-previdencia-e-ja-querem-mais\/#respond\"]}]},{\"@type\":\"WebPage\",\"@id\":\"https:\/\/sindicatodosbancarios.org.br\/site2022\/2019\/10\/28\/informe-bancario-056-2019-banqueiros-comemoram-fim-da-saga-da-previdencia-e-ja-querem-mais\/\",\"url\":\"https:\/\/sindicatodosbancarios.org.br\/site2022\/2019\/10\/28\/informe-bancario-056-2019-banqueiros-comemoram-fim-da-saga-da-previdencia-e-ja-querem-mais\/\",\"name\":\"INFORME BANC\u00c1RIO - 056 \/ 2019 - BANQUEIROS COMEMORAM FIM DA SAGA DA PREVID\u00caNCIA E J\u00c1 QUEREM MAIS - Sindicato dos Banc\u00e1rios de S\u00e3o Bento do Sul e Regi\u00e3o\",\"isPartOf\":{\"@id\":\"https:\/\/sindicatodosbancarios.org.br\/site2022\/#website\"},\"datePublished\":\"2019-10-28T17:44:51+00:00\",\"dateModified\":\"2019-10-28T18:14:47+00:00\",\"breadcrumb\":{\"@id\":\"https:\/\/sindicatodosbancarios.org.br\/site2022\/2019\/10\/28\/informe-bancario-056-2019-banqueiros-comemoram-fim-da-saga-da-previdencia-e-ja-querem-mais\/#breadcrumb\"},\"inLanguage\":\"pt-BR\",\"potentialAction\":[{\"@type\":\"ReadAction\",\"target\":[\"https:\/\/sindicatodosbancarios.org.br\/site2022\/2019\/10\/28\/informe-bancario-056-2019-banqueiros-comemoram-fim-da-saga-da-previdencia-e-ja-querem-mais\/\"]}]},{\"@type\":\"BreadcrumbList\",\"@id\":\"https:\/\/sindicatodosbancarios.org.br\/site2022\/2019\/10\/28\/informe-bancario-056-2019-banqueiros-comemoram-fim-da-saga-da-previdencia-e-ja-querem-mais\/#breadcrumb\",\"itemListElement\":[{\"@type\":\"ListItem\",\"position\":1,\"name\":\"In\u00edcio\",\"item\":\"https:\/\/sindicatodosbancarios.org.br\/site2022\/\"},{\"@type\":\"ListItem\",\"position\":2,\"name\":\"INFORME BANC\u00c1RIO &#8211; 056 \/ 2019 &#8211; BANQUEIROS COMEMORAM FIM DA SAGA DA PREVID\u00caNCIA E J\u00c1 QUEREM MAIS\"}]},{\"@type\":\"WebSite\",\"@id\":\"https:\/\/sindicatodosbancarios.org.br\/site2022\/#website\",\"url\":\"https:\/\/sindicatodosbancarios.org.br\/site2022\/\",\"name\":\"Sindicato dos Banc\u00e1rios de S\u00e3o Bento do Sul e Regi\u00e3o\",\"description\":\"Website institucional do Sindicato dos Banc\u00e1rios de S\u00e3o Bento do Sul e Regi\u00e3o\",\"publisher\":{\"@id\":\"https:\/\/sindicatodosbancarios.org.br\/site2022\/#organization\"},\"potentialAction\":[{\"@type\":\"SearchAction\",\"target\":{\"@type\":\"EntryPoint\",\"urlTemplate\":\"https:\/\/sindicatodosbancarios.org.br\/site2022\/?s={search_term_string}\"},\"query-input\":\"required name=search_term_string\"}],\"inLanguage\":\"pt-BR\"},{\"@type\":\"Organization\",\"@id\":\"https:\/\/sindicatodosbancarios.org.br\/site2022\/#organization\",\"name\":\"Sindicato dos Banc\u00e1rios de S\u00e3o Bento do Sul e Regi\u00e3o\",\"url\":\"https:\/\/sindicatodosbancarios.org.br\/site2022\/\",\"logo\":{\"@type\":\"ImageObject\",\"inLanguage\":\"pt-BR\",\"@id\":\"https:\/\/sindicatodosbancarios.org.br\/site2022\/#\/schema\/logo\/image\/\",\"url\":\"https:\/\/sindicatodosbancarios.org.br\/site2022\/wp-content\/uploads\/2017\/06\/cropped-logo-2.png\",\"contentUrl\":\"https:\/\/sindicatodosbancarios.org.br\/site2022\/wp-content\/uploads\/2017\/06\/cropped-logo-2.png\",\"width\":292,\"height\":292,\"caption\":\"Sindicato dos Banc\u00e1rios de S\u00e3o Bento do Sul e Regi\u00e3o\"},\"image\":{\"@id\":\"https:\/\/sindicatodosbancarios.org.br\/site2022\/#\/schema\/logo\/image\/\"}},{\"@type\":\"Person\",\"@id\":\"https:\/\/sindicatodosbancarios.org.br\/site2022\/#\/schema\/person\/a7d92da77d1084df4d28b57962f1e1bd\",\"name\":\"Sindicato dos Banc\u00e1rios S\u00e3o Bento do Sul e Regi\u00e3o\",\"image\":{\"@type\":\"ImageObject\",\"inLanguage\":\"pt-BR\",\"@id\":\"https:\/\/sindicatodosbancarios.org.br\/site2022\/#\/schema\/person\/image\/\",\"url\":\"https:\/\/secure.gravatar.com\/avatar\/f1d1a06f698f2345352e539387180d42?s=96&d=mm&r=g\",\"contentUrl\":\"https:\/\/secure.gravatar.com\/avatar\/f1d1a06f698f2345352e539387180d42?s=96&d=mm&r=g\",\"caption\":\"Sindicato dos Banc\u00e1rios S\u00e3o Bento do Sul e Regi\u00e3o\"},\"sameAs\":[\"http:\/\/sindicatodosbancarios.org.br\/site2022\/\",\"https:\/\/www.facebook.com\/seeb.sbs.9\"],\"url\":\"https:\/\/sindicatodosbancarios.org.br\/site2022\/author\/sindicatodosbancarios\/\"}]}<\/script>\n<!-- \/ Yoast SEO plugin. -->","yoast_head_json":{"title":"INFORME BANC\u00c1RIO - 056 \/ 2019 - BANQUEIROS COMEMORAM FIM DA SAGA DA PREVID\u00caNCIA E J\u00c1 QUEREM MAIS - Sindicato dos Banc\u00e1rios de S\u00e3o Bento do Sul e Regi\u00e3o","robots":{"index":"index","follow":"follow","max-snippet":"max-snippet:-1","max-image-preview":"max-image-preview:large","max-video-preview":"max-video-preview:-1"},"canonical":"https:\/\/sindicatodosbancarios.org.br\/site2022\/2019\/10\/28\/informe-bancario-056-2019-banqueiros-comemoram-fim-da-saga-da-previdencia-e-ja-querem-mais\/","og_locale":"pt_BR","og_type":"article","og_title":"INFORME BANC\u00c1RIO - 056 \/ 2019 - BANQUEIROS COMEMORAM FIM DA SAGA DA PREVID\u00caNCIA E J\u00c1 QUEREM MAIS - Sindicato dos Banc\u00e1rios de S\u00e3o Bento do Sul e Regi\u00e3o","og_description":"Executivos dos maiores bancos do Brasil foram un\u00e2nimes em aplaudir a aprova\u00e7\u00e3o da t\u00e3o esperada reforma da Previd\u00eancia [&hellip;]","og_url":"https:\/\/sindicatodosbancarios.org.br\/site2022\/2019\/10\/28\/informe-bancario-056-2019-banqueiros-comemoram-fim-da-saga-da-previdencia-e-ja-querem-mais\/","og_site_name":"Sindicato dos Banc\u00e1rios de S\u00e3o Bento do Sul e Regi\u00e3o","article_author":"https:\/\/www.facebook.com\/seeb.sbs.9","article_published_time":"2019-10-28T17:44:51+00:00","article_modified_time":"2019-10-28T18:14:47+00:00","og_image":[{"width":312,"height":162,"url":"https:\/\/sindicatodosbancarios.org.br\/site2022\/wp-content\/uploads\/2019\/10\/download-2.jpg","type":"image\/jpeg"}],"author":"Sindicato dos Banc\u00e1rios S\u00e3o Bento do Sul e Regi\u00e3o","twitter_card":"summary_large_image","twitter_misc":{"Escrito por":"Sindicato dos Banc\u00e1rios S\u00e3o Bento do Sul e Regi\u00e3o","Est. tempo de leitura":"3 minutos"},"schema":{"@context":"https:\/\/schema.org","@graph":[{"@type":"Article","@id":"https:\/\/sindicatodosbancarios.org.br\/site2022\/2019\/10\/28\/informe-bancario-056-2019-banqueiros-comemoram-fim-da-saga-da-previdencia-e-ja-querem-mais\/#article","isPartOf":{"@id":"https:\/\/sindicatodosbancarios.org.br\/site2022\/2019\/10\/28\/informe-bancario-056-2019-banqueiros-comemoram-fim-da-saga-da-previdencia-e-ja-querem-mais\/"},"author":{"name":"Sindicato dos Banc\u00e1rios S\u00e3o Bento do Sul e Regi\u00e3o","@id":"https:\/\/sindicatodosbancarios.org.br\/site2022\/#\/schema\/person\/a7d92da77d1084df4d28b57962f1e1bd"},"headline":"INFORME BANC\u00c1RIO &#8211; 056 \/ 2019 &#8211; BANQUEIROS COMEMORAM FIM DA SAGA DA PREVID\u00caNCIA E J\u00c1 QUEREM MAIS","datePublished":"2019-10-28T17:44:51+00:00","dateModified":"2019-10-28T18:14:47+00:00","mainEntityOfPage":{"@id":"https:\/\/sindicatodosbancarios.org.br\/site2022\/2019\/10\/28\/informe-bancario-056-2019-banqueiros-comemoram-fim-da-saga-da-previdencia-e-ja-querem-mais\/"},"wordCount":705,"commentCount":0,"publisher":{"@id":"https:\/\/sindicatodosbancarios.org.br\/site2022\/#organization"},"articleSection":["Geral"],"inLanguage":"pt-BR","potentialAction":[{"@type":"CommentAction","name":"Comment","target":["https:\/\/sindicatodosbancarios.org.br\/site2022\/2019\/10\/28\/informe-bancario-056-2019-banqueiros-comemoram-fim-da-saga-da-previdencia-e-ja-querem-mais\/#respond"]}]},{"@type":"WebPage","@id":"https:\/\/sindicatodosbancarios.org.br\/site2022\/2019\/10\/28\/informe-bancario-056-2019-banqueiros-comemoram-fim-da-saga-da-previdencia-e-ja-querem-mais\/","url":"https:\/\/sindicatodosbancarios.org.br\/site2022\/2019\/10\/28\/informe-bancario-056-2019-banqueiros-comemoram-fim-da-saga-da-previdencia-e-ja-querem-mais\/","name":"INFORME BANC\u00c1RIO - 056 \/ 2019 - BANQUEIROS COMEMORAM FIM DA SAGA DA PREVID\u00caNCIA E J\u00c1 QUEREM MAIS - Sindicato dos Banc\u00e1rios de S\u00e3o Bento do Sul e Regi\u00e3o","isPartOf":{"@id":"https:\/\/sindicatodosbancarios.org.br\/site2022\/#website"},"datePublished":"2019-10-28T17:44:51+00:00","dateModified":"2019-10-28T18:14:47+00:00","breadcrumb":{"@id":"https:\/\/sindicatodosbancarios.org.br\/site2022\/2019\/10\/28\/informe-bancario-056-2019-banqueiros-comemoram-fim-da-saga-da-previdencia-e-ja-querem-mais\/#breadcrumb"},"inLanguage":"pt-BR","potentialAction":[{"@type":"ReadAction","target":["https:\/\/sindicatodosbancarios.org.br\/site2022\/2019\/10\/28\/informe-bancario-056-2019-banqueiros-comemoram-fim-da-saga-da-previdencia-e-ja-querem-mais\/"]}]},{"@type":"BreadcrumbList","@id":"https:\/\/sindicatodosbancarios.org.br\/site2022\/2019\/10\/28\/informe-bancario-056-2019-banqueiros-comemoram-fim-da-saga-da-previdencia-e-ja-querem-mais\/#breadcrumb","itemListElement":[{"@type":"ListItem","position":1,"name":"In\u00edcio","item":"https:\/\/sindicatodosbancarios.org.br\/site2022\/"},{"@type":"ListItem","position":2,"name":"INFORME BANC\u00c1RIO &#8211; 056 \/ 2019 &#8211; BANQUEIROS COMEMORAM FIM DA SAGA DA PREVID\u00caNCIA E J\u00c1 QUEREM MAIS"}]},{"@type":"WebSite","@id":"https:\/\/sindicatodosbancarios.org.br\/site2022\/#website","url":"https:\/\/sindicatodosbancarios.org.br\/site2022\/","name":"Sindicato dos Banc\u00e1rios de S\u00e3o Bento do Sul e Regi\u00e3o","description":"Website institucional do Sindicato dos Banc\u00e1rios de S\u00e3o Bento do Sul e Regi\u00e3o","publisher":{"@id":"https:\/\/sindicatodosbancarios.org.br\/site2022\/#organization"},"potentialAction":[{"@type":"SearchAction","target":{"@type":"EntryPoint","urlTemplate":"https:\/\/sindicatodosbancarios.org.br\/site2022\/?s={search_term_string}"},"query-input":"required name=search_term_string"}],"inLanguage":"pt-BR"},{"@type":"Organization","@id":"https:\/\/sindicatodosbancarios.org.br\/site2022\/#organization","name":"Sindicato dos Banc\u00e1rios de S\u00e3o Bento do Sul e Regi\u00e3o","url":"https:\/\/sindicatodosbancarios.org.br\/site2022\/","logo":{"@type":"ImageObject","inLanguage":"pt-BR","@id":"https:\/\/sindicatodosbancarios.org.br\/site2022\/#\/schema\/logo\/image\/","url":"https:\/\/sindicatodosbancarios.org.br\/site2022\/wp-content\/uploads\/2017\/06\/cropped-logo-2.png","contentUrl":"https:\/\/sindicatodosbancarios.org.br\/site2022\/wp-content\/uploads\/2017\/06\/cropped-logo-2.png","width":292,"height":292,"caption":"Sindicato dos Banc\u00e1rios de S\u00e3o Bento do Sul e Regi\u00e3o"},"image":{"@id":"https:\/\/sindicatodosbancarios.org.br\/site2022\/#\/schema\/logo\/image\/"}},{"@type":"Person","@id":"https:\/\/sindicatodosbancarios.org.br\/site2022\/#\/schema\/person\/a7d92da77d1084df4d28b57962f1e1bd","name":"Sindicato dos Banc\u00e1rios S\u00e3o Bento do Sul e Regi\u00e3o","image":{"@type":"ImageObject","inLanguage":"pt-BR","@id":"https:\/\/sindicatodosbancarios.org.br\/site2022\/#\/schema\/person\/image\/","url":"https:\/\/secure.gravatar.com\/avatar\/f1d1a06f698f2345352e539387180d42?s=96&d=mm&r=g","contentUrl":"https:\/\/secure.gravatar.com\/avatar\/f1d1a06f698f2345352e539387180d42?s=96&d=mm&r=g","caption":"Sindicato dos Banc\u00e1rios S\u00e3o Bento do Sul e Regi\u00e3o"},"sameAs":["http:\/\/sindicatodosbancarios.org.br\/site2022\/","https:\/\/www.facebook.com\/seeb.sbs.9"],"url":"https:\/\/sindicatodosbancarios.org.br\/site2022\/author\/sindicatodosbancarios\/"}]}},"jetpack_featured_media_url":"https:\/\/sindicatodosbancarios.org.br\/site2022\/wp-content\/uploads\/2019\/10\/download-2.jpg","jetpack_sharing_enabled":true,"jetpack_shortlink":"https:\/\/wp.me\/p8RSbI-Ol","jetpack-related-posts":[{"id":4311,"url":"https:\/\/sindicatodosbancarios.org.br\/site2022\/2020\/08\/20\/informe-bancario-306-2020-novas-regras-do-auxilio-doenca-entenda-o-que-mudou-apos-a-reforma-da-previdencia\/","url_meta":{"origin":3121,"position":0},"title":"INFORME BANC\u00c1RIO \u2013 306\/2020 Novas regras do aux\u00edlio-doen\u00e7a: Entenda o que mudou ap\u00f3s a Reforma da Previd\u00eancia","date":"20 de agosto de 2020","format":false,"excerpt":"Regras para ter direito ao aux\u00edlio-doen\u00e7a e aposentadoria por invalidez ficaram mais duras ap\u00f3s a reforma. Entenda como \u00e9 feito o c\u00e1lculo em cada modalidade. Muitos segurados do\u00a0Instituto Nacional do Seguro Social (INSS) ainda t\u00eam d\u00favidas sobre as novas regras da\u00a0aposentadoria, que entraram em vigor ap\u00f3s a Reforma da Previd\u00eancia\u2026","rel":"","context":"Em &quot;Geral&quot;","img":{"alt_text":"","src":"https:\/\/i0.wp.com\/sindicatodosbancarios.org.br\/site2022\/wp-content\/uploads\/2020\/08\/pedido-auxilio-doenca.jpg?resize=350%2C200&ssl=1","width":350,"height":200},"classes":[]},{"id":4454,"url":"https:\/\/sindicatodosbancarios.org.br\/site2022\/2020\/09\/09\/informe-bancario-333-2020-servidores-chamam-reforma-de-caixa-preta-e-dizem-que-agora-e-guerra\/","url_meta":{"origin":3121,"position":1},"title":"INFORME BANC\u00c1RIO \u2013 333\/2020 Servidores chamam reforma de &#8216;caixa preta&#8217; e dizem que &#8216;agora \u00e9 guerra&#8217;","date":"9 de setembro de 2020","format":false,"excerpt":"\u00c0s v\u00e9speras do envio da reforma administrativa pelo governo federal, que mudar\u00e1 as regras para novos integrantes do servi\u00e7o p\u00fablico, os atuais servidores reclamam de falta de di\u00e1logo do governo sobre a proposta. As categorias j\u00e1 est\u00e3o se mobilizando para atuar junto a parlamentares e na Justi\u00e7a. \"Agora, vai se\u2026","rel":"","context":"Em &quot;Geral&quot;","img":{"alt_text":"","src":"https:\/\/i0.wp.com\/sindicatodosbancarios.org.br\/site2022\/wp-content\/uploads\/2020\/09\/camara-dos-deputados.jpg?resize=350%2C200&ssl=1","width":350,"height":200},"classes":[]},{"id":4983,"url":"https:\/\/sindicatodosbancarios.org.br\/site2022\/2021\/01\/07\/informe-bancario-489-2021-novas-regras-de-aposentadorias-e-pensoes-do-inss-em-2021-comecam-a-valer-entenda\/","url_meta":{"origin":3121,"position":2},"title":"INFORME BANC\u00c1RIO \u2013 11\/2021 Novas regras de aposentadorias e pens\u00f5es do INSS em 2021 come\u00e7am a valer; entenda","date":"7 de janeiro de 2021","format":false,"excerpt":"Segundo o especialista Hil\u00e1rio Bocchi J\u00fanior, ap\u00f3s a Reforma da Previd\u00eancia, cada in\u00edcio de ano tem novos gatilhos para trabalhador obter benef\u00edcios. A Reforma da Previd\u00eancia aconteceu em novembro de 2019, mas seus efeitos ser\u00e3o duradouros. Alguns gatilhos ser\u00e3o acionados sempre quando come\u00e7ar um ano novo e, nos pr\u00f3ximos sete\u2026","rel":"","context":"Em &quot;Geral&quot;","img":{"alt_text":"","src":"https:\/\/i0.wp.com\/sindicatodosbancarios.org.br\/site2022\/wp-content\/uploads\/2020\/06\/n_42647_16228b5e1674c79bce66f686777a9b59.1.jpg?resize=350%2C200&ssl=1","width":350,"height":200},"classes":[]},{"id":5581,"url":"https:\/\/sindicatodosbancarios.org.br\/site2022\/2021\/08\/06\/informe-bancario-182-2021-veja-quem-ainda-consegue-se-aposentar-sem-idade-minima\/","url_meta":{"origin":3121,"position":3},"title":"INFORME BANC\u00c1RIO \u2013 182\/2021 Veja quem ainda consegue se aposentar sem idade m\u00ednima","date":"6 de agosto de 2021","format":false,"excerpt":"Reforma passou a exigir limite de idade; confira casos em que n\u00e3o \u00e9 preciso cumprir essa exig\u00eancia no INSS A principal\u00a0altera\u00e7\u00e3o nas regras das aposentadorias trazida pela reforma da Previd\u00eancia foi a cria\u00e7\u00e3o da idade m\u00ednima para pedir o benef\u00edcio ao INSS (Instituto Nacional do Seguro Social). No entanto, h\u00e1\u2026","rel":"","context":"Em &quot;Geral&quot;","img":{"alt_text":"","src":"https:\/\/i0.wp.com\/sindicatodosbancarios.org.br\/site2022\/wp-content\/uploads\/2021\/02\/ecv8by7wzopiiudr6exo2c0gh.jpg?resize=350%2C200&ssl=1","width":350,"height":200},"classes":[]},{"id":5568,"url":"https:\/\/sindicatodosbancarios.org.br\/site2022\/2021\/07\/29\/informe-bancario-178-2021-o-que-aconteceu-ao-trabalhador-em-25-anos-sem-o-ministerio-do-trabalho\/","url_meta":{"origin":3121,"position":4},"title":"INFORME BANC\u00c1RIO \u2013 178\/2021 O que aconteceu ao trabalhador em 2,5 anos sem o Minist\u00e9rio do Trabalho?","date":"29 de julho de 2021","format":false,"excerpt":"Quando assumiu a Presid\u00eancia do Brasil, em 2019, Jair Bolsonaro (sem partido) reduziu o n\u00famero de minist\u00e9rios, extinguindo, por exemplo, o do Trabalho, criado por Get\u00falio Vargas em 1930. Nestes dois anos e meio com a pasta integrada ao superminist\u00e9rio da Economia, o governo realizou a reforma da Previd\u00eancia, o\u2026","rel":"","context":"Em &quot;Geral&quot;","img":{"alt_text":"","src":"https:\/\/i0.wp.com\/sindicatodosbancarios.org.br\/site2022\/wp-content\/uploads\/2021\/07\/tttttttt.jpg?resize=350%2C200&ssl=1","width":350,"height":200},"classes":[]},{"id":5495,"url":"https:\/\/sindicatodosbancarios.org.br\/site2022\/2021\/06\/23\/informe-bancario-156-2021-policias-do-brasil-todo-entrarao-em-greve-contra-a-reforma-administrativa\/","url_meta":{"origin":3121,"position":5},"title":"INFORME BANC\u00c1RIO \u2013 156\/2021 Policias do Brasil todo entrar\u00e3o em greve contra a Reforma Administrativa","date":"23 de junho de 2021","format":false,"excerpt":"Servidores p\u00fablicos de todo o pa\u00eds, exceto da Sa\u00fade, devem paralisar atividades na pr\u00f3xima quarta-feira (23) Policias do Brasil inteiro est\u00e3o organizando uma manifesta\u00e7\u00e3o contra a reforma administrativa . Liderados pela Uni\u00e3o de Policiais do Brasil (UPB), mais de 20 entidades que representam carreiras da seguran\u00e7a p\u00fablica apoiam o movimento.\u2026","rel":"","context":"Em &quot;Geral&quot;","img":{"alt_text":"","src":"https:\/\/i0.wp.com\/sindicatodosbancarios.org.br\/site2022\/wp-content\/uploads\/2021\/06\/formaturapm-1024x704.jpg?resize=350%2C200&ssl=1","width":350,"height":200},"classes":[]}],"_links":{"self":[{"href":"https:\/\/sindicatodosbancarios.org.br\/site2022\/wp-json\/wp\/v2\/posts\/3121"}],"collection":[{"href":"https:\/\/sindicatodosbancarios.org.br\/site2022\/wp-json\/wp\/v2\/posts"}],"about":[{"href":"https:\/\/sindicatodosbancarios.org.br\/site2022\/wp-json\/wp\/v2\/types\/post"}],"author":[{"embeddable":true,"href":"https:\/\/sindicatodosbancarios.org.br\/site2022\/wp-json\/wp\/v2\/users\/2"}],"replies":[{"embeddable":true,"href":"https:\/\/sindicatodosbancarios.org.br\/site2022\/wp-json\/wp\/v2\/comments?post=3121"}],"version-history":[{"count":2,"href":"https:\/\/sindicatodosbancarios.org.br\/site2022\/wp-json\/wp\/v2\/posts\/3121\/revisions"}],"predecessor-version":[{"id":3126,"href":"https:\/\/sindicatodosbancarios.org.br\/site2022\/wp-json\/wp\/v2\/posts\/3121\/revisions\/3126"}],"wp:featuredmedia":[{"embeddable":true,"href":"https:\/\/sindicatodosbancarios.org.br\/site2022\/wp-json\/wp\/v2\/media\/3125"}],"wp:attachment":[{"href":"https:\/\/sindicatodosbancarios.org.br\/site2022\/wp-json\/wp\/v2\/media?parent=3121"}],"wp:term":[{"taxonomy":"category","embeddable":true,"href":"https:\/\/sindicatodosbancarios.org.br\/site2022\/wp-json\/wp\/v2\/categories?post=3121"},{"taxonomy":"post_tag","embeddable":true,"href":"https:\/\/sindicatodosbancarios.org.br\/site2022\/wp-json\/wp\/v2\/tags?post=3121"}],"curies":[{"name":"wp","href":"https:\/\/api.w.org\/{rel}","templated":true}]}}