{"id":3130,"date":"2019-10-31T14:43:53","date_gmt":"2019-10-31T17:43:53","guid":{"rendered":"https:\/\/sindicatodosbancarios.org.br\/?p=3130"},"modified":"2019-10-31T14:43:53","modified_gmt":"2019-10-31T17:43:53","slug":"informe-bancario-058-2019-o-desemprego-e-de-118-e-atinge-125-milhoes-informalidade-tem-novo-recorde","status":"publish","type":"post","link":"https:\/\/sindicatodosbancarios.org.br\/site2022\/2019\/10\/31\/informe-bancario-058-2019-o-desemprego-e-de-118-e-atinge-125-milhoes-informalidade-tem-novo-recorde\/","title":{"rendered":"INFORME BANC\u00c1RIO &#8211; 058 \/ 2019 &#8211; O DESEMPREGO \u00c9 DE 11,8% E ATINGE 12,5 MILH\u00d5ES; INFORMALIDADE TEM NOVO RECORDE"},"content":{"rendered":"<p>A taxa de desemprego do Brasil fechou o terceiro trimestre em 11,8%, com aumento no n\u00famero de pessoas ocupadas, por\u00e9m em um mercado de trabalho marcado por novo recorde da informalidade. Tanto o n\u00famero de empregados sem carteira quanto o de trabalhadores por conta pr\u00f3pria atingiu novas m\u00e1ximas recordes.<\/p>\n<p>A taxa de 11,8% no terceiro trimestre representa queda em rela\u00e7\u00e3o ao trimestre anterior (12%) e estabilidade na compara\u00e7\u00e3o com o mesmo trimestre do ano passado (11,9%).<\/p>\n<p>&#8220;A queda de 12% para 11,8% \u00e9 significativa e merece destaque, mas o desemprego vem caindo via informalidade. Essa \u00e9 a marca&#8221;, disse Adriana Beringuy, analista de trabalho e renda do IBGE.<\/p>\n<p>S\u00e3o 12,5 milh\u00f5es de desempregados no pa\u00eds. O n\u00famero recuou 2% frente ao trimestre anterior (12,8 milh\u00f5es de pessoas) e ficou estatisticamente est\u00e1vel comparado ao mesmo trimestre de 2018 (12,5 milh\u00f5es de pessoas).<\/p>\n<p><strong>Recorde dos sem carteira e por conta pr\u00f3pria.<\/strong><\/p>\n<p>A taxa de informalidade ficou em 41,4% dos ocupados, maior n\u00edvel desde o in\u00edcio da pesquisa em 2015.<\/p>\n<p>A categoria dos empregados sem carteira assinada no setor privado (11,8 milh\u00f5es de pessoas) foi recorde e cresceu nas duas compara\u00e7\u00f5es: 2,9% (ou mais 338 mil pessoas) em rela\u00e7\u00e3o ao trimestre anterior e 3,4% (mais 384 mil pessoas) na compara\u00e7\u00e3o com o mesmo trimestre de 2018.<\/p>\n<p>A categoria dos trabalhadores por conta pr\u00f3pria chegou a 24,4 milh\u00f5es de pessoas, novo recorde, com alta de 1,2% (mais 293 mil pessoas) frente ao trimestre anterior e 4,3% (mais 1,0 milh\u00e3o de pessoas) em rela\u00e7\u00e3o ao mesmo per\u00edodo de 2018.<\/p>\n<p>Os dados foram divulgados hoje pelo IBGE (Instituto Brasileiro de Geografia e Estat\u00edstica) e fazem parte da Pnad (Pesquisa Nacional por Amostra de Domic\u00edlios) Cont\u00ednua. A pesquisa n\u00e3o usa s\u00f3 os trimestres tradicionais, mas per\u00edodos m\u00f3veis (como fevereiro, mar\u00e7o e abril; mar\u00e7o, abril e maio etc.).<\/p>\n<p><strong>Metodologia da pesquisa<\/strong><\/p>\n<p>A Pnad Cont\u00ednua \u00e9 realizada em 211.344 casas em cerca de 3.500 munic\u00edpios. O IBGE considera desempregado quem n\u00e3o tem trabalho e procurou algum nos 30 dias anteriores \u00e0 semana em que os dados foram coletados.<\/p>\n<p>Existem outros n\u00fameros sobre desemprego, apresentados pelo Minist\u00e9rio da Economia, com base no Caged (Cadastro Geral de Empregados e Desempregados). Os dados s\u00e3o mais restritos porque consideram apenas os empregos com carteira assinada.<\/p>\n<p><span style=\"font-size: 8pt;\">\u00a0fonte:<\/span>\u00a0<span style=\"font-size: 8pt;\">UOL, em S\u00e3o Paulo- 31\/10\/2019 \/09h03 Atualizada em 31\/10\/2019 10h31<\/span><\/p>\n","protected":false},"excerpt":{"rendered":"<p>A taxa de desemprego do Brasil fechou o terceiro trimestre em 11,8%, com aumento no n\u00famero de pessoas [&hellip;]<\/p>\n","protected":false},"author":2,"featured_media":2372,"comment_status":"open","ping_status":"open","sticky":false,"template":"","format":"standard","meta":{"jetpack_post_was_ever_published":false,"jetpack_publicize_message":"","jetpack_is_tweetstorm":false,"jetpack_publicize_feature_enabled":true,"jetpack_social_post_already_shared":true,"jetpack_social_options":[]},"categories":[1],"tags":[],"jetpack_publicize_connections":[],"acf":[],"yoast_head":"<!-- This site is optimized with the Yoast SEO plugin v19.14 - https:\/\/yoast.com\/wordpress\/plugins\/seo\/ -->\n<title>INFORME BANC\u00c1RIO - 058 \/ 2019 - O DESEMPREGO \u00c9 DE 11,8% E ATINGE 12,5 MILH\u00d5ES; INFORMALIDADE TEM NOVO RECORDE - Sindicato dos Banc\u00e1rios de S\u00e3o Bento do Sul e Regi\u00e3o<\/title>\n<meta name=\"robots\" content=\"index, follow, max-snippet:-1, max-image-preview:large, max-video-preview:-1\" \/>\n<link rel=\"canonical\" href=\"https:\/\/sindicatodosbancarios.org.br\/site2022\/2019\/10\/31\/informe-bancario-058-2019-o-desemprego-e-de-118-e-atinge-125-milhoes-informalidade-tem-novo-recorde\/\" \/>\n<meta property=\"og:locale\" content=\"pt_BR\" \/>\n<meta property=\"og:type\" content=\"article\" \/>\n<meta property=\"og:title\" content=\"INFORME BANC\u00c1RIO - 058 \/ 2019 - O DESEMPREGO \u00c9 DE 11,8% E ATINGE 12,5 MILH\u00d5ES; INFORMALIDADE TEM NOVO RECORDE - Sindicato dos Banc\u00e1rios de S\u00e3o Bento do Sul e Regi\u00e3o\" \/>\n<meta property=\"og:description\" content=\"A taxa de desemprego do Brasil fechou o terceiro trimestre em 11,8%, com aumento no n\u00famero de pessoas [&hellip;]\" \/>\n<meta property=\"og:url\" content=\"https:\/\/sindicatodosbancarios.org.br\/site2022\/2019\/10\/31\/informe-bancario-058-2019-o-desemprego-e-de-118-e-atinge-125-milhoes-informalidade-tem-novo-recorde\/\" \/>\n<meta property=\"og:site_name\" content=\"Sindicato dos Banc\u00e1rios de S\u00e3o Bento do Sul e Regi\u00e3o\" \/>\n<meta property=\"article:author\" content=\"https:\/\/www.facebook.com\/seeb.sbs.9\" \/>\n<meta property=\"article:published_time\" content=\"2019-10-31T17:43:53+00:00\" \/>\n<meta property=\"og:image\" content=\"https:\/\/sindicatodosbancarios.org.br\/site2022\/wp-content\/uploads\/2018\/01\/1456863036721.jpg\" \/>\n\t<meta property=\"og:image:width\" content=\"932\" \/>\n\t<meta property=\"og:image:height\" content=\"621\" \/>\n\t<meta property=\"og:image:type\" content=\"image\/jpeg\" \/>\n<meta name=\"author\" content=\"Sindicato dos Banc\u00e1rios S\u00e3o Bento do Sul e Regi\u00e3o\" \/>\n<meta name=\"twitter:card\" content=\"summary_large_image\" \/>\n<meta name=\"twitter:label1\" content=\"Escrito por\" \/>\n\t<meta name=\"twitter:data1\" content=\"Sindicato dos Banc\u00e1rios S\u00e3o Bento do Sul e Regi\u00e3o\" \/>\n\t<meta name=\"twitter:label2\" content=\"Est. tempo de leitura\" \/>\n\t<meta name=\"twitter:data2\" content=\"2 minutos\" \/>\n<script type=\"application\/ld+json\" class=\"yoast-schema-graph\">{\"@context\":\"https:\/\/schema.org\",\"@graph\":[{\"@type\":\"Article\",\"@id\":\"https:\/\/sindicatodosbancarios.org.br\/site2022\/2019\/10\/31\/informe-bancario-058-2019-o-desemprego-e-de-118-e-atinge-125-milhoes-informalidade-tem-novo-recorde\/#article\",\"isPartOf\":{\"@id\":\"https:\/\/sindicatodosbancarios.org.br\/site2022\/2019\/10\/31\/informe-bancario-058-2019-o-desemprego-e-de-118-e-atinge-125-milhoes-informalidade-tem-novo-recorde\/\"},\"author\":{\"name\":\"Sindicato dos Banc\u00e1rios S\u00e3o Bento do Sul e Regi\u00e3o\",\"@id\":\"https:\/\/sindicatodosbancarios.org.br\/site2022\/#\/schema\/person\/a7d92da77d1084df4d28b57962f1e1bd\"},\"headline\":\"INFORME BANC\u00c1RIO &#8211; 058 \/ 2019 &#8211; O DESEMPREGO \u00c9 DE 11,8% E ATINGE 12,5 MILH\u00d5ES; INFORMALIDADE TEM NOVO RECORDE\",\"datePublished\":\"2019-10-31T17:43:53+00:00\",\"dateModified\":\"2019-10-31T17:43:53+00:00\",\"mainEntityOfPage\":{\"@id\":\"https:\/\/sindicatodosbancarios.org.br\/site2022\/2019\/10\/31\/informe-bancario-058-2019-o-desemprego-e-de-118-e-atinge-125-milhoes-informalidade-tem-novo-recorde\/\"},\"wordCount\":406,\"commentCount\":0,\"publisher\":{\"@id\":\"https:\/\/sindicatodosbancarios.org.br\/site2022\/#organization\"},\"articleSection\":[\"Geral\"],\"inLanguage\":\"pt-BR\",\"potentialAction\":[{\"@type\":\"CommentAction\",\"name\":\"Comment\",\"target\":[\"https:\/\/sindicatodosbancarios.org.br\/site2022\/2019\/10\/31\/informe-bancario-058-2019-o-desemprego-e-de-118-e-atinge-125-milhoes-informalidade-tem-novo-recorde\/#respond\"]}]},{\"@type\":\"WebPage\",\"@id\":\"https:\/\/sindicatodosbancarios.org.br\/site2022\/2019\/10\/31\/informe-bancario-058-2019-o-desemprego-e-de-118-e-atinge-125-milhoes-informalidade-tem-novo-recorde\/\",\"url\":\"https:\/\/sindicatodosbancarios.org.br\/site2022\/2019\/10\/31\/informe-bancario-058-2019-o-desemprego-e-de-118-e-atinge-125-milhoes-informalidade-tem-novo-recorde\/\",\"name\":\"INFORME BANC\u00c1RIO - 058 \/ 2019 - O DESEMPREGO \u00c9 DE 11,8% E ATINGE 12,5 MILH\u00d5ES; INFORMALIDADE TEM NOVO RECORDE - Sindicato dos Banc\u00e1rios de S\u00e3o Bento do Sul e Regi\u00e3o\",\"isPartOf\":{\"@id\":\"https:\/\/sindicatodosbancarios.org.br\/site2022\/#website\"},\"datePublished\":\"2019-10-31T17:43:53+00:00\",\"dateModified\":\"2019-10-31T17:43:53+00:00\",\"breadcrumb\":{\"@id\":\"https:\/\/sindicatodosbancarios.org.br\/site2022\/2019\/10\/31\/informe-bancario-058-2019-o-desemprego-e-de-118-e-atinge-125-milhoes-informalidade-tem-novo-recorde\/#breadcrumb\"},\"inLanguage\":\"pt-BR\",\"potentialAction\":[{\"@type\":\"ReadAction\",\"target\":[\"https:\/\/sindicatodosbancarios.org.br\/site2022\/2019\/10\/31\/informe-bancario-058-2019-o-desemprego-e-de-118-e-atinge-125-milhoes-informalidade-tem-novo-recorde\/\"]}]},{\"@type\":\"BreadcrumbList\",\"@id\":\"https:\/\/sindicatodosbancarios.org.br\/site2022\/2019\/10\/31\/informe-bancario-058-2019-o-desemprego-e-de-118-e-atinge-125-milhoes-informalidade-tem-novo-recorde\/#breadcrumb\",\"itemListElement\":[{\"@type\":\"ListItem\",\"position\":1,\"name\":\"In\u00edcio\",\"item\":\"https:\/\/sindicatodosbancarios.org.br\/site2022\/\"},{\"@type\":\"ListItem\",\"position\":2,\"name\":\"INFORME BANC\u00c1RIO &#8211; 058 \/ 2019 &#8211; O DESEMPREGO \u00c9 DE 11,8% E ATINGE 12,5 MILH\u00d5ES; INFORMALIDADE TEM NOVO RECORDE\"}]},{\"@type\":\"WebSite\",\"@id\":\"https:\/\/sindicatodosbancarios.org.br\/site2022\/#website\",\"url\":\"https:\/\/sindicatodosbancarios.org.br\/site2022\/\",\"name\":\"Sindicato dos Banc\u00e1rios de S\u00e3o Bento do Sul e Regi\u00e3o\",\"description\":\"Website institucional do Sindicato dos Banc\u00e1rios de S\u00e3o Bento do Sul e Regi\u00e3o\",\"publisher\":{\"@id\":\"https:\/\/sindicatodosbancarios.org.br\/site2022\/#organization\"},\"potentialAction\":[{\"@type\":\"SearchAction\",\"target\":{\"@type\":\"EntryPoint\",\"urlTemplate\":\"https:\/\/sindicatodosbancarios.org.br\/site2022\/?s={search_term_string}\"},\"query-input\":\"required name=search_term_string\"}],\"inLanguage\":\"pt-BR\"},{\"@type\":\"Organization\",\"@id\":\"https:\/\/sindicatodosbancarios.org.br\/site2022\/#organization\",\"name\":\"Sindicato dos Banc\u00e1rios de S\u00e3o Bento do Sul e Regi\u00e3o\",\"url\":\"https:\/\/sindicatodosbancarios.org.br\/site2022\/\",\"logo\":{\"@type\":\"ImageObject\",\"inLanguage\":\"pt-BR\",\"@id\":\"https:\/\/sindicatodosbancarios.org.br\/site2022\/#\/schema\/logo\/image\/\",\"url\":\"https:\/\/sindicatodosbancarios.org.br\/site2022\/wp-content\/uploads\/2017\/06\/cropped-logo-2.png\",\"contentUrl\":\"https:\/\/sindicatodosbancarios.org.br\/site2022\/wp-content\/uploads\/2017\/06\/cropped-logo-2.png\",\"width\":292,\"height\":292,\"caption\":\"Sindicato dos Banc\u00e1rios de S\u00e3o Bento do Sul e Regi\u00e3o\"},\"image\":{\"@id\":\"https:\/\/sindicatodosbancarios.org.br\/site2022\/#\/schema\/logo\/image\/\"}},{\"@type\":\"Person\",\"@id\":\"https:\/\/sindicatodosbancarios.org.br\/site2022\/#\/schema\/person\/a7d92da77d1084df4d28b57962f1e1bd\",\"name\":\"Sindicato dos Banc\u00e1rios S\u00e3o Bento do Sul e Regi\u00e3o\",\"image\":{\"@type\":\"ImageObject\",\"inLanguage\":\"pt-BR\",\"@id\":\"https:\/\/sindicatodosbancarios.org.br\/site2022\/#\/schema\/person\/image\/\",\"url\":\"https:\/\/secure.gravatar.com\/avatar\/f1d1a06f698f2345352e539387180d42?s=96&d=mm&r=g\",\"contentUrl\":\"https:\/\/secure.gravatar.com\/avatar\/f1d1a06f698f2345352e539387180d42?s=96&d=mm&r=g\",\"caption\":\"Sindicato dos Banc\u00e1rios S\u00e3o Bento do Sul e Regi\u00e3o\"},\"sameAs\":[\"http:\/\/sindicatodosbancarios.org.br\/site2022\/\",\"https:\/\/www.facebook.com\/seeb.sbs.9\"],\"url\":\"https:\/\/sindicatodosbancarios.org.br\/site2022\/author\/sindicatodosbancarios\/\"}]}<\/script>\n<!-- \/ Yoast SEO plugin. -->","yoast_head_json":{"title":"INFORME BANC\u00c1RIO - 058 \/ 2019 - O DESEMPREGO \u00c9 DE 11,8% E ATINGE 12,5 MILH\u00d5ES; INFORMALIDADE TEM NOVO RECORDE - Sindicato dos Banc\u00e1rios de S\u00e3o Bento do Sul e Regi\u00e3o","robots":{"index":"index","follow":"follow","max-snippet":"max-snippet:-1","max-image-preview":"max-image-preview:large","max-video-preview":"max-video-preview:-1"},"canonical":"https:\/\/sindicatodosbancarios.org.br\/site2022\/2019\/10\/31\/informe-bancario-058-2019-o-desemprego-e-de-118-e-atinge-125-milhoes-informalidade-tem-novo-recorde\/","og_locale":"pt_BR","og_type":"article","og_title":"INFORME BANC\u00c1RIO - 058 \/ 2019 - O DESEMPREGO \u00c9 DE 11,8% E ATINGE 12,5 MILH\u00d5ES; INFORMALIDADE TEM NOVO RECORDE - Sindicato dos Banc\u00e1rios de S\u00e3o Bento do Sul e Regi\u00e3o","og_description":"A taxa de desemprego do Brasil fechou o terceiro trimestre em 11,8%, com aumento no n\u00famero de pessoas [&hellip;]","og_url":"https:\/\/sindicatodosbancarios.org.br\/site2022\/2019\/10\/31\/informe-bancario-058-2019-o-desemprego-e-de-118-e-atinge-125-milhoes-informalidade-tem-novo-recorde\/","og_site_name":"Sindicato dos Banc\u00e1rios de S\u00e3o Bento do Sul e Regi\u00e3o","article_author":"https:\/\/www.facebook.com\/seeb.sbs.9","article_published_time":"2019-10-31T17:43:53+00:00","og_image":[{"width":932,"height":621,"url":"https:\/\/sindicatodosbancarios.org.br\/site2022\/wp-content\/uploads\/2018\/01\/1456863036721.jpg","type":"image\/jpeg"}],"author":"Sindicato dos Banc\u00e1rios S\u00e3o Bento do Sul e Regi\u00e3o","twitter_card":"summary_large_image","twitter_misc":{"Escrito por":"Sindicato dos Banc\u00e1rios S\u00e3o Bento do Sul e Regi\u00e3o","Est. tempo de leitura":"2 minutos"},"schema":{"@context":"https:\/\/schema.org","@graph":[{"@type":"Article","@id":"https:\/\/sindicatodosbancarios.org.br\/site2022\/2019\/10\/31\/informe-bancario-058-2019-o-desemprego-e-de-118-e-atinge-125-milhoes-informalidade-tem-novo-recorde\/#article","isPartOf":{"@id":"https:\/\/sindicatodosbancarios.org.br\/site2022\/2019\/10\/31\/informe-bancario-058-2019-o-desemprego-e-de-118-e-atinge-125-milhoes-informalidade-tem-novo-recorde\/"},"author":{"name":"Sindicato dos Banc\u00e1rios S\u00e3o Bento do Sul e Regi\u00e3o","@id":"https:\/\/sindicatodosbancarios.org.br\/site2022\/#\/schema\/person\/a7d92da77d1084df4d28b57962f1e1bd"},"headline":"INFORME BANC\u00c1RIO &#8211; 058 \/ 2019 &#8211; O DESEMPREGO \u00c9 DE 11,8% E ATINGE 12,5 MILH\u00d5ES; INFORMALIDADE TEM NOVO RECORDE","datePublished":"2019-10-31T17:43:53+00:00","dateModified":"2019-10-31T17:43:53+00:00","mainEntityOfPage":{"@id":"https:\/\/sindicatodosbancarios.org.br\/site2022\/2019\/10\/31\/informe-bancario-058-2019-o-desemprego-e-de-118-e-atinge-125-milhoes-informalidade-tem-novo-recorde\/"},"wordCount":406,"commentCount":0,"publisher":{"@id":"https:\/\/sindicatodosbancarios.org.br\/site2022\/#organization"},"articleSection":["Geral"],"inLanguage":"pt-BR","potentialAction":[{"@type":"CommentAction","name":"Comment","target":["https:\/\/sindicatodosbancarios.org.br\/site2022\/2019\/10\/31\/informe-bancario-058-2019-o-desemprego-e-de-118-e-atinge-125-milhoes-informalidade-tem-novo-recorde\/#respond"]}]},{"@type":"WebPage","@id":"https:\/\/sindicatodosbancarios.org.br\/site2022\/2019\/10\/31\/informe-bancario-058-2019-o-desemprego-e-de-118-e-atinge-125-milhoes-informalidade-tem-novo-recorde\/","url":"https:\/\/sindicatodosbancarios.org.br\/site2022\/2019\/10\/31\/informe-bancario-058-2019-o-desemprego-e-de-118-e-atinge-125-milhoes-informalidade-tem-novo-recorde\/","name":"INFORME BANC\u00c1RIO - 058 \/ 2019 - O DESEMPREGO \u00c9 DE 11,8% E ATINGE 12,5 MILH\u00d5ES; INFORMALIDADE TEM NOVO RECORDE - Sindicato dos Banc\u00e1rios de S\u00e3o Bento do Sul e Regi\u00e3o","isPartOf":{"@id":"https:\/\/sindicatodosbancarios.org.br\/site2022\/#website"},"datePublished":"2019-10-31T17:43:53+00:00","dateModified":"2019-10-31T17:43:53+00:00","breadcrumb":{"@id":"https:\/\/sindicatodosbancarios.org.br\/site2022\/2019\/10\/31\/informe-bancario-058-2019-o-desemprego-e-de-118-e-atinge-125-milhoes-informalidade-tem-novo-recorde\/#breadcrumb"},"inLanguage":"pt-BR","potentialAction":[{"@type":"ReadAction","target":["https:\/\/sindicatodosbancarios.org.br\/site2022\/2019\/10\/31\/informe-bancario-058-2019-o-desemprego-e-de-118-e-atinge-125-milhoes-informalidade-tem-novo-recorde\/"]}]},{"@type":"BreadcrumbList","@id":"https:\/\/sindicatodosbancarios.org.br\/site2022\/2019\/10\/31\/informe-bancario-058-2019-o-desemprego-e-de-118-e-atinge-125-milhoes-informalidade-tem-novo-recorde\/#breadcrumb","itemListElement":[{"@type":"ListItem","position":1,"name":"In\u00edcio","item":"https:\/\/sindicatodosbancarios.org.br\/site2022\/"},{"@type":"ListItem","position":2,"name":"INFORME BANC\u00c1RIO &#8211; 058 \/ 2019 &#8211; O DESEMPREGO \u00c9 DE 11,8% E ATINGE 12,5 MILH\u00d5ES; INFORMALIDADE TEM NOVO RECORDE"}]},{"@type":"WebSite","@id":"https:\/\/sindicatodosbancarios.org.br\/site2022\/#website","url":"https:\/\/sindicatodosbancarios.org.br\/site2022\/","name":"Sindicato dos Banc\u00e1rios de S\u00e3o Bento do Sul e Regi\u00e3o","description":"Website institucional do Sindicato dos Banc\u00e1rios de S\u00e3o Bento do Sul e Regi\u00e3o","publisher":{"@id":"https:\/\/sindicatodosbancarios.org.br\/site2022\/#organization"},"potentialAction":[{"@type":"SearchAction","target":{"@type":"EntryPoint","urlTemplate":"https:\/\/sindicatodosbancarios.org.br\/site2022\/?s={search_term_string}"},"query-input":"required name=search_term_string"}],"inLanguage":"pt-BR"},{"@type":"Organization","@id":"https:\/\/sindicatodosbancarios.org.br\/site2022\/#organization","name":"Sindicato dos Banc\u00e1rios de S\u00e3o Bento do Sul e Regi\u00e3o","url":"https:\/\/sindicatodosbancarios.org.br\/site2022\/","logo":{"@type":"ImageObject","inLanguage":"pt-BR","@id":"https:\/\/sindicatodosbancarios.org.br\/site2022\/#\/schema\/logo\/image\/","url":"https:\/\/sindicatodosbancarios.org.br\/site2022\/wp-content\/uploads\/2017\/06\/cropped-logo-2.png","contentUrl":"https:\/\/sindicatodosbancarios.org.br\/site2022\/wp-content\/uploads\/2017\/06\/cropped-logo-2.png","width":292,"height":292,"caption":"Sindicato dos Banc\u00e1rios de S\u00e3o Bento do Sul e Regi\u00e3o"},"image":{"@id":"https:\/\/sindicatodosbancarios.org.br\/site2022\/#\/schema\/logo\/image\/"}},{"@type":"Person","@id":"https:\/\/sindicatodosbancarios.org.br\/site2022\/#\/schema\/person\/a7d92da77d1084df4d28b57962f1e1bd","name":"Sindicato dos Banc\u00e1rios S\u00e3o Bento do Sul e Regi\u00e3o","image":{"@type":"ImageObject","inLanguage":"pt-BR","@id":"https:\/\/sindicatodosbancarios.org.br\/site2022\/#\/schema\/person\/image\/","url":"https:\/\/secure.gravatar.com\/avatar\/f1d1a06f698f2345352e539387180d42?s=96&d=mm&r=g","contentUrl":"https:\/\/secure.gravatar.com\/avatar\/f1d1a06f698f2345352e539387180d42?s=96&d=mm&r=g","caption":"Sindicato dos Banc\u00e1rios S\u00e3o Bento do Sul e Regi\u00e3o"},"sameAs":["http:\/\/sindicatodosbancarios.org.br\/site2022\/","https:\/\/www.facebook.com\/seeb.sbs.9"],"url":"https:\/\/sindicatodosbancarios.org.br\/site2022\/author\/sindicatodosbancarios\/"}]}},"jetpack_featured_media_url":"https:\/\/sindicatodosbancarios.org.br\/site2022\/wp-content\/uploads\/2018\/01\/1456863036721.jpg","jetpack_sharing_enabled":true,"jetpack_shortlink":"https:\/\/wp.me\/p8RSbI-Ou","jetpack-related-posts":[{"id":4953,"url":"https:\/\/sindicatodosbancarios.org.br\/site2022\/2021\/01\/04\/informe-bancario-482-2020-desemprego-chega-a-143-e-atinge-141-milhoes-de-pessoas\/","url_meta":{"origin":3130,"position":0},"title":"INFORME BANC\u00c1RIO \u2013 04\/2021 Desemprego chega a 14,3% e atinge 14,1 milh\u00f5es de pessoas","date":"4 de janeiro de 2021","format":false,"excerpt":"A taxa de desemprego no Brasil foi de 14,3% no trimestre de agosto a outubro deste ano e atingiu 14,1 milh\u00f5es de pessoas. Os dados foram divulgados hoje e fazem parte da Pnad (Pesquisa Nacional por Amostra de Domic\u00edlios) Cont\u00ednua, do IBGE (Instituto Brasileiro de Geografia e Estat\u00edstica). Na compara\u00e7\u00e3o\u2026","rel":"","context":"Em &quot;Geral&quot;","img":{"alt_text":"","src":"https:\/\/i0.wp.com\/sindicatodosbancarios.org.br\/site2022\/wp-content\/uploads\/2020\/11\/clt-carteira-de-trabalho-coronavirus-emprego-1593194855519_v2_900x506.jpg?resize=350%2C200&ssl=1","width":350,"height":200},"classes":[]},{"id":5303,"url":"https:\/\/sindicatodosbancarios.org.br\/site2022\/2021\/04\/13\/informe-bancarios-97-2021-desemprego-no-pais-e-de-142-e-atinge-143-milhoes-de-pessoas-diz-ibge\/","url_meta":{"origin":3130,"position":1},"title":"INFORME BANC\u00c1RIOS \u2013 97\/2021 Desemprego no pa\u00eds \u00e9 de 14,2% e atinge 14,3 milh\u00f5es de pessoas, diz IBGE","date":"13 de abril de 2021","format":false,"excerpt":"A taxa m\u00e9dia de desemprego no Brasil foi de 14,2% no trimestre de novembro a janeiro, a mais alta para um trimestre encerrado janeiro desde 2012, quando come\u00e7a a s\u00e9rie hist\u00f3rica. Isso significa que 14,3 milh\u00f5es de pessoas est\u00e3o na fila por um trabalho no pa\u00eds. O n\u00edvel de desemprego\u2026","rel":"","context":"Em &quot;Geral&quot;","img":{"alt_text":"","src":"https:\/\/i0.wp.com\/sindicatodosbancarios.org.br\/site2022\/wp-content\/uploads\/2020\/11\/clt-carteira-de-trabalho-coronavirus-emprego-1593194855519_v2_900x506.jpg?resize=350%2C200&ssl=1","width":350,"height":200},"classes":[]},{"id":4737,"url":"https:\/\/sindicatodosbancarios.org.br\/site2022\/2020\/11\/05\/informe-bancario-421-2020-faltou-trabalho-para-recorde-de-33319-milhoes-de-pessoas-no-pais-ate-agosto\/","url_meta":{"origin":3130,"position":2},"title":"INFORME BANC\u00c1RIO \u2013 421\/2020 Faltou trabalho para recorde de 33,319 milh\u00f5es de pessoas no Pa\u00eds at\u00e9 agosto","date":"5 de novembro de 2020","format":false,"excerpt":"No trimestre terminado em agosto de 2020, faltou trabalho para um recorde de 33,319 milh\u00f5es de pessoas no Pa\u00eds, segundo os dados da Pesquisa Nacional por Amostra de Domic\u00edlios Cont\u00ednua (Pnad Cont\u00ednua), iniciada em 2012 pelo Instituto Brasileiro de Geografia e Estat\u00edstica (IBGE). A taxa composta de subutiliza\u00e7\u00e3o da for\u00e7a\u2026","rel":"","context":"Em &quot;Geral&quot;","img":{"alt_text":"","src":"https:\/\/i0.wp.com\/sindicatodosbancarios.org.br\/site2022\/wp-content\/uploads\/2020\/11\/carteira-de-trabalho-desemprego-960x540-e1565355192788-727x375.jpg?resize=350%2C200&ssl=1","width":350,"height":200},"classes":[]},{"id":5683,"url":"https:\/\/sindicatodosbancarios.org.br\/site2022\/2021\/09\/06\/informe-bancario-213-2021-brasil-tem-desemprego-de-141-no-tri-ate-junho-diz-ibge\/","url_meta":{"origin":3130,"position":3},"title":"INFORME BANC\u00c1RIO \u2013 213\/2021 Brasil tem desemprego de 14,1% no tri at\u00e9 junho, diz IBGE","date":"6 de setembro de 2021","format":false,"excerpt":"O\u00a0Brasil\u00a0chegou ao final do segundo trimestre com queda na taxa de\u00a0desemprego\u00a0devido ao aumento da ocupa\u00e7\u00e3o, mas ainda com 14,4 milh\u00f5es de pessoas sem trabalho e com o mercado ainda buscando recuperar-se da crise recente. O\u00a0Instituto Brasileiro de Geografia e Estat\u00edstica (IBGE) informou que a taxa de desemprego chegou a 14,1%\u2026","rel":"","context":"Em &quot;Geral&quot;","img":{"alt_text":"","src":"https:\/\/i0.wp.com\/sindicatodosbancarios.org.br\/site2022\/wp-content\/uploads\/2021\/02\/ecv8by7wzopiiudr6exo2c0gh.jpg?resize=350%2C200&ssl=1","width":350,"height":200},"classes":[]},{"id":5297,"url":"https:\/\/sindicatodosbancarios.org.br\/site2022\/2021\/04\/13\/informe-bancarios-95-2021-desalento-bate-recorde-de-59-milhoes-de-pessoas-no-trimestre-ate-janeiro-segundo-ibge\/","url_meta":{"origin":3130,"position":4},"title":"INFORME BANC\u00c1RIOS \u2013 95\/2021 Desalento bate recorde de 5,9 milh\u00f5es de pessoas no trimestre at\u00e9 janeiro, segundo IBGE","date":"13 de abril de 2021","format":false,"excerpt":"O Brasil alcan\u00e7ou um recorde de 5,902 milh\u00f5es de pessoas em situa\u00e7\u00e3o de desalento no trimestre encerrado em janeiro, segundo os dados da Pesquisa Nacional por Amostra de Domic\u00edlios Cont\u00ednua (Pnad Cont\u00ednua), iniciada em 2012 pelo Instituto Brasileiro de Geografia e Estat\u00edstica (IBGE). O resultado divulgado nesta quarta-feira significa 133\u2026","rel":"","context":"Em &quot;Geral&quot;","img":{"alt_text":"","src":"https:\/\/i0.wp.com\/sindicatodosbancarios.org.br\/site2022\/wp-content\/uploads\/2021\/02\/ecv8by7wzopiiudr6exo2c0gh.jpg?resize=350%2C200&ssl=1","width":350,"height":200},"classes":[]},{"id":5728,"url":"https:\/\/sindicatodosbancarios.org.br\/site2022\/2021\/10\/07\/informe-bancario-228-2021-4-anos-depois-reforma-trabalhista-nao-gerou-boom-de-empregos-prometido\/","url_meta":{"origin":3130,"position":5},"title":"INFORME BANC\u00c1RIO \u2013 228\/2021 4 anos depois, reforma trabalhista n\u00e3o gerou &#8216;boom&#8217; de empregos prometido","date":"7 de outubro de 2021","format":false,"excerpt":"Quase quatro anos \u2014e uma pandemia\u2014 depois de a reforma trabalhista do governo Michel Temer entrar em vigor, o \"boom\" de empregos prometido n\u00e3o se concretizou. Na \u00e9poca, o governo chegou a falar em dois milh\u00f5es de vagas em dois anos, e seis milh\u00f5es em dez anos. Dados do IBGE\u2026","rel":"","context":"Em &quot;Geral&quot;","img":{"alt_text":"","src":"https:\/\/i0.wp.com\/sindicatodosbancarios.org.br\/site2022\/wp-content\/uploads\/2021\/10\/reforma-e1543516064120.jpg?resize=350%2C200&ssl=1","width":350,"height":200},"classes":[]}],"_links":{"self":[{"href":"https:\/\/sindicatodosbancarios.org.br\/site2022\/wp-json\/wp\/v2\/posts\/3130"}],"collection":[{"href":"https:\/\/sindicatodosbancarios.org.br\/site2022\/wp-json\/wp\/v2\/posts"}],"about":[{"href":"https:\/\/sindicatodosbancarios.org.br\/site2022\/wp-json\/wp\/v2\/types\/post"}],"author":[{"embeddable":true,"href":"https:\/\/sindicatodosbancarios.org.br\/site2022\/wp-json\/wp\/v2\/users\/2"}],"replies":[{"embeddable":true,"href":"https:\/\/sindicatodosbancarios.org.br\/site2022\/wp-json\/wp\/v2\/comments?post=3130"}],"version-history":[{"count":1,"href":"https:\/\/sindicatodosbancarios.org.br\/site2022\/wp-json\/wp\/v2\/posts\/3130\/revisions"}],"predecessor-version":[{"id":3131,"href":"https:\/\/sindicatodosbancarios.org.br\/site2022\/wp-json\/wp\/v2\/posts\/3130\/revisions\/3131"}],"wp:featuredmedia":[{"embeddable":true,"href":"https:\/\/sindicatodosbancarios.org.br\/site2022\/wp-json\/wp\/v2\/media\/2372"}],"wp:attachment":[{"href":"https:\/\/sindicatodosbancarios.org.br\/site2022\/wp-json\/wp\/v2\/media?parent=3130"}],"wp:term":[{"taxonomy":"category","embeddable":true,"href":"https:\/\/sindicatodosbancarios.org.br\/site2022\/wp-json\/wp\/v2\/categories?post=3130"},{"taxonomy":"post_tag","embeddable":true,"href":"https:\/\/sindicatodosbancarios.org.br\/site2022\/wp-json\/wp\/v2\/tags?post=3130"}],"curies":[{"name":"wp","href":"https:\/\/api.w.org\/{rel}","templated":true}]}}