{"id":3132,"date":"2019-10-31T14:57:04","date_gmt":"2019-10-31T17:57:04","guid":{"rendered":"https:\/\/sindicatodosbancarios.org.br\/?p=3132"},"modified":"2019-10-31T14:57:04","modified_gmt":"2019-10-31T17:57:04","slug":"informe-bancario-059-2019-reforma-da-previdencia-novas-regras-para-aposentadoria-por-invalidez","status":"publish","type":"post","link":"https:\/\/sindicatodosbancarios.org.br\/site2022\/2019\/10\/31\/informe-bancario-059-2019-reforma-da-previdencia-novas-regras-para-aposentadoria-por-invalidez\/","title":{"rendered":"INFORME BANC\u00c1RIO &#8211; 059 \/ 2019 &#8211; REFORMA DA PREVID\u00caNCIA: NOVAS REGRAS PARA APOSENTADORIA POR INVALIDEZ"},"content":{"rendered":"<p>Segundo os \u00faltimos dados da\u00a0<a href=\"http:\/\/www.previdencia.gov.br\/dados-abertos\/estatisticas-municipais-2000-a-2016\/\">Previd\u00eancia Social<\/a>, em 2017 o INSS liberou mais de 3,5 milh\u00f5es de aposentadorias por invalidez. Esse n\u00famero tende a subir e preocupa especialistas. Problemas como esse t\u00eam motivado mudan\u00e7as na legisla\u00e7\u00e3o a fim de tornar o sistema previdenci\u00e1rio mais sustent\u00e1vel. Mas como fica a aposentadoria por invalidez na reforma da Previd\u00eancia?<\/p>\n<p>Neste artigo voc\u00ea vai entender melhor como funciona hoje o benef\u00edcio e quais s\u00e3o os principais pontos da reforma. Al\u00e9m disso, saiba que estrat\u00e9gias voc\u00ea pode adotar para garantir seguran\u00e7a financeira caso ocorra um imprevisto que leve \u00e0 invalidez. Acompanhe o artigo!<\/p>\n<h2><strong>Aposentadoria por invalidez na Reforma da Previd\u00eancia: o que mudou?<\/strong><\/h2>\n<h3>Como funciona a aposentadoria por invalidez atualmente?<\/h3>\n<p>A aposentadoria por invalidez \u00e9 um tipo de benef\u00edcio concedido pelo Instituto Nacional de Seguridade Social (INSS) para o contribuinte que, por algum motivo, esteja total e permanentemente incapaz de exercer sua atividade laboral e n\u00e3o possa ser redirecionado para outra profiss\u00e3o.<\/p>\n<p>Atualmente, os tr\u00eas principais requisitos para ter direito ao benef\u00edcio s\u00e3o:<\/p>\n<p>\u2022 m\u00ednimo de 12 meses de\u00a0<a href=\"https:\/\/www.mongeralaegon.com.br\/blog\/educacao-financeira\/artigo\/contribuicao-nao-computada-pelo-inss\">contribui\u00e7\u00f5es<\/a>: o segurado precisa ter pago pelo menos um ano \u00e0 Previd\u00eancia Social. Essa car\u00eancia n\u00e3o se aplica a casos de acidentes de qualquer natureza, doen\u00e7as profissionais ou aquelas elencadas no artigo 151 da Lei 8.213\/91, tais como hansen\u00edase, tuberculose ativa, cegueira, e doen\u00e7a de Parkinson;<\/p>\n<p>\u2022\u00a0problema total e permanente: lembre-se, no entanto, que \u201cpermanente\u201d n\u00e3o quer dizer definitivo. O benef\u00edcio vai durar enquanto a incapacidade pendurar, que \u00e9 quando o usu\u00e1rio consegue recuperar sua capacidade de trabalhar, acabando assim o benef\u00edcio.<\/p>\n<p>Por isso, a cada dois anos, o INSS poder\u00e1 fazer reavalia\u00e7\u00f5es \u2014 s\u00e3o isentos dessa per\u00edcia quem tem mais de 60 anos e quem tem mais de 50 anos e mais de 15 de contribui\u00e7\u00e3o;<\/p>\n<p>\u2022\u00a0ser segurado: \u00e9 necess\u00e1rio que o usu\u00e1rio esteja contribuindo no per\u00edodo em que ocorrer o agravamento, acidente ou situa\u00e7\u00e3o que cause a invalidez.<\/p>\n<p>Mas \u00e9 importante lembrar que, caso a doen\u00e7a ou les\u00e3o seja anterior \u00e0 filia\u00e7\u00e3o ao INSS, o segurado n\u00e3o ter\u00e1 direito \u00e0\u00a0<a href=\"https:\/\/www.mongeralaegon.com.br\/blog\/educacao-financeira\/artigo\/planejar-a-aposentadoria\">aposentadoria<\/a>\u00a0por invalidez, a n\u00e3o ser que a invalidez seja causada pelo agravamento da enfermidade.<\/p>\n<p>Caso o segurado que j\u00e1 esteja recebendo o benef\u00edcio necessite de cuidados permanentes de outra pessoa, ele tem direito a um acr\u00e9scimo de 25%, incluindo o\u00a0<a href=\"https:\/\/www.mongeralaegon.com.br\/blog\/educacao-financeira\/artigo\/erros-decimo-terceiro\">13\u00ba sal\u00e1rio<\/a>. A solicita\u00e7\u00e3o \u00e9 feita online pelo site\u00a0<a href=\"https:\/\/meu.inss.gov.br\/central\/#\/\">Meu INSS<\/a>.<\/p>\n<p>O valor total do benef\u00edcio \u00e9 hoje 100% do sal\u00e1rio. No c\u00e1lculo, retira-se a m\u00e9dia aritm\u00e9tica simples de 80% dos maiores sal\u00e1rios. Assim, digamos que m\u00e9dia foi R$ 2.500, o segurado receber\u00e1 esse valor integral.<\/p>\n<p>O benef\u00edcio \u00e9 cortado se:<\/p>\n<p>\u2022\u00a0o aposentado voltar a trabalhar \u2014 pois, dessa forma, ele mostra que tem condi\u00e7\u00f5es de exercer alguma fun\u00e7\u00e3o laboral;<\/p>\n<p>\u2022\u00a0em caso de \u00f3bito, podendo ser convertido para\u00a0<a href=\"https:\/\/www.mongeralaegon.com.br\/blog\/educacao-financeira\/artigo\/como-garantir-pensao-para-os-filhos\">pens\u00e3o aos dependentes<\/a>;<\/p>\n<p>\u2022\u00a0em avalia\u00e7\u00e3o, se o aposentado apresentar condi\u00e7\u00f5es para voltar a trabalhar.<\/p>\n<p>Se na reavalia\u00e7\u00e3o ficar comprovado que ele pode atuar novamente na mesma fun\u00e7\u00e3o que desempenhava antes, o benef\u00edcio \u00e9 cortado imediatamente. Mas, se ele precisar ser alocado em outra fun\u00e7\u00e3o, valem as seguintes regras:<\/p>\n<p>com at\u00e9 5 anos de recebimento da aposentadoria, o corte ocorre conforme o per\u00edodo pelo qual ele recebeu. Se recebeu por 3 anos, ele pode ter o benef\u00edcio por mais 3 meses, por exemplo;<\/p>\n<p>se j\u00e1 passou de 5 anos, o benef\u00edcio \u00e9 reduzido gradualmente \u2014 nos pr\u00f3ximos 6 meses, o segurado recebe de forma integral, depois cai a cada semestre: do 7\u00ba ao 12\u00ba m\u00eas reduz 50%; do 13\u00ba ao 18\u00ba m\u00eas, reduz 75%; depois disso \u00e9 completamente cortado.<\/p>\n<p>Mas e com as\u00a0<a href=\"https:\/\/www.mongeralaegon.com.br\/blog\/longevidade\/artigo\/novas-regras-da-aposentadoria\">novas regras da aposentadoria<\/a>, o que muda? Vamos passar um resumo dos principais pontos para voc\u00ea!<\/p>\n<h3>Quais s\u00e3o as principais mudan\u00e7as com a reforma da Previd\u00eancia?<\/h3>\n<p>Em primeiro lugar, \u00e9 bom salientar que os trabalhadores que j\u00e1 recebem o benef\u00edcio n\u00e3o ser\u00e3o impactados. Se esse \u00e9 o seu caso, pode ficar tranquilo, porque se trata de uma garantia constitucional.<\/p>\n<p>As regras, no geral, ainda n\u00e3o est\u00e3o t\u00e3o claras, pois ainda s\u00e3o necess\u00e1rias muitas defini\u00e7\u00f5es. Mas a ideia \u00e9 reduzir os benef\u00edcios para lidar melhor com o rombo da Previd\u00eancia.<\/p>\n<p>Como vimos, hoje a aposentadoria por invalidez \u00e9 recebida integralmente, 100% da m\u00e9dia, n\u00e3o incidindo fator previdenci\u00e1rio.<\/p>\n<p>Com as novas regras, o benef\u00edcio seguir\u00e1 o esquema das outras aposentadorias: o segurado vai receber 60% da m\u00e9dia se tiver 20 anos de contribui\u00e7\u00e3o. Esse percentual vai aumentando 2% por ano de contribui\u00e7\u00e3o at\u00e9 atingir 100%, aos 40 anos de participa\u00e7\u00e3o.<\/p>\n<p>Vamos a um caso pr\u00e1tico para entender melhor. Atualmente, um segurado que tenha 12 meses de contribui\u00e7\u00e3o j\u00e1 tem direito ao pagamento integral da m\u00e9dia do per\u00edodo auferido. Mas, com a\u00a0<a href=\"https:\/\/www.mongeralaegon.com.br\/blog\/longevidade\/artigo\/reforma-da-previdencia\">reforma da Previd\u00eancia<\/a>, a situa\u00e7\u00e3o muda.<\/p>\n<p>Digamos ent\u00e3o que um segurado com 120 meses (ou 10 anos) de contribui\u00e7\u00e3o sofreu um acidente e ficou em situa\u00e7\u00e3o de invalidez. \u00c9 feito um c\u00e1lculo da m\u00e9dia das maiores contribui\u00e7\u00f5es.<\/p>\n<p>Por ter at\u00e9 20 anos, ele pega s\u00f3 60% do sal\u00e1rio do benef\u00edcio. Se tivesse pagado R$ 2.500, perderia 40%, recebendo R$ 1.500. Ele s\u00f3 receberia os 100% se sofresse um acidente do trabalho.<\/p>\n<p>Se o segurado que est\u00e1 recebendo a aposentadoria por invalidez na reforma da Previd\u00eancia vier a falecer, a esposa ou o marido recebe 60% do sal\u00e1rio do benef\u00edcio. No caso citado, a esposa do segurado que recebia R$ 1.500 vai receber R$ 900. Dependendo da idade dela, ela vai ter essa pens\u00e3o por um per\u00edodo limitado.<\/p>\n<p><span style=\"font-size: 8pt;\">Fonte: JORNAL CONTABIL, 30 de outubro de 2019<\/span><\/p>\n","protected":false},"excerpt":{"rendered":"<p>Segundo os \u00faltimos dados da\u00a0Previd\u00eancia Social, em 2017 o INSS liberou mais de 3,5 milh\u00f5es de aposentadorias por [&hellip;]<\/p>\n","protected":false},"author":2,"featured_media":3133,"comment_status":"open","ping_status":"open","sticky":false,"template":"","format":"standard","meta":{"jetpack_post_was_ever_published":false,"jetpack_publicize_message":"","jetpack_is_tweetstorm":false,"jetpack_publicize_feature_enabled":true,"jetpack_social_post_already_shared":true,"jetpack_social_options":[]},"categories":[1],"tags":[],"jetpack_publicize_connections":[],"acf":[],"yoast_head":"<!-- This site is optimized with the Yoast SEO plugin v19.14 - https:\/\/yoast.com\/wordpress\/plugins\/seo\/ -->\n<title>INFORME BANC\u00c1RIO - 059 \/ 2019 - REFORMA DA PREVID\u00caNCIA: NOVAS REGRAS PARA APOSENTADORIA POR INVALIDEZ - Sindicato dos Banc\u00e1rios de S\u00e3o Bento do Sul e Regi\u00e3o<\/title>\n<meta name=\"robots\" content=\"index, follow, max-snippet:-1, max-image-preview:large, max-video-preview:-1\" \/>\n<link rel=\"canonical\" href=\"https:\/\/sindicatodosbancarios.org.br\/site2022\/2019\/10\/31\/informe-bancario-059-2019-reforma-da-previdencia-novas-regras-para-aposentadoria-por-invalidez\/\" \/>\n<meta property=\"og:locale\" content=\"pt_BR\" \/>\n<meta property=\"og:type\" content=\"article\" \/>\n<meta property=\"og:title\" content=\"INFORME BANC\u00c1RIO - 059 \/ 2019 - REFORMA DA PREVID\u00caNCIA: NOVAS REGRAS PARA APOSENTADORIA POR INVALIDEZ - Sindicato dos Banc\u00e1rios de S\u00e3o Bento do Sul e Regi\u00e3o\" \/>\n<meta property=\"og:description\" content=\"Segundo os \u00faltimos dados da\u00a0Previd\u00eancia Social, em 2017 o INSS liberou mais de 3,5 milh\u00f5es de aposentadorias por [&hellip;]\" \/>\n<meta property=\"og:url\" content=\"https:\/\/sindicatodosbancarios.org.br\/site2022\/2019\/10\/31\/informe-bancario-059-2019-reforma-da-previdencia-novas-regras-para-aposentadoria-por-invalidez\/\" \/>\n<meta property=\"og:site_name\" content=\"Sindicato dos Banc\u00e1rios de S\u00e3o Bento do Sul e Regi\u00e3o\" \/>\n<meta property=\"article:author\" content=\"https:\/\/www.facebook.com\/seeb.sbs.9\" \/>\n<meta property=\"article:published_time\" content=\"2019-10-31T17:57:04+00:00\" \/>\n<meta property=\"og:image\" content=\"https:\/\/sindicatodosbancarios.org.br\/site2022\/wp-content\/uploads\/2019\/10\/APOSENTADORIAINVALIDEZ-imagem.jpg\" \/>\n\t<meta property=\"og:image:width\" content=\"696\" \/>\n\t<meta property=\"og:image:height\" content=\"464\" \/>\n\t<meta property=\"og:image:type\" content=\"image\/jpeg\" \/>\n<meta name=\"author\" content=\"Sindicato dos Banc\u00e1rios S\u00e3o Bento do Sul e Regi\u00e3o\" \/>\n<meta name=\"twitter:card\" content=\"summary_large_image\" \/>\n<meta name=\"twitter:label1\" content=\"Escrito por\" \/>\n\t<meta name=\"twitter:data1\" content=\"Sindicato dos Banc\u00e1rios S\u00e3o Bento do Sul e Regi\u00e3o\" \/>\n\t<meta name=\"twitter:label2\" content=\"Est. tempo de leitura\" \/>\n\t<meta name=\"twitter:data2\" content=\"5 minutos\" \/>\n<script type=\"application\/ld+json\" class=\"yoast-schema-graph\">{\"@context\":\"https:\/\/schema.org\",\"@graph\":[{\"@type\":\"Article\",\"@id\":\"https:\/\/sindicatodosbancarios.org.br\/site2022\/2019\/10\/31\/informe-bancario-059-2019-reforma-da-previdencia-novas-regras-para-aposentadoria-por-invalidez\/#article\",\"isPartOf\":{\"@id\":\"https:\/\/sindicatodosbancarios.org.br\/site2022\/2019\/10\/31\/informe-bancario-059-2019-reforma-da-previdencia-novas-regras-para-aposentadoria-por-invalidez\/\"},\"author\":{\"name\":\"Sindicato dos Banc\u00e1rios S\u00e3o Bento do Sul e Regi\u00e3o\",\"@id\":\"https:\/\/sindicatodosbancarios.org.br\/site2022\/#\/schema\/person\/a7d92da77d1084df4d28b57962f1e1bd\"},\"headline\":\"INFORME BANC\u00c1RIO &#8211; 059 \/ 2019 &#8211; REFORMA DA PREVID\u00caNCIA: NOVAS REGRAS PARA APOSENTADORIA POR INVALIDEZ\",\"datePublished\":\"2019-10-31T17:57:04+00:00\",\"dateModified\":\"2019-10-31T17:57:04+00:00\",\"mainEntityOfPage\":{\"@id\":\"https:\/\/sindicatodosbancarios.org.br\/site2022\/2019\/10\/31\/informe-bancario-059-2019-reforma-da-previdencia-novas-regras-para-aposentadoria-por-invalidez\/\"},\"wordCount\":963,\"commentCount\":0,\"publisher\":{\"@id\":\"https:\/\/sindicatodosbancarios.org.br\/site2022\/#organization\"},\"articleSection\":[\"Geral\"],\"inLanguage\":\"pt-BR\",\"potentialAction\":[{\"@type\":\"CommentAction\",\"name\":\"Comment\",\"target\":[\"https:\/\/sindicatodosbancarios.org.br\/site2022\/2019\/10\/31\/informe-bancario-059-2019-reforma-da-previdencia-novas-regras-para-aposentadoria-por-invalidez\/#respond\"]}]},{\"@type\":\"WebPage\",\"@id\":\"https:\/\/sindicatodosbancarios.org.br\/site2022\/2019\/10\/31\/informe-bancario-059-2019-reforma-da-previdencia-novas-regras-para-aposentadoria-por-invalidez\/\",\"url\":\"https:\/\/sindicatodosbancarios.org.br\/site2022\/2019\/10\/31\/informe-bancario-059-2019-reforma-da-previdencia-novas-regras-para-aposentadoria-por-invalidez\/\",\"name\":\"INFORME BANC\u00c1RIO - 059 \/ 2019 - REFORMA DA PREVID\u00caNCIA: NOVAS REGRAS PARA APOSENTADORIA POR INVALIDEZ - Sindicato dos Banc\u00e1rios de S\u00e3o Bento do Sul e Regi\u00e3o\",\"isPartOf\":{\"@id\":\"https:\/\/sindicatodosbancarios.org.br\/site2022\/#website\"},\"datePublished\":\"2019-10-31T17:57:04+00:00\",\"dateModified\":\"2019-10-31T17:57:04+00:00\",\"breadcrumb\":{\"@id\":\"https:\/\/sindicatodosbancarios.org.br\/site2022\/2019\/10\/31\/informe-bancario-059-2019-reforma-da-previdencia-novas-regras-para-aposentadoria-por-invalidez\/#breadcrumb\"},\"inLanguage\":\"pt-BR\",\"potentialAction\":[{\"@type\":\"ReadAction\",\"target\":[\"https:\/\/sindicatodosbancarios.org.br\/site2022\/2019\/10\/31\/informe-bancario-059-2019-reforma-da-previdencia-novas-regras-para-aposentadoria-por-invalidez\/\"]}]},{\"@type\":\"BreadcrumbList\",\"@id\":\"https:\/\/sindicatodosbancarios.org.br\/site2022\/2019\/10\/31\/informe-bancario-059-2019-reforma-da-previdencia-novas-regras-para-aposentadoria-por-invalidez\/#breadcrumb\",\"itemListElement\":[{\"@type\":\"ListItem\",\"position\":1,\"name\":\"In\u00edcio\",\"item\":\"https:\/\/sindicatodosbancarios.org.br\/site2022\/\"},{\"@type\":\"ListItem\",\"position\":2,\"name\":\"INFORME BANC\u00c1RIO &#8211; 059 \/ 2019 &#8211; REFORMA DA PREVID\u00caNCIA: NOVAS REGRAS PARA APOSENTADORIA POR INVALIDEZ\"}]},{\"@type\":\"WebSite\",\"@id\":\"https:\/\/sindicatodosbancarios.org.br\/site2022\/#website\",\"url\":\"https:\/\/sindicatodosbancarios.org.br\/site2022\/\",\"name\":\"Sindicato dos Banc\u00e1rios de S\u00e3o Bento do Sul e Regi\u00e3o\",\"description\":\"Website institucional do Sindicato dos Banc\u00e1rios de S\u00e3o Bento do Sul e Regi\u00e3o\",\"publisher\":{\"@id\":\"https:\/\/sindicatodosbancarios.org.br\/site2022\/#organization\"},\"potentialAction\":[{\"@type\":\"SearchAction\",\"target\":{\"@type\":\"EntryPoint\",\"urlTemplate\":\"https:\/\/sindicatodosbancarios.org.br\/site2022\/?s={search_term_string}\"},\"query-input\":\"required name=search_term_string\"}],\"inLanguage\":\"pt-BR\"},{\"@type\":\"Organization\",\"@id\":\"https:\/\/sindicatodosbancarios.org.br\/site2022\/#organization\",\"name\":\"Sindicato dos Banc\u00e1rios de S\u00e3o Bento do Sul e Regi\u00e3o\",\"url\":\"https:\/\/sindicatodosbancarios.org.br\/site2022\/\",\"logo\":{\"@type\":\"ImageObject\",\"inLanguage\":\"pt-BR\",\"@id\":\"https:\/\/sindicatodosbancarios.org.br\/site2022\/#\/schema\/logo\/image\/\",\"url\":\"https:\/\/sindicatodosbancarios.org.br\/site2022\/wp-content\/uploads\/2017\/06\/cropped-logo-2.png\",\"contentUrl\":\"https:\/\/sindicatodosbancarios.org.br\/site2022\/wp-content\/uploads\/2017\/06\/cropped-logo-2.png\",\"width\":292,\"height\":292,\"caption\":\"Sindicato dos Banc\u00e1rios de S\u00e3o Bento do Sul e Regi\u00e3o\"},\"image\":{\"@id\":\"https:\/\/sindicatodosbancarios.org.br\/site2022\/#\/schema\/logo\/image\/\"}},{\"@type\":\"Person\",\"@id\":\"https:\/\/sindicatodosbancarios.org.br\/site2022\/#\/schema\/person\/a7d92da77d1084df4d28b57962f1e1bd\",\"name\":\"Sindicato dos Banc\u00e1rios S\u00e3o Bento do Sul e Regi\u00e3o\",\"image\":{\"@type\":\"ImageObject\",\"inLanguage\":\"pt-BR\",\"@id\":\"https:\/\/sindicatodosbancarios.org.br\/site2022\/#\/schema\/person\/image\/\",\"url\":\"https:\/\/secure.gravatar.com\/avatar\/f1d1a06f698f2345352e539387180d42?s=96&d=mm&r=g\",\"contentUrl\":\"https:\/\/secure.gravatar.com\/avatar\/f1d1a06f698f2345352e539387180d42?s=96&d=mm&r=g\",\"caption\":\"Sindicato dos Banc\u00e1rios S\u00e3o Bento do Sul e Regi\u00e3o\"},\"sameAs\":[\"http:\/\/sindicatodosbancarios.org.br\/site2022\/\",\"https:\/\/www.facebook.com\/seeb.sbs.9\"],\"url\":\"https:\/\/sindicatodosbancarios.org.br\/site2022\/author\/sindicatodosbancarios\/\"}]}<\/script>\n<!-- \/ Yoast SEO plugin. -->","yoast_head_json":{"title":"INFORME BANC\u00c1RIO - 059 \/ 2019 - REFORMA DA PREVID\u00caNCIA: NOVAS REGRAS PARA APOSENTADORIA POR INVALIDEZ - Sindicato dos Banc\u00e1rios de S\u00e3o Bento do Sul e Regi\u00e3o","robots":{"index":"index","follow":"follow","max-snippet":"max-snippet:-1","max-image-preview":"max-image-preview:large","max-video-preview":"max-video-preview:-1"},"canonical":"https:\/\/sindicatodosbancarios.org.br\/site2022\/2019\/10\/31\/informe-bancario-059-2019-reforma-da-previdencia-novas-regras-para-aposentadoria-por-invalidez\/","og_locale":"pt_BR","og_type":"article","og_title":"INFORME BANC\u00c1RIO - 059 \/ 2019 - REFORMA DA PREVID\u00caNCIA: NOVAS REGRAS PARA APOSENTADORIA POR INVALIDEZ - Sindicato dos Banc\u00e1rios de S\u00e3o Bento do Sul e Regi\u00e3o","og_description":"Segundo os \u00faltimos dados da\u00a0Previd\u00eancia Social, em 2017 o INSS liberou mais de 3,5 milh\u00f5es de aposentadorias por [&hellip;]","og_url":"https:\/\/sindicatodosbancarios.org.br\/site2022\/2019\/10\/31\/informe-bancario-059-2019-reforma-da-previdencia-novas-regras-para-aposentadoria-por-invalidez\/","og_site_name":"Sindicato dos Banc\u00e1rios de S\u00e3o Bento do Sul e Regi\u00e3o","article_author":"https:\/\/www.facebook.com\/seeb.sbs.9","article_published_time":"2019-10-31T17:57:04+00:00","og_image":[{"width":696,"height":464,"url":"https:\/\/sindicatodosbancarios.org.br\/site2022\/wp-content\/uploads\/2019\/10\/APOSENTADORIAINVALIDEZ-imagem.jpg","type":"image\/jpeg"}],"author":"Sindicato dos Banc\u00e1rios S\u00e3o Bento do Sul e Regi\u00e3o","twitter_card":"summary_large_image","twitter_misc":{"Escrito por":"Sindicato dos Banc\u00e1rios S\u00e3o Bento do Sul e Regi\u00e3o","Est. tempo de leitura":"5 minutos"},"schema":{"@context":"https:\/\/schema.org","@graph":[{"@type":"Article","@id":"https:\/\/sindicatodosbancarios.org.br\/site2022\/2019\/10\/31\/informe-bancario-059-2019-reforma-da-previdencia-novas-regras-para-aposentadoria-por-invalidez\/#article","isPartOf":{"@id":"https:\/\/sindicatodosbancarios.org.br\/site2022\/2019\/10\/31\/informe-bancario-059-2019-reforma-da-previdencia-novas-regras-para-aposentadoria-por-invalidez\/"},"author":{"name":"Sindicato dos Banc\u00e1rios S\u00e3o Bento do Sul e Regi\u00e3o","@id":"https:\/\/sindicatodosbancarios.org.br\/site2022\/#\/schema\/person\/a7d92da77d1084df4d28b57962f1e1bd"},"headline":"INFORME BANC\u00c1RIO &#8211; 059 \/ 2019 &#8211; REFORMA DA PREVID\u00caNCIA: NOVAS REGRAS PARA APOSENTADORIA POR INVALIDEZ","datePublished":"2019-10-31T17:57:04+00:00","dateModified":"2019-10-31T17:57:04+00:00","mainEntityOfPage":{"@id":"https:\/\/sindicatodosbancarios.org.br\/site2022\/2019\/10\/31\/informe-bancario-059-2019-reforma-da-previdencia-novas-regras-para-aposentadoria-por-invalidez\/"},"wordCount":963,"commentCount":0,"publisher":{"@id":"https:\/\/sindicatodosbancarios.org.br\/site2022\/#organization"},"articleSection":["Geral"],"inLanguage":"pt-BR","potentialAction":[{"@type":"CommentAction","name":"Comment","target":["https:\/\/sindicatodosbancarios.org.br\/site2022\/2019\/10\/31\/informe-bancario-059-2019-reforma-da-previdencia-novas-regras-para-aposentadoria-por-invalidez\/#respond"]}]},{"@type":"WebPage","@id":"https:\/\/sindicatodosbancarios.org.br\/site2022\/2019\/10\/31\/informe-bancario-059-2019-reforma-da-previdencia-novas-regras-para-aposentadoria-por-invalidez\/","url":"https:\/\/sindicatodosbancarios.org.br\/site2022\/2019\/10\/31\/informe-bancario-059-2019-reforma-da-previdencia-novas-regras-para-aposentadoria-por-invalidez\/","name":"INFORME BANC\u00c1RIO - 059 \/ 2019 - REFORMA DA PREVID\u00caNCIA: NOVAS REGRAS PARA APOSENTADORIA POR INVALIDEZ - Sindicato dos Banc\u00e1rios de S\u00e3o Bento do Sul e Regi\u00e3o","isPartOf":{"@id":"https:\/\/sindicatodosbancarios.org.br\/site2022\/#website"},"datePublished":"2019-10-31T17:57:04+00:00","dateModified":"2019-10-31T17:57:04+00:00","breadcrumb":{"@id":"https:\/\/sindicatodosbancarios.org.br\/site2022\/2019\/10\/31\/informe-bancario-059-2019-reforma-da-previdencia-novas-regras-para-aposentadoria-por-invalidez\/#breadcrumb"},"inLanguage":"pt-BR","potentialAction":[{"@type":"ReadAction","target":["https:\/\/sindicatodosbancarios.org.br\/site2022\/2019\/10\/31\/informe-bancario-059-2019-reforma-da-previdencia-novas-regras-para-aposentadoria-por-invalidez\/"]}]},{"@type":"BreadcrumbList","@id":"https:\/\/sindicatodosbancarios.org.br\/site2022\/2019\/10\/31\/informe-bancario-059-2019-reforma-da-previdencia-novas-regras-para-aposentadoria-por-invalidez\/#breadcrumb","itemListElement":[{"@type":"ListItem","position":1,"name":"In\u00edcio","item":"https:\/\/sindicatodosbancarios.org.br\/site2022\/"},{"@type":"ListItem","position":2,"name":"INFORME BANC\u00c1RIO &#8211; 059 \/ 2019 &#8211; REFORMA DA PREVID\u00caNCIA: NOVAS REGRAS PARA APOSENTADORIA POR INVALIDEZ"}]},{"@type":"WebSite","@id":"https:\/\/sindicatodosbancarios.org.br\/site2022\/#website","url":"https:\/\/sindicatodosbancarios.org.br\/site2022\/","name":"Sindicato dos Banc\u00e1rios de S\u00e3o Bento do Sul e Regi\u00e3o","description":"Website institucional do Sindicato dos Banc\u00e1rios de S\u00e3o Bento do Sul e Regi\u00e3o","publisher":{"@id":"https:\/\/sindicatodosbancarios.org.br\/site2022\/#organization"},"potentialAction":[{"@type":"SearchAction","target":{"@type":"EntryPoint","urlTemplate":"https:\/\/sindicatodosbancarios.org.br\/site2022\/?s={search_term_string}"},"query-input":"required name=search_term_string"}],"inLanguage":"pt-BR"},{"@type":"Organization","@id":"https:\/\/sindicatodosbancarios.org.br\/site2022\/#organization","name":"Sindicato dos Banc\u00e1rios de S\u00e3o Bento do Sul e Regi\u00e3o","url":"https:\/\/sindicatodosbancarios.org.br\/site2022\/","logo":{"@type":"ImageObject","inLanguage":"pt-BR","@id":"https:\/\/sindicatodosbancarios.org.br\/site2022\/#\/schema\/logo\/image\/","url":"https:\/\/sindicatodosbancarios.org.br\/site2022\/wp-content\/uploads\/2017\/06\/cropped-logo-2.png","contentUrl":"https:\/\/sindicatodosbancarios.org.br\/site2022\/wp-content\/uploads\/2017\/06\/cropped-logo-2.png","width":292,"height":292,"caption":"Sindicato dos Banc\u00e1rios de S\u00e3o Bento do Sul e Regi\u00e3o"},"image":{"@id":"https:\/\/sindicatodosbancarios.org.br\/site2022\/#\/schema\/logo\/image\/"}},{"@type":"Person","@id":"https:\/\/sindicatodosbancarios.org.br\/site2022\/#\/schema\/person\/a7d92da77d1084df4d28b57962f1e1bd","name":"Sindicato dos Banc\u00e1rios S\u00e3o Bento do Sul e Regi\u00e3o","image":{"@type":"ImageObject","inLanguage":"pt-BR","@id":"https:\/\/sindicatodosbancarios.org.br\/site2022\/#\/schema\/person\/image\/","url":"https:\/\/secure.gravatar.com\/avatar\/f1d1a06f698f2345352e539387180d42?s=96&d=mm&r=g","contentUrl":"https:\/\/secure.gravatar.com\/avatar\/f1d1a06f698f2345352e539387180d42?s=96&d=mm&r=g","caption":"Sindicato dos Banc\u00e1rios S\u00e3o Bento do Sul e Regi\u00e3o"},"sameAs":["http:\/\/sindicatodosbancarios.org.br\/site2022\/","https:\/\/www.facebook.com\/seeb.sbs.9"],"url":"https:\/\/sindicatodosbancarios.org.br\/site2022\/author\/sindicatodosbancarios\/"}]}},"jetpack_featured_media_url":"https:\/\/sindicatodosbancarios.org.br\/site2022\/wp-content\/uploads\/2019\/10\/APOSENTADORIAINVALIDEZ-imagem.jpg","jetpack_sharing_enabled":true,"jetpack_shortlink":"https:\/\/wp.me\/p8RSbI-Ow","jetpack-related-posts":[{"id":4488,"url":"https:\/\/sindicatodosbancarios.org.br\/site2022\/2020\/09\/14\/informe-bancario-346-2020-conheca-nova-aposentadoria-por-invalidez-e-novo-auxilio-doenca-do-inss\/","url_meta":{"origin":3132,"position":0},"title":"INFORME BANC\u00c1RIO \u2013 346\/2020 Conhe\u00e7a nova aposentadoria por invalidez e novo aux\u00edlio-doen\u00e7a do INSS","date":"14 de setembro de 2020","format":false,"excerpt":"Aposentadoria por invalidez e aux\u00edlio-doen\u00e7a do INSS passaram por algumas mudan\u00e7as, desde a reforma da previd\u00eancia. Confira! Com a\u00a0Reforma da Previd\u00eancia, v\u00e1rias modifica\u00e7\u00f5es foram realizadas. Isso inclui a aposentadoria por invalidez, que deu espa\u00e7o para a aposentadoria por incapacidade permanente, e o aux\u00edlio-doen\u00e7a, adora denominado como\u00a0aux\u00edlio por incapacidade tempor\u00e1ria. Desde\u2026","rel":"","context":"Em &quot;Geral&quot;","img":{"alt_text":"","src":"","width":0,"height":0},"classes":[]},{"id":4311,"url":"https:\/\/sindicatodosbancarios.org.br\/site2022\/2020\/08\/20\/informe-bancario-306-2020-novas-regras-do-auxilio-doenca-entenda-o-que-mudou-apos-a-reforma-da-previdencia\/","url_meta":{"origin":3132,"position":1},"title":"INFORME BANC\u00c1RIO \u2013 306\/2020 Novas regras do aux\u00edlio-doen\u00e7a: Entenda o que mudou ap\u00f3s a Reforma da Previd\u00eancia","date":"20 de agosto de 2020","format":false,"excerpt":"Regras para ter direito ao aux\u00edlio-doen\u00e7a e aposentadoria por invalidez ficaram mais duras ap\u00f3s a reforma. Entenda como \u00e9 feito o c\u00e1lculo em cada modalidade. Muitos segurados do\u00a0Instituto Nacional do Seguro Social (INSS) ainda t\u00eam d\u00favidas sobre as novas regras da\u00a0aposentadoria, que entraram em vigor ap\u00f3s a Reforma da Previd\u00eancia\u2026","rel":"","context":"Em &quot;Geral&quot;","img":{"alt_text":"","src":"https:\/\/i0.wp.com\/sindicatodosbancarios.org.br\/site2022\/wp-content\/uploads\/2020\/08\/pedido-auxilio-doenca.jpg?resize=350%2C200&ssl=1","width":350,"height":200},"classes":[]},{"id":5665,"url":"https:\/\/sindicatodosbancarios.org.br\/site2022\/2021\/09\/02\/informe-bancario-207-2021-concessao-de-aposentadoria-por-invalidez-desaba-apos-reforma-da-previdencia\/","url_meta":{"origin":3132,"position":2},"title":"INFORME BANC\u00c1RIO \u2013 207\/2021 Concess\u00e3o de aposentadoria por invalidez desaba ap\u00f3s reforma da Previd\u00eancia","date":"2 de setembro de 2021","format":false,"excerpt":"Com a mudan\u00e7a, em vigor desde o fim de 2019, governo dificultou que algumas doen\u00e7as sejam consideradas v\u00e1lidas para a concess\u00e3o. A aposentadoria por incapacidade permanente, tamb\u00e9m conhecida como\u00a0aposentadoria por invalidez, \u00e9 uma modalidade garantida a segurados do Instituto Nacional do Seguro Social (INSS) que estejam incapacitados de forma definitiva\u2026","rel":"","context":"Em &quot;Geral&quot;","img":{"alt_text":"","src":"https:\/\/i0.wp.com\/sindicatodosbancarios.org.br\/site2022\/wp-content\/uploads\/2021\/09\/mudancas-aposentadoria.jpg?resize=350%2C200&ssl=1","width":350,"height":200},"classes":[]},{"id":4825,"url":"https:\/\/sindicatodosbancarios.org.br\/site2022\/2020\/12\/02\/informe-bancario-446-2020-aposentadoria-mei-saiba-como-funciona-o-beneficio-para-empreendedores\/","url_meta":{"origin":3132,"position":3},"title":"INFORME BANC\u00c1RIO \u2013 446\/2020 Aposentadoria MEI: Saiba como funciona o benef\u00edcio para empreendedores","date":"2 de dezembro de 2020","format":false,"excerpt":"As novas regras estabelecidas pela Reforma da Previd\u00eancia completaram um ano e, desde ent\u00e3o, os trabalhadores tiveram que se adaptar aos diferentes crit\u00e9rios para alcan\u00e7ar a t\u00e3o esperada aposentadoria. Essas mudan\u00e7as v\u00e3o desde altera\u00e7\u00f5es na idade m\u00ednima e no tempo de contribui\u00e7\u00e3o, at\u00e9 a soma de pontos e ped\u00e1gios que\u2026","rel":"","context":"Em &quot;Geral&quot;","img":{"alt_text":"","src":"https:\/\/i0.wp.com\/sindicatodosbancarios.org.br\/site2022\/wp-content\/uploads\/2020\/12\/idoso.jpg?resize=350%2C200&ssl=1","width":350,"height":200},"classes":[]},{"id":5819,"url":"https:\/\/sindicatodosbancarios.org.br\/site2022\/2021\/11\/17\/informe-bancario-248-2021-pensao-por-morte-saiba-quais-sao-as-regras-desse-beneficio-previdenciario\/","url_meta":{"origin":3132,"position":4},"title":"INFORME BANC\u00c1RIO \u2013 248\/2021 Pens\u00e3o por morte: Saiba quais s\u00e3o as regras desse benef\u00edcio previdenci\u00e1rio","date":"17 de novembro de 2021","format":false,"excerpt":"Alguns dependentes s\u00f3 podem garantir o benef\u00edcio quando n\u00e3o houver outro familiar com maior grau de prioridade. A\u00a0pens\u00e3o por morte\u00a0\u00e9 um benef\u00edcio assegurado pelo\u00a0INSS\u00a0aos dependentes do segurado falecido. O intuito \u00e9 substituir a aposentadoria do trabalhador ou o valor que ele teria direito no momento de seu falecimento e assim\u2026","rel":"","context":"Em &quot;Geral&quot;","img":{"alt_text":"","src":"https:\/\/i0.wp.com\/sindicatodosbancarios.org.br\/site2022\/wp-content\/uploads\/2021\/02\/ecv8by7wzopiiudr6exo2c0gh.jpg?resize=350%2C200&ssl=1","width":350,"height":200},"classes":[]},{"id":4599,"url":"https:\/\/sindicatodosbancarios.org.br\/site2022\/2020\/10\/05\/informe-bancario-377-2020-as-doencas-que-dao-direito-a-aposentadoria-do-inss\/","url_meta":{"origin":3132,"position":5},"title":"INFORME BANC\u00c1RIO \u2013 377\/2020 As doen\u00e7as que d\u00e3o direito a Aposentadoria do INSS","date":"5 de outubro de 2020","format":false,"excerpt":"Normalmente para ter direito ao Aux\u00edlio-doen\u00e7a ou aposentadoria por invalidez s\u00e3o necess\u00e1rios 2 requisitos, s\u00e3o eles: Qualidade de segurado Car\u00eancia A\u00a0Qualidade de segurado\u00a0\u00e9 a condi\u00e7\u00e3o atribu\u00edda a todo cidad\u00e3o filiado ao INSS que possua uma inscri\u00e7\u00e3o e fa\u00e7a pagamentos mensais a t\u00edtulo de Previd\u00eancia Social. J\u00e1 a car\u00eancia \u00e9 a\u2026","rel":"","context":"Em &quot;Geral&quot;","img":{"alt_text":"","src":"https:\/\/i0.wp.com\/sindicatodosbancarios.org.br\/site2022\/wp-content\/uploads\/2020\/10\/os-direitos-assegurados-aos-portadores-de-defici\u00eancia-e-de-doen\u00e7as-graves-710x372-696x365.jpg?resize=350%2C200&ssl=1","width":350,"height":200},"classes":[]}],"_links":{"self":[{"href":"https:\/\/sindicatodosbancarios.org.br\/site2022\/wp-json\/wp\/v2\/posts\/3132"}],"collection":[{"href":"https:\/\/sindicatodosbancarios.org.br\/site2022\/wp-json\/wp\/v2\/posts"}],"about":[{"href":"https:\/\/sindicatodosbancarios.org.br\/site2022\/wp-json\/wp\/v2\/types\/post"}],"author":[{"embeddable":true,"href":"https:\/\/sindicatodosbancarios.org.br\/site2022\/wp-json\/wp\/v2\/users\/2"}],"replies":[{"embeddable":true,"href":"https:\/\/sindicatodosbancarios.org.br\/site2022\/wp-json\/wp\/v2\/comments?post=3132"}],"version-history":[{"count":1,"href":"https:\/\/sindicatodosbancarios.org.br\/site2022\/wp-json\/wp\/v2\/posts\/3132\/revisions"}],"predecessor-version":[{"id":3134,"href":"https:\/\/sindicatodosbancarios.org.br\/site2022\/wp-json\/wp\/v2\/posts\/3132\/revisions\/3134"}],"wp:featuredmedia":[{"embeddable":true,"href":"https:\/\/sindicatodosbancarios.org.br\/site2022\/wp-json\/wp\/v2\/media\/3133"}],"wp:attachment":[{"href":"https:\/\/sindicatodosbancarios.org.br\/site2022\/wp-json\/wp\/v2\/media?parent=3132"}],"wp:term":[{"taxonomy":"category","embeddable":true,"href":"https:\/\/sindicatodosbancarios.org.br\/site2022\/wp-json\/wp\/v2\/categories?post=3132"},{"taxonomy":"post_tag","embeddable":true,"href":"https:\/\/sindicatodosbancarios.org.br\/site2022\/wp-json\/wp\/v2\/tags?post=3132"}],"curies":[{"name":"wp","href":"https:\/\/api.w.org\/{rel}","templated":true}]}}