{"id":3135,"date":"2019-10-31T15:22:44","date_gmt":"2019-10-31T18:22:44","guid":{"rendered":"https:\/\/sindicatodosbancarios.org.br\/?p=3135"},"modified":"2019-10-31T15:22:44","modified_gmt":"2019-10-31T18:22:44","slug":"informe-bancario-060-2019-se-esquerda-radicalizar-governo-pode-usar-um-novo-ai-5-em-resposta-diz-eduardo-bolsonaro","status":"publish","type":"post","link":"https:\/\/sindicatodosbancarios.org.br\/site2022\/2019\/10\/31\/informe-bancario-060-2019-se-esquerda-radicalizar-governo-pode-usar-um-novo-ai-5-em-resposta-diz-eduardo-bolsonaro\/","title":{"rendered":"INFORME BANC\u00c1RIO &#8211; 060 \/ 2019 &#8211; SE ESQUERDA RADICALIZAR, GOVERNO PODE USAR UM NOVO AI-5 EM RESPOSTA, DIZ EDUARDO BOLSONARO"},"content":{"rendered":"<p>(Reuters) &#8211; O l\u00edder do PSL na C\u00e2mara, Eduardo Bolsonaro (SP), afirmou em entrevista que o governo comandado pelo seu pai, Jair Bolsonaro, poderia lan\u00e7ar m\u00e3o de um instrumento como o AI-5, adotado pela ditadura militar, caso a esquerda radicalize em sua atua\u00e7\u00e3o no pa\u00eds e destacou que seria &#8220;ingenuidade&#8221; n\u00e3o relacionar protestos populares que t\u00eam ocorrido recentemente em pa\u00edses vizinhos da Am\u00e9rica do Sul com o clima de confronto que ocorre no Brasil.<\/p>\n<p>&#8220;Vai chegar a um momento em que a situa\u00e7\u00e3o vai ser igual ao final dos anos 60 no Brasil, quando sequestravam aeronaves, quando executavam e sequestravam grandes autoridades, c\u00f4nsules, embaixadores, execu\u00e7\u00e3o de policiais e militares&#8221;, disse, em entrevista com a jornalista Leda Nagle, veiculada no canal dela no Youtube nesta quinta-feira.<\/p>\n<p>&#8220;Se a esquerda radicalizar a esse ponto, a gente vai precisar ter uma resposta. Uma resposta ela pode ser via um novo AI-5, pode ser via uma legisla\u00e7\u00e3o aprovada atrav\u00e9s do plebiscito, como ocorreu na It\u00e1lia, alguma resposta vai ter que ser dada porque \u00e9 uma guerra assim\u00e9trica, n\u00e3o \u00e9 uma guerra onde voc\u00ea est\u00e1 vendo o seu oponente do outro lado e voc\u00ea tem que aniquil\u00e1-lo, como acontece nas guerras militares. \u00c9 um inimigo interno de dif\u00edcil identifica\u00e7\u00e3o aqui dentro do pa\u00eds, espero que n\u00e3o chegue a esse ponto, n\u00e9, mas a gente tem que estar atento&#8221;, completou.<\/p>\n<p>O AI-5, o mais duro dos atos institucionais editados pela ditadura em 1968, cassou mandatos parlamentares e suspendeu garantias constitucionais, criando condi\u00e7\u00f5es para que a repress\u00e3o estatal aumentasse contra os cidad\u00e3os.<\/p>\n<p>Eduardo criticou aqueles que acusam que tudo \u00e9 culpa do governo Jair Bolsonaro. &#8220;Tudo \u00e9 culpa do Bolsonaro, percebeu? Fogo na Amaz\u00f4nia, que sempre ocorre &#8211;eu j\u00e1 morei l\u00e1 em Rond\u00f4nia, sei como \u00e9 que \u00e9, sempre ocorre nessa esta\u00e7\u00e3o&#8211;, culpa do Bolsonaro. \u00d3leo no Nordeste, culpa do Bolsonaro. Daqui a pouco vai passar esse \u00f3leo, tudo vai ficar limpo e a\u00ed vai vir uma outra coisa, qualquer coisa, culpa do Bolsonaro&#8221;, disse.<\/p>\n<p>Procurada, a assessoria do deputado n\u00e3o respondeu de imediato.<\/p>\n<p><span style=\"font-size: 8pt;\">fonte: UOL,\u00a0\u00a0<a class=\"agency-link\" href=\"http:\/\/br.reuters.com\/\" data-audience-click=\"{&quot;reference&quot;:&quot;abrir-site-agencia&quot;,&quot;component&quot;:&quot;author&quot;,&quot;mediaName&quot;:&quot;no-media&quot;}\"><img class=\"img-agency loaded\" src=\"https:\/\/conteudo.imguol.com.br\/c\/agencias\/ultnot\/reuters.gif\" alt=\"\" data-src=\"https:\/\/conteudo.imguol.com.br\/c\/agencias\/ultnot\/reuters.gif\" data-crazyload=\"loaded\" \/><\/a> \u00a031\/10\/2019 \/13h27<\/span><\/p>\n","protected":false},"excerpt":{"rendered":"<p>(Reuters) &#8211; O l\u00edder do PSL na C\u00e2mara, Eduardo Bolsonaro (SP), afirmou em entrevista que o governo comandado [&hellip;]<\/p>\n","protected":false},"author":2,"featured_media":3137,"comment_status":"open","ping_status":"open","sticky":false,"template":"","format":"standard","meta":{"jetpack_post_was_ever_published":false,"jetpack_publicize_message":"","jetpack_is_tweetstorm":false,"jetpack_publicize_feature_enabled":true,"jetpack_social_post_already_shared":true,"jetpack_social_options":[]},"categories":[1],"tags":[],"jetpack_publicize_connections":[],"acf":[],"yoast_head":"<!-- This site is optimized with the Yoast SEO plugin v19.14 - https:\/\/yoast.com\/wordpress\/plugins\/seo\/ -->\n<title>INFORME BANC\u00c1RIO - 060 \/ 2019 - SE ESQUERDA RADICALIZAR, GOVERNO PODE USAR UM NOVO AI-5 EM RESPOSTA, DIZ EDUARDO BOLSONARO - Sindicato dos Banc\u00e1rios de S\u00e3o Bento do Sul e Regi\u00e3o<\/title>\n<meta name=\"robots\" content=\"index, follow, max-snippet:-1, max-image-preview:large, max-video-preview:-1\" \/>\n<link rel=\"canonical\" href=\"https:\/\/sindicatodosbancarios.org.br\/site2022\/2019\/10\/31\/informe-bancario-060-2019-se-esquerda-radicalizar-governo-pode-usar-um-novo-ai-5-em-resposta-diz-eduardo-bolsonaro\/\" \/>\n<meta property=\"og:locale\" content=\"pt_BR\" \/>\n<meta property=\"og:type\" content=\"article\" \/>\n<meta property=\"og:title\" content=\"INFORME BANC\u00c1RIO - 060 \/ 2019 - SE ESQUERDA RADICALIZAR, GOVERNO PODE USAR UM NOVO AI-5 EM RESPOSTA, DIZ EDUARDO BOLSONARO - Sindicato dos Banc\u00e1rios de S\u00e3o Bento do Sul e Regi\u00e3o\" \/>\n<meta property=\"og:description\" content=\"(Reuters) &#8211; O l\u00edder do PSL na C\u00e2mara, Eduardo Bolsonaro (SP), afirmou em entrevista que o governo comandado [&hellip;]\" \/>\n<meta property=\"og:url\" content=\"https:\/\/sindicatodosbancarios.org.br\/site2022\/2019\/10\/31\/informe-bancario-060-2019-se-esquerda-radicalizar-governo-pode-usar-um-novo-ai-5-em-resposta-diz-eduardo-bolsonaro\/\" \/>\n<meta property=\"og:site_name\" content=\"Sindicato dos Banc\u00e1rios de S\u00e3o Bento do Sul e Regi\u00e3o\" \/>\n<meta property=\"article:author\" content=\"https:\/\/www.facebook.com\/seeb.sbs.9\" \/>\n<meta property=\"article:published_time\" content=\"2019-10-31T18:22:44+00:00\" \/>\n<meta property=\"og:image\" content=\"https:\/\/sindicatodosbancarios.org.br\/site2022\/wp-content\/uploads\/2019\/10\/eduardo-bolsonaro.jpg\" \/>\n\t<meta property=\"og:image:width\" content=\"688\" \/>\n\t<meta property=\"og:image:height\" content=\"446\" \/>\n\t<meta property=\"og:image:type\" content=\"image\/jpeg\" \/>\n<meta name=\"author\" content=\"Sindicato dos Banc\u00e1rios S\u00e3o Bento do Sul e Regi\u00e3o\" \/>\n<meta name=\"twitter:card\" content=\"summary_large_image\" \/>\n<meta name=\"twitter:label1\" content=\"Escrito por\" \/>\n\t<meta name=\"twitter:data1\" content=\"Sindicato dos Banc\u00e1rios S\u00e3o Bento do Sul e Regi\u00e3o\" \/>\n\t<meta name=\"twitter:label2\" content=\"Est. tempo de leitura\" \/>\n\t<meta name=\"twitter:data2\" content=\"2 minutos\" \/>\n<script type=\"application\/ld+json\" class=\"yoast-schema-graph\">{\"@context\":\"https:\/\/schema.org\",\"@graph\":[{\"@type\":\"Article\",\"@id\":\"https:\/\/sindicatodosbancarios.org.br\/site2022\/2019\/10\/31\/informe-bancario-060-2019-se-esquerda-radicalizar-governo-pode-usar-um-novo-ai-5-em-resposta-diz-eduardo-bolsonaro\/#article\",\"isPartOf\":{\"@id\":\"https:\/\/sindicatodosbancarios.org.br\/site2022\/2019\/10\/31\/informe-bancario-060-2019-se-esquerda-radicalizar-governo-pode-usar-um-novo-ai-5-em-resposta-diz-eduardo-bolsonaro\/\"},\"author\":{\"name\":\"Sindicato dos Banc\u00e1rios S\u00e3o Bento do Sul e Regi\u00e3o\",\"@id\":\"https:\/\/sindicatodosbancarios.org.br\/site2022\/#\/schema\/person\/a7d92da77d1084df4d28b57962f1e1bd\"},\"headline\":\"INFORME BANC\u00c1RIO &#8211; 060 \/ 2019 &#8211; SE ESQUERDA RADICALIZAR, GOVERNO PODE USAR UM NOVO AI-5 EM RESPOSTA, DIZ EDUARDO BOLSONARO\",\"datePublished\":\"2019-10-31T18:22:44+00:00\",\"dateModified\":\"2019-10-31T18:22:44+00:00\",\"mainEntityOfPage\":{\"@id\":\"https:\/\/sindicatodosbancarios.org.br\/site2022\/2019\/10\/31\/informe-bancario-060-2019-se-esquerda-radicalizar-governo-pode-usar-um-novo-ai-5-em-resposta-diz-eduardo-bolsonaro\/\"},\"wordCount\":380,\"commentCount\":0,\"publisher\":{\"@id\":\"https:\/\/sindicatodosbancarios.org.br\/site2022\/#organization\"},\"articleSection\":[\"Geral\"],\"inLanguage\":\"pt-BR\",\"potentialAction\":[{\"@type\":\"CommentAction\",\"name\":\"Comment\",\"target\":[\"https:\/\/sindicatodosbancarios.org.br\/site2022\/2019\/10\/31\/informe-bancario-060-2019-se-esquerda-radicalizar-governo-pode-usar-um-novo-ai-5-em-resposta-diz-eduardo-bolsonaro\/#respond\"]}]},{\"@type\":\"WebPage\",\"@id\":\"https:\/\/sindicatodosbancarios.org.br\/site2022\/2019\/10\/31\/informe-bancario-060-2019-se-esquerda-radicalizar-governo-pode-usar-um-novo-ai-5-em-resposta-diz-eduardo-bolsonaro\/\",\"url\":\"https:\/\/sindicatodosbancarios.org.br\/site2022\/2019\/10\/31\/informe-bancario-060-2019-se-esquerda-radicalizar-governo-pode-usar-um-novo-ai-5-em-resposta-diz-eduardo-bolsonaro\/\",\"name\":\"INFORME BANC\u00c1RIO - 060 \/ 2019 - SE ESQUERDA RADICALIZAR, GOVERNO PODE USAR UM NOVO AI-5 EM RESPOSTA, DIZ EDUARDO BOLSONARO - Sindicato dos Banc\u00e1rios de S\u00e3o Bento do Sul e Regi\u00e3o\",\"isPartOf\":{\"@id\":\"https:\/\/sindicatodosbancarios.org.br\/site2022\/#website\"},\"datePublished\":\"2019-10-31T18:22:44+00:00\",\"dateModified\":\"2019-10-31T18:22:44+00:00\",\"breadcrumb\":{\"@id\":\"https:\/\/sindicatodosbancarios.org.br\/site2022\/2019\/10\/31\/informe-bancario-060-2019-se-esquerda-radicalizar-governo-pode-usar-um-novo-ai-5-em-resposta-diz-eduardo-bolsonaro\/#breadcrumb\"},\"inLanguage\":\"pt-BR\",\"potentialAction\":[{\"@type\":\"ReadAction\",\"target\":[\"https:\/\/sindicatodosbancarios.org.br\/site2022\/2019\/10\/31\/informe-bancario-060-2019-se-esquerda-radicalizar-governo-pode-usar-um-novo-ai-5-em-resposta-diz-eduardo-bolsonaro\/\"]}]},{\"@type\":\"BreadcrumbList\",\"@id\":\"https:\/\/sindicatodosbancarios.org.br\/site2022\/2019\/10\/31\/informe-bancario-060-2019-se-esquerda-radicalizar-governo-pode-usar-um-novo-ai-5-em-resposta-diz-eduardo-bolsonaro\/#breadcrumb\",\"itemListElement\":[{\"@type\":\"ListItem\",\"position\":1,\"name\":\"In\u00edcio\",\"item\":\"https:\/\/sindicatodosbancarios.org.br\/site2022\/\"},{\"@type\":\"ListItem\",\"position\":2,\"name\":\"INFORME BANC\u00c1RIO &#8211; 060 \/ 2019 &#8211; SE ESQUERDA RADICALIZAR, GOVERNO PODE USAR UM NOVO AI-5 EM RESPOSTA, DIZ EDUARDO BOLSONARO\"}]},{\"@type\":\"WebSite\",\"@id\":\"https:\/\/sindicatodosbancarios.org.br\/site2022\/#website\",\"url\":\"https:\/\/sindicatodosbancarios.org.br\/site2022\/\",\"name\":\"Sindicato dos Banc\u00e1rios de S\u00e3o Bento do Sul e Regi\u00e3o\",\"description\":\"Website institucional do Sindicato dos Banc\u00e1rios de S\u00e3o Bento do Sul e Regi\u00e3o\",\"publisher\":{\"@id\":\"https:\/\/sindicatodosbancarios.org.br\/site2022\/#organization\"},\"potentialAction\":[{\"@type\":\"SearchAction\",\"target\":{\"@type\":\"EntryPoint\",\"urlTemplate\":\"https:\/\/sindicatodosbancarios.org.br\/site2022\/?s={search_term_string}\"},\"query-input\":\"required name=search_term_string\"}],\"inLanguage\":\"pt-BR\"},{\"@type\":\"Organization\",\"@id\":\"https:\/\/sindicatodosbancarios.org.br\/site2022\/#organization\",\"name\":\"Sindicato dos Banc\u00e1rios de S\u00e3o Bento do Sul e Regi\u00e3o\",\"url\":\"https:\/\/sindicatodosbancarios.org.br\/site2022\/\",\"logo\":{\"@type\":\"ImageObject\",\"inLanguage\":\"pt-BR\",\"@id\":\"https:\/\/sindicatodosbancarios.org.br\/site2022\/#\/schema\/logo\/image\/\",\"url\":\"https:\/\/sindicatodosbancarios.org.br\/site2022\/wp-content\/uploads\/2017\/06\/cropped-logo-2.png\",\"contentUrl\":\"https:\/\/sindicatodosbancarios.org.br\/site2022\/wp-content\/uploads\/2017\/06\/cropped-logo-2.png\",\"width\":292,\"height\":292,\"caption\":\"Sindicato dos Banc\u00e1rios de S\u00e3o Bento do Sul e Regi\u00e3o\"},\"image\":{\"@id\":\"https:\/\/sindicatodosbancarios.org.br\/site2022\/#\/schema\/logo\/image\/\"}},{\"@type\":\"Person\",\"@id\":\"https:\/\/sindicatodosbancarios.org.br\/site2022\/#\/schema\/person\/a7d92da77d1084df4d28b57962f1e1bd\",\"name\":\"Sindicato dos Banc\u00e1rios S\u00e3o Bento do Sul e Regi\u00e3o\",\"image\":{\"@type\":\"ImageObject\",\"inLanguage\":\"pt-BR\",\"@id\":\"https:\/\/sindicatodosbancarios.org.br\/site2022\/#\/schema\/person\/image\/\",\"url\":\"https:\/\/secure.gravatar.com\/avatar\/f1d1a06f698f2345352e539387180d42?s=96&d=mm&r=g\",\"contentUrl\":\"https:\/\/secure.gravatar.com\/avatar\/f1d1a06f698f2345352e539387180d42?s=96&d=mm&r=g\",\"caption\":\"Sindicato dos Banc\u00e1rios S\u00e3o Bento do Sul e Regi\u00e3o\"},\"sameAs\":[\"http:\/\/sindicatodosbancarios.org.br\/site2022\/\",\"https:\/\/www.facebook.com\/seeb.sbs.9\"],\"url\":\"https:\/\/sindicatodosbancarios.org.br\/site2022\/author\/sindicatodosbancarios\/\"}]}<\/script>\n<!-- \/ Yoast SEO plugin. -->","yoast_head_json":{"title":"INFORME BANC\u00c1RIO - 060 \/ 2019 - SE ESQUERDA RADICALIZAR, GOVERNO PODE USAR UM NOVO AI-5 EM RESPOSTA, DIZ EDUARDO BOLSONARO - Sindicato dos Banc\u00e1rios de S\u00e3o Bento do Sul e Regi\u00e3o","robots":{"index":"index","follow":"follow","max-snippet":"max-snippet:-1","max-image-preview":"max-image-preview:large","max-video-preview":"max-video-preview:-1"},"canonical":"https:\/\/sindicatodosbancarios.org.br\/site2022\/2019\/10\/31\/informe-bancario-060-2019-se-esquerda-radicalizar-governo-pode-usar-um-novo-ai-5-em-resposta-diz-eduardo-bolsonaro\/","og_locale":"pt_BR","og_type":"article","og_title":"INFORME BANC\u00c1RIO - 060 \/ 2019 - SE ESQUERDA RADICALIZAR, GOVERNO PODE USAR UM NOVO AI-5 EM RESPOSTA, DIZ EDUARDO BOLSONARO - Sindicato dos Banc\u00e1rios de S\u00e3o Bento do Sul e Regi\u00e3o","og_description":"(Reuters) &#8211; O l\u00edder do PSL na C\u00e2mara, Eduardo Bolsonaro (SP), afirmou em entrevista que o governo comandado [&hellip;]","og_url":"https:\/\/sindicatodosbancarios.org.br\/site2022\/2019\/10\/31\/informe-bancario-060-2019-se-esquerda-radicalizar-governo-pode-usar-um-novo-ai-5-em-resposta-diz-eduardo-bolsonaro\/","og_site_name":"Sindicato dos Banc\u00e1rios de S\u00e3o Bento do Sul e Regi\u00e3o","article_author":"https:\/\/www.facebook.com\/seeb.sbs.9","article_published_time":"2019-10-31T18:22:44+00:00","og_image":[{"width":688,"height":446,"url":"https:\/\/sindicatodosbancarios.org.br\/site2022\/wp-content\/uploads\/2019\/10\/eduardo-bolsonaro.jpg","type":"image\/jpeg"}],"author":"Sindicato dos Banc\u00e1rios S\u00e3o Bento do Sul e Regi\u00e3o","twitter_card":"summary_large_image","twitter_misc":{"Escrito por":"Sindicato dos Banc\u00e1rios S\u00e3o Bento do Sul e Regi\u00e3o","Est. tempo de leitura":"2 minutos"},"schema":{"@context":"https:\/\/schema.org","@graph":[{"@type":"Article","@id":"https:\/\/sindicatodosbancarios.org.br\/site2022\/2019\/10\/31\/informe-bancario-060-2019-se-esquerda-radicalizar-governo-pode-usar-um-novo-ai-5-em-resposta-diz-eduardo-bolsonaro\/#article","isPartOf":{"@id":"https:\/\/sindicatodosbancarios.org.br\/site2022\/2019\/10\/31\/informe-bancario-060-2019-se-esquerda-radicalizar-governo-pode-usar-um-novo-ai-5-em-resposta-diz-eduardo-bolsonaro\/"},"author":{"name":"Sindicato dos Banc\u00e1rios S\u00e3o Bento do Sul e Regi\u00e3o","@id":"https:\/\/sindicatodosbancarios.org.br\/site2022\/#\/schema\/person\/a7d92da77d1084df4d28b57962f1e1bd"},"headline":"INFORME BANC\u00c1RIO &#8211; 060 \/ 2019 &#8211; SE ESQUERDA RADICALIZAR, GOVERNO PODE USAR UM NOVO AI-5 EM RESPOSTA, DIZ EDUARDO BOLSONARO","datePublished":"2019-10-31T18:22:44+00:00","dateModified":"2019-10-31T18:22:44+00:00","mainEntityOfPage":{"@id":"https:\/\/sindicatodosbancarios.org.br\/site2022\/2019\/10\/31\/informe-bancario-060-2019-se-esquerda-radicalizar-governo-pode-usar-um-novo-ai-5-em-resposta-diz-eduardo-bolsonaro\/"},"wordCount":380,"commentCount":0,"publisher":{"@id":"https:\/\/sindicatodosbancarios.org.br\/site2022\/#organization"},"articleSection":["Geral"],"inLanguage":"pt-BR","potentialAction":[{"@type":"CommentAction","name":"Comment","target":["https:\/\/sindicatodosbancarios.org.br\/site2022\/2019\/10\/31\/informe-bancario-060-2019-se-esquerda-radicalizar-governo-pode-usar-um-novo-ai-5-em-resposta-diz-eduardo-bolsonaro\/#respond"]}]},{"@type":"WebPage","@id":"https:\/\/sindicatodosbancarios.org.br\/site2022\/2019\/10\/31\/informe-bancario-060-2019-se-esquerda-radicalizar-governo-pode-usar-um-novo-ai-5-em-resposta-diz-eduardo-bolsonaro\/","url":"https:\/\/sindicatodosbancarios.org.br\/site2022\/2019\/10\/31\/informe-bancario-060-2019-se-esquerda-radicalizar-governo-pode-usar-um-novo-ai-5-em-resposta-diz-eduardo-bolsonaro\/","name":"INFORME BANC\u00c1RIO - 060 \/ 2019 - SE ESQUERDA RADICALIZAR, GOVERNO PODE USAR UM NOVO AI-5 EM RESPOSTA, DIZ EDUARDO BOLSONARO - Sindicato dos Banc\u00e1rios de S\u00e3o Bento do Sul e Regi\u00e3o","isPartOf":{"@id":"https:\/\/sindicatodosbancarios.org.br\/site2022\/#website"},"datePublished":"2019-10-31T18:22:44+00:00","dateModified":"2019-10-31T18:22:44+00:00","breadcrumb":{"@id":"https:\/\/sindicatodosbancarios.org.br\/site2022\/2019\/10\/31\/informe-bancario-060-2019-se-esquerda-radicalizar-governo-pode-usar-um-novo-ai-5-em-resposta-diz-eduardo-bolsonaro\/#breadcrumb"},"inLanguage":"pt-BR","potentialAction":[{"@type":"ReadAction","target":["https:\/\/sindicatodosbancarios.org.br\/site2022\/2019\/10\/31\/informe-bancario-060-2019-se-esquerda-radicalizar-governo-pode-usar-um-novo-ai-5-em-resposta-diz-eduardo-bolsonaro\/"]}]},{"@type":"BreadcrumbList","@id":"https:\/\/sindicatodosbancarios.org.br\/site2022\/2019\/10\/31\/informe-bancario-060-2019-se-esquerda-radicalizar-governo-pode-usar-um-novo-ai-5-em-resposta-diz-eduardo-bolsonaro\/#breadcrumb","itemListElement":[{"@type":"ListItem","position":1,"name":"In\u00edcio","item":"https:\/\/sindicatodosbancarios.org.br\/site2022\/"},{"@type":"ListItem","position":2,"name":"INFORME BANC\u00c1RIO &#8211; 060 \/ 2019 &#8211; SE ESQUERDA RADICALIZAR, GOVERNO PODE USAR UM NOVO AI-5 EM RESPOSTA, DIZ EDUARDO BOLSONARO"}]},{"@type":"WebSite","@id":"https:\/\/sindicatodosbancarios.org.br\/site2022\/#website","url":"https:\/\/sindicatodosbancarios.org.br\/site2022\/","name":"Sindicato dos Banc\u00e1rios de S\u00e3o Bento do Sul e Regi\u00e3o","description":"Website institucional do Sindicato dos Banc\u00e1rios de S\u00e3o Bento do Sul e Regi\u00e3o","publisher":{"@id":"https:\/\/sindicatodosbancarios.org.br\/site2022\/#organization"},"potentialAction":[{"@type":"SearchAction","target":{"@type":"EntryPoint","urlTemplate":"https:\/\/sindicatodosbancarios.org.br\/site2022\/?s={search_term_string}"},"query-input":"required name=search_term_string"}],"inLanguage":"pt-BR"},{"@type":"Organization","@id":"https:\/\/sindicatodosbancarios.org.br\/site2022\/#organization","name":"Sindicato dos Banc\u00e1rios de S\u00e3o Bento do Sul e Regi\u00e3o","url":"https:\/\/sindicatodosbancarios.org.br\/site2022\/","logo":{"@type":"ImageObject","inLanguage":"pt-BR","@id":"https:\/\/sindicatodosbancarios.org.br\/site2022\/#\/schema\/logo\/image\/","url":"https:\/\/sindicatodosbancarios.org.br\/site2022\/wp-content\/uploads\/2017\/06\/cropped-logo-2.png","contentUrl":"https:\/\/sindicatodosbancarios.org.br\/site2022\/wp-content\/uploads\/2017\/06\/cropped-logo-2.png","width":292,"height":292,"caption":"Sindicato dos Banc\u00e1rios de S\u00e3o Bento do Sul e Regi\u00e3o"},"image":{"@id":"https:\/\/sindicatodosbancarios.org.br\/site2022\/#\/schema\/logo\/image\/"}},{"@type":"Person","@id":"https:\/\/sindicatodosbancarios.org.br\/site2022\/#\/schema\/person\/a7d92da77d1084df4d28b57962f1e1bd","name":"Sindicato dos Banc\u00e1rios S\u00e3o Bento do Sul e Regi\u00e3o","image":{"@type":"ImageObject","inLanguage":"pt-BR","@id":"https:\/\/sindicatodosbancarios.org.br\/site2022\/#\/schema\/person\/image\/","url":"https:\/\/secure.gravatar.com\/avatar\/f1d1a06f698f2345352e539387180d42?s=96&d=mm&r=g","contentUrl":"https:\/\/secure.gravatar.com\/avatar\/f1d1a06f698f2345352e539387180d42?s=96&d=mm&r=g","caption":"Sindicato dos Banc\u00e1rios S\u00e3o Bento do Sul e Regi\u00e3o"},"sameAs":["http:\/\/sindicatodosbancarios.org.br\/site2022\/","https:\/\/www.facebook.com\/seeb.sbs.9"],"url":"https:\/\/sindicatodosbancarios.org.br\/site2022\/author\/sindicatodosbancarios\/"}]}},"jetpack_featured_media_url":"https:\/\/sindicatodosbancarios.org.br\/site2022\/wp-content\/uploads\/2019\/10\/eduardo-bolsonaro.jpg","jetpack_sharing_enabled":true,"jetpack_shortlink":"https:\/\/wp.me\/p8RSbI-Oz","jetpack-related-posts":[{"id":4687,"url":"https:\/\/sindicatodosbancarios.org.br\/site2022\/2020\/10\/28\/informe-bancario-405-2020-humilhacao-de-generais-vira-rotina-sob-bolsonaro\/","url_meta":{"origin":3135,"position":0},"title":"INFORME BANC\u00c1RIO \u2013 405\/2020 Humilha\u00e7\u00e3o de generais vira rotina sob Bolsonaro","date":"28 de outubro de 2020","format":false,"excerpt":"Deve doer nos integrantes da ala militar do governo a percep\u00e7\u00e3o de que fazem o papel de generais desastrados, numa pe\u00e7a confusa, em que o protagonista \u00e9 um capit\u00e3o destrambelhado e o ep\u00edlogo \u00e9 o centr\u00e3o. Aos pouquinhos, os generais v\u00e3o se tornando asteriscos humilhantes de um governo em que\u2026","rel":"","context":"Em &quot;Geral&quot;","img":{"alt_text":"","src":"https:\/\/i0.wp.com\/sindicatodosbancarios.org.br\/site2022\/wp-content\/uploads\/2020\/10\/o-presidente-jair-bolsonaro-e-o-ministro-ricardo-salles-meio-ambiente-1603484667795_v2_900x506.jpg?resize=350%2C200&ssl=1","width":350,"height":200},"classes":[]},{"id":4894,"url":"https:\/\/sindicatodosbancarios.org.br\/site2022\/2020\/12\/17\/informe-bancario-466-2020-bolsonaro-reconhece-vitoria-de-biden-e-cumprimenta-presidente-eleito-dos-eua\/","url_meta":{"origin":3135,"position":1},"title":"INFORME BANC\u00c1RIO \u2013 466\/2020 Bolsonaro reconhece vit\u00f3ria de Biden e cumprimenta presidente eleito dos EUA","date":"17 de dezembro de 2020","format":false,"excerpt":"O presidente Jair Bolsonaro reconheceu nesta ter\u00e7a-feira o democrata Joe Biden como presidente eleito dos Estados Unidos e o cumprimentou pela elei\u00e7\u00e3o, 35 dias depois da vit\u00f3ria do democrata sobre o presidente Donald Trump e somente depois da confirma\u00e7\u00e3o na v\u00e9spera pelo Col\u00e9gio Eleitoral dos EUA. Em telegrama diplom\u00e1tico enviado\u2026","rel":"","context":"Em &quot;Geral&quot;","img":{"alt_text":"","src":"https:\/\/i0.wp.com\/sindicatodosbancarios.org.br\/site2022\/wp-content\/uploads\/2020\/12\/o-presidente-jair-bolsonaro-cumprimenta-apoiadores-diante-da-bandeira-dos-estados-unidos-1589592245442_v2_1920x1280.jpg?resize=350%2C200&ssl=1","width":350,"height":200},"classes":[]},{"id":5849,"url":"https:\/\/sindicatodosbancarios.org.br\/site2022\/2021\/12\/29\/informe-bancario-257-2021-jair-bolsonaro-critica-combate-ao-trabalho-escravo\/","url_meta":{"origin":3135,"position":2},"title":"INFORME BANC\u00c1RIO \u2013 257\/2021 Jair Bolsonaro critica combate ao trabalho escravo","date":"29 de dezembro de 2021","format":false,"excerpt":"Em evento com empres\u00e1rios, Jair Bolsonaro atacou atua\u00e7\u00e3o do MPT; presidente tamb\u00e9m fez coment\u00e1rio homof\u00f3bico. Jair Bolsonaro\u00a0criticou nesta ter\u00e7a-feira (7\/12) o combate ao\u00a0trabalho escravo\u00a0pelo Minist\u00e9rio P\u00fablico do Trabalho (MPT). Bolsonaro afirmou que as normas que buscam evitar acidentes de trabalho atrapalham a vida do empresariado. \u201cOlha as normas regulamentadoras, como\u2026","rel":"","context":"Em &quot;Geral&quot;","img":{"alt_text":"","src":"https:\/\/i0.wp.com\/sindicatodosbancarios.org.br\/site2022\/wp-content\/uploads\/2021\/12\/190103_jair_bolsonaro_brazil_s.jpg?resize=350%2C200&ssl=1","width":350,"height":200},"classes":[]},{"id":5429,"url":"https:\/\/sindicatodosbancarios.org.br\/site2022\/2021\/06\/02\/informe-bancario-135-2021-investidores-apostam-no-brasil-mas-esperam-mais-reformas-de-bolsonaro\/","url_meta":{"origin":3135,"position":3},"title":"INFORME BANC\u00c1RIO \u2013 135\/2021 Investidores apostam no Brasil, mas esperam mais reformas de Bolsonaro","date":"2 de junho de 2021","format":false,"excerpt":"Ap\u00f3s v\u00e1rias licita\u00e7\u00f5es bem-sucedidas, o governo de Jair Bolsonaro (sem partido) se vangloria de ter recuperado a confian\u00e7a dos investidores no Brasil \u2014 mas empres\u00e1rios e analistas, na expectativa de um gigantesco programa de concess\u00f5es e privatiza\u00e7\u00f5es, s\u00e3o cautelosos e exigem mais reformas pr\u00f3-mercado. No come\u00e7o de abril, o leil\u00e3o\u2026","rel":"","context":"Em &quot;Geral&quot;","img":{"alt_text":"","src":"https:\/\/i0.wp.com\/sindicatodosbancarios.org.br\/site2022\/wp-content\/uploads\/2021\/06\/shutterstock_565457287-scaled.jpg?resize=350%2C200&ssl=1","width":350,"height":200},"classes":[]},{"id":4921,"url":"https:\/\/sindicatodosbancarios.org.br\/site2022\/2020\/12\/22\/informe-bancario-471-2020-bolsonaro-da-cavalo-de-pau-na-coronavac-movido-pelo-medo-da-concorrencia\/","url_meta":{"origin":3135,"position":4},"title":"INFORME BANC\u00c1RIO \u2013 471\/2020 Bolsonaro d\u00e1 cavalo-de-pau na Coronavac movido pelo medo da concorr\u00eancia","date":"22 de dezembro de 2020","format":false,"excerpt":"Parecia outro presidente. No discurso de hoje de manh\u00e3 em que anunciou o que o governo chamou de \"plano de vacina\u00e7\u00e3o contra a covid-19\", Jair Bolsonaro usou belas palavras e magn\u00e2nimas express\u00f5es, todas ausentes de seu repert\u00f3rio tradicional. Defendeu a \"a uni\u00e3o\" para combater \"algo que nos aflige h\u00e1 meses\"\u2026","rel":"","context":"Em &quot;Geral&quot;","img":{"alt_text":"","src":"https:\/\/i0.wp.com\/sindicatodosbancarios.org.br\/site2022\/wp-content\/uploads\/2020\/10\/49782687922_8d1aaf7e1a_k-1.jpg?resize=350%2C200&ssl=1","width":350,"height":200},"classes":[]},{"id":4961,"url":"https:\/\/sindicatodosbancarios.org.br\/site2022\/2021\/01\/05\/informe-bancario-485-2020-brasil-tem-muito-a-desaprender-com-bolsonaro\/","url_meta":{"origin":3135,"position":5},"title":"INFORME BANC\u00c1RIO \u2013 07\/2021 Brasil tem muito a desaprender com Bolsonaro","date":"5 de janeiro de 2021","format":false,"excerpt":"Governar \u00e9 como desenhar sem borracha. Imposs\u00edvel apagar os erros. Mas pode-se corrigir o tra\u00e7ado. O ano novo se apresentou para Bolsonaro como uma folha de papel em branco. Depois de empurrar o Brasil para um mato sem vacinas, o capit\u00e3o teve a chance de tra\u00e7ar novas coordenadas para sua\u2026","rel":"","context":"Em &quot;Geral&quot;","img":{"alt_text":"","src":"https:\/\/i0.wp.com\/sindicatodosbancarios.org.br\/site2022\/wp-content\/uploads\/2021\/01\/49782687922_8d1aaf7e1a_k-1.jpg?resize=350%2C200&ssl=1","width":350,"height":200},"classes":[]}],"_links":{"self":[{"href":"https:\/\/sindicatodosbancarios.org.br\/site2022\/wp-json\/wp\/v2\/posts\/3135"}],"collection":[{"href":"https:\/\/sindicatodosbancarios.org.br\/site2022\/wp-json\/wp\/v2\/posts"}],"about":[{"href":"https:\/\/sindicatodosbancarios.org.br\/site2022\/wp-json\/wp\/v2\/types\/post"}],"author":[{"embeddable":true,"href":"https:\/\/sindicatodosbancarios.org.br\/site2022\/wp-json\/wp\/v2\/users\/2"}],"replies":[{"embeddable":true,"href":"https:\/\/sindicatodosbancarios.org.br\/site2022\/wp-json\/wp\/v2\/comments?post=3135"}],"version-history":[{"count":1,"href":"https:\/\/sindicatodosbancarios.org.br\/site2022\/wp-json\/wp\/v2\/posts\/3135\/revisions"}],"predecessor-version":[{"id":3138,"href":"https:\/\/sindicatodosbancarios.org.br\/site2022\/wp-json\/wp\/v2\/posts\/3135\/revisions\/3138"}],"wp:featuredmedia":[{"embeddable":true,"href":"https:\/\/sindicatodosbancarios.org.br\/site2022\/wp-json\/wp\/v2\/media\/3137"}],"wp:attachment":[{"href":"https:\/\/sindicatodosbancarios.org.br\/site2022\/wp-json\/wp\/v2\/media?parent=3135"}],"wp:term":[{"taxonomy":"category","embeddable":true,"href":"https:\/\/sindicatodosbancarios.org.br\/site2022\/wp-json\/wp\/v2\/categories?post=3135"},{"taxonomy":"post_tag","embeddable":true,"href":"https:\/\/sindicatodosbancarios.org.br\/site2022\/wp-json\/wp\/v2\/tags?post=3135"}],"curies":[{"name":"wp","href":"https:\/\/api.w.org\/{rel}","templated":true}]}}