{"id":3139,"date":"2019-11-01T15:07:57","date_gmt":"2019-11-01T18:07:57","guid":{"rendered":"https:\/\/sindicatodosbancarios.org.br\/?p=3139"},"modified":"2019-11-01T15:07:57","modified_gmt":"2019-11-01T18:07:57","slug":"informe-bancario-061-2019-janaina-paschoal-critica-fala-de-eduardo-bolsonaro-sobre-ai-5-completamente-descabido","status":"publish","type":"post","link":"https:\/\/sindicatodosbancarios.org.br\/site2022\/2019\/11\/01\/informe-bancario-061-2019-janaina-paschoal-critica-fala-de-eduardo-bolsonaro-sobre-ai-5-completamente-descabido\/","title":{"rendered":"INFORME BANC\u00c1RIO &#8211; 061 \/ 2019 &#8211; JANAINA PASCHOAL CRITICA FALA DE EDUARDO BOLSONARO SOBRE AI-5: &#8216;COMPLETAMENTE DESCABIDO&#8217;"},"content":{"rendered":"<p>A deputada estadual paulista Janaina Paschoal (PSL) criticou a fala do deputado federal Eduardo Bolsonaro, do seu partido, em que ele defendeu a possibilidade de um novo AI-5.<\/p>\n<p>Paschoal disse \u00e0 BBC News Brasil que &#8220;pensar em qualquer retrocesso, como um Ato Institucional, me parece completamente descabido&#8221;.<\/p>\n<p>Em uma entrevista ao canal da apresentadora Leda Nagle no YouTube, Eduardo afirmou que caso a esquerda &#8220;se radicalize&#8221;, &#8220;vamos precisar ter uma resposta, e uma resposta pode ser via um novo AI-5, pode ser via uma legisla\u00e7\u00e3o aprovada atrav\u00e9s de plebiscito, como aconteceu na It\u00e1lia&#8221;.<\/p>\n<p>&#8220;N\u00e3o tem sentido, vivemos numa democracia, trabalhamos e lutamos muito, eu em especial, com tudo o que eu fiz, para a preserva\u00e7\u00e3o da democracia, na sua concretude, n\u00e3o s\u00f3 no papel&#8221;, diz Janaina.<\/p>\n<p>A deputada, no entanto, diz que Eduardo tem raz\u00e3o ao dizer, na mesma entrevista, que o pai est\u00e1 sendo perseguido.<\/p>\n<p>&#8220;Quando ele diz que existe uma persegui\u00e7\u00e3o ao pai dele, atribuindo a ele culpa pelos inc\u00eandios na Amaz\u00f4nia, especialmente por essa situa\u00e7\u00e3o envolvendo o \u00f3leo no Nordeste, ele est\u00e1 com a raz\u00e3o&#8221;, afirma. &#8220;Porque n\u00e3o tem sentido atribuir ao presidente situa\u00e7\u00f5es em que o pa\u00eds \u00e9 v\u00edtima.&#8221;<\/p>\n<p>A deputada disse querer acreditar que a fala de Eduardo sobre o AI-5 seja &#8220;meramente ret\u00f3rica&#8221;.<\/p>\n<p>&#8220;Porque \u00e9 justamente em virtude desse tipo de fala \u00e9 que os opositores ao pai dele e os ide\u00f3logos da esquerda acabam ganhando argumentos&#8221;, afirma.<\/p>\n<h3>Ato de exce\u00e7\u00e3o<\/h3>\n<p>O Ato Institucional N\u00famero Cinco foi assinado pelo general Artur da Costa e Silva h\u00e1 51 anos. A medida deu instrumentos para a ditadura militar intensificar a repress\u00e3o.<\/p>\n<p>O AI-5 autorizou uma s\u00e9rie de medidas de exce\u00e7\u00e3o, permitindo o fechamento do Congresso, a cassa\u00e7\u00e3o de mandatos parlamentares, interven\u00e7\u00f5es federais, pris\u00f5es at\u00e9 ent\u00e3o consideradas ilegais, e suspens\u00e3o dos direitos pol\u00edticos dos cidad\u00e3os.<\/p>\n<p>A deputada tamb\u00e9m disse &#8220;essas falas prejudicam o presidente, porque acabam confirmando estere\u00f3tipos&#8221;. &#8220;Eu acredito que se os filhos puderem tomar um pouco mais cuidado, (isso) ajudaria o presidente&#8221;, afirmou.<\/p>\n<p>Ela diz duvidar que Bolsonaro &#8220;cerceie filhos de se manifestarem&#8221; porque n\u00e3o \u00e9 da &#8220;\u00edndole do presidente&#8221;.<\/p>\n<p>&#8220;As pessoas o acusam de ser ditatorial, mas eu posso dizer, ele respeita a fala das pessoas. Eu sou extremamente cr\u00edtica, j\u00e1 fiz cr\u00edticas p\u00fablicas ao presidente, inclusive na presen\u00e7a dele, ele nunca fez um coment\u00e1rio agressivo, grosseiro, cerceador, nunca.&#8221;<\/p>\n<p>Janaina tamb\u00e9m disse acreditar o PSL jamais apoiaria um novo AI-5.<\/p>\n<p>&#8220;Eu n\u00e3o posso falar pelo PSL, at\u00e9 todo mundo sabe que eu sou defensora de candidaturas avulsas. Mas eu acredito que o partido jamais apoiaria at\u00e9 porque a pr\u00f3pria carta de princ\u00edpios do partido \u00e9 uma carta liberal.&#8221;<\/p>\n<p><span style=\"font-size: 8pt;\">Fonte:\u00a0Microsoft News\/23 horas atr\u00e1s<\/span><\/p>\n","protected":false},"excerpt":{"rendered":"<p>A deputada estadual paulista Janaina Paschoal (PSL) criticou a fala do deputado federal Eduardo Bolsonaro, do seu partido, [&hellip;]<\/p>\n","protected":false},"author":2,"featured_media":3142,"comment_status":"open","ping_status":"open","sticky":false,"template":"","format":"standard","meta":{"jetpack_post_was_ever_published":false,"jetpack_publicize_message":"","jetpack_is_tweetstorm":false,"jetpack_publicize_feature_enabled":true,"jetpack_social_post_already_shared":true,"jetpack_social_options":[]},"categories":[1],"tags":[],"jetpack_publicize_connections":[],"acf":[],"yoast_head":"<!-- This site is optimized with the Yoast SEO plugin v19.14 - https:\/\/yoast.com\/wordpress\/plugins\/seo\/ -->\n<title>INFORME BANC\u00c1RIO - 061 \/ 2019 - JANAINA PASCHOAL CRITICA FALA DE EDUARDO BOLSONARO SOBRE AI-5: &#039;COMPLETAMENTE DESCABIDO&#039; - Sindicato dos Banc\u00e1rios de S\u00e3o Bento do Sul e Regi\u00e3o<\/title>\n<meta name=\"robots\" content=\"index, follow, max-snippet:-1, max-image-preview:large, max-video-preview:-1\" \/>\n<link rel=\"canonical\" href=\"https:\/\/sindicatodosbancarios.org.br\/site2022\/2019\/11\/01\/informe-bancario-061-2019-janaina-paschoal-critica-fala-de-eduardo-bolsonaro-sobre-ai-5-completamente-descabido\/\" \/>\n<meta property=\"og:locale\" content=\"pt_BR\" \/>\n<meta property=\"og:type\" content=\"article\" \/>\n<meta property=\"og:title\" content=\"INFORME BANC\u00c1RIO - 061 \/ 2019 - JANAINA PASCHOAL CRITICA FALA DE EDUARDO BOLSONARO SOBRE AI-5: &#039;COMPLETAMENTE DESCABIDO&#039; - Sindicato dos Banc\u00e1rios de S\u00e3o Bento do Sul e Regi\u00e3o\" \/>\n<meta property=\"og:description\" content=\"A deputada estadual paulista Janaina Paschoal (PSL) criticou a fala do deputado federal Eduardo Bolsonaro, do seu partido, [&hellip;]\" \/>\n<meta property=\"og:url\" content=\"https:\/\/sindicatodosbancarios.org.br\/site2022\/2019\/11\/01\/informe-bancario-061-2019-janaina-paschoal-critica-fala-de-eduardo-bolsonaro-sobre-ai-5-completamente-descabido\/\" \/>\n<meta property=\"og:site_name\" content=\"Sindicato dos Banc\u00e1rios de S\u00e3o Bento do Sul e Regi\u00e3o\" \/>\n<meta property=\"article:author\" content=\"https:\/\/www.facebook.com\/seeb.sbs.9\" \/>\n<meta property=\"article:published_time\" content=\"2019-11-01T18:07:57+00:00\" \/>\n<meta property=\"og:image\" content=\"https:\/\/sindicatodosbancarios.org.br\/site2022\/wp-content\/uploads\/2019\/11\/download-1.jpg\" \/>\n\t<meta property=\"og:image:width\" content=\"275\" \/>\n\t<meta property=\"og:image:height\" content=\"183\" \/>\n\t<meta property=\"og:image:type\" content=\"image\/jpeg\" \/>\n<meta name=\"author\" content=\"Sindicato dos Banc\u00e1rios S\u00e3o Bento do Sul e Regi\u00e3o\" \/>\n<meta name=\"twitter:card\" content=\"summary_large_image\" \/>\n<meta name=\"twitter:label1\" content=\"Escrito por\" \/>\n\t<meta name=\"twitter:data1\" content=\"Sindicato dos Banc\u00e1rios S\u00e3o Bento do Sul e Regi\u00e3o\" \/>\n\t<meta name=\"twitter:label2\" content=\"Est. tempo de leitura\" \/>\n\t<meta name=\"twitter:data2\" content=\"2 minutos\" \/>\n<script type=\"application\/ld+json\" class=\"yoast-schema-graph\">{\"@context\":\"https:\/\/schema.org\",\"@graph\":[{\"@type\":\"Article\",\"@id\":\"https:\/\/sindicatodosbancarios.org.br\/site2022\/2019\/11\/01\/informe-bancario-061-2019-janaina-paschoal-critica-fala-de-eduardo-bolsonaro-sobre-ai-5-completamente-descabido\/#article\",\"isPartOf\":{\"@id\":\"https:\/\/sindicatodosbancarios.org.br\/site2022\/2019\/11\/01\/informe-bancario-061-2019-janaina-paschoal-critica-fala-de-eduardo-bolsonaro-sobre-ai-5-completamente-descabido\/\"},\"author\":{\"name\":\"Sindicato dos Banc\u00e1rios S\u00e3o Bento do Sul e Regi\u00e3o\",\"@id\":\"https:\/\/sindicatodosbancarios.org.br\/site2022\/#\/schema\/person\/a7d92da77d1084df4d28b57962f1e1bd\"},\"headline\":\"INFORME BANC\u00c1RIO &#8211; 061 \/ 2019 &#8211; JANAINA PASCHOAL CRITICA FALA DE EDUARDO BOLSONARO SOBRE AI-5: &#8216;COMPLETAMENTE DESCABIDO&#8217;\",\"datePublished\":\"2019-11-01T18:07:57+00:00\",\"dateModified\":\"2019-11-01T18:07:57+00:00\",\"mainEntityOfPage\":{\"@id\":\"https:\/\/sindicatodosbancarios.org.br\/site2022\/2019\/11\/01\/informe-bancario-061-2019-janaina-paschoal-critica-fala-de-eduardo-bolsonaro-sobre-ai-5-completamente-descabido\/\"},\"wordCount\":491,\"commentCount\":0,\"publisher\":{\"@id\":\"https:\/\/sindicatodosbancarios.org.br\/site2022\/#organization\"},\"articleSection\":[\"Geral\"],\"inLanguage\":\"pt-BR\",\"potentialAction\":[{\"@type\":\"CommentAction\",\"name\":\"Comment\",\"target\":[\"https:\/\/sindicatodosbancarios.org.br\/site2022\/2019\/11\/01\/informe-bancario-061-2019-janaina-paschoal-critica-fala-de-eduardo-bolsonaro-sobre-ai-5-completamente-descabido\/#respond\"]}]},{\"@type\":\"WebPage\",\"@id\":\"https:\/\/sindicatodosbancarios.org.br\/site2022\/2019\/11\/01\/informe-bancario-061-2019-janaina-paschoal-critica-fala-de-eduardo-bolsonaro-sobre-ai-5-completamente-descabido\/\",\"url\":\"https:\/\/sindicatodosbancarios.org.br\/site2022\/2019\/11\/01\/informe-bancario-061-2019-janaina-paschoal-critica-fala-de-eduardo-bolsonaro-sobre-ai-5-completamente-descabido\/\",\"name\":\"INFORME BANC\u00c1RIO - 061 \/ 2019 - JANAINA PASCHOAL CRITICA FALA DE EDUARDO BOLSONARO SOBRE AI-5: 'COMPLETAMENTE DESCABIDO' - Sindicato dos Banc\u00e1rios de S\u00e3o Bento do Sul e Regi\u00e3o\",\"isPartOf\":{\"@id\":\"https:\/\/sindicatodosbancarios.org.br\/site2022\/#website\"},\"datePublished\":\"2019-11-01T18:07:57+00:00\",\"dateModified\":\"2019-11-01T18:07:57+00:00\",\"breadcrumb\":{\"@id\":\"https:\/\/sindicatodosbancarios.org.br\/site2022\/2019\/11\/01\/informe-bancario-061-2019-janaina-paschoal-critica-fala-de-eduardo-bolsonaro-sobre-ai-5-completamente-descabido\/#breadcrumb\"},\"inLanguage\":\"pt-BR\",\"potentialAction\":[{\"@type\":\"ReadAction\",\"target\":[\"https:\/\/sindicatodosbancarios.org.br\/site2022\/2019\/11\/01\/informe-bancario-061-2019-janaina-paschoal-critica-fala-de-eduardo-bolsonaro-sobre-ai-5-completamente-descabido\/\"]}]},{\"@type\":\"BreadcrumbList\",\"@id\":\"https:\/\/sindicatodosbancarios.org.br\/site2022\/2019\/11\/01\/informe-bancario-061-2019-janaina-paschoal-critica-fala-de-eduardo-bolsonaro-sobre-ai-5-completamente-descabido\/#breadcrumb\",\"itemListElement\":[{\"@type\":\"ListItem\",\"position\":1,\"name\":\"In\u00edcio\",\"item\":\"https:\/\/sindicatodosbancarios.org.br\/site2022\/\"},{\"@type\":\"ListItem\",\"position\":2,\"name\":\"INFORME BANC\u00c1RIO &#8211; 061 \/ 2019 &#8211; JANAINA PASCHOAL CRITICA FALA DE EDUARDO BOLSONARO SOBRE AI-5: &#8216;COMPLETAMENTE DESCABIDO&#8217;\"}]},{\"@type\":\"WebSite\",\"@id\":\"https:\/\/sindicatodosbancarios.org.br\/site2022\/#website\",\"url\":\"https:\/\/sindicatodosbancarios.org.br\/site2022\/\",\"name\":\"Sindicato dos Banc\u00e1rios de S\u00e3o Bento do Sul e Regi\u00e3o\",\"description\":\"Website institucional do Sindicato dos Banc\u00e1rios de S\u00e3o Bento do Sul e Regi\u00e3o\",\"publisher\":{\"@id\":\"https:\/\/sindicatodosbancarios.org.br\/site2022\/#organization\"},\"potentialAction\":[{\"@type\":\"SearchAction\",\"target\":{\"@type\":\"EntryPoint\",\"urlTemplate\":\"https:\/\/sindicatodosbancarios.org.br\/site2022\/?s={search_term_string}\"},\"query-input\":\"required name=search_term_string\"}],\"inLanguage\":\"pt-BR\"},{\"@type\":\"Organization\",\"@id\":\"https:\/\/sindicatodosbancarios.org.br\/site2022\/#organization\",\"name\":\"Sindicato dos Banc\u00e1rios de S\u00e3o Bento do Sul e Regi\u00e3o\",\"url\":\"https:\/\/sindicatodosbancarios.org.br\/site2022\/\",\"logo\":{\"@type\":\"ImageObject\",\"inLanguage\":\"pt-BR\",\"@id\":\"https:\/\/sindicatodosbancarios.org.br\/site2022\/#\/schema\/logo\/image\/\",\"url\":\"https:\/\/sindicatodosbancarios.org.br\/site2022\/wp-content\/uploads\/2017\/06\/cropped-logo-2.png\",\"contentUrl\":\"https:\/\/sindicatodosbancarios.org.br\/site2022\/wp-content\/uploads\/2017\/06\/cropped-logo-2.png\",\"width\":292,\"height\":292,\"caption\":\"Sindicato dos Banc\u00e1rios de S\u00e3o Bento do Sul e Regi\u00e3o\"},\"image\":{\"@id\":\"https:\/\/sindicatodosbancarios.org.br\/site2022\/#\/schema\/logo\/image\/\"}},{\"@type\":\"Person\",\"@id\":\"https:\/\/sindicatodosbancarios.org.br\/site2022\/#\/schema\/person\/a7d92da77d1084df4d28b57962f1e1bd\",\"name\":\"Sindicato dos Banc\u00e1rios S\u00e3o Bento do Sul e Regi\u00e3o\",\"image\":{\"@type\":\"ImageObject\",\"inLanguage\":\"pt-BR\",\"@id\":\"https:\/\/sindicatodosbancarios.org.br\/site2022\/#\/schema\/person\/image\/\",\"url\":\"https:\/\/secure.gravatar.com\/avatar\/f1d1a06f698f2345352e539387180d42?s=96&d=mm&r=g\",\"contentUrl\":\"https:\/\/secure.gravatar.com\/avatar\/f1d1a06f698f2345352e539387180d42?s=96&d=mm&r=g\",\"caption\":\"Sindicato dos Banc\u00e1rios S\u00e3o Bento do Sul e Regi\u00e3o\"},\"sameAs\":[\"http:\/\/sindicatodosbancarios.org.br\/site2022\/\",\"https:\/\/www.facebook.com\/seeb.sbs.9\"],\"url\":\"https:\/\/sindicatodosbancarios.org.br\/site2022\/author\/sindicatodosbancarios\/\"}]}<\/script>\n<!-- \/ Yoast SEO plugin. -->","yoast_head_json":{"title":"INFORME BANC\u00c1RIO - 061 \/ 2019 - JANAINA PASCHOAL CRITICA FALA DE EDUARDO BOLSONARO SOBRE AI-5: 'COMPLETAMENTE DESCABIDO' - Sindicato dos Banc\u00e1rios de S\u00e3o Bento do Sul e Regi\u00e3o","robots":{"index":"index","follow":"follow","max-snippet":"max-snippet:-1","max-image-preview":"max-image-preview:large","max-video-preview":"max-video-preview:-1"},"canonical":"https:\/\/sindicatodosbancarios.org.br\/site2022\/2019\/11\/01\/informe-bancario-061-2019-janaina-paschoal-critica-fala-de-eduardo-bolsonaro-sobre-ai-5-completamente-descabido\/","og_locale":"pt_BR","og_type":"article","og_title":"INFORME BANC\u00c1RIO - 061 \/ 2019 - JANAINA PASCHOAL CRITICA FALA DE EDUARDO BOLSONARO SOBRE AI-5: 'COMPLETAMENTE DESCABIDO' - Sindicato dos Banc\u00e1rios de S\u00e3o Bento do Sul e Regi\u00e3o","og_description":"A deputada estadual paulista Janaina Paschoal (PSL) criticou a fala do deputado federal Eduardo Bolsonaro, do seu partido, [&hellip;]","og_url":"https:\/\/sindicatodosbancarios.org.br\/site2022\/2019\/11\/01\/informe-bancario-061-2019-janaina-paschoal-critica-fala-de-eduardo-bolsonaro-sobre-ai-5-completamente-descabido\/","og_site_name":"Sindicato dos Banc\u00e1rios de S\u00e3o Bento do Sul e Regi\u00e3o","article_author":"https:\/\/www.facebook.com\/seeb.sbs.9","article_published_time":"2019-11-01T18:07:57+00:00","og_image":[{"width":275,"height":183,"url":"https:\/\/sindicatodosbancarios.org.br\/site2022\/wp-content\/uploads\/2019\/11\/download-1.jpg","type":"image\/jpeg"}],"author":"Sindicato dos Banc\u00e1rios S\u00e3o Bento do Sul e Regi\u00e3o","twitter_card":"summary_large_image","twitter_misc":{"Escrito por":"Sindicato dos Banc\u00e1rios S\u00e3o Bento do Sul e Regi\u00e3o","Est. tempo de leitura":"2 minutos"},"schema":{"@context":"https:\/\/schema.org","@graph":[{"@type":"Article","@id":"https:\/\/sindicatodosbancarios.org.br\/site2022\/2019\/11\/01\/informe-bancario-061-2019-janaina-paschoal-critica-fala-de-eduardo-bolsonaro-sobre-ai-5-completamente-descabido\/#article","isPartOf":{"@id":"https:\/\/sindicatodosbancarios.org.br\/site2022\/2019\/11\/01\/informe-bancario-061-2019-janaina-paschoal-critica-fala-de-eduardo-bolsonaro-sobre-ai-5-completamente-descabido\/"},"author":{"name":"Sindicato dos Banc\u00e1rios S\u00e3o Bento do Sul e Regi\u00e3o","@id":"https:\/\/sindicatodosbancarios.org.br\/site2022\/#\/schema\/person\/a7d92da77d1084df4d28b57962f1e1bd"},"headline":"INFORME BANC\u00c1RIO &#8211; 061 \/ 2019 &#8211; JANAINA PASCHOAL CRITICA FALA DE EDUARDO BOLSONARO SOBRE AI-5: &#8216;COMPLETAMENTE DESCABIDO&#8217;","datePublished":"2019-11-01T18:07:57+00:00","dateModified":"2019-11-01T18:07:57+00:00","mainEntityOfPage":{"@id":"https:\/\/sindicatodosbancarios.org.br\/site2022\/2019\/11\/01\/informe-bancario-061-2019-janaina-paschoal-critica-fala-de-eduardo-bolsonaro-sobre-ai-5-completamente-descabido\/"},"wordCount":491,"commentCount":0,"publisher":{"@id":"https:\/\/sindicatodosbancarios.org.br\/site2022\/#organization"},"articleSection":["Geral"],"inLanguage":"pt-BR","potentialAction":[{"@type":"CommentAction","name":"Comment","target":["https:\/\/sindicatodosbancarios.org.br\/site2022\/2019\/11\/01\/informe-bancario-061-2019-janaina-paschoal-critica-fala-de-eduardo-bolsonaro-sobre-ai-5-completamente-descabido\/#respond"]}]},{"@type":"WebPage","@id":"https:\/\/sindicatodosbancarios.org.br\/site2022\/2019\/11\/01\/informe-bancario-061-2019-janaina-paschoal-critica-fala-de-eduardo-bolsonaro-sobre-ai-5-completamente-descabido\/","url":"https:\/\/sindicatodosbancarios.org.br\/site2022\/2019\/11\/01\/informe-bancario-061-2019-janaina-paschoal-critica-fala-de-eduardo-bolsonaro-sobre-ai-5-completamente-descabido\/","name":"INFORME BANC\u00c1RIO - 061 \/ 2019 - JANAINA PASCHOAL CRITICA FALA DE EDUARDO BOLSONARO SOBRE AI-5: 'COMPLETAMENTE DESCABIDO' - Sindicato dos Banc\u00e1rios de S\u00e3o Bento do Sul e Regi\u00e3o","isPartOf":{"@id":"https:\/\/sindicatodosbancarios.org.br\/site2022\/#website"},"datePublished":"2019-11-01T18:07:57+00:00","dateModified":"2019-11-01T18:07:57+00:00","breadcrumb":{"@id":"https:\/\/sindicatodosbancarios.org.br\/site2022\/2019\/11\/01\/informe-bancario-061-2019-janaina-paschoal-critica-fala-de-eduardo-bolsonaro-sobre-ai-5-completamente-descabido\/#breadcrumb"},"inLanguage":"pt-BR","potentialAction":[{"@type":"ReadAction","target":["https:\/\/sindicatodosbancarios.org.br\/site2022\/2019\/11\/01\/informe-bancario-061-2019-janaina-paschoal-critica-fala-de-eduardo-bolsonaro-sobre-ai-5-completamente-descabido\/"]}]},{"@type":"BreadcrumbList","@id":"https:\/\/sindicatodosbancarios.org.br\/site2022\/2019\/11\/01\/informe-bancario-061-2019-janaina-paschoal-critica-fala-de-eduardo-bolsonaro-sobre-ai-5-completamente-descabido\/#breadcrumb","itemListElement":[{"@type":"ListItem","position":1,"name":"In\u00edcio","item":"https:\/\/sindicatodosbancarios.org.br\/site2022\/"},{"@type":"ListItem","position":2,"name":"INFORME BANC\u00c1RIO &#8211; 061 \/ 2019 &#8211; JANAINA PASCHOAL CRITICA FALA DE EDUARDO BOLSONARO SOBRE AI-5: &#8216;COMPLETAMENTE DESCABIDO&#8217;"}]},{"@type":"WebSite","@id":"https:\/\/sindicatodosbancarios.org.br\/site2022\/#website","url":"https:\/\/sindicatodosbancarios.org.br\/site2022\/","name":"Sindicato dos Banc\u00e1rios de S\u00e3o Bento do Sul e Regi\u00e3o","description":"Website institucional do Sindicato dos Banc\u00e1rios de S\u00e3o Bento do Sul e Regi\u00e3o","publisher":{"@id":"https:\/\/sindicatodosbancarios.org.br\/site2022\/#organization"},"potentialAction":[{"@type":"SearchAction","target":{"@type":"EntryPoint","urlTemplate":"https:\/\/sindicatodosbancarios.org.br\/site2022\/?s={search_term_string}"},"query-input":"required name=search_term_string"}],"inLanguage":"pt-BR"},{"@type":"Organization","@id":"https:\/\/sindicatodosbancarios.org.br\/site2022\/#organization","name":"Sindicato dos Banc\u00e1rios de S\u00e3o Bento do Sul e Regi\u00e3o","url":"https:\/\/sindicatodosbancarios.org.br\/site2022\/","logo":{"@type":"ImageObject","inLanguage":"pt-BR","@id":"https:\/\/sindicatodosbancarios.org.br\/site2022\/#\/schema\/logo\/image\/","url":"https:\/\/sindicatodosbancarios.org.br\/site2022\/wp-content\/uploads\/2017\/06\/cropped-logo-2.png","contentUrl":"https:\/\/sindicatodosbancarios.org.br\/site2022\/wp-content\/uploads\/2017\/06\/cropped-logo-2.png","width":292,"height":292,"caption":"Sindicato dos Banc\u00e1rios de S\u00e3o Bento do Sul e Regi\u00e3o"},"image":{"@id":"https:\/\/sindicatodosbancarios.org.br\/site2022\/#\/schema\/logo\/image\/"}},{"@type":"Person","@id":"https:\/\/sindicatodosbancarios.org.br\/site2022\/#\/schema\/person\/a7d92da77d1084df4d28b57962f1e1bd","name":"Sindicato dos Banc\u00e1rios S\u00e3o Bento do Sul e Regi\u00e3o","image":{"@type":"ImageObject","inLanguage":"pt-BR","@id":"https:\/\/sindicatodosbancarios.org.br\/site2022\/#\/schema\/person\/image\/","url":"https:\/\/secure.gravatar.com\/avatar\/f1d1a06f698f2345352e539387180d42?s=96&d=mm&r=g","contentUrl":"https:\/\/secure.gravatar.com\/avatar\/f1d1a06f698f2345352e539387180d42?s=96&d=mm&r=g","caption":"Sindicato dos Banc\u00e1rios S\u00e3o Bento do Sul e Regi\u00e3o"},"sameAs":["http:\/\/sindicatodosbancarios.org.br\/site2022\/","https:\/\/www.facebook.com\/seeb.sbs.9"],"url":"https:\/\/sindicatodosbancarios.org.br\/site2022\/author\/sindicatodosbancarios\/"}]}},"jetpack_featured_media_url":"https:\/\/sindicatodosbancarios.org.br\/site2022\/wp-content\/uploads\/2019\/11\/download-1.jpg","jetpack_sharing_enabled":true,"jetpack_shortlink":"https:\/\/wp.me\/p8RSbI-OD","jetpack-related-posts":[{"id":4991,"url":"https:\/\/sindicatodosbancarios.org.br\/site2022\/2021\/01\/11\/informe-bancario-492-2021-bolsonaro-diz-que-brasil-tera-situacao-pior-que-os-eua-se-nao-houver-voto-impresso-em-2022\/","url_meta":{"origin":3139,"position":0},"title":"INFORME BANC\u00c1RIO \u2013 14\/2021 Bolsonaro diz que Brasil ter\u00e1 situa\u00e7\u00e3o pior que os EUA se n\u00e3o houver voto impresso em 2022","date":"11 de janeiro de 2021","format":false,"excerpt":"O presidente Jair Bolsonaro disse nesta quinta-feria que o Brasil enfrentar\u00e1 um cen\u00e1rio pior que o vivido pelos Estados Unidos, onde na v\u00e9spera apoiadores do presidente Donald Trump invadiram o pr\u00e9dio do Congresso, caso o pa\u00eds n\u00e3o adote o voto impresso na elei\u00e7\u00e3o presidencial de 2022. Em conversa com apoiadores\u2026","rel":"","context":"Em &quot;Geral&quot;","img":{"alt_text":"","src":"https:\/\/i0.wp.com\/sindicatodosbancarios.org.br\/site2022\/wp-content\/uploads\/2020\/12\/o-presidente-jair-bolsonaro-cumprimenta-apoiadores-diante-da-bandeira-dos-estados-unidos-1589592245442_v2_1920x1280.jpg?resize=350%2C200&ssl=1","width":350,"height":200},"classes":[]},{"id":4687,"url":"https:\/\/sindicatodosbancarios.org.br\/site2022\/2020\/10\/28\/informe-bancario-405-2020-humilhacao-de-generais-vira-rotina-sob-bolsonaro\/","url_meta":{"origin":3139,"position":1},"title":"INFORME BANC\u00c1RIO \u2013 405\/2020 Humilha\u00e7\u00e3o de generais vira rotina sob Bolsonaro","date":"28 de outubro de 2020","format":false,"excerpt":"Deve doer nos integrantes da ala militar do governo a percep\u00e7\u00e3o de que fazem o papel de generais desastrados, numa pe\u00e7a confusa, em que o protagonista \u00e9 um capit\u00e3o destrambelhado e o ep\u00edlogo \u00e9 o centr\u00e3o. Aos pouquinhos, os generais v\u00e3o se tornando asteriscos humilhantes de um governo em que\u2026","rel":"","context":"Em &quot;Geral&quot;","img":{"alt_text":"","src":"https:\/\/i0.wp.com\/sindicatodosbancarios.org.br\/site2022\/wp-content\/uploads\/2020\/10\/o-presidente-jair-bolsonaro-e-o-ministro-ricardo-salles-meio-ambiente-1603484667795_v2_900x506.jpg?resize=350%2C200&ssl=1","width":350,"height":200},"classes":[]},{"id":5075,"url":"https:\/\/sindicatodosbancarios.org.br\/site2022\/2021\/02\/01\/informe-bancario-34-2021-alto-escalao-da-saude-ironizou-vacinas-em-mensagens-de-whatsapp\/","url_meta":{"origin":3139,"position":2},"title":"INFORME BANC\u00c1RIO \u2013 34\/2021 Alto escal\u00e3o da Sa\u00fade ironizou vacinas em mensagens de WhatsApp","date":"1 de fevereiro de 2021","format":false,"excerpt":"Obtidas por uma ag\u00eancia, as mensagens revelam que a equipe de Eduardo Pazuello priorizou m\u00e9todos sem comprova\u00e7\u00e3o cient\u00edfica, como a cloroquina De\u00a0hidroxicloroquina at\u00e9 o negacionismo da vacina\u00e7\u00e3o.\u00a0O registro de bate-papo interno do\u00a0Minist\u00e9rio da Sa\u00fade no Whatsapp,\u00a0contendo mensagens trocadas por funcion\u00e1rios da pasta, no ano passado, foi obtido pela ag\u00eancia\u00a0Reuters\u00a0nesta quarta-feira\u2026","rel":"","context":"Em &quot;Geral&quot;","img":{"alt_text":"","src":"https:\/\/i0.wp.com\/sindicatodosbancarios.org.br\/site2022\/wp-content\/uploads\/2021\/02\/20210127161013129355e.jpg?resize=350%2C200&ssl=1","width":350,"height":200},"classes":[]},{"id":4961,"url":"https:\/\/sindicatodosbancarios.org.br\/site2022\/2021\/01\/05\/informe-bancario-485-2020-brasil-tem-muito-a-desaprender-com-bolsonaro\/","url_meta":{"origin":3139,"position":3},"title":"INFORME BANC\u00c1RIO \u2013 07\/2021 Brasil tem muito a desaprender com Bolsonaro","date":"5 de janeiro de 2021","format":false,"excerpt":"Governar \u00e9 como desenhar sem borracha. Imposs\u00edvel apagar os erros. Mas pode-se corrigir o tra\u00e7ado. O ano novo se apresentou para Bolsonaro como uma folha de papel em branco. Depois de empurrar o Brasil para um mato sem vacinas, o capit\u00e3o teve a chance de tra\u00e7ar novas coordenadas para sua\u2026","rel":"","context":"Em &quot;Geral&quot;","img":{"alt_text":"","src":"https:\/\/i0.wp.com\/sindicatodosbancarios.org.br\/site2022\/wp-content\/uploads\/2021\/01\/49782687922_8d1aaf7e1a_k-1.jpg?resize=350%2C200&ssl=1","width":350,"height":200},"classes":[]},{"id":5849,"url":"https:\/\/sindicatodosbancarios.org.br\/site2022\/2021\/12\/29\/informe-bancario-257-2021-jair-bolsonaro-critica-combate-ao-trabalho-escravo\/","url_meta":{"origin":3139,"position":4},"title":"INFORME BANC\u00c1RIO \u2013 257\/2021 Jair Bolsonaro critica combate ao trabalho escravo","date":"29 de dezembro de 2021","format":false,"excerpt":"Em evento com empres\u00e1rios, Jair Bolsonaro atacou atua\u00e7\u00e3o do MPT; presidente tamb\u00e9m fez coment\u00e1rio homof\u00f3bico. Jair Bolsonaro\u00a0criticou nesta ter\u00e7a-feira (7\/12) o combate ao\u00a0trabalho escravo\u00a0pelo Minist\u00e9rio P\u00fablico do Trabalho (MPT). Bolsonaro afirmou que as normas que buscam evitar acidentes de trabalho atrapalham a vida do empresariado. \u201cOlha as normas regulamentadoras, como\u2026","rel":"","context":"Em &quot;Geral&quot;","img":{"alt_text":"","src":"https:\/\/i0.wp.com\/sindicatodosbancarios.org.br\/site2022\/wp-content\/uploads\/2021\/12\/190103_jair_bolsonaro_brazil_s.jpg?resize=350%2C200&ssl=1","width":350,"height":200},"classes":[]},{"id":6359,"url":"https:\/\/sindicatodosbancarios.org.br\/site2022\/2022\/05\/09\/informe-bancario-63-2022-apos-fala-de-bolsonaro-tse-reafirma-que-permite-a-partidos-que-auditem-eleicao\/","url_meta":{"origin":3139,"position":5},"title":"INFORME BANC\u00c1RIO \u2013 63\/2022 Ap\u00f3s fala de Bolsonaro, TSE reafirma que permite a partidos que auditem elei\u00e7\u00e3o","date":"9 de maio de 2022","format":false,"excerpt":"O Tribunal Superior Eleitoral (TSE) reafirmou que os partidos podem auditar as elei\u00e7\u00f5es brasileiras, em manifesta\u00e7\u00e3o divulgada ap\u00f3s o presidente Jair Bolsonaro ter dito em sua live semanal que seu partido, o PL, vai contratar uma empresa para realizar o servi\u00e7o. Segundo a assessoria do tribunal, a fiscaliza\u00e7\u00e3o das elei\u00e7\u00f5es\u2026","rel":"","context":"Em &quot;Geral&quot;","img":{"alt_text":"","src":"https:\/\/i0.wp.com\/sindicatodosbancarios.org.br\/site2022\/wp-content\/uploads\/2022\/05\/1649111325624b711dd4e0c_1649111325_3x2_md.jpg?resize=350%2C200&ssl=1","width":350,"height":200},"classes":[]}],"_links":{"self":[{"href":"https:\/\/sindicatodosbancarios.org.br\/site2022\/wp-json\/wp\/v2\/posts\/3139"}],"collection":[{"href":"https:\/\/sindicatodosbancarios.org.br\/site2022\/wp-json\/wp\/v2\/posts"}],"about":[{"href":"https:\/\/sindicatodosbancarios.org.br\/site2022\/wp-json\/wp\/v2\/types\/post"}],"author":[{"embeddable":true,"href":"https:\/\/sindicatodosbancarios.org.br\/site2022\/wp-json\/wp\/v2\/users\/2"}],"replies":[{"embeddable":true,"href":"https:\/\/sindicatodosbancarios.org.br\/site2022\/wp-json\/wp\/v2\/comments?post=3139"}],"version-history":[{"count":1,"href":"https:\/\/sindicatodosbancarios.org.br\/site2022\/wp-json\/wp\/v2\/posts\/3139\/revisions"}],"predecessor-version":[{"id":3141,"href":"https:\/\/sindicatodosbancarios.org.br\/site2022\/wp-json\/wp\/v2\/posts\/3139\/revisions\/3141"}],"wp:featuredmedia":[{"embeddable":true,"href":"https:\/\/sindicatodosbancarios.org.br\/site2022\/wp-json\/wp\/v2\/media\/3142"}],"wp:attachment":[{"href":"https:\/\/sindicatodosbancarios.org.br\/site2022\/wp-json\/wp\/v2\/media?parent=3139"}],"wp:term":[{"taxonomy":"category","embeddable":true,"href":"https:\/\/sindicatodosbancarios.org.br\/site2022\/wp-json\/wp\/v2\/categories?post=3139"},{"taxonomy":"post_tag","embeddable":true,"href":"https:\/\/sindicatodosbancarios.org.br\/site2022\/wp-json\/wp\/v2\/tags?post=3139"}],"curies":[{"name":"wp","href":"https:\/\/api.w.org\/{rel}","templated":true}]}}