{"id":3149,"date":"2019-11-01T15:46:59","date_gmt":"2019-11-01T18:46:59","guid":{"rendered":"https:\/\/sindicatodosbancarios.org.br\/?p=3149"},"modified":"2019-11-01T15:46:59","modified_gmt":"2019-11-01T18:46:59","slug":"informe-bancario-063-2019-empresas-se-tornam-responsaveis-pelo-pagamento-de-auxilio-doenca","status":"publish","type":"post","link":"https:\/\/sindicatodosbancarios.org.br\/site2022\/2019\/11\/01\/informe-bancario-063-2019-empresas-se-tornam-responsaveis-pelo-pagamento-de-auxilio-doenca\/","title":{"rendered":"INFORME BANC\u00c1RIO &#8211; 063 \/ 2019 &#8211; EMPRESAS SE TORNAM RESPONS\u00c1VEIS PELO PAGAMENTO DE AUX\u00cdLIO-DOEN\u00c7A"},"content":{"rendered":"<div>\n<p class=\"chamada\">Aprovada pelo comiss\u00e3o mista, a Medida Provis\u00f3ria n\u00ba 891 estabelece que os empregadores paguem at\u00e9 120 dias de aux\u00edlio-doen\u00e7a para os trabalhadores.<\/p>\n<p>Uma nova proposta referente ao\u00a0<a href=\"https:\/\/editalconcursosbrasil.com.br\/noticias\/2019\/08\/mei-possui-direito-a-auxilio-doenca-saiba-quais-os-requisitos-necessarios\/\"><strong>aux\u00edlio-doen\u00e7a<\/strong><\/a>\u00a0foi aprovada nesta quarta feira (30), por meio da Medida Provis\u00f3ria (MP) n\u00ba 891 pela comiss\u00e3o mista que discute sobre o tema no Senado Federal. A proposta prev\u00ea que o empregador pague o aux\u00edlio-doen\u00e7a de funcion\u00e1rios segurados por at\u00e9 120 dias, equivalente a 4 meses.<\/p>\n<p>O aux\u00edlio-doen\u00e7a \u00e9 um benef\u00edcio pago pelo\u00a0<a href=\"https:\/\/editalconcursosbrasil.com.br\/noticias\/2019\/10\/pente-fino-do-inss-ira-revisar-beneficios-ate-2022-veja-como-se-preparar\/\"><strong>Instituto Nacional do Seguro Social (INSS)<\/strong><\/a>\u00a0ao trabalhador que comprove por meio de per\u00edcia m\u00e9dica que est\u00e1 incapaz de exercer seu trabalho devido a uma doen\u00e7a ou acidente. Atualmente, os valores s\u00e3o pagos at\u00e9 o 15\u00ba dia de afastamento. Com isso, o benef\u00edcio \u00e9 pago a partir do 16\u00ba dia pelo INSS.<\/p>\n<p>Com a mudan\u00e7a estabelecida pela MP, os empregadores dever\u00e3o arcar com o aux\u00edlio por todo o per\u00edodo de oferta. Em contrapartida, as empresas que pagarem pelo aux\u00edlio-doen\u00e7a por um per\u00edodo de at\u00e9 quatro meses ter\u00e3o compensa\u00e7\u00e3o tribut\u00e1ria. Com isso, os valores gastos com o aux\u00edlio ser\u00e3o descontados dos impostos pagos.<\/p>\n<h3>Alguns empres\u00e1rios escapam na nova medida<\/h3>\n<p>Alguns empres\u00e1rios n\u00e3o ser\u00e3o atingidos pela nova regra proposta pela MP. Este \u00e9 o caso de\u00a0<a href=\"https:\/\/editalconcursosbrasil.com.br\/noticias\/2019\/10\/governo-estuda-ampliar-mei-para-todos-os-profissionais-de-aplicativos\/\">microempreendedores individuais (MEI)<\/a>, donos de micro e pequenas empresas, trabalhadores dom\u00e9sticos, trabalhadores avulsos, empregados rurais , empregados intermitentes e pequenas cooperativas.<\/p>\n<p>Sendo assim, o aux\u00edlio-doen\u00e7a no caso desses grupos continuar\u00e1 como responsabilidade do INSS. Com isso, a expectativa do governo \u00e9 de que ocorra uma redu\u00e7\u00e3o de at\u00e9 R$ 7 bilh\u00f5es em gastos, fato que abre um espa\u00e7o no teto de gastos da Uni\u00e3o.<\/p>\n<h3>Como funcionar\u00e1 a nova regra<\/h3>\n<p>De acordo com a proposta do deputado Fernando Rodolfo, a empresa dever\u00e1 arcar com os cursos do aux\u00edlio quando o afastamento ocorrer por um per\u00edodo entre 16 a 120 dias. Al\u00e9m disso, os empregadores dever\u00e3o tamb\u00e9m realizar a avalia\u00e7\u00e3o preliminar para verificar se h\u00e1 a real necessidade do aux\u00edlio-doen\u00e7a.<\/p>\n<p>Para Fernando Rodolfo, \u201cmuitas companhias j\u00e1 precisam, pela lei, manter m\u00e9dicos do trabalho \u2013 sobretudo aquelas com mais de 100 funcion\u00e1rios, de acordo com o risco da atividade\u201d. Sendo assim, os profissionais poder\u00e3o analisar os casos de afastamento solicitados e decidir ou n\u00e3o pelo pagamento do aux\u00edlio. As empresas menores poder\u00e3o realizar os exames em cl\u00ednicas conveniadas com o instituto.<\/p>\n<p>Contudo, a per\u00edcia realizada pelo INSS continuar\u00e1 obrigat\u00f3ria, com o intuito de validar ou n\u00e3o a decis\u00e3o tomada pela empresa. Ademais, a per\u00edcia tamb\u00e9m ir\u00e1 garantir o direito de abatimento do valor gasto com o aux\u00edlio-doen\u00e7a nos impostos pagos pela empresa. Em caso de benef\u00edcio negado pela per\u00edcia, os valores do aux\u00edlio ser\u00e3o descontados gradualmente do sal\u00e1rio do funcion\u00e1rio.<\/p>\n<p><span style=\"font-size: 8pt;\">Fonte: Edital Cursos Brasil, 31\/10\/2019 \/18:58\u00a0<\/span><\/p>\n<\/div>\n","protected":false},"excerpt":{"rendered":"<p>Aprovada pelo comiss\u00e3o mista, a Medida Provis\u00f3ria n\u00ba 891 estabelece que os empregadores paguem at\u00e9 120 dias de [&hellip;]<\/p>\n","protected":false},"author":2,"featured_media":3150,"comment_status":"open","ping_status":"open","sticky":false,"template":"","format":"standard","meta":{"jetpack_post_was_ever_published":false,"jetpack_publicize_message":"","jetpack_is_tweetstorm":false,"jetpack_publicize_feature_enabled":true,"jetpack_social_post_already_shared":true,"jetpack_social_options":[]},"categories":[1],"tags":[],"jetpack_publicize_connections":[],"acf":[],"yoast_head":"<!-- This site is optimized with the Yoast SEO plugin v19.14 - https:\/\/yoast.com\/wordpress\/plugins\/seo\/ -->\n<title>INFORME BANC\u00c1RIO - 063 \/ 2019 - EMPRESAS SE TORNAM RESPONS\u00c1VEIS PELO PAGAMENTO DE AUX\u00cdLIO-DOEN\u00c7A - Sindicato dos Banc\u00e1rios de S\u00e3o Bento do Sul e Regi\u00e3o<\/title>\n<meta name=\"robots\" content=\"index, follow, max-snippet:-1, max-image-preview:large, max-video-preview:-1\" \/>\n<link rel=\"canonical\" href=\"https:\/\/sindicatodosbancarios.org.br\/site2022\/2019\/11\/01\/informe-bancario-063-2019-empresas-se-tornam-responsaveis-pelo-pagamento-de-auxilio-doenca\/\" \/>\n<meta property=\"og:locale\" content=\"pt_BR\" \/>\n<meta property=\"og:type\" content=\"article\" \/>\n<meta property=\"og:title\" content=\"INFORME BANC\u00c1RIO - 063 \/ 2019 - EMPRESAS SE TORNAM RESPONS\u00c1VEIS PELO PAGAMENTO DE AUX\u00cdLIO-DOEN\u00c7A - Sindicato dos Banc\u00e1rios de S\u00e3o Bento do Sul e Regi\u00e3o\" \/>\n<meta property=\"og:description\" content=\"Aprovada pelo comiss\u00e3o mista, a Medida Provis\u00f3ria n\u00ba 891 estabelece que os empregadores paguem at\u00e9 120 dias de [&hellip;]\" \/>\n<meta property=\"og:url\" content=\"https:\/\/sindicatodosbancarios.org.br\/site2022\/2019\/11\/01\/informe-bancario-063-2019-empresas-se-tornam-responsaveis-pelo-pagamento-de-auxilio-doenca\/\" \/>\n<meta property=\"og:site_name\" content=\"Sindicato dos Banc\u00e1rios de S\u00e3o Bento do Sul e Regi\u00e3o\" \/>\n<meta property=\"article:author\" content=\"https:\/\/www.facebook.com\/seeb.sbs.9\" \/>\n<meta property=\"article:published_time\" content=\"2019-11-01T18:46:59+00:00\" \/>\n<meta property=\"og:image\" content=\"https:\/\/sindicatodosbancarios.org.br\/site2022\/wp-content\/uploads\/2019\/11\/previde.jpg\" \/>\n\t<meta property=\"og:image:width\" content=\"600\" \/>\n\t<meta property=\"og:image:height\" content=\"400\" \/>\n\t<meta property=\"og:image:type\" content=\"image\/jpeg\" \/>\n<meta name=\"author\" content=\"Sindicato dos Banc\u00e1rios S\u00e3o Bento do Sul e Regi\u00e3o\" \/>\n<meta name=\"twitter:card\" content=\"summary_large_image\" \/>\n<meta name=\"twitter:label1\" content=\"Escrito por\" \/>\n\t<meta name=\"twitter:data1\" content=\"Sindicato dos Banc\u00e1rios S\u00e3o Bento do Sul e Regi\u00e3o\" \/>\n\t<meta name=\"twitter:label2\" content=\"Est. tempo de leitura\" \/>\n\t<meta name=\"twitter:data2\" content=\"2 minutos\" \/>\n<script type=\"application\/ld+json\" class=\"yoast-schema-graph\">{\"@context\":\"https:\/\/schema.org\",\"@graph\":[{\"@type\":\"Article\",\"@id\":\"https:\/\/sindicatodosbancarios.org.br\/site2022\/2019\/11\/01\/informe-bancario-063-2019-empresas-se-tornam-responsaveis-pelo-pagamento-de-auxilio-doenca\/#article\",\"isPartOf\":{\"@id\":\"https:\/\/sindicatodosbancarios.org.br\/site2022\/2019\/11\/01\/informe-bancario-063-2019-empresas-se-tornam-responsaveis-pelo-pagamento-de-auxilio-doenca\/\"},\"author\":{\"name\":\"Sindicato dos Banc\u00e1rios S\u00e3o Bento do Sul e Regi\u00e3o\",\"@id\":\"https:\/\/sindicatodosbancarios.org.br\/site2022\/#\/schema\/person\/a7d92da77d1084df4d28b57962f1e1bd\"},\"headline\":\"INFORME BANC\u00c1RIO &#8211; 063 \/ 2019 &#8211; EMPRESAS SE TORNAM RESPONS\u00c1VEIS PELO PAGAMENTO DE AUX\u00cdLIO-DOEN\u00c7A\",\"datePublished\":\"2019-11-01T18:46:59+00:00\",\"dateModified\":\"2019-11-01T18:46:59+00:00\",\"mainEntityOfPage\":{\"@id\":\"https:\/\/sindicatodosbancarios.org.br\/site2022\/2019\/11\/01\/informe-bancario-063-2019-empresas-se-tornam-responsaveis-pelo-pagamento-de-auxilio-doenca\/\"},\"wordCount\":514,\"commentCount\":0,\"publisher\":{\"@id\":\"https:\/\/sindicatodosbancarios.org.br\/site2022\/#organization\"},\"articleSection\":[\"Geral\"],\"inLanguage\":\"pt-BR\",\"potentialAction\":[{\"@type\":\"CommentAction\",\"name\":\"Comment\",\"target\":[\"https:\/\/sindicatodosbancarios.org.br\/site2022\/2019\/11\/01\/informe-bancario-063-2019-empresas-se-tornam-responsaveis-pelo-pagamento-de-auxilio-doenca\/#respond\"]}]},{\"@type\":\"WebPage\",\"@id\":\"https:\/\/sindicatodosbancarios.org.br\/site2022\/2019\/11\/01\/informe-bancario-063-2019-empresas-se-tornam-responsaveis-pelo-pagamento-de-auxilio-doenca\/\",\"url\":\"https:\/\/sindicatodosbancarios.org.br\/site2022\/2019\/11\/01\/informe-bancario-063-2019-empresas-se-tornam-responsaveis-pelo-pagamento-de-auxilio-doenca\/\",\"name\":\"INFORME BANC\u00c1RIO - 063 \/ 2019 - EMPRESAS SE TORNAM RESPONS\u00c1VEIS PELO PAGAMENTO DE AUX\u00cdLIO-DOEN\u00c7A - Sindicato dos Banc\u00e1rios de S\u00e3o Bento do Sul e Regi\u00e3o\",\"isPartOf\":{\"@id\":\"https:\/\/sindicatodosbancarios.org.br\/site2022\/#website\"},\"datePublished\":\"2019-11-01T18:46:59+00:00\",\"dateModified\":\"2019-11-01T18:46:59+00:00\",\"breadcrumb\":{\"@id\":\"https:\/\/sindicatodosbancarios.org.br\/site2022\/2019\/11\/01\/informe-bancario-063-2019-empresas-se-tornam-responsaveis-pelo-pagamento-de-auxilio-doenca\/#breadcrumb\"},\"inLanguage\":\"pt-BR\",\"potentialAction\":[{\"@type\":\"ReadAction\",\"target\":[\"https:\/\/sindicatodosbancarios.org.br\/site2022\/2019\/11\/01\/informe-bancario-063-2019-empresas-se-tornam-responsaveis-pelo-pagamento-de-auxilio-doenca\/\"]}]},{\"@type\":\"BreadcrumbList\",\"@id\":\"https:\/\/sindicatodosbancarios.org.br\/site2022\/2019\/11\/01\/informe-bancario-063-2019-empresas-se-tornam-responsaveis-pelo-pagamento-de-auxilio-doenca\/#breadcrumb\",\"itemListElement\":[{\"@type\":\"ListItem\",\"position\":1,\"name\":\"In\u00edcio\",\"item\":\"https:\/\/sindicatodosbancarios.org.br\/site2022\/\"},{\"@type\":\"ListItem\",\"position\":2,\"name\":\"INFORME BANC\u00c1RIO &#8211; 063 \/ 2019 &#8211; EMPRESAS SE TORNAM RESPONS\u00c1VEIS PELO PAGAMENTO DE AUX\u00cdLIO-DOEN\u00c7A\"}]},{\"@type\":\"WebSite\",\"@id\":\"https:\/\/sindicatodosbancarios.org.br\/site2022\/#website\",\"url\":\"https:\/\/sindicatodosbancarios.org.br\/site2022\/\",\"name\":\"Sindicato dos Banc\u00e1rios de S\u00e3o Bento do Sul e Regi\u00e3o\",\"description\":\"Website institucional do Sindicato dos Banc\u00e1rios de S\u00e3o Bento do Sul e Regi\u00e3o\",\"publisher\":{\"@id\":\"https:\/\/sindicatodosbancarios.org.br\/site2022\/#organization\"},\"potentialAction\":[{\"@type\":\"SearchAction\",\"target\":{\"@type\":\"EntryPoint\",\"urlTemplate\":\"https:\/\/sindicatodosbancarios.org.br\/site2022\/?s={search_term_string}\"},\"query-input\":\"required name=search_term_string\"}],\"inLanguage\":\"pt-BR\"},{\"@type\":\"Organization\",\"@id\":\"https:\/\/sindicatodosbancarios.org.br\/site2022\/#organization\",\"name\":\"Sindicato dos Banc\u00e1rios de S\u00e3o Bento do Sul e Regi\u00e3o\",\"url\":\"https:\/\/sindicatodosbancarios.org.br\/site2022\/\",\"logo\":{\"@type\":\"ImageObject\",\"inLanguage\":\"pt-BR\",\"@id\":\"https:\/\/sindicatodosbancarios.org.br\/site2022\/#\/schema\/logo\/image\/\",\"url\":\"https:\/\/sindicatodosbancarios.org.br\/site2022\/wp-content\/uploads\/2017\/06\/cropped-logo-2.png\",\"contentUrl\":\"https:\/\/sindicatodosbancarios.org.br\/site2022\/wp-content\/uploads\/2017\/06\/cropped-logo-2.png\",\"width\":292,\"height\":292,\"caption\":\"Sindicato dos Banc\u00e1rios de S\u00e3o Bento do Sul e Regi\u00e3o\"},\"image\":{\"@id\":\"https:\/\/sindicatodosbancarios.org.br\/site2022\/#\/schema\/logo\/image\/\"}},{\"@type\":\"Person\",\"@id\":\"https:\/\/sindicatodosbancarios.org.br\/site2022\/#\/schema\/person\/a7d92da77d1084df4d28b57962f1e1bd\",\"name\":\"Sindicato dos Banc\u00e1rios S\u00e3o Bento do Sul e Regi\u00e3o\",\"image\":{\"@type\":\"ImageObject\",\"inLanguage\":\"pt-BR\",\"@id\":\"https:\/\/sindicatodosbancarios.org.br\/site2022\/#\/schema\/person\/image\/\",\"url\":\"https:\/\/secure.gravatar.com\/avatar\/f1d1a06f698f2345352e539387180d42?s=96&d=mm&r=g\",\"contentUrl\":\"https:\/\/secure.gravatar.com\/avatar\/f1d1a06f698f2345352e539387180d42?s=96&d=mm&r=g\",\"caption\":\"Sindicato dos Banc\u00e1rios S\u00e3o Bento do Sul e Regi\u00e3o\"},\"sameAs\":[\"http:\/\/sindicatodosbancarios.org.br\/site2022\/\",\"https:\/\/www.facebook.com\/seeb.sbs.9\"],\"url\":\"https:\/\/sindicatodosbancarios.org.br\/site2022\/author\/sindicatodosbancarios\/\"}]}<\/script>\n<!-- \/ Yoast SEO plugin. -->","yoast_head_json":{"title":"INFORME BANC\u00c1RIO - 063 \/ 2019 - EMPRESAS SE TORNAM RESPONS\u00c1VEIS PELO PAGAMENTO DE AUX\u00cdLIO-DOEN\u00c7A - Sindicato dos Banc\u00e1rios de S\u00e3o Bento do Sul e Regi\u00e3o","robots":{"index":"index","follow":"follow","max-snippet":"max-snippet:-1","max-image-preview":"max-image-preview:large","max-video-preview":"max-video-preview:-1"},"canonical":"https:\/\/sindicatodosbancarios.org.br\/site2022\/2019\/11\/01\/informe-bancario-063-2019-empresas-se-tornam-responsaveis-pelo-pagamento-de-auxilio-doenca\/","og_locale":"pt_BR","og_type":"article","og_title":"INFORME BANC\u00c1RIO - 063 \/ 2019 - EMPRESAS SE TORNAM RESPONS\u00c1VEIS PELO PAGAMENTO DE AUX\u00cdLIO-DOEN\u00c7A - Sindicato dos Banc\u00e1rios de S\u00e3o Bento do Sul e Regi\u00e3o","og_description":"Aprovada pelo comiss\u00e3o mista, a Medida Provis\u00f3ria n\u00ba 891 estabelece que os empregadores paguem at\u00e9 120 dias de [&hellip;]","og_url":"https:\/\/sindicatodosbancarios.org.br\/site2022\/2019\/11\/01\/informe-bancario-063-2019-empresas-se-tornam-responsaveis-pelo-pagamento-de-auxilio-doenca\/","og_site_name":"Sindicato dos Banc\u00e1rios de S\u00e3o Bento do Sul e Regi\u00e3o","article_author":"https:\/\/www.facebook.com\/seeb.sbs.9","article_published_time":"2019-11-01T18:46:59+00:00","og_image":[{"width":600,"height":400,"url":"https:\/\/sindicatodosbancarios.org.br\/site2022\/wp-content\/uploads\/2019\/11\/previde.jpg","type":"image\/jpeg"}],"author":"Sindicato dos Banc\u00e1rios S\u00e3o Bento do Sul e Regi\u00e3o","twitter_card":"summary_large_image","twitter_misc":{"Escrito por":"Sindicato dos Banc\u00e1rios S\u00e3o Bento do Sul e Regi\u00e3o","Est. tempo de leitura":"2 minutos"},"schema":{"@context":"https:\/\/schema.org","@graph":[{"@type":"Article","@id":"https:\/\/sindicatodosbancarios.org.br\/site2022\/2019\/11\/01\/informe-bancario-063-2019-empresas-se-tornam-responsaveis-pelo-pagamento-de-auxilio-doenca\/#article","isPartOf":{"@id":"https:\/\/sindicatodosbancarios.org.br\/site2022\/2019\/11\/01\/informe-bancario-063-2019-empresas-se-tornam-responsaveis-pelo-pagamento-de-auxilio-doenca\/"},"author":{"name":"Sindicato dos Banc\u00e1rios S\u00e3o Bento do Sul e Regi\u00e3o","@id":"https:\/\/sindicatodosbancarios.org.br\/site2022\/#\/schema\/person\/a7d92da77d1084df4d28b57962f1e1bd"},"headline":"INFORME BANC\u00c1RIO &#8211; 063 \/ 2019 &#8211; EMPRESAS SE TORNAM RESPONS\u00c1VEIS PELO PAGAMENTO DE AUX\u00cdLIO-DOEN\u00c7A","datePublished":"2019-11-01T18:46:59+00:00","dateModified":"2019-11-01T18:46:59+00:00","mainEntityOfPage":{"@id":"https:\/\/sindicatodosbancarios.org.br\/site2022\/2019\/11\/01\/informe-bancario-063-2019-empresas-se-tornam-responsaveis-pelo-pagamento-de-auxilio-doenca\/"},"wordCount":514,"commentCount":0,"publisher":{"@id":"https:\/\/sindicatodosbancarios.org.br\/site2022\/#organization"},"articleSection":["Geral"],"inLanguage":"pt-BR","potentialAction":[{"@type":"CommentAction","name":"Comment","target":["https:\/\/sindicatodosbancarios.org.br\/site2022\/2019\/11\/01\/informe-bancario-063-2019-empresas-se-tornam-responsaveis-pelo-pagamento-de-auxilio-doenca\/#respond"]}]},{"@type":"WebPage","@id":"https:\/\/sindicatodosbancarios.org.br\/site2022\/2019\/11\/01\/informe-bancario-063-2019-empresas-se-tornam-responsaveis-pelo-pagamento-de-auxilio-doenca\/","url":"https:\/\/sindicatodosbancarios.org.br\/site2022\/2019\/11\/01\/informe-bancario-063-2019-empresas-se-tornam-responsaveis-pelo-pagamento-de-auxilio-doenca\/","name":"INFORME BANC\u00c1RIO - 063 \/ 2019 - EMPRESAS SE TORNAM RESPONS\u00c1VEIS PELO PAGAMENTO DE AUX\u00cdLIO-DOEN\u00c7A - Sindicato dos Banc\u00e1rios de S\u00e3o Bento do Sul e Regi\u00e3o","isPartOf":{"@id":"https:\/\/sindicatodosbancarios.org.br\/site2022\/#website"},"datePublished":"2019-11-01T18:46:59+00:00","dateModified":"2019-11-01T18:46:59+00:00","breadcrumb":{"@id":"https:\/\/sindicatodosbancarios.org.br\/site2022\/2019\/11\/01\/informe-bancario-063-2019-empresas-se-tornam-responsaveis-pelo-pagamento-de-auxilio-doenca\/#breadcrumb"},"inLanguage":"pt-BR","potentialAction":[{"@type":"ReadAction","target":["https:\/\/sindicatodosbancarios.org.br\/site2022\/2019\/11\/01\/informe-bancario-063-2019-empresas-se-tornam-responsaveis-pelo-pagamento-de-auxilio-doenca\/"]}]},{"@type":"BreadcrumbList","@id":"https:\/\/sindicatodosbancarios.org.br\/site2022\/2019\/11\/01\/informe-bancario-063-2019-empresas-se-tornam-responsaveis-pelo-pagamento-de-auxilio-doenca\/#breadcrumb","itemListElement":[{"@type":"ListItem","position":1,"name":"In\u00edcio","item":"https:\/\/sindicatodosbancarios.org.br\/site2022\/"},{"@type":"ListItem","position":2,"name":"INFORME BANC\u00c1RIO &#8211; 063 \/ 2019 &#8211; EMPRESAS SE TORNAM RESPONS\u00c1VEIS PELO PAGAMENTO DE AUX\u00cdLIO-DOEN\u00c7A"}]},{"@type":"WebSite","@id":"https:\/\/sindicatodosbancarios.org.br\/site2022\/#website","url":"https:\/\/sindicatodosbancarios.org.br\/site2022\/","name":"Sindicato dos Banc\u00e1rios de S\u00e3o Bento do Sul e Regi\u00e3o","description":"Website institucional do Sindicato dos Banc\u00e1rios de S\u00e3o Bento do Sul e Regi\u00e3o","publisher":{"@id":"https:\/\/sindicatodosbancarios.org.br\/site2022\/#organization"},"potentialAction":[{"@type":"SearchAction","target":{"@type":"EntryPoint","urlTemplate":"https:\/\/sindicatodosbancarios.org.br\/site2022\/?s={search_term_string}"},"query-input":"required name=search_term_string"}],"inLanguage":"pt-BR"},{"@type":"Organization","@id":"https:\/\/sindicatodosbancarios.org.br\/site2022\/#organization","name":"Sindicato dos Banc\u00e1rios de S\u00e3o Bento do Sul e Regi\u00e3o","url":"https:\/\/sindicatodosbancarios.org.br\/site2022\/","logo":{"@type":"ImageObject","inLanguage":"pt-BR","@id":"https:\/\/sindicatodosbancarios.org.br\/site2022\/#\/schema\/logo\/image\/","url":"https:\/\/sindicatodosbancarios.org.br\/site2022\/wp-content\/uploads\/2017\/06\/cropped-logo-2.png","contentUrl":"https:\/\/sindicatodosbancarios.org.br\/site2022\/wp-content\/uploads\/2017\/06\/cropped-logo-2.png","width":292,"height":292,"caption":"Sindicato dos Banc\u00e1rios de S\u00e3o Bento do Sul e Regi\u00e3o"},"image":{"@id":"https:\/\/sindicatodosbancarios.org.br\/site2022\/#\/schema\/logo\/image\/"}},{"@type":"Person","@id":"https:\/\/sindicatodosbancarios.org.br\/site2022\/#\/schema\/person\/a7d92da77d1084df4d28b57962f1e1bd","name":"Sindicato dos Banc\u00e1rios S\u00e3o Bento do Sul e Regi\u00e3o","image":{"@type":"ImageObject","inLanguage":"pt-BR","@id":"https:\/\/sindicatodosbancarios.org.br\/site2022\/#\/schema\/person\/image\/","url":"https:\/\/secure.gravatar.com\/avatar\/f1d1a06f698f2345352e539387180d42?s=96&d=mm&r=g","contentUrl":"https:\/\/secure.gravatar.com\/avatar\/f1d1a06f698f2345352e539387180d42?s=96&d=mm&r=g","caption":"Sindicato dos Banc\u00e1rios S\u00e3o Bento do Sul e Regi\u00e3o"},"sameAs":["http:\/\/sindicatodosbancarios.org.br\/site2022\/","https:\/\/www.facebook.com\/seeb.sbs.9"],"url":"https:\/\/sindicatodosbancarios.org.br\/site2022\/author\/sindicatodosbancarios\/"}]}},"jetpack_featured_media_url":"https:\/\/sindicatodosbancarios.org.br\/site2022\/wp-content\/uploads\/2019\/11\/previde.jpg","jetpack_sharing_enabled":true,"jetpack_shortlink":"https:\/\/wp.me\/p8RSbI-ON","jetpack-related-posts":[{"id":4808,"url":"https:\/\/sindicatodosbancarios.org.br\/site2022\/2020\/11\/20\/informe-bancario-440-2020-auxilio-doenca-negado-saiba-como-contestar-o-inss\/","url_meta":{"origin":3149,"position":0},"title":"INFORME BANC\u00c1RIO \u2013 440\/2020 Aux\u00edlio-doen\u00e7a negado? Saiba como contestar o INSS","date":"20 de novembro de 2020","format":false,"excerpt":"Segurado que teve o benef\u00edcio indeferido tem at\u00e9 30 dias, ap\u00f3s ser notificado, para solicitar a revis\u00e3o ao CRPS. Recurso pode ser julgado em duas inst\u00e2ncias. Os segurados do Instituto Nacional do Seguro Social (INSS) que tiveram o\u00a0aux\u00edlio-doen\u00e7a\u00a0negado podem contestar a decis\u00e3o em at\u00e9 30 dias ap\u00f3s serem comunicados do\u2026","rel":"","context":"Em &quot;Geral&quot;","img":{"alt_text":"","src":"https:\/\/i0.wp.com\/sindicatodosbancarios.org.br\/site2022\/wp-content\/uploads\/2020\/06\/equipe-do-ministro-paulo-guedes-economia-anunciou-que-vai-passar-a-cobrar-contribuicao-previdenciaria-do-seguro-desemprego-1573590732966_v2_976x549.jpg?resize=350%2C200&ssl=1","width":350,"height":200},"classes":[]},{"id":5171,"url":"https:\/\/sindicatodosbancarios.org.br\/site2022\/2021\/02\/17\/informe-bancarios-58-2021-15-doencas-que-dao-direito-ao-auxilio-doenca-e-aposentadoria-em-2021\/","url_meta":{"origin":3149,"position":1},"title":"INFORME BANC\u00c1RIOS \u2013 58\/2021 15 doen\u00e7as que d\u00e3o direito ao aux\u00edlio-doen\u00e7a e aposentadoria em 2021","date":"17 de fevereiro de 2021","format":false,"excerpt":"O Aux\u00edlio-Doen\u00e7a \u00e9 destinado ao trabalhador que est\u00e1 incapacitado temporariamente e seja segurado do INSS (Instituto Nacional do Seguro Social). A aposentadoria por invalidez \u00e9 destinado para aqueles que se encontram permanentemente incapaz de exercer qualquer atividade em seu local de trabalho e n\u00e3o consiga tamb\u00e9m exercer outra profiss\u00e3o. Conhe\u00e7a\u2026","rel":"","context":"Em &quot;Geral&quot;","img":{"alt_text":"","src":"https:\/\/i0.wp.com\/sindicatodosbancarios.org.br\/site2022\/wp-content\/uploads\/2021\/02\/unnamed-2.jpg?resize=350%2C200&ssl=1","width":350,"height":200},"classes":[]},{"id":4311,"url":"https:\/\/sindicatodosbancarios.org.br\/site2022\/2020\/08\/20\/informe-bancario-306-2020-novas-regras-do-auxilio-doenca-entenda-o-que-mudou-apos-a-reforma-da-previdencia\/","url_meta":{"origin":3149,"position":2},"title":"INFORME BANC\u00c1RIO \u2013 306\/2020 Novas regras do aux\u00edlio-doen\u00e7a: Entenda o que mudou ap\u00f3s a Reforma da Previd\u00eancia","date":"20 de agosto de 2020","format":false,"excerpt":"Regras para ter direito ao aux\u00edlio-doen\u00e7a e aposentadoria por invalidez ficaram mais duras ap\u00f3s a reforma. Entenda como \u00e9 feito o c\u00e1lculo em cada modalidade. Muitos segurados do\u00a0Instituto Nacional do Seguro Social (INSS) ainda t\u00eam d\u00favidas sobre as novas regras da\u00a0aposentadoria, que entraram em vigor ap\u00f3s a Reforma da Previd\u00eancia\u2026","rel":"","context":"Em &quot;Geral&quot;","img":{"alt_text":"","src":"https:\/\/i0.wp.com\/sindicatodosbancarios.org.br\/site2022\/wp-content\/uploads\/2020\/08\/pedido-auxilio-doenca.jpg?resize=350%2C200&ssl=1","width":350,"height":200},"classes":[]},{"id":4435,"url":"https:\/\/sindicatodosbancarios.org.br\/site2022\/2020\/09\/08\/informe-bancario-327-2020-apos-governo-revogar-estabilidade-como-fica-o-empregado-que-tem-covid\/","url_meta":{"origin":3149,"position":3},"title":"INFORME BANC\u00c1RIO \u2013 327\/2020 Ap\u00f3s governo revogar estabilidade, como fica o empregado que tem covid?","date":"8 de setembro de 2020","format":false,"excerpt":"Uma portaria publicada ontem (1\u00ba) e revogada hoje (2) gerou confus\u00e3o sobre os direitos trabalhistas e previdenci\u00e1rios de quem \u00e9 contaminado pelo coronav\u00edrus. Durante um dia, a covid-19 fez parte de uma lista de doen\u00e7as ocupacionais, o que reconhecia a estabilidade ao empregado afastado e aumentava as chances de a\u2026","rel":"","context":"Em &quot;Geral&quot;","img":{"alt_text":"","src":"https:\/\/i0.wp.com\/sindicatodosbancarios.org.br\/site2022\/wp-content\/uploads\/2020\/09\/Coronavirus-COVID-19.jpg?resize=350%2C200&ssl=1","width":350,"height":200},"classes":[]},{"id":4685,"url":"https:\/\/sindicatodosbancarios.org.br\/site2022\/2020\/10\/27\/informe-bancario-404-2020-contaminado-pelo-coronavirus-conheca-seus-direitos-trabalhistas-e-previdenciarios\/","url_meta":{"origin":3149,"position":4},"title":"INFORME BANC\u00c1RIO \u2013 404\/2020 Contaminado pelo coronav\u00edrus? Conhe\u00e7a seus direitos trabalhistas e previdenci\u00e1rios","date":"27 de outubro de 2020","format":false,"excerpt":"S\u00e3o sete direitos que podem ser pagos tanto para quem contraiu a covid-19 como para os dependentes de falecidos em raz\u00e3o da doen\u00e7a. Sabia que quem foi contaminado pelo novo coronav\u00edrus ou os parentes das pessoas que morreram de covid-19, t\u00eam direito de receber direitos previdenci\u00e1rios e trabalhistas? Dependendo do\u2026","rel":"","context":"Em &quot;Geral&quot;","img":{"alt_text":"","src":"https:\/\/i0.wp.com\/sindicatodosbancarios.org.br\/site2022\/wp-content\/uploads\/2020\/05\/unnamed.jpg?resize=350%2C200&ssl=1","width":350,"height":200},"classes":[]},{"id":4488,"url":"https:\/\/sindicatodosbancarios.org.br\/site2022\/2020\/09\/14\/informe-bancario-346-2020-conheca-nova-aposentadoria-por-invalidez-e-novo-auxilio-doenca-do-inss\/","url_meta":{"origin":3149,"position":5},"title":"INFORME BANC\u00c1RIO \u2013 346\/2020 Conhe\u00e7a nova aposentadoria por invalidez e novo aux\u00edlio-doen\u00e7a do INSS","date":"14 de setembro de 2020","format":false,"excerpt":"Aposentadoria por invalidez e aux\u00edlio-doen\u00e7a do INSS passaram por algumas mudan\u00e7as, desde a reforma da previd\u00eancia. Confira! Com a\u00a0Reforma da Previd\u00eancia, v\u00e1rias modifica\u00e7\u00f5es foram realizadas. Isso inclui a aposentadoria por invalidez, que deu espa\u00e7o para a aposentadoria por incapacidade permanente, e o aux\u00edlio-doen\u00e7a, adora denominado como\u00a0aux\u00edlio por incapacidade tempor\u00e1ria. Desde\u2026","rel":"","context":"Em &quot;Geral&quot;","img":{"alt_text":"","src":"","width":0,"height":0},"classes":[]}],"_links":{"self":[{"href":"https:\/\/sindicatodosbancarios.org.br\/site2022\/wp-json\/wp\/v2\/posts\/3149"}],"collection":[{"href":"https:\/\/sindicatodosbancarios.org.br\/site2022\/wp-json\/wp\/v2\/posts"}],"about":[{"href":"https:\/\/sindicatodosbancarios.org.br\/site2022\/wp-json\/wp\/v2\/types\/post"}],"author":[{"embeddable":true,"href":"https:\/\/sindicatodosbancarios.org.br\/site2022\/wp-json\/wp\/v2\/users\/2"}],"replies":[{"embeddable":true,"href":"https:\/\/sindicatodosbancarios.org.br\/site2022\/wp-json\/wp\/v2\/comments?post=3149"}],"version-history":[{"count":1,"href":"https:\/\/sindicatodosbancarios.org.br\/site2022\/wp-json\/wp\/v2\/posts\/3149\/revisions"}],"predecessor-version":[{"id":3151,"href":"https:\/\/sindicatodosbancarios.org.br\/site2022\/wp-json\/wp\/v2\/posts\/3149\/revisions\/3151"}],"wp:featuredmedia":[{"embeddable":true,"href":"https:\/\/sindicatodosbancarios.org.br\/site2022\/wp-json\/wp\/v2\/media\/3150"}],"wp:attachment":[{"href":"https:\/\/sindicatodosbancarios.org.br\/site2022\/wp-json\/wp\/v2\/media?parent=3149"}],"wp:term":[{"taxonomy":"category","embeddable":true,"href":"https:\/\/sindicatodosbancarios.org.br\/site2022\/wp-json\/wp\/v2\/categories?post=3149"},{"taxonomy":"post_tag","embeddable":true,"href":"https:\/\/sindicatodosbancarios.org.br\/site2022\/wp-json\/wp\/v2\/tags?post=3149"}],"curies":[{"name":"wp","href":"https:\/\/api.w.org\/{rel}","templated":true}]}}