{"id":3154,"date":"2019-11-05T17:02:27","date_gmt":"2019-11-05T20:02:27","guid":{"rendered":"https:\/\/sindicatodosbancarios.org.br\/?p=3154"},"modified":"2019-11-05T17:02:27","modified_gmt":"2019-11-05T20:02:27","slug":"informe-bancario-064-2019-maia-e-dificil-passar-proposta-que-pode-reduzir-gasto-com-saude-e-educacao","status":"publish","type":"post","link":"https:\/\/sindicatodosbancarios.org.br\/site2022\/2019\/11\/05\/informe-bancario-064-2019-maia-e-dificil-passar-proposta-que-pode-reduzir-gasto-com-saude-e-educacao\/","title":{"rendered":"INFORME BANC\u00c1RIO &#8211; 064\/2019 &#8211; MAIA: \u00c9 DIF\u00cdCIL PASSAR PROPOSTA QUE PODE REDUZIR GASTO COM SA\u00daDE E EDUCA\u00c7\u00c3O."},"content":{"rendered":"<p>O presidente da C\u00e2mara dos Deputados, Rodrigo Maia (DEM-SP) disse hoje que medidas que acarretem redu\u00e7\u00e3o do gasto obrigat\u00f3rio do governo com sa\u00fade e educa\u00e7\u00e3o ter\u00e3o dificuldade de tramita\u00e7\u00e3o na Casa.<\/p>\n<p>O governo incluiu no pacote de reformas econ\u00f4micas enviado hoje ao Senado uma manobra cont\u00e1bil que, se for aprovada, deve derrubar os gastos p\u00fablicos com essas \u00e1reas. A medida foi antecipada pela Folha de S.Paulo.<\/p>\n<p>O secret\u00e1rio especial de Fazenda, Waldery Rodrigues, confirmou que a manobra est\u00e1 em uma das PECs (Proposta de Emenda \u00e0 Constitui\u00e7\u00e3o), mas afirmou que o governo far\u00e1 um ajuste no texto e retirar\u00e1 esse ponto da proposta.<\/p>\n<p>Hoje, despesas com pagamento de sal\u00e1rios de servidores de sa\u00fade e educa\u00e7\u00e3o podem ser inclu\u00eddos no limite m\u00ednimo de gasto com os setores. A manobra do governo consistiria em incluir tamb\u00e9m os gastos com aposentadorias e pens\u00f5es nesse limite.<\/p>\n<p>Na pr\u00e1tica, se somadas as aposentadorias \u2014que s\u00e3o a maior parte dos gastos de estados e munic\u00edpios\u2014 nesse gasto m\u00ednimo, pode sobrar menos recursos para investir de fato em sa\u00fade e educa\u00e7\u00e3o.<\/p>\n<p>&#8220;Incluir inativo dentro da despesa social \u00e9 um risco muito grande de reduzir o percentual de gasto no social. Como a despesa do inativo cresce mais que as despesas de estados e munic\u00edpios, vamos ter redu\u00e7\u00e3o no gasto com social&#8221;, disse Maia.<\/p>\n<p>A proposta do governo Bolsonaro muda a regra constitucional sobre gastos obrigat\u00f3rios.<\/p>\n<p>Atualmente, h\u00e1 um percentual m\u00ednimo para gasto com educa\u00e7\u00e3o e outro para gasto com sa\u00fade. O governo prop\u00f5e estabelecer um limite m\u00ednimo para a soma dos gastos com sa\u00fade e educa\u00e7\u00e3o. Assim, os gestores p\u00fablicos teriam liberdade para aplicar mais recursos em uma ou outra \u00e1rea, de acordo com a necessidade do estado ou do munic\u00edpio.<\/p>\n<p class=\"p-author\"><span style=\"font-size: 8pt;\">Fonte: Uol\/ Guilherme Maziero\/\u00a0Bras\u00edlia 05\/11\/2019 \/ 13h01<\/span><\/p>\n","protected":false},"excerpt":{"rendered":"<p>O presidente da C\u00e2mara dos Deputados, Rodrigo Maia (DEM-SP) disse hoje que medidas que acarretem redu\u00e7\u00e3o do gasto [&hellip;]<\/p>\n","protected":false},"author":2,"featured_media":3157,"comment_status":"open","ping_status":"open","sticky":false,"template":"","format":"standard","meta":{"jetpack_post_was_ever_published":false,"jetpack_publicize_message":"","jetpack_is_tweetstorm":false,"jetpack_publicize_feature_enabled":true,"jetpack_social_post_already_shared":true,"jetpack_social_options":[]},"categories":[1],"tags":[],"jetpack_publicize_connections":[],"acf":[],"yoast_head":"<!-- This site is optimized with the Yoast SEO plugin v19.14 - https:\/\/yoast.com\/wordpress\/plugins\/seo\/ -->\n<title>INFORME BANC\u00c1RIO - 064\/2019 - MAIA: \u00c9 DIF\u00cdCIL PASSAR PROPOSTA QUE PODE REDUZIR GASTO COM SA\u00daDE E EDUCA\u00c7\u00c3O. - Sindicato dos Banc\u00e1rios de S\u00e3o Bento do Sul e Regi\u00e3o<\/title>\n<meta name=\"robots\" content=\"index, follow, max-snippet:-1, max-image-preview:large, max-video-preview:-1\" \/>\n<link rel=\"canonical\" href=\"https:\/\/sindicatodosbancarios.org.br\/site2022\/2019\/11\/05\/informe-bancario-064-2019-maia-e-dificil-passar-proposta-que-pode-reduzir-gasto-com-saude-e-educacao\/\" \/>\n<meta property=\"og:locale\" content=\"pt_BR\" \/>\n<meta property=\"og:type\" content=\"article\" \/>\n<meta property=\"og:title\" content=\"INFORME BANC\u00c1RIO - 064\/2019 - MAIA: \u00c9 DIF\u00cdCIL PASSAR PROPOSTA QUE PODE REDUZIR GASTO COM SA\u00daDE E EDUCA\u00c7\u00c3O. - Sindicato dos Banc\u00e1rios de S\u00e3o Bento do Sul e Regi\u00e3o\" \/>\n<meta property=\"og:description\" content=\"O presidente da C\u00e2mara dos Deputados, Rodrigo Maia (DEM-SP) disse hoje que medidas que acarretem redu\u00e7\u00e3o do gasto [&hellip;]\" \/>\n<meta property=\"og:url\" content=\"https:\/\/sindicatodosbancarios.org.br\/site2022\/2019\/11\/05\/informe-bancario-064-2019-maia-e-dificil-passar-proposta-que-pode-reduzir-gasto-com-saude-e-educacao\/\" \/>\n<meta property=\"og:site_name\" content=\"Sindicato dos Banc\u00e1rios de S\u00e3o Bento do Sul e Regi\u00e3o\" \/>\n<meta property=\"article:author\" content=\"https:\/\/www.facebook.com\/seeb.sbs.9\" \/>\n<meta property=\"article:published_time\" content=\"2019-11-05T20:02:27+00:00\" \/>\n<meta property=\"og:image\" content=\"https:\/\/sindicatodosbancarios.org.br\/site2022\/wp-content\/uploads\/2019\/11\/congresso-nacional-foto-1.jpg\" \/>\n\t<meta property=\"og:image:width\" content=\"281\" \/>\n\t<meta property=\"og:image:height\" content=\"180\" \/>\n\t<meta property=\"og:image:type\" content=\"image\/jpeg\" \/>\n<meta name=\"author\" content=\"Sindicato dos Banc\u00e1rios S\u00e3o Bento do Sul e Regi\u00e3o\" \/>\n<meta name=\"twitter:card\" content=\"summary_large_image\" \/>\n<meta name=\"twitter:label1\" content=\"Escrito por\" \/>\n\t<meta name=\"twitter:data1\" content=\"Sindicato dos Banc\u00e1rios S\u00e3o Bento do Sul e Regi\u00e3o\" \/>\n\t<meta name=\"twitter:label2\" content=\"Est. tempo de leitura\" \/>\n\t<meta name=\"twitter:data2\" content=\"2 minutos\" \/>\n<script type=\"application\/ld+json\" class=\"yoast-schema-graph\">{\"@context\":\"https:\/\/schema.org\",\"@graph\":[{\"@type\":\"Article\",\"@id\":\"https:\/\/sindicatodosbancarios.org.br\/site2022\/2019\/11\/05\/informe-bancario-064-2019-maia-e-dificil-passar-proposta-que-pode-reduzir-gasto-com-saude-e-educacao\/#article\",\"isPartOf\":{\"@id\":\"https:\/\/sindicatodosbancarios.org.br\/site2022\/2019\/11\/05\/informe-bancario-064-2019-maia-e-dificil-passar-proposta-que-pode-reduzir-gasto-com-saude-e-educacao\/\"},\"author\":{\"name\":\"Sindicato dos Banc\u00e1rios S\u00e3o Bento do Sul e Regi\u00e3o\",\"@id\":\"https:\/\/sindicatodosbancarios.org.br\/site2022\/#\/schema\/person\/a7d92da77d1084df4d28b57962f1e1bd\"},\"headline\":\"INFORME BANC\u00c1RIO &#8211; 064\/2019 &#8211; MAIA: \u00c9 DIF\u00cdCIL PASSAR PROPOSTA QUE PODE REDUZIR GASTO COM SA\u00daDE E EDUCA\u00c7\u00c3O.\",\"datePublished\":\"2019-11-05T20:02:27+00:00\",\"dateModified\":\"2019-11-05T20:02:27+00:00\",\"mainEntityOfPage\":{\"@id\":\"https:\/\/sindicatodosbancarios.org.br\/site2022\/2019\/11\/05\/informe-bancario-064-2019-maia-e-dificil-passar-proposta-que-pode-reduzir-gasto-com-saude-e-educacao\/\"},\"wordCount\":347,\"commentCount\":0,\"publisher\":{\"@id\":\"https:\/\/sindicatodosbancarios.org.br\/site2022\/#organization\"},\"articleSection\":[\"Geral\"],\"inLanguage\":\"pt-BR\",\"potentialAction\":[{\"@type\":\"CommentAction\",\"name\":\"Comment\",\"target\":[\"https:\/\/sindicatodosbancarios.org.br\/site2022\/2019\/11\/05\/informe-bancario-064-2019-maia-e-dificil-passar-proposta-que-pode-reduzir-gasto-com-saude-e-educacao\/#respond\"]}]},{\"@type\":\"WebPage\",\"@id\":\"https:\/\/sindicatodosbancarios.org.br\/site2022\/2019\/11\/05\/informe-bancario-064-2019-maia-e-dificil-passar-proposta-que-pode-reduzir-gasto-com-saude-e-educacao\/\",\"url\":\"https:\/\/sindicatodosbancarios.org.br\/site2022\/2019\/11\/05\/informe-bancario-064-2019-maia-e-dificil-passar-proposta-que-pode-reduzir-gasto-com-saude-e-educacao\/\",\"name\":\"INFORME BANC\u00c1RIO - 064\/2019 - MAIA: \u00c9 DIF\u00cdCIL PASSAR PROPOSTA QUE PODE REDUZIR GASTO COM SA\u00daDE E EDUCA\u00c7\u00c3O. - Sindicato dos Banc\u00e1rios de S\u00e3o Bento do Sul e Regi\u00e3o\",\"isPartOf\":{\"@id\":\"https:\/\/sindicatodosbancarios.org.br\/site2022\/#website\"},\"datePublished\":\"2019-11-05T20:02:27+00:00\",\"dateModified\":\"2019-11-05T20:02:27+00:00\",\"breadcrumb\":{\"@id\":\"https:\/\/sindicatodosbancarios.org.br\/site2022\/2019\/11\/05\/informe-bancario-064-2019-maia-e-dificil-passar-proposta-que-pode-reduzir-gasto-com-saude-e-educacao\/#breadcrumb\"},\"inLanguage\":\"pt-BR\",\"potentialAction\":[{\"@type\":\"ReadAction\",\"target\":[\"https:\/\/sindicatodosbancarios.org.br\/site2022\/2019\/11\/05\/informe-bancario-064-2019-maia-e-dificil-passar-proposta-que-pode-reduzir-gasto-com-saude-e-educacao\/\"]}]},{\"@type\":\"BreadcrumbList\",\"@id\":\"https:\/\/sindicatodosbancarios.org.br\/site2022\/2019\/11\/05\/informe-bancario-064-2019-maia-e-dificil-passar-proposta-que-pode-reduzir-gasto-com-saude-e-educacao\/#breadcrumb\",\"itemListElement\":[{\"@type\":\"ListItem\",\"position\":1,\"name\":\"In\u00edcio\",\"item\":\"https:\/\/sindicatodosbancarios.org.br\/site2022\/\"},{\"@type\":\"ListItem\",\"position\":2,\"name\":\"INFORME BANC\u00c1RIO &#8211; 064\/2019 &#8211; MAIA: \u00c9 DIF\u00cdCIL PASSAR PROPOSTA QUE PODE REDUZIR GASTO COM SA\u00daDE E EDUCA\u00c7\u00c3O.\"}]},{\"@type\":\"WebSite\",\"@id\":\"https:\/\/sindicatodosbancarios.org.br\/site2022\/#website\",\"url\":\"https:\/\/sindicatodosbancarios.org.br\/site2022\/\",\"name\":\"Sindicato dos Banc\u00e1rios de S\u00e3o Bento do Sul e Regi\u00e3o\",\"description\":\"Website institucional do Sindicato dos Banc\u00e1rios de S\u00e3o Bento do Sul e Regi\u00e3o\",\"publisher\":{\"@id\":\"https:\/\/sindicatodosbancarios.org.br\/site2022\/#organization\"},\"potentialAction\":[{\"@type\":\"SearchAction\",\"target\":{\"@type\":\"EntryPoint\",\"urlTemplate\":\"https:\/\/sindicatodosbancarios.org.br\/site2022\/?s={search_term_string}\"},\"query-input\":\"required name=search_term_string\"}],\"inLanguage\":\"pt-BR\"},{\"@type\":\"Organization\",\"@id\":\"https:\/\/sindicatodosbancarios.org.br\/site2022\/#organization\",\"name\":\"Sindicato dos Banc\u00e1rios de S\u00e3o Bento do Sul e Regi\u00e3o\",\"url\":\"https:\/\/sindicatodosbancarios.org.br\/site2022\/\",\"logo\":{\"@type\":\"ImageObject\",\"inLanguage\":\"pt-BR\",\"@id\":\"https:\/\/sindicatodosbancarios.org.br\/site2022\/#\/schema\/logo\/image\/\",\"url\":\"https:\/\/sindicatodosbancarios.org.br\/site2022\/wp-content\/uploads\/2017\/06\/cropped-logo-2.png\",\"contentUrl\":\"https:\/\/sindicatodosbancarios.org.br\/site2022\/wp-content\/uploads\/2017\/06\/cropped-logo-2.png\",\"width\":292,\"height\":292,\"caption\":\"Sindicato dos Banc\u00e1rios de S\u00e3o Bento do Sul e Regi\u00e3o\"},\"image\":{\"@id\":\"https:\/\/sindicatodosbancarios.org.br\/site2022\/#\/schema\/logo\/image\/\"}},{\"@type\":\"Person\",\"@id\":\"https:\/\/sindicatodosbancarios.org.br\/site2022\/#\/schema\/person\/a7d92da77d1084df4d28b57962f1e1bd\",\"name\":\"Sindicato dos Banc\u00e1rios S\u00e3o Bento do Sul e Regi\u00e3o\",\"image\":{\"@type\":\"ImageObject\",\"inLanguage\":\"pt-BR\",\"@id\":\"https:\/\/sindicatodosbancarios.org.br\/site2022\/#\/schema\/person\/image\/\",\"url\":\"https:\/\/secure.gravatar.com\/avatar\/f1d1a06f698f2345352e539387180d42?s=96&d=mm&r=g\",\"contentUrl\":\"https:\/\/secure.gravatar.com\/avatar\/f1d1a06f698f2345352e539387180d42?s=96&d=mm&r=g\",\"caption\":\"Sindicato dos Banc\u00e1rios S\u00e3o Bento do Sul e Regi\u00e3o\"},\"sameAs\":[\"http:\/\/sindicatodosbancarios.org.br\/site2022\/\",\"https:\/\/www.facebook.com\/seeb.sbs.9\"],\"url\":\"https:\/\/sindicatodosbancarios.org.br\/site2022\/author\/sindicatodosbancarios\/\"}]}<\/script>\n<!-- \/ Yoast SEO plugin. -->","yoast_head_json":{"title":"INFORME BANC\u00c1RIO - 064\/2019 - MAIA: \u00c9 DIF\u00cdCIL PASSAR PROPOSTA QUE PODE REDUZIR GASTO COM SA\u00daDE E EDUCA\u00c7\u00c3O. - Sindicato dos Banc\u00e1rios de S\u00e3o Bento do Sul e Regi\u00e3o","robots":{"index":"index","follow":"follow","max-snippet":"max-snippet:-1","max-image-preview":"max-image-preview:large","max-video-preview":"max-video-preview:-1"},"canonical":"https:\/\/sindicatodosbancarios.org.br\/site2022\/2019\/11\/05\/informe-bancario-064-2019-maia-e-dificil-passar-proposta-que-pode-reduzir-gasto-com-saude-e-educacao\/","og_locale":"pt_BR","og_type":"article","og_title":"INFORME BANC\u00c1RIO - 064\/2019 - MAIA: \u00c9 DIF\u00cdCIL PASSAR PROPOSTA QUE PODE REDUZIR GASTO COM SA\u00daDE E EDUCA\u00c7\u00c3O. - Sindicato dos Banc\u00e1rios de S\u00e3o Bento do Sul e Regi\u00e3o","og_description":"O presidente da C\u00e2mara dos Deputados, Rodrigo Maia (DEM-SP) disse hoje que medidas que acarretem redu\u00e7\u00e3o do gasto [&hellip;]","og_url":"https:\/\/sindicatodosbancarios.org.br\/site2022\/2019\/11\/05\/informe-bancario-064-2019-maia-e-dificil-passar-proposta-que-pode-reduzir-gasto-com-saude-e-educacao\/","og_site_name":"Sindicato dos Banc\u00e1rios de S\u00e3o Bento do Sul e Regi\u00e3o","article_author":"https:\/\/www.facebook.com\/seeb.sbs.9","article_published_time":"2019-11-05T20:02:27+00:00","og_image":[{"width":281,"height":180,"url":"https:\/\/sindicatodosbancarios.org.br\/site2022\/wp-content\/uploads\/2019\/11\/congresso-nacional-foto-1.jpg","type":"image\/jpeg"}],"author":"Sindicato dos Banc\u00e1rios S\u00e3o Bento do Sul e Regi\u00e3o","twitter_card":"summary_large_image","twitter_misc":{"Escrito por":"Sindicato dos Banc\u00e1rios S\u00e3o Bento do Sul e Regi\u00e3o","Est. tempo de leitura":"2 minutos"},"schema":{"@context":"https:\/\/schema.org","@graph":[{"@type":"Article","@id":"https:\/\/sindicatodosbancarios.org.br\/site2022\/2019\/11\/05\/informe-bancario-064-2019-maia-e-dificil-passar-proposta-que-pode-reduzir-gasto-com-saude-e-educacao\/#article","isPartOf":{"@id":"https:\/\/sindicatodosbancarios.org.br\/site2022\/2019\/11\/05\/informe-bancario-064-2019-maia-e-dificil-passar-proposta-que-pode-reduzir-gasto-com-saude-e-educacao\/"},"author":{"name":"Sindicato dos Banc\u00e1rios S\u00e3o Bento do Sul e Regi\u00e3o","@id":"https:\/\/sindicatodosbancarios.org.br\/site2022\/#\/schema\/person\/a7d92da77d1084df4d28b57962f1e1bd"},"headline":"INFORME BANC\u00c1RIO &#8211; 064\/2019 &#8211; MAIA: \u00c9 DIF\u00cdCIL PASSAR PROPOSTA QUE PODE REDUZIR GASTO COM SA\u00daDE E EDUCA\u00c7\u00c3O.","datePublished":"2019-11-05T20:02:27+00:00","dateModified":"2019-11-05T20:02:27+00:00","mainEntityOfPage":{"@id":"https:\/\/sindicatodosbancarios.org.br\/site2022\/2019\/11\/05\/informe-bancario-064-2019-maia-e-dificil-passar-proposta-que-pode-reduzir-gasto-com-saude-e-educacao\/"},"wordCount":347,"commentCount":0,"publisher":{"@id":"https:\/\/sindicatodosbancarios.org.br\/site2022\/#organization"},"articleSection":["Geral"],"inLanguage":"pt-BR","potentialAction":[{"@type":"CommentAction","name":"Comment","target":["https:\/\/sindicatodosbancarios.org.br\/site2022\/2019\/11\/05\/informe-bancario-064-2019-maia-e-dificil-passar-proposta-que-pode-reduzir-gasto-com-saude-e-educacao\/#respond"]}]},{"@type":"WebPage","@id":"https:\/\/sindicatodosbancarios.org.br\/site2022\/2019\/11\/05\/informe-bancario-064-2019-maia-e-dificil-passar-proposta-que-pode-reduzir-gasto-com-saude-e-educacao\/","url":"https:\/\/sindicatodosbancarios.org.br\/site2022\/2019\/11\/05\/informe-bancario-064-2019-maia-e-dificil-passar-proposta-que-pode-reduzir-gasto-com-saude-e-educacao\/","name":"INFORME BANC\u00c1RIO - 064\/2019 - MAIA: \u00c9 DIF\u00cdCIL PASSAR PROPOSTA QUE PODE REDUZIR GASTO COM SA\u00daDE E EDUCA\u00c7\u00c3O. - Sindicato dos Banc\u00e1rios de S\u00e3o Bento do Sul e Regi\u00e3o","isPartOf":{"@id":"https:\/\/sindicatodosbancarios.org.br\/site2022\/#website"},"datePublished":"2019-11-05T20:02:27+00:00","dateModified":"2019-11-05T20:02:27+00:00","breadcrumb":{"@id":"https:\/\/sindicatodosbancarios.org.br\/site2022\/2019\/11\/05\/informe-bancario-064-2019-maia-e-dificil-passar-proposta-que-pode-reduzir-gasto-com-saude-e-educacao\/#breadcrumb"},"inLanguage":"pt-BR","potentialAction":[{"@type":"ReadAction","target":["https:\/\/sindicatodosbancarios.org.br\/site2022\/2019\/11\/05\/informe-bancario-064-2019-maia-e-dificil-passar-proposta-que-pode-reduzir-gasto-com-saude-e-educacao\/"]}]},{"@type":"BreadcrumbList","@id":"https:\/\/sindicatodosbancarios.org.br\/site2022\/2019\/11\/05\/informe-bancario-064-2019-maia-e-dificil-passar-proposta-que-pode-reduzir-gasto-com-saude-e-educacao\/#breadcrumb","itemListElement":[{"@type":"ListItem","position":1,"name":"In\u00edcio","item":"https:\/\/sindicatodosbancarios.org.br\/site2022\/"},{"@type":"ListItem","position":2,"name":"INFORME BANC\u00c1RIO &#8211; 064\/2019 &#8211; MAIA: \u00c9 DIF\u00cdCIL PASSAR PROPOSTA QUE PODE REDUZIR GASTO COM SA\u00daDE E EDUCA\u00c7\u00c3O."}]},{"@type":"WebSite","@id":"https:\/\/sindicatodosbancarios.org.br\/site2022\/#website","url":"https:\/\/sindicatodosbancarios.org.br\/site2022\/","name":"Sindicato dos Banc\u00e1rios de S\u00e3o Bento do Sul e Regi\u00e3o","description":"Website institucional do Sindicato dos Banc\u00e1rios de S\u00e3o Bento do Sul e Regi\u00e3o","publisher":{"@id":"https:\/\/sindicatodosbancarios.org.br\/site2022\/#organization"},"potentialAction":[{"@type":"SearchAction","target":{"@type":"EntryPoint","urlTemplate":"https:\/\/sindicatodosbancarios.org.br\/site2022\/?s={search_term_string}"},"query-input":"required name=search_term_string"}],"inLanguage":"pt-BR"},{"@type":"Organization","@id":"https:\/\/sindicatodosbancarios.org.br\/site2022\/#organization","name":"Sindicato dos Banc\u00e1rios de S\u00e3o Bento do Sul e Regi\u00e3o","url":"https:\/\/sindicatodosbancarios.org.br\/site2022\/","logo":{"@type":"ImageObject","inLanguage":"pt-BR","@id":"https:\/\/sindicatodosbancarios.org.br\/site2022\/#\/schema\/logo\/image\/","url":"https:\/\/sindicatodosbancarios.org.br\/site2022\/wp-content\/uploads\/2017\/06\/cropped-logo-2.png","contentUrl":"https:\/\/sindicatodosbancarios.org.br\/site2022\/wp-content\/uploads\/2017\/06\/cropped-logo-2.png","width":292,"height":292,"caption":"Sindicato dos Banc\u00e1rios de S\u00e3o Bento do Sul e Regi\u00e3o"},"image":{"@id":"https:\/\/sindicatodosbancarios.org.br\/site2022\/#\/schema\/logo\/image\/"}},{"@type":"Person","@id":"https:\/\/sindicatodosbancarios.org.br\/site2022\/#\/schema\/person\/a7d92da77d1084df4d28b57962f1e1bd","name":"Sindicato dos Banc\u00e1rios S\u00e3o Bento do Sul e Regi\u00e3o","image":{"@type":"ImageObject","inLanguage":"pt-BR","@id":"https:\/\/sindicatodosbancarios.org.br\/site2022\/#\/schema\/person\/image\/","url":"https:\/\/secure.gravatar.com\/avatar\/f1d1a06f698f2345352e539387180d42?s=96&d=mm&r=g","contentUrl":"https:\/\/secure.gravatar.com\/avatar\/f1d1a06f698f2345352e539387180d42?s=96&d=mm&r=g","caption":"Sindicato dos Banc\u00e1rios S\u00e3o Bento do Sul e Regi\u00e3o"},"sameAs":["http:\/\/sindicatodosbancarios.org.br\/site2022\/","https:\/\/www.facebook.com\/seeb.sbs.9"],"url":"https:\/\/sindicatodosbancarios.org.br\/site2022\/author\/sindicatodosbancarios\/"}]}},"jetpack_featured_media_url":"https:\/\/sindicatodosbancarios.org.br\/site2022\/wp-content\/uploads\/2019\/11\/congresso-nacional-foto-1.jpg","jetpack_sharing_enabled":true,"jetpack_shortlink":"https:\/\/wp.me\/p8RSbI-OS","jetpack-related-posts":[{"id":4464,"url":"https:\/\/sindicatodosbancarios.org.br\/site2022\/2020\/09\/10\/informe-bancario-337-2020-privatizacao-da-caixa-pedido-ao-tcu-pede-apuracao-de-manobra-entenda\/","url_meta":{"origin":3154,"position":0},"title":"INFORME BANC\u00c1RIO \u2013 337\/2020 Privatiza\u00e7\u00e3o da Caixa: pedido ao TCU pede apura\u00e7\u00e3o de manobra; entenda","date":"10 de setembro de 2020","format":false,"excerpt":"O subprocurador-geral do Minist\u00e9rio P\u00fablico Federal, Lucas Rocha Furtado, entrou com uma pedido para que o Tribunal de Contas da Uni\u00e3o (TCU) apure os ind\u00edcios de irregularidades no processo de\u00a0\u00a0venda da Caixa Econ\u00f4mica Federal\u00a0e de subsidi\u00e1rias do banco. O documento tamb\u00e9m pede, em car\u00e1ter cautelar, que a dire\u00e7\u00e3o da estatal\u2026","rel":"","context":"Em &quot;Caixa Econ\u00f4mica Federal&quot;","img":{"alt_text":"","src":"https:\/\/i0.wp.com\/sindicatodosbancarios.org.br\/site2022\/wp-content\/uploads\/2020\/09\/80bqj2lhr4feccc8tu8dhr73k.jpg?resize=350%2C200&ssl=1","width":350,"height":200},"classes":[]},{"id":4586,"url":"https:\/\/sindicatodosbancarios.org.br\/site2022\/2020\/10\/02\/informe-bancario-375-2020-proposta-de-usar-precatorio-preocupou-aposentados-dinheiro-que-faz-falta\/","url_meta":{"origin":3154,"position":1},"title":"INFORME BANC\u00c1RIO \u2013 375\/2020 Proposta de usar precat\u00f3rio preocupou aposentados: &#8220;dinheiro que faz falta&#8221;","date":"2 de outubro de 2020","format":false,"excerpt":"A proposta do governo federal de usar dinheiro de precat\u00f3rios para financiar o Renda Cidad\u00e3, programa social que vai substituir o Bolsa Fam\u00edlia, deixou quem aguarda o pagamento em p\u00e2nico. Hoje, ap\u00f3s a repercuss\u00e3o negativa do an\u00fancio, o governo voltou atr\u00e1s. Precat\u00f3rios s\u00e3o d\u00edvidas da Uni\u00e3o reconhecidas ap\u00f3s decis\u00e3o definitiva\u2026","rel":"","context":"Em &quot;Geral&quot;","img":{"alt_text":"","src":"https:\/\/i0.wp.com\/sindicatodosbancarios.org.br\/site2022\/wp-content\/uploads\/2020\/10\/precatorios.jpeg?resize=350%2C200&ssl=1","width":350,"height":200},"classes":[]},{"id":4911,"url":"https:\/\/sindicatodosbancarios.org.br\/site2022\/2020\/12\/18\/informe-bancario-468-2020-relator-nao-vai-incluir-termo-de-responsabilidade-em-mp-sobre-a-vacina-diz-maia\/","url_meta":{"origin":3154,"position":2},"title":"INFORME BANC\u00c1RIO \u2013 468\/2020 Relator n\u00e3o vai incluir termo de responsabilidade em MP sobre a vacina, diz Maia","date":"18 de dezembro de 2020","format":false,"excerpt":"O presidente da\u00a0C\u00e2mara dos Deputados,\u00a0Rodrigo Maia\u00a0(DEM-RJ), disse que o relat\u00f3rio da Medida Provis\u00f3ria (MP) 1003\/20, que trata da ades\u00e3o do\u00a0Brasil\u00a0\u00e0 alian\u00e7a global pela\u00a0vacina\u00a0igualit\u00e1ria contra a\u00a0Covid-19, n\u00e3o vai incluir o termo de responsabilidade exigido pelo governo para vacinar a popula\u00e7\u00e3o. O relator da MP \u00e9 o deputado Geninho Zuliani (DEM-SP), do\u2026","rel":"","context":"Em &quot;Geral&quot;","img":{"alt_text":"","src":"https:\/\/i0.wp.com\/sindicatodosbancarios.org.br\/site2022\/wp-content\/uploads\/2020\/12\/rodrigo-maia-3.jpg?resize=350%2C200&ssl=1","width":350,"height":200},"classes":[]},{"id":4655,"url":"https:\/\/sindicatodosbancarios.org.br\/site2022\/2020\/10\/16\/informe-bancario-394-2020-para-criar-renda-cidada-governo-estuda-desindexar-aposentadorias-e-pensoes-superiores-a-1-minimo\/","url_meta":{"origin":3154,"position":3},"title":"INFORME BANC\u00c1RIO \u2013 394\/2020 Para criar Renda Cidad\u00e3, governo estuda desindexar aposentadorias e pens\u00f5es superiores a 1 m\u00ednimo","date":"16 de outubro de 2020","format":false,"excerpt":"O debate sobre o Renda Cidad\u00e3 (ou Renda Brasil), novo\u00a0programa social\u00a0que o governo Jair Bolsonaro quer criar em substitui\u00e7\u00e3o ao\u00a0Bolsa Fam\u00edlia, s\u00f3 deve ser retomado\u00a0ap\u00f3s as elei\u00e7\u00f5es municipais. As discuss\u00f5es sobre a\u00a0fonte de financiamento\u00a0do novo programa, no entanto, n\u00e3o param. T\u00e9cnicos do governo trabalham com diversos cen\u00e1rios, dos quais o\u2026","rel":"","context":"Em &quot;Geral&quot;","img":{"alt_text":"","src":"https:\/\/i0.wp.com\/sindicatodosbancarios.org.br\/site2022\/wp-content\/uploads\/2020\/02\/paulo-guedes-ministro-da-economia-1581106883786_v2_450x600.jpg?resize=350%2C200&ssl=1","width":350,"height":200},"classes":[]},{"id":4682,"url":"https:\/\/sindicatodosbancarios.org.br\/site2022\/2020\/10\/23\/informe-bancario-403-2020-os-brasileiros-tem-direito-a-qualquer-vacina-que-esteja-pronta-diz-maia\/","url_meta":{"origin":3154,"position":4},"title":"INFORME BANC\u00c1RIO \u2013 403\/2020 \u201cOs brasileiros t\u00eam direito a qualquer vacina que esteja pronta\u201d, diz Maia","date":"23 de outubro de 2020","format":false,"excerpt":"O presidente da C\u00e2mara, Rodrigo Maia, participa de coletiva do governador Jo\u00e3o Doria, em SP, e d\u00e1 apoio \u00e0 ado\u00e7\u00e3o da vacina Coronavac, em teste pelo Butantan. O presidente da C\u00e2mara dos Deputados,\u00a0Rodrigo Maia, o lado do governador de S\u00e3o Paulo,\u00a0Jo\u00e3o Doria, defendeu nesta sexta-feira, 23, a compra da vacina\u2026","rel":"","context":"Em &quot;Geral&quot;","img":{"alt_text":"","src":"https:\/\/i0.wp.com\/sindicatodosbancarios.org.br\/site2022\/wp-content\/uploads\/2020\/10\/maia-doria-youtube-1.jpg?resize=350%2C200&ssl=1","width":350,"height":200},"classes":[]},{"id":4936,"url":"https:\/\/sindicatodosbancarios.org.br\/site2022\/2020\/12\/28\/informe-bancario-476-2020-apos-acusacao-de-bolsonaro-maia-pauta-mp-do-auxilio-emergencial-e-governo-tenta-reverter\/","url_meta":{"origin":3154,"position":5},"title":"INFORME BANC\u00c1RIO \u2013 476\/2020 Ap\u00f3s acusa\u00e7\u00e3o de Bolsonaro, Maia pauta MP do aux\u00edlio emergencial e governo tenta reverter","date":"28 de dezembro de 2020","format":false,"excerpt":"Na noite de quinta, o presidente disse que n\u00e3o vai haver 13\u00ba do Bolsa Fam\u00edlia em 2021 porque o parlamentar deixou a medida provis\u00f3ria sobre o assunto caducar. C\u00e2mara tem sess\u00e3o nesta sexta. Ap\u00f3s\u00a0Jair Bolsonaro\u00a0(sem partido) acusar o presidente da C\u00e2mara de n\u00e3o votar a 13\u00ba parcela do Bolsa Fam\u00edlia,\u00a0Rodrigo\u2026","rel":"","context":"Em &quot;Geral&quot;","img":{"alt_text":"","src":"https:\/\/i0.wp.com\/sindicatodosbancarios.org.br\/site2022\/wp-content\/uploads\/2020\/12\/brasil-bolsonaro-maia-20181114-001.jpeg?resize=350%2C200&ssl=1","width":350,"height":200},"classes":[]}],"_links":{"self":[{"href":"https:\/\/sindicatodosbancarios.org.br\/site2022\/wp-json\/wp\/v2\/posts\/3154"}],"collection":[{"href":"https:\/\/sindicatodosbancarios.org.br\/site2022\/wp-json\/wp\/v2\/posts"}],"about":[{"href":"https:\/\/sindicatodosbancarios.org.br\/site2022\/wp-json\/wp\/v2\/types\/post"}],"author":[{"embeddable":true,"href":"https:\/\/sindicatodosbancarios.org.br\/site2022\/wp-json\/wp\/v2\/users\/2"}],"replies":[{"embeddable":true,"href":"https:\/\/sindicatodosbancarios.org.br\/site2022\/wp-json\/wp\/v2\/comments?post=3154"}],"version-history":[{"count":1,"href":"https:\/\/sindicatodosbancarios.org.br\/site2022\/wp-json\/wp\/v2\/posts\/3154\/revisions"}],"predecessor-version":[{"id":3156,"href":"https:\/\/sindicatodosbancarios.org.br\/site2022\/wp-json\/wp\/v2\/posts\/3154\/revisions\/3156"}],"wp:featuredmedia":[{"embeddable":true,"href":"https:\/\/sindicatodosbancarios.org.br\/site2022\/wp-json\/wp\/v2\/media\/3157"}],"wp:attachment":[{"href":"https:\/\/sindicatodosbancarios.org.br\/site2022\/wp-json\/wp\/v2\/media?parent=3154"}],"wp:term":[{"taxonomy":"category","embeddable":true,"href":"https:\/\/sindicatodosbancarios.org.br\/site2022\/wp-json\/wp\/v2\/categories?post=3154"},{"taxonomy":"post_tag","embeddable":true,"href":"https:\/\/sindicatodosbancarios.org.br\/site2022\/wp-json\/wp\/v2\/tags?post=3154"}],"curies":[{"name":"wp","href":"https:\/\/api.w.org\/{rel}","templated":true}]}}