{"id":3158,"date":"2019-11-06T14:26:33","date_gmt":"2019-11-06T17:26:33","guid":{"rendered":"https:\/\/sindicatodosbancarios.org.br\/?p=3158"},"modified":"2019-11-06T14:26:33","modified_gmt":"2019-11-06T17:26:33","slug":"informe-bancario-065-2019-proposta-proibe-salario-minimo-acima-da-inflacao-por-2-anos-em-crises","status":"publish","type":"post","link":"https:\/\/sindicatodosbancarios.org.br\/site2022\/2019\/11\/06\/informe-bancario-065-2019-proposta-proibe-salario-minimo-acima-da-inflacao-por-2-anos-em-crises\/","title":{"rendered":"INFORME BANC\u00c1RIO &#8211; 065\/2019 &#8211; PROPOSTA PRO\u00cdBE SAL\u00c1RIO M\u00cdNIMO ACIMA DA INFLA\u00c7\u00c3O POR 2 ANOS EM CRISES."},"content":{"rendered":"<p>Uma das propostas enviadas pelo governo de Jair Bolsonaro ao Congresso Nacional estabelece medidas de emerg\u00eancia a serem adotados pela Uni\u00e3o e por estados e munic\u00edpios em situa\u00e7\u00e3o de grave crise nas contas p\u00fablicas. Uma delas pro\u00edbe reajustar o sal\u00e1rio m\u00ednimo acima da infla\u00e7\u00e3o por dois anos.<\/p>\n<p>Segundo a proposta, as medidas emergenciais poder\u00e3o ser adotadas pelo governo federal se o Congresso autorizar o descumprimento da chamada Regra de Ouro, que impede o governo de se endividar para pagar gastos b\u00e1sicos. Para estados e munic\u00edpios, a emerg\u00eancia acontece quando as despesas ultrapassarem 95% das receitas. A proposta ainda ser\u00e1 analisada pelo Senado e, se aprovada, seguir\u00e1 para a C\u00e2mara dos Deputados.<\/p>\n<p><strong>Governo j\u00e1 previa fim do aumento real.<\/strong><\/p>\n<p>Em abril, o governo j\u00e1 havia decidido acabar com o reajuste do sal\u00e1rio m\u00ednimo acima da infla\u00e7\u00e3o, dando apenas a corre\u00e7\u00e3o pela infla\u00e7\u00e3o medida pelo INPC (\u00cdndice Nacional do Pre\u00e7os ao Consumidor).<\/p>\n<p>A decis\u00e3o representou uma mudan\u00e7a em rela\u00e7\u00e3o ao modelo de reajuste do m\u00ednimo adotado por lei a partir de 2007, nos governos do PT, e que perdeu validade em 1\u00ba de janeiro deste ano.<\/p>\n<p>O ministro da Economia, Paulo Guedes, havia afirmado que o sal\u00e1rio m\u00ednimo s\u00f3 teria aumento real, acima da infla\u00e7\u00e3o, se fossem aprovadas as reformas fiscais.<\/p>\n<p><strong>M\u00ednimo de R$ 1.039,00 em 2020.<\/strong><\/p>\n<p>A Lei de Diretrizes Or\u00e7ament\u00e1rias (LDO), aprovada pelo Congresso em outubro, prev\u00ea sal\u00e1rio m\u00ednimo de R$ 1.040 em 2020. O governo, por\u00e9m, j\u00e1 atualizou esse valor e anunciou, em agosto, que o m\u00ednimo deve ser R$ 1 menor, de R$ 1.039.<\/p>\n<p>A mudan\u00e7a est\u00e1 prevista no Ploa (Projeto de Lei Or\u00e7ament\u00e1ria Anual) que ainda tramita no Legislativo. Essa diminui\u00e7\u00e3o foi causada pela mudan\u00e7a na previs\u00e3o de infla\u00e7\u00e3o, usado pelo governo para calcular o reajuste do m\u00ednimo.<\/p>\n<p><strong>Situa\u00e7\u00e3o de emerg\u00eancia fiscal<\/strong><\/p>\n<p>A PEC (Proposta de Emenda Constitucional) apresentada pelo governo inclui medidas permanentes e tempor\u00e1rias de ajuste nas contas de Uni\u00e3o, estados e munic\u00edpios em caso de emerg\u00eancia fiscal.<\/p>\n<p>No caso das medidas tempor\u00e1rias, elas valer\u00e3o por dois anos e incluem a redu\u00e7\u00e3o da jornada e sal\u00e1rio dos servidores p\u00fablicos em at\u00e9 25%. No estado de emerg\u00eancia:<\/p>\n<ul>\n<li>Os entes da federa\u00e7\u00e3o n\u00e3o podem promover funcion\u00e1rios, com exce\u00e7\u00e3o de servi\u00e7o exterior, judici\u00e1rio, membros de MP, policiais e militares;<\/li>\n<li>Tamb\u00e9m ficam impedidos de dar aumento de sal\u00e1rio, criar cargos, reestruturar carreiras, fazer concurso ou criar verbas indenizat\u00f3rias;<\/li>\n<li>Fica suspensa a cria\u00e7\u00e3o de despesas obrigat\u00f3rias e de benef\u00edcios tribut\u00e1rios;<\/li>\n<li>Permite redu\u00e7\u00e3o de at\u00e9 25% da jornada de trabalho (e dos vencimentos) dos servidores.<\/li>\n<\/ul>\n<p>Entre as medidas permanentes est\u00e1 a previs\u00e3o de uma lei complementar para definir indicadores, n\u00edveis sustent\u00e1veis de endividamento e regras para a d\u00edvida p\u00fablica.<\/p>\n<p><span style=\"font-size: 8pt;\">Fonte: Uol, em S\u00e3o Paulo e Bras\u00edlia 05\/11\/2019 19h24<\/span><\/p>\n","protected":false},"excerpt":{"rendered":"<p>Uma das propostas enviadas pelo governo de Jair Bolsonaro ao Congresso Nacional estabelece medidas de emerg\u00eancia a serem [&hellip;]<\/p>\n","protected":false},"author":2,"featured_media":3159,"comment_status":"open","ping_status":"open","sticky":false,"template":"","format":"standard","meta":{"jetpack_post_was_ever_published":false,"jetpack_publicize_message":"","jetpack_is_tweetstorm":false,"jetpack_publicize_feature_enabled":true,"jetpack_social_post_already_shared":true,"jetpack_social_options":[]},"categories":[1],"tags":[],"jetpack_publicize_connections":[],"acf":[],"yoast_head":"<!-- This site is optimized with the Yoast SEO plugin v19.14 - https:\/\/yoast.com\/wordpress\/plugins\/seo\/ -->\n<title>INFORME BANC\u00c1RIO - 065\/2019 - PROPOSTA PRO\u00cdBE SAL\u00c1RIO M\u00cdNIMO ACIMA DA INFLA\u00c7\u00c3O POR 2 ANOS EM CRISES. - Sindicato dos Banc\u00e1rios de S\u00e3o Bento do Sul e Regi\u00e3o<\/title>\n<meta name=\"robots\" content=\"index, follow, max-snippet:-1, max-image-preview:large, max-video-preview:-1\" \/>\n<link rel=\"canonical\" href=\"https:\/\/sindicatodosbancarios.org.br\/site2022\/2019\/11\/06\/informe-bancario-065-2019-proposta-proibe-salario-minimo-acima-da-inflacao-por-2-anos-em-crises\/\" \/>\n<meta property=\"og:locale\" content=\"pt_BR\" \/>\n<meta property=\"og:type\" content=\"article\" \/>\n<meta property=\"og:title\" content=\"INFORME BANC\u00c1RIO - 065\/2019 - PROPOSTA PRO\u00cdBE SAL\u00c1RIO M\u00cdNIMO ACIMA DA INFLA\u00c7\u00c3O POR 2 ANOS EM CRISES. - Sindicato dos Banc\u00e1rios de S\u00e3o Bento do Sul e Regi\u00e3o\" \/>\n<meta property=\"og:description\" content=\"Uma das propostas enviadas pelo governo de Jair Bolsonaro ao Congresso Nacional estabelece medidas de emerg\u00eancia a serem [&hellip;]\" \/>\n<meta property=\"og:url\" content=\"https:\/\/sindicatodosbancarios.org.br\/site2022\/2019\/11\/06\/informe-bancario-065-2019-proposta-proibe-salario-minimo-acima-da-inflacao-por-2-anos-em-crises\/\" \/>\n<meta property=\"og:site_name\" content=\"Sindicato dos Banc\u00e1rios de S\u00e3o Bento do Sul e Regi\u00e3o\" \/>\n<meta property=\"article:author\" content=\"https:\/\/www.facebook.com\/seeb.sbs.9\" \/>\n<meta property=\"article:published_time\" content=\"2019-11-06T17:26:33+00:00\" \/>\n<meta property=\"og:image\" content=\"https:\/\/sindicatodosbancarios.org.br\/site2022\/wp-content\/uploads\/2019\/11\/imagem-sal\u00e1rio-m\u00ednimo.jpg\" \/>\n\t<meta property=\"og:image:width\" content=\"662\" \/>\n\t<meta property=\"og:image:height\" content=\"463\" \/>\n\t<meta property=\"og:image:type\" content=\"image\/jpeg\" \/>\n<meta name=\"author\" content=\"Sindicato dos Banc\u00e1rios S\u00e3o Bento do Sul e Regi\u00e3o\" \/>\n<meta name=\"twitter:card\" content=\"summary_large_image\" \/>\n<meta name=\"twitter:label1\" content=\"Escrito por\" \/>\n\t<meta name=\"twitter:data1\" content=\"Sindicato dos Banc\u00e1rios S\u00e3o Bento do Sul e Regi\u00e3o\" \/>\n\t<meta name=\"twitter:label2\" content=\"Est. tempo de leitura\" \/>\n\t<meta name=\"twitter:data2\" content=\"3 minutos\" \/>\n<script type=\"application\/ld+json\" class=\"yoast-schema-graph\">{\"@context\":\"https:\/\/schema.org\",\"@graph\":[{\"@type\":\"Article\",\"@id\":\"https:\/\/sindicatodosbancarios.org.br\/site2022\/2019\/11\/06\/informe-bancario-065-2019-proposta-proibe-salario-minimo-acima-da-inflacao-por-2-anos-em-crises\/#article\",\"isPartOf\":{\"@id\":\"https:\/\/sindicatodosbancarios.org.br\/site2022\/2019\/11\/06\/informe-bancario-065-2019-proposta-proibe-salario-minimo-acima-da-inflacao-por-2-anos-em-crises\/\"},\"author\":{\"name\":\"Sindicato dos Banc\u00e1rios S\u00e3o Bento do Sul e Regi\u00e3o\",\"@id\":\"https:\/\/sindicatodosbancarios.org.br\/site2022\/#\/schema\/person\/a7d92da77d1084df4d28b57962f1e1bd\"},\"headline\":\"INFORME BANC\u00c1RIO &#8211; 065\/2019 &#8211; PROPOSTA PRO\u00cdBE SAL\u00c1RIO M\u00cdNIMO ACIMA DA INFLA\u00c7\u00c3O POR 2 ANOS EM CRISES.\",\"datePublished\":\"2019-11-06T17:26:33+00:00\",\"dateModified\":\"2019-11-06T17:26:33+00:00\",\"mainEntityOfPage\":{\"@id\":\"https:\/\/sindicatodosbancarios.org.br\/site2022\/2019\/11\/06\/informe-bancario-065-2019-proposta-proibe-salario-minimo-acima-da-inflacao-por-2-anos-em-crises\/\"},\"wordCount\":530,\"commentCount\":0,\"publisher\":{\"@id\":\"https:\/\/sindicatodosbancarios.org.br\/site2022\/#organization\"},\"articleSection\":[\"Geral\"],\"inLanguage\":\"pt-BR\",\"potentialAction\":[{\"@type\":\"CommentAction\",\"name\":\"Comment\",\"target\":[\"https:\/\/sindicatodosbancarios.org.br\/site2022\/2019\/11\/06\/informe-bancario-065-2019-proposta-proibe-salario-minimo-acima-da-inflacao-por-2-anos-em-crises\/#respond\"]}]},{\"@type\":\"WebPage\",\"@id\":\"https:\/\/sindicatodosbancarios.org.br\/site2022\/2019\/11\/06\/informe-bancario-065-2019-proposta-proibe-salario-minimo-acima-da-inflacao-por-2-anos-em-crises\/\",\"url\":\"https:\/\/sindicatodosbancarios.org.br\/site2022\/2019\/11\/06\/informe-bancario-065-2019-proposta-proibe-salario-minimo-acima-da-inflacao-por-2-anos-em-crises\/\",\"name\":\"INFORME BANC\u00c1RIO - 065\/2019 - PROPOSTA PRO\u00cdBE SAL\u00c1RIO M\u00cdNIMO ACIMA DA INFLA\u00c7\u00c3O POR 2 ANOS EM CRISES. - Sindicato dos Banc\u00e1rios de S\u00e3o Bento do Sul e Regi\u00e3o\",\"isPartOf\":{\"@id\":\"https:\/\/sindicatodosbancarios.org.br\/site2022\/#website\"},\"datePublished\":\"2019-11-06T17:26:33+00:00\",\"dateModified\":\"2019-11-06T17:26:33+00:00\",\"breadcrumb\":{\"@id\":\"https:\/\/sindicatodosbancarios.org.br\/site2022\/2019\/11\/06\/informe-bancario-065-2019-proposta-proibe-salario-minimo-acima-da-inflacao-por-2-anos-em-crises\/#breadcrumb\"},\"inLanguage\":\"pt-BR\",\"potentialAction\":[{\"@type\":\"ReadAction\",\"target\":[\"https:\/\/sindicatodosbancarios.org.br\/site2022\/2019\/11\/06\/informe-bancario-065-2019-proposta-proibe-salario-minimo-acima-da-inflacao-por-2-anos-em-crises\/\"]}]},{\"@type\":\"BreadcrumbList\",\"@id\":\"https:\/\/sindicatodosbancarios.org.br\/site2022\/2019\/11\/06\/informe-bancario-065-2019-proposta-proibe-salario-minimo-acima-da-inflacao-por-2-anos-em-crises\/#breadcrumb\",\"itemListElement\":[{\"@type\":\"ListItem\",\"position\":1,\"name\":\"In\u00edcio\",\"item\":\"https:\/\/sindicatodosbancarios.org.br\/site2022\/\"},{\"@type\":\"ListItem\",\"position\":2,\"name\":\"INFORME BANC\u00c1RIO &#8211; 065\/2019 &#8211; PROPOSTA PRO\u00cdBE SAL\u00c1RIO M\u00cdNIMO ACIMA DA INFLA\u00c7\u00c3O POR 2 ANOS EM CRISES.\"}]},{\"@type\":\"WebSite\",\"@id\":\"https:\/\/sindicatodosbancarios.org.br\/site2022\/#website\",\"url\":\"https:\/\/sindicatodosbancarios.org.br\/site2022\/\",\"name\":\"Sindicato dos Banc\u00e1rios de S\u00e3o Bento do Sul e Regi\u00e3o\",\"description\":\"Website institucional do Sindicato dos Banc\u00e1rios de S\u00e3o Bento do Sul e Regi\u00e3o\",\"publisher\":{\"@id\":\"https:\/\/sindicatodosbancarios.org.br\/site2022\/#organization\"},\"potentialAction\":[{\"@type\":\"SearchAction\",\"target\":{\"@type\":\"EntryPoint\",\"urlTemplate\":\"https:\/\/sindicatodosbancarios.org.br\/site2022\/?s={search_term_string}\"},\"query-input\":\"required name=search_term_string\"}],\"inLanguage\":\"pt-BR\"},{\"@type\":\"Organization\",\"@id\":\"https:\/\/sindicatodosbancarios.org.br\/site2022\/#organization\",\"name\":\"Sindicato dos Banc\u00e1rios de S\u00e3o Bento do Sul e Regi\u00e3o\",\"url\":\"https:\/\/sindicatodosbancarios.org.br\/site2022\/\",\"logo\":{\"@type\":\"ImageObject\",\"inLanguage\":\"pt-BR\",\"@id\":\"https:\/\/sindicatodosbancarios.org.br\/site2022\/#\/schema\/logo\/image\/\",\"url\":\"https:\/\/sindicatodosbancarios.org.br\/site2022\/wp-content\/uploads\/2017\/06\/cropped-logo-2.png\",\"contentUrl\":\"https:\/\/sindicatodosbancarios.org.br\/site2022\/wp-content\/uploads\/2017\/06\/cropped-logo-2.png\",\"width\":292,\"height\":292,\"caption\":\"Sindicato dos Banc\u00e1rios de S\u00e3o Bento do Sul e Regi\u00e3o\"},\"image\":{\"@id\":\"https:\/\/sindicatodosbancarios.org.br\/site2022\/#\/schema\/logo\/image\/\"}},{\"@type\":\"Person\",\"@id\":\"https:\/\/sindicatodosbancarios.org.br\/site2022\/#\/schema\/person\/a7d92da77d1084df4d28b57962f1e1bd\",\"name\":\"Sindicato dos Banc\u00e1rios S\u00e3o Bento do Sul e Regi\u00e3o\",\"image\":{\"@type\":\"ImageObject\",\"inLanguage\":\"pt-BR\",\"@id\":\"https:\/\/sindicatodosbancarios.org.br\/site2022\/#\/schema\/person\/image\/\",\"url\":\"https:\/\/secure.gravatar.com\/avatar\/f1d1a06f698f2345352e539387180d42?s=96&d=mm&r=g\",\"contentUrl\":\"https:\/\/secure.gravatar.com\/avatar\/f1d1a06f698f2345352e539387180d42?s=96&d=mm&r=g\",\"caption\":\"Sindicato dos Banc\u00e1rios S\u00e3o Bento do Sul e Regi\u00e3o\"},\"sameAs\":[\"http:\/\/sindicatodosbancarios.org.br\/site2022\/\",\"https:\/\/www.facebook.com\/seeb.sbs.9\"],\"url\":\"https:\/\/sindicatodosbancarios.org.br\/site2022\/author\/sindicatodosbancarios\/\"}]}<\/script>\n<!-- \/ Yoast SEO plugin. -->","yoast_head_json":{"title":"INFORME BANC\u00c1RIO - 065\/2019 - PROPOSTA PRO\u00cdBE SAL\u00c1RIO M\u00cdNIMO ACIMA DA INFLA\u00c7\u00c3O POR 2 ANOS EM CRISES. - Sindicato dos Banc\u00e1rios de S\u00e3o Bento do Sul e Regi\u00e3o","robots":{"index":"index","follow":"follow","max-snippet":"max-snippet:-1","max-image-preview":"max-image-preview:large","max-video-preview":"max-video-preview:-1"},"canonical":"https:\/\/sindicatodosbancarios.org.br\/site2022\/2019\/11\/06\/informe-bancario-065-2019-proposta-proibe-salario-minimo-acima-da-inflacao-por-2-anos-em-crises\/","og_locale":"pt_BR","og_type":"article","og_title":"INFORME BANC\u00c1RIO - 065\/2019 - PROPOSTA PRO\u00cdBE SAL\u00c1RIO M\u00cdNIMO ACIMA DA INFLA\u00c7\u00c3O POR 2 ANOS EM CRISES. - Sindicato dos Banc\u00e1rios de S\u00e3o Bento do Sul e Regi\u00e3o","og_description":"Uma das propostas enviadas pelo governo de Jair Bolsonaro ao Congresso Nacional estabelece medidas de emerg\u00eancia a serem [&hellip;]","og_url":"https:\/\/sindicatodosbancarios.org.br\/site2022\/2019\/11\/06\/informe-bancario-065-2019-proposta-proibe-salario-minimo-acima-da-inflacao-por-2-anos-em-crises\/","og_site_name":"Sindicato dos Banc\u00e1rios de S\u00e3o Bento do Sul e Regi\u00e3o","article_author":"https:\/\/www.facebook.com\/seeb.sbs.9","article_published_time":"2019-11-06T17:26:33+00:00","og_image":[{"width":662,"height":463,"url":"https:\/\/sindicatodosbancarios.org.br\/site2022\/wp-content\/uploads\/2019\/11\/imagem-sal\u00e1rio-m\u00ednimo.jpg","type":"image\/jpeg"}],"author":"Sindicato dos Banc\u00e1rios S\u00e3o Bento do Sul e Regi\u00e3o","twitter_card":"summary_large_image","twitter_misc":{"Escrito por":"Sindicato dos Banc\u00e1rios S\u00e3o Bento do Sul e Regi\u00e3o","Est. tempo de leitura":"3 minutos"},"schema":{"@context":"https:\/\/schema.org","@graph":[{"@type":"Article","@id":"https:\/\/sindicatodosbancarios.org.br\/site2022\/2019\/11\/06\/informe-bancario-065-2019-proposta-proibe-salario-minimo-acima-da-inflacao-por-2-anos-em-crises\/#article","isPartOf":{"@id":"https:\/\/sindicatodosbancarios.org.br\/site2022\/2019\/11\/06\/informe-bancario-065-2019-proposta-proibe-salario-minimo-acima-da-inflacao-por-2-anos-em-crises\/"},"author":{"name":"Sindicato dos Banc\u00e1rios S\u00e3o Bento do Sul e Regi\u00e3o","@id":"https:\/\/sindicatodosbancarios.org.br\/site2022\/#\/schema\/person\/a7d92da77d1084df4d28b57962f1e1bd"},"headline":"INFORME BANC\u00c1RIO &#8211; 065\/2019 &#8211; PROPOSTA PRO\u00cdBE SAL\u00c1RIO M\u00cdNIMO ACIMA DA INFLA\u00c7\u00c3O POR 2 ANOS EM CRISES.","datePublished":"2019-11-06T17:26:33+00:00","dateModified":"2019-11-06T17:26:33+00:00","mainEntityOfPage":{"@id":"https:\/\/sindicatodosbancarios.org.br\/site2022\/2019\/11\/06\/informe-bancario-065-2019-proposta-proibe-salario-minimo-acima-da-inflacao-por-2-anos-em-crises\/"},"wordCount":530,"commentCount":0,"publisher":{"@id":"https:\/\/sindicatodosbancarios.org.br\/site2022\/#organization"},"articleSection":["Geral"],"inLanguage":"pt-BR","potentialAction":[{"@type":"CommentAction","name":"Comment","target":["https:\/\/sindicatodosbancarios.org.br\/site2022\/2019\/11\/06\/informe-bancario-065-2019-proposta-proibe-salario-minimo-acima-da-inflacao-por-2-anos-em-crises\/#respond"]}]},{"@type":"WebPage","@id":"https:\/\/sindicatodosbancarios.org.br\/site2022\/2019\/11\/06\/informe-bancario-065-2019-proposta-proibe-salario-minimo-acima-da-inflacao-por-2-anos-em-crises\/","url":"https:\/\/sindicatodosbancarios.org.br\/site2022\/2019\/11\/06\/informe-bancario-065-2019-proposta-proibe-salario-minimo-acima-da-inflacao-por-2-anos-em-crises\/","name":"INFORME BANC\u00c1RIO - 065\/2019 - PROPOSTA PRO\u00cdBE SAL\u00c1RIO M\u00cdNIMO ACIMA DA INFLA\u00c7\u00c3O POR 2 ANOS EM CRISES. - Sindicato dos Banc\u00e1rios de S\u00e3o Bento do Sul e Regi\u00e3o","isPartOf":{"@id":"https:\/\/sindicatodosbancarios.org.br\/site2022\/#website"},"datePublished":"2019-11-06T17:26:33+00:00","dateModified":"2019-11-06T17:26:33+00:00","breadcrumb":{"@id":"https:\/\/sindicatodosbancarios.org.br\/site2022\/2019\/11\/06\/informe-bancario-065-2019-proposta-proibe-salario-minimo-acima-da-inflacao-por-2-anos-em-crises\/#breadcrumb"},"inLanguage":"pt-BR","potentialAction":[{"@type":"ReadAction","target":["https:\/\/sindicatodosbancarios.org.br\/site2022\/2019\/11\/06\/informe-bancario-065-2019-proposta-proibe-salario-minimo-acima-da-inflacao-por-2-anos-em-crises\/"]}]},{"@type":"BreadcrumbList","@id":"https:\/\/sindicatodosbancarios.org.br\/site2022\/2019\/11\/06\/informe-bancario-065-2019-proposta-proibe-salario-minimo-acima-da-inflacao-por-2-anos-em-crises\/#breadcrumb","itemListElement":[{"@type":"ListItem","position":1,"name":"In\u00edcio","item":"https:\/\/sindicatodosbancarios.org.br\/site2022\/"},{"@type":"ListItem","position":2,"name":"INFORME BANC\u00c1RIO &#8211; 065\/2019 &#8211; PROPOSTA PRO\u00cdBE SAL\u00c1RIO M\u00cdNIMO ACIMA DA INFLA\u00c7\u00c3O POR 2 ANOS EM CRISES."}]},{"@type":"WebSite","@id":"https:\/\/sindicatodosbancarios.org.br\/site2022\/#website","url":"https:\/\/sindicatodosbancarios.org.br\/site2022\/","name":"Sindicato dos Banc\u00e1rios de S\u00e3o Bento do Sul e Regi\u00e3o","description":"Website institucional do Sindicato dos Banc\u00e1rios de S\u00e3o Bento do Sul e Regi\u00e3o","publisher":{"@id":"https:\/\/sindicatodosbancarios.org.br\/site2022\/#organization"},"potentialAction":[{"@type":"SearchAction","target":{"@type":"EntryPoint","urlTemplate":"https:\/\/sindicatodosbancarios.org.br\/site2022\/?s={search_term_string}"},"query-input":"required name=search_term_string"}],"inLanguage":"pt-BR"},{"@type":"Organization","@id":"https:\/\/sindicatodosbancarios.org.br\/site2022\/#organization","name":"Sindicato dos Banc\u00e1rios de S\u00e3o Bento do Sul e Regi\u00e3o","url":"https:\/\/sindicatodosbancarios.org.br\/site2022\/","logo":{"@type":"ImageObject","inLanguage":"pt-BR","@id":"https:\/\/sindicatodosbancarios.org.br\/site2022\/#\/schema\/logo\/image\/","url":"https:\/\/sindicatodosbancarios.org.br\/site2022\/wp-content\/uploads\/2017\/06\/cropped-logo-2.png","contentUrl":"https:\/\/sindicatodosbancarios.org.br\/site2022\/wp-content\/uploads\/2017\/06\/cropped-logo-2.png","width":292,"height":292,"caption":"Sindicato dos Banc\u00e1rios de S\u00e3o Bento do Sul e Regi\u00e3o"},"image":{"@id":"https:\/\/sindicatodosbancarios.org.br\/site2022\/#\/schema\/logo\/image\/"}},{"@type":"Person","@id":"https:\/\/sindicatodosbancarios.org.br\/site2022\/#\/schema\/person\/a7d92da77d1084df4d28b57962f1e1bd","name":"Sindicato dos Banc\u00e1rios S\u00e3o Bento do Sul e Regi\u00e3o","image":{"@type":"ImageObject","inLanguage":"pt-BR","@id":"https:\/\/sindicatodosbancarios.org.br\/site2022\/#\/schema\/person\/image\/","url":"https:\/\/secure.gravatar.com\/avatar\/f1d1a06f698f2345352e539387180d42?s=96&d=mm&r=g","contentUrl":"https:\/\/secure.gravatar.com\/avatar\/f1d1a06f698f2345352e539387180d42?s=96&d=mm&r=g","caption":"Sindicato dos Banc\u00e1rios S\u00e3o Bento do Sul e Regi\u00e3o"},"sameAs":["http:\/\/sindicatodosbancarios.org.br\/site2022\/","https:\/\/www.facebook.com\/seeb.sbs.9"],"url":"https:\/\/sindicatodosbancarios.org.br\/site2022\/author\/sindicatodosbancarios\/"}]}},"jetpack_featured_media_url":"https:\/\/sindicatodosbancarios.org.br\/site2022\/wp-content\/uploads\/2019\/11\/imagem-sal\u00e1rio-m\u00ednimo.jpg","jetpack_sharing_enabled":true,"jetpack_shortlink":"https:\/\/wp.me\/p8RSbI-OW","jetpack-related-posts":[{"id":5323,"url":"https:\/\/sindicatodosbancarios.org.br\/site2022\/2021\/04\/20\/informe-bancarios-103-2021-governo-propoe-salario-minimo-de-r-1-147-para-2022-sem-aumento-acima-da-inflacao\/","url_meta":{"origin":3158,"position":0},"title":"INFORME BANC\u00c1RIOS \u2013 103\/2021 Governo prop\u00f5e sal\u00e1rio m\u00ednimo de R$ 1.147 para 2022, sem aumento acima da infla\u00e7\u00e3o","date":"20 de abril de 2021","format":false,"excerpt":"Valor consta no projeto da Lei de Diretrizes Or\u00e7ament\u00e1rias divulgado nesta quinta pelo Minist\u00e9rio da Economia. Se aprovado, aumento em rela\u00e7\u00e3o ao m\u00ednimo atual ser\u00e1 de R$ 47. O governo federal prop\u00f4s um\u00a0sal\u00e1rio m\u00ednimo de R$ 1.147 para 2022, segundo o projeto de Lei de Diretrizes Or\u00e7ament\u00e1rias (PLDO) do ano\u2026","rel":"","context":"Em &quot;Geral&quot;","img":{"alt_text":"","src":"https:\/\/i0.wp.com\/sindicatodosbancarios.org.br\/site2022\/wp-content\/uploads\/2021\/04\/13576085165f5f4bf83d334.jpg?resize=350%2C200&ssl=1","width":350,"height":200},"classes":[]},{"id":4891,"url":"https:\/\/sindicatodosbancarios.org.br\/site2022\/2020\/12\/17\/informe-bancario-465-2020-governo-propoe-salario-minimo-de-r-1-088-em-2021-sem-aumento-real\/","url_meta":{"origin":3158,"position":1},"title":"INFORME BANC\u00c1RIO \u2013 465\/2020 Governo prop\u00f5e sal\u00e1rio m\u00ednimo de R$ 1.088 em 2021, sem aumento real","date":"17 de dezembro de 2020","format":false,"excerpt":"O governo federal enviou ao Congresso Nacional a previs\u00e3o de R$ 1.088 para o valor para o sal\u00e1rio m\u00ednimo em 2021, sem aumento real. O piso salarial hoje \u00e9 de R$ 1.045. A estimativa leva em conta a proje\u00e7\u00e3o do Minist\u00e9rio da Economia para o INPC (\u00cdndice Nacional de Pre\u00e7os\u2026","rel":"","context":"Em &quot;Geral&quot;","img":{"alt_text":"","src":"https:\/\/i0.wp.com\/sindicatodosbancarios.org.br\/site2022\/wp-content\/uploads\/2020\/12\/18768965615d80ba90b02a7.jpg?resize=350%2C200&ssl=1","width":350,"height":200},"classes":[]},{"id":5044,"url":"https:\/\/sindicatodosbancarios.org.br\/site2022\/2021\/01\/20\/informe-bancario-25-2021-salario-minimo-de-2021-definido-pelo-governo-bolsonaro-nao-repoe-inflacao-de-2020\/","url_meta":{"origin":3158,"position":2},"title":"INFORME BANC\u00c1RIO \u2013 25\/2021 Sal\u00e1rio m\u00ednimo de 2021 definido pelo governo Bolsonaro n\u00e3o rep\u00f5e infla\u00e7\u00e3o de 2020","date":"20 de janeiro de 2021","format":false,"excerpt":"O sal\u00e1rio m\u00ednimo de R$ 1.100 em 2021 n\u00e3o rep\u00f5e a infla\u00e7\u00e3o do ano passado. O INPC (\u00cdndice Nacional de Pre\u00e7os ao Consumidor), indicador que corrige o sal\u00e1rio m\u00ednimo, registrou alta de 5,45% em 2020, segundo dados divulgados hoje, acima do reajuste de 5,26% dado no sal\u00e1rio m\u00ednimo. Isso significa\u2026","rel":"","context":"Em &quot;Geral&quot;","img":{"alt_text":"","src":"https:\/\/i0.wp.com\/sindicatodosbancarios.org.br\/site2022\/wp-content\/uploads\/2021\/01\/salario-minimo.jpg?resize=350%2C200&ssl=1","width":350,"height":200},"classes":[]},{"id":4880,"url":"https:\/\/sindicatodosbancarios.org.br\/site2022\/2020\/12\/16\/informe-bancario-461-2020-em-documento-ao-congresso-governo-preve-salario-minimo-em-r-1-088-em-2021\/","url_meta":{"origin":3158,"position":3},"title":"INFORME BANC\u00c1RIO \u2013 461\/2020 Em documento ao Congresso, governo prev\u00ea sal\u00e1rio m\u00ednimo em R$ 1.088 em 2021","date":"16 de dezembro de 2020","format":false,"excerpt":"O governo prev\u00ea que o sal\u00e1rio m\u00ednimo ficar\u00e1 em R$ 1.088 em 2021. A nova estimativa consta em of\u00edcio encaminhado ao Congresso Nacional para revisar as metas e proje\u00e7\u00f5es fiscais para o ano que vem. Em 15 de abril, quando encaminhou a proposta de Lei de Diretrizes Or\u00e7ament\u00e1rias (LDO), o\u2026","rel":"","context":"Em &quot;Geral&quot;","img":{"alt_text":"","src":"https:\/\/i0.wp.com\/sindicatodosbancarios.org.br\/site2022\/wp-content\/uploads\/2020\/12\/salario-minimo-nao-tera-aumento-depois-de-25-anos.jpg?resize=350%2C200&ssl=1","width":350,"height":200},"classes":[]},{"id":4460,"url":"https:\/\/sindicatodosbancarios.org.br\/site2022\/2020\/09\/10\/informe-bancario-335-2020-governo-revela-novo-salario-minimo-para-2021-veja-o-valor\/","url_meta":{"origin":3158,"position":4},"title":"INFORME BANC\u00c1RIO \u2013 335\/2020 Governo revela novo SAL\u00c1RIO m\u00ednimo para 2021; veja o valor","date":"10 de setembro de 2020","format":false,"excerpt":"O novo valor representa um aumento de R$22 em rela\u00e7\u00e3o ao sal\u00e1rio m\u00ednimo atual, de R$1.045. De acordo com o texto da proposta de\u00a0Or\u00e7amento de 2021, apresentado na \u00faltima segunda-feira, 31 de agosto, o sal\u00e1rio m\u00ednimo proposto pelo\u00a0Governo Federal\u00a0\u00e9 de\u00a0R$1.067\u00a0para 2021. O novo valor representa um aumento de\u00a0R$22\u00a0em rela\u00e7\u00e3o ao\u2026","rel":"","context":"Em &quot;Geral&quot;","img":{"alt_text":"","src":"https:\/\/i0.wp.com\/sindicatodosbancarios.org.br\/site2022\/wp-content\/uploads\/2020\/06\/mei-aposentadoria1.jpg?resize=350%2C200&ssl=1","width":350,"height":200},"classes":[]},{"id":4655,"url":"https:\/\/sindicatodosbancarios.org.br\/site2022\/2020\/10\/16\/informe-bancario-394-2020-para-criar-renda-cidada-governo-estuda-desindexar-aposentadorias-e-pensoes-superiores-a-1-minimo\/","url_meta":{"origin":3158,"position":5},"title":"INFORME BANC\u00c1RIO \u2013 394\/2020 Para criar Renda Cidad\u00e3, governo estuda desindexar aposentadorias e pens\u00f5es superiores a 1 m\u00ednimo","date":"16 de outubro de 2020","format":false,"excerpt":"O debate sobre o Renda Cidad\u00e3 (ou Renda Brasil), novo\u00a0programa social\u00a0que o governo Jair Bolsonaro quer criar em substitui\u00e7\u00e3o ao\u00a0Bolsa Fam\u00edlia, s\u00f3 deve ser retomado\u00a0ap\u00f3s as elei\u00e7\u00f5es municipais. As discuss\u00f5es sobre a\u00a0fonte de financiamento\u00a0do novo programa, no entanto, n\u00e3o param. T\u00e9cnicos do governo trabalham com diversos cen\u00e1rios, dos quais o\u2026","rel":"","context":"Em &quot;Geral&quot;","img":{"alt_text":"","src":"https:\/\/i0.wp.com\/sindicatodosbancarios.org.br\/site2022\/wp-content\/uploads\/2020\/02\/paulo-guedes-ministro-da-economia-1581106883786_v2_450x600.jpg?resize=350%2C200&ssl=1","width":350,"height":200},"classes":[]}],"_links":{"self":[{"href":"https:\/\/sindicatodosbancarios.org.br\/site2022\/wp-json\/wp\/v2\/posts\/3158"}],"collection":[{"href":"https:\/\/sindicatodosbancarios.org.br\/site2022\/wp-json\/wp\/v2\/posts"}],"about":[{"href":"https:\/\/sindicatodosbancarios.org.br\/site2022\/wp-json\/wp\/v2\/types\/post"}],"author":[{"embeddable":true,"href":"https:\/\/sindicatodosbancarios.org.br\/site2022\/wp-json\/wp\/v2\/users\/2"}],"replies":[{"embeddable":true,"href":"https:\/\/sindicatodosbancarios.org.br\/site2022\/wp-json\/wp\/v2\/comments?post=3158"}],"version-history":[{"count":1,"href":"https:\/\/sindicatodosbancarios.org.br\/site2022\/wp-json\/wp\/v2\/posts\/3158\/revisions"}],"predecessor-version":[{"id":3160,"href":"https:\/\/sindicatodosbancarios.org.br\/site2022\/wp-json\/wp\/v2\/posts\/3158\/revisions\/3160"}],"wp:featuredmedia":[{"embeddable":true,"href":"https:\/\/sindicatodosbancarios.org.br\/site2022\/wp-json\/wp\/v2\/media\/3159"}],"wp:attachment":[{"href":"https:\/\/sindicatodosbancarios.org.br\/site2022\/wp-json\/wp\/v2\/media?parent=3158"}],"wp:term":[{"taxonomy":"category","embeddable":true,"href":"https:\/\/sindicatodosbancarios.org.br\/site2022\/wp-json\/wp\/v2\/categories?post=3158"},{"taxonomy":"post_tag","embeddable":true,"href":"https:\/\/sindicatodosbancarios.org.br\/site2022\/wp-json\/wp\/v2\/tags?post=3158"}],"curies":[{"name":"wp","href":"https:\/\/api.w.org\/{rel}","templated":true}]}}