{"id":3164,"date":"2019-11-06T15:32:10","date_gmt":"2019-11-06T18:32:10","guid":{"rendered":"https:\/\/sindicatodosbancarios.org.br\/?p=3164"},"modified":"2019-11-06T15:34:25","modified_gmt":"2019-11-06T18:34:25","slug":"informe-bancario-067-2019-multa-do-fgts-sera-menor-em-novo-modelo-de-contratacao-que-sera-lancado-pelo-novo-governo","status":"publish","type":"post","link":"https:\/\/sindicatodosbancarios.org.br\/site2022\/2019\/11\/06\/informe-bancario-067-2019-multa-do-fgts-sera-menor-em-novo-modelo-de-contratacao-que-sera-lancado-pelo-novo-governo\/","title":{"rendered":"INFORME BANC\u00c1RIO &#8211; 067\/2019 &#8211; MULTA DO FGTS SER\u00c1 MENOR EM NOVO MODELO DE CONTRATA\u00c7\u00c3O  QUE SER\u00c1 LAN\u00c7ADO PELO GOVERNO"},"content":{"rendered":"<p>O novo modelo de contrata\u00e7\u00e3o que ser\u00e1 lan\u00e7ado pelo governo deve prever uma multa menor sobre o Fundo de Garantia do Tempo de Servi\u00e7o (FGTS) em caso de demiss\u00e3o sem justa causa, segundo apurou o Estad\u00e3o\/Broadcast. Hoje, a multa \u00e9 de 40%, mas deve cair para 20% nos contratos do Trabalho Verde e Amarelo, como vem sendo chamado o programa do governo para estimular a gera\u00e7\u00e3o de empregos no Pa\u00eds.<\/p>\n<p>O governo vinha discutindo manter o porcentual da multa como \u00e9 hoje, mas agora prev\u00ea a redu\u00e7\u00e3o para tentar dar um est\u00edmulo adicional \u00e0 gera\u00e7\u00e3o de novas vagas. O programa tamb\u00e9m vai livrar as empresas de pagar a contribui\u00e7\u00e3o patronal para o Instituto Nacional do Seguro Social (INSS), de 20% sobre a folha, e as al\u00edquotas do Sistema S, do sal\u00e1rio-educa\u00e7\u00e3o e do Incra. A contribui\u00e7\u00e3o mensal para o fundo de garantia, o FGTS, ser\u00e1 de 2%, menos que os 8% dos atuais contratos de trabalho.<\/p>\n<p>Como mostrou o Estad\u00e3o\/Broadcast, a nova modalidade ser\u00e1 restrita a jovens de 18 a 29 anos no primeiro emprego e a pessoas com mais de 55 anos. Tamb\u00e9m haver\u00e1 um limite de remunera\u00e7\u00e3o, de 1,5 sal\u00e1rio m\u00ednimo (equivalente hoje a R$ 1.497).<\/p>\n<p>Ao limitar a faixa salarial para o programa, a equipe econ\u00f4mica pretende impedir que os benef\u00edcios sejam destinados a contrata\u00e7\u00f5es de profissionais que encontram trabalho com maior facilidade. O objetivo \u00e9 dar oportunidade a pessoas com menor qualifica\u00e7\u00e3o que est\u00e3o com dificuldades para conseguir uma vaga formal no mercado.<\/p>\n<p>Para serem contratados pelo programa, os jovens n\u00e3o poder\u00e3o ter v\u00ednculo empregat\u00edcio formal anterior, a n\u00e3o ser em caso de menor aprendiz, contrato de experi\u00eancia, intermitente e avulso. Os maiores de 55 anos, por sua vez, n\u00e3o podem ser aposentados.<\/p>\n<p><strong>Trava<\/strong><\/p>\n<p>Para evitar substitui\u00e7\u00e3o da m\u00e3o de obra atual pelo Trabalho Verde e Amarelo, o governo deve prever uma esp\u00e9cie de trava para as empresas, que s\u00f3 poder\u00e3o contratar pelo programa pessoas acima do n\u00famero de funcion\u00e1rios que havia em um dado momento a ser definido pelo texto. Ou seja, s\u00f3 poder\u00e1 contratar para ampliar sua for\u00e7a de trabalho.<\/p>\n<p>Al\u00e9m disso, as empresas devem ter um limite de contrata\u00e7\u00f5es pelo Trabalho Verde e Amarelo, de acordo com o porte da companhia.<\/p>\n<p>A desonera\u00e7\u00e3o total da folha ter\u00e1 dura\u00e7\u00e3o de at\u00e9 24 meses. Caso a empresa deseje manter o profissional depois desse per\u00edodo, est\u00e1 em estudo uma transi\u00e7\u00e3o, com uma esp\u00e9cie de escada para que a companhia retome aos poucos o pagamento das contribui\u00e7\u00f5es sobre a folha. A avalia\u00e7\u00e3o \u00e9 de que, se a empresa estiver disposta a manter o profissional em seus quadros, retomar a cobran\u00e7a dos encargos toda de uma vez poderia desestimul\u00e1-la a tomar essa decis\u00e3o.<\/p>\n<p>A equipe econ\u00f4mica tem trabalhado nos \u00faltimos dias para fechar texto final do programa, que deve ser criado por meio de medida provis\u00f3ria, com vig\u00eancia imediata.<\/p>\n<p>O programa deve ser lan\u00e7ado hoje no Pal\u00e1cio do Planalto. As elevadas taxas de desemprego ainda s\u00e3o o calcanhar de aquiles do presidente Jair Bolsonaro. No \u00faltimo fim de semana, ele comemorou a gera\u00e7\u00e3o de 100 mil vagas por m\u00eas em m\u00e9dia em 2019, mas disse que o n\u00famero ainda \u00e9 baixo. As informa\u00e7\u00f5es s\u00e3o do jornal O Estado de S. Paulo.<\/p>\n<p><span style=\"font-size: 8pt;\">fonte:<img class=\"img-agency loaded\" src=\"https:\/\/conteudo.imguol.com.br\/c\/agencias\/ultnot\/estadao.png\" alt=\"\" data-src=\"https:\/\/conteudo.imguol.com.br\/c\/agencias\/ultnot\/estadao.png\" data-crazyload=\"loaded\" \/>\/Uol\u00a006\/11\/2019; Bras\u00edlia<\/span><\/p>\n<p class=\"p-author time\">\n","protected":false},"excerpt":{"rendered":"<p>O novo modelo de contrata\u00e7\u00e3o que ser\u00e1 lan\u00e7ado pelo governo deve prever uma multa menor sobre o Fundo [&hellip;]<\/p>\n","protected":false},"author":2,"featured_media":3171,"comment_status":"open","ping_status":"open","sticky":false,"template":"","format":"standard","meta":{"jetpack_post_was_ever_published":false,"jetpack_publicize_message":"","jetpack_is_tweetstorm":false,"jetpack_publicize_feature_enabled":true,"jetpack_social_post_already_shared":true,"jetpack_social_options":[]},"categories":[1],"tags":[],"jetpack_publicize_connections":[],"acf":[],"yoast_head":"<!-- This site is optimized with the Yoast SEO plugin v19.14 - https:\/\/yoast.com\/wordpress\/plugins\/seo\/ -->\n<title>INFORME BANC\u00c1RIO - 067\/2019 - MULTA DO FGTS SER\u00c1 MENOR EM NOVO MODELO DE CONTRATA\u00c7\u00c3O QUE SER\u00c1 LAN\u00c7ADO PELO GOVERNO - Sindicato dos Banc\u00e1rios de S\u00e3o Bento do Sul e Regi\u00e3o<\/title>\n<meta name=\"robots\" content=\"index, follow, max-snippet:-1, max-image-preview:large, max-video-preview:-1\" \/>\n<link rel=\"canonical\" href=\"https:\/\/sindicatodosbancarios.org.br\/site2022\/2019\/11\/06\/informe-bancario-067-2019-multa-do-fgts-sera-menor-em-novo-modelo-de-contratacao-que-sera-lancado-pelo-novo-governo\/\" \/>\n<meta property=\"og:locale\" content=\"pt_BR\" \/>\n<meta property=\"og:type\" content=\"article\" \/>\n<meta property=\"og:title\" content=\"INFORME BANC\u00c1RIO - 067\/2019 - MULTA DO FGTS SER\u00c1 MENOR EM NOVO MODELO DE CONTRATA\u00c7\u00c3O QUE SER\u00c1 LAN\u00c7ADO PELO GOVERNO - Sindicato dos Banc\u00e1rios de S\u00e3o Bento do Sul e Regi\u00e3o\" \/>\n<meta property=\"og:description\" content=\"O novo modelo de contrata\u00e7\u00e3o que ser\u00e1 lan\u00e7ado pelo governo deve prever uma multa menor sobre o Fundo [&hellip;]\" \/>\n<meta property=\"og:url\" content=\"https:\/\/sindicatodosbancarios.org.br\/site2022\/2019\/11\/06\/informe-bancario-067-2019-multa-do-fgts-sera-menor-em-novo-modelo-de-contratacao-que-sera-lancado-pelo-novo-governo\/\" \/>\n<meta property=\"og:site_name\" content=\"Sindicato dos Banc\u00e1rios de S\u00e3o Bento do Sul e Regi\u00e3o\" \/>\n<meta property=\"article:author\" content=\"https:\/\/www.facebook.com\/seeb.sbs.9\" \/>\n<meta property=\"article:published_time\" content=\"2019-11-06T18:32:10+00:00\" \/>\n<meta property=\"article:modified_time\" content=\"2019-11-06T18:34:25+00:00\" \/>\n<meta property=\"og:image\" content=\"https:\/\/sindicatodosbancarios.org.br\/site2022\/wp-content\/uploads\/2019\/11\/fgts-imagem-3.jpg\" \/>\n\t<meta property=\"og:image:width\" content=\"339\" \/>\n\t<meta property=\"og:image:height\" content=\"149\" \/>\n\t<meta property=\"og:image:type\" content=\"image\/jpeg\" \/>\n<meta name=\"author\" content=\"Sindicato dos Banc\u00e1rios S\u00e3o Bento do Sul e Regi\u00e3o\" \/>\n<meta name=\"twitter:card\" content=\"summary_large_image\" \/>\n<meta name=\"twitter:label1\" content=\"Escrito por\" \/>\n\t<meta name=\"twitter:data1\" content=\"Sindicato dos Banc\u00e1rios S\u00e3o Bento do Sul e Regi\u00e3o\" \/>\n\t<meta name=\"twitter:label2\" content=\"Est. tempo de leitura\" \/>\n\t<meta name=\"twitter:data2\" content=\"3 minutos\" \/>\n<script type=\"application\/ld+json\" class=\"yoast-schema-graph\">{\"@context\":\"https:\/\/schema.org\",\"@graph\":[{\"@type\":\"Article\",\"@id\":\"https:\/\/sindicatodosbancarios.org.br\/site2022\/2019\/11\/06\/informe-bancario-067-2019-multa-do-fgts-sera-menor-em-novo-modelo-de-contratacao-que-sera-lancado-pelo-novo-governo\/#article\",\"isPartOf\":{\"@id\":\"https:\/\/sindicatodosbancarios.org.br\/site2022\/2019\/11\/06\/informe-bancario-067-2019-multa-do-fgts-sera-menor-em-novo-modelo-de-contratacao-que-sera-lancado-pelo-novo-governo\/\"},\"author\":{\"name\":\"Sindicato dos Banc\u00e1rios S\u00e3o Bento do Sul e Regi\u00e3o\",\"@id\":\"https:\/\/sindicatodosbancarios.org.br\/site2022\/#\/schema\/person\/a7d92da77d1084df4d28b57962f1e1bd\"},\"headline\":\"INFORME BANC\u00c1RIO &#8211; 067\/2019 &#8211; MULTA DO FGTS SER\u00c1 MENOR EM NOVO MODELO DE CONTRATA\u00c7\u00c3O QUE SER\u00c1 LAN\u00c7ADO PELO GOVERNO\",\"datePublished\":\"2019-11-06T18:32:10+00:00\",\"dateModified\":\"2019-11-06T18:34:25+00:00\",\"mainEntityOfPage\":{\"@id\":\"https:\/\/sindicatodosbancarios.org.br\/site2022\/2019\/11\/06\/informe-bancario-067-2019-multa-do-fgts-sera-menor-em-novo-modelo-de-contratacao-que-sera-lancado-pelo-novo-governo\/\"},\"wordCount\":605,\"commentCount\":0,\"publisher\":{\"@id\":\"https:\/\/sindicatodosbancarios.org.br\/site2022\/#organization\"},\"articleSection\":[\"Geral\"],\"inLanguage\":\"pt-BR\",\"potentialAction\":[{\"@type\":\"CommentAction\",\"name\":\"Comment\",\"target\":[\"https:\/\/sindicatodosbancarios.org.br\/site2022\/2019\/11\/06\/informe-bancario-067-2019-multa-do-fgts-sera-menor-em-novo-modelo-de-contratacao-que-sera-lancado-pelo-novo-governo\/#respond\"]}]},{\"@type\":\"WebPage\",\"@id\":\"https:\/\/sindicatodosbancarios.org.br\/site2022\/2019\/11\/06\/informe-bancario-067-2019-multa-do-fgts-sera-menor-em-novo-modelo-de-contratacao-que-sera-lancado-pelo-novo-governo\/\",\"url\":\"https:\/\/sindicatodosbancarios.org.br\/site2022\/2019\/11\/06\/informe-bancario-067-2019-multa-do-fgts-sera-menor-em-novo-modelo-de-contratacao-que-sera-lancado-pelo-novo-governo\/\",\"name\":\"INFORME BANC\u00c1RIO - 067\/2019 - MULTA DO FGTS SER\u00c1 MENOR EM NOVO MODELO DE CONTRATA\u00c7\u00c3O QUE SER\u00c1 LAN\u00c7ADO PELO GOVERNO - Sindicato dos Banc\u00e1rios de S\u00e3o Bento do Sul e Regi\u00e3o\",\"isPartOf\":{\"@id\":\"https:\/\/sindicatodosbancarios.org.br\/site2022\/#website\"},\"datePublished\":\"2019-11-06T18:32:10+00:00\",\"dateModified\":\"2019-11-06T18:34:25+00:00\",\"breadcrumb\":{\"@id\":\"https:\/\/sindicatodosbancarios.org.br\/site2022\/2019\/11\/06\/informe-bancario-067-2019-multa-do-fgts-sera-menor-em-novo-modelo-de-contratacao-que-sera-lancado-pelo-novo-governo\/#breadcrumb\"},\"inLanguage\":\"pt-BR\",\"potentialAction\":[{\"@type\":\"ReadAction\",\"target\":[\"https:\/\/sindicatodosbancarios.org.br\/site2022\/2019\/11\/06\/informe-bancario-067-2019-multa-do-fgts-sera-menor-em-novo-modelo-de-contratacao-que-sera-lancado-pelo-novo-governo\/\"]}]},{\"@type\":\"BreadcrumbList\",\"@id\":\"https:\/\/sindicatodosbancarios.org.br\/site2022\/2019\/11\/06\/informe-bancario-067-2019-multa-do-fgts-sera-menor-em-novo-modelo-de-contratacao-que-sera-lancado-pelo-novo-governo\/#breadcrumb\",\"itemListElement\":[{\"@type\":\"ListItem\",\"position\":1,\"name\":\"In\u00edcio\",\"item\":\"https:\/\/sindicatodosbancarios.org.br\/site2022\/\"},{\"@type\":\"ListItem\",\"position\":2,\"name\":\"INFORME BANC\u00c1RIO &#8211; 067\/2019 &#8211; MULTA DO FGTS SER\u00c1 MENOR EM NOVO MODELO DE CONTRATA\u00c7\u00c3O QUE SER\u00c1 LAN\u00c7ADO PELO GOVERNO\"}]},{\"@type\":\"WebSite\",\"@id\":\"https:\/\/sindicatodosbancarios.org.br\/site2022\/#website\",\"url\":\"https:\/\/sindicatodosbancarios.org.br\/site2022\/\",\"name\":\"Sindicato dos Banc\u00e1rios de S\u00e3o Bento do Sul e Regi\u00e3o\",\"description\":\"Website institucional do Sindicato dos Banc\u00e1rios de S\u00e3o Bento do Sul e Regi\u00e3o\",\"publisher\":{\"@id\":\"https:\/\/sindicatodosbancarios.org.br\/site2022\/#organization\"},\"potentialAction\":[{\"@type\":\"SearchAction\",\"target\":{\"@type\":\"EntryPoint\",\"urlTemplate\":\"https:\/\/sindicatodosbancarios.org.br\/site2022\/?s={search_term_string}\"},\"query-input\":\"required name=search_term_string\"}],\"inLanguage\":\"pt-BR\"},{\"@type\":\"Organization\",\"@id\":\"https:\/\/sindicatodosbancarios.org.br\/site2022\/#organization\",\"name\":\"Sindicato dos Banc\u00e1rios de S\u00e3o Bento do Sul e Regi\u00e3o\",\"url\":\"https:\/\/sindicatodosbancarios.org.br\/site2022\/\",\"logo\":{\"@type\":\"ImageObject\",\"inLanguage\":\"pt-BR\",\"@id\":\"https:\/\/sindicatodosbancarios.org.br\/site2022\/#\/schema\/logo\/image\/\",\"url\":\"https:\/\/sindicatodosbancarios.org.br\/site2022\/wp-content\/uploads\/2017\/06\/cropped-logo-2.png\",\"contentUrl\":\"https:\/\/sindicatodosbancarios.org.br\/site2022\/wp-content\/uploads\/2017\/06\/cropped-logo-2.png\",\"width\":292,\"height\":292,\"caption\":\"Sindicato dos Banc\u00e1rios de S\u00e3o Bento do Sul e Regi\u00e3o\"},\"image\":{\"@id\":\"https:\/\/sindicatodosbancarios.org.br\/site2022\/#\/schema\/logo\/image\/\"}},{\"@type\":\"Person\",\"@id\":\"https:\/\/sindicatodosbancarios.org.br\/site2022\/#\/schema\/person\/a7d92da77d1084df4d28b57962f1e1bd\",\"name\":\"Sindicato dos Banc\u00e1rios S\u00e3o Bento do Sul e Regi\u00e3o\",\"image\":{\"@type\":\"ImageObject\",\"inLanguage\":\"pt-BR\",\"@id\":\"https:\/\/sindicatodosbancarios.org.br\/site2022\/#\/schema\/person\/image\/\",\"url\":\"https:\/\/secure.gravatar.com\/avatar\/f1d1a06f698f2345352e539387180d42?s=96&d=mm&r=g\",\"contentUrl\":\"https:\/\/secure.gravatar.com\/avatar\/f1d1a06f698f2345352e539387180d42?s=96&d=mm&r=g\",\"caption\":\"Sindicato dos Banc\u00e1rios S\u00e3o Bento do Sul e Regi\u00e3o\"},\"sameAs\":[\"http:\/\/sindicatodosbancarios.org.br\/site2022\/\",\"https:\/\/www.facebook.com\/seeb.sbs.9\"],\"url\":\"https:\/\/sindicatodosbancarios.org.br\/site2022\/author\/sindicatodosbancarios\/\"}]}<\/script>\n<!-- \/ Yoast SEO plugin. -->","yoast_head_json":{"title":"INFORME BANC\u00c1RIO - 067\/2019 - MULTA DO FGTS SER\u00c1 MENOR EM NOVO MODELO DE CONTRATA\u00c7\u00c3O QUE SER\u00c1 LAN\u00c7ADO PELO GOVERNO - Sindicato dos Banc\u00e1rios de S\u00e3o Bento do Sul e Regi\u00e3o","robots":{"index":"index","follow":"follow","max-snippet":"max-snippet:-1","max-image-preview":"max-image-preview:large","max-video-preview":"max-video-preview:-1"},"canonical":"https:\/\/sindicatodosbancarios.org.br\/site2022\/2019\/11\/06\/informe-bancario-067-2019-multa-do-fgts-sera-menor-em-novo-modelo-de-contratacao-que-sera-lancado-pelo-novo-governo\/","og_locale":"pt_BR","og_type":"article","og_title":"INFORME BANC\u00c1RIO - 067\/2019 - MULTA DO FGTS SER\u00c1 MENOR EM NOVO MODELO DE CONTRATA\u00c7\u00c3O QUE SER\u00c1 LAN\u00c7ADO PELO GOVERNO - Sindicato dos Banc\u00e1rios de S\u00e3o Bento do Sul e Regi\u00e3o","og_description":"O novo modelo de contrata\u00e7\u00e3o que ser\u00e1 lan\u00e7ado pelo governo deve prever uma multa menor sobre o Fundo [&hellip;]","og_url":"https:\/\/sindicatodosbancarios.org.br\/site2022\/2019\/11\/06\/informe-bancario-067-2019-multa-do-fgts-sera-menor-em-novo-modelo-de-contratacao-que-sera-lancado-pelo-novo-governo\/","og_site_name":"Sindicato dos Banc\u00e1rios de S\u00e3o Bento do Sul e Regi\u00e3o","article_author":"https:\/\/www.facebook.com\/seeb.sbs.9","article_published_time":"2019-11-06T18:32:10+00:00","article_modified_time":"2019-11-06T18:34:25+00:00","og_image":[{"width":339,"height":149,"url":"https:\/\/sindicatodosbancarios.org.br\/site2022\/wp-content\/uploads\/2019\/11\/fgts-imagem-3.jpg","type":"image\/jpeg"}],"author":"Sindicato dos Banc\u00e1rios S\u00e3o Bento do Sul e Regi\u00e3o","twitter_card":"summary_large_image","twitter_misc":{"Escrito por":"Sindicato dos Banc\u00e1rios S\u00e3o Bento do Sul e Regi\u00e3o","Est. tempo de leitura":"3 minutos"},"schema":{"@context":"https:\/\/schema.org","@graph":[{"@type":"Article","@id":"https:\/\/sindicatodosbancarios.org.br\/site2022\/2019\/11\/06\/informe-bancario-067-2019-multa-do-fgts-sera-menor-em-novo-modelo-de-contratacao-que-sera-lancado-pelo-novo-governo\/#article","isPartOf":{"@id":"https:\/\/sindicatodosbancarios.org.br\/site2022\/2019\/11\/06\/informe-bancario-067-2019-multa-do-fgts-sera-menor-em-novo-modelo-de-contratacao-que-sera-lancado-pelo-novo-governo\/"},"author":{"name":"Sindicato dos Banc\u00e1rios S\u00e3o Bento do Sul e Regi\u00e3o","@id":"https:\/\/sindicatodosbancarios.org.br\/site2022\/#\/schema\/person\/a7d92da77d1084df4d28b57962f1e1bd"},"headline":"INFORME BANC\u00c1RIO &#8211; 067\/2019 &#8211; MULTA DO FGTS SER\u00c1 MENOR EM NOVO MODELO DE CONTRATA\u00c7\u00c3O QUE SER\u00c1 LAN\u00c7ADO PELO GOVERNO","datePublished":"2019-11-06T18:32:10+00:00","dateModified":"2019-11-06T18:34:25+00:00","mainEntityOfPage":{"@id":"https:\/\/sindicatodosbancarios.org.br\/site2022\/2019\/11\/06\/informe-bancario-067-2019-multa-do-fgts-sera-menor-em-novo-modelo-de-contratacao-que-sera-lancado-pelo-novo-governo\/"},"wordCount":605,"commentCount":0,"publisher":{"@id":"https:\/\/sindicatodosbancarios.org.br\/site2022\/#organization"},"articleSection":["Geral"],"inLanguage":"pt-BR","potentialAction":[{"@type":"CommentAction","name":"Comment","target":["https:\/\/sindicatodosbancarios.org.br\/site2022\/2019\/11\/06\/informe-bancario-067-2019-multa-do-fgts-sera-menor-em-novo-modelo-de-contratacao-que-sera-lancado-pelo-novo-governo\/#respond"]}]},{"@type":"WebPage","@id":"https:\/\/sindicatodosbancarios.org.br\/site2022\/2019\/11\/06\/informe-bancario-067-2019-multa-do-fgts-sera-menor-em-novo-modelo-de-contratacao-que-sera-lancado-pelo-novo-governo\/","url":"https:\/\/sindicatodosbancarios.org.br\/site2022\/2019\/11\/06\/informe-bancario-067-2019-multa-do-fgts-sera-menor-em-novo-modelo-de-contratacao-que-sera-lancado-pelo-novo-governo\/","name":"INFORME BANC\u00c1RIO - 067\/2019 - MULTA DO FGTS SER\u00c1 MENOR EM NOVO MODELO DE CONTRATA\u00c7\u00c3O QUE SER\u00c1 LAN\u00c7ADO PELO GOVERNO - Sindicato dos Banc\u00e1rios de S\u00e3o Bento do Sul e Regi\u00e3o","isPartOf":{"@id":"https:\/\/sindicatodosbancarios.org.br\/site2022\/#website"},"datePublished":"2019-11-06T18:32:10+00:00","dateModified":"2019-11-06T18:34:25+00:00","breadcrumb":{"@id":"https:\/\/sindicatodosbancarios.org.br\/site2022\/2019\/11\/06\/informe-bancario-067-2019-multa-do-fgts-sera-menor-em-novo-modelo-de-contratacao-que-sera-lancado-pelo-novo-governo\/#breadcrumb"},"inLanguage":"pt-BR","potentialAction":[{"@type":"ReadAction","target":["https:\/\/sindicatodosbancarios.org.br\/site2022\/2019\/11\/06\/informe-bancario-067-2019-multa-do-fgts-sera-menor-em-novo-modelo-de-contratacao-que-sera-lancado-pelo-novo-governo\/"]}]},{"@type":"BreadcrumbList","@id":"https:\/\/sindicatodosbancarios.org.br\/site2022\/2019\/11\/06\/informe-bancario-067-2019-multa-do-fgts-sera-menor-em-novo-modelo-de-contratacao-que-sera-lancado-pelo-novo-governo\/#breadcrumb","itemListElement":[{"@type":"ListItem","position":1,"name":"In\u00edcio","item":"https:\/\/sindicatodosbancarios.org.br\/site2022\/"},{"@type":"ListItem","position":2,"name":"INFORME BANC\u00c1RIO &#8211; 067\/2019 &#8211; MULTA DO FGTS SER\u00c1 MENOR EM NOVO MODELO DE CONTRATA\u00c7\u00c3O QUE SER\u00c1 LAN\u00c7ADO PELO GOVERNO"}]},{"@type":"WebSite","@id":"https:\/\/sindicatodosbancarios.org.br\/site2022\/#website","url":"https:\/\/sindicatodosbancarios.org.br\/site2022\/","name":"Sindicato dos Banc\u00e1rios de S\u00e3o Bento do Sul e Regi\u00e3o","description":"Website institucional do Sindicato dos Banc\u00e1rios de S\u00e3o Bento do Sul e Regi\u00e3o","publisher":{"@id":"https:\/\/sindicatodosbancarios.org.br\/site2022\/#organization"},"potentialAction":[{"@type":"SearchAction","target":{"@type":"EntryPoint","urlTemplate":"https:\/\/sindicatodosbancarios.org.br\/site2022\/?s={search_term_string}"},"query-input":"required name=search_term_string"}],"inLanguage":"pt-BR"},{"@type":"Organization","@id":"https:\/\/sindicatodosbancarios.org.br\/site2022\/#organization","name":"Sindicato dos Banc\u00e1rios de S\u00e3o Bento do Sul e Regi\u00e3o","url":"https:\/\/sindicatodosbancarios.org.br\/site2022\/","logo":{"@type":"ImageObject","inLanguage":"pt-BR","@id":"https:\/\/sindicatodosbancarios.org.br\/site2022\/#\/schema\/logo\/image\/","url":"https:\/\/sindicatodosbancarios.org.br\/site2022\/wp-content\/uploads\/2017\/06\/cropped-logo-2.png","contentUrl":"https:\/\/sindicatodosbancarios.org.br\/site2022\/wp-content\/uploads\/2017\/06\/cropped-logo-2.png","width":292,"height":292,"caption":"Sindicato dos Banc\u00e1rios de S\u00e3o Bento do Sul e Regi\u00e3o"},"image":{"@id":"https:\/\/sindicatodosbancarios.org.br\/site2022\/#\/schema\/logo\/image\/"}},{"@type":"Person","@id":"https:\/\/sindicatodosbancarios.org.br\/site2022\/#\/schema\/person\/a7d92da77d1084df4d28b57962f1e1bd","name":"Sindicato dos Banc\u00e1rios S\u00e3o Bento do Sul e Regi\u00e3o","image":{"@type":"ImageObject","inLanguage":"pt-BR","@id":"https:\/\/sindicatodosbancarios.org.br\/site2022\/#\/schema\/person\/image\/","url":"https:\/\/secure.gravatar.com\/avatar\/f1d1a06f698f2345352e539387180d42?s=96&d=mm&r=g","contentUrl":"https:\/\/secure.gravatar.com\/avatar\/f1d1a06f698f2345352e539387180d42?s=96&d=mm&r=g","caption":"Sindicato dos Banc\u00e1rios S\u00e3o Bento do Sul e Regi\u00e3o"},"sameAs":["http:\/\/sindicatodosbancarios.org.br\/site2022\/","https:\/\/www.facebook.com\/seeb.sbs.9"],"url":"https:\/\/sindicatodosbancarios.org.br\/site2022\/author\/sindicatodosbancarios\/"}]}},"jetpack_featured_media_url":"https:\/\/sindicatodosbancarios.org.br\/site2022\/wp-content\/uploads\/2019\/11\/fgts-imagem-3.jpg","jetpack_sharing_enabled":true,"jetpack_shortlink":"https:\/\/wp.me\/p8RSbI-P2","jetpack-related-posts":[{"id":5623,"url":"https:\/\/sindicatodosbancarios.org.br\/site2022\/2021\/08\/19\/informe-bancario-195-2021-camara-conclui-aprovacao-de-nova-reforma-trabalhista-texto-vai-ao-senado\/","url_meta":{"origin":3164,"position":0},"title":"INFORME BANC\u00c1RIO \u2013 195\/2021 C\u00e2mara conclui aprova\u00e7\u00e3o de nova reforma trabalhista; texto vai ao Senado","date":"19 de agosto de 2021","format":false,"excerpt":"A C\u00e2mara dos Deputados concluiu nesta quinta-feira (12) a vota\u00e7\u00e3o de uma nova reforma trabalhista, mudando uma s\u00e9rie de regras para os trabalhadores. O texto-base da proposta j\u00e1 havia sido aprovado na ter\u00e7a, e agora os deputados conclu\u00edram a vota\u00e7\u00e3o de destaques, que s\u00e3o mudan\u00e7as no texto. Todos eles foram\u2026","rel":"","context":"Em &quot;Geral&quot;","img":{"alt_text":"","src":"https:\/\/i0.wp.com\/sindicatodosbancarios.org.br\/site2022\/wp-content\/uploads\/2021\/08\/Nova-reforma-trabalhista-com-reducao-de-salarios-750x450.jpeg?resize=350%2C200&ssl=1","width":350,"height":200},"classes":[]},{"id":6250,"url":"https:\/\/sindicatodosbancarios.org.br\/site2022\/2022\/04\/06\/informe-bancario-35-2022-governo-publica-novas-regras-para-vale-alimentacao-e-vale-refeicao-veja\/","url_meta":{"origin":3164,"position":1},"title":"INFORME BANC\u00c1RIO \u2013 35\/2022 Governo publica novas regras para vale-alimenta\u00e7\u00e3o e vale-refei\u00e7\u00e3o; veja","date":"6 de abril de 2022","format":false,"excerpt":"O governo publicou na edi\u00e7\u00e3o desta segunda-feira (28) do Di\u00e1rio Oficial da Uni\u00e3o as novas regras para o vale-alimenta\u00e7\u00e3o e vale-refei\u00e7\u00e3o dos trabalhadores. A partir de agora, o benef\u00edcio poder\u00e1 ser usado apenas para a compra de refei\u00e7\u00f5es e alimentos \u2014o governo alega que antes ele era destinado a servi\u00e7os\u2026","rel":"","context":"Em &quot;Geral&quot;","img":{"alt_text":"","src":"https:\/\/i0.wp.com\/sindicatodosbancarios.org.br\/site2022\/wp-content\/uploads\/2022\/04\/original-1cf99c36e61cf20e4ec25821fc1eeb70.jpg?resize=350%2C200&ssl=1","width":350,"height":200},"classes":[]},{"id":6247,"url":"https:\/\/sindicatodosbancarios.org.br\/site2022\/2022\/04\/06\/informe-bancario-34-2022-comecam-a-valer-novas-regras-que-permitem-trabalho-hibrido-e-por-producao\/","url_meta":{"origin":3164,"position":2},"title":"INFORME BANC\u00c1RIO \u2013 34\/2022 Come\u00e7am a valer novas regras que permitem trabalho h\u00edbrido e por produ\u00e7\u00e3o","date":"6 de abril de 2022","format":false,"excerpt":"O governo publicou nesta segunda-feira (28) o texto da MP (Medida Provis\u00f3ria) que traz uma s\u00e9rie de mudan\u00e7as para os trabalhadores. Dentre elas, permiss\u00e3o para trabalho h\u00edbrido (presencial e remoto) e cria\u00e7\u00e3o do contrato de trabalho por produ\u00e7\u00e3o ou tarefa, sem controle da jornada de trabalho. H\u00e1 ainda a\u00e7\u00f5es que\u2026","rel":"","context":"Em &quot;Geral&quot;","img":{"alt_text":"","src":"https:\/\/i0.wp.com\/sindicatodosbancarios.org.br\/site2022\/wp-content\/uploads\/2022\/04\/shutterstock_2044486847-scaled.jpg?resize=350%2C200&ssl=1","width":350,"height":200},"classes":[]},{"id":5671,"url":"https:\/\/sindicatodosbancarios.org.br\/site2022\/2021\/09\/02\/informe-bancario-209-2021-reforma-trabalhista-rejeitada-veja-pontos-positivos-e-negativos\/","url_meta":{"origin":3164,"position":3},"title":"INFORME BANC\u00c1RIO \u2013 209\/2021 Reforma trabalhista rejeitada: veja pontos positivos e negativos","date":"2 de setembro de 2021","format":false,"excerpt":"O Senado rejeitou na noite desta quarta-feira (01), medida provis\u00f3ria que mudava uma s\u00e9rie de regras para os trabalhadores. A proposta havia sido aprovada pela C\u00e2mara dos Deputados, mas foi rejeitada pelo Senado, em uma derrota ao governo. Oposi\u00e7\u00e3o e sindicatos fizeram cr\u00edticas \u00e0s mudan\u00e7as que a MP trazia, dizendo\u2026","rel":"","context":"Em &quot;Geral&quot;","img":{"alt_text":"","src":"https:\/\/i0.wp.com\/sindicatodosbancarios.org.br\/site2022\/wp-content\/uploads\/2021\/09\/unnamed.jpg?resize=350%2C200&ssl=1","width":350,"height":200},"classes":[]},{"id":5420,"url":"https:\/\/sindicatodosbancarios.org.br\/site2022\/2021\/06\/01\/informe-bancario-131-2021-fgts-inss-ferias-e-13o-o-que-muda-com-a-reducao-de-jornada-e-suspensao-dos-contratos-de-trabalho\/","url_meta":{"origin":3164,"position":4},"title":"INFORME BANC\u00c1RIO \u2013 131\/2021 FGTS, INSS, f\u00e9rias e 13\u00ba: o que muda com a redu\u00e7\u00e3o de jornada e suspens\u00e3o dos contratos de trabalho","date":"1 de junho de 2021","format":false,"excerpt":"Recolhimento do FGTS, por exemplo, passa a ser calculado sobre o sal\u00e1rio reduzido em casos de diminui\u00e7\u00e3o de jornada. O governo relan\u00e7ou, no final de abril, duas Medidas Provis\u00f3rias (MPs) que permitem a\u00a0redu\u00e7\u00e3o da jornada e a suspens\u00e3o dos contratos de trabalho\u00a0e trazem medidas que\u00a0flexibilizam regras trabalhistas referentes a direitos\u2026","rel":"","context":"Em &quot;Geral&quot;","img":{"alt_text":"","src":"https:\/\/i0.wp.com\/sindicatodosbancarios.org.br\/site2022\/wp-content\/uploads\/2020\/11\/Justificando-Ventura-Pedroza-Carteira-de-trabalho-coronavirus.png?resize=350%2C200&ssl=1","width":350,"height":200},"classes":[]},{"id":5728,"url":"https:\/\/sindicatodosbancarios.org.br\/site2022\/2021\/10\/07\/informe-bancario-228-2021-4-anos-depois-reforma-trabalhista-nao-gerou-boom-de-empregos-prometido\/","url_meta":{"origin":3164,"position":5},"title":"INFORME BANC\u00c1RIO \u2013 228\/2021 4 anos depois, reforma trabalhista n\u00e3o gerou &#8216;boom&#8217; de empregos prometido","date":"7 de outubro de 2021","format":false,"excerpt":"Quase quatro anos \u2014e uma pandemia\u2014 depois de a reforma trabalhista do governo Michel Temer entrar em vigor, o \"boom\" de empregos prometido n\u00e3o se concretizou. Na \u00e9poca, o governo chegou a falar em dois milh\u00f5es de vagas em dois anos, e seis milh\u00f5es em dez anos. Dados do IBGE\u2026","rel":"","context":"Em &quot;Geral&quot;","img":{"alt_text":"","src":"https:\/\/i0.wp.com\/sindicatodosbancarios.org.br\/site2022\/wp-content\/uploads\/2021\/10\/reforma-e1543516064120.jpg?resize=350%2C200&ssl=1","width":350,"height":200},"classes":[]}],"_links":{"self":[{"href":"https:\/\/sindicatodosbancarios.org.br\/site2022\/wp-json\/wp\/v2\/posts\/3164"}],"collection":[{"href":"https:\/\/sindicatodosbancarios.org.br\/site2022\/wp-json\/wp\/v2\/posts"}],"about":[{"href":"https:\/\/sindicatodosbancarios.org.br\/site2022\/wp-json\/wp\/v2\/types\/post"}],"author":[{"embeddable":true,"href":"https:\/\/sindicatodosbancarios.org.br\/site2022\/wp-json\/wp\/v2\/users\/2"}],"replies":[{"embeddable":true,"href":"https:\/\/sindicatodosbancarios.org.br\/site2022\/wp-json\/wp\/v2\/comments?post=3164"}],"version-history":[{"count":4,"href":"https:\/\/sindicatodosbancarios.org.br\/site2022\/wp-json\/wp\/v2\/posts\/3164\/revisions"}],"predecessor-version":[{"id":3173,"href":"https:\/\/sindicatodosbancarios.org.br\/site2022\/wp-json\/wp\/v2\/posts\/3164\/revisions\/3173"}],"wp:featuredmedia":[{"embeddable":true,"href":"https:\/\/sindicatodosbancarios.org.br\/site2022\/wp-json\/wp\/v2\/media\/3171"}],"wp:attachment":[{"href":"https:\/\/sindicatodosbancarios.org.br\/site2022\/wp-json\/wp\/v2\/media?parent=3164"}],"wp:term":[{"taxonomy":"category","embeddable":true,"href":"https:\/\/sindicatodosbancarios.org.br\/site2022\/wp-json\/wp\/v2\/categories?post=3164"},{"taxonomy":"post_tag","embeddable":true,"href":"https:\/\/sindicatodosbancarios.org.br\/site2022\/wp-json\/wp\/v2\/tags?post=3164"}],"curies":[{"name":"wp","href":"https:\/\/api.w.org\/{rel}","templated":true}]}}