{"id":3187,"date":"2019-11-12T14:57:36","date_gmt":"2019-11-12T17:57:36","guid":{"rendered":"https:\/\/sindicatodosbancarios.org.br\/?p=3187"},"modified":"2019-11-12T16:01:49","modified_gmt":"2019-11-12T19:01:49","slug":"informe-bancario-071-2019-congresso-conclui-sessao-de-promulgacao-da-reforma-da-previdencia","status":"publish","type":"post","link":"https:\/\/sindicatodosbancarios.org.br\/site2022\/2019\/11\/12\/informe-bancario-071-2019-congresso-conclui-sessao-de-promulgacao-da-reforma-da-previdencia\/","title":{"rendered":"INFORME BANC\u00c1RIO- 071\/2019 &#8211; COMO DEVE SER O PROGRAMA VERDE AMARELO QUE O GOVERNO LAN\u00c7A NESTA SEGUNDA-FEIRA"},"content":{"rendered":"<p class=\"p-author time\">O governo lan\u00e7a nesta segunda-feira, 11, sua maior ofensiva para a cria\u00e7\u00e3o de empregos. Batizado de &#8220;Programa Verde Amarelo&#8221;, ser\u00e1 anunciado pelo presidente da Rep\u00fablica, Jair Bolsonaro, em evento no Pal\u00e1cio do Planalto, \u00e0s 17 horas, do qual tamb\u00e9m participar\u00e3o ministros.<\/p>\n<p>Como mostraram o jornal O Estado de S. Paulo e o Broadcast (sistema de not\u00edcias em tempo real do Grupo Estado), o projeto ter\u00e1 foco em jovens de 18 a 29 anos e trabalhadores acima de 55 anos e prev\u00ea a redu\u00e7\u00e3o de encargos trabalhistas para os empregadores.<\/p>\n<p>O governo espera criar 4 milh\u00f5es de empregos nos pr\u00f3ximos tr\u00eas anos com os benef\u00edcios e a estimativa \u00e9 que o custo de contrata\u00e7\u00e3o seja reduzido em 32%.<\/p>\n<p><strong>Qual o objetivo do Programa Verde Amarelo?<\/strong><\/p>\n<p>As empresas que contratarem jovens de 18 a 29 anos e trabalhadores acima de 55 anos pagar\u00e3o menos impostos.<\/p>\n<p><strong>Ser\u00e1 poss\u00edvel contratar com qualquer sal\u00e1rio?<\/strong><\/p>\n<p>N\u00e3o. O governo deve estipular remunera\u00e7\u00e3o m\u00e1xima de 1,5 sal\u00e1rio m\u00ednimo (R$ 1.497) para evitar que as empresas usem a desonera\u00e7\u00e3o para a contrata\u00e7\u00e3o de funcion\u00e1rios qualificados, que t\u00eam menos dificuldade de achar emprego.<\/p>\n<p><strong>As empresas podem demitir os funcion\u00e1rios atuais para contratarem um &#8216;verde amarelo&#8217;?<\/strong><\/p>\n<p>N\u00e3o. O governo deve prever uma esp\u00e9cie de trava para as empresas, que s\u00f3 poder\u00e3o contratar pelo programa pessoas acima do n\u00famero de funcion\u00e1rios que havia em um dado momento a ser definido pelo texto. Ou seja, s\u00f3 poder\u00e1 contratar para ampliar sua for\u00e7a de trabalho. Al\u00e9m disso, as empresas devem ter um limite de contrata\u00e7\u00f5es pelo &#8220;Programa Verde Amarelo&#8221;, de acordo com o porte da companhia.<\/p>\n<p><strong>Mas ser\u00e1 poss\u00edvel substituir um trabalhador atual pelo novo modelo?<\/strong><\/p>\n<p>N\u00e3o. Se um trabalhador com mais de 55 anos for demitido, por exemplo, a ideia \u00e9 estipular um prazo de car\u00eancia at\u00e9 que ele possa se recontratado sob as novas regras. No caso dos jovens, o programa foca no primeiro emprego.<\/p>\n<p><strong>Quanto mais barato vai ficar contratar esses trabalhadores?<\/strong><\/p>\n<p>A estimativa \u00e9 de que o custo das contrata\u00e7\u00f5es sob o programa ficar\u00e1 32% menor do que \u00e9 hoje. O programa vai livrar as empresas de pagar a contribui\u00e7\u00e3o patronal para o INSS (de 20% sobre a folha) e as al\u00edquotas do Sistema S, do sal\u00e1rio-educa\u00e7\u00e3o e do Incra. A contribui\u00e7\u00e3o para o fundo de garantia, o FGTS, ser\u00e1 de 2%, menos que os 8% que s\u00e3o descontados dos atuais contratos de trabalho. O valor da multa ser\u00e1 de 20% sobre o saldo em caso de demiss\u00e3o sem justa causa &#8211; e n\u00e3o 40%, como \u00e9 para os demais contratos.<\/p>\n<p><strong>O programa tem dura\u00e7\u00e3o?<\/strong><\/p>\n<p>A desonera\u00e7\u00e3o total da folha ter\u00e1 dura\u00e7\u00e3o de at\u00e9 dois anos. Caso a empresa deseje manter o profissional depois desse per\u00edodo, pode haver uma transi\u00e7\u00e3o, com uma esp\u00e9cie de escada para que a companhia retome aos poucos o pagamento das contribui\u00e7\u00f5es sobre a folha. A avalia\u00e7\u00e3o \u00e9 de que, se a empresa estiver disposta a manter o profissional em seus quadros, retomar a cobran\u00e7a dos encargos toda de uma vez poderia desestimul\u00e1-la a tomar essa decis\u00e3o.<\/p>\n<p><strong>Por que o governo escolheu essas faixas de idade?<\/strong><\/p>\n<p>Segundo o governo, s\u00e3o as idades em que h\u00e1 mais dificuldade para se conseguir emprego. De acordo com dados do IBGE, 7,966 milh\u00f5es de pessoas acima de 60 anos estavam na for\u00e7a de trabalho no 2\u00ba trimestre, 450 mil a mais do que em igual per\u00edodo de 2018. O desemprego desse grupo, por\u00e9m, passou de 4,4% entre abril e junho de 2018 para 4,8% no segundo trimestre. Entre 18 e 24 anos, o desemprego caiu de 26,6% para 25,8%.<\/p>\n<p><strong>Qual a expectativa de gera\u00e7\u00e3o de empregos?<\/strong><\/p>\n<p>O governo espera incentivar a gera\u00e7\u00e3o de cerca de 4 milh\u00f5es de empregos ao longo de tr\u00eas anos.<\/p>\n<p><strong>Outros governos j\u00e1 tomaram medidas semelhantes?<\/strong><\/p>\n<p>Sim. Governos petistas tamb\u00e9m diminu\u00edram os impostos sobre sal\u00e1rios como forma de incentivar o emprego. Nos anos anteriores, foram &#8220;eleitos&#8221; setores para a chamada desonera\u00e7\u00e3o, mas estudos mostraram a inefic\u00e1cia dado o custo para os cofres p\u00fablicos.<\/p>\n<p><strong>O programa tem vig\u00eancia imediata?<\/strong><\/p>\n<p>Sim. Deve ser criado por medida provis\u00f3ria, que passa a valer imediatamente. O texto, por\u00e9m, precisa ser aprovado por deputados e senadores, que podem incluir mudan\u00e7as, como a amplia\u00e7\u00e3o das faixas de idade.<\/p>\n<p><span style=\"font-size: 8pt;\">Fonte:\u00a0<img loading=\"lazy\" class=\"img-agency loaded\" src=\"https:\/\/conteudo.imguol.com.br\/c\/agencias\/ultnot\/estadao.png\" alt=\"\" width=\"68\" height=\"11\" data-src=\"https:\/\/conteudo.imguol.com.br\/c\/agencias\/ultnot\/estadao.png\" data-crazyload=\"loaded\" \/>\/Uol ,S\u00e3o Paulo,11<\/span><span style=\"font-size: 8pt;\">\/11\/2019<\/span>.<\/p>\n","protected":false},"excerpt":{"rendered":"<p>O governo lan\u00e7a nesta segunda-feira, 11, sua maior ofensiva para a cria\u00e7\u00e3o de empregos. Batizado de &#8220;Programa Verde [&hellip;]<\/p>\n","protected":false},"author":2,"featured_media":3196,"comment_status":"open","ping_status":"open","sticky":false,"template":"","format":"standard","meta":{"jetpack_post_was_ever_published":false,"jetpack_publicize_message":"","jetpack_is_tweetstorm":false,"jetpack_publicize_feature_enabled":true,"jetpack_social_post_already_shared":true,"jetpack_social_options":[]},"categories":[1],"tags":[],"jetpack_publicize_connections":[],"acf":[],"yoast_head":"<!-- This site is optimized with the Yoast SEO plugin v19.14 - https:\/\/yoast.com\/wordpress\/plugins\/seo\/ -->\n<title>INFORME BANC\u00c1RIO- 071\/2019 - COMO DEVE SER O PROGRAMA VERDE AMARELO QUE O GOVERNO LAN\u00c7A NESTA SEGUNDA-FEIRA - Sindicato dos Banc\u00e1rios de S\u00e3o Bento do Sul e Regi\u00e3o<\/title>\n<meta name=\"robots\" content=\"index, follow, max-snippet:-1, max-image-preview:large, max-video-preview:-1\" \/>\n<link rel=\"canonical\" href=\"https:\/\/sindicatodosbancarios.org.br\/site2022\/2019\/11\/12\/informe-bancario-071-2019-congresso-conclui-sessao-de-promulgacao-da-reforma-da-previdencia\/\" \/>\n<meta property=\"og:locale\" content=\"pt_BR\" \/>\n<meta property=\"og:type\" content=\"article\" \/>\n<meta property=\"og:title\" content=\"INFORME BANC\u00c1RIO- 071\/2019 - COMO DEVE SER O PROGRAMA VERDE AMARELO QUE O GOVERNO LAN\u00c7A NESTA SEGUNDA-FEIRA - Sindicato dos Banc\u00e1rios de S\u00e3o Bento do Sul e Regi\u00e3o\" \/>\n<meta property=\"og:description\" content=\"O governo lan\u00e7a nesta segunda-feira, 11, sua maior ofensiva para a cria\u00e7\u00e3o de empregos. Batizado de &#8220;Programa Verde [&hellip;]\" \/>\n<meta property=\"og:url\" content=\"https:\/\/sindicatodosbancarios.org.br\/site2022\/2019\/11\/12\/informe-bancario-071-2019-congresso-conclui-sessao-de-promulgacao-da-reforma-da-previdencia\/\" \/>\n<meta property=\"og:site_name\" content=\"Sindicato dos Banc\u00e1rios de S\u00e3o Bento do Sul e Regi\u00e3o\" \/>\n<meta property=\"article:author\" content=\"https:\/\/www.facebook.com\/seeb.sbs.9\" \/>\n<meta property=\"article:published_time\" content=\"2019-11-12T17:57:36+00:00\" \/>\n<meta property=\"article:modified_time\" content=\"2019-11-12T19:01:49+00:00\" \/>\n<meta property=\"og:image\" content=\"https:\/\/sindicatodosbancarios.org.br\/site2022\/wp-content\/uploads\/2019\/11\/CTPS-verde-amarela-bolsonaro-imagem.jpg\" \/>\n\t<meta property=\"og:image:width\" content=\"1280\" \/>\n\t<meta property=\"og:image:height\" content=\"640\" \/>\n\t<meta property=\"og:image:type\" content=\"image\/jpeg\" \/>\n<meta name=\"author\" content=\"Sindicato dos Banc\u00e1rios S\u00e3o Bento do Sul e Regi\u00e3o\" \/>\n<meta name=\"twitter:card\" content=\"summary_large_image\" \/>\n<meta name=\"twitter:label1\" content=\"Escrito por\" \/>\n\t<meta name=\"twitter:data1\" content=\"Sindicato dos Banc\u00e1rios S\u00e3o Bento do Sul e Regi\u00e3o\" \/>\n\t<meta name=\"twitter:label2\" content=\"Est. tempo de leitura\" \/>\n\t<meta name=\"twitter:data2\" content=\"4 minutos\" \/>\n<script type=\"application\/ld+json\" class=\"yoast-schema-graph\">{\"@context\":\"https:\/\/schema.org\",\"@graph\":[{\"@type\":\"Article\",\"@id\":\"https:\/\/sindicatodosbancarios.org.br\/site2022\/2019\/11\/12\/informe-bancario-071-2019-congresso-conclui-sessao-de-promulgacao-da-reforma-da-previdencia\/#article\",\"isPartOf\":{\"@id\":\"https:\/\/sindicatodosbancarios.org.br\/site2022\/2019\/11\/12\/informe-bancario-071-2019-congresso-conclui-sessao-de-promulgacao-da-reforma-da-previdencia\/\"},\"author\":{\"name\":\"Sindicato dos Banc\u00e1rios S\u00e3o Bento do Sul e Regi\u00e3o\",\"@id\":\"https:\/\/sindicatodosbancarios.org.br\/site2022\/#\/schema\/person\/a7d92da77d1084df4d28b57962f1e1bd\"},\"headline\":\"INFORME BANC\u00c1RIO- 071\/2019 &#8211; COMO DEVE SER O PROGRAMA VERDE AMARELO QUE O GOVERNO LAN\u00c7A NESTA SEGUNDA-FEIRA\",\"datePublished\":\"2019-11-12T17:57:36+00:00\",\"dateModified\":\"2019-11-12T19:01:49+00:00\",\"mainEntityOfPage\":{\"@id\":\"https:\/\/sindicatodosbancarios.org.br\/site2022\/2019\/11\/12\/informe-bancario-071-2019-congresso-conclui-sessao-de-promulgacao-da-reforma-da-previdencia\/\"},\"wordCount\":757,\"commentCount\":0,\"publisher\":{\"@id\":\"https:\/\/sindicatodosbancarios.org.br\/site2022\/#organization\"},\"articleSection\":[\"Geral\"],\"inLanguage\":\"pt-BR\",\"potentialAction\":[{\"@type\":\"CommentAction\",\"name\":\"Comment\",\"target\":[\"https:\/\/sindicatodosbancarios.org.br\/site2022\/2019\/11\/12\/informe-bancario-071-2019-congresso-conclui-sessao-de-promulgacao-da-reforma-da-previdencia\/#respond\"]}]},{\"@type\":\"WebPage\",\"@id\":\"https:\/\/sindicatodosbancarios.org.br\/site2022\/2019\/11\/12\/informe-bancario-071-2019-congresso-conclui-sessao-de-promulgacao-da-reforma-da-previdencia\/\",\"url\":\"https:\/\/sindicatodosbancarios.org.br\/site2022\/2019\/11\/12\/informe-bancario-071-2019-congresso-conclui-sessao-de-promulgacao-da-reforma-da-previdencia\/\",\"name\":\"INFORME BANC\u00c1RIO- 071\/2019 - COMO DEVE SER O PROGRAMA VERDE AMARELO QUE O GOVERNO LAN\u00c7A NESTA SEGUNDA-FEIRA - Sindicato dos Banc\u00e1rios de S\u00e3o Bento do Sul e Regi\u00e3o\",\"isPartOf\":{\"@id\":\"https:\/\/sindicatodosbancarios.org.br\/site2022\/#website\"},\"datePublished\":\"2019-11-12T17:57:36+00:00\",\"dateModified\":\"2019-11-12T19:01:49+00:00\",\"breadcrumb\":{\"@id\":\"https:\/\/sindicatodosbancarios.org.br\/site2022\/2019\/11\/12\/informe-bancario-071-2019-congresso-conclui-sessao-de-promulgacao-da-reforma-da-previdencia\/#breadcrumb\"},\"inLanguage\":\"pt-BR\",\"potentialAction\":[{\"@type\":\"ReadAction\",\"target\":[\"https:\/\/sindicatodosbancarios.org.br\/site2022\/2019\/11\/12\/informe-bancario-071-2019-congresso-conclui-sessao-de-promulgacao-da-reforma-da-previdencia\/\"]}]},{\"@type\":\"BreadcrumbList\",\"@id\":\"https:\/\/sindicatodosbancarios.org.br\/site2022\/2019\/11\/12\/informe-bancario-071-2019-congresso-conclui-sessao-de-promulgacao-da-reforma-da-previdencia\/#breadcrumb\",\"itemListElement\":[{\"@type\":\"ListItem\",\"position\":1,\"name\":\"In\u00edcio\",\"item\":\"https:\/\/sindicatodosbancarios.org.br\/site2022\/\"},{\"@type\":\"ListItem\",\"position\":2,\"name\":\"INFORME BANC\u00c1RIO- 071\/2019 &#8211; COMO DEVE SER O PROGRAMA VERDE AMARELO QUE O GOVERNO LAN\u00c7A NESTA SEGUNDA-FEIRA\"}]},{\"@type\":\"WebSite\",\"@id\":\"https:\/\/sindicatodosbancarios.org.br\/site2022\/#website\",\"url\":\"https:\/\/sindicatodosbancarios.org.br\/site2022\/\",\"name\":\"Sindicato dos Banc\u00e1rios de S\u00e3o Bento do Sul e Regi\u00e3o\",\"description\":\"Website institucional do Sindicato dos Banc\u00e1rios de S\u00e3o Bento do Sul e Regi\u00e3o\",\"publisher\":{\"@id\":\"https:\/\/sindicatodosbancarios.org.br\/site2022\/#organization\"},\"potentialAction\":[{\"@type\":\"SearchAction\",\"target\":{\"@type\":\"EntryPoint\",\"urlTemplate\":\"https:\/\/sindicatodosbancarios.org.br\/site2022\/?s={search_term_string}\"},\"query-input\":\"required name=search_term_string\"}],\"inLanguage\":\"pt-BR\"},{\"@type\":\"Organization\",\"@id\":\"https:\/\/sindicatodosbancarios.org.br\/site2022\/#organization\",\"name\":\"Sindicato dos Banc\u00e1rios de S\u00e3o Bento do Sul e Regi\u00e3o\",\"url\":\"https:\/\/sindicatodosbancarios.org.br\/site2022\/\",\"logo\":{\"@type\":\"ImageObject\",\"inLanguage\":\"pt-BR\",\"@id\":\"https:\/\/sindicatodosbancarios.org.br\/site2022\/#\/schema\/logo\/image\/\",\"url\":\"https:\/\/sindicatodosbancarios.org.br\/site2022\/wp-content\/uploads\/2017\/06\/cropped-logo-2.png\",\"contentUrl\":\"https:\/\/sindicatodosbancarios.org.br\/site2022\/wp-content\/uploads\/2017\/06\/cropped-logo-2.png\",\"width\":292,\"height\":292,\"caption\":\"Sindicato dos Banc\u00e1rios de S\u00e3o Bento do Sul e Regi\u00e3o\"},\"image\":{\"@id\":\"https:\/\/sindicatodosbancarios.org.br\/site2022\/#\/schema\/logo\/image\/\"}},{\"@type\":\"Person\",\"@id\":\"https:\/\/sindicatodosbancarios.org.br\/site2022\/#\/schema\/person\/a7d92da77d1084df4d28b57962f1e1bd\",\"name\":\"Sindicato dos Banc\u00e1rios S\u00e3o Bento do Sul e Regi\u00e3o\",\"image\":{\"@type\":\"ImageObject\",\"inLanguage\":\"pt-BR\",\"@id\":\"https:\/\/sindicatodosbancarios.org.br\/site2022\/#\/schema\/person\/image\/\",\"url\":\"https:\/\/secure.gravatar.com\/avatar\/f1d1a06f698f2345352e539387180d42?s=96&d=mm&r=g\",\"contentUrl\":\"https:\/\/secure.gravatar.com\/avatar\/f1d1a06f698f2345352e539387180d42?s=96&d=mm&r=g\",\"caption\":\"Sindicato dos Banc\u00e1rios S\u00e3o Bento do Sul e Regi\u00e3o\"},\"sameAs\":[\"http:\/\/sindicatodosbancarios.org.br\/site2022\/\",\"https:\/\/www.facebook.com\/seeb.sbs.9\"],\"url\":\"https:\/\/sindicatodosbancarios.org.br\/site2022\/author\/sindicatodosbancarios\/\"}]}<\/script>\n<!-- \/ Yoast SEO plugin. -->","yoast_head_json":{"title":"INFORME BANC\u00c1RIO- 071\/2019 - COMO DEVE SER O PROGRAMA VERDE AMARELO QUE O GOVERNO LAN\u00c7A NESTA SEGUNDA-FEIRA - Sindicato dos Banc\u00e1rios de S\u00e3o Bento do Sul e Regi\u00e3o","robots":{"index":"index","follow":"follow","max-snippet":"max-snippet:-1","max-image-preview":"max-image-preview:large","max-video-preview":"max-video-preview:-1"},"canonical":"https:\/\/sindicatodosbancarios.org.br\/site2022\/2019\/11\/12\/informe-bancario-071-2019-congresso-conclui-sessao-de-promulgacao-da-reforma-da-previdencia\/","og_locale":"pt_BR","og_type":"article","og_title":"INFORME BANC\u00c1RIO- 071\/2019 - COMO DEVE SER O PROGRAMA VERDE AMARELO QUE O GOVERNO LAN\u00c7A NESTA SEGUNDA-FEIRA - Sindicato dos Banc\u00e1rios de S\u00e3o Bento do Sul e Regi\u00e3o","og_description":"O governo lan\u00e7a nesta segunda-feira, 11, sua maior ofensiva para a cria\u00e7\u00e3o de empregos. Batizado de &#8220;Programa Verde [&hellip;]","og_url":"https:\/\/sindicatodosbancarios.org.br\/site2022\/2019\/11\/12\/informe-bancario-071-2019-congresso-conclui-sessao-de-promulgacao-da-reforma-da-previdencia\/","og_site_name":"Sindicato dos Banc\u00e1rios de S\u00e3o Bento do Sul e Regi\u00e3o","article_author":"https:\/\/www.facebook.com\/seeb.sbs.9","article_published_time":"2019-11-12T17:57:36+00:00","article_modified_time":"2019-11-12T19:01:49+00:00","og_image":[{"width":1280,"height":640,"url":"https:\/\/sindicatodosbancarios.org.br\/site2022\/wp-content\/uploads\/2019\/11\/CTPS-verde-amarela-bolsonaro-imagem.jpg","type":"image\/jpeg"}],"author":"Sindicato dos Banc\u00e1rios S\u00e3o Bento do Sul e Regi\u00e3o","twitter_card":"summary_large_image","twitter_misc":{"Escrito por":"Sindicato dos Banc\u00e1rios S\u00e3o Bento do Sul e Regi\u00e3o","Est. tempo de leitura":"4 minutos"},"schema":{"@context":"https:\/\/schema.org","@graph":[{"@type":"Article","@id":"https:\/\/sindicatodosbancarios.org.br\/site2022\/2019\/11\/12\/informe-bancario-071-2019-congresso-conclui-sessao-de-promulgacao-da-reforma-da-previdencia\/#article","isPartOf":{"@id":"https:\/\/sindicatodosbancarios.org.br\/site2022\/2019\/11\/12\/informe-bancario-071-2019-congresso-conclui-sessao-de-promulgacao-da-reforma-da-previdencia\/"},"author":{"name":"Sindicato dos Banc\u00e1rios S\u00e3o Bento do Sul e Regi\u00e3o","@id":"https:\/\/sindicatodosbancarios.org.br\/site2022\/#\/schema\/person\/a7d92da77d1084df4d28b57962f1e1bd"},"headline":"INFORME BANC\u00c1RIO- 071\/2019 &#8211; COMO DEVE SER O PROGRAMA VERDE AMARELO QUE O GOVERNO LAN\u00c7A NESTA SEGUNDA-FEIRA","datePublished":"2019-11-12T17:57:36+00:00","dateModified":"2019-11-12T19:01:49+00:00","mainEntityOfPage":{"@id":"https:\/\/sindicatodosbancarios.org.br\/site2022\/2019\/11\/12\/informe-bancario-071-2019-congresso-conclui-sessao-de-promulgacao-da-reforma-da-previdencia\/"},"wordCount":757,"commentCount":0,"publisher":{"@id":"https:\/\/sindicatodosbancarios.org.br\/site2022\/#organization"},"articleSection":["Geral"],"inLanguage":"pt-BR","potentialAction":[{"@type":"CommentAction","name":"Comment","target":["https:\/\/sindicatodosbancarios.org.br\/site2022\/2019\/11\/12\/informe-bancario-071-2019-congresso-conclui-sessao-de-promulgacao-da-reforma-da-previdencia\/#respond"]}]},{"@type":"WebPage","@id":"https:\/\/sindicatodosbancarios.org.br\/site2022\/2019\/11\/12\/informe-bancario-071-2019-congresso-conclui-sessao-de-promulgacao-da-reforma-da-previdencia\/","url":"https:\/\/sindicatodosbancarios.org.br\/site2022\/2019\/11\/12\/informe-bancario-071-2019-congresso-conclui-sessao-de-promulgacao-da-reforma-da-previdencia\/","name":"INFORME BANC\u00c1RIO- 071\/2019 - COMO DEVE SER O PROGRAMA VERDE AMARELO QUE O GOVERNO LAN\u00c7A NESTA SEGUNDA-FEIRA - Sindicato dos Banc\u00e1rios de S\u00e3o Bento do Sul e Regi\u00e3o","isPartOf":{"@id":"https:\/\/sindicatodosbancarios.org.br\/site2022\/#website"},"datePublished":"2019-11-12T17:57:36+00:00","dateModified":"2019-11-12T19:01:49+00:00","breadcrumb":{"@id":"https:\/\/sindicatodosbancarios.org.br\/site2022\/2019\/11\/12\/informe-bancario-071-2019-congresso-conclui-sessao-de-promulgacao-da-reforma-da-previdencia\/#breadcrumb"},"inLanguage":"pt-BR","potentialAction":[{"@type":"ReadAction","target":["https:\/\/sindicatodosbancarios.org.br\/site2022\/2019\/11\/12\/informe-bancario-071-2019-congresso-conclui-sessao-de-promulgacao-da-reforma-da-previdencia\/"]}]},{"@type":"BreadcrumbList","@id":"https:\/\/sindicatodosbancarios.org.br\/site2022\/2019\/11\/12\/informe-bancario-071-2019-congresso-conclui-sessao-de-promulgacao-da-reforma-da-previdencia\/#breadcrumb","itemListElement":[{"@type":"ListItem","position":1,"name":"In\u00edcio","item":"https:\/\/sindicatodosbancarios.org.br\/site2022\/"},{"@type":"ListItem","position":2,"name":"INFORME BANC\u00c1RIO- 071\/2019 &#8211; COMO DEVE SER O PROGRAMA VERDE AMARELO QUE O GOVERNO LAN\u00c7A NESTA SEGUNDA-FEIRA"}]},{"@type":"WebSite","@id":"https:\/\/sindicatodosbancarios.org.br\/site2022\/#website","url":"https:\/\/sindicatodosbancarios.org.br\/site2022\/","name":"Sindicato dos Banc\u00e1rios de S\u00e3o Bento do Sul e Regi\u00e3o","description":"Website institucional do Sindicato dos Banc\u00e1rios de S\u00e3o Bento do Sul e Regi\u00e3o","publisher":{"@id":"https:\/\/sindicatodosbancarios.org.br\/site2022\/#organization"},"potentialAction":[{"@type":"SearchAction","target":{"@type":"EntryPoint","urlTemplate":"https:\/\/sindicatodosbancarios.org.br\/site2022\/?s={search_term_string}"},"query-input":"required name=search_term_string"}],"inLanguage":"pt-BR"},{"@type":"Organization","@id":"https:\/\/sindicatodosbancarios.org.br\/site2022\/#organization","name":"Sindicato dos Banc\u00e1rios de S\u00e3o Bento do Sul e Regi\u00e3o","url":"https:\/\/sindicatodosbancarios.org.br\/site2022\/","logo":{"@type":"ImageObject","inLanguage":"pt-BR","@id":"https:\/\/sindicatodosbancarios.org.br\/site2022\/#\/schema\/logo\/image\/","url":"https:\/\/sindicatodosbancarios.org.br\/site2022\/wp-content\/uploads\/2017\/06\/cropped-logo-2.png","contentUrl":"https:\/\/sindicatodosbancarios.org.br\/site2022\/wp-content\/uploads\/2017\/06\/cropped-logo-2.png","width":292,"height":292,"caption":"Sindicato dos Banc\u00e1rios de S\u00e3o Bento do Sul e Regi\u00e3o"},"image":{"@id":"https:\/\/sindicatodosbancarios.org.br\/site2022\/#\/schema\/logo\/image\/"}},{"@type":"Person","@id":"https:\/\/sindicatodosbancarios.org.br\/site2022\/#\/schema\/person\/a7d92da77d1084df4d28b57962f1e1bd","name":"Sindicato dos Banc\u00e1rios S\u00e3o Bento do Sul e Regi\u00e3o","image":{"@type":"ImageObject","inLanguage":"pt-BR","@id":"https:\/\/sindicatodosbancarios.org.br\/site2022\/#\/schema\/person\/image\/","url":"https:\/\/secure.gravatar.com\/avatar\/f1d1a06f698f2345352e539387180d42?s=96&d=mm&r=g","contentUrl":"https:\/\/secure.gravatar.com\/avatar\/f1d1a06f698f2345352e539387180d42?s=96&d=mm&r=g","caption":"Sindicato dos Banc\u00e1rios S\u00e3o Bento do Sul e Regi\u00e3o"},"sameAs":["http:\/\/sindicatodosbancarios.org.br\/site2022\/","https:\/\/www.facebook.com\/seeb.sbs.9"],"url":"https:\/\/sindicatodosbancarios.org.br\/site2022\/author\/sindicatodosbancarios\/"}]}},"jetpack_featured_media_url":"https:\/\/sindicatodosbancarios.org.br\/site2022\/wp-content\/uploads\/2019\/11\/CTPS-verde-amarela-bolsonaro-imagem.jpg","jetpack_sharing_enabled":true,"jetpack_shortlink":"https:\/\/wp.me\/p8RSbI-Pp","jetpack-related-posts":[{"id":5568,"url":"https:\/\/sindicatodosbancarios.org.br\/site2022\/2021\/07\/29\/informe-bancario-178-2021-o-que-aconteceu-ao-trabalhador-em-25-anos-sem-o-ministerio-do-trabalho\/","url_meta":{"origin":3187,"position":0},"title":"INFORME BANC\u00c1RIO \u2013 178\/2021 O que aconteceu ao trabalhador em 2,5 anos sem o Minist\u00e9rio do Trabalho?","date":"29 de julho de 2021","format":false,"excerpt":"Quando assumiu a Presid\u00eancia do Brasil, em 2019, Jair Bolsonaro (sem partido) reduziu o n\u00famero de minist\u00e9rios, extinguindo, por exemplo, o do Trabalho, criado por Get\u00falio Vargas em 1930. Nestes dois anos e meio com a pasta integrada ao superminist\u00e9rio da Economia, o governo realizou a reforma da Previd\u00eancia, o\u2026","rel":"","context":"Em &quot;Geral&quot;","img":{"alt_text":"","src":"https:\/\/i0.wp.com\/sindicatodosbancarios.org.br\/site2022\/wp-content\/uploads\/2021\/07\/tttttttt.jpg?resize=350%2C200&ssl=1","width":350,"height":200},"classes":[]},{"id":5671,"url":"https:\/\/sindicatodosbancarios.org.br\/site2022\/2021\/09\/02\/informe-bancario-209-2021-reforma-trabalhista-rejeitada-veja-pontos-positivos-e-negativos\/","url_meta":{"origin":3187,"position":1},"title":"INFORME BANC\u00c1RIO \u2013 209\/2021 Reforma trabalhista rejeitada: veja pontos positivos e negativos","date":"2 de setembro de 2021","format":false,"excerpt":"O Senado rejeitou na noite desta quarta-feira (01), medida provis\u00f3ria que mudava uma s\u00e9rie de regras para os trabalhadores. A proposta havia sido aprovada pela C\u00e2mara dos Deputados, mas foi rejeitada pelo Senado, em uma derrota ao governo. Oposi\u00e7\u00e3o e sindicatos fizeram cr\u00edticas \u00e0s mudan\u00e7as que a MP trazia, dizendo\u2026","rel":"","context":"Em &quot;Geral&quot;","img":{"alt_text":"","src":"https:\/\/i0.wp.com\/sindicatodosbancarios.org.br\/site2022\/wp-content\/uploads\/2021\/09\/unnamed.jpg?resize=350%2C200&ssl=1","width":350,"height":200},"classes":[]},{"id":5623,"url":"https:\/\/sindicatodosbancarios.org.br\/site2022\/2021\/08\/19\/informe-bancario-195-2021-camara-conclui-aprovacao-de-nova-reforma-trabalhista-texto-vai-ao-senado\/","url_meta":{"origin":3187,"position":2},"title":"INFORME BANC\u00c1RIO \u2013 195\/2021 C\u00e2mara conclui aprova\u00e7\u00e3o de nova reforma trabalhista; texto vai ao Senado","date":"19 de agosto de 2021","format":false,"excerpt":"A C\u00e2mara dos Deputados concluiu nesta quinta-feira (12) a vota\u00e7\u00e3o de uma nova reforma trabalhista, mudando uma s\u00e9rie de regras para os trabalhadores. O texto-base da proposta j\u00e1 havia sido aprovado na ter\u00e7a, e agora os deputados conclu\u00edram a vota\u00e7\u00e3o de destaques, que s\u00e3o mudan\u00e7as no texto. Todos eles foram\u2026","rel":"","context":"Em &quot;Geral&quot;","img":{"alt_text":"","src":"https:\/\/i0.wp.com\/sindicatodosbancarios.org.br\/site2022\/wp-content\/uploads\/2021\/08\/Nova-reforma-trabalhista-com-reducao-de-salarios-750x450.jpeg?resize=350%2C200&ssl=1","width":350,"height":200},"classes":[]},{"id":4444,"url":"https:\/\/sindicatodosbancarios.org.br\/site2022\/2020\/09\/08\/informe-bancario-330-2020-setembro-amarelo-prevencao-ao-suicidio\/","url_meta":{"origin":3187,"position":3},"title":"INFORME BANC\u00c1RIO \u2013 330\/2020 Setembro amarelo \u2013 Preven\u00e7\u00e3o ao suic\u00eddio","date":"8 de setembro de 2020","format":false,"excerpt":"O pr\u00f3ximo 10 de setembro ser\u00e1 o Dia Mundial de Preven\u00e7\u00e3o do Suic\u00eddio. Em raz\u00e3o disso, desde 2015, algumas associa\u00e7\u00f5es se mobilizaram para criar o \u201cSetembro Amarelo\u201d, uma campanha de conscientiza\u00e7\u00e3o sobre a preven\u00e7\u00e3o ao suic\u00eddio. \u201cA ideia \u00e9 pintar, iluminar e estampar o amarelo nas mais diversas resolu\u00e7\u00f5es, garantindo\u2026","rel":"","context":"Em &quot;Geral&quot;","img":{"alt_text":"","src":"https:\/\/i0.wp.com\/sindicatodosbancarios.org.br\/site2022\/wp-content\/uploads\/2020\/09\/setembro.jpg?resize=350%2C200&ssl=1","width":350,"height":200},"classes":[]},{"id":6247,"url":"https:\/\/sindicatodosbancarios.org.br\/site2022\/2022\/04\/06\/informe-bancario-34-2022-comecam-a-valer-novas-regras-que-permitem-trabalho-hibrido-e-por-producao\/","url_meta":{"origin":3187,"position":4},"title":"INFORME BANC\u00c1RIO \u2013 34\/2022 Come\u00e7am a valer novas regras que permitem trabalho h\u00edbrido e por produ\u00e7\u00e3o","date":"6 de abril de 2022","format":false,"excerpt":"O governo publicou nesta segunda-feira (28) o texto da MP (Medida Provis\u00f3ria) que traz uma s\u00e9rie de mudan\u00e7as para os trabalhadores. Dentre elas, permiss\u00e3o para trabalho h\u00edbrido (presencial e remoto) e cria\u00e7\u00e3o do contrato de trabalho por produ\u00e7\u00e3o ou tarefa, sem controle da jornada de trabalho. H\u00e1 ainda a\u00e7\u00f5es que\u2026","rel":"","context":"Em &quot;Geral&quot;","img":{"alt_text":"","src":"https:\/\/i0.wp.com\/sindicatodosbancarios.org.br\/site2022\/wp-content\/uploads\/2022\/04\/shutterstock_2044486847-scaled.jpg?resize=350%2C200&ssl=1","width":350,"height":200},"classes":[]},{"id":6250,"url":"https:\/\/sindicatodosbancarios.org.br\/site2022\/2022\/04\/06\/informe-bancario-35-2022-governo-publica-novas-regras-para-vale-alimentacao-e-vale-refeicao-veja\/","url_meta":{"origin":3187,"position":5},"title":"INFORME BANC\u00c1RIO \u2013 35\/2022 Governo publica novas regras para vale-alimenta\u00e7\u00e3o e vale-refei\u00e7\u00e3o; veja","date":"6 de abril de 2022","format":false,"excerpt":"O governo publicou na edi\u00e7\u00e3o desta segunda-feira (28) do Di\u00e1rio Oficial da Uni\u00e3o as novas regras para o vale-alimenta\u00e7\u00e3o e vale-refei\u00e7\u00e3o dos trabalhadores. A partir de agora, o benef\u00edcio poder\u00e1 ser usado apenas para a compra de refei\u00e7\u00f5es e alimentos \u2014o governo alega que antes ele era destinado a servi\u00e7os\u2026","rel":"","context":"Em &quot;Geral&quot;","img":{"alt_text":"","src":"https:\/\/i0.wp.com\/sindicatodosbancarios.org.br\/site2022\/wp-content\/uploads\/2022\/04\/original-1cf99c36e61cf20e4ec25821fc1eeb70.jpg?resize=350%2C200&ssl=1","width":350,"height":200},"classes":[]}],"_links":{"self":[{"href":"https:\/\/sindicatodosbancarios.org.br\/site2022\/wp-json\/wp\/v2\/posts\/3187"}],"collection":[{"href":"https:\/\/sindicatodosbancarios.org.br\/site2022\/wp-json\/wp\/v2\/posts"}],"about":[{"href":"https:\/\/sindicatodosbancarios.org.br\/site2022\/wp-json\/wp\/v2\/types\/post"}],"author":[{"embeddable":true,"href":"https:\/\/sindicatodosbancarios.org.br\/site2022\/wp-json\/wp\/v2\/users\/2"}],"replies":[{"embeddable":true,"href":"https:\/\/sindicatodosbancarios.org.br\/site2022\/wp-json\/wp\/v2\/comments?post=3187"}],"version-history":[{"count":6,"href":"https:\/\/sindicatodosbancarios.org.br\/site2022\/wp-json\/wp\/v2\/posts\/3187\/revisions"}],"predecessor-version":[{"id":3199,"href":"https:\/\/sindicatodosbancarios.org.br\/site2022\/wp-json\/wp\/v2\/posts\/3187\/revisions\/3199"}],"wp:featuredmedia":[{"embeddable":true,"href":"https:\/\/sindicatodosbancarios.org.br\/site2022\/wp-json\/wp\/v2\/media\/3196"}],"wp:attachment":[{"href":"https:\/\/sindicatodosbancarios.org.br\/site2022\/wp-json\/wp\/v2\/media?parent=3187"}],"wp:term":[{"taxonomy":"category","embeddable":true,"href":"https:\/\/sindicatodosbancarios.org.br\/site2022\/wp-json\/wp\/v2\/categories?post=3187"},{"taxonomy":"post_tag","embeddable":true,"href":"https:\/\/sindicatodosbancarios.org.br\/site2022\/wp-json\/wp\/v2\/tags?post=3187"}],"curies":[{"name":"wp","href":"https:\/\/api.w.org\/{rel}","templated":true}]}}