{"id":3200,"date":"2019-11-12T16:08:39","date_gmt":"2019-11-12T19:08:39","guid":{"rendered":"https:\/\/sindicatodosbancarios.org.br\/?p=3200"},"modified":"2019-11-12T16:08:39","modified_gmt":"2019-11-12T19:08:39","slug":"informe-bancario-072-2019-congresso-conclui-sessao-de-promulgacao-da-reforma-da-previdencia","status":"publish","type":"post","link":"https:\/\/sindicatodosbancarios.org.br\/site2022\/2019\/11\/12\/informe-bancario-072-2019-congresso-conclui-sessao-de-promulgacao-da-reforma-da-previdencia\/","title":{"rendered":"INFORME BANC\u00c1RIO &#8211; 072\/2019 &#8211; CONGRESSO CONCLUI SESS\u00c3O DE PROMULGA\u00c7\u00c3O DA REFORMA DA PREVID\u00caNCIA"},"content":{"rendered":"<p>O Congresso Nacional promulgou nesta ter\u00e7a-feira (12) a reforma da Previd\u00eancia, que mexe no sistema de aposentadorias no Pa\u00eds. A sess\u00e3o foi realizada sem a presen\u00e7a do presidente Jair Bolsonaro e de ministros do governo.<\/p>\n<p>Ao discursar, o presidente da C\u00e2mara, Rodrigo Maia (DEM-AP), n\u00e3o citou Bolsonaro. Maia apontou que alguns governadores ajudaram na aprova\u00e7\u00e3o da proposta e outros, mesmo recebendo recursos do pacto federativo, n\u00e3o fizeram o mesmo. &#8220;Infelizmente, outros n\u00e3o nos ajudaram na reforma da Previd\u00eancia, mas, mesmo assim, v\u00e3o receber os recursos da cess\u00e3o onerosa. Claro que o Congresso n\u00e3o divide entre aqueles que votam a favor ou votam contra&#8221;, declarou Maia.<\/p>\n<p>Alcolumbre, por sua vez, citou Bolsonaro por ter enviado aquilo que classificou como uma &#8220;proposta ousada&#8221; ao Congresso Nacional. &#8220;O texto-base da reforma n\u00e3o poupou o desejado R$ 1 trilh\u00e3o, mas poupou, sim, muito sofrimento principalmente dos brasileiros mais vulner\u00e1veis&#8221;, afirmou. Para ele, o Pa\u00eds precisava ter feito a reforma ou &#8220;est\u00e1vamos aniquilados&#8221;.<\/p>\n<p>Maia e Alcolumbre manifestaram compromisso em aprovar outras reformas, como tribut\u00e1ria e administrativa. &#8220;Essa reforma \u00e9 a primeira delas e tenho certeza de que todos n\u00f3s, em conjunto, faremos as outras&#8221;, disse Maia. &#8220;Faremos essas reformas com a mesma determina\u00e7\u00e3o que tivemos na reforma da previd\u00eancia&#8221;, discursou Alcolumbre.<\/p>\n<p>Alguns l\u00edderes partid\u00e1rios usaram a tribuna para discursar durante a sess\u00e3o. No dia em que o presidente Jair Bolsonaro decide deixar o PSL, o l\u00edder da legenda no Senado, Major Olimpio (SP), afirmou que o partido continua comprometido com a agenda reformista.<\/p>\n<p><span style=\"font-size: 8pt;\">Fonte:\u00a0<img loading=\"lazy\" class=\"img-agency loaded\" src=\"https:\/\/conteudo.imguol.com.br\/c\/agencias\/ultnot\/estadao.png\" alt=\"\" width=\"68\" height=\"11\" data-src=\"https:\/\/conteudo.imguol.com.br\/c\/agencias\/ultnot\/estadao.png\" data-crazyload=\"loaded\" \/>\u00a0\/uol, 12\/11\/2019.<\/span><\/p>\n","protected":false},"excerpt":{"rendered":"<p>O Congresso Nacional promulgou nesta ter\u00e7a-feira (12) a reforma da Previd\u00eancia, que mexe no sistema de aposentadorias no [&hellip;]<\/p>\n","protected":false},"author":2,"featured_media":3194,"comment_status":"open","ping_status":"open","sticky":false,"template":"","format":"standard","meta":{"jetpack_post_was_ever_published":false,"jetpack_publicize_message":"","jetpack_is_tweetstorm":false,"jetpack_publicize_feature_enabled":true,"jetpack_social_post_already_shared":true,"jetpack_social_options":[]},"categories":[1],"tags":[],"jetpack_publicize_connections":[],"acf":[],"yoast_head":"<!-- This site is optimized with the Yoast SEO plugin v19.14 - https:\/\/yoast.com\/wordpress\/plugins\/seo\/ -->\n<title>INFORME BANC\u00c1RIO - 072\/2019 - CONGRESSO CONCLUI SESS\u00c3O DE PROMULGA\u00c7\u00c3O DA REFORMA DA PREVID\u00caNCIA - Sindicato dos Banc\u00e1rios de S\u00e3o Bento do Sul e Regi\u00e3o<\/title>\n<meta name=\"robots\" content=\"index, follow, max-snippet:-1, max-image-preview:large, max-video-preview:-1\" \/>\n<link rel=\"canonical\" href=\"https:\/\/sindicatodosbancarios.org.br\/site2022\/2019\/11\/12\/informe-bancario-072-2019-congresso-conclui-sessao-de-promulgacao-da-reforma-da-previdencia\/\" \/>\n<meta property=\"og:locale\" content=\"pt_BR\" \/>\n<meta property=\"og:type\" content=\"article\" \/>\n<meta property=\"og:title\" content=\"INFORME BANC\u00c1RIO - 072\/2019 - CONGRESSO CONCLUI SESS\u00c3O DE PROMULGA\u00c7\u00c3O DA REFORMA DA PREVID\u00caNCIA - Sindicato dos Banc\u00e1rios de S\u00e3o Bento do Sul e Regi\u00e3o\" \/>\n<meta property=\"og:description\" content=\"O Congresso Nacional promulgou nesta ter\u00e7a-feira (12) a reforma da Previd\u00eancia, que mexe no sistema de aposentadorias no [&hellip;]\" \/>\n<meta property=\"og:url\" content=\"https:\/\/sindicatodosbancarios.org.br\/site2022\/2019\/11\/12\/informe-bancario-072-2019-congresso-conclui-sessao-de-promulgacao-da-reforma-da-previdencia\/\" \/>\n<meta property=\"og:site_name\" content=\"Sindicato dos Banc\u00e1rios de S\u00e3o Bento do Sul e Regi\u00e3o\" \/>\n<meta property=\"article:author\" content=\"https:\/\/www.facebook.com\/seeb.sbs.9\" \/>\n<meta property=\"article:published_time\" content=\"2019-11-12T19:08:39+00:00\" \/>\n<meta property=\"og:image\" content=\"https:\/\/sindicatodosbancarios.org.br\/site2022\/wp-content\/uploads\/2019\/11\/seguro-desemprego-imagem.jpg\" \/>\n\t<meta property=\"og:image:width\" content=\"814\" \/>\n\t<meta property=\"og:image:height\" content=\"377\" \/>\n\t<meta property=\"og:image:type\" content=\"image\/jpeg\" \/>\n<meta name=\"author\" content=\"Sindicato dos Banc\u00e1rios S\u00e3o Bento do Sul e Regi\u00e3o\" \/>\n<meta name=\"twitter:card\" content=\"summary_large_image\" \/>\n<meta name=\"twitter:label1\" content=\"Escrito por\" \/>\n\t<meta name=\"twitter:data1\" content=\"Sindicato dos Banc\u00e1rios S\u00e3o Bento do Sul e Regi\u00e3o\" \/>\n\t<meta name=\"twitter:label2\" content=\"Est. tempo de leitura\" \/>\n\t<meta name=\"twitter:data2\" content=\"1 minuto\" \/>\n<script type=\"application\/ld+json\" class=\"yoast-schema-graph\">{\"@context\":\"https:\/\/schema.org\",\"@graph\":[{\"@type\":\"Article\",\"@id\":\"https:\/\/sindicatodosbancarios.org.br\/site2022\/2019\/11\/12\/informe-bancario-072-2019-congresso-conclui-sessao-de-promulgacao-da-reforma-da-previdencia\/#article\",\"isPartOf\":{\"@id\":\"https:\/\/sindicatodosbancarios.org.br\/site2022\/2019\/11\/12\/informe-bancario-072-2019-congresso-conclui-sessao-de-promulgacao-da-reforma-da-previdencia\/\"},\"author\":{\"name\":\"Sindicato dos Banc\u00e1rios S\u00e3o Bento do Sul e Regi\u00e3o\",\"@id\":\"https:\/\/sindicatodosbancarios.org.br\/site2022\/#\/schema\/person\/a7d92da77d1084df4d28b57962f1e1bd\"},\"headline\":\"INFORME BANC\u00c1RIO &#8211; 072\/2019 &#8211; CONGRESSO CONCLUI SESS\u00c3O DE PROMULGA\u00c7\u00c3O DA REFORMA DA PREVID\u00caNCIA\",\"datePublished\":\"2019-11-12T19:08:39+00:00\",\"dateModified\":\"2019-11-12T19:08:39+00:00\",\"mainEntityOfPage\":{\"@id\":\"https:\/\/sindicatodosbancarios.org.br\/site2022\/2019\/11\/12\/informe-bancario-072-2019-congresso-conclui-sessao-de-promulgacao-da-reforma-da-previdencia\/\"},\"wordCount\":291,\"commentCount\":0,\"publisher\":{\"@id\":\"https:\/\/sindicatodosbancarios.org.br\/site2022\/#organization\"},\"articleSection\":[\"Geral\"],\"inLanguage\":\"pt-BR\",\"potentialAction\":[{\"@type\":\"CommentAction\",\"name\":\"Comment\",\"target\":[\"https:\/\/sindicatodosbancarios.org.br\/site2022\/2019\/11\/12\/informe-bancario-072-2019-congresso-conclui-sessao-de-promulgacao-da-reforma-da-previdencia\/#respond\"]}]},{\"@type\":\"WebPage\",\"@id\":\"https:\/\/sindicatodosbancarios.org.br\/site2022\/2019\/11\/12\/informe-bancario-072-2019-congresso-conclui-sessao-de-promulgacao-da-reforma-da-previdencia\/\",\"url\":\"https:\/\/sindicatodosbancarios.org.br\/site2022\/2019\/11\/12\/informe-bancario-072-2019-congresso-conclui-sessao-de-promulgacao-da-reforma-da-previdencia\/\",\"name\":\"INFORME BANC\u00c1RIO - 072\/2019 - CONGRESSO CONCLUI SESS\u00c3O DE PROMULGA\u00c7\u00c3O DA REFORMA DA PREVID\u00caNCIA - Sindicato dos Banc\u00e1rios de S\u00e3o Bento do Sul e Regi\u00e3o\",\"isPartOf\":{\"@id\":\"https:\/\/sindicatodosbancarios.org.br\/site2022\/#website\"},\"datePublished\":\"2019-11-12T19:08:39+00:00\",\"dateModified\":\"2019-11-12T19:08:39+00:00\",\"breadcrumb\":{\"@id\":\"https:\/\/sindicatodosbancarios.org.br\/site2022\/2019\/11\/12\/informe-bancario-072-2019-congresso-conclui-sessao-de-promulgacao-da-reforma-da-previdencia\/#breadcrumb\"},\"inLanguage\":\"pt-BR\",\"potentialAction\":[{\"@type\":\"ReadAction\",\"target\":[\"https:\/\/sindicatodosbancarios.org.br\/site2022\/2019\/11\/12\/informe-bancario-072-2019-congresso-conclui-sessao-de-promulgacao-da-reforma-da-previdencia\/\"]}]},{\"@type\":\"BreadcrumbList\",\"@id\":\"https:\/\/sindicatodosbancarios.org.br\/site2022\/2019\/11\/12\/informe-bancario-072-2019-congresso-conclui-sessao-de-promulgacao-da-reforma-da-previdencia\/#breadcrumb\",\"itemListElement\":[{\"@type\":\"ListItem\",\"position\":1,\"name\":\"In\u00edcio\",\"item\":\"https:\/\/sindicatodosbancarios.org.br\/site2022\/\"},{\"@type\":\"ListItem\",\"position\":2,\"name\":\"INFORME BANC\u00c1RIO &#8211; 072\/2019 &#8211; CONGRESSO CONCLUI SESS\u00c3O DE PROMULGA\u00c7\u00c3O DA REFORMA DA PREVID\u00caNCIA\"}]},{\"@type\":\"WebSite\",\"@id\":\"https:\/\/sindicatodosbancarios.org.br\/site2022\/#website\",\"url\":\"https:\/\/sindicatodosbancarios.org.br\/site2022\/\",\"name\":\"Sindicato dos Banc\u00e1rios de S\u00e3o Bento do Sul e Regi\u00e3o\",\"description\":\"Website institucional do Sindicato dos Banc\u00e1rios de S\u00e3o Bento do Sul e Regi\u00e3o\",\"publisher\":{\"@id\":\"https:\/\/sindicatodosbancarios.org.br\/site2022\/#organization\"},\"potentialAction\":[{\"@type\":\"SearchAction\",\"target\":{\"@type\":\"EntryPoint\",\"urlTemplate\":\"https:\/\/sindicatodosbancarios.org.br\/site2022\/?s={search_term_string}\"},\"query-input\":\"required name=search_term_string\"}],\"inLanguage\":\"pt-BR\"},{\"@type\":\"Organization\",\"@id\":\"https:\/\/sindicatodosbancarios.org.br\/site2022\/#organization\",\"name\":\"Sindicato dos Banc\u00e1rios de S\u00e3o Bento do Sul e Regi\u00e3o\",\"url\":\"https:\/\/sindicatodosbancarios.org.br\/site2022\/\",\"logo\":{\"@type\":\"ImageObject\",\"inLanguage\":\"pt-BR\",\"@id\":\"https:\/\/sindicatodosbancarios.org.br\/site2022\/#\/schema\/logo\/image\/\",\"url\":\"https:\/\/sindicatodosbancarios.org.br\/site2022\/wp-content\/uploads\/2017\/06\/cropped-logo-2.png\",\"contentUrl\":\"https:\/\/sindicatodosbancarios.org.br\/site2022\/wp-content\/uploads\/2017\/06\/cropped-logo-2.png\",\"width\":292,\"height\":292,\"caption\":\"Sindicato dos Banc\u00e1rios de S\u00e3o Bento do Sul e Regi\u00e3o\"},\"image\":{\"@id\":\"https:\/\/sindicatodosbancarios.org.br\/site2022\/#\/schema\/logo\/image\/\"}},{\"@type\":\"Person\",\"@id\":\"https:\/\/sindicatodosbancarios.org.br\/site2022\/#\/schema\/person\/a7d92da77d1084df4d28b57962f1e1bd\",\"name\":\"Sindicato dos Banc\u00e1rios S\u00e3o Bento do Sul e Regi\u00e3o\",\"image\":{\"@type\":\"ImageObject\",\"inLanguage\":\"pt-BR\",\"@id\":\"https:\/\/sindicatodosbancarios.org.br\/site2022\/#\/schema\/person\/image\/\",\"url\":\"https:\/\/secure.gravatar.com\/avatar\/f1d1a06f698f2345352e539387180d42?s=96&d=mm&r=g\",\"contentUrl\":\"https:\/\/secure.gravatar.com\/avatar\/f1d1a06f698f2345352e539387180d42?s=96&d=mm&r=g\",\"caption\":\"Sindicato dos Banc\u00e1rios S\u00e3o Bento do Sul e Regi\u00e3o\"},\"sameAs\":[\"http:\/\/sindicatodosbancarios.org.br\/site2022\/\",\"https:\/\/www.facebook.com\/seeb.sbs.9\"],\"url\":\"https:\/\/sindicatodosbancarios.org.br\/site2022\/author\/sindicatodosbancarios\/\"}]}<\/script>\n<!-- \/ Yoast SEO plugin. -->","yoast_head_json":{"title":"INFORME BANC\u00c1RIO - 072\/2019 - CONGRESSO CONCLUI SESS\u00c3O DE PROMULGA\u00c7\u00c3O DA REFORMA DA PREVID\u00caNCIA - Sindicato dos Banc\u00e1rios de S\u00e3o Bento do Sul e Regi\u00e3o","robots":{"index":"index","follow":"follow","max-snippet":"max-snippet:-1","max-image-preview":"max-image-preview:large","max-video-preview":"max-video-preview:-1"},"canonical":"https:\/\/sindicatodosbancarios.org.br\/site2022\/2019\/11\/12\/informe-bancario-072-2019-congresso-conclui-sessao-de-promulgacao-da-reforma-da-previdencia\/","og_locale":"pt_BR","og_type":"article","og_title":"INFORME BANC\u00c1RIO - 072\/2019 - CONGRESSO CONCLUI SESS\u00c3O DE PROMULGA\u00c7\u00c3O DA REFORMA DA PREVID\u00caNCIA - Sindicato dos Banc\u00e1rios de S\u00e3o Bento do Sul e Regi\u00e3o","og_description":"O Congresso Nacional promulgou nesta ter\u00e7a-feira (12) a reforma da Previd\u00eancia, que mexe no sistema de aposentadorias no [&hellip;]","og_url":"https:\/\/sindicatodosbancarios.org.br\/site2022\/2019\/11\/12\/informe-bancario-072-2019-congresso-conclui-sessao-de-promulgacao-da-reforma-da-previdencia\/","og_site_name":"Sindicato dos Banc\u00e1rios de S\u00e3o Bento do Sul e Regi\u00e3o","article_author":"https:\/\/www.facebook.com\/seeb.sbs.9","article_published_time":"2019-11-12T19:08:39+00:00","og_image":[{"width":814,"height":377,"url":"https:\/\/sindicatodosbancarios.org.br\/site2022\/wp-content\/uploads\/2019\/11\/seguro-desemprego-imagem.jpg","type":"image\/jpeg"}],"author":"Sindicato dos Banc\u00e1rios S\u00e3o Bento do Sul e Regi\u00e3o","twitter_card":"summary_large_image","twitter_misc":{"Escrito por":"Sindicato dos Banc\u00e1rios S\u00e3o Bento do Sul e Regi\u00e3o","Est. tempo de leitura":"1 minuto"},"schema":{"@context":"https:\/\/schema.org","@graph":[{"@type":"Article","@id":"https:\/\/sindicatodosbancarios.org.br\/site2022\/2019\/11\/12\/informe-bancario-072-2019-congresso-conclui-sessao-de-promulgacao-da-reforma-da-previdencia\/#article","isPartOf":{"@id":"https:\/\/sindicatodosbancarios.org.br\/site2022\/2019\/11\/12\/informe-bancario-072-2019-congresso-conclui-sessao-de-promulgacao-da-reforma-da-previdencia\/"},"author":{"name":"Sindicato dos Banc\u00e1rios S\u00e3o Bento do Sul e Regi\u00e3o","@id":"https:\/\/sindicatodosbancarios.org.br\/site2022\/#\/schema\/person\/a7d92da77d1084df4d28b57962f1e1bd"},"headline":"INFORME BANC\u00c1RIO &#8211; 072\/2019 &#8211; CONGRESSO CONCLUI SESS\u00c3O DE PROMULGA\u00c7\u00c3O DA REFORMA DA PREVID\u00caNCIA","datePublished":"2019-11-12T19:08:39+00:00","dateModified":"2019-11-12T19:08:39+00:00","mainEntityOfPage":{"@id":"https:\/\/sindicatodosbancarios.org.br\/site2022\/2019\/11\/12\/informe-bancario-072-2019-congresso-conclui-sessao-de-promulgacao-da-reforma-da-previdencia\/"},"wordCount":291,"commentCount":0,"publisher":{"@id":"https:\/\/sindicatodosbancarios.org.br\/site2022\/#organization"},"articleSection":["Geral"],"inLanguage":"pt-BR","potentialAction":[{"@type":"CommentAction","name":"Comment","target":["https:\/\/sindicatodosbancarios.org.br\/site2022\/2019\/11\/12\/informe-bancario-072-2019-congresso-conclui-sessao-de-promulgacao-da-reforma-da-previdencia\/#respond"]}]},{"@type":"WebPage","@id":"https:\/\/sindicatodosbancarios.org.br\/site2022\/2019\/11\/12\/informe-bancario-072-2019-congresso-conclui-sessao-de-promulgacao-da-reforma-da-previdencia\/","url":"https:\/\/sindicatodosbancarios.org.br\/site2022\/2019\/11\/12\/informe-bancario-072-2019-congresso-conclui-sessao-de-promulgacao-da-reforma-da-previdencia\/","name":"INFORME BANC\u00c1RIO - 072\/2019 - CONGRESSO CONCLUI SESS\u00c3O DE PROMULGA\u00c7\u00c3O DA REFORMA DA PREVID\u00caNCIA - Sindicato dos Banc\u00e1rios de S\u00e3o Bento do Sul e Regi\u00e3o","isPartOf":{"@id":"https:\/\/sindicatodosbancarios.org.br\/site2022\/#website"},"datePublished":"2019-11-12T19:08:39+00:00","dateModified":"2019-11-12T19:08:39+00:00","breadcrumb":{"@id":"https:\/\/sindicatodosbancarios.org.br\/site2022\/2019\/11\/12\/informe-bancario-072-2019-congresso-conclui-sessao-de-promulgacao-da-reforma-da-previdencia\/#breadcrumb"},"inLanguage":"pt-BR","potentialAction":[{"@type":"ReadAction","target":["https:\/\/sindicatodosbancarios.org.br\/site2022\/2019\/11\/12\/informe-bancario-072-2019-congresso-conclui-sessao-de-promulgacao-da-reforma-da-previdencia\/"]}]},{"@type":"BreadcrumbList","@id":"https:\/\/sindicatodosbancarios.org.br\/site2022\/2019\/11\/12\/informe-bancario-072-2019-congresso-conclui-sessao-de-promulgacao-da-reforma-da-previdencia\/#breadcrumb","itemListElement":[{"@type":"ListItem","position":1,"name":"In\u00edcio","item":"https:\/\/sindicatodosbancarios.org.br\/site2022\/"},{"@type":"ListItem","position":2,"name":"INFORME BANC\u00c1RIO &#8211; 072\/2019 &#8211; CONGRESSO CONCLUI SESS\u00c3O DE PROMULGA\u00c7\u00c3O DA REFORMA DA PREVID\u00caNCIA"}]},{"@type":"WebSite","@id":"https:\/\/sindicatodosbancarios.org.br\/site2022\/#website","url":"https:\/\/sindicatodosbancarios.org.br\/site2022\/","name":"Sindicato dos Banc\u00e1rios de S\u00e3o Bento do Sul e Regi\u00e3o","description":"Website institucional do Sindicato dos Banc\u00e1rios de S\u00e3o Bento do Sul e Regi\u00e3o","publisher":{"@id":"https:\/\/sindicatodosbancarios.org.br\/site2022\/#organization"},"potentialAction":[{"@type":"SearchAction","target":{"@type":"EntryPoint","urlTemplate":"https:\/\/sindicatodosbancarios.org.br\/site2022\/?s={search_term_string}"},"query-input":"required name=search_term_string"}],"inLanguage":"pt-BR"},{"@type":"Organization","@id":"https:\/\/sindicatodosbancarios.org.br\/site2022\/#organization","name":"Sindicato dos Banc\u00e1rios de S\u00e3o Bento do Sul e Regi\u00e3o","url":"https:\/\/sindicatodosbancarios.org.br\/site2022\/","logo":{"@type":"ImageObject","inLanguage":"pt-BR","@id":"https:\/\/sindicatodosbancarios.org.br\/site2022\/#\/schema\/logo\/image\/","url":"https:\/\/sindicatodosbancarios.org.br\/site2022\/wp-content\/uploads\/2017\/06\/cropped-logo-2.png","contentUrl":"https:\/\/sindicatodosbancarios.org.br\/site2022\/wp-content\/uploads\/2017\/06\/cropped-logo-2.png","width":292,"height":292,"caption":"Sindicato dos Banc\u00e1rios de S\u00e3o Bento do Sul e Regi\u00e3o"},"image":{"@id":"https:\/\/sindicatodosbancarios.org.br\/site2022\/#\/schema\/logo\/image\/"}},{"@type":"Person","@id":"https:\/\/sindicatodosbancarios.org.br\/site2022\/#\/schema\/person\/a7d92da77d1084df4d28b57962f1e1bd","name":"Sindicato dos Banc\u00e1rios S\u00e3o Bento do Sul e Regi\u00e3o","image":{"@type":"ImageObject","inLanguage":"pt-BR","@id":"https:\/\/sindicatodosbancarios.org.br\/site2022\/#\/schema\/person\/image\/","url":"https:\/\/secure.gravatar.com\/avatar\/f1d1a06f698f2345352e539387180d42?s=96&d=mm&r=g","contentUrl":"https:\/\/secure.gravatar.com\/avatar\/f1d1a06f698f2345352e539387180d42?s=96&d=mm&r=g","caption":"Sindicato dos Banc\u00e1rios S\u00e3o Bento do Sul e Regi\u00e3o"},"sameAs":["http:\/\/sindicatodosbancarios.org.br\/site2022\/","https:\/\/www.facebook.com\/seeb.sbs.9"],"url":"https:\/\/sindicatodosbancarios.org.br\/site2022\/author\/sindicatodosbancarios\/"}]}},"jetpack_featured_media_url":"https:\/\/sindicatodosbancarios.org.br\/site2022\/wp-content\/uploads\/2019\/11\/seguro-desemprego-imagem.jpg","jetpack_sharing_enabled":true,"jetpack_shortlink":"https:\/\/wp.me\/p8RSbI-PC","jetpack-related-posts":[{"id":4936,"url":"https:\/\/sindicatodosbancarios.org.br\/site2022\/2020\/12\/28\/informe-bancario-476-2020-apos-acusacao-de-bolsonaro-maia-pauta-mp-do-auxilio-emergencial-e-governo-tenta-reverter\/","url_meta":{"origin":3200,"position":0},"title":"INFORME BANC\u00c1RIO \u2013 476\/2020 Ap\u00f3s acusa\u00e7\u00e3o de Bolsonaro, Maia pauta MP do aux\u00edlio emergencial e governo tenta reverter","date":"28 de dezembro de 2020","format":false,"excerpt":"Na noite de quinta, o presidente disse que n\u00e3o vai haver 13\u00ba do Bolsa Fam\u00edlia em 2021 porque o parlamentar deixou a medida provis\u00f3ria sobre o assunto caducar. C\u00e2mara tem sess\u00e3o nesta sexta. Ap\u00f3s\u00a0Jair Bolsonaro\u00a0(sem partido) acusar o presidente da C\u00e2mara de n\u00e3o votar a 13\u00ba parcela do Bolsa Fam\u00edlia,\u00a0Rodrigo\u2026","rel":"","context":"Em &quot;Geral&quot;","img":{"alt_text":"","src":"https:\/\/i0.wp.com\/sindicatodosbancarios.org.br\/site2022\/wp-content\/uploads\/2020\/12\/brasil-bolsonaro-maia-20181114-001.jpeg?resize=350%2C200&ssl=1","width":350,"height":200},"classes":[]},{"id":4831,"url":"https:\/\/sindicatodosbancarios.org.br\/site2022\/2020\/12\/02\/informe-bancario-448-2020-salario-minimo-esta-baixo-mas-nao-tem-como-aumentar-diz-bolsonaro\/","url_meta":{"origin":3200,"position":1},"title":"INFORME BANC\u00c1RIO \u2013 448\/2020 Sal\u00e1rio m\u00ednimo est\u00e1 baixo, mas n\u00e3o tem como aumentar, diz Bolsonaro","date":"2 de dezembro de 2020","format":false,"excerpt":"O presidente Jair Bolsonaro (sem partido) admitiu hoje que o valor do sal\u00e1rio m\u00ednimo, atualmente em R$ 1.045, \u00e9 baixo, mas disse n\u00e3o ser poss\u00edvel aument\u00e1-lo, uma vez que o reajuste afetaria diretamente os gastos do governo com a Previd\u00eancia Social. Ele tamb\u00e9m fez elogios \u00e0 reforma trabalhista, aprovada durante\u2026","rel":"","context":"Em &quot;Geral&quot;","img":{"alt_text":"","src":"https:\/\/i0.wp.com\/sindicatodosbancarios.org.br\/site2022\/wp-content\/uploads\/2020\/12\/n_41743_e36b6238285a5331a3dee7634f8890d1.jpg?resize=350%2C200&ssl=1","width":350,"height":200},"classes":[]},{"id":4479,"url":"https:\/\/sindicatodosbancarios.org.br\/site2022\/2020\/09\/11\/informe-bancario-342-2020-reforma-cria-duas-classes-de-servidor-sem-estabilidade\/","url_meta":{"origin":3200,"position":2},"title":"INFORME BANC\u00c1RIO \u2013 342\/2020 Reforma cria duas classes de servidor sem estabilidade","date":"11 de setembro de 2020","format":false,"excerpt":"A reforma administrativa que o governo promete entregar hoje ao Congresso prev\u00ea duas categorias de futuros servidores que poder\u00e3o ser demitidos. Eles n\u00e3o ter\u00e3o estabilidade, que vai ficar restrita \u00e0s carreiras de Estado. Al\u00e9m de blindar servidores atuais do Executivo, o texto tamb\u00e9m n\u00e3o vai mexer nas regras para contrata\u00e7\u00e3o,\u2026","rel":"","context":"Em &quot;Geral&quot;","img":{"alt_text":"","src":"https:\/\/i0.wp.com\/sindicatodosbancarios.org.br\/site2022\/wp-content\/uploads\/2020\/06\/equipe-do-ministro-paulo-guedes-economia-anunciou-que-vai-passar-a-cobrar-contribuicao-previdenciaria-do-seguro-desemprego-1573590732966_v2_976x549.jpg?resize=350%2C200&ssl=1","width":350,"height":200},"classes":[]},{"id":4911,"url":"https:\/\/sindicatodosbancarios.org.br\/site2022\/2020\/12\/18\/informe-bancario-468-2020-relator-nao-vai-incluir-termo-de-responsabilidade-em-mp-sobre-a-vacina-diz-maia\/","url_meta":{"origin":3200,"position":3},"title":"INFORME BANC\u00c1RIO \u2013 468\/2020 Relator n\u00e3o vai incluir termo de responsabilidade em MP sobre a vacina, diz Maia","date":"18 de dezembro de 2020","format":false,"excerpt":"O presidente da\u00a0C\u00e2mara dos Deputados,\u00a0Rodrigo Maia\u00a0(DEM-RJ), disse que o relat\u00f3rio da Medida Provis\u00f3ria (MP) 1003\/20, que trata da ades\u00e3o do\u00a0Brasil\u00a0\u00e0 alian\u00e7a global pela\u00a0vacina\u00a0igualit\u00e1ria contra a\u00a0Covid-19, n\u00e3o vai incluir o termo de responsabilidade exigido pelo governo para vacinar a popula\u00e7\u00e3o. O relator da MP \u00e9 o deputado Geninho Zuliani (DEM-SP), do\u2026","rel":"","context":"Em &quot;Geral&quot;","img":{"alt_text":"","src":"https:\/\/i0.wp.com\/sindicatodosbancarios.org.br\/site2022\/wp-content\/uploads\/2020\/12\/rodrigo-maia-3.jpg?resize=350%2C200&ssl=1","width":350,"height":200},"classes":[]},{"id":5422,"url":"https:\/\/sindicatodosbancarios.org.br\/site2022\/2021\/06\/01\/informe-bancario-132-2021-congresso-reage-a-super-salarios-da-cupula-do-governo\/","url_meta":{"origin":3200,"position":4},"title":"INFORME BANC\u00c1RIO \u2013 132\/2021 Congresso reage a super sal\u00e1rios da c\u00fapula do governo","date":"1 de junho de 2021","format":false,"excerpt":"Parlamentares e entidades de servidores p\u00fablicos reagiram \u00e0 portaria do Minist\u00e9rio da Economia que permitiu que aposentados que continuam na ativa recebam acima do teto de R$ 39 mil. Como mostrou o Broadcast\/Estad\u00e3o na semana passada, a medida beneficiou diretamente o presidente Jair Bolsonaro (sem partido), que ter\u00e1 um aumento\u2026","rel":"","context":"Em &quot;Geral&quot;","img":{"alt_text":"","src":"https:\/\/i0.wp.com\/sindicatodosbancarios.org.br\/site2022\/wp-content\/uploads\/2020\/07\/imagem_materia.jpg?resize=350%2C200&ssl=1","width":350,"height":200},"classes":[]},{"id":4673,"url":"https:\/\/sindicatodosbancarios.org.br\/site2022\/2020\/10\/23\/informe-bancario-400-2020-reforma-administrativa-proposta-que-preve-demissao-de-concursados-deve-ficar-para-2021\/","url_meta":{"origin":3200,"position":5},"title":"INFORME BANC\u00c1RIO \u2013 400\/2020 Reforma Administrativa: Proposta que prev\u00ea demiss\u00e3o de concursados deve ficar para 2021","date":"23 de outubro de 2020","format":false,"excerpt":"Por causa das elei\u00e7\u00f5es municipais, o legislativo n\u00e3o ter\u00e1 tempo de votar o projeto que prev\u00ea mudan\u00e7as significativas no funcionalismo p\u00fablico. A\u00a0Reforma Administrativa,\u00a0que prev\u00ea mudan\u00e7as significativas no funcionalismo p\u00fablico, s\u00f3 deve ser votada no in\u00edcio de 2021. A informa\u00e7\u00e3o foi confirmada pelo\u00a0presidente da C\u00e2mara dos Deputados, Rodrigo Maia (DEM-RJ), que\u2026","rel":"","context":"Em &quot;Geral&quot;","img":{"alt_text":"","src":"https:\/\/i0.wp.com\/sindicatodosbancarios.org.br\/site2022\/wp-content\/uploads\/2020\/10\/reforma_administrativa.jpg?resize=350%2C200&ssl=1","width":350,"height":200},"classes":[]}],"_links":{"self":[{"href":"https:\/\/sindicatodosbancarios.org.br\/site2022\/wp-json\/wp\/v2\/posts\/3200"}],"collection":[{"href":"https:\/\/sindicatodosbancarios.org.br\/site2022\/wp-json\/wp\/v2\/posts"}],"about":[{"href":"https:\/\/sindicatodosbancarios.org.br\/site2022\/wp-json\/wp\/v2\/types\/post"}],"author":[{"embeddable":true,"href":"https:\/\/sindicatodosbancarios.org.br\/site2022\/wp-json\/wp\/v2\/users\/2"}],"replies":[{"embeddable":true,"href":"https:\/\/sindicatodosbancarios.org.br\/site2022\/wp-json\/wp\/v2\/comments?post=3200"}],"version-history":[{"count":1,"href":"https:\/\/sindicatodosbancarios.org.br\/site2022\/wp-json\/wp\/v2\/posts\/3200\/revisions"}],"predecessor-version":[{"id":3201,"href":"https:\/\/sindicatodosbancarios.org.br\/site2022\/wp-json\/wp\/v2\/posts\/3200\/revisions\/3201"}],"wp:featuredmedia":[{"embeddable":true,"href":"https:\/\/sindicatodosbancarios.org.br\/site2022\/wp-json\/wp\/v2\/media\/3194"}],"wp:attachment":[{"href":"https:\/\/sindicatodosbancarios.org.br\/site2022\/wp-json\/wp\/v2\/media?parent=3200"}],"wp:term":[{"taxonomy":"category","embeddable":true,"href":"https:\/\/sindicatodosbancarios.org.br\/site2022\/wp-json\/wp\/v2\/categories?post=3200"},{"taxonomy":"post_tag","embeddable":true,"href":"https:\/\/sindicatodosbancarios.org.br\/site2022\/wp-json\/wp\/v2\/tags?post=3200"}],"curies":[{"name":"wp","href":"https:\/\/api.w.org\/{rel}","templated":true}]}}