{"id":3203,"date":"2019-11-13T15:43:02","date_gmt":"2019-11-13T18:43:02","guid":{"rendered":"https:\/\/sindicatodosbancarios.org.br\/?p=3203"},"modified":"2019-11-13T15:43:02","modified_gmt":"2019-11-13T18:43:02","slug":"informe-bancario-073-2019-governo-bolsonaro-ataca-categoria-bancaria","status":"publish","type":"post","link":"https:\/\/sindicatodosbancarios.org.br\/site2022\/2019\/11\/13\/informe-bancario-073-2019-governo-bolsonaro-ataca-categoria-bancaria\/","title":{"rendered":"INFORME BANC\u00c1RIO &#8211; 073\/2019 &#8211; GOVERNO BOLSONARO ATACA CATEGORIA BANC\u00c1RIA"},"content":{"rendered":"<p>O governo Bolsonaro assinou nesta segunda-feira (11) uma Medida Provis\u00f3ria (MP) que altera o artigo 224 do\u00a0<a href=\"http:\/\/www.planalto.gov.br\/ccivil_03\/decreto-lei\/del5452.htm\" target=\"_blank\" rel=\"noreferrer noopener\" aria-label=\" (abre numa nova aba)\">Decreto-Lei 5.452\/1943<\/a>\u00a0(Consolida\u00e7\u00e3o das Leis do Trabalho \u2013 CLT), que regula a jornada de trabalho da categoria. Pela MP, a jornada de seis horas di\u00e1rias e 30 horas semanais ser\u00e1 mantida apenas para operadores de caixa. Para os demais empregados, a jornada passa a ser de oito horas. A MP tamb\u00e9m abre a possibilidade de a categoria trabalhar aos s\u00e1bados, domingos e feriados.<\/p>\n<p>\u201cEssa medida afeta especificamente a categoria. O governo n\u00e3o editaria essa MP sem que houvesse um lobby dos bancos neste sentido. Mas, n\u00e3o vamos aceitar esse ataque\u201d, disse a presidenta da Confedera\u00e7\u00e3o Nacional dos Trabalhadores do Ramo Financeiro (Contraf-CUT), Juvandia Moreira, ao informar que o assunto ser\u00e1 pauta da mesa de negocia\u00e7\u00f5es com a Federa\u00e7\u00e3o Nacional dos Bancos (Fenaban), que ser\u00e1 realizada na pr\u00f3xima quinta-feira (14), no Rio de Janeiro.<\/p>\n<p>\u201cA articula\u00e7\u00e3o direta com o governo \u00e9, no m\u00ednimo, desonesta. Os bancos cobram dos sindicatos para que todo entrave seja tratado na mesa de negocia\u00e7\u00f5es antes de se partir para outros tipos de a\u00e7\u00f5es, mas numa quest\u00e3o que afeta totalmente a vida e as rela\u00e7\u00f5es de trabalho da categoria eles tratam direto com o governo?\u201d, questiona indignada Juvandia Moreira, que \u00e9 tamb\u00e9m coordenadora do Comando Nacional dos Banc\u00e1rios.<\/p>\n<h3><strong>PLR<\/strong><\/h3>\n<p>A presidenta da Contraf-CUT observa ainda que a MP permite que os bancos e demais empresas estabele\u00e7am unilateralmente as regras de pagamento da Participa\u00e7\u00e3o nos Lucros e\/ou Resultados (PLR), sem a necessidade de negociar com a representa\u00e7\u00e3o da categoria nem de clausular as regras na Conven\u00e7\u00e3o Coletiva de Trabalho (CCT) da categoria.<\/p>\n<h3><strong>Outros preju\u00edzos<\/strong><\/h3>\n<p>Com a MP, o governo estabelece uma nova forma de contrato de trabalho com o objetivo de criar novos postos de trabalho de primeiro emprego para pessoas entre 18 e 29 anos de idade.<\/p>\n<p>\u201cEles fizeram a mesma promessa para conseguir a aprova\u00e7\u00e3o da reforma trabalhista. As taxas de desemprego no pa\u00eds comprovam que esse tipo de medida n\u00e3o gera resultado. A \u00fanica que aumentou foi a precariza\u00e7\u00e3o do emprego\u201d, disse Juvandia ao defender que a cria\u00e7\u00e3o de empregos passa pela libera\u00e7\u00e3o de cr\u00e9dito e a promo\u00e7\u00e3o de outras pol\u00edticas de fomento ao desenvolvimento econ\u00f4mico e aumento da renda do trabalhador.<\/p>\n<p>A MP tamb\u00e9m afeta a compensa\u00e7\u00e3o de horas trabalhadas, pr\u00eamios e gratifica\u00e7\u00f5es e das rela\u00e7\u00f5es trabalhistas, sindicais. Mas, tudo o que estiver na CCT da categoria se sobrep\u00f5e ao que define a MP, uma vez que o negociado se sobrep\u00f5e ao legislado.<\/p>\n<p><span class=\"elementor-icon-list-text elementor-post-info__item elementor-post-info__item--type-date\"><span style=\"font-size: 8pt;\">Fonte:\u00a0 Contraf-CUT, 12\/11\/2019<\/span>.<\/span><\/p>\n","protected":false},"excerpt":{"rendered":"<p>O governo Bolsonaro assinou nesta segunda-feira (11) uma Medida Provis\u00f3ria (MP) que altera o artigo 224 do\u00a0Decreto-Lei 5.452\/1943\u00a0(Consolida\u00e7\u00e3o [&hellip;]<\/p>\n","protected":false},"author":2,"featured_media":3204,"comment_status":"open","ping_status":"open","sticky":false,"template":"","format":"standard","meta":{"jetpack_post_was_ever_published":false,"jetpack_publicize_message":"","jetpack_is_tweetstorm":false,"jetpack_publicize_feature_enabled":true,"jetpack_social_post_already_shared":true,"jetpack_social_options":[]},"categories":[1],"tags":[],"jetpack_publicize_connections":[],"acf":[],"yoast_head":"<!-- This site is optimized with the Yoast SEO plugin v19.14 - https:\/\/yoast.com\/wordpress\/plugins\/seo\/ -->\n<title>INFORME BANC\u00c1RIO - 073\/2019 - GOVERNO BOLSONARO ATACA CATEGORIA BANC\u00c1RIA - Sindicato dos Banc\u00e1rios de S\u00e3o Bento do Sul e Regi\u00e3o<\/title>\n<meta name=\"robots\" content=\"index, follow, max-snippet:-1, max-image-preview:large, max-video-preview:-1\" \/>\n<link rel=\"canonical\" href=\"https:\/\/sindicatodosbancarios.org.br\/site2022\/2019\/11\/13\/informe-bancario-073-2019-governo-bolsonaro-ataca-categoria-bancaria\/\" \/>\n<meta property=\"og:locale\" content=\"pt_BR\" \/>\n<meta property=\"og:type\" content=\"article\" \/>\n<meta property=\"og:title\" content=\"INFORME BANC\u00c1RIO - 073\/2019 - GOVERNO BOLSONARO ATACA CATEGORIA BANC\u00c1RIA - Sindicato dos Banc\u00e1rios de S\u00e3o Bento do Sul e Regi\u00e3o\" \/>\n<meta property=\"og:description\" content=\"O governo Bolsonaro assinou nesta segunda-feira (11) uma Medida Provis\u00f3ria (MP) que altera o artigo 224 do\u00a0Decreto-Lei 5.452\/1943\u00a0(Consolida\u00e7\u00e3o [&hellip;]\" \/>\n<meta property=\"og:url\" content=\"https:\/\/sindicatodosbancarios.org.br\/site2022\/2019\/11\/13\/informe-bancario-073-2019-governo-bolsonaro-ataca-categoria-bancaria\/\" \/>\n<meta property=\"og:site_name\" content=\"Sindicato dos Banc\u00e1rios de S\u00e3o Bento do Sul e Regi\u00e3o\" \/>\n<meta property=\"article:author\" content=\"https:\/\/www.facebook.com\/seeb.sbs.9\" \/>\n<meta property=\"article:published_time\" content=\"2019-11-13T18:43:02+00:00\" \/>\n<meta property=\"og:image\" content=\"https:\/\/sindicatodosbancarios.org.br\/site2022\/wp-content\/uploads\/2019\/11\/bolsonaro-imagem.jpg\" \/>\n\t<meta property=\"og:image:width\" content=\"299\" \/>\n\t<meta property=\"og:image:height\" content=\"168\" \/>\n\t<meta property=\"og:image:type\" content=\"image\/jpeg\" \/>\n<meta name=\"author\" content=\"Sindicato dos Banc\u00e1rios S\u00e3o Bento do Sul e Regi\u00e3o\" \/>\n<meta name=\"twitter:card\" content=\"summary_large_image\" \/>\n<meta name=\"twitter:label1\" content=\"Escrito por\" \/>\n\t<meta name=\"twitter:data1\" content=\"Sindicato dos Banc\u00e1rios S\u00e3o Bento do Sul e Regi\u00e3o\" \/>\n\t<meta name=\"twitter:label2\" content=\"Est. tempo de leitura\" \/>\n\t<meta name=\"twitter:data2\" content=\"2 minutos\" \/>\n<script type=\"application\/ld+json\" class=\"yoast-schema-graph\">{\"@context\":\"https:\/\/schema.org\",\"@graph\":[{\"@type\":\"Article\",\"@id\":\"https:\/\/sindicatodosbancarios.org.br\/site2022\/2019\/11\/13\/informe-bancario-073-2019-governo-bolsonaro-ataca-categoria-bancaria\/#article\",\"isPartOf\":{\"@id\":\"https:\/\/sindicatodosbancarios.org.br\/site2022\/2019\/11\/13\/informe-bancario-073-2019-governo-bolsonaro-ataca-categoria-bancaria\/\"},\"author\":{\"name\":\"Sindicato dos Banc\u00e1rios S\u00e3o Bento do Sul e Regi\u00e3o\",\"@id\":\"https:\/\/sindicatodosbancarios.org.br\/site2022\/#\/schema\/person\/a7d92da77d1084df4d28b57962f1e1bd\"},\"headline\":\"INFORME BANC\u00c1RIO &#8211; 073\/2019 &#8211; GOVERNO BOLSONARO ATACA CATEGORIA BANC\u00c1RIA\",\"datePublished\":\"2019-11-13T18:43:02+00:00\",\"dateModified\":\"2019-11-13T18:43:02+00:00\",\"mainEntityOfPage\":{\"@id\":\"https:\/\/sindicatodosbancarios.org.br\/site2022\/2019\/11\/13\/informe-bancario-073-2019-governo-bolsonaro-ataca-categoria-bancaria\/\"},\"wordCount\":461,\"commentCount\":0,\"publisher\":{\"@id\":\"https:\/\/sindicatodosbancarios.org.br\/site2022\/#organization\"},\"articleSection\":[\"Geral\"],\"inLanguage\":\"pt-BR\",\"potentialAction\":[{\"@type\":\"CommentAction\",\"name\":\"Comment\",\"target\":[\"https:\/\/sindicatodosbancarios.org.br\/site2022\/2019\/11\/13\/informe-bancario-073-2019-governo-bolsonaro-ataca-categoria-bancaria\/#respond\"]}]},{\"@type\":\"WebPage\",\"@id\":\"https:\/\/sindicatodosbancarios.org.br\/site2022\/2019\/11\/13\/informe-bancario-073-2019-governo-bolsonaro-ataca-categoria-bancaria\/\",\"url\":\"https:\/\/sindicatodosbancarios.org.br\/site2022\/2019\/11\/13\/informe-bancario-073-2019-governo-bolsonaro-ataca-categoria-bancaria\/\",\"name\":\"INFORME BANC\u00c1RIO - 073\/2019 - GOVERNO BOLSONARO ATACA CATEGORIA BANC\u00c1RIA - Sindicato dos Banc\u00e1rios de S\u00e3o Bento do Sul e Regi\u00e3o\",\"isPartOf\":{\"@id\":\"https:\/\/sindicatodosbancarios.org.br\/site2022\/#website\"},\"datePublished\":\"2019-11-13T18:43:02+00:00\",\"dateModified\":\"2019-11-13T18:43:02+00:00\",\"breadcrumb\":{\"@id\":\"https:\/\/sindicatodosbancarios.org.br\/site2022\/2019\/11\/13\/informe-bancario-073-2019-governo-bolsonaro-ataca-categoria-bancaria\/#breadcrumb\"},\"inLanguage\":\"pt-BR\",\"potentialAction\":[{\"@type\":\"ReadAction\",\"target\":[\"https:\/\/sindicatodosbancarios.org.br\/site2022\/2019\/11\/13\/informe-bancario-073-2019-governo-bolsonaro-ataca-categoria-bancaria\/\"]}]},{\"@type\":\"BreadcrumbList\",\"@id\":\"https:\/\/sindicatodosbancarios.org.br\/site2022\/2019\/11\/13\/informe-bancario-073-2019-governo-bolsonaro-ataca-categoria-bancaria\/#breadcrumb\",\"itemListElement\":[{\"@type\":\"ListItem\",\"position\":1,\"name\":\"In\u00edcio\",\"item\":\"https:\/\/sindicatodosbancarios.org.br\/site2022\/\"},{\"@type\":\"ListItem\",\"position\":2,\"name\":\"INFORME BANC\u00c1RIO &#8211; 073\/2019 &#8211; GOVERNO BOLSONARO ATACA CATEGORIA BANC\u00c1RIA\"}]},{\"@type\":\"WebSite\",\"@id\":\"https:\/\/sindicatodosbancarios.org.br\/site2022\/#website\",\"url\":\"https:\/\/sindicatodosbancarios.org.br\/site2022\/\",\"name\":\"Sindicato dos Banc\u00e1rios de S\u00e3o Bento do Sul e Regi\u00e3o\",\"description\":\"Website institucional do Sindicato dos Banc\u00e1rios de S\u00e3o Bento do Sul e Regi\u00e3o\",\"publisher\":{\"@id\":\"https:\/\/sindicatodosbancarios.org.br\/site2022\/#organization\"},\"potentialAction\":[{\"@type\":\"SearchAction\",\"target\":{\"@type\":\"EntryPoint\",\"urlTemplate\":\"https:\/\/sindicatodosbancarios.org.br\/site2022\/?s={search_term_string}\"},\"query-input\":\"required name=search_term_string\"}],\"inLanguage\":\"pt-BR\"},{\"@type\":\"Organization\",\"@id\":\"https:\/\/sindicatodosbancarios.org.br\/site2022\/#organization\",\"name\":\"Sindicato dos Banc\u00e1rios de S\u00e3o Bento do Sul e Regi\u00e3o\",\"url\":\"https:\/\/sindicatodosbancarios.org.br\/site2022\/\",\"logo\":{\"@type\":\"ImageObject\",\"inLanguage\":\"pt-BR\",\"@id\":\"https:\/\/sindicatodosbancarios.org.br\/site2022\/#\/schema\/logo\/image\/\",\"url\":\"https:\/\/sindicatodosbancarios.org.br\/site2022\/wp-content\/uploads\/2017\/06\/cropped-logo-2.png\",\"contentUrl\":\"https:\/\/sindicatodosbancarios.org.br\/site2022\/wp-content\/uploads\/2017\/06\/cropped-logo-2.png\",\"width\":292,\"height\":292,\"caption\":\"Sindicato dos Banc\u00e1rios de S\u00e3o Bento do Sul e Regi\u00e3o\"},\"image\":{\"@id\":\"https:\/\/sindicatodosbancarios.org.br\/site2022\/#\/schema\/logo\/image\/\"}},{\"@type\":\"Person\",\"@id\":\"https:\/\/sindicatodosbancarios.org.br\/site2022\/#\/schema\/person\/a7d92da77d1084df4d28b57962f1e1bd\",\"name\":\"Sindicato dos Banc\u00e1rios S\u00e3o Bento do Sul e Regi\u00e3o\",\"image\":{\"@type\":\"ImageObject\",\"inLanguage\":\"pt-BR\",\"@id\":\"https:\/\/sindicatodosbancarios.org.br\/site2022\/#\/schema\/person\/image\/\",\"url\":\"https:\/\/secure.gravatar.com\/avatar\/f1d1a06f698f2345352e539387180d42?s=96&d=mm&r=g\",\"contentUrl\":\"https:\/\/secure.gravatar.com\/avatar\/f1d1a06f698f2345352e539387180d42?s=96&d=mm&r=g\",\"caption\":\"Sindicato dos Banc\u00e1rios S\u00e3o Bento do Sul e Regi\u00e3o\"},\"sameAs\":[\"http:\/\/sindicatodosbancarios.org.br\/site2022\/\",\"https:\/\/www.facebook.com\/seeb.sbs.9\"],\"url\":\"https:\/\/sindicatodosbancarios.org.br\/site2022\/author\/sindicatodosbancarios\/\"}]}<\/script>\n<!-- \/ Yoast SEO plugin. -->","yoast_head_json":{"title":"INFORME BANC\u00c1RIO - 073\/2019 - GOVERNO BOLSONARO ATACA CATEGORIA BANC\u00c1RIA - Sindicato dos Banc\u00e1rios de S\u00e3o Bento do Sul e Regi\u00e3o","robots":{"index":"index","follow":"follow","max-snippet":"max-snippet:-1","max-image-preview":"max-image-preview:large","max-video-preview":"max-video-preview:-1"},"canonical":"https:\/\/sindicatodosbancarios.org.br\/site2022\/2019\/11\/13\/informe-bancario-073-2019-governo-bolsonaro-ataca-categoria-bancaria\/","og_locale":"pt_BR","og_type":"article","og_title":"INFORME BANC\u00c1RIO - 073\/2019 - GOVERNO BOLSONARO ATACA CATEGORIA BANC\u00c1RIA - Sindicato dos Banc\u00e1rios de S\u00e3o Bento do Sul e Regi\u00e3o","og_description":"O governo Bolsonaro assinou nesta segunda-feira (11) uma Medida Provis\u00f3ria (MP) que altera o artigo 224 do\u00a0Decreto-Lei 5.452\/1943\u00a0(Consolida\u00e7\u00e3o [&hellip;]","og_url":"https:\/\/sindicatodosbancarios.org.br\/site2022\/2019\/11\/13\/informe-bancario-073-2019-governo-bolsonaro-ataca-categoria-bancaria\/","og_site_name":"Sindicato dos Banc\u00e1rios de S\u00e3o Bento do Sul e Regi\u00e3o","article_author":"https:\/\/www.facebook.com\/seeb.sbs.9","article_published_time":"2019-11-13T18:43:02+00:00","og_image":[{"width":299,"height":168,"url":"https:\/\/sindicatodosbancarios.org.br\/site2022\/wp-content\/uploads\/2019\/11\/bolsonaro-imagem.jpg","type":"image\/jpeg"}],"author":"Sindicato dos Banc\u00e1rios S\u00e3o Bento do Sul e Regi\u00e3o","twitter_card":"summary_large_image","twitter_misc":{"Escrito por":"Sindicato dos Banc\u00e1rios S\u00e3o Bento do Sul e Regi\u00e3o","Est. tempo de leitura":"2 minutos"},"schema":{"@context":"https:\/\/schema.org","@graph":[{"@type":"Article","@id":"https:\/\/sindicatodosbancarios.org.br\/site2022\/2019\/11\/13\/informe-bancario-073-2019-governo-bolsonaro-ataca-categoria-bancaria\/#article","isPartOf":{"@id":"https:\/\/sindicatodosbancarios.org.br\/site2022\/2019\/11\/13\/informe-bancario-073-2019-governo-bolsonaro-ataca-categoria-bancaria\/"},"author":{"name":"Sindicato dos Banc\u00e1rios S\u00e3o Bento do Sul e Regi\u00e3o","@id":"https:\/\/sindicatodosbancarios.org.br\/site2022\/#\/schema\/person\/a7d92da77d1084df4d28b57962f1e1bd"},"headline":"INFORME BANC\u00c1RIO &#8211; 073\/2019 &#8211; GOVERNO BOLSONARO ATACA CATEGORIA BANC\u00c1RIA","datePublished":"2019-11-13T18:43:02+00:00","dateModified":"2019-11-13T18:43:02+00:00","mainEntityOfPage":{"@id":"https:\/\/sindicatodosbancarios.org.br\/site2022\/2019\/11\/13\/informe-bancario-073-2019-governo-bolsonaro-ataca-categoria-bancaria\/"},"wordCount":461,"commentCount":0,"publisher":{"@id":"https:\/\/sindicatodosbancarios.org.br\/site2022\/#organization"},"articleSection":["Geral"],"inLanguage":"pt-BR","potentialAction":[{"@type":"CommentAction","name":"Comment","target":["https:\/\/sindicatodosbancarios.org.br\/site2022\/2019\/11\/13\/informe-bancario-073-2019-governo-bolsonaro-ataca-categoria-bancaria\/#respond"]}]},{"@type":"WebPage","@id":"https:\/\/sindicatodosbancarios.org.br\/site2022\/2019\/11\/13\/informe-bancario-073-2019-governo-bolsonaro-ataca-categoria-bancaria\/","url":"https:\/\/sindicatodosbancarios.org.br\/site2022\/2019\/11\/13\/informe-bancario-073-2019-governo-bolsonaro-ataca-categoria-bancaria\/","name":"INFORME BANC\u00c1RIO - 073\/2019 - GOVERNO BOLSONARO ATACA CATEGORIA BANC\u00c1RIA - Sindicato dos Banc\u00e1rios de S\u00e3o Bento do Sul e Regi\u00e3o","isPartOf":{"@id":"https:\/\/sindicatodosbancarios.org.br\/site2022\/#website"},"datePublished":"2019-11-13T18:43:02+00:00","dateModified":"2019-11-13T18:43:02+00:00","breadcrumb":{"@id":"https:\/\/sindicatodosbancarios.org.br\/site2022\/2019\/11\/13\/informe-bancario-073-2019-governo-bolsonaro-ataca-categoria-bancaria\/#breadcrumb"},"inLanguage":"pt-BR","potentialAction":[{"@type":"ReadAction","target":["https:\/\/sindicatodosbancarios.org.br\/site2022\/2019\/11\/13\/informe-bancario-073-2019-governo-bolsonaro-ataca-categoria-bancaria\/"]}]},{"@type":"BreadcrumbList","@id":"https:\/\/sindicatodosbancarios.org.br\/site2022\/2019\/11\/13\/informe-bancario-073-2019-governo-bolsonaro-ataca-categoria-bancaria\/#breadcrumb","itemListElement":[{"@type":"ListItem","position":1,"name":"In\u00edcio","item":"https:\/\/sindicatodosbancarios.org.br\/site2022\/"},{"@type":"ListItem","position":2,"name":"INFORME BANC\u00c1RIO &#8211; 073\/2019 &#8211; GOVERNO BOLSONARO ATACA CATEGORIA BANC\u00c1RIA"}]},{"@type":"WebSite","@id":"https:\/\/sindicatodosbancarios.org.br\/site2022\/#website","url":"https:\/\/sindicatodosbancarios.org.br\/site2022\/","name":"Sindicato dos Banc\u00e1rios de S\u00e3o Bento do Sul e Regi\u00e3o","description":"Website institucional do Sindicato dos Banc\u00e1rios de S\u00e3o Bento do Sul e Regi\u00e3o","publisher":{"@id":"https:\/\/sindicatodosbancarios.org.br\/site2022\/#organization"},"potentialAction":[{"@type":"SearchAction","target":{"@type":"EntryPoint","urlTemplate":"https:\/\/sindicatodosbancarios.org.br\/site2022\/?s={search_term_string}"},"query-input":"required name=search_term_string"}],"inLanguage":"pt-BR"},{"@type":"Organization","@id":"https:\/\/sindicatodosbancarios.org.br\/site2022\/#organization","name":"Sindicato dos Banc\u00e1rios de S\u00e3o Bento do Sul e Regi\u00e3o","url":"https:\/\/sindicatodosbancarios.org.br\/site2022\/","logo":{"@type":"ImageObject","inLanguage":"pt-BR","@id":"https:\/\/sindicatodosbancarios.org.br\/site2022\/#\/schema\/logo\/image\/","url":"https:\/\/sindicatodosbancarios.org.br\/site2022\/wp-content\/uploads\/2017\/06\/cropped-logo-2.png","contentUrl":"https:\/\/sindicatodosbancarios.org.br\/site2022\/wp-content\/uploads\/2017\/06\/cropped-logo-2.png","width":292,"height":292,"caption":"Sindicato dos Banc\u00e1rios de S\u00e3o Bento do Sul e Regi\u00e3o"},"image":{"@id":"https:\/\/sindicatodosbancarios.org.br\/site2022\/#\/schema\/logo\/image\/"}},{"@type":"Person","@id":"https:\/\/sindicatodosbancarios.org.br\/site2022\/#\/schema\/person\/a7d92da77d1084df4d28b57962f1e1bd","name":"Sindicato dos Banc\u00e1rios S\u00e3o Bento do Sul e Regi\u00e3o","image":{"@type":"ImageObject","inLanguage":"pt-BR","@id":"https:\/\/sindicatodosbancarios.org.br\/site2022\/#\/schema\/person\/image\/","url":"https:\/\/secure.gravatar.com\/avatar\/f1d1a06f698f2345352e539387180d42?s=96&d=mm&r=g","contentUrl":"https:\/\/secure.gravatar.com\/avatar\/f1d1a06f698f2345352e539387180d42?s=96&d=mm&r=g","caption":"Sindicato dos Banc\u00e1rios S\u00e3o Bento do Sul e Regi\u00e3o"},"sameAs":["http:\/\/sindicatodosbancarios.org.br\/site2022\/","https:\/\/www.facebook.com\/seeb.sbs.9"],"url":"https:\/\/sindicatodosbancarios.org.br\/site2022\/author\/sindicatodosbancarios\/"}]}},"jetpack_featured_media_url":"https:\/\/sindicatodosbancarios.org.br\/site2022\/wp-content\/uploads\/2019\/11\/bolsonaro-imagem.jpg","jetpack_sharing_enabled":true,"jetpack_shortlink":"https:\/\/wp.me\/p8RSbI-PF","jetpack-related-posts":[{"id":4936,"url":"https:\/\/sindicatodosbancarios.org.br\/site2022\/2020\/12\/28\/informe-bancario-476-2020-apos-acusacao-de-bolsonaro-maia-pauta-mp-do-auxilio-emergencial-e-governo-tenta-reverter\/","url_meta":{"origin":3203,"position":0},"title":"INFORME BANC\u00c1RIO \u2013 476\/2020 Ap\u00f3s acusa\u00e7\u00e3o de Bolsonaro, Maia pauta MP do aux\u00edlio emergencial e governo tenta reverter","date":"28 de dezembro de 2020","format":false,"excerpt":"Na noite de quinta, o presidente disse que n\u00e3o vai haver 13\u00ba do Bolsa Fam\u00edlia em 2021 porque o parlamentar deixou a medida provis\u00f3ria sobre o assunto caducar. C\u00e2mara tem sess\u00e3o nesta sexta. Ap\u00f3s\u00a0Jair Bolsonaro\u00a0(sem partido) acusar o presidente da C\u00e2mara de n\u00e3o votar a 13\u00ba parcela do Bolsa Fam\u00edlia,\u00a0Rodrigo\u2026","rel":"","context":"Em &quot;Geral&quot;","img":{"alt_text":"","src":"https:\/\/i0.wp.com\/sindicatodosbancarios.org.br\/site2022\/wp-content\/uploads\/2020\/12\/brasil-bolsonaro-maia-20181114-001.jpeg?resize=350%2C200&ssl=1","width":350,"height":200},"classes":[]},{"id":6230,"url":"https:\/\/sindicatodosbancarios.org.br\/site2022\/2022\/04\/01\/informe-bancario-32-2022-mp-do-governo-sobre-home-office-deixa-trabalhador-na-mao-do-patrao\/","url_meta":{"origin":3203,"position":1},"title":"INFORME BANC\u00c1RIO \u2013 32\/2022 MP DO GOVERNO SOBRE HOME OFFICE DEIXA TRABALHADOR \u2018NA M\u00c3O\u2019 DO PATR\u00c3O","date":"1 de abril de 2022","format":false,"excerpt":"Sem participa\u00e7\u00e3o dos sindicatos, empregados ter\u00e3o que \u201cnegociar\u201d em posi\u00e7\u00e3o de fragilidade com os empregadores os crit\u00e9rios das novas modalidades de trabalho remoto, alerta o Dieese. MP tamb\u00e9m autoriza a utiliza\u00e7\u00e3o de ferramentas eletr\u00f4nicas de comunica\u00e7\u00e3o, como o celular e o WhastApp, fora da jornada de trabalho O governo Bolsonaro\u2026","rel":"","context":"Em &quot;Geral&quot;","img":{"alt_text":"","src":"https:\/\/i0.wp.com\/sindicatodosbancarios.org.br\/site2022\/wp-content\/uploads\/2022\/04\/3465220936242eae3613ec.jpg?resize=350%2C200&ssl=1","width":350,"height":200},"classes":[]},{"id":6247,"url":"https:\/\/sindicatodosbancarios.org.br\/site2022\/2022\/04\/06\/informe-bancario-34-2022-comecam-a-valer-novas-regras-que-permitem-trabalho-hibrido-e-por-producao\/","url_meta":{"origin":3203,"position":2},"title":"INFORME BANC\u00c1RIO \u2013 34\/2022 Come\u00e7am a valer novas regras que permitem trabalho h\u00edbrido e por produ\u00e7\u00e3o","date":"6 de abril de 2022","format":false,"excerpt":"O governo publicou nesta segunda-feira (28) o texto da MP (Medida Provis\u00f3ria) que traz uma s\u00e9rie de mudan\u00e7as para os trabalhadores. Dentre elas, permiss\u00e3o para trabalho h\u00edbrido (presencial e remoto) e cria\u00e7\u00e3o do contrato de trabalho por produ\u00e7\u00e3o ou tarefa, sem controle da jornada de trabalho. H\u00e1 ainda a\u00e7\u00f5es que\u2026","rel":"","context":"Em &quot;Geral&quot;","img":{"alt_text":"","src":"https:\/\/i0.wp.com\/sindicatodosbancarios.org.br\/site2022\/wp-content\/uploads\/2022\/04\/shutterstock_2044486847-scaled.jpg?resize=350%2C200&ssl=1","width":350,"height":200},"classes":[]},{"id":5630,"url":"https:\/\/sindicatodosbancarios.org.br\/site2022\/2021\/08\/20\/informe-bancario-197-2021-fenaban-promete-manter-jornada-prevista-na-cct\/","url_meta":{"origin":3203,"position":3},"title":"INFORME BANC\u00c1RIO \u2013 197\/2021 FENABAN PROMETE MANTER JORNADA PREVISTA NA CCT","date":"20 de agosto de 2021","format":false,"excerpt":"MP do Governo Bolsonaro passou na C\u00e2mara e vai para o Senado. A mobiliza\u00e7\u00e3o do Movimento Sindical vai continuar para deter a retirada de direitos sem precedentes. A C\u00e2mara dos Deputados aprovou, dia 12 de agosto, a Medida Provis\u00f3ria 1045\/2021, editada pelo Governo Federal em abril e que institui o\u2026","rel":"","context":"Em &quot;Geral&quot;","img":{"alt_text":"","src":"https:\/\/i0.wp.com\/sindicatodosbancarios.org.br\/site2022\/wp-content\/uploads\/2020\/06\/46735750392_c403dc52f0_b.jpg?resize=350%2C200&ssl=1","width":350,"height":200},"classes":[]},{"id":6348,"url":"https:\/\/sindicatodosbancarios.org.br\/site2022\/2022\/05\/06\/informe-bancario-61-2022-mp-e-indulto-para-empresa-que-ignora-cota-de-jovem-aprendiz-acusam-fiscais\/","url_meta":{"origin":3203,"position":4},"title":"INFORME BANC\u00c1RIO \u2013 61\/2022 MP \u00e9 indulto para empresa que ignora cota de jovem aprendiz, acusam fiscais","date":"6 de maio de 2022","format":false,"excerpt":"Jair Bolsonaro e o ministro do Trabalho, Jos\u00e9 Carlos Oliveira, durante cerim\u00f4nia no Pal\u00e1cio do Planalto. Ap\u00f3s a edi\u00e7\u00e3o da Medida Provis\u00f3ria 1.116, que institui o programa \"Emprega + Mulheres e Jovens\", os auditores fiscais do trabalho que coordenam a fiscaliza\u00e7\u00e3o da aprendizagem profissional no pa\u00eds entregaram seus cargos nas\u2026","rel":"","context":"Em &quot;Geral&quot;","img":{"alt_text":"","src":"https:\/\/i0.wp.com\/sindicatodosbancarios.org.br\/site2022\/wp-content\/uploads\/2022\/05\/Noticia_16794_26961.jpg?resize=350%2C200&ssl=1","width":350,"height":200},"classes":[]},{"id":6250,"url":"https:\/\/sindicatodosbancarios.org.br\/site2022\/2022\/04\/06\/informe-bancario-35-2022-governo-publica-novas-regras-para-vale-alimentacao-e-vale-refeicao-veja\/","url_meta":{"origin":3203,"position":5},"title":"INFORME BANC\u00c1RIO \u2013 35\/2022 Governo publica novas regras para vale-alimenta\u00e7\u00e3o e vale-refei\u00e7\u00e3o; veja","date":"6 de abril de 2022","format":false,"excerpt":"O governo publicou na edi\u00e7\u00e3o desta segunda-feira (28) do Di\u00e1rio Oficial da Uni\u00e3o as novas regras para o vale-alimenta\u00e7\u00e3o e vale-refei\u00e7\u00e3o dos trabalhadores. A partir de agora, o benef\u00edcio poder\u00e1 ser usado apenas para a compra de refei\u00e7\u00f5es e alimentos \u2014o governo alega que antes ele era destinado a servi\u00e7os\u2026","rel":"","context":"Em &quot;Geral&quot;","img":{"alt_text":"","src":"https:\/\/i0.wp.com\/sindicatodosbancarios.org.br\/site2022\/wp-content\/uploads\/2022\/04\/original-1cf99c36e61cf20e4ec25821fc1eeb70.jpg?resize=350%2C200&ssl=1","width":350,"height":200},"classes":[]}],"_links":{"self":[{"href":"https:\/\/sindicatodosbancarios.org.br\/site2022\/wp-json\/wp\/v2\/posts\/3203"}],"collection":[{"href":"https:\/\/sindicatodosbancarios.org.br\/site2022\/wp-json\/wp\/v2\/posts"}],"about":[{"href":"https:\/\/sindicatodosbancarios.org.br\/site2022\/wp-json\/wp\/v2\/types\/post"}],"author":[{"embeddable":true,"href":"https:\/\/sindicatodosbancarios.org.br\/site2022\/wp-json\/wp\/v2\/users\/2"}],"replies":[{"embeddable":true,"href":"https:\/\/sindicatodosbancarios.org.br\/site2022\/wp-json\/wp\/v2\/comments?post=3203"}],"version-history":[{"count":1,"href":"https:\/\/sindicatodosbancarios.org.br\/site2022\/wp-json\/wp\/v2\/posts\/3203\/revisions"}],"predecessor-version":[{"id":3205,"href":"https:\/\/sindicatodosbancarios.org.br\/site2022\/wp-json\/wp\/v2\/posts\/3203\/revisions\/3205"}],"wp:featuredmedia":[{"embeddable":true,"href":"https:\/\/sindicatodosbancarios.org.br\/site2022\/wp-json\/wp\/v2\/media\/3204"}],"wp:attachment":[{"href":"https:\/\/sindicatodosbancarios.org.br\/site2022\/wp-json\/wp\/v2\/media?parent=3203"}],"wp:term":[{"taxonomy":"category","embeddable":true,"href":"https:\/\/sindicatodosbancarios.org.br\/site2022\/wp-json\/wp\/v2\/categories?post=3203"},{"taxonomy":"post_tag","embeddable":true,"href":"https:\/\/sindicatodosbancarios.org.br\/site2022\/wp-json\/wp\/v2\/tags?post=3203"}],"curies":[{"name":"wp","href":"https:\/\/api.w.org\/{rel}","templated":true}]}}