{"id":3230,"date":"2019-12-09T14:44:15","date_gmt":"2019-12-09T17:44:15","guid":{"rendered":"https:\/\/sindicatodosbancarios.org.br\/?p=3230"},"modified":"2019-12-09T14:44:15","modified_gmt":"2019-12-09T17:44:15","slug":"informe-bancario-78-2019-alta-do-fgts-de-r500-para-r998-beneficia-101-mi-diz-jornal","status":"publish","type":"post","link":"https:\/\/sindicatodosbancarios.org.br\/site2022\/2019\/12\/09\/informe-bancario-78-2019-alta-do-fgts-de-r500-para-r998-beneficia-101-mi-diz-jornal\/","title":{"rendered":"INFORME BANC\u00c1RIO &#8211; 78\/2019 &#8211;   ALTA DO FGTS DE R$500 PARA R$998 BENEFICIA 10,1 MI, DIZ JORNAL"},"content":{"rendered":"<p>Ap\u00f3s a mudan\u00e7a do limite para o saque-imediato do FGTS (Fundo de Garantia do Tempo de Servi\u00e7o), de R$ 500 para R$ 998, a Caixa Econ\u00f4mica Federal deve liberar at\u00e9 o Natal R$ 2,6 bilh\u00f5es para 10,1 milh\u00f5es de trabalhadores, informou o jornal &#8220;O Globo&#8221;.<\/p>\n<p>O Congresso aprovou a medida provis\u00f3ria (MP) que libera o saque do FGTS com mudan\u00e7as em rela\u00e7\u00e3o ao texto original enviado pelo governo. A principal altera\u00e7\u00e3o define que quem tinha at\u00e9 um sal\u00e1rio m\u00ednimo (R$ 998) na conta do FGTS em 24 de julho, quando a medida entrou em vigor, poder\u00e1 sacar esse valor todo, em vez de at\u00e9 R$ 500.<\/p>\n<p>As mudan\u00e7as feitas pelos parlamentares ainda n\u00e3o est\u00e3o valendo. O texto foi enviado para san\u00e7\u00e3o do presidente Jair Bolsonaro no fim de novembro para virar lei.<\/p>\n<p>Segundo o jornal, A Caixa j\u00e1 est\u00e1 preparada para fazer os pagamentos e aguarda apenas a san\u00e7\u00e3o do projeto. N\u00e3o haver\u00e1 cronograma especial. Tamb\u00e9m ser\u00e1 poss\u00edvel sacar os recursos nas ag\u00eancias lot\u00e9ricas. Quem tem conta poupan\u00e7a no banco ter\u00e1 o dinheiro depositado automaticamente.<\/p>\n<p><span style=\"font-size: 8pt;\">Fonte:Do UOL, em S\u00e3o Paulo 07\/12\/2019.<\/span><\/p>\n<p>&nbsp;<\/p>\n","protected":false},"excerpt":{"rendered":"<p>Ap\u00f3s a mudan\u00e7a do limite para o saque-imediato do FGTS (Fundo de Garantia do Tempo de Servi\u00e7o), de [&hellip;]<\/p>\n","protected":false},"author":2,"featured_media":3231,"comment_status":"open","ping_status":"open","sticky":false,"template":"","format":"standard","meta":{"jetpack_post_was_ever_published":false,"jetpack_publicize_message":"","jetpack_is_tweetstorm":false,"jetpack_publicize_feature_enabled":true,"jetpack_social_post_already_shared":true,"jetpack_social_options":[]},"categories":[1],"tags":[],"jetpack_publicize_connections":[],"acf":[],"yoast_head":"<!-- This site is optimized with the Yoast SEO plugin v19.14 - https:\/\/yoast.com\/wordpress\/plugins\/seo\/ -->\n<title>INFORME BANC\u00c1RIO - 78\/2019 -  ALTA DO FGTS DE R$500 PARA R$998 BENEFICIA 10,1 MI, DIZ JORNAL - Sindicato dos Banc\u00e1rios de S\u00e3o Bento do Sul e Regi\u00e3o<\/title>\n<meta name=\"robots\" content=\"index, follow, max-snippet:-1, max-image-preview:large, max-video-preview:-1\" \/>\n<link rel=\"canonical\" href=\"https:\/\/sindicatodosbancarios.org.br\/site2022\/2019\/12\/09\/informe-bancario-78-2019-alta-do-fgts-de-r500-para-r998-beneficia-101-mi-diz-jornal\/\" \/>\n<meta property=\"og:locale\" content=\"pt_BR\" \/>\n<meta property=\"og:type\" content=\"article\" \/>\n<meta property=\"og:title\" content=\"INFORME BANC\u00c1RIO - 78\/2019 -  ALTA DO FGTS DE R$500 PARA R$998 BENEFICIA 10,1 MI, DIZ JORNAL - Sindicato dos Banc\u00e1rios de S\u00e3o Bento do Sul e Regi\u00e3o\" \/>\n<meta property=\"og:description\" content=\"Ap\u00f3s a mudan\u00e7a do limite para o saque-imediato do FGTS (Fundo de Garantia do Tempo de Servi\u00e7o), de [&hellip;]\" \/>\n<meta property=\"og:url\" content=\"https:\/\/sindicatodosbancarios.org.br\/site2022\/2019\/12\/09\/informe-bancario-78-2019-alta-do-fgts-de-r500-para-r998-beneficia-101-mi-diz-jornal\/\" \/>\n<meta property=\"og:site_name\" content=\"Sindicato dos Banc\u00e1rios de S\u00e3o Bento do Sul e Regi\u00e3o\" \/>\n<meta property=\"article:author\" content=\"https:\/\/www.facebook.com\/seeb.sbs.9\" \/>\n<meta property=\"article:published_time\" content=\"2019-12-09T17:44:15+00:00\" \/>\n<meta property=\"og:image\" content=\"https:\/\/sindicatodosbancarios.org.br\/site2022\/wp-content\/uploads\/2019\/12\/FGTS.jpg\" \/>\n\t<meta property=\"og:image:width\" content=\"2077\" \/>\n\t<meta property=\"og:image:height\" content=\"1277\" \/>\n\t<meta property=\"og:image:type\" content=\"image\/jpeg\" \/>\n<meta name=\"author\" content=\"Sindicato dos Banc\u00e1rios S\u00e3o Bento do Sul e Regi\u00e3o\" \/>\n<meta name=\"twitter:card\" content=\"summary_large_image\" \/>\n<meta name=\"twitter:label1\" content=\"Escrito por\" \/>\n\t<meta name=\"twitter:data1\" content=\"Sindicato dos Banc\u00e1rios S\u00e3o Bento do Sul e Regi\u00e3o\" \/>\n\t<meta name=\"twitter:label2\" content=\"Est. tempo de leitura\" \/>\n\t<meta name=\"twitter:data2\" content=\"1 minuto\" \/>\n<script type=\"application\/ld+json\" class=\"yoast-schema-graph\">{\"@context\":\"https:\/\/schema.org\",\"@graph\":[{\"@type\":\"Article\",\"@id\":\"https:\/\/sindicatodosbancarios.org.br\/site2022\/2019\/12\/09\/informe-bancario-78-2019-alta-do-fgts-de-r500-para-r998-beneficia-101-mi-diz-jornal\/#article\",\"isPartOf\":{\"@id\":\"https:\/\/sindicatodosbancarios.org.br\/site2022\/2019\/12\/09\/informe-bancario-78-2019-alta-do-fgts-de-r500-para-r998-beneficia-101-mi-diz-jornal\/\"},\"author\":{\"name\":\"Sindicato dos Banc\u00e1rios S\u00e3o Bento do Sul e Regi\u00e3o\",\"@id\":\"https:\/\/sindicatodosbancarios.org.br\/site2022\/#\/schema\/person\/a7d92da77d1084df4d28b57962f1e1bd\"},\"headline\":\"INFORME BANC\u00c1RIO &#8211; 78\/2019 &#8211; ALTA DO FGTS DE R$500 PARA R$998 BENEFICIA 10,1 MI, DIZ JORNAL\",\"datePublished\":\"2019-12-09T17:44:15+00:00\",\"dateModified\":\"2019-12-09T17:44:15+00:00\",\"mainEntityOfPage\":{\"@id\":\"https:\/\/sindicatodosbancarios.org.br\/site2022\/2019\/12\/09\/informe-bancario-78-2019-alta-do-fgts-de-r500-para-r998-beneficia-101-mi-diz-jornal\/\"},\"wordCount\":215,\"commentCount\":0,\"publisher\":{\"@id\":\"https:\/\/sindicatodosbancarios.org.br\/site2022\/#organization\"},\"articleSection\":[\"Geral\"],\"inLanguage\":\"pt-BR\",\"potentialAction\":[{\"@type\":\"CommentAction\",\"name\":\"Comment\",\"target\":[\"https:\/\/sindicatodosbancarios.org.br\/site2022\/2019\/12\/09\/informe-bancario-78-2019-alta-do-fgts-de-r500-para-r998-beneficia-101-mi-diz-jornal\/#respond\"]}]},{\"@type\":\"WebPage\",\"@id\":\"https:\/\/sindicatodosbancarios.org.br\/site2022\/2019\/12\/09\/informe-bancario-78-2019-alta-do-fgts-de-r500-para-r998-beneficia-101-mi-diz-jornal\/\",\"url\":\"https:\/\/sindicatodosbancarios.org.br\/site2022\/2019\/12\/09\/informe-bancario-78-2019-alta-do-fgts-de-r500-para-r998-beneficia-101-mi-diz-jornal\/\",\"name\":\"INFORME BANC\u00c1RIO - 78\/2019 - ALTA DO FGTS DE R$500 PARA R$998 BENEFICIA 10,1 MI, DIZ JORNAL - Sindicato dos Banc\u00e1rios de S\u00e3o Bento do Sul e Regi\u00e3o\",\"isPartOf\":{\"@id\":\"https:\/\/sindicatodosbancarios.org.br\/site2022\/#website\"},\"datePublished\":\"2019-12-09T17:44:15+00:00\",\"dateModified\":\"2019-12-09T17:44:15+00:00\",\"breadcrumb\":{\"@id\":\"https:\/\/sindicatodosbancarios.org.br\/site2022\/2019\/12\/09\/informe-bancario-78-2019-alta-do-fgts-de-r500-para-r998-beneficia-101-mi-diz-jornal\/#breadcrumb\"},\"inLanguage\":\"pt-BR\",\"potentialAction\":[{\"@type\":\"ReadAction\",\"target\":[\"https:\/\/sindicatodosbancarios.org.br\/site2022\/2019\/12\/09\/informe-bancario-78-2019-alta-do-fgts-de-r500-para-r998-beneficia-101-mi-diz-jornal\/\"]}]},{\"@type\":\"BreadcrumbList\",\"@id\":\"https:\/\/sindicatodosbancarios.org.br\/site2022\/2019\/12\/09\/informe-bancario-78-2019-alta-do-fgts-de-r500-para-r998-beneficia-101-mi-diz-jornal\/#breadcrumb\",\"itemListElement\":[{\"@type\":\"ListItem\",\"position\":1,\"name\":\"In\u00edcio\",\"item\":\"https:\/\/sindicatodosbancarios.org.br\/site2022\/\"},{\"@type\":\"ListItem\",\"position\":2,\"name\":\"INFORME BANC\u00c1RIO &#8211; 78\/2019 &#8211; ALTA DO FGTS DE R$500 PARA R$998 BENEFICIA 10,1 MI, DIZ JORNAL\"}]},{\"@type\":\"WebSite\",\"@id\":\"https:\/\/sindicatodosbancarios.org.br\/site2022\/#website\",\"url\":\"https:\/\/sindicatodosbancarios.org.br\/site2022\/\",\"name\":\"Sindicato dos Banc\u00e1rios de S\u00e3o Bento do Sul e Regi\u00e3o\",\"description\":\"Website institucional do Sindicato dos Banc\u00e1rios de S\u00e3o Bento do Sul e Regi\u00e3o\",\"publisher\":{\"@id\":\"https:\/\/sindicatodosbancarios.org.br\/site2022\/#organization\"},\"potentialAction\":[{\"@type\":\"SearchAction\",\"target\":{\"@type\":\"EntryPoint\",\"urlTemplate\":\"https:\/\/sindicatodosbancarios.org.br\/site2022\/?s={search_term_string}\"},\"query-input\":\"required name=search_term_string\"}],\"inLanguage\":\"pt-BR\"},{\"@type\":\"Organization\",\"@id\":\"https:\/\/sindicatodosbancarios.org.br\/site2022\/#organization\",\"name\":\"Sindicato dos Banc\u00e1rios de S\u00e3o Bento do Sul e Regi\u00e3o\",\"url\":\"https:\/\/sindicatodosbancarios.org.br\/site2022\/\",\"logo\":{\"@type\":\"ImageObject\",\"inLanguage\":\"pt-BR\",\"@id\":\"https:\/\/sindicatodosbancarios.org.br\/site2022\/#\/schema\/logo\/image\/\",\"url\":\"https:\/\/sindicatodosbancarios.org.br\/site2022\/wp-content\/uploads\/2017\/06\/cropped-logo-2.png\",\"contentUrl\":\"https:\/\/sindicatodosbancarios.org.br\/site2022\/wp-content\/uploads\/2017\/06\/cropped-logo-2.png\",\"width\":292,\"height\":292,\"caption\":\"Sindicato dos Banc\u00e1rios de S\u00e3o Bento do Sul e Regi\u00e3o\"},\"image\":{\"@id\":\"https:\/\/sindicatodosbancarios.org.br\/site2022\/#\/schema\/logo\/image\/\"}},{\"@type\":\"Person\",\"@id\":\"https:\/\/sindicatodosbancarios.org.br\/site2022\/#\/schema\/person\/a7d92da77d1084df4d28b57962f1e1bd\",\"name\":\"Sindicato dos Banc\u00e1rios S\u00e3o Bento do Sul e Regi\u00e3o\",\"image\":{\"@type\":\"ImageObject\",\"inLanguage\":\"pt-BR\",\"@id\":\"https:\/\/sindicatodosbancarios.org.br\/site2022\/#\/schema\/person\/image\/\",\"url\":\"https:\/\/secure.gravatar.com\/avatar\/f1d1a06f698f2345352e539387180d42?s=96&d=mm&r=g\",\"contentUrl\":\"https:\/\/secure.gravatar.com\/avatar\/f1d1a06f698f2345352e539387180d42?s=96&d=mm&r=g\",\"caption\":\"Sindicato dos Banc\u00e1rios S\u00e3o Bento do Sul e Regi\u00e3o\"},\"sameAs\":[\"http:\/\/sindicatodosbancarios.org.br\/site2022\/\",\"https:\/\/www.facebook.com\/seeb.sbs.9\"],\"url\":\"https:\/\/sindicatodosbancarios.org.br\/site2022\/author\/sindicatodosbancarios\/\"}]}<\/script>\n<!-- \/ Yoast SEO plugin. -->","yoast_head_json":{"title":"INFORME BANC\u00c1RIO - 78\/2019 -  ALTA DO FGTS DE R$500 PARA R$998 BENEFICIA 10,1 MI, DIZ JORNAL - Sindicato dos Banc\u00e1rios de S\u00e3o Bento do Sul e Regi\u00e3o","robots":{"index":"index","follow":"follow","max-snippet":"max-snippet:-1","max-image-preview":"max-image-preview:large","max-video-preview":"max-video-preview:-1"},"canonical":"https:\/\/sindicatodosbancarios.org.br\/site2022\/2019\/12\/09\/informe-bancario-78-2019-alta-do-fgts-de-r500-para-r998-beneficia-101-mi-diz-jornal\/","og_locale":"pt_BR","og_type":"article","og_title":"INFORME BANC\u00c1RIO - 78\/2019 -  ALTA DO FGTS DE R$500 PARA R$998 BENEFICIA 10,1 MI, DIZ JORNAL - Sindicato dos Banc\u00e1rios de S\u00e3o Bento do Sul e Regi\u00e3o","og_description":"Ap\u00f3s a mudan\u00e7a do limite para o saque-imediato do FGTS (Fundo de Garantia do Tempo de Servi\u00e7o), de [&hellip;]","og_url":"https:\/\/sindicatodosbancarios.org.br\/site2022\/2019\/12\/09\/informe-bancario-78-2019-alta-do-fgts-de-r500-para-r998-beneficia-101-mi-diz-jornal\/","og_site_name":"Sindicato dos Banc\u00e1rios de S\u00e3o Bento do Sul e Regi\u00e3o","article_author":"https:\/\/www.facebook.com\/seeb.sbs.9","article_published_time":"2019-12-09T17:44:15+00:00","og_image":[{"width":2077,"height":1277,"url":"https:\/\/sindicatodosbancarios.org.br\/site2022\/wp-content\/uploads\/2019\/12\/FGTS.jpg","type":"image\/jpeg"}],"author":"Sindicato dos Banc\u00e1rios S\u00e3o Bento do Sul e Regi\u00e3o","twitter_card":"summary_large_image","twitter_misc":{"Escrito por":"Sindicato dos Banc\u00e1rios S\u00e3o Bento do Sul e Regi\u00e3o","Est. tempo de leitura":"1 minuto"},"schema":{"@context":"https:\/\/schema.org","@graph":[{"@type":"Article","@id":"https:\/\/sindicatodosbancarios.org.br\/site2022\/2019\/12\/09\/informe-bancario-78-2019-alta-do-fgts-de-r500-para-r998-beneficia-101-mi-diz-jornal\/#article","isPartOf":{"@id":"https:\/\/sindicatodosbancarios.org.br\/site2022\/2019\/12\/09\/informe-bancario-78-2019-alta-do-fgts-de-r500-para-r998-beneficia-101-mi-diz-jornal\/"},"author":{"name":"Sindicato dos Banc\u00e1rios S\u00e3o Bento do Sul e Regi\u00e3o","@id":"https:\/\/sindicatodosbancarios.org.br\/site2022\/#\/schema\/person\/a7d92da77d1084df4d28b57962f1e1bd"},"headline":"INFORME BANC\u00c1RIO &#8211; 78\/2019 &#8211; ALTA DO FGTS DE R$500 PARA R$998 BENEFICIA 10,1 MI, DIZ JORNAL","datePublished":"2019-12-09T17:44:15+00:00","dateModified":"2019-12-09T17:44:15+00:00","mainEntityOfPage":{"@id":"https:\/\/sindicatodosbancarios.org.br\/site2022\/2019\/12\/09\/informe-bancario-78-2019-alta-do-fgts-de-r500-para-r998-beneficia-101-mi-diz-jornal\/"},"wordCount":215,"commentCount":0,"publisher":{"@id":"https:\/\/sindicatodosbancarios.org.br\/site2022\/#organization"},"articleSection":["Geral"],"inLanguage":"pt-BR","potentialAction":[{"@type":"CommentAction","name":"Comment","target":["https:\/\/sindicatodosbancarios.org.br\/site2022\/2019\/12\/09\/informe-bancario-78-2019-alta-do-fgts-de-r500-para-r998-beneficia-101-mi-diz-jornal\/#respond"]}]},{"@type":"WebPage","@id":"https:\/\/sindicatodosbancarios.org.br\/site2022\/2019\/12\/09\/informe-bancario-78-2019-alta-do-fgts-de-r500-para-r998-beneficia-101-mi-diz-jornal\/","url":"https:\/\/sindicatodosbancarios.org.br\/site2022\/2019\/12\/09\/informe-bancario-78-2019-alta-do-fgts-de-r500-para-r998-beneficia-101-mi-diz-jornal\/","name":"INFORME BANC\u00c1RIO - 78\/2019 - ALTA DO FGTS DE R$500 PARA R$998 BENEFICIA 10,1 MI, DIZ JORNAL - Sindicato dos Banc\u00e1rios de S\u00e3o Bento do Sul e Regi\u00e3o","isPartOf":{"@id":"https:\/\/sindicatodosbancarios.org.br\/site2022\/#website"},"datePublished":"2019-12-09T17:44:15+00:00","dateModified":"2019-12-09T17:44:15+00:00","breadcrumb":{"@id":"https:\/\/sindicatodosbancarios.org.br\/site2022\/2019\/12\/09\/informe-bancario-78-2019-alta-do-fgts-de-r500-para-r998-beneficia-101-mi-diz-jornal\/#breadcrumb"},"inLanguage":"pt-BR","potentialAction":[{"@type":"ReadAction","target":["https:\/\/sindicatodosbancarios.org.br\/site2022\/2019\/12\/09\/informe-bancario-78-2019-alta-do-fgts-de-r500-para-r998-beneficia-101-mi-diz-jornal\/"]}]},{"@type":"BreadcrumbList","@id":"https:\/\/sindicatodosbancarios.org.br\/site2022\/2019\/12\/09\/informe-bancario-78-2019-alta-do-fgts-de-r500-para-r998-beneficia-101-mi-diz-jornal\/#breadcrumb","itemListElement":[{"@type":"ListItem","position":1,"name":"In\u00edcio","item":"https:\/\/sindicatodosbancarios.org.br\/site2022\/"},{"@type":"ListItem","position":2,"name":"INFORME BANC\u00c1RIO &#8211; 78\/2019 &#8211; ALTA DO FGTS DE R$500 PARA R$998 BENEFICIA 10,1 MI, DIZ JORNAL"}]},{"@type":"WebSite","@id":"https:\/\/sindicatodosbancarios.org.br\/site2022\/#website","url":"https:\/\/sindicatodosbancarios.org.br\/site2022\/","name":"Sindicato dos Banc\u00e1rios de S\u00e3o Bento do Sul e Regi\u00e3o","description":"Website institucional do Sindicato dos Banc\u00e1rios de S\u00e3o Bento do Sul e Regi\u00e3o","publisher":{"@id":"https:\/\/sindicatodosbancarios.org.br\/site2022\/#organization"},"potentialAction":[{"@type":"SearchAction","target":{"@type":"EntryPoint","urlTemplate":"https:\/\/sindicatodosbancarios.org.br\/site2022\/?s={search_term_string}"},"query-input":"required name=search_term_string"}],"inLanguage":"pt-BR"},{"@type":"Organization","@id":"https:\/\/sindicatodosbancarios.org.br\/site2022\/#organization","name":"Sindicato dos Banc\u00e1rios de S\u00e3o Bento do Sul e Regi\u00e3o","url":"https:\/\/sindicatodosbancarios.org.br\/site2022\/","logo":{"@type":"ImageObject","inLanguage":"pt-BR","@id":"https:\/\/sindicatodosbancarios.org.br\/site2022\/#\/schema\/logo\/image\/","url":"https:\/\/sindicatodosbancarios.org.br\/site2022\/wp-content\/uploads\/2017\/06\/cropped-logo-2.png","contentUrl":"https:\/\/sindicatodosbancarios.org.br\/site2022\/wp-content\/uploads\/2017\/06\/cropped-logo-2.png","width":292,"height":292,"caption":"Sindicato dos Banc\u00e1rios de S\u00e3o Bento do Sul e Regi\u00e3o"},"image":{"@id":"https:\/\/sindicatodosbancarios.org.br\/site2022\/#\/schema\/logo\/image\/"}},{"@type":"Person","@id":"https:\/\/sindicatodosbancarios.org.br\/site2022\/#\/schema\/person\/a7d92da77d1084df4d28b57962f1e1bd","name":"Sindicato dos Banc\u00e1rios S\u00e3o Bento do Sul e Regi\u00e3o","image":{"@type":"ImageObject","inLanguage":"pt-BR","@id":"https:\/\/sindicatodosbancarios.org.br\/site2022\/#\/schema\/person\/image\/","url":"https:\/\/secure.gravatar.com\/avatar\/f1d1a06f698f2345352e539387180d42?s=96&d=mm&r=g","contentUrl":"https:\/\/secure.gravatar.com\/avatar\/f1d1a06f698f2345352e539387180d42?s=96&d=mm&r=g","caption":"Sindicato dos Banc\u00e1rios S\u00e3o Bento do Sul e Regi\u00e3o"},"sameAs":["http:\/\/sindicatodosbancarios.org.br\/site2022\/","https:\/\/www.facebook.com\/seeb.sbs.9"],"url":"https:\/\/sindicatodosbancarios.org.br\/site2022\/author\/sindicatodosbancarios\/"}]}},"jetpack_featured_media_url":"https:\/\/sindicatodosbancarios.org.br\/site2022\/wp-content\/uploads\/2019\/12\/FGTS.jpg","jetpack_sharing_enabled":true,"jetpack_shortlink":"https:\/\/wp.me\/p8RSbI-Q6","jetpack-related-posts":[{"id":5352,"url":"https:\/\/sindicatodosbancarios.org.br\/site2022\/2021\/04\/29\/informe-bancarios-112-2021-trabalhadores-podem-receber-uma-bolada-com-a-correcao-do-fgts\/","url_meta":{"origin":3230,"position":0},"title":"INFORME BANC\u00c1RIOS \u2013 112\/2021 Trabalhadores podem receber uma bolada com a corre\u00e7\u00e3o do FGTS","date":"29 de abril de 2021","format":false,"excerpt":"O Fundo de Garantia do Tempo de Servi\u00e7o (FGTS) \u00e9 uma conta aberta em nome do trabalhador vinculada ao contrato de trabalho em que as empresas precisam depositar todos os meses 8% do sal\u00e1rio do colaborador nessa conta do fundo com o objetivo de proteger o trabalhador que venha a\u2026","rel":"","context":"Em &quot;Geral&quot;","img":{"alt_text":"","src":"https:\/\/i0.wp.com\/sindicatodosbancarios.org.br\/site2022\/wp-content\/uploads\/2021\/04\/DINHEIRO-2-1024x613.jpg?resize=350%2C200&ssl=1","width":350,"height":200},"classes":[]},{"id":5858,"url":"https:\/\/sindicatodosbancarios.org.br\/site2022\/2022\/01\/04\/informe-bancario-02-2022-mei-deve-ter-novas-regras-e-obrigacoes-em-2022-confira\/","url_meta":{"origin":3230,"position":1},"title":"INFORME BANC\u00c1RIO \u2013 02\/2022 MEI deve ter novas regras e obriga\u00e7\u00f5es em 2022, confira","date":"4 de janeiro de 2022","format":false,"excerpt":"2022 deve ser um ano com altera\u00e7\u00f5es nas obriga\u00e7\u00f5es de quem \u00e9 Microempreendedor Individual (MEI). Em suma, o MEI deve ter novos compromissos trabalhistas e tamb\u00e9m previdenci\u00e1rios. As mudan\u00e7as dizem respeito ao limite de receita bruta anual e tamb\u00e9m na contrata\u00e7\u00e3o de funcion\u00e1rios. O texto com altera\u00e7\u00f5es recebeu a aprova\u00e7\u00e3o\u2026","rel":"","context":"Em &quot;Geral&quot;","img":{"alt_text":"","src":"https:\/\/i0.wp.com\/sindicatodosbancarios.org.br\/site2022\/wp-content\/uploads\/2022\/01\/MEI-1.jpg?resize=350%2C200&ssl=1","width":350,"height":200},"classes":[]},{"id":5623,"url":"https:\/\/sindicatodosbancarios.org.br\/site2022\/2021\/08\/19\/informe-bancario-195-2021-camara-conclui-aprovacao-de-nova-reforma-trabalhista-texto-vai-ao-senado\/","url_meta":{"origin":3230,"position":2},"title":"INFORME BANC\u00c1RIO \u2013 195\/2021 C\u00e2mara conclui aprova\u00e7\u00e3o de nova reforma trabalhista; texto vai ao Senado","date":"19 de agosto de 2021","format":false,"excerpt":"A C\u00e2mara dos Deputados concluiu nesta quinta-feira (12) a vota\u00e7\u00e3o de uma nova reforma trabalhista, mudando uma s\u00e9rie de regras para os trabalhadores. O texto-base da proposta j\u00e1 havia sido aprovado na ter\u00e7a, e agora os deputados conclu\u00edram a vota\u00e7\u00e3o de destaques, que s\u00e3o mudan\u00e7as no texto. Todos eles foram\u2026","rel":"","context":"Em &quot;Geral&quot;","img":{"alt_text":"","src":"https:\/\/i0.wp.com\/sindicatodosbancarios.org.br\/site2022\/wp-content\/uploads\/2021\/08\/Nova-reforma-trabalhista-com-reducao-de-salarios-750x450.jpeg?resize=350%2C200&ssl=1","width":350,"height":200},"classes":[]},{"id":6250,"url":"https:\/\/sindicatodosbancarios.org.br\/site2022\/2022\/04\/06\/informe-bancario-35-2022-governo-publica-novas-regras-para-vale-alimentacao-e-vale-refeicao-veja\/","url_meta":{"origin":3230,"position":3},"title":"INFORME BANC\u00c1RIO \u2013 35\/2022 Governo publica novas regras para vale-alimenta\u00e7\u00e3o e vale-refei\u00e7\u00e3o; veja","date":"6 de abril de 2022","format":false,"excerpt":"O governo publicou na edi\u00e7\u00e3o desta segunda-feira (28) do Di\u00e1rio Oficial da Uni\u00e3o as novas regras para o vale-alimenta\u00e7\u00e3o e vale-refei\u00e7\u00e3o dos trabalhadores. A partir de agora, o benef\u00edcio poder\u00e1 ser usado apenas para a compra de refei\u00e7\u00f5es e alimentos \u2014o governo alega que antes ele era destinado a servi\u00e7os\u2026","rel":"","context":"Em &quot;Geral&quot;","img":{"alt_text":"","src":"https:\/\/i0.wp.com\/sindicatodosbancarios.org.br\/site2022\/wp-content\/uploads\/2022\/04\/original-1cf99c36e61cf20e4ec25821fc1eeb70.jpg?resize=350%2C200&ssl=1","width":350,"height":200},"classes":[]},{"id":5654,"url":"https:\/\/sindicatodosbancarios.org.br\/site2022\/2021\/09\/01\/informe-bancario-204-2021-inss-5-direitos-que-os-aposentados-tem-mas-nao-sabem\/","url_meta":{"origin":3230,"position":4},"title":"INFORME BANC\u00c1RIO \u2013 204\/2021 INSS: 5 Direitos Que Os Aposentados t\u00eam, Mas N\u00e3o Sabem","date":"1 de setembro de 2021","format":false,"excerpt":"Chegar a aposentadoria \u00e9 um feito marcante na vida de todo trabalhador, at\u00e9 porque, a aposentadoria \u00e9 sin\u00f4nimo de uma vida de trabalho, onde agora o segurado busca pela tranquilidade depois de muitos anos corridos. No entanto, al\u00e9m de garantir a aposentadoria, o segurado que chega a se aposentar pelo\u2026","rel":"","context":"Em &quot;Geral&quot;","img":{"alt_text":"","src":"https:\/\/i0.wp.com\/sindicatodosbancarios.org.br\/site2022\/wp-content\/uploads\/2021\/09\/idoso-aposentadoria.jpg?resize=350%2C200&ssl=1","width":350,"height":200},"classes":[]},{"id":5420,"url":"https:\/\/sindicatodosbancarios.org.br\/site2022\/2021\/06\/01\/informe-bancario-131-2021-fgts-inss-ferias-e-13o-o-que-muda-com-a-reducao-de-jornada-e-suspensao-dos-contratos-de-trabalho\/","url_meta":{"origin":3230,"position":5},"title":"INFORME BANC\u00c1RIO \u2013 131\/2021 FGTS, INSS, f\u00e9rias e 13\u00ba: o que muda com a redu\u00e7\u00e3o de jornada e suspens\u00e3o dos contratos de trabalho","date":"1 de junho de 2021","format":false,"excerpt":"Recolhimento do FGTS, por exemplo, passa a ser calculado sobre o sal\u00e1rio reduzido em casos de diminui\u00e7\u00e3o de jornada. O governo relan\u00e7ou, no final de abril, duas Medidas Provis\u00f3rias (MPs) que permitem a\u00a0redu\u00e7\u00e3o da jornada e a suspens\u00e3o dos contratos de trabalho\u00a0e trazem medidas que\u00a0flexibilizam regras trabalhistas referentes a direitos\u2026","rel":"","context":"Em &quot;Geral&quot;","img":{"alt_text":"","src":"https:\/\/i0.wp.com\/sindicatodosbancarios.org.br\/site2022\/wp-content\/uploads\/2020\/11\/Justificando-Ventura-Pedroza-Carteira-de-trabalho-coronavirus.png?resize=350%2C200&ssl=1","width":350,"height":200},"classes":[]}],"_links":{"self":[{"href":"https:\/\/sindicatodosbancarios.org.br\/site2022\/wp-json\/wp\/v2\/posts\/3230"}],"collection":[{"href":"https:\/\/sindicatodosbancarios.org.br\/site2022\/wp-json\/wp\/v2\/posts"}],"about":[{"href":"https:\/\/sindicatodosbancarios.org.br\/site2022\/wp-json\/wp\/v2\/types\/post"}],"author":[{"embeddable":true,"href":"https:\/\/sindicatodosbancarios.org.br\/site2022\/wp-json\/wp\/v2\/users\/2"}],"replies":[{"embeddable":true,"href":"https:\/\/sindicatodosbancarios.org.br\/site2022\/wp-json\/wp\/v2\/comments?post=3230"}],"version-history":[{"count":1,"href":"https:\/\/sindicatodosbancarios.org.br\/site2022\/wp-json\/wp\/v2\/posts\/3230\/revisions"}],"predecessor-version":[{"id":3232,"href":"https:\/\/sindicatodosbancarios.org.br\/site2022\/wp-json\/wp\/v2\/posts\/3230\/revisions\/3232"}],"wp:featuredmedia":[{"embeddable":true,"href":"https:\/\/sindicatodosbancarios.org.br\/site2022\/wp-json\/wp\/v2\/media\/3231"}],"wp:attachment":[{"href":"https:\/\/sindicatodosbancarios.org.br\/site2022\/wp-json\/wp\/v2\/media?parent=3230"}],"wp:term":[{"taxonomy":"category","embeddable":true,"href":"https:\/\/sindicatodosbancarios.org.br\/site2022\/wp-json\/wp\/v2\/categories?post=3230"},{"taxonomy":"post_tag","embeddable":true,"href":"https:\/\/sindicatodosbancarios.org.br\/site2022\/wp-json\/wp\/v2\/tags?post=3230"}],"curies":[{"name":"wp","href":"https:\/\/api.w.org\/{rel}","templated":true}]}}