{"id":3236,"date":"2019-12-10T16:08:41","date_gmt":"2019-12-10T19:08:41","guid":{"rendered":"https:\/\/sindicatodosbancarios.org.br\/?p=3236"},"modified":"2019-12-10T16:08:41","modified_gmt":"2019-12-10T19:08:41","slug":"informe-bancario-080-2019-segurados-do-inss-podem-ficar-sem-50-do-decimo-13-no-meio-do-ano","status":"publish","type":"post","link":"https:\/\/sindicatodosbancarios.org.br\/site2022\/2019\/12\/10\/informe-bancario-080-2019-segurados-do-inss-podem-ficar-sem-50-do-decimo-13-no-meio-do-ano\/","title":{"rendered":"INFORME BANC\u00c1RIO &#8211; 080\/2019 &#8211; SEGURADOS DO INSS PODEM FICAR SEM 50% DO D\u00c9CIMO (13\u00b0) NO MEIO DO ANO"},"content":{"rendered":"<p><strong>Segurados do INSS podem ficar sem 50% do d\u00e9cimo (13\u00ba) no meio do ano.\u00a0<\/strong>Aposentados e pensionistas do INSS, que receberam a segunda parcela do d\u00e9cimo terceiro (13\u00ba) sal\u00e1rio at\u00e9 a \u00faltima sexta-feira, dia 6, poder\u00e3o ficar sem a antecipa\u00e7\u00e3o da metade do abono anual em agosto de 2020, como prometeu o presidente Jair Bolsonaro ao editar a Medida Provisoria 891\/19.<\/p>\n<p>Isto porque esta MP, que foi aprovada em comiss\u00f5es mistas da C\u00e2mara e do Senado, deveria ter sido convertida em lei at\u00e9 o dia 3 de dezembro deste ano, por\u00e9m os parlamentares \u201cvacilaram\u201d e a medida, que estava na pauta, n\u00e3o foi lida em plen\u00e1rio.<\/p>\n<p>As 19h47 o deputado federal Marcos Pereira (Republicanos\/ES), que presidia a sess\u00e3o, cancelou a sess\u00e3o extraordin\u00e1ria convocada para 19h40. Sendo assim a MP 891\/19 perdeu a validade.<\/p>\n<h4>\u00a0agora, o que deve ser feito?<\/h4>\n<p>Com a perda da validade, tudo volta \u00e0 estaca zero. Isto \u00e9, representantes de aposentados e governos ter\u00e3o que negociar para que o pagamento seja antecipado.<\/p>\n<p><strong>\u201cTeremos que voltar \u00e0 mesa de negocia\u00e7\u00e3o com o governo como fazemos desde 2006\u201d,<\/strong>\u00a0lamentou Jo\u00e3o Batista Inocentini, presidente do Sindicato Nacional dos Aposentados e Idosos (Sindnapi).<\/p>\n<div class=\"texto\"><strong>\u201cA regra previa que seria feito o pagamento de metade do 13\u00ba no meio do ano. Ou seja, seria permanente. Mas como a MP n\u00e3o foi votada a cada ano precisar\u00e3o de nova medida para a divis\u00e3o do pagamento\u201d<\/strong>, acrescenta Adriane Bramante, presidente do Instituto Brasileiro de Direito Previdenci\u00e1rio (IBDP).<\/div>\n<div class=\"container\">\n<div class=\"row\">\n<div class=\"col-lg-12 col-md-12 col-sm-12 col-xs-12\">\n<div class=\"publicidade bg-pontilhado mrg-bottom\">\n<div id=\"inline_video\" class=\" lazyloaded\" data-ad-slot=\"inline_video\" data-google-query-id=\"COzWnazTp-YCFYNowQodNiUPpw\">\n<div id=\"google_ads_iframe_\/1009826\/odia_economia_inline-video_0__container__\"><\/div>\n<\/div>\n<\/div>\n<\/div>\n<\/div>\n<\/div>\n<p><strong>\u201c\u00c9 importante destacar que a MP 891 pode perder a validade, mas todos os atos dela nesses \u00faltimos 120 dias valem normalmente, eles n\u00e3o caem\u201d<\/strong>, acrescente Jo\u00e3o Badari, do escrit\u00f3rio Aith, Badari e Luchin Advogados.<\/p>\n<p>Vale lembrar que cerca de 30 milh\u00f5es de pessoas que recebem aposentadoria; aux\u00edlio-doen\u00e7a; aux\u00edlio-acidente; pens\u00e3o por morte ou aux\u00edlio-reclus\u00e3o s\u00e3o beneficiadas por esta antecipa\u00e7\u00e3o do d\u00e9cimo terceiro (13\u00ba).<\/p>\n<p>Desde 2006, a antecipa\u00e7\u00e3o do abono vinha sendo definida por meio de decreto assinado pelo presidente da Rep\u00fablica. Entretanto, o pagamento de metade do valor em agosto depende do caixa do governo.<\/p>\n<h4><strong>Aux\u00edlio-doen\u00e7a<\/strong><\/h4>\n<p>O relator da MP 891 na C\u00e2mara, deputado Fernando Rodolfo (PL-PE), incluiu em seu relat\u00f3rio uma proposta para que as empresas assumam o pagamento do aux\u00edlio-doen\u00e7a de seus funcion\u00e1rios por 120 dias. Hoje, essa cobertura vai s\u00f3 at\u00e9 o 15\u00ba dia de licen\u00e7a. Essa medida tamb\u00e9m pode caducar.<\/p>\n<p>De acordo com o relator, a ideia \u00e9 evitar a demora no pagamento do benef\u00edcio pelo INSS e a enxurrada de processos na Justi\u00e7a. As empresas, segundo a proposta, n\u00e3o teriam preju\u00edzo com a medida, pois poderiam descontar este valor dos tributos devidos \u00e0 Uni\u00e3o.<\/p>\n<p>Atualmente, o funcion\u00e1rio que tiver mais de 15 dias de atestado m\u00e9dico, passa a ter o aux\u00edlio-doen\u00e7a pago pelo governo, por\u00e9m, tem o pagamento salarial de responsabilidade da empresa paralisado. O problema \u00e9 que o primeiro pagamento do governo acontece 40 dias ap\u00f3s a entrada.<\/p>\n<p>Se aprovada a MP, o funcion\u00e1rio n\u00e3o ter\u00e1 mais nenhum \u201cburaco\u201d salarial. Nessa proposta tamb\u00e9m est\u00e1 previsto que a empresa ser\u00e1 respons\u00e1vel pelo exame m\u00e9dico do funcion\u00e1rio.<\/p>\n<p>Micro e pequenas empresas, pequenas cooperativas,<a href=\"https:\/\/www.n1bahia.com.br\/bolsonaro-pede-revogacao-de-medida-que-excluiu-17-atividades-do-mei\/\" target=\"_blank\" rel=\"noopener noreferrer\">\u00a0microempreendedores individuais (MEI)<\/a>, trabalhadores dom\u00e9sticos, contribuintes individuais, trabalhadores avulsos, empregados intermitentes, empregados rurais, n\u00e3o entram nessa medida.<\/p>\n<p><span style=\"font-size: 8pt;\">Fonte:\u00a0 O Dia, N1 Bahia , 09\/12\/19.<\/span><\/p>\n","protected":false},"excerpt":{"rendered":"<p>Segurados do INSS podem ficar sem 50% do d\u00e9cimo (13\u00ba) no meio do ano.\u00a0Aposentados e pensionistas do INSS, [&hellip;]<\/p>\n","protected":false},"author":2,"featured_media":3237,"comment_status":"open","ping_status":"open","sticky":false,"template":"","format":"standard","meta":{"jetpack_post_was_ever_published":false,"jetpack_publicize_message":"","jetpack_is_tweetstorm":false,"jetpack_publicize_feature_enabled":true,"jetpack_social_post_already_shared":true,"jetpack_social_options":[]},"categories":[1],"tags":[],"jetpack_publicize_connections":[],"acf":[],"yoast_head":"<!-- This site is optimized with the Yoast SEO plugin v19.14 - https:\/\/yoast.com\/wordpress\/plugins\/seo\/ -->\n<title>INFORME BANC\u00c1RIO - 080\/2019 - SEGURADOS DO INSS PODEM FICAR SEM 50% DO D\u00c9CIMO (13\u00b0) NO MEIO DO ANO - Sindicato dos Banc\u00e1rios de S\u00e3o Bento do Sul e Regi\u00e3o<\/title>\n<meta name=\"robots\" content=\"index, follow, max-snippet:-1, max-image-preview:large, max-video-preview:-1\" \/>\n<link rel=\"canonical\" href=\"https:\/\/sindicatodosbancarios.org.br\/site2022\/2019\/12\/10\/informe-bancario-080-2019-segurados-do-inss-podem-ficar-sem-50-do-decimo-13-no-meio-do-ano\/\" \/>\n<meta property=\"og:locale\" content=\"pt_BR\" \/>\n<meta property=\"og:type\" content=\"article\" \/>\n<meta property=\"og:title\" content=\"INFORME BANC\u00c1RIO - 080\/2019 - SEGURADOS DO INSS PODEM FICAR SEM 50% DO D\u00c9CIMO (13\u00b0) NO MEIO DO ANO - Sindicato dos Banc\u00e1rios de S\u00e3o Bento do Sul e Regi\u00e3o\" \/>\n<meta property=\"og:description\" content=\"Segurados do INSS podem ficar sem 50% do d\u00e9cimo (13\u00ba) no meio do ano.\u00a0Aposentados e pensionistas do INSS, [&hellip;]\" \/>\n<meta property=\"og:url\" content=\"https:\/\/sindicatodosbancarios.org.br\/site2022\/2019\/12\/10\/informe-bancario-080-2019-segurados-do-inss-podem-ficar-sem-50-do-decimo-13-no-meio-do-ano\/\" \/>\n<meta property=\"og:site_name\" content=\"Sindicato dos Banc\u00e1rios de S\u00e3o Bento do Sul e Regi\u00e3o\" \/>\n<meta property=\"article:author\" content=\"https:\/\/www.facebook.com\/seeb.sbs.9\" \/>\n<meta property=\"article:published_time\" content=\"2019-12-10T19:08:41+00:00\" \/>\n<meta property=\"og:image\" content=\"https:\/\/sindicatodosbancarios.org.br\/site2022\/wp-content\/uploads\/2019\/12\/previdencia-social.jpg\" \/>\n\t<meta property=\"og:image:width\" content=\"288\" \/>\n\t<meta property=\"og:image:height\" content=\"175\" \/>\n\t<meta property=\"og:image:type\" content=\"image\/jpeg\" \/>\n<meta name=\"author\" content=\"Sindicato dos Banc\u00e1rios S\u00e3o Bento do Sul e Regi\u00e3o\" \/>\n<meta name=\"twitter:card\" content=\"summary_large_image\" \/>\n<meta name=\"twitter:label1\" content=\"Escrito por\" \/>\n\t<meta name=\"twitter:data1\" content=\"Sindicato dos Banc\u00e1rios S\u00e3o Bento do Sul e Regi\u00e3o\" \/>\n\t<meta name=\"twitter:label2\" content=\"Est. tempo de leitura\" \/>\n\t<meta name=\"twitter:data2\" content=\"3 minutos\" \/>\n<script type=\"application\/ld+json\" class=\"yoast-schema-graph\">{\"@context\":\"https:\/\/schema.org\",\"@graph\":[{\"@type\":\"Article\",\"@id\":\"https:\/\/sindicatodosbancarios.org.br\/site2022\/2019\/12\/10\/informe-bancario-080-2019-segurados-do-inss-podem-ficar-sem-50-do-decimo-13-no-meio-do-ano\/#article\",\"isPartOf\":{\"@id\":\"https:\/\/sindicatodosbancarios.org.br\/site2022\/2019\/12\/10\/informe-bancario-080-2019-segurados-do-inss-podem-ficar-sem-50-do-decimo-13-no-meio-do-ano\/\"},\"author\":{\"name\":\"Sindicato dos Banc\u00e1rios S\u00e3o Bento do Sul e Regi\u00e3o\",\"@id\":\"https:\/\/sindicatodosbancarios.org.br\/site2022\/#\/schema\/person\/a7d92da77d1084df4d28b57962f1e1bd\"},\"headline\":\"INFORME BANC\u00c1RIO &#8211; 080\/2019 &#8211; SEGURADOS DO INSS PODEM FICAR SEM 50% DO D\u00c9CIMO (13\u00b0) NO MEIO DO ANO\",\"datePublished\":\"2019-12-10T19:08:41+00:00\",\"dateModified\":\"2019-12-10T19:08:41+00:00\",\"mainEntityOfPage\":{\"@id\":\"https:\/\/sindicatodosbancarios.org.br\/site2022\/2019\/12\/10\/informe-bancario-080-2019-segurados-do-inss-podem-ficar-sem-50-do-decimo-13-no-meio-do-ano\/\"},\"wordCount\":586,\"commentCount\":0,\"publisher\":{\"@id\":\"https:\/\/sindicatodosbancarios.org.br\/site2022\/#organization\"},\"articleSection\":[\"Geral\"],\"inLanguage\":\"pt-BR\",\"potentialAction\":[{\"@type\":\"CommentAction\",\"name\":\"Comment\",\"target\":[\"https:\/\/sindicatodosbancarios.org.br\/site2022\/2019\/12\/10\/informe-bancario-080-2019-segurados-do-inss-podem-ficar-sem-50-do-decimo-13-no-meio-do-ano\/#respond\"]}]},{\"@type\":\"WebPage\",\"@id\":\"https:\/\/sindicatodosbancarios.org.br\/site2022\/2019\/12\/10\/informe-bancario-080-2019-segurados-do-inss-podem-ficar-sem-50-do-decimo-13-no-meio-do-ano\/\",\"url\":\"https:\/\/sindicatodosbancarios.org.br\/site2022\/2019\/12\/10\/informe-bancario-080-2019-segurados-do-inss-podem-ficar-sem-50-do-decimo-13-no-meio-do-ano\/\",\"name\":\"INFORME BANC\u00c1RIO - 080\/2019 - SEGURADOS DO INSS PODEM FICAR SEM 50% DO D\u00c9CIMO (13\u00b0) NO MEIO DO ANO - Sindicato dos Banc\u00e1rios de S\u00e3o Bento do Sul e Regi\u00e3o\",\"isPartOf\":{\"@id\":\"https:\/\/sindicatodosbancarios.org.br\/site2022\/#website\"},\"datePublished\":\"2019-12-10T19:08:41+00:00\",\"dateModified\":\"2019-12-10T19:08:41+00:00\",\"breadcrumb\":{\"@id\":\"https:\/\/sindicatodosbancarios.org.br\/site2022\/2019\/12\/10\/informe-bancario-080-2019-segurados-do-inss-podem-ficar-sem-50-do-decimo-13-no-meio-do-ano\/#breadcrumb\"},\"inLanguage\":\"pt-BR\",\"potentialAction\":[{\"@type\":\"ReadAction\",\"target\":[\"https:\/\/sindicatodosbancarios.org.br\/site2022\/2019\/12\/10\/informe-bancario-080-2019-segurados-do-inss-podem-ficar-sem-50-do-decimo-13-no-meio-do-ano\/\"]}]},{\"@type\":\"BreadcrumbList\",\"@id\":\"https:\/\/sindicatodosbancarios.org.br\/site2022\/2019\/12\/10\/informe-bancario-080-2019-segurados-do-inss-podem-ficar-sem-50-do-decimo-13-no-meio-do-ano\/#breadcrumb\",\"itemListElement\":[{\"@type\":\"ListItem\",\"position\":1,\"name\":\"In\u00edcio\",\"item\":\"https:\/\/sindicatodosbancarios.org.br\/site2022\/\"},{\"@type\":\"ListItem\",\"position\":2,\"name\":\"INFORME BANC\u00c1RIO &#8211; 080\/2019 &#8211; SEGURADOS DO INSS PODEM FICAR SEM 50% DO D\u00c9CIMO (13\u00b0) NO MEIO DO ANO\"}]},{\"@type\":\"WebSite\",\"@id\":\"https:\/\/sindicatodosbancarios.org.br\/site2022\/#website\",\"url\":\"https:\/\/sindicatodosbancarios.org.br\/site2022\/\",\"name\":\"Sindicato dos Banc\u00e1rios de S\u00e3o Bento do Sul e Regi\u00e3o\",\"description\":\"Website institucional do Sindicato dos Banc\u00e1rios de S\u00e3o Bento do Sul e Regi\u00e3o\",\"publisher\":{\"@id\":\"https:\/\/sindicatodosbancarios.org.br\/site2022\/#organization\"},\"potentialAction\":[{\"@type\":\"SearchAction\",\"target\":{\"@type\":\"EntryPoint\",\"urlTemplate\":\"https:\/\/sindicatodosbancarios.org.br\/site2022\/?s={search_term_string}\"},\"query-input\":\"required name=search_term_string\"}],\"inLanguage\":\"pt-BR\"},{\"@type\":\"Organization\",\"@id\":\"https:\/\/sindicatodosbancarios.org.br\/site2022\/#organization\",\"name\":\"Sindicato dos Banc\u00e1rios de S\u00e3o Bento do Sul e Regi\u00e3o\",\"url\":\"https:\/\/sindicatodosbancarios.org.br\/site2022\/\",\"logo\":{\"@type\":\"ImageObject\",\"inLanguage\":\"pt-BR\",\"@id\":\"https:\/\/sindicatodosbancarios.org.br\/site2022\/#\/schema\/logo\/image\/\",\"url\":\"https:\/\/sindicatodosbancarios.org.br\/site2022\/wp-content\/uploads\/2017\/06\/cropped-logo-2.png\",\"contentUrl\":\"https:\/\/sindicatodosbancarios.org.br\/site2022\/wp-content\/uploads\/2017\/06\/cropped-logo-2.png\",\"width\":292,\"height\":292,\"caption\":\"Sindicato dos Banc\u00e1rios de S\u00e3o Bento do Sul e Regi\u00e3o\"},\"image\":{\"@id\":\"https:\/\/sindicatodosbancarios.org.br\/site2022\/#\/schema\/logo\/image\/\"}},{\"@type\":\"Person\",\"@id\":\"https:\/\/sindicatodosbancarios.org.br\/site2022\/#\/schema\/person\/a7d92da77d1084df4d28b57962f1e1bd\",\"name\":\"Sindicato dos Banc\u00e1rios S\u00e3o Bento do Sul e Regi\u00e3o\",\"image\":{\"@type\":\"ImageObject\",\"inLanguage\":\"pt-BR\",\"@id\":\"https:\/\/sindicatodosbancarios.org.br\/site2022\/#\/schema\/person\/image\/\",\"url\":\"https:\/\/secure.gravatar.com\/avatar\/f1d1a06f698f2345352e539387180d42?s=96&d=mm&r=g\",\"contentUrl\":\"https:\/\/secure.gravatar.com\/avatar\/f1d1a06f698f2345352e539387180d42?s=96&d=mm&r=g\",\"caption\":\"Sindicato dos Banc\u00e1rios S\u00e3o Bento do Sul e Regi\u00e3o\"},\"sameAs\":[\"http:\/\/sindicatodosbancarios.org.br\/site2022\/\",\"https:\/\/www.facebook.com\/seeb.sbs.9\"],\"url\":\"https:\/\/sindicatodosbancarios.org.br\/site2022\/author\/sindicatodosbancarios\/\"}]}<\/script>\n<!-- \/ Yoast SEO plugin. -->","yoast_head_json":{"title":"INFORME BANC\u00c1RIO - 080\/2019 - SEGURADOS DO INSS PODEM FICAR SEM 50% DO D\u00c9CIMO (13\u00b0) NO MEIO DO ANO - Sindicato dos Banc\u00e1rios de S\u00e3o Bento do Sul e Regi\u00e3o","robots":{"index":"index","follow":"follow","max-snippet":"max-snippet:-1","max-image-preview":"max-image-preview:large","max-video-preview":"max-video-preview:-1"},"canonical":"https:\/\/sindicatodosbancarios.org.br\/site2022\/2019\/12\/10\/informe-bancario-080-2019-segurados-do-inss-podem-ficar-sem-50-do-decimo-13-no-meio-do-ano\/","og_locale":"pt_BR","og_type":"article","og_title":"INFORME BANC\u00c1RIO - 080\/2019 - SEGURADOS DO INSS PODEM FICAR SEM 50% DO D\u00c9CIMO (13\u00b0) NO MEIO DO ANO - Sindicato dos Banc\u00e1rios de S\u00e3o Bento do Sul e Regi\u00e3o","og_description":"Segurados do INSS podem ficar sem 50% do d\u00e9cimo (13\u00ba) no meio do ano.\u00a0Aposentados e pensionistas do INSS, [&hellip;]","og_url":"https:\/\/sindicatodosbancarios.org.br\/site2022\/2019\/12\/10\/informe-bancario-080-2019-segurados-do-inss-podem-ficar-sem-50-do-decimo-13-no-meio-do-ano\/","og_site_name":"Sindicato dos Banc\u00e1rios de S\u00e3o Bento do Sul e Regi\u00e3o","article_author":"https:\/\/www.facebook.com\/seeb.sbs.9","article_published_time":"2019-12-10T19:08:41+00:00","og_image":[{"width":288,"height":175,"url":"https:\/\/sindicatodosbancarios.org.br\/site2022\/wp-content\/uploads\/2019\/12\/previdencia-social.jpg","type":"image\/jpeg"}],"author":"Sindicato dos Banc\u00e1rios S\u00e3o Bento do Sul e Regi\u00e3o","twitter_card":"summary_large_image","twitter_misc":{"Escrito por":"Sindicato dos Banc\u00e1rios S\u00e3o Bento do Sul e Regi\u00e3o","Est. tempo de leitura":"3 minutos"},"schema":{"@context":"https:\/\/schema.org","@graph":[{"@type":"Article","@id":"https:\/\/sindicatodosbancarios.org.br\/site2022\/2019\/12\/10\/informe-bancario-080-2019-segurados-do-inss-podem-ficar-sem-50-do-decimo-13-no-meio-do-ano\/#article","isPartOf":{"@id":"https:\/\/sindicatodosbancarios.org.br\/site2022\/2019\/12\/10\/informe-bancario-080-2019-segurados-do-inss-podem-ficar-sem-50-do-decimo-13-no-meio-do-ano\/"},"author":{"name":"Sindicato dos Banc\u00e1rios S\u00e3o Bento do Sul e Regi\u00e3o","@id":"https:\/\/sindicatodosbancarios.org.br\/site2022\/#\/schema\/person\/a7d92da77d1084df4d28b57962f1e1bd"},"headline":"INFORME BANC\u00c1RIO &#8211; 080\/2019 &#8211; SEGURADOS DO INSS PODEM FICAR SEM 50% DO D\u00c9CIMO (13\u00b0) NO MEIO DO ANO","datePublished":"2019-12-10T19:08:41+00:00","dateModified":"2019-12-10T19:08:41+00:00","mainEntityOfPage":{"@id":"https:\/\/sindicatodosbancarios.org.br\/site2022\/2019\/12\/10\/informe-bancario-080-2019-segurados-do-inss-podem-ficar-sem-50-do-decimo-13-no-meio-do-ano\/"},"wordCount":586,"commentCount":0,"publisher":{"@id":"https:\/\/sindicatodosbancarios.org.br\/site2022\/#organization"},"articleSection":["Geral"],"inLanguage":"pt-BR","potentialAction":[{"@type":"CommentAction","name":"Comment","target":["https:\/\/sindicatodosbancarios.org.br\/site2022\/2019\/12\/10\/informe-bancario-080-2019-segurados-do-inss-podem-ficar-sem-50-do-decimo-13-no-meio-do-ano\/#respond"]}]},{"@type":"WebPage","@id":"https:\/\/sindicatodosbancarios.org.br\/site2022\/2019\/12\/10\/informe-bancario-080-2019-segurados-do-inss-podem-ficar-sem-50-do-decimo-13-no-meio-do-ano\/","url":"https:\/\/sindicatodosbancarios.org.br\/site2022\/2019\/12\/10\/informe-bancario-080-2019-segurados-do-inss-podem-ficar-sem-50-do-decimo-13-no-meio-do-ano\/","name":"INFORME BANC\u00c1RIO - 080\/2019 - SEGURADOS DO INSS PODEM FICAR SEM 50% DO D\u00c9CIMO (13\u00b0) NO MEIO DO ANO - Sindicato dos Banc\u00e1rios de S\u00e3o Bento do Sul e Regi\u00e3o","isPartOf":{"@id":"https:\/\/sindicatodosbancarios.org.br\/site2022\/#website"},"datePublished":"2019-12-10T19:08:41+00:00","dateModified":"2019-12-10T19:08:41+00:00","breadcrumb":{"@id":"https:\/\/sindicatodosbancarios.org.br\/site2022\/2019\/12\/10\/informe-bancario-080-2019-segurados-do-inss-podem-ficar-sem-50-do-decimo-13-no-meio-do-ano\/#breadcrumb"},"inLanguage":"pt-BR","potentialAction":[{"@type":"ReadAction","target":["https:\/\/sindicatodosbancarios.org.br\/site2022\/2019\/12\/10\/informe-bancario-080-2019-segurados-do-inss-podem-ficar-sem-50-do-decimo-13-no-meio-do-ano\/"]}]},{"@type":"BreadcrumbList","@id":"https:\/\/sindicatodosbancarios.org.br\/site2022\/2019\/12\/10\/informe-bancario-080-2019-segurados-do-inss-podem-ficar-sem-50-do-decimo-13-no-meio-do-ano\/#breadcrumb","itemListElement":[{"@type":"ListItem","position":1,"name":"In\u00edcio","item":"https:\/\/sindicatodosbancarios.org.br\/site2022\/"},{"@type":"ListItem","position":2,"name":"INFORME BANC\u00c1RIO &#8211; 080\/2019 &#8211; SEGURADOS DO INSS PODEM FICAR SEM 50% DO D\u00c9CIMO (13\u00b0) NO MEIO DO ANO"}]},{"@type":"WebSite","@id":"https:\/\/sindicatodosbancarios.org.br\/site2022\/#website","url":"https:\/\/sindicatodosbancarios.org.br\/site2022\/","name":"Sindicato dos Banc\u00e1rios de S\u00e3o Bento do Sul e Regi\u00e3o","description":"Website institucional do Sindicato dos Banc\u00e1rios de S\u00e3o Bento do Sul e Regi\u00e3o","publisher":{"@id":"https:\/\/sindicatodosbancarios.org.br\/site2022\/#organization"},"potentialAction":[{"@type":"SearchAction","target":{"@type":"EntryPoint","urlTemplate":"https:\/\/sindicatodosbancarios.org.br\/site2022\/?s={search_term_string}"},"query-input":"required name=search_term_string"}],"inLanguage":"pt-BR"},{"@type":"Organization","@id":"https:\/\/sindicatodosbancarios.org.br\/site2022\/#organization","name":"Sindicato dos Banc\u00e1rios de S\u00e3o Bento do Sul e Regi\u00e3o","url":"https:\/\/sindicatodosbancarios.org.br\/site2022\/","logo":{"@type":"ImageObject","inLanguage":"pt-BR","@id":"https:\/\/sindicatodosbancarios.org.br\/site2022\/#\/schema\/logo\/image\/","url":"https:\/\/sindicatodosbancarios.org.br\/site2022\/wp-content\/uploads\/2017\/06\/cropped-logo-2.png","contentUrl":"https:\/\/sindicatodosbancarios.org.br\/site2022\/wp-content\/uploads\/2017\/06\/cropped-logo-2.png","width":292,"height":292,"caption":"Sindicato dos Banc\u00e1rios de S\u00e3o Bento do Sul e Regi\u00e3o"},"image":{"@id":"https:\/\/sindicatodosbancarios.org.br\/site2022\/#\/schema\/logo\/image\/"}},{"@type":"Person","@id":"https:\/\/sindicatodosbancarios.org.br\/site2022\/#\/schema\/person\/a7d92da77d1084df4d28b57962f1e1bd","name":"Sindicato dos Banc\u00e1rios S\u00e3o Bento do Sul e Regi\u00e3o","image":{"@type":"ImageObject","inLanguage":"pt-BR","@id":"https:\/\/sindicatodosbancarios.org.br\/site2022\/#\/schema\/person\/image\/","url":"https:\/\/secure.gravatar.com\/avatar\/f1d1a06f698f2345352e539387180d42?s=96&d=mm&r=g","contentUrl":"https:\/\/secure.gravatar.com\/avatar\/f1d1a06f698f2345352e539387180d42?s=96&d=mm&r=g","caption":"Sindicato dos Banc\u00e1rios S\u00e3o Bento do Sul e Regi\u00e3o"},"sameAs":["http:\/\/sindicatodosbancarios.org.br\/site2022\/","https:\/\/www.facebook.com\/seeb.sbs.9"],"url":"https:\/\/sindicatodosbancarios.org.br\/site2022\/author\/sindicatodosbancarios\/"}]}},"jetpack_featured_media_url":"https:\/\/sindicatodosbancarios.org.br\/site2022\/wp-content\/uploads\/2019\/12\/previdencia-social.jpg","jetpack_sharing_enabled":true,"jetpack_shortlink":"https:\/\/wp.me\/p8RSbI-Qc","jetpack-related-posts":[{"id":4207,"url":"https:\/\/sindicatodosbancarios.org.br\/site2022\/2020\/08\/04\/informe-bancario-276-2020-se-o-inss-cometeu-alguns-desses-erros-aposentados-e-pensionistas-podem-receber-ate-r-100-mil-entenda\/","url_meta":{"origin":3236,"position":0},"title":"INFORME BANC\u00c1RIO \u2013 276\/2020 Se o INSS cometeu alguns desses erros, aposentados e pensionistas podem receber at\u00e9 R$ 100 mil: Entenda!","date":"4 de agosto de 2020","format":false,"excerpt":"Muitos aposentados e pensionistas n\u00e3o sabem, mas algumas falhas nos servi\u00e7os do INSS (Instituto Nacional do Seguro Social) podem gerar indeniza\u00e7\u00f5es aos segurados. Em muitos casos, a Justi\u00e7a tem obrigado o \u00f3rg\u00e3o a pagar indeniza\u00e7\u00f5es que podem chegar at\u00e9 R$ 100 mil, em casos espec\u00edficos. Valores da Indeniza\u00e7\u00e3o De R$\u2026","rel":"","context":"Em &quot;Geral&quot;","img":{"alt_text":"","src":"https:\/\/i0.wp.com\/sindicatodosbancarios.org.br\/site2022\/wp-content\/uploads\/2020\/08\/INSS-falhas-aposentados-1536x983.jpg?resize=350%2C200&ssl=1","width":350,"height":200},"classes":[]},{"id":4646,"url":"https:\/\/sindicatodosbancarios.org.br\/site2022\/2020\/10\/15\/informe-bancario-391-2020-economiaqual-e-o-valor-do-decimo-quarto-salario-dos-aposentados\/","url_meta":{"origin":3236,"position":1},"title":"INFORME BANC\u00c1RIO \u2013 391\/2020 ECONOMIAQual \u00e9 o valor do d\u00e9cimo quarto sal\u00e1rio dos aposentados?","date":"15 de outubro de 2020","format":false,"excerpt":"Como parte das medidas emergenciais propostas pelo Governo Federal em meio ao estado de calamidade p\u00fablica instaurado pela pandemia do novo Corona v\u00edrus, foi proposto o pagamento de um d\u00e9cimo quarto sal\u00e1rio aos aposentados e pensionistas do INSS. A medida visa beneficiar essa parte da popula\u00e7\u00e3o, a qual consiste maioritariamente\u2026","rel":"","context":"Em &quot;Geral&quot;","img":{"alt_text":"","src":"https:\/\/i0.wp.com\/sindicatodosbancarios.org.br\/site2022\/wp-content\/uploads\/2020\/10\/valor-do-decimo-quarto-salario-inss-aposentados-e-pensionistas.png?resize=350%2C200&ssl=1","width":350,"height":200},"classes":[]},{"id":4944,"url":"https:\/\/sindicatodosbancarios.org.br\/site2022\/2021\/01\/04\/informe-bancario-479-2020-confirmada-idade-minima-para-aposentadoria-ate-o-fim-de-2020-conforme-novas-regras-confira\/","url_meta":{"origin":3236,"position":2},"title":"INFORME BANC\u00c1RIO \u2013 01\/2021 Confirmada idade m\u00ednima para aposentadoria at\u00e9 o fim de 2020 conforme novas regras. Confira!","date":"4 de janeiro de 2021","format":false,"excerpt":"Reforma da Previd\u00eancia determinou tr\u00eas transi\u00e7\u00f5es, sendo que em cada uma delas, o INSS ir\u00e1 exigir mais seis meses de contribui\u00e7\u00e3o. Confira as regras para 2020. Segurados do Instituto Nacional do Seguro Social (INSS) que desejam se aposentar em breve devem ficar atentos \u00e0s novas regras de transi\u00e7\u00e3o para solicitar\u2026","rel":"","context":"Em &quot;Geral&quot;","img":{"alt_text":"","src":"https:\/\/i0.wp.com\/sindicatodosbancarios.org.br\/site2022\/wp-content\/uploads\/2021\/01\/carteira-de-trabalho-desemprego-960x540-e1565355192788-727x375.jpg?resize=350%2C200&ssl=1","width":350,"height":200},"classes":[]},{"id":4690,"url":"https:\/\/sindicatodosbancarios.org.br\/site2022\/2020\/10\/28\/informe-bancario-406-2020-inss-exigencia-da-prova-de-vida-tera-retorno-gradual\/","url_meta":{"origin":3236,"position":3},"title":"INFORME BANC\u00c1RIO \u2013 406\/2020 INSS: Exig\u00eancia da prova de vida ter\u00e1 retorno gradual","date":"28 de outubro de 2020","format":false,"excerpt":"Recadastramento est\u00e1 suspenso desde mar\u00e7o. Entretanto, segurados que n\u00e3o fizeram a comprova\u00e7\u00e3o nesse per\u00edodo n\u00e3o ter\u00e3o os benef\u00edcios bloqueados. O\u00a0Instituto Nacional do Seguro Social (INSS) prorrogou a suspens\u00e3o da\u00a0prova de vida\u00a0at\u00e9 o dia 30 de novembro, por causa da pandemia do novo coronav\u00edrus. Entretanto, ap\u00f3s esse per\u00edodo, a rotina de\u2026","rel":"","context":"Em &quot;Geral&quot;","img":{"alt_text":"","src":"https:\/\/i0.wp.com\/sindicatodosbancarios.org.br\/site2022\/wp-content\/uploads\/2020\/09\/caged.jpg?resize=350%2C200&ssl=1","width":350,"height":200},"classes":[]},{"id":5435,"url":"https:\/\/sindicatodosbancarios.org.br\/site2022\/2021\/06\/02\/informe-bancario-137-2021-segurados-do-inss-podem-receber-dois-beneficios-ao-mesmo-tempo\/","url_meta":{"origin":3236,"position":4},"title":"INFORME BANC\u00c1RIO \u2013 137\/2021 Segurados do INSS podem receber dois benef\u00edcios ao mesmo tempo","date":"2 de junho de 2021","format":false,"excerpt":"A reforma da previd\u00eancia que ocorreu em 2019 e com ela vieram uma s\u00e9rie de mudan\u00e7as para as aposentadorias e pens\u00f5es do INSS. As novas regras do INSS permitem que o segurado receba duas pens\u00f5es oficiais do Instituto Nacional do Seguro Social, mas \u00e9 necess\u00e1rio contemplar ambas em regimes de\u2026","rel":"","context":"Em &quot;Geral&quot;","img":{"alt_text":"","src":"https:\/\/i0.wp.com\/sindicatodosbancarios.org.br\/site2022\/wp-content\/uploads\/2021\/06\/idoso.jpg?resize=350%2C200&ssl=1","width":350,"height":200},"classes":[]},{"id":4216,"url":"https:\/\/sindicatodosbancarios.org.br\/site2022\/2020\/08\/05\/informe-bancario-279-2020-agora-e-pra-valer-inss-marca-nova-data-para-voltar-atendimento-presencial-de-segurados\/","url_meta":{"origin":3236,"position":5},"title":"INFORME BANC\u00c1RIO \u2013 279\/2020 Agora \u00e9 pra valer: INSS marca nova data para voltar atendimento presencial de segurados","date":"5 de agosto de 2020","format":false,"excerpt":"O Instituto Nacional do Seguro Social (INSS) remarcou, mais uma vez, o retorno do atendimento presencial em suas ag\u00eancias em todo o pais e tudo indica que agora \u00e9 pra valer. A \u00faltima informa\u00e7\u00e3o era de que os servidores do\u00a0INSS\u00a0deveriam retornar \u00e0s atividades na pr\u00f3xima segunda-feira (3\/07). Mas uma\u00a0nova portaria\u2026","rel":"","context":"Em &quot;Geral&quot;","img":{"alt_text":"","src":"https:\/\/i0.wp.com\/sindicatodosbancarios.org.br\/site2022\/wp-content\/uploads\/2020\/08\/Agencia-do-INSS-1536x1019.jpg?resize=350%2C200&ssl=1","width":350,"height":200},"classes":[]}],"_links":{"self":[{"href":"https:\/\/sindicatodosbancarios.org.br\/site2022\/wp-json\/wp\/v2\/posts\/3236"}],"collection":[{"href":"https:\/\/sindicatodosbancarios.org.br\/site2022\/wp-json\/wp\/v2\/posts"}],"about":[{"href":"https:\/\/sindicatodosbancarios.org.br\/site2022\/wp-json\/wp\/v2\/types\/post"}],"author":[{"embeddable":true,"href":"https:\/\/sindicatodosbancarios.org.br\/site2022\/wp-json\/wp\/v2\/users\/2"}],"replies":[{"embeddable":true,"href":"https:\/\/sindicatodosbancarios.org.br\/site2022\/wp-json\/wp\/v2\/comments?post=3236"}],"version-history":[{"count":2,"href":"https:\/\/sindicatodosbancarios.org.br\/site2022\/wp-json\/wp\/v2\/posts\/3236\/revisions"}],"predecessor-version":[{"id":3239,"href":"https:\/\/sindicatodosbancarios.org.br\/site2022\/wp-json\/wp\/v2\/posts\/3236\/revisions\/3239"}],"wp:featuredmedia":[{"embeddable":true,"href":"https:\/\/sindicatodosbancarios.org.br\/site2022\/wp-json\/wp\/v2\/media\/3237"}],"wp:attachment":[{"href":"https:\/\/sindicatodosbancarios.org.br\/site2022\/wp-json\/wp\/v2\/media?parent=3236"}],"wp:term":[{"taxonomy":"category","embeddable":true,"href":"https:\/\/sindicatodosbancarios.org.br\/site2022\/wp-json\/wp\/v2\/categories?post=3236"},{"taxonomy":"post_tag","embeddable":true,"href":"https:\/\/sindicatodosbancarios.org.br\/site2022\/wp-json\/wp\/v2\/tags?post=3236"}],"curies":[{"name":"wp","href":"https:\/\/api.w.org\/{rel}","templated":true}]}}