{"id":3249,"date":"2019-12-13T15:56:12","date_gmt":"2019-12-13T18:56:12","guid":{"rendered":"https:\/\/sindicatodosbancarios.org.br\/?p=3249"},"modified":"2019-12-13T15:56:12","modified_gmt":"2019-12-13T18:56:12","slug":"informe-bancario-083-2019-stj-admite-revisao-do-calculo-da-aposentadoria","status":"publish","type":"post","link":"https:\/\/sindicatodosbancarios.org.br\/site2022\/2019\/12\/13\/informe-bancario-083-2019-stj-admite-revisao-do-calculo-da-aposentadoria\/","title":{"rendered":"INFORME BANC\u00c1RIO &#8211; 083 \/ 2019 &#8211; STJ ADMITE REVIS\u00c3O DO C\u00c1LCULO DA APOSENTADORIA"},"content":{"rendered":"<p>A Advocacia-Geral da Uni\u00e3o (AGU) informou ontem que avalia recorrer da decis\u00e3o do Superior Tribunal de Justi\u00e7a (STJ) que permite a segurados do Instituto Nacional do Seguro Social (INSS) pedir a chamada &#8220;revis\u00e3o da vida toda&#8221; de seu benef\u00edcio. Por essa decis\u00e3o, quem se aposentou a partir de 1999 poderia solicitar um novo c\u00e1lculo do valor com todas as remunera\u00e7\u00f5es recebidas, inclusive as anteriores a julho de 1994, hoje exclu\u00eddas da base de c\u00e1lculo.<\/p>\n<p>A a\u00e7\u00e3o chegou ao STJ em 2015 e foi julgada na quarta-feira pela Corte. Procurado, o STJ ainda n\u00e3o respondeu com informa\u00e7\u00f5es sobre a decis\u00e3o.<\/p>\n<p>A AGU, por sua vez, informou que a posi\u00e7\u00e3o do governo \u00e9 pela &#8220;constitucionalidade e higidez&#8221; da Lei 9.876\/99, que trata do c\u00e1lculo dos benef\u00edcios do INSS. Ainda cabe recurso ao Supremo, &#8220;o que ser\u00e1 avaliado&#8221;, informou o \u00f3rg\u00e3o jur\u00eddico.<\/p>\n<p>Segundo a AGU, o INSS possui estudos sobre eventuais impactos de uma decis\u00e3o que permita a inclus\u00e3o das remunera\u00e7\u00f5es anteriores a julho de 1994 no c\u00e1lculo do benef\u00edcio. &#8220;Contudo, diante do cen\u00e1rio atual, ser\u00e1 avaliada a necessidade ou n\u00e3o de atualiza\u00e7\u00e3o&#8221;, disse. O \u00f3rg\u00e3o n\u00e3o detalhou as cifras envolvidas.<\/p>\n<p>Pelas regras vigentes, o c\u00e1lculo dos benef\u00edcios do INSS levam em conta apenas as remunera\u00e7\u00f5es em reais, recebidas a partir de julho de 1994. Sal\u00e1rios anteriores eram recebidos em outras moedas e, portanto, exclu\u00eddos da base de c\u00e1lculo.<\/p>\n<p>Os segurados entendem que essa regra acabou sendo prejudicial em alguns casos. &#8220;Muitas pessoas tiveram as maiores contribui\u00e7\u00f5es antes de julho de 1994 e isso ocasionou um enorme preju\u00edzo. Com a decis\u00e3o do STJ, os processos que estavam parados poder\u00e3o voltar a ser analisados.<\/p>\n<p>&#8220;H\u00e1 pelo menos 1.927 a\u00e7\u00f5es com esse tipo de pedido, mas o n\u00famero deve ser maior, j\u00e1 que a maioria dos tribunais e das varas federais n\u00e3o informa o total de casos paralisados sobre o tema&#8221;, afirma o advogado Jo\u00e3o Badari, especialista em Direito Previdenci\u00e1rio e s\u00f3cio do Aith, Badari e Luchin Advogados.<\/p>\n<p>Segundo apurou o jornal O Estado de S. Paulo\/Broadcast, h\u00e1 no governo a percep\u00e7\u00e3o de que, caso a revis\u00e3o fosse para todos, alguns segurados poderiam ver o valor de seu benef\u00edcio diminuir, principalmente se os sal\u00e1rios da \u00e9poca eram baixos. No entanto, caso a decis\u00e3o pretenda beneficiar apenas aqueles que pedirem a revis\u00e3o, o impacto para as contas p\u00fablicas poderia ser bilion\u00e1rio.<\/p>\n<p>A inten\u00e7\u00e3o do governo \u00e9 rediscutir o tema no STF, onde j\u00e1 h\u00e1 um recurso extraordin\u00e1rio admitido com repercuss\u00e3o geral &#8211; ou seja, a tese firmada pelos ministros nessa a\u00e7\u00e3o valer\u00e1 em todo o territ\u00f3rio nacional. As informa\u00e7\u00f5es s\u00e3o do jornal O Estado de S. Paulo.<\/p>\n<p>&nbsp;<\/p>\n","protected":false},"excerpt":{"rendered":"<p>A Advocacia-Geral da Uni\u00e3o (AGU) informou ontem que avalia recorrer da decis\u00e3o do Superior Tribunal de Justi\u00e7a (STJ) [&hellip;]<\/p>\n","protected":false},"author":2,"featured_media":3194,"comment_status":"open","ping_status":"open","sticky":false,"template":"","format":"standard","meta":{"jetpack_post_was_ever_published":false,"jetpack_publicize_message":"","jetpack_is_tweetstorm":false,"jetpack_publicize_feature_enabled":true,"jetpack_social_post_already_shared":true,"jetpack_social_options":[]},"categories":[1],"tags":[],"jetpack_publicize_connections":[],"acf":[],"yoast_head":"<!-- This site is optimized with the Yoast SEO plugin v19.14 - https:\/\/yoast.com\/wordpress\/plugins\/seo\/ -->\n<title>INFORME BANC\u00c1RIO - 083 \/ 2019 - STJ ADMITE REVIS\u00c3O DO C\u00c1LCULO DA APOSENTADORIA - Sindicato dos Banc\u00e1rios de S\u00e3o Bento do Sul e Regi\u00e3o<\/title>\n<meta name=\"robots\" content=\"index, follow, max-snippet:-1, max-image-preview:large, max-video-preview:-1\" \/>\n<link rel=\"canonical\" href=\"https:\/\/sindicatodosbancarios.org.br\/site2022\/2019\/12\/13\/informe-bancario-083-2019-stj-admite-revisao-do-calculo-da-aposentadoria\/\" \/>\n<meta property=\"og:locale\" content=\"pt_BR\" \/>\n<meta property=\"og:type\" content=\"article\" \/>\n<meta property=\"og:title\" content=\"INFORME BANC\u00c1RIO - 083 \/ 2019 - STJ ADMITE REVIS\u00c3O DO C\u00c1LCULO DA APOSENTADORIA - Sindicato dos Banc\u00e1rios de S\u00e3o Bento do Sul e Regi\u00e3o\" \/>\n<meta property=\"og:description\" content=\"A Advocacia-Geral da Uni\u00e3o (AGU) informou ontem que avalia recorrer da decis\u00e3o do Superior Tribunal de Justi\u00e7a (STJ) [&hellip;]\" \/>\n<meta property=\"og:url\" content=\"https:\/\/sindicatodosbancarios.org.br\/site2022\/2019\/12\/13\/informe-bancario-083-2019-stj-admite-revisao-do-calculo-da-aposentadoria\/\" \/>\n<meta property=\"og:site_name\" content=\"Sindicato dos Banc\u00e1rios de S\u00e3o Bento do Sul e Regi\u00e3o\" \/>\n<meta property=\"article:author\" content=\"https:\/\/www.facebook.com\/seeb.sbs.9\" \/>\n<meta property=\"article:published_time\" content=\"2019-12-13T18:56:12+00:00\" \/>\n<meta property=\"og:image\" content=\"https:\/\/sindicatodosbancarios.org.br\/site2022\/wp-content\/uploads\/2019\/11\/seguro-desemprego-imagem.jpg\" \/>\n\t<meta property=\"og:image:width\" content=\"814\" \/>\n\t<meta property=\"og:image:height\" content=\"377\" \/>\n\t<meta property=\"og:image:type\" content=\"image\/jpeg\" \/>\n<meta name=\"author\" content=\"Sindicato dos Banc\u00e1rios S\u00e3o Bento do Sul e Regi\u00e3o\" \/>\n<meta name=\"twitter:card\" content=\"summary_large_image\" \/>\n<meta name=\"twitter:label1\" content=\"Escrito por\" \/>\n\t<meta name=\"twitter:data1\" content=\"Sindicato dos Banc\u00e1rios S\u00e3o Bento do Sul e Regi\u00e3o\" \/>\n\t<meta name=\"twitter:label2\" content=\"Est. tempo de leitura\" \/>\n\t<meta name=\"twitter:data2\" content=\"2 minutos\" \/>\n<script type=\"application\/ld+json\" class=\"yoast-schema-graph\">{\"@context\":\"https:\/\/schema.org\",\"@graph\":[{\"@type\":\"Article\",\"@id\":\"https:\/\/sindicatodosbancarios.org.br\/site2022\/2019\/12\/13\/informe-bancario-083-2019-stj-admite-revisao-do-calculo-da-aposentadoria\/#article\",\"isPartOf\":{\"@id\":\"https:\/\/sindicatodosbancarios.org.br\/site2022\/2019\/12\/13\/informe-bancario-083-2019-stj-admite-revisao-do-calculo-da-aposentadoria\/\"},\"author\":{\"name\":\"Sindicato dos Banc\u00e1rios S\u00e3o Bento do Sul e Regi\u00e3o\",\"@id\":\"https:\/\/sindicatodosbancarios.org.br\/site2022\/#\/schema\/person\/a7d92da77d1084df4d28b57962f1e1bd\"},\"headline\":\"INFORME BANC\u00c1RIO &#8211; 083 \/ 2019 &#8211; STJ ADMITE REVIS\u00c3O DO C\u00c1LCULO DA APOSENTADORIA\",\"datePublished\":\"2019-12-13T18:56:12+00:00\",\"dateModified\":\"2019-12-13T18:56:12+00:00\",\"mainEntityOfPage\":{\"@id\":\"https:\/\/sindicatodosbancarios.org.br\/site2022\/2019\/12\/13\/informe-bancario-083-2019-stj-admite-revisao-do-calculo-da-aposentadoria\/\"},\"wordCount\":497,\"commentCount\":0,\"publisher\":{\"@id\":\"https:\/\/sindicatodosbancarios.org.br\/site2022\/#organization\"},\"articleSection\":[\"Geral\"],\"inLanguage\":\"pt-BR\",\"potentialAction\":[{\"@type\":\"CommentAction\",\"name\":\"Comment\",\"target\":[\"https:\/\/sindicatodosbancarios.org.br\/site2022\/2019\/12\/13\/informe-bancario-083-2019-stj-admite-revisao-do-calculo-da-aposentadoria\/#respond\"]}]},{\"@type\":\"WebPage\",\"@id\":\"https:\/\/sindicatodosbancarios.org.br\/site2022\/2019\/12\/13\/informe-bancario-083-2019-stj-admite-revisao-do-calculo-da-aposentadoria\/\",\"url\":\"https:\/\/sindicatodosbancarios.org.br\/site2022\/2019\/12\/13\/informe-bancario-083-2019-stj-admite-revisao-do-calculo-da-aposentadoria\/\",\"name\":\"INFORME BANC\u00c1RIO - 083 \/ 2019 - STJ ADMITE REVIS\u00c3O DO C\u00c1LCULO DA APOSENTADORIA - Sindicato dos Banc\u00e1rios de S\u00e3o Bento do Sul e Regi\u00e3o\",\"isPartOf\":{\"@id\":\"https:\/\/sindicatodosbancarios.org.br\/site2022\/#website\"},\"datePublished\":\"2019-12-13T18:56:12+00:00\",\"dateModified\":\"2019-12-13T18:56:12+00:00\",\"breadcrumb\":{\"@id\":\"https:\/\/sindicatodosbancarios.org.br\/site2022\/2019\/12\/13\/informe-bancario-083-2019-stj-admite-revisao-do-calculo-da-aposentadoria\/#breadcrumb\"},\"inLanguage\":\"pt-BR\",\"potentialAction\":[{\"@type\":\"ReadAction\",\"target\":[\"https:\/\/sindicatodosbancarios.org.br\/site2022\/2019\/12\/13\/informe-bancario-083-2019-stj-admite-revisao-do-calculo-da-aposentadoria\/\"]}]},{\"@type\":\"BreadcrumbList\",\"@id\":\"https:\/\/sindicatodosbancarios.org.br\/site2022\/2019\/12\/13\/informe-bancario-083-2019-stj-admite-revisao-do-calculo-da-aposentadoria\/#breadcrumb\",\"itemListElement\":[{\"@type\":\"ListItem\",\"position\":1,\"name\":\"In\u00edcio\",\"item\":\"https:\/\/sindicatodosbancarios.org.br\/site2022\/\"},{\"@type\":\"ListItem\",\"position\":2,\"name\":\"INFORME BANC\u00c1RIO &#8211; 083 \/ 2019 &#8211; STJ ADMITE REVIS\u00c3O DO C\u00c1LCULO DA APOSENTADORIA\"}]},{\"@type\":\"WebSite\",\"@id\":\"https:\/\/sindicatodosbancarios.org.br\/site2022\/#website\",\"url\":\"https:\/\/sindicatodosbancarios.org.br\/site2022\/\",\"name\":\"Sindicato dos Banc\u00e1rios de S\u00e3o Bento do Sul e Regi\u00e3o\",\"description\":\"Website institucional do Sindicato dos Banc\u00e1rios de S\u00e3o Bento do Sul e Regi\u00e3o\",\"publisher\":{\"@id\":\"https:\/\/sindicatodosbancarios.org.br\/site2022\/#organization\"},\"potentialAction\":[{\"@type\":\"SearchAction\",\"target\":{\"@type\":\"EntryPoint\",\"urlTemplate\":\"https:\/\/sindicatodosbancarios.org.br\/site2022\/?s={search_term_string}\"},\"query-input\":\"required name=search_term_string\"}],\"inLanguage\":\"pt-BR\"},{\"@type\":\"Organization\",\"@id\":\"https:\/\/sindicatodosbancarios.org.br\/site2022\/#organization\",\"name\":\"Sindicato dos Banc\u00e1rios de S\u00e3o Bento do Sul e Regi\u00e3o\",\"url\":\"https:\/\/sindicatodosbancarios.org.br\/site2022\/\",\"logo\":{\"@type\":\"ImageObject\",\"inLanguage\":\"pt-BR\",\"@id\":\"https:\/\/sindicatodosbancarios.org.br\/site2022\/#\/schema\/logo\/image\/\",\"url\":\"https:\/\/sindicatodosbancarios.org.br\/site2022\/wp-content\/uploads\/2017\/06\/cropped-logo-2.png\",\"contentUrl\":\"https:\/\/sindicatodosbancarios.org.br\/site2022\/wp-content\/uploads\/2017\/06\/cropped-logo-2.png\",\"width\":292,\"height\":292,\"caption\":\"Sindicato dos Banc\u00e1rios de S\u00e3o Bento do Sul e Regi\u00e3o\"},\"image\":{\"@id\":\"https:\/\/sindicatodosbancarios.org.br\/site2022\/#\/schema\/logo\/image\/\"}},{\"@type\":\"Person\",\"@id\":\"https:\/\/sindicatodosbancarios.org.br\/site2022\/#\/schema\/person\/a7d92da77d1084df4d28b57962f1e1bd\",\"name\":\"Sindicato dos Banc\u00e1rios S\u00e3o Bento do Sul e Regi\u00e3o\",\"image\":{\"@type\":\"ImageObject\",\"inLanguage\":\"pt-BR\",\"@id\":\"https:\/\/sindicatodosbancarios.org.br\/site2022\/#\/schema\/person\/image\/\",\"url\":\"https:\/\/secure.gravatar.com\/avatar\/f1d1a06f698f2345352e539387180d42?s=96&d=mm&r=g\",\"contentUrl\":\"https:\/\/secure.gravatar.com\/avatar\/f1d1a06f698f2345352e539387180d42?s=96&d=mm&r=g\",\"caption\":\"Sindicato dos Banc\u00e1rios S\u00e3o Bento do Sul e Regi\u00e3o\"},\"sameAs\":[\"http:\/\/sindicatodosbancarios.org.br\/site2022\/\",\"https:\/\/www.facebook.com\/seeb.sbs.9\"],\"url\":\"https:\/\/sindicatodosbancarios.org.br\/site2022\/author\/sindicatodosbancarios\/\"}]}<\/script>\n<!-- \/ Yoast SEO plugin. -->","yoast_head_json":{"title":"INFORME BANC\u00c1RIO - 083 \/ 2019 - STJ ADMITE REVIS\u00c3O DO C\u00c1LCULO DA APOSENTADORIA - Sindicato dos Banc\u00e1rios de S\u00e3o Bento do Sul e Regi\u00e3o","robots":{"index":"index","follow":"follow","max-snippet":"max-snippet:-1","max-image-preview":"max-image-preview:large","max-video-preview":"max-video-preview:-1"},"canonical":"https:\/\/sindicatodosbancarios.org.br\/site2022\/2019\/12\/13\/informe-bancario-083-2019-stj-admite-revisao-do-calculo-da-aposentadoria\/","og_locale":"pt_BR","og_type":"article","og_title":"INFORME BANC\u00c1RIO - 083 \/ 2019 - STJ ADMITE REVIS\u00c3O DO C\u00c1LCULO DA APOSENTADORIA - Sindicato dos Banc\u00e1rios de S\u00e3o Bento do Sul e Regi\u00e3o","og_description":"A Advocacia-Geral da Uni\u00e3o (AGU) informou ontem que avalia recorrer da decis\u00e3o do Superior Tribunal de Justi\u00e7a (STJ) [&hellip;]","og_url":"https:\/\/sindicatodosbancarios.org.br\/site2022\/2019\/12\/13\/informe-bancario-083-2019-stj-admite-revisao-do-calculo-da-aposentadoria\/","og_site_name":"Sindicato dos Banc\u00e1rios de S\u00e3o Bento do Sul e Regi\u00e3o","article_author":"https:\/\/www.facebook.com\/seeb.sbs.9","article_published_time":"2019-12-13T18:56:12+00:00","og_image":[{"width":814,"height":377,"url":"https:\/\/sindicatodosbancarios.org.br\/site2022\/wp-content\/uploads\/2019\/11\/seguro-desemprego-imagem.jpg","type":"image\/jpeg"}],"author":"Sindicato dos Banc\u00e1rios S\u00e3o Bento do Sul e Regi\u00e3o","twitter_card":"summary_large_image","twitter_misc":{"Escrito por":"Sindicato dos Banc\u00e1rios S\u00e3o Bento do Sul e Regi\u00e3o","Est. tempo de leitura":"2 minutos"},"schema":{"@context":"https:\/\/schema.org","@graph":[{"@type":"Article","@id":"https:\/\/sindicatodosbancarios.org.br\/site2022\/2019\/12\/13\/informe-bancario-083-2019-stj-admite-revisao-do-calculo-da-aposentadoria\/#article","isPartOf":{"@id":"https:\/\/sindicatodosbancarios.org.br\/site2022\/2019\/12\/13\/informe-bancario-083-2019-stj-admite-revisao-do-calculo-da-aposentadoria\/"},"author":{"name":"Sindicato dos Banc\u00e1rios S\u00e3o Bento do Sul e Regi\u00e3o","@id":"https:\/\/sindicatodosbancarios.org.br\/site2022\/#\/schema\/person\/a7d92da77d1084df4d28b57962f1e1bd"},"headline":"INFORME BANC\u00c1RIO &#8211; 083 \/ 2019 &#8211; STJ ADMITE REVIS\u00c3O DO C\u00c1LCULO DA APOSENTADORIA","datePublished":"2019-12-13T18:56:12+00:00","dateModified":"2019-12-13T18:56:12+00:00","mainEntityOfPage":{"@id":"https:\/\/sindicatodosbancarios.org.br\/site2022\/2019\/12\/13\/informe-bancario-083-2019-stj-admite-revisao-do-calculo-da-aposentadoria\/"},"wordCount":497,"commentCount":0,"publisher":{"@id":"https:\/\/sindicatodosbancarios.org.br\/site2022\/#organization"},"articleSection":["Geral"],"inLanguage":"pt-BR","potentialAction":[{"@type":"CommentAction","name":"Comment","target":["https:\/\/sindicatodosbancarios.org.br\/site2022\/2019\/12\/13\/informe-bancario-083-2019-stj-admite-revisao-do-calculo-da-aposentadoria\/#respond"]}]},{"@type":"WebPage","@id":"https:\/\/sindicatodosbancarios.org.br\/site2022\/2019\/12\/13\/informe-bancario-083-2019-stj-admite-revisao-do-calculo-da-aposentadoria\/","url":"https:\/\/sindicatodosbancarios.org.br\/site2022\/2019\/12\/13\/informe-bancario-083-2019-stj-admite-revisao-do-calculo-da-aposentadoria\/","name":"INFORME BANC\u00c1RIO - 083 \/ 2019 - STJ ADMITE REVIS\u00c3O DO C\u00c1LCULO DA APOSENTADORIA - Sindicato dos Banc\u00e1rios de S\u00e3o Bento do Sul e Regi\u00e3o","isPartOf":{"@id":"https:\/\/sindicatodosbancarios.org.br\/site2022\/#website"},"datePublished":"2019-12-13T18:56:12+00:00","dateModified":"2019-12-13T18:56:12+00:00","breadcrumb":{"@id":"https:\/\/sindicatodosbancarios.org.br\/site2022\/2019\/12\/13\/informe-bancario-083-2019-stj-admite-revisao-do-calculo-da-aposentadoria\/#breadcrumb"},"inLanguage":"pt-BR","potentialAction":[{"@type":"ReadAction","target":["https:\/\/sindicatodosbancarios.org.br\/site2022\/2019\/12\/13\/informe-bancario-083-2019-stj-admite-revisao-do-calculo-da-aposentadoria\/"]}]},{"@type":"BreadcrumbList","@id":"https:\/\/sindicatodosbancarios.org.br\/site2022\/2019\/12\/13\/informe-bancario-083-2019-stj-admite-revisao-do-calculo-da-aposentadoria\/#breadcrumb","itemListElement":[{"@type":"ListItem","position":1,"name":"In\u00edcio","item":"https:\/\/sindicatodosbancarios.org.br\/site2022\/"},{"@type":"ListItem","position":2,"name":"INFORME BANC\u00c1RIO &#8211; 083 \/ 2019 &#8211; STJ ADMITE REVIS\u00c3O DO C\u00c1LCULO DA APOSENTADORIA"}]},{"@type":"WebSite","@id":"https:\/\/sindicatodosbancarios.org.br\/site2022\/#website","url":"https:\/\/sindicatodosbancarios.org.br\/site2022\/","name":"Sindicato dos Banc\u00e1rios de S\u00e3o Bento do Sul e Regi\u00e3o","description":"Website institucional do Sindicato dos Banc\u00e1rios de S\u00e3o Bento do Sul e Regi\u00e3o","publisher":{"@id":"https:\/\/sindicatodosbancarios.org.br\/site2022\/#organization"},"potentialAction":[{"@type":"SearchAction","target":{"@type":"EntryPoint","urlTemplate":"https:\/\/sindicatodosbancarios.org.br\/site2022\/?s={search_term_string}"},"query-input":"required name=search_term_string"}],"inLanguage":"pt-BR"},{"@type":"Organization","@id":"https:\/\/sindicatodosbancarios.org.br\/site2022\/#organization","name":"Sindicato dos Banc\u00e1rios de S\u00e3o Bento do Sul e Regi\u00e3o","url":"https:\/\/sindicatodosbancarios.org.br\/site2022\/","logo":{"@type":"ImageObject","inLanguage":"pt-BR","@id":"https:\/\/sindicatodosbancarios.org.br\/site2022\/#\/schema\/logo\/image\/","url":"https:\/\/sindicatodosbancarios.org.br\/site2022\/wp-content\/uploads\/2017\/06\/cropped-logo-2.png","contentUrl":"https:\/\/sindicatodosbancarios.org.br\/site2022\/wp-content\/uploads\/2017\/06\/cropped-logo-2.png","width":292,"height":292,"caption":"Sindicato dos Banc\u00e1rios de S\u00e3o Bento do Sul e Regi\u00e3o"},"image":{"@id":"https:\/\/sindicatodosbancarios.org.br\/site2022\/#\/schema\/logo\/image\/"}},{"@type":"Person","@id":"https:\/\/sindicatodosbancarios.org.br\/site2022\/#\/schema\/person\/a7d92da77d1084df4d28b57962f1e1bd","name":"Sindicato dos Banc\u00e1rios S\u00e3o Bento do Sul e Regi\u00e3o","image":{"@type":"ImageObject","inLanguage":"pt-BR","@id":"https:\/\/sindicatodosbancarios.org.br\/site2022\/#\/schema\/person\/image\/","url":"https:\/\/secure.gravatar.com\/avatar\/f1d1a06f698f2345352e539387180d42?s=96&d=mm&r=g","contentUrl":"https:\/\/secure.gravatar.com\/avatar\/f1d1a06f698f2345352e539387180d42?s=96&d=mm&r=g","caption":"Sindicato dos Banc\u00e1rios S\u00e3o Bento do Sul e Regi\u00e3o"},"sameAs":["http:\/\/sindicatodosbancarios.org.br\/site2022\/","https:\/\/www.facebook.com\/seeb.sbs.9"],"url":"https:\/\/sindicatodosbancarios.org.br\/site2022\/author\/sindicatodosbancarios\/"}]}},"jetpack_featured_media_url":"https:\/\/sindicatodosbancarios.org.br\/site2022\/wp-content\/uploads\/2019\/11\/seguro-desemprego-imagem.jpg","jetpack_sharing_enabled":true,"jetpack_shortlink":"https:\/\/wp.me\/p8RSbI-Qp","jetpack-related-posts":[{"id":5945,"url":"https:\/\/sindicatodosbancarios.org.br\/site2022\/2022\/03\/04\/informe-bancario-28-2022-revisao-da-vida-toda-do-inss-tem-maioria-dos-votos-do-stf-veja-quem-tem-direito-e-para-quem-vale-a-pena\/","url_meta":{"origin":3249,"position":0},"title":"INFORME BANC\u00c1RIO \u2013 28\/2022 &#8216;Revis\u00e3o da vida toda&#8217; do INSS tem maioria dos votos do STF; veja quem tem direito e para quem vale a pena","date":"4 de mar\u00e7o de 2022","format":false,"excerpt":"O\u00a0Supremo Tribunal Federal (STF)\u00a0formou maioria nesta sexta-feira (25) para que aposentados e pensionistas do Instituto Nacional do Seguro Social\u00a0(INSS) tenham direito \u00e0 chamada \"revis\u00e3o da vida toda\". Essa revis\u00e3o poder\u00e1 ser pedida pelos trabalhadores que come\u00e7aram a contribuir para o\u00a0INSS\u00a0antes de 1994 e que se aposentaram depois de 1999.\u00a0Leia detalhes\u2026","rel":"","context":"Em &quot;Geral&quot;","img":{"alt_text":"","src":"https:\/\/i0.wp.com\/sindicatodosbancarios.org.br\/site2022\/wp-content\/uploads\/2021\/09\/reforma-trabalhista.jpg?resize=350%2C200&ssl=1","width":350,"height":200},"classes":[]},{"id":5485,"url":"https:\/\/sindicatodosbancarios.org.br\/site2022\/2021\/06\/21\/informe-bancario-152-2021-marco-aurelio-vota-pelo-beneficio-mais-vantajoso-na-revisao-da-vida-toda\/","url_meta":{"origin":3249,"position":1},"title":"INFORME BANC\u00c1RIO \u2013 152\/2021 Marco Aur\u00e9lio vota pelo benef\u00edcio mais vantajoso na &#8220;revis\u00e3o da vida toda&#8221;","date":"21 de junho de 2021","format":false,"excerpt":"Na revis\u00e3o dos benef\u00edcios de aposentados e pensionistas do INSS deve prevalecer a aplica\u00e7\u00e3o da regra que considera todas as contribui\u00e7\u00f5es no c\u00e1lculo do benef\u00edcio e n\u00e3o apenas as feitas depois de julho de 1994, quando o resultado for mais favor\u00e1vel ao segurado. Esta \u00e9 a tese defendida pelo ministro\u2026","rel":"","context":"Em &quot;Geral&quot;","img":{"alt_text":"","src":"https:\/\/i0.wp.com\/sindicatodosbancarios.org.br\/site2022\/wp-content\/uploads\/2021\/06\/systemuploadsnews9d3119822b542943c8c-700x460xfit-83e55.jpg?resize=350%2C200&ssl=1","width":350,"height":200},"classes":[]},{"id":4840,"url":"https:\/\/sindicatodosbancarios.org.br\/site2022\/2020\/12\/03\/informe-bancario-451-2020-anabb-obtem-novo-exito-na-acao-coletiva-ir-previ\/","url_meta":{"origin":3249,"position":2},"title":"INFORME BANC\u00c1RIO \u2013 451\/2020 ANABB obt\u00e9m novo \u00eaxito na a\u00e7\u00e3o coletiva IR Previ","date":"3 de dezembro de 2020","format":false,"excerpt":"Decis\u00e3o da 6\u00aa Vara Federal acolheu pedido de cumprimento provis\u00f3rio de senten\u00e7a, que busca antecipar a fase de discuss\u00e3o e c\u00e1lculos dos valores devidos aos associados A ANABB, por interm\u00e9dio do escrit\u00f3rio de advocacia respons\u00e1vel, protocolou pedido de cumprimento provis\u00f3rio de senten\u00e7a na a\u00e7\u00e3o coletiva IR Previ \u2013 Processo n\u00ba\u2026","rel":"","context":"Em &quot;Banco do Brasil&quot;","img":{"alt_text":"","src":"https:\/\/i0.wp.com\/sindicatodosbancarios.org.br\/site2022\/wp-content\/uploads\/2020\/12\/15430655305bf94fba8f7f0_1543065530_3x2_md.jpg?resize=350%2C200&ssl=1","width":350,"height":200},"classes":[]},{"id":5493,"url":"https:\/\/sindicatodosbancarios.org.br\/site2022\/2021\/06\/23\/informe-bancario-155-2021-stf-veda-extensao-de-auxilio-acompanhante-a-todas-as-aposentadorias\/","url_meta":{"origin":3249,"position":3},"title":"INFORME BANC\u00c1RIO \u2013 155\/2021 STF veda extens\u00e3o de aux\u00edlio-acompanhante a todas as aposentadorias","date":"23 de junho de 2021","format":false,"excerpt":"\"No \u00e2mbito do Regime Geral de Previd\u00eancia Social (RGPS), somente lei pode criar ou ampliar benef\u00edcios e vantagens previdenci\u00e1rias, n\u00e3o havendo, por ora, previs\u00e3o de extens\u00e3o do aux\u00edlio da grande invalidez a todas \u00e0s esp\u00e9cies de aposentadoria.\" Essa foi a tese fixada pelo Supremo Tribunal Federal, por maioria, em julgamento\u2026","rel":"","context":"Em &quot;Geral&quot;","img":{"alt_text":"","src":"https:\/\/i0.wp.com\/sindicatodosbancarios.org.br\/site2022\/wp-content\/uploads\/2021\/06\/predio_stf_-_valter_campanto_-_agencia_brasil_1.jpg?resize=350%2C200&ssl=1","width":350,"height":200},"classes":[]},{"id":4556,"url":"https:\/\/sindicatodosbancarios.org.br\/site2022\/2020\/09\/29\/informe-bancario-367-2020-agu-suspende-promocao-em-massa-que-levou-606-procuradores-ao-topo-da-carreira\/","url_meta":{"origin":3249,"position":4},"title":"INFORME BANC\u00c1RIO \u2013 367\/2020 AGU suspende promo\u00e7\u00e3o em massa que levou 606 procuradores ao topo da carreira","date":"29 de setembro de 2020","format":false,"excerpt":"A Advocacia-Geral da Uni\u00e3o (AGU) decidiu suspender, nesta quinta-feira, 24, a promo\u00e7\u00e3o em massa que levou 606 procuradores federais do \u00f3rg\u00e3o ao topo da carreira - com sal\u00e1rios acima de R$ 27,3 mil. A decis\u00e3o \u00e9 do procurador-geral Federal, Leonardo Lima Fernandes. Na \u00faltima sexta-feira, 18, uma portaria da AGU\u2026","rel":"","context":"Em &quot;Geral&quot;","img":{"alt_text":"","src":"https:\/\/i0.wp.com\/sindicatodosbancarios.org.br\/site2022\/wp-content\/uploads\/2020\/09\/predio-da-agu-twitter.jpg?resize=350%2C200&ssl=1","width":350,"height":200},"classes":[]},{"id":4644,"url":"https:\/\/sindicatodosbancarios.org.br\/site2022\/2020\/10\/15\/informe-bancario-390-2020-segurado-pode-contestar-inss-a-qualquer-momento-decide-stf\/","url_meta":{"origin":3249,"position":5},"title":"INFORME BANC\u00c1RIO \u2013 390\/2020 Segurado pode contestar INSS a qualquer momento, decide STF","date":"15 de outubro de 2020","format":false,"excerpt":"Quem teve um benef\u00edcio negado, cessado ou cancelado h\u00e1 mais de dez anos ainda pode recorrer. Prazo para pedir revis\u00e3o de benef\u00edcio concedido n\u00e3o foi alterado. O segurado que teve o\u00a0benef\u00edcio negado, cessado ou cancelado h\u00e1 mais de dez anos ainda pode entrar na justi\u00e7a contra o Instituto Nacional do\u2026","rel":"","context":"Em &quot;Geral&quot;","img":{"alt_text":"","src":"https:\/\/i0.wp.com\/sindicatodosbancarios.org.br\/site2022\/wp-content\/uploads\/2020\/06\/STFEditadoo-4.jpg?resize=350%2C200&ssl=1","width":350,"height":200},"classes":[]}],"_links":{"self":[{"href":"https:\/\/sindicatodosbancarios.org.br\/site2022\/wp-json\/wp\/v2\/posts\/3249"}],"collection":[{"href":"https:\/\/sindicatodosbancarios.org.br\/site2022\/wp-json\/wp\/v2\/posts"}],"about":[{"href":"https:\/\/sindicatodosbancarios.org.br\/site2022\/wp-json\/wp\/v2\/types\/post"}],"author":[{"embeddable":true,"href":"https:\/\/sindicatodosbancarios.org.br\/site2022\/wp-json\/wp\/v2\/users\/2"}],"replies":[{"embeddable":true,"href":"https:\/\/sindicatodosbancarios.org.br\/site2022\/wp-json\/wp\/v2\/comments?post=3249"}],"version-history":[{"count":1,"href":"https:\/\/sindicatodosbancarios.org.br\/site2022\/wp-json\/wp\/v2\/posts\/3249\/revisions"}],"predecessor-version":[{"id":3250,"href":"https:\/\/sindicatodosbancarios.org.br\/site2022\/wp-json\/wp\/v2\/posts\/3249\/revisions\/3250"}],"wp:featuredmedia":[{"embeddable":true,"href":"https:\/\/sindicatodosbancarios.org.br\/site2022\/wp-json\/wp\/v2\/media\/3194"}],"wp:attachment":[{"href":"https:\/\/sindicatodosbancarios.org.br\/site2022\/wp-json\/wp\/v2\/media?parent=3249"}],"wp:term":[{"taxonomy":"category","embeddable":true,"href":"https:\/\/sindicatodosbancarios.org.br\/site2022\/wp-json\/wp\/v2\/categories?post=3249"},{"taxonomy":"post_tag","embeddable":true,"href":"https:\/\/sindicatodosbancarios.org.br\/site2022\/wp-json\/wp\/v2\/tags?post=3249"}],"curies":[{"name":"wp","href":"https:\/\/api.w.org\/{rel}","templated":true}]}}