{"id":3252,"date":"2019-12-13T16:57:34","date_gmt":"2019-12-13T19:57:34","guid":{"rendered":"https:\/\/sindicatodosbancarios.org.br\/?p=3252"},"modified":"2019-12-13T16:57:34","modified_gmt":"2019-12-13T19:57:34","slug":"sindicato-entrega-premio-para-bancario-do-bb-de-sao-bento-do-sul","status":"publish","type":"post","link":"https:\/\/sindicatodosbancarios.org.br\/site2022\/2019\/12\/13\/sindicato-entrega-premio-para-bancario-do-bb-de-sao-bento-do-sul\/","title":{"rendered":"SINDICATO ENTREGA PR\u00caMIO PARA BANC\u00c1RIO DO BB DE S\u00c3O BENTO DO SUL"},"content":{"rendered":"<p>O banc\u00e1rio J\u00falio Cesar da Cunha, funcion\u00e1rio do Banco do Brasil (ag\u00eancia 0674- S\u00e3o Bento do Sul), recebeu de Roberto Ortiz o pr\u00eamio sorteado pelo sindicato, e oferecido pelo Hotel Sibara Flat &amp; Conven\u00e7\u00f5es, que consiste em 2 (duas) di\u00e1rias + caf\u00e9 da manh\u00e3, em data a ser agendada. J\u00falio e sua esposa Luciana, tamb\u00e9m funcion\u00e1ria do BB, s\u00e3o associados do Sindicato dos Banc\u00e1rios.<\/p>\n<p>O pr\u00eamio foi sorteado pelo Sindicato dos Banc\u00e1rios em comemora\u00e7\u00e3o a Festa realizada no dia 17\/11\/2019, na ARBANC. J\u00falio e Luciana estavam presentes.<\/p>\n<p>A premia\u00e7\u00e3o foi uma gentileza do Hotel Sibara, que mant\u00e9m conv\u00eanio com o Sindicato dos Banc\u00e1rios de S\u00e3o Bento do Sul e Regi\u00e3o, oferecendo promo\u00e7\u00f5es de estadia em Balne\u00e1rio Cambori\u00fa, uma das mais belas e procuradas praias do Brasil (veja conv\u00eanios\u00a0 na site do Sindicato) aos banc\u00e1rios (as)\u00a0 (associados (as) ao Sindicato e seus dependentes.<\/p>\n<p>Todos os banc\u00e1rios (as) s\u00f3cios (as) podem utilizar do conv\u00eanio celebrado entre o Sindicato e o Hotel Sibara,\u00a0 que oferece acomoda\u00e7\u00f5es de 1\u00aa classe a pre\u00e7os promocionais.<\/p>\n<p>Para maiores informa\u00e7\u00f5es entre em contato com o sindicato ou acesse o site (conv\u00eanios).<\/p>\n<p>Venha ser um banc\u00e1rio (a) sindicalizado!<\/p>\n<p>Banc\u00e1rio (a) sindicalizado (a) \u00e9 banc\u00e1rio (a) protegido e amparado!!<\/p>\n","protected":false},"excerpt":{"rendered":"<p>O banc\u00e1rio J\u00falio Cesar da Cunha, funcion\u00e1rio do Banco do Brasil (ag\u00eancia 0674- S\u00e3o Bento do Sul), recebeu [&hellip;]<\/p>\n","protected":false},"author":2,"featured_media":3253,"comment_status":"open","ping_status":"open","sticky":false,"template":"","format":"standard","meta":{"jetpack_post_was_ever_published":false,"jetpack_publicize_message":"","jetpack_is_tweetstorm":false,"jetpack_publicize_feature_enabled":true,"jetpack_social_post_already_shared":true,"jetpack_social_options":[]},"categories":[1],"tags":[],"jetpack_publicize_connections":[],"acf":[],"yoast_head":"<!-- This site is optimized with the Yoast SEO plugin v19.14 - https:\/\/yoast.com\/wordpress\/plugins\/seo\/ -->\n<title>SINDICATO ENTREGA PR\u00caMIO PARA BANC\u00c1RIO DO BB DE S\u00c3O BENTO DO SUL - Sindicato dos Banc\u00e1rios de S\u00e3o Bento do Sul e Regi\u00e3o<\/title>\n<meta name=\"robots\" content=\"index, follow, max-snippet:-1, max-image-preview:large, max-video-preview:-1\" \/>\n<link rel=\"canonical\" href=\"https:\/\/sindicatodosbancarios.org.br\/site2022\/2019\/12\/13\/sindicato-entrega-premio-para-bancario-do-bb-de-sao-bento-do-sul\/\" \/>\n<meta property=\"og:locale\" content=\"pt_BR\" \/>\n<meta property=\"og:type\" content=\"article\" \/>\n<meta property=\"og:title\" content=\"SINDICATO ENTREGA PR\u00caMIO PARA BANC\u00c1RIO DO BB DE S\u00c3O BENTO DO SUL - Sindicato dos Banc\u00e1rios de S\u00e3o Bento do Sul e Regi\u00e3o\" \/>\n<meta property=\"og:description\" content=\"O banc\u00e1rio J\u00falio Cesar da Cunha, funcion\u00e1rio do Banco do Brasil (ag\u00eancia 0674- S\u00e3o Bento do Sul), recebeu [&hellip;]\" \/>\n<meta property=\"og:url\" content=\"https:\/\/sindicatodosbancarios.org.br\/site2022\/2019\/12\/13\/sindicato-entrega-premio-para-bancario-do-bb-de-sao-bento-do-sul\/\" \/>\n<meta property=\"og:site_name\" content=\"Sindicato dos Banc\u00e1rios de S\u00e3o Bento do Sul e Regi\u00e3o\" \/>\n<meta property=\"article:author\" content=\"https:\/\/www.facebook.com\/seeb.sbs.9\" \/>\n<meta property=\"article:published_time\" content=\"2019-12-13T19:57:34+00:00\" \/>\n<meta property=\"og:image\" content=\"https:\/\/sindicatodosbancarios.org.br\/site2022\/wp-content\/uploads\/2019\/12\/Design-sem-nome-7.png\" \/>\n\t<meta property=\"og:image:width\" content=\"800\" \/>\n\t<meta property=\"og:image:height\" content=\"800\" \/>\n\t<meta property=\"og:image:type\" content=\"image\/png\" \/>\n<meta name=\"author\" content=\"Sindicato dos Banc\u00e1rios S\u00e3o Bento do Sul e Regi\u00e3o\" \/>\n<meta name=\"twitter:card\" content=\"summary_large_image\" \/>\n<meta name=\"twitter:label1\" content=\"Escrito por\" \/>\n\t<meta name=\"twitter:data1\" content=\"Sindicato dos Banc\u00e1rios S\u00e3o Bento do Sul e Regi\u00e3o\" \/>\n\t<meta name=\"twitter:label2\" content=\"Est. tempo de leitura\" \/>\n\t<meta name=\"twitter:data2\" content=\"1 minuto\" \/>\n<script type=\"application\/ld+json\" class=\"yoast-schema-graph\">{\"@context\":\"https:\/\/schema.org\",\"@graph\":[{\"@type\":\"Article\",\"@id\":\"https:\/\/sindicatodosbancarios.org.br\/site2022\/2019\/12\/13\/sindicato-entrega-premio-para-bancario-do-bb-de-sao-bento-do-sul\/#article\",\"isPartOf\":{\"@id\":\"https:\/\/sindicatodosbancarios.org.br\/site2022\/2019\/12\/13\/sindicato-entrega-premio-para-bancario-do-bb-de-sao-bento-do-sul\/\"},\"author\":{\"name\":\"Sindicato dos Banc\u00e1rios S\u00e3o Bento do Sul e Regi\u00e3o\",\"@id\":\"https:\/\/sindicatodosbancarios.org.br\/site2022\/#\/schema\/person\/a7d92da77d1084df4d28b57962f1e1bd\"},\"headline\":\"SINDICATO ENTREGA PR\u00caMIO PARA BANC\u00c1RIO DO BB DE S\u00c3O BENTO DO SUL\",\"datePublished\":\"2019-12-13T19:57:34+00:00\",\"dateModified\":\"2019-12-13T19:57:34+00:00\",\"mainEntityOfPage\":{\"@id\":\"https:\/\/sindicatodosbancarios.org.br\/site2022\/2019\/12\/13\/sindicato-entrega-premio-para-bancario-do-bb-de-sao-bento-do-sul\/\"},\"wordCount\":246,\"commentCount\":0,\"publisher\":{\"@id\":\"https:\/\/sindicatodosbancarios.org.br\/site2022\/#organization\"},\"articleSection\":[\"Geral\"],\"inLanguage\":\"pt-BR\",\"potentialAction\":[{\"@type\":\"CommentAction\",\"name\":\"Comment\",\"target\":[\"https:\/\/sindicatodosbancarios.org.br\/site2022\/2019\/12\/13\/sindicato-entrega-premio-para-bancario-do-bb-de-sao-bento-do-sul\/#respond\"]}]},{\"@type\":\"WebPage\",\"@id\":\"https:\/\/sindicatodosbancarios.org.br\/site2022\/2019\/12\/13\/sindicato-entrega-premio-para-bancario-do-bb-de-sao-bento-do-sul\/\",\"url\":\"https:\/\/sindicatodosbancarios.org.br\/site2022\/2019\/12\/13\/sindicato-entrega-premio-para-bancario-do-bb-de-sao-bento-do-sul\/\",\"name\":\"SINDICATO ENTREGA PR\u00caMIO PARA BANC\u00c1RIO DO BB DE S\u00c3O BENTO DO SUL - Sindicato dos Banc\u00e1rios de S\u00e3o Bento do Sul e Regi\u00e3o\",\"isPartOf\":{\"@id\":\"https:\/\/sindicatodosbancarios.org.br\/site2022\/#website\"},\"datePublished\":\"2019-12-13T19:57:34+00:00\",\"dateModified\":\"2019-12-13T19:57:34+00:00\",\"breadcrumb\":{\"@id\":\"https:\/\/sindicatodosbancarios.org.br\/site2022\/2019\/12\/13\/sindicato-entrega-premio-para-bancario-do-bb-de-sao-bento-do-sul\/#breadcrumb\"},\"inLanguage\":\"pt-BR\",\"potentialAction\":[{\"@type\":\"ReadAction\",\"target\":[\"https:\/\/sindicatodosbancarios.org.br\/site2022\/2019\/12\/13\/sindicato-entrega-premio-para-bancario-do-bb-de-sao-bento-do-sul\/\"]}]},{\"@type\":\"BreadcrumbList\",\"@id\":\"https:\/\/sindicatodosbancarios.org.br\/site2022\/2019\/12\/13\/sindicato-entrega-premio-para-bancario-do-bb-de-sao-bento-do-sul\/#breadcrumb\",\"itemListElement\":[{\"@type\":\"ListItem\",\"position\":1,\"name\":\"In\u00edcio\",\"item\":\"https:\/\/sindicatodosbancarios.org.br\/site2022\/\"},{\"@type\":\"ListItem\",\"position\":2,\"name\":\"SINDICATO ENTREGA PR\u00caMIO PARA BANC\u00c1RIO DO BB DE S\u00c3O BENTO DO SUL\"}]},{\"@type\":\"WebSite\",\"@id\":\"https:\/\/sindicatodosbancarios.org.br\/site2022\/#website\",\"url\":\"https:\/\/sindicatodosbancarios.org.br\/site2022\/\",\"name\":\"Sindicato dos Banc\u00e1rios de S\u00e3o Bento do Sul e Regi\u00e3o\",\"description\":\"Website institucional do Sindicato dos Banc\u00e1rios de S\u00e3o Bento do Sul e Regi\u00e3o\",\"publisher\":{\"@id\":\"https:\/\/sindicatodosbancarios.org.br\/site2022\/#organization\"},\"potentialAction\":[{\"@type\":\"SearchAction\",\"target\":{\"@type\":\"EntryPoint\",\"urlTemplate\":\"https:\/\/sindicatodosbancarios.org.br\/site2022\/?s={search_term_string}\"},\"query-input\":\"required name=search_term_string\"}],\"inLanguage\":\"pt-BR\"},{\"@type\":\"Organization\",\"@id\":\"https:\/\/sindicatodosbancarios.org.br\/site2022\/#organization\",\"name\":\"Sindicato dos Banc\u00e1rios de S\u00e3o Bento do Sul e Regi\u00e3o\",\"url\":\"https:\/\/sindicatodosbancarios.org.br\/site2022\/\",\"logo\":{\"@type\":\"ImageObject\",\"inLanguage\":\"pt-BR\",\"@id\":\"https:\/\/sindicatodosbancarios.org.br\/site2022\/#\/schema\/logo\/image\/\",\"url\":\"https:\/\/sindicatodosbancarios.org.br\/site2022\/wp-content\/uploads\/2017\/06\/cropped-logo-2.png\",\"contentUrl\":\"https:\/\/sindicatodosbancarios.org.br\/site2022\/wp-content\/uploads\/2017\/06\/cropped-logo-2.png\",\"width\":292,\"height\":292,\"caption\":\"Sindicato dos Banc\u00e1rios de S\u00e3o Bento do Sul e Regi\u00e3o\"},\"image\":{\"@id\":\"https:\/\/sindicatodosbancarios.org.br\/site2022\/#\/schema\/logo\/image\/\"}},{\"@type\":\"Person\",\"@id\":\"https:\/\/sindicatodosbancarios.org.br\/site2022\/#\/schema\/person\/a7d92da77d1084df4d28b57962f1e1bd\",\"name\":\"Sindicato dos Banc\u00e1rios S\u00e3o Bento do Sul e Regi\u00e3o\",\"image\":{\"@type\":\"ImageObject\",\"inLanguage\":\"pt-BR\",\"@id\":\"https:\/\/sindicatodosbancarios.org.br\/site2022\/#\/schema\/person\/image\/\",\"url\":\"https:\/\/secure.gravatar.com\/avatar\/f1d1a06f698f2345352e539387180d42?s=96&d=mm&r=g\",\"contentUrl\":\"https:\/\/secure.gravatar.com\/avatar\/f1d1a06f698f2345352e539387180d42?s=96&d=mm&r=g\",\"caption\":\"Sindicato dos Banc\u00e1rios S\u00e3o Bento do Sul e Regi\u00e3o\"},\"sameAs\":[\"http:\/\/sindicatodosbancarios.org.br\/site2022\/\",\"https:\/\/www.facebook.com\/seeb.sbs.9\"],\"url\":\"https:\/\/sindicatodosbancarios.org.br\/site2022\/author\/sindicatodosbancarios\/\"}]}<\/script>\n<!-- \/ Yoast SEO plugin. -->","yoast_head_json":{"title":"SINDICATO ENTREGA PR\u00caMIO PARA BANC\u00c1RIO DO BB DE S\u00c3O BENTO DO SUL - Sindicato dos Banc\u00e1rios de S\u00e3o Bento do Sul e Regi\u00e3o","robots":{"index":"index","follow":"follow","max-snippet":"max-snippet:-1","max-image-preview":"max-image-preview:large","max-video-preview":"max-video-preview:-1"},"canonical":"https:\/\/sindicatodosbancarios.org.br\/site2022\/2019\/12\/13\/sindicato-entrega-premio-para-bancario-do-bb-de-sao-bento-do-sul\/","og_locale":"pt_BR","og_type":"article","og_title":"SINDICATO ENTREGA PR\u00caMIO PARA BANC\u00c1RIO DO BB DE S\u00c3O BENTO DO SUL - Sindicato dos Banc\u00e1rios de S\u00e3o Bento do Sul e Regi\u00e3o","og_description":"O banc\u00e1rio J\u00falio Cesar da Cunha, funcion\u00e1rio do Banco do Brasil (ag\u00eancia 0674- S\u00e3o Bento do Sul), recebeu [&hellip;]","og_url":"https:\/\/sindicatodosbancarios.org.br\/site2022\/2019\/12\/13\/sindicato-entrega-premio-para-bancario-do-bb-de-sao-bento-do-sul\/","og_site_name":"Sindicato dos Banc\u00e1rios de S\u00e3o Bento do Sul e Regi\u00e3o","article_author":"https:\/\/www.facebook.com\/seeb.sbs.9","article_published_time":"2019-12-13T19:57:34+00:00","og_image":[{"width":800,"height":800,"url":"https:\/\/sindicatodosbancarios.org.br\/site2022\/wp-content\/uploads\/2019\/12\/Design-sem-nome-7.png","type":"image\/png"}],"author":"Sindicato dos Banc\u00e1rios S\u00e3o Bento do Sul e Regi\u00e3o","twitter_card":"summary_large_image","twitter_misc":{"Escrito por":"Sindicato dos Banc\u00e1rios S\u00e3o Bento do Sul e Regi\u00e3o","Est. tempo de leitura":"1 minuto"},"schema":{"@context":"https:\/\/schema.org","@graph":[{"@type":"Article","@id":"https:\/\/sindicatodosbancarios.org.br\/site2022\/2019\/12\/13\/sindicato-entrega-premio-para-bancario-do-bb-de-sao-bento-do-sul\/#article","isPartOf":{"@id":"https:\/\/sindicatodosbancarios.org.br\/site2022\/2019\/12\/13\/sindicato-entrega-premio-para-bancario-do-bb-de-sao-bento-do-sul\/"},"author":{"name":"Sindicato dos Banc\u00e1rios S\u00e3o Bento do Sul e Regi\u00e3o","@id":"https:\/\/sindicatodosbancarios.org.br\/site2022\/#\/schema\/person\/a7d92da77d1084df4d28b57962f1e1bd"},"headline":"SINDICATO ENTREGA PR\u00caMIO PARA BANC\u00c1RIO DO BB DE S\u00c3O BENTO DO SUL","datePublished":"2019-12-13T19:57:34+00:00","dateModified":"2019-12-13T19:57:34+00:00","mainEntityOfPage":{"@id":"https:\/\/sindicatodosbancarios.org.br\/site2022\/2019\/12\/13\/sindicato-entrega-premio-para-bancario-do-bb-de-sao-bento-do-sul\/"},"wordCount":246,"commentCount":0,"publisher":{"@id":"https:\/\/sindicatodosbancarios.org.br\/site2022\/#organization"},"articleSection":["Geral"],"inLanguage":"pt-BR","potentialAction":[{"@type":"CommentAction","name":"Comment","target":["https:\/\/sindicatodosbancarios.org.br\/site2022\/2019\/12\/13\/sindicato-entrega-premio-para-bancario-do-bb-de-sao-bento-do-sul\/#respond"]}]},{"@type":"WebPage","@id":"https:\/\/sindicatodosbancarios.org.br\/site2022\/2019\/12\/13\/sindicato-entrega-premio-para-bancario-do-bb-de-sao-bento-do-sul\/","url":"https:\/\/sindicatodosbancarios.org.br\/site2022\/2019\/12\/13\/sindicato-entrega-premio-para-bancario-do-bb-de-sao-bento-do-sul\/","name":"SINDICATO ENTREGA PR\u00caMIO PARA BANC\u00c1RIO DO BB DE S\u00c3O BENTO DO SUL - Sindicato dos Banc\u00e1rios de S\u00e3o Bento do Sul e Regi\u00e3o","isPartOf":{"@id":"https:\/\/sindicatodosbancarios.org.br\/site2022\/#website"},"datePublished":"2019-12-13T19:57:34+00:00","dateModified":"2019-12-13T19:57:34+00:00","breadcrumb":{"@id":"https:\/\/sindicatodosbancarios.org.br\/site2022\/2019\/12\/13\/sindicato-entrega-premio-para-bancario-do-bb-de-sao-bento-do-sul\/#breadcrumb"},"inLanguage":"pt-BR","potentialAction":[{"@type":"ReadAction","target":["https:\/\/sindicatodosbancarios.org.br\/site2022\/2019\/12\/13\/sindicato-entrega-premio-para-bancario-do-bb-de-sao-bento-do-sul\/"]}]},{"@type":"BreadcrumbList","@id":"https:\/\/sindicatodosbancarios.org.br\/site2022\/2019\/12\/13\/sindicato-entrega-premio-para-bancario-do-bb-de-sao-bento-do-sul\/#breadcrumb","itemListElement":[{"@type":"ListItem","position":1,"name":"In\u00edcio","item":"https:\/\/sindicatodosbancarios.org.br\/site2022\/"},{"@type":"ListItem","position":2,"name":"SINDICATO ENTREGA PR\u00caMIO PARA BANC\u00c1RIO DO BB DE S\u00c3O BENTO DO SUL"}]},{"@type":"WebSite","@id":"https:\/\/sindicatodosbancarios.org.br\/site2022\/#website","url":"https:\/\/sindicatodosbancarios.org.br\/site2022\/","name":"Sindicato dos Banc\u00e1rios de S\u00e3o Bento do Sul e Regi\u00e3o","description":"Website institucional do Sindicato dos Banc\u00e1rios de S\u00e3o Bento do Sul e Regi\u00e3o","publisher":{"@id":"https:\/\/sindicatodosbancarios.org.br\/site2022\/#organization"},"potentialAction":[{"@type":"SearchAction","target":{"@type":"EntryPoint","urlTemplate":"https:\/\/sindicatodosbancarios.org.br\/site2022\/?s={search_term_string}"},"query-input":"required name=search_term_string"}],"inLanguage":"pt-BR"},{"@type":"Organization","@id":"https:\/\/sindicatodosbancarios.org.br\/site2022\/#organization","name":"Sindicato dos Banc\u00e1rios de S\u00e3o Bento do Sul e Regi\u00e3o","url":"https:\/\/sindicatodosbancarios.org.br\/site2022\/","logo":{"@type":"ImageObject","inLanguage":"pt-BR","@id":"https:\/\/sindicatodosbancarios.org.br\/site2022\/#\/schema\/logo\/image\/","url":"https:\/\/sindicatodosbancarios.org.br\/site2022\/wp-content\/uploads\/2017\/06\/cropped-logo-2.png","contentUrl":"https:\/\/sindicatodosbancarios.org.br\/site2022\/wp-content\/uploads\/2017\/06\/cropped-logo-2.png","width":292,"height":292,"caption":"Sindicato dos Banc\u00e1rios de S\u00e3o Bento do Sul e Regi\u00e3o"},"image":{"@id":"https:\/\/sindicatodosbancarios.org.br\/site2022\/#\/schema\/logo\/image\/"}},{"@type":"Person","@id":"https:\/\/sindicatodosbancarios.org.br\/site2022\/#\/schema\/person\/a7d92da77d1084df4d28b57962f1e1bd","name":"Sindicato dos Banc\u00e1rios S\u00e3o Bento do Sul e Regi\u00e3o","image":{"@type":"ImageObject","inLanguage":"pt-BR","@id":"https:\/\/sindicatodosbancarios.org.br\/site2022\/#\/schema\/person\/image\/","url":"https:\/\/secure.gravatar.com\/avatar\/f1d1a06f698f2345352e539387180d42?s=96&d=mm&r=g","contentUrl":"https:\/\/secure.gravatar.com\/avatar\/f1d1a06f698f2345352e539387180d42?s=96&d=mm&r=g","caption":"Sindicato dos Banc\u00e1rios S\u00e3o Bento do Sul e Regi\u00e3o"},"sameAs":["http:\/\/sindicatodosbancarios.org.br\/site2022\/","https:\/\/www.facebook.com\/seeb.sbs.9"],"url":"https:\/\/sindicatodosbancarios.org.br\/site2022\/author\/sindicatodosbancarios\/"}]}},"jetpack_featured_media_url":"https:\/\/sindicatodosbancarios.org.br\/site2022\/wp-content\/uploads\/2019\/12\/Design-sem-nome-7.png","jetpack_sharing_enabled":true,"jetpack_shortlink":"https:\/\/wp.me\/p8RSbI-Qs","jetpack-related-posts":[{"id":5641,"url":"https:\/\/sindicatodosbancarios.org.br\/site2022\/2021\/08\/24\/informe-bancario-200-2021-renovacao-convenio-entre-sindicato-e-patanegra-cervejaria\/","url_meta":{"origin":3252,"position":0},"title":"INFORME BANC\u00c1RIO \u2013 200\/2021 &#8211; RENOVA\u00c7\u00c3O CONV\u00caNIO ENTRE SINDICATO E PATANEGRA CERVEJARIA","date":"24 de agosto de 2021","format":false,"excerpt":"O Sindicato dos Banc\u00e1rios de S\u00e3o Bento do Sul e Regi\u00e3o e PataNegra Cervejaria renovam seu conv\u00eanio por mais 3 (tr\u00eas) anos, parceria que come\u00e7ou em maio de 2019. A conceituada Cervejaria PataNegra de S\u00e3o Bento do Sul, com endere\u00e7o na Rodovia Deputado Gen\u00e9sio Tureck (Acesso Oeste), n\u00ba 1355 \u2013\u2026","rel":"","context":"Em &quot;Geral&quot;","img":{"alt_text":"","src":"https:\/\/i0.wp.com\/sindicatodosbancarios.org.br\/site2022\/wp-content\/uploads\/2021\/08\/brewpub-anexo-a-cervejaria.jpg?resize=350%2C200&ssl=1","width":350,"height":200},"classes":[]},{"id":5971,"url":"https:\/\/sindicatodosbancarios.org.br\/site2022\/2022\/03\/29\/bancarios-homenageiam-adao-de-oliveira-inauguracao-quadras-esportivas-arbanc\/","url_meta":{"origin":3252,"position":1},"title":"BANC\u00c1RIOS HOMENAGEIAM AD\u00c3O DE OLIVEIRA &#8211; INAUGURA\u00c7\u00c3O QUADRAS ESPORTIVAS &#8211; ARBANC","date":"29 de mar\u00e7o de 2022","format":false,"excerpt":"No \u00faltimo dia 26 de mar\u00e7o, banc\u00e1rios da regi\u00e3o estiveram reunidos na sede da Associa\u00e7\u00e3o Recreativa dos Banc\u00e1rios \u201cJos\u00e9 Ilton Belli\u201d \u2013 ARBANC, localizada no Bairro Bras\u00edlia para uma confraterniza\u00e7\u00e3o e a inaugura\u00e7\u00e3o das quadras de futebol society e v\u00f4lei de areia. Na ocasi\u00e3o foi realizada a homenagem ao ex-banc\u00e1rio\u2026","rel":"","context":"Em &quot;Banco do Brasil&quot;","img":{"alt_text":"","src":"https:\/\/i0.wp.com\/sindicatodosbancarios.org.br\/site2022\/wp-content\/uploads\/2022\/03\/DSC_3974.jpg?resize=350%2C200&ssl=1","width":350,"height":200},"classes":[]},{"id":4877,"url":"https:\/\/sindicatodosbancarios.org.br\/site2022\/2020\/12\/15\/informe-bancario-460-2020-em-assembleia-bancarios-do-itau-aprovam-acordo-de-teletrabalho\/","url_meta":{"origin":3252,"position":2},"title":"INFORME BANC\u00c1RIO \u2013 460\/2020 EM ASSEMBLEIA, BANC\u00c1RIOS DO ITA\u00da APROVAM ACORDO DE TELETRABALHO","date":"15 de dezembro de 2020","format":false,"excerpt":"Trabalhadores do Banco Ita\u00fa Unibanco SA, conquistaram acordo que garante ajuda de custo, fornecimento pela empresa de equipamentos e cadeira adequada, manuten\u00e7\u00e3o do VR e VA nos termos da CCT, controle de jornada, entre outros pontos. Em Assembleia Virtual encerrada \u00e0s 20h desta sexta-feira dia 04, os Banc\u00e1rios do Ita\u00fa\u2026","rel":"","context":"Em &quot;Ita\u00fa&quot;","img":{"alt_text":"","src":"https:\/\/i0.wp.com\/sindicatodosbancarios.org.br\/site2022\/wp-content\/uploads\/2020\/12\/141220141318-ITA\u00da.jpeg?resize=350%2C200&ssl=1","width":350,"height":200},"classes":[]},{"id":4965,"url":"https:\/\/sindicatodosbancarios.org.br\/site2022\/2021\/01\/06\/informe-bancario-486-2020-atualizacao-cadastral-cassi\/","url_meta":{"origin":3252,"position":3},"title":"INFORME BANC\u00c1RIO \u2013 08\/2021 Atualiza\u00e7\u00e3o Cadastral CASSI","date":"6 de janeiro de 2021","format":false,"excerpt":"O Conselho de Usu\u00e1rios de SC, vem lembrar da import\u00e2ncia de todos e todas manterem a atualiza\u00e7\u00e3o cadastral junto \u00e0 CASSI. Os dados atualizados garantem a r\u00e1pida comunica\u00e7\u00e3o da Caixa de Assist\u00eancia com seus benefici\u00e1rios. Assim, se o plano precisar de informa\u00e7\u00f5es adicionais para autorizar algum procedimento, consegue contatar o\u2026","rel":"","context":"Em &quot;Banco do Brasil&quot;","img":{"alt_text":"","src":"https:\/\/i0.wp.com\/sindicatodosbancarios.org.br\/site2022\/wp-content\/uploads\/2021\/01\/cassi_12.jpg?resize=350%2C200&ssl=1","width":350,"height":200},"classes":[]},{"id":5480,"url":"https:\/\/sindicatodosbancarios.org.br\/site2022\/2021\/06\/18\/informe-bancario-151-2021-contec-reforca-pedido-ao-governo-para-vacinar-trabalhadores-em-bancos\/","url_meta":{"origin":3252,"position":4},"title":"INFORME BANC\u00c1RIO \u2013 151\/2021 CONTEC refor\u00e7a pedido ao Governo para vacinar trabalhadores em bancos","date":"18 de junho de 2021","format":false,"excerpt":"A CONTEC encaminhou novo of\u00edcio, ontem (16), ao ministro da Sa\u00fade, Marcelo Queiroga. No documento, a entidade reitera a reivindica\u00e7\u00e3o pela inclus\u00e3o priorit\u00e1ria dos banc\u00e1rios no Plano Nacional de Imuniza\u00e7\u00e3o (PNI) para vacina\u00e7\u00e3o contra a covid-19. \u00a0 O of\u00edcio foi assinado pelo presidente Louren\u00e7o Ferreira do Prado. Nele, a CONTEC\u2026","rel":"","context":"Em &quot;Banco do Brasil&quot;","img":{"alt_text":"","src":"https:\/\/i0.wp.com\/sindicatodosbancarios.org.br\/site2022\/wp-content\/uploads\/2021\/06\/vacina-para-banca\u0301rios.jpg?resize=350%2C200&ssl=1","width":350,"height":200},"classes":[]},{"id":5192,"url":"https:\/\/sindicatodosbancarios.org.br\/site2022\/2021\/02\/19\/informe-bancarios-64-2021-contec-ajuiza-tres-acoes-contra-o-banco-do-brasil\/","url_meta":{"origin":3252,"position":5},"title":"INFORME BANC\u00c1RIOS \u2013 64\/2021 Contec aju\u00edza tr\u00eas a\u00e7\u00f5es contra o Banco do Brasil","date":"19 de fevereiro de 2021","format":false,"excerpt":"A CONTEC j\u00e1 ajuizou na semana passada (de 08 a 12\/02) as a\u00e7\u00f5es em defesa da gratifica\u00e7\u00e3o de caixa e contra a reestrutura\u00e7\u00e3o, dos funcion\u00e1rios do BB. Nesta quinta-feira \u00a0(18\/3) foi ajuizada uma nova a\u00e7\u00e3o, desta vez contra a transfer\u00eancia compuls\u00f3ria. At\u00e9 o momento n\u00e3o houve despacho em nenhumas das\u2026","rel":"","context":"Em &quot;Banco do Brasil&quot;","img":{"alt_text":"","src":"https:\/\/i0.wp.com\/sindicatodosbancarios.org.br\/site2022\/wp-content\/uploads\/2020\/10\/16da4bb8-banco-do-brasil.jpeg?resize=350%2C200&ssl=1","width":350,"height":200},"classes":[]}],"_links":{"self":[{"href":"https:\/\/sindicatodosbancarios.org.br\/site2022\/wp-json\/wp\/v2\/posts\/3252"}],"collection":[{"href":"https:\/\/sindicatodosbancarios.org.br\/site2022\/wp-json\/wp\/v2\/posts"}],"about":[{"href":"https:\/\/sindicatodosbancarios.org.br\/site2022\/wp-json\/wp\/v2\/types\/post"}],"author":[{"embeddable":true,"href":"https:\/\/sindicatodosbancarios.org.br\/site2022\/wp-json\/wp\/v2\/users\/2"}],"replies":[{"embeddable":true,"href":"https:\/\/sindicatodosbancarios.org.br\/site2022\/wp-json\/wp\/v2\/comments?post=3252"}],"version-history":[{"count":1,"href":"https:\/\/sindicatodosbancarios.org.br\/site2022\/wp-json\/wp\/v2\/posts\/3252\/revisions"}],"predecessor-version":[{"id":3254,"href":"https:\/\/sindicatodosbancarios.org.br\/site2022\/wp-json\/wp\/v2\/posts\/3252\/revisions\/3254"}],"wp:featuredmedia":[{"embeddable":true,"href":"https:\/\/sindicatodosbancarios.org.br\/site2022\/wp-json\/wp\/v2\/media\/3253"}],"wp:attachment":[{"href":"https:\/\/sindicatodosbancarios.org.br\/site2022\/wp-json\/wp\/v2\/media?parent=3252"}],"wp:term":[{"taxonomy":"category","embeddable":true,"href":"https:\/\/sindicatodosbancarios.org.br\/site2022\/wp-json\/wp\/v2\/categories?post=3252"},{"taxonomy":"post_tag","embeddable":true,"href":"https:\/\/sindicatodosbancarios.org.br\/site2022\/wp-json\/wp\/v2\/tags?post=3252"}],"curies":[{"name":"wp","href":"https:\/\/api.w.org\/{rel}","templated":true}]}}