{"id":3262,"date":"2020-01-07T14:21:43","date_gmt":"2020-01-07T17:21:43","guid":{"rendered":"https:\/\/sindicatodosbancarios.org.br\/?p=3262"},"modified":"2020-01-07T14:56:47","modified_gmt":"2020-01-07T17:56:47","slug":"informe-bancario-02-2020-quando-sera-paga-a-segunda-parcela-do-plr","status":"publish","type":"post","link":"https:\/\/sindicatodosbancarios.org.br\/site2022\/2020\/01\/07\/informe-bancario-02-2020-quando-sera-paga-a-segunda-parcela-do-plr\/","title":{"rendered":"INFORME BANC\u00c1RIO &#8211; 02 \/ 2020 &#8211; QUANDO SER\u00c1 PAGA A SEGUNDA PARCELA DA PLR?"},"content":{"rendered":"<p>Passadas as festas de Natal e Ano novo, e come\u00e7ando a chegar aquelas contas \u2018t\u00edpicas\u2019 de janeiro, muitos Banc\u00e1rios j\u00e1 come\u00e7am a pensar em tr\u00eas letras conhecida da Categoria Banc\u00e1ria: PLR.<\/p>\n<p>No caso, o interesse \u00e9 em saber quando vai cair a 2\u00aa parcela da Participa\u00e7\u00e3o dos Lucros e Resultados. O que uma parte dos Banc\u00e1rios talvez n\u00e3o saiba, \u00e9 que a PLR n\u00e3o \u00e9 um \u2018presente\u2019 dado pelos Banqueiros! Ela \u00e9 fruto de muitas lutas do Movimento Sindical Banc\u00e1rio.<\/p>\n<p>Banc\u00e1rios e Banc\u00e1rias foram os primeiros trabalhadores a conquistar o direito \u00e0 PLR previsto na Conven\u00e7\u00e3o Coletiva de Trabalho (CCT), em 1995. Pelo acordo atual, os Bancos Privados t\u00eam que pagar a PLR at\u00e9 03 de mar\u00e7o de 2020, (referente ao exerc\u00edcio 2019).<\/p>\n<p>Para os Banc\u00e1rios da Caixa Econ\u00f4mica Federal, o pagamento deve ser feito at\u00e9 31 de mar\u00e7o de 2020. J\u00e1 para os Banc\u00e1rios do Banco do Brasil, a parcela da PLR referente ao 2\u00ba semestre de 2019 chega \u201cem at\u00e9 dez dias \u00fateis ap\u00f3s a data de distribui\u00e7\u00e3o dos dividendos ou JCP-Juros sobre Capital Pr\u00f3prio aos acionistas\u201d.<\/p>\n<p>Apesar do estabelecimento de datas-limite, os Banqueiros t\u00eam plenas condi\u00e7\u00f5es de pagar os trabalhadores antes dos prazos m\u00e1ximos. O Sindicato dos Empregados em Estabelecimentos Banc\u00e1rios de S\u00e3o Bento do Sul e Regi\u00e3o, ir\u00e1 informar aos Banc\u00e1rios as antecipa\u00e7\u00f5es acordadas com a CONTEC.<\/p>\n<p><strong>DIREITO APRIMORADO:<\/strong>\u00a0O direito \u00e0 PLR foi aprimorado durante a Campanha Salarial de 2007, quando foi garantido o valor adicional ao benef\u00edcio. Posteriormente, em 2013, foi conquistado outro avan\u00e7o: os Banc\u00e1rios e Banc\u00e1rias t\u00eam direito \u00e0 PLR sem IR para determinados valores e, a partir destes descontos progressivos.<\/p>\n<p>Para fortalecer as lutas da Categoria e garantir a manuten\u00e7\u00e3o e conquista de direitos, \u00e9 fundamental que Banc\u00e1rios e Banc\u00e1rias estejam cada vez mais Unidos e Mobilizados. Por isso a import\u00e2ncia da sindicaliza\u00e7\u00e3o!<\/p>\n<p><span style=\"font-size: 8pt;\">FONTE: SEEB JGS E REGI\u00c3O SC.<\/span><\/p>\n","protected":false},"excerpt":{"rendered":"<p>Passadas as festas de Natal e Ano novo, e come\u00e7ando a chegar aquelas contas \u2018t\u00edpicas\u2019 de janeiro, muitos [&hellip;]<\/p>\n","protected":false},"author":2,"featured_media":3263,"comment_status":"open","ping_status":"open","sticky":false,"template":"","format":"standard","meta":{"jetpack_post_was_ever_published":false,"jetpack_publicize_message":"","jetpack_is_tweetstorm":false,"jetpack_publicize_feature_enabled":true,"jetpack_social_post_already_shared":true,"jetpack_social_options":[]},"categories":[1],"tags":[],"jetpack_publicize_connections":[],"acf":[],"yoast_head":"<!-- This site is optimized with the Yoast SEO plugin v19.14 - https:\/\/yoast.com\/wordpress\/plugins\/seo\/ -->\n<title>INFORME BANC\u00c1RIO - 02 \/ 2020 - QUANDO SER\u00c1 PAGA A SEGUNDA PARCELA DA PLR? - Sindicato dos Banc\u00e1rios de S\u00e3o Bento do Sul e Regi\u00e3o<\/title>\n<meta name=\"robots\" content=\"index, follow, max-snippet:-1, max-image-preview:large, max-video-preview:-1\" \/>\n<link rel=\"canonical\" href=\"https:\/\/sindicatodosbancarios.org.br\/site2022\/2020\/01\/07\/informe-bancario-02-2020-quando-sera-paga-a-segunda-parcela-do-plr\/\" \/>\n<meta property=\"og:locale\" content=\"pt_BR\" \/>\n<meta property=\"og:type\" content=\"article\" \/>\n<meta property=\"og:title\" content=\"INFORME BANC\u00c1RIO - 02 \/ 2020 - QUANDO SER\u00c1 PAGA A SEGUNDA PARCELA DA PLR? - Sindicato dos Banc\u00e1rios de S\u00e3o Bento do Sul e Regi\u00e3o\" \/>\n<meta property=\"og:description\" content=\"Passadas as festas de Natal e Ano novo, e come\u00e7ando a chegar aquelas contas \u2018t\u00edpicas\u2019 de janeiro, muitos [&hellip;]\" \/>\n<meta property=\"og:url\" content=\"https:\/\/sindicatodosbancarios.org.br\/site2022\/2020\/01\/07\/informe-bancario-02-2020-quando-sera-paga-a-segunda-parcela-do-plr\/\" \/>\n<meta property=\"og:site_name\" content=\"Sindicato dos Banc\u00e1rios de S\u00e3o Bento do Sul e Regi\u00e3o\" \/>\n<meta property=\"article:author\" content=\"https:\/\/www.facebook.com\/seeb.sbs.9\" \/>\n<meta property=\"article:published_time\" content=\"2020-01-07T17:21:43+00:00\" \/>\n<meta property=\"article:modified_time\" content=\"2020-01-07T17:56:47+00:00\" \/>\n<meta property=\"og:image\" content=\"https:\/\/sindicatodosbancarios.org.br\/site2022\/wp-content\/uploads\/2020\/01\/Design-sem-nome-8.png\" \/>\n\t<meta property=\"og:image:width\" content=\"1080\" \/>\n\t<meta property=\"og:image:height\" content=\"1080\" \/>\n\t<meta property=\"og:image:type\" content=\"image\/png\" \/>\n<meta name=\"author\" content=\"Sindicato dos Banc\u00e1rios S\u00e3o Bento do Sul e Regi\u00e3o\" \/>\n<meta name=\"twitter:card\" content=\"summary_large_image\" \/>\n<meta name=\"twitter:label1\" content=\"Escrito por\" \/>\n\t<meta name=\"twitter:data1\" content=\"Sindicato dos Banc\u00e1rios S\u00e3o Bento do Sul e Regi\u00e3o\" \/>\n\t<meta name=\"twitter:label2\" content=\"Est. tempo de leitura\" \/>\n\t<meta name=\"twitter:data2\" content=\"2 minutos\" \/>\n<script type=\"application\/ld+json\" class=\"yoast-schema-graph\">{\"@context\":\"https:\/\/schema.org\",\"@graph\":[{\"@type\":\"Article\",\"@id\":\"https:\/\/sindicatodosbancarios.org.br\/site2022\/2020\/01\/07\/informe-bancario-02-2020-quando-sera-paga-a-segunda-parcela-do-plr\/#article\",\"isPartOf\":{\"@id\":\"https:\/\/sindicatodosbancarios.org.br\/site2022\/2020\/01\/07\/informe-bancario-02-2020-quando-sera-paga-a-segunda-parcela-do-plr\/\"},\"author\":{\"name\":\"Sindicato dos Banc\u00e1rios S\u00e3o Bento do Sul e Regi\u00e3o\",\"@id\":\"https:\/\/sindicatodosbancarios.org.br\/site2022\/#\/schema\/person\/a7d92da77d1084df4d28b57962f1e1bd\"},\"headline\":\"INFORME BANC\u00c1RIO &#8211; 02 \/ 2020 &#8211; QUANDO SER\u00c1 PAGA A SEGUNDA PARCELA DA PLR?\",\"datePublished\":\"2020-01-07T17:21:43+00:00\",\"dateModified\":\"2020-01-07T17:56:47+00:00\",\"mainEntityOfPage\":{\"@id\":\"https:\/\/sindicatodosbancarios.org.br\/site2022\/2020\/01\/07\/informe-bancario-02-2020-quando-sera-paga-a-segunda-parcela-do-plr\/\"},\"wordCount\":345,\"commentCount\":0,\"publisher\":{\"@id\":\"https:\/\/sindicatodosbancarios.org.br\/site2022\/#organization\"},\"articleSection\":[\"Geral\"],\"inLanguage\":\"pt-BR\",\"potentialAction\":[{\"@type\":\"CommentAction\",\"name\":\"Comment\",\"target\":[\"https:\/\/sindicatodosbancarios.org.br\/site2022\/2020\/01\/07\/informe-bancario-02-2020-quando-sera-paga-a-segunda-parcela-do-plr\/#respond\"]}]},{\"@type\":\"WebPage\",\"@id\":\"https:\/\/sindicatodosbancarios.org.br\/site2022\/2020\/01\/07\/informe-bancario-02-2020-quando-sera-paga-a-segunda-parcela-do-plr\/\",\"url\":\"https:\/\/sindicatodosbancarios.org.br\/site2022\/2020\/01\/07\/informe-bancario-02-2020-quando-sera-paga-a-segunda-parcela-do-plr\/\",\"name\":\"INFORME BANC\u00c1RIO - 02 \/ 2020 - QUANDO SER\u00c1 PAGA A SEGUNDA PARCELA DA PLR? - Sindicato dos Banc\u00e1rios de S\u00e3o Bento do Sul e Regi\u00e3o\",\"isPartOf\":{\"@id\":\"https:\/\/sindicatodosbancarios.org.br\/site2022\/#website\"},\"datePublished\":\"2020-01-07T17:21:43+00:00\",\"dateModified\":\"2020-01-07T17:56:47+00:00\",\"breadcrumb\":{\"@id\":\"https:\/\/sindicatodosbancarios.org.br\/site2022\/2020\/01\/07\/informe-bancario-02-2020-quando-sera-paga-a-segunda-parcela-do-plr\/#breadcrumb\"},\"inLanguage\":\"pt-BR\",\"potentialAction\":[{\"@type\":\"ReadAction\",\"target\":[\"https:\/\/sindicatodosbancarios.org.br\/site2022\/2020\/01\/07\/informe-bancario-02-2020-quando-sera-paga-a-segunda-parcela-do-plr\/\"]}]},{\"@type\":\"BreadcrumbList\",\"@id\":\"https:\/\/sindicatodosbancarios.org.br\/site2022\/2020\/01\/07\/informe-bancario-02-2020-quando-sera-paga-a-segunda-parcela-do-plr\/#breadcrumb\",\"itemListElement\":[{\"@type\":\"ListItem\",\"position\":1,\"name\":\"In\u00edcio\",\"item\":\"https:\/\/sindicatodosbancarios.org.br\/site2022\/\"},{\"@type\":\"ListItem\",\"position\":2,\"name\":\"INFORME BANC\u00c1RIO &#8211; 02 \/ 2020 &#8211; QUANDO SER\u00c1 PAGA A SEGUNDA PARCELA DA PLR?\"}]},{\"@type\":\"WebSite\",\"@id\":\"https:\/\/sindicatodosbancarios.org.br\/site2022\/#website\",\"url\":\"https:\/\/sindicatodosbancarios.org.br\/site2022\/\",\"name\":\"Sindicato dos Banc\u00e1rios de S\u00e3o Bento do Sul e Regi\u00e3o\",\"description\":\"Website institucional do Sindicato dos Banc\u00e1rios de S\u00e3o Bento do Sul e Regi\u00e3o\",\"publisher\":{\"@id\":\"https:\/\/sindicatodosbancarios.org.br\/site2022\/#organization\"},\"potentialAction\":[{\"@type\":\"SearchAction\",\"target\":{\"@type\":\"EntryPoint\",\"urlTemplate\":\"https:\/\/sindicatodosbancarios.org.br\/site2022\/?s={search_term_string}\"},\"query-input\":\"required name=search_term_string\"}],\"inLanguage\":\"pt-BR\"},{\"@type\":\"Organization\",\"@id\":\"https:\/\/sindicatodosbancarios.org.br\/site2022\/#organization\",\"name\":\"Sindicato dos Banc\u00e1rios de S\u00e3o Bento do Sul e Regi\u00e3o\",\"url\":\"https:\/\/sindicatodosbancarios.org.br\/site2022\/\",\"logo\":{\"@type\":\"ImageObject\",\"inLanguage\":\"pt-BR\",\"@id\":\"https:\/\/sindicatodosbancarios.org.br\/site2022\/#\/schema\/logo\/image\/\",\"url\":\"https:\/\/sindicatodosbancarios.org.br\/site2022\/wp-content\/uploads\/2017\/06\/cropped-logo-2.png\",\"contentUrl\":\"https:\/\/sindicatodosbancarios.org.br\/site2022\/wp-content\/uploads\/2017\/06\/cropped-logo-2.png\",\"width\":292,\"height\":292,\"caption\":\"Sindicato dos Banc\u00e1rios de S\u00e3o Bento do Sul e Regi\u00e3o\"},\"image\":{\"@id\":\"https:\/\/sindicatodosbancarios.org.br\/site2022\/#\/schema\/logo\/image\/\"}},{\"@type\":\"Person\",\"@id\":\"https:\/\/sindicatodosbancarios.org.br\/site2022\/#\/schema\/person\/a7d92da77d1084df4d28b57962f1e1bd\",\"name\":\"Sindicato dos Banc\u00e1rios S\u00e3o Bento do Sul e Regi\u00e3o\",\"image\":{\"@type\":\"ImageObject\",\"inLanguage\":\"pt-BR\",\"@id\":\"https:\/\/sindicatodosbancarios.org.br\/site2022\/#\/schema\/person\/image\/\",\"url\":\"https:\/\/secure.gravatar.com\/avatar\/f1d1a06f698f2345352e539387180d42?s=96&d=mm&r=g\",\"contentUrl\":\"https:\/\/secure.gravatar.com\/avatar\/f1d1a06f698f2345352e539387180d42?s=96&d=mm&r=g\",\"caption\":\"Sindicato dos Banc\u00e1rios S\u00e3o Bento do Sul e Regi\u00e3o\"},\"sameAs\":[\"http:\/\/sindicatodosbancarios.org.br\/site2022\/\",\"https:\/\/www.facebook.com\/seeb.sbs.9\"],\"url\":\"https:\/\/sindicatodosbancarios.org.br\/site2022\/author\/sindicatodosbancarios\/\"}]}<\/script>\n<!-- \/ Yoast SEO plugin. -->","yoast_head_json":{"title":"INFORME BANC\u00c1RIO - 02 \/ 2020 - QUANDO SER\u00c1 PAGA A SEGUNDA PARCELA DA PLR? - Sindicato dos Banc\u00e1rios de S\u00e3o Bento do Sul e Regi\u00e3o","robots":{"index":"index","follow":"follow","max-snippet":"max-snippet:-1","max-image-preview":"max-image-preview:large","max-video-preview":"max-video-preview:-1"},"canonical":"https:\/\/sindicatodosbancarios.org.br\/site2022\/2020\/01\/07\/informe-bancario-02-2020-quando-sera-paga-a-segunda-parcela-do-plr\/","og_locale":"pt_BR","og_type":"article","og_title":"INFORME BANC\u00c1RIO - 02 \/ 2020 - QUANDO SER\u00c1 PAGA A SEGUNDA PARCELA DA PLR? - Sindicato dos Banc\u00e1rios de S\u00e3o Bento do Sul e Regi\u00e3o","og_description":"Passadas as festas de Natal e Ano novo, e come\u00e7ando a chegar aquelas contas \u2018t\u00edpicas\u2019 de janeiro, muitos [&hellip;]","og_url":"https:\/\/sindicatodosbancarios.org.br\/site2022\/2020\/01\/07\/informe-bancario-02-2020-quando-sera-paga-a-segunda-parcela-do-plr\/","og_site_name":"Sindicato dos Banc\u00e1rios de S\u00e3o Bento do Sul e Regi\u00e3o","article_author":"https:\/\/www.facebook.com\/seeb.sbs.9","article_published_time":"2020-01-07T17:21:43+00:00","article_modified_time":"2020-01-07T17:56:47+00:00","og_image":[{"width":1080,"height":1080,"url":"https:\/\/sindicatodosbancarios.org.br\/site2022\/wp-content\/uploads\/2020\/01\/Design-sem-nome-8.png","type":"image\/png"}],"author":"Sindicato dos Banc\u00e1rios S\u00e3o Bento do Sul e Regi\u00e3o","twitter_card":"summary_large_image","twitter_misc":{"Escrito por":"Sindicato dos Banc\u00e1rios S\u00e3o Bento do Sul e Regi\u00e3o","Est. tempo de leitura":"2 minutos"},"schema":{"@context":"https:\/\/schema.org","@graph":[{"@type":"Article","@id":"https:\/\/sindicatodosbancarios.org.br\/site2022\/2020\/01\/07\/informe-bancario-02-2020-quando-sera-paga-a-segunda-parcela-do-plr\/#article","isPartOf":{"@id":"https:\/\/sindicatodosbancarios.org.br\/site2022\/2020\/01\/07\/informe-bancario-02-2020-quando-sera-paga-a-segunda-parcela-do-plr\/"},"author":{"name":"Sindicato dos Banc\u00e1rios S\u00e3o Bento do Sul e Regi\u00e3o","@id":"https:\/\/sindicatodosbancarios.org.br\/site2022\/#\/schema\/person\/a7d92da77d1084df4d28b57962f1e1bd"},"headline":"INFORME BANC\u00c1RIO &#8211; 02 \/ 2020 &#8211; QUANDO SER\u00c1 PAGA A SEGUNDA PARCELA DA PLR?","datePublished":"2020-01-07T17:21:43+00:00","dateModified":"2020-01-07T17:56:47+00:00","mainEntityOfPage":{"@id":"https:\/\/sindicatodosbancarios.org.br\/site2022\/2020\/01\/07\/informe-bancario-02-2020-quando-sera-paga-a-segunda-parcela-do-plr\/"},"wordCount":345,"commentCount":0,"publisher":{"@id":"https:\/\/sindicatodosbancarios.org.br\/site2022\/#organization"},"articleSection":["Geral"],"inLanguage":"pt-BR","potentialAction":[{"@type":"CommentAction","name":"Comment","target":["https:\/\/sindicatodosbancarios.org.br\/site2022\/2020\/01\/07\/informe-bancario-02-2020-quando-sera-paga-a-segunda-parcela-do-plr\/#respond"]}]},{"@type":"WebPage","@id":"https:\/\/sindicatodosbancarios.org.br\/site2022\/2020\/01\/07\/informe-bancario-02-2020-quando-sera-paga-a-segunda-parcela-do-plr\/","url":"https:\/\/sindicatodosbancarios.org.br\/site2022\/2020\/01\/07\/informe-bancario-02-2020-quando-sera-paga-a-segunda-parcela-do-plr\/","name":"INFORME BANC\u00c1RIO - 02 \/ 2020 - QUANDO SER\u00c1 PAGA A SEGUNDA PARCELA DA PLR? - Sindicato dos Banc\u00e1rios de S\u00e3o Bento do Sul e Regi\u00e3o","isPartOf":{"@id":"https:\/\/sindicatodosbancarios.org.br\/site2022\/#website"},"datePublished":"2020-01-07T17:21:43+00:00","dateModified":"2020-01-07T17:56:47+00:00","breadcrumb":{"@id":"https:\/\/sindicatodosbancarios.org.br\/site2022\/2020\/01\/07\/informe-bancario-02-2020-quando-sera-paga-a-segunda-parcela-do-plr\/#breadcrumb"},"inLanguage":"pt-BR","potentialAction":[{"@type":"ReadAction","target":["https:\/\/sindicatodosbancarios.org.br\/site2022\/2020\/01\/07\/informe-bancario-02-2020-quando-sera-paga-a-segunda-parcela-do-plr\/"]}]},{"@type":"BreadcrumbList","@id":"https:\/\/sindicatodosbancarios.org.br\/site2022\/2020\/01\/07\/informe-bancario-02-2020-quando-sera-paga-a-segunda-parcela-do-plr\/#breadcrumb","itemListElement":[{"@type":"ListItem","position":1,"name":"In\u00edcio","item":"https:\/\/sindicatodosbancarios.org.br\/site2022\/"},{"@type":"ListItem","position":2,"name":"INFORME BANC\u00c1RIO &#8211; 02 \/ 2020 &#8211; QUANDO SER\u00c1 PAGA A SEGUNDA PARCELA DA PLR?"}]},{"@type":"WebSite","@id":"https:\/\/sindicatodosbancarios.org.br\/site2022\/#website","url":"https:\/\/sindicatodosbancarios.org.br\/site2022\/","name":"Sindicato dos Banc\u00e1rios de S\u00e3o Bento do Sul e Regi\u00e3o","description":"Website institucional do Sindicato dos Banc\u00e1rios de S\u00e3o Bento do Sul e Regi\u00e3o","publisher":{"@id":"https:\/\/sindicatodosbancarios.org.br\/site2022\/#organization"},"potentialAction":[{"@type":"SearchAction","target":{"@type":"EntryPoint","urlTemplate":"https:\/\/sindicatodosbancarios.org.br\/site2022\/?s={search_term_string}"},"query-input":"required name=search_term_string"}],"inLanguage":"pt-BR"},{"@type":"Organization","@id":"https:\/\/sindicatodosbancarios.org.br\/site2022\/#organization","name":"Sindicato dos Banc\u00e1rios de S\u00e3o Bento do Sul e Regi\u00e3o","url":"https:\/\/sindicatodosbancarios.org.br\/site2022\/","logo":{"@type":"ImageObject","inLanguage":"pt-BR","@id":"https:\/\/sindicatodosbancarios.org.br\/site2022\/#\/schema\/logo\/image\/","url":"https:\/\/sindicatodosbancarios.org.br\/site2022\/wp-content\/uploads\/2017\/06\/cropped-logo-2.png","contentUrl":"https:\/\/sindicatodosbancarios.org.br\/site2022\/wp-content\/uploads\/2017\/06\/cropped-logo-2.png","width":292,"height":292,"caption":"Sindicato dos Banc\u00e1rios de S\u00e3o Bento do Sul e Regi\u00e3o"},"image":{"@id":"https:\/\/sindicatodosbancarios.org.br\/site2022\/#\/schema\/logo\/image\/"}},{"@type":"Person","@id":"https:\/\/sindicatodosbancarios.org.br\/site2022\/#\/schema\/person\/a7d92da77d1084df4d28b57962f1e1bd","name":"Sindicato dos Banc\u00e1rios S\u00e3o Bento do Sul e Regi\u00e3o","image":{"@type":"ImageObject","inLanguage":"pt-BR","@id":"https:\/\/sindicatodosbancarios.org.br\/site2022\/#\/schema\/person\/image\/","url":"https:\/\/secure.gravatar.com\/avatar\/f1d1a06f698f2345352e539387180d42?s=96&d=mm&r=g","contentUrl":"https:\/\/secure.gravatar.com\/avatar\/f1d1a06f698f2345352e539387180d42?s=96&d=mm&r=g","caption":"Sindicato dos Banc\u00e1rios S\u00e3o Bento do Sul e Regi\u00e3o"},"sameAs":["http:\/\/sindicatodosbancarios.org.br\/site2022\/","https:\/\/www.facebook.com\/seeb.sbs.9"],"url":"https:\/\/sindicatodosbancarios.org.br\/site2022\/author\/sindicatodosbancarios\/"}]}},"jetpack_featured_media_url":"https:\/\/sindicatodosbancarios.org.br\/site2022\/wp-content\/uploads\/2020\/01\/Design-sem-nome-8.png","jetpack_sharing_enabled":true,"jetpack_shortlink":"https:\/\/wp.me\/p8RSbI-QC","jetpack-related-posts":[{"id":5468,"url":"https:\/\/sindicatodosbancarios.org.br\/site2022\/2021\/06\/17\/informe-bancario-147-2021-plr-no-2o-semestre-de-2021-esta-garantida-pelo-acordo-coletivo\/","url_meta":{"origin":3262,"position":0},"title":"INFORME BANC\u00c1RIO \u2013 147\/2021 PLR NO 2\u00ba SEMESTRE DE 2021 EST\u00c1 GARANTIDA PELO ACORDO COLETIVO","date":"17 de junho de 2021","format":false,"excerpt":"Com a conquista pela categoria banc\u00e1ria, em 2020, de uma Conven\u00e7\u00e3o Coletiva de Trabalho (CCT) v\u00e1lida por 2 anos, o pagamento da Participa\u00e7\u00e3o nos Lucros e Resultados (PLR) no 2\u00ba semestre deste ano j\u00e1 tem prazos estabelecidos (veja abaixo). A atual CCT das banc\u00e1rias e banc\u00e1rios, que garante uma s\u00e9rie\u2026","rel":"","context":"Em &quot;Geral&quot;","img":{"alt_text":"","src":"https:\/\/i0.wp.com\/sindicatodosbancarios.org.br\/site2022\/wp-content\/uploads\/2021\/06\/plr-21-11677-980x500m0.jpg?resize=350%2C200&ssl=1","width":350,"height":200},"classes":[]},{"id":5620,"url":"https:\/\/sindicatodosbancarios.org.br\/site2022\/2021\/08\/19\/informe-bancario-194-2021-sindicato-dos-bancarios-garante-manutencao-de-beneficios-aumento-real-e-plr\/","url_meta":{"origin":3262,"position":1},"title":"INFORME BANC\u00c1RIO \u2013 194\/2021 SINDICATO DOS BANC\u00c1RIOS GARANTE MANUTEN\u00c7\u00c3O DE BENEF\u00cdCIOS, AUMENTO REAL E PLR","date":"19 de agosto de 2021","format":false,"excerpt":"RESSALTADO QUE OS BANQUEIROS QUERIAM REDUZIR BENEF\u00cdCIOS, USANDO A JUSTIFICATIVA DA PANDEMIA DE COVID-19. Na Campanha Nacional 2020, a categoria banc\u00e1ria garantiu a manuten\u00e7\u00e3o de todos os direitos da Conven\u00e7\u00e3o Coletiva de Trabalho (CCT) e dos acordos espec\u00edficos com os bancos p\u00fablicos. Com isso, est\u00e1 assegurado o pagamento da Participa\u00e7\u00e3o\u2026","rel":"","context":"Em &quot;Geral&quot;","img":{"alt_text":"","src":"https:\/\/i0.wp.com\/sindicatodosbancarios.org.br\/site2022\/wp-content\/uploads\/2021\/08\/DESTQUE_shutterstock_1035216352-768x512.jpg?resize=350%2C200&ssl=1","width":350,"height":200},"classes":[]},{"id":4513,"url":"https:\/\/sindicatodosbancarios.org.br\/site2022\/2020\/09\/16\/informe-bancario-354-2020-plr-banco-santander-sa\/","url_meta":{"origin":3262,"position":2},"title":"INFORME BANC\u00c1RIO \u2013 354\/2020 PLR BANCO SANTANDER SA.","date":"16 de setembro de 2020","format":false,"excerpt":"COMO SER\u00c1 O PAGAMENTO?\u00a0O pagamento ocorrer\u00e1 da seguinte forma: 90% do sal\u00e1rio (sal\u00e1rio j\u00e1 reajustado com o 1,5% conquistado pelo Movimento Sindical Banc\u00e1rio na Campanha Salarial deste Ano) + parcela adicional de R$ 2.457,29 + parcela fixa de 2.457,29 (correspondente ao lucro do primeiro semestre de 2020), com o teto\u2026","rel":"","context":"Em &quot;Geral&quot;","img":{"alt_text":"","src":"https:\/\/i0.wp.com\/sindicatodosbancarios.org.br\/site2022\/wp-content\/uploads\/2020\/08\/santander-1-1.jpeg?resize=350%2C200&ssl=1","width":350,"height":200},"classes":[]},{"id":5731,"url":"https:\/\/sindicatodosbancarios.org.br\/site2022\/2021\/10\/07\/informe-bancario-229-2021-caixa-presta-explicacoes-cobradas-pela-contec-sobre-antecipacao-da-plr\/","url_meta":{"origin":3262,"position":3},"title":"INFORME BANC\u00c1RIO \u2013 229\/2021 CAIXA PRESTA EXPLICA\u00c7\u00d5ES COBRADAS PELA CONTEC SOBRE ANTECIPA\u00c7\u00c3O DA PLR","date":"7 de outubro de 2021","format":false,"excerpt":"A Comiss\u00e3o Nacional dos Empregados da CAIXA\/CONTEC esteve reunida no dia 23\/09\/2021 com a Dire\u00e7\u00e3o da Caixa para tratar sobre a antecipa\u00e7\u00e3o da PLR prevista no ACT 2020\/2021 CONTEC, sob a Coordena\u00e7\u00e3o de Carlos Roberto Rodrigues, Vice-presidente do SEEB MARING\u00c1 E REGI\u00c3O PR, representando neste ato a CONTEC e Federa\u00e7\u00e3o\u2026","rel":"","context":"Em &quot;Geral&quot;","img":{"alt_text":"","src":"https:\/\/i0.wp.com\/sindicatodosbancarios.org.br\/site2022\/wp-content\/uploads\/2021\/10\/051021234511-CAIXA_PLR.png?resize=350%2C200&ssl=1","width":350,"height":200},"classes":[]},{"id":4497,"url":"https:\/\/sindicatodosbancarios.org.br\/site2022\/2020\/09\/14\/informe-bancario-348-2020-banco-bradesco-sa-pagara-plr-na-quinta-17-09-20\/","url_meta":{"origin":3262,"position":4},"title":"INFORME BANC\u00c1RIO \u2013 348\/2020 BANCO BRADESCO SA, PAGAR\u00c1 PLR NA QUINTA 17\/09\/20","date":"14 de setembro de 2020","format":false,"excerpt":"Atendendo as reivindica\u00e7\u00f5es do Movimento Sindical Banc\u00e1rio, o Banco Bradesco SA, pagar\u00e1 a PLR no dia 17\/09\/20. Banco tamb\u00e9m informou que far\u00e1 o cr\u00e9dito da 13\u00aa cesta alimenta\u00e7\u00e3o no dia 28\/09\/20, mesma data em que ser\u00e3o pagos os vales alimenta\u00e7\u00e3o e refei\u00e7\u00e3o. Abono de R$ 2 mil, conquistado na Campanha\u2026","rel":"","context":"Em &quot;Bradesco\/HSBC&quot;","img":{"alt_text":"","src":"https:\/\/i0.wp.com\/sindicatodosbancarios.org.br\/site2022\/wp-content\/uploads\/2020\/07\/bradesco-anuncia-uma-modernizacao-de-sua-marca-1541452912545_v2_1920x1357.jpg?resize=350%2C200&ssl=1","width":350,"height":200},"classes":[]},{"id":4526,"url":"https:\/\/sindicatodosbancarios.org.br\/site2022\/2020\/09\/21\/informe-bancario-359-2020-plr-sem-imposto-de-renda\/","url_meta":{"origin":3262,"position":5},"title":"INFORME BANC\u00c1RIO \u2013 359\/2020 PLR SEM IMPOSTO DE RENDA","date":"21 de setembro de 2020","format":false,"excerpt":"Conquista dos Trabalhadores garante isen\u00e7\u00e3o para quem ganha at\u00e9 R$ 6.677,55 e descontos menores a partir desse valor. Conquistada pelo Movimento Sindical Banc\u00e1rio e Trabalhadores, em 2013, a Lei 12.832 garante a todos os Trabalhadores isen\u00e7\u00e3o ou descontos menores de Imposto de Renda sobre a PLR (Participa\u00e7\u00e3o nos Lucros e\u2026","rel":"","context":"Em &quot;Banco do Brasil&quot;","img":{"alt_text":"","src":"https:\/\/i0.wp.com\/sindicatodosbancarios.org.br\/site2022\/wp-content\/uploads\/2020\/09\/governo-vai-cobrar-imposto-sobre-ferias-e-13-de-acordo-trabalhista-1569402528.jpg?resize=350%2C200&ssl=1","width":350,"height":200},"classes":[]}],"_links":{"self":[{"href":"https:\/\/sindicatodosbancarios.org.br\/site2022\/wp-json\/wp\/v2\/posts\/3262"}],"collection":[{"href":"https:\/\/sindicatodosbancarios.org.br\/site2022\/wp-json\/wp\/v2\/posts"}],"about":[{"href":"https:\/\/sindicatodosbancarios.org.br\/site2022\/wp-json\/wp\/v2\/types\/post"}],"author":[{"embeddable":true,"href":"https:\/\/sindicatodosbancarios.org.br\/site2022\/wp-json\/wp\/v2\/users\/2"}],"replies":[{"embeddable":true,"href":"https:\/\/sindicatodosbancarios.org.br\/site2022\/wp-json\/wp\/v2\/comments?post=3262"}],"version-history":[{"count":2,"href":"https:\/\/sindicatodosbancarios.org.br\/site2022\/wp-json\/wp\/v2\/posts\/3262\/revisions"}],"predecessor-version":[{"id":3270,"href":"https:\/\/sindicatodosbancarios.org.br\/site2022\/wp-json\/wp\/v2\/posts\/3262\/revisions\/3270"}],"wp:featuredmedia":[{"embeddable":true,"href":"https:\/\/sindicatodosbancarios.org.br\/site2022\/wp-json\/wp\/v2\/media\/3263"}],"wp:attachment":[{"href":"https:\/\/sindicatodosbancarios.org.br\/site2022\/wp-json\/wp\/v2\/media?parent=3262"}],"wp:term":[{"taxonomy":"category","embeddable":true,"href":"https:\/\/sindicatodosbancarios.org.br\/site2022\/wp-json\/wp\/v2\/categories?post=3262"},{"taxonomy":"post_tag","embeddable":true,"href":"https:\/\/sindicatodosbancarios.org.br\/site2022\/wp-json\/wp\/v2\/tags?post=3262"}],"curies":[{"name":"wp","href":"https:\/\/api.w.org\/{rel}","templated":true}]}}