{"id":3277,"date":"2020-01-13T15:55:14","date_gmt":"2020-01-13T18:55:14","guid":{"rendered":"https:\/\/sindicatodosbancarios.org.br\/?p=3277"},"modified":"2020-01-13T15:55:45","modified_gmt":"2020-01-13T18:55:45","slug":"informe-bancario-05-2020-as-5-mudancas-na-legislacao-para-ficar-atento-em-2020","status":"publish","type":"post","link":"https:\/\/sindicatodosbancarios.org.br\/site2022\/2020\/01\/13\/informe-bancario-05-2020-as-5-mudancas-na-legislacao-para-ficar-atento-em-2020\/","title":{"rendered":"INFORME BANC\u00c1RIO &#8211; 05 \/ 2020 &#8211; AS 5 MUDAN\u00c7AS NA LEGISLA\u00c7\u00c3O PARA FICAR ATENTO EM 2020"},"content":{"rendered":"<p>O ano de 2019 contou com diversas mudan\u00e7as na legisla\u00e7\u00e3o trabalhista e que ter\u00e3o repercuss\u00e3o para as rela\u00e7\u00f5es de trabalho em 2020, merecendo destaque a Medida Provis\u00f3ria n\u00ba 905 e a Lei 13.874, conhecida como Lei de Liberdade Econ\u00f4mica. A seguir comentamos cinco dessas mudan\u00e7as.<\/p>\n<h3>1. Carteira de trabalho digital<\/h3>\n<p>Prevista na Lei de Liberdade Econ\u00f4mica, a carteira de trabalho digital pode ser emitida por qualquer trabalhador, brasileiro ou estrangeiro, de maneira eletr\u00f4nica, mediante o fornecimento do n\u00famero de seu CPF. Com isso, esse n\u00famero passa a substituir o n\u00famero da CTPS f\u00edsica, embora a Carteira Digital n\u00e3o sirva para a identifica\u00e7\u00e3o civil.<\/p>\n<h3>2. Contrato de trabalho verde e amarelo<\/h3>\n<p>A Medida Provis\u00f3ria n\u00ba 905 de 2019 criou o contrato de trabalho verde e amarelo, destinado aos trabalhadores de 18 a 29 anos de idade que nunca trabalharam com registro formal de emprego.<\/p>\n<p>As empresas que adotarem o novo contrato apenas podem aplic\u00e1-lo \u00e0s novas contrata\u00e7\u00f5es e a um percentual limitado a 20% de seus empregados. Al\u00e9m disso, sua dura\u00e7\u00e3o n\u00e3o pode ser superior a 24 meses e o novo contrato se aplica somente aos casos em que a remunera\u00e7\u00e3o n\u00e3o ultrapassa 1,5 sal\u00e1rio m\u00ednimo.<\/p>\n<div class=\"ad-content\">\n<div id=\"abrAD_dyn_rectangle1\" class=\"appear\" data-appear-top-offset=\"300\">Sob o ponto de vista dos direitos trabalhistas, os empregados contratados mediante o contrato de trabalho verde e amarelo ter\u00e3o alguns direitos alterados. Nesse sentido, os dep\u00f3sitos referentes ao FGTS deixam de ser de 8% e passam a ser de 2% e a indeniza\u00e7\u00e3o por dispensa sem justa causa ser\u00e1 de 20% sobre o FGTS e n\u00e3o mais 40%.<\/div>\n<\/div>\n<h3>3. Trabalho aos domingos e feriados<\/h3>\n<p>A necessidade de autoriza\u00e7\u00e3o para o trabalho em domingos e feriados foi eliminada pela Medida Provis\u00f3ria n\u00ba 905. Com isso, a empresa pode exigir o trabalho nesses dias, independentemente de autoriza\u00e7\u00e3o, mas deve fazer com que o descanso coincida com o domingo, no m\u00ednimo, uma vez, no per\u00edodo m\u00e1ximo de quatro semanas, para os setores de com\u00e9rcio e servi\u00e7os e, no m\u00ednimo, uma vez, no per\u00edodo m\u00e1ximo de sete semanas, para o setor industrial.<\/p>\n<h3>4. Desconto da contribui\u00e7\u00e3o previdenci\u00e1ria no seguro-desemprego<\/h3>\n<p>A Medida Provis\u00f3ria n\u00ba 905 tamb\u00e9m instituiu a cobran\u00e7a de contribui\u00e7\u00e3o previdenci\u00e1ria para o seguro-desemprego. Com isso, por um lado, quem recebe esse benef\u00edcio ter\u00e1 um valor descontado referente \u00e0 contribui\u00e7\u00e3o previdenci\u00e1ria. Por outro lado, isso garante que, mesmo no per\u00edodo em que o trabalhador est\u00e1 recebendo o seguro-desemprego, ele se mantenha na condi\u00e7\u00e3o de segurado da Previd\u00eancia Social.<\/p>\n<div class=\"ad-content\">\n<div id=\"abrAD_dyn_rectangle1\" class=\"appear\" data-appear-top-offset=\"300\">\n<h3>5. Acidente de trabalho em percurso resid\u00eancia-trabalho<\/h3>\n<p>Outra altera\u00e7\u00e3o de impacto produzida pela Medida Provis\u00f3ria n\u00ba 905 \u00e9 o fato de n\u00e3o ser mais considerado acidente do trabalho aquele ocorrido no percurso da resid\u00eancia do trabalhador ao local de servi\u00e7o e vice-versa.<\/p>\n<p>Por fim, \u00e9 importante ressaltar que, embora todas essas mudan\u00e7as j\u00e1 sejam aplicadas, aquelas resultantes da Medida Provis\u00f3ria n\u00ba 905 possuem prazo de vig\u00eancia somente de 60 dias, renov\u00e1veis por mais 60, sem contabilizar o per\u00edodo de recesso. Assim, findo esse prazo, se n\u00e3o for convertida em lei pelo Congresso, perder\u00e1 a validade.<\/p>\n<\/div>\n<\/div>\n<p><span style=\"font-size: 8pt;\">FONTE: EXAME.ABRIL.COM.BR\u00a0 10\/01\/2020.<\/span><\/p>\n","protected":false},"excerpt":{"rendered":"<p>O ano de 2019 contou com diversas mudan\u00e7as na legisla\u00e7\u00e3o trabalhista e que ter\u00e3o repercuss\u00e3o para as rela\u00e7\u00f5es [&hellip;]<\/p>\n","protected":false},"author":2,"featured_media":3194,"comment_status":"open","ping_status":"open","sticky":false,"template":"","format":"standard","meta":{"jetpack_post_was_ever_published":false,"jetpack_publicize_message":"","jetpack_is_tweetstorm":false,"jetpack_publicize_feature_enabled":true,"jetpack_social_post_already_shared":true,"jetpack_social_options":[]},"categories":[1],"tags":[],"jetpack_publicize_connections":[],"acf":[],"yoast_head":"<!-- This site is optimized with the Yoast SEO plugin v19.14 - https:\/\/yoast.com\/wordpress\/plugins\/seo\/ -->\n<title>INFORME BANC\u00c1RIO - 05 \/ 2020 - AS 5 MUDAN\u00c7AS NA LEGISLA\u00c7\u00c3O PARA FICAR ATENTO EM 2020 - Sindicato dos Banc\u00e1rios de S\u00e3o Bento do Sul e Regi\u00e3o<\/title>\n<meta name=\"robots\" content=\"index, follow, max-snippet:-1, max-image-preview:large, max-video-preview:-1\" \/>\n<link rel=\"canonical\" href=\"https:\/\/sindicatodosbancarios.org.br\/site2022\/2020\/01\/13\/informe-bancario-05-2020-as-5-mudancas-na-legislacao-para-ficar-atento-em-2020\/\" \/>\n<meta property=\"og:locale\" content=\"pt_BR\" \/>\n<meta property=\"og:type\" content=\"article\" \/>\n<meta property=\"og:title\" content=\"INFORME BANC\u00c1RIO - 05 \/ 2020 - AS 5 MUDAN\u00c7AS NA LEGISLA\u00c7\u00c3O PARA FICAR ATENTO EM 2020 - Sindicato dos Banc\u00e1rios de S\u00e3o Bento do Sul e Regi\u00e3o\" \/>\n<meta property=\"og:description\" content=\"O ano de 2019 contou com diversas mudan\u00e7as na legisla\u00e7\u00e3o trabalhista e que ter\u00e3o repercuss\u00e3o para as rela\u00e7\u00f5es [&hellip;]\" \/>\n<meta property=\"og:url\" content=\"https:\/\/sindicatodosbancarios.org.br\/site2022\/2020\/01\/13\/informe-bancario-05-2020-as-5-mudancas-na-legislacao-para-ficar-atento-em-2020\/\" \/>\n<meta property=\"og:site_name\" content=\"Sindicato dos Banc\u00e1rios de S\u00e3o Bento do Sul e Regi\u00e3o\" \/>\n<meta property=\"article:author\" content=\"https:\/\/www.facebook.com\/seeb.sbs.9\" \/>\n<meta property=\"article:published_time\" content=\"2020-01-13T18:55:14+00:00\" \/>\n<meta property=\"article:modified_time\" content=\"2020-01-13T18:55:45+00:00\" \/>\n<meta property=\"og:image\" content=\"https:\/\/sindicatodosbancarios.org.br\/site2022\/wp-content\/uploads\/2019\/11\/seguro-desemprego-imagem.jpg\" \/>\n\t<meta property=\"og:image:width\" content=\"814\" \/>\n\t<meta property=\"og:image:height\" content=\"377\" \/>\n\t<meta property=\"og:image:type\" content=\"image\/jpeg\" \/>\n<meta name=\"author\" content=\"Sindicato dos Banc\u00e1rios S\u00e3o Bento do Sul e Regi\u00e3o\" \/>\n<meta name=\"twitter:card\" content=\"summary_large_image\" \/>\n<meta name=\"twitter:label1\" content=\"Escrito por\" \/>\n\t<meta name=\"twitter:data1\" content=\"Sindicato dos Banc\u00e1rios S\u00e3o Bento do Sul e Regi\u00e3o\" \/>\n\t<meta name=\"twitter:label2\" content=\"Est. tempo de leitura\" \/>\n\t<meta name=\"twitter:data2\" content=\"3 minutos\" \/>\n<script type=\"application\/ld+json\" class=\"yoast-schema-graph\">{\"@context\":\"https:\/\/schema.org\",\"@graph\":[{\"@type\":\"Article\",\"@id\":\"https:\/\/sindicatodosbancarios.org.br\/site2022\/2020\/01\/13\/informe-bancario-05-2020-as-5-mudancas-na-legislacao-para-ficar-atento-em-2020\/#article\",\"isPartOf\":{\"@id\":\"https:\/\/sindicatodosbancarios.org.br\/site2022\/2020\/01\/13\/informe-bancario-05-2020-as-5-mudancas-na-legislacao-para-ficar-atento-em-2020\/\"},\"author\":{\"name\":\"Sindicato dos Banc\u00e1rios S\u00e3o Bento do Sul e Regi\u00e3o\",\"@id\":\"https:\/\/sindicatodosbancarios.org.br\/site2022\/#\/schema\/person\/a7d92da77d1084df4d28b57962f1e1bd\"},\"headline\":\"INFORME BANC\u00c1RIO &#8211; 05 \/ 2020 &#8211; AS 5 MUDAN\u00c7AS NA LEGISLA\u00c7\u00c3O PARA FICAR ATENTO EM 2020\",\"datePublished\":\"2020-01-13T18:55:14+00:00\",\"dateModified\":\"2020-01-13T18:55:45+00:00\",\"mainEntityOfPage\":{\"@id\":\"https:\/\/sindicatodosbancarios.org.br\/site2022\/2020\/01\/13\/informe-bancario-05-2020-as-5-mudancas-na-legislacao-para-ficar-atento-em-2020\/\"},\"wordCount\":552,\"commentCount\":0,\"publisher\":{\"@id\":\"https:\/\/sindicatodosbancarios.org.br\/site2022\/#organization\"},\"articleSection\":[\"Geral\"],\"inLanguage\":\"pt-BR\",\"potentialAction\":[{\"@type\":\"CommentAction\",\"name\":\"Comment\",\"target\":[\"https:\/\/sindicatodosbancarios.org.br\/site2022\/2020\/01\/13\/informe-bancario-05-2020-as-5-mudancas-na-legislacao-para-ficar-atento-em-2020\/#respond\"]}]},{\"@type\":\"WebPage\",\"@id\":\"https:\/\/sindicatodosbancarios.org.br\/site2022\/2020\/01\/13\/informe-bancario-05-2020-as-5-mudancas-na-legislacao-para-ficar-atento-em-2020\/\",\"url\":\"https:\/\/sindicatodosbancarios.org.br\/site2022\/2020\/01\/13\/informe-bancario-05-2020-as-5-mudancas-na-legislacao-para-ficar-atento-em-2020\/\",\"name\":\"INFORME BANC\u00c1RIO - 05 \/ 2020 - AS 5 MUDAN\u00c7AS NA LEGISLA\u00c7\u00c3O PARA FICAR ATENTO EM 2020 - Sindicato dos Banc\u00e1rios de S\u00e3o Bento do Sul e Regi\u00e3o\",\"isPartOf\":{\"@id\":\"https:\/\/sindicatodosbancarios.org.br\/site2022\/#website\"},\"datePublished\":\"2020-01-13T18:55:14+00:00\",\"dateModified\":\"2020-01-13T18:55:45+00:00\",\"breadcrumb\":{\"@id\":\"https:\/\/sindicatodosbancarios.org.br\/site2022\/2020\/01\/13\/informe-bancario-05-2020-as-5-mudancas-na-legislacao-para-ficar-atento-em-2020\/#breadcrumb\"},\"inLanguage\":\"pt-BR\",\"potentialAction\":[{\"@type\":\"ReadAction\",\"target\":[\"https:\/\/sindicatodosbancarios.org.br\/site2022\/2020\/01\/13\/informe-bancario-05-2020-as-5-mudancas-na-legislacao-para-ficar-atento-em-2020\/\"]}]},{\"@type\":\"BreadcrumbList\",\"@id\":\"https:\/\/sindicatodosbancarios.org.br\/site2022\/2020\/01\/13\/informe-bancario-05-2020-as-5-mudancas-na-legislacao-para-ficar-atento-em-2020\/#breadcrumb\",\"itemListElement\":[{\"@type\":\"ListItem\",\"position\":1,\"name\":\"In\u00edcio\",\"item\":\"https:\/\/sindicatodosbancarios.org.br\/site2022\/\"},{\"@type\":\"ListItem\",\"position\":2,\"name\":\"INFORME BANC\u00c1RIO &#8211; 05 \/ 2020 &#8211; AS 5 MUDAN\u00c7AS NA LEGISLA\u00c7\u00c3O PARA FICAR ATENTO EM 2020\"}]},{\"@type\":\"WebSite\",\"@id\":\"https:\/\/sindicatodosbancarios.org.br\/site2022\/#website\",\"url\":\"https:\/\/sindicatodosbancarios.org.br\/site2022\/\",\"name\":\"Sindicato dos Banc\u00e1rios de S\u00e3o Bento do Sul e Regi\u00e3o\",\"description\":\"Website institucional do Sindicato dos Banc\u00e1rios de S\u00e3o Bento do Sul e Regi\u00e3o\",\"publisher\":{\"@id\":\"https:\/\/sindicatodosbancarios.org.br\/site2022\/#organization\"},\"potentialAction\":[{\"@type\":\"SearchAction\",\"target\":{\"@type\":\"EntryPoint\",\"urlTemplate\":\"https:\/\/sindicatodosbancarios.org.br\/site2022\/?s={search_term_string}\"},\"query-input\":\"required name=search_term_string\"}],\"inLanguage\":\"pt-BR\"},{\"@type\":\"Organization\",\"@id\":\"https:\/\/sindicatodosbancarios.org.br\/site2022\/#organization\",\"name\":\"Sindicato dos Banc\u00e1rios de S\u00e3o Bento do Sul e Regi\u00e3o\",\"url\":\"https:\/\/sindicatodosbancarios.org.br\/site2022\/\",\"logo\":{\"@type\":\"ImageObject\",\"inLanguage\":\"pt-BR\",\"@id\":\"https:\/\/sindicatodosbancarios.org.br\/site2022\/#\/schema\/logo\/image\/\",\"url\":\"https:\/\/sindicatodosbancarios.org.br\/site2022\/wp-content\/uploads\/2017\/06\/cropped-logo-2.png\",\"contentUrl\":\"https:\/\/sindicatodosbancarios.org.br\/site2022\/wp-content\/uploads\/2017\/06\/cropped-logo-2.png\",\"width\":292,\"height\":292,\"caption\":\"Sindicato dos Banc\u00e1rios de S\u00e3o Bento do Sul e Regi\u00e3o\"},\"image\":{\"@id\":\"https:\/\/sindicatodosbancarios.org.br\/site2022\/#\/schema\/logo\/image\/\"}},{\"@type\":\"Person\",\"@id\":\"https:\/\/sindicatodosbancarios.org.br\/site2022\/#\/schema\/person\/a7d92da77d1084df4d28b57962f1e1bd\",\"name\":\"Sindicato dos Banc\u00e1rios S\u00e3o Bento do Sul e Regi\u00e3o\",\"image\":{\"@type\":\"ImageObject\",\"inLanguage\":\"pt-BR\",\"@id\":\"https:\/\/sindicatodosbancarios.org.br\/site2022\/#\/schema\/person\/image\/\",\"url\":\"https:\/\/secure.gravatar.com\/avatar\/f1d1a06f698f2345352e539387180d42?s=96&d=mm&r=g\",\"contentUrl\":\"https:\/\/secure.gravatar.com\/avatar\/f1d1a06f698f2345352e539387180d42?s=96&d=mm&r=g\",\"caption\":\"Sindicato dos Banc\u00e1rios S\u00e3o Bento do Sul e Regi\u00e3o\"},\"sameAs\":[\"http:\/\/sindicatodosbancarios.org.br\/site2022\/\",\"https:\/\/www.facebook.com\/seeb.sbs.9\"],\"url\":\"https:\/\/sindicatodosbancarios.org.br\/site2022\/author\/sindicatodosbancarios\/\"}]}<\/script>\n<!-- \/ Yoast SEO plugin. -->","yoast_head_json":{"title":"INFORME BANC\u00c1RIO - 05 \/ 2020 - AS 5 MUDAN\u00c7AS NA LEGISLA\u00c7\u00c3O PARA FICAR ATENTO EM 2020 - Sindicato dos Banc\u00e1rios de S\u00e3o Bento do Sul e Regi\u00e3o","robots":{"index":"index","follow":"follow","max-snippet":"max-snippet:-1","max-image-preview":"max-image-preview:large","max-video-preview":"max-video-preview:-1"},"canonical":"https:\/\/sindicatodosbancarios.org.br\/site2022\/2020\/01\/13\/informe-bancario-05-2020-as-5-mudancas-na-legislacao-para-ficar-atento-em-2020\/","og_locale":"pt_BR","og_type":"article","og_title":"INFORME BANC\u00c1RIO - 05 \/ 2020 - AS 5 MUDAN\u00c7AS NA LEGISLA\u00c7\u00c3O PARA FICAR ATENTO EM 2020 - Sindicato dos Banc\u00e1rios de S\u00e3o Bento do Sul e Regi\u00e3o","og_description":"O ano de 2019 contou com diversas mudan\u00e7as na legisla\u00e7\u00e3o trabalhista e que ter\u00e3o repercuss\u00e3o para as rela\u00e7\u00f5es [&hellip;]","og_url":"https:\/\/sindicatodosbancarios.org.br\/site2022\/2020\/01\/13\/informe-bancario-05-2020-as-5-mudancas-na-legislacao-para-ficar-atento-em-2020\/","og_site_name":"Sindicato dos Banc\u00e1rios de S\u00e3o Bento do Sul e Regi\u00e3o","article_author":"https:\/\/www.facebook.com\/seeb.sbs.9","article_published_time":"2020-01-13T18:55:14+00:00","article_modified_time":"2020-01-13T18:55:45+00:00","og_image":[{"width":814,"height":377,"url":"https:\/\/sindicatodosbancarios.org.br\/site2022\/wp-content\/uploads\/2019\/11\/seguro-desemprego-imagem.jpg","type":"image\/jpeg"}],"author":"Sindicato dos Banc\u00e1rios S\u00e3o Bento do Sul e Regi\u00e3o","twitter_card":"summary_large_image","twitter_misc":{"Escrito por":"Sindicato dos Banc\u00e1rios S\u00e3o Bento do Sul e Regi\u00e3o","Est. tempo de leitura":"3 minutos"},"schema":{"@context":"https:\/\/schema.org","@graph":[{"@type":"Article","@id":"https:\/\/sindicatodosbancarios.org.br\/site2022\/2020\/01\/13\/informe-bancario-05-2020-as-5-mudancas-na-legislacao-para-ficar-atento-em-2020\/#article","isPartOf":{"@id":"https:\/\/sindicatodosbancarios.org.br\/site2022\/2020\/01\/13\/informe-bancario-05-2020-as-5-mudancas-na-legislacao-para-ficar-atento-em-2020\/"},"author":{"name":"Sindicato dos Banc\u00e1rios S\u00e3o Bento do Sul e Regi\u00e3o","@id":"https:\/\/sindicatodosbancarios.org.br\/site2022\/#\/schema\/person\/a7d92da77d1084df4d28b57962f1e1bd"},"headline":"INFORME BANC\u00c1RIO &#8211; 05 \/ 2020 &#8211; AS 5 MUDAN\u00c7AS NA LEGISLA\u00c7\u00c3O PARA FICAR ATENTO EM 2020","datePublished":"2020-01-13T18:55:14+00:00","dateModified":"2020-01-13T18:55:45+00:00","mainEntityOfPage":{"@id":"https:\/\/sindicatodosbancarios.org.br\/site2022\/2020\/01\/13\/informe-bancario-05-2020-as-5-mudancas-na-legislacao-para-ficar-atento-em-2020\/"},"wordCount":552,"commentCount":0,"publisher":{"@id":"https:\/\/sindicatodosbancarios.org.br\/site2022\/#organization"},"articleSection":["Geral"],"inLanguage":"pt-BR","potentialAction":[{"@type":"CommentAction","name":"Comment","target":["https:\/\/sindicatodosbancarios.org.br\/site2022\/2020\/01\/13\/informe-bancario-05-2020-as-5-mudancas-na-legislacao-para-ficar-atento-em-2020\/#respond"]}]},{"@type":"WebPage","@id":"https:\/\/sindicatodosbancarios.org.br\/site2022\/2020\/01\/13\/informe-bancario-05-2020-as-5-mudancas-na-legislacao-para-ficar-atento-em-2020\/","url":"https:\/\/sindicatodosbancarios.org.br\/site2022\/2020\/01\/13\/informe-bancario-05-2020-as-5-mudancas-na-legislacao-para-ficar-atento-em-2020\/","name":"INFORME BANC\u00c1RIO - 05 \/ 2020 - AS 5 MUDAN\u00c7AS NA LEGISLA\u00c7\u00c3O PARA FICAR ATENTO EM 2020 - Sindicato dos Banc\u00e1rios de S\u00e3o Bento do Sul e Regi\u00e3o","isPartOf":{"@id":"https:\/\/sindicatodosbancarios.org.br\/site2022\/#website"},"datePublished":"2020-01-13T18:55:14+00:00","dateModified":"2020-01-13T18:55:45+00:00","breadcrumb":{"@id":"https:\/\/sindicatodosbancarios.org.br\/site2022\/2020\/01\/13\/informe-bancario-05-2020-as-5-mudancas-na-legislacao-para-ficar-atento-em-2020\/#breadcrumb"},"inLanguage":"pt-BR","potentialAction":[{"@type":"ReadAction","target":["https:\/\/sindicatodosbancarios.org.br\/site2022\/2020\/01\/13\/informe-bancario-05-2020-as-5-mudancas-na-legislacao-para-ficar-atento-em-2020\/"]}]},{"@type":"BreadcrumbList","@id":"https:\/\/sindicatodosbancarios.org.br\/site2022\/2020\/01\/13\/informe-bancario-05-2020-as-5-mudancas-na-legislacao-para-ficar-atento-em-2020\/#breadcrumb","itemListElement":[{"@type":"ListItem","position":1,"name":"In\u00edcio","item":"https:\/\/sindicatodosbancarios.org.br\/site2022\/"},{"@type":"ListItem","position":2,"name":"INFORME BANC\u00c1RIO &#8211; 05 \/ 2020 &#8211; AS 5 MUDAN\u00c7AS NA LEGISLA\u00c7\u00c3O PARA FICAR ATENTO EM 2020"}]},{"@type":"WebSite","@id":"https:\/\/sindicatodosbancarios.org.br\/site2022\/#website","url":"https:\/\/sindicatodosbancarios.org.br\/site2022\/","name":"Sindicato dos Banc\u00e1rios de S\u00e3o Bento do Sul e Regi\u00e3o","description":"Website institucional do Sindicato dos Banc\u00e1rios de S\u00e3o Bento do Sul e Regi\u00e3o","publisher":{"@id":"https:\/\/sindicatodosbancarios.org.br\/site2022\/#organization"},"potentialAction":[{"@type":"SearchAction","target":{"@type":"EntryPoint","urlTemplate":"https:\/\/sindicatodosbancarios.org.br\/site2022\/?s={search_term_string}"},"query-input":"required name=search_term_string"}],"inLanguage":"pt-BR"},{"@type":"Organization","@id":"https:\/\/sindicatodosbancarios.org.br\/site2022\/#organization","name":"Sindicato dos Banc\u00e1rios de S\u00e3o Bento do Sul e Regi\u00e3o","url":"https:\/\/sindicatodosbancarios.org.br\/site2022\/","logo":{"@type":"ImageObject","inLanguage":"pt-BR","@id":"https:\/\/sindicatodosbancarios.org.br\/site2022\/#\/schema\/logo\/image\/","url":"https:\/\/sindicatodosbancarios.org.br\/site2022\/wp-content\/uploads\/2017\/06\/cropped-logo-2.png","contentUrl":"https:\/\/sindicatodosbancarios.org.br\/site2022\/wp-content\/uploads\/2017\/06\/cropped-logo-2.png","width":292,"height":292,"caption":"Sindicato dos Banc\u00e1rios de S\u00e3o Bento do Sul e Regi\u00e3o"},"image":{"@id":"https:\/\/sindicatodosbancarios.org.br\/site2022\/#\/schema\/logo\/image\/"}},{"@type":"Person","@id":"https:\/\/sindicatodosbancarios.org.br\/site2022\/#\/schema\/person\/a7d92da77d1084df4d28b57962f1e1bd","name":"Sindicato dos Banc\u00e1rios S\u00e3o Bento do Sul e Regi\u00e3o","image":{"@type":"ImageObject","inLanguage":"pt-BR","@id":"https:\/\/sindicatodosbancarios.org.br\/site2022\/#\/schema\/person\/image\/","url":"https:\/\/secure.gravatar.com\/avatar\/f1d1a06f698f2345352e539387180d42?s=96&d=mm&r=g","contentUrl":"https:\/\/secure.gravatar.com\/avatar\/f1d1a06f698f2345352e539387180d42?s=96&d=mm&r=g","caption":"Sindicato dos Banc\u00e1rios S\u00e3o Bento do Sul e Regi\u00e3o"},"sameAs":["http:\/\/sindicatodosbancarios.org.br\/site2022\/","https:\/\/www.facebook.com\/seeb.sbs.9"],"url":"https:\/\/sindicatodosbancarios.org.br\/site2022\/author\/sindicatodosbancarios\/"}]}},"jetpack_featured_media_url":"https:\/\/sindicatodosbancarios.org.br\/site2022\/wp-content\/uploads\/2019\/11\/seguro-desemprego-imagem.jpg","jetpack_sharing_enabled":true,"jetpack_shortlink":"https:\/\/wp.me\/p8RSbI-QR","jetpack-related-posts":[{"id":5671,"url":"https:\/\/sindicatodosbancarios.org.br\/site2022\/2021\/09\/02\/informe-bancario-209-2021-reforma-trabalhista-rejeitada-veja-pontos-positivos-e-negativos\/","url_meta":{"origin":3277,"position":0},"title":"INFORME BANC\u00c1RIO \u2013 209\/2021 Reforma trabalhista rejeitada: veja pontos positivos e negativos","date":"2 de setembro de 2021","format":false,"excerpt":"O Senado rejeitou na noite desta quarta-feira (01), medida provis\u00f3ria que mudava uma s\u00e9rie de regras para os trabalhadores. A proposta havia sido aprovada pela C\u00e2mara dos Deputados, mas foi rejeitada pelo Senado, em uma derrota ao governo. Oposi\u00e7\u00e3o e sindicatos fizeram cr\u00edticas \u00e0s mudan\u00e7as que a MP trazia, dizendo\u2026","rel":"","context":"Em &quot;Geral&quot;","img":{"alt_text":"","src":"https:\/\/i0.wp.com\/sindicatodosbancarios.org.br\/site2022\/wp-content\/uploads\/2021\/09\/unnamed.jpg?resize=350%2C200&ssl=1","width":350,"height":200},"classes":[]},{"id":5568,"url":"https:\/\/sindicatodosbancarios.org.br\/site2022\/2021\/07\/29\/informe-bancario-178-2021-o-que-aconteceu-ao-trabalhador-em-25-anos-sem-o-ministerio-do-trabalho\/","url_meta":{"origin":3277,"position":1},"title":"INFORME BANC\u00c1RIO \u2013 178\/2021 O que aconteceu ao trabalhador em 2,5 anos sem o Minist\u00e9rio do Trabalho?","date":"29 de julho de 2021","format":false,"excerpt":"Quando assumiu a Presid\u00eancia do Brasil, em 2019, Jair Bolsonaro (sem partido) reduziu o n\u00famero de minist\u00e9rios, extinguindo, por exemplo, o do Trabalho, criado por Get\u00falio Vargas em 1930. Nestes dois anos e meio com a pasta integrada ao superminist\u00e9rio da Economia, o governo realizou a reforma da Previd\u00eancia, o\u2026","rel":"","context":"Em &quot;Geral&quot;","img":{"alt_text":"","src":"https:\/\/i0.wp.com\/sindicatodosbancarios.org.br\/site2022\/wp-content\/uploads\/2021\/07\/tttttttt.jpg?resize=350%2C200&ssl=1","width":350,"height":200},"classes":[]},{"id":5807,"url":"https:\/\/sindicatodosbancarios.org.br\/site2022\/2021\/11\/12\/informe-bancario-244-2021-governo-revisa-e-consolida-portarias-instrucoes-normativas-e-decretos-com-regras-trabalhistas\/","url_meta":{"origin":3277,"position":2},"title":"INFORME BANC\u00c1RIO \u2013 244\/2021 Governo revisa e consolida portarias, instru\u00e7\u00f5es normativas e decretos com regras trabalhistas","date":"12 de novembro de 2021","format":false,"excerpt":"Segundo balan\u00e7o divulgado nesta quarta, mais de mil textos infralegais foram analisados e reunidos em 15 normas. Parte dos textos j\u00e1 estava obsoleta, afirma Minist\u00e9rio do Trabalho. O governo federal anunciou nesta quarta-feira (10) que\u00a0consolidou, em 15 normas, o conte\u00fado ainda v\u00e1lido de mais de mil decretos, portarias e instru\u00e7\u00f5es\u2026","rel":"","context":"Em &quot;Geral&quot;","img":{"alt_text":"","src":"https:\/\/i0.wp.com\/sindicatodosbancarios.org.br\/site2022\/wp-content\/uploads\/2021\/01\/49782687922_8d1aaf7e1a_k-1.jpg?resize=350%2C200&ssl=1","width":350,"height":200},"classes":[]},{"id":5623,"url":"https:\/\/sindicatodosbancarios.org.br\/site2022\/2021\/08\/19\/informe-bancario-195-2021-camara-conclui-aprovacao-de-nova-reforma-trabalhista-texto-vai-ao-senado\/","url_meta":{"origin":3277,"position":3},"title":"INFORME BANC\u00c1RIO \u2013 195\/2021 C\u00e2mara conclui aprova\u00e7\u00e3o de nova reforma trabalhista; texto vai ao Senado","date":"19 de agosto de 2021","format":false,"excerpt":"A C\u00e2mara dos Deputados concluiu nesta quinta-feira (12) a vota\u00e7\u00e3o de uma nova reforma trabalhista, mudando uma s\u00e9rie de regras para os trabalhadores. O texto-base da proposta j\u00e1 havia sido aprovado na ter\u00e7a, e agora os deputados conclu\u00edram a vota\u00e7\u00e3o de destaques, que s\u00e3o mudan\u00e7as no texto. Todos eles foram\u2026","rel":"","context":"Em &quot;Geral&quot;","img":{"alt_text":"","src":"https:\/\/i0.wp.com\/sindicatodosbancarios.org.br\/site2022\/wp-content\/uploads\/2021\/08\/Nova-reforma-trabalhista-com-reducao-de-salarios-750x450.jpeg?resize=350%2C200&ssl=1","width":350,"height":200},"classes":[]},{"id":5824,"url":"https:\/\/sindicatodosbancarios.org.br\/site2022\/2021\/11\/18\/informe-bancario-250-2021-reforma-trabalhista-completa-4-anos-sem-conseguir-estimular-a-criacao-de-empregos\/","url_meta":{"origin":3277,"position":4},"title":"INFORME BANC\u00c1RIO \u2013 250\/2021 Reforma trabalhista completa 4 anos sem conseguir estimular a cria\u00e7\u00e3o de empregos","date":"18 de novembro de 2021","format":false,"excerpt":"A\u00a0reforma trabalhista, que completou seu quarto ano no \u00faltimo dia 11 de novembro, trouxe modifica\u00e7\u00f5es nas rela\u00e7\u00f5es de trabalho, mas n\u00e3o confirmou o prop\u00f3sito de gera\u00e7\u00e3o de\u00a0empregos\u00a0e, na vis\u00e3o de especialistas, potencializou a informalidade e a precariza\u00e7\u00e3o dos direitos trabalhistas. Para a advogada especialista em Direito do Trabalho e s\u00f3cia\u2026","rel":"","context":"Em &quot;Geral&quot;","img":{"alt_text":"","src":"https:\/\/i0.wp.com\/sindicatodosbancarios.org.br\/site2022\/wp-content\/uploads\/2021\/11\/reforma-e1543516064120.jpg?resize=350%2C200&ssl=1","width":350,"height":200},"classes":[]},{"id":6247,"url":"https:\/\/sindicatodosbancarios.org.br\/site2022\/2022\/04\/06\/informe-bancario-34-2022-comecam-a-valer-novas-regras-que-permitem-trabalho-hibrido-e-por-producao\/","url_meta":{"origin":3277,"position":5},"title":"INFORME BANC\u00c1RIO \u2013 34\/2022 Come\u00e7am a valer novas regras que permitem trabalho h\u00edbrido e por produ\u00e7\u00e3o","date":"6 de abril de 2022","format":false,"excerpt":"O governo publicou nesta segunda-feira (28) o texto da MP (Medida Provis\u00f3ria) que traz uma s\u00e9rie de mudan\u00e7as para os trabalhadores. Dentre elas, permiss\u00e3o para trabalho h\u00edbrido (presencial e remoto) e cria\u00e7\u00e3o do contrato de trabalho por produ\u00e7\u00e3o ou tarefa, sem controle da jornada de trabalho. H\u00e1 ainda a\u00e7\u00f5es que\u2026","rel":"","context":"Em &quot;Geral&quot;","img":{"alt_text":"","src":"https:\/\/i0.wp.com\/sindicatodosbancarios.org.br\/site2022\/wp-content\/uploads\/2022\/04\/shutterstock_2044486847-scaled.jpg?resize=350%2C200&ssl=1","width":350,"height":200},"classes":[]}],"_links":{"self":[{"href":"https:\/\/sindicatodosbancarios.org.br\/site2022\/wp-json\/wp\/v2\/posts\/3277"}],"collection":[{"href":"https:\/\/sindicatodosbancarios.org.br\/site2022\/wp-json\/wp\/v2\/posts"}],"about":[{"href":"https:\/\/sindicatodosbancarios.org.br\/site2022\/wp-json\/wp\/v2\/types\/post"}],"author":[{"embeddable":true,"href":"https:\/\/sindicatodosbancarios.org.br\/site2022\/wp-json\/wp\/v2\/users\/2"}],"replies":[{"embeddable":true,"href":"https:\/\/sindicatodosbancarios.org.br\/site2022\/wp-json\/wp\/v2\/comments?post=3277"}],"version-history":[{"count":1,"href":"https:\/\/sindicatodosbancarios.org.br\/site2022\/wp-json\/wp\/v2\/posts\/3277\/revisions"}],"predecessor-version":[{"id":3278,"href":"https:\/\/sindicatodosbancarios.org.br\/site2022\/wp-json\/wp\/v2\/posts\/3277\/revisions\/3278"}],"wp:featuredmedia":[{"embeddable":true,"href":"https:\/\/sindicatodosbancarios.org.br\/site2022\/wp-json\/wp\/v2\/media\/3194"}],"wp:attachment":[{"href":"https:\/\/sindicatodosbancarios.org.br\/site2022\/wp-json\/wp\/v2\/media?parent=3277"}],"wp:term":[{"taxonomy":"category","embeddable":true,"href":"https:\/\/sindicatodosbancarios.org.br\/site2022\/wp-json\/wp\/v2\/categories?post=3277"},{"taxonomy":"post_tag","embeddable":true,"href":"https:\/\/sindicatodosbancarios.org.br\/site2022\/wp-json\/wp\/v2\/tags?post=3277"}],"curies":[{"name":"wp","href":"https:\/\/api.w.org\/{rel}","templated":true}]}}