{"id":3293,"date":"2020-01-15T16:57:45","date_gmt":"2020-01-15T19:57:45","guid":{"rendered":"https:\/\/sindicatodosbancarios.org.br\/?p=3293"},"modified":"2020-01-15T16:58:18","modified_gmt":"2020-01-15T19:58:18","slug":"informe-bancario-09-2020-governo-sobe-salario-minimo-de-r1-039-para-r1-045","status":"publish","type":"post","link":"https:\/\/sindicatodosbancarios.org.br\/site2022\/2020\/01\/15\/informe-bancario-09-2020-governo-sobe-salario-minimo-de-r1-039-para-r1-045\/","title":{"rendered":"INFORME BANC\u00c1RIO &#8211; 09 \/2020 &#8211; GOVERNO SOBE SAL\u00c1RIO M\u00cdNIMO DE R$1.039 PARA R$1.045"},"content":{"rendered":"<p>O presidente Jair Bolsonaro (Sem partido) anunciou nesta ter\u00e7a-feira (14) que reajustar\u00e1 o sal\u00e1rio m\u00ednimo para 2020 dos atuais R$ 1.039 para R$ 1.045. O novo valor vale a partir de 1\u00ba de fevereiro. A defini\u00e7\u00e3o ser\u00e1 enviada ao Congresso por meio de uma nova MP (Medida Provis\u00f3ria).<\/p>\n<p>&#8220;N\u00f3s tivemos uma infla\u00e7\u00e3o at\u00edpica em dezembro. N\u00e3o esper\u00e1vamos que fosse t\u00e3o alta assim. Isso ocorreu, basicamente, pela alta no pre\u00e7o da carne. Temos que fazer com que o valor do sal\u00e1rio m\u00ednimo fosse mantido. Via Medida Provis\u00f3ria, ele passa de R$ 1.039 para R$ 1.045&#8221;, disse.<\/p>\n<p>Como o valor do sal\u00e1rio m\u00ednimo para 2020 foi anunciado antes de a infla\u00e7\u00e3o oficial de 2019 ter sido divulgada, como acontece sempre, o governo considerou a proje\u00e7\u00e3o para a infla\u00e7\u00e3o, que era de 3,86%. Dessa forma, o sal\u00e1rio m\u00ednimo passou de R$ 998 para R$ 1.039. Na semana passada, saiu o dado oficial de infla\u00e7\u00e3o, que ficou bem mais alta: 4,48%.<\/p>\n<p><strong>Impacto de R$ 2,13 bi nas contas p\u00fablicas <\/strong><\/p>\n<p>Pelos c\u00e1lculos da equipe econ\u00f4mica, esse aumento de R$ 6 no valor do sal\u00e1rio-m\u00ednimo ter\u00e1 um impacto de R$ 2,13 bilh\u00f5es nas contas p\u00fablicas. Para cada R$ 1 de aumento no piso salarial, o impacto para os cofres p\u00fablicos \u00e9 de R$ 355 milh\u00f5es. Isso acontece porque os benef\u00edcios da Previd\u00eancia n\u00e3o podem ser menores que o sal\u00e1rio m\u00ednimo.<\/p>\n<p>O ministro da Economia, Paulo Guedes, afirmou que o governo deve anunciar nos pr\u00f3ximos dias uma arrecada\u00e7\u00e3o extra de R$ 8 bilh\u00f5es, que deve cobrir o aumento de despesas com a alta do sal\u00e1rio m\u00ednimo. Ele n\u00e3o detalhou de onde vir\u00e3o esses recursos.<\/p>\n<p>&#8220;Agora, naturalmente, dependendo das coisas que estamos estimando, se n\u00e3o acontecerem, pode haver um contingenciamento ali na frente. O importante \u00e9 o compromisso do presidente com a manuten\u00e7\u00e3o do poder de compra do sal\u00e1rio m\u00ednimo, que \u00e9 uma cl\u00e1usula constitucional&#8221;, afirmou Guedes.<\/p>\n<p><span style=\"font-size: 8pt;\">FONTE: UOL,14\/01\/2020.<\/span><\/p>\n","protected":false},"excerpt":{"rendered":"<p>O presidente Jair Bolsonaro (Sem partido) anunciou nesta ter\u00e7a-feira (14) que reajustar\u00e1 o sal\u00e1rio m\u00ednimo para 2020 dos [&hellip;]<\/p>\n","protected":false},"author":2,"featured_media":3234,"comment_status":"open","ping_status":"open","sticky":false,"template":"","format":"standard","meta":{"jetpack_post_was_ever_published":false,"jetpack_publicize_message":"","jetpack_is_tweetstorm":false,"jetpack_publicize_feature_enabled":true,"jetpack_social_post_already_shared":true,"jetpack_social_options":[]},"categories":[1],"tags":[],"jetpack_publicize_connections":[],"acf":[],"yoast_head":"<!-- This site is optimized with the Yoast SEO plugin v19.14 - https:\/\/yoast.com\/wordpress\/plugins\/seo\/ -->\n<title>INFORME BANC\u00c1RIO - 09 \/2020 - GOVERNO SOBE SAL\u00c1RIO M\u00cdNIMO DE R$1.039 PARA R$1.045 - Sindicato dos Banc\u00e1rios de S\u00e3o Bento do Sul e Regi\u00e3o<\/title>\n<meta name=\"robots\" content=\"index, follow, max-snippet:-1, max-image-preview:large, max-video-preview:-1\" \/>\n<link rel=\"canonical\" href=\"https:\/\/sindicatodosbancarios.org.br\/site2022\/2020\/01\/15\/informe-bancario-09-2020-governo-sobe-salario-minimo-de-r1-039-para-r1-045\/\" \/>\n<meta property=\"og:locale\" content=\"pt_BR\" \/>\n<meta property=\"og:type\" content=\"article\" \/>\n<meta property=\"og:title\" content=\"INFORME BANC\u00c1RIO - 09 \/2020 - GOVERNO SOBE SAL\u00c1RIO M\u00cdNIMO DE R$1.039 PARA R$1.045 - Sindicato dos Banc\u00e1rios de S\u00e3o Bento do Sul e Regi\u00e3o\" \/>\n<meta property=\"og:description\" content=\"O presidente Jair Bolsonaro (Sem partido) anunciou nesta ter\u00e7a-feira (14) que reajustar\u00e1 o sal\u00e1rio m\u00ednimo para 2020 dos [&hellip;]\" \/>\n<meta property=\"og:url\" content=\"https:\/\/sindicatodosbancarios.org.br\/site2022\/2020\/01\/15\/informe-bancario-09-2020-governo-sobe-salario-minimo-de-r1-039-para-r1-045\/\" \/>\n<meta property=\"og:site_name\" content=\"Sindicato dos Banc\u00e1rios de S\u00e3o Bento do Sul e Regi\u00e3o\" \/>\n<meta property=\"article:author\" content=\"https:\/\/www.facebook.com\/seeb.sbs.9\" \/>\n<meta property=\"article:published_time\" content=\"2020-01-15T19:57:45+00:00\" \/>\n<meta property=\"article:modified_time\" content=\"2020-01-15T19:58:18+00:00\" \/>\n<meta property=\"og:image\" content=\"https:\/\/sindicatodosbancarios.org.br\/site2022\/wp-content\/uploads\/2019\/12\/moedas.jpg\" \/>\n\t<meta property=\"og:image:width\" content=\"318\" \/>\n\t<meta property=\"og:image:height\" content=\"159\" \/>\n\t<meta property=\"og:image:type\" content=\"image\/jpeg\" \/>\n<meta name=\"author\" content=\"Sindicato dos Banc\u00e1rios S\u00e3o Bento do Sul e Regi\u00e3o\" \/>\n<meta name=\"twitter:card\" content=\"summary_large_image\" \/>\n<meta name=\"twitter:label1\" content=\"Escrito por\" \/>\n\t<meta name=\"twitter:data1\" content=\"Sindicato dos Banc\u00e1rios S\u00e3o Bento do Sul e Regi\u00e3o\" \/>\n\t<meta name=\"twitter:label2\" content=\"Est. tempo de leitura\" \/>\n\t<meta name=\"twitter:data2\" content=\"2 minutos\" \/>\n<script type=\"application\/ld+json\" class=\"yoast-schema-graph\">{\"@context\":\"https:\/\/schema.org\",\"@graph\":[{\"@type\":\"Article\",\"@id\":\"https:\/\/sindicatodosbancarios.org.br\/site2022\/2020\/01\/15\/informe-bancario-09-2020-governo-sobe-salario-minimo-de-r1-039-para-r1-045\/#article\",\"isPartOf\":{\"@id\":\"https:\/\/sindicatodosbancarios.org.br\/site2022\/2020\/01\/15\/informe-bancario-09-2020-governo-sobe-salario-minimo-de-r1-039-para-r1-045\/\"},\"author\":{\"name\":\"Sindicato dos Banc\u00e1rios S\u00e3o Bento do Sul e Regi\u00e3o\",\"@id\":\"https:\/\/sindicatodosbancarios.org.br\/site2022\/#\/schema\/person\/a7d92da77d1084df4d28b57962f1e1bd\"},\"headline\":\"INFORME BANC\u00c1RIO &#8211; 09 \/2020 &#8211; GOVERNO SOBE SAL\u00c1RIO M\u00cdNIMO DE R$1.039 PARA R$1.045\",\"datePublished\":\"2020-01-15T19:57:45+00:00\",\"dateModified\":\"2020-01-15T19:58:18+00:00\",\"mainEntityOfPage\":{\"@id\":\"https:\/\/sindicatodosbancarios.org.br\/site2022\/2020\/01\/15\/informe-bancario-09-2020-governo-sobe-salario-minimo-de-r1-039-para-r1-045\/\"},\"wordCount\":353,\"commentCount\":0,\"publisher\":{\"@id\":\"https:\/\/sindicatodosbancarios.org.br\/site2022\/#organization\"},\"articleSection\":[\"Geral\"],\"inLanguage\":\"pt-BR\",\"potentialAction\":[{\"@type\":\"CommentAction\",\"name\":\"Comment\",\"target\":[\"https:\/\/sindicatodosbancarios.org.br\/site2022\/2020\/01\/15\/informe-bancario-09-2020-governo-sobe-salario-minimo-de-r1-039-para-r1-045\/#respond\"]}]},{\"@type\":\"WebPage\",\"@id\":\"https:\/\/sindicatodosbancarios.org.br\/site2022\/2020\/01\/15\/informe-bancario-09-2020-governo-sobe-salario-minimo-de-r1-039-para-r1-045\/\",\"url\":\"https:\/\/sindicatodosbancarios.org.br\/site2022\/2020\/01\/15\/informe-bancario-09-2020-governo-sobe-salario-minimo-de-r1-039-para-r1-045\/\",\"name\":\"INFORME BANC\u00c1RIO - 09 \/2020 - GOVERNO SOBE SAL\u00c1RIO M\u00cdNIMO DE R$1.039 PARA R$1.045 - Sindicato dos Banc\u00e1rios de S\u00e3o Bento do Sul e Regi\u00e3o\",\"isPartOf\":{\"@id\":\"https:\/\/sindicatodosbancarios.org.br\/site2022\/#website\"},\"datePublished\":\"2020-01-15T19:57:45+00:00\",\"dateModified\":\"2020-01-15T19:58:18+00:00\",\"breadcrumb\":{\"@id\":\"https:\/\/sindicatodosbancarios.org.br\/site2022\/2020\/01\/15\/informe-bancario-09-2020-governo-sobe-salario-minimo-de-r1-039-para-r1-045\/#breadcrumb\"},\"inLanguage\":\"pt-BR\",\"potentialAction\":[{\"@type\":\"ReadAction\",\"target\":[\"https:\/\/sindicatodosbancarios.org.br\/site2022\/2020\/01\/15\/informe-bancario-09-2020-governo-sobe-salario-minimo-de-r1-039-para-r1-045\/\"]}]},{\"@type\":\"BreadcrumbList\",\"@id\":\"https:\/\/sindicatodosbancarios.org.br\/site2022\/2020\/01\/15\/informe-bancario-09-2020-governo-sobe-salario-minimo-de-r1-039-para-r1-045\/#breadcrumb\",\"itemListElement\":[{\"@type\":\"ListItem\",\"position\":1,\"name\":\"In\u00edcio\",\"item\":\"https:\/\/sindicatodosbancarios.org.br\/site2022\/\"},{\"@type\":\"ListItem\",\"position\":2,\"name\":\"INFORME BANC\u00c1RIO &#8211; 09 \/2020 &#8211; GOVERNO SOBE SAL\u00c1RIO M\u00cdNIMO DE R$1.039 PARA R$1.045\"}]},{\"@type\":\"WebSite\",\"@id\":\"https:\/\/sindicatodosbancarios.org.br\/site2022\/#website\",\"url\":\"https:\/\/sindicatodosbancarios.org.br\/site2022\/\",\"name\":\"Sindicato dos Banc\u00e1rios de S\u00e3o Bento do Sul e Regi\u00e3o\",\"description\":\"Website institucional do Sindicato dos Banc\u00e1rios de S\u00e3o Bento do Sul e Regi\u00e3o\",\"publisher\":{\"@id\":\"https:\/\/sindicatodosbancarios.org.br\/site2022\/#organization\"},\"potentialAction\":[{\"@type\":\"SearchAction\",\"target\":{\"@type\":\"EntryPoint\",\"urlTemplate\":\"https:\/\/sindicatodosbancarios.org.br\/site2022\/?s={search_term_string}\"},\"query-input\":\"required name=search_term_string\"}],\"inLanguage\":\"pt-BR\"},{\"@type\":\"Organization\",\"@id\":\"https:\/\/sindicatodosbancarios.org.br\/site2022\/#organization\",\"name\":\"Sindicato dos Banc\u00e1rios de S\u00e3o Bento do Sul e Regi\u00e3o\",\"url\":\"https:\/\/sindicatodosbancarios.org.br\/site2022\/\",\"logo\":{\"@type\":\"ImageObject\",\"inLanguage\":\"pt-BR\",\"@id\":\"https:\/\/sindicatodosbancarios.org.br\/site2022\/#\/schema\/logo\/image\/\",\"url\":\"https:\/\/sindicatodosbancarios.org.br\/site2022\/wp-content\/uploads\/2017\/06\/cropped-logo-2.png\",\"contentUrl\":\"https:\/\/sindicatodosbancarios.org.br\/site2022\/wp-content\/uploads\/2017\/06\/cropped-logo-2.png\",\"width\":292,\"height\":292,\"caption\":\"Sindicato dos Banc\u00e1rios de S\u00e3o Bento do Sul e Regi\u00e3o\"},\"image\":{\"@id\":\"https:\/\/sindicatodosbancarios.org.br\/site2022\/#\/schema\/logo\/image\/\"}},{\"@type\":\"Person\",\"@id\":\"https:\/\/sindicatodosbancarios.org.br\/site2022\/#\/schema\/person\/a7d92da77d1084df4d28b57962f1e1bd\",\"name\":\"Sindicato dos Banc\u00e1rios S\u00e3o Bento do Sul e Regi\u00e3o\",\"image\":{\"@type\":\"ImageObject\",\"inLanguage\":\"pt-BR\",\"@id\":\"https:\/\/sindicatodosbancarios.org.br\/site2022\/#\/schema\/person\/image\/\",\"url\":\"https:\/\/secure.gravatar.com\/avatar\/f1d1a06f698f2345352e539387180d42?s=96&d=mm&r=g\",\"contentUrl\":\"https:\/\/secure.gravatar.com\/avatar\/f1d1a06f698f2345352e539387180d42?s=96&d=mm&r=g\",\"caption\":\"Sindicato dos Banc\u00e1rios S\u00e3o Bento do Sul e Regi\u00e3o\"},\"sameAs\":[\"http:\/\/sindicatodosbancarios.org.br\/site2022\/\",\"https:\/\/www.facebook.com\/seeb.sbs.9\"],\"url\":\"https:\/\/sindicatodosbancarios.org.br\/site2022\/author\/sindicatodosbancarios\/\"}]}<\/script>\n<!-- \/ Yoast SEO plugin. -->","yoast_head_json":{"title":"INFORME BANC\u00c1RIO - 09 \/2020 - GOVERNO SOBE SAL\u00c1RIO M\u00cdNIMO DE R$1.039 PARA R$1.045 - Sindicato dos Banc\u00e1rios de S\u00e3o Bento do Sul e Regi\u00e3o","robots":{"index":"index","follow":"follow","max-snippet":"max-snippet:-1","max-image-preview":"max-image-preview:large","max-video-preview":"max-video-preview:-1"},"canonical":"https:\/\/sindicatodosbancarios.org.br\/site2022\/2020\/01\/15\/informe-bancario-09-2020-governo-sobe-salario-minimo-de-r1-039-para-r1-045\/","og_locale":"pt_BR","og_type":"article","og_title":"INFORME BANC\u00c1RIO - 09 \/2020 - GOVERNO SOBE SAL\u00c1RIO M\u00cdNIMO DE R$1.039 PARA R$1.045 - Sindicato dos Banc\u00e1rios de S\u00e3o Bento do Sul e Regi\u00e3o","og_description":"O presidente Jair Bolsonaro (Sem partido) anunciou nesta ter\u00e7a-feira (14) que reajustar\u00e1 o sal\u00e1rio m\u00ednimo para 2020 dos [&hellip;]","og_url":"https:\/\/sindicatodosbancarios.org.br\/site2022\/2020\/01\/15\/informe-bancario-09-2020-governo-sobe-salario-minimo-de-r1-039-para-r1-045\/","og_site_name":"Sindicato dos Banc\u00e1rios de S\u00e3o Bento do Sul e Regi\u00e3o","article_author":"https:\/\/www.facebook.com\/seeb.sbs.9","article_published_time":"2020-01-15T19:57:45+00:00","article_modified_time":"2020-01-15T19:58:18+00:00","og_image":[{"width":318,"height":159,"url":"https:\/\/sindicatodosbancarios.org.br\/site2022\/wp-content\/uploads\/2019\/12\/moedas.jpg","type":"image\/jpeg"}],"author":"Sindicato dos Banc\u00e1rios S\u00e3o Bento do Sul e Regi\u00e3o","twitter_card":"summary_large_image","twitter_misc":{"Escrito por":"Sindicato dos Banc\u00e1rios S\u00e3o Bento do Sul e Regi\u00e3o","Est. tempo de leitura":"2 minutos"},"schema":{"@context":"https:\/\/schema.org","@graph":[{"@type":"Article","@id":"https:\/\/sindicatodosbancarios.org.br\/site2022\/2020\/01\/15\/informe-bancario-09-2020-governo-sobe-salario-minimo-de-r1-039-para-r1-045\/#article","isPartOf":{"@id":"https:\/\/sindicatodosbancarios.org.br\/site2022\/2020\/01\/15\/informe-bancario-09-2020-governo-sobe-salario-minimo-de-r1-039-para-r1-045\/"},"author":{"name":"Sindicato dos Banc\u00e1rios S\u00e3o Bento do Sul e Regi\u00e3o","@id":"https:\/\/sindicatodosbancarios.org.br\/site2022\/#\/schema\/person\/a7d92da77d1084df4d28b57962f1e1bd"},"headline":"INFORME BANC\u00c1RIO &#8211; 09 \/2020 &#8211; GOVERNO SOBE SAL\u00c1RIO M\u00cdNIMO DE R$1.039 PARA R$1.045","datePublished":"2020-01-15T19:57:45+00:00","dateModified":"2020-01-15T19:58:18+00:00","mainEntityOfPage":{"@id":"https:\/\/sindicatodosbancarios.org.br\/site2022\/2020\/01\/15\/informe-bancario-09-2020-governo-sobe-salario-minimo-de-r1-039-para-r1-045\/"},"wordCount":353,"commentCount":0,"publisher":{"@id":"https:\/\/sindicatodosbancarios.org.br\/site2022\/#organization"},"articleSection":["Geral"],"inLanguage":"pt-BR","potentialAction":[{"@type":"CommentAction","name":"Comment","target":["https:\/\/sindicatodosbancarios.org.br\/site2022\/2020\/01\/15\/informe-bancario-09-2020-governo-sobe-salario-minimo-de-r1-039-para-r1-045\/#respond"]}]},{"@type":"WebPage","@id":"https:\/\/sindicatodosbancarios.org.br\/site2022\/2020\/01\/15\/informe-bancario-09-2020-governo-sobe-salario-minimo-de-r1-039-para-r1-045\/","url":"https:\/\/sindicatodosbancarios.org.br\/site2022\/2020\/01\/15\/informe-bancario-09-2020-governo-sobe-salario-minimo-de-r1-039-para-r1-045\/","name":"INFORME BANC\u00c1RIO - 09 \/2020 - GOVERNO SOBE SAL\u00c1RIO M\u00cdNIMO DE R$1.039 PARA R$1.045 - Sindicato dos Banc\u00e1rios de S\u00e3o Bento do Sul e Regi\u00e3o","isPartOf":{"@id":"https:\/\/sindicatodosbancarios.org.br\/site2022\/#website"},"datePublished":"2020-01-15T19:57:45+00:00","dateModified":"2020-01-15T19:58:18+00:00","breadcrumb":{"@id":"https:\/\/sindicatodosbancarios.org.br\/site2022\/2020\/01\/15\/informe-bancario-09-2020-governo-sobe-salario-minimo-de-r1-039-para-r1-045\/#breadcrumb"},"inLanguage":"pt-BR","potentialAction":[{"@type":"ReadAction","target":["https:\/\/sindicatodosbancarios.org.br\/site2022\/2020\/01\/15\/informe-bancario-09-2020-governo-sobe-salario-minimo-de-r1-039-para-r1-045\/"]}]},{"@type":"BreadcrumbList","@id":"https:\/\/sindicatodosbancarios.org.br\/site2022\/2020\/01\/15\/informe-bancario-09-2020-governo-sobe-salario-minimo-de-r1-039-para-r1-045\/#breadcrumb","itemListElement":[{"@type":"ListItem","position":1,"name":"In\u00edcio","item":"https:\/\/sindicatodosbancarios.org.br\/site2022\/"},{"@type":"ListItem","position":2,"name":"INFORME BANC\u00c1RIO &#8211; 09 \/2020 &#8211; GOVERNO SOBE SAL\u00c1RIO M\u00cdNIMO DE R$1.039 PARA R$1.045"}]},{"@type":"WebSite","@id":"https:\/\/sindicatodosbancarios.org.br\/site2022\/#website","url":"https:\/\/sindicatodosbancarios.org.br\/site2022\/","name":"Sindicato dos Banc\u00e1rios de S\u00e3o Bento do Sul e Regi\u00e3o","description":"Website institucional do Sindicato dos Banc\u00e1rios de S\u00e3o Bento do Sul e Regi\u00e3o","publisher":{"@id":"https:\/\/sindicatodosbancarios.org.br\/site2022\/#organization"},"potentialAction":[{"@type":"SearchAction","target":{"@type":"EntryPoint","urlTemplate":"https:\/\/sindicatodosbancarios.org.br\/site2022\/?s={search_term_string}"},"query-input":"required name=search_term_string"}],"inLanguage":"pt-BR"},{"@type":"Organization","@id":"https:\/\/sindicatodosbancarios.org.br\/site2022\/#organization","name":"Sindicato dos Banc\u00e1rios de S\u00e3o Bento do Sul e Regi\u00e3o","url":"https:\/\/sindicatodosbancarios.org.br\/site2022\/","logo":{"@type":"ImageObject","inLanguage":"pt-BR","@id":"https:\/\/sindicatodosbancarios.org.br\/site2022\/#\/schema\/logo\/image\/","url":"https:\/\/sindicatodosbancarios.org.br\/site2022\/wp-content\/uploads\/2017\/06\/cropped-logo-2.png","contentUrl":"https:\/\/sindicatodosbancarios.org.br\/site2022\/wp-content\/uploads\/2017\/06\/cropped-logo-2.png","width":292,"height":292,"caption":"Sindicato dos Banc\u00e1rios de S\u00e3o Bento do Sul e Regi\u00e3o"},"image":{"@id":"https:\/\/sindicatodosbancarios.org.br\/site2022\/#\/schema\/logo\/image\/"}},{"@type":"Person","@id":"https:\/\/sindicatodosbancarios.org.br\/site2022\/#\/schema\/person\/a7d92da77d1084df4d28b57962f1e1bd","name":"Sindicato dos Banc\u00e1rios S\u00e3o Bento do Sul e Regi\u00e3o","image":{"@type":"ImageObject","inLanguage":"pt-BR","@id":"https:\/\/sindicatodosbancarios.org.br\/site2022\/#\/schema\/person\/image\/","url":"https:\/\/secure.gravatar.com\/avatar\/f1d1a06f698f2345352e539387180d42?s=96&d=mm&r=g","contentUrl":"https:\/\/secure.gravatar.com\/avatar\/f1d1a06f698f2345352e539387180d42?s=96&d=mm&r=g","caption":"Sindicato dos Banc\u00e1rios S\u00e3o Bento do Sul e Regi\u00e3o"},"sameAs":["http:\/\/sindicatodosbancarios.org.br\/site2022\/","https:\/\/www.facebook.com\/seeb.sbs.9"],"url":"https:\/\/sindicatodosbancarios.org.br\/site2022\/author\/sindicatodosbancarios\/"}]}},"jetpack_featured_media_url":"https:\/\/sindicatodosbancarios.org.br\/site2022\/wp-content\/uploads\/2019\/12\/moedas.jpg","jetpack_sharing_enabled":true,"jetpack_shortlink":"https:\/\/wp.me\/p8RSbI-R7","jetpack-related-posts":[{"id":4460,"url":"https:\/\/sindicatodosbancarios.org.br\/site2022\/2020\/09\/10\/informe-bancario-335-2020-governo-revela-novo-salario-minimo-para-2021-veja-o-valor\/","url_meta":{"origin":3293,"position":0},"title":"INFORME BANC\u00c1RIO \u2013 335\/2020 Governo revela novo SAL\u00c1RIO m\u00ednimo para 2021; veja o valor","date":"10 de setembro de 2020","format":false,"excerpt":"O novo valor representa um aumento de R$22 em rela\u00e7\u00e3o ao sal\u00e1rio m\u00ednimo atual, de R$1.045. De acordo com o texto da proposta de\u00a0Or\u00e7amento de 2021, apresentado na \u00faltima segunda-feira, 31 de agosto, o sal\u00e1rio m\u00ednimo proposto pelo\u00a0Governo Federal\u00a0\u00e9 de\u00a0R$1.067\u00a0para 2021. O novo valor representa um aumento de\u00a0R$22\u00a0em rela\u00e7\u00e3o ao\u2026","rel":"","context":"Em &quot;Geral&quot;","img":{"alt_text":"","src":"https:\/\/i0.wp.com\/sindicatodosbancarios.org.br\/site2022\/wp-content\/uploads\/2020\/06\/mei-aposentadoria1.jpg?resize=350%2C200&ssl=1","width":350,"height":200},"classes":[]},{"id":4891,"url":"https:\/\/sindicatodosbancarios.org.br\/site2022\/2020\/12\/17\/informe-bancario-465-2020-governo-propoe-salario-minimo-de-r-1-088-em-2021-sem-aumento-real\/","url_meta":{"origin":3293,"position":1},"title":"INFORME BANC\u00c1RIO \u2013 465\/2020 Governo prop\u00f5e sal\u00e1rio m\u00ednimo de R$ 1.088 em 2021, sem aumento real","date":"17 de dezembro de 2020","format":false,"excerpt":"O governo federal enviou ao Congresso Nacional a previs\u00e3o de R$ 1.088 para o valor para o sal\u00e1rio m\u00ednimo em 2021, sem aumento real. O piso salarial hoje \u00e9 de R$ 1.045. A estimativa leva em conta a proje\u00e7\u00e3o do Minist\u00e9rio da Economia para o INPC (\u00cdndice Nacional de Pre\u00e7os\u2026","rel":"","context":"Em &quot;Geral&quot;","img":{"alt_text":"","src":"https:\/\/i0.wp.com\/sindicatodosbancarios.org.br\/site2022\/wp-content\/uploads\/2020\/12\/18768965615d80ba90b02a7.jpg?resize=350%2C200&ssl=1","width":350,"height":200},"classes":[]},{"id":4671,"url":"https:\/\/sindicatodosbancarios.org.br\/site2022\/2020\/10\/22\/informe-bancario-399-2020-novo-salario-minimo-veja-como-fica-o-valor-da-aposentadoria-do-inss-em-2021\/","url_meta":{"origin":3293,"position":2},"title":"INFORME BANC\u00c1RIO \u2013 399\/2020 Novo sal\u00e1rio m\u00ednimo: Veja como fica o valor da aposentadoria do INSS em 2021","date":"22 de outubro de 2020","format":false,"excerpt":"Com a previs\u00e3o do aumento do piso nacional de R$ 1.045 para R$ 1.069,55, cerca de 35 milh\u00f5es de brasileiros ter\u00e3o reajuste de 2,35% em seus benef\u00edcios. O Governo Federal tem uma nova previs\u00e3o para o\u00a0sal\u00e1rio m\u00ednimo\u00a0em 2021, que deve passar dos atuais R$ 1.045 para R$ 1.069,55. Com o\u00a0reajuste\u2026","rel":"","context":"Em &quot;Geral&quot;","img":{"alt_text":"","src":"https:\/\/i0.wp.com\/sindicatodosbancarios.org.br\/site2022\/wp-content\/uploads\/2020\/07\/imagem_materia.jpg?resize=350%2C200&ssl=1","width":350,"height":200},"classes":[]},{"id":5044,"url":"https:\/\/sindicatodosbancarios.org.br\/site2022\/2021\/01\/20\/informe-bancario-25-2021-salario-minimo-de-2021-definido-pelo-governo-bolsonaro-nao-repoe-inflacao-de-2020\/","url_meta":{"origin":3293,"position":3},"title":"INFORME BANC\u00c1RIO \u2013 25\/2021 Sal\u00e1rio m\u00ednimo de 2021 definido pelo governo Bolsonaro n\u00e3o rep\u00f5e infla\u00e7\u00e3o de 2020","date":"20 de janeiro de 2021","format":false,"excerpt":"O sal\u00e1rio m\u00ednimo de R$ 1.100 em 2021 n\u00e3o rep\u00f5e a infla\u00e7\u00e3o do ano passado. O INPC (\u00cdndice Nacional de Pre\u00e7os ao Consumidor), indicador que corrige o sal\u00e1rio m\u00ednimo, registrou alta de 5,45% em 2020, segundo dados divulgados hoje, acima do reajuste de 5,26% dado no sal\u00e1rio m\u00ednimo. Isso significa\u2026","rel":"","context":"Em &quot;Geral&quot;","img":{"alt_text":"","src":"https:\/\/i0.wp.com\/sindicatodosbancarios.org.br\/site2022\/wp-content\/uploads\/2021\/01\/salario-minimo.jpg?resize=350%2C200&ssl=1","width":350,"height":200},"classes":[]},{"id":4649,"url":"https:\/\/sindicatodosbancarios.org.br\/site2022\/2020\/10\/15\/informe-bancario-392-2020-bpc-aposentadoria-e-demais-beneficios-do-inss-saiba-quanto-voce-ira-receber-em-2021\/","url_meta":{"origin":3293,"position":4},"title":"INFORME BANC\u00c1RIO \u2013 392\/2020 BPC, aposentadoria e demais benef\u00edcios do INSS: Saiba quanto voc\u00ea ir\u00e1 receber em 2021","date":"15 de outubro de 2020","format":false,"excerpt":"A equipe econ\u00f4mica liderada pelo ministro Paulo Guedes j\u00e1 definiu o aumento dos benef\u00edcios previdenci\u00e1rios para o ano que vem. O valor do\u00a0sal\u00e1rio m\u00ednimo de 2021\u00a0j\u00e1 foi definido pelo Governo Federal e enviado ao Congresso para aprova\u00e7\u00e3o. Sem aumento real, o sal\u00e1rio m\u00ednimo que atualmente \u00e9 de R$ 1.045 passar\u00e1\u2026","rel":"","context":"Em &quot;Geral&quot;","img":{"alt_text":"","src":"https:\/\/i0.wp.com\/sindicatodosbancarios.org.br\/site2022\/wp-content\/uploads\/2020\/06\/mei-aposentadoria1.jpg?resize=350%2C200&ssl=1","width":350,"height":200},"classes":[]},{"id":4813,"url":"https:\/\/sindicatodosbancarios.org.br\/site2022\/2020\/11\/23\/informe-bancario-442-2020-teto-de-aposentadorias-do-inss-pode-chegar-a-r-6-35120-em-2021\/","url_meta":{"origin":3293,"position":5},"title":"INFORME BANC\u00c1RIO \u2013 442\/2020 Teto de aposentadorias do INSS pode chegar a R$ 6.351,20 em 2021","date":"23 de novembro de 2020","format":false,"excerpt":"Al\u00e9m disso, o sal\u00e1rio m\u00ednimo de 2021 pode subir de R$ 1.045 para R$ 1.087,85. O\u00a0sal\u00e1rio m\u00ednimo de 2021\u00a0pode subir dos atuais R$ 1.045 para R$ 1.087,85, em 2021, segundo as novas proje\u00e7\u00f5es do governo federal para a infla\u00e7\u00e3o deste ano. Com isso, o\u00a0teto do INSS, que \u00e9 o valor\u2026","rel":"","context":"Em &quot;Geral&quot;","img":{"alt_text":"","src":"https:\/\/i0.wp.com\/sindicatodosbancarios.org.br\/site2022\/wp-content\/uploads\/2020\/11\/Salario.jpg?resize=350%2C200&ssl=1","width":350,"height":200},"classes":[]}],"_links":{"self":[{"href":"https:\/\/sindicatodosbancarios.org.br\/site2022\/wp-json\/wp\/v2\/posts\/3293"}],"collection":[{"href":"https:\/\/sindicatodosbancarios.org.br\/site2022\/wp-json\/wp\/v2\/posts"}],"about":[{"href":"https:\/\/sindicatodosbancarios.org.br\/site2022\/wp-json\/wp\/v2\/types\/post"}],"author":[{"embeddable":true,"href":"https:\/\/sindicatodosbancarios.org.br\/site2022\/wp-json\/wp\/v2\/users\/2"}],"replies":[{"embeddable":true,"href":"https:\/\/sindicatodosbancarios.org.br\/site2022\/wp-json\/wp\/v2\/comments?post=3293"}],"version-history":[{"count":2,"href":"https:\/\/sindicatodosbancarios.org.br\/site2022\/wp-json\/wp\/v2\/posts\/3293\/revisions"}],"predecessor-version":[{"id":3295,"href":"https:\/\/sindicatodosbancarios.org.br\/site2022\/wp-json\/wp\/v2\/posts\/3293\/revisions\/3295"}],"wp:featuredmedia":[{"embeddable":true,"href":"https:\/\/sindicatodosbancarios.org.br\/site2022\/wp-json\/wp\/v2\/media\/3234"}],"wp:attachment":[{"href":"https:\/\/sindicatodosbancarios.org.br\/site2022\/wp-json\/wp\/v2\/media?parent=3293"}],"wp:term":[{"taxonomy":"category","embeddable":true,"href":"https:\/\/sindicatodosbancarios.org.br\/site2022\/wp-json\/wp\/v2\/categories?post=3293"},{"taxonomy":"post_tag","embeddable":true,"href":"https:\/\/sindicatodosbancarios.org.br\/site2022\/wp-json\/wp\/v2\/tags?post=3293"}],"curies":[{"name":"wp","href":"https:\/\/api.w.org\/{rel}","templated":true}]}}