{"id":3296,"date":"2020-01-16T15:26:03","date_gmt":"2020-01-16T18:26:03","guid":{"rendered":"https:\/\/sindicatodosbancarios.org.br\/?p=3296"},"modified":"2020-01-16T15:26:03","modified_gmt":"2020-01-16T18:26:03","slug":"informe-bancario-10-2020-1000-foram-resgatados-de-situacao-analoga-a-trabalho-escravo-em-2019","status":"publish","type":"post","link":"https:\/\/sindicatodosbancarios.org.br\/site2022\/2020\/01\/16\/informe-bancario-10-2020-1000-foram-resgatados-de-situacao-analoga-a-trabalho-escravo-em-2019\/","title":{"rendered":"INFORME BANC\u00c1RIO &#8211; 10 \/ 2020 &#8211; 1000 FORAM RESGATADOS DE SITUA\u00c7\u00c3O AN\u00c1LOGA A TRABALHO ESCRAVO EM 2019"},"content":{"rendered":"<p>Criticado por minimizar a import\u00e2ncia do combate ao trabalho escravo no Pa\u00eds, o governo de Jair Bolsonaro encerrou 2019 com cerca de mil trabalhadores resgatados de situa\u00e7\u00e3o considerada an\u00e1loga \u00e0 escravid\u00e3o.<\/p>\n<p>Em entrevista ao jornal O Estado de S\u00e3o Paulo, o chefe da Divis\u00e3o de Fiscaliza\u00e7\u00e3o para Erradica\u00e7\u00e3o do Trabalho Escravo do Minist\u00e9rio da Economia, Maur\u00edcio Krepsky, antecipou o resultado das opera\u00e7\u00f5es, embora o balan\u00e7o consolidado s\u00f3 ser\u00e1 divulgado em 28 de janeiro, dia nacional do combate ao trabalho escravo.<\/p>\n<p>Se confirmado, o n\u00famero ser\u00e1 menor que o registrado em 2018, quando foram resgatados 1.745 trabalhadores em condi\u00e7\u00e3o an\u00e1loga \u00e0 escravid\u00e3o. Apenas em uma a\u00e7\u00e3o, em Minas Gerais, os fiscais encontraram 565 trabalhadores que foram atra\u00eddos por uma seita religiosa e colocados para trabalhar em estabelecimentos comerciais. O n\u00famero do ano passado, por\u00e9m, deve ser superior ao registrado em 2017 (647) e 2016 (972).<\/p>\n<p>No Pa\u00eds, as a\u00e7\u00f5es de fiscaliza\u00e7\u00e3o do trabalho escravo s\u00e3o feitas por equipes de auditores vinculadas \u00e0s Superintend\u00eancias Regionais do Minist\u00e9rio da Economia e, principalmente, pelo Grupo Especial M\u00f3vel de Fiscaliza\u00e7\u00e3o. Sediado em Bras\u00edlia e composto por 16 auditores, o grupo m\u00f3vel realizou, ao longo de 2019, 45 opera\u00e7\u00f5es de resgate em todo o territ\u00f3rio nacional &#8211; uma a mais do que as 44 opera\u00e7\u00f5es do ano anterior.<\/p>\n<p><strong>Fiscaliza\u00e7\u00e3o<\/strong><\/p>\n<p>O governo instalou em S\u00e3o Paulo, Rio de Janeiro, Minas Gerais e Bahia equipes fixas de auditores fiscais para fazer o trabalho de campo de fiscaliza\u00e7\u00e3o. Esses Estados s\u00e3o onde, historicamente, a fiscaliza\u00e7\u00e3o tem encontrado maior registro de trabalho escravo.<\/p>\n<p>Segundo Krepsky, a ado\u00e7\u00e3o de t\u00e9cnicas de intelig\u00eancia no planejamento das opera\u00e7\u00f5es deu mais &#8220;efic\u00e1cia&#8221; ao trabalho dos auditores &#8211; em 70% das a\u00e7\u00f5es fiscais do Grupo Especial realizadas em 2019 houve liberta\u00e7\u00e3o de trabalhadores. Em 2018, apenas 48% das opera\u00e7\u00f5es culminaram em resgate.<\/p>\n<p>&#8220;A gente conseguiu ter melhoria das informa\u00e7\u00f5es e intelig\u00eancia. Chegar onde realmente o grupo m\u00f3vel quer chegar, que \u00e9 onde h\u00e1 viola\u00e7\u00e3o de direitos&#8221;, disse Krepski.<\/p>\n<p>O chefe da divis\u00e3o explicou que, para melhorar os resultados das opera\u00e7\u00f5es de Bras\u00edlia, precisou mudar procedimentos dentro da equipe. &#8220;Havia um hist\u00f3rico de vazamento de informa\u00e7\u00e3o, pessoas que ficam na estrada vicinal para verificar se tinha movimento de fiscaliza\u00e7\u00e3o e, quando nos avistavam, escondiam os trabalhadores.&#8221;<\/p>\n<p>Segundo ele, esse tipo de ru\u00eddo nas opera\u00e7\u00f5es melhorou com o destacamento de auditores para trabalhar diretamente com as atividades de intelig\u00eancia e planejamento. Al\u00e9m disso, foram feitas fiscaliza\u00e7\u00f5es em regi\u00f5es remotas da Amaz\u00f4nia e do Nordeste, de dif\u00edcil acesso e onde s\u00f3 se chega de barco.<\/p>\n<p>Em cada uma das 45 opera\u00e7\u00f5es de 2019, o Grupo M\u00f3vel contou com apoios do Minist\u00e9rio P\u00fablico do Trabalho (MPT), Defensoria P\u00fablica da Uni\u00e3o (DPU), Minist\u00e9rio P\u00fablico Federal (MPF), Pol\u00edcia Federal (PF) e Pol\u00edcia Rodovi\u00e1ria Federal (PRF). Cada institui\u00e7\u00e3o, por dever constitucional, desempenha papel diferente na liberta\u00e7\u00e3o dos trabalhadores.<\/p>\n<p><strong>Cr\u00edticas do presidente<\/strong><\/p>\n<p>Em julho, o presidente Jair Bolsonaro chegou a defender mudan\u00e7as nas regras que envolvem trabalho an\u00e1logo \u00e0 escravid\u00e3o para evitar que produtores rurais percam a propriedade quando for constatado esse tipo de crime. Ele defendeu uma mudan\u00e7a constitucional para que haja distin\u00e7\u00e3o entre o que \u00e9 trabalho an\u00e1logo e o que \u00e9 trabalho escravo.<\/p>\n<p>De acordo com a Organiza\u00e7\u00e3o Internacional do Trabalho (OIT), o trabalho an\u00e1logo \u00e0 escravid\u00e3o \u00e9 &#8220;todo trabalho ou servi\u00e7o exigido de uma pessoa sob amea\u00e7a de san\u00e7\u00e3o e para o qual ela n\u00e3o tiver se oferecido espontaneamente&#8221;.<\/p>\n<p>O C\u00f3digo Penal tamb\u00e9m diz que \u00e9 crime &#8220;reduzir algu\u00e9m \u00e0 condi\u00e7\u00e3o an\u00e1loga \u00e0 de escravo, quer submetendo-o a trabalhos for\u00e7ados ou a jornada exaustiva, quer sujeitando-o a condi\u00e7\u00f5es degradantes de trabalho, quer restringindo, por qualquer meio, sua locomo\u00e7\u00e3o em raz\u00e3o de d\u00edvida contra\u00edda com o empregador ou preposto&#8221;<\/p>\n<p><span style=\"font-size: 8pt;\">Fonte: Uol,15\/01\/2020.<\/span><\/p>\n<p>&nbsp;<\/p>\n","protected":false},"excerpt":{"rendered":"<p>Criticado por minimizar a import\u00e2ncia do combate ao trabalho escravo no Pa\u00eds, o governo de Jair Bolsonaro encerrou [&hellip;]<\/p>\n","protected":false},"author":2,"featured_media":3297,"comment_status":"open","ping_status":"open","sticky":false,"template":"","format":"standard","meta":{"jetpack_post_was_ever_published":false,"jetpack_publicize_message":"","jetpack_is_tweetstorm":false,"jetpack_publicize_feature_enabled":true,"jetpack_social_post_already_shared":true,"jetpack_social_options":[]},"categories":[1],"tags":[],"jetpack_publicize_connections":[],"acf":[],"yoast_head":"<!-- This site is optimized with the Yoast SEO plugin v19.14 - https:\/\/yoast.com\/wordpress\/plugins\/seo\/ -->\n<title>INFORME BANC\u00c1RIO - 10 \/ 2020 - 1000 FORAM RESGATADOS DE SITUA\u00c7\u00c3O AN\u00c1LOGA A TRABALHO ESCRAVO EM 2019 - Sindicato dos Banc\u00e1rios de S\u00e3o Bento do Sul e Regi\u00e3o<\/title>\n<meta name=\"robots\" content=\"index, follow, max-snippet:-1, max-image-preview:large, max-video-preview:-1\" \/>\n<link rel=\"canonical\" href=\"https:\/\/sindicatodosbancarios.org.br\/site2022\/2020\/01\/16\/informe-bancario-10-2020-1000-foram-resgatados-de-situacao-analoga-a-trabalho-escravo-em-2019\/\" \/>\n<meta property=\"og:locale\" content=\"pt_BR\" \/>\n<meta property=\"og:type\" content=\"article\" \/>\n<meta property=\"og:title\" content=\"INFORME BANC\u00c1RIO - 10 \/ 2020 - 1000 FORAM RESGATADOS DE SITUA\u00c7\u00c3O AN\u00c1LOGA A TRABALHO ESCRAVO EM 2019 - Sindicato dos Banc\u00e1rios de S\u00e3o Bento do Sul e Regi\u00e3o\" \/>\n<meta property=\"og:description\" content=\"Criticado por minimizar a import\u00e2ncia do combate ao trabalho escravo no Pa\u00eds, o governo de Jair Bolsonaro encerrou [&hellip;]\" \/>\n<meta property=\"og:url\" content=\"https:\/\/sindicatodosbancarios.org.br\/site2022\/2020\/01\/16\/informe-bancario-10-2020-1000-foram-resgatados-de-situacao-analoga-a-trabalho-escravo-em-2019\/\" \/>\n<meta property=\"og:site_name\" content=\"Sindicato dos Banc\u00e1rios de S\u00e3o Bento do Sul e Regi\u00e3o\" \/>\n<meta property=\"article:author\" content=\"https:\/\/www.facebook.com\/seeb.sbs.9\" \/>\n<meta property=\"article:published_time\" content=\"2020-01-16T18:26:03+00:00\" \/>\n<meta property=\"og:image\" content=\"https:\/\/sindicatodosbancarios.org.br\/site2022\/wp-content\/uploads\/2020\/01\/imagem.jpg\" \/>\n\t<meta property=\"og:image:width\" content=\"900\" \/>\n\t<meta property=\"og:image:height\" content=\"506\" \/>\n\t<meta property=\"og:image:type\" content=\"image\/jpeg\" \/>\n<meta name=\"author\" content=\"Sindicato dos Banc\u00e1rios S\u00e3o Bento do Sul e Regi\u00e3o\" \/>\n<meta name=\"twitter:card\" content=\"summary_large_image\" \/>\n<meta name=\"twitter:label1\" content=\"Escrito por\" \/>\n\t<meta name=\"twitter:data1\" content=\"Sindicato dos Banc\u00e1rios S\u00e3o Bento do Sul e Regi\u00e3o\" \/>\n\t<meta name=\"twitter:label2\" content=\"Est. tempo de leitura\" \/>\n\t<meta name=\"twitter:data2\" content=\"3 minutos\" \/>\n<script type=\"application\/ld+json\" class=\"yoast-schema-graph\">{\"@context\":\"https:\/\/schema.org\",\"@graph\":[{\"@type\":\"Article\",\"@id\":\"https:\/\/sindicatodosbancarios.org.br\/site2022\/2020\/01\/16\/informe-bancario-10-2020-1000-foram-resgatados-de-situacao-analoga-a-trabalho-escravo-em-2019\/#article\",\"isPartOf\":{\"@id\":\"https:\/\/sindicatodosbancarios.org.br\/site2022\/2020\/01\/16\/informe-bancario-10-2020-1000-foram-resgatados-de-situacao-analoga-a-trabalho-escravo-em-2019\/\"},\"author\":{\"name\":\"Sindicato dos Banc\u00e1rios S\u00e3o Bento do Sul e Regi\u00e3o\",\"@id\":\"https:\/\/sindicatodosbancarios.org.br\/site2022\/#\/schema\/person\/a7d92da77d1084df4d28b57962f1e1bd\"},\"headline\":\"INFORME BANC\u00c1RIO &#8211; 10 \/ 2020 &#8211; 1000 FORAM RESGATADOS DE SITUA\u00c7\u00c3O AN\u00c1LOGA A TRABALHO ESCRAVO EM 2019\",\"datePublished\":\"2020-01-16T18:26:03+00:00\",\"dateModified\":\"2020-01-16T18:26:03+00:00\",\"mainEntityOfPage\":{\"@id\":\"https:\/\/sindicatodosbancarios.org.br\/site2022\/2020\/01\/16\/informe-bancario-10-2020-1000-foram-resgatados-de-situacao-analoga-a-trabalho-escravo-em-2019\/\"},\"wordCount\":701,\"commentCount\":0,\"publisher\":{\"@id\":\"https:\/\/sindicatodosbancarios.org.br\/site2022\/#organization\"},\"articleSection\":[\"Geral\"],\"inLanguage\":\"pt-BR\",\"potentialAction\":[{\"@type\":\"CommentAction\",\"name\":\"Comment\",\"target\":[\"https:\/\/sindicatodosbancarios.org.br\/site2022\/2020\/01\/16\/informe-bancario-10-2020-1000-foram-resgatados-de-situacao-analoga-a-trabalho-escravo-em-2019\/#respond\"]}]},{\"@type\":\"WebPage\",\"@id\":\"https:\/\/sindicatodosbancarios.org.br\/site2022\/2020\/01\/16\/informe-bancario-10-2020-1000-foram-resgatados-de-situacao-analoga-a-trabalho-escravo-em-2019\/\",\"url\":\"https:\/\/sindicatodosbancarios.org.br\/site2022\/2020\/01\/16\/informe-bancario-10-2020-1000-foram-resgatados-de-situacao-analoga-a-trabalho-escravo-em-2019\/\",\"name\":\"INFORME BANC\u00c1RIO - 10 \/ 2020 - 1000 FORAM RESGATADOS DE SITUA\u00c7\u00c3O AN\u00c1LOGA A TRABALHO ESCRAVO EM 2019 - Sindicato dos Banc\u00e1rios de S\u00e3o Bento do Sul e Regi\u00e3o\",\"isPartOf\":{\"@id\":\"https:\/\/sindicatodosbancarios.org.br\/site2022\/#website\"},\"datePublished\":\"2020-01-16T18:26:03+00:00\",\"dateModified\":\"2020-01-16T18:26:03+00:00\",\"breadcrumb\":{\"@id\":\"https:\/\/sindicatodosbancarios.org.br\/site2022\/2020\/01\/16\/informe-bancario-10-2020-1000-foram-resgatados-de-situacao-analoga-a-trabalho-escravo-em-2019\/#breadcrumb\"},\"inLanguage\":\"pt-BR\",\"potentialAction\":[{\"@type\":\"ReadAction\",\"target\":[\"https:\/\/sindicatodosbancarios.org.br\/site2022\/2020\/01\/16\/informe-bancario-10-2020-1000-foram-resgatados-de-situacao-analoga-a-trabalho-escravo-em-2019\/\"]}]},{\"@type\":\"BreadcrumbList\",\"@id\":\"https:\/\/sindicatodosbancarios.org.br\/site2022\/2020\/01\/16\/informe-bancario-10-2020-1000-foram-resgatados-de-situacao-analoga-a-trabalho-escravo-em-2019\/#breadcrumb\",\"itemListElement\":[{\"@type\":\"ListItem\",\"position\":1,\"name\":\"In\u00edcio\",\"item\":\"https:\/\/sindicatodosbancarios.org.br\/site2022\/\"},{\"@type\":\"ListItem\",\"position\":2,\"name\":\"INFORME BANC\u00c1RIO &#8211; 10 \/ 2020 &#8211; 1000 FORAM RESGATADOS DE SITUA\u00c7\u00c3O AN\u00c1LOGA A TRABALHO ESCRAVO EM 2019\"}]},{\"@type\":\"WebSite\",\"@id\":\"https:\/\/sindicatodosbancarios.org.br\/site2022\/#website\",\"url\":\"https:\/\/sindicatodosbancarios.org.br\/site2022\/\",\"name\":\"Sindicato dos Banc\u00e1rios de S\u00e3o Bento do Sul e Regi\u00e3o\",\"description\":\"Website institucional do Sindicato dos Banc\u00e1rios de S\u00e3o Bento do Sul e Regi\u00e3o\",\"publisher\":{\"@id\":\"https:\/\/sindicatodosbancarios.org.br\/site2022\/#organization\"},\"potentialAction\":[{\"@type\":\"SearchAction\",\"target\":{\"@type\":\"EntryPoint\",\"urlTemplate\":\"https:\/\/sindicatodosbancarios.org.br\/site2022\/?s={search_term_string}\"},\"query-input\":\"required name=search_term_string\"}],\"inLanguage\":\"pt-BR\"},{\"@type\":\"Organization\",\"@id\":\"https:\/\/sindicatodosbancarios.org.br\/site2022\/#organization\",\"name\":\"Sindicato dos Banc\u00e1rios de S\u00e3o Bento do Sul e Regi\u00e3o\",\"url\":\"https:\/\/sindicatodosbancarios.org.br\/site2022\/\",\"logo\":{\"@type\":\"ImageObject\",\"inLanguage\":\"pt-BR\",\"@id\":\"https:\/\/sindicatodosbancarios.org.br\/site2022\/#\/schema\/logo\/image\/\",\"url\":\"https:\/\/sindicatodosbancarios.org.br\/site2022\/wp-content\/uploads\/2017\/06\/cropped-logo-2.png\",\"contentUrl\":\"https:\/\/sindicatodosbancarios.org.br\/site2022\/wp-content\/uploads\/2017\/06\/cropped-logo-2.png\",\"width\":292,\"height\":292,\"caption\":\"Sindicato dos Banc\u00e1rios de S\u00e3o Bento do Sul e Regi\u00e3o\"},\"image\":{\"@id\":\"https:\/\/sindicatodosbancarios.org.br\/site2022\/#\/schema\/logo\/image\/\"}},{\"@type\":\"Person\",\"@id\":\"https:\/\/sindicatodosbancarios.org.br\/site2022\/#\/schema\/person\/a7d92da77d1084df4d28b57962f1e1bd\",\"name\":\"Sindicato dos Banc\u00e1rios S\u00e3o Bento do Sul e Regi\u00e3o\",\"image\":{\"@type\":\"ImageObject\",\"inLanguage\":\"pt-BR\",\"@id\":\"https:\/\/sindicatodosbancarios.org.br\/site2022\/#\/schema\/person\/image\/\",\"url\":\"https:\/\/secure.gravatar.com\/avatar\/f1d1a06f698f2345352e539387180d42?s=96&d=mm&r=g\",\"contentUrl\":\"https:\/\/secure.gravatar.com\/avatar\/f1d1a06f698f2345352e539387180d42?s=96&d=mm&r=g\",\"caption\":\"Sindicato dos Banc\u00e1rios S\u00e3o Bento do Sul e Regi\u00e3o\"},\"sameAs\":[\"http:\/\/sindicatodosbancarios.org.br\/site2022\/\",\"https:\/\/www.facebook.com\/seeb.sbs.9\"],\"url\":\"https:\/\/sindicatodosbancarios.org.br\/site2022\/author\/sindicatodosbancarios\/\"}]}<\/script>\n<!-- \/ Yoast SEO plugin. -->","yoast_head_json":{"title":"INFORME BANC\u00c1RIO - 10 \/ 2020 - 1000 FORAM RESGATADOS DE SITUA\u00c7\u00c3O AN\u00c1LOGA A TRABALHO ESCRAVO EM 2019 - Sindicato dos Banc\u00e1rios de S\u00e3o Bento do Sul e Regi\u00e3o","robots":{"index":"index","follow":"follow","max-snippet":"max-snippet:-1","max-image-preview":"max-image-preview:large","max-video-preview":"max-video-preview:-1"},"canonical":"https:\/\/sindicatodosbancarios.org.br\/site2022\/2020\/01\/16\/informe-bancario-10-2020-1000-foram-resgatados-de-situacao-analoga-a-trabalho-escravo-em-2019\/","og_locale":"pt_BR","og_type":"article","og_title":"INFORME BANC\u00c1RIO - 10 \/ 2020 - 1000 FORAM RESGATADOS DE SITUA\u00c7\u00c3O AN\u00c1LOGA A TRABALHO ESCRAVO EM 2019 - Sindicato dos Banc\u00e1rios de S\u00e3o Bento do Sul e Regi\u00e3o","og_description":"Criticado por minimizar a import\u00e2ncia do combate ao trabalho escravo no Pa\u00eds, o governo de Jair Bolsonaro encerrou [&hellip;]","og_url":"https:\/\/sindicatodosbancarios.org.br\/site2022\/2020\/01\/16\/informe-bancario-10-2020-1000-foram-resgatados-de-situacao-analoga-a-trabalho-escravo-em-2019\/","og_site_name":"Sindicato dos Banc\u00e1rios de S\u00e3o Bento do Sul e Regi\u00e3o","article_author":"https:\/\/www.facebook.com\/seeb.sbs.9","article_published_time":"2020-01-16T18:26:03+00:00","og_image":[{"width":900,"height":506,"url":"https:\/\/sindicatodosbancarios.org.br\/site2022\/wp-content\/uploads\/2020\/01\/imagem.jpg","type":"image\/jpeg"}],"author":"Sindicato dos Banc\u00e1rios S\u00e3o Bento do Sul e Regi\u00e3o","twitter_card":"summary_large_image","twitter_misc":{"Escrito por":"Sindicato dos Banc\u00e1rios S\u00e3o Bento do Sul e Regi\u00e3o","Est. tempo de leitura":"3 minutos"},"schema":{"@context":"https:\/\/schema.org","@graph":[{"@type":"Article","@id":"https:\/\/sindicatodosbancarios.org.br\/site2022\/2020\/01\/16\/informe-bancario-10-2020-1000-foram-resgatados-de-situacao-analoga-a-trabalho-escravo-em-2019\/#article","isPartOf":{"@id":"https:\/\/sindicatodosbancarios.org.br\/site2022\/2020\/01\/16\/informe-bancario-10-2020-1000-foram-resgatados-de-situacao-analoga-a-trabalho-escravo-em-2019\/"},"author":{"name":"Sindicato dos Banc\u00e1rios S\u00e3o Bento do Sul e Regi\u00e3o","@id":"https:\/\/sindicatodosbancarios.org.br\/site2022\/#\/schema\/person\/a7d92da77d1084df4d28b57962f1e1bd"},"headline":"INFORME BANC\u00c1RIO &#8211; 10 \/ 2020 &#8211; 1000 FORAM RESGATADOS DE SITUA\u00c7\u00c3O AN\u00c1LOGA A TRABALHO ESCRAVO EM 2019","datePublished":"2020-01-16T18:26:03+00:00","dateModified":"2020-01-16T18:26:03+00:00","mainEntityOfPage":{"@id":"https:\/\/sindicatodosbancarios.org.br\/site2022\/2020\/01\/16\/informe-bancario-10-2020-1000-foram-resgatados-de-situacao-analoga-a-trabalho-escravo-em-2019\/"},"wordCount":701,"commentCount":0,"publisher":{"@id":"https:\/\/sindicatodosbancarios.org.br\/site2022\/#organization"},"articleSection":["Geral"],"inLanguage":"pt-BR","potentialAction":[{"@type":"CommentAction","name":"Comment","target":["https:\/\/sindicatodosbancarios.org.br\/site2022\/2020\/01\/16\/informe-bancario-10-2020-1000-foram-resgatados-de-situacao-analoga-a-trabalho-escravo-em-2019\/#respond"]}]},{"@type":"WebPage","@id":"https:\/\/sindicatodosbancarios.org.br\/site2022\/2020\/01\/16\/informe-bancario-10-2020-1000-foram-resgatados-de-situacao-analoga-a-trabalho-escravo-em-2019\/","url":"https:\/\/sindicatodosbancarios.org.br\/site2022\/2020\/01\/16\/informe-bancario-10-2020-1000-foram-resgatados-de-situacao-analoga-a-trabalho-escravo-em-2019\/","name":"INFORME BANC\u00c1RIO - 10 \/ 2020 - 1000 FORAM RESGATADOS DE SITUA\u00c7\u00c3O AN\u00c1LOGA A TRABALHO ESCRAVO EM 2019 - Sindicato dos Banc\u00e1rios de S\u00e3o Bento do Sul e Regi\u00e3o","isPartOf":{"@id":"https:\/\/sindicatodosbancarios.org.br\/site2022\/#website"},"datePublished":"2020-01-16T18:26:03+00:00","dateModified":"2020-01-16T18:26:03+00:00","breadcrumb":{"@id":"https:\/\/sindicatodosbancarios.org.br\/site2022\/2020\/01\/16\/informe-bancario-10-2020-1000-foram-resgatados-de-situacao-analoga-a-trabalho-escravo-em-2019\/#breadcrumb"},"inLanguage":"pt-BR","potentialAction":[{"@type":"ReadAction","target":["https:\/\/sindicatodosbancarios.org.br\/site2022\/2020\/01\/16\/informe-bancario-10-2020-1000-foram-resgatados-de-situacao-analoga-a-trabalho-escravo-em-2019\/"]}]},{"@type":"BreadcrumbList","@id":"https:\/\/sindicatodosbancarios.org.br\/site2022\/2020\/01\/16\/informe-bancario-10-2020-1000-foram-resgatados-de-situacao-analoga-a-trabalho-escravo-em-2019\/#breadcrumb","itemListElement":[{"@type":"ListItem","position":1,"name":"In\u00edcio","item":"https:\/\/sindicatodosbancarios.org.br\/site2022\/"},{"@type":"ListItem","position":2,"name":"INFORME BANC\u00c1RIO &#8211; 10 \/ 2020 &#8211; 1000 FORAM RESGATADOS DE SITUA\u00c7\u00c3O AN\u00c1LOGA A TRABALHO ESCRAVO EM 2019"}]},{"@type":"WebSite","@id":"https:\/\/sindicatodosbancarios.org.br\/site2022\/#website","url":"https:\/\/sindicatodosbancarios.org.br\/site2022\/","name":"Sindicato dos Banc\u00e1rios de S\u00e3o Bento do Sul e Regi\u00e3o","description":"Website institucional do Sindicato dos Banc\u00e1rios de S\u00e3o Bento do Sul e Regi\u00e3o","publisher":{"@id":"https:\/\/sindicatodosbancarios.org.br\/site2022\/#organization"},"potentialAction":[{"@type":"SearchAction","target":{"@type":"EntryPoint","urlTemplate":"https:\/\/sindicatodosbancarios.org.br\/site2022\/?s={search_term_string}"},"query-input":"required name=search_term_string"}],"inLanguage":"pt-BR"},{"@type":"Organization","@id":"https:\/\/sindicatodosbancarios.org.br\/site2022\/#organization","name":"Sindicato dos Banc\u00e1rios de S\u00e3o Bento do Sul e Regi\u00e3o","url":"https:\/\/sindicatodosbancarios.org.br\/site2022\/","logo":{"@type":"ImageObject","inLanguage":"pt-BR","@id":"https:\/\/sindicatodosbancarios.org.br\/site2022\/#\/schema\/logo\/image\/","url":"https:\/\/sindicatodosbancarios.org.br\/site2022\/wp-content\/uploads\/2017\/06\/cropped-logo-2.png","contentUrl":"https:\/\/sindicatodosbancarios.org.br\/site2022\/wp-content\/uploads\/2017\/06\/cropped-logo-2.png","width":292,"height":292,"caption":"Sindicato dos Banc\u00e1rios de S\u00e3o Bento do Sul e Regi\u00e3o"},"image":{"@id":"https:\/\/sindicatodosbancarios.org.br\/site2022\/#\/schema\/logo\/image\/"}},{"@type":"Person","@id":"https:\/\/sindicatodosbancarios.org.br\/site2022\/#\/schema\/person\/a7d92da77d1084df4d28b57962f1e1bd","name":"Sindicato dos Banc\u00e1rios S\u00e3o Bento do Sul e Regi\u00e3o","image":{"@type":"ImageObject","inLanguage":"pt-BR","@id":"https:\/\/sindicatodosbancarios.org.br\/site2022\/#\/schema\/person\/image\/","url":"https:\/\/secure.gravatar.com\/avatar\/f1d1a06f698f2345352e539387180d42?s=96&d=mm&r=g","contentUrl":"https:\/\/secure.gravatar.com\/avatar\/f1d1a06f698f2345352e539387180d42?s=96&d=mm&r=g","caption":"Sindicato dos Banc\u00e1rios S\u00e3o Bento do Sul e Regi\u00e3o"},"sameAs":["http:\/\/sindicatodosbancarios.org.br\/site2022\/","https:\/\/www.facebook.com\/seeb.sbs.9"],"url":"https:\/\/sindicatodosbancarios.org.br\/site2022\/author\/sindicatodosbancarios\/"}]}},"jetpack_featured_media_url":"https:\/\/sindicatodosbancarios.org.br\/site2022\/wp-content\/uploads\/2020\/01\/imagem.jpg","jetpack_sharing_enabled":true,"jetpack_shortlink":"https:\/\/wp.me\/p8RSbI-Ra","jetpack-related-posts":[{"id":5849,"url":"https:\/\/sindicatodosbancarios.org.br\/site2022\/2021\/12\/29\/informe-bancario-257-2021-jair-bolsonaro-critica-combate-ao-trabalho-escravo\/","url_meta":{"origin":3296,"position":0},"title":"INFORME BANC\u00c1RIO \u2013 257\/2021 Jair Bolsonaro critica combate ao trabalho escravo","date":"29 de dezembro de 2021","format":false,"excerpt":"Em evento com empres\u00e1rios, Jair Bolsonaro atacou atua\u00e7\u00e3o do MPT; presidente tamb\u00e9m fez coment\u00e1rio homof\u00f3bico. Jair Bolsonaro\u00a0criticou nesta ter\u00e7a-feira (7\/12) o combate ao\u00a0trabalho escravo\u00a0pelo Minist\u00e9rio P\u00fablico do Trabalho (MPT). Bolsonaro afirmou que as normas que buscam evitar acidentes de trabalho atrapalham a vida do empresariado. \u201cOlha as normas regulamentadoras, como\u2026","rel":"","context":"Em &quot;Geral&quot;","img":{"alt_text":"","src":"https:\/\/i0.wp.com\/sindicatodosbancarios.org.br\/site2022\/wp-content\/uploads\/2021\/12\/190103_jair_bolsonaro_brazil_s.jpg?resize=350%2C200&ssl=1","width":350,"height":200},"classes":[]},{"id":5671,"url":"https:\/\/sindicatodosbancarios.org.br\/site2022\/2021\/09\/02\/informe-bancario-209-2021-reforma-trabalhista-rejeitada-veja-pontos-positivos-e-negativos\/","url_meta":{"origin":3296,"position":1},"title":"INFORME BANC\u00c1RIO \u2013 209\/2021 Reforma trabalhista rejeitada: veja pontos positivos e negativos","date":"2 de setembro de 2021","format":false,"excerpt":"O Senado rejeitou na noite desta quarta-feira (01), medida provis\u00f3ria que mudava uma s\u00e9rie de regras para os trabalhadores. A proposta havia sido aprovada pela C\u00e2mara dos Deputados, mas foi rejeitada pelo Senado, em uma derrota ao governo. Oposi\u00e7\u00e3o e sindicatos fizeram cr\u00edticas \u00e0s mudan\u00e7as que a MP trazia, dizendo\u2026","rel":"","context":"Em &quot;Geral&quot;","img":{"alt_text":"","src":"https:\/\/i0.wp.com\/sindicatodosbancarios.org.br\/site2022\/wp-content\/uploads\/2021\/09\/unnamed.jpg?resize=350%2C200&ssl=1","width":350,"height":200},"classes":[]},{"id":5303,"url":"https:\/\/sindicatodosbancarios.org.br\/site2022\/2021\/04\/13\/informe-bancarios-97-2021-desemprego-no-pais-e-de-142-e-atinge-143-milhoes-de-pessoas-diz-ibge\/","url_meta":{"origin":3296,"position":2},"title":"INFORME BANC\u00c1RIOS \u2013 97\/2021 Desemprego no pa\u00eds \u00e9 de 14,2% e atinge 14,3 milh\u00f5es de pessoas, diz IBGE","date":"13 de abril de 2021","format":false,"excerpt":"A taxa m\u00e9dia de desemprego no Brasil foi de 14,2% no trimestre de novembro a janeiro, a mais alta para um trimestre encerrado janeiro desde 2012, quando come\u00e7a a s\u00e9rie hist\u00f3rica. Isso significa que 14,3 milh\u00f5es de pessoas est\u00e3o na fila por um trabalho no pa\u00eds. O n\u00edvel de desemprego\u2026","rel":"","context":"Em &quot;Geral&quot;","img":{"alt_text":"","src":"https:\/\/i0.wp.com\/sindicatodosbancarios.org.br\/site2022\/wp-content\/uploads\/2020\/11\/clt-carteira-de-trabalho-coronavirus-emprego-1593194855519_v2_900x506.jpg?resize=350%2C200&ssl=1","width":350,"height":200},"classes":[]},{"id":5728,"url":"https:\/\/sindicatodosbancarios.org.br\/site2022\/2021\/10\/07\/informe-bancario-228-2021-4-anos-depois-reforma-trabalhista-nao-gerou-boom-de-empregos-prometido\/","url_meta":{"origin":3296,"position":3},"title":"INFORME BANC\u00c1RIO \u2013 228\/2021 4 anos depois, reforma trabalhista n\u00e3o gerou &#8216;boom&#8217; de empregos prometido","date":"7 de outubro de 2021","format":false,"excerpt":"Quase quatro anos \u2014e uma pandemia\u2014 depois de a reforma trabalhista do governo Michel Temer entrar em vigor, o \"boom\" de empregos prometido n\u00e3o se concretizou. Na \u00e9poca, o governo chegou a falar em dois milh\u00f5es de vagas em dois anos, e seis milh\u00f5es em dez anos. Dados do IBGE\u2026","rel":"","context":"Em &quot;Geral&quot;","img":{"alt_text":"","src":"https:\/\/i0.wp.com\/sindicatodosbancarios.org.br\/site2022\/wp-content\/uploads\/2021\/10\/reforma-e1543516064120.jpg?resize=350%2C200&ssl=1","width":350,"height":200},"classes":[]},{"id":4953,"url":"https:\/\/sindicatodosbancarios.org.br\/site2022\/2021\/01\/04\/informe-bancario-482-2020-desemprego-chega-a-143-e-atinge-141-milhoes-de-pessoas\/","url_meta":{"origin":3296,"position":4},"title":"INFORME BANC\u00c1RIO \u2013 04\/2021 Desemprego chega a 14,3% e atinge 14,1 milh\u00f5es de pessoas","date":"4 de janeiro de 2021","format":false,"excerpt":"A taxa de desemprego no Brasil foi de 14,3% no trimestre de agosto a outubro deste ano e atingiu 14,1 milh\u00f5es de pessoas. Os dados foram divulgados hoje e fazem parte da Pnad (Pesquisa Nacional por Amostra de Domic\u00edlios) Cont\u00ednua, do IBGE (Instituto Brasileiro de Geografia e Estat\u00edstica). Na compara\u00e7\u00e3o\u2026","rel":"","context":"Em &quot;Geral&quot;","img":{"alt_text":"","src":"https:\/\/i0.wp.com\/sindicatodosbancarios.org.br\/site2022\/wp-content\/uploads\/2020\/11\/clt-carteira-de-trabalho-coronavirus-emprego-1593194855519_v2_900x506.jpg?resize=350%2C200&ssl=1","width":350,"height":200},"classes":[]},{"id":6247,"url":"https:\/\/sindicatodosbancarios.org.br\/site2022\/2022\/04\/06\/informe-bancario-34-2022-comecam-a-valer-novas-regras-que-permitem-trabalho-hibrido-e-por-producao\/","url_meta":{"origin":3296,"position":5},"title":"INFORME BANC\u00c1RIO \u2013 34\/2022 Come\u00e7am a valer novas regras que permitem trabalho h\u00edbrido e por produ\u00e7\u00e3o","date":"6 de abril de 2022","format":false,"excerpt":"O governo publicou nesta segunda-feira (28) o texto da MP (Medida Provis\u00f3ria) que traz uma s\u00e9rie de mudan\u00e7as para os trabalhadores. Dentre elas, permiss\u00e3o para trabalho h\u00edbrido (presencial e remoto) e cria\u00e7\u00e3o do contrato de trabalho por produ\u00e7\u00e3o ou tarefa, sem controle da jornada de trabalho. H\u00e1 ainda a\u00e7\u00f5es que\u2026","rel":"","context":"Em &quot;Geral&quot;","img":{"alt_text":"","src":"https:\/\/i0.wp.com\/sindicatodosbancarios.org.br\/site2022\/wp-content\/uploads\/2022\/04\/shutterstock_2044486847-scaled.jpg?resize=350%2C200&ssl=1","width":350,"height":200},"classes":[]}],"_links":{"self":[{"href":"https:\/\/sindicatodosbancarios.org.br\/site2022\/wp-json\/wp\/v2\/posts\/3296"}],"collection":[{"href":"https:\/\/sindicatodosbancarios.org.br\/site2022\/wp-json\/wp\/v2\/posts"}],"about":[{"href":"https:\/\/sindicatodosbancarios.org.br\/site2022\/wp-json\/wp\/v2\/types\/post"}],"author":[{"embeddable":true,"href":"https:\/\/sindicatodosbancarios.org.br\/site2022\/wp-json\/wp\/v2\/users\/2"}],"replies":[{"embeddable":true,"href":"https:\/\/sindicatodosbancarios.org.br\/site2022\/wp-json\/wp\/v2\/comments?post=3296"}],"version-history":[{"count":1,"href":"https:\/\/sindicatodosbancarios.org.br\/site2022\/wp-json\/wp\/v2\/posts\/3296\/revisions"}],"predecessor-version":[{"id":3298,"href":"https:\/\/sindicatodosbancarios.org.br\/site2022\/wp-json\/wp\/v2\/posts\/3296\/revisions\/3298"}],"wp:featuredmedia":[{"embeddable":true,"href":"https:\/\/sindicatodosbancarios.org.br\/site2022\/wp-json\/wp\/v2\/media\/3297"}],"wp:attachment":[{"href":"https:\/\/sindicatodosbancarios.org.br\/site2022\/wp-json\/wp\/v2\/media?parent=3296"}],"wp:term":[{"taxonomy":"category","embeddable":true,"href":"https:\/\/sindicatodosbancarios.org.br\/site2022\/wp-json\/wp\/v2\/categories?post=3296"},{"taxonomy":"post_tag","embeddable":true,"href":"https:\/\/sindicatodosbancarios.org.br\/site2022\/wp-json\/wp\/v2\/tags?post=3296"}],"curies":[{"name":"wp","href":"https:\/\/api.w.org\/{rel}","templated":true}]}}