{"id":3301,"date":"2020-01-17T14:58:16","date_gmt":"2020-01-17T17:58:16","guid":{"rendered":"https:\/\/sindicatodosbancarios.org.br\/?p=3301"},"modified":"2020-01-17T14:58:16","modified_gmt":"2020-01-17T17:58:16","slug":"informe-bancario-12-2020-carteira-nao-podera-ter-registro-anterior-na-assinatura-do-contrato-verde-e-amarelo","status":"publish","type":"post","link":"https:\/\/sindicatodosbancarios.org.br\/site2022\/2020\/01\/17\/informe-bancario-12-2020-carteira-nao-podera-ter-registro-anterior-na-assinatura-do-contrato-verde-e-amarelo\/","title":{"rendered":"INFORME BANC\u00c1RIO &#8211; 12 \/ 2020 &#8211; CARTEIRA N\u00c3O PODER\u00c1 TER REGISTRO ANTERIOR NA ASSINATURA DO CONTRATO VERDE E AMARELO"},"content":{"rendered":"<p>A principal mudan\u00e7a introduzida \u00e9 a que estabelece que as condi\u00e7\u00f5es de elegibilidade do trabalhador devem ser observadas no momento da celebra\u00e7\u00e3o do contrato, levando em conta o limite de idade m\u00e1xima, que \u00e9 de 29 anos.<\/p>\n<p>Os postulantes \u00e0s vagas tamb\u00e9m dever\u00e3o comprovar que nunca trabalharam j\u00e1 nesta fase inicial.<\/p>\n<p>O candidato ter\u00e1 que\u00a0apresentar informa\u00e7\u00f5es da carteira de trabalho digital, comprovando a inexist\u00eancia de v\u00ednculos trabalhistas anteriores.<\/p>\n<p>Ser\u00e3o desconsiderados apenas pessoas que exerceram cargos como\u00a0menor aprendiz; que atuaram via contrato de experi\u00eancia;\u00a0em regime de intermit\u00eancia ou\u00a0trabalho avulso.<\/p>\n<div class=\"wysiwyg\">\n<p>Para\u00a0<strong>Ricardo Calcini<\/strong>, especialista em rela\u00e7\u00f5es trabalhistas e sindicais e professor de Direito do Trabalho da FMU, \u201ccomparada com a\u00a0<a href=\"http:\/\/www.planalto.gov.br\/ccivil_03\/_ato2019-2022\/2019\/Mpv\/mpv905.htm\" target=\"_blank\" rel=\"noopener\">Medida Provis\u00f3ria 905\/19<\/a>, a portaria trouxe algumas novidades ao regulamentar o novo Contrato Verde e Amarelo\u201d.<\/p>\n<p>Sobre o fato de que as condi\u00e7\u00f5es de elegibilidade devem ser\u00a0observadas j\u00e1 de in\u00edcio, ele afirma se tratar de uma a\u00e7\u00e3o \u201cnecess\u00e1ria, na medida em que o contrato \u00e9 direcionado aos jovens trabalhadores que est\u00e3o ingressando no mercado de trabalho&#8221;.<\/p>\n<p>Calcini tamb\u00e9m destaca o artigo que determina que o limite de 20% na contrata\u00e7\u00e3o de novos trabalhadores seja calculado levando em considera\u00e7\u00e3o todos os estabelecimentos da empresa, \u201co que naturalmente compreende n\u00e3o s\u00f3 a matriz, como tamb\u00e9m as filiais\u201d, explica.<\/p>\n<p>Outro ponto de interesse, ressalta, \u00e9 o que se refere ao pagamento da proporcionalidade de f\u00e9rias e da gratifica\u00e7\u00e3o natalina. De modo geral, para fazer jus a 1\/12 de tais verbas, o trabalhador necessita prestar servi\u00e7os no per\u00edodo m\u00ednimo de 15 dias ao m\u00eas.<\/p>\n<p>&#8220;J\u00e1 na modalidade Verde e Amarela, essas parcelas sempre ser\u00e3o devidas ao empregado, independentemente do n\u00famero de dias trabalhados no m\u00eas. Ali\u00e1s, a portaria deixou claro que o sistema de frui\u00e7\u00e3o de f\u00e9rias \u00e9 aquele j\u00e1 estabelecido na CLT, o que representa dizer, na pr\u00e1tica, que poder\u00e1 ocorrer a divis\u00e3o das f\u00e9rias em at\u00e9 tr\u00eas per\u00edodos, se assim concordar o empregado&#8221;, conclui.<\/p>\n<p><strong>FGTS<\/strong><br \/>\nNo caso do contrato Verde e Amarelo, a multa do FGTS \u00e9 de 20%, ante 40% para os outros contratos. A MP afirmava que o pagamento da indeniza\u00e7\u00e3o poderia ser acordado\u00a0com o funcion\u00e1rio.<\/p>\n<p>\u201cA portaria troca o verbo \u2018poder\u00e1\u2019 por \u2018dever\u00e1\u2019, dizendo que o valor ter\u00e1 que ser pago diretamente ao empregado se assim for acordado. Ent\u00e3o, n\u00e3o vai mais haver a necessidade do dep\u00f3sito em conta vinculada\u201d, afirma\u00a0<strong>Mariana Machado Pedroso<\/strong>, especialista em direito e processo do trabalho e s\u00f3cia do Chenut Oliveira Santiago Advogados<\/p>\n<p>Ela explica que, nesses casos, \u201ca indeniza\u00e7\u00e3o ser\u00e1 mensalmente antecipada, paga diretamente, e o valor dever\u00e1 estar, obrigatoriamente, discriminado na folha de pagamento\u201d.<\/p>\n<p><strong>Contrato Verde e Amarelo<\/strong><br \/>\nLan\u00e7ado em novembro de 2019 por meio da Medida Provis\u00f3ria 905\/19, o Contrato Verde e Amarelo pretende criar 4,5 milh\u00f5es de empregos ao longo de tr\u00eas anos.<\/p>\n<p>A proposta, que ter\u00e1 como fogo jovens entre 18 e 29 anos, consiste em uma tentativa de alavancar a gera\u00e7\u00e3o de empregos reduzindo o custo da m\u00e3o de obra entre 30% e 34%. Para isso, empresas contar\u00e3o com isen\u00e7\u00e3o na contribui\u00e7\u00e3o patronal do INSS (de 20 sobre o sal\u00e1rio), das al\u00edquotas do Sistema \u201cS\u201d e do sal\u00e1rio educa\u00e7\u00e3o.<\/p>\n<p>Al\u00e9m disso, a contribui\u00e7\u00e3o para o FGTS cair\u00e1 de 8% para 2%. O valor da multa poder\u00e1 ser reduzido de 40% para 20% do sal\u00e1rio benef\u00edcio.<\/p>\n<p>Um dos\u00a0<a href=\"https:\/\/www.conjur.com.br\/2019-nov-11\/programa-geracao-empregos-excluiu-velhos\" target=\"_blank\" rel=\"noopener\">pontos mais pol\u00eamicos<\/a>\u00a0da MP diz respeito a taxa\u00e7\u00e3o de 7,5% sobre o seguro-desemprego, tarifa que ir\u00e1 financiar todo o programa. Isso porque o governo pretende gerar com a cobran\u00e7a uma arrecada\u00e7\u00e3o de cerca de R$ 12 bilh\u00f5es em cinco anos. O valor, sozinho, \u00e9 superior ao custo do programa, estimado em R$ 10 bilh\u00f5es no mesmo per\u00edodo.<\/p>\n<p>Al\u00e9m disso, o contrato n\u00e3o ir\u00e1 incluir trabalhadores com mais de 55 anos, ao contr\u00e1rio do que dizia o governo antes de anunciar oficialmente o programa.<\/p>\n<\/div>\n<p><span style=\"font-size: 8pt;\">FONTE: ConJur, 14\/01\/2020.\u00a0<\/span><\/p>\n<p>&nbsp;<\/p>\n","protected":false},"excerpt":{"rendered":"<p>A principal mudan\u00e7a introduzida \u00e9 a que estabelece que as condi\u00e7\u00f5es de elegibilidade do trabalhador devem ser observadas [&hellip;]<\/p>\n","protected":false},"author":2,"featured_media":3194,"comment_status":"open","ping_status":"open","sticky":false,"template":"","format":"standard","meta":{"jetpack_post_was_ever_published":false,"jetpack_publicize_message":"","jetpack_is_tweetstorm":false,"jetpack_publicize_feature_enabled":true,"jetpack_social_post_already_shared":true,"jetpack_social_options":[]},"categories":[1],"tags":[],"jetpack_publicize_connections":[],"acf":[],"yoast_head":"<!-- This site is optimized with the Yoast SEO plugin v19.14 - https:\/\/yoast.com\/wordpress\/plugins\/seo\/ -->\n<title>INFORME BANC\u00c1RIO - 12 \/ 2020 - CARTEIRA N\u00c3O PODER\u00c1 TER REGISTRO ANTERIOR NA ASSINATURA DO CONTRATO VERDE E AMARELO - Sindicato dos Banc\u00e1rios de S\u00e3o Bento do Sul e Regi\u00e3o<\/title>\n<meta name=\"robots\" content=\"index, follow, max-snippet:-1, max-image-preview:large, max-video-preview:-1\" \/>\n<link rel=\"canonical\" href=\"https:\/\/sindicatodosbancarios.org.br\/site2022\/2020\/01\/17\/informe-bancario-12-2020-carteira-nao-podera-ter-registro-anterior-na-assinatura-do-contrato-verde-e-amarelo\/\" \/>\n<meta property=\"og:locale\" content=\"pt_BR\" \/>\n<meta property=\"og:type\" content=\"article\" \/>\n<meta property=\"og:title\" content=\"INFORME BANC\u00c1RIO - 12 \/ 2020 - CARTEIRA N\u00c3O PODER\u00c1 TER REGISTRO ANTERIOR NA ASSINATURA DO CONTRATO VERDE E AMARELO - Sindicato dos Banc\u00e1rios de S\u00e3o Bento do Sul e Regi\u00e3o\" \/>\n<meta property=\"og:description\" content=\"A principal mudan\u00e7a introduzida \u00e9 a que estabelece que as condi\u00e7\u00f5es de elegibilidade do trabalhador devem ser observadas [&hellip;]\" \/>\n<meta property=\"og:url\" content=\"https:\/\/sindicatodosbancarios.org.br\/site2022\/2020\/01\/17\/informe-bancario-12-2020-carteira-nao-podera-ter-registro-anterior-na-assinatura-do-contrato-verde-e-amarelo\/\" \/>\n<meta property=\"og:site_name\" content=\"Sindicato dos Banc\u00e1rios de S\u00e3o Bento do Sul e Regi\u00e3o\" \/>\n<meta property=\"article:author\" content=\"https:\/\/www.facebook.com\/seeb.sbs.9\" \/>\n<meta property=\"article:published_time\" content=\"2020-01-17T17:58:16+00:00\" \/>\n<meta property=\"og:image\" content=\"https:\/\/sindicatodosbancarios.org.br\/site2022\/wp-content\/uploads\/2019\/11\/seguro-desemprego-imagem.jpg\" \/>\n\t<meta property=\"og:image:width\" content=\"814\" \/>\n\t<meta property=\"og:image:height\" content=\"377\" \/>\n\t<meta property=\"og:image:type\" content=\"image\/jpeg\" \/>\n<meta name=\"author\" content=\"Sindicato dos Banc\u00e1rios S\u00e3o Bento do Sul e Regi\u00e3o\" \/>\n<meta name=\"twitter:card\" content=\"summary_large_image\" \/>\n<meta name=\"twitter:label1\" content=\"Escrito por\" \/>\n\t<meta name=\"twitter:data1\" content=\"Sindicato dos Banc\u00e1rios S\u00e3o Bento do Sul e Regi\u00e3o\" \/>\n\t<meta name=\"twitter:label2\" content=\"Est. tempo de leitura\" \/>\n\t<meta name=\"twitter:data2\" content=\"3 minutos\" \/>\n<script type=\"application\/ld+json\" class=\"yoast-schema-graph\">{\"@context\":\"https:\/\/schema.org\",\"@graph\":[{\"@type\":\"Article\",\"@id\":\"https:\/\/sindicatodosbancarios.org.br\/site2022\/2020\/01\/17\/informe-bancario-12-2020-carteira-nao-podera-ter-registro-anterior-na-assinatura-do-contrato-verde-e-amarelo\/#article\",\"isPartOf\":{\"@id\":\"https:\/\/sindicatodosbancarios.org.br\/site2022\/2020\/01\/17\/informe-bancario-12-2020-carteira-nao-podera-ter-registro-anterior-na-assinatura-do-contrato-verde-e-amarelo\/\"},\"author\":{\"name\":\"Sindicato dos Banc\u00e1rios S\u00e3o Bento do Sul e Regi\u00e3o\",\"@id\":\"https:\/\/sindicatodosbancarios.org.br\/site2022\/#\/schema\/person\/a7d92da77d1084df4d28b57962f1e1bd\"},\"headline\":\"INFORME BANC\u00c1RIO &#8211; 12 \/ 2020 &#8211; CARTEIRA N\u00c3O PODER\u00c1 TER REGISTRO ANTERIOR NA ASSINATURA DO CONTRATO VERDE E AMARELO\",\"datePublished\":\"2020-01-17T17:58:16+00:00\",\"dateModified\":\"2020-01-17T17:58:16+00:00\",\"mainEntityOfPage\":{\"@id\":\"https:\/\/sindicatodosbancarios.org.br\/site2022\/2020\/01\/17\/informe-bancario-12-2020-carteira-nao-podera-ter-registro-anterior-na-assinatura-do-contrato-verde-e-amarelo\/\"},\"wordCount\":694,\"commentCount\":0,\"publisher\":{\"@id\":\"https:\/\/sindicatodosbancarios.org.br\/site2022\/#organization\"},\"articleSection\":[\"Geral\"],\"inLanguage\":\"pt-BR\",\"potentialAction\":[{\"@type\":\"CommentAction\",\"name\":\"Comment\",\"target\":[\"https:\/\/sindicatodosbancarios.org.br\/site2022\/2020\/01\/17\/informe-bancario-12-2020-carteira-nao-podera-ter-registro-anterior-na-assinatura-do-contrato-verde-e-amarelo\/#respond\"]}]},{\"@type\":\"WebPage\",\"@id\":\"https:\/\/sindicatodosbancarios.org.br\/site2022\/2020\/01\/17\/informe-bancario-12-2020-carteira-nao-podera-ter-registro-anterior-na-assinatura-do-contrato-verde-e-amarelo\/\",\"url\":\"https:\/\/sindicatodosbancarios.org.br\/site2022\/2020\/01\/17\/informe-bancario-12-2020-carteira-nao-podera-ter-registro-anterior-na-assinatura-do-contrato-verde-e-amarelo\/\",\"name\":\"INFORME BANC\u00c1RIO - 12 \/ 2020 - CARTEIRA N\u00c3O PODER\u00c1 TER REGISTRO ANTERIOR NA ASSINATURA DO CONTRATO VERDE E AMARELO - Sindicato dos Banc\u00e1rios de S\u00e3o Bento do Sul e Regi\u00e3o\",\"isPartOf\":{\"@id\":\"https:\/\/sindicatodosbancarios.org.br\/site2022\/#website\"},\"datePublished\":\"2020-01-17T17:58:16+00:00\",\"dateModified\":\"2020-01-17T17:58:16+00:00\",\"breadcrumb\":{\"@id\":\"https:\/\/sindicatodosbancarios.org.br\/site2022\/2020\/01\/17\/informe-bancario-12-2020-carteira-nao-podera-ter-registro-anterior-na-assinatura-do-contrato-verde-e-amarelo\/#breadcrumb\"},\"inLanguage\":\"pt-BR\",\"potentialAction\":[{\"@type\":\"ReadAction\",\"target\":[\"https:\/\/sindicatodosbancarios.org.br\/site2022\/2020\/01\/17\/informe-bancario-12-2020-carteira-nao-podera-ter-registro-anterior-na-assinatura-do-contrato-verde-e-amarelo\/\"]}]},{\"@type\":\"BreadcrumbList\",\"@id\":\"https:\/\/sindicatodosbancarios.org.br\/site2022\/2020\/01\/17\/informe-bancario-12-2020-carteira-nao-podera-ter-registro-anterior-na-assinatura-do-contrato-verde-e-amarelo\/#breadcrumb\",\"itemListElement\":[{\"@type\":\"ListItem\",\"position\":1,\"name\":\"In\u00edcio\",\"item\":\"https:\/\/sindicatodosbancarios.org.br\/site2022\/\"},{\"@type\":\"ListItem\",\"position\":2,\"name\":\"INFORME BANC\u00c1RIO &#8211; 12 \/ 2020 &#8211; CARTEIRA N\u00c3O PODER\u00c1 TER REGISTRO ANTERIOR NA ASSINATURA DO CONTRATO VERDE E AMARELO\"}]},{\"@type\":\"WebSite\",\"@id\":\"https:\/\/sindicatodosbancarios.org.br\/site2022\/#website\",\"url\":\"https:\/\/sindicatodosbancarios.org.br\/site2022\/\",\"name\":\"Sindicato dos Banc\u00e1rios de S\u00e3o Bento do Sul e Regi\u00e3o\",\"description\":\"Website institucional do Sindicato dos Banc\u00e1rios de S\u00e3o Bento do Sul e Regi\u00e3o\",\"publisher\":{\"@id\":\"https:\/\/sindicatodosbancarios.org.br\/site2022\/#organization\"},\"potentialAction\":[{\"@type\":\"SearchAction\",\"target\":{\"@type\":\"EntryPoint\",\"urlTemplate\":\"https:\/\/sindicatodosbancarios.org.br\/site2022\/?s={search_term_string}\"},\"query-input\":\"required name=search_term_string\"}],\"inLanguage\":\"pt-BR\"},{\"@type\":\"Organization\",\"@id\":\"https:\/\/sindicatodosbancarios.org.br\/site2022\/#organization\",\"name\":\"Sindicato dos Banc\u00e1rios de S\u00e3o Bento do Sul e Regi\u00e3o\",\"url\":\"https:\/\/sindicatodosbancarios.org.br\/site2022\/\",\"logo\":{\"@type\":\"ImageObject\",\"inLanguage\":\"pt-BR\",\"@id\":\"https:\/\/sindicatodosbancarios.org.br\/site2022\/#\/schema\/logo\/image\/\",\"url\":\"https:\/\/sindicatodosbancarios.org.br\/site2022\/wp-content\/uploads\/2017\/06\/cropped-logo-2.png\",\"contentUrl\":\"https:\/\/sindicatodosbancarios.org.br\/site2022\/wp-content\/uploads\/2017\/06\/cropped-logo-2.png\",\"width\":292,\"height\":292,\"caption\":\"Sindicato dos Banc\u00e1rios de S\u00e3o Bento do Sul e Regi\u00e3o\"},\"image\":{\"@id\":\"https:\/\/sindicatodosbancarios.org.br\/site2022\/#\/schema\/logo\/image\/\"}},{\"@type\":\"Person\",\"@id\":\"https:\/\/sindicatodosbancarios.org.br\/site2022\/#\/schema\/person\/a7d92da77d1084df4d28b57962f1e1bd\",\"name\":\"Sindicato dos Banc\u00e1rios S\u00e3o Bento do Sul e Regi\u00e3o\",\"image\":{\"@type\":\"ImageObject\",\"inLanguage\":\"pt-BR\",\"@id\":\"https:\/\/sindicatodosbancarios.org.br\/site2022\/#\/schema\/person\/image\/\",\"url\":\"https:\/\/secure.gravatar.com\/avatar\/f1d1a06f698f2345352e539387180d42?s=96&d=mm&r=g\",\"contentUrl\":\"https:\/\/secure.gravatar.com\/avatar\/f1d1a06f698f2345352e539387180d42?s=96&d=mm&r=g\",\"caption\":\"Sindicato dos Banc\u00e1rios S\u00e3o Bento do Sul e Regi\u00e3o\"},\"sameAs\":[\"http:\/\/sindicatodosbancarios.org.br\/site2022\/\",\"https:\/\/www.facebook.com\/seeb.sbs.9\"],\"url\":\"https:\/\/sindicatodosbancarios.org.br\/site2022\/author\/sindicatodosbancarios\/\"}]}<\/script>\n<!-- \/ Yoast SEO plugin. -->","yoast_head_json":{"title":"INFORME BANC\u00c1RIO - 12 \/ 2020 - CARTEIRA N\u00c3O PODER\u00c1 TER REGISTRO ANTERIOR NA ASSINATURA DO CONTRATO VERDE E AMARELO - Sindicato dos Banc\u00e1rios de S\u00e3o Bento do Sul e Regi\u00e3o","robots":{"index":"index","follow":"follow","max-snippet":"max-snippet:-1","max-image-preview":"max-image-preview:large","max-video-preview":"max-video-preview:-1"},"canonical":"https:\/\/sindicatodosbancarios.org.br\/site2022\/2020\/01\/17\/informe-bancario-12-2020-carteira-nao-podera-ter-registro-anterior-na-assinatura-do-contrato-verde-e-amarelo\/","og_locale":"pt_BR","og_type":"article","og_title":"INFORME BANC\u00c1RIO - 12 \/ 2020 - CARTEIRA N\u00c3O PODER\u00c1 TER REGISTRO ANTERIOR NA ASSINATURA DO CONTRATO VERDE E AMARELO - Sindicato dos Banc\u00e1rios de S\u00e3o Bento do Sul e Regi\u00e3o","og_description":"A principal mudan\u00e7a introduzida \u00e9 a que estabelece que as condi\u00e7\u00f5es de elegibilidade do trabalhador devem ser observadas [&hellip;]","og_url":"https:\/\/sindicatodosbancarios.org.br\/site2022\/2020\/01\/17\/informe-bancario-12-2020-carteira-nao-podera-ter-registro-anterior-na-assinatura-do-contrato-verde-e-amarelo\/","og_site_name":"Sindicato dos Banc\u00e1rios de S\u00e3o Bento do Sul e Regi\u00e3o","article_author":"https:\/\/www.facebook.com\/seeb.sbs.9","article_published_time":"2020-01-17T17:58:16+00:00","og_image":[{"width":814,"height":377,"url":"https:\/\/sindicatodosbancarios.org.br\/site2022\/wp-content\/uploads\/2019\/11\/seguro-desemprego-imagem.jpg","type":"image\/jpeg"}],"author":"Sindicato dos Banc\u00e1rios S\u00e3o Bento do Sul e Regi\u00e3o","twitter_card":"summary_large_image","twitter_misc":{"Escrito por":"Sindicato dos Banc\u00e1rios S\u00e3o Bento do Sul e Regi\u00e3o","Est. tempo de leitura":"3 minutos"},"schema":{"@context":"https:\/\/schema.org","@graph":[{"@type":"Article","@id":"https:\/\/sindicatodosbancarios.org.br\/site2022\/2020\/01\/17\/informe-bancario-12-2020-carteira-nao-podera-ter-registro-anterior-na-assinatura-do-contrato-verde-e-amarelo\/#article","isPartOf":{"@id":"https:\/\/sindicatodosbancarios.org.br\/site2022\/2020\/01\/17\/informe-bancario-12-2020-carteira-nao-podera-ter-registro-anterior-na-assinatura-do-contrato-verde-e-amarelo\/"},"author":{"name":"Sindicato dos Banc\u00e1rios S\u00e3o Bento do Sul e Regi\u00e3o","@id":"https:\/\/sindicatodosbancarios.org.br\/site2022\/#\/schema\/person\/a7d92da77d1084df4d28b57962f1e1bd"},"headline":"INFORME BANC\u00c1RIO &#8211; 12 \/ 2020 &#8211; CARTEIRA N\u00c3O PODER\u00c1 TER REGISTRO ANTERIOR NA ASSINATURA DO CONTRATO VERDE E AMARELO","datePublished":"2020-01-17T17:58:16+00:00","dateModified":"2020-01-17T17:58:16+00:00","mainEntityOfPage":{"@id":"https:\/\/sindicatodosbancarios.org.br\/site2022\/2020\/01\/17\/informe-bancario-12-2020-carteira-nao-podera-ter-registro-anterior-na-assinatura-do-contrato-verde-e-amarelo\/"},"wordCount":694,"commentCount":0,"publisher":{"@id":"https:\/\/sindicatodosbancarios.org.br\/site2022\/#organization"},"articleSection":["Geral"],"inLanguage":"pt-BR","potentialAction":[{"@type":"CommentAction","name":"Comment","target":["https:\/\/sindicatodosbancarios.org.br\/site2022\/2020\/01\/17\/informe-bancario-12-2020-carteira-nao-podera-ter-registro-anterior-na-assinatura-do-contrato-verde-e-amarelo\/#respond"]}]},{"@type":"WebPage","@id":"https:\/\/sindicatodosbancarios.org.br\/site2022\/2020\/01\/17\/informe-bancario-12-2020-carteira-nao-podera-ter-registro-anterior-na-assinatura-do-contrato-verde-e-amarelo\/","url":"https:\/\/sindicatodosbancarios.org.br\/site2022\/2020\/01\/17\/informe-bancario-12-2020-carteira-nao-podera-ter-registro-anterior-na-assinatura-do-contrato-verde-e-amarelo\/","name":"INFORME BANC\u00c1RIO - 12 \/ 2020 - CARTEIRA N\u00c3O PODER\u00c1 TER REGISTRO ANTERIOR NA ASSINATURA DO CONTRATO VERDE E AMARELO - Sindicato dos Banc\u00e1rios de S\u00e3o Bento do Sul e Regi\u00e3o","isPartOf":{"@id":"https:\/\/sindicatodosbancarios.org.br\/site2022\/#website"},"datePublished":"2020-01-17T17:58:16+00:00","dateModified":"2020-01-17T17:58:16+00:00","breadcrumb":{"@id":"https:\/\/sindicatodosbancarios.org.br\/site2022\/2020\/01\/17\/informe-bancario-12-2020-carteira-nao-podera-ter-registro-anterior-na-assinatura-do-contrato-verde-e-amarelo\/#breadcrumb"},"inLanguage":"pt-BR","potentialAction":[{"@type":"ReadAction","target":["https:\/\/sindicatodosbancarios.org.br\/site2022\/2020\/01\/17\/informe-bancario-12-2020-carteira-nao-podera-ter-registro-anterior-na-assinatura-do-contrato-verde-e-amarelo\/"]}]},{"@type":"BreadcrumbList","@id":"https:\/\/sindicatodosbancarios.org.br\/site2022\/2020\/01\/17\/informe-bancario-12-2020-carteira-nao-podera-ter-registro-anterior-na-assinatura-do-contrato-verde-e-amarelo\/#breadcrumb","itemListElement":[{"@type":"ListItem","position":1,"name":"In\u00edcio","item":"https:\/\/sindicatodosbancarios.org.br\/site2022\/"},{"@type":"ListItem","position":2,"name":"INFORME BANC\u00c1RIO &#8211; 12 \/ 2020 &#8211; CARTEIRA N\u00c3O PODER\u00c1 TER REGISTRO ANTERIOR NA ASSINATURA DO CONTRATO VERDE E AMARELO"}]},{"@type":"WebSite","@id":"https:\/\/sindicatodosbancarios.org.br\/site2022\/#website","url":"https:\/\/sindicatodosbancarios.org.br\/site2022\/","name":"Sindicato dos Banc\u00e1rios de S\u00e3o Bento do Sul e Regi\u00e3o","description":"Website institucional do Sindicato dos Banc\u00e1rios de S\u00e3o Bento do Sul e Regi\u00e3o","publisher":{"@id":"https:\/\/sindicatodosbancarios.org.br\/site2022\/#organization"},"potentialAction":[{"@type":"SearchAction","target":{"@type":"EntryPoint","urlTemplate":"https:\/\/sindicatodosbancarios.org.br\/site2022\/?s={search_term_string}"},"query-input":"required name=search_term_string"}],"inLanguage":"pt-BR"},{"@type":"Organization","@id":"https:\/\/sindicatodosbancarios.org.br\/site2022\/#organization","name":"Sindicato dos Banc\u00e1rios de S\u00e3o Bento do Sul e Regi\u00e3o","url":"https:\/\/sindicatodosbancarios.org.br\/site2022\/","logo":{"@type":"ImageObject","inLanguage":"pt-BR","@id":"https:\/\/sindicatodosbancarios.org.br\/site2022\/#\/schema\/logo\/image\/","url":"https:\/\/sindicatodosbancarios.org.br\/site2022\/wp-content\/uploads\/2017\/06\/cropped-logo-2.png","contentUrl":"https:\/\/sindicatodosbancarios.org.br\/site2022\/wp-content\/uploads\/2017\/06\/cropped-logo-2.png","width":292,"height":292,"caption":"Sindicato dos Banc\u00e1rios de S\u00e3o Bento do Sul e Regi\u00e3o"},"image":{"@id":"https:\/\/sindicatodosbancarios.org.br\/site2022\/#\/schema\/logo\/image\/"}},{"@type":"Person","@id":"https:\/\/sindicatodosbancarios.org.br\/site2022\/#\/schema\/person\/a7d92da77d1084df4d28b57962f1e1bd","name":"Sindicato dos Banc\u00e1rios S\u00e3o Bento do Sul e Regi\u00e3o","image":{"@type":"ImageObject","inLanguage":"pt-BR","@id":"https:\/\/sindicatodosbancarios.org.br\/site2022\/#\/schema\/person\/image\/","url":"https:\/\/secure.gravatar.com\/avatar\/f1d1a06f698f2345352e539387180d42?s=96&d=mm&r=g","contentUrl":"https:\/\/secure.gravatar.com\/avatar\/f1d1a06f698f2345352e539387180d42?s=96&d=mm&r=g","caption":"Sindicato dos Banc\u00e1rios S\u00e3o Bento do Sul e Regi\u00e3o"},"sameAs":["http:\/\/sindicatodosbancarios.org.br\/site2022\/","https:\/\/www.facebook.com\/seeb.sbs.9"],"url":"https:\/\/sindicatodosbancarios.org.br\/site2022\/author\/sindicatodosbancarios\/"}]}},"jetpack_featured_media_url":"https:\/\/sindicatodosbancarios.org.br\/site2022\/wp-content\/uploads\/2019\/11\/seguro-desemprego-imagem.jpg","jetpack_sharing_enabled":true,"jetpack_shortlink":"https:\/\/wp.me\/p8RSbI-Rf","jetpack-related-posts":[{"id":5568,"url":"https:\/\/sindicatodosbancarios.org.br\/site2022\/2021\/07\/29\/informe-bancario-178-2021-o-que-aconteceu-ao-trabalhador-em-25-anos-sem-o-ministerio-do-trabalho\/","url_meta":{"origin":3301,"position":0},"title":"INFORME BANC\u00c1RIO \u2013 178\/2021 O que aconteceu ao trabalhador em 2,5 anos sem o Minist\u00e9rio do Trabalho?","date":"29 de julho de 2021","format":false,"excerpt":"Quando assumiu a Presid\u00eancia do Brasil, em 2019, Jair Bolsonaro (sem partido) reduziu o n\u00famero de minist\u00e9rios, extinguindo, por exemplo, o do Trabalho, criado por Get\u00falio Vargas em 1930. Nestes dois anos e meio com a pasta integrada ao superminist\u00e9rio da Economia, o governo realizou a reforma da Previd\u00eancia, o\u2026","rel":"","context":"Em &quot;Geral&quot;","img":{"alt_text":"","src":"https:\/\/i0.wp.com\/sindicatodosbancarios.org.br\/site2022\/wp-content\/uploads\/2021\/07\/tttttttt.jpg?resize=350%2C200&ssl=1","width":350,"height":200},"classes":[]},{"id":5728,"url":"https:\/\/sindicatodosbancarios.org.br\/site2022\/2021\/10\/07\/informe-bancario-228-2021-4-anos-depois-reforma-trabalhista-nao-gerou-boom-de-empregos-prometido\/","url_meta":{"origin":3301,"position":1},"title":"INFORME BANC\u00c1RIO \u2013 228\/2021 4 anos depois, reforma trabalhista n\u00e3o gerou &#8216;boom&#8217; de empregos prometido","date":"7 de outubro de 2021","format":false,"excerpt":"Quase quatro anos \u2014e uma pandemia\u2014 depois de a reforma trabalhista do governo Michel Temer entrar em vigor, o \"boom\" de empregos prometido n\u00e3o se concretizou. Na \u00e9poca, o governo chegou a falar em dois milh\u00f5es de vagas em dois anos, e seis milh\u00f5es em dez anos. Dados do IBGE\u2026","rel":"","context":"Em &quot;Geral&quot;","img":{"alt_text":"","src":"https:\/\/i0.wp.com\/sindicatodosbancarios.org.br\/site2022\/wp-content\/uploads\/2021\/10\/reforma-e1543516064120.jpg?resize=350%2C200&ssl=1","width":350,"height":200},"classes":[]},{"id":5807,"url":"https:\/\/sindicatodosbancarios.org.br\/site2022\/2021\/11\/12\/informe-bancario-244-2021-governo-revisa-e-consolida-portarias-instrucoes-normativas-e-decretos-com-regras-trabalhistas\/","url_meta":{"origin":3301,"position":2},"title":"INFORME BANC\u00c1RIO \u2013 244\/2021 Governo revisa e consolida portarias, instru\u00e7\u00f5es normativas e decretos com regras trabalhistas","date":"12 de novembro de 2021","format":false,"excerpt":"Segundo balan\u00e7o divulgado nesta quarta, mais de mil textos infralegais foram analisados e reunidos em 15 normas. Parte dos textos j\u00e1 estava obsoleta, afirma Minist\u00e9rio do Trabalho. O governo federal anunciou nesta quarta-feira (10) que\u00a0consolidou, em 15 normas, o conte\u00fado ainda v\u00e1lido de mais de mil decretos, portarias e instru\u00e7\u00f5es\u2026","rel":"","context":"Em &quot;Geral&quot;","img":{"alt_text":"","src":"https:\/\/i0.wp.com\/sindicatodosbancarios.org.br\/site2022\/wp-content\/uploads\/2021\/01\/49782687922_8d1aaf7e1a_k-1.jpg?resize=350%2C200&ssl=1","width":350,"height":200},"classes":[]},{"id":5824,"url":"https:\/\/sindicatodosbancarios.org.br\/site2022\/2021\/11\/18\/informe-bancario-250-2021-reforma-trabalhista-completa-4-anos-sem-conseguir-estimular-a-criacao-de-empregos\/","url_meta":{"origin":3301,"position":3},"title":"INFORME BANC\u00c1RIO \u2013 250\/2021 Reforma trabalhista completa 4 anos sem conseguir estimular a cria\u00e7\u00e3o de empregos","date":"18 de novembro de 2021","format":false,"excerpt":"A\u00a0reforma trabalhista, que completou seu quarto ano no \u00faltimo dia 11 de novembro, trouxe modifica\u00e7\u00f5es nas rela\u00e7\u00f5es de trabalho, mas n\u00e3o confirmou o prop\u00f3sito de gera\u00e7\u00e3o de\u00a0empregos\u00a0e, na vis\u00e3o de especialistas, potencializou a informalidade e a precariza\u00e7\u00e3o dos direitos trabalhistas. Para a advogada especialista em Direito do Trabalho e s\u00f3cia\u2026","rel":"","context":"Em &quot;Geral&quot;","img":{"alt_text":"","src":"https:\/\/i0.wp.com\/sindicatodosbancarios.org.br\/site2022\/wp-content\/uploads\/2021\/11\/reforma-e1543516064120.jpg?resize=350%2C200&ssl=1","width":350,"height":200},"classes":[]},{"id":5671,"url":"https:\/\/sindicatodosbancarios.org.br\/site2022\/2021\/09\/02\/informe-bancario-209-2021-reforma-trabalhista-rejeitada-veja-pontos-positivos-e-negativos\/","url_meta":{"origin":3301,"position":4},"title":"INFORME BANC\u00c1RIO \u2013 209\/2021 Reforma trabalhista rejeitada: veja pontos positivos e negativos","date":"2 de setembro de 2021","format":false,"excerpt":"O Senado rejeitou na noite desta quarta-feira (01), medida provis\u00f3ria que mudava uma s\u00e9rie de regras para os trabalhadores. A proposta havia sido aprovada pela C\u00e2mara dos Deputados, mas foi rejeitada pelo Senado, em uma derrota ao governo. Oposi\u00e7\u00e3o e sindicatos fizeram cr\u00edticas \u00e0s mudan\u00e7as que a MP trazia, dizendo\u2026","rel":"","context":"Em &quot;Geral&quot;","img":{"alt_text":"","src":"https:\/\/i0.wp.com\/sindicatodosbancarios.org.br\/site2022\/wp-content\/uploads\/2021\/09\/unnamed.jpg?resize=350%2C200&ssl=1","width":350,"height":200},"classes":[]},{"id":5623,"url":"https:\/\/sindicatodosbancarios.org.br\/site2022\/2021\/08\/19\/informe-bancario-195-2021-camara-conclui-aprovacao-de-nova-reforma-trabalhista-texto-vai-ao-senado\/","url_meta":{"origin":3301,"position":5},"title":"INFORME BANC\u00c1RIO \u2013 195\/2021 C\u00e2mara conclui aprova\u00e7\u00e3o de nova reforma trabalhista; texto vai ao Senado","date":"19 de agosto de 2021","format":false,"excerpt":"A C\u00e2mara dos Deputados concluiu nesta quinta-feira (12) a vota\u00e7\u00e3o de uma nova reforma trabalhista, mudando uma s\u00e9rie de regras para os trabalhadores. O texto-base da proposta j\u00e1 havia sido aprovado na ter\u00e7a, e agora os deputados conclu\u00edram a vota\u00e7\u00e3o de destaques, que s\u00e3o mudan\u00e7as no texto. Todos eles foram\u2026","rel":"","context":"Em &quot;Geral&quot;","img":{"alt_text":"","src":"https:\/\/i0.wp.com\/sindicatodosbancarios.org.br\/site2022\/wp-content\/uploads\/2021\/08\/Nova-reforma-trabalhista-com-reducao-de-salarios-750x450.jpeg?resize=350%2C200&ssl=1","width":350,"height":200},"classes":[]}],"_links":{"self":[{"href":"https:\/\/sindicatodosbancarios.org.br\/site2022\/wp-json\/wp\/v2\/posts\/3301"}],"collection":[{"href":"https:\/\/sindicatodosbancarios.org.br\/site2022\/wp-json\/wp\/v2\/posts"}],"about":[{"href":"https:\/\/sindicatodosbancarios.org.br\/site2022\/wp-json\/wp\/v2\/types\/post"}],"author":[{"embeddable":true,"href":"https:\/\/sindicatodosbancarios.org.br\/site2022\/wp-json\/wp\/v2\/users\/2"}],"replies":[{"embeddable":true,"href":"https:\/\/sindicatodosbancarios.org.br\/site2022\/wp-json\/wp\/v2\/comments?post=3301"}],"version-history":[{"count":1,"href":"https:\/\/sindicatodosbancarios.org.br\/site2022\/wp-json\/wp\/v2\/posts\/3301\/revisions"}],"predecessor-version":[{"id":3302,"href":"https:\/\/sindicatodosbancarios.org.br\/site2022\/wp-json\/wp\/v2\/posts\/3301\/revisions\/3302"}],"wp:featuredmedia":[{"embeddable":true,"href":"https:\/\/sindicatodosbancarios.org.br\/site2022\/wp-json\/wp\/v2\/media\/3194"}],"wp:attachment":[{"href":"https:\/\/sindicatodosbancarios.org.br\/site2022\/wp-json\/wp\/v2\/media?parent=3301"}],"wp:term":[{"taxonomy":"category","embeddable":true,"href":"https:\/\/sindicatodosbancarios.org.br\/site2022\/wp-json\/wp\/v2\/categories?post=3301"},{"taxonomy":"post_tag","embeddable":true,"href":"https:\/\/sindicatodosbancarios.org.br\/site2022\/wp-json\/wp\/v2\/tags?post=3301"}],"curies":[{"name":"wp","href":"https:\/\/api.w.org\/{rel}","templated":true}]}}