{"id":3309,"date":"2020-01-21T16:49:47","date_gmt":"2020-01-21T19:49:47","guid":{"rendered":"https:\/\/sindicatodosbancarios.org.br\/?p=3309"},"modified":"2020-01-21T16:49:47","modified_gmt":"2020-01-21T19:49:47","slug":"informe-bancario-15-2020-seguro-desemprego-e-corrigido-parcelas-vao-ate-r18-mil","status":"publish","type":"post","link":"https:\/\/sindicatodosbancarios.org.br\/site2022\/2020\/01\/21\/informe-bancario-15-2020-seguro-desemprego-e-corrigido-parcelas-vao-ate-r18-mil\/","title":{"rendered":"INFORME BANC\u00c1RIO &#8211; 15 \/ 2020 &#8211; SEGURO-DESEMPREGO \u00c9 CORRIGIDO; PARCELAS V\u00c3O AT\u00c9 R$1,8 MIL"},"content":{"rendered":"<p>O valor m\u00e1ximo das parcelas do seguro-desemprego passou a ser de R$ 1.813,03 desde o \u00faltimo dia 11. O benef\u00edcio m\u00e1ximo aumentou em R$ 77,74 em rela\u00e7\u00e3o ao valor antigo (R$ 1.735,29) e ser\u00e1 pago aos trabalhadores com sal\u00e1rio m\u00e9dio acima de R$ 2.666,29.<\/p>\n<p>Os novos valores do seguro-desemprego est\u00e3o valendo desde a divulga\u00e7\u00e3o do<a href=\"https:\/\/g1.globo.com\/economia\/noticia\/2020\/01\/10\/inflacao-oficial-fecha-2019-em-431percent.ghtml\">\u00a0\u00cdndice Nacional de Pre\u00e7os ao Consumidor (INPC) de 2019\u00a0<\/a>na semana passada, que ficou em 4,48%.<\/p>\n<p>Os valores valem para os benef\u00edcios que ainda ser\u00e3o requeridos e tamb\u00e9m para os que j\u00e1 foram liberados \u2013 nesse caso, ser\u00e3o corrigidas as parcelas que faltam e que forem emitidas a partir da entrada em vigor do reajuste.<\/p>\n<p>O valor recebido pelo trabalhador demitido depende da m\u00e9dia salarial dos \u00faltimos tr\u00eas meses anteriores \u00e0 demiss\u00e3o. No entanto, o valor da parcela n\u00e3o pode ser inferior ao sal\u00e1rio m\u00ednimo vigente (R$ 1.039). Veja abaixo:<\/p>\n<div class=\"mc-column content-text active-extra-styles\" data-block-type=\"raw\" data-block-weight=\"3\" data-block-id=\"6\">\n<div class=\"content-intertitle\">\n<h2>Quem tem direito<\/h2>\n<\/div>\n<\/div>\n<div class=\"mc-column content-text active-extra-styles \" data-block-type=\"unstyled\" data-block-weight=\"42\" data-block-id=\"7\">\n<p class=\"content-text__container \" data-track-category=\"Link no Texto\" data-track-links=\"\">Tem direito ao seguro-desemprego o trabalhador que atuou em regime CLT e foi dispensado sem justa causa, inclusive em dispensa indireta &#8211; quando h\u00e1 falta grave do empregador sobre o empregado, configurando motivo para o rompimento do v\u00ednculo por parte do trabalhador.<\/p>\n<\/div>\n<div class=\"mc-column content-text active-extra-styles \" data-block-type=\"unstyled\" data-block-weight=\"39\" data-block-id=\"8\">\n<p class=\"content-text__container \" data-track-category=\"Link no Texto\" data-track-links=\"\">Tamb\u00e9m pode requerer o benef\u00edcio quem teve o contrato suspenso em virtude de participa\u00e7\u00e3o em programa de qualifica\u00e7\u00e3o profissional oferecido pelo empregador, o pescador profissional durante o per\u00edodo defeso e o trabalhador resgatado da condi\u00e7\u00e3o semelhante \u00e0 de escravo.<\/p>\n<\/div>\n<div class=\"content-ads content-ads--reveal\" data-block-type=\"ads\" data-block-id=\"9\">N\u00e3o \u00e9 permitido receber qualquer outro benef\u00edcio trabalhista em paralelo ao seguro nem possuir participa\u00e7\u00e3o societ\u00e1ria em empresas.<\/div>\n<div data-block-type=\"ads\" data-block-id=\"9\">\n<div class=\"mc-column content-text active-extra-styles\" data-block-type=\"raw\" data-block-weight=\"2\" data-block-id=\"12\">\n<div class=\"content-intertitle\">\n<h2>Como funciona<\/h2>\n<\/div>\n<\/div>\n<div class=\"mc-column content-text active-extra-styles \" data-block-type=\"unstyled\" data-block-weight=\"44\" data-block-id=\"13\">\n<p class=\"content-text__container \" data-track-category=\"Link no Texto\" data-track-links=\"\">O trabalhador recebe entre 3 a 5 parcelas, dependendo do tempo trabalhado. O trabalhador recebe 3 parcelas do seguro desemprego se comprovar no m\u00ednimo 6 meses trabalhado; 4 parcelas se comprovar no m\u00ednimo 12 meses; e 5 parcelas a partir de 24 meses trabalhado.<\/p>\n<\/div>\n<div class=\"mc-column content-text active-extra-styles \" data-block-type=\"unstyled\" data-block-weight=\"59\" data-block-id=\"14\">\n<p class=\"content-text__container \" data-track-category=\"Link no Texto\" data-track-links=\"\">Para solicitar o seguro-desemprego pela 1\u00aa vez, o profissional precisa ter atuado por pelo menos 12 meses com carteira assinada em regime CLT. Para solicitar pela 2\u00aa vez, precisa ter trabalhado por 9 meses. J\u00e1 na 3\u00aa e demais, no m\u00ednimo 6 meses de trabalho. O prazo entre um pedido e outro deve ser de, pelo menos, 16 meses.<\/p>\n<\/div>\n<div class=\"mc-column content-text active-extra-styles\" data-block-type=\"raw\" data-block-weight=\"4\" data-block-id=\"15\">\n<div class=\"content-intertitle\">\n<h2>Desconto para o INSS<\/h2>\n<\/div>\n<\/div>\n<div class=\"mc-column content-text active-extra-styles \" data-block-type=\"unstyled\" data-block-weight=\"65\" data-block-id=\"16\">\n<p class=\"content-text__container \" data-track-category=\"Link no Texto\" data-track-links=\"\">O governo anunciou em novembro do ano passado que o seguro-desemprego passar\u00e1 a ter desconto m\u00ednimo de 7,5% para o INSS, e o per\u00edodo de recebimento do benef\u00edcio passar\u00e1 a contar como tempo de contribui\u00e7\u00e3o para a aposentadoria. A medida faz parte do\u00a0<a href=\"https:\/\/g1.globo.com\/economia\/noticia\/2019\/11\/11\/governo-apresenta-programa-de-estimulo-ao-emprego-veja-ponto-a-ponto.ghtml\">programa lan\u00e7ado para estimular a cria\u00e7\u00e3o de empregos para jovens por meio de desonera\u00e7\u00e3o de empresas e flexibiliza\u00e7\u00e3o de regras da CLT<\/a>.<\/p>\n<\/div>\n<div class=\"mc-column content-text active-extra-styles \" data-block-type=\"unstyled\" data-block-weight=\"58\" data-block-id=\"17\">\n<p class=\"content-text__container \" data-track-category=\"Link no Texto\" data-track-links=\"\">A expectativa do governo \u00e9 que essa contribui\u00e7\u00e3o comece a partir de 1\u00ba de mar\u00e7o, conforme determina a Medida Provis\u00f3ria (MP) que trata do assunto. Mas a MP precisa ser aprovada pelo Congresso at\u00e9 10 de mar\u00e7o, ou perder\u00e1 a validade. Sem essa aprova\u00e7\u00e3o, o desconto da contribui\u00e7\u00e3o previdenci\u00e1ria sobre o seguro-desemprego nem chegar\u00e1 a entrar em vigor.<\/p>\n<\/div>\n<div class=\"mc-column content-text active-extra-styles \" data-block-type=\"unstyled\" data-block-weight=\"46\" data-block-id=\"18\">\n<p class=\"content-text__container \" data-track-category=\"Link no Texto\" data-track-links=\"\">Em caso de o desconto no benef\u00edcio entrar em vigor, as al\u00edquotas v\u00e3o variar entre 7,5% e 9% &#8211; a Secretaria Especial de Trabalho explica que, no caso do valor m\u00e1ximo do benef\u00edcio, o segurado recolhe 7,5% sobre o sal\u00e1rio m\u00ednimo e 9% sobre o excedente.<\/p>\n<div class=\"mc-column content-text active-extra-styles \" data-block-type=\"unstyled\" data-block-weight=\"26\" data-block-id=\"20\">\n<p class=\"content-text__container \" data-track-category=\"Link no Texto\" data-track-links=\"\">Com o valor m\u00ednimo de R$ 1.039 e o m\u00e1ximo de R$ 1.813,03 do seguro-desemprego neste ano, as contribui\u00e7\u00f5es seriam entre R$ 77,90 e R$ 147,60.<\/p>\n<\/div>\n<div class=\"mc-column content-text active-extra-styles \" data-block-type=\"unstyled\" data-block-weight=\"46\" data-block-id=\"21\">\n<p class=\"content-text__container \" data-track-category=\"Link no Texto\" data-track-links=\"\">Com a taxa\u00e7\u00e3o sobre o benef\u00edcio, a estimativa de arrecada\u00e7\u00e3o do governo \u00e9 de R$ 12 bilh\u00f5es em cinco anos, o que cobriria os custos gerados pela desonera\u00e7\u00e3o dos empregadores que aderirem ao contrato verde amarelo (cria\u00e7\u00e3o de empregos para jovens), estimados em R$ 10 bilh\u00f5es.<\/p>\n<p data-track-category=\"Link no Texto\" data-track-links=\"\"><span style=\"font-size: 8pt;\">Fonte: G1.globo.com 16\/01\/2020.<\/span><\/p>\n<\/div>\n<\/div>\n<\/div>\n","protected":false},"excerpt":{"rendered":"<p>O valor m\u00e1ximo das parcelas do seguro-desemprego passou a ser de R$ 1.813,03 desde o \u00faltimo dia 11. [&hellip;]<\/p>\n","protected":false},"author":2,"featured_media":3310,"comment_status":"open","ping_status":"open","sticky":false,"template":"","format":"standard","meta":{"jetpack_post_was_ever_published":false,"jetpack_publicize_message":"","jetpack_is_tweetstorm":false,"jetpack_publicize_feature_enabled":true,"jetpack_social_post_already_shared":true,"jetpack_social_options":[]},"categories":[1],"tags":[],"jetpack_publicize_connections":[],"acf":[],"yoast_head":"<!-- This site is optimized with the Yoast SEO plugin v19.14 - https:\/\/yoast.com\/wordpress\/plugins\/seo\/ -->\n<title>INFORME BANC\u00c1RIO - 15 \/ 2020 - SEGURO-DESEMPREGO \u00c9 CORRIGIDO; PARCELAS V\u00c3O AT\u00c9 R$1,8 MIL - Sindicato dos Banc\u00e1rios de S\u00e3o Bento do Sul e Regi\u00e3o<\/title>\n<meta name=\"robots\" content=\"index, follow, max-snippet:-1, max-image-preview:large, max-video-preview:-1\" \/>\n<link rel=\"canonical\" href=\"https:\/\/sindicatodosbancarios.org.br\/site2022\/2020\/01\/21\/informe-bancario-15-2020-seguro-desemprego-e-corrigido-parcelas-vao-ate-r18-mil\/\" \/>\n<meta property=\"og:locale\" content=\"pt_BR\" \/>\n<meta property=\"og:type\" content=\"article\" \/>\n<meta property=\"og:title\" content=\"INFORME BANC\u00c1RIO - 15 \/ 2020 - SEGURO-DESEMPREGO \u00c9 CORRIGIDO; PARCELAS V\u00c3O AT\u00c9 R$1,8 MIL - Sindicato dos Banc\u00e1rios de S\u00e3o Bento do Sul e Regi\u00e3o\" \/>\n<meta property=\"og:description\" content=\"O valor m\u00e1ximo das parcelas do seguro-desemprego passou a ser de R$ 1.813,03 desde o \u00faltimo dia 11. [&hellip;]\" \/>\n<meta property=\"og:url\" content=\"https:\/\/sindicatodosbancarios.org.br\/site2022\/2020\/01\/21\/informe-bancario-15-2020-seguro-desemprego-e-corrigido-parcelas-vao-ate-r18-mil\/\" \/>\n<meta property=\"og:site_name\" content=\"Sindicato dos Banc\u00e1rios de S\u00e3o Bento do Sul e Regi\u00e3o\" \/>\n<meta property=\"article:author\" content=\"https:\/\/www.facebook.com\/seeb.sbs.9\" \/>\n<meta property=\"article:published_time\" content=\"2020-01-21T19:49:47+00:00\" \/>\n<meta property=\"og:image\" content=\"https:\/\/sindicatodosbancarios.org.br\/site2022\/wp-content\/uploads\/2020\/01\/seguro-desemprego.jpg\" \/>\n\t<meta property=\"og:image:width\" content=\"276\" \/>\n\t<meta property=\"og:image:height\" content=\"183\" \/>\n\t<meta property=\"og:image:type\" content=\"image\/jpeg\" \/>\n<meta name=\"author\" content=\"Sindicato dos Banc\u00e1rios S\u00e3o Bento do Sul e Regi\u00e3o\" \/>\n<meta name=\"twitter:card\" content=\"summary_large_image\" \/>\n<meta name=\"twitter:label1\" content=\"Escrito por\" \/>\n\t<meta name=\"twitter:data1\" content=\"Sindicato dos Banc\u00e1rios S\u00e3o Bento do Sul e Regi\u00e3o\" \/>\n\t<meta name=\"twitter:label2\" content=\"Est. tempo de leitura\" \/>\n\t<meta name=\"twitter:data2\" content=\"3 minutos\" \/>\n<script type=\"application\/ld+json\" class=\"yoast-schema-graph\">{\"@context\":\"https:\/\/schema.org\",\"@graph\":[{\"@type\":\"Article\",\"@id\":\"https:\/\/sindicatodosbancarios.org.br\/site2022\/2020\/01\/21\/informe-bancario-15-2020-seguro-desemprego-e-corrigido-parcelas-vao-ate-r18-mil\/#article\",\"isPartOf\":{\"@id\":\"https:\/\/sindicatodosbancarios.org.br\/site2022\/2020\/01\/21\/informe-bancario-15-2020-seguro-desemprego-e-corrigido-parcelas-vao-ate-r18-mil\/\"},\"author\":{\"name\":\"Sindicato dos Banc\u00e1rios S\u00e3o Bento do Sul e Regi\u00e3o\",\"@id\":\"https:\/\/sindicatodosbancarios.org.br\/site2022\/#\/schema\/person\/a7d92da77d1084df4d28b57962f1e1bd\"},\"headline\":\"INFORME BANC\u00c1RIO &#8211; 15 \/ 2020 &#8211; SEGURO-DESEMPREGO \u00c9 CORRIGIDO; PARCELAS V\u00c3O AT\u00c9 R$1,8 MIL\",\"datePublished\":\"2020-01-21T19:49:47+00:00\",\"dateModified\":\"2020-01-21T19:49:47+00:00\",\"mainEntityOfPage\":{\"@id\":\"https:\/\/sindicatodosbancarios.org.br\/site2022\/2020\/01\/21\/informe-bancario-15-2020-seguro-desemprego-e-corrigido-parcelas-vao-ate-r18-mil\/\"},\"wordCount\":637,\"commentCount\":0,\"publisher\":{\"@id\":\"https:\/\/sindicatodosbancarios.org.br\/site2022\/#organization\"},\"articleSection\":[\"Geral\"],\"inLanguage\":\"pt-BR\",\"potentialAction\":[{\"@type\":\"CommentAction\",\"name\":\"Comment\",\"target\":[\"https:\/\/sindicatodosbancarios.org.br\/site2022\/2020\/01\/21\/informe-bancario-15-2020-seguro-desemprego-e-corrigido-parcelas-vao-ate-r18-mil\/#respond\"]}]},{\"@type\":\"WebPage\",\"@id\":\"https:\/\/sindicatodosbancarios.org.br\/site2022\/2020\/01\/21\/informe-bancario-15-2020-seguro-desemprego-e-corrigido-parcelas-vao-ate-r18-mil\/\",\"url\":\"https:\/\/sindicatodosbancarios.org.br\/site2022\/2020\/01\/21\/informe-bancario-15-2020-seguro-desemprego-e-corrigido-parcelas-vao-ate-r18-mil\/\",\"name\":\"INFORME BANC\u00c1RIO - 15 \/ 2020 - SEGURO-DESEMPREGO \u00c9 CORRIGIDO; PARCELAS V\u00c3O AT\u00c9 R$1,8 MIL - Sindicato dos Banc\u00e1rios de S\u00e3o Bento do Sul e Regi\u00e3o\",\"isPartOf\":{\"@id\":\"https:\/\/sindicatodosbancarios.org.br\/site2022\/#website\"},\"datePublished\":\"2020-01-21T19:49:47+00:00\",\"dateModified\":\"2020-01-21T19:49:47+00:00\",\"breadcrumb\":{\"@id\":\"https:\/\/sindicatodosbancarios.org.br\/site2022\/2020\/01\/21\/informe-bancario-15-2020-seguro-desemprego-e-corrigido-parcelas-vao-ate-r18-mil\/#breadcrumb\"},\"inLanguage\":\"pt-BR\",\"potentialAction\":[{\"@type\":\"ReadAction\",\"target\":[\"https:\/\/sindicatodosbancarios.org.br\/site2022\/2020\/01\/21\/informe-bancario-15-2020-seguro-desemprego-e-corrigido-parcelas-vao-ate-r18-mil\/\"]}]},{\"@type\":\"BreadcrumbList\",\"@id\":\"https:\/\/sindicatodosbancarios.org.br\/site2022\/2020\/01\/21\/informe-bancario-15-2020-seguro-desemprego-e-corrigido-parcelas-vao-ate-r18-mil\/#breadcrumb\",\"itemListElement\":[{\"@type\":\"ListItem\",\"position\":1,\"name\":\"In\u00edcio\",\"item\":\"https:\/\/sindicatodosbancarios.org.br\/site2022\/\"},{\"@type\":\"ListItem\",\"position\":2,\"name\":\"INFORME BANC\u00c1RIO &#8211; 15 \/ 2020 &#8211; SEGURO-DESEMPREGO \u00c9 CORRIGIDO; PARCELAS V\u00c3O AT\u00c9 R$1,8 MIL\"}]},{\"@type\":\"WebSite\",\"@id\":\"https:\/\/sindicatodosbancarios.org.br\/site2022\/#website\",\"url\":\"https:\/\/sindicatodosbancarios.org.br\/site2022\/\",\"name\":\"Sindicato dos Banc\u00e1rios de S\u00e3o Bento do Sul e Regi\u00e3o\",\"description\":\"Website institucional do Sindicato dos Banc\u00e1rios de S\u00e3o Bento do Sul e Regi\u00e3o\",\"publisher\":{\"@id\":\"https:\/\/sindicatodosbancarios.org.br\/site2022\/#organization\"},\"potentialAction\":[{\"@type\":\"SearchAction\",\"target\":{\"@type\":\"EntryPoint\",\"urlTemplate\":\"https:\/\/sindicatodosbancarios.org.br\/site2022\/?s={search_term_string}\"},\"query-input\":\"required name=search_term_string\"}],\"inLanguage\":\"pt-BR\"},{\"@type\":\"Organization\",\"@id\":\"https:\/\/sindicatodosbancarios.org.br\/site2022\/#organization\",\"name\":\"Sindicato dos Banc\u00e1rios de S\u00e3o Bento do Sul e Regi\u00e3o\",\"url\":\"https:\/\/sindicatodosbancarios.org.br\/site2022\/\",\"logo\":{\"@type\":\"ImageObject\",\"inLanguage\":\"pt-BR\",\"@id\":\"https:\/\/sindicatodosbancarios.org.br\/site2022\/#\/schema\/logo\/image\/\",\"url\":\"https:\/\/sindicatodosbancarios.org.br\/site2022\/wp-content\/uploads\/2017\/06\/cropped-logo-2.png\",\"contentUrl\":\"https:\/\/sindicatodosbancarios.org.br\/site2022\/wp-content\/uploads\/2017\/06\/cropped-logo-2.png\",\"width\":292,\"height\":292,\"caption\":\"Sindicato dos Banc\u00e1rios de S\u00e3o Bento do Sul e Regi\u00e3o\"},\"image\":{\"@id\":\"https:\/\/sindicatodosbancarios.org.br\/site2022\/#\/schema\/logo\/image\/\"}},{\"@type\":\"Person\",\"@id\":\"https:\/\/sindicatodosbancarios.org.br\/site2022\/#\/schema\/person\/a7d92da77d1084df4d28b57962f1e1bd\",\"name\":\"Sindicato dos Banc\u00e1rios S\u00e3o Bento do Sul e Regi\u00e3o\",\"image\":{\"@type\":\"ImageObject\",\"inLanguage\":\"pt-BR\",\"@id\":\"https:\/\/sindicatodosbancarios.org.br\/site2022\/#\/schema\/person\/image\/\",\"url\":\"https:\/\/secure.gravatar.com\/avatar\/f1d1a06f698f2345352e539387180d42?s=96&d=mm&r=g\",\"contentUrl\":\"https:\/\/secure.gravatar.com\/avatar\/f1d1a06f698f2345352e539387180d42?s=96&d=mm&r=g\",\"caption\":\"Sindicato dos Banc\u00e1rios S\u00e3o Bento do Sul e Regi\u00e3o\"},\"sameAs\":[\"http:\/\/sindicatodosbancarios.org.br\/site2022\/\",\"https:\/\/www.facebook.com\/seeb.sbs.9\"],\"url\":\"https:\/\/sindicatodosbancarios.org.br\/site2022\/author\/sindicatodosbancarios\/\"}]}<\/script>\n<!-- \/ Yoast SEO plugin. -->","yoast_head_json":{"title":"INFORME BANC\u00c1RIO - 15 \/ 2020 - SEGURO-DESEMPREGO \u00c9 CORRIGIDO; PARCELAS V\u00c3O AT\u00c9 R$1,8 MIL - Sindicato dos Banc\u00e1rios de S\u00e3o Bento do Sul e Regi\u00e3o","robots":{"index":"index","follow":"follow","max-snippet":"max-snippet:-1","max-image-preview":"max-image-preview:large","max-video-preview":"max-video-preview:-1"},"canonical":"https:\/\/sindicatodosbancarios.org.br\/site2022\/2020\/01\/21\/informe-bancario-15-2020-seguro-desemprego-e-corrigido-parcelas-vao-ate-r18-mil\/","og_locale":"pt_BR","og_type":"article","og_title":"INFORME BANC\u00c1RIO - 15 \/ 2020 - SEGURO-DESEMPREGO \u00c9 CORRIGIDO; PARCELAS V\u00c3O AT\u00c9 R$1,8 MIL - Sindicato dos Banc\u00e1rios de S\u00e3o Bento do Sul e Regi\u00e3o","og_description":"O valor m\u00e1ximo das parcelas do seguro-desemprego passou a ser de R$ 1.813,03 desde o \u00faltimo dia 11. [&hellip;]","og_url":"https:\/\/sindicatodosbancarios.org.br\/site2022\/2020\/01\/21\/informe-bancario-15-2020-seguro-desemprego-e-corrigido-parcelas-vao-ate-r18-mil\/","og_site_name":"Sindicato dos Banc\u00e1rios de S\u00e3o Bento do Sul e Regi\u00e3o","article_author":"https:\/\/www.facebook.com\/seeb.sbs.9","article_published_time":"2020-01-21T19:49:47+00:00","og_image":[{"width":276,"height":183,"url":"https:\/\/sindicatodosbancarios.org.br\/site2022\/wp-content\/uploads\/2020\/01\/seguro-desemprego.jpg","type":"image\/jpeg"}],"author":"Sindicato dos Banc\u00e1rios S\u00e3o Bento do Sul e Regi\u00e3o","twitter_card":"summary_large_image","twitter_misc":{"Escrito por":"Sindicato dos Banc\u00e1rios S\u00e3o Bento do Sul e Regi\u00e3o","Est. tempo de leitura":"3 minutos"},"schema":{"@context":"https:\/\/schema.org","@graph":[{"@type":"Article","@id":"https:\/\/sindicatodosbancarios.org.br\/site2022\/2020\/01\/21\/informe-bancario-15-2020-seguro-desemprego-e-corrigido-parcelas-vao-ate-r18-mil\/#article","isPartOf":{"@id":"https:\/\/sindicatodosbancarios.org.br\/site2022\/2020\/01\/21\/informe-bancario-15-2020-seguro-desemprego-e-corrigido-parcelas-vao-ate-r18-mil\/"},"author":{"name":"Sindicato dos Banc\u00e1rios S\u00e3o Bento do Sul e Regi\u00e3o","@id":"https:\/\/sindicatodosbancarios.org.br\/site2022\/#\/schema\/person\/a7d92da77d1084df4d28b57962f1e1bd"},"headline":"INFORME BANC\u00c1RIO &#8211; 15 \/ 2020 &#8211; SEGURO-DESEMPREGO \u00c9 CORRIGIDO; PARCELAS V\u00c3O AT\u00c9 R$1,8 MIL","datePublished":"2020-01-21T19:49:47+00:00","dateModified":"2020-01-21T19:49:47+00:00","mainEntityOfPage":{"@id":"https:\/\/sindicatodosbancarios.org.br\/site2022\/2020\/01\/21\/informe-bancario-15-2020-seguro-desemprego-e-corrigido-parcelas-vao-ate-r18-mil\/"},"wordCount":637,"commentCount":0,"publisher":{"@id":"https:\/\/sindicatodosbancarios.org.br\/site2022\/#organization"},"articleSection":["Geral"],"inLanguage":"pt-BR","potentialAction":[{"@type":"CommentAction","name":"Comment","target":["https:\/\/sindicatodosbancarios.org.br\/site2022\/2020\/01\/21\/informe-bancario-15-2020-seguro-desemprego-e-corrigido-parcelas-vao-ate-r18-mil\/#respond"]}]},{"@type":"WebPage","@id":"https:\/\/sindicatodosbancarios.org.br\/site2022\/2020\/01\/21\/informe-bancario-15-2020-seguro-desemprego-e-corrigido-parcelas-vao-ate-r18-mil\/","url":"https:\/\/sindicatodosbancarios.org.br\/site2022\/2020\/01\/21\/informe-bancario-15-2020-seguro-desemprego-e-corrigido-parcelas-vao-ate-r18-mil\/","name":"INFORME BANC\u00c1RIO - 15 \/ 2020 - SEGURO-DESEMPREGO \u00c9 CORRIGIDO; PARCELAS V\u00c3O AT\u00c9 R$1,8 MIL - Sindicato dos Banc\u00e1rios de S\u00e3o Bento do Sul e Regi\u00e3o","isPartOf":{"@id":"https:\/\/sindicatodosbancarios.org.br\/site2022\/#website"},"datePublished":"2020-01-21T19:49:47+00:00","dateModified":"2020-01-21T19:49:47+00:00","breadcrumb":{"@id":"https:\/\/sindicatodosbancarios.org.br\/site2022\/2020\/01\/21\/informe-bancario-15-2020-seguro-desemprego-e-corrigido-parcelas-vao-ate-r18-mil\/#breadcrumb"},"inLanguage":"pt-BR","potentialAction":[{"@type":"ReadAction","target":["https:\/\/sindicatodosbancarios.org.br\/site2022\/2020\/01\/21\/informe-bancario-15-2020-seguro-desemprego-e-corrigido-parcelas-vao-ate-r18-mil\/"]}]},{"@type":"BreadcrumbList","@id":"https:\/\/sindicatodosbancarios.org.br\/site2022\/2020\/01\/21\/informe-bancario-15-2020-seguro-desemprego-e-corrigido-parcelas-vao-ate-r18-mil\/#breadcrumb","itemListElement":[{"@type":"ListItem","position":1,"name":"In\u00edcio","item":"https:\/\/sindicatodosbancarios.org.br\/site2022\/"},{"@type":"ListItem","position":2,"name":"INFORME BANC\u00c1RIO &#8211; 15 \/ 2020 &#8211; SEGURO-DESEMPREGO \u00c9 CORRIGIDO; PARCELAS V\u00c3O AT\u00c9 R$1,8 MIL"}]},{"@type":"WebSite","@id":"https:\/\/sindicatodosbancarios.org.br\/site2022\/#website","url":"https:\/\/sindicatodosbancarios.org.br\/site2022\/","name":"Sindicato dos Banc\u00e1rios de S\u00e3o Bento do Sul e Regi\u00e3o","description":"Website institucional do Sindicato dos Banc\u00e1rios de S\u00e3o Bento do Sul e Regi\u00e3o","publisher":{"@id":"https:\/\/sindicatodosbancarios.org.br\/site2022\/#organization"},"potentialAction":[{"@type":"SearchAction","target":{"@type":"EntryPoint","urlTemplate":"https:\/\/sindicatodosbancarios.org.br\/site2022\/?s={search_term_string}"},"query-input":"required name=search_term_string"}],"inLanguage":"pt-BR"},{"@type":"Organization","@id":"https:\/\/sindicatodosbancarios.org.br\/site2022\/#organization","name":"Sindicato dos Banc\u00e1rios de S\u00e3o Bento do Sul e Regi\u00e3o","url":"https:\/\/sindicatodosbancarios.org.br\/site2022\/","logo":{"@type":"ImageObject","inLanguage":"pt-BR","@id":"https:\/\/sindicatodosbancarios.org.br\/site2022\/#\/schema\/logo\/image\/","url":"https:\/\/sindicatodosbancarios.org.br\/site2022\/wp-content\/uploads\/2017\/06\/cropped-logo-2.png","contentUrl":"https:\/\/sindicatodosbancarios.org.br\/site2022\/wp-content\/uploads\/2017\/06\/cropped-logo-2.png","width":292,"height":292,"caption":"Sindicato dos Banc\u00e1rios de S\u00e3o Bento do Sul e Regi\u00e3o"},"image":{"@id":"https:\/\/sindicatodosbancarios.org.br\/site2022\/#\/schema\/logo\/image\/"}},{"@type":"Person","@id":"https:\/\/sindicatodosbancarios.org.br\/site2022\/#\/schema\/person\/a7d92da77d1084df4d28b57962f1e1bd","name":"Sindicato dos Banc\u00e1rios S\u00e3o Bento do Sul e Regi\u00e3o","image":{"@type":"ImageObject","inLanguage":"pt-BR","@id":"https:\/\/sindicatodosbancarios.org.br\/site2022\/#\/schema\/person\/image\/","url":"https:\/\/secure.gravatar.com\/avatar\/f1d1a06f698f2345352e539387180d42?s=96&d=mm&r=g","contentUrl":"https:\/\/secure.gravatar.com\/avatar\/f1d1a06f698f2345352e539387180d42?s=96&d=mm&r=g","caption":"Sindicato dos Banc\u00e1rios S\u00e3o Bento do Sul e Regi\u00e3o"},"sameAs":["http:\/\/sindicatodosbancarios.org.br\/site2022\/","https:\/\/www.facebook.com\/seeb.sbs.9"],"url":"https:\/\/sindicatodosbancarios.org.br\/site2022\/author\/sindicatodosbancarios\/"}]}},"jetpack_featured_media_url":"https:\/\/sindicatodosbancarios.org.br\/site2022\/wp-content\/uploads\/2020\/01\/seguro-desemprego.jpg","jetpack_sharing_enabled":true,"jetpack_shortlink":"https:\/\/wp.me\/p8RSbI-Rn","jetpack-related-posts":[{"id":4741,"url":"https:\/\/sindicatodosbancarios.org.br\/site2022\/2020\/11\/05\/informe-bancario-422-2020-governo-avalia-beneficio-a-demitidos\/","url_meta":{"origin":3309,"position":0},"title":"INFORME BANC\u00c1RIO \u2013 422\/2020 Governo avalia benef\u00edcio a demitidos","date":"5 de novembro de 2020","format":false,"excerpt":"O governo estuda propor um benef\u00edcio espec\u00edfico para contemplar trabalhadores que foram demitidos durante a pandemia da covid-19, mas ficaram sem acesso a seguro-desemprego ou ao aux\u00edlio emergencial, segundo apurou o Estad\u00e3o\/Broadcast. O assunto est\u00e1 sendo discutido como uma contraproposta \u00e0 demanda das centrais sindicais por uma prorroga\u00e7\u00e3o do seguro-desemprego\u2026","rel":"","context":"Em &quot;Geral&quot;","img":{"alt_text":"","src":"https:\/\/i0.wp.com\/sindicatodosbancarios.org.br\/site2022\/wp-content\/uploads\/2020\/11\/clt-carteira-de-trabalho-coronavirus-emprego-1593194855519_v2_900x506.jpg?resize=350%2C200&ssl=1","width":350,"height":200},"classes":[]},{"id":5568,"url":"https:\/\/sindicatodosbancarios.org.br\/site2022\/2021\/07\/29\/informe-bancario-178-2021-o-que-aconteceu-ao-trabalhador-em-25-anos-sem-o-ministerio-do-trabalho\/","url_meta":{"origin":3309,"position":1},"title":"INFORME BANC\u00c1RIO \u2013 178\/2021 O que aconteceu ao trabalhador em 2,5 anos sem o Minist\u00e9rio do Trabalho?","date":"29 de julho de 2021","format":false,"excerpt":"Quando assumiu a Presid\u00eancia do Brasil, em 2019, Jair Bolsonaro (sem partido) reduziu o n\u00famero de minist\u00e9rios, extinguindo, por exemplo, o do Trabalho, criado por Get\u00falio Vargas em 1930. Nestes dois anos e meio com a pasta integrada ao superminist\u00e9rio da Economia, o governo realizou a reforma da Previd\u00eancia, o\u2026","rel":"","context":"Em &quot;Geral&quot;","img":{"alt_text":"","src":"https:\/\/i0.wp.com\/sindicatodosbancarios.org.br\/site2022\/wp-content\/uploads\/2021\/07\/tttttttt.jpg?resize=350%2C200&ssl=1","width":350,"height":200},"classes":[]},{"id":4494,"url":"https:\/\/sindicatodosbancarios.org.br\/site2022\/2020\/09\/14\/informe-bancario-347-2020-entenda-as-mudancas-na-plr-da-caixa\/","url_meta":{"origin":3309,"position":2},"title":"INFORME BANC\u00c1RIO \u2013 347\/2020 ENTENDA AS MUDAN\u00c7AS NA PLR DA CAIXA","date":"14 de setembro de 2020","format":false,"excerpt":"Com a informa\u00e7\u00e3o de que a Caixa Econ\u00f4mica Federal atendeu a reivindica\u00e7\u00e3o e ir\u00e1 antecipar o pagamento da Participa\u00e7\u00e3o nos Lucros ou Resultados (PLR) e do Abono \u00danico na nesta segunda-feira (14), os empregados da Caixa precisam entender as mudan\u00e7as nas regras da PLR. At\u00e9 o \u00faltimo acordo, fechado em\u2026","rel":"","context":"Em &quot;Caixa Econ\u00f4mica Federal&quot;","img":{"alt_text":"","src":"https:\/\/i0.wp.com\/sindicatodosbancarios.org.br\/site2022\/wp-content\/uploads\/2020\/09\/140920153836-CAIXA.jpg?resize=350%2C200&ssl=1","width":350,"height":200},"classes":[]},{"id":4474,"url":"https:\/\/sindicatodosbancarios.org.br\/site2022\/2020\/09\/11\/informe-bancario-340-2020-governo-endurece-regra-para-ter-direito-as-4-parcelas-de-r-300-do-auxilio\/","url_meta":{"origin":3309,"position":3},"title":"INFORME BANC\u00c1RIO \u2013 340\/2020 Governo endurece regra para ter direito \u00e0s 4 parcelas de R$ 300 do aux\u00edlio","date":"11 de setembro de 2020","format":false,"excerpt":"A medida provis\u00f3ria publicada nesta quinta-feira (3) que prorrogou o aux\u00edlio emergencial com mais quatro parcelas de R$ 300 tamb\u00e9m alterou os crit\u00e9rios de renda para ter direito \u00e0 ajuda do governo federal. Al\u00e9m das regras previstas na lei que criou o aux\u00edlio emergencial, agora h\u00e1 novos fatores que podem\u2026","rel":"","context":"Em &quot;Geral&quot;","img":{"alt_text":"","src":"https:\/\/i0.wp.com\/sindicatodosbancarios.org.br\/site2022\/wp-content\/uploads\/2020\/06\/app-caixa-07042020120509129.png?resize=350%2C200&ssl=1","width":350,"height":200},"classes":[]},{"id":5420,"url":"https:\/\/sindicatodosbancarios.org.br\/site2022\/2021\/06\/01\/informe-bancario-131-2021-fgts-inss-ferias-e-13o-o-que-muda-com-a-reducao-de-jornada-e-suspensao-dos-contratos-de-trabalho\/","url_meta":{"origin":3309,"position":4},"title":"INFORME BANC\u00c1RIO \u2013 131\/2021 FGTS, INSS, f\u00e9rias e 13\u00ba: o que muda com a redu\u00e7\u00e3o de jornada e suspens\u00e3o dos contratos de trabalho","date":"1 de junho de 2021","format":false,"excerpt":"Recolhimento do FGTS, por exemplo, passa a ser calculado sobre o sal\u00e1rio reduzido em casos de diminui\u00e7\u00e3o de jornada. O governo relan\u00e7ou, no final de abril, duas Medidas Provis\u00f3rias (MPs) que permitem a\u00a0redu\u00e7\u00e3o da jornada e a suspens\u00e3o dos contratos de trabalho\u00a0e trazem medidas que\u00a0flexibilizam regras trabalhistas referentes a direitos\u2026","rel":"","context":"Em &quot;Geral&quot;","img":{"alt_text":"","src":"https:\/\/i0.wp.com\/sindicatodosbancarios.org.br\/site2022\/wp-content\/uploads\/2020\/11\/Justificando-Ventura-Pedroza-Carteira-de-trabalho-coronavirus.png?resize=350%2C200&ssl=1","width":350,"height":200},"classes":[]},{"id":4671,"url":"https:\/\/sindicatodosbancarios.org.br\/site2022\/2020\/10\/22\/informe-bancario-399-2020-novo-salario-minimo-veja-como-fica-o-valor-da-aposentadoria-do-inss-em-2021\/","url_meta":{"origin":3309,"position":5},"title":"INFORME BANC\u00c1RIO \u2013 399\/2020 Novo sal\u00e1rio m\u00ednimo: Veja como fica o valor da aposentadoria do INSS em 2021","date":"22 de outubro de 2020","format":false,"excerpt":"Com a previs\u00e3o do aumento do piso nacional de R$ 1.045 para R$ 1.069,55, cerca de 35 milh\u00f5es de brasileiros ter\u00e3o reajuste de 2,35% em seus benef\u00edcios. O Governo Federal tem uma nova previs\u00e3o para o\u00a0sal\u00e1rio m\u00ednimo\u00a0em 2021, que deve passar dos atuais R$ 1.045 para R$ 1.069,55. Com o\u00a0reajuste\u2026","rel":"","context":"Em &quot;Geral&quot;","img":{"alt_text":"","src":"https:\/\/i0.wp.com\/sindicatodosbancarios.org.br\/site2022\/wp-content\/uploads\/2020\/07\/imagem_materia.jpg?resize=350%2C200&ssl=1","width":350,"height":200},"classes":[]}],"_links":{"self":[{"href":"https:\/\/sindicatodosbancarios.org.br\/site2022\/wp-json\/wp\/v2\/posts\/3309"}],"collection":[{"href":"https:\/\/sindicatodosbancarios.org.br\/site2022\/wp-json\/wp\/v2\/posts"}],"about":[{"href":"https:\/\/sindicatodosbancarios.org.br\/site2022\/wp-json\/wp\/v2\/types\/post"}],"author":[{"embeddable":true,"href":"https:\/\/sindicatodosbancarios.org.br\/site2022\/wp-json\/wp\/v2\/users\/2"}],"replies":[{"embeddable":true,"href":"https:\/\/sindicatodosbancarios.org.br\/site2022\/wp-json\/wp\/v2\/comments?post=3309"}],"version-history":[{"count":1,"href":"https:\/\/sindicatodosbancarios.org.br\/site2022\/wp-json\/wp\/v2\/posts\/3309\/revisions"}],"predecessor-version":[{"id":3311,"href":"https:\/\/sindicatodosbancarios.org.br\/site2022\/wp-json\/wp\/v2\/posts\/3309\/revisions\/3311"}],"wp:featuredmedia":[{"embeddable":true,"href":"https:\/\/sindicatodosbancarios.org.br\/site2022\/wp-json\/wp\/v2\/media\/3310"}],"wp:attachment":[{"href":"https:\/\/sindicatodosbancarios.org.br\/site2022\/wp-json\/wp\/v2\/media?parent=3309"}],"wp:term":[{"taxonomy":"category","embeddable":true,"href":"https:\/\/sindicatodosbancarios.org.br\/site2022\/wp-json\/wp\/v2\/categories?post=3309"},{"taxonomy":"post_tag","embeddable":true,"href":"https:\/\/sindicatodosbancarios.org.br\/site2022\/wp-json\/wp\/v2\/tags?post=3309"}],"curies":[{"name":"wp","href":"https:\/\/api.w.org\/{rel}","templated":true}]}}