{"id":3320,"date":"2020-01-22T10:39:22","date_gmt":"2020-01-22T13:39:22","guid":{"rendered":"https:\/\/sindicatodosbancarios.org.br\/?p=3320"},"modified":"2020-01-22T10:39:22","modified_gmt":"2020-01-22T13:39:22","slug":"informe-bancario-19-2020-por-que-o-servidor-publico-nao-recebe-fgts-entenda","status":"publish","type":"post","link":"https:\/\/sindicatodosbancarios.org.br\/site2022\/2020\/01\/22\/informe-bancario-19-2020-por-que-o-servidor-publico-nao-recebe-fgts-entenda\/","title":{"rendered":"INFORME BANC\u00c1RIO &#8211; 19 \/ 2020 &#8211; POR QUE O SERVIDOR P\u00daBLICO N\u00c3O RECEBE FGTS? ENTENDA."},"content":{"rendered":"<p>O governo pretende enviar a primeira parte da reforma administrativa no m\u00eas que vem. O projeto, que ainda n\u00e3o foi apresentado, tem o objetivo de mudar regras do servi\u00e7o p\u00fablico.<\/p>\n<p>Servidores estatut\u00e1rios n\u00e3o s\u00e3o regidos pela CLT (Consolida\u00e7\u00e3o das Leis do Trabalho), como os trabalhadores da iniciativa privada. Por isso suas regras s\u00e3o diferentes. Uma dessas diferen\u00e7as \u00e9 que os servidores n\u00e3o recebem o FGTS (Fundo de Garantia do Tempo de Sevi\u00e7o). Mas por que isso acontece?<\/p>\n<p><strong>Por que servidor n\u00e3o tem FGTS?<\/strong><\/p>\n<p>O FGTS serve como uma poupan\u00e7a para o trabalhador, que pode us\u00e1-la em algumas situa\u00e7\u00f5es, inclusive se for demitido sem justa causa. Neste caso, al\u00e9m do saque do valor acumulado enquanto esteve empregado, a empresa deve pagar os 40% de multa, o que \u00e9 uma forma de garantir algum recurso at\u00e9 que arranje outro emprego.<\/p>\n<p>Servidores p\u00fablicos, por\u00e9m, possuem estabilidade, podendo perder o emprego apenas em circunst\u00e2ncias espec\u00edficas. Por isso, n\u00e3o recebem o fundo de garantia, segundo L\u00edbia Alvarenga de Oliveira, especialista em Direito do Trabalho, do escrit\u00f3rio Innocenti Advogados.<\/p>\n<p><strong>FGTS foi alternativa \u00e0 estabilidade<\/strong><\/p>\n<p>O FGTS foi criado por uma lei em 1966 e come\u00e7ou a valer no ano seguinte. O objetivo era que ele substitu\u00edsse a estabilidade dos trabalhadores.<\/p>\n<p>At\u00e9 ent\u00e3o, o trabalhador do setor privado que fosse demitido sem justa causa tinha direito a uma indeniza\u00e7\u00e3o correspondente a um m\u00eas de sal\u00e1rio para cada ano de servi\u00e7o e, ap\u00f3s dez anos na mesma empresa, ganhava a estabilidade, podendo ser demitido apenas se cometesse falta grave ou por motivo de for\u00e7a maior comprovado na Justi\u00e7a.<\/p>\n<p>Na pr\u00e1tica, por\u00e9m, uma minoria atingia a estabilidade, porque muitos eram demitidos antes de chegar aos dez anos na empresa.<\/p>\n<p>Com a cria\u00e7\u00e3o do FGTS, os trabalhadores poderiam escolher entre os dois sistemas, a estabilidade ou o fundo de garantia.<\/p>\n<p>Em geral, as empresas preferiam contratar funcion\u00e1rios que escolhessem o FGTS e, em 1970, estimava-se que 70% dos trabalhadores tinham aderido ao fundo, segundo a ag\u00eancia Senado.<\/p>\n<p>Ap\u00f3s a Constitui\u00e7\u00e3o de 1988, a possibilidade de escolha acabou, e todos os novos contratados na iniciativa privada passaram a receber o FGTS.<\/p>\n<p><strong>Nenhum funcion\u00e1rio p\u00fablico recebe FGTS?<\/strong><\/p>\n<p>Os servidores p\u00fablicos, chamados estatut\u00e1rios, n\u00e3o recebem o FGTS, mas h\u00e1 funcion\u00e1rios da administra\u00e7\u00e3o p\u00fablica que recebem o fundo de garantia.<\/p>\n<p>\u00c9 o caso dos chamados empregados p\u00fablicos, por exemplo, que s\u00e3o trabalhadores do Estado contratados sob o regime da CLT, como os da iniciativa privada. Os funcion\u00e1rios da Petrobras e da Caixa, por exemplo, costumam ser contratados dessa forma.<\/p>\n<p>Ainda que seu contrato seja regido pela CLT, por\u00e9m, eles n\u00e3o podem ser demitidos sem justa causa, de acordo com L\u00edbia Alvarenga de Oliveira.<\/p>\n<p>&nbsp;<\/p>\n","protected":false},"excerpt":{"rendered":"<p>O governo pretende enviar a primeira parte da reforma administrativa no m\u00eas que vem. O projeto, que ainda [&hellip;]<\/p>\n","protected":false},"author":2,"featured_media":3231,"comment_status":"open","ping_status":"open","sticky":false,"template":"","format":"standard","meta":{"jetpack_post_was_ever_published":false,"jetpack_publicize_message":"","jetpack_is_tweetstorm":false,"jetpack_publicize_feature_enabled":true,"jetpack_social_post_already_shared":true,"jetpack_social_options":[]},"categories":[1],"tags":[],"jetpack_publicize_connections":[],"acf":[],"yoast_head":"<!-- This site is optimized with the Yoast SEO plugin v19.14 - https:\/\/yoast.com\/wordpress\/plugins\/seo\/ -->\n<title>INFORME BANC\u00c1RIO - 19 \/ 2020 - POR QUE O SERVIDOR P\u00daBLICO N\u00c3O RECEBE FGTS? ENTENDA. - Sindicato dos Banc\u00e1rios de S\u00e3o Bento do Sul e Regi\u00e3o<\/title>\n<meta name=\"robots\" content=\"index, follow, max-snippet:-1, max-image-preview:large, max-video-preview:-1\" \/>\n<link rel=\"canonical\" href=\"https:\/\/sindicatodosbancarios.org.br\/site2022\/2020\/01\/22\/informe-bancario-19-2020-por-que-o-servidor-publico-nao-recebe-fgts-entenda\/\" \/>\n<meta property=\"og:locale\" content=\"pt_BR\" \/>\n<meta property=\"og:type\" content=\"article\" \/>\n<meta property=\"og:title\" content=\"INFORME BANC\u00c1RIO - 19 \/ 2020 - POR QUE O SERVIDOR P\u00daBLICO N\u00c3O RECEBE FGTS? ENTENDA. - Sindicato dos Banc\u00e1rios de S\u00e3o Bento do Sul e Regi\u00e3o\" \/>\n<meta property=\"og:description\" content=\"O governo pretende enviar a primeira parte da reforma administrativa no m\u00eas que vem. O projeto, que ainda [&hellip;]\" \/>\n<meta property=\"og:url\" content=\"https:\/\/sindicatodosbancarios.org.br\/site2022\/2020\/01\/22\/informe-bancario-19-2020-por-que-o-servidor-publico-nao-recebe-fgts-entenda\/\" \/>\n<meta property=\"og:site_name\" content=\"Sindicato dos Banc\u00e1rios de S\u00e3o Bento do Sul e Regi\u00e3o\" \/>\n<meta property=\"article:author\" content=\"https:\/\/www.facebook.com\/seeb.sbs.9\" \/>\n<meta property=\"article:published_time\" content=\"2020-01-22T13:39:22+00:00\" \/>\n<meta property=\"og:image\" content=\"https:\/\/sindicatodosbancarios.org.br\/site2022\/wp-content\/uploads\/2019\/12\/FGTS.jpg\" \/>\n\t<meta property=\"og:image:width\" content=\"2077\" \/>\n\t<meta property=\"og:image:height\" content=\"1277\" \/>\n\t<meta property=\"og:image:type\" content=\"image\/jpeg\" \/>\n<meta name=\"author\" content=\"Sindicato dos Banc\u00e1rios S\u00e3o Bento do Sul e Regi\u00e3o\" \/>\n<meta name=\"twitter:card\" content=\"summary_large_image\" \/>\n<meta name=\"twitter:label1\" content=\"Escrito por\" \/>\n\t<meta name=\"twitter:data1\" content=\"Sindicato dos Banc\u00e1rios S\u00e3o Bento do Sul e Regi\u00e3o\" \/>\n\t<meta name=\"twitter:label2\" content=\"Est. tempo de leitura\" \/>\n\t<meta name=\"twitter:data2\" content=\"2 minutos\" \/>\n<script type=\"application\/ld+json\" class=\"yoast-schema-graph\">{\"@context\":\"https:\/\/schema.org\",\"@graph\":[{\"@type\":\"Article\",\"@id\":\"https:\/\/sindicatodosbancarios.org.br\/site2022\/2020\/01\/22\/informe-bancario-19-2020-por-que-o-servidor-publico-nao-recebe-fgts-entenda\/#article\",\"isPartOf\":{\"@id\":\"https:\/\/sindicatodosbancarios.org.br\/site2022\/2020\/01\/22\/informe-bancario-19-2020-por-que-o-servidor-publico-nao-recebe-fgts-entenda\/\"},\"author\":{\"name\":\"Sindicato dos Banc\u00e1rios S\u00e3o Bento do Sul e Regi\u00e3o\",\"@id\":\"https:\/\/sindicatodosbancarios.org.br\/site2022\/#\/schema\/person\/a7d92da77d1084df4d28b57962f1e1bd\"},\"headline\":\"INFORME BANC\u00c1RIO &#8211; 19 \/ 2020 &#8211; POR QUE O SERVIDOR P\u00daBLICO N\u00c3O RECEBE FGTS? ENTENDA.\",\"datePublished\":\"2020-01-22T13:39:22+00:00\",\"dateModified\":\"2020-01-22T13:39:22+00:00\",\"mainEntityOfPage\":{\"@id\":\"https:\/\/sindicatodosbancarios.org.br\/site2022\/2020\/01\/22\/informe-bancario-19-2020-por-que-o-servidor-publico-nao-recebe-fgts-entenda\/\"},\"wordCount\":502,\"commentCount\":0,\"publisher\":{\"@id\":\"https:\/\/sindicatodosbancarios.org.br\/site2022\/#organization\"},\"articleSection\":[\"Geral\"],\"inLanguage\":\"pt-BR\",\"potentialAction\":[{\"@type\":\"CommentAction\",\"name\":\"Comment\",\"target\":[\"https:\/\/sindicatodosbancarios.org.br\/site2022\/2020\/01\/22\/informe-bancario-19-2020-por-que-o-servidor-publico-nao-recebe-fgts-entenda\/#respond\"]}]},{\"@type\":\"WebPage\",\"@id\":\"https:\/\/sindicatodosbancarios.org.br\/site2022\/2020\/01\/22\/informe-bancario-19-2020-por-que-o-servidor-publico-nao-recebe-fgts-entenda\/\",\"url\":\"https:\/\/sindicatodosbancarios.org.br\/site2022\/2020\/01\/22\/informe-bancario-19-2020-por-que-o-servidor-publico-nao-recebe-fgts-entenda\/\",\"name\":\"INFORME BANC\u00c1RIO - 19 \/ 2020 - POR QUE O SERVIDOR P\u00daBLICO N\u00c3O RECEBE FGTS? ENTENDA. - Sindicato dos Banc\u00e1rios de S\u00e3o Bento do Sul e Regi\u00e3o\",\"isPartOf\":{\"@id\":\"https:\/\/sindicatodosbancarios.org.br\/site2022\/#website\"},\"datePublished\":\"2020-01-22T13:39:22+00:00\",\"dateModified\":\"2020-01-22T13:39:22+00:00\",\"breadcrumb\":{\"@id\":\"https:\/\/sindicatodosbancarios.org.br\/site2022\/2020\/01\/22\/informe-bancario-19-2020-por-que-o-servidor-publico-nao-recebe-fgts-entenda\/#breadcrumb\"},\"inLanguage\":\"pt-BR\",\"potentialAction\":[{\"@type\":\"ReadAction\",\"target\":[\"https:\/\/sindicatodosbancarios.org.br\/site2022\/2020\/01\/22\/informe-bancario-19-2020-por-que-o-servidor-publico-nao-recebe-fgts-entenda\/\"]}]},{\"@type\":\"BreadcrumbList\",\"@id\":\"https:\/\/sindicatodosbancarios.org.br\/site2022\/2020\/01\/22\/informe-bancario-19-2020-por-que-o-servidor-publico-nao-recebe-fgts-entenda\/#breadcrumb\",\"itemListElement\":[{\"@type\":\"ListItem\",\"position\":1,\"name\":\"In\u00edcio\",\"item\":\"https:\/\/sindicatodosbancarios.org.br\/site2022\/\"},{\"@type\":\"ListItem\",\"position\":2,\"name\":\"INFORME BANC\u00c1RIO &#8211; 19 \/ 2020 &#8211; POR QUE O SERVIDOR P\u00daBLICO N\u00c3O RECEBE FGTS? ENTENDA.\"}]},{\"@type\":\"WebSite\",\"@id\":\"https:\/\/sindicatodosbancarios.org.br\/site2022\/#website\",\"url\":\"https:\/\/sindicatodosbancarios.org.br\/site2022\/\",\"name\":\"Sindicato dos Banc\u00e1rios de S\u00e3o Bento do Sul e Regi\u00e3o\",\"description\":\"Website institucional do Sindicato dos Banc\u00e1rios de S\u00e3o Bento do Sul e Regi\u00e3o\",\"publisher\":{\"@id\":\"https:\/\/sindicatodosbancarios.org.br\/site2022\/#organization\"},\"potentialAction\":[{\"@type\":\"SearchAction\",\"target\":{\"@type\":\"EntryPoint\",\"urlTemplate\":\"https:\/\/sindicatodosbancarios.org.br\/site2022\/?s={search_term_string}\"},\"query-input\":\"required name=search_term_string\"}],\"inLanguage\":\"pt-BR\"},{\"@type\":\"Organization\",\"@id\":\"https:\/\/sindicatodosbancarios.org.br\/site2022\/#organization\",\"name\":\"Sindicato dos Banc\u00e1rios de S\u00e3o Bento do Sul e Regi\u00e3o\",\"url\":\"https:\/\/sindicatodosbancarios.org.br\/site2022\/\",\"logo\":{\"@type\":\"ImageObject\",\"inLanguage\":\"pt-BR\",\"@id\":\"https:\/\/sindicatodosbancarios.org.br\/site2022\/#\/schema\/logo\/image\/\",\"url\":\"https:\/\/sindicatodosbancarios.org.br\/site2022\/wp-content\/uploads\/2017\/06\/cropped-logo-2.png\",\"contentUrl\":\"https:\/\/sindicatodosbancarios.org.br\/site2022\/wp-content\/uploads\/2017\/06\/cropped-logo-2.png\",\"width\":292,\"height\":292,\"caption\":\"Sindicato dos Banc\u00e1rios de S\u00e3o Bento do Sul e Regi\u00e3o\"},\"image\":{\"@id\":\"https:\/\/sindicatodosbancarios.org.br\/site2022\/#\/schema\/logo\/image\/\"}},{\"@type\":\"Person\",\"@id\":\"https:\/\/sindicatodosbancarios.org.br\/site2022\/#\/schema\/person\/a7d92da77d1084df4d28b57962f1e1bd\",\"name\":\"Sindicato dos Banc\u00e1rios S\u00e3o Bento do Sul e Regi\u00e3o\",\"image\":{\"@type\":\"ImageObject\",\"inLanguage\":\"pt-BR\",\"@id\":\"https:\/\/sindicatodosbancarios.org.br\/site2022\/#\/schema\/person\/image\/\",\"url\":\"https:\/\/secure.gravatar.com\/avatar\/f1d1a06f698f2345352e539387180d42?s=96&d=mm&r=g\",\"contentUrl\":\"https:\/\/secure.gravatar.com\/avatar\/f1d1a06f698f2345352e539387180d42?s=96&d=mm&r=g\",\"caption\":\"Sindicato dos Banc\u00e1rios S\u00e3o Bento do Sul e Regi\u00e3o\"},\"sameAs\":[\"http:\/\/sindicatodosbancarios.org.br\/site2022\/\",\"https:\/\/www.facebook.com\/seeb.sbs.9\"],\"url\":\"https:\/\/sindicatodosbancarios.org.br\/site2022\/author\/sindicatodosbancarios\/\"}]}<\/script>\n<!-- \/ Yoast SEO plugin. -->","yoast_head_json":{"title":"INFORME BANC\u00c1RIO - 19 \/ 2020 - POR QUE O SERVIDOR P\u00daBLICO N\u00c3O RECEBE FGTS? ENTENDA. - Sindicato dos Banc\u00e1rios de S\u00e3o Bento do Sul e Regi\u00e3o","robots":{"index":"index","follow":"follow","max-snippet":"max-snippet:-1","max-image-preview":"max-image-preview:large","max-video-preview":"max-video-preview:-1"},"canonical":"https:\/\/sindicatodosbancarios.org.br\/site2022\/2020\/01\/22\/informe-bancario-19-2020-por-que-o-servidor-publico-nao-recebe-fgts-entenda\/","og_locale":"pt_BR","og_type":"article","og_title":"INFORME BANC\u00c1RIO - 19 \/ 2020 - POR QUE O SERVIDOR P\u00daBLICO N\u00c3O RECEBE FGTS? ENTENDA. - Sindicato dos Banc\u00e1rios de S\u00e3o Bento do Sul e Regi\u00e3o","og_description":"O governo pretende enviar a primeira parte da reforma administrativa no m\u00eas que vem. O projeto, que ainda [&hellip;]","og_url":"https:\/\/sindicatodosbancarios.org.br\/site2022\/2020\/01\/22\/informe-bancario-19-2020-por-que-o-servidor-publico-nao-recebe-fgts-entenda\/","og_site_name":"Sindicato dos Banc\u00e1rios de S\u00e3o Bento do Sul e Regi\u00e3o","article_author":"https:\/\/www.facebook.com\/seeb.sbs.9","article_published_time":"2020-01-22T13:39:22+00:00","og_image":[{"width":2077,"height":1277,"url":"https:\/\/sindicatodosbancarios.org.br\/site2022\/wp-content\/uploads\/2019\/12\/FGTS.jpg","type":"image\/jpeg"}],"author":"Sindicato dos Banc\u00e1rios S\u00e3o Bento do Sul e Regi\u00e3o","twitter_card":"summary_large_image","twitter_misc":{"Escrito por":"Sindicato dos Banc\u00e1rios S\u00e3o Bento do Sul e Regi\u00e3o","Est. tempo de leitura":"2 minutos"},"schema":{"@context":"https:\/\/schema.org","@graph":[{"@type":"Article","@id":"https:\/\/sindicatodosbancarios.org.br\/site2022\/2020\/01\/22\/informe-bancario-19-2020-por-que-o-servidor-publico-nao-recebe-fgts-entenda\/#article","isPartOf":{"@id":"https:\/\/sindicatodosbancarios.org.br\/site2022\/2020\/01\/22\/informe-bancario-19-2020-por-que-o-servidor-publico-nao-recebe-fgts-entenda\/"},"author":{"name":"Sindicato dos Banc\u00e1rios S\u00e3o Bento do Sul e Regi\u00e3o","@id":"https:\/\/sindicatodosbancarios.org.br\/site2022\/#\/schema\/person\/a7d92da77d1084df4d28b57962f1e1bd"},"headline":"INFORME BANC\u00c1RIO &#8211; 19 \/ 2020 &#8211; POR QUE O SERVIDOR P\u00daBLICO N\u00c3O RECEBE FGTS? ENTENDA.","datePublished":"2020-01-22T13:39:22+00:00","dateModified":"2020-01-22T13:39:22+00:00","mainEntityOfPage":{"@id":"https:\/\/sindicatodosbancarios.org.br\/site2022\/2020\/01\/22\/informe-bancario-19-2020-por-que-o-servidor-publico-nao-recebe-fgts-entenda\/"},"wordCount":502,"commentCount":0,"publisher":{"@id":"https:\/\/sindicatodosbancarios.org.br\/site2022\/#organization"},"articleSection":["Geral"],"inLanguage":"pt-BR","potentialAction":[{"@type":"CommentAction","name":"Comment","target":["https:\/\/sindicatodosbancarios.org.br\/site2022\/2020\/01\/22\/informe-bancario-19-2020-por-que-o-servidor-publico-nao-recebe-fgts-entenda\/#respond"]}]},{"@type":"WebPage","@id":"https:\/\/sindicatodosbancarios.org.br\/site2022\/2020\/01\/22\/informe-bancario-19-2020-por-que-o-servidor-publico-nao-recebe-fgts-entenda\/","url":"https:\/\/sindicatodosbancarios.org.br\/site2022\/2020\/01\/22\/informe-bancario-19-2020-por-que-o-servidor-publico-nao-recebe-fgts-entenda\/","name":"INFORME BANC\u00c1RIO - 19 \/ 2020 - POR QUE O SERVIDOR P\u00daBLICO N\u00c3O RECEBE FGTS? ENTENDA. - Sindicato dos Banc\u00e1rios de S\u00e3o Bento do Sul e Regi\u00e3o","isPartOf":{"@id":"https:\/\/sindicatodosbancarios.org.br\/site2022\/#website"},"datePublished":"2020-01-22T13:39:22+00:00","dateModified":"2020-01-22T13:39:22+00:00","breadcrumb":{"@id":"https:\/\/sindicatodosbancarios.org.br\/site2022\/2020\/01\/22\/informe-bancario-19-2020-por-que-o-servidor-publico-nao-recebe-fgts-entenda\/#breadcrumb"},"inLanguage":"pt-BR","potentialAction":[{"@type":"ReadAction","target":["https:\/\/sindicatodosbancarios.org.br\/site2022\/2020\/01\/22\/informe-bancario-19-2020-por-que-o-servidor-publico-nao-recebe-fgts-entenda\/"]}]},{"@type":"BreadcrumbList","@id":"https:\/\/sindicatodosbancarios.org.br\/site2022\/2020\/01\/22\/informe-bancario-19-2020-por-que-o-servidor-publico-nao-recebe-fgts-entenda\/#breadcrumb","itemListElement":[{"@type":"ListItem","position":1,"name":"In\u00edcio","item":"https:\/\/sindicatodosbancarios.org.br\/site2022\/"},{"@type":"ListItem","position":2,"name":"INFORME BANC\u00c1RIO &#8211; 19 \/ 2020 &#8211; POR QUE O SERVIDOR P\u00daBLICO N\u00c3O RECEBE FGTS? ENTENDA."}]},{"@type":"WebSite","@id":"https:\/\/sindicatodosbancarios.org.br\/site2022\/#website","url":"https:\/\/sindicatodosbancarios.org.br\/site2022\/","name":"Sindicato dos Banc\u00e1rios de S\u00e3o Bento do Sul e Regi\u00e3o","description":"Website institucional do Sindicato dos Banc\u00e1rios de S\u00e3o Bento do Sul e Regi\u00e3o","publisher":{"@id":"https:\/\/sindicatodosbancarios.org.br\/site2022\/#organization"},"potentialAction":[{"@type":"SearchAction","target":{"@type":"EntryPoint","urlTemplate":"https:\/\/sindicatodosbancarios.org.br\/site2022\/?s={search_term_string}"},"query-input":"required name=search_term_string"}],"inLanguage":"pt-BR"},{"@type":"Organization","@id":"https:\/\/sindicatodosbancarios.org.br\/site2022\/#organization","name":"Sindicato dos Banc\u00e1rios de S\u00e3o Bento do Sul e Regi\u00e3o","url":"https:\/\/sindicatodosbancarios.org.br\/site2022\/","logo":{"@type":"ImageObject","inLanguage":"pt-BR","@id":"https:\/\/sindicatodosbancarios.org.br\/site2022\/#\/schema\/logo\/image\/","url":"https:\/\/sindicatodosbancarios.org.br\/site2022\/wp-content\/uploads\/2017\/06\/cropped-logo-2.png","contentUrl":"https:\/\/sindicatodosbancarios.org.br\/site2022\/wp-content\/uploads\/2017\/06\/cropped-logo-2.png","width":292,"height":292,"caption":"Sindicato dos Banc\u00e1rios de S\u00e3o Bento do Sul e Regi\u00e3o"},"image":{"@id":"https:\/\/sindicatodosbancarios.org.br\/site2022\/#\/schema\/logo\/image\/"}},{"@type":"Person","@id":"https:\/\/sindicatodosbancarios.org.br\/site2022\/#\/schema\/person\/a7d92da77d1084df4d28b57962f1e1bd","name":"Sindicato dos Banc\u00e1rios S\u00e3o Bento do Sul e Regi\u00e3o","image":{"@type":"ImageObject","inLanguage":"pt-BR","@id":"https:\/\/sindicatodosbancarios.org.br\/site2022\/#\/schema\/person\/image\/","url":"https:\/\/secure.gravatar.com\/avatar\/f1d1a06f698f2345352e539387180d42?s=96&d=mm&r=g","contentUrl":"https:\/\/secure.gravatar.com\/avatar\/f1d1a06f698f2345352e539387180d42?s=96&d=mm&r=g","caption":"Sindicato dos Banc\u00e1rios S\u00e3o Bento do Sul e Regi\u00e3o"},"sameAs":["http:\/\/sindicatodosbancarios.org.br\/site2022\/","https:\/\/www.facebook.com\/seeb.sbs.9"],"url":"https:\/\/sindicatodosbancarios.org.br\/site2022\/author\/sindicatodosbancarios\/"}]}},"jetpack_featured_media_url":"https:\/\/sindicatodosbancarios.org.br\/site2022\/wp-content\/uploads\/2019\/12\/FGTS.jpg","jetpack_sharing_enabled":true,"jetpack_shortlink":"https:\/\/wp.me\/p8RSbI-Ry","jetpack-related-posts":[{"id":5420,"url":"https:\/\/sindicatodosbancarios.org.br\/site2022\/2021\/06\/01\/informe-bancario-131-2021-fgts-inss-ferias-e-13o-o-que-muda-com-a-reducao-de-jornada-e-suspensao-dos-contratos-de-trabalho\/","url_meta":{"origin":3320,"position":0},"title":"INFORME BANC\u00c1RIO \u2013 131\/2021 FGTS, INSS, f\u00e9rias e 13\u00ba: o que muda com a redu\u00e7\u00e3o de jornada e suspens\u00e3o dos contratos de trabalho","date":"1 de junho de 2021","format":false,"excerpt":"Recolhimento do FGTS, por exemplo, passa a ser calculado sobre o sal\u00e1rio reduzido em casos de diminui\u00e7\u00e3o de jornada. O governo relan\u00e7ou, no final de abril, duas Medidas Provis\u00f3rias (MPs) que permitem a\u00a0redu\u00e7\u00e3o da jornada e a suspens\u00e3o dos contratos de trabalho\u00a0e trazem medidas que\u00a0flexibilizam regras trabalhistas referentes a direitos\u2026","rel":"","context":"Em &quot;Geral&quot;","img":{"alt_text":"","src":"https:\/\/i0.wp.com\/sindicatodosbancarios.org.br\/site2022\/wp-content\/uploads\/2020\/11\/Justificando-Ventura-Pedroza-Carteira-de-trabalho-coronavirus.png?resize=350%2C200&ssl=1","width":350,"height":200},"classes":[]},{"id":5654,"url":"https:\/\/sindicatodosbancarios.org.br\/site2022\/2021\/09\/01\/informe-bancario-204-2021-inss-5-direitos-que-os-aposentados-tem-mas-nao-sabem\/","url_meta":{"origin":3320,"position":1},"title":"INFORME BANC\u00c1RIO \u2013 204\/2021 INSS: 5 Direitos Que Os Aposentados t\u00eam, Mas N\u00e3o Sabem","date":"1 de setembro de 2021","format":false,"excerpt":"Chegar a aposentadoria \u00e9 um feito marcante na vida de todo trabalhador, at\u00e9 porque, a aposentadoria \u00e9 sin\u00f4nimo de uma vida de trabalho, onde agora o segurado busca pela tranquilidade depois de muitos anos corridos. No entanto, al\u00e9m de garantir a aposentadoria, o segurado que chega a se aposentar pelo\u2026","rel":"","context":"Em &quot;Geral&quot;","img":{"alt_text":"","src":"https:\/\/i0.wp.com\/sindicatodosbancarios.org.br\/site2022\/wp-content\/uploads\/2021\/09\/idoso-aposentadoria.jpg?resize=350%2C200&ssl=1","width":350,"height":200},"classes":[]},{"id":5352,"url":"https:\/\/sindicatodosbancarios.org.br\/site2022\/2021\/04\/29\/informe-bancarios-112-2021-trabalhadores-podem-receber-uma-bolada-com-a-correcao-do-fgts\/","url_meta":{"origin":3320,"position":2},"title":"INFORME BANC\u00c1RIOS \u2013 112\/2021 Trabalhadores podem receber uma bolada com a corre\u00e7\u00e3o do FGTS","date":"29 de abril de 2021","format":false,"excerpt":"O Fundo de Garantia do Tempo de Servi\u00e7o (FGTS) \u00e9 uma conta aberta em nome do trabalhador vinculada ao contrato de trabalho em que as empresas precisam depositar todos os meses 8% do sal\u00e1rio do colaborador nessa conta do fundo com o objetivo de proteger o trabalhador que venha a\u2026","rel":"","context":"Em &quot;Geral&quot;","img":{"alt_text":"","src":"https:\/\/i0.wp.com\/sindicatodosbancarios.org.br\/site2022\/wp-content\/uploads\/2021\/04\/DINHEIRO-2-1024x613.jpg?resize=350%2C200&ssl=1","width":350,"height":200},"classes":[]},{"id":5396,"url":"https:\/\/sindicatodosbancarios.org.br\/site2022\/2021\/05\/10\/informe-bancarios-124-2021-centrais-sindicais-pedem-audiencia-com-luiz-fux-para-tratar-da-correcao-monetaria-do-fgts\/","url_meta":{"origin":3320,"position":3},"title":"INFORME BANC\u00c1RIOS \u2013 124\/2021 Centrais sindicais pedem audi\u00eancia com Luiz Fux para tratar da corre\u00e7\u00e3o monet\u00e1ria do FGTS","date":"10 de maio de 2021","format":false,"excerpt":"As centrais sindicais se pronunciaram nesta sexta, 7, a respeito da retirada da ADI 5090 da pauta do STF. A vota\u00e7\u00e3o estava marcada para o pr\u00f3ximo dia 13, mas foi suspensa. A ADI 5090 que revisar\u00e1 a Taxa Referencial (TR) para corre\u00e7\u00e3o monet\u00e1ria do Fundo de Garantia do Tempo de\u2026","rel":"","context":"Em &quot;Geral&quot;","img":{"alt_text":"","src":"https:\/\/i0.wp.com\/sindicatodosbancarios.org.br\/site2022\/wp-content\/uploads\/2019\/12\/FGTS.jpg?resize=350%2C200&ssl=1","width":350,"height":200},"classes":[]},{"id":6247,"url":"https:\/\/sindicatodosbancarios.org.br\/site2022\/2022\/04\/06\/informe-bancario-34-2022-comecam-a-valer-novas-regras-que-permitem-trabalho-hibrido-e-por-producao\/","url_meta":{"origin":3320,"position":4},"title":"INFORME BANC\u00c1RIO \u2013 34\/2022 Come\u00e7am a valer novas regras que permitem trabalho h\u00edbrido e por produ\u00e7\u00e3o","date":"6 de abril de 2022","format":false,"excerpt":"O governo publicou nesta segunda-feira (28) o texto da MP (Medida Provis\u00f3ria) que traz uma s\u00e9rie de mudan\u00e7as para os trabalhadores. Dentre elas, permiss\u00e3o para trabalho h\u00edbrido (presencial e remoto) e cria\u00e7\u00e3o do contrato de trabalho por produ\u00e7\u00e3o ou tarefa, sem controle da jornada de trabalho. H\u00e1 ainda a\u00e7\u00f5es que\u2026","rel":"","context":"Em &quot;Geral&quot;","img":{"alt_text":"","src":"https:\/\/i0.wp.com\/sindicatodosbancarios.org.br\/site2022\/wp-content\/uploads\/2022\/04\/shutterstock_2044486847-scaled.jpg?resize=350%2C200&ssl=1","width":350,"height":200},"classes":[]},{"id":4435,"url":"https:\/\/sindicatodosbancarios.org.br\/site2022\/2020\/09\/08\/informe-bancario-327-2020-apos-governo-revogar-estabilidade-como-fica-o-empregado-que-tem-covid\/","url_meta":{"origin":3320,"position":5},"title":"INFORME BANC\u00c1RIO \u2013 327\/2020 Ap\u00f3s governo revogar estabilidade, como fica o empregado que tem covid?","date":"8 de setembro de 2020","format":false,"excerpt":"Uma portaria publicada ontem (1\u00ba) e revogada hoje (2) gerou confus\u00e3o sobre os direitos trabalhistas e previdenci\u00e1rios de quem \u00e9 contaminado pelo coronav\u00edrus. Durante um dia, a covid-19 fez parte de uma lista de doen\u00e7as ocupacionais, o que reconhecia a estabilidade ao empregado afastado e aumentava as chances de a\u2026","rel":"","context":"Em &quot;Geral&quot;","img":{"alt_text":"","src":"https:\/\/i0.wp.com\/sindicatodosbancarios.org.br\/site2022\/wp-content\/uploads\/2020\/09\/Coronavirus-COVID-19.jpg?resize=350%2C200&ssl=1","width":350,"height":200},"classes":[]}],"_links":{"self":[{"href":"https:\/\/sindicatodosbancarios.org.br\/site2022\/wp-json\/wp\/v2\/posts\/3320"}],"collection":[{"href":"https:\/\/sindicatodosbancarios.org.br\/site2022\/wp-json\/wp\/v2\/posts"}],"about":[{"href":"https:\/\/sindicatodosbancarios.org.br\/site2022\/wp-json\/wp\/v2\/types\/post"}],"author":[{"embeddable":true,"href":"https:\/\/sindicatodosbancarios.org.br\/site2022\/wp-json\/wp\/v2\/users\/2"}],"replies":[{"embeddable":true,"href":"https:\/\/sindicatodosbancarios.org.br\/site2022\/wp-json\/wp\/v2\/comments?post=3320"}],"version-history":[{"count":2,"href":"https:\/\/sindicatodosbancarios.org.br\/site2022\/wp-json\/wp\/v2\/posts\/3320\/revisions"}],"predecessor-version":[{"id":3328,"href":"https:\/\/sindicatodosbancarios.org.br\/site2022\/wp-json\/wp\/v2\/posts\/3320\/revisions\/3328"}],"wp:featuredmedia":[{"embeddable":true,"href":"https:\/\/sindicatodosbancarios.org.br\/site2022\/wp-json\/wp\/v2\/media\/3231"}],"wp:attachment":[{"href":"https:\/\/sindicatodosbancarios.org.br\/site2022\/wp-json\/wp\/v2\/media?parent=3320"}],"wp:term":[{"taxonomy":"category","embeddable":true,"href":"https:\/\/sindicatodosbancarios.org.br\/site2022\/wp-json\/wp\/v2\/categories?post=3320"},{"taxonomy":"post_tag","embeddable":true,"href":"https:\/\/sindicatodosbancarios.org.br\/site2022\/wp-json\/wp\/v2\/tags?post=3320"}],"curies":[{"name":"wp","href":"https:\/\/api.w.org\/{rel}","templated":true}]}}