{"id":3336,"date":"2020-01-24T16:22:58","date_gmt":"2020-01-24T19:22:58","guid":{"rendered":"https:\/\/sindicatodosbancarios.org.br\/?p=3336"},"modified":"2020-01-27T16:26:57","modified_gmt":"2020-01-27T19:26:57","slug":"informe-bancario-22-2020-confira-as-mudancas-que-a-aposentadoria-por-invalidez-sofreu-no-inss","status":"publish","type":"post","link":"https:\/\/sindicatodosbancarios.org.br\/site2022\/2020\/01\/24\/informe-bancario-22-2020-confira-as-mudancas-que-a-aposentadoria-por-invalidez-sofreu-no-inss\/","title":{"rendered":"INFORME BANC\u00c1RIO &#8211; 22 \/ 2020 &#8211; CONFIRA AS MUDAN\u00c7AS QUE A APOSENTADORIA POR INVALIDEZ SOFREU NO INSS"},"content":{"rendered":"<section class=\"social-sharing-top\"><\/section>\n<div id=\"post-info-wrap\" class=\"left relative\">\n<div class=\"post-info-out\">\n<div class=\"post-info-in\">\n<div class=\"post-info-right left relative\">\n<div class=\"post-info-name left relative\">\n<p>Confira as mudan\u00e7as que a Aposentadoria por Invalidez sofreu no INSS. A combina\u00e7\u00e3o da\u00a0reforma da Previd\u00eancia\u00a0com o\u00a0pente-fino\u00a0dos benef\u00edcios por incapacidade poder\u00e1 reduzir a renda mensal de aposentados por invalidez que, em caso de corte dos pagamentos, n\u00e3o conseguirem restabelecer o direito conforme a regra antiga.<\/p>\n<p>Esse risco existe\u00a0porque benef\u00edcios por invalidez concedidos ap\u00f3s a publica\u00e7\u00e3o da reforma da Previd\u00eancia\u00a0deixar\u00e3o de ser integrais quando n\u00e3o forem motivados por acidentes de trabalho ou doen\u00e7as relacionadas \u00e0 ocupa\u00e7\u00e3o.<\/p>\n<p><strong>Aux\u00edlio-Doen\u00e7a no INSS e Aposentadoria por invalidez com cancelamento<\/strong><\/p>\n<p>Em vez disso, a aposentadoria por incapacidade permanente \u2014esse ser\u00e1 o novo nome\u2014 ser\u00e1 de 60% da m\u00e9dia salarial para quem tiver at\u00e9 20 anos de contribui\u00e7\u00e3o. Cada ano de recolhimentos a mais acrescentar\u00e1 2% da m\u00e9dia salarial \u00e0 renda.<\/p>\n<p>A nova f\u00f3rmula, que pode diminuir em at\u00e9 40% o valor pago ao benefici\u00e1rio, ser\u00e1 aplicada aos casos em que a data de in\u00edcio da incapacidade for anterior \u00e0 de validade da reforma. Mas esse n\u00e3o ser\u00e1 o \u00fanico redutor.<\/p>\n<h3>VEJA O QUE PODE MUDAR COM O PENTE-FINO DE BOLSONARO NO INSS<\/h3>\n<p>Nas aposentadorias, passa a ser vetada a emiss\u00e3o de certid\u00e3o de tempo de contribui\u00e7\u00e3o para segurados individuais ou especiais nos casos em que n\u00e3o houver o devido pagamento previdenci\u00e1rio<\/p>\n<p>A nova legisla\u00e7\u00e3o previdenci\u00e1ria deixar\u00e1 de descartar as 20% menores contribui\u00e7\u00f5es realizadas pelo trabalhador no c\u00e1lculo da m\u00e9dia salarial, o que diminuir\u00e1 as aposentadorias de quem teve varia\u00e7\u00f5es salariais ao longo da vida.<\/p>\n<p>Trabalhadores incapacitados por doen\u00e7as com sintomas pouco aparentes ou que n\u00e3o se manifestem no momento da per\u00edcia t\u00eam grande chance de perder o benef\u00edcio com regras mais vantajosas ao serem reavaliados em um pente-fino, segundo a advogada Carolina Centeno de Souza.<\/p>\n<p>\u201cPodemos citar doen\u00e7as reum\u00e1ticas e autoimunes como exemplos. Esses pacientes correm o risco de serem enquadrados no c\u00e1lculo novo se perderem suas aposentadorias em uma revis\u00e3o\u201d, diz Carolina.<\/p>\n<p>Para evitar esse tipo de preju\u00edzo, os segurados devem tentar restabelecer a renda cancelada, em vez de pedir um novo benef\u00edcio, orienta o advogado \u00c1tila Abella, do site Previdenciarista.com. \u201cQuem tentar uma nova concess\u00e3o, no posto ou na Justi\u00e7a, ter\u00e1 o novo c\u00e1lculo.\u201d<\/p>\n<h3>RENDA POR INCAPACIDADE\u00a0| NOVO C\u00c1LCULO<\/h3>\n<p>A reforma da Previd\u00eancia muda a aposentadoria por invalidez, que ser\u00e1 chamada de aposentadoria por incapacidade permanente<\/p>\n<p><strong>O que \u00e9 aposentadoria por invalidez?<\/strong><\/p>\n<p>Pode ser concedida se o segurado est\u00e1 incapacitado para o trabalho<\/p>\n<p>A aposentadoria ocorre quando a incapacidade \u00e9 considerada irrevers\u00edvel<\/p>\n<p><strong>O que vai mudar?<\/strong><\/p>\n<p>A reforma da Previd\u00eancia modifica o c\u00e1lculo da aposentadoria por invalidez<\/p>\n<h3>\u00a0<strong>Como \u00e9?<\/strong><\/h3>\n<p>M\u00e9dia salarial: \u00e9 feita sobre os 80% maiores sal\u00e1rios do segurado desde julho de 1994<\/p>\n<p>Valor mensal: a renda mensal do aposentado \u00e9 integral (igual a 100% da m\u00e9dia salarial<\/p>\n<p><strong>Como fica?<\/strong><\/p>\n<p>M\u00e9dia salarial: calculada sobre todos os sal\u00e1rios desde 1994, sem descartar as 20% menores<\/p>\n<p>Valor mensal: ser\u00e1 de 60% da m\u00e9dia salarial para quem tiver at\u00e9 20 anos de contribui\u00e7\u00e3o. O valor aumenta em 2% da m\u00e9dia salarial para cada ano a mais de recolhimentos<\/p>\n<p><strong>Incapacidade por acidente de trabalho<\/strong><\/p>\n<p>A aposentadoria por incapacidade permanente ser\u00e1 integral se a incapacidade for causada por acidente ou doen\u00e7a provocados pelo trabalho<\/p>\n<h3>RISCO PARA QUEM ENTRAR NO PENTE-FINO<\/h3>\n<ul>\n<li>As novas regras da aposentadoria por invalidez podem afetar quem j\u00e1 recebe o benef\u00edcio<\/li>\n<li>O risco existe para trabalhadores que entrarem no pente-fino dos benef\u00edcios por incapacidade<\/li>\n<\/ul>\n<h3>RENDA MENOR<\/h3>\n<ul>\n<li>Aposentados por invalidez podem ter o benef\u00edcio cortado ap\u00f3s passar pelo pente-fino<\/li>\n<li>Se conseguir uma nova aposentadoria por incapacidade, o INSS aplicar\u00e1 o novo c\u00e1lculo<\/li>\n<li>Isso reduzir\u00e1 a renda dos benefici\u00e1rios com m\u00e9dia salarial acima do sal\u00e1rio m\u00ednimo<\/li>\n<\/ul>\n<p><strong>Exemplo:\u00a0<\/strong><\/p>\n<ul>\n<li>Um homem de 50 anos de idade tem 25 anos de contribui\u00e7\u00e3o ao INSS<\/li>\n<li>Ele tem cinco anos de contribui\u00e7\u00e3o sobre o piso e 20 anos sobre o teto do INSS<\/li>\n<li>Veja como ficaria a aposentadoria por invalidez com a mudan\u00e7a no c\u00e1lculo:<\/li>\n<\/ul>\n<p><strong>Regra atual<\/strong><\/p>\n<p>Com o benef\u00edcio integral calculado sobre 80% das maiores contribui\u00e7\u00f5es, a renda mensal \u00e9 de R$ 5.478<\/p>\n<p><strong>Com a reforma<\/strong><\/p>\n<p>Com o benef\u00edcio calculado em 70% da m\u00e9dia salarial feita sobre 100% das contribui\u00e7\u00f5es, a renda mensal cai para R$ 3.146,50*<\/p>\n<p><em><br \/>\n*C\u00e1lculos aplicados sobre m\u00e9dia salarial estimada pelo Ieprev para benef\u00edcios concedidos em setembro\u00a0<\/em><\/p>\n<h3>O QUE FAZER<\/h3>\n<ul>\n<li>A redu\u00e7\u00e3o da renda s\u00f3 ocorrer\u00e1 em caso de concess\u00e3o de um novo benef\u00edcio ap\u00f3s a reforma<\/li>\n<li>Se houver corte em uma revis\u00e3o, o segurado deve tentar restabelecer a aposentadoria antiga<\/li>\n<\/ul>\n<p><strong>\u00a0No INSS<\/strong><\/p>\n<p>O recurso contra o corte deve ser apresentado em at\u00e9 30 dias ap\u00f3s a comunica\u00e7\u00e3o<\/p>\n<p><strong>Na Justi\u00e7a<\/strong><\/p>\n<p>Ap\u00f3s fazer um pedido para o INSS e ter a solicita\u00e7\u00e3o negada, o segurado pode ir \u00e0 Justi\u00e7a<\/p>\n<p><strong>Provas<\/strong><\/p>\n<ul>\n<li>Para entrar nas regras antigas de c\u00e1lculo, o segurado deve provar que a incapacidade \u00e9 anterior \u00e0 reforma<\/li>\n<li>Isso dever\u00e1 ser feito por meio de exames e laudos m\u00e9dicos que atestem o in\u00edcio da invalidez para o trabalho<\/li>\n<\/ul>\n<p><strong>Pente-fino<\/strong><\/p>\n<ul>\n<li>O governo aprovou neste ano um novo pente-fino no INSS<\/li>\n<li>Peritos m\u00e9dicos v\u00e3o convocar benefici\u00e1rios para novos exames<\/li>\n<li>Quem for considerado capaz de trabalhar ter\u00e1 a renda cortada<\/li>\n<\/ul>\n<p><strong>Quem escapa<\/strong><\/p>\n<p>Leis impedem a convoca\u00e7\u00e3o para a per\u00edcia m\u00e9dica de segurados com os seguintes perfis:<\/p>\n<ul>\n<li>Recebe aposentadoria por invalidez h\u00e1 mais de 15 anos (contando com o aux\u00edlio-doen\u00e7a que a precedeu) e tamb\u00e9m tem 55 anos de idade ou mais<\/li>\n<li>\u00c9 aposentado por invalidez e possui idade igual ou superior a 60 anos.<\/li>\n<\/ul>\n<p><span style=\"font-size: 8pt;\">Fonte: Mixvale.com 23\/01\/2020.<\/span><\/p>\n<\/div>\n<\/div>\n<\/div>\n<\/div>\n<\/div>\n","protected":false},"excerpt":{"rendered":"<p>Confira as mudan\u00e7as que a Aposentadoria por Invalidez sofreu no INSS. A combina\u00e7\u00e3o da\u00a0reforma da Previd\u00eancia\u00a0com o\u00a0pente-fino\u00a0dos benef\u00edcios [&hellip;]<\/p>\n","protected":false},"author":2,"featured_media":3237,"comment_status":"open","ping_status":"open","sticky":false,"template":"","format":"standard","meta":{"jetpack_post_was_ever_published":false,"jetpack_publicize_message":"","jetpack_is_tweetstorm":false,"jetpack_publicize_feature_enabled":true,"jetpack_social_post_already_shared":true,"jetpack_social_options":[]},"categories":[1],"tags":[],"jetpack_publicize_connections":[],"acf":[],"yoast_head":"<!-- This site is optimized with the Yoast SEO plugin v19.14 - https:\/\/yoast.com\/wordpress\/plugins\/seo\/ -->\n<title>INFORME BANC\u00c1RIO - 22 \/ 2020 - CONFIRA AS MUDAN\u00c7AS QUE A APOSENTADORIA POR INVALIDEZ SOFREU NO INSS - Sindicato dos Banc\u00e1rios de S\u00e3o Bento do Sul e Regi\u00e3o<\/title>\n<meta name=\"robots\" content=\"index, follow, max-snippet:-1, max-image-preview:large, max-video-preview:-1\" \/>\n<link rel=\"canonical\" href=\"https:\/\/sindicatodosbancarios.org.br\/site2022\/2020\/01\/24\/informe-bancario-22-2020-confira-as-mudancas-que-a-aposentadoria-por-invalidez-sofreu-no-inss\/\" \/>\n<meta property=\"og:locale\" content=\"pt_BR\" \/>\n<meta property=\"og:type\" content=\"article\" \/>\n<meta property=\"og:title\" content=\"INFORME BANC\u00c1RIO - 22 \/ 2020 - CONFIRA AS MUDAN\u00c7AS QUE A APOSENTADORIA POR INVALIDEZ SOFREU NO INSS - Sindicato dos Banc\u00e1rios de S\u00e3o Bento do Sul e Regi\u00e3o\" \/>\n<meta property=\"og:description\" content=\"Confira as mudan\u00e7as que a Aposentadoria por Invalidez sofreu no INSS. A combina\u00e7\u00e3o da\u00a0reforma da Previd\u00eancia\u00a0com o\u00a0pente-fino\u00a0dos benef\u00edcios [&hellip;]\" \/>\n<meta property=\"og:url\" content=\"https:\/\/sindicatodosbancarios.org.br\/site2022\/2020\/01\/24\/informe-bancario-22-2020-confira-as-mudancas-que-a-aposentadoria-por-invalidez-sofreu-no-inss\/\" \/>\n<meta property=\"og:site_name\" content=\"Sindicato dos Banc\u00e1rios de S\u00e3o Bento do Sul e Regi\u00e3o\" \/>\n<meta property=\"article:author\" content=\"https:\/\/www.facebook.com\/seeb.sbs.9\" \/>\n<meta property=\"article:published_time\" content=\"2020-01-24T19:22:58+00:00\" \/>\n<meta property=\"article:modified_time\" content=\"2020-01-27T19:26:57+00:00\" \/>\n<meta property=\"og:image\" content=\"https:\/\/sindicatodosbancarios.org.br\/site2022\/wp-content\/uploads\/2019\/12\/previdencia-social.jpg\" \/>\n\t<meta property=\"og:image:width\" content=\"288\" \/>\n\t<meta property=\"og:image:height\" content=\"175\" \/>\n\t<meta property=\"og:image:type\" content=\"image\/jpeg\" \/>\n<meta name=\"author\" content=\"Sindicato dos Banc\u00e1rios S\u00e3o Bento do Sul e Regi\u00e3o\" \/>\n<meta name=\"twitter:card\" content=\"summary_large_image\" \/>\n<meta name=\"twitter:label1\" content=\"Escrito por\" \/>\n\t<meta name=\"twitter:data1\" content=\"Sindicato dos Banc\u00e1rios S\u00e3o Bento do Sul e Regi\u00e3o\" \/>\n\t<meta name=\"twitter:label2\" content=\"Est. tempo de leitura\" \/>\n\t<meta name=\"twitter:data2\" content=\"5 minutos\" \/>\n<script type=\"application\/ld+json\" class=\"yoast-schema-graph\">{\"@context\":\"https:\/\/schema.org\",\"@graph\":[{\"@type\":\"Article\",\"@id\":\"https:\/\/sindicatodosbancarios.org.br\/site2022\/2020\/01\/24\/informe-bancario-22-2020-confira-as-mudancas-que-a-aposentadoria-por-invalidez-sofreu-no-inss\/#article\",\"isPartOf\":{\"@id\":\"https:\/\/sindicatodosbancarios.org.br\/site2022\/2020\/01\/24\/informe-bancario-22-2020-confira-as-mudancas-que-a-aposentadoria-por-invalidez-sofreu-no-inss\/\"},\"author\":{\"name\":\"Sindicato dos Banc\u00e1rios S\u00e3o Bento do Sul e Regi\u00e3o\",\"@id\":\"https:\/\/sindicatodosbancarios.org.br\/site2022\/#\/schema\/person\/a7d92da77d1084df4d28b57962f1e1bd\"},\"headline\":\"INFORME BANC\u00c1RIO &#8211; 22 \/ 2020 &#8211; CONFIRA AS MUDAN\u00c7AS QUE A APOSENTADORIA POR INVALIDEZ SOFREU NO INSS\",\"datePublished\":\"2020-01-24T19:22:58+00:00\",\"dateModified\":\"2020-01-27T19:26:57+00:00\",\"mainEntityOfPage\":{\"@id\":\"https:\/\/sindicatodosbancarios.org.br\/site2022\/2020\/01\/24\/informe-bancario-22-2020-confira-as-mudancas-que-a-aposentadoria-por-invalidez-sofreu-no-inss\/\"},\"wordCount\":976,\"commentCount\":0,\"publisher\":{\"@id\":\"https:\/\/sindicatodosbancarios.org.br\/site2022\/#organization\"},\"articleSection\":[\"Geral\"],\"inLanguage\":\"pt-BR\",\"potentialAction\":[{\"@type\":\"CommentAction\",\"name\":\"Comment\",\"target\":[\"https:\/\/sindicatodosbancarios.org.br\/site2022\/2020\/01\/24\/informe-bancario-22-2020-confira-as-mudancas-que-a-aposentadoria-por-invalidez-sofreu-no-inss\/#respond\"]}]},{\"@type\":\"WebPage\",\"@id\":\"https:\/\/sindicatodosbancarios.org.br\/site2022\/2020\/01\/24\/informe-bancario-22-2020-confira-as-mudancas-que-a-aposentadoria-por-invalidez-sofreu-no-inss\/\",\"url\":\"https:\/\/sindicatodosbancarios.org.br\/site2022\/2020\/01\/24\/informe-bancario-22-2020-confira-as-mudancas-que-a-aposentadoria-por-invalidez-sofreu-no-inss\/\",\"name\":\"INFORME BANC\u00c1RIO - 22 \/ 2020 - CONFIRA AS MUDAN\u00c7AS QUE A APOSENTADORIA POR INVALIDEZ SOFREU NO INSS - Sindicato dos Banc\u00e1rios de S\u00e3o Bento do Sul e Regi\u00e3o\",\"isPartOf\":{\"@id\":\"https:\/\/sindicatodosbancarios.org.br\/site2022\/#website\"},\"datePublished\":\"2020-01-24T19:22:58+00:00\",\"dateModified\":\"2020-01-27T19:26:57+00:00\",\"breadcrumb\":{\"@id\":\"https:\/\/sindicatodosbancarios.org.br\/site2022\/2020\/01\/24\/informe-bancario-22-2020-confira-as-mudancas-que-a-aposentadoria-por-invalidez-sofreu-no-inss\/#breadcrumb\"},\"inLanguage\":\"pt-BR\",\"potentialAction\":[{\"@type\":\"ReadAction\",\"target\":[\"https:\/\/sindicatodosbancarios.org.br\/site2022\/2020\/01\/24\/informe-bancario-22-2020-confira-as-mudancas-que-a-aposentadoria-por-invalidez-sofreu-no-inss\/\"]}]},{\"@type\":\"BreadcrumbList\",\"@id\":\"https:\/\/sindicatodosbancarios.org.br\/site2022\/2020\/01\/24\/informe-bancario-22-2020-confira-as-mudancas-que-a-aposentadoria-por-invalidez-sofreu-no-inss\/#breadcrumb\",\"itemListElement\":[{\"@type\":\"ListItem\",\"position\":1,\"name\":\"In\u00edcio\",\"item\":\"https:\/\/sindicatodosbancarios.org.br\/site2022\/\"},{\"@type\":\"ListItem\",\"position\":2,\"name\":\"INFORME BANC\u00c1RIO &#8211; 22 \/ 2020 &#8211; CONFIRA AS MUDAN\u00c7AS QUE A APOSENTADORIA POR INVALIDEZ SOFREU NO INSS\"}]},{\"@type\":\"WebSite\",\"@id\":\"https:\/\/sindicatodosbancarios.org.br\/site2022\/#website\",\"url\":\"https:\/\/sindicatodosbancarios.org.br\/site2022\/\",\"name\":\"Sindicato dos Banc\u00e1rios de S\u00e3o Bento do Sul e Regi\u00e3o\",\"description\":\"Website institucional do Sindicato dos Banc\u00e1rios de S\u00e3o Bento do Sul e Regi\u00e3o\",\"publisher\":{\"@id\":\"https:\/\/sindicatodosbancarios.org.br\/site2022\/#organization\"},\"potentialAction\":[{\"@type\":\"SearchAction\",\"target\":{\"@type\":\"EntryPoint\",\"urlTemplate\":\"https:\/\/sindicatodosbancarios.org.br\/site2022\/?s={search_term_string}\"},\"query-input\":\"required name=search_term_string\"}],\"inLanguage\":\"pt-BR\"},{\"@type\":\"Organization\",\"@id\":\"https:\/\/sindicatodosbancarios.org.br\/site2022\/#organization\",\"name\":\"Sindicato dos Banc\u00e1rios de S\u00e3o Bento do Sul e Regi\u00e3o\",\"url\":\"https:\/\/sindicatodosbancarios.org.br\/site2022\/\",\"logo\":{\"@type\":\"ImageObject\",\"inLanguage\":\"pt-BR\",\"@id\":\"https:\/\/sindicatodosbancarios.org.br\/site2022\/#\/schema\/logo\/image\/\",\"url\":\"https:\/\/sindicatodosbancarios.org.br\/site2022\/wp-content\/uploads\/2017\/06\/cropped-logo-2.png\",\"contentUrl\":\"https:\/\/sindicatodosbancarios.org.br\/site2022\/wp-content\/uploads\/2017\/06\/cropped-logo-2.png\",\"width\":292,\"height\":292,\"caption\":\"Sindicato dos Banc\u00e1rios de S\u00e3o Bento do Sul e Regi\u00e3o\"},\"image\":{\"@id\":\"https:\/\/sindicatodosbancarios.org.br\/site2022\/#\/schema\/logo\/image\/\"}},{\"@type\":\"Person\",\"@id\":\"https:\/\/sindicatodosbancarios.org.br\/site2022\/#\/schema\/person\/a7d92da77d1084df4d28b57962f1e1bd\",\"name\":\"Sindicato dos Banc\u00e1rios S\u00e3o Bento do Sul e Regi\u00e3o\",\"image\":{\"@type\":\"ImageObject\",\"inLanguage\":\"pt-BR\",\"@id\":\"https:\/\/sindicatodosbancarios.org.br\/site2022\/#\/schema\/person\/image\/\",\"url\":\"https:\/\/secure.gravatar.com\/avatar\/f1d1a06f698f2345352e539387180d42?s=96&d=mm&r=g\",\"contentUrl\":\"https:\/\/secure.gravatar.com\/avatar\/f1d1a06f698f2345352e539387180d42?s=96&d=mm&r=g\",\"caption\":\"Sindicato dos Banc\u00e1rios S\u00e3o Bento do Sul e Regi\u00e3o\"},\"sameAs\":[\"http:\/\/sindicatodosbancarios.org.br\/site2022\/\",\"https:\/\/www.facebook.com\/seeb.sbs.9\"],\"url\":\"https:\/\/sindicatodosbancarios.org.br\/site2022\/author\/sindicatodosbancarios\/\"}]}<\/script>\n<!-- \/ Yoast SEO plugin. -->","yoast_head_json":{"title":"INFORME BANC\u00c1RIO - 22 \/ 2020 - CONFIRA AS MUDAN\u00c7AS QUE A APOSENTADORIA POR INVALIDEZ SOFREU NO INSS - Sindicato dos Banc\u00e1rios de S\u00e3o Bento do Sul e Regi\u00e3o","robots":{"index":"index","follow":"follow","max-snippet":"max-snippet:-1","max-image-preview":"max-image-preview:large","max-video-preview":"max-video-preview:-1"},"canonical":"https:\/\/sindicatodosbancarios.org.br\/site2022\/2020\/01\/24\/informe-bancario-22-2020-confira-as-mudancas-que-a-aposentadoria-por-invalidez-sofreu-no-inss\/","og_locale":"pt_BR","og_type":"article","og_title":"INFORME BANC\u00c1RIO - 22 \/ 2020 - CONFIRA AS MUDAN\u00c7AS QUE A APOSENTADORIA POR INVALIDEZ SOFREU NO INSS - Sindicato dos Banc\u00e1rios de S\u00e3o Bento do Sul e Regi\u00e3o","og_description":"Confira as mudan\u00e7as que a Aposentadoria por Invalidez sofreu no INSS. A combina\u00e7\u00e3o da\u00a0reforma da Previd\u00eancia\u00a0com o\u00a0pente-fino\u00a0dos benef\u00edcios [&hellip;]","og_url":"https:\/\/sindicatodosbancarios.org.br\/site2022\/2020\/01\/24\/informe-bancario-22-2020-confira-as-mudancas-que-a-aposentadoria-por-invalidez-sofreu-no-inss\/","og_site_name":"Sindicato dos Banc\u00e1rios de S\u00e3o Bento do Sul e Regi\u00e3o","article_author":"https:\/\/www.facebook.com\/seeb.sbs.9","article_published_time":"2020-01-24T19:22:58+00:00","article_modified_time":"2020-01-27T19:26:57+00:00","og_image":[{"width":288,"height":175,"url":"https:\/\/sindicatodosbancarios.org.br\/site2022\/wp-content\/uploads\/2019\/12\/previdencia-social.jpg","type":"image\/jpeg"}],"author":"Sindicato dos Banc\u00e1rios S\u00e3o Bento do Sul e Regi\u00e3o","twitter_card":"summary_large_image","twitter_misc":{"Escrito por":"Sindicato dos Banc\u00e1rios S\u00e3o Bento do Sul e Regi\u00e3o","Est. tempo de leitura":"5 minutos"},"schema":{"@context":"https:\/\/schema.org","@graph":[{"@type":"Article","@id":"https:\/\/sindicatodosbancarios.org.br\/site2022\/2020\/01\/24\/informe-bancario-22-2020-confira-as-mudancas-que-a-aposentadoria-por-invalidez-sofreu-no-inss\/#article","isPartOf":{"@id":"https:\/\/sindicatodosbancarios.org.br\/site2022\/2020\/01\/24\/informe-bancario-22-2020-confira-as-mudancas-que-a-aposentadoria-por-invalidez-sofreu-no-inss\/"},"author":{"name":"Sindicato dos Banc\u00e1rios S\u00e3o Bento do Sul e Regi\u00e3o","@id":"https:\/\/sindicatodosbancarios.org.br\/site2022\/#\/schema\/person\/a7d92da77d1084df4d28b57962f1e1bd"},"headline":"INFORME BANC\u00c1RIO &#8211; 22 \/ 2020 &#8211; CONFIRA AS MUDAN\u00c7AS QUE A APOSENTADORIA POR INVALIDEZ SOFREU NO INSS","datePublished":"2020-01-24T19:22:58+00:00","dateModified":"2020-01-27T19:26:57+00:00","mainEntityOfPage":{"@id":"https:\/\/sindicatodosbancarios.org.br\/site2022\/2020\/01\/24\/informe-bancario-22-2020-confira-as-mudancas-que-a-aposentadoria-por-invalidez-sofreu-no-inss\/"},"wordCount":976,"commentCount":0,"publisher":{"@id":"https:\/\/sindicatodosbancarios.org.br\/site2022\/#organization"},"articleSection":["Geral"],"inLanguage":"pt-BR","potentialAction":[{"@type":"CommentAction","name":"Comment","target":["https:\/\/sindicatodosbancarios.org.br\/site2022\/2020\/01\/24\/informe-bancario-22-2020-confira-as-mudancas-que-a-aposentadoria-por-invalidez-sofreu-no-inss\/#respond"]}]},{"@type":"WebPage","@id":"https:\/\/sindicatodosbancarios.org.br\/site2022\/2020\/01\/24\/informe-bancario-22-2020-confira-as-mudancas-que-a-aposentadoria-por-invalidez-sofreu-no-inss\/","url":"https:\/\/sindicatodosbancarios.org.br\/site2022\/2020\/01\/24\/informe-bancario-22-2020-confira-as-mudancas-que-a-aposentadoria-por-invalidez-sofreu-no-inss\/","name":"INFORME BANC\u00c1RIO - 22 \/ 2020 - CONFIRA AS MUDAN\u00c7AS QUE A APOSENTADORIA POR INVALIDEZ SOFREU NO INSS - Sindicato dos Banc\u00e1rios de S\u00e3o Bento do Sul e Regi\u00e3o","isPartOf":{"@id":"https:\/\/sindicatodosbancarios.org.br\/site2022\/#website"},"datePublished":"2020-01-24T19:22:58+00:00","dateModified":"2020-01-27T19:26:57+00:00","breadcrumb":{"@id":"https:\/\/sindicatodosbancarios.org.br\/site2022\/2020\/01\/24\/informe-bancario-22-2020-confira-as-mudancas-que-a-aposentadoria-por-invalidez-sofreu-no-inss\/#breadcrumb"},"inLanguage":"pt-BR","potentialAction":[{"@type":"ReadAction","target":["https:\/\/sindicatodosbancarios.org.br\/site2022\/2020\/01\/24\/informe-bancario-22-2020-confira-as-mudancas-que-a-aposentadoria-por-invalidez-sofreu-no-inss\/"]}]},{"@type":"BreadcrumbList","@id":"https:\/\/sindicatodosbancarios.org.br\/site2022\/2020\/01\/24\/informe-bancario-22-2020-confira-as-mudancas-que-a-aposentadoria-por-invalidez-sofreu-no-inss\/#breadcrumb","itemListElement":[{"@type":"ListItem","position":1,"name":"In\u00edcio","item":"https:\/\/sindicatodosbancarios.org.br\/site2022\/"},{"@type":"ListItem","position":2,"name":"INFORME BANC\u00c1RIO &#8211; 22 \/ 2020 &#8211; CONFIRA AS MUDAN\u00c7AS QUE A APOSENTADORIA POR INVALIDEZ SOFREU NO INSS"}]},{"@type":"WebSite","@id":"https:\/\/sindicatodosbancarios.org.br\/site2022\/#website","url":"https:\/\/sindicatodosbancarios.org.br\/site2022\/","name":"Sindicato dos Banc\u00e1rios de S\u00e3o Bento do Sul e Regi\u00e3o","description":"Website institucional do Sindicato dos Banc\u00e1rios de S\u00e3o Bento do Sul e Regi\u00e3o","publisher":{"@id":"https:\/\/sindicatodosbancarios.org.br\/site2022\/#organization"},"potentialAction":[{"@type":"SearchAction","target":{"@type":"EntryPoint","urlTemplate":"https:\/\/sindicatodosbancarios.org.br\/site2022\/?s={search_term_string}"},"query-input":"required name=search_term_string"}],"inLanguage":"pt-BR"},{"@type":"Organization","@id":"https:\/\/sindicatodosbancarios.org.br\/site2022\/#organization","name":"Sindicato dos Banc\u00e1rios de S\u00e3o Bento do Sul e Regi\u00e3o","url":"https:\/\/sindicatodosbancarios.org.br\/site2022\/","logo":{"@type":"ImageObject","inLanguage":"pt-BR","@id":"https:\/\/sindicatodosbancarios.org.br\/site2022\/#\/schema\/logo\/image\/","url":"https:\/\/sindicatodosbancarios.org.br\/site2022\/wp-content\/uploads\/2017\/06\/cropped-logo-2.png","contentUrl":"https:\/\/sindicatodosbancarios.org.br\/site2022\/wp-content\/uploads\/2017\/06\/cropped-logo-2.png","width":292,"height":292,"caption":"Sindicato dos Banc\u00e1rios de S\u00e3o Bento do Sul e Regi\u00e3o"},"image":{"@id":"https:\/\/sindicatodosbancarios.org.br\/site2022\/#\/schema\/logo\/image\/"}},{"@type":"Person","@id":"https:\/\/sindicatodosbancarios.org.br\/site2022\/#\/schema\/person\/a7d92da77d1084df4d28b57962f1e1bd","name":"Sindicato dos Banc\u00e1rios S\u00e3o Bento do Sul e Regi\u00e3o","image":{"@type":"ImageObject","inLanguage":"pt-BR","@id":"https:\/\/sindicatodosbancarios.org.br\/site2022\/#\/schema\/person\/image\/","url":"https:\/\/secure.gravatar.com\/avatar\/f1d1a06f698f2345352e539387180d42?s=96&d=mm&r=g","contentUrl":"https:\/\/secure.gravatar.com\/avatar\/f1d1a06f698f2345352e539387180d42?s=96&d=mm&r=g","caption":"Sindicato dos Banc\u00e1rios S\u00e3o Bento do Sul e Regi\u00e3o"},"sameAs":["http:\/\/sindicatodosbancarios.org.br\/site2022\/","https:\/\/www.facebook.com\/seeb.sbs.9"],"url":"https:\/\/sindicatodosbancarios.org.br\/site2022\/author\/sindicatodosbancarios\/"}]}},"jetpack_featured_media_url":"https:\/\/sindicatodosbancarios.org.br\/site2022\/wp-content\/uploads\/2019\/12\/previdencia-social.jpg","jetpack_sharing_enabled":true,"jetpack_shortlink":"https:\/\/wp.me\/p8RSbI-RO","jetpack-related-posts":[{"id":4488,"url":"https:\/\/sindicatodosbancarios.org.br\/site2022\/2020\/09\/14\/informe-bancario-346-2020-conheca-nova-aposentadoria-por-invalidez-e-novo-auxilio-doenca-do-inss\/","url_meta":{"origin":3336,"position":0},"title":"INFORME BANC\u00c1RIO \u2013 346\/2020 Conhe\u00e7a nova aposentadoria por invalidez e novo aux\u00edlio-doen\u00e7a do INSS","date":"14 de setembro de 2020","format":false,"excerpt":"Aposentadoria por invalidez e aux\u00edlio-doen\u00e7a do INSS passaram por algumas mudan\u00e7as, desde a reforma da previd\u00eancia. Confira! Com a\u00a0Reforma da Previd\u00eancia, v\u00e1rias modifica\u00e7\u00f5es foram realizadas. Isso inclui a aposentadoria por invalidez, que deu espa\u00e7o para a aposentadoria por incapacidade permanente, e o aux\u00edlio-doen\u00e7a, adora denominado como\u00a0aux\u00edlio por incapacidade tempor\u00e1ria. Desde\u2026","rel":"","context":"Em &quot;Geral&quot;","img":{"alt_text":"","src":"","width":0,"height":0},"classes":[]},{"id":4311,"url":"https:\/\/sindicatodosbancarios.org.br\/site2022\/2020\/08\/20\/informe-bancario-306-2020-novas-regras-do-auxilio-doenca-entenda-o-que-mudou-apos-a-reforma-da-previdencia\/","url_meta":{"origin":3336,"position":1},"title":"INFORME BANC\u00c1RIO \u2013 306\/2020 Novas regras do aux\u00edlio-doen\u00e7a: Entenda o que mudou ap\u00f3s a Reforma da Previd\u00eancia","date":"20 de agosto de 2020","format":false,"excerpt":"Regras para ter direito ao aux\u00edlio-doen\u00e7a e aposentadoria por invalidez ficaram mais duras ap\u00f3s a reforma. Entenda como \u00e9 feito o c\u00e1lculo em cada modalidade. Muitos segurados do\u00a0Instituto Nacional do Seguro Social (INSS) ainda t\u00eam d\u00favidas sobre as novas regras da\u00a0aposentadoria, que entraram em vigor ap\u00f3s a Reforma da Previd\u00eancia\u2026","rel":"","context":"Em &quot;Geral&quot;","img":{"alt_text":"","src":"https:\/\/i0.wp.com\/sindicatodosbancarios.org.br\/site2022\/wp-content\/uploads\/2020\/08\/pedido-auxilio-doenca.jpg?resize=350%2C200&ssl=1","width":350,"height":200},"classes":[]},{"id":5665,"url":"https:\/\/sindicatodosbancarios.org.br\/site2022\/2021\/09\/02\/informe-bancario-207-2021-concessao-de-aposentadoria-por-invalidez-desaba-apos-reforma-da-previdencia\/","url_meta":{"origin":3336,"position":2},"title":"INFORME BANC\u00c1RIO \u2013 207\/2021 Concess\u00e3o de aposentadoria por invalidez desaba ap\u00f3s reforma da Previd\u00eancia","date":"2 de setembro de 2021","format":false,"excerpt":"Com a mudan\u00e7a, em vigor desde o fim de 2019, governo dificultou que algumas doen\u00e7as sejam consideradas v\u00e1lidas para a concess\u00e3o. A aposentadoria por incapacidade permanente, tamb\u00e9m conhecida como\u00a0aposentadoria por invalidez, \u00e9 uma modalidade garantida a segurados do Instituto Nacional do Seguro Social (INSS) que estejam incapacitados de forma definitiva\u2026","rel":"","context":"Em &quot;Geral&quot;","img":{"alt_text":"","src":"https:\/\/i0.wp.com\/sindicatodosbancarios.org.br\/site2022\/wp-content\/uploads\/2021\/09\/mudancas-aposentadoria.jpg?resize=350%2C200&ssl=1","width":350,"height":200},"classes":[]},{"id":4599,"url":"https:\/\/sindicatodosbancarios.org.br\/site2022\/2020\/10\/05\/informe-bancario-377-2020-as-doencas-que-dao-direito-a-aposentadoria-do-inss\/","url_meta":{"origin":3336,"position":3},"title":"INFORME BANC\u00c1RIO \u2013 377\/2020 As doen\u00e7as que d\u00e3o direito a Aposentadoria do INSS","date":"5 de outubro de 2020","format":false,"excerpt":"Normalmente para ter direito ao Aux\u00edlio-doen\u00e7a ou aposentadoria por invalidez s\u00e3o necess\u00e1rios 2 requisitos, s\u00e3o eles: Qualidade de segurado Car\u00eancia A\u00a0Qualidade de segurado\u00a0\u00e9 a condi\u00e7\u00e3o atribu\u00edda a todo cidad\u00e3o filiado ao INSS que possua uma inscri\u00e7\u00e3o e fa\u00e7a pagamentos mensais a t\u00edtulo de Previd\u00eancia Social. J\u00e1 a car\u00eancia \u00e9 a\u2026","rel":"","context":"Em &quot;Geral&quot;","img":{"alt_text":"","src":"https:\/\/i0.wp.com\/sindicatodosbancarios.org.br\/site2022\/wp-content\/uploads\/2020\/10\/os-direitos-assegurados-aos-portadores-de-defici\u00eancia-e-de-doen\u00e7as-graves-710x372-696x365.jpg?resize=350%2C200&ssl=1","width":350,"height":200},"classes":[]},{"id":4667,"url":"https:\/\/sindicatodosbancarios.org.br\/site2022\/2020\/10\/22\/informe-bancario-398-2020-inss-saiba-quem-tem-direito-ao-aumento-de-25-na-aposentadoria\/","url_meta":{"origin":3336,"position":4},"title":"INFORME BANC\u00c1RIO \u2013 398\/2020 INSS: Saiba quem tem direito ao aumento de 25% na aposentadoria","date":"22 de outubro de 2020","format":false,"excerpt":"Adicional \u00e9 destinado aos aposentados por invalidez ou com incapacidade permanente. O intuito \u00e9 complementar a renda dos segurados que dependem de terceiros. O\u00a0Instituto Nacional do Seguro Social\u00a0(INSS)\u00a0confirmou um\u00a0aumento de 25%\u00a0no valor da aposentadoria de alguns benefici\u00e1rios.\u00a0Trata-se do\u00a0aux\u00edlio-acompanhante, pago apenas aos aposentados por invalidez ou com incapacidade permanente. O valor\u2026","rel":"","context":"Em &quot;Geral&quot;","img":{"alt_text":"","src":"https:\/\/i0.wp.com\/sindicatodosbancarios.org.br\/site2022\/wp-content\/uploads\/2020\/06\/n_42647_16228b5e1674c79bce66f686777a9b59.1.jpg?resize=350%2C200&ssl=1","width":350,"height":200},"classes":[]},{"id":5171,"url":"https:\/\/sindicatodosbancarios.org.br\/site2022\/2021\/02\/17\/informe-bancarios-58-2021-15-doencas-que-dao-direito-ao-auxilio-doenca-e-aposentadoria-em-2021\/","url_meta":{"origin":3336,"position":5},"title":"INFORME BANC\u00c1RIOS \u2013 58\/2021 15 doen\u00e7as que d\u00e3o direito ao aux\u00edlio-doen\u00e7a e aposentadoria em 2021","date":"17 de fevereiro de 2021","format":false,"excerpt":"O Aux\u00edlio-Doen\u00e7a \u00e9 destinado ao trabalhador que est\u00e1 incapacitado temporariamente e seja segurado do INSS (Instituto Nacional do Seguro Social). A aposentadoria por invalidez \u00e9 destinado para aqueles que se encontram permanentemente incapaz de exercer qualquer atividade em seu local de trabalho e n\u00e3o consiga tamb\u00e9m exercer outra profiss\u00e3o. Conhe\u00e7a\u2026","rel":"","context":"Em &quot;Geral&quot;","img":{"alt_text":"","src":"https:\/\/i0.wp.com\/sindicatodosbancarios.org.br\/site2022\/wp-content\/uploads\/2021\/02\/unnamed-2.jpg?resize=350%2C200&ssl=1","width":350,"height":200},"classes":[]}],"_links":{"self":[{"href":"https:\/\/sindicatodosbancarios.org.br\/site2022\/wp-json\/wp\/v2\/posts\/3336"}],"collection":[{"href":"https:\/\/sindicatodosbancarios.org.br\/site2022\/wp-json\/wp\/v2\/posts"}],"about":[{"href":"https:\/\/sindicatodosbancarios.org.br\/site2022\/wp-json\/wp\/v2\/types\/post"}],"author":[{"embeddable":true,"href":"https:\/\/sindicatodosbancarios.org.br\/site2022\/wp-json\/wp\/v2\/users\/2"}],"replies":[{"embeddable":true,"href":"https:\/\/sindicatodosbancarios.org.br\/site2022\/wp-json\/wp\/v2\/comments?post=3336"}],"version-history":[{"count":1,"href":"https:\/\/sindicatodosbancarios.org.br\/site2022\/wp-json\/wp\/v2\/posts\/3336\/revisions"}],"predecessor-version":[{"id":3337,"href":"https:\/\/sindicatodosbancarios.org.br\/site2022\/wp-json\/wp\/v2\/posts\/3336\/revisions\/3337"}],"wp:featuredmedia":[{"embeddable":true,"href":"https:\/\/sindicatodosbancarios.org.br\/site2022\/wp-json\/wp\/v2\/media\/3237"}],"wp:attachment":[{"href":"https:\/\/sindicatodosbancarios.org.br\/site2022\/wp-json\/wp\/v2\/media?parent=3336"}],"wp:term":[{"taxonomy":"category","embeddable":true,"href":"https:\/\/sindicatodosbancarios.org.br\/site2022\/wp-json\/wp\/v2\/categories?post=3336"},{"taxonomy":"post_tag","embeddable":true,"href":"https:\/\/sindicatodosbancarios.org.br\/site2022\/wp-json\/wp\/v2\/tags?post=3336"}],"curies":[{"name":"wp","href":"https:\/\/api.w.org\/{rel}","templated":true}]}}